{"id":5949,"date":"2024-05-17T10:50:19","date_gmt":"2024-05-17T09:50:19","guid":{"rendered":"https:\/\/bruxelles-pantheres.be\/?p=5949"},"modified":"2024-05-17T10:51:09","modified_gmt":"2024-05-17T09:51:09","slug":"mouvement-etudiant-de-soutien-aux-palestiniens","status":"publish","type":"post","link":"https:\/\/bruxelles-pantheres.be\/?p=5949","title":{"rendered":"Mouvement \u00e9tudiant de soutien aux Palestiniens"},"content":{"rendered":"<header class=\"grimlock--single-header grimlock--page-header entry-header\">\n<h4 class=\"single-title page-title entry-title\" style=\"text-align: center;\">Le mouvement \u00e9tudiant pour la Palestine s\u2019\u00e9tend d\u00e9sormais partout, inspirant la r\u00e9sistance \u00e0 la barbarie de nos temps\u2026<\/h4>\n<div class=\"entry-meta\"><span class=\"byline author\"><span class=\"byline-label\">par <\/span>\u00a0<span class=\"author-vcard vcard\">Yorgos Mitralias<\/span><\/span><\/div>\n<\/header>\n<div class=\"grimlock--single-content grimlock--page-content entry-content\">\n<p>Alors que le mouvement \u00e9tudiant de solidarit\u00e9 avec les Palestiniens et de d\u00e9nonciation de leur g\u00e9nocide par Isra\u00ebl s\u2019intensifie aux \u00c9tats-Unis et s\u2019\u00e9tend maintenant \u00e0 toute la plan\u00e8te, il y a des indices croissants qu\u2019il arrive \u00e0 influencer les rapports des forces centraux tandis qu\u2019il est en train d\u2019\u00eatre reconnu comme un facteur majeur des d\u00e9veloppements internationaux d\u2019importance d\u00e9cisive ! Ainsi, la \u00ab soudaine \u00bb prise des distances de Washington \u00e0 l\u2019\u00e9gard du gouvernement Netanyahou qui a suivi (ou peut-\u00eatre\u2026 pr\u00e9c\u00e9d\u00e9) l\u2019acceptation par le Hamas du plan de paix du Qatar et de l\u2019\u00c9gypte, est principalement attribu\u00e9e \u00e0 la pression asphyxiante exerc\u00e9e sur le pr\u00e9sident Biden et l\u2019establishment de la superpuissance mondiale par le mouvement de solidarit\u00e9 au peuple palestinien des \u00e9tudiants am\u00e9ricains.<\/p>\n<\/div>\n<p><!--more--><\/p>\n<div class=\"grimlock--single-content grimlock--page-content entry-content\">\n<div class=\"post_author_box\">\n<p><img decoding=\"async\" class=\"aligncenter\" src=\"https:\/\/pour.press\/wp-content\/uploads\/2024\/05\/gaza-mitralias3.jpg\" \/><\/p>\n<p>Ce n\u2019est donc pas un hasard si Marwan Bishara lui-m\u00eame, le commentateur en chef d\u2019Al Jazeera (que Netanyahu vient d\u2019interdire en Isra\u00ebl), attribue l\u2019acc\u00e9l\u00e9ration soudaine des d\u00e9veloppements politiques au Moyen-Orient et aux \u00c9tats-Unis au mouvement \u00e9tudiant qui fait tache d\u2019huile dans les universit\u00e9s am\u00e9ricaines.\u00a0<a href=\"https:\/\/www.youtube.com\/watch?v=wfX0aUvJhpI\" target=\"_blank\" rel=\"noopener\">Un mouvement qu\u2019il qualifie, avec une insistance \u00e9loquente, de \u201cfacteur majeur\u201d<\/a>\u00a0dans la succession des \u00e9v\u00e9nements qui ont conduit le journal isra\u00e9lien Haaretz \u00e0 titrer en premi\u00e8re page que\u00a0<em>\u201cLe Hamas a pi\u00e9g\u00e9e Netanyahou\u201d.<\/em>..<\/p>\n<p>Certes, ce mouvement, qui s\u2019est \u00e9tendu \u00e0 plus de 120 universit\u00e9s et coll\u00e8ges am\u00e9ricains, a comme toute premi\u00e8re priorit\u00e9 le soutien au peuple palestinien. Cependant, il constitue aussi d\u2019ores et d\u00e9j\u00e0 \u2013 de l\u2019avis commun \u2013 un facteur majeur des d\u00e9veloppements cataclysmiques qui vont suivre les \u00e9lections pr\u00e9sidentielles de novembre prochain, et cela quel que soit leur vainqueur. Plus concr\u00e8tement,<em><strong>\u00a0l\u2019\u00e9mergence du mouvement de masse des jeunes en tant que troisi\u00e8me force ind\u00e9pendante, combatif et radicale face aux deux grands partis traditionnels \u00e9tats-uniens est en train de remodeler la carte politique et sociale des \u00c9tats-Unis,<\/strong><\/em>\u00a0renfor\u00e7ant la gauche, les syndicats ouvriers, les mouvements sociaux et les autres forces d\u00e9j\u00e0 existantes dans leur conflit civil avec le trumpisme fascisant et ses milices qui se profile \u00e0 l\u2019horizon. Un conflit civil au c\u0153ur m\u00eame du capitalisme mondial, de l\u2019issue duquel d\u00e9pendra en grande partie l\u2019avenir voire le sort du reste de l\u2019humanit\u00e9\u2026<\/p>\n<p>Entre-temps, la prolif\u00e9ration de ce mouvement des jeunes am\u00e9ricains dans au moins 40 pays (\u00e0 l\u2019heure o\u00f9 nous \u00e9crivons ces lignes), constitue un \u00e9v\u00e9nement d\u2019une ampleur historique qui manifestement inqui\u00e8te et m\u00eame terrifie les poss\u00e9dants et leurs chancelleries. La preuve en est que presque partout, des \u00c9tats-Unis, de l\u2019Allemagne et de la France au Maroc et au Nigeria, et de la Cor\u00e9e du Sud<\/p>\n<p>et de l\u2019Inde aux Pays-Bas et au Kenya, la r\u00e9pression de ce mouvement non seulement d\u00e9passe en brutalit\u00e9 tous ce qu\u2019on a connu pr\u00e9c\u00e9demment (par exemple, la r\u00e9pression en Mai 68) et foule aux pieds cyniquement les droits d\u00e9mocratiques les plus \u00e9l\u00e9mentaires, mais elle est aussi combin\u00e9e avec une campagne m\u00e9diatique hyst\u00e9rique de d\u00e9nigrement, visant \u00e0 accoutumer les citoyens \u00e0 ce que leurs libert\u00e9s d\u00e9mocratiques ne soient plus qu\u2019un lointain souvenir\u2026<\/p>\n<hr \/>\n<p><strong>Pays o\u00f9 le mouvement \u00e9tudiant de soutien aux Palestiniens s\u2019est r\u00e9pandu<\/strong><\/p>\n<p><strong>\u00c9tats-Unis, Grande-Bretagne, France, Belgique, Allemagne, Italie, Espagne, Danemark, Suisse, Inde, Australie, Bangladesh, Indon\u00e9sie, Japon, Nouvelle-Z\u00e9lande, Finlande, Mexique, Costa Rica, Jordanie, Liban, Espagne, Suisse, Suisse, Irak, Turquie, Tunisie, Canada, Argentine, Irlande, Pays-Bas, Autriche, Br\u00e9sil, Cor\u00e9e du Sud, Tha\u00eflande, Portugal, Su\u00e8de, Afrique du Sud, Maroc, Alg\u00e9rie, Nigeria, Kenya, Bosnie, Serbie\u2026<\/strong><\/p>\n<hr \/>\n<p>Cependant, la liste des pays o\u00f9 ce mouvement de jeunesse a d\u00e9j\u00e0 prolif\u00e9r\u00e9 ne nous remplit seulement d\u2019optimisme. Elle nous remplit aussi de tristesse car il en manque un pays, notre pays, le mouvement \u00e9tudiant grec ! Et ce n\u2019est pas seulement que cette absence grecque constitue une infamie, une grande honte qui marquera la gauche grecque pour les ann\u00e9es \u00e0 venir. C\u2019est aussi que le mouvement \u00e9tudiant et la gauche grecque ratent aujourd\u2019hui une occasion en or pour d\u00e9noncer en actes les relations tr\u00e8s coupables entretenues par les universit\u00e9s grecques avec Isra\u00ebl et ses institutions. Qu\u2019ils ratent \u00e9galement une bonne occasion pour d\u00e9noncer enfin (!) le soutien scandaleux offert par la Gr\u00e8ce de Mitsotakis \u00e0 l\u2019Isra\u00ebl de Netanyahou, ce qui fait de la Gr\u00e8ce le plus fid\u00e8le des alli\u00e9s d\u2019Isra\u00ebl en M\u00e9diterran\u00e9e orientale et peut-\u00eatre dans toute l\u2019Europe. Et qu\u2019ils sont finalement en train de manquer une opportunit\u00e9 historique de se joindre et de lutter ensemble avec ce qu\u2019il y a de mieux aujourd\u2019hui sur notre plan\u00e8te, afin de tenter de changer non seulement notre r\u00e9alit\u00e9 grecque mais aussi le monde entier ! Vraiment, qu\u2019attend le mouvement \u00e9tudiant grec pour sortir de son apathie et r\u00e9pondre aux attentes qui sont maintenant exprim\u00e9es quotidiennement par ces Palestiniens bombard\u00e9s et affam\u00e9s de la bande de Gaza martyris\u00e9e, quand ils d\u00e9clarent que leur seul v\u00e9ritable espoir est maintenant ceux qu\u2019ils appellent \u201cnos fr\u00e8res\u201d, les \u00e9tudiants en Am\u00e9rique et dans le monde entier qui expriment leur solidarit\u00e9 et leur soutien par des actes et pas seulement par des mots ?<\/p>\n<p>Mais il n\u2019y a pas probl\u00e8me seulement avec le mouvement \u00e9tudiant grec et la gauche grecque. Il y a aussi probl\u00e8me avec ces gens de gauche de par le monde, qui se retranchent derri\u00e8re les \u201carguments\u201d les plus incroyables tels que \u201c<em>oui, mais il ne faut pas oublier les crimes du Hamas<\/em>\u201d ou \u201c<em>les crimes des Ayatollahs<\/em>\u201c, \u201c<em>oui, mais le mot d\u2019ordre \u201cde la rivi\u00e8re \u00e0 la mer\u201d est antis\u00e9mite<\/em>\u201c, \u201c<em>oui mais qu\u2019est-ce que je vais dire \u00e0 mon oncle \u00e0 Tel Aviv<\/em>\u201c, \u201c<em>oui mais Isra\u00ebl a aussi ses droits<\/em>\u201c, etc. pour justifier leur silence (prolong\u00e9) ou leur absence des manifestations contre ce qui est un v\u00e9ritable crime contre l\u2019humanit\u00e9 perp\u00e9tr\u00e9 \u00e0 Gaza, la d\u00e9finition m\u00eame du g\u00e9nocide ! Le probl\u00e8me avec toutes ces personnes n\u2019est pas seulement qu\u2019elles font preuve d\u2019une monstrueuse insensibilit\u00e9 aux souffrances sans pr\u00e9c\u00e9dent inflig\u00e9es par l\u2019arm\u00e9e isra\u00e9lienne et les colons isra\u00e9liens \u00e0 des centaines de milliers de civils palestiniens, en particulier des femmes et des enfants. Un autre probl\u00e8me, au moins aussi important, est qu\u2019ils tournent le dos \u00e0 un mouvement de jeunesse plan\u00e9taire qui est actuellement la seule force tangible dont dispose l\u2019humanit\u00e9 pour affronter, avec quelque espoir de succ\u00e8s, les crises majeures qui la menacent directement : la catastrophe climatique, le risque d\u2019une guerre intra-imp\u00e9rialiste g\u00e9n\u00e9ralis\u00e9e et la d\u00e9ferlante fasciste.<\/p>\n<p>Mais, c\u2019est pr\u00e9cis\u00e9ment parce que ce mouvement de jeunesse constitue le seul espoir de l\u2019humanit\u00e9 qu\u2019il ne fait aucun doute qu\u2019il sera r\u00e9prim\u00e9 avec la plus grande f\u00e9rocit\u00e9 par ses ennemis de classe. Toutefois, dans la terrible confrontation qui se profile d\u00e9j\u00e0 \u00e0 l\u2019horizon, ce mouvement plan\u00e9taire ne sera pas seul, isol\u00e9. D\u00e9j\u00e0 aux \u00c9tats-Unis, il attire autour de lui tant les grands mouvements sociaux antiracistes, climatiques, f\u00e9ministes et autres qui ont vu le jour surtout durant la derni\u00e8re d\u00e9cennie, que le mouvement syndical revivifi\u00e9 qui est en train de remporter victoire sur victoire apr\u00e8s plusieurs d\u00e9cennies de crise et de recul. Et ce n\u2019est pas un hasard si, toutes proportions gard\u00e9es, on commence \u00e0 voir se profiler la m\u00eame chose m\u00eame dans cette Europe o\u00f9 l\u2019extr\u00eame droite ne cesse de se renforcer. Comme par exemple en Belgique (Gand) o\u00f9 le mouvement de soutien aux Palestiniens et celui contre la catastrophe climatique unissent leurs forces et leurs revendications. Ou encore en France, o\u00f9 la mobilisation \u00e9tudiante (Sorbonne) contre le g\u00e9nocide des Palestiniens est activement rejointe par le mouvement Youth for Climate (fond\u00e9 par Greta Thunberg) et des jeunes des banlieues d\u00e9favoris\u00e9es, tandis que dans le m\u00eame temps la mobilisation commence \u00e0 s\u2019\u00e9tendre aussi aux lyc\u00e9es de tout le pays.<\/p>\n<p>Finalement, qui oserait, en ce mois de mai 2024, pr\u00e9tendre que la jeune g\u00e9n\u00e9ration ne r\u00e9siste pas et ne se bat pas bec et ongles contre la barbarie de nos temps n\u00e9olib\u00e9raux ? Partout sur terre, \u00e0 l\u2019Est comme \u00e0 l\u2019Ouest, au Nord comme au Sud. Partout, ici et maintenant.<\/p>\n<p><strong>Yorgos Mitralias<\/strong><\/p>\n<p><a href=\"https:\/\/pour.press\/le-mouvement-etudiant-pour-la-palestine-setend-desormais-partout-inspirant-la-resistance-a-la-barbarie-de-nos-temps\/\">Source<\/a><\/p>\n<\/div>\n<\/div>\n","protected":false},"excerpt":{"rendered":"<p>Le mouvement \u00e9tudiant pour la Palestine s\u2019\u00e9tend d\u00e9sormais partout, inspirant la r\u00e9sistance \u00e0 la barbarie de nos temps\u2026 par \u00a0Yorgos Mitralias Alors que le mouvement \u00e9tudiant de solidarit\u00e9 avec les Palestiniens et de d\u00e9nonciation de leur g\u00e9nocide par Isra\u00ebl s\u2019intensifie aux \u00c9tats-Unis et s\u2019\u00e9tend maintenant \u00e0 toute la plan\u00e8te, il y a des indices croissants &#8230; <a title=\"Mouvement \u00e9tudiant de soutien aux Palestiniens\" class=\"read-more\" href=\"https:\/\/bruxelles-pantheres.be\/?p=5949\" aria-label=\"En savoir plus sur Mouvement \u00e9tudiant de soutien aux Palestiniens\">Lire la suite<\/a><\/p>\n","protected":false},"author":1,"featured_media":5777,"comment_status":"open","ping_status":"open","sticky":false,"template":"","format":"standard","meta":{"footnotes":""},"categories":[21,25,6,18],"tags":[31,568],"class_list":["post-5949","post","type-post","status-publish","format-standard","has-post-thumbnail","hentry","category-anti-imperialisme","category-enseignement","category-palestine-moyen-orient","category-resistance-bruxelles","tag-belgique","tag-universite"],"_links":{"self":[{"href":"https:\/\/bruxelles-pantheres.be\/index.php?rest_route=\/wp\/v2\/posts\/5949","targetHints":{"allow":["GET"]}}],"collection":[{"href":"https:\/\/bruxelles-pantheres.be\/index.php?rest_route=\/wp\/v2\/posts"}],"about":[{"href":"https:\/\/bruxelles-pantheres.be\/index.php?rest_route=\/wp\/v2\/types\/post"}],"author":[{"embeddable":true,"href":"https:\/\/bruxelles-pantheres.be\/index.php?rest_route=\/wp\/v2\/users\/1"}],"replies":[{"embeddable":true,"href":"https:\/\/bruxelles-pantheres.be\/index.php?rest_route=%2Fwp%2Fv2%2Fcomments&post=5949"}],"version-history":[{"count":2,"href":"https:\/\/bruxelles-pantheres.be\/index.php?rest_route=\/wp\/v2\/posts\/5949\/revisions"}],"predecessor-version":[{"id":5951,"href":"https:\/\/bruxelles-pantheres.be\/index.php?rest_route=\/wp\/v2\/posts\/5949\/revisions\/5951"}],"wp:featuredmedia":[{"embeddable":true,"href":"https:\/\/bruxelles-pantheres.be\/index.php?rest_route=\/wp\/v2\/media\/5777"}],"wp:attachment":[{"href":"https:\/\/bruxelles-pantheres.be\/index.php?rest_route=%2Fwp%2Fv2%2Fmedia&parent=5949"}],"wp:term":[{"taxonomy":"category","embeddable":true,"href":"https:\/\/bruxelles-pantheres.be\/index.php?rest_route=%2Fwp%2Fv2%2Fcategories&post=5949"},{"taxonomy":"post_tag","embeddable":true,"href":"https:\/\/bruxelles-pantheres.be\/index.php?rest_route=%2Fwp%2Fv2%2Ftags&post=5949"}],"curies":[{"name":"wp","href":"https:\/\/api.w.org\/{rel}","templated":true}]}}