{"id":5956,"date":"2024-06-10T14:58:29","date_gmt":"2024-06-10T13:58:29","guid":{"rendered":"https:\/\/bruxelles-pantheres.be\/?p=5956"},"modified":"2024-06-29T13:08:00","modified_gmt":"2024-06-29T12:08:00","slug":"le-traitement-par-les-journaux-ecrits-belges-des-evenements-post-7-octobre-en-israel-palestine-une-enquete-qualitative-sur-la-libre-et-le-soir","status":"publish","type":"post","link":"https:\/\/bruxelles-pantheres.be\/?p=5956","title":{"rendered":"Le traitement par les journaux \u00e9crits belges des \u00e9v\u00e8nements post-7 octobre en Isra\u00ebl-Palestine : une enqu\u00eate qualitative sur \u2018La Libre\u2019 et \u2018Le Soir\u2019"},"content":{"rendered":"<p><i>La volont\u00e9 de r\u00e9aliser ce travail est n\u00e9e de l\u2019observation faite du traitement post-7 octobre par le paysage m\u00e9diatique fran\u00e7ais. En me basant sur la m\u00e9thode d\u2019analyse tr\u00e8s pertinente issue de la s\u00e9rie d\u2019articles en trois parties de l\u2019Acrimed intitul\u00e9e : \u201cIsra\u00ebl-Palestine, le 7 octobre et apr\u00e8s\u201d, j\u2019ai d\u00e9cid\u00e9 de l\u2019adapter au cas belge. Sans pr\u00e9tendre \u00e0 l\u2019exhaustivit\u00e9, mes recherches se sont bas\u00e9es sur une analyse des articles des journaux du \u2018Soir\u2019 et de \u2018La Libre\u2019 ayant attrait au conflit durant les cinq \u00e0 six derniers mois. Si de mani\u00e8re g\u00e9n\u00e9rale celui-ci a \u00e9t\u00e9 trait\u00e9 de fa\u00e7on plut\u00f4t juste dans les deux cas, il reste utile de rappeler certaines v\u00e9rit\u00e9s\u2026<\/i><\/p>\n<p><!--more--><\/p>\n<p><strong>__________<\/strong><\/p>\n<p><strong>\u201c<i>Mal nommer les choses c\u2019est ajouter du malheur au monde<\/i>\u201d \u2013 Albert Camus<\/strong><\/p>\n<p><strong>__________<\/strong><\/p>\n<p>\u201c<i>Par sa haine sans limite, le Hamas a d\u00e9clench\u00e9 samedi un embrasement dont personne ne sait quand et comment il s\u2019arr\u00eatera. Ces crimes de guerre de l\u2019organisation terroriste palestinienne provoquent un effroi comparable au 11 septembre ou \u00e0 l\u2019attaque sur Pearl Harbor<\/i>\u201d<sup>1<\/sup>. Pr\u00e9sentisme, double standard ou pure mauvaise foi? Un peu de tout. Cette citation, tir\u00e9e de l\u2019\u00e9ditorial du 8 octobre 2023 de \u2018<i>La Libre<\/i>\u2019, r\u00e9ussit presque \u00e0 r\u00e9unir tous les travers ayant caract\u00e9ris\u00e9 la couverture m\u00e9diatique occidentale suivant le \u2018retour\u2019 \u00e0 l\u2019agenda m\u00e9diatique d\u2019un drame pourtant continu depuis plus de 70 ans. Non seulement le 7 octobre ne constitue pas l\u2019<i>embrasement<\/i>\u00a0entre Isra\u00ebl et Gaza, mais il est clair que la culture de violence du gouvernement isra\u00e9lien ne laissait peu de doutes quant \u00e0 la suite des \u00e9v\u00e8nements.<\/p>\n<p>A l\u2019heure de l\u2019\u00e9criture de cet article, les plus de six mois de massacres isra\u00e9liens, ayant suivi celui du Hamas, se poursuivent toujours. L\u2019UNICEF comptabilise des cons\u00e9quences humaines d\u00e9sastreuses: \u201c<i>Au 15 mars, le bilan faisait \u00e9tat d\u2019au moins 1 200 morts dont 36 enfants et plus de 7 500 bless\u00e9s en Isra\u00ebl. 138 personnes seraient encore retenues en otage. Dans la bande de Gaza, 31 490 personnes, dont plus de 5 350 enfants et au moins 3 250 femmes, seraient d\u00e9c\u00e9d\u00e9es. Pr\u00e8s de 73 439 personnes auraient \u00e9t\u00e9 bless\u00e9es dont 12 300 enfants. Plus de 17 000 enfants sont s\u00e9par\u00e9s de leurs parents. Des milliers d\u2019autres sont port\u00e9s disparus. Les femmes et les enfants repr\u00e9sentent 70 % des victimes.\u00a0<\/i>[\u2026]\u00a0<i>La Cisjordanie est \u00e9galement le th\u00e9\u00e2tre de violences. Au moins 112 enfants auraient \u00e9t\u00e9 tu\u00e9s et des centaines d\u2019autres, oblig\u00e9s de fuir. 2023 aura \u00e9t\u00e9 l\u2019ann\u00e9e la plus meurtri\u00e8re jamais enregistr\u00e9e pour les enfants de Cisjordanie.<\/i>\u201d<sup>2<\/sup><\/p>\n<p>Pareille trag\u00e9die ne peut se contenter d\u2019une couverture \u2018correcte\u2019, le souci de la profession en incombe. Ainsi, il est regrettable de constater les marques d\u2019un \u2018double standard\u2019 \u00e0 l\u2019\u00e9gard des deux parties. Pour rappel, voici la d\u00e9finition fournie par l\u2019Acrimed :\u00a0\u201c<i>Par \u00ab double standard \u00bb, nous entendons ici la pratique par laquelle les crit\u00e8res de jugement ou d\u2019appr\u00e9ciation \u2013 en g\u00e9n\u00e9ral non \u00e9nonc\u00e9s \u2013 changent non en fonction de leur objet mais en fonction de l\u2019individu ou du groupe sur lesquels ils portent<\/i>.\u201d<sup>3<\/sup>\u00a0Dans notre cas, il s\u2019agit de la diff\u00e9rence de traitement de l\u2019information selon que l\u2019on parle d\u2019Isra\u00ebl ou bien du Hamas\/Gaza (des d\u2019appellations occultantes sur lesquels nous reviendrons). Cette tendance est particuli\u00e8rement visible dans le choix du vocabulaire employ\u00e9. De fait, un champ lexical bas\u00e9 sur l\u2019\u00e9motion est utilis\u00e9 pour aborder les attaques subies par Isra\u00ebl. Or, d\u00e8s lors que l\u2019on parle de ses actes commis, les mots semblent se ranger dans le camp du rationnel. Quant \u00e0 eux, les actes subis et caus\u00e9s par le Hamas\/Gaza p\u00e2tissent d\u2019un traitement inverse. Concr\u00e8tement: \u201c<i>Isra\u00ebl applique une vengeance m\u00e9thodique, implacable<\/i>\u201d\u00a0qui intervient face aux\u00a0\u201c[\u2026]\u00a0<i>crimes cruels et sauvages commis par le Hamas<\/i>\u201d<sup>4<\/sup>. Les \u201c[\u2026]\u00a0<i>massacres commis par le Hamas<\/i>\u201d, s\u2019encha\u00eenent simplement d\u2019une \u201c<i>riposte isra\u00e9lienne<\/i>\u201d<sup>5<\/sup>. On d\u00e9nonce la \u201c[\u2026]\u00a0<i>sanglante attaque du 7 octobre<\/i>\u201d aux c\u00f4t\u00e9s de \u201c<i>l\u2019op\u00e9ration militaire isra\u00e9lienne<\/i>\u201d<sup>6<\/sup>. De m\u00eame:\u00a0\u201c<i>Selon le Hamas, plus de 25 490 personnes ont \u00e9t\u00e9 tu\u00e9es et 63 354 bless\u00e9es depuis le d\u00e9but de l\u2019intervention isra\u00e9lienne suite \u00e0 l\u2019attaque sanglante du 7 octobre, qui a fait 1140 victimes c\u00f4t\u00e9 isra\u00e9lien<\/i>\u201d<sup>7<\/sup>. Les bombardements isra\u00e9liens, \u201c[\u2026]\u00a0<i>tuant des milliers de civils<\/i>\u201d, r\u00e9pondent aux \u201c[\u2026]\u00a0<i>1 400 victimes civiles et militaires assassin\u00e9es<\/i>\u201d<sup>8<\/sup>.<\/p>\n<p>Pourtant, Michel Gevers (professeur \u00e9m\u00e9rite \u00e0 l\u2019UCLouvain), rejoignait ce constat accablant dans les pages m\u00eames du \u2018<i>Soir<\/i>\u2019 :\u00a0\u201c<i>Depuis l\u2019attaque meurtri\u00e8re et sordide du Hamas le 7 octobre, on assiste \u00e0 un v\u00e9ritable d\u00e9ferlement de mots guerriers de la part des dirigeants occidentaux et de la plupart des m\u00e9dias. Le mot \u00ab vengeance \u00bb, ce mot horrible, a \u00e9t\u00e9 utilis\u00e9 \u00e0 tour de bras par nos dirigeants. Et les mots ont toute leur importance. On met en opposition les \u00ab terroristes \u00bb du Hamas et les \u00ab soldats \u00bb isra\u00e9liens<\/i>\u201d<sup>9<\/sup>.<\/p>\n<p>La population gazaouie est \u2018tu\u00e9e\u2019 tandis que, du c\u00f4t\u00e9 isra\u00e9lien, celle-ci se voit \u2018massacr\u00e9e\u2019 ou \u2018assassin\u00e9e\u2019. En outre, le diff\u00e9rentiel s\u00e9mantique autour de la qualification des op\u00e9rations de part et d\u2019autre est cons\u00e9quent. L\u2019op\u00e9ration isra\u00e9lienne qualifi\u00e9e de \u2018riposte\u2019 ou de \u2018vengeance\u2019, face aux \u2018horreurs\u2019 et \u00e0 la \u2018barbarie\u2019 du Hamas, se voit ainsi l\u00e9gitim\u00e9e ; faisant en cela fi du constat de crimes de guerre commis par l\u2019arm\u00e9e isra\u00e9lienne d\u00e8s le lendemain du 7 octobre<sup>10<\/sup>.<\/p>\n<pre><a href=\"https:\/\/www.lalibre.be\/debats\/edito\/2023\/10\/08\/leffroi-du-sang-et-des-larmes-Y5NVERR7NBC4DC7YHM4E43ZZMY\/\">1. L\u2019effroi, du sang et des larmes - La Libre<\/a>\r\n\r\n\r\n<a href=\"https:\/\/www.unicef.fr\/article\/israel-palestine-les-enfants-paient-le-prix-de-la-guerre\/\">2. Guerre Isra\u00ebl-Palestine : six mois de trag\u00e9die pour les enfants - UNICEF<\/a>\r\n\r\n\r\n<a href=\"https:\/\/www.acrimed.org\/Israel-Palestine-le-7-octobre-et-apres-2-doubles\">3. Isra\u00ebl-Palestine, le 7 octobre et apr\u00e8s (2) : doubles standards et compassions s\u00e9lectives - Acrimed | Action Critique M\u00e9dias<\/a><\/pre>\n<pre><a href=\"https:\/\/www.lalibre.be\/debats\/edito\/2023\/11\/03\/il-ny-aura-pas-de-gagnant-a-gaza-BYC7GAVN7FDX7IVWU2NMSG56YM\/\">4. Il n\u2019y aura pas de gagnant \u00e0 Gaza - La Libre<\/a><\/pre>\n<pre><a href=\"https:\/\/www.lalibre.be\/international\/2024\/02\/21\/tsahal-larmee-la-plus-morale-du-monde-la-protection-des-troupes-israeliennes-passe-avant-celle-des-civils-UDWTIIBBB5CANJMKTGEVDWMYFY\/\">5. Tsahal, l\u2019arm\u00e9e la plus morale du monde ? \u201cLa protection des troupes isra\u00e9liennes passe avant celle des civils\u201d - La Libre<\/a><\/pre>\n<pre><a href=\"https:\/\/www.lesoir.be\/557832\/article\/2023-12-26\/guerre-israel-hamas-cinq-chiffres-pour-comprendre-lampleur-des-destructions-gaza\">6. Guerre Isra\u00ebl-Hamas : cinq chiffres pour comprendre l\u2019ampleur des destructions \u00e0 Gaza - Le Soir<\/a>\r\n\r\n<\/pre>\n<pre><a href=\"https:\/\/www.lalibre.be\/international\/2024\/01\/23\/dans-lenfer-de-khan-younes-encerclee-par-larmee-israelienne-on-nous-ordonne-devacuer-lhopital-mais-impossible-de-sortir-sans-se-faire-tuer-COLM76ZL2RCR7AFXUSZTZGGRTQ\/\">7. Dans l'enfer de Khan Youn\u00e8s, encercl\u00e9e par l'arm\u00e9e isra\u00e9lienne: \"On nous ordonne d\u2019\u00e9vacuer l\u2019h\u00f4pital, mais impossible de sortir sans se faire tuer\" - La Libre<\/a><\/pre>\n<pre><a href=\"https:\/\/www.lalibre.be\/debats\/edito\/2023\/10\/30\/israel-appele-a-la-plus-grande-prudence-EJPDAWY7NVH7HC4CXTPCYK4TI4\/\">8. Isra\u00ebl appel\u00e9 \u00e0 la plus grande prudence - La Libre<\/a><\/pre>\n<pre><a href=\"https:\/\/www.lesoir.be\/546150\/article\/2023-10-28\/carta-academica-lotage-imad-barghouthi-et-la-palestine\">9. Carta Academica \u2013 L\u2019otage Imad Barghouthi et la Palestine - Le Soir<\/a><\/pre>\n<pre><a href=\"https:\/\/www.amnesty.be\/infos\/actualites\/article\/israel-gaza-preuves-accablantes-crimes-guerre\">10. Isra\u00ebl-Gaza, Des preuves accablantes de crimes de guerre - Amnesty International Belgique<\/a>\r\n\r\n<\/pre>\n<pre>Cr\u00e9dit photo : Freepik\r\n\r\n<em><strong>Rom\u00e9o CHEVAUX<\/strong><\/em>\r\n\r\n<em><strong>ARTICLE 1\/3\r\n\r\n<\/strong><\/em><\/pre>\n<p><b>Les conditions de statut<\/b><\/p>\n<p>Une autre facette du double standard se remarque au travers de la question centrale des \u2018otages\u2019 isra\u00e9liens et des \u2018prisonniers\u2019 palestiniens. \u201c<i>Avant le 7 octobre, il y avait 1 200 personnes en d\u00e9tention administrative. D\u00e9but janvier, on est pass\u00e9 \u00e0 3 291 sur un nombre total de 8 600 Palestiniens d\u00e9tenus\u00a0<\/i>[\u2026].<i>\u00a0C\u2019est \u00e9norme. Ces personnes d\u00e9tenues sans inculpation ni proc\u00e8s repr\u00e9sentent presque 40 % des Palestiniens en d\u00e9tention<\/i>\u201d<sup>1<\/sup>, constate Jessica Montell (Directrice de HaMoked, une organisation de d\u00e9fense des droits des Palestiniens bas\u00e9e en Isra\u00ebl) dans une interview datant du 12 janvier 2024 pour \u2018<i>France 24<\/i>\u2019. Seulement deux mois plus tard, au 5 mars 2024, l\u2019ONG \u2018Addameer\u2019 comptabilisait cette fois 9100 prisonniers politiques, dont 3558 d\u00e9tenus administratifs et dont 200 enfants<sup>2<\/sup>. Du c\u00f4t\u00e9 d\u2019Isra\u00ebl, depuis le 7 octobre et l\u2019enl\u00e8vement de plus de 250 isra\u00e9liens, il reste toujours pr\u00e8s de 130 otages port\u00e9s disparus. La tenue de n\u00e9gociations avait abouti \u00e0 une tr\u00eave le 24 novembre ayant permis la lib\u00e9ration d\u2019une partie des victimes de chaque camp, le reste des otages isra\u00e9liens ayant \u00e9t\u00e9 tu\u00e9s soit par le Hamas, soit lors de frappes indiscrimin\u00e9es lanc\u00e9es par Tsahal\u2026 On retrouve ainsi des titres \u00e9vocateurs \u00e0 ce sujet: \u201c<i>Lib\u00e9ration de 12 otages retenus \u00e0 Gaza et de 30 prisonniers palestiniens<\/i>\u201d<sup>3<\/sup>\u00a0ou encore \u201c<i>La d\u00e9licate m\u00e9canique des \u00e9changes d\u2019otages isra\u00e9liens et de prisonniers palestiniens<\/i>\u201d<sup>4<\/sup>. Or, le cas isra\u00e9lo-palestinien exige de consid\u00e9rer cette dichotomie avec une certaine exigence. En effet, si les termes de \u2018prisonniers\u2019 et \u2018d\u2019otages\u2019 renvoient tous deux \u00e0 un statut l\u00e9gal, le second poss\u00e8de toutefois une port\u00e9e beaucoup plus victimaire au regard du droit et dans l\u2019imaginaire collectif..<\/p>\n<p>En outre, comme le d\u00e9non\u00e7ait Jessica Montell plus haut, les arrestations \u00e0 l\u2019encontre des Palestiniens sont en grande partie ill\u00e9gales. Un constat de nombreuses fois \u00e9tay\u00e9, comme dans un rapport du Parlement europ\u00e9en datant de 2012 d\u00e9non\u00e7ant une justice biais\u00e9e \u201c<i>principalement pour limiter l\u2019activisme politique palestinien<\/i>\u201d<sup>5<\/sup>, ou encore lorsqu\u2019en juillet 2023, Francesca Albanese (Rapporteuse sp\u00e9ciale sur la situation des Droits de l\u2019homme dans les territoires palestiniens occup\u00e9s depuis 1967)\u00a0appelait \u00e0 punir \u201c<i>Les pratiques carc\u00e9rales ill\u00e9gales d\u2019Isra\u00ebl \u00e9quivalent \u00e0 des crimes internationaux qui justifient une enqu\u00eate urgente du Procureur de la Cour p\u00e9nale internationale<\/i>\u201d<sup>6<\/sup>. En effet, comme le constate \u2018Human Rights Watch\u2019 :\u00a0\u201c<i>Les autorit\u00e9s isra\u00e9liennes appliquent le droit civil isra\u00e9lien aux colons mais gouvernent les Palestiniens de Cisjordanie selon le code de justice militaire, qui est plus strict. Ce faisant, elles leur d\u00e9nient le droit fondamental \u00e0 des proc\u00e9dures r\u00e9guli\u00e8res et les font juger par des tribunaux militaires o\u00f9 le taux des verdicts de culpabilit\u00e9 est de pr\u00e8s de 100 % contre les Palestiniens<\/i>\u201d<sup>7<\/sup>. L\u2019ONG PCATI (Public Committee Against Torture in Israel) a par ailleurs r\u00e9pertori\u00e9 plus de 1400 plaintes de torture ayant \u00e9t\u00e9 d\u00e9pos\u00e9es \u00e0 l\u2019encontre de Shabak (l\u2019Agence de s\u00e9curit\u00e9 isra\u00e9lienne) en Isra\u00ebl et dans les territoires palestiniens occup\u00e9s entre 2001 et 2022<sup>8<\/sup>. D\u00e8s lors que ces arrestations et que les conditions de d\u00e9tention qui en d\u00e9coulent constituent des crimes au regard du droit international, il est essentiel de ne pas invisibiliser le sort de ces victimes sous l\u2019appellation trop neutre de \u2018prisonniers\u2019. Employer le terme de \u2018prisonniers de guerre\u2019 serait d\u00e9j\u00e0 plus juste en vertu du droit international humanitaire qui r\u00e9git les territoires palestiniens occup\u00e9s, mais resterait pour autant d\u00e9mesur\u00e9ment vague car impliquant une dimension toujours l\u00e9gale et trop sym\u00e9trique. Leur condition est \u00e9vidente : ce sont des \u2018prisonniers politiques\u2019.<\/p>\n<p><b>Une m\u00e9moire lacunaire<\/b><\/p>\n<p>Un autre aspect de la mauvaise prise en charge de la situation passe par la pr\u00e9dominance d\u2019un certain \u2018pr\u00e9sentisme\u2019 et de la \u2018d\u00e9shistoricisation\u2019 mis en place dans le contage des faits. Le terme \u2018pr\u00e9sentisme\u2019 fait ici r\u00e9f\u00e9rence \u00e0 la tendance qu\u2019ont certains journalistes \u00e0 traiter les \u00e9v\u00e8nements du 7 octobre, et post\u00e9rieurs \u00e0 celui-ci, comme ne s\u2019inscrivant pas dans un contexte historique pourtant extr\u00eamement document\u00e9 et av\u00e9r\u00e9. La \u2018d\u00e9shistoricisation\u2019 renvoie plus largement \u00e0 l\u2019occultation plus ou moins radicale de ce pass\u00e9. Ainsi, il est d\u00e9solant de tomber sur des articles faisant \u00e9tat du \u201c[\u2026]\u00a0<i>retour sur le devant de la sc\u00e8ne<\/i>\u201d<sup>9<\/sup>\u00a0de violences pourtant ininterrompues depuis 1948, ou pr\u00e9sentant les attaques isra\u00e9liennes comme les cons\u00e9quences de\u00a0 \u201c[\u2026]\u00a0<i>deux semaines d\u2019une guerre d\u00e9clench\u00e9e par l\u2019attaque sanglante du Hamas<\/i>\u201d<sup>10<\/sup>. Os\u00e9, encore, de faire part des cons\u00e9quences \u201c[\u2026]\u00a0<i>du conflit d\u00e9clench\u00e9 par l\u2019attaque du Hamas<\/i>\u201d<sup>11<\/sup>, en d\u00e9sinscrivant la lutte \u00e0 l\u2019autod\u00e9termination et \u00e0 l\u2019\u00e9mancipation du peuple palestinien de sa riche histoire.<\/p>\n<p>Sans justifier les crimes du Hamas, ceux-ci doivent \u00eatre compris comme un acte de r\u00e9volte s\u2019inscrivant au travers d\u2019un nombre incalculable de souffrances subies, dans leur extr\u00eame majorit\u00e9, par la seule population palestinienne. Balayer simplement ces agissements, par ailleurs inf\u00e2mes et contre productifs pour la lib\u00e9ration du peuple palestinien, traduit tout bonnement un pr\u00e9sentisme emp\u00eachant toute r\u00e9flexion et n\u2019entra\u00eenant qu\u2019une fuite vers l\u2019avant du probl\u00e8me. En outre, nous revenons \u00e0 la logique pr\u00e9c\u00e9demment \u00e9voqu\u00e9e sur l\u2019implication des termes : sans l\u2019inclure explicitement, le droit de \u2018riposte\u2019 est conc\u00e9d\u00e9 \u00e0 Isra\u00ebl. Si celui-ci est notamment consacr\u00e9 par le droit international, il se voit ici clairement outrepass\u00e9 par Tsahal au travers d\u2019un massacre strat\u00e9giquement organis\u00e9 par l\u2019arm\u00e9e \u201cla plus morale du monde\u201d.<\/p>\n<p><b>Probl\u00e8me de focale<\/b><\/p>\n<p>Le cadrage m\u00e9diatique joue \u00e9galement une part centrale dans la vision que l\u2019on souhaite transmettre d\u2019un conflit. De fait, c\u2019est la Palestine dans son enti\u00e8ret\u00e9 qui se trouve victime des crimes isra\u00e9liens. Ainsi, il est f\u00e2cheux d\u2019observer dans la majorit\u00e9 des titres d\u2019articles \u00e0 ce sujet, des appellations occultantes telles que : \u2018Isra\u00ebl-Hamas\u2019 ou encore \u2018Gaza\u2019.<\/p>\n<p><a href=\"https:\/\/i0.wp.com\/www.cnapd.be\/wp-content\/uploads\/2024\/05\/Capture-decran-2024-05-30-a-15.25.27.png?ssl=1\"><img decoding=\"async\" class=\"aligncenter wp-image-19381 size-large lazy loaded\" src=\"https:\/\/i0.wp.com\/www.cnapd.be\/wp-content\/uploads\/2024\/05\/Capture-decran-2024-05-30-a-15.25.27.png?resize=640%2C454&amp;ssl=1\" sizes=\"(max-width: 640px) 100vw, 640px\" srcset=\"https:\/\/i0.wp.com\/www.cnapd.be\/wp-content\/uploads\/2024\/05\/Capture-decran-2024-05-30-a-15.25.27.png?resize=1024%2C727&amp;ssl=1 1024w, https:\/\/i0.wp.com\/www.cnapd.be\/wp-content\/uploads\/2024\/05\/Capture-decran-2024-05-30-a-15.25.27.png?resize=300%2C213&amp;ssl=1 300w, https:\/\/i0.wp.com\/www.cnapd.be\/wp-content\/uploads\/2024\/05\/Capture-decran-2024-05-30-a-15.25.27.png?resize=768%2C546&amp;ssl=1 768w, https:\/\/i0.wp.com\/www.cnapd.be\/wp-content\/uploads\/2024\/05\/Capture-decran-2024-05-30-a-15.25.27.png?w=1222&amp;ssl=1 1222w\" alt=\"\" width=\"640\" height=\"454\" data-src=\"https:\/\/i0.wp.com\/www.cnapd.be\/wp-content\/uploads\/2024\/05\/Capture-decran-2024-05-30-a-15.25.27.png?resize=640%2C454&amp;ssl=1\" data-srcset=\"https:\/\/i0.wp.com\/www.cnapd.be\/wp-content\/uploads\/2024\/05\/Capture-decran-2024-05-30-a-15.25.27.png?resize=1024%2C727&amp;ssl=1 1024w, https:\/\/i0.wp.com\/www.cnapd.be\/wp-content\/uploads\/2024\/05\/Capture-decran-2024-05-30-a-15.25.27.png?resize=300%2C213&amp;ssl=1 300w, https:\/\/i0.wp.com\/www.cnapd.be\/wp-content\/uploads\/2024\/05\/Capture-decran-2024-05-30-a-15.25.27.png?resize=768%2C546&amp;ssl=1 768w, https:\/\/i0.wp.com\/www.cnapd.be\/wp-content\/uploads\/2024\/05\/Capture-decran-2024-05-30-a-15.25.27.png?w=1222&amp;ssl=1 1222w\" data-sizes=\"(max-width: 640px) 100vw, 640px\" data-recalc-dims=\"1\" data-was-processed=\"true\" \/><\/a><\/p>\n<p>S\u2019il est honn\u00eate de relever que \u2018<i>La Libre<\/i>\u2019 et \u2018<i>Le Soir<\/i>\u2019 ont rapidement port\u00e9 attention aux souffrances des Palestiniens de Cisjordanie ; utiliser un tel cadrage devient d\u00e8s lors contradictoire car invisibilisant cette partie des victimes. Ainsi, parler d\u2019une guerre entre Isra\u00ebl et le Hamas est clairement malhonn\u00eate. De fait, sont mis en confrontation un \u00c9tat et un mouvement politique non-repr\u00e9sentatif de l\u2019ensemble des Palestiniens. D\u2019une part, l\u2019effet premier est de rendre indiscernable la s\u00e9paration entre cisjordaniens et gazaouis. D\u2019autre part, en accolant l\u2019\u00e9tiquette du Hamas sur toute une population, c\u2019est leur qualit\u00e9 de peuple m\u00eame qui en vient \u00e0 \u00eatre remise en cause car ne renvoyant pas \u00e0 un territoire d\u00e9fini. En d\u00e9finitive, l\u2019usage de ces appellations renvoie toujours plus \u00e0 l\u2019image d\u2019une Palestine divis\u00e9e, rappelant en cela la rh\u00e9torique isra\u00e9lienne.<\/p>\n<p>En ce sens, il est \u00e9galement paradoxal et assez unique, comme le remarque l\u2019Acrimed, de d\u00e9signer un minist\u00e8re non pas par le territoire qu\u2019il entretient mais par le mouvement politique qui le dirige :\u00a0\u00a0\u201c<i>Quatre mois apr\u00e8s les massacres commis par le Hamas le 7 octobre dernier, la riposte isra\u00e9lienne dans la bande de Gaza a fait pr\u00e8s de 29 000 morts dont 70 % de femmes et enfants, selon les chiffres du minist\u00e8re de la Sant\u00e9 du Hamas<\/i>\u201d<sup>12<\/sup>\u00a0; \u201c<i>En repr\u00e9sailles, Isra\u00ebl a jur\u00e9 de d\u00e9truire le Hamas et lanc\u00e9 une offensive qui a co\u00fbt\u00e9 la vie \u00e0 33.175 personnes \u00e0 Gaza, la plupart des civils, selon le minist\u00e8re de la Sant\u00e9 du Hamas<\/i>\u201d<sup>13<\/sup>.\u00a0Une marque d\u2019un double standard manquant toujours plus de consid\u00e9rer l\u2019Etat palestinien comme l\u2019\u00e9gal de son homologue isra\u00e9lien.<\/p>\n<ol>\n<li><a href=\"https:\/\/www.france24.com\/fr\/moyen-orient\/20240112-d%C3%A9tention-administrative-des-palestiniens-en-isra%C3%ABl-nous-ne-savons-pas-o%C3%B9-il-est\">D\u00e9tention administrative des Palestiniens en Isra\u00ebl : \u00ab\u00a0Nous ne savons pas o\u00f9 il est\u00a0\u00bb (france24.com)<\/a><\/li>\n<li><a href=\"https:\/\/addameer.org\/statistics\">Statistics | Addameer<\/a><\/li>\n<li><a href=\"https:\/\/www.lesoir.be\/552191\/article\/2023-11-28\/liberation-de-12-otages-retenus-gaza-et-de-30-prisonniers-palestiniens\">Lib\u00e9ration de 12 otages retenus \u00e0 Gaza et de 30 prisonniers palestiniens \u2013 Le Soir<\/a><\/li>\n<li><a href=\"https:\/\/www.lalibre.be\/international\/2023\/11\/29\/israel-accueille-nerveusement-ses-otages-traumatises-ma-fille-a-perdu-le-visage-joufflu-de-lenfance-FFJDSWAXRVCCFBOFUCVL4NCJFM\/\">La d\u00e9licate m\u00e9canique des \u00e9changes d\u2019otages isra\u00e9liens et de prisonniers palestiniens \u2013 La Libre<\/a><\/li>\n<li><a href=\"https:\/\/www.europarl.europa.eu\/RegData\/etudes\/briefing_note\/join\/2012\/491444\/EXPO-AFET_SP(2012)491444_EN.pdf\">Israel\u2019s Policy of Administrative Detention (europa.eu)<\/a><\/li>\n<li><a href=\"https:\/\/www.ohchr.org\/fr\/news\/2023\/07\/special-rapporteur-says-israels-unlawful-carceral-practices-occupied-palestinian\">\u00ab Les pratiques carc\u00e9rales ill\u00e9gales d\u2019Isra\u00ebl \u00e9quivalent \u00e0 des crimes internationaux qui justifient une enqu\u00eate urgente du Procureur de la Cour p\u00e9nale internationale \u00bb, d\u00e9clare Mme Albanese devant le Conseil des droits de l\u2019homme | OHCHR<\/a><\/li>\n<li><a href=\"https:\/\/www.hrw.org\/fr\/world-report\/2024\/country-chapters\/israel-and-palestine\">Rapport mondial 2024: Isra\u00ebl et Palestine | Human Rights Watch (hrw.org)<\/a><\/li>\n<li><a href=\"https:\/\/stoptorture.org.il\/en\/torture-in-israel-today\/\">Torture in Israel Today \u2013 stoptorture<\/a><\/li>\n<li><a href=\"https:\/\/www.lalibre.be\/international\/moyen-orient\/2023\/10\/13\/guerre-israel-hamas-les-prochaines-heures-vont-etre-terribles-YXLFTOCNTJDFRJ22XJF2KVQMUU\/\">Guerre Isra\u00ebl-Hamas: \u00ab\u00a0Les prochaines heures vont \u00eatre terribles\u00a0\u00bb \u2013 La Libre<\/a><\/li>\n<li><a href=\"https:\/\/www.lesoir.be\/544958\/article\/2023-10-22\/guerre-israel-hamas-le-sommet-pour-la-paix-peine-eviter-limminente-intervention\">Guerre Isra\u00ebl-Hamas : le \u00ab sommet pour la paix \u00bb peine \u00e0 \u00e9viter l\u2019imminente intervention terrestre \u2013 Le Soir<\/a><\/li>\n<li><a href=\"https:\/\/www.lesoir.be\/544723\/article\/2023-10-20\/guerre-israel-hamas-le-liban-craint-un-deuxieme-front\">Guerre Isra\u00ebl-Hamas : le Liban craint un deuxi\u00e8me front \u2013 Le Soir<\/a><\/li>\n<li><a href=\"https:\/\/www.lalibre.be\/international\/2024\/02\/21\/tsahal-larmee-la-plus-morale-du-monde-la-protection-des-troupes-israeliennes-passe-avant-celle-des-civils-UDWTIIBBB5CANJMKTGEVDWMYFY\/\">Tsahal, l\u2019arm\u00e9e la plus morale du monde ? \u201cLa protection des troupes isra\u00e9liennes passe avant celle des civils\u201d \u2013 La Libre<\/a><\/li>\n<li><a href=\"https:\/\/www.lesoir.be\/579622\/article\/2024-04-08\/guerre-israel-hamas-les-espoirs-de-treve-gaza-temperes\">Guerre Isra\u00ebl-Hamas : les espoirs de tr\u00eave \u00e0 Gaza temp\u00e9r\u00e9s \u2013 Le Soir<\/a>Cr\u00e9dit photo : Freepik<em><strong>Rom\u00e9o CHEVAUX<\/strong><\/em><em><strong>ARTICLE 2\/3<\/strong><\/em><\/li>\n<\/ol>\n<p><b>La part des opinions\u00a0<\/b><\/p>\n<p>&nbsp;<\/p>\n<p>Par ailleurs, en s\u2019attardant plus concr\u00e8tement sur les opinions m\u00eames de certains journalistes, on remarque des prises de positions \u00e9motives, soit, mais d\u00e9rivant rapidement sur des questionnements rh\u00e9toriques :<\/p>\n<p>\u201c<i>La paix n\u2019int\u00e9resse pas le Hamas. Ce groupe terroriste ne vise qu\u2019\u00e0 an\u00e9antir Isra\u00ebl, par le sang.\u00a0<\/i><i>Le pr\u00e9senter comme un mouvement de r\u00e9sistance face \u00e0 l\u2019oppresseur est inaudible, scandaleux.<\/i><i>\u00a0Qui se permettrait de justifier les atrocit\u00e9s du Bataclan, de l\u2019Hyper cacher, du 11 septembre ou encore des diff\u00e9rents attentats perp\u00e9tr\u00e9s \u00e0 Bruxelles ? Qui ?<\/i>\u201d<sup>1<\/sup><\/p>\n<p>\u201d<i>Sur ces dix derni\u00e8res ann\u00e9es, Isra\u00ebl est plus terroriste que le Hamas\u201d. Dixit Raoul Hedebouw, pr\u00e9sident du PTB et d\u00e9put\u00e9 f\u00e9d\u00e9ral. Et ce, \u00e0 peine dix jours apr\u00e8s l\u2019attaque massive du Hamas sur les civils isra\u00e9liens.\u00a0<\/i><\/p>\n<p>Ou encore quand est pris \u00e0 partie Raoul Hedebouw (pr\u00e9sident du PTB) apr\u00e8s une d\u00e9claration d\u00e9non\u00e7ant Isra\u00ebl comme \u00e9tant plus \u2018terroriste\u2019 que le Hamas :<\/p>\n<p>\u201c<i>Mais quel naufrage ! Naufrage intellectuel d\u2019abord. Naufrage moral ensuite. Si Raoul Hedebouw est un homme intelligent et un fin strat\u00e8ge politique, pourquoi ne parvient-il pas \u00e0 diff\u00e9rencier l\u2019\u00c9tat d\u2019Isra\u00ebl du groupe terroriste Hamas ? Il suffit pourtant d\u2019entendre et de voir les t\u00e9moignages de tortures, de barbarie abjecte, de crimes contre l\u2019humanit\u00e9 et de violences inou\u00efes envers des enfants. Nous pr\u00e9f\u00e9rons d\u2019ailleurs ne pas tous les d\u00e9tailler ici tant ces r\u00e9cits d\u00e9go\u00fbtent et leurs images traumatisent<\/i>\u201d<sup>2<\/sup><\/p>\n<p>L\u2019\u00e9motion n\u2019est pas en soi condamnable d\u00e9ontologiquement pour un journaliste, mais seulement si elle ne cherche pas \u00e0 pallier un manque d\u2019argumentaire. En l\u2019occurrence, la condamnation syst\u00e9matique, en France comme en Belgique, des diff\u00e9rents partis de gauche, \u00e0 partir du moment o\u00f9 ceux-ci osaient apporter de la nuance et un contexte dans leurs prises de position, est tr\u00e8s parlant. Si le communiqu\u00e9 de presse de LFI sur le 7 octobre est l\u00e9gitimement qualifiable de maladroit, il est n\u00e9anmoins le seul \u00e0 avoir appel\u00e9 \u00e0 un peu de retenue ; \u00e0 l\u2019instar du PTB rappelant justement le poids des crimes isra\u00e9liens dans la balance.<\/p>\n<p>Plus encore, lorsque la plupart des auteurs ne cessent de mettre dos-\u00e0-dos les morts isra\u00e9liens avec ceux palestiniens dont la diff\u00e9rence ne cesse toujours de cro\u00eetre apr\u00e8s des mois de conflits : comment ne pas ressentir un certain malaise? Un d\u00e9rangement rejoint par Pieter Lagrou (Professeur d\u2019histoire contemporaine, Universit\u00e9 Libre de Bruxelles) dans les pages du \u2018<i>Soir<\/i>\u2019: \u201c<i>Nous sommes donc, depuis le 7 octobre face \u00e0 deux atrocit\u00e9s d\u2019un autre ordre et d\u2019une autre nature. L\u2019une et l\u2019autre doivent \u00eatre d\u00e9nonc\u00e9es, mais un d\u00e9bat qui part de l\u2019exigence de condamner les deux \u00e0 parts \u00e9gales et dans les m\u00eames termes ne peut qu\u2019\u00eatre absurde. Nous n\u2019assistons pas seulement \u00e0 un dialogue de sourds, mais \u00e0 une escalade qui est dangereuse pour la d\u00e9mocratie, o\u00f9 les accusations de racisme, d\u2019antis\u00e9mitisme, d\u2019islamophobie, de fanatisme, d\u2019apologie du terrorisme et de g\u00e9nocide fusent<\/i>\u201d.<sup>3<\/sup><\/p>\n<p>&nbsp;<\/p>\n<p><b>La puissance des termes<\/b><\/p>\n<p>&nbsp;<\/p>\n<p>Dans la continuit\u00e9 du point pr\u00e9c\u00e9dent, il est essentiel de s\u2019attarder sur le d\u00e9bat autour de l\u2019utilisation de l\u2019appellation \u2018terroriste\u2019, une terminologie aux cons\u00e9quences qui semblent insoup\u00e7onn\u00e9es par beaucoup de journalistes. Ainsi, si l\u2019Union europ\u00e9enne classifie depuis 2001 le Hamas comme une organisation terroriste, un tel consensus n\u2019est pas de mise en Asie et en Am\u00e9rique latine par exemple. Cela est d\u00fb aux multiples d\u00e9finitions donn\u00e9es au \u2018terrorisme\u2019. A ce titre, Iris Lambert<sup>4<\/sup>\u00a0(Doctorante en sciences politique et relations internationales et rattach\u00e9e au Centre de Recherches Internationales) note : \u201c(qu\u2019)\u00a0<i>En d\u00e9pit de ces concours de d\u00e9finition, la recherche a produit un certain nombre de descripteurs du terrorisme. Ces \u00e9l\u00e9ments-cl\u00e9s s\u2019apparentent \u00e0 l\u2019utilisation de la violence physique l\u00e9tale, au caract\u00e8re politique de l\u2019acte terroriste et de son aspect communicationnel. Enfin, comme le sugg\u00e8rent les d\u00e9cisions port\u00e9es par le droit international, le ciblage de non-combattants semble central<\/i>\u201d. Par cons\u00e9quent, si l\u2019on souhaite qualifier les actes du Hamas de \u2018terrorisme\u2019, la rigueur intellectuelle tiendrait \u00e0 ce qu\u2019on en fasse de m\u00eame concernant Isra\u00ebl pour ces actes. \u00c9galement, sous cette m\u00eame logique, il serait paradoxal pour Isra\u00ebl de condamner sans condition le Hamas alors que l\u2019Etat participe strat\u00e9giquement \u00e0 son financement afin de maintenir une s\u00e9paration entre les branches politiques gazaouie et cisjordanienne<sup>5<\/sup>. La devise d\u2019Isra\u00ebl devrait ainsi \u00eatre renomm\u00e9e en r\u00e9f\u00e9rence au c\u00e9l\u00e8bre adage : \u201cdiviser pour mieux r\u00e9gner\u201d. Dans cette continuit\u00e9, Sylvain Cypel, dans son ouvrage \u201c<i>L\u2019Etat d\u2019Isra\u00ebl contre les Juifs<\/i>\u201d, a mis en avant les actes de terreur ordinaires orchestr\u00e9s strat\u00e9giquement et syst\u00e9matiquement par l\u2019arm\u00e9e isra\u00e9lienne \u00e0 des fins de soumission de la population palestinienne.<\/p>\n<p>&nbsp;<\/p>\n<p>En outre, Lambert souligne la port\u00e9e symbolique du terme : \u201c<i>Ainsi, parler du terrorisme comme d\u2019une monstruosit\u00e9 revient, si on suit la logique propre \u00e0 la transposition du vivant au moral, puis au conceptuel, \u00e0 en faire une dynamique fondamentalement extrins\u00e8que \u00e0 nos syst\u00e8mes politiques et \u00e9thiques et face \u00e0 laquelle les r\u00e8gles habituelles de retenue et de protection ne s\u2019appliquent plus<\/i>\u201d. Comment, d\u00e8s lors, est-il envisageable de d\u00e9battre quand une des deux parties est \u2018contr\u00f4l\u00e9e\u2019 par une monstrueuse entit\u00e9 qu\u2019elle a elle-m\u00eame soigneusement mise \u00e0 sa t\u00eate d\u00e8s 2006? La dangerosit\u00e9 autour de la c\u00e9cit\u00e9 provoqu\u00e9e par l\u2019emploi du terme n\u2019entend pas appr\u00e9hender une situation \u00e0 la complexit\u00e9 inh\u00e9rente \u00e0 chaque conflit.<\/p>\n<p>&nbsp;<\/p>\n<p>\u201c<i>Par ailleurs, la cat\u00e9gorisation \u00ab terroriste \u00bb permet de r\u00e9duire des dynamiques sociales et politiques \u00e0 des \u00e9v\u00e9nements uniques et choquants. [\u2026] La nouvelle s\u00e9quence de violence arm\u00e9e entre le Hamas et Isra\u00ebl est ainsi \u00ab r\u00e9duite \u00bb \u00e0 l\u2019attaque du 7 octobre, sans que ne soit pris en consid\u00e9ration le temps long du conflit, \u00e0 savoir ici plus de soixante-dix ans, caract\u00e9ris\u00e9s par de nombreuses convulsions arm\u00e9es et une asym\u00e9trie de puissance en faveur d\u2019Isra\u00ebl, tant sur le plan diplomatique que sur le plan militaire<\/i>\u201d. Iris Lambert rejoint par l\u00e0 nos conclusions en amont traitant du pr\u00e9sentisme. Plus concr\u00e8tement, la chercheuse remarque des effets d\u00e9sastreux sur la capacit\u00e9 critique de l\u2019opinion publique : \u201c<i>Petit \u00e0 petit, ceux qui soutiennent les buts et les objectifs \u2013 sans n\u00e9cessairement soutenir les m\u00e9thodes \u2013 d\u2019un groupe dit terroriste sont consid\u00e9r\u00e9s comme des complices et doivent \u00eatre punis, poursuivis pour des faits politiques, comme la participation \u00e0 des manifestations ou \u00e0 des campagnes d\u2019activisme, davantage que pour de r\u00e9els actes criminels. Ces amalgames invisibilisent les subtilit\u00e9s partisanes au sein m\u00eame des \u00e9lecteurs de Gaza dont le soutien au Hamas reste partiel, fluide et mouvant comme toute opinion publique<\/i>\u201d. Le comble peut finalement s\u2019appr\u00e9cier au travers du fait que\u00a0 : \u201c[\u2026]\u00a0<i>l\u2019expulsion des \u00ab terroristes \u00bb du champ moral des Etats et de la communaut\u00e9 internationale isole diplomatiquement les acteurs violents et limite toute possibilit\u00e9 d\u2019accords permettant des cessez-le-feu puis des accords de paix qui pourraient s\u2019attaquer aux causes socio-politiques du conflit en proposant des mesures de r\u00e9tablissement d\u2019une certaine forme de justice sociale et politique<\/i>\u201d. En ce sens, le cas de normalisation des FARCS par les autorit\u00e9s colombiennes est par exemple \u00e9difiant comme preuve empirique que le dialogue permet des avanc\u00e9es (voir encadr\u00e9).<\/p>\n<p>&nbsp;<\/p>\n<table>\n<tbody>\n<tr>\n<td>Les accords de paix sign\u00e9s en 2016 en Colombie par le gouvernement et la gu\u00e9rilla des FARC-EP ont notamment permis l\u2019abandon de la terminologie \u2018terroriste\u2019 faisant pourtant la norme depuis 2001. Ce processus a permis la mise en place d\u2019une justice restaurative et transitionnelle au travers de la Juridiction sp\u00e9ciale pour la paix (JEP). Sans signifier l\u2019abandon des poursuites, la requalification a ouvert la voie \u00e0 des condamnations plus justes et graduelles selon les faits commis, pouvant atteindre le crime contre l\u2019humanit\u00e9. De plus, l\u2019Etat et ses agents ont pu \u00eatre jug\u00e9s pour leurs actes et massacres perp\u00e9tr\u00e9s. Comme le rappelle Iris Lambert, il est \u00e0 ce propos essentiel d\u2019organiser une justice \u00e9quitable si elle se veut g\u00e9n\u00e9ratrice de paix \u00e0 long terme.<\/td>\n<\/tr>\n<\/tbody>\n<\/table>\n<p>&nbsp;<\/p>\n<p>__________<\/p>\n<p>&nbsp;<\/p>\n<p>Finalement les grandes lignes de cette enqu\u00eate sont assez claires. En somme, un traitement plut\u00f4t juste de la question isra\u00e9lo-palestinienne est mis en \u0153uvre jusqu\u2019\u00e0 une certaine mesure. N\u00e9anmoins, les faits expos\u00e9s plus hauts rappellent que la vigilance doit toujours rester de mise pour les journalistes concernant le traitement de l\u2019information, en particulier celle transmise par leurs soins. Si leur r\u00f4le est \u00e9videmment crucial pour \u00e9clairer les faits, les r\u00e9cents mois ont prouv\u00e9 que l\u2019usage des r\u00e9seaux sociaux par une partie plut\u00f4t jeune de la population leur a permis de jouir de sources informationnelles plus primaires et \u00e9vocatrices. Malgr\u00e9 le miasme propagandiste aliment\u00e9 par les deux parties, les vid\u00e9os de civils palestiniens, tout comme celles d\u00e9voilant le manque d\u2019humanit\u00e9 des soldats de l\u2019IDF, ont pu lever le voile d\u2019une bonne partie de l\u2019opinion publique sur l\u2019impunit\u00e9 et la violence isra\u00e9lienne. Face \u00e0 cela, si les journalistes de presse \u00e9crite souhaitent conserver un semblant de cr\u00e9dibilit\u00e9, il serait bon pour eux de s\u2019adonner \u00e0 une relecture de la Charte de Munich.<\/p>\n<pre>1.\u00a0<a href=\"https:\/\/www.lalibre.be\/debats\/edito\/2023\/10\/09\/condamner-labject-sans-retenue-76DBT472YBCUJKQEEJPY7EEIG4\/\">Condamner l\u2019abject, sans retenue - La Libre<\/a>\r\n\r\n2.\u00a0<a href=\"https:\/\/www.lalibre.be\/debats\/edito\/2023\/10\/20\/le-naufrage-du-ptb-RWOPWIECIBHJZOTU4DKC6ITWGQ\/\">Le naufrage du PTB - La Libre<\/a>\r\n\r\n3.<a href=\"https:\/\/www.lesoir.be\/561126\/article\/2024-01-13\/carta-academica-la-guerre-juste-de-boutcha-rafah\">Carta Academica : La guerre juste, de Boutcha \u00e0 Rafah - Le Soir<\/a>\r\n\r\n4. <a href=\"https:\/\/www.sciencespo.fr\/ceri\/fr\/content\/dossiersduceri\/hamas-risques-et-perils-de-lappellation-terroriste\">Hamas : risques et p\u00e9rils de l'appellation \u00ab terroriste \u00bb | Sciences Po CERI<\/a>\r\n\r\n5.\u00a0<a href=\"https:\/\/www.bbc.com\/afrique\/articles\/cll7nmeev6eo\">Conflit isra\u00e9lo - palestinien : que sait-on du financement du Hamas ? - BBC News Afrique<\/a>\r\n\r\n\r\n<strong>Rom\u00e9o CHEVAUX<\/strong>\r\n\r\nArticle 3\/3<\/pre>\n<p>&nbsp;<\/p>\n<pre><\/pre>\n","protected":false},"excerpt":{"rendered":"<p>La volont\u00e9 de r\u00e9aliser ce travail est n\u00e9e de l\u2019observation faite du traitement post-7 octobre par le paysage m\u00e9diatique fran\u00e7ais. En me basant sur la m\u00e9thode d\u2019analyse tr\u00e8s pertinente issue de la s\u00e9rie d\u2019articles en trois parties de l\u2019Acrimed intitul\u00e9e : \u201cIsra\u00ebl-Palestine, le 7 octobre et apr\u00e8s\u201d, j\u2019ai d\u00e9cid\u00e9 de l\u2019adapter au cas belge. Sans &#8230; <a title=\"Le traitement par les journaux \u00e9crits belges des \u00e9v\u00e8nements post-7 octobre en Isra\u00ebl-Palestine : une enqu\u00eate qualitative sur \u2018La Libre\u2019 et \u2018Le Soir\u2019\" class=\"read-more\" href=\"https:\/\/bruxelles-pantheres.be\/?p=5956\" aria-label=\"En savoir plus sur Le traitement par les journaux \u00e9crits belges des \u00e9v\u00e8nements post-7 octobre en Isra\u00ebl-Palestine : une enqu\u00eate qualitative sur \u2018La Libre\u2019 et \u2018Le Soir\u2019\">Lire la suite<\/a><\/p>\n","protected":false},"author":1,"featured_media":1029,"comment_status":"open","ping_status":"open","sticky":false,"template":"","format":"standard","meta":{"footnotes":""},"categories":[539,6,537],"tags":[],"class_list":["post-5956","post","type-post","status-publish","format-standard","has-post-thumbnail","hentry","category-belgique","category-palestine-moyen-orient","category-presse-medias"],"_links":{"self":[{"href":"https:\/\/bruxelles-pantheres.be\/index.php?rest_route=\/wp\/v2\/posts\/5956","targetHints":{"allow":["GET"]}}],"collection":[{"href":"https:\/\/bruxelles-pantheres.be\/index.php?rest_route=\/wp\/v2\/posts"}],"about":[{"href":"https:\/\/bruxelles-pantheres.be\/index.php?rest_route=\/wp\/v2\/types\/post"}],"author":[{"embeddable":true,"href":"https:\/\/bruxelles-pantheres.be\/index.php?rest_route=\/wp\/v2\/users\/1"}],"replies":[{"embeddable":true,"href":"https:\/\/bruxelles-pantheres.be\/index.php?rest_route=%2Fwp%2Fv2%2Fcomments&post=5956"}],"version-history":[{"count":5,"href":"https:\/\/bruxelles-pantheres.be\/index.php?rest_route=\/wp\/v2\/posts\/5956\/revisions"}],"predecessor-version":[{"id":5989,"href":"https:\/\/bruxelles-pantheres.be\/index.php?rest_route=\/wp\/v2\/posts\/5956\/revisions\/5989"}],"wp:featuredmedia":[{"embeddable":true,"href":"https:\/\/bruxelles-pantheres.be\/index.php?rest_route=\/wp\/v2\/media\/1029"}],"wp:attachment":[{"href":"https:\/\/bruxelles-pantheres.be\/index.php?rest_route=%2Fwp%2Fv2%2Fmedia&parent=5956"}],"wp:term":[{"taxonomy":"category","embeddable":true,"href":"https:\/\/bruxelles-pantheres.be\/index.php?rest_route=%2Fwp%2Fv2%2Fcategories&post=5956"},{"taxonomy":"post_tag","embeddable":true,"href":"https:\/\/bruxelles-pantheres.be\/index.php?rest_route=%2Fwp%2Fv2%2Ftags&post=5956"}],"curies":[{"name":"wp","href":"https:\/\/api.w.org\/{rel}","templated":true}]}}