{"id":5959,"date":"2024-06-27T15:08:40","date_gmt":"2024-06-27T14:08:40","guid":{"rendered":"https:\/\/bruxelles-pantheres.be\/?p=5959"},"modified":"2024-06-07T15:14:42","modified_gmt":"2024-06-07T14:14:42","slug":"entretien-avec-retrace","status":"publish","type":"post","link":"https:\/\/bruxelles-pantheres.be\/?p=5959","title":{"rendered":"Entretien avec Retrace"},"content":{"rendered":"<div class=\"container\">\n<div class=\"main__content\">\n<article class=\"article\">\n<h4>\u00ab Ce qui structure le champ militant en Belgique, c\u2019est d\u2019abord le travail des familles de victimes\u00a0\u00bb : entretien avec Retrace<\/h4>\n<p>Le 9 mai 2017, Ouassim Toumi, 24 ans, et Sabrina El Bakkali, 20 ans, trouvaient la mort dans une course poursuite avec la police belge \u00e0 Bruxelles, leur moto ayant percut\u00e9 une voiture de police positionn\u00e9e en barrage \u00e0 la sortie d\u2019un tunnel dans le centre-ville. Six ans apr\u00e8s, en d\u00e9cembre 2023, les trois agents de police impliqu\u00e9s dans la course poursuite mortelle ont \u00e9t\u00e9 condamn\u00e9s \u00e0 de la prison ferme \u2013 une exception pour la justice belge.<\/p>\n<p>Quelques jours avant l\u2019ouverture du proc\u00e8s, en novembre 2023, le groupe de recherche belge Retrace a publi\u00e9 une enqu\u00eate-vid\u00e9o, en partenariat avec Le Soir, qui reconstitue les faits \u00e0 travers une mod\u00e9lisation 3D. INDEX, qui a suivi la production de cette enqu\u00eate \u00e0 distance, s\u2019est entretenu avec les membres de Retrace : points de vue crois\u00e9s depuis la Belgique et la France sur la question des violences polici\u00e8res et l\u2019approche de la contre-enqu\u00eate ind\u00e9pendante.<\/p>\n<div class=\"date__groupe\"><span class=\"date\">Publi\u00e9 le 31.05.2024<\/span><\/div>\n<\/article>\n<\/div>\n<\/div>\n<p><!--more--><\/p>\n<div class=\"date__groupe\"><\/div>\n<figure class=\"wp-block-embed is-type-video is-provider-youtube wp-block-embed-youtube wp-embed-aspect-16-9 wp-has-aspect-ratio\">\n<div class=\"wp-block-embed__wrapper\"><iframe title=\"Sabrina et Ouassim - Contre Enqu\u00eate sur la course-poursuite polici\u00e8re mortelle\" src=\"https:\/\/www.youtube.com\/embed\/zMqpvJJvaes?feature=oembed\" width=\"500\" height=\"281\" frameborder=\"0\" allowfullscreen=\"allowfullscreen\" data-mce-fragment=\"1\"><\/iframe><\/div><figcaption class=\"wp-element-caption\"><em>\u00ab<\/em>\u00a0<em>Sabrina et Ouassim \u2013 Contre Enqu\u00eate sur la course-poursuite polici\u00e8re mortelle \u00bb, par Retrace, publi\u00e9e le 04.11.2023<\/em><\/figcaption><\/figure>\n<div class=\"wp-block-spacer\" aria-hidden=\"true\"><\/div>\n<p class=\"has-text-color has-link-color wp-elements-22e7bbf6be08c62771be1d93d6f3dca9\"><strong>INDEX :<em>\u00a0<\/em><\/strong>Pouvez-vous commencer par vous pr\u00e9senter ?<\/p>\n<p><strong>Arnaud Mewis :<\/strong>\u00a0<a href=\"https:\/\/www.retrace.be\/\">Retrace<\/a>\u00a0Investigations est un groupe ind\u00e9pendant de recherche et de contre-enqu\u00eate sur les violences d\u2019\u00c9tat. Le groupe est actuellement compos\u00e9 par R\u00e9my Farge, chercheur en droits humains sp\u00e9cialis\u00e9 sur les questions li\u00e9es \u00e0 la police et \u00e0 la justice, L\u00e9o Guillaume, vid\u00e9aste, et moi-m\u00eame, qui suis architecte et mod\u00e9lisateur 3D. Nous sommes actifs depuis 2022, et bas\u00e9s en Belgique.<\/p>\n<p><strong>R\u00e9my Farge :<\/strong>\u00a0\u00c0 l\u2019heure actuelle, nous voyons plus Retrace comme un groupe de recherche que comme un groupe d\u2019experts ou un groupe militant. Nous ne sommes pas des experts dans le sens o\u00f9, pour cette affaire, nous n\u2019avons pas voulu produire une expertise \u00e0 valeur judiciaire. En m\u00eame temps, notre approche diff\u00e8re de celle des militants comme les collectifs de familles de victimes ou leurs groupes de soutien \u2013\u00a0m\u00eame si nous consid\u00e9rons, par exemple, que les familles Toumi et El Bakkali ont elles-m\u00eames men\u00e9, depuis 2017, un v\u00e9ritable travail de contre-enqu\u00eate sur le cas du d\u00e9c\u00e8s de Ouassim et Sabrina, qu\u2019il faut reconna\u00eetre.<\/p>\n<div class=\"wp-block-spacer\" aria-hidden=\"true\"><\/div>\n<p class=\"has-text-color has-link-color wp-elements-e6a274c7f578a7342cee5b79b3056483\"><strong>INDEX :\u00a0<\/strong>Comment avez-vous \u00e9t\u00e9 amen\u00e9s \u00e0 travailler sur cette affaire en particulier ? Est-ce que le cas de Sabrina et Ouassim avait \u00e9t\u00e9 particuli\u00e8rement m\u00e9diatis\u00e9 en Belgique ?<strong>\u00a0<\/strong><\/p>\n<p><strong>L\u00e9o Guillaume :<\/strong>\u00a0Il y a eu beaucoup de cas de morts lors de courses poursuites en Belgique, avant et apr\u00e8s celles de Sabrina et Ouassim. Tout comme en France, ce sont des affaires qui posent des questionnements importants, qui mettent en lumi\u00e8re des probl\u00e8mes dans le fonctionnement de la police depuis plusieurs ann\u00e9es. Certaines de ces affaires sont plus m\u00e9diatis\u00e9es que d\u2019autres, comme par exemple celle d\u2019Adil Charrot [<em>mort \u00e0 Anderlecht en 2020, ndr<\/em>] ou de Mawda Shawri [<em>une petite fille de deux ans, mortellement atteinte d\u2019une balle dans la t\u00eate lors d\u2019une course poursuite sur une autoroute belge, le 17 mai 2018<\/em>,\u00a0<em>ndr<\/em>]. Personnellement, je n\u2019avais pas entendu parler de l\u2019affaire de Sabrina et Ouassim au moment des faits, il y avait eu tr\u00e8s peu d\u2019articles, quelques coupures dans les rubriques des faits divers dans les jours qui ont suivi les faits. C\u2019\u00e9tait un cas assez peu m\u00e9diatis\u00e9, et c\u2019est d\u2019ailleurs aussi pour \u00e7a qu\u2019on s\u2019y est int\u00e9ress\u00e9, avec l\u2019intention de produire une enqu\u00eate qui permette de comprendre plus pr\u00e9cis\u00e9ment ce qui s\u2019\u00e9tait pass\u00e9.<\/p>\n<p><strong>RF :<\/strong>\u00a0Comme \u00e9voqu\u00e9 pr\u00e9c\u00e9demment, il faut dire que depuis le d\u00e9but, les deux familles des victimes ont fait un \u00e9norme travail de visibilisation de l\u2019affaire, \u00e0 travers des manifestations publiques, des rassemblements r\u00e9guliers\u2026 Donc, il y avait un hiatus entre ce qui \u00e9tait connu au sein du milieu militant d\u2019une part et, d\u2019autre part, l\u2019attention m\u00e9diatique qui \u00e9tait port\u00e9e sur l\u2019affaire, qui ne refl\u00e9tait pas ou qui ne traduisait pas le travail de fond qui avait \u00e9t\u00e9 effectu\u00e9 par les familles.<\/p>\n<div class=\"wp-block-spacer\" aria-hidden=\"true\"><\/div>\n<p class=\"has-text-color has-link-color wp-elements-bb14f5ecaeafcd70b8a3cef2f2821650\"><strong>INDEX :<em>\u00a0<\/em><\/strong>Au cours de la derni\u00e8re d\u00e9cennie, au travers de cas embl\u00e9matiques comme la mort d\u2019Adama Traor\u00e9, le sujet des violences polici\u00e8res s\u2019est fray\u00e9 une place importante dans l\u2019espace m\u00e9diatique fran\u00e7ais, et donc dans le d\u00e9bat public. Est-ce le cas en Belgique \u00e9galement ?<\/p>\n<p><strong>RF :<\/strong>\u00a0Je pense qu\u2019on fait le m\u00eame constat en Belgique, que le sujet progresse, mais souvent au travers de l\u2019actualit\u00e9 internationale. C\u2019est un constat un peu amer, car on va parler du meurtre de George Floyd beaucoup plus qu\u2019on ne va parler, par exemple, de celui de Lamine Bangoura [<em>mort le 7 mai 2018 \u00e0 Roulers, Flandre occidentale,<\/em>\u00a0<em>ndr<\/em>], qui a pourtant \u00e9t\u00e9 tu\u00e9 dans des conditions comparables \u00e0 plusieurs \u00e9gards : \u00e0 savoir, c\u2019est un homme noir, \u00e9galement tu\u00e9 par un plaquage ventral, dont la mort a \u00e9t\u00e9 film\u00e9e, mais la vid\u00e9o n\u2019a pas du tout eu le m\u00eame effet. L\u2019affaire s\u2019est sold\u00e9e par un non-lieu, avec une m\u00e9diatisation relativement faible par rapport \u00e0 la gravit\u00e9 de l\u2019affaire et de ce qu\u2019elle r\u00e9v\u00e8le en mati\u00e8re de racisme et d\u2019impunit\u00e9 judiciaire.<\/p>\n<p>Ceci \u00e9tant dit, je pense que ce qui a vraiment structur\u00e9 le champ militant sur ces questions, c\u2019est le travail effectu\u00e9 par les familles des victimes, qui ne se limite pas \u00e0 la seule visibilisation mais qui a un effet en termes d\u2019organisation, ce qui contribue \u00e0 faire des violences polici\u00e8res un sujet d\u2019int\u00e9r\u00eat g\u00e9n\u00e9ral, dont on observe les cons\u00e9quences dans beaucoup de m\u00e9dias.<\/p>\n<div class=\"wp-block-spacer\" aria-hidden=\"true\"><\/div>\n<p class=\"has-text-color has-link-color wp-elements-5a3e094162b29465b83e5334d10c17b3\"><strong>INDEX :<em>\u00a0<\/em><\/strong>En France, on peut dresser le constat que la plus ample m\u00e9diatisation des violences polici\u00e8res aujourd\u2019hui r\u00e9sulte aussi du durcissement du maintien de l\u2019ordre, notamment dans le cadre de la r\u00e9pression du mouvement des Gilets Jaunes. Pour la premi\u00e8re fois, les armes de la police ont \u00e9t\u00e9 employ\u00e9es massivement contre des personnes blanches ; alors que, dans les d\u00e9cennies pr\u00e9c\u00e9dentes, leurs cibles se cantonnaient g\u00e9n\u00e9ralement \u00e0 des personnes racis\u00e9es, habitants des quartiers populaires issus de l\u2019immigration post-coloniale \u2013\u00a0et cette violence ne b\u00e9n\u00e9ficiait alors que d\u2019une couverture m\u00e9diatique marginale. Qu\u2019en est-il en Belgique ?<\/p>\n<p><strong>RF :<\/strong>\u00a0Il y a des \u00e9l\u00e9ments qui distinguent la France de la Belgique, notamment dans l\u2019armement utilis\u00e9 par la police. Par exemple, en Belgique, les LBD (Lanceurs de Balle de D\u00e9fense) n\u2019existent pas. Il arrive que les forces de police belges utilisent des\u00a0<em>flashball<\/em>\u00a0\u2013 le mod\u00e8le belge \u00e9tant le FN 303 \u2013 mais ils sont avant tout utilis\u00e9s contre des corps racis\u00e9s, dans les quartiers populaires, ou contre des membres de collectifs sans papiers, etc. En mati\u00e8re de maintien de l\u2019ordre, d\u2019autres formes de violence sont communes \u00e0 la France et \u00e0 la Belgique en revanche, comme le recours aux nasses, les arrestations arbitraires et les violences dans les commissariats. L\u00e0 aussi, cependant, on constate un traitement diff\u00e9renci\u00e9 selon qu\u2019il s\u2019agisse de corps racis\u00e9s ou pas. Lors de la manifestation \u00ab contre la justice de race et de classe \u00bb du 24 janvier 2021 \u00e0 Bruxelles, il y a eu \u00e9norm\u00e9ment d\u2019arrestations, ainsi que beaucoup de violences envers les personnes d\u00e9tenues ce jour-l\u00e0. Tant les arrestations que les violences physiques ont \u00e9t\u00e9, selon les t\u00e9moignages, largement discriminatoires : les personnes qui ont fait le plus l\u2019objet de violences ou d\u2019arrestations \u00e9taient des personnes non-blanches.<\/p>\n<div class=\"wp-block-spacer\" aria-hidden=\"true\"><\/div>\n<p class=\"has-text-color has-link-color wp-elements-cce4ba83ddaf9fa932c02984c0c5e1cc\"><strong>INDEX :<em>\u00a0<\/em><\/strong>Revenons au cas de Sabrina et Ouassim. Comment vous \u00eates-vous organis\u00e9s pour travailler ? Car c\u2019est justement \u00e0 travers cette contre-enqu\u00eate que s\u2019est form\u00e9 le collectif Retrace, n\u2019est-ce pas ?<\/p>\n<p><strong>AM :<\/strong>\u00a0Un travail consid\u00e9rable de contre-enqu\u00eate avait d\u00e9j\u00e0 \u00e9t\u00e9 fait par les familles et leurs avocats dans le cadre de l\u2019instruction. La structuration de notre \u00e9quipe s\u2019est largement appuy\u00e9e sur ce travail en amont. Puisque nous avions d\u00e9j\u00e0 le format vid\u00e9o en t\u00eate pour la r\u00e9alisation d\u2019une contre-enqu\u00eate \u00e0 destination du public, cela nous a aussi guid\u00e9 dans le travail qu\u2019on a men\u00e9, qui est un travail aussi bien d\u2019investigation que d\u2019\u00e9criture, de synth\u00e8se. C\u2019est \u00e9galement un travail essentiellement collectif, qui fait appel \u00e0 des comp\u00e9tences distinctes : d\u2019o\u00f9 la composition de notre \u00e9quipe, pour les besoins de reconstitution 3D, d\u2019\u00e9criture et de vid\u00e9o.<\/p>\n<p><strong>LG :<\/strong>\u00a0Je crois qu\u2019on s\u2019est assez vite entendu sur la n\u00e9cessit\u00e9 de mener un travail de contre-enqu\u00eate. On vous avait rencontr\u00e9 dans le cadre de la conf\u00e9rence qu\u2019a donn\u00e9e INDEX \u00e0 la facult\u00e9 d\u2019architecture de l\u2019Universit\u00e9 Libre de Bruxelles [<em>en mars 2022<\/em>,\u00a0<em>ndr<\/em>]. Les \u00e9changes qui en ont d\u00e9coul\u00e9 nous ont aid\u00e9 \u00e0 nous structurer, notamment sur le choix des outils techniques ou sur la fa\u00e7on d\u2019optimiser la d\u00e9marche de travail collectif.<\/p>\n<p>La rencontre avec le journaliste Arthur Sente et le partenariat avec\u00a0<em>Le Soir\u00a0<\/em>ont \u00e9galement \u00e9t\u00e9 importants : c\u2019\u00e9tait une nouvelle \u00e9tape qui mettait \u00e0 l\u2019\u00e9preuve notre mod\u00e8le, nos recherches, notre mani\u00e8re d\u2019analyser et de synth\u00e9tiser le dossier judiciaire. \u00c7a nous a aussi men\u00e9 \u00e0 r\u00e9fl\u00e9chir \u00e0 la diffusion de l\u2019enqu\u00eate au grand public. Au final, \u00e7a a \u00e9t\u00e9 long, la production de cette contre-enqu\u00eate nous a pris plus d\u2019un an.<\/p>\n<p><strong>RF :<\/strong>\u00a0Nous nous sommes inspir\u00e9s de groupes existants, notamment\u00a0<em>Forensic Architecture<\/em>\u00a0et, par filiation, INDEX \u00e9galement. Je crois qu\u2019on partage au moins deux approches. D\u2019un c\u00f4t\u00e9, l\u2019id\u00e9e d\u2019examiner un cas tr\u00e8s sp\u00e9cifique pour interroger un sujet plus g\u00e9n\u00e9ral, ici les pratiques de la police belge, notamment les courses poursuites. De l\u2019autre, la transparence et le partage des savoirs : faire en sorte que toutes les \u00e9tapes de l\u2019analyse ou de l\u2019enqu\u00eate soient clairement expos\u00e9es, v\u00e9rifiables, voire reproductibles. Dans une d\u00e9marche it\u00e9rative, le fait que nous ayons r\u00e9guli\u00e8rement sollicit\u00e9 des retours sur l\u2019enqu\u00eate au cours de sa production \u2013 que ce soit aupr\u00e8s d\u2019INDEX, avec Arthur Sente, ou encore en consultant des experts ext\u00e9rieurs \u2013 s\u2019inscrit dans cet esprit d\u2019\u00e9changes, que nous situons au coeur du processus de recherche.<\/p>\n<div class=\"wp-block-spacer\" aria-hidden=\"true\"><\/div>\n<p class=\"has-text-color has-link-color wp-elements-ac05d20c5ff86f87462ac56f5fc757e4\"><strong>INDEX :<em>\u00a0<\/em><\/strong>Votre contre-enqu\u00eate a \u00e9t\u00e9 publi\u00e9e trois jours avant l\u2019ouverture du proc\u00e8s, en novembre 2023. Est-ce qu\u2019elle a \u00e9t\u00e9 vers\u00e9e au dossier de la proc\u00e9dure ? A-t-elle eu un impact sur le plan judiciaire ?<\/p>\n<p><strong>RF :<\/strong>\u00a0Non, elle n\u2019a pas \u00e9t\u00e9 vers\u00e9e au dossier. Cela ne faisait pas partie de nos objectifs principaux. Pour nous, la fonction premi\u00e8re de cette contre-enqu\u00eate \u00e9tait d\u2019\u00e9clairer le public afin que des personnes puissent \u00e9valuer le travail de la justice \u00e0 l\u2019aune des faits que nous rendions publics, et que nous pr\u00e9sentions de mani\u00e8re d\u00e9taill\u00e9e sous la forme d\u2019une reconstitution.<\/p>\n<p><strong>LG :<\/strong>\u00a0Le dossier judiciaire de cette affaire, comme c\u2019est souvent le cas pour les affaires de violences polici\u00e8res, est complexe et technique. Pour nous, il y avait un v\u00e9ritable enjeu \u00e0 rendre compte de son contenu, de mani\u00e8re synth\u00e9tique, \u00e0 destination du public \u2013\u00a0afin de contribuer \u00e0 visibiliser l\u2019affaire et \u00e0 la faire exister dans le d\u00e9bat public. Il n\u2019y a pas de documentation vid\u00e9o, donc l\u2019enjeu, c\u2019\u00e9tait de rendre visible et compr\u00e9hensible les faits.<\/p>\n<p><strong>RF :<\/strong>\u00a0Dans certains cas, c\u2019est l\u2019abondance d\u2019images qui peut motiver la r\u00e9alisation d\u2019une reconstitution 3D, afin de croiser ces images. Dans d\u2019autre cas, comme celui-ci, le recours \u00e0 la 3D est justifi\u00e9 par le besoin de pallier l\u2019absence d\u2019images. C\u2019est \u00e9galement une approche que vous utilisez chez INDEX ou\u00a0<em>Forensic Architecture<\/em>. Il s\u2019agissait pour nous de rendre plus tangible le r\u00e9cit des faits : \u00e0 travers une reconstitution \u00e0 l\u2019aide d\u2019images satellite pour mieux situer dans l\u2019environnement urbain les risques qu\u2019a produit la course poursuite entam\u00e9e par les policiers, et mieux donner \u00e0 voir comment la voiture impliqu\u00e9e dans la collision faisait obstacle \u00e0 la moto contrairement \u00e0 ce qui est prescrit.<\/p>\n<div class=\"wp-block-spacer\" aria-hidden=\"true\"><\/div>\n<p id=\"renvoi1\" class=\"has-text-color has-link-color wp-elements-1a93e4a1190dd1b406761c7d47d01fec\"><strong>INDEX :<em>\u00a0<\/em><\/strong>Le 5 d\u00e9cembre 2023, les trois policiers impliqu\u00e9s dans la mort de Sabrina et Ouassim ont \u00e9t\u00e9 condamn\u00e9s en premi\u00e8re instance \u00e0 des peines de prison ferme, allant de 5 \u00e0 10 mois. Avez-vous \u00e9t\u00e9 surpris par ce verdict ? Y a-t-il des pr\u00e9c\u00e9dents, en Belgique, o\u00f9 des policiers en intervention ont \u00e9t\u00e9 condamn\u00e9s \u00e0 de la prison ferme ?<\/p>\n<p><strong>RF :<\/strong>\u00a0Cette condamnation rel\u00e8ve de l\u2019exception. On parlait au d\u00e9but de cet entretien de l\u2019affaire Mawda, dont les faits sont d\u2019une gravit\u00e9 extr\u00eame et qui sont bien document\u00e9s. Le policier auteur du tir qui a tu\u00e9 cette enfant a \u00e9t\u00e9 condamn\u00e9 \u00e0 un an de prison avec sursis, puis la peine a \u00e9t\u00e9 r\u00e9duite \u00e0 dix mois avec sursis en appel. Il est tr\u00e8s rare que des policiers soient condamn\u00e9s \u00e0 de la prison ferme \u2013 m\u00eame si les peines prononc\u00e9es dans l\u2019affaire Sabrina et Ouassim sont trop courtes pour que les inspecteurs aillent effectivement en prison. Il faut aussi rappeler que les policiers ont fait appel et que le proc\u00e8s se tiendra en septembre. Par ailleurs, d\u2019apr\u00e8s nos informations, ils n\u2019ont pas \u00e9t\u00e9 suspendus ; donc, a priori, pour l\u2019instant, ils exercent toujours.<\/p>\n<div class=\"wp-block-spacer\" aria-hidden=\"true\"><\/div>\n<p class=\"has-text-color has-link-color wp-elements-9842d67a57c7acc5165df76a818ffb38\"><strong>INDEX :<em>\u00a0<\/em><\/strong>Quelles ont \u00e9t\u00e9 les r\u00e9actions \u00e0 ce verdict, par exemple au sein de la\u00a0 hi\u00e9rarchie polici\u00e8re ou des syndicats de police ?<\/p>\n<p><strong>RF :<\/strong>\u00a0\u00c0 l\u2019issue de la condamnation il y a eu plusieurs r\u00e9actions de la part de l\u2019institution polici\u00e8re. Il y a eu une manifestation organis\u00e9e \u00e0 la suite du proc\u00e8s par des policiers devant le palais de justice de Bruxelles, et il y a eu aussi un communiqu\u00e9 de presse du chef de la zone de police concern\u00e9e, Bruxelles-Ixelles. Dans ce communiqu\u00e9, le chef de corps affirmait \u00ab r\u00e9it\u00e9rer sa confiance \u00bb et son \u00ab soutien \u00bb \u00e0 ses effectifs. La presse a interrog\u00e9 de nombreux policiers dans les jours qui ont suivis ; je me souviens d\u2019un agent interpr\u00e9tant ce jugement comme une \u00ab \u00e9p\u00e9e de Damocl\u00e8s \u00bb, qui aurait pour cons\u00e9quence d\u2019emp\u00eacher toute op\u00e9ration de police. Par ailleurs, un syndicat de police s\u2019en est pris directement \u00e0 notre travail sur les r\u00e9seaux sociaux. L\u2019institution polici\u00e8re s\u2019est donc positionn\u00e9e en opposition directe avec la d\u00e9cision de justice. Sa r\u00e9action a \u00e9t\u00e9 enti\u00e8rement d\u00e9fensive et donc tr\u00e8s probl\u00e9matique.<\/p>\n<p><strong>AM :\u00a0<\/strong>Il est \u00e9vident que le verdict n\u2019a pas donn\u00e9 lieu \u00e0 une remise en question des pratiques polici\u00e8res de course poursuite en Belgique. L\u2019institution polici\u00e8re reste dans le d\u00e9ni de tout probl\u00e8me structurel avec ses pratiques.<\/p>\n<div class=\"wp-block-spacer\" aria-hidden=\"true\"><\/div>\n<p class=\"has-text-color has-link-color wp-elements-261f6d6a19712d736f6499669c258d58\"><strong>INDEX :<em>\u00a0<\/em><\/strong>Est-ce qu\u2019il y a eu des cas de course poursuite similaires \u00e0 celui de Sabrina et Ouassim depuis leur mort ?<\/p>\n<p><strong>RF :<\/strong>\u00a0\u00c0 la fin de notre enqu\u00eate, pour adresser la probl\u00e9matique des courses poursuites, on cite justement d\u2019autres cas de morts en course poursuite. La plupart sont post\u00e9rieurs \u00e0 2017 et donc au d\u00e9c\u00e8s de Sabrina et Ouassim. Dans cette liste, il y a la mort d\u2019Adil Charrot en 2020 et celle de Mehdi Bouda en 2019. Dans les deux cas, la chambre du conseil \u2013 la juridiction qui d\u00e9cide d\u2019engager ou non des poursuites judiciaires en Belgique \u2013 a r\u00e9cemment rendu une ordonnance de non-lieu, donc a d\u00e9cid\u00e9 de ne pas poursuivre les policiers. Il va y avoir des appels de ces d\u00e9cisions, mais force est de constater que les deux derni\u00e8res affaires qui ont fait l\u2019objet d\u2019une d\u00e9cision de justice et qui impliquent des courses poursuites ont abouti \u00e0 un non-lieu. Elles n\u2019ont donc pas pu, \u00e0 ce jour, faire l\u2019objet d\u2019un d\u00e9bat public dans le cadre d\u2019un proc\u00e8s.<\/p>\n<div class=\"wp-block-spacer\" aria-hidden=\"true\"><a href=\"https:\/\/www.index.ngo\/eclairages\/ce-qui-structure-le-champ-militant-en-belgique-cest-dabord-le-travail-des-familles-de-victimes-entretien-avec-retrace\/?utm_source=brevo&amp;utm_campaign=Newsletter%2002&amp;utm_medium=email\">[Propos recueillis par INDEX le 27 mai 2024]<\/a><\/div>\n<blockquote class=\"wp-block-quote\"><p>Pour en savoir plus et suivre les activit\u00e9s du collectif\u00a0<em>Retrace<\/em>, rendez-vous sur leur\u00a0<a href=\"http:\/\/retrace.be\/\">site web<\/a>.<\/p><\/blockquote>\n","protected":false},"excerpt":{"rendered":"<p>\u00ab Ce qui structure le champ militant en Belgique, c\u2019est d\u2019abord le travail des familles de victimes\u00a0\u00bb : entretien avec Retrace Le 9 mai 2017, Ouassim Toumi, 24 ans, et Sabrina El Bakkali, 20 ans, trouvaient la mort dans une course poursuite avec la police belge \u00e0 Bruxelles, leur moto ayant percut\u00e9 une voiture de &#8230; <a title=\"Entretien avec Retrace\" class=\"read-more\" href=\"https:\/\/bruxelles-pantheres.be\/?p=5959\" aria-label=\"En savoir plus sur Entretien avec Retrace\">Lire la suite<\/a><\/p>\n","protected":false},"author":1,"featured_media":5470,"comment_status":"open","ping_status":"open","sticky":false,"template":"","format":"standard","meta":{"footnotes":""},"categories":[539,537,28,5],"tags":[569,441,570,492],"class_list":["post-5959","post","type-post","status-publish","format-standard","has-post-thumbnail","hentry","category-belgique","category-presse-medias","category-racismes","category-violence-policiere","tag-adil-charrot","tag-lamine-bangoura","tag-mawda-shawri","tag-sabrina-et-ouassim"],"_links":{"self":[{"href":"https:\/\/bruxelles-pantheres.be\/index.php?rest_route=\/wp\/v2\/posts\/5959","targetHints":{"allow":["GET"]}}],"collection":[{"href":"https:\/\/bruxelles-pantheres.be\/index.php?rest_route=\/wp\/v2\/posts"}],"about":[{"href":"https:\/\/bruxelles-pantheres.be\/index.php?rest_route=\/wp\/v2\/types\/post"}],"author":[{"embeddable":true,"href":"https:\/\/bruxelles-pantheres.be\/index.php?rest_route=\/wp\/v2\/users\/1"}],"replies":[{"embeddable":true,"href":"https:\/\/bruxelles-pantheres.be\/index.php?rest_route=%2Fwp%2Fv2%2Fcomments&post=5959"}],"version-history":[{"count":1,"href":"https:\/\/bruxelles-pantheres.be\/index.php?rest_route=\/wp\/v2\/posts\/5959\/revisions"}],"predecessor-version":[{"id":5960,"href":"https:\/\/bruxelles-pantheres.be\/index.php?rest_route=\/wp\/v2\/posts\/5959\/revisions\/5960"}],"wp:featuredmedia":[{"embeddable":true,"href":"https:\/\/bruxelles-pantheres.be\/index.php?rest_route=\/wp\/v2\/media\/5470"}],"wp:attachment":[{"href":"https:\/\/bruxelles-pantheres.be\/index.php?rest_route=%2Fwp%2Fv2%2Fmedia&parent=5959"}],"wp:term":[{"taxonomy":"category","embeddable":true,"href":"https:\/\/bruxelles-pantheres.be\/index.php?rest_route=%2Fwp%2Fv2%2Fcategories&post=5959"},{"taxonomy":"post_tag","embeddable":true,"href":"https:\/\/bruxelles-pantheres.be\/index.php?rest_route=%2Fwp%2Fv2%2Ftags&post=5959"}],"curies":[{"name":"wp","href":"https:\/\/api.w.org\/{rel}","templated":true}]}}