{"id":596,"date":"2013-01-28T17:39:04","date_gmt":"2013-01-28T16:39:04","guid":{"rendered":"https:\/\/bruxelles-pantheres.be\/?p=596"},"modified":"2013-11-10T17:42:12","modified_gmt":"2013-11-10T16:42:12","slug":"quand-la-france-liberera-t-elle-georges-ibrahim-abdallah","status":"publish","type":"post","link":"https:\/\/bruxelles-pantheres.be\/?p=596","title":{"rendered":"Quand la France lib\u00e9rera-t-elle Georges Ibrahim Abdallah ?"},"content":{"rendered":"<div>\n<div>\n<h3><a href=\"http:\/\/www.egalite.be\/wp-content\/uploads\/2013\/01\/flyer_Toulouse_rogne.jpg\"><img decoding=\"async\" class=\"alignright\" alt=\"flyer_Toulouse_rogne\" src=\"http:\/\/www.egalite.be\/wp-content\/uploads\/2013\/01\/flyer_Toulouse_rogne.jpg\" width=\"299\" height=\"299\" \/><\/a><\/h3>\n<h3><em>La lib\u00e9ration de l\u2019activiste libanais, emprisonn\u00e9 depuis 1984 pour complicit\u00e9 d\u2019assassinat, est suspendue \u00e0 une d\u00e9cision de Manuel Valls et bloqu\u00e9e par le parquet. Son dossier pi\u00e9tine depuis 1999.<!--more--><\/em><\/h3>\n<\/div>\n<div>\n<p><img decoding=\"async\" class=\"alignright\" alt=\"\" src=\"http:\/\/www.politis.fr\/local\/cache-vignettes\/L650xH260\/arton20752-ef811.jpg\" width=\"650\" height=\"260\" \/><\/p>\n<div>\n<div>\n<p><strong>Vingt-huit ans apr\u00e8s son entr\u00e9e en prison,<\/strong> Georges Ibrahim Abdallah est devenu l\u2019un des plus anciens prisonniers politiques au monde. Ce Libanais de 61 ans a \u00e9t\u00e9 condamn\u00e9 le 28 f\u00e9vrier 1987 \u00e0 la r\u00e9clusion \u00e0 perp\u00e9tuit\u00e9 pour complicit\u00e9 dans l\u2019assassinat de deux diplomates isra\u00e9lien et am\u00e9ricain en France en 1982.<\/p>\n<pre><img decoding=\"async\" title=\"Georges Ibrahim Abdallah en 1986 au tribunal de Lyon, derri\u00e8re son avocat Jacques Verg\u00e8s.\" alt=\"Georges Ibrahim Abdallah en 1986 au tribunal de Lyon, derri\u00e8re son avocat Jacques Verg\u00e8s.\" src=\"http:\/\/www.politis.fr\/local\/cache-vignettes\/L250xH240\/abdallahcorps-fe6b0.jpg\" width=\"250\" height=\"240\" \/> \r\nGeorges Ibrahim Abdallah en 1986 au tribunal de Lyon, \r\nderri\u00e8re son avocat Jacques Verg\u00e8s. AFP<\/pre>\n<p>\u00c0 l\u2019\u00e9poque, aucune charge ne permet d\u2019inculper l\u2019ancien membre du Front populaire de lib\u00e9ration de la Palestine pour ces meurtres. Mais le militant marxiste est identifi\u00e9 comme le chef de la Fraction arm\u00e9e r\u00e9volutionnaire libanaise, qui revendique les homicides. Deux ans apr\u00e8s les faits, Georges Ibrahim Abdallah \u00e9tait interpell\u00e9 \u00e0 Lyon avec un vrai-faux passeport et une perquisition permet de retrouver un pistolet qui aurait servi pour les assassinats.<\/p>\n<h3>Le minist\u00e8re de l\u2019Int\u00e9rieur refuse de d\u00e9livrer un arr\u00eat\u00e9 d\u2019expulsion<\/h3>\n<p>Depuis sa prison de Lannemezan (Hautes-Pyr\u00e9n\u00e9es), Georges Ibrahim Abdallah est aujourd\u2019hui suspendu \u00e0 une d\u00e9cision du minist\u00e8re de l\u2019Int\u00e9rieur. Apr\u00e8s 7 demandes infructueuses, il a obtenu en novembre 2012 un avis favorable \u00e0 sa libration. Mais cette remise en libert\u00e9 est conditionn\u00e9e \u00e0 son expulsion vers le Liban. Son sort est donc entre les mains du ministre de l\u2019Int\u00e9rieur.<\/p>\n<div>\n<h3><strong>Derni\u00e8re minute<\/strong><\/h3>\n<p>L\u2019audience pr\u00e9vue ce lundi 28 janvier pour statuer sur la demande de lib\u00e9ration conditionnelle de Georges Ibrahim Abdallah a \u00e9t\u00e9 une nouvelle fois report\u00e9e, vendredi, en raison d\u2019un appel du parquet, rapporte Europe 1 \u00ab\u00a0de source judiciaire\u00a0\u00bb. En attendant que cet appel soit examin\u00e9 dans un d\u00e9lai l\u00e9gal de deux mois, le tribunal d\u2019application des peines (TAP) ne pourra donc pas trancher comme pr\u00e9vu.<\/p>\n<p>Le 14 janvier, le TAP avait ajourn\u00e9 sa d\u00e9cision au 28 janvier. C\u2019est cet ajournement que conteste le parquet, estimant que le TAP aurait d\u00fb \u00ab\u00a0d\u00e9clarer la demande de lib\u00e9ration conditionnelle de M.\u00a0Abdallah irrecevable, compte tenu de l\u2019absence d\u2019arr\u00eat\u00e9 d\u2019expulsion, pr\u00e9alable indispensable \u00e0 l\u2019examen de cette demande\u00a0\u00bb.<\/p>\n<\/div>\n<p>Or, la place Beauvau tarde \u00e0 \u00e9mettre le titre d\u2019expulsion, for\u00e7ant le tribunal d\u2019application des peines (TAP) \u00e0 \u00ab\u00a0ajourner\u00a0\u00bb sa d\u00e9cision. Apr\u00e8s un premier report de deux mois, le TAP a donc d\u00fb \u00e0 nouveau d\u00e9cider, le 14 janvier, d\u2019un d\u00e9lai suppl\u00e9mentaire. Il devait finalement se prononcer lundi 28 janvier. Pendant ce temps, le parquet s\u2019acharne \u00e0 tenter de faire invalider la lib\u00e9ration d\u2019Abdallah, en multipliant les appels. Le TAP n\u2019a ainsi pas pu trancher ce lundi 28 janvier.L\u2019imbroglio juridico-administratif est total et les soutiens de l\u2019ancien activiste s\u2019impatientent. Abdallah est lib\u00e9rable depuis 1999, lorsque sa p\u00e9riode de s\u00fbret\u00e9 prenait fin. Il avait obtenu une premi\u00e8re lib\u00e9ration conditionnelle en 2003, finalement retoqu\u00e9e en appel en janvier\u00a02004. Depuis, son dossier pi\u00e9tine.<\/p>\n<h3>\u00ab\u00a0<i>Cette injustice a assez dur\u00e9<\/i><i>\u00a0<\/i>\u00a0\u00bb<\/h3>\n<p>Devant l\u2019enchev\u00eatrement des proc\u00e9dures judiciaires, la col\u00e8re est vive. Au Liban, \u00e0 Ramallah et partout en France, de nombreux rassemblements ont \u00e9t\u00e9 organis\u00e9s depuis deux semaines pour d\u00e9noncer une <i>\u00ab\u00a0vengeance politique\u00a0\u00bb<\/i> de la France contre ce militant pro-palestinien. Avec une tension certaine autour des centres culturels fran\u00e7ais au Liban, l\u2019affaire \u2013 r\u00e9solument politique \u2013 grossit.<\/p>\n<p><img decoding=\"async\" title=\"Deir Kifa, Liban, le 19 janvier 2013 : des manifestants demandent la liberation de Mr Abdallah devant la base fran\u00e7aise de la Finul (ONU).\" alt=\"Deir Kifa, Liban, le 19 janvier 2013 : des manifestants demandent la liberation de Mr Abdallah devant la base fran\u00e7aise de la Finul (ONU).\" src=\"http:\/\/www.politis.fr\/local\/cache-vignettes\/L650xH433\/liban-3cded.jpg\" width=\"650\" height=\"433\" \/><\/p>\n<pre>Deir Kifa, Liban, le 19 janvier 2013\u00a0: des manifestants demandent la liberation de Mr\u00a0Abdallah devant la base fran\u00e7aise de la Finul (ONU).<\/pre>\n<div>\n<pre>AFP \/ MAHMOUD ZAYYAT<\/pre>\n<\/div>\n<p>Le 16 janvier, le premier ministre libanais, Najib Mikat, r\u00e9clamait \u00e0 Fran\u00e7ois Hollande la remise en libert\u00e9 de Georges Ibrahim Adballah\u00a0: <i>\u00ab\u00a0Ce report n\u2019est pas justifi\u00e9 et constitue une atteinte \u00e0 ses <\/i><i>droits civiques\u00a0\u00bb,<\/i> affirmait-il.<\/p>\n<p><i>\u00ab\u00a0<\/i><i>\u00a0<\/i><i>Cette injustice a assez dur\u00e9<\/i><i>\u00a0<\/i><i>\u00a0; elle a m\u00eame d\u00e9pass\u00e9 les limites du raisonnable. Plus rien ne justifie son incarc\u00e9ration, <\/i>affirmait aussi Yves Bonnet, directeur de la DST au moment de l\u2019arrestation de Georges Ibrahim Abdallah, dans <a href=\"http:\/\/www.ladepeche.fr\/article\/2012\/01\/07\/1255561-yves-bonnet-raconte-les-dessous-de-l-affaire-abdallah.html\" target=\"_blank\" rel=\"external\">une interview<\/a> au journal <i>La D\u00e9p\u00eache<\/i> et \u00e0 <i>France 24, <\/i>en janvier 2012. \u00ab\u00a0<i>La France garde cet homme derri\u00e8re les barreaux alors qu\u2019elle a lib\u00e9r\u00e9 Maurice Papon, <\/i>ajoutait-il. <i>Georges Ibrahim Abdallah est plus mal trait\u00e9 qu\u2019un serial killer alors qu\u2019il a commis des actes politiques.\u00a0<\/i>\u00a0\u00bb<\/p>\n<h3>La pression d\u2019Isra\u00ebl et des \u00c9tats-Unis<\/h3>\n<p>Abdallah a \u00e9t\u00e9 jug\u00e9 dans un climat de haute tension, avec les \u00c9tats-Unis comme partie civile, juste apr\u00e8s une vague d\u2019attentats sanglants, en 1985 et 1986. Attentats revendiqu\u00e9s par un groupe, le CSPPA, qui demandait notamment la lib\u00e9ration de l\u2019activiste libanais, sans \u00eatre pourtant li\u00e9 \u00e0 ce dernier.<\/p>\n<p>Le d\u00e9tenu pr\u00e9sent\u00e9 comme \u00ab\u00a0exemplaire\u00a0\u00bb enregistre donc de nombreux soutiens, des Indig\u00e8nes de la R\u00e9publique au Parti communiste en passant par l\u2019Association France Palestine solidarit\u00e9. <i>\u00ab\u00a0Manuel Valls ne doit pas d\u00e9cider de lib\u00e9rer Abdallah, la justice vient de le faire, en toute ind\u00e9pendance. Il doit simplement permettre<\/i> (\u2026) <i>l\u2019ex\u00e9cution de cette d\u00e9cision\u00a0\u00bb,<\/i> \u00e9crivent le journaliste Daniel Schneidermann et l\u2019\u00e9crivaine Chlo\u00e9 Delaume, ni\u00e8ce du d\u00e9tenu, dans <a href=\"http:\/\/www.liberation.fr\/politiques\/2013\/01\/23\/georges-ibrahim-abdallah-l-embarras-de-valls_876196\" target=\"_blank\" rel=\"external\">une tribune<\/a> parue jeudi 24 janvier dans <i>Lib\u00e9ration<\/i>.<\/p>\n<p>En face, le blocage est entretenu par la pression des \u00c9tats-Unis et d\u2019Isra\u00ebl. <i>\u00ab\u00a0<\/i><i>Nous avons des inqui\u00e9tudes l\u00e9gitimes quant au danger qu\u2019un M.\u00a0Abdallah libre repr\u00e9senterait pour la communaut\u00e9 internationale\u00a0\u00bb<\/i>, a notamment d\u00e9clar\u00e9 la porte-parole du d\u00e9partement d\u2019\u00c9tat am\u00e9ricain, Victoria Nuland, le 11 janvier.<\/p>\n<p>Car Georges Ibrahim Abdallah n\u2019a jamais voulu \u00ab\u00a0se repentir de ses actes\u00a0\u00bb devant les tribunaux qui examinaient ses demandes de lib\u00e9ration conditionnelle et, selon le parquet, il n\u2019a jamais commenc\u00e9 \u00e0 indemniser les parties civiles. Son destin est surtout devenu un enjeu g\u00e9opolitique au Proche-Orient, car le Hezbollah brandit sa cause. La lib\u00e9ration de l\u2019ancien activiste serait donc interpr\u00e9t\u00e9e comme un signe d\u2019apaisement envoy\u00e9 au Hezbollah, au grand dam d\u2019Isra\u00ebl.<\/p>\n<p>En attendant la signature du pr\u00e9cieux arr\u00eat\u00e9 d\u2019expulsion, des rassemblements de soutien sont pr\u00e9vus ce week-end dans toute la France.<\/p>\n<p><strong>Sur le web\u00a0: <\/strong><\/p>\n<p><img decoding=\"async\" alt=\"-\" src=\"http:\/\/www.politis.fr\/local\/cache-vignettes\/L8xH11\/puce-32883.gif\" width=\"8\" height=\"11\" \/>\u00a0<a href=\"http:\/\/www.tv5.org\/cms\/chaine-francophone\/info\/Les-dossiers-de-la-redaction\/George-Ibrahim-Abdallah\/p-24061-Georges-Ibrahim-Abdallah-face-a-l-obstination-d-Etats-et-aux-fantomes-de-son-temps.htm?fb_action_ids=10151413833717065&amp;fb_action_types=og.recommends&amp;fb_source=other_multiline&amp;action_object_map=%7B%2210151413833717065%22%3A134549603371004%7D&amp;action_type_map=%7B%2210151413833717065%22%3A%22og.recommends%22%7D&amp;action_ref_map=%5B%5D\" target=\"_blank\" rel=\"external\">Georges Ibrahim Abdallah face \u00e0 l\u2019obstination d\u2019\u00c9tats et aux fant\u00f4mes de son temps<\/a>\u00a0(tv5.org)<\/p>\n<p><img decoding=\"async\" alt=\"-\" src=\"http:\/\/www.politis.fr\/local\/cache-vignettes\/L8xH11\/puce-32883.gif\" width=\"8\" height=\"11\" \/>\u00a0<a href=\"http:\/\/www.monde-diplomatique.fr\/2012\/05\/DA_SILVA\/47661\" target=\"_blank\" rel=\"external\">Un prisonnier politique\u00a0expiatoire<\/a> (monde-diplomatique.fr)<\/p>\n<p><img decoding=\"async\" alt=\"-\" src=\"http:\/\/www.politis.fr\/local\/cache-vignettes\/L8xH11\/puce-32883.gif\" width=\"8\" height=\"11\" \/>\u00a0<a href=\"http:\/\/liberonsgeorges.over-blog.com\/\" target=\"_blank\" rel=\"external\">Le collectif de soutien \u00e0 Georges Ibrahim Abdallah<\/a><\/p>\n<\/div>\n<div>\n<address>Nota Bene\u00a0:<\/address>\n<div>\n<p>Photo\u00a0: AFP \/ ANA AREVALO<br \/>\n<a href=\"http:\/\/www.politis.fr\/Quand-la-France-liberera-t-elle,20752.html\">Source<\/a><\/p>\n<\/div>\n<\/div>\n<\/div>\n<\/div>\n<\/div>\n","protected":false},"excerpt":{"rendered":"<p>La lib\u00e9ration de l\u2019activiste libanais, emprisonn\u00e9 depuis 1984 pour complicit\u00e9 d\u2019assassinat, est suspendue \u00e0 une d\u00e9cision de Manuel Valls et bloqu\u00e9e par le parquet. Son dossier pi\u00e9tine depuis 1999.<\/p>\n","protected":false},"author":1,"featured_media":597,"comment_status":"open","ping_status":"open","sticky":false,"template":"","format":"standard","meta":{"footnotes":""},"categories":[21,4,6,8,18,28],"tags":[],"class_list":["post-596","post","type-post","status-publish","format-standard","has-post-thumbnail","hentry","category-anti-imperialisme","category-islamophobie","category-palestine-moyen-orient","category-prisons","category-resistance-bruxelles","category-racismes"],"_links":{"self":[{"href":"https:\/\/bruxelles-pantheres.be\/index.php?rest_route=\/wp\/v2\/posts\/596","targetHints":{"allow":["GET"]}}],"collection":[{"href":"https:\/\/bruxelles-pantheres.be\/index.php?rest_route=\/wp\/v2\/posts"}],"about":[{"href":"https:\/\/bruxelles-pantheres.be\/index.php?rest_route=\/wp\/v2\/types\/post"}],"author":[{"embeddable":true,"href":"https:\/\/bruxelles-pantheres.be\/index.php?rest_route=\/wp\/v2\/users\/1"}],"replies":[{"embeddable":true,"href":"https:\/\/bruxelles-pantheres.be\/index.php?rest_route=%2Fwp%2Fv2%2Fcomments&post=596"}],"version-history":[{"count":2,"href":"https:\/\/bruxelles-pantheres.be\/index.php?rest_route=\/wp\/v2\/posts\/596\/revisions"}],"predecessor-version":[{"id":599,"href":"https:\/\/bruxelles-pantheres.be\/index.php?rest_route=\/wp\/v2\/posts\/596\/revisions\/599"}],"wp:featuredmedia":[{"embeddable":true,"href":"https:\/\/bruxelles-pantheres.be\/index.php?rest_route=\/wp\/v2\/media\/597"}],"wp:attachment":[{"href":"https:\/\/bruxelles-pantheres.be\/index.php?rest_route=%2Fwp%2Fv2%2Fmedia&parent=596"}],"wp:term":[{"taxonomy":"category","embeddable":true,"href":"https:\/\/bruxelles-pantheres.be\/index.php?rest_route=%2Fwp%2Fv2%2Fcategories&post=596"},{"taxonomy":"post_tag","embeddable":true,"href":"https:\/\/bruxelles-pantheres.be\/index.php?rest_route=%2Fwp%2Fv2%2Ftags&post=596"}],"curies":[{"name":"wp","href":"https:\/\/api.w.org\/{rel}","templated":true}]}}