{"id":5983,"date":"2024-06-29T13:01:03","date_gmt":"2024-06-29T12:01:03","guid":{"rendered":"https:\/\/bruxelles-pantheres.be\/?p=5983"},"modified":"2024-06-29T13:01:18","modified_gmt":"2024-06-29T12:01:18","slug":"5983","status":"publish","type":"post","link":"https:\/\/bruxelles-pantheres.be\/?p=5983","title":{"rendered":"Isra\u00ebl cible les infrastructures de presse \u00e0 Gaza"},"content":{"rendered":"<div class=\"elementor-element elementor-element-db24092 e-flex e-con-boxed e-con e-parent\" data-id=\"db24092\" data-element_type=\"container\" data-settings=\"{&quot;background_background&quot;:&quot;classic&quot;}\">\n<div class=\"e-con-inner\">\n<div class=\"elementor-element elementor-element-5e92173 elementor-widget__width-initial maintitle elementor-widget elementor-widget-heading\" data-id=\"5e92173\" data-element_type=\"widget\" data-widget_type=\"heading.default\">\n<div class=\"elementor-widget-container\">\n<h3 class=\"elementor-heading-title elementor-size-default\" style=\"text-align: center;\">La strat\u00e9gie de l&rsquo;aveuglement : comment Isra\u00ebl cible les infrastructures de presse \u00e0 Gaza<\/h3>\n<\/div>\n<\/div>\n<div class=\"elementor-element elementor-element-d9cf7db elementor-widget__width-initial elementor-widget elementor-widget-text-editor\" data-id=\"d9cf7db\" data-element_type=\"widget\" data-widget_type=\"text-editor.default\">\n<div class=\"elementor-widget-container\">\n<p>Depuis le 7\u202foctobre, l\u2019arm\u00e9e isra\u00e9lienne semble cibler d\u00e9lib\u00e9r\u00e9ment les cam\u00e9ras filmant en direct la bande de Gaza. Les b\u00e2timents abritant les infrastructures de presse, ultime refuge des journalistes de l\u2019enclave, sont d\u00e9truits. Une illustration de la strat\u00e9gie d\u2019Isra\u00ebl: \u00e9touffer l\u2019information et emp\u00eacher de raconter au monde la r\u00e9alit\u00e9 de la guerre en cours.<\/p>\n<\/div>\n<\/div>\n<\/div>\n<\/div>\n<p><!--more--><\/p>\n<div class=\"elementor-element elementor-element-5ee3eba e-flex e-con-boxed e-con e-parent\" data-id=\"5ee3eba\" data-element_type=\"container\">\n<div class=\"e-con-inner\">\n<div class=\"elementor-element elementor-element-f0f7950 e-flex e-con-boxed e-con e-child\" data-id=\"f0f7950\" data-element_type=\"container\">\n<div class=\"e-con-inner\">\n<div class=\"elementor-element elementor-element-7d080da elementor-widget elementor-widget-ucaddon_content_accordion_dbm\" data-id=\"7d080da\" data-element_type=\"widget\" data-widget_type=\"ucaddon_content_accordion_dbm.default\">\n<div class=\"elementor-widget-container\">\n<div id=\"uc_content_accordion_dbm_elementor_7d080da\" class=\"uc_material_accordion \" data-name=\"\" data-scroll=\"off\" data-offset=\"0\" data-closeothers=\"true\" data-set-hash=\"false\">\n<div class=\"uc_container uc-items-wrapper\">\n<div id=\"#ue-tab1\" class=\"uc_ac_box elementor-repeater-item-92d5978 uc-item-active\">\n<div class=\"uc-heading uc_trigger\">\n<p>&nbsp;<\/p>\n<div class=\"ue_heading_title\">Points cl\u00e9s<\/div>\n<\/div>\n<div class=\"uc_content\">\n<div class=\"ue-item-title\"><\/div>\n<div class=\"ue-item-text\">\n<ul>\n<li><i>Forbidden Stories<\/i>\u00a0et ses partenaires ont pu d\u00e9montrer que la tour abritant les bureaux de l\u2019AFP \u00e0 Gaza ont \u00e9t\u00e9 la cible\u00a0d\u2019au moins\u00a0deux frappes directes, le 2 novembre 2023. L\u2019arm\u00e9e isra\u00e9lienne avait pourtant assur\u00e9 \u00e0 l\u2019AFP avoir class\u00e9 ses locaux comme \u00ab\u00a0\u00e0 ne pas cibler\u00a0\u00bb.<\/li>\n<li>Le m\u00eame jour, le si\u00e8ge du Palestinian Media Group, une soci\u00e9t\u00e9 de production, qui retransmettait des images en direct de la bande de Gaza, a lui aussi \u00e9t\u00e9 cibl\u00e9 par l\u2019arm\u00e9e isra\u00e9lienne. Un journaliste a \u00e9t\u00e9 bless\u00e9.<\/li>\n<li>La Maison de la Presse, v\u00e9ritable sanctuaire pour les journalistes gazaouis, a \u00e9t\u00e9 d\u00e9truite en f\u00e9vrier dernier par l\u2019arm\u00e9e isra\u00e9lienne. Son directeur a \u00e9t\u00e9 tu\u00e9 alors qu\u2019il tentait de fuir vers le sud de la bande de Gaza pour rejoindre sa famille.<\/li>\n<\/ul>\n<\/div>\n<\/div>\n<\/div>\n<\/div>\n<\/div>\n<\/div>\n<\/div>\n<\/div>\n<\/div>\n<div class=\"elementor-element elementor-element-14283d3 elementor-hidden-mobile e-flex e-con-boxed e-con e-child\" data-id=\"14283d3\" data-element_type=\"container\">\n<div class=\"e-con-inner\">\n<div class=\"elementor-element elementor-element-0b4984c elementor-widget elementor-widget-spacer\" data-id=\"0b4984c\" data-element_type=\"widget\" data-widget_type=\"spacer.default\">\n<div class=\"elementor-widget-container\">\n<div class=\"elementor-spacer\">\n<div class=\"elementor-spacer-inner\"><\/div>\n<\/div>\n<\/div>\n<\/div>\n<\/div>\n<\/div>\n<\/div>\n<\/div>\n<div class=\"elementor-element elementor-element-4c0fbc3 e-flex e-con-boxed e-con e-parent\" data-id=\"4c0fbc3\" data-element_type=\"container\">\n<div class=\"e-con-inner\">\n<div class=\"elementor-element elementor-element-ee9d7e3 e-con-full e-flex e-con e-child\" data-id=\"ee9d7e3\" data-element_type=\"container\">\n<div class=\"elementor-element elementor-element-e53e928 e-flex e-con-boxed e-con e-child\" data-id=\"e53e928\" data-element_type=\"container\">\n<div class=\"e-con-inner\">\n<div class=\"elementor-element elementor-element-2d9b484 elementor-widget elementor-widget-text-editor\" data-id=\"2d9b484\" data-element_type=\"widget\" data-widget_type=\"text-editor.default\">\n<div class=\"elementor-widget-container\">\n<p>Par\u00a0<b>L\u00e9a Peruchon<\/b><\/p>\n<\/div>\n<\/div>\n<div class=\"elementor-element elementor-element-207491d elementor-widget elementor-widget-text-editor\" data-id=\"207491d\" data-element_type=\"widget\" data-widget_type=\"text-editor.default\">\n<div class=\"elementor-widget-container\">\n<p>25 juin 2024<\/p>\n<\/div>\n<\/div>\n<\/div>\n<\/div>\n<div class=\"elementor-element elementor-element-cf7bdb8 elementor-widget elementor-widget-text-editor\" data-id=\"cf7bdb8\" data-element_type=\"widget\" data-widget_type=\"text-editor.default\">\n<div class=\"elementor-widget-container\">\n<p>Avec\u00a0<strong>Arthur Carpentier<\/strong>\u00a0(Le Monde),\u00a0<strong>Ga\u00eblle Faure<\/strong>,\u00a0<strong>Sarah Benha\u00efda<\/strong>,\u00a0<strong>Beno\u00eet Toussaint<\/strong>,\u00a0<strong>Jean-Marc<\/strong>\u00a0<strong>Mojon<\/strong>,\u00a0<strong>Marc Jourdier<\/strong>\u00a0(AFP),\u00a0<strong>Hoda Osman<\/strong>,\u00a0<strong>Farah Jallad<\/strong>\u00a0(ARIJ),\u00a0<strong>Maria Retter<\/strong>,\u00a0<strong>Maria Christoph<\/strong>,\u00a0<strong>Dajana Kollig<\/strong>,\u00a0<strong>Frederik Obermaier<\/strong>\u00a0(Paper trail media),\u00a0<strong>Christo Buschek<\/strong>\u00a0(Der SPIEGEL\/Paper trail media),\u00a0<strong>Walid Batrawi<\/strong>\u00a0(Forbidden Stories) et\u00a0<strong>Manisha Ganguly<\/strong>\u00a0(The Guardian).<\/p>\n<\/div>\n<\/div>\n<\/div>\n<div class=\"elementor-element elementor-element-686f150 e-flex e-con-boxed e-con e-child\" data-id=\"686f150\" data-element_type=\"container\">\n<div class=\"e-con-inner\">\n<div class=\"elementor-element elementor-element-0905d55 intro elementor-widget elementor-widget-text-editor\" data-id=\"0905d55\" data-element_type=\"widget\" data-widget_type=\"text-editor.default\">\n<div class=\"elementor-widget-container\">\n<blockquote><p>Il est deux heures du matin\u00a0\u00e0 Gaza, dans la nuit du 9 au 10 octobre 2023, lorsque le journaliste de l\u2019Agence France-Presse Adel Zaanoun, inquiet, appelle sa hi\u00e9rarchie. L\u2019\u00e9quipe de l\u2019AFP vient de recevoir l\u2019ordre de l\u2019arm\u00e9e isra\u00e9lienne d\u2019\u00e9vacuer ses bureaux de la tour Hajji, en plein c\u0153ur de la ville de Gaza, un signe que le b\u00e2timent pourrait bient\u00f4t \u00eatre bombard\u00e9.<\/p><\/blockquote>\n<\/div>\n<\/div>\n<div class=\"elementor-element elementor-element-a9f7139 txtarticle elementor-widget elementor-widget-text-editor\" data-id=\"a9f7139\" data-element_type=\"widget\" data-widget_type=\"text-editor.default\">\n<div class=\"elementor-widget-container\">\n<p>Quelques heures plus t\u00f4t, l\u2019adresse du b\u00e2timent\u00a0avait pourtant \u00e9t\u00e9 partag\u00e9e au porte-parole de l\u2019arm\u00e9e isra\u00e9lienne dans une lettre du pr\u00e9sident-directeur g\u00e9n\u00e9ral de l\u2019AFP, Fabrice Fries, afin d\u2019\u00e9carter un \u00e9ventuel ciblage.<\/p>\n<p><i>\u00ab\u00a0Devons-nous \u00e9vacuer ou rester dans le b\u00e2timent<\/i><i>\u202f<\/i><i>?\u00a0\u00bb<\/i>\u00a0demande Adel Zaanoun \u00e0 Marc Jourdier, directeur du bureau de l\u2019AFP \u00e0 J\u00e9rusalem, \u00e0 l\u2019autre bout du fil. \u00ab\u00a0<i>Ne perdez pas une minute et \u00e9vacuez, j\u2019appelle l\u2019arm\u00e9e et je reviens vers vous d\u00e8s que possible<\/i>\u00a0\u00bb r\u00e9pond-t-il.<\/p>\n<\/div>\n<\/div>\n<\/div>\n<\/div>\n<\/div>\n<\/div>\n<div class=\"elementor-element elementor-element-0929024 e-flex e-con-boxed e-con e-parent\" data-id=\"0929024\" data-element_type=\"container\">\n<div class=\"e-con-inner\">\n<div class=\"elementor-element elementor-element-3f26049 txtarticle elementor-widget elementor-widget-text-editor\" data-id=\"3f26049\" data-element_type=\"widget\" data-widget_type=\"text-editor.default\">\n<div class=\"elementor-widget-container\">\n<p>Ce jour-l\u00e0, la tour Hajji sera finalement \u00e9pargn\u00e9e, mais une frappe isra\u00e9lienne \u00e0 quelques centaines de m\u00e8tres\u00a0tue trois journalistes palestiniens\u00a0venus couvrir cette attaque qu\u2019ils pensaient imminente. L\u2019arm\u00e9e isra\u00e9lienne rappellera Marc Jourdier plus tard dans la nuit pour lui indiquer que les locaux sont d\u00e9sormais class\u00e9s \u00ab\u00a0\u00e0 ne pas cibler\u00a0\u00bb.<\/p>\n<p>Ce n\u2019est pas la premi\u00e8re fois que des journalistes sont somm\u00e9s d\u2019\u00e9vacuer leurs bureaux \u00e0 Gaza avant qu\u2019ils ne soient bombard\u00e9s, rappelle le directeur des programmes du Comit\u00e9 pour la Protection des Journalistes Carlos Martinez de la Serna\u00a0:\u00a0<i>\u00ab\u00a0L\u2019arm\u00e9e isra\u00e9lienne a un historique en mati\u00e8re d\u2019attaques sur les infrastructures m\u00e9diatiques\u00a0<\/i><i>\u00bb.<\/i>\u00a0En mai 2021, une tour regroupant notamment les locaux de la cha\u00eene qatarie Al Jazeera et de l\u2019agence de presse am\u00e9ricaine\u00a0<i>The Associated Press<\/i>\u00a0avait \u00e9t\u00e9 an\u00e9antie par trois missiles, sous pr\u00e9texte d\u2019une menace imminente due \u00e0 la pr\u00e9sence du Hamas dans le b\u00e2timent. Questionn\u00e9e publiquement, l\u2019arm\u00e9e isra\u00e9lienne n\u2019a pas apport\u00e9 d\u2019\u00e9l\u00e9ments pour appuyer cette th\u00e8se.<\/p>\n<p>Depuis le 7\u202foctobre 2023, le ph\u00e9nom\u00e8ne a pris une ampleur sans pr\u00e9c\u00e9dent. En r\u00e9action \u00e0 l\u2019attaque terroriste men\u00e9e par le Hamas sur le sol isra\u00e9lien, l\u2019arm\u00e9e isra\u00e9lienne pilonne sans rel\u00e2che la bande de Gaza, ce territoire de 365 kilom\u00e8tres carr\u00e9s\u00a0\u00e0 peine plus grand que Malte. La couverture journalistique dans l\u2019enclave est devenue extr\u00eamement r\u00e9duite.<\/p>\n<p>\u00ab\u00a0<i>Lorsque l\u2019on observe les conflits dans le monde, on constate g\u00e9n\u00e9ralement que [\u2026] les m\u00e9dias internationaux sont pr\u00e9sents sur le terrain<\/i>\u00a0constate Irene Khan, la Rapporteur sp\u00e9cial des Nations unies sur la promotion et la protection du droit \u00e0 la libert\u00e9 d\u2019opinion et d\u2019expression avant d\u2019ajouter\u00a0:\u00a0<i>aucun d\u2019entre eux n\u2019a \u00e9t\u00e9 autoris\u00e9 \u00e0 se rendre sur place. Ou alors, ils sont embarqu\u00e9s aupr\u00e8s de l\u2019arm\u00e9e isra\u00e9lienne<\/i>. \u00bb<\/p>\n<\/div>\n<\/div>\n<\/div>\n<\/div>\n<div class=\"elementor-element elementor-element-84c550d e-flex e-con-boxed e-con e-parent\" data-id=\"84c550d\" data-element_type=\"container\">\n<div class=\"e-con-inner\">\n<div class=\"elementor-element elementor-element-b8432f4 txtarticle elementor-widget elementor-widget-text-editor\" data-id=\"b8432f4\" data-element_type=\"widget\" data-widget_type=\"text-editor.default\">\n<div class=\"elementor-widget-container\">\n<p>Seuls les journalistes gazaouis peuvent rendre compte de ce qu\u2019il se passe dans l\u2019enclave. Ces derniers luttent quotidiennement pour survivre et trouver des endroits o\u00f9 se r\u00e9fugier. Leurs lieux de travail, bien souvent, n\u2019existent plus. Selon le Syndicat des journalistes palestiniens, pr\u00e8s de 70 infrastructures de presse, dont des radios locales, agences de presse, tours de transmission et institutions fournissant des formations aux journalistes ont \u00e9t\u00e9 partiellement voire enti\u00e8rement d\u00e9truites depuis le d\u00e9but du conflit.<\/p>\n<p>Cette enqu\u00eate men\u00e9e par\u00a0<i>Forbidden Stories<\/i>\u00a0en collaboration avec l\u2019Agence France-Presse, Arab Reporters for Investigative Journalism,\u00a0<i>Le Monde<\/i>,\u00a0Paper Trail Media\u00a0et d\u2019autres m\u00e9dias internationaux dans le cadre du \u00ab\u00a0Gaza Project\u00a0\u00bb, \u00e9toff\u00e9e par des analyses d\u2019experts en balistique et en audio, illustre l\u2019une des nombreuses strat\u00e9gies utilis\u00e9es par l\u2019arm\u00e9e isra\u00e9lienne pour \u00e9touffer l\u2019information \u00e0 Gaza\u00a0: la destruction des infrastructures de presse.<\/p>\n<\/div>\n<\/div>\n<\/div>\n<\/div>\n<div class=\"elementor-element elementor-element-582a5d6 e-flex e-con-boxed e-con e-parent\" data-id=\"582a5d6\" data-element_type=\"container\">\n<div class=\"e-con-inner\">\n<div class=\"elementor-element elementor-element-950a091 elementor-widget elementor-widget-heading\" data-id=\"950a091\" data-element_type=\"widget\" data-widget_type=\"heading.default\">\n<div class=\"elementor-widget-container\">\n<h3 class=\"elementor-heading-title elementor-size-default\">L\u2019information pass\u00e9e sous silence<\/h3>\n<\/div>\n<\/div>\n<div class=\"elementor-element elementor-element-76ee577 txtarticle elementor-widget elementor-widget-text-editor\" data-id=\"76ee577\" data-element_type=\"widget\" data-widget_type=\"text-editor.default\">\n<div class=\"elementor-widget-container\">\n<p>Le 13 octobre 2023, un million de personnes sont somm\u00e9es par l\u2019arm\u00e9e isra\u00e9lienne d\u2019\u00e9vacuer le nord de la bande de Gaza. Pr\u00e8s de trois jours apr\u00e8s avoir \u00e9vacu\u00e9 leur bureau au milieu de la nuit, les huit\u00a0journalistes, photographes, vid\u00e9o journalistes et employ\u00e9s de l\u2019AFP quittent la tour Hajji, situ\u00e9e dans le quartier chic de Rimal, au nord-ouest de Gaza. Tous sont Gazaouis et travaillent depuis des ann\u00e9es avec l\u2019Agence France-Presse, l\u2019une des rares\u00a0agences internationales \u00e0 avoir des bureaux dans l\u2019enclave.\u00a0<i>\u00ab\u00a0A l\u2019int\u00e9rieur de Gaza, il n\u2019y a de toute fa\u00e7on pas de journalistes \u00e9trangers.\u00a0<\/i>[les agences de presse internationales]\u00a0<i>travaillent avec la population locale<\/i><i>\u00a0\u00bb<\/i>\u00a0commente Shuruq As\u2019ad, porte-parole du Syndicat des journalistes palestiniens (PJS).<\/p>\n<\/div>\n<\/div>\n<\/div>\n<\/div>\n<div class=\"elementor-element elementor-element-c093579 e-flex e-con-boxed e-con e-parent\" data-id=\"c093579\" data-element_type=\"container\">\n<div class=\"e-con-inner\">\n<div class=\"elementor-element elementor-element-f695b08 elementor-widget elementor-widget-image\" data-id=\"f695b08\" data-element_type=\"widget\" data-widget_type=\"image.default\">\n<div class=\"elementor-widget-container\"><a href=\"https:\/\/forbiddenstories.org\/wp-content\/uploads\/2024\/06\/gaza_press_infrastructures_1-scaled.jpeg?x64810\" data-elementor-open-lightbox=\"yes\" data-elementor-lightbox-title=\"gaza_press_infrastructures_1\" data-e-action-hash=\"#elementor-action%3Aaction%3Dlightbox%26settings%3DeyJpZCI6MTkzMjQsInVybCI6Imh0dHBzOlwvXC9mb3JiaWRkZW5zdG9yaWVzLm9yZ1wvd3AtY29udGVudFwvdXBsb2Fkc1wvMjAyNFwvMDZcL2dhemFfcHJlc3NfaW5mcmFzdHJ1Y3R1cmVzXzEtc2NhbGVkLmpwZWcifQ%3D%3D\"><img decoding=\"async\" class=\"attachment-full size-full wp-image-19324 lazy loaded\" src=\"https:\/\/forbiddenstories.org\/wp-content\/uploads\/2024\/06\/gaza_press_infrastructures_1-scaled.jpeg?x64810\" sizes=\"(max-width: 2560px) 100vw, 2560px\" srcset=\"https:\/\/forbiddenstories.org\/wp-content\/uploads\/2024\/06\/gaza_press_infrastructures_1-scaled.jpeg 2560w, https:\/\/forbiddenstories.org\/wp-content\/uploads\/2024\/06\/gaza_press_infrastructures_1-300x200.jpeg 300w, https:\/\/forbiddenstories.org\/wp-content\/uploads\/2024\/06\/gaza_press_infrastructures_1-1024x683.jpeg 1024w, https:\/\/forbiddenstories.org\/wp-content\/uploads\/2024\/06\/gaza_press_infrastructures_1-768x512.jpeg 768w, https:\/\/forbiddenstories.org\/wp-content\/uploads\/2024\/06\/gaza_press_infrastructures_1-1536x1024.jpeg 1536w, https:\/\/forbiddenstories.org\/wp-content\/uploads\/2024\/06\/gaza_press_infrastructures_1-2048x1365.jpeg 2048w\" alt=\"\" width=\"2560\" height=\"1707\" data-src=\"https:\/\/forbiddenstories.org\/wp-content\/uploads\/2024\/06\/gaza_press_infrastructures_1-scaled.jpeg?x64810\" data-srcset=\"https:\/\/forbiddenstories.org\/wp-content\/uploads\/2024\/06\/gaza_press_infrastructures_1-scaled.jpeg 2560w, https:\/\/forbiddenstories.org\/wp-content\/uploads\/2024\/06\/gaza_press_infrastructures_1-300x200.jpeg 300w, https:\/\/forbiddenstories.org\/wp-content\/uploads\/2024\/06\/gaza_press_infrastructures_1-1024x683.jpeg 1024w, https:\/\/forbiddenstories.org\/wp-content\/uploads\/2024\/06\/gaza_press_infrastructures_1-768x512.jpeg 768w, https:\/\/forbiddenstories.org\/wp-content\/uploads\/2024\/06\/gaza_press_infrastructures_1-1536x1024.jpeg 1536w, https:\/\/forbiddenstories.org\/wp-content\/uploads\/2024\/06\/gaza_press_infrastructures_1-2048x1365.jpeg 2048w\" data-sizes=\"(max-width: 2560px) 100vw, 2560px\" data-was-processed=\"true\" \/><\/a><\/div>\n<\/div>\n<div class=\"elementor-element elementor-element-c090ede elementor-widget elementor-widget-text-editor\" data-id=\"c090ede\" data-element_type=\"widget\" data-widget_type=\"text-editor.default\">\n<div class=\"elementor-widget-container\">\n<p>L\u2019int\u00e9rieur des bureaux de l\u2019AFP dans la tour Hajji, \u00e0 Gaza, en 2015. (Cr\u00e9dit : AFP)<\/p>\n<\/div>\n<\/div>\n<\/div>\n<\/div>\n<div class=\"elementor-element elementor-element-88717e3 e-flex e-con-boxed e-con e-parent\" data-id=\"88717e3\" data-element_type=\"container\">\n<div class=\"e-con-inner\">\n<div class=\"elementor-element elementor-element-c783a83 txtarticle elementor-widget elementor-widget-text-editor\" data-id=\"c783a83\" data-element_type=\"widget\" data-widget_type=\"text-editor.default\">\n<div class=\"elementor-widget-container\">\n<p>Avant de quitter les lieux, les journalistes laissent sur le balcon du 10\u00e8me \u00e9tage\u00a0du b\u00e2timent une cam\u00e9ra pos\u00e9e sur un tr\u00e9pied. Elle est d\u2019abord branch\u00e9e \u00e0 un g\u00e9n\u00e9rateur qu\u2019un employ\u00e9 de l\u2019AFP vient parfois alimenter en carburant avant d\u2019\u00eatre raccord\u00e9e \u00e0 des panneaux solaires. Elle vise \u00e0 diffuser des images de l\u2019enclave 24 heures sur 24 et 7 jours sur 7. Un direct parfois interrompu pour des raisons techniques. C\u2019est l\u2019une des derni\u00e8res sources d\u2019images en temps r\u00e9el. \u00c0 ce titre, elle est scrut\u00e9e en permanence\u00a0par les m\u00e9dias du monde entier.<\/p>\n<p>Le 2 novembre \u00e0 12h09 heure locale, la cam\u00e9ra capte les bourdonnements des avions et un lourd panache de fum\u00e9e \u00e9manant de b\u00e2timents au nord de l\u2019enclave. Tout \u00e0 coup, l\u2019image tremble et la fum\u00e9e obstrue l\u2019objectif. \u00c0 quelques m\u00e8tres seulement, une frappe vient d\u2019\u00eatre film\u00e9e en direct. La s\u00e9quence\u00a0fera le tour du monde.<\/p>\n<\/div>\n<\/div>\n<\/div>\n<\/div>\n<div class=\"elementor-element elementor-element-84640b0 e-flex e-con-boxed e-con e-parent\" data-id=\"84640b0\" data-element_type=\"container\">\n<div class=\"e-con-inner\">\n<div class=\"elementor-element elementor-element-f0da074 elementor-widget elementor-widget-text-editor\" data-id=\"f0da074\" data-element_type=\"widget\" data-widget_type=\"text-editor.default\">\n<div class=\"elementor-widget-container\">\n<div class=\"twitter-tweet twitter-tweet-rendered\"><iframe id=\"twitter-widget-0\" class=\"\" title=\"X Post\" src=\"https:\/\/platform.twitter.com\/embed\/Tweet.html?dnt=false&amp;embedId=twitter-widget-0&amp;features=eyJ0ZndfdGltZWxpbmVfbGlzdCI6eyJidWNrZXQiOltdLCJ2ZXJzaW9uIjpudWxsfSwidGZ3X2ZvbGxvd2VyX2NvdW50X3N1bnNldCI6eyJidWNrZXQiOnRydWUsInZlcnNpb24iOm51bGx9LCJ0ZndfdHdlZXRfZWRpdF9iYWNrZW5kIjp7ImJ1Y2tldCI6Im9uIiwidmVyc2lvbiI6bnVsbH0sInRmd19yZWZzcmNfc2Vzc2lvbiI6eyJidWNrZXQiOiJvbiIsInZlcnNpb24iOm51bGx9LCJ0ZndfZm9zbnJfc29mdF9pbnRlcnZlbnRpb25zX2VuYWJsZWQiOnsiYnVja2V0Ijoib24iLCJ2ZXJzaW9uIjpudWxsfSwidGZ3X21peGVkX21lZGlhXzE1ODk3Ijp7ImJ1Y2tldCI6InRyZWF0bWVudCIsInZlcnNpb24iOm51bGx9LCJ0ZndfZXhwZXJpbWVudHNfY29va2llX2V4cGlyYXRpb24iOnsiYnVja2V0IjoxMjA5NjAwLCJ2ZXJzaW9uIjpudWxsfSwidGZ3X3Nob3dfYmlyZHdhdGNoX3Bpdm90c19lbmFibGVkIjp7ImJ1Y2tldCI6Im9uIiwidmVyc2lvbiI6bnVsbH0sInRmd19kdXBsaWNhdGVfc2NyaWJlc190b19zZXR0aW5ncyI6eyJidWNrZXQiOiJvbiIsInZlcnNpb24iOm51bGx9LCJ0ZndfdXNlX3Byb2ZpbGVfaW1hZ2Vfc2hhcGVfZW5hYmxlZCI6eyJidWNrZXQiOiJvbiIsInZlcnNpb24iOm51bGx9LCJ0ZndfdmlkZW9faGxzX2R5bmFtaWNfbWFuaWZlc3RzXzE1MDgyIjp7ImJ1Y2tldCI6InRydWVfYml0cmF0ZSIsInZlcnNpb24iOm51bGx9LCJ0ZndfbGVnYWN5X3RpbWVsaW5lX3N1bnNldCI6eyJidWNrZXQiOnRydWUsInZlcnNpb24iOm51bGx9LCJ0ZndfdHdlZXRfZWRpdF9mcm9udGVuZCI6eyJidWNrZXQiOiJvbiIsInZlcnNpb24iOm51bGx9fQ%3D%3D&amp;frame=false&amp;hideCard=false&amp;hideThread=false&amp;id=1720462270231179774&amp;lang=fr&amp;maxWidth=560px&amp;origin=https%3A%2F%2Fforbiddenstories.org%2Ffr%2Fla-strategie-de-laveuglement-comment-israel-cible-les-infrastructures-de-presse-a-gaza%2F&amp;sessionId=10e3d8783a20d1e790a4140bae54e25d1bfb530d&amp;theme=light&amp;widgetsVersion=2615f7e52b7e0%3A1702314776716&amp;width=550px\" frameborder=\"0\" scrolling=\"no\" allowfullscreen=\"allowfullscreen\" data-tweet-id=\"1720462270231179774\" data-mce-fragment=\"1\"><\/iframe><\/div>\n<\/div>\n<\/div>\n<div class=\"elementor-element elementor-element-398f6a3 elementor-widget elementor-widget-text-editor\" data-id=\"398f6a3\" data-element_type=\"widget\" data-widget_type=\"text-editor.default\">\n<div class=\"elementor-widget-container\">\n<p>Post twitter de l\u2019Agence France-Presse, le lendemain de la frappe, le 3 novembre 2023. (Cr\u00e9dit: AFP)<\/p>\n<\/div>\n<\/div>\n<\/div>\n<\/div>\n<div class=\"elementor-element elementor-element-e4d9aff e-flex e-con-boxed e-con e-parent\" data-id=\"e4d9aff\" data-element_type=\"container\">\n<div class=\"e-con-inner\">\n<div class=\"elementor-element elementor-element-79b1f87 txtarticle elementor-widget elementor-widget-text-editor\" data-id=\"79b1f87\" data-element_type=\"widget\" data-widget_type=\"text-editor.default\">\n<div class=\"elementor-widget-container\">\n<p><i>\u00ab\u00a0L\u2019emplacement de ce bureau est connu de tous et a \u00e9t\u00e9 notifi\u00e9 \u00e0 plusieurs reprises au cours des derniers jours, pr\u00e9cis\u00e9ment pour pr\u00e9venir d\u2019une telle attaque et nous permettre de continuer \u00e0 fournir des images sur le terrain\u00a0\u00bb<\/i>\u00a0s\u2019empresse alors de d\u00e9noncer le PDG de l\u2019AFP Fabrice Fries sur X\u00a0(anciennement Twitter). Bien que class\u00e9 comme un b\u00e2timent \u00e0 ne pas cibler, l\u2019\u00e9difice est durement touch\u00e9.<\/p>\n<\/div>\n<\/div>\n<\/div>\n<\/div>\n<div class=\"elementor-element elementor-element-f4fe1de e-flex e-con-boxed e-con e-parent\" data-id=\"f4fe1de\" data-element_type=\"container\">\n<div class=\"e-con-inner\">\n<div class=\"elementor-element elementor-element-bff2296 e-con-full e-flex e-con e-child\" data-id=\"bff2296\" data-element_type=\"container\">\n<div class=\"elementor-element elementor-element-89437f8 testimonial elementor-widget elementor-widget-ucaddon_responsive_testemonial_carousel_dbm\" data-id=\"89437f8\" data-element_type=\"widget\" data-widget_type=\"ucaddon_responsive_testemonial_carousel_dbm.default\">\n<div class=\"elementor-widget-container\">\n<div class=\"uc_quote_slider\">\n<div id=\"uc_responsive_testemonial_carousel_dbm_elementor_89437f8\" class=\"team_member_grid uc-items-wrapper \">\n<div class=\"uc_quote_item ue-item ue_grid_item elementor-repeater-item-4a7e0bd\">\n<div class=\"uc_quote_info \">\n<div class=\"uc_author\">\n<div class=\"uc_author_info\">\n<blockquote>\n<div class=\"ue_title\">Irene Khan<\/div>\n<div class=\"ue_subtitle\">RAPPORTEUR SP\u00c9CIAL DES NATIONS UNIES SUR LA PROMOTION ET LA PROTECTION DU DROIT \u00c0 LA LIBERT\u00c9 D&rsquo;OPINION ET D&rsquo;EXPRESSION<\/div>\n<\/blockquote>\n<\/div>\n<\/div>\n<div class=\"ue-text\">\n<blockquote><p>\u00ab Lorsqu&rsquo;il y a une forte probabilit\u00e9 qu&rsquo;un crime de guerre soit commis, le flux en direct devient \u00e9videmment une preuve essentielle. \u00bb<\/p><\/blockquote>\n<\/div>\n<\/div>\n<\/div>\n<\/div>\n<\/div>\n<\/div>\n<\/div>\n<\/div>\n<div class=\"elementor-element elementor-element-98a4035 e-flex e-con-boxed e-con e-child\" data-id=\"98a4035\" data-element_type=\"container\">\n<div class=\"e-con-inner\">\n<div class=\"elementor-element elementor-element-b7bed74 txtarticle elementor-widget elementor-widget-text-editor\" data-id=\"b7bed74\" data-element_type=\"widget\" data-widget_type=\"text-editor.default\">\n<div class=\"elementor-widget-container\">\n<p>Les coordonn\u00e9es GPS du b\u00e2timent ont \u00e9t\u00e9 transmises \u00e0 plusieurs reprises \u00e0 l\u2019arm\u00e9e isra\u00e9lienne, tout comme bon nombre d\u2019organisations de presse, d\u2019h\u00f4pitaux et autres lieux humanitaires dans la bande de Gaza. Interrog\u00e9e par l\u2019AFP, l\u2019arm\u00e9e isra\u00e9lienne a d\u00e9menti toute frappe sur la tour Hajji\u00a0:\u00a0<i>\u00ab\u00a0il semble qu\u2019il y ait eu une frappe des FDI<\/i>\u00a0[Forces de D\u00e9fense Isra\u00e9liennes, NDLR]\u00a0<i>pr\u00e8s du b\u00e2timent pour \u00e9liminer une menace imm\u00e9diate\u00a0\u00bb,<\/i>\u00a0a d\u00e9clar\u00e9 un porte-parole dans un communiqu\u00e9.<\/p>\n<\/div>\n<\/div>\n<\/div>\n<\/div>\n<\/div>\n<\/div>\n<div class=\"elementor-element elementor-element-1ff07b8 e-flex e-con-boxed e-con e-parent\" data-id=\"1ff07b8\" data-element_type=\"container\">\n<div class=\"e-con-inner\">\n<div class=\"elementor-element elementor-element-8787638 txtarticle elementor-widget elementor-widget-text-editor\" data-id=\"8787638\" data-element_type=\"widget\" data-widget_type=\"text-editor.default\">\n<div class=\"elementor-widget-container\">\n<p>Des d\u00e9g\u00e2ts, il y en a. Les images exclusives tourn\u00e9es par l\u2019AFP, partenaire du \u00ab\u00a0Gaza Project\u00a0\u00bb, illustrent l\u2019ampleur des destructions. Dans les locaux de l\u2019agence enfouis sous la poussi\u00e8re, des d\u00e9bris de verres jonchent le sol. Dans une pi\u00e8ce o\u00f9 les serveurs informatiques sont en \u00e9quilibre pr\u00e9caire sur une \u00e9tag\u00e8re, un trou b\u00e9ant\u00a0dans la fa\u00e7ade laisse entrevoir le sud-est\u00a0de la bande de Gaza.<\/p>\n<\/div>\n<\/div>\n<\/div>\n<\/div>\n<div class=\"elementor-element elementor-element-952b8ee e-flex e-con-boxed e-con e-parent\" data-id=\"952b8ee\" data-element_type=\"container\">\n<div class=\"e-con-inner\">\n<div class=\"elementor-element elementor-element-da5448a e-con-full e-flex e-con e-child\" data-id=\"da5448a\" data-element_type=\"container\">\n<div class=\"elementor-element elementor-element-36de305 elementor-widget elementor-widget-image\" data-id=\"36de305\" data-element_type=\"widget\" data-widget_type=\"image.default\">\n<div class=\"elementor-widget-container\"><a href=\"https:\/\/forbiddenstories.org\/wp-content\/uploads\/2024\/06\/gaza_press_infrastructures_4-scaled.jpeg?x64810\" data-elementor-open-lightbox=\"yes\" data-elementor-lightbox-title=\"gaza_press_infrastructures_4\" data-e-action-hash=\"#elementor-action%3Aaction%3Dlightbox%26settings%3DeyJpZCI6MTkzMjYsInVybCI6Imh0dHBzOlwvXC9mb3JiaWRkZW5zdG9yaWVzLm9yZ1wvd3AtY29udGVudFwvdXBsb2Fkc1wvMjAyNFwvMDZcL2dhemFfcHJlc3NfaW5mcmFzdHJ1Y3R1cmVzXzQtc2NhbGVkLmpwZWcifQ%3D%3D\"><img decoding=\"async\" class=\"attachment-full size-full wp-image-19326 lazy loaded\" src=\"https:\/\/forbiddenstories.org\/wp-content\/uploads\/2024\/06\/gaza_press_infrastructures_4-scaled.jpeg?x64810\" sizes=\"(max-width: 2560px) 100vw, 2560px\" srcset=\"https:\/\/forbiddenstories.org\/wp-content\/uploads\/2024\/06\/gaza_press_infrastructures_4-scaled.jpeg 2560w, https:\/\/forbiddenstories.org\/wp-content\/uploads\/2024\/06\/gaza_press_infrastructures_4-300x200.jpeg 300w, https:\/\/forbiddenstories.org\/wp-content\/uploads\/2024\/06\/gaza_press_infrastructures_4-1024x683.jpeg 1024w, https:\/\/forbiddenstories.org\/wp-content\/uploads\/2024\/06\/gaza_press_infrastructures_4-768x512.jpeg 768w, https:\/\/forbiddenstories.org\/wp-content\/uploads\/2024\/06\/gaza_press_infrastructures_4-1536x1024.jpeg 1536w, https:\/\/forbiddenstories.org\/wp-content\/uploads\/2024\/06\/gaza_press_infrastructures_4-2048x1365.jpeg 2048w\" alt=\"\" width=\"2560\" height=\"1707\" data-src=\"https:\/\/forbiddenstories.org\/wp-content\/uploads\/2024\/06\/gaza_press_infrastructures_4-scaled.jpeg?x64810\" data-srcset=\"https:\/\/forbiddenstories.org\/wp-content\/uploads\/2024\/06\/gaza_press_infrastructures_4-scaled.jpeg 2560w, https:\/\/forbiddenstories.org\/wp-content\/uploads\/2024\/06\/gaza_press_infrastructures_4-300x200.jpeg 300w, https:\/\/forbiddenstories.org\/wp-content\/uploads\/2024\/06\/gaza_press_infrastructures_4-1024x683.jpeg 1024w, https:\/\/forbiddenstories.org\/wp-content\/uploads\/2024\/06\/gaza_press_infrastructures_4-768x512.jpeg 768w, https:\/\/forbiddenstories.org\/wp-content\/uploads\/2024\/06\/gaza_press_infrastructures_4-1536x1024.jpeg 1536w, https:\/\/forbiddenstories.org\/wp-content\/uploads\/2024\/06\/gaza_press_infrastructures_4-2048x1365.jpeg 2048w\" data-sizes=\"(max-width: 2560px) 100vw, 2560px\" data-was-processed=\"true\" \/><\/a><\/div>\n<\/div>\n<div class=\"elementor-element elementor-element-5232b80 elementor-widget elementor-widget-text-editor\" data-id=\"5232b80\" data-element_type=\"widget\" data-widget_type=\"text-editor.default\">\n<div class=\"elementor-widget-container\">\n<p>L\u2019ext\u00e9rieur de la tour Hajji, au lendemain de la frappe, montrant un trou b\u00e9ant au 11\u00e8me \u00e9tage ainsi que la cam\u00e9ra positionn\u00e9e au 10\u00e8me \u00e9tage orient\u00e9e au nord. (Cr\u00e9dit : AFP)<\/p>\n<\/div>\n<\/div>\n<\/div>\n<div class=\"elementor-element elementor-element-c4e7d14 e-con-full e-flex e-con e-child\" data-id=\"c4e7d14\" data-element_type=\"container\">\n<div class=\"elementor-element elementor-element-e74ceae elementor-widget elementor-widget-image\" data-id=\"e74ceae\" data-element_type=\"widget\" data-widget_type=\"image.default\">\n<div class=\"elementor-widget-container\"><a href=\"https:\/\/forbiddenstories.org\/wp-content\/uploads\/2024\/06\/gaza_press_infrastructures_3-scaled.jpeg?x64810\" data-elementor-open-lightbox=\"yes\" data-elementor-lightbox-title=\"gaza_press_infrastructures_3\" data-e-action-hash=\"#elementor-action%3Aaction%3Dlightbox%26settings%3DeyJpZCI6MTkzMjUsInVybCI6Imh0dHBzOlwvXC9mb3JiaWRkZW5zdG9yaWVzLm9yZ1wvd3AtY29udGVudFwvdXBsb2Fkc1wvMjAyNFwvMDZcL2dhemFfcHJlc3NfaW5mcmFzdHJ1Y3R1cmVzXzMtc2NhbGVkLmpwZWcifQ%3D%3D\"><img decoding=\"async\" class=\"attachment-full size-full wp-image-19325 lazy loaded\" src=\"https:\/\/forbiddenstories.org\/wp-content\/uploads\/2024\/06\/gaza_press_infrastructures_3-scaled.jpeg?x64810\" sizes=\"(max-width: 2560px) 100vw, 2560px\" srcset=\"https:\/\/forbiddenstories.org\/wp-content\/uploads\/2024\/06\/gaza_press_infrastructures_3-scaled.jpeg 2560w, https:\/\/forbiddenstories.org\/wp-content\/uploads\/2024\/06\/gaza_press_infrastructures_3-300x169.jpeg 300w, https:\/\/forbiddenstories.org\/wp-content\/uploads\/2024\/06\/gaza_press_infrastructures_3-1024x576.jpeg 1024w, https:\/\/forbiddenstories.org\/wp-content\/uploads\/2024\/06\/gaza_press_infrastructures_3-768x432.jpeg 768w, https:\/\/forbiddenstories.org\/wp-content\/uploads\/2024\/06\/gaza_press_infrastructures_3-1536x864.jpeg 1536w, https:\/\/forbiddenstories.org\/wp-content\/uploads\/2024\/06\/gaza_press_infrastructures_3-2048x1152.jpeg 2048w\" alt=\"\" width=\"2560\" height=\"1440\" data-src=\"https:\/\/forbiddenstories.org\/wp-content\/uploads\/2024\/06\/gaza_press_infrastructures_3-scaled.jpeg?x64810\" data-srcset=\"https:\/\/forbiddenstories.org\/wp-content\/uploads\/2024\/06\/gaza_press_infrastructures_3-scaled.jpeg 2560w, https:\/\/forbiddenstories.org\/wp-content\/uploads\/2024\/06\/gaza_press_infrastructures_3-300x169.jpeg 300w, https:\/\/forbiddenstories.org\/wp-content\/uploads\/2024\/06\/gaza_press_infrastructures_3-1024x576.jpeg 1024w, https:\/\/forbiddenstories.org\/wp-content\/uploads\/2024\/06\/gaza_press_infrastructures_3-768x432.jpeg 768w, https:\/\/forbiddenstories.org\/wp-content\/uploads\/2024\/06\/gaza_press_infrastructures_3-1536x864.jpeg 1536w, https:\/\/forbiddenstories.org\/wp-content\/uploads\/2024\/06\/gaza_press_infrastructures_3-2048x1152.jpeg 2048w\" data-sizes=\"(max-width: 2560px) 100vw, 2560px\" data-was-processed=\"true\" \/><\/a><\/div>\n<\/div>\n<div class=\"elementor-element elementor-element-8162c74 elementor-widget elementor-widget-text-editor\" data-id=\"8162c74\" data-element_type=\"widget\" data-widget_type=\"text-editor.default\">\n<div class=\"elementor-widget-container\">\n<p>La salle des serveurs de l\u2019AFP, situ\u00e9e au 11\u00e8me \u00e9tage de la Tour Hajji, partiellement d\u00e9truite par une frappe le 2 novembre 2023. (Cr\u00e9dit : AFP)<\/p>\n<\/div>\n<\/div>\n<\/div>\n<\/div>\n<\/div>\n<div class=\"elementor-element elementor-element-9e885c9 e-flex e-con-boxed e-con e-parent\" data-id=\"9e885c9\" data-element_type=\"container\">\n<div class=\"e-con-inner\">\n<div class=\"elementor-element elementor-element-f06e658 txtarticle elementor-widget elementor-widget-text-editor\" data-id=\"f06e658\" data-element_type=\"widget\" data-widget_type=\"text-editor.default\">\n<div class=\"elementor-widget-container\">\n<p>Contact\u00e9 dans le cadre de cette enqu\u00eate,\u00a0un porte-parole de l\u2019arm\u00e9e isra\u00e9lienne\u00a0a r\u00e9affirm\u00e9 que\u00a0<i>\u00ab\u00a0les bureaux de l\u2019agence AFP n\u2019\u00e9taient pas la cible de l\u2019attaque et qu\u2019ils ont pu \u00eatre endommag\u00e9s par l\u2019onde de choc ou les \u00e9clats d\u2019obus\u00a0\u00bb.<\/i><\/p>\n<p>Alors que l\u2019arm\u00e9e isra\u00e9lienne se d\u00e9fend d\u2019avoir bombard\u00e9 la tour, plusieurs frappes ont touch\u00e9 ce b\u00e2timent dont certaines pr\u00e9cis\u00e9ment \u00e0 quelques m\u00e8tres seulement de la cam\u00e9ra. C\u2019est ce que r\u00e9v\u00e8le l\u2019analyse des images en direct r\u00e9cup\u00e9r\u00e9es par le consortium.<\/p>\n<\/div>\n<\/div>\n<\/div>\n<\/div>\n<div class=\"elementor-element elementor-element-5509391 e-flex e-con-boxed e-con e-parent\" data-id=\"5509391\" data-element_type=\"container\">\n<div class=\"e-con-inner\">\n<div class=\"elementor-element elementor-element-5245709 elementor-widget elementor-widget-heading\" data-id=\"5245709\" data-element_type=\"widget\" data-widget_type=\"heading.default\">\n<div class=\"elementor-widget-container\">\n<h3 class=\"elementor-heading-title elementor-size-default\">Les flux en direct syst\u00e9matiquement cibl\u00e9s par l\u2019arm\u00e9e isra\u00e9lienne\u202f?<\/h3>\n<\/div>\n<\/div>\n<div class=\"elementor-element elementor-element-4e0fe9b txtarticle elementor-widget elementor-widget-text-editor\" data-id=\"4e0fe9b\" data-element_type=\"widget\" data-widget_type=\"text-editor.default\">\n<div class=\"elementor-widget-container\">\n<p><i>Forbidden Stories<\/i>\u00a0et ses partenaires ont pu d\u00e9montrer qu\u2019il y avait eu, ce 2 novembre 2023, non pas z\u00e9ro mais au moins deux frappes directes\u00a0sur l\u2019immeuble abritant notamment les bureaux de l\u2019AFP entre 11h55 et 12h09 heure locale.<\/p>\n<p>Toutes partagent les m\u00eames caract\u00e9ristiques visibles sur les images\u00a0: le tir, un flash d\u2019une microseconde sur la ligne d\u2019horizon, et l\u2019explosion, pr\u00e8s de 4 secondes plus tard.<\/p>\n<\/div>\n<\/div>\n<\/div>\n<\/div>\n<div class=\"elementor-element elementor-element-4a27f80 e-flex e-con-boxed e-con e-parent\" data-id=\"4a27f80\" data-element_type=\"container\">\n<div class=\"e-con-inner\">\n<div class=\"elementor-element elementor-element-b7a62fe e-flex e-con-boxed e-con e-child\" data-id=\"b7a62fe\" data-element_type=\"container\">\n<div class=\"e-con-inner\">\n<div class=\"elementor-element elementor-element-aafd62a elementor-widget elementor-widget-text-editor\" data-id=\"aafd62a\" data-element_type=\"widget\" data-widget_type=\"text-editor.default\">\n<div class=\"elementor-widget-container\">\n<div class=\"youtube-video\"><iframe title=\"YouTube video player\" src=\"https:\/\/www.youtube.com\/embed\/JbFwAAPU73k?si=qk1uRZufiRyOOHFE\" width=\"800\" height=\"500\" frameborder=\"0\" allowfullscreen=\"allowfullscreen\" data-mce-fragment=\"1\"><\/iframe><\/div>\n<\/div>\n<\/div>\n<\/div>\n<\/div>\n<div class=\"elementor-element elementor-element-6bbefce elementor-widget elementor-widget-text-editor\" data-id=\"6bbefce\" data-element_type=\"widget\" data-widget_type=\"text-editor.default\">\n<div class=\"elementor-widget-container\">\n<p>Zoom sur le flash visible sur la ligne d\u2019horizon, 4 secondes avant l\u2019impact. (Cr\u00e9dit :\u00a0<i>Le Monde<\/i>\u00a0\/ AFP)<\/p>\n<\/div>\n<\/div>\n<\/div>\n<\/div>\n<div class=\"elementor-element elementor-element-50f08af e-flex e-con-boxed e-con e-parent\" data-id=\"50f08af\" data-element_type=\"container\">\n<div class=\"e-con-inner\">\n<div class=\"elementor-element elementor-element-131612e txtarticle elementor-widget elementor-widget-text-editor\" data-id=\"131612e\" data-element_type=\"widget\" data-widget_type=\"text-editor.default\">\n<div class=\"elementor-widget-container\">\n<p>Gr\u00e2ce au travail d\u2019OSINT de nos partenaires\u00a0<i>Le Monde\u00a0<\/i>et\u00a0<i>Paper Trail Media<\/i>, appuy\u00e9 par\u00a0<a href=\"https:\/\/earshot.ngo\/\">Earshot<\/a>, une organisation sp\u00e9cialis\u00e9e dans la production d\u2019enqu\u00eate audio pour la d\u00e9fense des droits humains, nous avons pu localiser l\u2019origine des tirs. Une analyse plus pouss\u00e9e de la vitesse et des caract\u00e9ristiques des frappes nous a permis de conclure que les frappes ont \u00e9t\u00e9 tr\u00e8s probablement ex\u00e9cut\u00e9es par des chars isra\u00e9liens situ\u00e9s \u00e0 environ 3 kilom\u00e8tres de la tour, dans une zone d\u00e9serte\u00a0qui offre une ligne de tir d\u00e9gag\u00e9e sur la tour Hajji.<\/p>\n<p>Adrian Wilkinson, un ing\u00e9nieur sp\u00e9cialis\u00e9 dans les explosifs qui travaille r\u00e9guli\u00e8rement pour les Nations unies, se dit \u201cpresque certain que le bureau de l\u2019AFP a \u00e9t\u00e9 vis\u00e9 par un char isra\u00e9lien\u201d. Il exclut la possibilit\u00e9 d\u2019un tir accidentel. Au moins cinq autres experts, dont War Noir, chercheur ind\u00e9pendant sur les armes et les conflits, et Trevor Ball, ancien technicien de l\u2019arm\u00e9e am\u00e9ricaine charg\u00e9 de la neutralisation des explosifs et munitions, partagent cet avis.<\/p>\n<\/div>\n<\/div>\n<\/div>\n<\/div>\n<div class=\"elementor-element elementor-element-1cc879c e-flex e-con-boxed e-con e-parent\" data-id=\"1cc879c\" data-element_type=\"container\">\n<div class=\"e-con-inner\">\n<div class=\"elementor-element elementor-element-f4b1f11 e-con-full e-flex e-con e-child\" data-id=\"f4b1f11\" data-element_type=\"container\">\n<div class=\"elementor-element elementor-element-a1fbc99 elementor-widget elementor-widget-image\" data-id=\"a1fbc99\" data-element_type=\"widget\" data-widget_type=\"image.default\">\n<div class=\"elementor-widget-container\"><a href=\"https:\/\/forbiddenstories.org\/wp-content\/uploads\/2024\/06\/gaza_press_infrastructures_6-scaled.jpg?x64810\" data-elementor-open-lightbox=\"yes\" data-elementor-lightbox-title=\"gaza_press_infrastructures_6\" data-e-action-hash=\"#elementor-action%3Aaction%3Dlightbox%26settings%3DeyJpZCI6MTkzMjcsInVybCI6Imh0dHBzOlwvXC9mb3JiaWRkZW5zdG9yaWVzLm9yZ1wvd3AtY29udGVudFwvdXBsb2Fkc1wvMjAyNFwvMDZcL2dhemFfcHJlc3NfaW5mcmFzdHJ1Y3R1cmVzXzYtc2NhbGVkLmpwZyJ9\"><img decoding=\"async\" class=\"attachment-full size-full wp-image-19327 lazy loaded\" src=\"https:\/\/forbiddenstories.org\/wp-content\/uploads\/2024\/06\/gaza_press_infrastructures_6-scaled.jpg?x64810\" sizes=\"(max-width: 2560px) 100vw, 2560px\" srcset=\"https:\/\/forbiddenstories.org\/wp-content\/uploads\/2024\/06\/gaza_press_infrastructures_6-scaled.jpg 2560w, https:\/\/forbiddenstories.org\/wp-content\/uploads\/2024\/06\/gaza_press_infrastructures_6-300x169.jpg 300w, https:\/\/forbiddenstories.org\/wp-content\/uploads\/2024\/06\/gaza_press_infrastructures_6-1024x576.jpg 1024w, https:\/\/forbiddenstories.org\/wp-content\/uploads\/2024\/06\/gaza_press_infrastructures_6-768x432.jpg 768w, https:\/\/forbiddenstories.org\/wp-content\/uploads\/2024\/06\/gaza_press_infrastructures_6-1536x864.jpg 1536w, https:\/\/forbiddenstories.org\/wp-content\/uploads\/2024\/06\/gaza_press_infrastructures_6-2048x1152.jpg 2048w\" alt=\"\" width=\"2560\" height=\"1440\" data-src=\"https:\/\/forbiddenstories.org\/wp-content\/uploads\/2024\/06\/gaza_press_infrastructures_6-scaled.jpg?x64810\" data-srcset=\"https:\/\/forbiddenstories.org\/wp-content\/uploads\/2024\/06\/gaza_press_infrastructures_6-scaled.jpg 2560w, https:\/\/forbiddenstories.org\/wp-content\/uploads\/2024\/06\/gaza_press_infrastructures_6-300x169.jpg 300w, https:\/\/forbiddenstories.org\/wp-content\/uploads\/2024\/06\/gaza_press_infrastructures_6-1024x576.jpg 1024w, https:\/\/forbiddenstories.org\/wp-content\/uploads\/2024\/06\/gaza_press_infrastructures_6-768x432.jpg 768w, https:\/\/forbiddenstories.org\/wp-content\/uploads\/2024\/06\/gaza_press_infrastructures_6-1536x864.jpg 1536w, https:\/\/forbiddenstories.org\/wp-content\/uploads\/2024\/06\/gaza_press_infrastructures_6-2048x1152.jpg 2048w\" data-sizes=\"(max-width: 2560px) 100vw, 2560px\" data-was-processed=\"true\" \/><\/a><\/div>\n<\/div>\n<div class=\"elementor-element elementor-element-9aea9b9 e-con-full e-flex e-con e-child\" data-id=\"9aea9b9\" data-element_type=\"container\">\n<div class=\"elementor-element elementor-element-6ca34ea elementor-widget elementor-widget-text-editor\" data-id=\"6ca34ea\" data-element_type=\"widget\" data-widget_type=\"text-editor.default\">\n<div class=\"elementor-widget-container\">\n<p>La position probable du char, \u00e0 3 km de la cam\u00e9ra le 2 novembre\u00a02023, g\u00e9olocalis\u00e9e par notre partenaire du Monde et corrobor\u00e9e\u00a0avec l\u2019analyse d\u2019Earshot. (Cr\u00e9dit : Earshot)<\/p>\n<\/div>\n<\/div>\n<\/div>\n<\/div>\n<div class=\"elementor-element elementor-element-aa0b0cb e-flex e-con-boxed e-con e-child\" data-id=\"aa0b0cb\" data-element_type=\"container\">\n<div class=\"e-con-inner\">\n<div class=\"elementor-element elementor-element-4a86b91 txtarticle elementor-widget elementor-widget-text-editor\" data-id=\"4a86b91\" data-element_type=\"widget\" data-widget_type=\"text-editor.default\">\n<div class=\"elementor-widget-container\">\n<p>L\u2019analyse de deux images satellites du 31 octobre et du 3 novembre partag\u00e9e par Planet Labs permet de confirmer la pr\u00e9sence de trace de chars dans cette zone durant cette p\u00e9riode. Une autre image satellite dat\u00e9e du 2 novembre 2023 existe. Elle appartient \u00e0 Maxar Technologies, une soci\u00e9t\u00e9 sp\u00e9cialis\u00e9e en imageries satellites, mais cette derni\u00e8re n\u2019a pas souhait\u00e9 partager d\u2019informations pr\u00e9cises permettant de localiser les blind\u00e9s isra\u00e9liens. Maxar n\u2019a pas souhait\u00e9 faire de commentaire \u00e0 ce propos.<\/p>\n<\/div>\n<\/div>\n<\/div>\n<\/div>\n<\/div>\n<\/div>\n<div class=\"elementor-element elementor-element-5057084 e-flex e-con-boxed e-con e-parent\" data-id=\"5057084\" data-element_type=\"container\">\n<div class=\"e-con-inner\">\n<div class=\"elementor-element elementor-element-d9e7716 txtarticle elementor-widget elementor-widget-text-editor\" data-id=\"d9e7716\" data-element_type=\"widget\" data-widget_type=\"text-editor.default\">\n<div class=\"elementor-widget-container\">\n<p>Mais l\u2019analyse des images diffus\u00e9es en direct a permis de faire une autre d\u00e9couverte. Quelques minutes avant ces deux frappes sur les bureaux de l\u2019AFP, une autre explosion a eu lieu sur un b\u00e2timent voisin, la tour Al-Ghifari, qui abritait elle aussi des cam\u00e9ras.<\/p>\n<p>Au 16\u00e8me \u00e9tage de cette tour, l\u2019une des plus hautes\u00a0de la bande de Gaza, se trouvent les locaux du Palestinian Media Group (PMG), une soci\u00e9t\u00e9 de production m\u00e9diatique. Parmi les services fournis par PMG figurent des cam\u00e9ras offrant une vue imprenable sur Gaza. Peu avant 10 h, ce 2 novembre 2023, des cam\u00e9ras post\u00e9es\u00a0aux fen\u00eatres nord, sud, est et ouest du bureau envoient des images en direct \u00e0 plusieurs m\u00e9dias internationaux dont Reuters et Al Arabiya, lorsqu\u2019une explosion retentit.<\/p>\n<\/div>\n<\/div>\n<\/div>\n<\/div>\n<div class=\"elementor-element elementor-element-2bf8146 e-flex e-con-boxed e-con e-parent\" data-id=\"2bf8146\" data-element_type=\"container\">\n<div class=\"e-con-inner\">\n<div class=\"elementor-element elementor-element-26c0f29 e-con-full e-flex e-con e-child\" data-id=\"26c0f29\" data-element_type=\"container\">\n<div class=\"elementor-element elementor-element-33e6607 testimonial elementor-widget elementor-widget-ucaddon_responsive_testemonial_carousel_dbm\" data-id=\"33e6607\" data-element_type=\"widget\" data-widget_type=\"ucaddon_responsive_testemonial_carousel_dbm.default\">\n<div class=\"elementor-widget-container\">\n<div class=\"uc_quote_slider\">\n<div id=\"uc_responsive_testemonial_carousel_dbm_elementor_33e6607\" class=\"team_member_grid uc-items-wrapper \">\n<div class=\"uc_quote_item ue-item ue_grid_item elementor-repeater-item-4a7e0bd\">\n<div class=\"uc_quote_info \">\n<div class=\"uc_author\">\n<div class=\"uc_author_info\">\n<blockquote>\n<div class=\"ue_title\">Hassan Madhoun<\/div>\n<div class=\"ue_subtitle\">PDG DU PALESTINIAN MEDIA GROUP \u00c0 GAZA<\/div>\n<\/blockquote>\n<\/div>\n<\/div>\n<div class=\"ue-text\">\n<blockquote><p>\u00ab Nous diffusons l&rsquo;image telle qu&rsquo;elle est, nous ne la commentons pas, nous la rapportons telle qu&rsquo;elle est, mais l&rsquo;image semble d\u00e9ranger l&rsquo;arm\u00e9e isra\u00e9lienne. \u00bb<\/p><\/blockquote>\n<\/div>\n<\/div>\n<\/div>\n<\/div>\n<\/div>\n<\/div>\n<\/div>\n<\/div>\n<div class=\"elementor-element elementor-element-1286f00 e-flex e-con-boxed e-con e-child\" data-id=\"1286f00\" data-element_type=\"container\">\n<div class=\"e-con-inner\">\n<div class=\"elementor-element elementor-element-b5e7472 txtarticle elementor-widget elementor-widget-text-editor\" data-id=\"b5e7472\" data-element_type=\"widget\" data-widget_type=\"text-editor.default\">\n<div class=\"elementor-widget-container\">\n<p>Ce matin-l\u00e0, Ismail Abu Hatab pr\u00e9pare son caf\u00e9 et termine de t\u00e9l\u00e9charger les images de la veille. Journaliste freelance, il a dormi dans les locaux du Palestinian Media Group et est pr\u00eat pour une nouvelle journ\u00e9e de travail. \u00ab\u00a0<i>J\u2019ai pris l\u2019appareil photo et je n\u2019ai rien vu, rien entendu.<\/i><\/p>\n<p><i>Tout ce dont je me souviens, c\u2019est d\u2019une lumi\u00e8re jaune<\/i>\u00a0\u00bb raconte l\u2019homme lors d\u2019une interview avec le consortium. Un autre journaliste filme la sc\u00e8ne\u00a0: une \u00e9paisse fum\u00e9e inonde les lieux dont on discerne vaguement au loin le tr\u00e9pied d\u2019une cam\u00e9ra encore debout. Ismail Abu Hatab est bless\u00e9 \u00e0 la jambe\u00a0et sera rapidement transport\u00e9 \u00e0 l\u2019h\u00f4pital Al Shifa, toujours en activit\u00e9 \u00e0 l\u2019\u00e9poque. Il n\u2019est pas encore retourn\u00e9 sur les lieux.<\/p>\n<\/div>\n<\/div>\n<\/div>\n<\/div>\n<\/div>\n<\/div>\n<div class=\"elementor-element elementor-element-eae1753 e-flex e-con-boxed e-con e-parent\" data-id=\"eae1753\" data-element_type=\"container\">\n<div class=\"e-con-inner\">\n<div class=\"elementor-element elementor-element-6cfdfc6 e-flex e-con-boxed e-con e-child\" data-id=\"6cfdfc6\" data-element_type=\"container\">\n<div class=\"e-con-inner\">\n<div class=\"elementor-element elementor-element-ec5298d elementor-widget elementor-widget-text-editor\" data-id=\"ec5298d\" data-element_type=\"widget\" data-widget_type=\"text-editor.default\">\n<div class=\"elementor-widget-container\">\n<div class=\"youtube-video\"><iframe title=\"YouTube video player\" src=\"https:\/\/www.youtube.com\/embed\/5lGpV0uH7jg?si=qk1uRZufiRyOOHFE\" width=\"800\" height=\"500\" frameborder=\"0\" allowfullscreen=\"allowfullscreen\" data-mce-fragment=\"1\"><\/iframe><\/div>\n<\/div>\n<\/div>\n<\/div>\n<\/div>\n<div class=\"elementor-element elementor-element-ad58da5 elementor-widget elementor-widget-text-editor\" data-id=\"ad58da5\" data-element_type=\"widget\" data-widget_type=\"text-editor.default\">\n<div class=\"elementor-widget-container\">\n<p>Une vid\u00e9o tourn\u00e9e par le journaliste Abed Shanaa apr\u00e8s la frappe dans les locaux du Palestinian Media Group, le 2 novembre\u00a02023.\u00a0(Cr\u00e9dit : Abed Shanaa)<\/p>\n<\/div>\n<\/div>\n<\/div>\n<\/div>\n<div class=\"elementor-element elementor-element-0e1481f e-flex e-con-boxed e-con e-parent\" data-id=\"0e1481f\" data-element_type=\"container\">\n<div class=\"e-con-inner\">\n<div class=\"elementor-element elementor-element-3680210 txtarticle elementor-widget elementor-widget-text-editor\" data-id=\"3680210\" data-element_type=\"widget\" data-widget_type=\"text-editor.default\">\n<div class=\"elementor-widget-container\">\n<p>Interrog\u00e9 sur les motivations potentielles de cette frappe au 16\u00e8me \u00e9tage de cette tour, dans les locaux m\u00eames du Palestinian Media Group, Hassan Madhoun, le PDG du groupe, a expliqu\u00e9 lors d\u2019une interview avec le consortium que les chars de l\u2019arm\u00e9e isra\u00e9lienne \u00e9taient arriv\u00e9s dans le nord de Gaza le 31 octobre 2023. L\u2019arm\u00e9e voulait, selon lui, commencer ses op\u00e9rations militaires et emp\u00eacher la diffusion de toute image montrant les crimes et les destructions. \u00ab\u00a0<i>Alors ils nous ont pris pour cible<\/i>\u00a0\u00bb raconte Hassan Madhoun avant de conclure\u00a0: \u00ab\u00a0<i>Nous diffusons l\u2019image telle qu\u2019elle est, nous ne la commentons pas, nous la rapportons telle qu\u2019elle est, mais l\u2019image semble d\u00e9ranger l\u2019arm\u00e9e isra\u00e9lienne<\/i>\u00a0\u00bb.<\/p>\n<p>Sans pour autant apporter la preuve formelle d\u2019une strat\u00e9gie d\u00e9lib\u00e9r\u00e9e de la part de l\u2019arm\u00e9e isra\u00e9lienne, cette s\u00e9rie de frappes contre les locaux du PMG \u00e0 l\u2019emplacement m\u00eame des cam\u00e9ras et \u00e0 quelques m\u00e8tres de la cam\u00e9ra de l\u2019AFP dans la tour Hajji constitue un faisceau d\u2019indices. Un administrateur de la tour Hajji demandera m\u00eame \u00e0 l\u2019agence de presse d\u2019arr\u00eater un temps sa cam\u00e9ra en direct par peur de nouveaux tirs. Elle se coupera d\u00e9finitivement le 12 novembre \u00e0 10h31, car personne n\u2019a pu retourner dans les bureaux pour la relancer, cessant ainsi\u00a0toute transmission en direct d\u2019images depuis Gaza.<\/p>\n<p>Contact\u00e9 au sujet de cette frappe potentielle, le porte-parole de l\u2019arm\u00e9e isra\u00e9lienne a r\u00e9pondu qu\u2019il n\u2019\u00e9tait pas au courant d\u2019une frappe \u00e0 cet endroit et \u00e0 la date indiqu\u00e9s.<\/p>\n<\/div>\n<\/div>\n<\/div>\n<\/div>\n<div class=\"elementor-element elementor-element-596596e e-flex e-con-boxed e-con e-parent\" data-id=\"596596e\" data-element_type=\"container\">\n<div class=\"e-con-inner\">\n<div class=\"elementor-element elementor-element-d5968c9 elementor-widget elementor-widget-image\" data-id=\"d5968c9\" data-element_type=\"widget\" data-widget_type=\"image.default\">\n<div class=\"elementor-widget-container\"><a href=\"https:\/\/forbiddenstories.org\/wp-content\/uploads\/2024\/06\/gaza_press_infrastructures_8.jpeg?x64810\" data-elementor-open-lightbox=\"yes\" data-elementor-lightbox-title=\"gaza_press_infrastructures_8\" data-e-action-hash=\"#elementor-action%3Aaction%3Dlightbox%26settings%3DeyJpZCI6MTkzMjgsInVybCI6Imh0dHBzOlwvXC9mb3JiaWRkZW5zdG9yaWVzLm9yZ1wvd3AtY29udGVudFwvdXBsb2Fkc1wvMjAyNFwvMDZcL2dhemFfcHJlc3NfaW5mcmFzdHJ1Y3R1cmVzXzguanBlZyJ9\"><img decoding=\"async\" class=\"attachment-full size-full wp-image-19328 lazy loaded\" src=\"https:\/\/forbiddenstories.org\/wp-content\/uploads\/2024\/06\/gaza_press_infrastructures_8.jpeg?x64810\" sizes=\"(max-width: 2048px) 100vw, 2048px\" srcset=\"https:\/\/forbiddenstories.org\/wp-content\/uploads\/2024\/06\/gaza_press_infrastructures_8.jpeg 2048w, https:\/\/forbiddenstories.org\/wp-content\/uploads\/2024\/06\/gaza_press_infrastructures_8-300x181.jpeg 300w, https:\/\/forbiddenstories.org\/wp-content\/uploads\/2024\/06\/gaza_press_infrastructures_8-1024x619.jpeg 1024w, https:\/\/forbiddenstories.org\/wp-content\/uploads\/2024\/06\/gaza_press_infrastructures_8-768x464.jpeg 768w, https:\/\/forbiddenstories.org\/wp-content\/uploads\/2024\/06\/gaza_press_infrastructures_8-1536x929.jpeg 1536w\" alt=\"\" width=\"2048\" height=\"1238\" data-src=\"https:\/\/forbiddenstories.org\/wp-content\/uploads\/2024\/06\/gaza_press_infrastructures_8.jpeg?x64810\" data-srcset=\"https:\/\/forbiddenstories.org\/wp-content\/uploads\/2024\/06\/gaza_press_infrastructures_8.jpeg 2048w, https:\/\/forbiddenstories.org\/wp-content\/uploads\/2024\/06\/gaza_press_infrastructures_8-300x181.jpeg 300w, https:\/\/forbiddenstories.org\/wp-content\/uploads\/2024\/06\/gaza_press_infrastructures_8-1024x619.jpeg 1024w, https:\/\/forbiddenstories.org\/wp-content\/uploads\/2024\/06\/gaza_press_infrastructures_8-768x464.jpeg 768w, https:\/\/forbiddenstories.org\/wp-content\/uploads\/2024\/06\/gaza_press_infrastructures_8-1536x929.jpeg 1536w\" data-sizes=\"(max-width: 2048px) 100vw, 2048px\" data-was-processed=\"true\" \/><\/a><\/div>\n<\/div>\n<div class=\"elementor-element elementor-element-d51e68b elementor-widget elementor-widget-text-editor\" data-id=\"d51e68b\" data-element_type=\"widget\" data-widget_type=\"text-editor.default\">\n<div class=\"elementor-widget-container\">\n<p>Montage indiquant la position \u00e9ventuelle des tanks ayant effectu\u00e9s les tirs sur Hajji (pointill\u00e9s) et Al-Ghifari (trait continu). (Credit: Ain Media \/ Le Monde)<\/p>\n<\/div>\n<\/div>\n<\/div>\n<\/div>\n<div class=\"elementor-element elementor-element-df76510 e-flex e-con-boxed e-con e-parent\" data-id=\"df76510\" data-element_type=\"container\">\n<div class=\"e-con-inner\">\n<div class=\"elementor-element elementor-element-e42b422 txtarticle elementor-widget elementor-widget-text-editor\" data-id=\"e42b422\" data-element_type=\"widget\" data-widget_type=\"text-editor.default\">\n<div class=\"elementor-widget-container\">\n<p><i>\u00ab\u00a0Nous avons vraiment besoin qu\u2019Isra\u00ebl nous explique quelle est sa politique en ce qui concerne les images en direct \u00e0 diff\u00e9rents endroits. Et si, d\u2019une mani\u00e8re ou d\u2019une autre, elles sont consid\u00e9r\u00e9es comme des cibles l\u00e9gitimes, parce qu\u2019il y a suffisamment de preuves circonstancielles pour nous faire soup\u00e7onner que c\u2019est ainsi qu\u2019ils op\u00e8rent\u00a0\u00bb<\/i>\u00a0a r\u00e9agi Phil Chetwynd, Directeur de l\u2019Information de l\u2019AFP, dans une interview accord\u00e9e au consortium.<\/p>\n<p>Pour Irene Khan, Rapporteur sp\u00e9cial des Nations unies sur la promotion et la protection du droit \u00e0 la libert\u00e9 d\u2019opinion et d\u2019expression,\u00a0<i>\u00ab<\/i>\u00a0<i>lorsqu\u2019il y a une forte probabilit\u00e9 qu\u2019un crime de guerre soit commis, le flux en direct devient \u00e9videmment une preuve essentielle\u00a0<\/i><i>\u00bb<\/i>. La strat\u00e9gie d\u2019aveuglement ne concerne pas seulement les activit\u00e9s journalistiques dans la bande de Gaza. Le dernier incident en date a eu lieu le 21 mai dernier. Ce jour-l\u00e0, le mat\u00e9riel d\u2019une \u00e9quipe de l\u2019agence de presse am\u00e9ricaine AP (<i>The Associated Press)<\/i>, en Isra\u00ebl a \u00e9t\u00e9 bri\u00e8vement saisi sous pr\u00e9texte que les journalistes avaient viol\u00e9 une nouvelle loi sur les m\u00e9dias en fournissant des images \u00e0 Al Jazeera. Peu de temps avant la saisie du mat\u00e9riel, les journalistes \u00e9taient en train de filmer et de diffuser en direct une vue g\u00e9n\u00e9rale du nord de Gaza depuis la ville isra\u00e9lienne de Sderot, situ\u00e9e \u00e0 moins de deux kilom\u00e8tres de l\u2019enclave.<\/p>\n<p><i>\u00ab\u00a0En d\u00e9truisant intentionnellement les m\u00e9dias, les Forces de D\u00e9fenses Isra\u00e9liennes ne se contente pas d\u2019infliger des d\u00e9g\u00e2ts mat\u00e9riels inacceptables aux op\u00e9rations d\u2019information. Ils font aussi, plus largement, obstacle \u00e0 la couverture m\u00e9diatique d\u2019un conflit qui touche directement la population civile<\/i><i>\u00a0\u00bb<\/i>\u00a0d\u00e9clarait d\u00e9j\u00e0 en 2021 Reporters Sans Fronti\u00e8res sur son site. L\u2019histoire se r\u00e9p\u00e8te et s\u2019acc\u00e9l\u00e8re.<\/p>\n<p>Ces coups port\u00e9s aux bureaux de l\u2019AFP et du Palestinian Media Group notamment ont consid\u00e9rablement choqu\u00e9 les journalistes qui esp\u00e9raient pouvoir y revenir un jour. Les locaux de l\u2019AFP \u00e9taient\u00a0<i>\u00ab\u00a0un endroit o\u00f9 vraiment [les journalistes de l\u2019AFP] \u00e9taient capables d\u2019aller sans peur\u00a0\u00bb<\/i>\u00a0commente Phyl Chetwynd, avant de d\u00e9crire le sentiment de l\u2019\u00e9quipe :\u00a0<i>\u00ab<\/i>\u00a0<i>s\u2019ils sont capables de frapper notre endroit, notre bureau, notre lieu de s\u00e9curit\u00e9, nous n\u2019avons aucun lieu s\u00fbr dans toute la bande de Gaza<\/i><i>\u00a0\u00bb<\/i>. L\u2018effet psychologique de ces frappes sur le moral de l\u2019\u00e9quipe est \u00e9norme. Yahya Hassouna, journaliste au sein de l\u2019AFP depuis 2009, d\u00e9crit dans une interview avec le consortium le si\u00e8ge gazaoui de l\u2019AFP comme \u00e9tant\u00a0<i>\u00ab\u00a0l\u2019endroit o\u00f9 se trouvaient tous mes r\u00eaves \u2013 mon avenir, ma vie, mon bureau<\/i><i>\u00a0\u00bb.<\/i>\u00a0Consid\u00e9r\u00e9s comme une deuxi\u00e8me maison pour beaucoup d\u2019entre eux, ces r\u00e9dactions fournissaient une aide logistique cruciale aux journalistes.<\/p>\n<p>Leur cas est loin d\u2019\u00eatre isol\u00e9. Nombre de journalistes locaux n\u2019ont pas r\u00e9ussi \u00e0 quitter Gaza et n\u2019ont aucun lieu s\u00fbr o\u00f9 se mettre \u00e0 l\u2019abri pour mener \u00e0 bien leur mission, leurs lieux de travail ayant \u00e9t\u00e9 d\u00e9truits.<\/p>\n<\/div>\n<\/div>\n<\/div>\n<\/div>\n<div class=\"elementor-element elementor-element-35b9e7b e-flex e-con-boxed e-con e-parent\" data-id=\"35b9e7b\" data-element_type=\"container\">\n<div class=\"e-con-inner\">\n<div class=\"elementor-element elementor-element-07b4b54 elementor-widget elementor-widget-heading\" data-id=\"07b4b54\" data-element_type=\"widget\" data-widget_type=\"heading.default\">\n<div class=\"elementor-widget-container\">\n<h3 class=\"elementor-heading-title elementor-size-default\">La Maison de la Presse, un refuge pour les journalistes de Gaza<\/h3>\n<\/div>\n<\/div>\n<div class=\"elementor-element elementor-element-beb4691 txtarticle elementor-widget elementor-widget-text-editor\" data-id=\"beb4691\" data-element_type=\"widget\" data-widget_type=\"text-editor.default\">\n<div class=\"elementor-widget-container\">\n<p>La Maison de la Presse situ\u00e9e \u00e0 deux pas d\u2019une tour de t\u00e9l\u00e9communications\u00a0dans le quartier de Rimal, dans la ville de Gaza, \u00e9tait aussi l\u2019un de ces refuges, un passage oblig\u00e9. Un lieu o\u00f9 se retrouver entre confr\u00e8res et consoeurs, trouver de la nourriture, du r\u00e9seau et des gilets de protection. Pour Shuruq As\u2019Ad du Syndicat des journalistes Palestiniens, \u00ab\u00a0<i>c\u2019\u00e9tait vraiment l\u2019un des endroits les plus s\u00fbrs pour les journalistes\u00a0<\/i><i>\u00bb<\/i>\u00a0\u00e0 Gaza, avant l\u2019offensive isra\u00e9lienne.<\/p>\n<p>La Maison de la Presse a vu le jour en 2013, dans le but de rassembler les journalistes de la bande de Gaza. Apr\u00e8s la victoire du Hamas en 2007, \u00e0 la suite d\u2019affrontements fratricides avec l\u2019Autorit\u00e9 palestinienne de Mahmoud Abbas (Fatah), les journalistes \u00e9taient uniquement per\u00e7us en fonction de leur all\u00e9geance politique. Il \u00e9tait difficile d\u2019obtenir des accr\u00e9ditations ou m\u00eame de couvrir une conf\u00e9rence de presse pour quiconque n\u2019appartenait pas \u00e0 l\u2019une ou l\u2019autre faction. Ibrahim Barzak, ancien correspondant de\u00a0<i>The Associated Press\u00a0<\/i>\u00e0 Gaza et membre du bureau de l\u2019organisation, se rem\u00e9more la gen\u00e8se du projet\u00a0: \u00ab\u00a0<i>Il n\u2019y avait pas de lieu ni de structure pour les journalistes ind\u00e9pendants, des personnes qui ne sont pas affili\u00e9es du tout<\/i><i>\u00a0\u00bb<\/i>.<\/p>\n<p>Bilal Jadallah est l\u2019homme qui a pens\u00e9 l\u2019id\u00e9e de ce sanctuaire prot\u00e9g\u00e9 des pressions politiques. \u00ab\u00a0<i>Bilal a fait une \u00e9norme avanc\u00e9e\u00a0\u00bb\u00a0<\/i>en cr\u00e9ant ce lieu, raconte son ami et r\u00e9dacteur en chef de l\u2019agence Sawa News, un m\u00e9dia ind\u00e9pendant h\u00e9berg\u00e9 \u00e0 l\u2019institution, Hikmat Yousef,\u00a0avant d\u2019ajouter que \u00ab\u00a0<i>c\u2019est ce qui fait que les reporters gazaouis [l\u2019]aiment. Ils l\u2019appellent le cheikh des journalistes, il est leur p\u00e8re spirituel parce qu\u2019il n\u2019a jamais laiss\u00e9 tomber personne pendant toute sa carri\u00e8re.<\/i>\u00a0\u00bb D\u00e8s le d\u00e9but, il avait voulu faire de la Maison de la Presse un lieu ind\u00e9pendant o\u00f9 tous pouvaient se retrouver.\u00a0Bilal Jadallah a \u00e9t\u00e9 tu\u00e9 par\u00a0un \u00e9clat d\u2019obus\u00a0dans sa voiture le 19 novembre 2023 alors qu\u2019il tentait de rejoindre sa famille dans le sud de l\u2019enclave.<\/p>\n<p>Bilal Jadallah et la Maison de la Presse \u00e9taient connus au-del\u00e0 de la bande de Gaza. Des photos de diplomates\u00a0allemands, fran\u00e7ais\u00a0ou danois\u00a0publi\u00e9es sur les r\u00e9seaux sociaux de la Maison de la Presse t\u00e9moignent de la reconnaissance dont jouit l\u2019institution sur la sc\u00e8ne internationale. Son site internet recense parmi ses donateurs et partenaires le Canada, l\u2019Unesco et l\u2019Union Europ\u00e9enne\u00a0mais aussi la Norv\u00e8ge \u2013 \u00e9tat qui a reconnu l\u2019Etat Palestinien le 28 mai dernier\u00a0\u2013 et la Suisse. \u00ab\u00a0<i>Nous finan\u00e7ons des activit\u00e9s li\u00e9es au renforcement des capacit\u00e9s des jeunes journalistes qui viennent d\u2019\u00eatre dipl\u00f4m\u00e9s des \u00e9tablissements d\u2019enseignement sup\u00e9rieur de Gaza\u00a0<\/i><i>[\u2026] et l\u2019achat d\u2019\u00e9quipements de protection pour les journalistes\u00a0\u00bb<\/i>\u00a0d\u00e9taille Ruben Andre\u0301 Johansen, en charge du suivi de la subvention attribu\u00e9e par la Norv\u00e8ge.<\/p>\n<p>Pour pr\u00e9server ce lieu unique en son genre, \u00ab\u00a0<i>les Norv\u00e9giens et les Suisses ont donn\u00e9 nos coordonn\u00e9es GPS \u00e0 l\u2019arm\u00e9e<\/i>\u00a0<i>\u00bb<\/i>\u00a0afin d\u2019\u00e9viter tout ciblage, raconte Rami Abu Jamous, directeur de la Maison de la Presse par int\u00e9rim. En vain.<\/p>\n<\/div>\n<\/div>\n<\/div>\n<\/div>\n<div class=\"elementor-element elementor-element-75f4469 e-flex e-con-boxed e-con e-parent\" data-id=\"75f4469\" data-element_type=\"container\">\n<div class=\"e-con-inner\">\n<div class=\"elementor-element elementor-element-1440bb7 elementor-widget elementor-widget-heading\" data-id=\"1440bb7\" data-element_type=\"widget\" data-widget_type=\"heading.default\">\n<div class=\"elementor-widget-container\">\n<h2 class=\"elementor-heading-title elementor-size-default\">\u00ab On aurait dit une ruche \u00bb<\/h2>\n<\/div>\n<\/div>\n<div class=\"elementor-element elementor-element-91f771e txtarticle elementor-widget elementor-widget-text-editor\" data-id=\"91f771e\" data-element_type=\"widget\" data-widget_type=\"text-editor.default\">\n<div class=\"elementor-widget-container\">\n<p>Le 9 octobre 2023, la panique est palpable parmi les journalistes gazaouis. Ce jour-l\u00e0, des dizaines d\u2019entre eux\u00a0se sont r\u00e9fugi\u00e9s \u00e0 la Maison de la Presse pour s\u2019\u00e9quiper de protections et se rassembler au refuge.\u00a0<i>\u00ab\u00a0Belal avait d\u00e9cid\u00e9 d\u2019en faire un poste de travail pour les journalistes. Ils pouvaient venir utiliser le g\u00e9n\u00e9rateur et avoir acc\u00e8s \u00e0 internet gratuitement, bien s\u00fbr<\/i><i>\u00a0\u00bb<\/i>\u00a0raconte Ibrahim Barzak. Au total, environ 80\u00a0gilets pare-\u00e9clats estampill\u00e9s du logo de la Maison et du mot \u00ab\u00a0Press\u00a0\u00bb seront distribu\u00e9s.\u00a0<i>\u00ab\u00a0On aurait dit une ruche<\/i><i>\u00a0\u00bb<\/i>\u00a0raconte Hikmat Yousef.<\/p>\n<\/div>\n<\/div>\n<\/div>\n<\/div>\n<div class=\"elementor-element elementor-element-e604870 e-flex e-con-boxed e-con e-parent\" data-id=\"e604870\" data-element_type=\"container\">\n<div class=\"e-con-inner\">\n<div class=\"elementor-element elementor-element-dc429a7 e-flex e-con-boxed e-con e-child\" data-id=\"dc429a7\" data-element_type=\"container\" data-settings=\"{&quot;background_background&quot;:&quot;classic&quot;}\">\n<div class=\"e-con-inner\"><\/div>\n<\/div>\n<div class=\"elementor-element elementor-element-09d3dc6 e-flex e-con-boxed e-con e-child\" data-id=\"09d3dc6\" data-element_type=\"container\">\n<div class=\"e-con-inner\">\n<div class=\"elementor-element elementor-element-1ab6d59 elementor-widget elementor-widget-text-editor\" data-id=\"1ab6d59\" data-element_type=\"widget\" data-widget_type=\"text-editor.default\">\n<div class=\"elementor-widget-container\">\n<p>La salle de r\u00e9union de la Maison de la Presse, en pleine effervescence, le 9 octobre 2023. (Cr\u00e9dit : Press House \u2013 Palestine \/ Facebook)<\/p>\n<\/div>\n<\/div>\n<\/div>\n<\/div>\n<\/div>\n<\/div>\n<div class=\"elementor-element elementor-element-43e8131 e-flex e-con-boxed e-con e-parent\" data-id=\"43e8131\" data-element_type=\"container\">\n<div class=\"e-con-inner\">\n<div class=\"elementor-element elementor-element-ea32cc9 txtarticle elementor-widget elementor-widget-text-editor\" data-id=\"ea32cc9\" data-element_type=\"widget\" data-widget_type=\"text-editor.default\">\n<div class=\"elementor-widget-container\">\n<p>Quelques heures plus tard, une frappe viendra an\u00e9antir l\u2019immeuble voisin, o\u00f9 se trouve Paltel, l\u2019un des principaux fournisseurs d\u2019acc\u00e8s \u00e0 Internet dans l\u2019enclave. La Maison de la Presse est \u00e9galement touch\u00e9e et la connexion Internet d\u00e9finitivement coup\u00e9e. Les journalistes perdent tout contact avec le monde ext\u00e9rieur.<\/p>\n<p>Quatre jours plus tard, le 13 octobre 2023, les journalistes \u2013 comme ceux de l\u2019AFP quelques rues plus loin \u2013 quittent les lieux sur ordre de l\u2019arm\u00e9e isra\u00e9lienne, et migrent \u00e0 marche forc\u00e9e vers le sud de la bande de Gaza, dans le m\u00eame mouvement que les habitants venus du nord.<\/p>\n<p>Depuis, la \u00ab\u00a0ruche<i>\u00a0\u00bb\u00a0<\/i>s\u2019est mu\u00e9e en temple du silence. Belal Jadallah, ainsi que deux autres employ\u00e9s de la Maison de la Presse, Ahmed Fatima et Mohammed Al Jaja, ont \u00e9t\u00e9 tu\u00e9s. Ils font partie des 11 journalistes sur les 80\u00a0qui avaient re\u00e7u un gilet pare-\u00e9clats de la Maison de la Presse \u00e0 avoir perdu la vie depuis le 7\u202foctobre selon Hatem Rawagh, un photographe de l\u2019institution \u00e9galement charg\u00e9 des op\u00e9rations d\u2019urgence.<\/p>\n<\/div>\n<\/div>\n<\/div>\n<\/div>\n<div class=\"elementor-element elementor-element-74325a0 e-flex e-con-boxed e-con e-parent\" data-id=\"74325a0\" data-element_type=\"container\">\n<div class=\"e-con-inner\">\n<div class=\"elementor-element elementor-element-1885410 e-con-full e-flex e-con e-child\" data-id=\"1885410\" data-element_type=\"container\">\n<div class=\"elementor-element elementor-element-3fde92a testimonial elementor-widget elementor-widget-ucaddon_responsive_testemonial_carousel_dbm\" data-id=\"3fde92a\" data-element_type=\"widget\" data-widget_type=\"ucaddon_responsive_testemonial_carousel_dbm.default\">\n<div class=\"elementor-widget-container\">\n<div class=\"uc_quote_slider\">\n<div id=\"uc_responsive_testemonial_carousel_dbm_elementor_3fde92a\" class=\"team_member_grid uc-items-wrapper \">\n<div class=\"uc_quote_item ue-item ue_grid_item elementor-repeater-item-4a7e0bd\">\n<div class=\"uc_quote_info \">\n<div class=\"uc_author\">\n<div class=\"uc_author_info\">\n<blockquote>\n<div class=\"ue_title\">Ahmed Qannan<\/div>\n<div class=\"ue_subtitle\">FORMATEUR \u00c0 LA MAISON DE LA PRESSE DE GAZA<\/div>\n<\/blockquote>\n<\/div>\n<\/div>\n<div class=\"ue-text\">\n<blockquote><p>\u00ab La Maison de la Presse \u00e9tait ma plume, ma langue, mes yeux, mes oreilles [&#8230;] je me sens maintenant amput\u00e9. \u00bb<\/p><\/blockquote>\n<\/div>\n<\/div>\n<\/div>\n<\/div>\n<\/div>\n<\/div>\n<\/div>\n<\/div>\n<div class=\"elementor-element elementor-element-be6ea33 e-flex e-con-boxed e-con e-child\" data-id=\"be6ea33\" data-element_type=\"container\">\n<div class=\"e-con-inner\">\n<div class=\"elementor-element elementor-element-0462e10 txtarticle elementor-widget elementor-widget-text-editor\" data-id=\"0462e10\" data-element_type=\"widget\" data-widget_type=\"text-editor.default\">\n<div class=\"elementor-widget-container\">\n<p>Nous avons retrouv\u00e9 la derni\u00e8re personne \u00e0 avoir dormi dans les bureaux. Mohammed Salem, l\u2019ancien directeur des finances de l\u2019institution, a promis \u00e0 Belal Jadallah de s\u2019occuper du lieu si ce dernier \u00e9tait tu\u00e9. Il s\u2019y est r\u00e9fugi\u00e9 avec sa famille plusieurs mois. L\u2019homme raconte dans plusieurs interviews avec le consortium comment se sont d\u00e9roul\u00e9s ces jours d\u2019angoisse. Le 29 janvier 2024, Mohammed Salem d\u00e9couvre que les troupes de l\u2019arm\u00e9e isra\u00e9lienne ne sont qu\u2019\u00e0 une centaine de m\u00e8tres de la Maison de la Presse.\u00a0<i>\u00ab\u00a0Un char se tenait \u00e0 5 heures du matin dans la rue, son canon point\u00e9 directement sur la Maison de la Presse, en plein sur nous [\u2026]. Pendant trois jour, j\u2019\u00e9tais pris au pi\u00e8ge, persuad\u00e9 que j\u2019allais mourir\u00a0\u00bb<\/i>\u00a0raconte l\u2019homme terroris\u00e9. Profitant d\u2019un moment de r\u00e9pit, il arrive \u00e0 quitter les lieux in extremis le 1er f\u00e9vrier avec sa famille\u00a0sans savoir ce qu\u2019il adviendra de la Maison de la Presse.<\/p>\n<\/div>\n<\/div>\n<\/div>\n<\/div>\n<\/div>\n<\/div>\n<div class=\"elementor-element elementor-element-b526a70 e-flex e-con-boxed e-con e-parent\" data-id=\"b526a70\" data-element_type=\"container\">\n<div class=\"e-con-inner\">\n<div class=\"elementor-element elementor-element-41c396e txtarticle elementor-widget elementor-widget-text-editor\" data-id=\"41c396e\" data-element_type=\"widget\" data-widget_type=\"text-editor.default\">\n<div class=\"elementor-widget-container\">\n<p>Apr\u00e8s 11\u00a0jours d\u2019occupation, l\u2019arm\u00e9e isra\u00e9lienne se retire du secteur. Le 10 f\u00e9vrier, Mohamed Salem retourne sur les lieux \u00e0 v\u00e9lo. Ordinateurs, bureaux, station de radio\u2026 Il d\u00e9couvre que tout a \u00e9t\u00e9 d\u00e9truit, un v\u00e9ritable champ de ruines. Selon lui, le b\u00e2timent a \u00e9t\u00e9 d\u00e9truit intentionnellement par explosif.\u00a0<i>\u00ab\u00a0Aucun des b\u00e2timents autour de la Maison de la Presse n\u2019a \u00e9t\u00e9 endommag\u00e9. S\u2019il s\u2019agissait d\u2019une frappe a\u00e9rienne, elle aurait d\u00e9truit tout ce qui l\u2019entoure<\/i><i>\u00a0\u00bb<\/i>\u00a0argumente Mohammed Salem. Une analyse que nous n\u2019avons pas \u00e9t\u00e9 en mesure de confirmer ind\u00e9pendamment.<\/p>\n<\/div>\n<\/div>\n<\/div>\n<\/div>\n<div class=\"elementor-element elementor-element-49062f4 e-flex e-con-boxed e-con e-parent\" data-id=\"49062f4\" data-element_type=\"container\">\n<div class=\"e-con-inner\">\n<div class=\"elementor-element elementor-element-b7fc27c elementor-widget elementor-widget-image\" data-id=\"b7fc27c\" data-element_type=\"widget\" data-widget_type=\"image.default\">\n<div class=\"elementor-widget-container\"><a href=\"https:\/\/forbiddenstories.org\/wp-content\/uploads\/2024\/06\/goya_press_infrastructures_10.jpeg?x64810\" data-elementor-open-lightbox=\"yes\" data-elementor-lightbox-title=\"goya_press_infrastructures_10\" data-e-action-hash=\"#elementor-action%3Aaction%3Dlightbox%26settings%3DeyJpZCI6MTkzMzAsInVybCI6Imh0dHBzOlwvXC9mb3JiaWRkZW5zdG9yaWVzLm9yZ1wvd3AtY29udGVudFwvdXBsb2Fkc1wvMjAyNFwvMDZcL2dveWFfcHJlc3NfaW5mcmFzdHJ1Y3R1cmVzXzEwLmpwZWcifQ%3D%3D\"><img decoding=\"async\" class=\"attachment-full size-full wp-image-19330 lazy loaded\" src=\"https:\/\/forbiddenstories.org\/wp-content\/uploads\/2024\/06\/goya_press_infrastructures_10.jpeg?x64810\" sizes=\"(max-width: 1600px) 100vw, 1600px\" srcset=\"https:\/\/forbiddenstories.org\/wp-content\/uploads\/2024\/06\/goya_press_infrastructures_10.jpeg 1600w, https:\/\/forbiddenstories.org\/wp-content\/uploads\/2024\/06\/goya_press_infrastructures_10-300x225.jpeg 300w, https:\/\/forbiddenstories.org\/wp-content\/uploads\/2024\/06\/goya_press_infrastructures_10-1024x769.jpeg 1024w, https:\/\/forbiddenstories.org\/wp-content\/uploads\/2024\/06\/goya_press_infrastructures_10-768x576.jpeg 768w, https:\/\/forbiddenstories.org\/wp-content\/uploads\/2024\/06\/goya_press_infrastructures_10-1536x1153.jpeg 1536w\" alt=\"\" width=\"1600\" height=\"1201\" data-src=\"https:\/\/forbiddenstories.org\/wp-content\/uploads\/2024\/06\/goya_press_infrastructures_10.jpeg?x64810\" data-srcset=\"https:\/\/forbiddenstories.org\/wp-content\/uploads\/2024\/06\/goya_press_infrastructures_10.jpeg 1600w, https:\/\/forbiddenstories.org\/wp-content\/uploads\/2024\/06\/goya_press_infrastructures_10-300x225.jpeg 300w, https:\/\/forbiddenstories.org\/wp-content\/uploads\/2024\/06\/goya_press_infrastructures_10-1024x769.jpeg 1024w, https:\/\/forbiddenstories.org\/wp-content\/uploads\/2024\/06\/goya_press_infrastructures_10-768x576.jpeg 768w, https:\/\/forbiddenstories.org\/wp-content\/uploads\/2024\/06\/goya_press_infrastructures_10-1536x1153.jpeg 1536w\" data-sizes=\"(max-width: 1600px) 100vw, 1600px\" data-was-processed=\"true\" \/><\/a><\/div>\n<\/div>\n<div class=\"elementor-element elementor-element-9fadeec elementor-widget elementor-widget-text-editor\" data-id=\"9fadeec\" data-element_type=\"widget\" data-widget_type=\"text-editor.default\">\n<div class=\"elementor-widget-container\">\n<p>La maison de la Presse en ruine le 10 f\u00e9vrier 2024, apr\u00e8s le d\u00e9part de l\u2019arm\u00e9e Isra\u00e9lienne. (Cr\u00e9dit : Mohammed Salem \/ obtenu par ARIJ)<\/p>\n<\/div>\n<\/div>\n<\/div>\n<\/div>\n<div class=\"elementor-element elementor-element-1f2a029 e-flex e-con-boxed e-con e-parent\" data-id=\"1f2a029\" data-element_type=\"container\">\n<div class=\"e-con-inner\">\n<div class=\"elementor-element elementor-element-39941b3 txtarticle elementor-widget elementor-widget-text-editor\" data-id=\"39941b3\" data-element_type=\"widget\" data-widget_type=\"text-editor.default\">\n<div class=\"elementor-widget-container\">\n<p>En ciblant l\u2019ensemble des installations et des \u00e9quipements de presse, l\u2019arm\u00e9e isra\u00e9lienne tarit les sources d\u2019images et d\u2019information \u00e0 Gaza mais elle compromet \u00e9galement la logistique n\u00e9cessaire aux journalistes pour mener \u00e0 bien leur mission.<\/p>\n<p>\u00ab\u00a0<i>La Maison de la Presse \u00e9tait ma plume, ma langue, mes yeux, mes oreilles [\u2026] je me sens maintenant amput\u00e9<\/i><i>\u00a0\u00bb<\/i>\u00a0raconte Ahmed Qannan, l\u2019un des formateurs de la Maison de la Presse d\u00e9sormais au ch\u00f4mage.\u00a0Avant que la guerre n\u2019\u00e9clate, une exposition sur la beaut\u00e9 de la ville de Gaza vue \u00e0 travers les yeux de ses photographes \u2013 ses rues, ses parcs, ses jardins, son port et ses quais\u00a0\u2013 avait \u00e9t\u00e9 inaugur\u00e9e dans le jardin de la Maison de la Presse. Neuf mois\u00a0plus tard, ces photos sont enfouies sous les d\u00e9combres.<\/p>\n<\/div>\n<\/div>\n<\/div>\n<\/div>\n<div class=\"elementor-element elementor-element-da1b5a3 e-flex e-con-boxed e-con e-parent\" data-id=\"da1b5a3\" data-element_type=\"container\">\n<div class=\"e-con-inner\">\n<div class=\"elementor-element elementor-element-cefebd1 elementor-widget elementor-widget-image\" data-id=\"cefebd1\" data-element_type=\"widget\" data-widget_type=\"image.default\">\n<div class=\"elementor-widget-container\"><a href=\"https:\/\/forbiddenstories.org\/fr\/projects_posts\/gaza-project\/\"><img decoding=\"async\" class=\"attachment-full size-full wp-image-19192 lazy loaded\" src=\"https:\/\/forbiddenstories.org\/wp-content\/uploads\/2024\/06\/FS_gaza_decli-twitter-1500_500-EN.jpg?x64810\" sizes=\"(max-width: 1500px) 100vw, 1500px\" srcset=\"https:\/\/forbiddenstories.org\/wp-content\/uploads\/2024\/06\/FS_gaza_decli-twitter-1500_500-EN.jpg 1500w, https:\/\/forbiddenstories.org\/wp-content\/uploads\/2024\/06\/FS_gaza_decli-twitter-1500_500-EN-300x100.jpg 300w, https:\/\/forbiddenstories.org\/wp-content\/uploads\/2024\/06\/FS_gaza_decli-twitter-1500_500-EN-1024x341.jpg 1024w, https:\/\/forbiddenstories.org\/wp-content\/uploads\/2024\/06\/FS_gaza_decli-twitter-1500_500-EN-768x256.jpg 768w\" alt=\"\" width=\"1500\" height=\"500\" data-src=\"https:\/\/forbiddenstories.org\/wp-content\/uploads\/2024\/06\/FS_gaza_decli-twitter-1500_500-EN.jpg?x64810\" data-srcset=\"https:\/\/forbiddenstories.org\/wp-content\/uploads\/2024\/06\/FS_gaza_decli-twitter-1500_500-EN.jpg 1500w, https:\/\/forbiddenstories.org\/wp-content\/uploads\/2024\/06\/FS_gaza_decli-twitter-1500_500-EN-300x100.jpg 300w, https:\/\/forbiddenstories.org\/wp-content\/uploads\/2024\/06\/FS_gaza_decli-twitter-1500_500-EN-1024x341.jpg 1024w, https:\/\/forbiddenstories.org\/wp-content\/uploads\/2024\/06\/FS_gaza_decli-twitter-1500_500-EN-768x256.jpg 768w\" data-sizes=\"(max-width: 1500px) 100vw, 1500px\" data-was-processed=\"true\" \/><\/a><\/div>\n<\/div>\n<\/div>\n<\/div>\n","protected":false},"excerpt":{"rendered":"<p>La strat\u00e9gie de l&rsquo;aveuglement : comment Isra\u00ebl cible les infrastructures de presse \u00e0 Gaza Depuis le 7\u202foctobre, l\u2019arm\u00e9e isra\u00e9lienne semble cibler d\u00e9lib\u00e9r\u00e9ment les cam\u00e9ras filmant en direct la bande de Gaza. Les b\u00e2timents abritant les infrastructures de presse, ultime refuge des journalistes de l\u2019enclave, sont d\u00e9truits. Une illustration de la strat\u00e9gie d\u2019Isra\u00ebl: \u00e9touffer l\u2019information et &#8230; <a title=\"Isra\u00ebl cible les infrastructures de presse \u00e0 Gaza\" class=\"read-more\" href=\"https:\/\/bruxelles-pantheres.be\/?p=5983\" aria-label=\"En savoir plus sur Isra\u00ebl cible les infrastructures de presse \u00e0 Gaza\">Lire la suite<\/a><\/p>\n","protected":false},"author":1,"featured_media":5984,"comment_status":"open","ping_status":"open","sticky":false,"template":"","format":"standard","meta":{"footnotes":""},"categories":[6,537],"tags":[],"class_list":["post-5983","post","type-post","status-publish","format-standard","has-post-thumbnail","hentry","category-palestine-moyen-orient","category-presse-medias"],"_links":{"self":[{"href":"https:\/\/bruxelles-pantheres.be\/index.php?rest_route=\/wp\/v2\/posts\/5983","targetHints":{"allow":["GET"]}}],"collection":[{"href":"https:\/\/bruxelles-pantheres.be\/index.php?rest_route=\/wp\/v2\/posts"}],"about":[{"href":"https:\/\/bruxelles-pantheres.be\/index.php?rest_route=\/wp\/v2\/types\/post"}],"author":[{"embeddable":true,"href":"https:\/\/bruxelles-pantheres.be\/index.php?rest_route=\/wp\/v2\/users\/1"}],"replies":[{"embeddable":true,"href":"https:\/\/bruxelles-pantheres.be\/index.php?rest_route=%2Fwp%2Fv2%2Fcomments&post=5983"}],"version-history":[{"count":2,"href":"https:\/\/bruxelles-pantheres.be\/index.php?rest_route=\/wp\/v2\/posts\/5983\/revisions"}],"predecessor-version":[{"id":5986,"href":"https:\/\/bruxelles-pantheres.be\/index.php?rest_route=\/wp\/v2\/posts\/5983\/revisions\/5986"}],"wp:featuredmedia":[{"embeddable":true,"href":"https:\/\/bruxelles-pantheres.be\/index.php?rest_route=\/wp\/v2\/media\/5984"}],"wp:attachment":[{"href":"https:\/\/bruxelles-pantheres.be\/index.php?rest_route=%2Fwp%2Fv2%2Fmedia&parent=5983"}],"wp:term":[{"taxonomy":"category","embeddable":true,"href":"https:\/\/bruxelles-pantheres.be\/index.php?rest_route=%2Fwp%2Fv2%2Fcategories&post=5983"},{"taxonomy":"post_tag","embeddable":true,"href":"https:\/\/bruxelles-pantheres.be\/index.php?rest_route=%2Fwp%2Fv2%2Ftags&post=5983"}],"curies":[{"name":"wp","href":"https:\/\/api.w.org\/{rel}","templated":true}]}}