{"id":5991,"date":"2024-07-11T18:50:23","date_gmt":"2024-07-11T17:50:23","guid":{"rendered":"https:\/\/bruxelles-pantheres.be\/?p=5991"},"modified":"2024-07-11T18:50:23","modified_gmt":"2024-07-11T17:50:23","slug":"quand-laccusation-dantisemitisme-devient-une-arme-entre-les-mains-du-neofascisme","status":"publish","type":"post","link":"https:\/\/bruxelles-pantheres.be\/?p=5991","title":{"rendered":"Quand l\u2019accusation d\u2019antis\u00e9mitisme devient une arme entre les mains du n\u00e9ofascisme"},"content":{"rendered":"<div class=\"cartouche\">\n<p>Netanyahu est devenu le chouchou de l\u2019extr\u00eame droite mondiale, non seulement en tant que mod\u00e8le, mais aussi en raison de ses efforts assidus pour laver ses camarades du monde entier de l\u2019accusation d\u2019antis\u00e9mitisme et l\u2019attacher \u00e0 ceux qu\u2019ils ha\u00efssent&#8230; (traduit de l\u2019arabe).<\/p>\n<\/div>\n<p><!--more--><\/p>\n<p><img decoding=\"async\" class=\"spip_logo spip_logos aligncenter\" src=\"https:\/\/www.cadtm.org\/local\/cache-vignettes\/L640xH427\/arton22701-708fb.jpg?1720000312\" alt=\"Photo\u00a0: European Parliament, CC, Wikimedia Commons, https:\/\/commons.wikimedia.org\/wiki\/File:June_summit-_member_states_need_to_show_more_ambition_to_strengthen_the_EU_-_52196908747.jpg\" width=\"640\" height=\"427\" \/><\/p>\n<p><small>par <b>Gilbert Achcar<\/b><\/small><\/p>\n<div class=\"texte\">\n<p>Les Arabes sont habitu\u00e9s \u00e0 \u00eatre accus\u00e9s d\u2019antis\u00e9mitisme chaque fois que les sionistes et leurs partisans sont incapables de r\u00e9futer leur critique de la r\u00e9alit\u00e9 de l\u2019\u00c9tat d\u2019Isra\u00ebl et de son comportement colonial oppresseur. Les critiques d\u2019origine juive du sionisme sont d\u2019ailleurs eux-m\u00eames habitu\u00e9s \u00e0 \u00eatre soumis \u00e0 la m\u00eame calomnie, avec une s\u00e9v\u00e9rit\u00e9 accrue puisque les sionistes les consid\u00e8rent comme des \u00ab\u00a0tra\u00eetres\u00a0\u00bb ou les accusent de \u00ab\u00a0haine de soi\u00a0\u00bb selon la logique raciste qui veut que tout Juif devrait \u00eatre sioniste (la m\u00eame logique qui pr\u00e9vaut chez ceux dont l\u2019hostilit\u00e9 au sionisme sert de mince voile \u00e0 une position raciste hostile aux Juifs dans leur ensemble).<\/p>\n<p>Ce qui est nouveau ces derni\u00e8res ann\u00e9es, c\u2019est l\u2019\u00e9largissement du champ des personnes accus\u00e9es d\u2019antis\u00e9mitisme pour y inclure un large \u00e9ventail de critiques de gauche de l\u2019\u00c9tat d\u2019Isra\u00ebl, dont la position critique s\u2019inscrit dans une longue histoire politique et qui, durant des d\u00e9cennies de critique des gouvernements isra\u00e9liens pour leurs pratiques racistes coloniales envers les Palestiniens, \u00e9taient convaincus de partager cette position avec les Juifs isra\u00e9liens de gauche. Ce changement a accompagn\u00e9 une d\u00e9rive croissante de la sc\u00e8ne politique mondiale vers la droite et l\u2019extr\u00eame droite, d\u00e9rive propuls\u00e9e et stimul\u00e9e par cette derni\u00e8re.<\/p>\n<p>Benjamin Netanyahu en a \u00e9t\u00e9 un pionnier. Le premier ministre sioniste est, \u00e0 plus d\u2019un titre, un pionnier de l\u2019extr\u00eame droite mondiale. Il a notamment jou\u00e9 ce r\u00f4le apr\u00e8s son retour au pouvoir en 2009 et sa long\u00e9vit\u00e9 au gouvernement, \u00e9tablissant le record de dur\u00e9e du mandat de premier ministre de l\u2019\u00c9tat d\u2019Isra\u00ebl, ayant occup\u00e9 ce poste pendant plus de douze ans jusqu\u2019en 2021, avant de revenir et le r\u00e9occuper \u00e0 partir de la fin de 2022. Au cours de ces ann\u00e9es, Netanyahu a \u00e9t\u00e9 un mod\u00e8le pour l\u2019extr\u00eame droite mondiale par son opportunisme \u00e9hont\u00e9, sa capacit\u00e9 \u00e0 mentir sans vergogne, son recours sans scrupules aux m\u00e9thodes politiques les plus viles contre ses adversaires isra\u00e9liens et son aptitude sans pr\u00e9c\u00e9dent \u00e0 surench\u00e9rir sur tout le monde dans l\u2019excommunication sioniste des adversaires, qu\u2019il a transform\u00e9e en arme id\u00e9ologique de pr\u00e9dilection.<\/p>\n<p>Netanyahu est devenu le chouchou de l\u2019extr\u00eame droite mondiale, non seulement en tant que mod\u00e8le, mais aussi en raison de ses efforts assidus pour laver ses camarades du monde entier de l\u2019accusation d\u2019antis\u00e9mitisme et l\u2019attacher \u00e0 ceux qu\u2019ils ha\u00efssent. Cela a bien cadr\u00e9 avec la co\u00efncidence entre la mont\u00e9e de l\u2019extr\u00eame droite \u00e0 l\u2019\u00e9chelle mondiale et la mont\u00e9e de l\u2019islamophobie, en cons\u00e9quence de la combinaison entre l\u2019hostilit\u00e9 raciste envers les immigrants provenant de pays \u00e0 majorit\u00e9 musulmane et l\u2019id\u00e9ologie de la \u00ab\u00a0guerre contre le terrorisme\u00a0\u00bb stimul\u00e9e par les attentats criminels men\u00e9s par Al-Qa\u00efda et Daech dans le Nord mondial.<\/p>\n<p>Dans son effort pour exon\u00e9rer de l\u2019accusation d\u2019antis\u00e9mitisme les sources de l\u2019antis\u00e9mitisme traditionnel \u00e0 l\u2019extr\u00eame droite afin de rejeter cette m\u00eame accusation sur tous les critiques du sionisme, Netanyahou est all\u00e9 jusqu\u2019\u00e0 tenter d\u2019absoudre partiellement Adolf Hitler lui-m\u00eame de la responsabilit\u00e9 de la perp\u00e9tration du g\u00e9nocide des Juifs europ\u00e9ens, en attribuant cette responsabilit\u00e9 \u00e0 Amin al-Husseini d\u2019une fa\u00e7on qui a suscit\u00e9 la protestation et la d\u00e9nonciation de tous les historiens de la Shoah. L\u2019intention de Netanyahu n\u2019\u00e9tait pas seulement d\u2019amplifier l\u2019hostilit\u00e9 raciste envers les Arabes et les musulmans \u00e0 travers le personnage d\u2019Al-Husseini, argument favori de la propagande sioniste pendant plus de quatre-vingts ans en raison du mal qu\u2019il a fait \u00e0 la cause palestinienne en collaborant avec l\u2019Allemagne nazie et l\u2019Italie fasciste pendant la Seconde Guerre mondiale. L\u2019intention du premier ministre isra\u00e9lien \u00e9tait \u00e9galement d\u2019exon\u00e9rer l\u2019extr\u00eame droite europ\u00e9enne antis\u00e9mite \u00e0 travers le personnage de Hitler.<\/p>\n<p>C\u2019est ainsi que Netanyahou est devenu le pr\u00e9texte favori des dirigeants de l\u2019extr\u00eame droite mondiale pour dissimuler leur antis\u00e9mitisme, m\u00eame lorsqu\u2019il est flagrant. De Viktor Orban, le premier ministre hongrois dont la haine pour les Juifs n\u2019est un secret pour personne, \u00e0 Donald Trump, qui estime qu\u2019il est du devoir des Juifs am\u00e9ricains d\u2019\u00eatre inconditionnellement loyaux envers l\u2019\u00c9tat d\u2019Isra\u00ebl et son gouvernement, \u00e0 Vladimir Poutine, autre mod\u00e8le de l\u2019extr\u00eame droite mondiale, et \u00e0 Marine Le Pen qui s\u2019efforce de dissimuler l\u2019antis\u00e9mitisme historiquement inh\u00e9rent au mouvement qu\u2019elle dirige, une longue lign\u00e9e de figures de l\u2019extr\u00eame droite mondiale sont devenus les meilleurs amis de Netanyahu et de son gouvernement sioniste d\u2019extr\u00eame droite, leur semblable. Ils ont surench\u00e9ri sur tout le monde dans le soutien qu\u2019ils leur ont manifest\u00e9, y trouvant un moyen bon march\u00e9 de camoufler leur antis\u00e9mitisme pass\u00e9 et pr\u00e9sent, d\u2019autant plus que le nombre des Juifs europ\u00e9ens est devenu tr\u00e8s limit\u00e9 depuis le g\u00e9nocide nazi, tandis que les immigrants en provenance du Sud mondial sont devenus le nouveau bouc \u00e9missaire pr\u00e9f\u00e9r\u00e9 de l\u2019extr\u00eame droite au Nord.<\/p>\n<p>Un cas tr\u00e8s r\u00e9v\u00e9lateur par rapport \u00e0 tout cela est l\u2019annonce par Amichai Chikli, ministre de Netanyahu et membre de son parti, le Likoud, que l\u2019ensemble du gouvernement isra\u00e9lien s\u2019est r\u00e9joui de la victoire remport\u00e9e par le parti de Le Pen au premier tour des \u00e9lections l\u00e9gislatives fran\u00e7aises dimanche dernier. Chikli d\u00e9tient un portefeuille minist\u00e9riel sp\u00e9cialis\u00e9 dans les \u00ab\u00a0affaires de la diaspora et la lutte contre l\u2019antis\u00e9mitisme\u00a0\u00bb\u00a0! Le pire, c\u2019est que les partis politiques du \u00ab\u00a0centre\u00a0\u00bb ont choisi de profiter de l\u2019instrumentalisation de l\u2019accusation d\u2019antis\u00e9mitisme \u00e0 des fins droiti\u00e8res dans leur lutte contre leurs adversaires de gauche, comme dans la campagne odieuse men\u00e9e en Grande-Bretagne par la droite conservatrice et la droite du Parti travailliste (\u00ab\u00a0centriste\u00a0\u00bb) afin d\u2019\u00e9liminer politiquement Jeremy Corbyn, et la campagne similaire men\u00e9e contre Jean-Luc M\u00e9lenchon en France par le \u00ab\u00a0centre-droit\u00a0\u00bb repr\u00e9sent\u00e9 par l\u2019actuel pr\u00e9sident Macron, et la droite de la gauche, dite \u00ab\u00a0centre-gauche\u00a0\u00bb.<\/p>\n<p>En participant \u00e0 ces campagnes de calomnie sans m\u00eame diriger leurs tirs en m\u00eame temps contre l\u2019extr\u00eame droite et d\u00e9noncer son hypocrisie au sujet de l\u2019antis\u00e9mitisme, les forces \u00ab\u00a0centristes\u00a0\u00bb ont contribu\u00e9 \u00e0 couvrir l\u2019extr\u00eame droite et \u00e0 cr\u00e9dibiliser sa pr\u00e9tention d\u2019\u00eatre innocente d\u2019antis\u00e9mitisme, tout en donnant la priorit\u00e9 \u00e0 cette consid\u00e9ration sur la condamnation du racisme antinoirs et antimusulmans et de la x\u00e9nophobie en g\u00e9n\u00e9ral que l\u2019extr\u00eame droite ne pr\u00e9tend nullement avoir surmont\u00e9es, mais dont elle est plut\u00f4t fi\u00e8re, les utilisant comme argument id\u00e9ologique central dans son activit\u00e9. C\u2019est ainsi que l\u2019\u00e9ventail politique \u00ab\u00a0centriste\u00a0\u00bb, de droite \u00e0 gauche, a fini par participer \u00e0 des manifestations contre l\u2019antis\u00e9mitisme en commun avec l\u2019extr\u00eame droite antis\u00e9mite, comme cela s\u2019est produit en France \u00e0 la suite de l\u2019op\u00e9ration men\u00e9e par le Hamas dans la bande de Gaza.<\/p>\n<p>En conclusion, faire de l\u2019accusation d\u2019antis\u00e9mitisme un mal absolu au point de d\u00e9pr\u00e9cier tous les autres aspects du racisme et d\u2019accepter que \u00ab\u00a0les Juifs\u00a0\u00bb soient repr\u00e9sent\u00e9s par un gouvernement sioniste dirig\u00e9 par un parti d\u2019origine fasciste et auquel participent des ministres \u00ab\u00a0n\u00e9onazis\u00a0\u00bb et des int\u00e9gristes religieux juifs, un gouvernement qui a rapproch\u00e9 \u00ab\u00a0l\u2019\u00c9tat juif\u00a0\u00bb de la \u00ab\u00a0gestion de la barbarie\u00a0\u00bb selon le mod\u00e8le incarn\u00e9 par \u00ab\u00a0l\u2019\u00c9tat islamique\u00a0\u00bb, ce comportement des forces \u00ab\u00a0centristes\u00a0\u00bb a contribu\u00e9 et continue de contribuer grandement \u00e0 renforcer l\u2019extr\u00eame droite mondiale, de m\u00eame que leur \u00e9mulation de cette extr\u00eame droite dans d\u2019autres domaines, en particulier l\u2019hostilit\u00e9 raciste envers les immigr\u00e9s.<\/p>\n<p>Traduction de ma tribune hebdomadaire dans le quotidien de langue arabe,\u00a0<a class=\"spip_out\" href=\"https:\/\/www.alquds.co.uk\/?p=3364812\" target=\"_blank\" rel=\"external noopener\">Al-Quds al-Arabi<\/a>, bas\u00e9 \u00e0 Londres. Cet article est paru le 2 juillet en ligne et dans le num\u00e9ro imprim\u00e9 du 3 juillet. Vous pouvez librement le reproduire en indiquant la source avec le lien correspondant.<\/p>\n<\/div>\n<div class=\"ps\">\n<div class=\"\"><\/div>\n<\/div>\n<div class=\"bio\"><span id=\"nom\">Gilbert Achcar\u00a0<\/span>est professeur de relations internationales et politiques \u00e0 la\u00a0<i>School of Oriental and African Studies<\/i>\u00a0(Universit\u00e9 de Londres). Il a publi\u00e9 derni\u00e8rement, en fran\u00e7ais,\u00a0<i>Sympt\u00f4mes morbides<\/i>\u00a0(2017)\u00a0<i>Le peuple veut<\/i>\u00a0(f\u00e9vrier 2013),\u00a0<i>Marxisme, orientalisme et cosmopolitisme<\/i>\u00a0(6 mai 2015),\u00a0<i>Les Arabes et la Shoah<\/i>\u00a0(2009).<\/p>\n<p>Source\u00a0:\u00a0<a class=\"spip_out\" href=\"https:\/\/blogs.mediapart.fr\/gilbert-achcar\/blog\/030724\/quand-l-accusation-d-antisemitisme-devient-une-arme-entre-les-mains-du-neofascisme\" target=\"_blank\" rel=\"external noopener\">Blog de m\u00e9diapart<\/a><\/p>\n<\/div>\n<div class=\"chapo\">\n<p>&nbsp;<\/p>\n<\/div>\n","protected":false},"excerpt":{"rendered":"<p>Netanyahu est devenu le chouchou de l\u2019extr\u00eame droite mondiale, non seulement en tant que mod\u00e8le, mais aussi en raison de ses efforts assidus pour laver ses camarades du monde entier de l\u2019accusation d\u2019antis\u00e9mitisme et l\u2019attacher \u00e0 ceux qu\u2019ils ha\u00efssent&#8230; (traduit de l\u2019arabe).<\/p>\n","protected":false},"author":1,"featured_media":5992,"comment_status":"open","ping_status":"open","sticky":false,"template":"","format":"standard","meta":{"footnotes":""},"categories":[21,36,4,6,537,18,28],"tags":[418,556,572,181],"class_list":["post-5991","post","type-post","status-publish","format-standard","has-post-thumbnail","hentry","category-anti-imperialisme","category-europe","category-islamophobie","category-palestine-moyen-orient","category-presse-medias","category-resistance-bruxelles","category-racismes","tag-antisemitisme","tag-antisionisme","tag-gilbert-achcar","tag-islamophobie"],"_links":{"self":[{"href":"https:\/\/bruxelles-pantheres.be\/index.php?rest_route=\/wp\/v2\/posts\/5991","targetHints":{"allow":["GET"]}}],"collection":[{"href":"https:\/\/bruxelles-pantheres.be\/index.php?rest_route=\/wp\/v2\/posts"}],"about":[{"href":"https:\/\/bruxelles-pantheres.be\/index.php?rest_route=\/wp\/v2\/types\/post"}],"author":[{"embeddable":true,"href":"https:\/\/bruxelles-pantheres.be\/index.php?rest_route=\/wp\/v2\/users\/1"}],"replies":[{"embeddable":true,"href":"https:\/\/bruxelles-pantheres.be\/index.php?rest_route=%2Fwp%2Fv2%2Fcomments&post=5991"}],"version-history":[{"count":1,"href":"https:\/\/bruxelles-pantheres.be\/index.php?rest_route=\/wp\/v2\/posts\/5991\/revisions"}],"predecessor-version":[{"id":5993,"href":"https:\/\/bruxelles-pantheres.be\/index.php?rest_route=\/wp\/v2\/posts\/5991\/revisions\/5993"}],"wp:featuredmedia":[{"embeddable":true,"href":"https:\/\/bruxelles-pantheres.be\/index.php?rest_route=\/wp\/v2\/media\/5992"}],"wp:attachment":[{"href":"https:\/\/bruxelles-pantheres.be\/index.php?rest_route=%2Fwp%2Fv2%2Fmedia&parent=5991"}],"wp:term":[{"taxonomy":"category","embeddable":true,"href":"https:\/\/bruxelles-pantheres.be\/index.php?rest_route=%2Fwp%2Fv2%2Fcategories&post=5991"},{"taxonomy":"post_tag","embeddable":true,"href":"https:\/\/bruxelles-pantheres.be\/index.php?rest_route=%2Fwp%2Fv2%2Ftags&post=5991"}],"curies":[{"name":"wp","href":"https:\/\/api.w.org\/{rel}","templated":true}]}}