{"id":5994,"date":"2024-06-30T06:52:15","date_gmt":"2024-06-30T05:52:15","guid":{"rendered":"https:\/\/bruxelles-pantheres.be\/?p=5994"},"modified":"2024-07-11T19:22:27","modified_gmt":"2024-07-11T18:22:27","slug":"non-le-congo-belge-netait-pas-un-modele-detat-providence","status":"publish","type":"post","link":"https:\/\/bruxelles-pantheres.be\/?p=5994","title":{"rendered":"Non, le Congo belge n\u2019\u00e9tait pas un mod\u00e8le d\u2019\u00c9tat providence"},"content":{"rendered":"<p>\u00c0 l\u2019occasion de l\u2019anniversaire de l\u2019ind\u00e9pendance du Congo \u00ab\u00a0belge\u00a0\u00bb intervenue le 30 juin 1960, nous republions un article collectif sur le pass\u00e9 colonial du Congo.<\/p>\n<p><!--more--><\/p>\n<div class=\"cartouche\">\n<p><small>\u00a0par <b>Eric Toussaint<\/b>\u00a0,\u00a0<b>Renaud Vivien<\/b>\u00a0,\u00a0<b>Victor Nzuzi<\/b>\u00a0,\u00a0<b>Luc Mukendi<\/b>\u00a0,\u00a0<b>Yvonne Ngoyi<\/b>\u00a0,\u00a0<b>Najla Mulhondi<\/b>\u00a0,\u00a0<b>Ana\u00efs Carton<\/b>\u00a0,\u00a0<b>Cynthia Mukosa<\/b>\u00a0,\u00a0<b>Nordine Sa\u00efdi<\/b>\u00a0,\u00a0<b>Mouhad Reghif<\/b>\u00a0,\u00a0<b>Georgine Dibua<\/b>\u00a0,\u00a0<b>Graziella Vella<\/b>\u00a0,\u00a0<b>Monique Mbeka\u00a0<\/b>,\u00a0<b>Guillermo Kozlowski<\/b>\u00a0,\u00a0<b>CMCLD<\/b>\u00a0,\u00a0<b>ACM<\/b>\u00a0,\u00a0<b>Pauline Fonsny\u00a0<\/b>,\u00a0<b>C\u00e9line Beigbeder<\/b>\u00a0,\u00a0<b>Nicolas Lu\u00e7on<\/b>\u00a0,\u00a0<b>Julie Nathan<\/b><\/small><\/p>\n<p>&nbsp;<\/p>\n<div class=\"titre_logos\">\n<figure style=\"width: 630px\" class=\"wp-caption aligncenter\"><img decoding=\"async\" class=\"spip_logo spip_logos\" src=\"https:\/\/www.cadtm.org\/local\/cache-vignettes\/L640xH427\/arton21387-ab1a9.png?1680783625\" alt=\"\" width=\"640\" height=\"427\" \/><figcaption class=\"wp-caption-text\">Carte du Congo Belge entre 1885 et 1960. \u00a9Rue des Archives<\/figcaption><\/figure>\n<p>&nbsp;<\/p>\n<\/div>\n<\/div>\n<div class=\"texte\">\n<p>Le pays acc\u00e9da \u00e0 l\u2019ind\u00e9pendance avec une\u00a0<a class=\"cs_glossaire\" href=\"https:\/\/www.cadtm.org\/Dette-970\" name=\"mot970_0\"><span class=\"gl_mot\">dette<\/span><\/a>\u00a0ext\u00e9rieure publique qui ne cessera de s\u2019alourdir, \u00e0 laquelle s\u2019ajoute une dette coloniale ill\u00e9galement l\u00e9gu\u00e9e.<\/p>\n<p><strong>Cette carte blanche a \u00e9t\u00e9 sign\u00e9e par un ensemble de personnalit\u00e9 (voir ci-dessous).<\/strong><\/p>\n<p>La pr\u00e9sente opinion constitue une r\u00e9action collective \u00e0 la contribution externe de l\u2019\u00e9conomiste Emizet Fran\u00e7ois Kisangani, intitul\u00e9e \u00ab\u00a0<a class=\"spip_out\" href=\"https:\/\/www.lalibre.be\/debats\/opinions\/2023\/02\/07\/pourquoi-le-congo-belge-etait-une-colonie-modele-E7ZSRE2QM5C3XPWSFZGQ7KBWPI\/\" target=\"_blank\" rel=\"external noopener\">Pourquoi le Congo \u00e9tait une colonie mod\u00e8le<\/a>\u00a0\u00bb publi\u00e9e par La Libre Belgique le 7 f\u00e9vrier 2023. Monsieur Kisangani consid\u00e8re que \u00ab\u00a0le Congo belge \u00e9tait un \u00c9tat providence semblable au m\u00eame syst\u00e8me qui se d\u00e9veloppait en Belgique.\u00a0\u00bb L\u2019auteur affirme que \u00ab\u00a0Le Congo belge poss\u00e9dait aussi la meilleure infrastructure sanitaire en Afrique subsaharienne. Bien que l\u2019\u00e9ducation secondaire et tertiaire ne fit pas partie de la politique sociale coloniale, plus de 90\u00a0% des enfants congolais en \u00e2ge de scolarisation \u00e9taient inscrits gratuitement \u00e0 l\u2019\u00e9cole primaire\u00a0\u00bb. Il affirme encore que \u00ab\u00a0Dans les ann\u00e9es 1950, les Congolais \u00e9taient approvisionn\u00e9s en eau potable un peu partout et la malnutrition \u00e9tait inconnue\u00a0\u00bb. Pourtant, il suffit de se pencher sur la production de savoir universitaire dans les champs \u00e9conomique et politique concern\u00e9s pour r\u00e9aliser le gouffre qui s\u00e9pare les affirmations cit\u00e9es plus haut de la r\u00e9alit\u00e9 du Congo belge.<\/p>\n<p>Soulignons que la Belgique coloniale souhaitait par l\u2019enseignement primaire produire le consentement et la soumission de la population et donner acc\u00e8s \u00e0 des rudiments de formation bien utiles pour la poursuite de ses int\u00e9r\u00eats. Rappelons que les Congolais n\u2019avaient pas droit \u00e0 un enseignement universitaire sur leur territoire. Par ailleurs, jusqu\u2019\u00e0 l\u2019ind\u00e9pendance, moins d\u2019une quinzaine de Congolais ont pu faire des \u00e9tudes universitaires en Belgique et ce seulement \u00e0 partir des ann\u00e9es 1950. Alors qu\u2019on d\u00e9clare l\u2019ind\u00e9pendance le 30 juin 1960 \u00e0 L\u00e9opoldville,\u00a0<a class=\"spip_out\" href=\"https:\/\/journals.openedition.org\/diasporas\/6684\" target=\"_blank\" rel=\"external noopener\">quatre \u00e9tudiants congolais sont dipl\u00f4m\u00e9s<\/a>\u00a0d\u2019une universit\u00e9 belge.<\/p>\n<p>Monsieur Kisangani affirme que \u00ab\u00a0le d\u00e9veloppement \u00e9conomique du Congo belge fut possible gr\u00e2ce aux investissements massifs dans des biens publics tels que la stabilit\u00e9 politique, les infrastructures, la sant\u00e9 publique et l\u2019\u00e9ducation\u00a0\u00bb. Il ne nous dit pas comment \u00e9taient financ\u00e9s ces investissements. Il omet \u00e9galement de sp\u00e9cifier que ces investissements avaient pour objectif de poursuivre l\u2019exploitation des ressources naturelles du pays largement destin\u00e9es aux int\u00e9r\u00eats coloniaux. C\u2019est dans ce sens que, la Belgique \u2013 au nom du Congo belge \u2013 tout en remboursant des dettes alors contract\u00e9es par L\u00e9opold II avant 1908, en contractait de nouvelles afin de\u00a0<a class=\"spip_in\" href=\"https:\/\/www.cadtm.org\/Pour-un-audit-de-la-dette\">poursuivre l\u2019exploitation des ressources naturelles du pays<\/a>. Ainsi la dette publique du Congo belge s\u2019\u00e9levait en 1949 \u00e0 3,7 milliards de francs.<\/p>\n<p>Au cours des ann\u00e9es 1950, la Belgique accumule une dette aupr\u00e8s de la\u00a0<a class=\"cs_glossaire\" href=\"https:\/\/www.cadtm.org\/Banque-mondiale-BM\" name=\"mot961_1\"><span class=\"gl_mot\">Banque mondiale<\/span><\/a>\u00a0pour financer des projets dans sa colonie (dans le cadre d\u2019un plan d\u00e9cennal \u2018\u2019de d\u00e9veloppement\u2019\u2019)<span class=\"spip_note_ref\">\u00a0[<a id=\"nh1\" class=\"spip_note\" title=\"Voir \u00c9ric Toussaint, Proc\u00e8s d\u2019un homme exemplaire, \u00c9ditions Al Dante,\u00a0(...)\" href=\"https:\/\/www.cadtm.org\/Non-le-Congo-belge-n-etait-pas-un-modele-d-Etat-providence#nb1\" rel=\"appendix\">1<\/a>]<\/span>. Ces pr\u00eats s\u2019\u00e9l\u00e8vent \u00e0 pr\u00e8s de 120 millions de dollars, dont 105,4 millions ont \u00e9t\u00e9 d\u00e9pens\u00e9s en Belgique<span class=\"spip_note_ref\">\u00a0[<a id=\"nh2\" class=\"spip_note\" title=\"Le fait que la Belgique soit b\u00e9n\u00e9ficiaire des pr\u00eats au Congo belge peut \u00eatre\u00a0(...)\" href=\"https:\/\/www.cadtm.org\/Non-le-Congo-belge-n-etait-pas-un-modele-d-Etat-providence#nb2\" rel=\"appendix\">2<\/a>]<\/span>. En effet, ces pr\u00eats ont presque totalement \u00e9t\u00e9 d\u00e9pens\u00e9s par l\u2019administration coloniale du Congo sous forme d\u2019achat de produits export\u00e9s par la Belgique.<\/p>\n<p>L\u2019\u00e9tude de la situation comptable congolaise de cette d\u00e9cennie avant l\u2019ind\u00e9pendance indique que le Congo d\u00e9boursa plus de 64 milliards de francs pour financer ce plan de d\u00e9veloppement. Cela provoqua un accroissement rapide de la dette publique du Congo\u00a0<a class=\"spip_in\" href=\"https:\/\/www.cadtm.org\/Pour-un-audit-de-la-dette\">qui passa en moins de 10 ans, de 3,7 milliards \u00e0 46 milliards<\/a>. Cela s\u2019accompagna \u00e9galement d\u2019une succession de budgets d\u00e9ficitaires \u00e0 partir de 1957, d\u2019une\u00a0<a class=\"cs_glossaire\" href=\"https:\/\/www.cadtm.org\/Inflation\" name=\"mot991_2\"><span class=\"gl_mot\">inflation<\/span><\/a>\u00a0grave en 1959, de la fuite massive de capitaux vers la Belgique. Finalement, le pouvoir colonial belge, par ce plan d\u00e9cennal qui servit majoritairement ses int\u00e9r\u00eats, enlisa le Congo belge dans un surendettement qui le conduit, \u00e0 la veille de l\u2019ind\u00e9pendance, au bord de la faillite.<\/p>\n<p>Le Congo acc\u00e9da donc \u00e0 l\u2019ind\u00e9pendance avec une dette ext\u00e9rieure publique qui ne cessera de s\u2019alourdir, \u00e0 laquelle s\u2019ajoute une dette coloniale ill\u00e9galement l\u00e9gu\u00e9e. Il s\u2019agit bien d\u2019une\u00a0<a class=\"cs_glossaire\" href=\"https:\/\/www.cadtm.org\/Dette-illegale\" name=\"mot1604_3\"><span class=\"gl_mot\">dette ill\u00e9gale<\/span><\/a>\u00a0du point de vue du droit international (car issue de la colonisation) et ill\u00e9gitime (car n\u2019ayant pas b\u00e9n\u00e9fici\u00e9 au peuple congolais). Au regard du trait\u00e9 de Versailles de 1919 et de la convention de Vienne de 1978, l\u2019ancienne puissance coloniale (la Belgique) et la Banque mondiale ont agi en violation du droit international en l\u00e9guant au Congo ind\u00e9pendant une dette qui allait constituer un \u00e9norme fardeau.<\/p>\n<p>Ensuite, M.\u00a0E. Fran\u00e7ois Kisangani explique que \u00ab\u00a0les kleptocrates postcoloniaux ont dilapid\u00e9 les ressources naturelles du pays sans aucun investissement en faveur de la stabilit\u00e9 politique, des infrastructures, de la sant\u00e9 et de l\u2019\u00e9ducation. Les dirigeants congolais apr\u00e8s l\u2019ind\u00e9pendance ont failli dans le maintien de l\u2019acquis colonial concernant ces biens publics.\u00a0\u00bb<\/p>\n<p>Affirmer cela revient \u00e0 dire que les seules responsabilit\u00e9s se concentraient dans les mains des dirigeants congolais qui se sont ensuite succ\u00e9d\u00e9 au pouvoir.<\/p>\n<p>Faut-il rappeler que Patrice Lumumba, qui avait \u00e9t\u00e9 \u00e9lu Premier ministre en 1960, a \u00e9t\u00e9 assassin\u00e9 avec la participation directe de la Belgique le 17 janvier 1961\u00a0? Apr\u00e8s s\u2019\u00eatre d\u00e9barrass\u00e9es de Patrice Lumumba, les puissances occidentales, dont la Belgique, ont activement soutenu la dictature de Mobutu jusqu\u2019\u00e0 la fin de la guerre froide (Mobutu fuira le Za\u00efre en 1997). Depuis le coup d\u2019\u00c9tat de Mobutu en 1965, le pays a \u00e9t\u00e9 plong\u00e9 dans la spirale de l\u2019endettement en raison de projets pharaoniques qualifi\u00e9s d\u2019 \u00ab\u00a0<a class=\"cs_glossaire\" href=\"https:\/\/www.cadtm.org\/Elephant-blanc-elephants-blancs\" name=\"mot1361_4\"><span class=\"gl_mot\">\u00e9l\u00e9phants blancs<\/span><\/a>\u00a0\u00bb qui n\u2019ont jamais b\u00e9n\u00e9fici\u00e9 \u00e0 la population congolaise et des d\u00e9tournements d\u2019argent public que Mobutu a effectu\u00e9s pour lui et son clan. Des faits connus des cr\u00e9anciers multilat\u00e9raux, le\u00a0<a class=\"cs_glossaire\" href=\"https:\/\/www.cadtm.org\/FMI-Fonds-monetaire-international\" name=\"mot786_5\"><span class=\"gl_mot\">FMI<\/span><\/a>\u00a0et la Banque mondiale et qui n\u2019ont pourtant pas frein\u00e9 l\u2019octroi de pr\u00eats \u00e0 cette \u00e9poque.<\/p>\n<p>Aujourd\u2019hui, le peuple congolais continue de se saigner aux quatre veines pour rembourser une dette qui est en grande partie odieuse et dont les montants initiaux ont \u00e9t\u00e9 plusieurs fois rembours\u00e9s. De plus, depuis le d\u00e9but de la Seconde Guerre mondiale et jusqu\u2019 \u00e0 aujourd\u2019hui, les richesses nationales ont \u00e9t\u00e9 scandaleusement brad\u00e9es par les gouvernements successifs.<\/p>\n<p>La Belgique vient de perdre une occasion suppl\u00e9mentaire d\u2019adresser des excuses et de proposer de v\u00e9ritables r\u00e9parations en balayant ces questions \u00e9conomiques dans le cadre du travail men\u00e9 par la commission sp\u00e9ciale Congo &#8211; Pass\u00e9 colonial, qui a achev\u00e9 ses travaux en d\u00e9cembre 2022 sans parvenir \u00e0 trouver de consensus sur la formulation des recommandations. Pour alimenter les travaux de cette commission, le CADTM avait adress\u00e9 une note aux membres de cette commission afin de prendre en compte les aspects \u00e9conomiques et les relations historiques entre la Belgique et la R\u00e9publique d\u00e9mocratique du Congo\u2026<\/p>\n<p>Pour conclure, il n\u2019y aura pas en RDC de d\u00e9veloppement socialement juste et \u00e9cologiquement soutenable tant que p\u00e8sera la chape de plomb de la dette issue de cette p\u00e9riode coloniale. Un audit citoyen de la dette coloniale et des dettes qui ont suivi appara\u00eet comme un outil qui permettra de conna\u00eetre la destination des dettes r\u00e9clam\u00e9es au peuple congolais et \u00e0 son \u00c9tat, les conditions entourant ces dettes, les d\u00e9tournements, etc&#8230; Un tel audit pourrait servir non seulement \u00e0 l\u00e9gitimer l\u2019annulation de la dette mais aussi \u00e0 demander la r\u00e9trocession des biens mal acquis dans un fonds de d\u00e9veloppement contr\u00f4l\u00e9 d\u00e9mocratiquement par les populations locales. Finalement, cet audit servirait de base pour les r\u00e9parations des pr\u00e9judices subis par la population dus \u00e0 l\u2019exploitation effr\u00e9n\u00e9e des riches mati\u00e8res premi\u00e8res, depuis la colonisation jusqu\u2019\u00e0 aujourd\u2019hui, du fait de contrats l\u00e9onins sign\u00e9s avec les entreprises occidentales, chinoises ou autres qui organisent le bradage des ressources naturelles de la RDC.<\/p>\n<p><strong>Signataires<\/strong><\/p>\n<p>Luc Mukendi (enseignant \u00e0 Lubumbashi, membre de la coordination du CADTM Afrique), Cynthia Mukosa (agent humanitaire, \u00e9conomiste, secr\u00e9taire g\u00e9n\u00e9rale au CADTM Lumumbashi), Yvonne Ngoyi (pr\u00e9sidente UFDH\/CADTM \u00e0 Mbuji Mayi en RDC), Victor Nzuzi (paysan, NAD\/CADTM dans le Bas Congo), Nordine Sa\u00efdi (militant D\u00e9colonial et membre de Bruxelles Panth\u00e8res), Mouhad Reghif (membre de Bruxelles Panth\u00e8re), Georgine Dibua (coordinatrice de BAKUSHINTA), Graziella Vella (Anthropologue \u2013 UMONS), Monique Mbeka (Cin\u00e9aste et Productrice), Guillermo Kozlowski (Philosophe), Le collectif m\u00e9moire coloniale et lutte contre les discriminations (CMCLD), Les Amis du collectif m\u00e9moire coloniale (ACM), Ana\u00efs Carton, Renaud Vivien, \u00c9ric Toussaint (docteur en sciences politiques des universit\u00e9s de Li\u00e8ge et de Paris 8, porte-parole du CADTM), Pauline Fonsny, Najla Mulhondi, C\u00e9line Beigbeder (metteure en sc\u00e8ne du spectacle Tervuren), Nicolas Lu\u00e7on, Julie Nathan<\/p>\n<\/div>\n<div class=\"ps\">\n<div class=\"\">\n<p>Source\u00a0:\u00a0<a class=\"spip_out\" href=\"https:\/\/www.lalibre.be\/debats\/opinions\/2023\/02\/10\/non-le-congo-belge-netait-pas-un-modele-detat-providence-HSWLHHCA7FAUDDY7YH3CQ5YSCY\/\" target=\"_blank\" rel=\"external noopener\">La Libre<\/a><\/p>\n<\/div>\n<\/div>\n<div class=\"notes\">\n<h5>Notes<\/h5>\n<div id=\"nb1\">\n<p><span class=\"spip_note_ref\">[<a class=\"spip_note\" title=\"Notes 1\" href=\"https:\/\/www.cadtm.org\/Non-le-Congo-belge-n-etait-pas-un-modele-d-Etat-providence#nh1\" rev=\"appendix\">1<\/a>]\u00a0<\/span>Voir \u00c9ric Toussaint, Proc\u00e8s d\u2019un homme exemplaire, \u00c9ditions Al Dante, Marseille, 2013, p. 28.<\/p>\n<\/div>\n<div id=\"nb2\">\n<p><span class=\"spip_note_ref\">[<a class=\"spip_note\" title=\"Notes 2\" href=\"https:\/\/www.cadtm.org\/Non-le-Congo-belge-n-etait-pas-un-modele-d-Etat-providence#nh2\" rev=\"appendix\">2<\/a>]\u00a0<\/span>Le fait que la Belgique soit b\u00e9n\u00e9ficiaire des pr\u00eats au Congo belge peut \u00eatre d\u00e9duit d\u2019un tableau publi\u00e9 dans le quinzi\u00e8me rapport de la Banque mondiale pour l\u2019ann\u00e9e 1959-1960. IBRD (World Bank), Fifteenth Annual Report 1959-1960, Washington DC, p. 12.<\/p>\n<\/div>\n<\/div>\n","protected":false},"excerpt":{"rendered":"<p>\u00c0 l\u2019occasion de l\u2019anniversaire de l\u2019ind\u00e9pendance du Congo \u00ab\u00a0belge\u00a0\u00bb intervenue le 30 juin 1960, nous republions un article collectif sur le pass\u00e9 colonial du Congo.<\/p>\n","protected":false},"author":1,"featured_media":0,"comment_status":"open","ping_status":"open","sticky":false,"template":"","format":"standard","meta":{"footnotes":""},"categories":[21,539,7,18],"tags":[80,277],"class_list":["post-5994","post","type-post","status-publish","format-standard","hentry","category-anti-imperialisme","category-belgique","category-negrophobie","category-resistance-bruxelles","tag-congo","tag-republique-democratique-du-congo"],"_links":{"self":[{"href":"https:\/\/bruxelles-pantheres.be\/index.php?rest_route=\/wp\/v2\/posts\/5994","targetHints":{"allow":["GET"]}}],"collection":[{"href":"https:\/\/bruxelles-pantheres.be\/index.php?rest_route=\/wp\/v2\/posts"}],"about":[{"href":"https:\/\/bruxelles-pantheres.be\/index.php?rest_route=\/wp\/v2\/types\/post"}],"author":[{"embeddable":true,"href":"https:\/\/bruxelles-pantheres.be\/index.php?rest_route=\/wp\/v2\/users\/1"}],"replies":[{"embeddable":true,"href":"https:\/\/bruxelles-pantheres.be\/index.php?rest_route=%2Fwp%2Fv2%2Fcomments&post=5994"}],"version-history":[{"count":2,"href":"https:\/\/bruxelles-pantheres.be\/index.php?rest_route=\/wp\/v2\/posts\/5994\/revisions"}],"predecessor-version":[{"id":5996,"href":"https:\/\/bruxelles-pantheres.be\/index.php?rest_route=\/wp\/v2\/posts\/5994\/revisions\/5996"}],"wp:attachment":[{"href":"https:\/\/bruxelles-pantheres.be\/index.php?rest_route=%2Fwp%2Fv2%2Fmedia&parent=5994"}],"wp:term":[{"taxonomy":"category","embeddable":true,"href":"https:\/\/bruxelles-pantheres.be\/index.php?rest_route=%2Fwp%2Fv2%2Fcategories&post=5994"},{"taxonomy":"post_tag","embeddable":true,"href":"https:\/\/bruxelles-pantheres.be\/index.php?rest_route=%2Fwp%2Fv2%2Ftags&post=5994"}],"curies":[{"name":"wp","href":"https:\/\/api.w.org\/{rel}","templated":true}]}}