{"id":600,"date":"2013-01-20T17:43:34","date_gmt":"2013-01-20T16:43:34","guid":{"rendered":"https:\/\/bruxelles-pantheres.be\/?p=600"},"modified":"2013-11-10T17:47:19","modified_gmt":"2013-11-10T16:47:19","slug":"des-filles-voilees-causent-toujours","status":"publish","type":"post","link":"https:\/\/bruxelles-pantheres.be\/?p=600","title":{"rendered":"Des filles voil\u00e9es causent toujours!"},"content":{"rendered":"<div>\n<div>Publi\u00e9 le 20 janvier 2013 par on est pas des cadeaux!<\/div>\n<p>Dans cette \u00e9mission, on parle d\u2019islamophobie. Retour sur les effets de la loi de 2004, interdisant le port de signes religieux \u00e0 l\u2019\u00e9cole; on \u00e9coutera les t\u00e9moignages de jeunes filles portant le voile exclues de l\u2019\u00e9cole. Afin de pouvoir passer le bac, l\u2019association Alfa, association locale des femmes actives, leur propose de l\u2019aide aux devoirs. Lalia, pr\u00e9sidente de l\u2019association Alfa, raconte de nombreuses exclusions et discriminations que vivent des jeunes filles musulmanes dans un environnement raciste et islamophobe<!--more-->. A partir de la pr\u00e9sentation de Stella Magliani-Belkacem, on fera \u00e9galement un retour sur l\u2019histoire du f\u00e9minisme en France et sa complicit\u00e9 avec le syst\u00e8me coloniale, raciste fran\u00e7ais afin d\u2019illustrer \u00e0 quel point des mouvements f\u00e9ministes actuels, soutenus par le pouvoir tel que Ni pute ni soumise s\u2019ancrent dans la continuit\u00e9 de l\u2019histoire fran\u00e7aise. Stella Magliani-Belkacem et F\u00e9lix Boggio Ewanj\u00e9-Ep\u00e9e ont publi\u00e9 l\u2019ouvrage Les f\u00e9ministes blanches et l\u2019empire, aux \u00e9ditions La fabrique. La pr\u00e9sentation de cette histoire d\u00e9montre \u00e0 quel point les f\u00e9ministes institutionnelles ont r\u00e9guli\u00e8rement trahies leurs alli\u00e9es, femmes et racis\u00e9es, notamment issues des colonies fran\u00e7aises, en les pr\u00e9sentant comme des victimes; en les invisibilisant ou encore en d\u00e9tournant leur discours\u2026 Il est n\u00e9cessaire de faire d\u2019autres alliances si on souhaite se solidariser!<\/p>\n<p>Bonne \u00e9coute!\u00a0 ICI : <a href=\"http:\/\/blogs.radiocanut.org\/onestpasdescadeaux\/files\/2013\/01\/pdKdo-emission-alfa.mp3\">pdKdo emission alfa<\/a><\/p>\n<p>Source<\/p>\n<h3><img decoding=\"async\" class=\"alignright\" alt=\"262741_497097763668347_1203480955_n\" src=\"http:\/\/www.egalite.be\/wp-content\/uploads\/2013\/01\/262741_497097763668347_1203480955_n.png\" width=\"500\" height=\"647\" \/><\/h3>\n<\/div>\n<p>&nbsp;<\/p>\n","protected":false},"excerpt":{"rendered":"<p>Publi\u00e9 le 20 janvier 2013 par on est pas des cadeaux! Dans cette \u00e9mission, on parle d\u2019islamophobie. Retour sur les effets de la loi de 2004, interdisant le port de signes religieux \u00e0 l\u2019\u00e9cole; on \u00e9coutera les t\u00e9moignages de jeunes filles portant le voile exclues de l\u2019\u00e9cole. Afin de pouvoir passer le bac, l\u2019association Alfa, &#8230; <a title=\"Des filles voil\u00e9es causent toujours!\" class=\"read-more\" href=\"https:\/\/bruxelles-pantheres.be\/?p=600\" aria-label=\"En savoir plus sur Des filles voil\u00e9es causent toujours!\">Lire la suite<\/a><\/p>\n","protected":false},"author":1,"featured_media":19,"comment_status":"open","ping_status":"open","sticky":false,"template":"","format":"standard","meta":{"footnotes":""},"categories":[22,36,4,20,18,28],"tags":[],"class_list":["post-600","post","type-post","status-publish","format-standard","has-post-thumbnail","hentry","category-emploi","category-europe","category-islamophobie","category-logement","category-resistance-bruxelles","category-racismes"],"_links":{"self":[{"href":"https:\/\/bruxelles-pantheres.be\/index.php?rest_route=\/wp\/v2\/posts\/600","targetHints":{"allow":["GET"]}}],"collection":[{"href":"https:\/\/bruxelles-pantheres.be\/index.php?rest_route=\/wp\/v2\/posts"}],"about":[{"href":"https:\/\/bruxelles-pantheres.be\/index.php?rest_route=\/wp\/v2\/types\/post"}],"author":[{"embeddable":true,"href":"https:\/\/bruxelles-pantheres.be\/index.php?rest_route=\/wp\/v2\/users\/1"}],"replies":[{"embeddable":true,"href":"https:\/\/bruxelles-pantheres.be\/index.php?rest_route=%2Fwp%2Fv2%2Fcomments&post=600"}],"version-history":[{"count":1,"href":"https:\/\/bruxelles-pantheres.be\/index.php?rest_route=\/wp\/v2\/posts\/600\/revisions"}],"predecessor-version":[{"id":601,"href":"https:\/\/bruxelles-pantheres.be\/index.php?rest_route=\/wp\/v2\/posts\/600\/revisions\/601"}],"wp:featuredmedia":[{"embeddable":true,"href":"https:\/\/bruxelles-pantheres.be\/index.php?rest_route=\/wp\/v2\/media\/19"}],"wp:attachment":[{"href":"https:\/\/bruxelles-pantheres.be\/index.php?rest_route=%2Fwp%2Fv2%2Fmedia&parent=600"}],"wp:term":[{"taxonomy":"category","embeddable":true,"href":"https:\/\/bruxelles-pantheres.be\/index.php?rest_route=%2Fwp%2Fv2%2Fcategories&post=600"},{"taxonomy":"post_tag","embeddable":true,"href":"https:\/\/bruxelles-pantheres.be\/index.php?rest_route=%2Fwp%2Fv2%2Ftags&post=600"}],"curies":[{"name":"wp","href":"https:\/\/api.w.org\/{rel}","templated":true}]}}