{"id":6009,"date":"2024-08-23T18:30:07","date_gmt":"2024-08-23T17:30:07","guid":{"rendered":"https:\/\/bruxelles-pantheres.be\/?p=6009"},"modified":"2024-08-23T18:30:07","modified_gmt":"2024-08-23T17:30:07","slug":"emeutes-en-angleterre-le-reveil-dune-avant-garde-fasciste","status":"publish","type":"post","link":"https:\/\/bruxelles-pantheres.be\/?p=6009","title":{"rendered":"\u00c9meutes en Angleterre : Le r\u00e9veil d\u2019une avant-garde fasciste"},"content":{"rendered":"<p>Au matin du lundi 29 juillet, la ville de Southport, au nord-ouest de l\u2019Angleterre, est frapp\u00e9e d\u2019une trag\u00e9die aux cons\u00e9quences aussi consid\u00e9rables qu\u2019impr\u00e9visibles. Un adolescent \u00e2g\u00e9 de 17 ans, arm\u00e9 d\u2019un couteau, s\u2019introduit dans un cours de danse pour enfants consacr\u00e9 aux chansons de la pop star Taylor Swift. Le jeune gar\u00e7on passe \u00e0 l\u2019attaque\u00a0: il prend la vie de trois petites filles, \u00e2g\u00e9es respectivement de six, sept et neuf ans, en blesse huit autres, ainsi que deux adultes cherchant \u00e0 s\u2019interposer. D\u00e9p\u00each\u00e9e sur les lieux, la police parvient \u00e0 interpeler le meurtrier.<\/p>\n<p>Ses motivations sont obscures et la cruaut\u00e9 de son acte le rend imp\u00e9n\u00e9trable. Lorsque les m\u00e9dias s\u2019emparent de l\u2019affaire, son identit\u00e9 est, elle aussi, inconnue. Or l\u2019espace public a horreur du vide et c\u2019est bient\u00f4t la rumeur qui vient r\u00e9pondre aux interrogations des citoyens. Peu apr\u00e8s l\u2019arrestation, les autorit\u00e9s ont fait savoir qu\u2019elles \u00e9cartaient le \u00ab\u00a0motif terroriste\u00a0\u00bb (c\u2019est-\u00e0-dire islamique). Pourtant, certains groupes politis\u00e9s s\u00e8ment le doute. La chaine YouTube Channel3Now l\u00e2che un nom\u00a0: \u00ab\u00a0Ali Al-Shakati\u00a0\u00bb, qui serait un immigr\u00e9 musulman de fra\u00eeche date, de toute \u00e9vidence un terroriste islamiste.<!--more--><\/p>\n<p style=\"text-align: center;\"><img decoding=\"async\" class=\"wp-image-3586 aligncenter\" src=\"https:\/\/fondation-frantzfanon.com\/wp-content\/uploads\/2024\/08\/Adams.png\" sizes=\"(max-width: 941px) 100vw, 941px\" srcset=\"https:\/\/fondation-frantzfanon.com\/wp-content\/uploads\/2024\/08\/Adams.png 941w, https:\/\/fondation-frantzfanon.com\/wp-content\/uploads\/2024\/08\/Adams-300x201.png 300w, https:\/\/fondation-frantzfanon.com\/wp-content\/uploads\/2024\/08\/Adams-768x513.png 768w\" alt=\"\" width=\"941\" height=\"629\" \/><em>REUTERS\/Hollie Adams<\/em><\/p>\n<p>Apr\u00e8s l\u2019avoir rebaptis\u00e9 X, le multimilliardaire Elon Musk a d\u00e9lib\u00e9r\u00e9ment m\u00e9tamorphos\u00e9 le r\u00e9seau social Twitter en p\u00e9pini\u00e8re de micro-Goebbels, passant commande d\u2019un algorithme taill\u00e9 pour la prochaine campagne de Donald Trump. Ce\u00a0<em>design<\/em>\u00a0a pes\u00e9 sur l\u2019affaire de Southport. En effet, plusieurs influenceurs de gros calibre relaient la d\u00e9sinformation avec une redoutable efficacit\u00e9. C\u2019est le cas du prox\u00e9n\u00e8te et orateur masculiniste Andrew Tate. Plus centrale encore est l\u2019intervention du militant d\u2019extr\u00eame-droite Tommy Robinson. Ce diffamateur condamn\u00e9, fondateur de l\u2019organisation fasciste English Defence League, entre autres groupuscules racistes, avait alors le vent en poupe.<\/p>\n<p>Le 27 juillet, soit deux jours avant les meurtres, il haranguait un Trafalgar Square fourmillant de cr\u00e2nes ras\u00e9s subjugu\u00e9s par ses slogans belliqueux. Cette foule x\u00e9nophobe s\u2019\u00e9tait rassembl\u00e9e au centre de Londres \u00e0 l\u2019occasion d\u2019une vaste marche, autour d\u2019un slogan tr\u00e8s simple\u00a0: \u00ab\u00a0<em>we want our country back<\/em>\u00a0\u00bb, nous voulons r\u00e9cup\u00e9rer notre pays. C\u2019est alors qu\u2019il se sait au centre de l\u2019attention de tous les m\u00e9dias du pays que Tommy Robinson entreprend de propulser force\u00a0<em>fake news<\/em>\u00a0sur les crimes de Southport. Nigel Farage, leader de l\u2019extr\u00eame-droite plus pr\u00e9sentable incarn\u00e9e par le jeune parti Reform UK et nouvellement \u00e9lu d\u00e9put\u00e9, embo\u00eete le pas \u00e0 Robinson et reprend \u00e0 son compte le r\u00e9cit de l\u2019immigr\u00e9 musulman prot\u00e9g\u00e9 par les autorit\u00e9s.<\/p>\n<p>D\u00e8s le lendemain du crime, \u00e0 Southport, des foules fascis\u00e9es partent en qu\u00eate de vengeance. Excit\u00e9es par les bobards que distillent leurs politiciens favoris, ils s\u2019attaquent \u00e0 la communaut\u00e9 musulmane, tentant notamment de mettre \u00e0 sac la mosqu\u00e9e locale. Pour faire taire les rumeurs et \u00e9carter les ambig\u00fcit\u00e9s, le juge en charge des meurtres des fillettes d\u00e9cide alors de divulguer l\u2019identit\u00e9 du suspect.<\/p>\n<p>Son nom est Axel Rudakubana, de nationalit\u00e9 britannique et de confession chr\u00e9tienne, n\u00e9 \u00e0 Cardiff de parents rwandais. Il n\u2019y a jamais eu d\u2019Ali Al-Shakati. Les manipulations m\u00e9diatiques qui ont imm\u00e9diatement accompagn\u00e9 l\u2019affaire apparaissent comme d\u00e9nu\u00e9es du moindre fondement. Cependant, les commentateurs lib\u00e9raux ont beau jeu d\u2019insister \u00e0 l\u2019envi sur la nationalit\u00e9 et la religion de l\u2019adolescent, croyant ainsi prendre l\u2019extr\u00eame-droite au pi\u00e8ge de ses contradictions. Il n\u2019en fut rien\u00a0: Axel Rudakubana est un gar\u00e7on noir et cela saute aux yeux. Non seulement la r\u00e9v\u00e9lation de son identit\u00e9 n\u2019a nullement jugul\u00e9 la rage islamophobe des \u00e9meutiers, mais elle a d\u00e9complex\u00e9 et exalt\u00e9 une n\u00e9grophobie jusque-l\u00e0 demeur\u00e9e latente. La noirceur de l\u2019accus\u00e9 constitue une preuve \u00e0 la fois plus \u00e9vidente, plus irr\u00e9vocable et plus accablante de son ext\u00e9riorit\u00e9 au corps national que ne le seront jamais un passeport ou une foi. \u00c0 travers l\u2019Angleterre et l\u2019Irlande du Nord, les coups de force de meutes supr\u00e9macistes blanches ne cessent de se multiplier.<\/p>\n<p>Des h\u00f4tels servant d\u2019h\u00e9bergement d\u2019urgence \u00e0 des r\u00e9fugi\u00e9s, notamment des familles avec enfants, sont pris d\u2019assaut et font l\u2019objet de tentatives d\u2019incendie. Des logements personnels sont vandalis\u00e9s, voient le portes forc\u00e9es, leurs carreaux bris\u00e9s, leurs occupants terroris\u00e9s, harcel\u00e9s d\u2019injures racistes, de cris de singes, de menaces d\u00e9taill\u00e9es. \u00c0 Middlesbrough, les \u00e9meutiers ont organis\u00e9 un barrage routier pour ne laisser passer que les automobilistes blancs. Boutiques comme biblioth\u00e8ques sont mises \u00e0 sac alors que r\u00e9sonnent des chants de hooligans et que des banni\u00e8res fascistes claquent au vent.<\/p>\n<p>Je n\u2019ai rien contre les \u00e9meutes. Je ne dissimule rien de ma joie lorsque les militants de Black Lives Matter renversent des voitures de police ou que les gilets jaunes saccagent les rues chic de la capitale fran\u00e7aise. En revanche, j\u2019ai beaucoup \u00e0 reprocher au fascisme. Dans l\u2019esprit de la vaste majorit\u00e9 du champ politique britannique, c\u2019est rigoureusement l\u2019inverse : on assisterait \u00e0 un probl\u00e8me de maintien de l\u2019ordre, non \u00e0 une d\u00e9b\u00e2cle politique. Le premier ministre travailliste Keir Starmer promet de noyer les \u00e9meutiers sous les flics et les peines, condamne la destruction du mobilier urbain ou de la propri\u00e9t\u00e9 priv\u00e9e, mais n\u2019articule aucune critique substantielle du racisme et du fascisme qui constituent \u00e0 la fois le mobile et le r\u00e9sultat de ces raids pr\u00e9dateurs.<\/p>\n<p>Les rares appels \u00e0 analyser la situation en profondeur convoquent des grilles d\u2019analyse plus d\u00e9plorables encore. Lorsque la d\u00e9put\u00e9e conservatrice Donna Jones invite \u00e0 s\u2019int\u00e9resser aux causes de ces violences, ce n\u2019est pas pour s\u2019alarmer de l\u2019abrutissement fasciste galopant qui gangr\u00e8ne la nation, mais au contraire pour compatir avec ses agents. Ces brutes vertueuses ne sont mues, \u00e0 ses yeux, que par \u00ab\u00a0le d\u00e9sir de prot\u00e9ger la souverainet\u00e9 de la Grande-Bretagne, la n\u00e9cessit\u00e9 de d\u00e9fendre les valeurs britanniques et, pour ce faire, de mettre un terme \u00e0 l\u2019immigration clandestine\u00a0\u00bb.<\/p>\n<p>Ce quasi-pan\u00e9gyrique de la ratonnade porte \u00e0 incandescence un discours politique omnipr\u00e9sent \u00e0 temp\u00e9rature ambiante dans l\u2019espace public britannique. Les motivations des grappes de cr\u00e9tins nazifi\u00e9s sont r\u00e9p\u00e9titivement pr\u00e9sent\u00e9es comme des \u00ab\u00a0<em>legitimate concerns<\/em>\u00a0\u00bb\u00a0: des inqui\u00e9tudes l\u00e9gitimes. Et personne ne semble se dresser pour objecter qu\u2019organiser des tentatives de lynchage au premier fait divers n\u2019est ni l\u00e9gitime, ni un sympt\u00f4me d\u2019inqui\u00e9tude, mais bien davantage l\u2019incontestable prodrome d\u2019un nettoyage ethnique.<\/p>\n<p>Le principal probl\u00e8me que soul\u00e8vent ces \u00e9meutes n\u2019a rien \u00e0 voir avec le d\u00e9sordre ou avec les dommages mat\u00e9riels qu\u2019elles causent. Il convient de s\u2019en alarmer parce qu\u2019elles s\u2019attaquent directement \u00e0 des individus en raison de leur appartenance raciale, parce que ce sont de vastes machines \u00e0 ratonner et qu\u2019elles servent d\u2019espace de politisation fasciste \u00e0 de larges groupes, y compris des adolescents, voire des enfants.<\/p>\n<p>Outre les contre-manifestations antifascistes, il faut souligner une rare lueur dans les t\u00e9n\u00e8bres de la politique britannique officielle. Le Parti National \u00c9cossais (formation de gauche \u00e0 la t\u00eate du gouvernement \u00e9cossais depuis plus de quinze ans) de Glasgow a d\u00e9clar\u00e9 que si des \u00e9meutes d\u2019extr\u00eame-droite venaient \u00e0 \u00e9clore en \u00c9cosse, il faudrait former des milices d\u2019activistes pour s\u2019opposer \u00e0 elles. Cet appel \u00e0 trouver une solution militante \u00e0 un probl\u00e8me politique a suscit\u00e9 l\u2019imm\u00e9diate r\u00e9probation de la droite et du centre, signe que l\u2019antifascisme est non seulement publiquement condamn\u00e9, mais que prendre l\u2019antifascisme au s\u00e9rieux semble de plus en plus impensable. Alors que l\u2019extr\u00eame-droite prend la rue,\u00a0 il faudrait obligeamment la lui laisser et faire confiance \u00e0 la seule police.<\/p>\n<p>Pourtant, la situation est d\u2019autant plus inqui\u00e9tante qu\u2019elle prend facilement place dans le grand r\u00e9cit que la droite populiste tient sur elle-m\u00eame et sur le monde, enflammant ses biais de confirmation et, partant, renfor\u00e7ant son fanatisme. Partout o\u00f9 elle \u00e9merge, c\u2019est une variante du discours du Grand Remplacement qui ouvre la voie de l\u2019extr\u00eame-droite. Des \u00e9lites lib\u00e9rales promouvraient une immigration pl\u00e9thorique et d\u00e9r\u00e9gul\u00e9e (ainsi que d\u2019autres causes antinationales telles que l\u2019\u00e9cologisme, les droits LGBTQ+, etc.) pour servir les int\u00e9r\u00eats d\u2019une finance internationale qui aurait int\u00e9r\u00eat \u00e0 la dissolution de l\u2019\u00c9tat-nation. La population majoritaire, toujours assimil\u00e9e \u00e0 une classe ouvri\u00e8re blanche homog\u00e8ne et conservatrice, est th\u00e9oris\u00e9e comme le moteur d\u2019une r\u00e9sistance \u00e0 cette invasion coordonn\u00e9e en haut lieu.<\/p>\n<p>Si la droite du parti conservateur et l\u2019extr\u00eame-droite sont si tendres avec les \u00e9meutiers, c\u2019est qu\u2019ils les envisagent comme la composante la plus d\u00e9cisive de leur petite t\u00e9l\u00e9ologie politique. Autrement dit, dans l\u2019esprit des commentateurs de droite, les foules n\u00e9andertaliennes qui articulent laborieusement leurs slogans racistes, filment eux-m\u00eames leurs d\u00e9lits et les diffusent sur Tik-Tok, sont le visage des nouveaux crois\u00e9s de la civilisation occidentale, pr\u00eats \u00e0 rendre la nation \u00e0 elle-m\u00eame.<\/p>\n<p>D\u2019un point de vue strictement \u00e9lectoral, l\u2019extr\u00eame-droite britannique est encore loin d\u2019afficher les scores record des ses homologues de certains pays voisins, \u00e0 commencer par la France. Certes, Reform UK progresse constamment et Nigel Farage impose son discours sur la place publique, mais l\u2019espace politique du populisme de droite est insignifiant en comparaison des deux grands partis traditionnels. Cependant, cette extr\u00eame-droite dispose d\u00e9j\u00e0 d\u2019un \u00e9l\u00e9ment d\u00e9terminant et unique en Europe occidentale\u00a0: des troupes de choc racistes, largement spontan\u00e9s, dot\u00e9s d\u2019une tr\u00e8s haute conviction doctrinale et capables de prendre des risques pour accomplir leur desseins. En somme, l\u2019amorce d\u2019une avant-garde.<\/p>\n<p>Le populisme dit \u00ab\u00a0respectable\u00a0\u00bb ne r\u00e9sistera pas bien longtemps \u00e0 la tentation de prendre appui sur ces cogneurs \u00e9lectris\u00e9s par les rodomontades gazouill\u00e9es par Tommy Robinson avec la b\u00e9n\u00e9diction d\u2019Elon Musk. On assistera alors \u00e0 une symbiose entre outrances m\u00e9diatiques calomniatrices, politique partisane x\u00e9nophobe et violences urbaines typique du fascisme au sens le plus traditionnel du terme\u00a0: celui de l\u2019entre-deux guerres.<\/p>\n<p>Aucun appel \u00e0 la mod\u00e9ration n\u2019enrayera cette m\u00e9canique vou\u00e9e \u00e0 s\u2019auto-alimenter constamment, telle une machine \u00e0 mouvement perp\u00e9tuel. Dans la conjoncture, les musulmans de certaines localit\u00e9s ont d\u00e9montr\u00e9 de remarquables capacit\u00e9s d\u2019auto-organisation qui ont fait reculer les assauts fascistes. Leur s\u00e9curit\u00e9, voire leur survie, \u00e9tait dans la balance et il ne leur a pas fallu longtemps pour comprendre tous les enjeux. Dans la rue, les forces de la supr\u00e9matie blanche ne se laissent jamais convaincre\u00a0; elles s\u2019inclinent devant une force sup\u00e9rieure.<\/p>\n<p><strong>Norman Ajari<\/strong><\/p>\n<p><a href=\"https:\/\/fondation-frantzfanon.com\/emeutes-en-angleterre-le-reveil-dune-avant-garde-fasciste\/?fbclid=IwY2xjawE1pTlleHRuA2FlbQIxMQABHU2nQUH_-P6_6d4K82IQyILDLce7fqUVaUKRkzCF7M1kSB3Y9gJ5LAi4bg_aem_wTrzh2uTZshlKbdXu22u3g\">Source<\/a><\/p>\n","protected":false},"excerpt":{"rendered":"<p>Au matin du lundi 29 juillet, la ville de Southport, au nord-ouest de l\u2019Angleterre, est frapp\u00e9e d\u2019une trag\u00e9die aux cons\u00e9quences aussi consid\u00e9rables qu\u2019impr\u00e9visibles. Un adolescent \u00e2g\u00e9 de 17 ans, arm\u00e9 d\u2019un couteau, s\u2019introduit dans un cours de danse pour enfants consacr\u00e9 aux chansons de la pop star Taylor Swift. Le jeune gar\u00e7on passe \u00e0 l\u2019attaque\u00a0: &#8230; <a title=\"\u00c9meutes en Angleterre : Le r\u00e9veil d\u2019une avant-garde fasciste\" class=\"read-more\" href=\"https:\/\/bruxelles-pantheres.be\/?p=6009\" aria-label=\"En savoir plus sur \u00c9meutes en Angleterre : Le r\u00e9veil d\u2019une avant-garde fasciste\">Lire la suite<\/a><\/p>\n","protected":false},"author":1,"featured_media":742,"comment_status":"open","ping_status":"open","sticky":false,"template":"","format":"standard","meta":{"footnotes":""},"categories":[36,4,7,28],"tags":[328],"class_list":["post-6009","post","type-post","status-publish","format-standard","has-post-thumbnail","hentry","category-europe","category-islamophobie","category-negrophobie","category-racismes","tag-norman-ajari"],"_links":{"self":[{"href":"https:\/\/bruxelles-pantheres.be\/index.php?rest_route=\/wp\/v2\/posts\/6009","targetHints":{"allow":["GET"]}}],"collection":[{"href":"https:\/\/bruxelles-pantheres.be\/index.php?rest_route=\/wp\/v2\/posts"}],"about":[{"href":"https:\/\/bruxelles-pantheres.be\/index.php?rest_route=\/wp\/v2\/types\/post"}],"author":[{"embeddable":true,"href":"https:\/\/bruxelles-pantheres.be\/index.php?rest_route=\/wp\/v2\/users\/1"}],"replies":[{"embeddable":true,"href":"https:\/\/bruxelles-pantheres.be\/index.php?rest_route=%2Fwp%2Fv2%2Fcomments&post=6009"}],"version-history":[{"count":1,"href":"https:\/\/bruxelles-pantheres.be\/index.php?rest_route=\/wp\/v2\/posts\/6009\/revisions"}],"predecessor-version":[{"id":6010,"href":"https:\/\/bruxelles-pantheres.be\/index.php?rest_route=\/wp\/v2\/posts\/6009\/revisions\/6010"}],"wp:featuredmedia":[{"embeddable":true,"href":"https:\/\/bruxelles-pantheres.be\/index.php?rest_route=\/wp\/v2\/media\/742"}],"wp:attachment":[{"href":"https:\/\/bruxelles-pantheres.be\/index.php?rest_route=%2Fwp%2Fv2%2Fmedia&parent=6009"}],"wp:term":[{"taxonomy":"category","embeddable":true,"href":"https:\/\/bruxelles-pantheres.be\/index.php?rest_route=%2Fwp%2Fv2%2Fcategories&post=6009"},{"taxonomy":"post_tag","embeddable":true,"href":"https:\/\/bruxelles-pantheres.be\/index.php?rest_route=%2Fwp%2Fv2%2Ftags&post=6009"}],"curies":[{"name":"wp","href":"https:\/\/api.w.org\/{rel}","templated":true}]}}