{"id":602,"date":"2013-01-18T17:48:10","date_gmt":"2013-01-18T16:48:10","guid":{"rendered":"https:\/\/bruxelles-pantheres.be\/?p=602"},"modified":"2013-11-10T17:52:32","modified_gmt":"2013-11-10T16:52:32","slug":"interview-de-said-bouamama-sociologue-militant-associatif","status":"publish","type":"post","link":"https:\/\/bruxelles-pantheres.be\/?p=602","title":{"rendered":"Interview de Sa\u00efd Bouamama, sociologue &#038; militant associatif"},"content":{"rendered":"<header><img decoding=\"async\" class=\"alignnone\" alt=\"46210_466673520038541_771977759_n\" src=\"http:\/\/www.egalite.be\/wp-content\/uploads\/2013\/01\/46210_466673520038541_771977759_n.jpg\" width=\"600\" height=\"225\" \/><\/header>\n<p><em>Sa\u00efdou, chanteur du groupe Zep, et Sa\u00efd Bouamama, sociologue et militant, sont attaqu\u00e9s en justice pour \u00ab\u00a0injure publique\u00a0\u00bb et \u00ab\u00a0provocation \u00e0 la discrimination, \u00e0 la haine ou \u00e0 la violence\u00a0\u00bb par l\u2019AGRIF (Alliance G\u00e9n\u00e9rale contre le Racisme et pour la d\u00e9fense de l\u2019Identit\u00e9 Fran\u00e7aise et chretienne) suite \u00e0 la sortie de leur livre et de l\u2019album Nique la France, devoir d\u2019insolence. Nous ne pouvons qu\u2019adh\u00e9rer totalement aux paroles de la chanson mise en cause\u00a0: \u00ab\u00a0Nique la France et son pass\u00e9 colonialiste\/ ses odeurs, ses relents et ses r\u00e9flexes paternalistes \/ Nique la France et son histoire imp\u00e9rialiste\/ ses murs, ses remparts et ses d\u00e9lires capitalistes\u00a0\u00bb. <a href=\"http:\/\/www.egalite.be\/?p=4808\">\u00c9GALIT\u00c9\u00a0soutient la campagne Devoir d\u2019insolence <\/a>antiraciste et appelle \u00e0 s\u2019y investir\u00a0! Refusons les injonctions \u00e0 se taire qui sont faites au domin\u00e9-e-s et aux exploit\u00e9-e-s\u00a0! Que leur parole s\u2019exprime dans toute leur radicalit\u00e9\u00a0!<!--more--><br \/>\n<\/em><\/p>\n<p><img decoding=\"async\" alt=\"http:\/\/p8.storage.canalblog.com\/83\/35\/950760\/80163371_o.jpg\" src=\"http:\/\/p8.storage.canalblog.com\/83\/35\/950760\/80163371_o.jpg\" \/><\/p>\n<p><b>Sa\u00efd Bouamama, <a href=\"http:\/\/www.lesinrocks.com\/2012\/11\/28\/actualite\/nique-la-france-un-rappeur-et-un-sociologue-poursuivis-par-une-association-dextreme-droite-11327574\/\">vous avez \u00e9t\u00e9 mis en examen tr\u00e8s r\u00e9cemment pour \u00ab\u00a0racisme antiblanc\u00a0\u00bb<\/a>. Pouvez-vous nous dire de quoi il retourne exactement ?<\/b><\/p>\n<p>Le chanteur Sa\u00efdou et moi-m\u00eame avons publi\u00e9 il y a deux un livre-CD dans lequel par des textes et des chansons nous d\u00e9noncions la France capitaliste, raciste et imp\u00e9rialiste. Nous avons intitul\u00e9 ce livre-CD \u00ab\u00a0Nique la France- Devoir d\u2019insolence\u00a0\u00bb. Les textes comme la chanson ont \u00e9t\u00e9 l\u2019objet d\u2019une plainte de la part d\u2019un groupe d\u2019extr\u00eame-droite nostalgique de l\u2019Alg\u00e9rie fran\u00e7aise, l\u2019Alliance G\u00e9n\u00e9rale contre le Racisme et pour le respect de l\u2019Identit\u00e9 Fran\u00e7aise et chr\u00e9tienne.<\/p>\n<p><img decoding=\"async\" alt=\"http:\/\/www.citoyensdesdeuxrives.eu\/better\/images\/stories\/nique-la-france.jpg\" src=\"http:\/\/www.citoyensdesdeuxrives.eu\/better\/images\/stories\/nique-la-france.jpg\" \/><\/p>\n<p>Le CD comme le livre qui l\u2019accompagne est d\u2019abord \u00e0 resitu\u00e9 dans son contexte\u00a0: le discours sur l\u2019identit\u00e9 nationale du pr\u00e9c\u00e9dent gouvernement. Face \u00e0 cette offensive id\u00e9ologique nous trouvions de nombreuses r\u00e9actions ambigu\u00ebs. On condamnait les \u00ab\u00a0exc\u00e8s\u00a0\u00bb de Sarko, tout en approuvant l\u2019id\u00e9e d\u2019une France ayant une identit\u00e9 unique (avec n\u00e9gation des identit\u00e9s de classe et des identit\u00e9s li\u00e9es \u00e0 la pluralit\u00e9 des origines de la France concr\u00e8te). Il n\u2019y aurait plus ni patron, ni ouvrier mais que des fran\u00e7ais, il n\u2019y aurait plus des identit\u00e9s concr\u00e8tes mais une identit\u00e9 abstraite que l\u2019Etat pr\u00e9tendait d\u00e9finir. Ce mode d\u2019approche vise \u00e0 \u00ab\u00a0Unir ceux qui devrait \u00eatre divis\u00e9\u00a0\u00bb (les travailleurs et leurs employeurs en les r\u00e9unissant sous le vocable \u00ab\u00a0fran\u00e7ais\u00a0\u00bb) et \u00e0 \u00ab\u00a0diviser ceux qui devrait \u00eatre uni\u00a0\u00bb (les travailleurs quelque soit leurs identit\u00e9s multiples). Pour ce faire, il faut non seulement s\u2019attaquer aux immigr\u00e9s mais \u00e9galement aux fran\u00e7ais issus de l\u2019immigration que l\u2019on soup\u00e7onnera de ne pas \u00eatre \u00ab\u00a0int\u00e9gr\u00e9\u00a0\u00bb, de ne pas respecter \u00ab\u00a0l\u2019identit\u00e9 fran\u00e7aise\u00a0\u00bb, etc. Derri\u00e8re ce proc\u00e8s il y a \u00e9galement la volont\u00e9 d\u2019obtenir une jurisprudence sur la qualification de \u00ab\u00a0racisme anti-blanc\u00a0\u00bb qui pourra demain \u00eatre utilis\u00e9e contre tous ceux fran\u00e7ais ou non, issus de l\u2019immigration ou non qui s\u2019opposerait par exemple \u00e0 une guerre imp\u00e9rialiste fran\u00e7aise, \u00e0 une mesure de \u00ab\u00a0patriotisme \u00e9conomique\u00a0\u00bb, etc.<\/p>\n<p><b>Pour revenir sur ces mises en examen pour \u00ab\u00a0racisme antiblanc\u00a0\u00bb, on pourrait sans doute rapprocher ce ph\u00e9nom\u00e8ne d\u2019une censure plus g\u00e9n\u00e9rale des mouvements de l\u2019immigration et des forces antiracistes cons\u00e9quentes. En Belgique, nous avons eu <a href=\"http:\/\/www.google.be\/url?sa=t&amp;rct=j&amp;q=&amp;esrc=s&amp;source=web&amp;cd=2&amp;ved=0CDgQFjAB&amp;url=http%3A%2F%2Fwww.egalite.be%2F%3Fp%3D1892&amp;ei=TsP5UMzqIuPQ0QWFmYGABQ&amp;usg=AFQjCNGuEJ_Qdb57Ie6gBi4btiKILQ5g8A&amp;sig2=zE69N03URU5Ygf6Tq-3BaQ&amp;bvm=bv.41248874,d.d2k\">l\u2019affaire \u00ab\u00a0burqa blabla\u00a0\u00bb<\/a>, qui mettait en cause Caroline Fourest et qui a valu \u00e0 <a href=\"http:\/\/www.egalite.be\/?p=2943\">Souhail Chichah<\/a> une ostracisation de l\u2019espace acad\u00e9mique belge. Plus r\u00e9cemment encore, Caroline Fourest a d\u00e9pos\u00e9 plainte <a href=\"http:\/\/www.egalite.be\/?p=3178\">contre Nordine Sa\u00efdi (qui appartient \u00e0 notre mouvement) pour avoir post\u00e9 une vid\u00e9o sur son mur facebook. <\/a>Comment comprendre cet acharnement ? Quelle est la strat\u00e9gie ou le projet politique derri\u00e8re cette offensive ?<\/b><\/p>\n<p>&nbsp;<\/p>\n<p><b><b><img decoding=\"async\" id=\"il_fi\" alt=\"\" src=\"http:\/\/t2.gstatic.com\/images?q=tbn:ANd9GcQ77V65Qx9Rq0MSQZD5bpc47KogWvpTlcHjdmnuKIYx8oZhiPTVIW-d7b58fg\" width=\"177\" height=\"285\" \/><\/b><\/b><\/p>\n<p>En fait l\u2019islamophobie est la forme du racisme dont ont besoin les dominants pour cliver les travailleurs de nos pays. Le monde du travail est pluriculturel et pluri-religieux du fait de la colonisation. Pr\u00e8s de 30 % des milieux populaires sont issu de l\u2019immigration des anciennes colonies et une grande partie de ceux-ci est musulmane. R\u00e9ussir \u00e0 poser la religion comme clivage c\u2019est\u00a0 garantir l\u2019impossibilit\u00e9 de luttes communes et cr\u00e9er la possibilit\u00e9 de lancer des \u00ab\u00a0d\u00e9bats \u00e9crans\u00a0\u00bb permanence c\u2019est-\u00e0-dire des d\u00e9bat en masquant d\u2019autres. La la\u00efcit\u00e9 n\u2019a rien \u00e0 voir avec cela et ceux qui la brandisse en sous-entendant que l\u2019Islam la menacerait instrumentalise la notion pour la transformer en \u00ab\u00a0racisme respectable\u00a0\u00bb. A d\u2019autres moments on instrumentalise aussi le f\u00e9minisme comme ce fut le cas lors de l\u2019intervention en Afghanistan. Car il faut \u00e9galement soulign\u00e9s les connexions internationales de l\u2019islamophobie. Les r\u00e9gions du globe o\u00f9 sont pr\u00e9sentes l\u2019essentiel des richesses p\u00e9tro-gazi\u00e8res ont des populations majoritairement musulmane et les guerres \u00e0 succession (Irak, Afghanistan, Lybie,\u00a0 Syrie, et aujourd\u2019hui le Mali derri\u00e8re lequel se trouve l\u2019uranium du Niger et le gaz alg\u00e9rien). L\u2019islamophobie est une excellente pr\u00e9paration des esprits pour pr\u00e9parer un consensus autour de ces guerres.<\/p>\n<p>Derri\u00e8re cette premi\u00e8re strat\u00e9gie politique et id\u00e9ologique s\u2019en trouve une autre, de nature \u00e9conomique cette fois-ci. Il s\u2019agit ni plus ni moins que de fragiliser une partie de la classe ouvri\u00e8re, celle issue de la colonisation, pour acc\u00e9l\u00e9rer la construction d\u2019un march\u00e9 d\u00e9r\u00e9gul\u00e9 du travail sans aucune protection. Pour cela l\u2019on met en place un march\u00e9 segment\u00e9 du travail avec en premier lieu les sans-papiers qui sont contraint d\u2019accepter des travaux d\u2019esclave. Mais le second segment est encore plus important\u00a0: c\u2019est celui de l\u2019immigration r\u00e9guli\u00e8re et de ses enfants. L\u2019outil choisis est l\u2019existence de discriminations racistes qui contraignent ces citoyens \u00e0 accepter des postes racis\u00e9s et ceux-ci sont come par hasard les plus p\u00e9nibles, les plus dangereux, les moins bien pay\u00e9s. Il existe ainsi d\u00e9sormais des emplois pour noirs et pour arabes qui ne se limitent plus aux nouveaux arrivants mais s\u2019adressent \u00e0 des jeunes fran\u00e7ais ou des jeunes belges dont les parents viennent d\u2019ailleurs. La discrimination a \u00e9t\u00e9 internalis\u00e9e, int\u00e9gr\u00e9e dans le fonctionnement \u00e9conomique lui-m\u00eame. Je ne connais pas les chiffres belges mais en France une enqu\u00eate du BIT de 2008 \u00e9value \u00e0 4 employeurs sur 5\u00a0ceux qui discriminent \u00e0 partir de l\u2019origine. L\u2019importance du pourcentage souligne que nous sommes face \u00e0 une r\u00e9alit\u00e9 structurelle du capitalisme contemporain, face \u00e0 un fonctionnement syst\u00e9mique.<\/p>\n<p>Pour que cela soit possible, il faut que le reste de la classe ouvri\u00e8re per\u00e7oive leurs coll\u00e8gues issus de la colonisation comme n\u2019appartenant pas au \u00ab\u00a0nous\u00a0\u00bb ouvriers, comme \u00ab\u00a0dangereux\u00a0\u00bb, comme porteur d\u2019une diff\u00e9rence dangereuse. Il faut donc diffuser \u00e0 la fois des explications culturalistes des questions sociales en g\u00e9n\u00e9ral et de celles de l\u2019immigration en particulier d\u2019une part et propager une \u00ab\u00a0peur\u00a0\u00bb de l\u2019Arabe, du Noir, du musulman. Par ce biais il s\u2019agit \u00e9galement d\u2019intimider les vell\u00e9it\u00e9s de r\u00e9voltes et de revendications d\u2019\u00e9galit\u00e9. Intimider pour pousser \u00e0 la r\u00e9signation.<\/p>\n<p><b>Comment caract\u00e9riser les r\u00e9ponses de la gauche sociale et politique \u00e0 cette offensive ? Avez-vous des soutiens dans ces franges ?<\/b><\/p>\n<p><b><img decoding=\"async\" alt=\"http:\/\/algerienetwork.com\/info\/wp-content\/uploads\/2012\/09\/islamophobie.jpg\" src=\"http:\/\/algerienetwork.com\/info\/wp-content\/uploads\/2012\/09\/islamophobie.jpg\" \/><\/b><\/p>\n<p>Le moins que l\u2019on puisse dire c\u2019est qu\u2019une tr\u00e8s grande partie de la gauche sociale et politique, y compris dans ses franges radicales n\u2019a pas saisie les enjeux\u00a0comme en t\u00e9moigne de nombreux faits\u00a0: soutien aux multiples campagnes pour l\u2019interdiction du foulard c\u2019est-\u00e0-dire pour une police des habits et ce en arguant de l\u2019\u00e9mancipation des\u00a0 femmes ou de la la\u00efcit\u00e9\u00a0; soutien \u00e0 des guerres imp\u00e9rialistes au pr\u00e9texte de s\u2019opposer \u00e0 des \u00ab\u00a0int\u00e9gristes\u00a0\u00bb ou au pr\u00e9texte de d\u00e9fendre le droit des femmes\u00a0; audience de Caroline Fourest dans cette gauche et extr\u00eame-gauche alors m\u00eame qu\u2019elle d\u00e9fend des points de vue \u00e9conomiques lib\u00e9raux et insulte les travailleurs grecs lorsqu\u2019ils luttent contre les plans scandaleux d\u2019aust\u00e9rit\u00e9\u00a0; etc. Marx disait que \u00ab\u00a0l\u2019on ne juge pas une \u00e9poque \u00e0 l\u2019id\u00e9e qu\u2019elle se fait d\u2019elle-m\u00eame\u00a0\u00bb mais par ce qu\u2019elle est objectivement. Or dans les faits, ind\u00e9pendamment de l\u2019id\u00e9e qu\u2019ils se font d\u2019eux-m\u00eames (ils croient peut-\u00eatre sinc\u00e8rement d\u00e9fendre les droits des femmes ou la la\u00efcit\u00e9), ces positions sont le soutien \u00e0 des lois d\u2019exception pour une partie de la population et le soutien \u00e0 des guerres de pillages. Parce qu\u2019ils croient le faire pour de grand principe j\u2019ai appel\u00e9 ce racisme, un \u00ab\u00a0racisme respectable\u00a0\u00bb.<\/p>\n<p>Nous avons actuellement un soutien d\u2019une partie de ces franges mais uniquement sous l\u2019angle de la \u00ab\u00a0libert\u00e9 d\u2019expression\u00a0\u00bb. Seuls quelques groupes comme la Coordination communiste du Nord ou Rouge Vif Marseille pousse le soutien jusqu\u2019\u00e0 une condamnation de l\u2019islamophobie comme \u00e9tant une des formes les plus importantes du racisme. Il y a \u00e9galement eu une p\u00e9tition de libertaires contre l\u2019islamophobie. Enfin une partie du NPA va \u00e9galement dans ce sens et s\u2019oppose \u00e0 une autre partie de la m\u00eame organisation. Tout cela pour souligner que sur cette question se d\u00e9ploie des consensus dangereux pouvant aller de l\u2019extr\u00eame-droite \u00e0 l\u2019extr\u00eame-gauche.<\/p>\n<p><b>Il semble effectivement que la gauche radicale fasse montre d\u2019un attentisme \u00e0 plus long terme, voire d\u2019une attitude hostile, face aux mouvements de l\u2019immigration ou antiracistes cons\u00e9quents. Quelles en sont les causes politiques ?<\/b><\/p>\n<p>Les causes politiques sont lointaines. Elles interrogent la mani\u00e8re dont les classes dominantes occidentales ont tent\u00e9s de juguler par l\u2019id\u00e9ologie les organisations r\u00e9volutionnaire et ce d\u00e8s le 19<sup>\u00e8me<\/sup> si\u00e8cle. Le fait que l\u2019anticolonialisme ait \u00e9t\u00e9 extr\u00eamement minoritaire souligne l\u2019impr\u00e9gnation d\u2019une id\u00e9ologie nationaliste jusqu\u2019au sein des fractions les plus radicales des organisations ouvri\u00e8res. Je vous joins un de mes textes o\u00f9 je r\u00e9sume mon analyse historique et politique sur ce point.<\/p>\n<p><b>En Belgique, notre mouvement vient de participer aux \u00e9lections municipales. La force \u00e0 gauche du Parti socialiste qui a fait les scores les moins n\u00e9gligeables \u2013 et a obtenu plusieurs \u00e9lus \u2013 est le Parti des travailleurs belges (PTB). Cette formation a par ailleurs insist\u00e9 dans sa campagne sur la centralit\u00e9 de la soi-disant \u00ab\u00a0question sociale\u00a0\u00bb dans les quartiers populaires. Cela impliquait que les pr\u00e9occupations des non-Blancs avaient une place minime dans le programme du PTB, sans parler de son discours probl\u00e9matique sur la s\u00e9curit\u00e9. En France, le Front de gauche s\u2019est lui aussi d\u00e9marqu\u00e9 lors de la derni\u00e8re pr\u00e9sidentielle, tout en ayant adopt\u00e9 un discours tr\u00e8s f\u00e9rocement r\u00e9publicain et particuli\u00e8rement faible sur le racisme ou l\u2019islamophobie.<\/b><\/p>\n<p><b>Comment comprendre ce resserrement autour des pr\u00e9occupations pr\u00e9tendument \u00ab\u00a0majoritaires\u00a0\u00bb \u2013 c\u2019est-\u00e0-dire, celles qui font sens pour des travailleurs blancs ? <\/b><\/p>\n<p>Je ne connais pas assez les positions du PTB lors de la derni\u00e8re campagne pour porter un jugement. Par contre opposer la \u00ab\u00a0question sociale\u00a0\u00bb et la \u00ab\u00a0question raciale\u00a0\u00bb ou consid\u00e9rer l\u2019une des deux comme secondaire me semble une erreur fatale. Poser la \u00ab\u00a0question raciale\u00a0\u00bb c\u2019est poser la question sociale de a fraction de la classe ouvri\u00e8re issue de la colonisation qui par le biais des discriminations vit une surexploitation dans un contexte o\u00f9 tous les travailleurs sont attaqu\u00e9s. Ne pas aborder la \u00ab\u00a0question raciale\u00a0\u00bb c\u2019est se condamner \u00e0 reproduire dans les consciences le clivage cr\u00e9\u00e9 par le syst\u00e8me capitaliste dans la r\u00e9alit\u00e9. Si l\u2019unit\u00e9 de la classe est \u00e0 d\u00e9fendre ce n\u2019est pas en taisant\u00a0 le sort de ses fractions les plus domin\u00e9es. L\u2019unit\u00e9 n\u2019existe pas \u00e0 priori, elle se conquiert en prenant en compte la r\u00e9alit\u00e9 concr\u00e8te.<\/p>\n<p>Par ailleurs une telle d\u00e9marche est suicidaire. En France 30 % des milieux populaires sont issus de l\u2019immigration postcoloniale (sans-papiers, immigr\u00e9s r\u00e9guliers, fran\u00e7ais issus de l\u2019immigration vivant des discriminations racistes). Ne pas agir contre ce clivage objectif, c\u2019est se garantir \u00e0 ne jamais pouvoir changer r\u00e9ellement la soci\u00e9t\u00e9. La r\u00e9alit\u00e9 est que nous devrions agir en direction des travailleurs blancs pour qu\u2019ils conscientisent que l\u2019in\u00e9galit\u00e9 v\u00e9cue par les travailleurs issus de la colonisation affaiblie les capacit\u00e9s d\u2019offensive de toutes la classe et envers les travailleurs issus de la colonisation pour qu\u2019ils s\u2019organisent sur leurs propres int\u00e9r\u00eats tout en convergent\u00a0 avec le reste des travailleurs. Le choix est impossible ici.<\/p>\n<p><b>Quelles sont les t\u00e2ches des mouvements de l\u2019immigration dans une telle conjoncture : suivent-elles une trajectoire tout \u00e0 fait parall\u00e8le \u00e0 ces partis ou ces coalitions de gauche radicale ? Peuvent-elles faire bouger les lignes en leur sein ?<\/b><\/p>\n<p>Seule la lutte permet de transformer une r\u00e9alit\u00e9 aussi bloqu\u00e9e puisse-t-elle para\u00eetre. L\u2019auto-organisation est une n\u00e9cessit\u00e9 transitoire de cette lutte lorsque le combat n\u2019est pas\u00a0 encore pris s\u00e9rieusement en charge par les organisations qui se r\u00e9clament de la radicalit\u00e9. Cette auto-organisation ne doit cependant pas signifier une sous-estimation des combats communs \u00e0 tous les travailleurs. Elles signifient simplement le refus que l\u2019unit\u00e9 se fasse en faisant fi des int\u00e9r\u00eats des plus domin\u00e9s. Il ne faut pas confondre alliance et subordination disait C\u00e9saire.<a href=\"http:\/\/www.egalite.be\/?p=3905\"><img decoding=\"async\" alt=\"http:\/\/t0.gstatic.com\/images?q=tbn:ANd9GcTkN4resT9_0UVCMP7cZ6gB26hsEcJV_cD5UC1GFfPcVZM4Y6oj82Q8cy7k\" src=\"http:\/\/t0.gstatic.com\/images?q=tbn:ANd9GcTkN4resT9_0UVCMP7cZ6gB26hsEcJV_cD5UC1GFfPcVZM4Y6oj82Q8cy7k\" \/><\/a><\/p>\n<p><b>Quelle forme politique permettrait aux forces de l\u2019immigration et des quartiers populaires de se trouver en position plus favorable pour lutter contre les offensives men\u00e9es contre elles et les populations qu\u2019elles repr\u00e9sentent ?<\/b><\/p>\n<p><br clear=\"all\" \/> Il n\u2019y a pas de r\u00e9ponse absolue \u00e0 cette question. Tout d\u00e9pend des circonstances concr\u00e8tes. Ce qui est certain c\u2019est que sous une forme associative ou sous une forme de mouvement, cette organisation est concern\u00e9e par tous les combats sociaux et politiques. C\u2019est en \u00e9tant intransigeant dans la prise en compte des int\u00e9r\u00eats des plus domin\u00e9s que les organisations de l\u2019immigration aideront les militants r\u00e9volutionnaires \u00e0 se d\u00e9barrasser des traits id\u00e9ologiques que la classe dominante a propager dans les inconscients collectifs de ses gauches. A l\u2019inverse, il faut combattre dans ces organisations la tendance au repli sur soi et au repli sur des explications culturalistes\u00a0: ce n\u2019est pas en inversant une erreur que l\u2019on acc\u00e8de \u00e0 la v\u00e9rit\u00e9. Frantz Fanon nous a appris que la premi\u00e8re phase de la domination (Avoir un masque blanc sur sa peau noire) \u00e9tait souvent suivie par une seconde consistant \u00e0 inverser le stigmate (black is beautiful) qui arrive vite aux m\u00eames limites que la phase ant\u00e9rieure. La v\u00e9ritable lib\u00e9ration est dans le d\u00e9passement de ces deux phases pour acc\u00e9der \u00e0 la conscience politique c\u2019est-\u00e0-dire la conscience des combats sp\u00e9cifiques mais aussi la conscience de leurs liens avec les combats globaux.<br \/>\n<iframe src=\"http:\/\/www.dailymotion.com\/embed\/video\/xc08wd\" height=\"270\" width=\"480\" frameborder=\"0\"><\/iframe><br \/>\n<a href=\"http:\/\/www.dailymotion.com\/video\/xc08wd_zep-nique-la-france_music\" target=\"_blank\">ZEP Nique la France<\/a> <i>par <a href=\"http:\/\/www.dailymotion.com\/seelteck\" target=\"_blank\">seelteck<\/a><\/i><\/p>\n<p style=\"text-align: center;\"><img decoding=\"async\" alt=\"http:\/\/muslimanity.org\/wp-content\/uploads\/2012\/11\/illume_islamophobia_ridz_001.jpeg\" src=\"http:\/\/muslimanity.org\/wp-content\/uploads\/2012\/11\/illume_islamophobia_ridz_001.jpeg\" width=\"252\" height=\"371\" \/><\/p>\n<p><strong>EXTR\u00caME GAUCHE ET LUTTES DE L\u2019IMMIGRATION POSTCOLONIALE<\/strong><\/p>\n<p>Les rapports entre l\u2019extr\u00eame gauche<a href=\"https:\/\/mail-attachment.googleusercontent.com\/attachment\/?ui=2&amp;ik=908e7d29dd&amp;view=att&amp;th=13c4e68ade87f6bc&amp;attid=0.1&amp;disp=vah&amp;safe=1&amp;zw&amp;saduie=AG9B_P_6uleh5aWlGeAIkk4k_OEU&amp;sadet=1358546000437&amp;sads=3oFP3GBOBBkI-tdKrO-f_qH23AU#0.1_footnote1\"><sup>1<\/sup><\/a> et les mouvements de luttes de l\u2019immigration postcoloniale ont \u00e9t\u00e9 peu \u00e9tudi\u00e9s. Ils sont pourtant un r\u00e9v\u00e9lateur pertinent des verrous de la pens\u00e9e politique de gauche \u00e0 l\u2019endroit de cette partie des milieux populaires de France, un analyseur \u00e9clairant des contaminations par l\u2019imaginaire colonial de l\u2019ensemble du corps social<a href=\"https:\/\/mail-attachment.googleusercontent.com\/attachment\/?ui=2&amp;ik=908e7d29dd&amp;view=att&amp;th=13c4e68ade87f6bc&amp;attid=0.1&amp;disp=vah&amp;safe=1&amp;zw&amp;saduie=AG9B_P_6uleh5aWlGeAIkk4k_OEU&amp;sadet=1358546000437&amp;sads=3oFP3GBOBBkI-tdKrO-f_qH23AU#0.1_footnote2\"><sup>2<\/sup><\/a>, jusque y compris ses franges les plus radicales en terme de contestation de l\u2019ordre dominant. Il n\u2019est ni possible, ni selon nous n\u00e9cessaire, de viser \u00e0 l\u2019exhaustivit\u00e9 pour d\u00e9velopper notre sujet. Nous aborderons notre question en nous int\u00e9ressant \u00e0 quatre moments historiques caract\u00e9ris\u00e9s par la rencontre\u00a0 et le conflit, l\u2019action commune et la rupture, l\u2019unit\u00e9 et l\u2019opposition. Ces moments historiques sont consid\u00e9r\u00e9s ici comme des analyseurs permettant de mettre en exergue des d\u00e9bats th\u00e9oriques et des postures pratiques qui continuent, encore aujourd\u2019hui \u00e0 caract\u00e9riser les rapports entre ces deux acteurs sociaux et politiques.<\/p>\n<p>Le premier moment incontournable est celui de l\u2019\u00e9mergence et du d\u00e9veloppement d\u2019un mouvement nationaliste dans l\u2019immigration alg\u00e9rienne et des rapports contradictoires qu\u2019il tisse avec les mouvements d\u2019extr\u00eame gauche. Le second est celui contemporain de \u00ab\u00a0mai 68\u00a0\u00bb caract\u00e9ris\u00e9 par le d\u00e9veloppement de luttes ouvri\u00e8res des O.S. immigr\u00e9s et symbolis\u00e9 par l\u2019action du MTA et de la lutte des foyers SONACOTRA. Le troisi\u00e8me est celui de l\u2019\u00e9mergence politique d\u2019une g\u00e9n\u00e9ration issue la colonisation au cours du cycle des marches pour l\u2019\u00e9galit\u00e9 allant de 1983 \u00e0 1985. Le dernier sera enfin le moment contemporain allant du d\u00e9bat sur le \u00ab\u00a0foulard\u00a0\u00bb \u00e0 la r\u00e9volte des quartiers populaires de novembre 2005. D\u2019autres moments historiques auraient \u00e9t\u00e9 possibles. Nous avons choisis ceux ci pour leur \u00ab\u00a0exemplarit\u00e9\u00a0\u00bb c\u2019est \u00e0 dire parce qu\u2019ils poussent \u00e0 l\u2019extr\u00eame les logiques en \u0153uvres dans les rapports entre ces deux acteurs. Ils permettent ce faisant, selon nous, d\u2019\u00e9clairer d\u2019autres moments caract\u00e9ris\u00e9s par des contradictions et des tensions moins grandes.<\/p>\n<p>&nbsp;<\/p>\n<ol>\n<li><strong>Le nationalisme de l\u2019immigration alg\u00e9rienne et l\u2019extr\u00eame gauche<\/strong><\/li>\n<\/ol>\n<p>&nbsp;<\/p>\n<p>A partir de la fin des ann\u00e9es 1830 l\u2019appartenance de l\u2019Alg\u00e9rie \u00e0 la France fait l\u2019objet d\u2019un large consensus politique national. Ceux\u00a0 que l\u2019on appelait alors les \u00ab\u00a0gauches r\u00e9publicaines\u00a0\u00bb partageaient ce consensus tout en remettant en cause les formes les plus violentes de l\u2019ordre colonial. Il s\u2019agissait pour elles d\u2019am\u00e9nager l\u2019ordre colonial et non de le supprimer. Il faudra attendre 1920 et la naissance du PCF pour qu\u2019une formation politique refuse l\u2019ordre colonial lui m\u00eame au nom du principe \u00ab\u00a0qu\u2019un peuple qui en domine un autre ne saurait \u00eatre un peuple libre\u00a0\u00bb. L\u2019apparition du trotskysme et de diff\u00e9rentes organisations s\u2019en r\u00e9clamant diversifiera cette \u00ab\u00a0extr\u00eame gauche\u00a0\u00bb refusant l\u2019ordre colonial. De m\u00eame le courant anarchiste et libertaire verra quelques unes de ses organisations s\u2019engager dans le combat anticolonial. Communistes, trotskystes et libertaires n\u2019eurent cependant que peu d\u2019\u00e9cho dans la soci\u00e9t\u00e9 fran\u00e7aise \u00e0 propos de la question coloniale et les anticolonialistes ont comme le souligne Biondi et Morin \u00ab\u00a0 pr\u00each\u00e9 dans le d\u00e9sert hexagonal avec une constance qui n\u2019avait d\u2019\u00e9quivalent que le silence qui les isolait\u00a0\u00bb<a href=\"https:\/\/mail-attachment.googleusercontent.com\/attachment\/?ui=2&amp;ik=908e7d29dd&amp;view=att&amp;th=13c4e68ade87f6bc&amp;attid=0.1&amp;disp=vah&amp;safe=1&amp;zw&amp;saduie=AG9B_P_6uleh5aWlGeAIkk4k_OEU&amp;sadet=1358546000437&amp;sads=3oFP3GBOBBkI-tdKrO-f_qH23AU#0.1_footnote3\"><sup>3<\/sup><\/a>.<\/p>\n<p>Compte tenu de ce consensus colonial le mouvement nationaliste moderne qu na\u00eet dans l\u2019immigration se tourne logiquement vers le PCF. L\u2019action de ce parti en direction des immigr\u00e9s alg\u00e9riens pendant la d\u00e9cennie 20 s\u2019adresse aux deux composantes de l\u2019identit\u00e9 de ces travailleurs, de classe et de colonis\u00e9\u00a0:<\/p>\n<p>&nbsp;<\/p>\n<p>\u00ab\u00a0Devant la p\u00e9nurie de main-d\u2019\u0153uvre \u00e0 vil prix, les colons d\u2019Alg\u00e9rie jettent des cris d\u2019effroi. Cette clique de millionnaires enrichis de la sueur du burnous se plaint de l\u2019exode des indig\u00e8nes vers la m\u00e9tropole, et le gouverneur Steeg, larbin de cette oligarchie s\u2019appr\u00eate \u00e0 servir les Duroux, les Maneux et Cie, en appliquant un d\u00e9cret qui interdirait aux ouvriers indig\u00e8nes d\u2019aller travailler en France. Le colonialisme ne conna\u00eet plus de bornes, il s\u2019acharne sur les victimes qu\u2019il a compl\u00e8tement d\u00e9pouill\u00e9es\u00a0; il poursuit par des lois ignobles des malheureux qui se sont crus loin de sa port\u00e9e et par d\u2019infects proc\u00e9d\u00e9s d\u2019inquisition il fait retourner, par la force, sur leur lieu de torture, les esclaves dont il veut la derni\u00e8re goutte de sang. (\u2026). Malgr\u00e9 la trahison de la bourgeoisie indig\u00e8ne, malgr\u00e9 toutes les machinations du colonialisme, la classe ouvri\u00e8re ne tol\u00e9rera pas un tel crime. Camarades ouvriers alg\u00e9riens, vous vous unirez pour briser ce nouvel assaut du capitalisme. (\u2026). Organisez vous avec vos camarades ouvriers fran\u00e7ais\u00a0: adh\u00e9rez en masse aux syndicats pour d\u00e9fendre vos salaires, pour revendiquer vos droits\u00a0\u00bb<a href=\"https:\/\/mail-attachment.googleusercontent.com\/attachment\/?ui=2&amp;ik=908e7d29dd&amp;view=att&amp;th=13c4e68ade87f6bc&amp;attid=0.1&amp;disp=vah&amp;safe=1&amp;zw&amp;saduie=AG9B_P_6uleh5aWlGeAIkk4k_OEU&amp;sadet=1358546000437&amp;sads=3oFP3GBOBBkI-tdKrO-f_qH23AU#0.1_footnote4\"><sup>4<\/sup><\/a>.<\/p>\n<p>&nbsp;<\/p>\n<p>La pr\u00e9sentation par le PCF \u00e0 Paris d\u2019un candidat alg\u00e9rien Hadjali Abdelkader aux \u00e9lections pour la chambre des d\u00e9put\u00e9s est embl\u00e9matiques de cette p\u00e9riode\u00a0: \u00ab\u00a0Un colonial si\u00e8gera \u00e0 la Chambre\u00a0\u00bb<a href=\"https:\/\/mail-attachment.googleusercontent.com\/attachment\/?ui=2&amp;ik=908e7d29dd&amp;view=att&amp;th=13c4e68ade87f6bc&amp;attid=0.1&amp;disp=vah&amp;safe=1&amp;zw&amp;saduie=AG9B_P_6uleh5aWlGeAIkk4k_OEU&amp;sadet=1358546000437&amp;sads=3oFP3GBOBBkI-tdKrO-f_qH23AU#0.1_footnote5\"><sup>5<\/sup><\/a>. Les tensions entre communistes et nationalistes se d\u00e9t\u00e9rioreront rapidement au fur et \u00e0 mesure que se d\u00e9veloppe la dynamique du Front Populaire. Les militants maghr\u00e9bins du PCF\u00a0 et les nationalistes des trois pays du Maghreb militent ensemble \u00e0 cette p\u00e9riode au sein de l\u2019organisation de masse nationaliste \u00ab\u00a0l\u2019Etoile Nord Africaine\u00a0\u00bb ayant comme revendication \u00ab\u00a0l\u2019ind\u00e9pendance des colonies\u00a0\u00bb. Le conflit \u00e9clate au cours de l\u2019ann\u00e9e 1928 et porte sur la question de l\u2019importance \u00e0 accorder \u00e0 la revendication de l\u2019ind\u00e9pendance nationale. Les militants nationalistes reprochent au PCF de n\u00e9gliger la question nationale et de ne centrer que sur l\u2019implication dans la lutte des classes en France. Le premier objet de tension est donc l\u2019articulation des questions globales communes \u00e0 l\u2019ensemble des travailleurs et des questions sp\u00e9cifiques propres aux \u00ab\u00a0ouvriers coloniaux\u00a0\u00bb. La traduction de cette articulation en mati\u00e8re organisationnelle pose la question de l\u2019autonomie. Voici comment Jacques Jurquet d\u00e9crit la situation de l\u2019\u00e9poque\u00a0:<\/p>\n<p>&nbsp;<\/p>\n<p>\u00ab\u00a0L\u2019assembl\u00e9e se r\u00e9unit \u00e0 Paris dans une salle du 4<sup>\u00e8me<\/sup> arrondissement, 45 rue de Bretagne. S\u2019y trouvaient pr\u00e9sent quatre dirigeants du Parti communiste ( S.F.I.C.)\u00a0: deux Fran\u00e7ais, un Alg\u00e9rien et un Tunisien, les membres du comit\u00e9 central de l\u2019Etoile Nord Africaine et plusieurs centaines de travailleurs immigr\u00e9s alg\u00e9rien, tunisien et marocains. A la question pr\u00e9cise\u00a0: \u00ab\u00a0 D\u00e9sirez-vous d\u00e9pendre du Parti communiste fran\u00e7ais ou constituer une organisation ind\u00e9pendante, sur la base nationale\u00a0?\u00a0\u00bb l\u2019unanimit\u00e9 r\u00e9pondit en choisissant l\u2019ind\u00e9pendance de l\u2019Etoile Nord-Africaine\u00a0\u00bb<a href=\"https:\/\/mail-attachment.googleusercontent.com\/attachment\/?ui=2&amp;ik=908e7d29dd&amp;view=att&amp;th=13c4e68ade87f6bc&amp;attid=0.1&amp;disp=vah&amp;safe=1&amp;zw&amp;saduie=AG9B_P_6uleh5aWlGeAIkk4k_OEU&amp;sadet=1358546000437&amp;sads=3oFP3GBOBBkI-tdKrO-f_qH23AU#0.1_footnote6\"><sup>6<\/sup><\/a>.<\/p>\n<p>&nbsp;<\/p>\n<p>L\u2019autonomie organisationnelle est per\u00e7ue comme garantie d\u2019une autonomie dans les priorit\u00e9s \u00e0 accorder aux revendications sp\u00e9cifiques. Les faits donneront raisons aux nationalistes alg\u00e9riens. Alors que l\u2019E.N.A. participe en 1934 au \u00ab\u00a0comit\u00e9 de rassemblement populaire\u00a0\u00bb qui pr\u00e9luda \u00e0 la formation en 1936 du \u00ab\u00a0front populaire\u00a0\u00bb, elle sera dissoute par arr\u00eat\u00e9 le 26 janvier 1937 pour \u00ab\u00a0s\u00e9paratisme\u00a0\u00bb. Les revendications sp\u00e9cifiques \u00e9taient sacrifi\u00e9es sur l\u2019autel de l\u2019unit\u00e9 avec les socialistes de la S.F.I.O.<\/p>\n<p>&nbsp;<\/p>\n<ol start=\"2\">\n<li><strong>La d\u00e9cennie 70, l\u2019immigration et l\u2019extr\u00eame gauche<\/strong><\/li>\n<\/ol>\n<p>&nbsp;<\/p>\n<p>La d\u00e9cennie 70 constitue une nouvelle p\u00e9riode de rencontre puis de conflit entre les militants de l\u2019immigration postcoloniale et l\u2019extr\u00eame gauche. Cette rencontre se r\u00e9alise autour de deux axes\u00a0: l\u2019axe anticolonial et de soutient \u00e0 la palestine d\u2019une part, l\u2019axe ouvrier et de mobilisation contre l\u2019exploitation des O.S. d\u2019autre part.<\/p>\n<p>&nbsp;<\/p>\n<p>Au cour de cette d\u00e9cennie, la lutte de lib\u00e9ration nationale du peuple alg\u00e9rien (et le r\u00f4le qu\u2019a jou\u00e9 l\u2019immigration) est encore toute proche et influence le rapport des militants immigr\u00e9s aux forces politiques fran\u00e7aises. Les ambigu\u00eft\u00e9s du PCF dans la p\u00e9riode pr\u00e9c\u00e9dente \u00e0 propos du soutien \u00e0 la lutte de lib\u00e9ration nationale alg\u00e9rienne donnent en h\u00e9ritage un rapport de m\u00e9fiance et de distance avec ce parti. Les positions des trotskystes proposant un \u00ab\u00a0soutien\u00a0critique\u00a0\u00bb \u00e0 la r\u00e9sistance palestinienne en raison de sa non puret\u00e9 de classe, rend impossible toute convergence durable. Pour les trotskystes le soutien doit aller \u00e0 une \u00ab\u00a0Palestine socialiste\u00a0\u00bb, alors que pour les militants de l\u2019immigration postcoloniale, il s\u2019agit de soutenir les dimensions nationale et anticoloniale. Les mao\u00efstes en revanche d\u00e9veloppent \u00e0 l\u2019\u00e9poque un discours anticolonial radical et le traduise en proposition d\u2019action et d\u2019organisation. La cr\u00e9ation par la GP de comit\u00e9s Palestine en 1969 produira un espace de militantisme commun. Au fur et \u00e0 mesure des scissions au sein du mouvement mao\u00efstes, chaque nouvelle organisation d\u00e9veloppera ses comit\u00e9s palestine.<\/p>\n<p>&nbsp;<\/p>\n<p>Le second axe de rencontre est la question de la composition de la classe ouvri\u00e8re. Les mao\u00efstes sont les seuls \u00e0 l\u2019extr\u00eame gauche \u00e0 s\u2019int\u00e9resser aux contradictions internes \u00e0 la classe ouvri\u00e8re. Ce faisant ils rencontrent les aspirations d\u2019une partie des militants ouvriers immigr\u00e9s confront\u00e9s au refus des syndicats, du PCF et des trotskystes de mettre en avant des revendications sp\u00e9cifiques \u00e0 cette partie du monde du travail au pr\u00e9texte de ne pas diviser les travailleurs. Une nouvelle fois la question de l\u2019articulation entre le sp\u00e9cifique et le global est pos\u00e9e. La cr\u00e9ation du M.T.A. en juin 1972 revendiquant une double identit\u00e9 de travailleurs et \u00ab\u00a0d\u2019Arabe\u00a0\u00bb souligne l\u2019importance de cette question pour les militants de l\u2019immigration postcoloniale. L\u2019autonomie des revendications et des priorit\u00e9s \u00e9tant ici une nouvelle fois \u00e0 la base de l\u2019autonomie organisationnelle.<\/p>\n<p>&nbsp;<\/p>\n<p>La d\u00e9cennie 70 est celle de l\u2019apparition des immigr\u00e9s comme force sociale et politique. Les gr\u00e8ves d\u2019O.S. essentiellement immigr\u00e9s de 1971 \u00e0 1975 \u00e0 Renault, Pennaroya, Girosteel, etc., les luttes et gr\u00e8ves de la faim contre les circulaires Marcellin-Fontanet et les attentats racistes, etc., les premi\u00e8res gr\u00e8ves des loyers et les premi\u00e8res tentatives d\u2019organisations des r\u00e9sidents, etc. Le mouvement des foyers Sonacotra pendant 5 ans ( d\u00e9but 75 \u00e0 la fin 79) est caract\u00e9ristique des tensions li\u00e9es \u00e0 l\u2019autonomie entre d\u2019une part les organisations et mouvements mao\u00efstes et d\u2019autre part les structures autonomes que forgent les militants immigr\u00e9s postcoloniaux. Voici la r\u00e9ponse qu\u2019apporte l\u2019U.C.F.M.L. une des principales organisations mao\u00efstes mobilis\u00e9es en soutien \u00e0 la gr\u00e8ve des foyers, au comit\u00e9 des r\u00e9sidents du foyer Romain Rolland\u00a0:<\/p>\n<p>&nbsp;<\/p>\n<p>\u00ab\u00a0Vous affirmez dans votre lettre que notre organisation est contre l\u2019autonomie des travailleurs (\u2026). Nous ne sommes pas d\u2019accord avec la s\u00e9paration que vous faites entre les fran\u00e7ais et les immigr\u00e9s. Notre organisation n\u2019est pas une organisation fran\u00e7aise, mais l\u2019organisation des mao\u00efstes en France quelles que soient leurs nationalit\u00e9s. Dans nos rangs militent des immigr\u00e9s comme des fran\u00e7ais. Si notre organisation est jug\u00e9e \u00ab\u00a0bonne\u00a0\u00bb ou \u00ab\u00a0mauvaise\u00a0\u00bb, c\u2019est par l\u2019ensemble de la classe ouvri\u00e8re et du peuple, par les fran\u00e7ais comme par les immigr\u00e9s. (\u2026). D\u2019autre part, si nous avons toujours soutenu l\u2019autonomie du Comit\u00e9 de Coordination comme direction du mouvement des foyers Sonacotra face \u00e0 l\u2019ensemble des offensives bourgeoises, nous pensons que l\u2019id\u00e9e de l\u2019autonomie des travailleurs immigr\u00e9s par rapport aux travailleurs fran\u00e7ais est une id\u00e9e fausse, une id\u00e9e bourgeoise qui renforce la division, qui affaiblit tout le prol\u00e9tariat. (\u2026). Dans la lutte des classes en France, d\u00e9velopper des organisations sp\u00e9ciales pour les immigr\u00e9s, c\u2019est la m\u00eame chose que le \u00ab\u00a0statut sp\u00e9cial de l\u2019immigration\u00a0\u00bb du P.C.F. Organiser les immigr\u00e9s \u00e0 part des fran\u00e7ais, c\u2019est la voie de la d\u00e9faite. (\u2026). Ceci dit, nous soutenons les camarades immigr\u00e9s \u00e0 s\u2019organiser sur les probl\u00e8mes politiques de leur pays\u00a0\u00bb<a href=\"https:\/\/mail-attachment.googleusercontent.com\/attachment\/?ui=2&amp;ik=908e7d29dd&amp;view=att&amp;th=13c4e68ade87f6bc&amp;attid=0.1&amp;disp=vah&amp;safe=1&amp;zw&amp;saduie=AG9B_P_6uleh5aWlGeAIkk4k_OEU&amp;sadet=1358546000437&amp;sads=3oFP3GBOBBkI-tdKrO-f_qH23AU#0.1_footnote7\"><sup>7<\/sup><\/a><\/p>\n<p>&nbsp;<\/p>\n<p>Deux conceptions de l\u2019autonomie s\u2019affrontent ici\u00a0:<\/p>\n<p>&nbsp;<\/p>\n<ul>\n<li>l\u2019une port\u00e9 par les mao\u00efstes, limit\u00e9e \u00e0 l\u2019autonomie d\u2019une lutte pr\u00e9cise d\u2019une part et aux probl\u00e8mes politiques des pays d\u2019origines d\u2019autre part,<\/li>\n<li>l\u2019autre port\u00e9 par les militants immigr\u00e9s des foyers, d\u00e9finie comme autonomie politique et organisationnelle et refl\u00e9tant la place particuli\u00e8re de l\u2019immigration au sein de la classe ouvri\u00e8re.<\/li>\n<\/ul>\n<p>&nbsp;<\/p>\n<p>L\u2019autonomie politique et organisationnelle a tendance \u00e0 \u00eatre per\u00e7ue par les organisations mao\u00efstes comme \u00ab\u00a0repli\u00a0\u00bb, \u00ab\u00a0arri\u00e9ration\u00a0\u00bb, \u00ab\u00a0survivance de formes d\u00e9pass\u00e9es li\u00e9e \u00e0 la lutte de lib\u00e9ration nationale\u00a0\u00bb, etc., et non comme conscience d\u2019une part d\u2019une place particuli\u00e8re dans la classe ouvri\u00e8re et comme conscience de l\u2019existence de points de vues \u00ab\u00a0racistes\u00a0\u00bb au sein m\u00eame des milieux populaires fran\u00e7ais contraignant pour faire avancer les revendications \u00e0 l\u2019autonomie d\u2019autre part. Il en r\u00e9sulte une incompr\u00e9hension m\u00e9prisante de certaines attitudes des militants immigr\u00e9s postcoloniaux (d\u00e9sir de rentrer au pays, refus de prendre la nationalit\u00e9 de l\u2019ancien pays colonisateur, etc.). Voici ce qu\u2019\u00e9crit encore une autre organisation mao\u00efste \u00e0 la fin de la d\u00e9cennie\u00a0:<\/p>\n<p>&nbsp;<\/p>\n<p>\u00ab\u00a0En outre un tel mot d\u2019ordre lutte aussi contre les tendances des travailleurs immigr\u00e9s au repli national, \u00e0 rester \u00e0 l\u2019\u00e9cart de la lutte des classes en France\u00a0: c\u2019est un appel \u00e0 \u00e9lever le niveau de conscience, \u00e0 se rapprocher des ouvriers fran\u00e7ais pour pr\u00e9parer ensemble la r\u00e9volution socialiste et non \u00e0 consid\u00e9rer comme le font certains travailleurs immigr\u00e9s les ann\u00e9es qu\u2019ils passent en France comme un moyen de gagner un peu d\u2019argent en vue de s\u2019assurer, de retour dans leur pays, une situation de privil\u00e9gi\u00e9e de petit bourgeois. Nous n\u2019avons nullement \u00e0 flatter cette derni\u00e8re tendance, \u00e0 nous adapter \u00e0 l\u2019\u00e9tat d\u2019esprit des travailleurs immigr\u00e9s arri\u00e9r\u00e9s (\u2026). Prendre pr\u00e9texte, pour refuser la naturalisation, du fait que certains pays d\u2019origine des travailleurs immigr\u00e9s refusent la double nationalit\u00e9 c\u2019est encore s\u2019adapter au niveau de conscience des ouvriers arri\u00e9r\u00e9s\u00a0\u00bb<a href=\"https:\/\/mail-attachment.googleusercontent.com\/attachment\/?ui=2&amp;ik=908e7d29dd&amp;view=att&amp;th=13c4e68ade87f6bc&amp;attid=0.1&amp;disp=vah&amp;safe=1&amp;zw&amp;saduie=AG9B_P_6uleh5aWlGeAIkk4k_OEU&amp;sadet=1358546000437&amp;sads=3oFP3GBOBBkI-tdKrO-f_qH23AU#0.1_footnote8\"><sup>8<\/sup><\/a>.<\/p>\n<p>&nbsp;<\/p>\n<p>Malgr\u00e9 des points de rencontres r\u00e9els et une v\u00e9ritable mobilisation des mao\u00efstes pour soutenir les luttes des travailleurs immigr\u00e9s, on mesure ici toute la distance sociale qui s\u00e9pare les uns et les autres. Le rapport \u00e0 la colonisation est \u00e0 cette p\u00e9riode encore tout chaud des ind\u00e9pendances c\u2019est \u00e0 dire que refuser de devenir fran\u00e7ais \u00e0 ce moment historique et social<a href=\"https:\/\/mail-attachment.googleusercontent.com\/attachment\/?ui=2&amp;ik=908e7d29dd&amp;view=att&amp;th=13c4e68ade87f6bc&amp;attid=0.1&amp;disp=vah&amp;safe=1&amp;zw&amp;saduie=AG9B_P_6uleh5aWlGeAIkk4k_OEU&amp;sadet=1358546000437&amp;sads=3oFP3GBOBBkI-tdKrO-f_qH23AU#0.1_footnote9\"><sup>9<\/sup><\/a> porte une dimension anticoloniale. Le projet de retour au pays est lui consubstantielle \u00e0 cet \u00ab\u00a0\u00e2ge de l\u2019immigration\u00a0\u00bb pour reprendre les termes de Sayad.\u00a0 Cette place particuli\u00e8re de l\u2019immigration postcoloniale historiquement situ\u00e9e se refl\u00e9tant dans des postures et des attitudes ( par rapport aux organisations fran\u00e7aise, par rapport \u00e0 la nationalit\u00e9 fran\u00e7aise, etc.), est per\u00e7ue par une partie non n\u00e9gligeable de l\u2019extr\u00eame gauche comme \u00ab\u00a0arri\u00e9ration\u00a0\u00bb ou comme \u00ab\u00a0carence de la conscience de classe\u00a0\u00bb.<\/p>\n<p>&nbsp;<\/p>\n<ol start=\"3\">\n<li><strong>Le cycle des marches pour l\u2019\u00e9galit\u00e9<\/strong><\/li>\n<\/ol>\n<p>&nbsp;<\/p>\n<p>Si la d\u00e9cennie 60 marque l\u2019\u00e9mergence de l\u2019immigration comme acteur politique de la d\u00e9colonisation, si la d\u00e9cennie 70 marque celle de l\u2019immigration postcoloniale comme acteur social et politique des luttes de classes de la soci\u00e9t\u00e9 fran\u00e7aise, la d\u00e9cennie 80 marque, elle, l\u2019\u00e9mergence politique et sociale des enfants de cette immigration. Nous ne retracerons pas ici l\u2019ensemble du processus<a href=\"https:\/\/mail-attachment.googleusercontent.com\/attachment\/?ui=2&amp;ik=908e7d29dd&amp;view=att&amp;th=13c4e68ade87f6bc&amp;attid=0.1&amp;disp=vah&amp;safe=1&amp;zw&amp;saduie=AG9B_P_6uleh5aWlGeAIkk4k_OEU&amp;sadet=1358546000437&amp;sads=3oFP3GBOBBkI-tdKrO-f_qH23AU#0.1_footnote10\"><sup>10<\/sup><\/a> qui conduira une nouvelle fois \u00e0 une rupture avec l\u2019extr\u00eame gauche, trotskyste cette fois. Nous nous contenterons d\u2019insister sur les points de clivages entre les marches pour l\u2019\u00e9galit\u00e9 et ces mouvements d\u2019extr\u00eame gauche. De nouveau c\u2019est la question des priorit\u00e9s et donc de l\u2019autonomie qui fait clivage.<\/p>\n<p>&nbsp;<\/p>\n<p>Le point de clivage porte sur la nature du mouvement et de ses revendications. Il oppose une tendance le d\u00e9finissant comme \u00ab\u00a0antiraciste\u00a0\u00bb et une autre le caract\u00e9risant comme \u00ab\u00a0mouvement pour l\u2019\u00e9galit\u00e9 des droits\u00a0\u00bb<a href=\"https:\/\/mail-attachment.googleusercontent.com\/attachment\/?ui=2&amp;ik=908e7d29dd&amp;view=att&amp;th=13c4e68ade87f6bc&amp;attid=0.1&amp;disp=vah&amp;safe=1&amp;zw&amp;saduie=AG9B_P_6uleh5aWlGeAIkk4k_OEU&amp;sadet=1358546000437&amp;sads=3oFP3GBOBBkI-tdKrO-f_qH23AU#0.1_footnote11\"><sup>11<\/sup><\/a>. De mani\u00e8re g\u00e9n\u00e9rale les organisations trotskystes soutiendront la premi\u00e8re tendance par \u00ab\u00a0crainte de la\u00a0division\u00a0et peur de l\u2019isolement\u00a0\u00bb. Voici ce qu\u2019\u00e9crivent certaines associations de ces jeunes issus de la colonisation au cours de la marche\u00a0: \u00ab\u00a0Il est facile de parcourir le pays sous la houlette de quelques cur\u00e9s se sentant l\u2019\u00e2me missionnaire, eux-m\u00eames \u00e0 la solde de l\u2019Etat, de toute la classe politique et syndicale qui, \u00e0 l\u2019heure de cette marche, ne manquent pas de se refaire une virginit\u00e9 bienvenue, oubliant par l\u00e0 m\u00eame, leur politique raciste\u00a0\u00bb <a href=\"https:\/\/mail-attachment.googleusercontent.com\/attachment\/?ui=2&amp;ik=908e7d29dd&amp;view=att&amp;th=13c4e68ade87f6bc&amp;attid=0.1&amp;disp=vah&amp;safe=1&amp;zw&amp;saduie=AG9B_P_6uleh5aWlGeAIkk4k_OEU&amp;sadet=1358546000437&amp;sads=3oFP3GBOBBkI-tdKrO-f_qH23AU#0.1_footnote12\"><sup>12<\/sup><\/a>.<\/p>\n<p>&nbsp;<\/p>\n<p>Dans un contexte de mont\u00e9e du Front national la gauche et l\u2019extr\u00eame gauche ont peur que cette prise de conscience du caract\u00e8re syst\u00e9mique de l\u2019in\u00e9galit\u00e9 et des discriminations racistes, emp\u00eache \u00ab\u00a0l\u2019unit\u00e9\u00a0\u00bb contre l\u2019extr\u00eame droite. Une nouvelle fois il est demand\u00e9 d\u2019attendre pour ne pas briser l\u2019unit\u00e9. Voici ce qu\u2019\u00e9crit le comit\u00e9 d\u2019accueil, de soutien et d\u2019initiative parisien de la Marche qui d\u00e9tonne avec le tract pr\u00e9c\u00e9demment cit\u00e9\u00a0:<\/p>\n<p>&nbsp;<\/p>\n<p>\u00ab\u00a0Le but de la Marche, ce sera d\u2019abord celui-ci\u00a0: manifester qu\u2019il y a en France un peuple nombreux qui veut que la vie ensemble de communaut\u00e9s d\u2019origines diff\u00e9rentes soit possible, dans la paix et la justice<a href=\"https:\/\/mail-attachment.googleusercontent.com\/attachment\/?ui=2&amp;ik=908e7d29dd&amp;view=att&amp;th=13c4e68ade87f6bc&amp;attid=0.1&amp;disp=vah&amp;safe=1&amp;zw&amp;saduie=AG9B_P_6uleh5aWlGeAIkk4k_OEU&amp;sadet=1358546000437&amp;sads=3oFP3GBOBBkI-tdKrO-f_qH23AU#0.1_footnote13\"><sup>13<\/sup><\/a> pour le bonheur de tous\u00a0\u00bb<\/p>\n<p>&nbsp;<\/p>\n<p>Le m\u00eame sc\u00e9nario se rejouera \u00e0 propos de Convergence 84. Voici comment la L.C.R. analyse la situation \u00e0 l\u2019issue de cette seconde marche pour l\u2019\u00e9galit\u00e9\u00a0:<\/p>\n<p>&nbsp;<\/p>\n<p>\u00ab\u00a0Convergence 84 est pass\u00e9e ainsi de l\u2019affirmation d\u2019une ouverture n\u00e9cessaire pour construire l\u2019\u00e9galit\u00e9 \u00e0 un discours sectaire\u00a0: d\u00e9nonciation des antiracistes et refus de comprendre les avanc\u00e9es r\u00e9elles dans le combat commun entre organisations antiracistes, associations des jeunes beurs, radicalisation de l\u2019ensemble de la jeunesse. Tous ce qui avait fait la richesse de la travers\u00e9e de la France par les mobylettes du \u00ab\u00a0m\u00e9lange\u00a0\u00bb\u00a0! Enorme faute qui fera d\u2019une initiative courageuse et efficace un souvenir sans lendemain\u00a0\u00bb <a href=\"https:\/\/mail-attachment.googleusercontent.com\/attachment\/?ui=2&amp;ik=908e7d29dd&amp;view=att&amp;th=13c4e68ade87f6bc&amp;attid=0.1&amp;disp=vah&amp;safe=1&amp;zw&amp;saduie=AG9B_P_6uleh5aWlGeAIkk4k_OEU&amp;sadet=1358546000437&amp;sads=3oFP3GBOBBkI-tdKrO-f_qH23AU#0.1_footnote14\"><sup>14<\/sup><\/a>.<\/p>\n<p>&nbsp;<\/p>\n<p>Avec ce type d\u2019analyse, il n\u2019est pas \u00e9tonnant que l\u2019essentiel de l\u2019extr\u00eame gauche aient massivement soutenus la cr\u00e9ation de SOS racisme. Ce mouvement pens\u00e9 et structur\u00e9 comme moyen de neutraliser les dynamiques d\u2019autonomies qui se cherchent au d\u00e9but de cette d\u00e9cennie 80 est per\u00e7u par l\u2019extr\u00eame gauche comme moyen de rompre avec le \u00ab\u00a0sectarisme\u00a0\u00bb au prix d\u2019une r\u00e9duction des revendications \u00e0 l\u2019humanitarisme du slogan \u00ab\u00a0touche pas \u00e0 mon pote\u00a0\u00bb\u00a0:<\/p>\n<p>&nbsp;<\/p>\n<p>\u00ab\u00a0C\u2019est \u00e0 cette immense potentialit\u00e9 de la jeunesse que SOS a su r\u00e9pondre\u00a0: on conna\u00eet la suite. Un million de badges vendus en peu de temps\u00a0; le slogan symbole des antiracistes \u00ab\u00a0touche pas \u00e0 mon pote\u00a0\u00bb\u00a0; une mobilisation massive dans les lyc\u00e9es, les cit\u00e9s de ceux qui n\u2019avaient jamais fait de politique auparavant\u00a0; une extension du mouvement dans les entreprises et dans l\u2019ensemble de la soci\u00e9t\u00e9\u00a0; une r\u00e9action massive et nationale aux meurtres de Menton et Miramas et, enfin, quatre cent mille personnes lors de la \u00ab\u00a0nuit des potes\u00a0\u00bb \u00e0 la Concorde, le 15 juin dernier\u00a0\u00bb<a href=\"https:\/\/mail-attachment.googleusercontent.com\/attachment\/?ui=2&amp;ik=908e7d29dd&amp;view=att&amp;th=13c4e68ade87f6bc&amp;attid=0.1&amp;disp=vah&amp;safe=1&amp;zw&amp;saduie=AG9B_P_6uleh5aWlGeAIkk4k_OEU&amp;sadet=1358546000437&amp;sads=3oFP3GBOBBkI-tdKrO-f_qH23AU#0.1_footnote15\"><sup>15<\/sup><\/a>.<\/p>\n<p>&nbsp;<\/p>\n<p>Alors que SOS est con\u00e7u comme \u00ab\u00a0rouleau compresseur\u00a0\u00bb m\u00e9diatique visant \u00e0 imposer un interlocuteur national pr\u00e9tendant repr\u00e9senter les jeunes des quartiers populaires, la LCR le pr\u00e9sente comme h\u00e9ritier de la marche de 1983 et de Convergence 84. Certes la LCR a raison lorsqu\u2019elle souligne le succ\u00e8s m\u00e9diatique de SOS mais elle oublie de pr\u00e9ciser \u00ab\u00a0le prix\u00a0\u00bb de cette \u00ab\u00a0r\u00e9ussite\u00a0\u00bb\u00a0: le passage d\u2019un mouvement revendicatif \u00e0 un mouvement humanitariste, de revendications pr\u00e9cises \u00e0 des expressions consensuelles du type \u00ab\u00a0touche pas \u00e0 mon pote\u00a0\u00bb ou \u00ab\u00a0j\u2019aime qui je veux\u00a0\u00bb. Comme au moment de la marche pour l\u2019\u00e9galit\u00e9 nous sommes en pr\u00e9sence de deux approches contradictoires et antagonistes\u00a0:<\/p>\n<p>&nbsp;<\/p>\n<ul>\n<li>La premi\u00e8re est celle de l\u2019extr\u00eame gauche qui a pour pr\u00e9occupation de r\u00e9pondre \u00e0 la mont\u00e9e du Front National\u00a0: dans cette logique il faut r\u00e9unir sur une base consensuelle tous ceux qui s\u2019opposent au Front National c\u2019est \u00e0 dire taire tout ce qui fait divergences. La base d\u2019unit\u00e9 ne peut donc \u00eatre qu\u2019un vague antiracisme. Toute mise en avant d\u2019une revendication susceptible de ne pas faire consensus est per\u00e7ue comme sectaire.<\/li>\n<li>La seconde est celle des marcheurs de 1983 et des rouleurs de 84 qui a pour pr\u00e9occupation de faire \u00e9merger une force sociale autonome susceptible d\u2019imposer concr\u00e8tement les revendications des quartiers populaires. Les questions et d\u00e9bats ne rel\u00e8vent plus ici de \u00ab\u00a0l\u2019antiracisme\u00a0\u00bb mais de l\u2019\u00e9galit\u00e9.<\/li>\n<\/ul>\n<p>&nbsp;<\/p>\n<p>C\u2019est donc le \u00ab\u00a0sectarisme\u00a0\u00bb qui sert de qualification pour la L.C.R. pour caract\u00e9riser l\u2019opposition \u00e0 SOS racisme de la plupart des associations des quartiers populaires\u00a0:<\/p>\n<p>&nbsp;<\/p>\n<p>\u00ab\u00a0En refusant le dialogue, en s\u2019\u00e9cartant d\u2019un mouvement en train de na\u00eetre, le mouvement beur a incontestablement commis une erreur. Il a g\u00e2ch\u00e9 une chance historique de jonction entre sa force, ses id\u00e9es, sa d\u00e9termination, son exp\u00e9rience enfin, et ces jeunes pr\u00eats \u00e0 lutter \u00e0 ses c\u00f4t\u00e9 pour l\u2019\u00e9galit\u00e9\u00a0\u00bb<a href=\"https:\/\/mail-attachment.googleusercontent.com\/attachment\/?ui=2&amp;ik=908e7d29dd&amp;view=att&amp;th=13c4e68ade87f6bc&amp;attid=0.1&amp;disp=vah&amp;safe=1&amp;zw&amp;saduie=AG9B_P_6uleh5aWlGeAIkk4k_OEU&amp;sadet=1358546000437&amp;sads=3oFP3GBOBBkI-tdKrO-f_qH23AU#0.1_footnote16\"><sup>16<\/sup><\/a><\/p>\n<p>&nbsp;<\/p>\n<ol start=\"4\">\n<li><strong>La p\u00e9riode r\u00e9cente\u00a0:<\/strong><\/li>\n<\/ol>\n<p>&nbsp;<\/p>\n<p>La p\u00e9riode r\u00e9cente se caract\u00e9rise par des mutations id\u00e9ologiques importantes li\u00e9es \u00e0 la disparition du conflit Est\/Ouest et du rapport des forces qui en d\u00e9coulait. La th\u00e9orie du \u00ab\u00a0choc des civilisations\u00a0\u00bb tente de combler le vide id\u00e9ologique en proposant des explications culturalistes des questions \u00e9conomiques et sociales sous la forme d\u2019un nouvel ennemi civilisationnel\u00a0: l\u2019islam. Ce courant id\u00e9ologique s\u2019est acclimat\u00e9 en France en s\u2019articulant aux h\u00e9ritages propres \u00e0 l\u2019histoire politique nationale. Au del\u00e0 de l\u2019acclimatation qui pose des \u00e9l\u00e9ments de diff\u00e9rences avec la \u00ab\u00a0th\u00e9orie m\u00e8re\u00a0\u00bb du choc des civilisations, subsistent des invariants\u00a0: l\u2019analyse culturaliste des questions sociales et internationales, la pr\u00e9sentation de l\u2019islam et des musulmans comme probl\u00e8me, la pr\u00e9sentation du clivage social principal comme n\u2019\u00e9tant plus de classes mais comme opposant la \u00ab\u00a0r\u00e9publique\u00a0\u00bb \u00e0 l\u2019\u00a0\u00ab\u00a0obscurantisme\u00a0\u00bb, l\u2019appel \u00e0 un front uni pour d\u00e9fendre la r\u00e9publique, la la\u00efcit\u00e9, etc. Trois d\u00e9bats et conflits de la p\u00e9riode r\u00e9cente illustre le gouffre s\u00e9parant une partie importante de l\u2019extr\u00eame gauche et l\u2019essentiel des militants issus de l\u2019immigration postcoloniale.<\/p>\n<p>&nbsp;<\/p>\n<p>Le premier conflit porte sur l\u2019affaire dite du \u00ab\u00a0foulard islamique\u00a0\u00bb. Cette \u00ab\u00a0affaire\u00a0\u00bb construite de toute pi\u00e8ce<a href=\"https:\/\/mail-attachment.googleusercontent.com\/attachment\/?ui=2&amp;ik=908e7d29dd&amp;view=att&amp;th=13c4e68ade87f6bc&amp;attid=0.1&amp;disp=vah&amp;safe=1&amp;zw&amp;saduie=AG9B_P_6uleh5aWlGeAIkk4k_OEU&amp;sadet=1358546000437&amp;sads=3oFP3GBOBBkI-tdKrO-f_qH23AU#0.1_footnote17\"><sup>17<\/sup><\/a>a vu des responsables nationaux de la L.C.R. (Pierre-Fran\u00e7ois Grond) et de L.O. ( Georges Vartanianz) lancer l\u2019affaire dite d\u2019Aubervilliers<a href=\"https:\/\/mail-attachment.googleusercontent.com\/attachment\/?ui=2&amp;ik=908e7d29dd&amp;view=att&amp;th=13c4e68ade87f6bc&amp;attid=0.1&amp;disp=vah&amp;safe=1&amp;zw&amp;saduie=AG9B_P_6uleh5aWlGeAIkk4k_OEU&amp;sadet=1358546000437&amp;sads=3oFP3GBOBBkI-tdKrO-f_qH23AU#0.1_footnote18\"><sup>18<\/sup><\/a>. Le port du foulard est alors construit politiquement et m\u00e9diatiquement comme signe de l\u2019obscurantisme, de la violence faite aux femmes et de la guerre contre la \u00ab\u00a0la\u00efcit\u00e9\u00a0\u00bb. Face \u00e0 de tels dangers, il ne reste qu\u2019une seule issue\u00a0: le front uni contre l\u2019obscurantisme. M\u00eame des organisations comme Lutte Ouvri\u00e8re historiquement et th\u00e9oriquement oppos\u00e9 au \u00ab\u00a0front uni\u00a0\u00bb consid\u00e9r\u00e9 comme une dilution des int\u00e9r\u00eats de classes s\u2019engouffrent dans un consensus allant ainsi de l\u2019extr\u00eame gauche \u00e0 l\u2019extr\u00eame droite pour exiger une loi. Du c\u00f4t\u00e9 des associations issues de l\u2019immigration postcoloniale l\u2019unanimit\u00e9 est quasi-totale\u00a0 pour s\u2019opposer \u00e0 la loi d\u2019interdiction. Par leurs ancrages dans les quartiers populaires ces associations saisissent le lien entre le port du foulard et l\u2019\u00e9volution du contexte social et sa d\u00e9gradation, l\u2019articulation avec l\u2019accroissement des discriminations racistes ces derni\u00e8res d\u00e9cennies, la connexion avec le refus d\u2019\u00eatre per\u00e7us comme \u00ab\u00a0immigr\u00e9s\u00a0\u00bb alors que ces jeunes filles sont n\u00e9es fran\u00e7aises, etc. Voici ce qu\u2019en disent Fran\u00e7oise Gaspard et Farhad Khosroskhavar\u00a0:<\/p>\n<p>&nbsp;<\/p>\n<p>\u00ab\u00a0Ce ne sont pas tellement les membres de la famille qui prennent l\u2019initiative d\u2019imposer le voile, mais la jeune fille elle-m\u00eame qui revendique son \u00ab\u00a0identit\u00e9 islamique\u00a0\u00bb. Elle en vient m\u00eame souvent \u00e0 imposer \u00e0 la famille sa nouvelle identit\u00e9 o\u00f9 elle se pr\u00e9vaut de son islamit\u00e9 pour fustiger ses fr\u00e8res et s\u0153urs, peu croyants ou incroyants \u00e0 ses yeux. (\u2026). Ce voile se veut militant, non pas dans le sens de la politisation\u00a0 et de la revendication d\u2019une identit\u00e9 en rupture avec la soci\u00e9t\u00e9 fran\u00e7aise mais d\u2019une affirmation de la volont\u00e9 d\u2019\u00eatre fran\u00e7aise et musulmane, moderne et voil\u00e9e, autonome et habill\u00e9e \u00e0 l\u2019islamique. (\u2026). Ce type de voile refl\u00e8te la volont\u00e9 d\u2019auto-affirmation non seulement face aux parents, mais aussi vis \u00e0 vis de la soci\u00e9t\u00e9 fran\u00e7aise qui refoule, au nom de l\u2019universel, toute forme trop particulariste d\u2019affirmation de soi. (\u2026). Contre le racisme qui leur d\u00e9nie la dignit\u00e9, elles se dotent d\u2019une identit\u00e9 voil\u00e9e qui, l\u00e0 aussi, prend au mot la diff\u00e9rence dont on les stigmatise\u00a0\u00bb<a href=\"https:\/\/mail-attachment.googleusercontent.com\/attachment\/?ui=2&amp;ik=908e7d29dd&amp;view=att&amp;th=13c4e68ade87f6bc&amp;attid=0.1&amp;disp=vah&amp;safe=1&amp;zw&amp;saduie=AG9B_P_6uleh5aWlGeAIkk4k_OEU&amp;sadet=1358546000437&amp;sads=3oFP3GBOBBkI-tdKrO-f_qH23AU#0.1_footnote19\"><sup>19<\/sup><\/a>.<\/p>\n<p>&nbsp;<\/p>\n<p>L\u2019extr\u00eame gauche pour sa part, de par sa d\u00e9connexion avec les milieux populaires, ne peut pas saisir cette forme particuli\u00e8re de r\u00e9volte contre les places assign\u00e9es qu\u2019expriment ces\u00a0 jeunes filles. Cette r\u00e9alit\u00e9 sociale ne peut alors qu\u2019\u00eatre r\u00e9duite \u00e0 une r\u00e9alit\u00e9 binaire. Voici ce qu\u2019en dit Lutte Ouvri\u00e8re dans un article de Sophie Gargan\u00a0argumentant conte les opposants \u00e0 la loi\u00a0:<\/p>\n<p>&nbsp;<\/p>\n<p>\u00ab\u00a0En vilipendant la possibilit\u00e9 qui est offerte aux jeunes filles d\u2019origine musulmane d\u2019\u00e9chapper au moins \u00e0 l\u2019\u00e9cole au port du voile, c\u2019est \u00e0 dire \u00e0 l\u2019oppression des hommes\u00a0 de leurs familles\u00a0\u00a0 et de leur milieu, ils se montrent pour le moins de la complaisance vis-\u00e0-vis des religieux int\u00e9gristes, c\u2019est-\u00e0-dire d\u2019obscurantistes qui consid\u00e8rent les femmes comme des sous hommes et voudraient leur imposer cette marque de leur oppression\u00a0\u00bb<a href=\"https:\/\/mail-attachment.googleusercontent.com\/attachment\/?ui=2&amp;ik=908e7d29dd&amp;view=att&amp;th=13c4e68ade87f6bc&amp;attid=0.1&amp;disp=vah&amp;safe=1&amp;zw&amp;saduie=AG9B_P_6uleh5aWlGeAIkk4k_OEU&amp;sadet=1358546000437&amp;sads=3oFP3GBOBBkI-tdKrO-f_qH23AU#0.1_footnote20\"><sup>20<\/sup><\/a>.<\/p>\n<p>&nbsp;<\/p>\n<p>La majorit\u00e9 de la L.C.R. adoptera des analyses de la m\u00eame veine \u00e0 quelques nuances pr\u00e8s. Le m\u00eame clivage et la m\u00eame d\u00e9connexion apparaissent en ce qui concerne l\u2019appel des indig\u00e8nes de la r\u00e9publique. Si l\u2019appr\u00e9ciation de cet\u00a0 appel a \u00e9t\u00e9 divers et contradictoires au sein des militants issus de l\u2019immigration postcoloniale, il n\u2019y a globalement pas de d\u00e9saccord sur un des constats centraux de l\u2019appel\u00a0: l\u2019existence d\u2019une discrimination syst\u00e9mique s\u2019articulant aux in\u00e9galit\u00e9s de classes pour les descendants de colonis\u00e9s aujourd\u2019hui fran\u00e7ais. Pers\u00e9v\u00e9rant dans son approche essentialiste et globalisante des classes sociales une partie non n\u00e9gligeable de l\u2019extr\u00eame gauche ne peut \u00eatre qu\u2019aveugle \u00e0 l\u2019existence de ces discriminations et \u00e0 leur fonction de mode de gestion des rapports de classes. Voici ce qu\u2019en dit Lutte Ouvri\u00e8re qui peut ici fonctionner comme un analyseur de l\u2019extr\u00eame gauche dans la mesure o\u00f9 cette organisation pousse \u00e0 l\u2019extr\u00eame des logiques qui seront nuanc\u00e9es par d\u2019autres organisations\u00a0:<\/p>\n<p>&nbsp;<\/p>\n<p>\u00ab\u00a0Ne savent-ils pas que, m\u00eame dans les villes ouvri\u00e8res o\u00f9 il y a peu d\u2019immigration en provenance du Maghreb et d\u2019Afrique Noire, les victimes du ch\u00f4mage et de l\u2019exclusion sont bel et bien pr\u00e9sentes m\u00eames si elles ont majoritairement la peau claire\u00a0? Et ils n\u2019ignorent s\u00fbrement pas non plus que dans les anciennes colonies, l\u00e0 o\u00f9 ne vivent donc que des anciens colonis\u00e9s\u00a0 et leurs descendants, il existe une opposition criante entre les plus pauvres et les plus riches\u00a0!\u00a0\u00bb<a href=\"https:\/\/mail-attachment.googleusercontent.com\/attachment\/?ui=2&amp;ik=908e7d29dd&amp;view=att&amp;th=13c4e68ade87f6bc&amp;attid=0.1&amp;disp=vah&amp;safe=1&amp;zw&amp;saduie=AG9B_P_6uleh5aWlGeAIkk4k_OEU&amp;sadet=1358546000437&amp;sads=3oFP3GBOBBkI-tdKrO-f_qH23AU#0.1_footnote21\"><sup>21<\/sup><\/a>.<\/p>\n<p>&nbsp;<\/p>\n<p>Remarquons au passage la tonalit\u00e9 professorale du propos qui se retrouve en permanence dans les liens avec l\u2019extr\u00eame gauche souvent caract\u00e9ris\u00e9s par des postures paternalistes. L\u2019essentiel ici est le refus \u00e0 ins\u00e9rer dans l\u2019analyse de classes les autres dominations, de sexes, d\u2019\u00e2ges, de \u00ab\u00a0races\u00a0\u00bb, etc. Une nouvelle fois ces dominations sont consid\u00e9r\u00e9es comme secondaires, non prioritaires pour le mieux, divisant la \u00ab\u00a0classe ouvri\u00e8re\u00a0\u00bb et les milieux populaires pour le pire.\u00a0 Le m\u00eame clivage et la m\u00eame d\u00e9connexion est enfin perceptible dans l\u2019appr\u00e9ciation \u00e0 donner \u00e0 la r\u00e9volte des quartiers populaires de novembre 2005. Ces r\u00e9voltes ont \u00e9t\u00e9 consid\u00e9r\u00e9e comme agissements d\u2019un nouveau \u00ab\u00a0lumpenprol\u00e9tariat\u00a0\u00bb pour le pire et comme ne pouvant pas \u00eatre soutenues en raison des \u00ab\u00a0violences\u00a0\u00bb pour le mieux. Ainsi Lutte ouvri\u00e8re attribue la \u00ab\u00a0violence\u00a0\u00bb aux \u00ab\u00a0voyous et trafiquants\u00a0\u00bb\u00a0:<\/p>\n<p>&nbsp;<\/p>\n<p>\u00ab\u00a0C\u2019est pourquoi lorsque les jeunes s\u2019en prennent aux pompiers en tant que repr\u00e9sentants de l\u2019autorit\u00e9, cela ne montre pas une bien grande conscience (\u2026) La violence au quotidien dans ces quartiers est peut \u00eatre le fait de voyous ou de trafiquants.\u00a0\u00bb<a href=\"https:\/\/mail-attachment.googleusercontent.com\/attachment\/?ui=2&amp;ik=908e7d29dd&amp;view=att&amp;th=13c4e68ade87f6bc&amp;attid=0.1&amp;disp=vah&amp;safe=1&amp;zw&amp;saduie=AG9B_P_6uleh5aWlGeAIkk4k_OEU&amp;sadet=1358546000437&amp;sads=3oFP3GBOBBkI-tdKrO-f_qH23AU#0.1_footnote22\"><sup>22<\/sup><\/a><\/p>\n<p>&nbsp;<\/p>\n<p>La r\u00e9duction des faits aux violences contre les personnes permet ensuite d\u2019imputer l\u2019ensemble de la r\u00e9volte aux \u00ab\u00a0voyous et trafiquants\u00a0\u00bb. La caract\u00e9risation de la r\u00e9volte est logiquement pr\u00e9visible, une \u00e9meute de lumpens et de jeunes associaux\u00a0: \u00ab\u00a0les violences t\u00e9moignent parmi les \u00ab\u00a0jeunes\u00a0\u00bb d\u2019une \u00ab\u00a0absence de conscience sociale et de solidarit\u00e9\u00a0\u00bb<a href=\"https:\/\/mail-attachment.googleusercontent.com\/attachment\/?ui=2&amp;ik=908e7d29dd&amp;view=att&amp;th=13c4e68ade87f6bc&amp;attid=0.1&amp;disp=vah&amp;safe=1&amp;zw&amp;saduie=AG9B_P_6uleh5aWlGeAIkk4k_OEU&amp;sadet=1358546000437&amp;sads=3oFP3GBOBBkI-tdKrO-f_qH23AU#0.1_footnote23\"><sup>23<\/sup><\/a>.<\/p>\n<p>&nbsp;<\/p>\n<p>&nbsp;<\/p>\n<p>La derni\u00e8re p\u00e9riode souligne une autre dimension de la question de l\u2019autonomie, celle de l\u2019autonomie du cadre d\u2019analyse. De mani\u00e8re assez g\u00e9n\u00e9rale l\u2019extr\u00eame gauche continue de d\u00e9velopper une approche essentialiste des classes sociales occultant les contradictions internes aux milieux populaires. Il en d\u00e9coule une tendance \u00e0 occulter les dominations sp\u00e9cifiques et \u00e0 consid\u00e9rer comme secondaire et\/ou non prioritaire toute revendication n\u2019int\u00e9ressant qu\u2019une partie des classes populaires. Cela a conduit dans le pass\u00e9 \u00e0 ne se centrer que sur les revendications \u00e9conomiques au moment o\u00f9 la partie maghr\u00e9bine de la classe ouvri\u00e8re avan\u00e7ait comme pr\u00e9occupation essentielle la d\u00e9colonisation. Cela a \u00e9galement men\u00e9 \u00e0 une sous estimation structurelle des int\u00e9r\u00eats des ouvriers sp\u00e9cialis\u00e9s\u00a0 au sein des syndicats. Cela a produit aussi l\u2019appel \u00e0 limiter les marches pour l\u2019\u00e9galit\u00e9 \u00e0 une dimension antiraciste et antifasciste et \u00e0 en occulter les revendications pouvant \u00ab\u00a0diviser\u00a0\u00bb. Cela m\u00e8ne enfin \u00e0 une incompr\u00e9hension des formes contemporaines d\u2019expression et de r\u00e9volte dans les quartiers populaires.<\/p>\n<p>&nbsp;<\/p>\n<ol start=\"5\">\n<li><strong>Une divergence essentielle<\/strong><\/li>\n<\/ol>\n<p>&nbsp;<\/p>\n<p>Ce parcourt rapide des relations avec l\u2019extr\u00eame gauche permet de formaliser un d\u00e9bat essentiel donnant naissance \u00e0 des postures contradictoires. Ce d\u00e9bat concerne l\u2019approche des classes sociales et des clivages sociaux dans la soci\u00e9t\u00e9 fran\u00e7aise. Soit celles ci sont d\u00e9finies et appr\u00e9hend\u00e9e de mani\u00e8re essentialiste avec en cons\u00e9quence une sous-estimation de leur diversit\u00e9 interne et des contradictions qui les caract\u00e9risent. Dans une telle approche les revendications sp\u00e9cifiques sont soient ni\u00e9es, soit sous-estim\u00e9es, soit per\u00e7ues mais consid\u00e9r\u00e9es comme non prioritaire au regard de la \u00ab\u00a0question centrale\u00a0\u00bb d\u2019une part, porteuses de division d\u2019autre part. Cette approche encore majoritaire \u00e0 l\u2019extr\u00eame gauche s\u2019oppose au regard que porte \u00ab\u00a0de leur fen\u00eatre\u00a0\u00bb c\u2019est \u00e0 dire de leur place sociale les militants immigr\u00e9s ou issus de l\u2019immigration. L\u2019\u00e9tude des mouvements revendicatifs de l\u2019immigration ces trois derni\u00e8re d\u00e9cennies souligne \u00e0 juste titre une double caract\u00e9ristique de cette dynamique militante\u00a0: l\u2019affirmation permanente de la n\u00e9cessit\u00e9 de l\u2019autonomie (politique, \u00e9conomique, id\u00e9ologique et organisationnelle) et la difficult\u00e9 \u00e0 en dessiner les contours et les d\u00e9finitions. Nous aurions tort cependant, \u00e0 notre sens, de percevoir cette contradiction comme une insuffisance des associations et des militants qui ont marqu\u00e9es cette histoire militante. Si contradiction, il y a, elle se situe dans le r\u00e9el social. Il s\u2019agit d\u2019une contradiction objective refl\u00e9tant la contradiction vivante qu\u2019est l\u2019immigration. D\u2019une part et en d\u00e9pit de certains discours id\u00e9ologiques dominants, l\u2019immigration et ses enfants font partie de la classe ouvri\u00e8re et m\u00eame de ses parties les plus exploit\u00e9es et domin\u00e9es. D\u2019autre part et en d\u00e9pit des analyses essentialistes de la classe ouvri\u00e8re, elle n\u2019est pas \u00e0 n\u2019importe quelle place au sein de la classe ouvri\u00e8re et des milieux populaires.<\/p>\n<p>&nbsp;<\/p>\n<p>La premi\u00e8re caract\u00e9ristique pousse \u00e0 participer aux mouvements sociaux globaux avec comme d\u00e9rive potentielle la dilution des questions sp\u00e9cifiques, des in\u00e9galit\u00e9s concr\u00e8te qui nous s\u00e9pare encore du reste de notre classe sociale ou de notre milieu social.\u00a0 La seconde caract\u00e9ristique nous oriente vers une mise en avant de nos oppressions sp\u00e9cifiques avec comme d\u00e9rive potentielle l\u2019isolement et l\u2019impossibilit\u00e9 de construire les rapports de forces n\u00e9cessaires\u00a0. On\u00a0 voit \u00e0 l\u2019\u0153uvre dans les initiatives et les luttes des moments insistant tant\u00f4t sur l\u2019une des caract\u00e9ristiques, tant\u00f4t sur l\u2019autre. Il n\u2019y donc aucune solution toute faites \u00e0 la question de l\u2019autonomie, aucune recette possible qui fasse fi de cette contradiction objective qui est celle de notre \u00eatre social. Il y a en revanche des le\u00e7ons \u00e0 tirer en terme de tensions permanentes entre int\u00e9r\u00eats globaux et int\u00e9r\u00eats sp\u00e9cifiques.<\/p>\n<p>&nbsp;<\/p>\n<p>Cette question de l\u2019autonomie n\u2019est pas sp\u00e9cifique \u00e0 l\u2019immigration postcoloniale. Elle est \u00e9galement en \u0153uvre pour les immigrations plus anciennes et pour d\u2019autres cat\u00e9gories de la population (ch\u00f4meurs et pr\u00e9caires, mouvements de femmes, etc.). Cependant elle prend des dimensions particuli\u00e8res pour l\u2019immigration postcoloniale.\u00a0 Ce sont ces dimensions particuli\u00e8res que n\u2019avaient pas les immigrations ant\u00e9rieures qui expliquent, selon nous, la reproduction de l\u2019in\u00e9galit\u00e9 de mani\u00e8re transg\u00e9n\u00e9rationnelle, y compris pour les g\u00e9n\u00e9rations n\u00e9es et socialis\u00e9es en France. Ces nouvelles g\u00e9n\u00e9rations continuent d\u2019\u00eatre construites et regard\u00e9es comme immigr\u00e9es alors qu\u2019elles ne le sont plus depuis longtemps. Elles ne se sont pas fondues dans le reste des milieux populaires en rejoignant leurs conditions d\u2019exploitations. Elles restent marqu\u00e9es par des in\u00e9galit\u00e9s, des pr\u00e9carit\u00e9s, des discriminations plus grandes que le reste des milieux populaires. Autrement dit le danger d\u2019une cristallisation en syst\u00e8me est bien pr\u00e9sent et est une r\u00e9alit\u00e9 nouvelle que n\u2019ont pas connus les immigrations ant\u00e9rieures pour lesquelles les diff\u00e9rentiations in\u00e9galitaires avaient tendance \u00e0 s\u2019\u00e9puiser apr\u00e8s la dite \u00ab\u00a0premi\u00e8re g\u00e9n\u00e9ration\u00a0\u00bb.<\/p>\n<p><a name=\"0.1_footnote1\"><\/a><sup>1<\/sup> Nous appelons ici \u00ab\u00a0extr\u00eame gauche\u00a0\u00bb les organisations et mouvements r\u00e9unissant deux caract\u00e9ristiques. En premier lieu la remise en cause de ce qui fait consensus politique \u00e0 un moment donn\u00e9 de l\u2019histoire d\u2019une soci\u00e9t\u00e9. Pour notre sujet il s\u2019agit du consensus sur l\u2019impossible et\/ ou la non souhaitable d\u00e9colonisation dans un premier temps, et du consensus \u00ab\u00a0int\u00e9grationniste\u00a0\u00bb pour penser les droits des immigr\u00e9s et de leurs enfants dans un second temps. La seconde caract\u00e9ristique renvoie \u00e0 la pratique militante et \u00e0 son orientation vers une remise en cause radicale des in\u00e9galit\u00e9s et dominations. Ces deux caract\u00e9ristiques peuvent \u00eatre en mouvement au sein d\u2019une m\u00eame formation politique. Les fronti\u00e8res de l\u2019extr\u00eame gauche sont donc historiquement variables. C\u2019est en particulier le cas du PCF qui pour notre sujet a \u00e9t\u00e9 dans l\u2019ann\u00e9e 20 \u00e0 \u00ab\u00a0l\u2019extr\u00eame gauche\u00a0\u00bb telle que d\u00e9finie ici.<\/p>\n<p><a name=\"0.1_footnote2\"><\/a><sup>2<\/sup> Poser un telle affirmation ne signifie pas que l\u2019extr\u00eame gauche n\u2019ai jou\u00e9 \u00e0 aucun moment et sur aucune lutte de cette immigration une fonction positive. Sur de nombreuses luttes se sont des militants d\u2019extr\u00eame gauche (au c\u00f4t\u00e9 de militants chr\u00e9tiens) qui ont \u00e9t\u00e9 au c\u00f4t\u00e9 des militants de l\u2019immigration postcoloniale. Nous voulons simplement insister ici sur les contradictions profondes qui ont marqu\u00e9s les rapports militants entre ces deux groupes d\u2019acteurs, sur les clivages et les ruptures qui en ont \u00e9t\u00e9 la r\u00e9sultante. L\u2019analyse de ces contradictions et de leurs effets est, selon nous, incontournable pour saisir les reproductions en \u0153uvre encore aujourd\u2019hui.<\/p>\n<p><a name=\"0.1_footnote3\"><\/a><sup>3<\/sup> Biondi Jean Pierre et Morin Gilles, Les anticolonialistes 1881-1962, Hachettes\/Pluriel, 1993.<\/p>\n<p><a name=\"0.1_footnote4\"><\/a><sup>4<\/sup> Mensuel \u00ab\u00a0la tribune du Prol\u00e9tariat colonial\u00a0\u00bb, appel \u00ab\u00a0 Ouvriers Alg\u00e9riens, Organisez vous\u00a0!\u00bb, num\u00e9ro de d\u00e9cembre 1923.<\/p>\n<p><a name=\"0.1_footnote5\"><\/a><sup>5<\/sup> Mensuel \u00ab\u00a0Le Paria\u00a0\u00bb, n\u00b0 25 de mai 1924.<\/p>\n<p><a name=\"0.1_footnote6\"><\/a><sup>6<\/sup> Jacques Jurquet, La r\u00e9volution nationale alg\u00e9rienne et le parti communiste fran\u00e7ais, tome 2, Editions du centenaire, Paris, 1974, p. 291.<\/p>\n<p><a name=\"0.1_footnote7\"><\/a><sup>7<\/sup> Lettre de l\u2019UCFML au comit\u00e9 de r\u00e9sident du foyer Romain Rolland du 6 juillet 1977.<\/p>\n<p><a name=\"0.1_footnote8\"><\/a><sup>8<\/sup> Revue de l\u2019Organisation communiste (marxiste l\u00e9niniste ) Eugene Varlin, Lutte Communiste, suppl\u00e9ment au num\u00e9ro 14, juillet ao\u00fbt 1979, p. 25.<\/p>\n<p><a name=\"0.1_footnote9\"><\/a><sup>9<\/sup> La revendication du droit de vote est exemplaire du caract\u00e8re historiquement situ\u00e9 du rapport \u00e0 un droit. Les militants immigr\u00e9s eux m\u00eames ne mettaient pas en avant l\u2019exigence de droits politiques pendant cette d\u00e9cennie. Leur exp\u00e9rience sociale et leur subjectivit\u00e9 les conduisait \u00e0 consid\u00e9rer ce \u00ab\u00a0droit de vote\u00a0\u00bb comme un reniement et un acte d\u2019all\u00e9geance \u00e0 l\u2019ancien colonisateur. Il faudra attendre les mutations de cette exp\u00e9rience sociale ( et en particulier la perception d\u2019un impossible \u00ab\u00a0retour\u00a0\u00bb) et ses reflets dans les subjectivit\u00e9s pour que se transforme les fronti\u00e8res de la l\u00e9gitimit\u00e9 des droits politiques.<\/p>\n<p><a name=\"0.1_footnote10\"><\/a><sup>10<\/sup> Nous renvoyons le lecteur sur cette p\u00e9riode \u00e0 notre ouvrage \u00ab\u00a0Dis ans de marche des beurs\u00a0, chronique d\u2019un mouvement avort\u00e9\u00a0\u00bb, Editions Descl\u00e9e de Brouwer, Paris, 1994.<\/p>\n<p><a name=\"0.1_footnote11\"><\/a><sup>11<\/sup> L\u2019antiracisme ne signifie pas automatiquement exigence d\u2019une \u00ab\u00a0\u00e9galit\u00e9 des droits\u00a0\u00bb dans la mesure o\u00f9 ce que l\u2019on appelle \u00ab\u00a0racisme\u00a0\u00bb a g\u00e9n\u00e9ralement tendance \u00e0 \u00eatre r\u00e9duit \u00e0 une de ses formes ( La forme la plus visible, la plus directe, la plus id\u00e9ologique, etc.). Ainsi fr\u00e9quemment \u00ab\u00a0l\u2019antiracisme\u00a0\u00bb a tendance \u00e0 se r\u00e9duire \u00e0 un appel \u00e0 l\u2019unit\u00e9 contre le front national sous estimant ainsi les formes institutionnelles et \u00e9tatiques du racisme. Le m\u00eame processus de r\u00e9duction est visible dans les discours plus contemporain ( et \u00e9galement consensuel) de \u00ab\u00a0lutte contre les discriminations\u00a0\u00bb. Ici aussi sont mis en avant les discriminations directes et sont sous-estim\u00e9es les discriminations indirectes, institutionnelles et syst\u00e9miques.<\/p>\n<p><a name=\"0.1_footnote12\"><\/a><sup>12<\/sup> Tract de l\u2019associations Gutenberg de Nanterre, de l\u2019association de Ch\u00e2tenay-Malabry et de transit Association de Colombe.<\/p>\n<p><a name=\"0.1_footnote13\"><\/a><sup>13<\/sup> Soulignons ici la disparition du r\u00e9f\u00e9rent \u00ab\u00a0\u00e9galit\u00e9\u00a0\u00bb au profit du r\u00e9f\u00e9rent \u00ab\u00a0justice\u00a0\u00bb. La logique de cette mutation conduit \u00e0 l\u2019expression \u00ab\u00a0ordre juste\u00a0\u00bb qui a marqu\u00e9e le discours de la candidate socialiste sans que jamais ne soit pr\u00e9cis\u00e9 le lien avec la notion \u00ab\u00a0d\u2019\u00e9galit\u00e9\u00a0\u00bb. On saisit la pertinence du r\u00e9flexe politique des militants de l\u2019immigration postcoloniale de se m\u00e9fier de toute modification \u00e0 l\u2019expression et \u00e0 la revendication d\u2019 \u00ab\u00a0\u00e9galit\u00e9 des droits\u00a0\u00bb.<\/p>\n<p><a name=\"0.1_footnote14\"><\/a><sup>14<\/sup> Critique Communiste, revue mensuelle de la LCR, la beur g\u00e9n\u00e9ration, n\u00b0 46, novembre 1985, p. 9.<\/p>\n<p><a name=\"0.1_footnote15\"><\/a><sup>15<\/sup> Idem, p.10.<\/p>\n<p><a name=\"0.1_footnote16\"><\/a><sup>16<\/sup> idem, p. 10.<\/p>\n<p><a name=\"0.1_footnote17\"><\/a><sup>17<\/sup> Pierre Tevanian, Le voile m\u00e9diatique, Un faux d\u00e9bat\u00a0: \u00ab\u00a0l\u2019affaire du foulard islamique\u00a0\u00bb, edition raison d\u2019agir, Paris, 2005.<\/p>\n<p><a name=\"0.1_footnote18\"><\/a><sup>18<\/sup> Ces deux responsables trotskystes \u00e9taient enseignants au lyc\u00e9e d\u2019Aubervilliers en 2003 et ont \u00e9t\u00e9 parmi les meneurs de la campagne qui abouti \u00e0 l\u2019exclusion de deux jeunes filles voil\u00e9es.\u00a0 Cette \u00ab\u00a0affaire\u00a0\u00bb sera par sa m\u00e9diatisation une des \u00e9tapes essentielles conduisant \u00e0 la loi interdisant le port du foulard \u00e0 l\u2019\u00e9cole.<\/p>\n<p><a name=\"0.1_footnote19\"><\/a><sup>19<\/sup> Fran\u00e7oise Gaspard et Farhad Khosrokhavar, le foulard et la r\u00e9publique, La d\u00e9couverte, Paris, 1995, pp. 47-49.<\/p>\n<p><a name=\"0.1_footnote20\"><\/a><sup>20<\/sup> Sophie Gargan, L\u2019appel des \u00ab\u00a0Indig\u00e8nes de la R\u00e9publique\u00a0\u00bb\u00a0: d\u00e9noncer le colonialisme \u2026ou renforcer le communautarisme\u00a0\u00bb, Lutte-Ouvri\u00e8re-journal.org, n\u00b0 1910 du 11 mars 2005.<\/p>\n<p><a name=\"0.1_footnote21\"><\/a><sup>21<\/sup> Idem.<\/p>\n<p><a name=\"0.1_footnote22\"><\/a><sup>22<\/sup> Lutte ouvri\u00e8re du 4 novembre 2005.<\/p>\n<p><a name=\"0.1_footnote23\"><\/a><sup>23<\/sup> Lutte ouvri\u00e8re du 11 novembre 2005.<\/p>\n<p style=\"text-align: center;\"><img decoding=\"async\" alt=\"http:\/\/www.egalite.be\/wp-content\/uploads\/2012\/05\/islamophobie.jpg\" src=\"http:\/\/www.egalite.be\/wp-content\/uploads\/2012\/05\/islamophobie.jpg\" width=\"192\" height=\"296\" \/><\/p>\n<p style=\"text-align: center;\"><b>Les fondements historiques et id\u00e9ologiques du racisme \u00ab respectable \u00bb de la \u00ab gauche \u00bb fran\u00e7aise<\/b><\/p>\n<p style=\"text-align: justify;\">par <a href=\"http:\/\/quefaire.lautre.net\/auteur\/said-bouamama\" target=\"_blank\">Sa\u00efd Bouamama<\/a><\/p>\n<p style=\"text-align: justify;\">Prise de position en faveur d\u2019une loi sur le foulard \u00e0 l\u2019\u00e9cole en 2004, soutien plus ou moins assum\u00e9 et plus ou moins net aux interventions imp\u00e9rialistes en Afghanistan, en Irak, en Lybie, th\u00e9matique de l\u2019int\u00e9gration pour penser les questions li\u00e9es \u00e0 l\u2019immigration, approche dogmatique de la la\u00efcit\u00e9 d\u00e9coupl\u00e9e des enjeux sociaux, etc.<\/p>\n<p style=\"text-align: justify;\">Ces quelques exemples contemporains de positions d\u2019organisations et de partis se r\u00e9clamant de la \u00ab gauche \u00bb et m\u00eame de \u00ab l\u2019extr\u00eame gauche \u00bb, font \u00e9cho \u00e0 d\u2019autres plus lointains : absence ou d\u00e9nonciation ambigu\u00eb de la colonisation, absence ou ambig\u00fcit\u00e9 du soutien aux luttes de lib\u00e9rations nationales dans la d\u00e9cennie 50, silence assourdissant pendant des d\u00e9cennies sur les massacres coloniaux de la conqu\u00eate au 17 octobre 1961 en passant par les crimes de Madagascar (1947), du Cameroun (1955-1960), etc. Les constantes sont telles entre hier et aujourd\u2019hui, qu\u2019il nous semble n\u00e9cessaire d\u2019en rechercher les causes id\u00e9ologiques et mat\u00e9rielles. Il existe des h\u00e9ritages encombrants qu\u2019il convient de rendre visible, faute de quoi les reproductions des m\u00eames pi\u00e8ges id\u00e9ologiques se d\u00e9ploient et aboutissent aux m\u00eames c\u00e9cit\u00e9s et aux m\u00eames impasses politiques.<\/p>\n<p style=\"text-align: justify;\"><b>Une h\u00e9g\u00e9monie culturelle assise depuis le 19e si\u00e8cle<\/b><\/p>\n<p style=\"text-align: justify;\">L\u2019h\u00e9g\u00e9monie culturelle est un concept propos\u00e9 par Antonio Gramsci pour d\u00e9crire la domination culturelle des classes dominantes. Le concept s\u2019inscrit dans l\u2019analyse des causes du non d\u00e9veloppement des r\u00e9volutions annonc\u00e9es par Marx pour les pays industrialis\u00e9s d\u2019Europe en d\u00e9pit de la v\u00e9rification des conclusions \u00e9conomiques de Marx (crise cycliques, paup\u00e9risation de la classe ouvri\u00e8re, etc.). L\u2019hypoth\u00e8se de Gramsci est que cet \u00ab \u00e9chec \u00bb des r\u00e9volutions ouvri\u00e8res est explicable par l\u2019emprise de la culture de la classe dominante sur la classe ouvri\u00e8re et ses organisations. La classe dominante domine certes par la force mais aussi par un consentement des domin\u00e9s culturellement produit. L\u2019h\u00e9g\u00e9monie culturelle de la classe dominante agit par le biais de l\u2019\u00c9tat et de ses <a title=\"Click to Continue &gt; by Browse to Save\" href=\"http:\/\/blogs.mediapart.fr\/blog\/jjmu\/090912\/les-fondements-historiques-et-ideologiques-du-racisme-respectable-de-la-gauche\">outils<\/a> culturels h\u00e9g\u00e9moniques (\u00e9coles, m\u00e9dias, etc.) pour produire une adoption par la classe domin\u00e9e des int\u00e9r\u00eats de la classe dominante. L\u2019h\u00e9g\u00e9monie culturelle d\u00e9crit donc l\u2019ensemble des processus de production du consensus en faveur des classes dominantes.<\/p>\n<p style=\"text-align: justify;\">La radicalit\u00e9 des luttes de classes dans l\u2019histoire fran\u00e7aise (R\u00e9volution antif\u00e9odale radicale en 1789-1793, Insurrection de juillet 1830, R\u00e9volution de f\u00e9vrier 1848, et enfin et surtout la Commune de Paris) a amen\u00e9 la classe dominante \u00e0 comprendre tr\u00e8s t\u00f4t que son pouvoir ne pouvait pas \u00eatre assur\u00e9 uniquement par la force des armes et de la r\u00e9pression (ce que Gramsci appelle la domination directe). Le processus de construction d\u2019un \u00ab roman national \u00bb fut mis en \u0153uvre afin d\u2019assurer l\u2019h\u00e9g\u00e9monie culturelle de la classe dominante (domination indirecte). Les ingr\u00e9dients de ce roman national sont essentiellement la diffusion de \u00ab l\u00e9gendes nationales \u00bb : pens\u00e9e des Lumi\u00e8res, R\u00e9volution fran\u00e7aise et D\u00e9claration des droits de l\u2019homme, \u00e9cole r\u00e9publicaine et la\u00efcit\u00e9, etc. \u00c0 la diff\u00e9rence du mythe, la l\u00e9gende s\u2019appuie sur quelques faits historiques identifiables qui sont absolutis\u00e9s. La mise en l\u00e9gende se r\u00e9alise par occultation des contradictions et enjeux sociaux, n\u00e9gation de l\u2019histoire et transformation de r\u00e9sultats historiques (avec leurs contradictions, leurs limites, etc.) en caract\u00e9ristiques permanentes et sp\u00e9cifiques de la \u00ab francit\u00e9 \u00bb, du \u00ab g\u00e9nie fran\u00e7ais \u00bb, de la \u00ab sp\u00e9cificit\u00e9 fran\u00e7aise \u00bb, du \u00ab mod\u00e8le fran\u00e7ais \u00bb, etc.<\/p>\n<p style=\"text-align: justify;\"><b>Le processus de construction d\u2019un \u00ab roman national \u00bb fut mis en \u0153uvre afin d\u2019assurer l\u2019h\u00e9g\u00e9monie culturelle de la classe dominante<\/b><\/p>\n<p style=\"text-align: justify;\">L\u2019objectif de l\u2019h\u00e9g\u00e9monie culturelle \u00e9tant de produire du consensus en faveur des classes dominantes, c\u2019est bien entendu \u00e0 l\u2019intention des classes domin\u00e9es et de leurs organisations que sont produites et diffus\u00e9es les l\u00e9gendes nationales (mod\u00e8le fran\u00e7ais de la\u00efcit\u00e9, mod\u00e8le fran\u00e7ais d\u2019int\u00e9gration, pens\u00e9e des Lumi\u00e8res comme caract\u00e9ristique typiquement \u00ab fran\u00e7aise \u00bb, abrogation de l\u2019esclavage comme volont\u00e9 de l\u2019\u00e9tat fran\u00e7ais et non comme r\u00e9sultat de la lutte des esclaves, colonisation fran\u00e7aise pos\u00e9e comme diff\u00e9rente des autres dans ses aspects \u00ab humanitaires \u00bb et \u00ab civilisateurs \u00bb, etc.). La question n\u2019est donc pas celle du jugement des faits, des hommes et des opinions de la pens\u00e9e des lumi\u00e8res ou de la R\u00e9volution fran\u00e7aise par exemple. Ces \u00e9v\u00e9nements et ses pens\u00e9es sont inscrits dans l\u2019histoire et les hommes de ces p\u00e9riodes ne pouvaient penser le monde qu\u2019avec les donn\u00e9es de leurs \u00e9poques. En revanche le maintien d\u2019une approche non critique, non historicis\u00e9e, essentialis\u00e9e, etc. de ces processus historiques est \u00e0 interroger dans ses causes et dans ses effets d\u00e9sastreux contemporains. Sans cette approche critique, les l\u00e9gendes de la classe dominante s\u2019inscrivent comme donn\u00e9es d\u2019\u00e9vidence dans les lectures de la r\u00e9alit\u00e9 contemporaine, deviennent des repr\u00e9sentations sociales qui d\u00e9forment la r\u00e9alit\u00e9, produisent des logiques de pens\u00e9es qui emp\u00eachent de saisir les enjeux sociaux et les contradictions sociales. Sans \u00eatre exhaustif abordons deux des l\u00e9gendes de l\u2019h\u00e9g\u00e9monie culturelle construite au 19\u00e8me si\u00e8cle et qui ont fortement impr\u00e9gn\u00e9es les organisations de \u00ab gauche \u00bb.<\/p>\n<p style=\"text-align: justify;\"><b>L\u2019absolutisation de la pens\u00e9e des Lumi\u00e8res et de la R\u00e9volution fran\u00e7aise<\/b><\/p>\n<p style=\"text-align: justify;\">Les Lumi\u00e8res d\u00e9signent un courant d\u2019id\u00e9es philosophiques en Europe qui a connu son apog\u00e9e au dix-huiti\u00e8me si\u00e8cle. Ce courant se caract\u00e9rise par un appel \u00e0 la rationalit\u00e9 et le combat contre l\u2019obscurantisme. En lib\u00e9rant l\u2019homme de l\u2019ignorance et de la superstition, il s\u2019agit de le faire penser par lui-m\u00eame et ainsi de le faire devenir adulte. Ces dimensions communes aux diff\u00e9rents philosophes des Lumi\u00e8res n\u2019emp\u00eachent pas son h\u00e9t\u00e9rog\u00e9n\u00e9it\u00e9. La philosophie des Lumi\u00e8res est parcourue de \u00ab courants \u00bb correspondant aux int\u00e9r\u00eats sociaux divers de l\u2019\u00e9poque. L\u2019absolutisation de la pens\u00e9e des Lumi\u00e8res commencent ainsi par l\u2019homog\u00e9n\u00e9isation d\u2019une pens\u00e9e contradictoire. Mais la philosophie des Lumi\u00e8res est \u00e9galement born\u00e9e historiquement.<\/p>\n<p style=\"text-align: justify;\">Elle se d\u00e9ploie, non pas comme logique pure, mais comme logique de pens\u00e9e inscrite dans une \u00e9poque pr\u00e9cise. C\u2019est d\u2019ailleurs la premi\u00e8re critique qui lui est faite par Marx et Engels qui veillent \u00e0 la mettre en correspondance avec les int\u00e9r\u00eats sociaux qui la suscitent et la portent : \u00ab <i>Les philosophes fran\u00e7ais du XVIIIe si\u00e8cle, eux qui pr\u00e9paraient la R\u00e9volution, en appelaient \u00e0 la raison comme juge unique de tout ce qui existait. On devait instituer un \u00c9tat raisonnable, une soci\u00e9t\u00e9 raisonnable ; tout ce qui contredisait la raison \u00e9ternelle devait \u00eatre \u00e9limin\u00e9 sans piti\u00e9. Nous avons vu \u00e9galement que cette raison \u00e9ternelle n\u2019\u00e9tait en r\u00e9alit\u00e9 rien d\u2019autre que l\u2019entendement id\u00e9alis\u00e9 du citoyen de la classe moyenne, dont son \u00e9volution faisait justement alors un bourgeois. Or, lorsque la R\u00e9volution fran\u00e7aise eut r\u00e9alis\u00e9 cette soci\u00e9t\u00e9 de raison et cet \u00c9tat de raison, les nouvelles institutions, si rationnelles qu\u2019elles fussent par rapport aux conditions ant\u00e9rieures, n\u2019apparurent pas du tout comme absolument raisonnables. L\u2019\u00c9tat de raison avait fait compl\u00e8te faillite<\/i> \u00bb [<a title=\"Friedrich Engels, Socialisme utopique et Socialisme scientifique, \u00c9ditions (...)\" href=\"http:\/\/quefaire.lautre.net\/que-faire\/que-faire-no09-avril-mai-2012\/article\/les-fondements-historiques-et#nb1\" target=\"_blank\">1<\/a>]. Les droits de l\u2019Homme pour leur part sont caract\u00e9ris\u00e9s comme les droits d\u2019un homme abstrait, d\u2019un homme bourgeois, d\u2019un homme \u00e9go\u00efste : \u00ab <i>L\u2019homme r\u00e9el n\u2019est reconnu que sous l\u2019aspect de l\u2019individu \u00e9go\u00efste et l\u2019homme vrai que sous l\u2019aspect du citoyen abstrait<\/i> \u00bb [<a title=\"Abdelmalek Sayad, \u00ab Le mode de g\u00e9n\u00e9ration des g\u00e9n\u00e9rations immigr\u00e9es \u00bb, (...)\" href=\"http:\/\/quefaire.lautre.net\/que-faire\/que-faire-no09-avril-mai-2012\/article\/les-fondements-historiques-et#nb2\" target=\"_blank\">2<\/a>].<\/p>\n<p align=\"center\">\u00a0<img decoding=\"async\" class=\"aligncenter\" alt=\"http:\/\/www.resistances.be\/images\/Chantiers_jeunesse_france_tjrs_aff_Propa.gif\" src=\"http:\/\/www.resistances.be\/images\/Chantiers_jeunesse_france_tjrs_aff_Propa.gif\" \/><\/p>\n<p style=\"text-align: justify;\">Depuis cette premi\u00e8re critique de l\u2019universalisme des Lumi\u00e8res, d\u2019autres sont venues la compl\u00e9ter : la critique f\u00e9ministe a soulign\u00e9 \u00ab <i>les pr\u00e9suppos\u00e9s androcentriques, racistes, \u00e9conomiques et anthropologiques de la philosophie europ\u00e9enne du si\u00e8cle des Lumi\u00e8res<\/i> \u00bb [<a title=\"Jennifer Chan-Tiberghien, \u00ab La participation f\u00e9ministe au mouvement (...)\" href=\"http:\/\/quefaire.lautre.net\/que-faire\/que-faire-no09-avril-mai-2012\/article\/les-fondements-historiques-et#nb3\" target=\"_blank\">3<\/a>] ; le caract\u00e8re ethnocentrique de la pens\u00e9e des Lumi\u00e8res a \u00e9galement \u00e9t\u00e9 d\u00e9nonc\u00e9 en soulignant que \u00ab <i>l\u00e0 o\u00f9 nous lisons \u00ab homme \u00bb, \u00ab humanit\u00e9 \u00bb, \u00ab citoyennet\u00e9 \u00bb, c\u2019est de l\u2019humanit\u00e9 blanche et europ\u00e9enne que nous parlent les Lumi\u00e8res. Certes, dans les Lumi\u00e8res pourtant les premi\u00e8res lueurs de nos valeurs. \u00c0 condition d\u2019ignorer la traite, la n\u00e9gritude, l\u2019esclavage<\/i> \u00bb [<a title=\"Louis Sala-Molins, \u00ab Le Code Noir, Les Lumi\u00e8res et Nous \u00bb, dans Val\u00e9rie (...)\" href=\"http:\/\/quefaire.lautre.net\/que-faire\/que-faire-no09-avril-mai-2012\/article\/les-fondements-historiques-et#nb4\" target=\"_blank\">4<\/a>]. L\u2019universalisme des lumi\u00e8res appara\u00eet ainsi tr\u00e8s peu universel que ce soit \u00e0 l\u2019interne (universalisme masculin du droit de vote jusqu\u2019\u00e0 l\u2019apr\u00e8s seconde guerre mondiale, universalisme excluant les ouvriers du droit de vote jusqu\u2019en 1848) et \u00e0 l\u2019externe (code noir, code de l\u2019indig\u00e9nat, etc.).<\/p>\n<p style=\"text-align: justify;\">Au travers de l\u2019absolutisation de la pens\u00e9e des Lumi\u00e8res et de la R\u00e9volution fran\u00e7aise, la classe dominante vise \u00e0 pr\u00e9senter l\u2019histoire fran\u00e7aise comme n\u2019\u00e9tant pas le r\u00e9sultat des affrontements sociaux mais comme r\u00e9sultat du d\u00e9ploiement d\u2019un \u00ab g\u00e9nie \u00bb et\/ou d\u2019une \u00ab sp\u00e9cificit\u00e9 \u00bb fran\u00e7aise transversal aux diff\u00e9rentes classes sociales. Il y aurait ainsi des caract\u00e9ristiques proprement fran\u00e7aises qui situeraient cette nation au dessus des autres, en avance sur les autres, en avant-garde de l\u2019\u00e9mancipation et de la civilisation. Bref il s\u2019agit de produire un complexe chauvin pour canaliser les luttes sociales \u00e0 un moment o\u00f9 se d\u00e9ployait la colonisation violente du monde. L\u2019offensive id\u00e9ologique visant \u00e0 ancrer l\u2019id\u00e9e d\u2019une exceptionnalit\u00e9\/sup\u00e9riorit\u00e9 fran\u00e7aise est tout azimut et a malheureusement en grande partie r\u00e9ussie. Voici comment par exemple Karl Marx raille la pr\u00e9tention de la \u00ab gauche fran\u00e7aise \u00bb \u00e0 l\u2019exceptionnalit\u00e9 linguistique et r\u00e9publicaine :<\/p>\n<p style=\"text-align: justify;\">\u00ab Les repr\u00e9sentants (non ouvriers) de la \u00ab Jeune France \u00bb soutenaient que toutes les nationalit\u00e9s et les nations \u00e9taient des \u00ab pr\u00e9jug\u00e9s surann\u00e9s \u00bb. Stirn\u00e9rianisme proudhonis\u00e9 : on r\u00e9partit tout en petits \u00ab groupes \u00bb ou \u00ab communes \u00bb qui forment ensuite une \u00ab association \u00bb et non pas un \u00e9tat. Et tandis que se produit cette individualisation de l\u2019humanit\u00e9 et que se d\u00e9veloppe le \u00ab mutualisme \u00bb ad\u00e9quat, l\u2019histoire des autres pays doit suspendre son cours et le monde entier attendra que les Fran\u00e7ais soient m\u00fbrs pour faire une r\u00e9volution sociale.<\/p>\n<p style=\"text-align: justify;\">Alors ils effectueront sous nos yeux cette exp\u00e9rience, et le reste du monde, subjugu\u00e9 par la force de l\u2019exemple, fera de m\u00eame. (\u2026) Les Anglais ont bien ri quand j\u2019ai commenc\u00e9 mon discours en disant que notre ami Lafargue et ceux qui avec lui supprimaient les nationalit\u00e9s, s\u2019adressaient \u00e0 nous en fran\u00e7ais, c\u2019est-\u00e0-dire une langue que les 9\/10e de l\u2019assistance ne comprenaient pas. Ensuite, j\u2019ai signal\u00e9 que Lafargue, sans s\u2019en rendre compte, entendait apparemment par n\u00e9gation des nationalit\u00e9s leur absorption par la nation fran\u00e7aise mod\u00e8le \u00bb [<a title=\"Karl Marx, \u00ab Lettre \u00e0 Friedrich Engels du 20 juin 1866 \u00bb, Correspondances, (...)\" href=\"http:\/\/quefaire.lautre.net\/que-faire\/que-faire-no09-avril-mai-2012\/article\/les-fondements-historiques-et#nb5\" target=\"_blank\">5<\/a>].<\/p>\n<p>\u00a0<img decoding=\"async\" class=\"aligncenter\" alt=\"http:\/\/quefaire.lautre.net\/local\/cache-vignettes\/L600xH314\/sans_titre-6c220.jpg\" src=\"http:\/\/quefaire.lautre.net\/local\/cache-vignettes\/L600xH314\/sans_titre-6c220.jpg\" \/><\/p>\n<p style=\"text-align: justify;\">L\u2019universalisme des Lumi\u00e8res appara\u00eet ainsi tr\u00e8s peu universel que ce soit \u00e0 l\u2019interne : universalisme masculin du droit de vote, etc. [ou] \u00e0 l\u2019externe : le code noir, le code de l\u2019indig\u00e9nat, etc.<\/p>\n<p style=\"text-align: justify;\"><b>La construction du consensus colonialiste<\/b><\/p>\n<p style=\"text-align: justify;\">L\u2019offensive id\u00e9ologique de la classe dominante a cr\u00e9\u00e9 l\u2019espace mental qui a permis la colonisation. L\u2019image des autres cultures et civilisations diffus\u00e9e par la pens\u00e9e des Lumi\u00e8res et amplifi\u00e9e par la Troisi\u00e8me R\u00e9publique, de m\u00eame que l\u2019id\u00e9e d\u2019\u00eatre l\u2019avant-garde de l\u2019humanit\u00e9 ont pr\u00e9par\u00e9 les esprits \u00e0 la conqu\u00eate : \u00ab <i>il existe un espace mental qui, d\u2019une certaine fa\u00e7on, pr\u00e9existe \u00e0 l\u2019instauration de l\u2019ordre colonial, espace essentiellement compos\u00e9 de sch\u00e8mes de pens\u00e9es \u00e0 travers lesquels est reconstruite la coupure entre les occidentaux et les Autres \u2013 les sch\u00e8mes Pur\/Impur, Bien\/Mal, Savoir\/Ignorance, Don d\u2019Amour\/Besoin d\u2019Amour. La perception de l\u2019Autre comme un \u00eatre dans l\u2019enfance de l\u2019humanit\u00e9, confin\u00e9 aux t\u00e9n\u00e8bres de l\u2019ignorance comme l\u2019incapacit\u00e9 \u00e0 contenir ses pulsions informe la pens\u00e9e coloniale et la connaissance anthropologique<\/i> \u00bb [<a title=\"Eric Savar\u00e8se, L\u2019ordre colonial et sa l\u00e9gitimation en France m\u00e9tropolitaine : (...)\" href=\"http:\/\/quefaire.lautre.net\/que-faire\/que-faire-no09-avril-mai-2012\/article\/les-fondements-historiques-et#nb6\" target=\"_blank\">6<\/a>].<\/p>\n<p style=\"text-align: justify;\">De fait l\u2019opposition aux guerres de conqu\u00eates coloniales fut \u00e0 la fois faible et tardive. Les quelques voix anticoloniales comme celles de Georges Cl\u00e9menceau et de Camille Pelletan restent isol\u00e9es et marginales. L\u2019impr\u00e9gnation coloniale est profonde comme en t\u00e9moigne le rapport adopt\u00e9 \u00e0 l\u2019unanimit\u00e9 au congr\u00e8s interf\u00e9d\u00e9ral d\u2019Afrique du Nord du parti communiste en septembre 1922 : \u00ab <i>L\u2019\u00e9mancipation des indig\u00e8nes d\u2019Alg\u00e9rie ne pourra \u00eatre que la cons\u00e9quence de la r\u00e9volution en France (\u2026). La propagande communiste directe aupr\u00e8s des indig\u00e8nes alg\u00e9riens est actuellement inutile et dangereuse. Elle est inutile parce que les indig\u00e8nes n\u2019ont pas atteint encore un niveau intellectuel et moral qui leur permette d\u2019acc\u00e9der aux conceptions communistes. (\u2026). Elle est dangereuse (\u2026) parce qu\u2019elle provoquerait la d\u00e9mission de nos groupements<\/i> \u00bb [<a title=\"Cit\u00e9 dans Ren\u00e9 Galissot, \u00ab Sur les d\u00e9buts du communisme en Alg\u00e9rie et en (...)\" href=\"http:\/\/quefaire.lautre.net\/que-faire\/que-faire-no09-avril-mai-2012\/article\/les-fondements-historiques-et#nb7\" target=\"_blank\">7<\/a>].<\/p>\n<p style=\"text-align: justify;\">Certes ces positions furent condamn\u00e9es par la direction du PCF et peu apr\u00e8s les militants communistes donnaient un exemple d\u2019internationalisme dans l\u2019opposition \u00e0 la guerre du Rif en 1925, mais leur simple existence t\u00e9moigne de l\u2019impr\u00e9gnation de l\u2019imaginaire colonial jusque dans la gauche la plus radicale de l\u2019\u00e9poque. Le reste est connu : abandon du mot d\u2019ordre d\u2019ind\u00e9pendance nationale \u00e0 partir du Front populaire, promotion de l\u2019Union fran\u00e7aise apr\u00e8s 1945, vote des pouvoirs sp\u00e9ciaux en 1956. En d\u00e9pit de ces positions, le PCF a \u00e9t\u00e9 le seul \u00e0 avoir eu des p\u00e9riodes anticolonialistes cons\u00e9quentes. La S.F.I.O. pour sa part est ouvertement colonialiste : \u00ab <i>\u00e0 l\u2019exception de quelques individualit\u00e9s \u00ab anticolonialistes \u00bb, la majorit\u00e9 du parti socialiste s\u2019est ralli\u00e9e \u00e0 l\u2019id\u00e9e d\u2019une colonisation \u00ab humaine, juste et fraternelle \u00bb et refuse de soutenir les nationalismes coloniaux qui attisent la haine des peuples, favorisent les f\u00e9odaux ou la bourgeoisie indig\u00e8ne<\/i> \u00bb [<a title=\"Philippe Dewitte, Les mouvements n\u00e8gres en France, 1919-1939, L\u2019Harmattan, (...)\" href=\"http:\/\/quefaire.lautre.net\/que-faire\/que-faire-no09-avril-mai-2012\/article\/les-fondements-historiques-et#nb8\" target=\"_blank\">8<\/a>].<\/p>\n<p style=\"text-align: justify;\"><b>Des h\u00e9ritages encombrants toujours agissants<\/b><\/p>\n<p style=\"text-align: justify;\">Au c\u0153ur de la pens\u00e9e des Lumi\u00e8res puis du discours colonial se trouve une approche culturaliste clivant le monde en civilisations hi\u00e9rarchis\u00e9es, expliquant l\u2019histoire et ses conflits en \u00e9liminant les facteurs \u00e9conomiques et justifiant les interventions militaires \u00ab pour le bien \u00bb des peuples ainsi agress\u00e9s. Il s\u2019agit ainsi d\u2019\u00e9manciper l\u2019autre malgr\u00e9 lui et si n\u00e9cessaire par la violence. C\u2019est ce que nous avons appel\u00e9s dans d\u2019autres \u00e9crits le \u00ab racisme respectable \u00bb c\u2019est-\u00e0-dire un racisme ne se justifiant pas \u00ab contre \u00bb le racis\u00e9 mais s\u2019argumentant de grandes valeurs cens\u00e9es l\u2019\u00e9manciper.<\/p>\n<p style=\"text-align: justify;\">Force est de constater que cette logique de raisonnement est loin d\u2019avoir disparu dans la \u00ab gauche \u00bb fran\u00e7aise. Elle a m\u00eame \u00e9t\u00e9 \u00e9tendue en dehors des questions internationales puisqu\u2019elle agit \u00e9galement en direction des questions li\u00e9es aux fran\u00e7ais issus de la colonisation. Donnons quelques exemples. Le premier est celui de la logique int\u00e9grationniste encore pr\u00e9sente fortement \u00e0 \u00ab gauche \u00bb. Cette logique rel\u00e8ve enti\u00e8rement du culturalisme binaire port\u00e9e par la pens\u00e9e des lumi\u00e8res. Les difficult\u00e9s subies par les citoyens issues de la colonisation, qu\u2019ils soient fran\u00e7ais ou \u00e9trangers, ne sont pas expliqu\u00e9es dans l\u2019int\u00e9grationnisme par les in\u00e9galit\u00e9s qu\u2019ils subissent ou leurs conditions mat\u00e9rielles d\u2019existence. Ce sont au contraire des facteurs culturels qui sont mis en avant : obstacles culturels \u00e0 l\u2019int\u00e9gration, int\u00e9gration insuffisante, islam comme contradictoire avec la r\u00e9publique et la la\u00efcit\u00e9, inadaptation culturelle, etc.<\/p>\n<p style=\"text-align: justify;\">Il s\u2019agit ainsi d\u2019\u00e9manciper l\u2019autre malgr\u00e9 lui et si n\u00e9cessaire par la violence. C\u2019est le \u00ab racisme respectable \u00bb, ne se justifiant pas \u00ab contre \u00bb le racis\u00e9 mais s\u2019argumentant de grandes valeurs cens\u00e9es l\u2019\u00e9manciper<\/p>\n<p align=\"center\">\u00a0<img decoding=\"async\" class=\"aligncenter\" alt=\"http:\/\/a133.idata.over-blog.com\/414x600\/0\/40\/66\/71\/affichepc1930couleur.png\" src=\"http:\/\/a133.idata.over-blog.com\/414x600\/0\/40\/66\/71\/affichepc1930couleur.png\" \/><\/p>\n<p style=\"text-align: justify;\">L\u2019insulte ou la condescendance, le paternalisme, le maternalisme ou le fraternalisme d\u2019une part et la condamnation indign\u00e9e d\u2019autre part, la diabolisation ou l\u2019infantilisation, etc. sont des attitudes politiques extr\u00eamement fr\u00e9quentes \u00e0 \u00ab gauche \u00bb et m\u00eame \u00e0 \u00ab l\u2019extr\u00eame-gauche \u00bb dans les analyses sur les quartiers populaires et leurs habitants. Elles ont \u00e9t\u00e9 pr\u00e9sentes au moment des d\u00e9bats sur la loi d\u2019interdiction du foulard \u00e0 l\u2019\u00e9cole, lors des r\u00e9voltes des quartiers populaires en novembre 2005, au cours des multiples d\u00e9bats sur la revendication d\u2019une r\u00e9gularisation de tous les sans-papiers, etc. Elles sont pr\u00e9sentes \u00e9galement dans les commentaires des r\u00e9sultats \u00e9lectoraux en Tunisie et en \u00c9gypte comme elles l\u2019\u00e9taient au moment des agressions contre l\u2019Irak, l\u2019Afghanistan ou la Libye.<\/p>\n<p style=\"text-align: justify;\">Dans notre approche mat\u00e9rialiste, les penseurs des Lumi\u00e8res sont le r\u00e9sultat de leur \u00e9poque, de son \u00e9tat des savoirs et de ses limites historiques. Le regard non critique et dogmatique sur la pens\u00e9e des Lumi\u00e8res est depuis bien longtemps une arme des classes dominantes et un h\u00e9ritage encombrant pour les domin\u00e9s. \u25a0<\/p>\n<p style=\"text-align: justify;\">Notes<\/p>\n<p style=\"text-align: justify;\">[<a title=\"Notes 1\" href=\"http:\/\/quefaire.lautre.net\/que-faire\/que-faire-no09-avril-mai-2012\/article\/les-fondements-historiques-et#nh1\" target=\"_blank\">1<\/a>] Friedrich Engels, <i>Socialisme utopique et Socialisme scientifique<\/i>, \u00c9ditions sociales, Paris, 1950, p. 35.<\/p>\n<p style=\"text-align: justify;\">[<a title=\"Notes 2\" href=\"http:\/\/quefaire.lautre.net\/que-faire\/que-faire-no09-avril-mai-2012\/article\/les-fondements-historiques-et#nh2\" target=\"_blank\">2<\/a>] Abdelmalek Sayad, \u00ab Le mode de g\u00e9n\u00e9ration des g\u00e9n\u00e9rations immigr\u00e9es \u00bb, <i>Migrants-formation<\/i>, n\u00b0 98, septembre 1994, p. 14.<\/p>\n<p style=\"text-align: justify;\">[<a title=\"Notes 3\" href=\"http:\/\/quefaire.lautre.net\/que-faire\/que-faire-no09-avril-mai-2012\/article\/les-fondements-historiques-et#nh3\" target=\"_blank\">3<\/a>] Jennifer Chan-Tiberghien, \u00ab La participation f\u00e9ministe au mouvement altermondialiste : Une critique de l\u2019Organisation Mondiale du Commerce \u00bb, <i>Recherches F\u00e9ministes<\/i>, volume 17, n\u00b0 2, 2004, p. 199.<\/p>\n<p style=\"text-align: justify;\">[<a title=\"Notes 4\" href=\"http:\/\/quefaire.lautre.net\/que-faire\/que-faire-no09-avril-mai-2012\/article\/les-fondements-historiques-et#nh4\" target=\"_blank\">4<\/a>] Louis Sala-Molins, \u00ab Le Code Noir, Les Lumi\u00e8res et Nous \u00bb, dans Val\u00e9rie Lange-Eyre (dir), <i>M\u00e9moire et droits humains : Enjeux et perspectives pour les peuples d\u2019Afrique<\/i>, \u00c9ditions d\u2019En Bas, Lausanne, 2009, p. 38.<\/p>\n<p style=\"text-align: justify;\">[<a title=\"Notes 5\" href=\"http:\/\/quefaire.lautre.net\/que-faire\/que-faire-no09-avril-mai-2012\/article\/les-fondements-historiques-et#nh5\" target=\"_blank\">5<\/a>] Karl Marx, \u00ab Lettre \u00e0 Friedrich Engels du 20 juin 1866 \u00bb, <i>Correspondances<\/i>, tome VIII, \u00c9ditions sociales, Paris, 1981.<\/p>\n<p style=\"text-align: justify;\">[<a title=\"Notes 6\" href=\"http:\/\/quefaire.lautre.net\/que-faire\/que-faire-no09-avril-mai-2012\/article\/les-fondements-historiques-et#nh6\" target=\"_blank\">6<\/a>] Eric Savar\u00e8se, <i>L\u2019ordre colonial et sa l\u00e9gitimation en France m\u00e9tropolitaine : oublier l\u2019autre<\/i>, L\u2019Harmattan, Paris, 1998, p. 134.<\/p>\n<p style=\"text-align: justify;\">[<a title=\"Notes 7\" href=\"http:\/\/quefaire.lautre.net\/que-faire\/que-faire-no09-avril-mai-2012\/article\/les-fondements-historiques-et#nh7\" target=\"_blank\">7<\/a>] Cit\u00e9 dans Ren\u00e9 Galissot, \u00ab Sur les d\u00e9buts du communisme en Alg\u00e9rie et en Tunisie : socialisme colonial et rupture r\u00e9volutionnaire \u00bb, dans <i>Collectif, M\u00e9langes d\u2019histoire sociale offerts \u00e0 Jean Maitron<\/i>, \u00c9ditions ouvri\u00e8res, Paris, 1976, p. 101.<\/p>\n<p style=\"text-align: justify;\">[<a title=\"Notes 8\" href=\"http:\/\/quefaire.lautre.net\/que-faire\/que-faire-no09-avril-mai-2012\/article\/les-fondements-historiques-et#nh8\" target=\"_blank\">8<\/a>] Philippe Dewitte, <i>Les mouvements n\u00e8gres en France<\/i>, 1919-1939, L\u2019Harmattan, Paris, 1985, p. 62.<\/p>\n<p style=\"text-align: justify;\">[<a title=\"Notes 9\" href=\"http:\/\/quefaire.lautre.net\/que-faire\/que-faire-no09-avril-mai-2012\/article\/les-fondements-historiques-et#nh9\" target=\"_blank\">9<\/a>] Abdelmalek Sayad, \u00ab Le mode de g\u00e9n\u00e9ration des g\u00e9n\u00e9rations immigr\u00e9es \u00bb, <i>Migrants-formation<\/i>, n\u00b0 98, septembre 1994, p.14.<\/p>\n<p style=\"text-align: justify;\">[<a title=\"Notes 10\" href=\"http:\/\/quefaire.lautre.net\/que-faire\/que-faire-no09-avril-mai-2012\/article\/les-fondements-historiques-et#nh10\" target=\"_blank\">10<\/a>] Abdelmalek Sayad, \u00ab Le foyer des sans-familles \u00bb, dans <i>L\u2019immigration et les paradoxes de l\u2019alt\u00e9rit\u00e9<\/i>, De Boeck Universit\u00e9, Paris-Bruxelles, 1991, pp. 91-92<\/p>\n<p style=\"text-align: justify;\">[<a title=\"Notes 11\" href=\"http:\/\/quefaire.lautre.net\/que-faire\/que-faire-no09-avril-mai-2012\/article\/les-fondements-historiques-et#nh11\" target=\"_blank\">11<\/a>] Pierre Serna, <i>Les tunisiens ne sont pas en 1789 ! ou impossible n\u2019est pas tunisien<\/i>, Institut d\u2019histoire de la r\u00e9volution fran\u00e7aise, Universit\u00e9 Panth\u00e9on-Sorbonne.<\/p>\n","protected":false},"excerpt":{"rendered":"<p>Sa\u00efdou, chanteur du groupe Zep, et Sa\u00efd Bouamama, sociologue et militant, sont attaqu\u00e9s en justice pour \u00ab\u00a0injure publique\u00a0\u00bb et \u00ab\u00a0provocation \u00e0 la discrimination, \u00e0 la haine ou \u00e0 la violence\u00a0\u00bb par l\u2019AGRIF (Alliance G\u00e9n\u00e9rale contre le Racisme et pour la d\u00e9fense de l\u2019Identit\u00e9 Fran\u00e7aise et chretienne) suite \u00e0 la sortie de leur livre et de &#8230; <a title=\"Interview de Sa\u00efd Bouamama, sociologue &#038; militant associatif\" class=\"read-more\" href=\"https:\/\/bruxelles-pantheres.be\/?p=602\" aria-label=\"En savoir plus sur Interview de Sa\u00efd Bouamama, sociologue &#038; militant associatif\">Lire la suite<\/a><\/p>\n","protected":false},"author":1,"featured_media":603,"comment_status":"open","ping_status":"open","sticky":false,"template":"","format":"standard","meta":{"footnotes":""},"categories":[1,35,21,22,25,36,42,4,20,7,6,8,18,28,37,39,5],"tags":[],"class_list":["post-602","post","type-post","status-publish","format-standard","has-post-thumbnail","hentry","category-non-classe","category-amerique-du-sud","category-anti-imperialisme","category-emploi","category-enseignement","category-europe","category-homophobie","category-islamophobie","category-logement","category-negrophobie","category-palestine-moyen-orient","category-prisons","category-resistance-bruxelles","category-racismes","category-romophobie","category-sans-papier","category-violence-policiere"],"_links":{"self":[{"href":"https:\/\/bruxelles-pantheres.be\/index.php?rest_route=\/wp\/v2\/posts\/602","targetHints":{"allow":["GET"]}}],"collection":[{"href":"https:\/\/bruxelles-pantheres.be\/index.php?rest_route=\/wp\/v2\/posts"}],"about":[{"href":"https:\/\/bruxelles-pantheres.be\/index.php?rest_route=\/wp\/v2\/types\/post"}],"author":[{"embeddable":true,"href":"https:\/\/bruxelles-pantheres.be\/index.php?rest_route=\/wp\/v2\/users\/1"}],"replies":[{"embeddable":true,"href":"https:\/\/bruxelles-pantheres.be\/index.php?rest_route=%2Fwp%2Fv2%2Fcomments&post=602"}],"version-history":[{"count":1,"href":"https:\/\/bruxelles-pantheres.be\/index.php?rest_route=\/wp\/v2\/posts\/602\/revisions"}],"predecessor-version":[{"id":604,"href":"https:\/\/bruxelles-pantheres.be\/index.php?rest_route=\/wp\/v2\/posts\/602\/revisions\/604"}],"wp:featuredmedia":[{"embeddable":true,"href":"https:\/\/bruxelles-pantheres.be\/index.php?rest_route=\/wp\/v2\/media\/603"}],"wp:attachment":[{"href":"https:\/\/bruxelles-pantheres.be\/index.php?rest_route=%2Fwp%2Fv2%2Fmedia&parent=602"}],"wp:term":[{"taxonomy":"category","embeddable":true,"href":"https:\/\/bruxelles-pantheres.be\/index.php?rest_route=%2Fwp%2Fv2%2Fcategories&post=602"},{"taxonomy":"post_tag","embeddable":true,"href":"https:\/\/bruxelles-pantheres.be\/index.php?rest_route=%2Fwp%2Fv2%2Ftags&post=602"}],"curies":[{"name":"wp","href":"https:\/\/api.w.org\/{rel}","templated":true}]}}