{"id":6021,"date":"2024-10-20T17:56:45","date_gmt":"2024-10-20T16:56:45","guid":{"rendered":"https:\/\/bruxelles-pantheres.be\/?p=6021"},"modified":"2024-11-10T21:41:41","modified_gmt":"2024-11-10T20:41:41","slug":"le-mouvement-des-prisonniers-palestiniens-pleure-le-martyr-et-dirigeant-yahya-sinwar","status":"publish","type":"post","link":"https:\/\/bruxelles-pantheres.be\/?p=6021","title":{"rendered":"Le mouvement des prisonniers palestiniens pleure le martyr et dirigeant Yahya Sinwar"},"content":{"rendered":"<p><span lang=\"fr-BE\">Le 18 octobre 2024, le mouvement des prisonniers palestiniens a fait une d\u00e9claration en l\u2019honneur du martyr\u00a0<a href=\"https:\/\/charleroi-pourlapalestine.be\/index.php\/tag\/yahya-sinwar\/\"><strong>Yahya Sinwar<\/strong><\/a>, le dirigeant du mouvement palestinien et ancien prisonnier lib\u00e9r\u00e9. Ci-dessous, nous republions ce communiqu\u00e9.<\/span><!--more--><\/p>\n<p><img decoding=\"async\" class=\"aligncenter wp-image-77702 size-full\" src=\"https:\/\/charleroi-pourlapalestine.be\/wp-content\/uploads\/2024\/10\/Capture-decran-2024-10-20-110510-e1729415222577.png\" alt=\"Le mouvement des prisonniers palestiniens pleure le martyr et dirigeant Yahya Sinwar. \" width=\"680\" height=\"629\" \/><\/p>\n<p>&nbsp;<\/p>\n<blockquote>\n<p align=\"JUSTIFY\"><strong><span lang=\"fr-BE\">Les institutions des prisonniers et le Mouvement national des prisonniers des prisons de l\u2019occupation d\u00e9plorent la perte du martyr et dirigeant national Yahya Sinwar.<\/span><\/strong><\/p>\n<p lang=\"fr-BE\" align=\"JUSTIFY\">Les institutions des prisonniers, le Mouvement national des prisonniers des prisons de l\u2019occupation et les prisonniers lib\u00e9r\u00e9s vivant chez eux ou \u00e0 l\u2019\u00e9tranger s\u2019adressent \u00e0 notre grand peuple pour lui dire qu\u2019ils d\u00e9plorent la perte du dirigeant national\u00a0<strong>Yahya Al-Sinwar<\/strong>\u00a0(pr\u00e9sident du bureau politique du Mouvement de r\u00e9sistance islamique, le Hamas), devenu martyr apr\u00e8s une vie enti\u00e8rement consacr\u00e9e au combat et ce, jusqu\u2019aux tout derniers moments de sa vie.<\/p>\n<p lang=\"fr-BE\" align=\"JUSTIFY\">Dans une d\u00e9claration, les institutions ont dit ceci :\u00a0<strong><em>\u00ab Aujourd\u2019hui, au nom du mouvement des prisonniers des prisons de l\u2019occupation \u2018isra\u00e9lienne\u2019, nous d\u00e9plorons la perte de notre compagnon d\u2019emprisonnement et dirigeant qui avait vou\u00e9 son existence \u00e0 la libert\u00e9 de sa terre et de son peuple. Il est le prisonnier, l\u2019homme lib\u00e9r\u00e9, le martyr, et un martyr dont le corps a \u00e9t\u00e9 retenu, en m\u00eame temps que ces centaines de martyrs ensevelis dans les cimeti\u00e8res des num\u00e9ros ou gard\u00e9s dans les r\u00e9frig\u00e9rateurs de l\u2019occupation. \u00bb<\/em><\/strong><\/p>\n<p align=\"JUSTIFY\"><span lang=\"fr-BE\">Les institutions des prisonniers ont fait remarquer que Yahya Al-Sinwar a pass\u00e9 plus de 23 ans de sa vie dans les ge\u00f4les de l\u2019occupation, avec sa premi\u00e8re arrestation en 1982, suivie par une nouvelle arrestation en 1985 et une autre encore en 1988. Il avait finalement \u00e9t\u00e9 condamn\u00e9 \u00e0 quatre fois la perp\u00e9tuit\u00e9 par l\u2019occupation et \u00e9tait rest\u00e9 emprisonn\u00e9 jusqu\u2019\u00e0 sa lib\u00e9ration lors de l\u2019accord d\u2019\u00e9change\u00a0<em>\u00ab Loyaut\u00e9 des Hommes libres \u00bb<\/em>\u00a0(<a href=\"https:\/\/samidoun.net\/2017\/06\/freedom-denied-three-years-on-the-re-arrest-of-released-prisoners-from-the-wafa-al-ahrar-exchange\/\" target=\"_blank\" rel=\"noreferrer nofollow noopener\">Wafa\u2019 al-Ahrar<\/a>) en 2011. Aujourd\u2019hui, c\u2019est pr\u00e9cis\u00e9ment le 13e anniversaire de cet \u00e9change au cours duquel Yahya Al-Sinwar faisait partie des prisonniers lib\u00e9r\u00e9s.<\/span><\/p>\n<p lang=\"fr-BE\" align=\"JUSTIFY\">Les institutions des prisonniers ont mis l\u2019accent sur le fait que le martyre de Yahya Sinwar ne dissuadera pas notre peuple de continuer de suivre la voie de la lutte pour sa libert\u00e9, pour la libert\u00e9 de sa terre et pour son droit \u00e0 l\u2019autod\u00e9termination.<\/p>\n<p lang=\"fr-BE\" align=\"JUSTIFY\">Les institutions ont \u00e9galement invit\u00e9 les gens de notre peuple, o\u00f9 qu\u2019ils se trouvent, \u00e0 se dresser en soutien du sang des martyrs et de la souffrance des prisonniers dans les ge\u00f4les de l\u2019occupation, car ces prisonniers doivent affronter des niveaux syst\u00e9matiques et sans pr\u00e9c\u00e9dent de meurtre et de torture depuis le d\u00e9but de la pr\u00e9sente guerre g\u00e9nocidaire.<\/p>\n<p align=\"JUSTIFY\"><strong><span lang=\"fr-BE\">Gloire aux martyrs de Palestine et libert\u00e9 pour les prisonniers !<\/span><\/strong><\/p>\n<p lang=\"fr-BE\" align=\"JUSTIFY\">18 octobre 2024<\/p>\n<\/blockquote>\n<p>&nbsp;<\/p>\n<p>*****<\/p>\n<p>Publi\u00e9 le 19 octobre 2024 sur<a href=\"https:\/\/samidoun.net\/2024\/10\/palestinian-prisoners-movement-statement-mourning-the-martyr-leader-yahya-sinwar\/\" target=\"_blank\" rel=\"noopener\">\u00a0Samidoun<\/a><br \/>\nTraduction : Jean-Marie Fl\u00e9mal,\u00a0<a href=\"https:\/\/charleroi-pourlapalestine.be\/\" target=\"_blank\" rel=\"noopener\">Charleroi pour la Palestine<\/a><\/p>\n<p>&nbsp;<\/p>\n<h4 class=\"post-title entry-title fittexted_for_single_post_title\">Yahya Sinwar a \u00e9t\u00e9 tu\u00e9 en combattant les forces isra\u00e9liennes \u00e0 Gaza<\/h4>\n<p class=\"post-byline\">Publi\u00e9\u00a0<time class=\"published\" datetime=\"2024-10-19T11:13:28+02:00\">19 octobre 2024<\/time>\u00a0\u00b7 Mis \u00e0 jour\u00a0<time class=\"updated\" datetime=\"2024-10-20T11:12:06+02:00\">20 octobre 2024<\/time><\/p>\n<div class=\"clear\"><\/div>\n<div class=\"entry themeform fittexted_for_entry\">\n<div class=\"entry-inner\">\n<p>L\u2019arm\u00e9e isra\u00e9lienne a annonc\u00e9 jeudi qu\u2019elle avait tu\u00e9 le chef du Hamas<strong>\u00a0Yahya Sinwar<\/strong>\u00a0\u00e0 Rafah, dans le sud de la bande de Gaza.<\/p>\n<p>Il a \u00e9t\u00e9 rapport\u00e9 que Sinwar a \u00e9t\u00e9 tu\u00e9<a href=\"https:\/\/www.aljazeera.net\/news\/2024\/10\/17\/%d8%a7%d9%84%d8%ac%d9%8a%d8%b4-%d8%a7%d9%84%d8%a5%d8%b3%d8%b1%d8%a7%d8%a6%d9%8a%d9%84%d9%8a-%d9%8a%d8%a4%d9%83%d8%af-%d9%82%d8%aa%d9%84-%d8%a7%d9%84%d8%b3%d9%86%d9%88%d8%a7%d8%b1\" target=\"_blank\" rel=\"noopener\">\u00a0mercredi<\/a>\u00a0par des troupes terrestres qui n\u2019ont pas compris qu\u2019elles \u00e9taient engag\u00e9es contre l\u2019homme le plus recherch\u00e9 par Isra\u00ebl, n\u2019ayant apparemment aucun renseignement important sur l\u2019endroit o\u00f9 Sinwar se trouvait.<\/p>\n<p>&nbsp;<\/p>\n<div id=\"attachment_77654\" class=\"wp-caption alignnone\">\n<p><img decoding=\"async\" class=\"wp-image-77654 size-full\" src=\"https:\/\/charleroi-pourlapalestine.be\/wp-content\/uploads\/2024\/10\/Yahya-Sinwar-a-Beit-lahiya.jpg\" sizes=\"(max-width: 800px) 100vw, 800px\" srcset=\"https:\/\/charleroi-pourlapalestine.be\/wp-content\/uploads\/2024\/10\/Yahya-Sinwar-a-Beit-lahiya.jpg 800w, https:\/\/charleroi-pourlapalestine.be\/wp-content\/uploads\/2024\/10\/Yahya-Sinwar-a-Beit-lahiya-300x200.jpg 300w, https:\/\/charleroi-pourlapalestine.be\/wp-content\/uploads\/2024\/10\/Yahya-Sinwar-a-Beit-lahiya-768x512.jpg 768w\" alt=\"Mai 2021. Yahya Sinwar, \u00e0 l'\u00e9poque chef du Hamas \u00e0 Gaza, salue des partisans lors d'un rassemblement \u00e0 Beit Lahiya, dans le nord de Gaza. \" width=\"800\" height=\"533\" aria-describedby=\"caption-attachment-77654\" \/><\/p>\n<p id=\"caption-attachment-77654\" class=\"wp-caption-text\"><strong>Mai 2021. Yahya Sinwar, \u00e0 l\u2019\u00e9poque chef du Hamas \u00e0 Gaza, salue des partisans lors d\u2019un rassemblement \u00e0 Beit Lahiya, dans le nord de Gaza.<\/strong>\u00a0(Photo : Ashraf Amra \/ APA images)<\/p>\n<\/div>\n<p>&nbsp;<\/p>\n<p>&nbsp;<\/p>\n<p><strong>Maureen Clare Murphy<\/strong>, 17 octobre 2024<\/p>\n<p>La police isra\u00e9lienne a pr\u00e9tendu que\u00a0<em>\u00ab les donn\u00e9es dentaires et les empreintes digitales ont permis l\u2019identification d\u00e9finitive des restes de Sinwar \u00bb,<\/em>\u00a0a<a href=\"https:\/\/www.reuters.com\/world\/live-updates-yahya-sinwar-2024-10-17\/?arena_mid=RRCz00q9yrhwnM8DUkpu\" target=\"_blank\" rel=\"noopener\">\u00a0rapport\u00e9<\/a>\u00a0Reuters.<\/p>\n<p>Des images graphiques et des vid\u00e9os montrant pr\u00e9tendument le corps de Sinwar ont \u00e9t\u00e9 publi\u00e9es par les m\u00e9dias isra\u00e9liens.<\/p>\n<p>Vendredi, le Hamas a confirm\u00e9 la mort de Sinwar, largement consid\u00e9r\u00e9 comme le cerveau de l\u2019attaque surprise du 7 octobre 2023 qui a d\u00e9vast\u00e9 le commandement sud de l\u2019arm\u00e9e isra\u00e9lienne et bris\u00e9 \u00e0 jamais le mythe de l\u2019invincibilit\u00e9 militaire isra\u00e9lienne.<\/p>\n<p>Dans une annonce faite par\u00a0<a href=\"https:\/\/www.aljazeera.net\/news\/2024\/10\/18\/%D8%AD%D9%85%D8%A7%D8%B3-%D8%AA%D9%86%D8%B9%D9%89-%D9%8A%D8%AD%D9%8A%D9%89-%D8%A7%D9%84%D8%B3%D9%86%D9%88%D8%A7%D8%B1\" target=\"_blank\" rel=\"noopener\"><strong>Khalil al-Hayya<\/strong><\/a>, chef du Hamas \u00e0 Gaza, le groupe de r\u00e9sistance a d\u00e9clar\u00e9 que Sinwar<\/p>\n<blockquote><p>\u00ab a consacr\u00e9 sa vie \u00e0 la Palestine et a sacrifi\u00e9 son \u00e2me pour l\u2019amour de Dieu sur le chemin de sa lib\u00e9ration \u00bb.<\/p><\/blockquote>\n<p>M. Al-Hayya a d\u00e9clar\u00e9 que M. Sinwar \u00e9tait le dernier d\u2019une longue s\u00e9rie de dirigeants du Hamas tu\u00e9s par Isra\u00ebl et a promis que la r\u00e9sistance se poursuivrait jusqu\u2019\u00e0 la lib\u00e9ration compl\u00e8te de la Palestine.<\/p>\n<p>Yahya Sinwar avait succ\u00e9d\u00e9 \u00e0<a href=\"https:\/\/charleroi-pourlapalestine.be\/index.php\/2024\/08\/01\/lassassinat-dismail-haniyeh-ne-fera-que-renforcer-la-resolution-de-la-resistance\/\" target=\"_blank\" rel=\"noopener\"><strong>\u00a0Ismail Haniyeh<\/strong><\/a>en tant que dirigeant du Hamas apr\u00e8s l\u2019assassinat de ce dernier en juillet dernier \u00e0 T\u00e9h\u00e9ran, o\u00f9 il avait \u00e9t\u00e9 invit\u00e9 \u00e0 l\u2019occasion de l\u2019intronisation du pr\u00e9sident iranien Masoud Pezeshkian.<\/p>\n<p>Bien qu\u2019il n\u2019ait jamais confirm\u00e9 ou ni\u00e9 sa responsabilit\u00e9, on croit que c\u2019est bien Isra\u00ebl qui a assassin\u00e9 Haniyeh, qui \u00e9tait le principal interlocuteur palestinien dans les n\u00e9gociations en vue de lib\u00e9rer les otages d\u00e9tenus par le Hamas et d\u2019autres organisations \u00e0 Gaza et de mettre un terme \u00e0 l\u2019offensive d\u00e9vastatrice d\u2019Isra\u00ebl dans l\u2019enclave.<\/p>\n<p>Fin septembre, Isra\u00ebl avait assassin\u00e9<strong><a href=\"https:\/\/charleroi-pourlapalestine.be\/index.php\/2024\/09\/29\/hassan-nasrallah-est-mort-sur-la-route-vers-la-liberation-de-la-palestine\/\" target=\"_blank\" rel=\"noopener\">\u00a0Hassan Nasrallah<\/a><\/strong>, le secr\u00e9taire g\u00e9n\u00e9ral du Hezbollah, au cours d\u2019un bombardement massif des quartiers sud de Beyrouth qui avait \u00e9galement tu\u00e9 plusieurs autres dirigeants fondateurs de l\u2019organisation de la r\u00e9sistance libanaise.<\/p>\n<p>&nbsp;<\/p>\n<h3 class=\"fittexted_for_content_h3\">Une pression maximale sur la r\u00e9sistance<\/h3>\n<p>Isra\u00ebl, avec le soutien total des EU, a poursuivi une strat\u00e9gie de pression maximale afin de d\u00e9truire et le Hamas et le Hezbollah, tuant au moins 42 000 Palestiniens \u00e0 Gaza et plus de 2 400 personnes au Liban au cours de l\u2019ann\u00e9e \u00e9coul\u00e9e.<\/p>\n<p>Les EU ont<a href=\"https:\/\/www.reuters.com\/world\/us-casts-third-veto-un-action-since-start-israel-hamas-war-2024-02-20\/\" target=\"_blank\" rel=\"noopener\">\u00a0bloqu\u00e9<\/a>\u00a0les efforts en vue d\u2019un cessez-le-feu \u00e0 Gaza en recourant \u00e0 maintes reprises \u00e0 leur veto au Conseil de s\u00e9curit\u00e9 de l\u2019ONU et ils ont propos\u00e9 en lieu et place des projets de r\u00e9solution r\u00e9clamant une tr\u00eave temporaire des combats \u00e0 Gaza qui permettrait la lib\u00e9ration des captifs isra\u00e9liens et \u00e9trangers d\u00e9tenus dans le territoire.<\/p>\n<p>Apr\u00e8s s\u2019\u00eatre oppos\u00e9 d\u00e9but d\u00e9cembre 2023 \u00e0 un projet de r\u00e9solution demandant un cessez-le-feu, l\u2019ambassadeur adjoint des EU, Robert Wood, a\u00a0<a href=\"https:\/\/news.un.org\/en\/story\/2023\/12\/1144562\" target=\"_blank\" rel=\"noopener\">d\u00e9clar\u00e9<\/a>\u00a0qu\u2019un arr\u00eat de l\u2019offensive isra\u00e9lienne<\/p>\n<blockquote><p>\u00ab ne ferait que planter les graines de la prochaine guerre, parce que le Hamas n\u2019a aucun d\u00e9sir de voir une paix durable ni de voir une solution \u00e0 deux \u00c9tats \u00bb.<\/p><\/blockquote>\n<p>Ce qu\u2019il voulait dire r\u00e9ellement, c\u2019est que les EU ne soutiennent pas la moindre piste diplomatique qui permettrait au Hamas de rester l\u2019autorit\u00e9 gouvernante de fait \u00e0 Gaza.<\/p>\n<p>De m\u00eame, les EU ne semblent vouloir rien de moins qu\u2019une<a href=\"https:\/\/charleroi-pourlapalestine.be\/index.php\/2024\/10\/08\/les-etats-unis-admettent-quils-ne-veulent-pas-dune-solution-diplomatique\/\" target=\"_blank\" rel=\"noopener\">\u00a0capitulation totale<\/a>\u00a0du Hezbollah au Liban. L\u2019organisation de r\u00e9sistance libanaise a\u00a0<a href=\"https:\/\/www.aljazeera.com\/news\/2024\/10\/15\/hezbollah-warns-of-more-rockets-unless-israel-ends-air-and-ground-attacks\" target=\"_blank\" rel=\"noopener\">r\u00e9p\u00e9t\u00e9<\/a>\u00a0cette semaine que seul un accord en vue de mettre un terme au g\u00e9nocide de Gaza ram\u00e8nerait le calme sur le front nord d\u2019Isra\u00ebl et permettrait aux colons des colonies \u00e9vacu\u00e9es de regagner leurs foyers.<\/p>\n<p>Washington est si engag\u00e9 dans l\u2019\u00e9radication des organisations de r\u00e9sistance qu\u2019il risque une confrontation militaire avec l\u2019Iran et qu\u2019il<a href=\"https:\/\/www.reuters.com\/world\/us-send-anti-missile-system-israel-says-pentagon-2024-10-13\/\" target=\"_blank\" rel=\"noopener\">\u00a0envoie des troupes<\/a>\u00a0afin de faire fonctionner un syst\u00e8me de d\u00e9fense avanc\u00e9 par missiles destin\u00e9 \u00e0 compl\u00e9ter les d\u00e9fenses isra\u00e9liennes inefficaces contre des missiles \u00e0 longue port\u00e9e.<\/p>\n<p><strong>Abbas Araqchi<\/strong>, le ministre des Affaires \u00e9trang\u00e8res de l\u2019Iran, a mis en garde contre le fait que Washington mettait en danger la vie de ses soldats<\/p>\n<blockquote><p>\u00ab en les d\u00e9ployant pour qu\u2019ils actionnent les syst\u00e8mes am\u00e9ricains de missiles en Isra\u00ebl \u00bb.<\/p><\/blockquote>\n<p>Le pr\u00e9sident am\u00e9ricain Joe Biden a\u00a0<a href=\"https:\/\/x.com\/POTUS\/status\/1846984629573542269\" target=\"_blank\" rel=\"noopener\">accueilli<\/a>\u00a0la mort de Sinwar en disant que c\u2019\u00e9tait<\/p>\n<blockquote><p>\u00ab une bonne journ\u00e9e pour Isra\u00ebl, pour les \u00c9tats-Unis et pour le monde \u00bb.<\/p><\/blockquote>\n<p>Dans une d\u00e9claration, Biden a dit qu\u2019il avait<\/p>\n<blockquote><p>\u00ab dirig\u00e9 du personnel des Op\u00e9rations sp\u00e9ciales et des professionnels de nos renseignements afin qu\u2019ils travaillent c\u00f4te \u00e0 cote avec leurs homologues isra\u00e9liens en vue de contribuer \u00e0 localiser et rep\u00e9rer Sinwar et d\u2019autres dirigeants du Hamas qui se cachaient \u00e0 Gaza \u00bb.<\/p><\/blockquote>\n<p>Il a ajout\u00e9 qu\u2019avec l\u2019aide des renseignements am\u00e9ricains, l\u2019arm\u00e9e isra\u00e9lienne \u00ab poursuivait sans rel\u00e2che les dirigeants du Hamas, les d\u00e9busquant de leurs cachettes et les for\u00e7ant \u00e0 s\u2019enfuir \u00bb.<\/p>\n<p>Des dizaines de civils ont \u00e9t\u00e9 tu\u00e9s par des frappes au cours desquelles Isra\u00ebl a pr\u00e9tendu avoir cibl\u00e9 d\u2019importantes personnalit\u00e9s du Hamas.<\/p>\n<p>En juillet,\u00a0<a href=\"https:\/\/charleroi-pourlapalestine.be\/index.php\/2024\/07\/14\/israel-tue-au-moins-90-palestiniens-dans-une-zone-securisee-de-gaza\/\" target=\"_blank\" rel=\"noopener\">quelque 90 Palestiniens<\/a>\u00a0avaient \u00e9t\u00e9 tu\u00e9s dans une frappe de l\u2019aviation isra\u00e9lienne qui ciblait pr\u00e9tendument<strong>\u00a0Muhammad Deif<\/strong>, le chef fantomatique de l\u2019aile arm\u00e9e de l\u2019organisation et ce, du c\u00f4t\u00e9 d\u2019al-Mawasi, une zone du sud-ouest de Gaza qu\u2019Isra\u00ebl avait unilat\u00e9ralement proclam\u00e9e zone humanitaire.<\/p>\n<p>&nbsp;<\/p>\n<h3 class=\"fittexted_for_content_h3\">Le lendemain ?<\/h3>\n<p>Biden a affirm\u00e9 qu\u2019avec l\u2019\u00e9limination de Sinwar,<\/p>\n<blockquote><p>\u00ab il existait d\u00e9sormais une opportunit\u00e9 de \u2018lendemain\u2019 \u00e0 Gaza sans le Hamas au pouvoir \u00bb.<\/p><\/blockquote>\n<p>Kamala Harris, la vice-pr\u00e9sidente des EU et la candidate du Parti d\u00e9mocrate \u00e0 la pr\u00e9sidence, s\u2019est faite l\u2019\u00e9cho de la d\u00e9claration de Biden. Aussi bien le pr\u00e9sident que sa vice-pr\u00e9sidente\u00a0<a href=\"https:\/\/charleroi-pourlapalestine.be\/index.php\/2024\/06\/19\/la-maison-blanche-va-examiner-les-aveux-sous-torture-des-palestiniens-afin-de-privilegier-le-mensonge-sur-les-viols-massifs\/\" target=\"_blank\" rel=\"noopener\">ont faussement accus\u00e9<\/a>\u00a0le Hamas d\u2019avoir perp\u00e9tr\u00e9 des violences sexuelles massives le 7 octobre et ils ont gomm\u00e9 le contexte de la colonisation de peuplement dans lequel l\u2019op\u00e9ration avait eu lieu en disant que c\u2019\u00e9tait la pire attaque contre le peuple juif depuis l\u2019Holocauste.<\/p>\n<p>Ni l\u2019un ni l\u2019autre n\u2019ont reconnu qu\u2019Isra\u00ebl avait<a href=\"https:\/\/electronicintifada.net\/content\/how-israel-killed-hundreds-its-own-people-7-october\/49216\" target=\"_blank\" rel=\"noopener\">\u00a0tu\u00e9 des centaines de ses propres ressortissants<\/a>, ce 7 octobre 2023.<\/p>\n<p>Harris<a href=\"https:\/\/www.reuters.com\/world\/live-updates-yahya-sinwar-2024-10-17\/?arena_mid=FBM56qqW5POzK2jaqpKx\" target=\"_blank\" rel=\"noopener\">\u00a0a d\u00e9clar\u00e9<\/a>\u00a0:<\/p>\n<blockquote><p>\u00ab Ce moment nous donne une opportunit\u00e9 d\u2019enfin mettre un terme \u00e0 la guerre \u00e0 Gaza et elle doit finir de telle fa\u00e7on qu\u2019Isra\u00ebl conna\u00eetra la s\u00e9curit\u00e9, que les otages seront rel\u00e2ch\u00e9s, que la souffrance de Gaza se terminera et que le peuple palestinien pourra concr\u00e9tiser son droit \u00e0 la dignit\u00e9, \u00e0 la s\u00e9curit\u00e9, \u00e0 la libert\u00e9 et \u00e0 l\u2019autod\u00e9termination. \u00bb<\/p><\/blockquote>\n<p>Matthew Miller, le porte-parole du d\u00e9partement d\u2019\u00c9tat am\u00e9ricain, a implicitement reconnu qu\u2019il n\u2019y aurait pas d\u2019\u00e9limination du Hamas en tant qu\u2019organisation. Bl\u00e2mant le Hamas pour les souffrances du peuple palestinien tout au long de l\u2019ann\u00e9e \u00e9coul\u00e9e, Miller\u00a0<a href=\"https:\/\/www.timesofisrael.com\/liveblog_entry\/us-we-hope-that-sinwars-replacement-will-look-at-suffering-he-caused-and-choose-different-path\/\" target=\"_blank\" rel=\"noopener\">a d\u00e9clar\u00e9<\/a>\u00a0que Washington esp\u00e9rait que le successeur de Sinwar allait\u00a0<em>\u00ab suivre une voie diff\u00e9rente vers l\u2019avant \u00bb.<\/em><\/p>\n<p>Mais Benjamin Netanyahou, le Premier ministre isra\u00e9lien a fait clairement savoir que la guerre se poursuivrait et que la mort de Sinwar marquait\u00a0<em>\u00ab le d\u00e9but du jour qui viendrait apr\u00e8s le Hamas \u00bb.<\/em><\/p>\n<blockquote><p>\u00ab Aujourd\u2019hui, comme nous l\u2019avions promis, nous avons r\u00e9gl\u00e9 nos comptes avec lui. Aujourd\u2019hui, le mal a subi un coup dur, mais notre mission n\u2019est pas encore termin\u00e9e \u00bb,<\/p><\/blockquote>\n<p>a\u00a0<a href=\"https:\/\/www.timesofisrael.com\/liveblog_entry\/pm-after-sinwar-killing-those-holding-hostages-will-be-spared-if-they-lay-down-arms-release-them\/\" target=\"_blank\" rel=\"noopener\">expliqu\u00e9<\/a>\u00a0Netanyahou dans une d\u00e9claration sur vid\u00e9o.<\/p>\n<p>S\u2019adressant aux familles des Isra\u00e9liens toujours d\u00e9tenus \u00e0 Gaza, Netanyahou a ajout\u00e9 :<\/p>\n<blockquote><p>\u00ab C\u2019est un moment important, dans cette guerre. Nous continuerons \u00e0 pleine force jusqu\u2019\u00e0 ce que vos bien-aim\u00e9s \u2013 nos bien-aim\u00e9s ! \u2013 seront rentr\u00e9s chez eux. \u00bb<\/p><\/blockquote>\n<p>Mais certaines familles des captifs d\u00e9tenus \u00e0 Gaza ont dit qu\u2019elles\u00a0<a href=\"https:\/\/www.reuters.com\/world\/middle-east\/families-israeli-hostages-fear-captives-after-sinwar-killed-2024-10-17\/\" target=\"_blank\" rel=\"noopener\">craignaient<\/a>\u00a0que le meurtre de Sinwar ne mette les existences de leurs \u00eatres chers en plus grand danger encore. Orna et Ronen Neutra, les parents d\u2019un captif \u00e0 double nationalit\u00e9 isra\u00e9lienne et am\u00e9ricaine, a demand\u00e9 aux deux gouvernements<\/p>\n<blockquote><p>\u00ab d\u2019agir rapidement et de faire tout ce qu\u2019il fallait pour en arriver \u00e0 un accord avec les ravisseurs \u00bb.<\/p><\/blockquote>\n<p>Benny Gantz, le dirigeant de l\u2019opposition isra\u00e9lienne et ancien membre du cabinet de guerre de Netanyahou, a f\u00e9licit\u00e9 les soldats qui ont tu\u00e9 Sinwar et\u00a0<a href=\"https:\/\/x.com\/PeruginiNic\/status\/1846980017164542457?ref_src=twsrc%5Etfw%7Ctwcamp%5Etweetembed%7Ctwterm%5E1846980017164542457%7Ctwgr%5E24d97bf003b73d001758ce4a8caab16fa02cc67b%7Ctwcon%5Es1_&amp;ref_url=https%3A%2F%2Felectronicintifada.net%2Fblogs%2Fmaureen-clare-murphy%2Fyahya-sinwar-killed-combat-israeli-forces-gaza\" target=\"_blank\" rel=\"noopener\">a dit<\/a>\u00a0que l\u2019arm\u00e9e<\/p>\n<blockquote><p>\u00ab allait continuer \u00e0 op\u00e9rer dans la bande de Gaza pendant les ann\u00e9es \u00e0 venir \u00bb.<\/p><\/blockquote>\n<p>&nbsp;<\/p>\n<h3 class=\"fittexted_for_content_h3\">Un statut de l\u00e9gende<\/h3>\n<p>Les propagandistes isra\u00e9liens peuvent avoir pens\u00e9 que publier des photos et des vid\u00e9os des derniers moments de Sinwar et de son corps sans vie allait instiller des sentiments de d\u00e9faite et d\u2019humiliation parmi les partisans de la r\u00e9sistance palestinienne.<\/p>\n<p>Les images ont eu l\u2019effet contraire et ne feront que cimenter son statut qui est d\u00e9j\u00e0 celui d\u2019une l\u00e9gende. Elles montrent que\u00a0<strong>Sinwar est mort au combat comme un simple combattant<\/strong>\u00a0\u2013 dans ce qui n\u2019\u00e9tait peut-\u00eatre pas son premier engagement contre les troupes isra\u00e9liennes \u2013 plut\u00f4t que d\u2019accepter l\u2019exil ou d\u2019\u00eatre tu\u00e9 en pleine retraite.<\/p>\n<p>Suheib Alassa, un correspondant d\u2019Al Jazeera,\u00a0<a href=\"https:\/\/x.com\/SuAlassa\/status\/1847008693000528166\" target=\"_blank\" rel=\"noopener\">a dit que<\/a><\/p>\n<blockquote><p>\u00ab les renseignements isra\u00e9liens et l\u2019aviation am\u00e9ricaine et britannique n\u2019\u00e9taient pas parvenus \u00e0 trouver une piste qui aurait pu les mener \u00e0 Sinwar, que m\u00eame les plus finauds des sp\u00e9cialistes de la guerre et des renseignements ne s\u2019attendaient pas \u00e0 voir participer directement aux combats \u00bb.<\/p><\/blockquote>\n<p>Le fait que Sinwar \u00e9tait sur la ligne de front signifiait que les combattants du Hamas \u00e9taient organis\u00e9s et op\u00e9raient selon\u00a0<em>\u00ab des plans pr\u00e9cis, qu\u2019importe le nom du commandant et l\u2019endroit o\u00f9 ils se trouvaient \u00bb<\/em>, estime Alassa.<\/p>\n<p>L\u2019analyste militaire Elijah J. Magnier\u00a0<a href=\"https:\/\/x.com\/ejmalrai\/status\/1846995681417847129\" target=\"_blank\" rel=\"noopener\">a dit<\/a>\u00a0que<\/p>\n<blockquote><p>\u00ab\u00a0<strong>la d\u00e9cision de Sinwar de rester \u00e0 l\u2019avant du front du conflit mettait en \u00e9vidence sa volont\u00e9 de partager les m\u00eames risques et sacrifices que les civils et combattants de Gaza, renfor\u00e7ant ainsi l\u2019id\u00e9e que les dirigeants du Hamas n\u2019abandonneraient pas leur peuple en ces temps tr\u00e8s p\u00e9nibles<\/strong>\u00a0\u00bb.<\/p><\/blockquote>\n<p>Magnier a ajout\u00e9 que la nature de<\/p>\n<blockquote><p>\u00ab\u00a0<strong>la mort de Sinwar communique aux gens de Gaza que leurs commandants sont aussi engag\u00e9s qu\u2019eux le sont et qu\u2019eux aussi sont pr\u00e9par\u00e9s \u00e0 affronter le sacrifice ultime<\/strong>\u00a0\u00bb.<\/p><\/blockquote>\n<p>Yahya Sinwar \u00e9tait n\u00e9 en 1962 au camp de r\u00e9fugi\u00e9s de Khan Younis, \u00e0 Gaza. Sa famille provenait \u00e0 l\u2019origine de Majdal, rebaptis\u00e9e Ashkelon apr\u00e8s sa conqu\u00eate par les forces sionistes en 1948.<\/p>\n<p>Comme d\u2019autres dirigeants de la r\u00e9sistance qui ont \u00e9t\u00e9 tu\u00e9s avant lui, Sinwar\u00a0<a href=\"https:\/\/x.com\/AliAbunimah\/status\/1847039777977094605?ref_src=twsrc%5Etfw%7Ctwcamp%5Etweetembed%7Ctwterm%5E1847039777977094605%7Ctwgr%5E24d97bf003b73d001758ce4a8caab16fa02cc67b%7Ctwcon%5Es1_&amp;ref_url=https%3A%2F%2Felectronicintifada.net%2Fblogs%2Fmaureen-clare-murphy%2Fyahya-sinwar-killed-combat-israeli-forces-gaza\" target=\"_blank\" rel=\"noopener\">avait d\u00e9clar\u00e9<\/a>\u00a0que le martyre \u00e9tait le plus grand don que l\u2019occupation pouvait lui accorder.<\/p>\n<p>Il y a vingt ans environ,\u00a0<strong>Cheikh Ahmed Yassin<\/strong>, l\u2019un des fondateurs du Hamas,<a href=\"https:\/\/www.reuters.com\/world\/live-updates-yahya-sinwar-2024-10-17\/?arena_mid=rVqaGa5X7HVbfjbnn70N\" target=\"_blank\" rel=\"noopener\">\u00a0avait dit<\/a>\u00a0qu\u2019il n\u2019\u00e9tait pas effray\u00e9 par les menaces d\u2019assassinat de la part d\u2019Isra\u00ebl, ajoutant que<\/p>\n<blockquote><p>\u00ab si je vois la roquette venir, je sauterai pour l\u2019\u00e9treindre \u00bb et que \u00ab s\u2019ils tuent Ahmed Yassin, 100 autres Ahmed Yassin grandiront \u00bb<br \/>\n\u00ab Nous ne sommes pas effray\u00e9s par leurs menaces et, quand nous serons tu\u00e9s, ce sera le plus beau jour de notre vie \u00bb,<\/p><\/blockquote>\n<p>avait dit Yassin, quelques mois \u00e0 peine avant d\u2019\u00eatre assassin\u00e9 par une frappe de missile sur Gaza en 2004.<\/p>\n<p>Yahya Sinwar avait \u00e9t\u00e9 l\u2019assistant personnel de Yassin et il avait pass\u00e9 un quart de si\u00e8cle dans les prisons isra\u00e9liennes, une p\u00e9riode au cours de laquelle il avait appris l\u2019h\u00e9breu et s\u2019\u00e9tait consacr\u00e9 \u00e0 l\u2019\u00e9tude de la politique et de la soci\u00e9t\u00e9 isra\u00e9liennes tout en produisant \u00e9galement\u00a0<a href=\"https:\/\/www.aljazeera.net\/encyclopedia\/2017\/2\/13\/%d8%aa%d8%b9%d8%b1%d9%81-%d8%b9%d9%84%d9%89-%d9%8a%d8%ad%d9%8a%d9%89-%d8%a7%d9%84%d8%b3%d9%86%d9%88%d8%a7%d8%b1-%d9%82%d8%a7%d8%a6%d8%af-%d8%ad%d9%85%d8%a7%d8%b3-%d8%a7%d9%84%d8%ac%d8%af%d9%8a%d8%af\" target=\"_blank\" rel=\"noopener\">plusieurs livres et traductions<\/a>\u00a0concernant Isra\u00ebl et la strat\u00e9gie politique palestinienne.<\/p>\n<p>En 2021, dans\u00a0<a href=\"https:\/\/x.com\/SuppressedNws\/status\/1847007291813326927?ref_src=twsrc%5Etfw%7Ctwcamp%5Etweetembed%7Ctwterm%5E1847007291813326927%7Ctwgr%5E24d97bf003b73d001758ce4a8caab16fa02cc67b%7Ctwcon%5Es1_&amp;ref_url=https%3A%2F%2Felectronicintifada.net%2Fblogs%2Fmaureen-clare-murphy%2Fyahya-sinwar-killed-combat-israeli-forces-gaza\" target=\"_blank\" rel=\"noopener\">sa derni\u00e8re interview<\/a>\u00a0\u2013 le seul entretien assis qu\u2019il ait jamais donn\u00e9 \u00e0 une publication en anglais \u2013 Sinwar avait dit qu\u2019avec son armement dernier cri<\/p>\n<blockquote><p>\u00ab Isra\u00ebl bombarde et tue intentionnellement nos enfants et nos femmes \u00bb<br \/>\n\u00ab Vous ne pouvez comparer cela \u00e0 ceux qui r\u00e9sistent et qui se d\u00e9fendent avec des armes qui semblent primitives, en comparaison \u00bb,<\/p><\/blockquote>\n<p>avait-il dit.<\/p>\n<p>La r\u00e9sistance d\u00e9fendra son peuple avec tous les moyens dont elle dispose, selon Sinwar.<\/p>\n<blockquote><p>\u00ab Que sommes-nous cens\u00e9s faire ? Devrions-nous hisser le drapeau blanc ? \u00bb<\/p><\/blockquote>\n<p>avait-il demand\u00e9 sans vraiment attendre de r\u00e9ponse.<\/p>\n<blockquote><p>\u00ab Cela n\u2019arrivera pas \u00bb,<\/p><\/blockquote>\n<p>avait-il conclu. Il a tenu cette promesse.<\/p>\n<p>*****<\/p>\n<p><strong><img decoding=\"async\" class=\"alignleft wp-image-45540 size-full\" src=\"https:\/\/charleroi-pourlapalestine.be\/wp-content\/uploads\/2022\/10\/Maureen-Clare-Murphy-e1665914569514.jpg\" sizes=\"(max-width: 150px) 100vw, 150px\" srcset=\"https:\/\/charleroi-pourlapalestine.be\/wp-content\/uploads\/2022\/10\/Maureen-Clare-Murphy-e1665914569514.jpg 150w, https:\/\/charleroi-pourlapalestine.be\/wp-content\/uploads\/2022\/10\/Maureen-Clare-Murphy-e1665914569514-80x80.jpg 80w\" alt=\"\" width=\"150\" height=\"150\" \/>Maureen Clare Murphy<\/strong>\u00a0est r\u00e9dactrice en chef de\u00a0<a href=\"https:\/\/electronicintifada.net\/blogs\/maureen-clare-murphy\/craig-mokhiber-moving-world-palestinian-rights\" target=\"_blank\" rel=\"noopener\">The Electronic Intifada.<\/a><\/p>\n<div class=\"pf-content\">\n<p>\u00a0\u00a0\u00a0\u00a0\u00a0\u00a0\u00a0\u00a0\u00a0\u00a0\u00a0\u00a0\u00a0\u00a0\u00a0\u00a0\u00a0\u00a0\u00a0\u00a0\u00a0\u00a0\u00a0\u00a0\u00a0\u00a0\u00a0\u00a0\u00a0\u00a0\u00a0\u00a0\u00a0\u00a0\u00a0\u00a0\u00a0\u00a0\u00a0 ******<br \/>\nPubli\u00e9 le 17 octobre 2024 sur\u00a0<a href=\"https:\/\/electronicintifada.net\/blogs\/maureen-clare-murphy\/yahya-sinwar-killed-combat-israeli-forces-gaza\" target=\"_blank\" rel=\"noopener\"><strong>The Electronic Intifada<\/strong><\/a><br \/>\nTraduction : Jean-Marie Fl\u00e9mal,\u00a0<a href=\"https:\/\/charleroi-pourlapalestine.be\/\"><strong>Charleroi pour la Palestine<\/strong><\/a><\/p>\n<\/div>\n<\/div>\n<\/div>\n<p>&nbsp;<\/p>\n<h1 class=\"surlignable\" style=\"text-align: center;\">Testament du martyr Yahya Sinwar<\/h1>\n<p>Je suis Yahya, fils d\u2019un r\u00e9fugi\u00e9 qui a transform\u00e9 l\u2019exil en une patrie temporaire, et le r\u00eave en une bataille \u00e9ternelle.<br class=\"autobr\" \/>En \u00e9crivant ces mots, je me rem\u00e9more chaque instant de ma vie\u00a0: de mon enfance dans les ruelles, aux longues ann\u00e9es d\u2019emprisonnement, et jusqu\u2019\u00e0 chaque goutte de sang vers\u00e9e sur cette terre.<br class=\"autobr\" \/>Je suis n\u00e9 dans le camp de r\u00e9fugi\u00e9s de Khan Youn\u00e8s en 1962, \u00e0 une \u00e9poque o\u00f9 la Palestine n\u2019\u00e9tait qu\u2019une m\u00e9moire d\u00e9chir\u00e9e, des cartes oubli\u00e9es sur les tables des politiciens.<br class=\"autobr\" \/>Je suis l\u2019homme dont la vie s\u2019est tiss\u00e9e entre le feu et les cendres, et j\u2019ai compris tr\u00e8s t\u00f4t que vivre sous l\u2019occupation ne signifie rien d\u2019autre qu\u2019une prison permanente.<br class=\"autobr\" \/>J\u2019ai su, d\u00e8s mon plus jeune \u00e2ge, que vivre sur cette terre n\u2019\u00e9tait pas ordinaire, et que celui qui y na\u00eet doit porter dans son c\u0153ur une arme indestructible, et comprendre que le chemin vers la libert\u00e9 est long.<br class=\"autobr\" \/>Mon testament commence ici, avec cet enfant qui a lanc\u00e9 sa premi\u00e8re pierre contre l\u2019occupant, et qui a appris que les pierres sont les premiers mots que nous pronon\u00e7ons face \u00e0 un monde qui reste silencieux devant notre blessure.<br class=\"autobr\" \/>J\u2019ai appris dans les rues de Gaza que la valeur d\u2019une personne ne se mesure pas aux ann\u00e9es qu\u2019elle a v\u00e9cues, mais \u00e0 ce qu\u2019elle offre \u00e0 sa patrie. Et ainsi fut ma vie\u00a0: prisons et batailles, douleur et espoir.<br class=\"autobr\" \/>Je suis entr\u00e9 en prison pour la premi\u00e8re fois en 1988, condamn\u00e9 \u00e0 perp\u00e9tuit\u00e9, mais je n\u2019ai jamais connu la peur.<br class=\"autobr\" \/>Dans ces cellules sombres, je voyais \u00e0 chaque mur une fen\u00eatre vers l\u2019horizon lointain, et dans chaque barreau, une lumi\u00e8re \u00e9clairant le chemin vers la libert\u00e9.<br class=\"autobr\" \/>En prison, j\u2019ai appris que la patience n\u2019est pas seulement une vertu, mais une arme\u2026 Une arme am\u00e8re, comme si l\u2019on buvait la mer goutte \u00e0 goutte.<\/p>\n<p><strong>Mon testament pour vous\u00a0: n\u2019ayez pas peur des prisons, elles ne sont qu\u2019une partie de notre long chemin vers la libert\u00e9.<\/strong><\/p>\n<p>La prison m\u2019a appris que la libert\u00e9 n\u2019est pas simplement un droit vol\u00e9, mais une id\u00e9e qui na\u00eet de la souffrance et se forge avec la patience. Lorsque j\u2019ai \u00e9t\u00e9 lib\u00e9r\u00e9 lors de l\u2019\u00e9change \u201cLoyaut\u00e9 des Libres\u201d en 2011, je n\u2019en suis pas sorti comme j\u2019\u00e9tais\u00a0; je suis sorti plus fort, avec la conviction renforc\u00e9e que ce que nous faisons n\u2019est pas une lutte passag\u00e8re, mais notre destin que nous porterons jusqu\u2019\u00e0 la derni\u00e8re goutte de notre sang.<\/p>\n<p>Mon testament est que vous restiez attach\u00e9s au fusil,\u00a0<strong>\u00e0 la dignit\u00e9 qui ne se n\u00e9gocie pas<\/strong>, et au r\u00eave qui ne meurt jamais. L\u2019ennemi veut que nous abandonnions la r\u00e9sistance, que nous transformions notre cause en une n\u00e9gociation sans fin\u2026<\/p>\n<p>Mais je vous dis\u00a0:\u00a0<strong>ne n\u00e9gociez pas ce qui vous revient de droit.<\/strong>\u00a0Ils craignent votre pers\u00e9v\u00e9rance plus qu\u2019ils ne craignent vos armes. La r\u00e9sistance n\u2019est pas seulement une arme que nous portons, mais elle est notre amour pour la Palestine \u00e0 chaque souffle que nous prenons, c\u2019est notre volont\u00e9 de rester, malgr\u00e9 le si\u00e8ge et l\u2019agression.<br class=\"autobr\" \/>Mon testament est que vous restiez fid\u00e8les au sang des martyrs, \u00e0 ceux qui sont partis et nous ont laiss\u00e9 ce chemin parsem\u00e9 d\u2019\u00e9pines. Ce sont eux qui ont pav\u00e9 pour nous la voie de la libert\u00e9 avec leur sang, alors ne gaspillez pas ces sacrifices dans les calculs des politiciens et les jeux de la diplomatie.<br class=\"autobr\" \/>Nous sommes ici pour achever ce que les premiers ont commenc\u00e9, et nous ne d\u00e9vierons pas de ce chemin, quel qu\u2019en soit le prix. Gaza a toujours \u00e9t\u00e9 et restera la capitale de la r\u00e9sistance, le c\u0153ur de la Palestine qui ne cesse de battre, m\u00eame lorsque la terre nous semble trop \u00e9troite.<\/p>\n<p>Lorsque j\u2019ai pris la t\u00eate du Hamas \u00e0 Gaza en 2017, ce n\u2019\u00e9tait pas simplement un transfert de pouvoir, mais la continuit\u00e9 d\u2019une r\u00e9sistance qui a commenc\u00e9 avec des pierres et s\u2019est poursuivie avec des fusils. Chaque jour, je ressentais la souffrance de mon peuple sous le si\u00e8ge, et je savais que chaque pas que nous faisions vers la libert\u00e9 avait un co\u00fbt. Mais je vous dis\u00a0: le co\u00fbt de la capitulation est bien plus grand. C\u2019est pourquoi, accrochez-vous \u00e0 la terre comme une racine s\u2019accroche au sol, aucune temp\u00eate ne peut d\u00e9raciner un peuple qui a d\u00e9cid\u00e9 de vivre.<\/p>\n<p>Dans la bataille de l\u2019Ouragan d\u2019Al-Aqsa, je n\u2019\u00e9tais pas le chef d\u2019un groupe ou d\u2019un mouvement, mais la voix de chaque Palestinien r\u00eavant de libert\u00e9. Ma foi m\u2019a guid\u00e9, sachant que\u00a0<strong>la r\u00e9sistance n\u2019est pas seulement un choix, mais un devoir.<\/strong>\u00a0Je voulais que cette bataille soit\u00a0<strong>une nouvelle page dans le livre de la lutte palestinienne, o\u00f9 les factions s\u2019unissent et o\u00f9 tout le monde se tient dans le m\u00eame camp,<\/strong>\u00a0contre un ennemi qui n\u2019a jamais distingu\u00e9 entre un enfant et un vieillard, ou entre une pierre et un arbre.<\/p>\n<p>L\u2019Ouragan d\u2019Al-Aqsa \u00e9tait une bataille des \u00e2mes avant celle des corps, et de la volont\u00e9 avant celle des armes.<\/p>\n<p><strong>Ce que je laisse derri\u00e8re moi n\u2019est pas un h\u00e9ritage personnel, mais un h\u00e9ritage collectif<\/strong>, pour chaque Palestinien qui a r\u00eav\u00e9 de libert\u00e9, pour chaque m\u00e8re qui a port\u00e9 son fils martyr sur ses \u00e9paules, pour chaque p\u00e8re qui a pleur\u00e9 sa fille fauch\u00e9e par une balle tra\u00eetresse.<\/p>\n<p>Mon dernier testament est de toujours vous rappeler que la r\u00e9sistance n\u2019est pas une futilit\u00e9, et qu\u2019elle n\u2019est pas seulement une balle tir\u00e9e, mais une vie v\u00e9cue avec honneur et dignit\u00e9. La prison et le si\u00e8ge m\u2019ont appris que la bataille est longue, et que le chemin est ardu,\u00a0<strong>mais j\u2019ai aussi appris que les peuples qui refusent de se rendre cr\u00e9ent leurs miracles de leurs propres mains.<\/strong><\/p>\n<p>Ne comptez pas sur le monde pour vous rendre justice, car j\u2019ai v\u00e9cu et vu comment<strong>\u00a0le monde reste silencieux face \u00e0 notre souffrance.<\/strong>\u00a0Ne cherchez pas la justice, soyez vous-m\u00eames la justice. Portez le r\u00eave de la Palestine dans vos c\u0153urs, et faites de chaque blessure une arme, et de chaque larme une source d\u2019espoir.<br class=\"autobr\" \/>Voici mon testament\u00a0: ne d\u00e9posez pas vos armes, ne jetez pas vos pierres, n\u2019oubliez pas vos martyrs, et ne n\u00e9gociez pas un r\u00eave qui est votre droit.<br class=\"autobr\" \/>Nous sommes ici pour rester, sur notre terre, dans nos c\u0153urs, et dans l\u2019avenir de nos enfants.<\/p>\n<p>Je vous l\u00e8gue la Palestine, cette terre que j\u2019ai aim\u00e9e jusqu\u2019\u00e0 la mort, et le r\u00eave que j\u2019ai port\u00e9 sur mes \u00e9paules comme une montagne qui ne ploie pas.<br class=\"autobr\" \/><strong>Si je tombe, ne tombez pas avec moi<\/strong>, mais portez en mon nom un \u00e9tendard qui n\u2019est jamais tomb\u00e9, et\u00a0<strong>faites de mon sang un pont pour la g\u00e9n\u00e9ration qui na\u00eetra de nos cendres, plus forte.<\/strong>\u00a0N\u2019oubliez pas que la patrie n\u2019est pas un conte qu\u2019on raconte, mais une r\u00e9alit\u00e9 v\u00e9cue, et que dans chaque martyr qui na\u00eet de cette terre, mille r\u00e9sistants sont engendr\u00e9s.<\/p>\n<p>Si l\u2019ouragan revient et que je ne suis plus parmi vous, sachez que j\u2019\u00e9tais la premi\u00e8re goutte dans les vagues de la libert\u00e9, et que j\u2019ai v\u00e9cu pour vous voir continuer la marche.<br class=\"autobr\" \/><strong>Soyez une \u00e9pine dans leur gorge<\/strong>, un ouragan qui ne conna\u00eet pas le recul, et qui ne s\u2019arr\u00eatera que lorsque\u00a0<strong>le monde reconna\u00eetra que nous sommes les d\u00e9tenteurs du droit, et que nous ne sommes pas que des chiffres dans les bulletins d\u2019information.<\/strong><\/p>\n<h4 class=\"single_title\" style=\"text-align: center;\">Une vie h\u00e9ro\u00efque et un martyre mythique\u2026 Le parcours id\u00e9al de notre leader Yahya Sinwar<\/h4>\n<div class=\"featured_image\"><img decoding=\"async\" class=\"attachment-post-thumbnail size-post-thumbnail wp-post-image\" src=\"https:\/\/french.palinfo.com\/wp-content\/uploads\/2024\/10\/GaJ5CKUXIAAP6RY.jpeg\" sizes=\"(max-width: 360px) 100vw, 360px\" srcset=\"https:\/\/french.palinfo.com\/wp-content\/uploads\/2024\/10\/GaJ5CKUXIAAP6RY.jpeg 360w, https:\/\/french.palinfo.com\/wp-content\/uploads\/2024\/10\/GaJ5CKUXIAAP6RY-259x259.jpeg 259w, https:\/\/french.palinfo.com\/wp-content\/uploads\/2024\/10\/GaJ5CKUXIAAP6RY-100x100.jpeg 100w\" alt=\"\" width=\"360\" height=\"360\" data-pagespeed-url-hash=\"2882957540\" \/><\/div>\n<div class=\"post_content\">\n<p>Gaza \u2013 Centre d\u2019information palestinien<\/p>\n<p>Plus d\u2019un an apr\u00e8s la bataille du D\u00e9luge d\u2019Al-Aqsa et le g\u00e9nocide sioniste qui a suivi, le commandant Yahya Al-Sinwar, chef du mouvement Hamas, a transcender en h\u00e9ros martyr, avan\u00e7ant sans planification, d\u00e9gainant ses armes, affrontant et affrontant l\u2019occupation en t\u00eate des rangs et sur les axes de combat les plus dangereux \u00e0 Rafah, dans le sud de la bande de Gaza.<\/p>\n<div class=\"wp-block-image\">\n<figure class=\"alignleft size-large is-resized\"><img decoding=\"async\" class=\"wp-image-316540\" src=\"https:\/\/french.palinfo.com\/wp-content\/uploads\/2024\/10\/1729348774861-640x683.jpg\" sizes=\"(max-width: 640px) 100vw, 640px\" srcset=\"https:\/\/french.palinfo.com\/wp-content\/uploads\/2024\/10\/1729348774861-640x683.jpg 640w, https:\/\/french.palinfo.com\/wp-content\/uploads\/2024\/10\/1729348774861-243x259.jpg 243w, https:\/\/french.palinfo.com\/wp-content\/uploads\/2024\/10\/1729348774861-94x100.jpg 94w, https:\/\/french.palinfo.com\/wp-content\/uploads\/2024\/10\/1729348774861.jpg 720w\" alt=\"\" width=\"640\" height=\"683\" data-pagespeed-url-hash=\"3208321786\" \/><\/figure>\n<\/div>\n<p>Bien qu\u2019elle poss\u00e9d\u00e2t des dispositifs d\u2019espionnage et de poursuite les plus avanc\u00e9s, l\u2019occupation n\u2019a pas r\u00e9ussi pendant une ann\u00e9e enti\u00e8re \u00e0 atteindre Al-Sinwar, dont leur propagande avait toujours fait valoir qu\u2019il se cachait dans des tunnels ou parmi des civils. La surprise a \u00e9t\u00e9 qu\u2019il a \u00e9t\u00e9 martyris\u00e9 dans un affrontement arm\u00e9 contre une force sioniste sur les premi\u00e8res lignes de bataille \u00e0 Rafah, par accident.<\/p>\n<p>Cela a \u00e9galement \u00e9t\u00e9 reconnu par le porte-parole de l\u2019arm\u00e9e d\u2019occupation, Daniel Hagari qui a d\u00e9clar\u00e9 : \u00ab\u00a0Nous ne savions pas qu\u2019il \u00e9tait l\u00e0. Au d\u00e9but, nous l\u2019avons identifi\u00e9 comme un homme arm\u00e9 \u00e0 l\u2019int\u00e9rieur d\u2019un des b\u00e2timents, et il a \u00e9t\u00e9 vu, masqu\u00e9, en train de lancer une planche de bois sur le drone \u00a0\u00bb quelques secondes avant son martyre.<\/p>\n<p><strong>Un commandant engag\u00e9<\/strong><\/p>\n<p>La photo divulgu\u00e9e de l\u2019architecte du d\u00e9luge d\u2019Al-Aqsa, le chef du mouvement Hamas, Yahya Al-Sinwar, le montre dans ses derniers instants portant un \u00e9quipement militaire, combattant les envahisseurs jusqu\u2019\u00e0 son dernier souffle, et ligotant sa main avec un fil de fer dans l\u2019espoir d\u2019arr\u00eater le saignement et d\u2019avoir un pied amput\u00e9, et c\u2019est lui qui n\u2019a pas recul\u00e9, r\u00e9concili\u00e9 ou s\u2019est cach\u00e9, comme le promouvaient l\u2019entit\u00e9 sioniste et ses partisans.<\/p>\n<div class=\"wp-block-image\">\n<figure class=\"alignleft size-full is-resized\"><img decoding=\"async\" class=\"wp-image-316541\" src=\"https:\/\/french.palinfo.com\/wp-content\/uploads\/2024\/10\/yahya-le-martyr-1.jpg\" sizes=\"(max-width: 216px) 100vw, 216px\" srcset=\"https:\/\/french.palinfo.com\/wp-content\/uploads\/2024\/10\/yahya-le-martyr-1.jpg 216w, https:\/\/french.palinfo.com\/wp-content\/uploads\/2024\/10\/yahya-le-martyr-1-144x259.jpg 144w, https:\/\/french.palinfo.com\/wp-content\/uploads\/2024\/10\/yahya-le-martyr-1-56x100.jpg 56w\" alt=\"\" width=\"216\" height=\"388\" data-pagespeed-url-hash=\"1903088425\" \/><\/figure>\n<\/div>\n<p>L\u2019entit\u00e9 n\u00e9onazie, avec son appareil de propagande noire, a toujours affirm\u00e9 que la premi\u00e8re personne recherch\u00e9e se cachait parmi les civils ou dans la clandestinit\u00e9. Il admet qu\u2019il l\u2019a combattu m\u00eame dans les derni\u00e8res secondes, et que c\u2019est lui qui a tent\u00e9 d\u2019abattre un drone avec une pi\u00e8ce de bois qu\u2019il avait avec lui \u00e0 ce moment historique, peut-\u00eatre r\u00e9v\u00e9lera-t-il la honte qui accable un monde silencieux ou n\u00e9gligent.<\/p>\n<p>Se d\u00e9placer entre les positions de combat<\/p>\n<p>Le Hamas a confirm\u00e9 dans sa d\u00e9claration que le commandant Sinwar se d\u00e9pla\u00e7ait entre toutes les positions de combat, restant in\u00e9branlable et stationn\u00e9 sur la fi\u00e8re terre de Gaza, d\u00e9fendant la terre de Palestine et ses lieux sacr\u00e9s et inspirant un esprit de fermet\u00e9, de patience, d\u2019unit\u00e9 et de r\u00e9sistance.<\/p>\n<p>fin du leader par le martyre \u00e9tait attendue, mais la mani\u00e8re de son martyre au combat a \u00e9t\u00e9 une surprise pour beaucoup, mais il l\u2019a choisi avec sa volont\u00e9 et sa d\u00e9termination, et Dieu l\u2019en a honor\u00e9, et c\u2019est lui qui a port\u00e9 le fardeau de la cause palestinienn tr\u00e8s t\u00f4t.<\/p>\n<p>Le leader martyr Yahya Al-Sinwar a v\u00e9cu comme moujahid et s\u2019est fray\u00e9 un chemin dans le mouvement Hamas d\u00e8s son plus jeune \u00e2ge, impliqu\u00e9 dans ses activit\u00e9s de jihad. Il a fond\u00e9 l\u2019appareil de s\u00e9curit\u00e9 connu sous le nom de \u00ab Majd \u00bb et ses activit\u00e9s au sein du Hamas, le courant islamique \u00e0 l\u2019Universit\u00e9 islamique.<\/p>\n<p>Il a pass\u00e9 23 ans en captivit\u00e9, d\u00e9fiant le ge\u00f4lier sioniste, et apr\u00e8s avoir \u00e9t\u00e9 lib\u00e9r\u00e9 de prison dans le cadre de l\u2019accord de\u00a0\u00ab loyaut\u00e9 des libres\u00a0\u00bb, il a continu\u00e9 \u00e0 donner, \u00e0 planifier et \u00e0 mener le jihad, et a occup\u00e9 plusieurs postes \u00e0 la direction du mouvement Hamas acc\u00e9dant \u00e0 la pr\u00e9sidence apr\u00e8s l\u2019assassinat du martyr Ismail Haniyeh.<\/p>\n<p><strong>L\u2019ing\u00e9nierie du D\u00e9luge<\/strong><\/p>\n<p>Le commandant Sinwar a surv\u00e9cu \u00e0 plusieurs tentatives d\u2019assassinat, dont une tentative le 11 avril 2003 en pla\u00e7ant un objet explosif dans le mur de sa maison dans la ville de Khan Yunis, au sud de Gaza, et une autre en mai 2021 lors de la quatri\u00e8me guerre sioniste sur Gaza.<\/p>\n<p>Jusqu\u2019\u00e0 la r\u00e9alisation de son r\u00eave le 7 octobre 2023, le jour du grand d\u00e9luge qui \u00e9branla les profondeurs de l\u2019entit\u00e9 et r\u00e9v\u00e9la la fragilit\u00e9 de sa pr\u00e9tendue s\u00e9curit\u00e9, et ce qui suivit furent les \u00e9pop\u00e9es de la fermet\u00e9 l\u00e9gendaire de notre peuple et de la valeur de notre r\u00e9sistance victorieuse, jusqu\u2019\u00e0 ce qu\u2019il atteigne la position la plus honorable et la plus haute distinction et il a transcend\u00e9 aux c\u00f4t\u00e9s de son Seigneur comme t\u00e9moin, martyr, satisfait de l\u2019effort et du sacrifice qu\u2019il a donn\u00e9.<\/p>\n<div class=\"wp-block-image\">\n<figure class=\"alignleft size-large\"><img decoding=\"async\" class=\"wp-image-316554\" src=\"https:\/\/french.palinfo.com\/wp-content\/uploads\/2024\/10\/1729348774846-2-362x683.jpg\" sizes=\"(max-width: 362px) 100vw, 362px\" srcset=\"https:\/\/french.palinfo.com\/wp-content\/uploads\/2024\/10\/1729348774846-2-362x683.jpg 362w, https:\/\/french.palinfo.com\/wp-content\/uploads\/2024\/10\/1729348774846-2-137x259.jpg 137w, https:\/\/french.palinfo.com\/wp-content\/uploads\/2024\/10\/1729348774846-2-53x100.jpg 53w, https:\/\/french.palinfo.com\/wp-content\/uploads\/2024\/10\/1729348774846-2.jpg 495w\" alt=\"\" width=\"362\" height=\"683\" data-pagespeed-url-hash=\"4112713311\" \/><\/figure>\n<\/div>\n<p>Sa contributions \u00e0 l\u2019op\u00e9ration du D\u00e9luge d\u2019Al-Aqsa et sa description comme l\u2019architecte de l\u2019op\u00e9ration qui a \u00e9branl\u00e9 l\u2019entit\u00e9 sioniste ont \u00e9t\u00e9 les \u00e9tapes les plus marquantes de la vie honorable de cet homme, et il est certainement pleinement conscient que les positions de direction dans le mouvement Hamas sont un une mission et non un honneur, car les dirigeants du mouvement se dressent en martyrs au cours des longues \u00e9tapes de la lutte, \u00e0 commencer par le cheikh fondateur Ahmed Yassin, et cela ne se termine pas avec Sinwar.<\/p>\n<p>Son d\u00e9c\u00e8s en tant que martyr de Dieu n\u2019est pas seulement une co\u00efncidence ou une attente, mais plut\u00f4t un souhait et un espoir qu\u2019Abou Ibrahim a d\u00e9clar\u00e9 lors d\u2019une r\u00e9union publique il y a 3 ans. Il a d\u00e9clar\u00e9 : \u00ab Le plus grand cadeau que l\u2019ennemi et l\u2019occupation puissent me faire c\u2019est m\u2019assassiner et que je meure en martyr entre ses mains.<\/p>\n<p>Aujourd\u2019hui, \u00e0 mon \u00e2ge, je pr\u00e9f\u00e8re en fait \u00eatre martyris\u00e9 par le F-16 plut\u00f4t que de mourir du Corona, d\u2019un accident vasculaire c\u00e9r\u00e9bral, d\u2019un accident de la route ou de toute autre fa\u00e7on.<\/p>\n<p>L\u2019homme a ensuite expliqu\u00e9 ce souhait en disant : \u00ab \u00c0 cet \u00e2ge, je me suis rapproch\u00e9 de la v\u00e9ritable promesse et je pr\u00e9f\u00e8re mourir en martyr. \u00bb Sinwar a donc \u00e9t\u00e9 martyris\u00e9 comme il le souhaitait. Il a \u00e9t\u00e9 martyris\u00e9 alors qu\u2019il portait son uniforme militaire et combattait de toutes ses forces, et ne se cachait pas dans un tunnel comme l\u2019a r\u00e9p\u00e9t\u00e9 \u00e0 plusieurs reprises le Premier ministre sioniste Netanyahu.<\/p>\n<p><strong>Une sc\u00e8ne de victoire<\/strong><\/p>\n<p>Tout comme Sinwar a priv\u00e9 l\u2019occupation de s\u00e9curit\u00e9 lors du D\u00e9luge d\u2019Al-Aqsa, il les a \u00e9galement priv\u00e9s, dans ses derniers instants, de leur donner l\u2019image de la victoire dont ils avaient toujours r\u00eav\u00e9 malgr\u00e9 toutes ces capacit\u00e9s militaires et de renseignement, et tout cela. Avec le soutien des grandes puissances internationales en \u00e9change du silence r\u00e9gional, cette immense arm\u00e9e n\u2019a pu tuer son ennemi r\u00e9sistant que par hasard et lors d\u2019une op\u00e9ration de ratissage qui a eu lieu au lendemain des affrontements.<\/p>\n<div class=\"wp-block-image\">\n<figure class=\"aligncenter size-full\"><img decoding=\"async\" class=\"wp-image-316543\" src=\"https:\/\/french.palinfo.com\/wp-content\/uploads\/2024\/10\/sinw-martyr.jpg\" sizes=\"(max-width: 685px) 100vw, 685px\" srcset=\"https:\/\/french.palinfo.com\/wp-content\/uploads\/2024\/10\/sinw-martyr.jpg 685w, https:\/\/french.palinfo.com\/wp-content\/uploads\/2024\/10\/sinw-martyr-300x204.jpg 300w, https:\/\/french.palinfo.com\/wp-content\/uploads\/2024\/10\/sinw-martyr-147x100.jpg 147w\" alt=\"\" width=\"685\" height=\"466\" data-pagespeed-url-hash=\"4066375648\" \/><\/figure>\n<\/div>\n<p>L\u2019arm\u00e9e d\u2019occupation sioniste a publi\u00e9 ce qu\u2019elle dit \u00eatre les derniers instants du chef du bureau politique du Mouvement de la r\u00e9sistance islamique (Hamas), Yahya Sinwar, apr\u00e8s son martyre \u00e0 la suite d\u2019affrontements avec les forces d\u2019occupation dans la ville de Rafah, au sud de la fronti\u00e8re. Bande de Gaza, avant-hier, mercredi.<\/p>\n<p>Selon le r\u00e9cit sioniste, les forces d\u2019occupation ont pris l\u2019initiative d\u2019affronter ces personnes sans pouvoir les identifier, tandis que l\u2019un d\u2019eux \u2013 qui s\u2019est r\u00e9v\u00e9l\u00e9 plus tard \u00eatre Al-Sinwar \u2013 s\u2019est r\u00e9fugi\u00e9 seul dans un immeuble, devant un drone sioniste.<\/p>\n<p>Des photos publi\u00e9es par l\u2019arm\u00e9e sionistes montrent un Sinwar masqu\u00e9 assis sur l\u2019un des si\u00e8ges et jetant une planche de bois vers un drone sioniste qui est entr\u00e9 dans le b\u00e2timent, avant d\u2019\u00eatre pris pour cible par un tir d\u2019obus de char sur le b\u00e2timent.<\/p>\n<p><strong>Analyse d\u2019images<\/strong><\/p>\n<p>L\u2019expert militaire, le g\u00e9n\u00e9ral de brigade Elias Hanna, estime que les photos sionistes montrent que Sinwar a \u00e9t\u00e9 bless\u00e9 et a tent\u00e9 de repousser un drone sioniste avec un b\u00e2ton en bois. Hanna a d\u00e9clar\u00e9 que ces images sapent le r\u00e9cit sioniste selon lequel Sinwar se r\u00e9fugiait avec les prisonniers d\u00e9tenus, en plus du fait que son assassinat \u00e9tait une pure co\u00efncidence, \u00ab ce qui signifie qu\u2019il y avait un aveuglement tactique et de renseignement \u00bb.<\/p>\n<p>Selon le chercheur politique Saeed Ziad, Al-Sinwar savait qu\u2019il \u00e9tait mort de toute fa\u00e7on depuis qu\u2019il a lanc\u00e9 l\u2019op\u00e9ration D\u00e9lude \u00a0d\u2019Al-Aqsa le 7 octobre 2023, mais il est mort en combattant sans se cacher.<\/p>\n<p>De plus, la mort de Sinwar \u2013 selon Ziad \u2013 \u00ab lui conf\u00e8re un h\u00e9ro\u00efsme qu\u2019un homme comme lui m\u00e9rite parce qu\u2019il est mort avec son arme \u00e0 la main et ne se cachait pas comme des rats ni entour\u00e9 de prisonniers civils, comme le disaient tout le temps les dirigeants isra\u00e9liens. \u00bb<\/p>\n<p>De plus, il a \u00e9t\u00e9 martyris\u00e9 par hasard et non \u00e0 la suite d\u2019un travail complexe de renseignement ou militaire.<\/p>\n<p><strong>Une mort qui sape le r\u00e9cit sioniste<\/strong><\/p>\n<p>L\u2019expert des affaires isra\u00e9liennes, Ihab Jabareen, a souscrit au discours de Saeed en disant que la mort de Sinwar a \u00e9t\u00e9 couronn\u00e9e d\u2019une co\u00efncidence et a emp\u00each\u00e9 l\u2019entit\u00e9 de produire une image qui ferait que sa mort lui donnerait la victoire qu\u2019elle recherchait, comme elle en a l\u2019habitude dans tous les assassinats qui ont eu lieu avec une planification pr\u00e9alable.<\/p>\n<div class=\"wp-block-image\">\n<figure class=\"alignleft size-large is-resized\"><img decoding=\"async\" class=\"wp-image-316550\" src=\"https:\/\/french.palinfo.com\/wp-content\/uploads\/2024\/10\/1729348774899-3-576x683.jpg\" sizes=\"(max-width: 576px) 100vw, 576px\" srcset=\"https:\/\/french.palinfo.com\/wp-content\/uploads\/2024\/10\/1729348774899-3-576x683.jpg 576w, https:\/\/french.palinfo.com\/wp-content\/uploads\/2024\/10\/1729348774899-3-218x259.jpg 218w, https:\/\/french.palinfo.com\/wp-content\/uploads\/2024\/10\/1729348774899-3-84x100.jpg 84w, https:\/\/french.palinfo.com\/wp-content\/uploads\/2024\/10\/1729348774899-3.jpg 691w\" alt=\"\" width=\"576\" height=\"683\" data-pagespeed-url-hash=\"3912408715\" \/><\/figure>\n<\/div>\n<p>Sur la base de ces circonstances, le martyre de cet homme s\u2019est produit de mani\u00e8re aussi normale qu\u2019il s\u2019est produit, et le r\u00e9cit sioniste n\u2019a pas eu la possibilit\u00e9 de mentir devant cette r\u00e9alit\u00e9, dit Jabareen, soulignant que Sinwar \u00e9tait une cible que l\u2019entit\u00e9 a justifi\u00e9 bon nombre de ses op\u00e9rations sous pr\u00e9texte de sa recherche, ce qui signifie que les donn\u00e9es actuelles la poussent \u00e0 s\u2019asseoir \u00e0 la table des n\u00e9gociations apr\u00e8s que sa personne recherch\u00e9e num\u00e9ro un ait \u00e9t\u00e9 martyris\u00e9e.<\/p>\n<p>Ziad a soulign\u00e9 que le Hamas sera affect\u00e9 par le d\u00e9part de Sinwar, ainsi que la bande de Gaza, mais qu\u2019il ne tombera pas apr\u00e8s lui, tout comme il n\u2019est pas tomb\u00e9 lorsque Abdel Aziz Al-Rantisi, qui \u00e9tait presque le seul successeur au pouvoir, Le fondateur du mouvement, Cheikh Ahmed Yassine, a \u00e9t\u00e9 martyris\u00e9.<\/p>\n<p>Il a d\u00e9clar\u00e9 qu\u2019en arrivant par hasard \u00e0 un homme de la taille de Sinwar, le Premier ministre sioniste Netanyahu \u00e9tait incapable de pr\u00e9senter un r\u00e9cit de victoire pour ce processus historique, car il est connu pour \u00eatre le roi du roman et le roi de l\u2019image.<\/p>\n<div class=\"wp-block-image\">\n<figure class=\"aligncenter size-full\"><img decoding=\"async\" class=\"wp-image-316555\" src=\"https:\/\/french.palinfo.com\/wp-content\/uploads\/2024\/10\/%D8%A7%D8%AF%D9%88%D8%A7%D8%AA-%D8%A7%D9%84%D8%B3%D9%86%D8%A7%D9%88%D8%A7%D8%B1-2.jpg\" sizes=\"(max-width: 565px) 100vw, 565px\" srcset=\"https:\/\/french.palinfo.com\/wp-content\/uploads\/2024\/10\/\u0627\u062f\u0648\u0627\u062a-\u0627\u0644\u0633\u0646\u0627\u0648\u0627\u0631-2.jpg 565w, https:\/\/french.palinfo.com\/wp-content\/uploads\/2024\/10\/\u0627\u062f\u0648\u0627\u062a-\u0627\u0644\u0633\u0646\u0627\u0648\u0627\u0631-2-300x204.jpg 300w, https:\/\/french.palinfo.com\/wp-content\/uploads\/2024\/10\/\u0627\u062f\u0648\u0627\u062a-\u0627\u0644\u0633\u0646\u0627\u0648\u0627\u0631-2-147x100.jpg 147w\" alt=\"\" width=\"565\" height=\"384\" \/><\/figure>\n<\/div>\n<p>Netanyahu sera d\u00e9sormais confront\u00e9 \u2013 comme le disent Jabareen et Ziad \u2013 \u00e0 des questions sur son s\u00e9rieux dans la r\u00e9cup\u00e9ration des prisonniers et l\u2019arr\u00eat de la guerre, dont il a toujours tenu Sinwar pour responsable de l\u2019\u00e9chec \u00e0 parvenir \u00e0 un accord.<\/p>\n<p>Au-del\u00e0 de tous ces d\u00e9tails, l\u2019entit\u00e9 sioniste est confront\u00e9e au dilemme de la fausse histoire de la cachette de Sinwar et \u00e0 la difficult\u00e9 de l\u2019atteindre apr\u00e8s que l\u2019homme ait \u00e9t\u00e9 martyris\u00e9 lors d\u2019une confrontation ordinaire \u00e0 l\u2019int\u00e9rieur d\u2019une maison \u00e0 la surface de la terre, comme le dit Jabareen.<\/p>\n<\/div>\n<div class=\"shortUrldiv\"><input id=\"shortUrlId\" class=\"shortUrl\" type=\"text\" value=\"https:\/\/french.palinfo.com\/?p=316537\" \/><\/div>\n<div><\/div>\n<div style=\"text-align: center;\"><a href=\"https:\/\/bruxelles-pantheres.be\/wp-content\/uploads\/2024\/10\/GbfRuabbgAAV9ez.jpg\"><img decoding=\"async\" class=\"alignnone wp-image-6061 size-full\" src=\"https:\/\/bruxelles-pantheres.be\/wp-content\/uploads\/2024\/10\/GbfRuabbgAAV9ez.jpg\" alt=\"\" width=\"914\" height=\"1280\" srcset=\"https:\/\/bruxelles-pantheres.be\/wp-content\/uploads\/2024\/10\/GbfRuabbgAAV9ez.jpg 914w, https:\/\/bruxelles-pantheres.be\/wp-content\/uploads\/2024\/10\/GbfRuabbgAAV9ez-214x300.jpg 214w, https:\/\/bruxelles-pantheres.be\/wp-content\/uploads\/2024\/10\/GbfRuabbgAAV9ez-731x1024.jpg 731w, https:\/\/bruxelles-pantheres.be\/wp-content\/uploads\/2024\/10\/GbfRuabbgAAV9ez-768x1076.jpg 768w\" sizes=\"(max-width: 914px) 100vw, 914px\" \/><\/a><\/div>\n","protected":false},"excerpt":{"rendered":"<p>Le 18 octobre 2024, le mouvement des prisonniers palestiniens a fait une d\u00e9claration en l\u2019honneur du martyr\u00a0Yahya Sinwar, le dirigeant du mouvement palestinien et ancien prisonnier lib\u00e9r\u00e9. Ci-dessous, nous republions ce communiqu\u00e9.<\/p>\n","protected":false},"author":1,"featured_media":6022,"comment_status":"open","ping_status":"open","sticky":false,"template":"","format":"standard","meta":{"footnotes":""},"categories":[21,6,8,18],"tags":[509,578],"class_list":["post-6021","post","type-post","status-publish","format-standard","has-post-thumbnail","hentry","category-anti-imperialisme","category-palestine-moyen-orient","category-prisons","category-resistance-bruxelles","tag-hamas","tag-yahya-sinwar"],"_links":{"self":[{"href":"https:\/\/bruxelles-pantheres.be\/index.php?rest_route=\/wp\/v2\/posts\/6021","targetHints":{"allow":["GET"]}}],"collection":[{"href":"https:\/\/bruxelles-pantheres.be\/index.php?rest_route=\/wp\/v2\/posts"}],"about":[{"href":"https:\/\/bruxelles-pantheres.be\/index.php?rest_route=\/wp\/v2\/types\/post"}],"author":[{"embeddable":true,"href":"https:\/\/bruxelles-pantheres.be\/index.php?rest_route=\/wp\/v2\/users\/1"}],"replies":[{"embeddable":true,"href":"https:\/\/bruxelles-pantheres.be\/index.php?rest_route=%2Fwp%2Fv2%2Fcomments&post=6021"}],"version-history":[{"count":4,"href":"https:\/\/bruxelles-pantheres.be\/index.php?rest_route=\/wp\/v2\/posts\/6021\/revisions"}],"predecessor-version":[{"id":6062,"href":"https:\/\/bruxelles-pantheres.be\/index.php?rest_route=\/wp\/v2\/posts\/6021\/revisions\/6062"}],"wp:featuredmedia":[{"embeddable":true,"href":"https:\/\/bruxelles-pantheres.be\/index.php?rest_route=\/wp\/v2\/media\/6022"}],"wp:attachment":[{"href":"https:\/\/bruxelles-pantheres.be\/index.php?rest_route=%2Fwp%2Fv2%2Fmedia&parent=6021"}],"wp:term":[{"taxonomy":"category","embeddable":true,"href":"https:\/\/bruxelles-pantheres.be\/index.php?rest_route=%2Fwp%2Fv2%2Fcategories&post=6021"},{"taxonomy":"post_tag","embeddable":true,"href":"https:\/\/bruxelles-pantheres.be\/index.php?rest_route=%2Fwp%2Fv2%2Ftags&post=6021"}],"curies":[{"name":"wp","href":"https:\/\/api.w.org\/{rel}","templated":true}]}}