{"id":6027,"date":"2024-10-22T19:22:08","date_gmt":"2024-10-22T18:22:08","guid":{"rendered":"https:\/\/bruxelles-pantheres.be\/?p=6027"},"modified":"2024-10-20T19:25:12","modified_gmt":"2024-10-20T18:25:12","slug":"rendre-les-juifs-a-lhistoire-ou-la-fin-de-linnocence","status":"publish","type":"post","link":"https:\/\/bruxelles-pantheres.be\/?p=6027","title":{"rendered":"Rendre les Juifs \u00e0 l\u2019Histoire ou la fin de l\u2019innocence"},"content":{"rendered":"<p><strong>Avec l\u2019aimable autorisation des \u00e9ditions La Fabrique, nous publions l\u2019introduction d\u2019une contribution d\u2019Houria Bouteldja intitul\u00e9e \u00ab\u00a0Rendre les Juifs \u00e0 l\u2019histoire ou la fin de l\u2019innocence\u00a0\u00bb<\/strong>\u00a0<strong>dont vous trouverez le texte complet dans le livre collectif\u00a0<a href=\"https:\/\/lafabrique.fr\/contre-lantisemitisme-et-ses-instrumentalisations\/\">\u00ab\u00a0Contre l\u2019antis\u00e9mitisme et ses instrumentalisations\u00a0\u00bb\u00a0<\/a>qui sort le 18 octobre 2024. Vous y trouverez \u00e9galement les contributions importantes et indispensables d\u2019Ariella A\u00efsha Azoulay, Maxime Benatouil, Sebastian Budgen, Judith Butler, Leandros Fischer, Naomi Klein, Fr\u00e9d\u00e9ric Lordon et Fran\u00e7oise Verg\u00e8s.<\/strong><!--more--><\/p>\n<div class=\"featured-image\"><img decoding=\"async\" class=\"attachment-pixelwars_theme_image_size_2 size-pixelwars_theme_image_size_2 wp-post-image aligncenter\" title=\"\" src=\"https:\/\/qgdecolonial.fr\/wp-content\/uploads\/2024\/10\/juif-1000x824.jpeg\" sizes=\"(max-width: 1000px) 100vw, 1000px\" srcset=\"https:\/\/qgdecolonial.fr\/wp-content\/uploads\/2024\/10\/juif-1000x824.jpeg 1000w, https:\/\/qgdecolonial.fr\/wp-content\/uploads\/2024\/10\/juif-300x247.jpeg 300w, https:\/\/qgdecolonial.fr\/wp-content\/uploads\/2024\/10\/juif-1024x844.jpeg 1024w, https:\/\/qgdecolonial.fr\/wp-content\/uploads\/2024\/10\/juif-768x633.jpeg 768w, https:\/\/qgdecolonial.fr\/wp-content\/uploads\/2024\/10\/juif-1536x1266.jpeg 1536w, https:\/\/qgdecolonial.fr\/wp-content\/uploads\/2024\/10\/juif-2048x1688.jpeg 2048w, https:\/\/qgdecolonial.fr\/wp-content\/uploads\/2024\/10\/juif-500x412.jpeg 500w, https:\/\/qgdecolonial.fr\/wp-content\/uploads\/2024\/10\/juif-1400x1154.jpeg 1400w, https:\/\/qgdecolonial.fr\/wp-content\/uploads\/2024\/10\/juif-600x494.jpeg 600w\" alt=\"Rendre les Juifs \u00e0 l\u2019Histoire ou la fin de l\u2019innocence\" width=\"1000\" height=\"824\" \/><\/div>\n<div class=\"entry-content\">\n<p class=\"has-text-align-right selectionShareable\"><em>Cela se passe un peu apr\u00e8s 1947. Un juif hassidique quitte sa petite ville de Pologne et s\u2019installe \u00e0 Londres. Il se d\u00e9barrasse imm\u00e9diatement de ses v\u00eatements et de ses habitudes religieuses et cherche \u00e0 devenir anglais. Il fait des \u00e9tudes de droit et se marie dans une famille juive prestigieuse et assimil\u00e9e. Un jour, il re\u00e7oit un t\u00e9l\u00e9gramme lui annon\u00e7ant la visite de son p\u00e8re \u00e2g\u00e9. L\u2019homme est pris de panique. Il descend au port pour rencontrer son p\u00e8re et lui dit : \u00ab\u00a0Papa, si tu te pr\u00e9sentes chez moi avec ton long manteau, ton couvre-chef, ta barbe, cela va me d\u00e9truire ici. Tu dois suivre tout ce que je te demande\u00a0\u00bb. Le p\u00e8re est d\u2019accord. Le fils emm\u00e8ne son p\u00e8re chez le meilleur tailleur de Londres et lui ach\u00e8te un magnifique costume. Malgr\u00e9 cela, le vieil homme garde encore un air trop juif. Le fils l\u2019emm\u00e8ne alors chez un barbier. La barbe est rapidement ras\u00e9e et le vieux p\u00e8re commence \u00e0 ressembler \u00e0 un gentleman britannique. Mais il reste un probl\u00e8me : les papillotes, ces pattes boucl\u00e9es qui entourent les oreilles du vieil homme. Le p\u00e8re fait signe au coiffeur qu\u2019il faut les enlever. A la premi\u00e8re papillote, le vieil homme reste sto\u00efque. Mais lorsque le barbier commence \u00e0 couper la deuxi\u00e8me papillote, des larmes commencent \u00e0 couler sur le visage du vieil homme. \u00ab\u00a0Pourquoi pleures-tu, papa ? demande le fils, qui craint soudain que le coiffeur n\u2019ait coup\u00e9 trop de cheveux et qui regrette de voir le visage d\u00e9nud\u00e9 du paternel qu\u2019il reconna\u00eet \u00e0 peine. \u00ab\u00a0Je pleure\u00a0\u00bb, r\u00e9pond le p\u00e8re, \u00ab\u00a0parce que nous avons perdu l\u2019Inde<\/em>\u00ab\u00a0.<\/p>\n<p class=\"has-text-align-right selectionShareable\">Tir\u00e9 du podcast de la London Review of books https:\/\/www.lrb.co.uk\/podcasts-and-videos\/podcasts\/the-lrb-podcast\/on-the-jewish-novel<\/p>\n<p class=\"has-text-align-right selectionShareable\">\u00ab\u00a0<em>Je jure de dire la v\u00e9rit\u00e9, toute la v\u00e9rit\u00e9, rien que la v\u00e9rit\u00e9<\/em>\u00ab<\/p>\n<p class=\"has-text-align-right selectionShareable\">L\u00e9nine, probablement<\/p>\n<p class=\"has-text-align-right selectionShareable\">\u00ab\u00a0<em>Trop d\u2019humilit\u00e9 est demi-orgueil<\/em>\u00ab<\/p>\n<p class=\"has-text-align-right selectionShareable\">Proverbe Yiddish<\/p>\n<p class=\"selectionShareable\">\n<p class=\"selectionShareable\">Pardonnez-moi, je vais dire \u00ab je \u00bb.<\/p>\n<p class=\"selectionShareable\">Ce ne sera pas la moindre des mes vanit\u00e9s.<\/p>\n<p class=\"selectionShareable\">Je veux prendre Dieu et ses cr\u00e9atures \u00e0 t\u00e9moins et le dire sans pudeur :<\/p>\n<p class=\"selectionShareable\">Je pense \u00eatre la personne la moins antis\u00e9mite de France.<\/p>\n<p class=\"selectionShareable\">Les plus charitables me jugeront folle. Les autres, arrogante et pr\u00e9tentieuse. Soit. Mais notez que je ne pr\u00e9tends pas ne pas l\u2019\u00eatre du tout.<\/p>\n<p class=\"selectionShareable\">Je dis juste que tout le monde l\u2019est probablement plus que moi au pays de Voltaire et des Droits de l\u2019Homme. Mais que les choses soient claires : quand je dis tout le monde, c\u2019est tout le monde. Je pense, par exemple, \u00eatre moins antis\u00e9mite que le Pr\u00e9sident Macron. J\u2019en suis m\u00eame pleinement convaincue.<\/p>\n<p class=\"selectionShareable\">Le lectorat averti de La Fabrique ne sera sans doute pas le plus \u00e9branl\u00e9 par cette affirmation. Il sait que l\u2019Etat racial et ses fond\u00e9s de pouvoir, tout comme l\u2019extr\u00eame droite qui lui sert d\u2019assurance-vie, produisent et reproduisent le racisme. Aussi, d\u00e9clarer que je serais \u2013 objectivement \u2013 moins antis\u00e9mite que Monsieur Macron et que la caste qui tire son h\u00e9g\u00e9monie, sa force et sa long\u00e9vit\u00e9 de la division raciale va de soi. La cruelle r\u00e9partie du G\u00e9n\u00e9ral de Gaulle \u00e0 Maurice Schumann, porte-parole de la France libre, ne contient-elle pas en elle tous les \u00e9l\u00e9ments d\u2019un r\u00e9quisitoire implacable et sans appel contre la plupart des chefs d\u2019Etat fran\u00e7ais ? Jugez plut\u00f4t : lorsque le triste bougre (un autre inconsolable de la perte des Indes) lui annonce sa conversion au catholicisme, la r\u00e9ponse du G\u00e9n\u00e9ral : \u00ab\u00a0Cela fera un catholique de plus, mais pas un juif de moins !\u00a0\u00bb est p\u00e9trifiante. Il en d\u00e9coule que je suis moins antis\u00e9mite que tous les commentateurs de la vie politique fran\u00e7aise qui servent ce pouvoir et qui font du philos\u00e9mitisme un sacerdoce. Je peux citer Michel Onfray, Caroline Fourest, Yann Moix, Eric Naulleau. La liste est trop longue. Aussi, se flatter d\u2019\u00eatre moins antis\u00e9mite que cette engeance n\u2019est pas tr\u00e8s glorieux et ne vaut pas absolution pour mes p\u00e9ch\u00e9s moraux.<\/p>\n<p class=\"selectionShareable\">C\u2019est que je ne me limite pas au bloc au pouvoir. Je pense \u00eatre \u00e9galement moins antis\u00e9mite que toute le reste de la classe politique fran\u00e7aise \u2013 des sociaux-d\u00e9mocrates \u00e0 l\u2019extr\u00eame gauche \u2013 qui s\u2019enorgueillit de ne pas l\u2019\u00eatre et qui pr\u00e9tend combattre \u00ab la b\u00eate immonde \u00bb, aur\u00e9ol\u00e9e qu\u2019elle est d\u2019une conscience \u00e0 toute \u00e9preuve, tant comme avant-garde que comme vigie. Son signe de reconnaissance ? Le tr\u00e8s pieu \u00ab plus jamais \u00e7a ! \u00bb. Les figures qui l\u2019incarnent ne manquent pas et les citer nomm\u00e9ment t\u00e9moignerait d\u2019un manque de tact tant il est des \u00e9garements sinc\u00e8res. Mais si \u2019\u00e9l\u00e9gance a quelque m\u00e9rite, elle a ses limites. Comment pourrais-je par exemple r\u00e9sister au plaisir de citer Edwy Plenel ?<\/p>\n<p class=\"selectionShareable\">Voil\u00e0 pour l\u2019Etat et la soci\u00e9t\u00e9 politique. Il en va de m\u00eame de la soci\u00e9t\u00e9 civile accouch\u00e9e de cette structure, qu\u2019on peut ventiler en fonction de sa condition et de ses int\u00e9r\u00eats dans le large \u00e9ventail des sensibilit\u00e9s qui constituent le champ politique blanc. Et qui en mati\u00e8re de racisme (et \u00e0 quelques exceptions pr\u00e8s situ\u00e9es \u00e0 l\u2019extr\u00eame gauche) va de l\u2019antis\u00e9mitisme le plus crasse au philos\u00e9mitisme le plus subtile.<\/p>\n<p class=\"selectionShareable\">Par honn\u00eatet\u00e9, je conc\u00e8de avoir un doute sur ceux que je veux appeler ici les \u00ab self-loving Jews \u00bb. Pousserais-je l\u2019insolence jusqu\u2019\u00e0 me croire moins antis\u00e9mite qu\u2019eux ? Et pourquoi pas apr\u00e8s tout ? En tout cas, \u00e7a se discute. Car il ne suffit pas d\u2019\u00eatre juif pour ne pas participer \u00e0 la reproduction de l\u2019antis\u00e9mitisme. J\u2019y reviendrai.<\/p>\n<p class=\"selectionShareable\">Aux termes de cette d\u00e9monstration \u2013 car je compte bien d\u00e9montrer que je suis bien \u00ab la personne la moins antis\u00e9mite de France \u00bb \u2013 chacun sera libre de se laisser convaincre ou pas. Mais je reconnais, en d\u00e9pit de cette politesse, oser esp\u00e9rer gagner les coeurs. Le lecteur magnanime l\u2019aura compris, l\u2019int\u00e9r\u00eat n\u2019est pas tant de prouver que je serais v\u00e9ritablement \u00ab la personne la moins antis\u00e9mite de France \u00bb mais de m\u00e9diter sur les implications de cette hypoth\u00e8se si elle \u00e9tait av\u00e9r\u00e9e. A savoir que tout le monde le serait potentiellement plus que moi. Car si tel \u00e9tait le cas, il faudra tout arr\u00eater et entamer un s\u00e9rieux examen de conscience. Car ce dont on aura alors besoin, c\u2019est d\u2019une rupture radicale avec les traditions de lutte contre l\u2019antis\u00e9mitisme et d\u2019une remise en question profonde des postulats id\u00e9ologiques qui les nourrissent.<\/p>\n<p class=\"selectionShareable\">Pour mener jusqu\u2019au bout cet exercice, il faudrait passer par l\u2019\u00e9preuve de v\u00e9rit\u00e9. Celle qui consiste d\u2019abord \u00e0 \u00e9tablir un diagnostic solide et rigoureux de la question juive. La pr\u00e9misse marxiste, souvent cit\u00e9e mais rarement mise \u00e0 profit, servira de fil \u00e0 plomb : \u00ab Les Juifs ne se sont pas maintenus malgr\u00e9 l\u2019histoire mais par l\u2019histoire \u00bb.<\/p>\n<p class=\"selectionShareable\">Comme la v\u00e9rit\u00e9 ne se contemple pas les bras crois\u00e9s, il s\u2019agira de confronter cette pr\u00e9misse aux mutations du capitalisme, des Etats-nations occidentaux et des \u00e9volutions du contrat social entre les gouvernants et la soci\u00e9t\u00e9 civile, des bouleversements g\u00e9opolitiques mais aussi des luttes et des r\u00e9sistances pour enfin faire une proposition.<\/p>\n<p class=\"selectionShareable\">L\u2019objectif \u00e9tant d\u2019en finir v\u00e9ritablement avec l\u2019antis\u00e9mitisme ou plus modestement emprunter le chemin le plus court et le plus rapide pour atteindre ce but. Pour cela, il faut mettre fin au bannissement des Juifs de l\u2019histoire et faire un sort \u00e0 leur sacralisation. Et pour le dire encore plus clairement, les lib\u00e9rer de leur statut de victimes intemporelles et les faire responsables de leurs choix, tous leurs choix, et donc de leur existence. En bref, les r\u00e9int\u00e9grer \u00e0 l\u2019humanit\u00e9 g\u00e9n\u00e9rique en les confrontant \u00e0 leur libert\u00e9, au sens que Sartre donnait au mot \u00ab libert\u00e9 \u00bb.<\/p>\n<p class=\"selectionShareable\">Je me lance mais non sans prier la v\u00e9rit\u00e9 de bien vouloir me tenir la main.<\/p>\n<p class=\"selectionShareable\">Houria Bouteldja<\/p>\n<div id=\"bloc-media\" class=\"bloc-content\">\n<div class=\"cover\"><img decoding=\"async\" class=\"attachment-medium size-medium wp-post-image aligncenter\" src=\"https:\/\/lafabrique.fr\/wp-content\/uploads\/2024\/08\/FAB_13x20_CONTRE_ANTISEMITISME_3.jpg\" alt=\"\" width=\"665\" height=\"1024\" \/><\/div>\n<div class=\"bloc-commerce\">\n<p><span class=\"woocommerce-Price-amount amount\">14,00<span class=\"woocommerce-Price-currencySymbol\">\u20ac<\/span><\/span><\/p>\n<p><button class=\"button product_type_simple add_to_cart_button ajax_add_to_cart\" name=\"button\" data-quantity=\"1\" data-product_id=\"51725\">Commander<\/button><\/div>\n<div class=\"info\">\n<p>Sortie\u202f: 18 octobre 2024<\/p>\n<p>250 pages<\/p>\n<p>ISBN\u202f: 9782358722872<\/p>\n<\/div>\n<div class=\"link\">\n<ul>\n<li class=\"extrait\">Lire un extrait<\/li>\n<\/ul>\n<ul>\n<li class=\"lecteur\">Voir la vid\u00e9o<\/li>\n<\/ul>\n<ul>\n<li class=\"position\">O\u00f9 le trouver en librairie\u00a0?<\/li>\n<\/ul>\n<\/div>\n<\/div>\n<p class=\"selectionShareable\">\n<div id=\"bloc-texte\" class=\"bloc-content\">\n<div class=\"auteur\">\n<h3>Ariella Ai\u0308sha Azoulay, Maxime Benatouil, Houria Bouteldja, Sebastian Budgen, Judith Butler, Leandros Fischer, Naomi Klein, Fr\u00e9d\u00e9ric Lordon, Fran\u00e7oise Verg\u00e8s<\/h3>\n<\/div>\n<div class=\"titre\">\n<h1>Contre l&rsquo;antis\u00e9mitisme et<br \/>\nses instrumentalisations<\/h1>\n<\/div>\n<div id=\"link_rencontre\">\n<h2>Rencontres<\/h2>\n<h4>Maxime Benatouil, Houria Bouteldja et Fran\u00e7oise Verg\u00e8s \u00e0 la Br\u00e8che (Paris)<\/h4>\n<ul>\n<li>mardi 22 octobre<\/li>\n<\/ul>\n<h4>Ariella A\u00efsha Azoulay \u00e0 Marseille<\/h4>\n<ul>\n<li>jeudi 24 octobre<\/li>\n<\/ul>\n<h4>Ariella A\u00efsha Azoulay \u00e0 la librairie Un livre et une tasse de th\u00e9 (Paris)<\/h4>\n<ul>\n<li>mardi 29 octobre<\/li>\n<\/ul>\n<h4>Maxime Benatouil \u00e0 Malakoff<\/h4>\n<ul>\n<li>mercredi 4 d\u00e9cembre<\/li>\n<\/ul>\n<h4>Houria Bouteldja \u00e0 Arles<\/h4>\n<ul>\n<li>samedi 18 janvier<\/li>\n<\/ul>\n<\/div>\n<div class=\"text\">\n<div>La lutte contre l\u2019antis\u00e9mitisme serait le parent pauvre de la gauche. Reprise comme une \u00e9vidence, cette affirmation est pourtant rarement \u00e9tay\u00e9e ni accompagn\u00e9e d\u2019une tentative d\u2019explication s\u00e9rieuse. Plus grave, elle est aujourd\u2019hui devenue l\u2019\u00e9tendard d\u2019une offensive r\u00e9actionnaire qui instrumentalise l\u2019antis\u00e9mitisme contre les forces politiques anticapitalistes et anti-imp\u00e9rialistes en se faisant passer pour progressiste. Dans la s\u00e9quence dramatique qui s\u2019est ouverte le 7 octobre, toute expression de solidarit\u00e9 avec le peuple palestinien a \u00e9t\u00e9 ainsi cibl\u00e9e et criminalis\u00e9e.<\/div>\n<p>Ce livre r\u00e9unit des voix juives et non juives qui s\u2019alarment du proc\u00e9d\u00e9 autant que de ses cons\u00e9quences et produisent une r\u00e9flexion riche sur les liens entre sionisme, antis\u00e9mitisme et racisme colonial.<\/p>\n<\/div>\n<div class=\"auteur-bio\">\n<h5 data-sort=\"azoula-arielle-aisha\">Ariella Ai\u0308sha Azoulay<\/h5>\n<p>Ariella Ai\u0308sha Azoulay est e\u0301crivaine, chercheuse, cine\u0301aste expe\u0301rimentale et commissaire d\u2019archives anticoloniales. Elle est notamment l\u2019autrice de\u00a0<em>La re\u0301sistance des bijoux<\/em>\u00a0(2023).<\/p>\n<h5 data-sort=\"benatouil-maxime\">Maxime Benatouil<\/h5>\n<p>Maxime Benatouil enseigne les sciences e\u0301conomiques et sociales, et milite au sein du bloc juif de\u0301colonial, notamment a\u0300 l\u2019UJFP et a\u0300 Tsedek.<\/p>\n<h5 data-sort=\"bouteldja-houria\">Houria Bouteldja<\/h5>\n<p>Houria Bouteldja est une militante de\u0301coloniale et cofondatrice du Parti des indige\u0300nes de la Re\u0301publique qu\u2019elle quitte en 2020. Elle est l\u2019autrice de\u00a0<em>Les Blancs, les Juifs et nous\u00a0<\/em>(2016) et de\u00a0<em>Beaufs et barbares\u00a0<\/em>(2023).<\/p>\n<h5 data-sort=\"budgen-sebastian\">Sebastian Budgen<\/h5>\n<p>Sebastian Budgen est directeur e\u0301ditorial de Verso Books.<\/p>\n<h5 data-sort=\"butler-judith\">Judith Butler<\/h5>\n<p>Judith Butler est philosophe, professeure e\u0301me\u0301rite (University of California, Berkeley) et membre du comite\u0301 acade\u0301mique de Jewish Voice for Peace.<\/p>\n<h5 data-sort=\"fischer-leandros\">Leandros Fischer<\/h5>\n<p>Leandros Fischer est mai\u0302tre de confe\u0301rences en e\u0301tudes internationales. Sa the\u0300se a porte\u0301 sur la gauche allemande et la question palestinienne.<\/p>\n<h5 data-sort=\"klein-naomi\">Naomi Klein<\/h5>\n<p>Naomi Klein, une des principales voix de Jewish Voice for Peace aux E\u0301tats-Unis, est notamment l\u2019autrice de\u00a0<em>La Strate\u0301gie du choc\u00a0<\/em>(2010) et\u00a0<em>Tout peut changer : Capitalisme et changement climatique<\/em>\u00a0(2015).<\/p>\n<h5 data-sort=\"lordon-frederic\">Fr\u00e9d\u00e9ric Lordon<\/h5>\n<p>Fr\u00e9d\u00e9ric Lordon,\u00a0philosophe, est notamment l\u2019auteur de\u00a0<em>Capitalisme, de\u0301sir et servitude<\/em>\u00a0(2010),\u00a0<em>Vivre sans ?<\/em>\u00a0(2019) et\u00a0<em>Figures du communisme<\/em>\u00a0(2021).<\/p>\n<h5 data-sort=\"verges-francoise\">Fran\u00e7oise Verg\u00e8s<\/h5>\n<p>Fran\u00e7oise Verg\u00e8s est notamment l\u2019autrice d\u2019<em>Un fe\u0301minisme de\u0301colonial\u00a0<\/em>(2019) et de\u00a0<em>Programme de de\u0301sordre absolu\u00a0<\/em>(2023).<\/p>\n<\/div>\n<\/div>\n<\/div>\n","protected":false},"excerpt":{"rendered":"<p>Avec l\u2019aimable autorisation des \u00e9ditions La Fabrique, nous publions l\u2019introduction d\u2019une contribution d\u2019Houria Bouteldja intitul\u00e9e \u00ab\u00a0Rendre les Juifs \u00e0 l\u2019histoire ou la fin de l\u2019innocence\u00a0\u00bb\u00a0dont vous trouverez le texte complet dans le livre collectif\u00a0\u00ab\u00a0Contre l\u2019antis\u00e9mitisme et ses instrumentalisations\u00a0\u00bb\u00a0qui sort le 18 octobre 2024. Vous y trouverez \u00e9galement les contributions importantes et indispensables d\u2019Ariella A\u00efsha Azoulay, &#8230; <a title=\"Rendre les Juifs \u00e0 l\u2019Histoire ou la fin de l\u2019innocence\" class=\"read-more\" href=\"https:\/\/bruxelles-pantheres.be\/?p=6027\" aria-label=\"En savoir plus sur Rendre les Juifs \u00e0 l\u2019Histoire ou la fin de l\u2019innocence\">Lire la suite<\/a><\/p>\n","protected":false},"author":1,"featured_media":6028,"comment_status":"open","ping_status":"open","sticky":false,"template":"","format":"standard","meta":{"footnotes":""},"categories":[1],"tags":[147],"class_list":["post-6027","post","type-post","status-publish","format-standard","has-post-thumbnail","hentry","category-non-classe","tag-houria-bouteldja"],"_links":{"self":[{"href":"https:\/\/bruxelles-pantheres.be\/index.php?rest_route=\/wp\/v2\/posts\/6027","targetHints":{"allow":["GET"]}}],"collection":[{"href":"https:\/\/bruxelles-pantheres.be\/index.php?rest_route=\/wp\/v2\/posts"}],"about":[{"href":"https:\/\/bruxelles-pantheres.be\/index.php?rest_route=\/wp\/v2\/types\/post"}],"author":[{"embeddable":true,"href":"https:\/\/bruxelles-pantheres.be\/index.php?rest_route=\/wp\/v2\/users\/1"}],"replies":[{"embeddable":true,"href":"https:\/\/bruxelles-pantheres.be\/index.php?rest_route=%2Fwp%2Fv2%2Fcomments&post=6027"}],"version-history":[{"count":1,"href":"https:\/\/bruxelles-pantheres.be\/index.php?rest_route=\/wp\/v2\/posts\/6027\/revisions"}],"predecessor-version":[{"id":6029,"href":"https:\/\/bruxelles-pantheres.be\/index.php?rest_route=\/wp\/v2\/posts\/6027\/revisions\/6029"}],"wp:featuredmedia":[{"embeddable":true,"href":"https:\/\/bruxelles-pantheres.be\/index.php?rest_route=\/wp\/v2\/media\/6028"}],"wp:attachment":[{"href":"https:\/\/bruxelles-pantheres.be\/index.php?rest_route=%2Fwp%2Fv2%2Fmedia&parent=6027"}],"wp:term":[{"taxonomy":"category","embeddable":true,"href":"https:\/\/bruxelles-pantheres.be\/index.php?rest_route=%2Fwp%2Fv2%2Fcategories&post=6027"},{"taxonomy":"post_tag","embeddable":true,"href":"https:\/\/bruxelles-pantheres.be\/index.php?rest_route=%2Fwp%2Fv2%2Ftags&post=6027"}],"curies":[{"name":"wp","href":"https:\/\/api.w.org\/{rel}","templated":true}]}}