{"id":6036,"date":"2024-11-01T09:31:56","date_gmt":"2024-11-01T08:31:56","guid":{"rendered":"https:\/\/bruxelles-pantheres.be\/?p=6036"},"modified":"2024-10-20T19:37:05","modified_gmt":"2024-10-20T18:37:05","slug":"comment-les-suds-font-reculer-le-fascisme","status":"publish","type":"post","link":"https:\/\/bruxelles-pantheres.be\/?p=6036","title":{"rendered":"Comment les \u00ab Suds \u00bb font reculer le fascisme"},"content":{"rendered":"<div class=\"featured-image\"><strong>Intervention d\u2019Houria Bouteldja au meeting \u00ab <em>Apr\u00e8s le 7 juillet, que faire\u00a0?<\/em>\u00a0\u00bb, le 10 juillet 2024 \u00e0 Pantin. Quelques d\u00e9veloppements et pr\u00e9cisions ont \u00e9t\u00e9 apport\u00e9s au texte initial.<\/strong><\/div>\n<div class=\"entry-content\">\n<p class=\"selectionShareable\">Je voudrais ce soir emprunter au registre religieux pour parler un peu solennellement et dire que Dieu nous a accord\u00e9 un sursis. Et s\u2019il fallait continuer \u00e0 filer la m\u00e9taphore biblique, je dirais que si comme Mo\u00efse, Dieu \u00e0 ouvert la mer, il ne le fera plus deux fois. Il ne retiendra pas deux fois les vagues gigantesques de l\u2019extr\u00eame droite qui finiront bien par nous submerger un jour si nous ne sommes pas capables de nous entendre sur une ligne politique qui soit et de rupture et de masse. Une ligne de masse qui se constituerait contre le bloc bourgeois et contre le bloc fasciste qui comme vous le savez s\u2019alimentent l\u2019un l\u2019autre. Surtout, surtout, il ne faut pas laisser l\u2019extr\u00eame droite jouer seule le beau r\u00f4le du parti antisyst\u00e8me. Au contraire, il faut occuper r\u00e9solument la place du bloc de rupture anticapitaliste, antiraciste et anti-imp\u00e9rialiste.<\/p>\n<\/div>\n<p><!--more--><\/p>\n<p><img decoding=\"async\" class=\"attachment-pixelwars_theme_image_size_2 size-pixelwars_theme_image_size_2 wp-post-image aligncenter\" title=\"\" src=\"https:\/\/qgdecolonial.fr\/wp-content\/uploads\/2024\/07\/arton25518.jpg\" sizes=\"(max-width: 720px) 100vw, 720px\" srcset=\"https:\/\/qgdecolonial.fr\/wp-content\/uploads\/2024\/07\/arton25518.jpg 720w, https:\/\/qgdecolonial.fr\/wp-content\/uploads\/2024\/07\/arton25518-300x169.jpg 300w, https:\/\/qgdecolonial.fr\/wp-content\/uploads\/2024\/07\/arton25518-500x281.jpg 500w, https:\/\/qgdecolonial.fr\/wp-content\/uploads\/2024\/07\/arton25518-600x338.jpg 600w\" alt=\"Comment les \u00ab\u00a0Suds\u00a0\u00bb font reculer le fascisme\" width=\"720\" height=\"405\" \/><\/p>\n<p class=\"selectionShareable\">Mais avant d\u2019aller plus loin, il convient de mettre des mots sur l\u2019utopie raciste. Je voudrais prendre le temps de la saisir pour ce qu\u2019elle est v\u00e9ritablement et pour \u00e9viter de tomber dans un paternalisme condescendant qui consiste \u00e0 penser que l\u2019\u00e9lecteur du RN se tromperait de col\u00e8re. Ce que je veux ici, c\u2019est \u00e9viter de le d\u00e9responsabiliser et le prendre pour une simple victime. Certes, il a \u00e9t\u00e9 maintes fois trahi, certes il est m\u00e9pris\u00e9, certes il est abandonn\u00e9 par la morgue de la gauche caviar et institutionnelle mais le supr\u00e9macisme blanc n\u2019est pas la seule option qui s\u2019offre \u00e0 lui. Aussi en tant qu\u2019\u00eatre humain libre, au sens sartrien du terme, il est responsable et comptable de ses choix.<\/p>\n<p class=\"selectionShareable\">Tout comme Martin Luther King, l\u2019\u00e9lecteur du RN a un r\u00eave. Son r\u00eave, c\u2019est celui d\u2019une France blanche, d\u00e9barrass\u00e9e de ses indig\u00e8nes. Il a le droit de faire ce r\u00eave mais pas de s\u2019affranchir de ses responsabilit\u00e9s car ce r\u00eave dans ses cons\u00e9quences ultimes, et je dis bien ultimes, est au pire un r\u00eave de d\u00e9portation, voire de g\u00e9nocide, au mieux un r\u00eave plantationnaire, fait de maitres et d\u2019esclaves. Le premier de ces r\u00eaves est pour le moment impossible \u00e0 r\u00e9aliser pour deux raisons\u00a0: la premi\u00e8re est une question de moyens\u00a0: on ne d\u00e9porte pas des millions de personnes en claquant des doigts, la deuxi\u00e8me, et les dirigeants d\u2019extr\u00eame droite le savent, le patronat fran\u00e7ais a besoin d\u2019une main d\u2018\u0153uvre abondante et mal pay\u00e9e. Nous savons tous que la fasciste italienne M\u00e9loni a r\u00e9gularis\u00e9 450 000 sans-papiers malgr\u00e9 sa promesse d\u2019une Italie blanche et civilis\u00e9e. Mais le r\u00eave plantationnaire aussi, n\u2019est pas r\u00e9alisable dans l\u2019imm\u00e9diat. En Europe occidentale, on ne peut plus avoir de main d\u2019\u0153uvre compl\u00e8tement gratuite. Ainsi l\u2019extr\u00eame droite vend sciemment \u00e0\u00a0 ses \u00e9lecteurs un r\u00eave irr\u00e9alisable ce qui condamne cet \u00e9lectorat \u00e0 une frustration infinie car impossible \u00e0 satisfaire. Aussi entre ces deux chim\u00e8res : la d\u00e9portation ou la plantation, le projet raciste doit quand m\u00eame pouvoir se r\u00e9aliser \u00e0 minima. Le compromis r\u00e9aliste est tout trouv\u00e9, ce sera l\u2019apartheid, autrement dit la s\u00e9gr\u00e9gation raciale. C\u2019est-\u00e0-dire un monde o\u00f9 non seulement une partie la plus exploit\u00e9e du prol\u00e9tariat sera entass\u00e9e dans des r\u00e9serves mais o\u00f9 elle subira encore plus intens\u00e9ment l\u2019arbitraire du pouvoir, le syst\u00e8me carc\u00e9ral et o\u00f9 la destruction physique des surnum\u00e9raires risquent de devenir une r\u00e9alit\u00e9 du quotidien. Lorsque l\u2019innocent \u00e9lecteur du RN qui se tromperait de col\u00e8re vote, c\u2019est ce projet qu\u2019il pl\u00e9biscite. C\u2019est clairement un acte de guerre contre un dissemblable du point de vue racial, mais un semblable du point de vue de la classe.<\/p>\n<p class=\"selectionShareable\">Jamais une \u00e9lection n\u2019aura \u00e0 ce point d\u00e9montr\u00e9 le caract\u00e8re indissociable de la race et de la classe. Les \u00ab\u00a0petits blancs\u00a0\u00bb qui ont vot\u00e9 extr\u00eame droite tout comme les indig\u00e8nes qui ont vot\u00e9 FI, ont exprim\u00e9 \u00e0 la fois un vote de race et de classe, dans le m\u00eame temps. Je disais dans mon livre \u00ab\u00a0Beaufs et barbares le pari du nous\u00a0\u00bb que la classe \u00e9tait une modalit\u00e9 de la race et que la race \u00e9tait une modalit\u00e9 de la classe. Ces \u00e9lections en ont \u00e9t\u00e9 la d\u00e9monstration. Une partie non n\u00e9gligeable des \u00ab\u00a0petits blancs\u00a0\u00bb d\u00e9class\u00e9s<a id=\"_ftnref1\" href=\"https:\/\/qgdecolonial.fr\/comment-les-suds-font-reculer-le-fascisme\/#_ftn1\">[1]<\/a>, paup\u00e9ris\u00e9s ont exprim\u00e9 leur ressentiment par un choix supr\u00e9maciste, raciste avec lequel ils esp\u00e8rent pr\u00e9server un statut sup\u00e9rieur dans la hi\u00e9rarchie raciale avec les privil\u00e8ges qui sont r\u00e9put\u00e9s aller avec. Je dis \u00ab\u00a0r\u00e9put\u00e9s\u00a0\u00bb car le d\u00e9clin de la France comme puissance imp\u00e9rialiste a un impact direct sur le \u00ab\u00a0salaire de la blanchit\u00e9\u00a0\u00bb, qui d\u00e9cline lui-m\u00eame au m\u00eame rythme que l\u2019Occident. Quant aux indig\u00e8nes, plus pauvres tendanciellement que les \u00ab\u00a0petits blancs\u00a0\u00bb, ils ont aussi exprim\u00e9 un vote domin\u00e9 par des affects de race. Arrach\u00e9s pour une partie non n\u00e9gligeable d\u2019entre eux \u00e0 l\u2019abstention end\u00e9mique, ils ont r\u00e9pondu \u00e0 une promesse de justice et d\u2019\u00e9galit\u00e9 raciale. Egalit\u00e9 avec leurs semblables de classe, il va sans dire. Nous avons donc deux segments du prol\u00e9tariat fran\u00e7ais qui \u00e0 partir d\u2019une position de classe, font des choix diam\u00e9tralement oppos\u00e9s de part leur condition de race. De telle mani\u00e8re qu\u2019on peut dire que de part et d\u2018autre du clivage racial, il existe une lutte des races cot\u00e9 indig\u00e8nes qui vient renforcer la lutte de classe et donc renforcer le p\u00f4le de la gauche de rupture et une lutte de race c\u00f4t\u00e9 \u00ab\u00a0petits blancs\u00a0\u00bb qui vient non seulement affaiblir la lutte de classe mais qui vient m\u00eame la saboter au profit de la collaboration de classe entre le bloc bourgeois et une partie du prol\u00e9tariat blanc. Il faut le dire une bonne fois pour toute, n\u00e9gliger le r\u00f4le de la race dans le contrat social c\u2019est se priver des moyens de combattre l\u2019Etat racial qui emp\u00eache l\u2019unit\u00e9 de la classe ouvri\u00e8re et la possibilit\u00e9 r\u00e9volutionnaire dont elle l\u2019une des condition de r\u00e9alisation.<\/p>\n<p class=\"selectionShareable\">Que faire\u00a0?<\/p>\n<p class=\"selectionShareable\">Ni le vote RN, ni l\u2019abstention ne sont des fatalit\u00e9s. Nous savons comment le PS et aujourd\u2019hui la macronie ont favoris\u00e9 ces scores de l\u2019extr\u00eame droite. Les 10 millions d\u2019\u00e9lecteurs qui forment aujourd\u2019hui la base du RN, ne l\u2019\u00e9taient pas tous il y a vingt ans. La sociale d\u00e9mocratie, c\u2019est-\u00e0-dire les fascisateurs, les ont produits. Or si nous avons une vision dynamique des rapports sociaux et des rapports de pouvoir, nous savons que ce qui a \u00e9t\u00e9 fait par l\u2019histoire peut \u00eatre d\u00e9fait par l\u2018histoire. Pour se faire, il faut prendre le taureau par les cornes, remonter l\u2019histoire et reprendre le fil des \u00e9v\u00e8nements au moment clefs o\u00f9 les classes populaires blanches et non blanches, des tours et des bourgs, antagonis\u00e9es par l\u2019histoire ont \u00e9t\u00e9 trahies. Inutiles pour le moment, et je dis bien pour le moment, de remonter \u00e0 l\u2019histoire ancienne de l\u2019esclavage, de la colonisation ou de la Commune de Paris. L\u2019ann\u00e9e 2005 suffira. 2005 c\u2019est l\u2019ann\u00e9e \u00e0 la fois d\u2019une trahison et d\u2019un abandon. La trahison, c\u2019est celle des \u00e9lites europ\u00e9istes qui ont foul\u00e9 au pied le \u00ab\u00a0non\u00a0\u00bb \u00e0 55 % des classes populaires blanches de gauche et d\u2019extr\u00eame droite au r\u00e9f\u00e9rendum pour une Constitution europ\u00e9enne. Trahison que les th\u00e9oriciens d\u2019extr\u00eame droite vont mettre \u00e0 profit pour d\u00e9velopper les le\u00e7ons gramsciennes sur l\u2019h\u00e9g\u00e9monie culturelle. Mais 2005 c\u2019est aussi l\u2019ann\u00e9e des \u00e9meutes de banlieues suite \u00e0 la mort de Zied et Bouna. Contrairement aux \u00e9meutes de 2023 cons\u00e9cutives \u00e0 la mort du petit Nahel, les quartiers d\u2019immigration ont \u00e9t\u00e9 abandonn\u00e9s et m\u00e9pris\u00e9s par la gauche alors m\u00eame que ces \u00ab\u00a0\u00e9motions sociales\u00a0\u00bb allaient radicaliser l\u2019Etat autoritaire qui allait plus tard s\u2019abattre \u2013 et avec quelle violence\u00a0! \u2013 sur les gilets jaunes. Dans les deux cas, la gauche de transformation n\u2019a pas \u00e9t\u00e9 \u00e0 la hauteur. Le \u00ab\u00a0non\u00a0\u00bb \u00e0 la Constitution ayant \u00e9t\u00e9 interpr\u00e9t\u00e9 surtout et avant tout comme un repli chauvin et fasciste et non comme une conscience de classe, tandis que les \u00e9meutes \u00e9taient consid\u00e9r\u00e9es comme apolitiques, communautaristes, voire islamistes. C\u2019est pourtant ce moment qu\u2019il faut r\u00e9parer. Reconnaitre la l\u00e9gitimit\u00e9 du \u00ab\u00a0non\u00a0\u00bb \u00e0 l\u2019Europe et lui donner une expression politique aujourd\u2019hui au moment o\u00f9 l\u2019extr\u00eame droite fait mine de d\u00e9fendre l\u2019int\u00e9r\u00eat national tout en se vautrant dans le projet europ\u00e9en, reconna\u00eetre la l\u00e9gitimit\u00e9 des \u00e9meutes et leur caract\u00e8re politique mais aussi leur caract\u00e8re fran\u00e7ais, et j\u2019insiste sur fran\u00e7ais.<\/p>\n<p class=\"selectionShareable\">Or r\u00e9parer 2005 en 2024 passe par rompre avec la collaboration de classe et la collaboration de race. Il se trouve que dans notre malheur, nous avons une gauche qui prend ce chemin et qui fait la d\u00e9monstration que la rupture, \u00e7a marche\u00a0!<\/p>\n<p class=\"selectionShareable\">La FI a en effet r\u00e9ussi depuis les \u00e9lections pr\u00e9sidentielles \u00e0 arracher les quartiers d\u2019immigration, c\u2019est-\u00e0-dire le corps social le plus exclu et le plus abstentionniste, \u00e0 son fatalisme et \u00e0 sa r\u00e9signation en inscrivant trois revendications centrales \u00e0 son programme\u00a0: la reconnaissance de l\u2019islamophobie, des violences polici\u00e8res et de la Palestine. Non seulement elle les endosse mais elle ne plie pas devant les attaques tous azimuts. Elle persiste et signe. Sa d\u00e9termination a pay\u00e9 car les urnes de la ceinture rouge abandonn\u00e9e par le PC ont de nouveau parl\u00e9.<\/p>\n<p class=\"selectionShareable\">Restent les classes populaires blanches. Tous les \u00ab\u00a0petits blancs\u00a0\u00bb ne votent pas RN. Certains restent ancr\u00e9s \u00e0 gauche. Beaucoup s\u2019abstiennent. Si la gauche de rupture doit poursuivre le d\u00e9tricotement du contrat racial, elle doit aussi conqu\u00e9rir les futurs \u00ab\u00a0petits blancs\u00a0\u00bb qui iront grossir les rangs du RN. La chose ne sera pas simple mais il faut partir de la trahison de 2005, rompre avec l\u2019Europe du capital, condition sine qua non pour reprendre langue avec les classes populaires blanches qui je le redis ont exprim\u00e9 dans ce refus une forte conscience de classe. Quitter l\u2019Europe et reconstruire une souverainet\u00e9 populaire et sociale \u00e0 m\u00eame de concurrencer une extr\u00eame droite qui dans son histoire n\u2019a jamais rat\u00e9 une occasion de trahir la nation, quel que soit ce qu\u2019on pense de cette nation.<\/p>\n<p class=\"selectionShareable\">Je ne peux pas conclure cette intervention sans \u00e9voquer Gaza et plus exactement les effets de Gaza sur nous et notre conscience. Le 7 octobre et ses cons\u00e9quences dramatiques, au bas mot 40 000 morts<a id=\"_ftnref2\" href=\"https:\/\/qgdecolonial.fr\/comment-les-suds-font-reculer-le-fascisme\/#_ftn2\">[2]<\/a>, 89 000 bless\u00e9s, 7 700 disparus, 9 500 arr\u00eat\u00e9s, 1 millions de d\u00e9plac\u00e9s ont permis la reconstitution d\u2019un p\u00f4le anticolonialiste en France. La force et la pugnacit\u00e9 des mobilisations pro-palestiniennes ont permis \u00e0 la FI de tenir une ligne ferme sur la lecture anticoloniale qu\u2019il fallait faire du 7 octobre \u00e0 rebours d\u2019une lecture privil\u00e9giant le clash des civilisations. Le courage des d\u00e9put\u00e9s FI a en retour consolid\u00e9 l\u2019adh\u00e9sion des quartiers au projet de la FI. La Palestine a donc jou\u00e9 un r\u00f4le consid\u00e9rable dans la victoire de la FI car elle a permis de renouer une confiance perdue. Pour le dire encore plus explicitement, le Sud a jou\u00e9 un r\u00f4le consid\u00e9rable dans les recompositions politiques du pays. Et pour le dire encore plus explicitement, le sud a particip\u00e9 \u00e0 faire reculer le fascisme. Au regard de tout cela, voici le grand enseignement que nous pouvons tirer\u00a0: c\u2019est moins le front r\u00e9publicain qui a fait reculer le fascisme dans ce pays que les deux Suds\u00a0: le Grand Sud et le Sud du Nord.<\/p>\n<p class=\"selectionShareable\">Houria Bouteldja<\/p>\n<hr class=\"wp-block-separator has-alpha-channel-opacity\" \/>\n<p class=\"selectionShareable\"><a id=\"_ftn1\" href=\"https:\/\/qgdecolonial.fr\/comment-les-suds-font-reculer-le-fascisme\/#_ftnref1\">[1]<\/a>\u00a0M\u00eame si la part des bourgeois blanc dans le vote RN augmente.<\/p>\n<p class=\"selectionShareable\"><a id=\"_ftn2\" href=\"https:\/\/qgdecolonial.fr\/comment-les-suds-font-reculer-le-fascisme\/#_ftnref2\">[2]<\/a>\u00a0186 000 morts selon le magazine Lancet<\/p>\n<p class=\"selectionShareable\"><a href=\"https:\/\/www.thelancet.com\/journals\/lancet\/article\/PIIS0140-6736(24)01169-3\/fulltext\">https:\/\/www.thelancet.com\/journals\/lancet\/article\/PIIS0140-6736(24)01169-3\/fulltext<\/a><\/p>\n","protected":false},"excerpt":{"rendered":"<p>Intervention d\u2019Houria Bouteldja au meeting \u00ab Apr\u00e8s le 7 juillet, que faire\u00a0?\u00a0\u00bb, le 10 juillet 2024 \u00e0 Pantin. Quelques d\u00e9veloppements et pr\u00e9cisions ont \u00e9t\u00e9 apport\u00e9s au texte initial. Je voudrais ce soir emprunter au registre religieux pour parler un peu solennellement et dire que Dieu nous a accord\u00e9 un sursis. Et s\u2019il fallait continuer \u00e0 &#8230; <a title=\"Comment les \u00ab Suds \u00bb font reculer le fascisme\" class=\"read-more\" href=\"https:\/\/bruxelles-pantheres.be\/?p=6036\" aria-label=\"En savoir plus sur Comment les \u00ab Suds \u00bb font reculer le fascisme\">Lire la suite<\/a><\/p>\n","protected":false},"author":1,"featured_media":3330,"comment_status":"open","ping_status":"open","sticky":false,"template":"","format":"standard","meta":{"footnotes":""},"categories":[21,36,28],"tags":[147,186],"class_list":["post-6036","post","type-post","status-publish","format-standard","has-post-thumbnail","hentry","category-anti-imperialisme","category-europe","category-racismes","tag-houria-bouteldja","tag-palestine"],"_links":{"self":[{"href":"https:\/\/bruxelles-pantheres.be\/index.php?rest_route=\/wp\/v2\/posts\/6036","targetHints":{"allow":["GET"]}}],"collection":[{"href":"https:\/\/bruxelles-pantheres.be\/index.php?rest_route=\/wp\/v2\/posts"}],"about":[{"href":"https:\/\/bruxelles-pantheres.be\/index.php?rest_route=\/wp\/v2\/types\/post"}],"author":[{"embeddable":true,"href":"https:\/\/bruxelles-pantheres.be\/index.php?rest_route=\/wp\/v2\/users\/1"}],"replies":[{"embeddable":true,"href":"https:\/\/bruxelles-pantheres.be\/index.php?rest_route=%2Fwp%2Fv2%2Fcomments&post=6036"}],"version-history":[{"count":3,"href":"https:\/\/bruxelles-pantheres.be\/index.php?rest_route=\/wp\/v2\/posts\/6036\/revisions"}],"predecessor-version":[{"id":6040,"href":"https:\/\/bruxelles-pantheres.be\/index.php?rest_route=\/wp\/v2\/posts\/6036\/revisions\/6040"}],"wp:featuredmedia":[{"embeddable":true,"href":"https:\/\/bruxelles-pantheres.be\/index.php?rest_route=\/wp\/v2\/media\/3330"}],"wp:attachment":[{"href":"https:\/\/bruxelles-pantheres.be\/index.php?rest_route=%2Fwp%2Fv2%2Fmedia&parent=6036"}],"wp:term":[{"taxonomy":"category","embeddable":true,"href":"https:\/\/bruxelles-pantheres.be\/index.php?rest_route=%2Fwp%2Fv2%2Fcategories&post=6036"},{"taxonomy":"post_tag","embeddable":true,"href":"https:\/\/bruxelles-pantheres.be\/index.php?rest_route=%2Fwp%2Fv2%2Ftags&post=6036"}],"curies":[{"name":"wp","href":"https:\/\/api.w.org\/{rel}","templated":true}]}}