{"id":6050,"date":"2024-11-03T17:03:49","date_gmt":"2024-11-03T16:03:49","guid":{"rendered":"https:\/\/bruxelles-pantheres.be\/?p=6050"},"modified":"2024-11-01T17:17:00","modified_gmt":"2024-11-01T16:17:00","slug":"journal-de-bord-de-gaza-59","status":"publish","type":"post","link":"https:\/\/bruxelles-pantheres.be\/?p=6050","title":{"rendered":"Journal de bord de Gaza 59"},"content":{"rendered":"<header class=\"header_article\">\n<h4>Rami Abou Jamous \u00e9crit son journal pour Orient XXI. Ce fondateur de GazaPress, un bureau qui fournissait aide et traduction aux journalistes occidentaux, a d\u00fb quitter en octobre 2023 son appartement de la ville de Gaza avec sa femme Sabah, les enfants de celle-ci, et leur fils Walid, deux ans et demi, sous la pression de l\u2019arm\u00e9e isra\u00e9lienne. R\u00e9fugi\u00e9 depuis \u00e0 Rafah, Rami et les siens ont d\u00fb reprendre la route de leur exil interne, coinc\u00e9s comme tant de familles dans cette enclave mis\u00e9reuse et surpeupl\u00e9e. Il a re\u00e7u, pour ce journal de bord, deux r\u00e9compenses au Prix Bayeux pour les correspondants de guerre, dans la cat\u00e9gorie presse \u00e9crite et prix Ouest-France. Cet espace lui est d\u00e9di\u00e9 depuis le 28 f\u00e9vrier 2024.<\/h4>\n<h4><span style=\"font-size: 16px;\">&gt; <\/span><span class=\"auteur\" style=\"font-size: 16px;\"><a href=\"https:\/\/orientxxi.info\/fr\/auteur1342.html\">Rami Abou Jamous\u00a0<\/a><\/span><time class=\"published\" style=\"font-size: 16px;\" datetime=\"2024-11-01T08:28:50Z\">&gt; 31 octobre 2024<\/time><\/h4>\n<\/header>\n<p><!--more--><\/p>\n<section id=\"texte\" class=\"colonnes_texte entry-content\">\n<div class=\"col_unique\">\n<figure class=\"spip_documents logo_article spip_documents_center spip_lien_ok\"><figcaption class=\"spip_doc_intitules spip_doc_intitules_top\">\n<div class=\"spip_doc_descriptif\">\n<figure id=\"attachment_6051\" aria-describedby=\"caption-attachment-6051\" style=\"width: 1014px\" class=\"wp-caption alignnone\"><a href=\"https:\/\/bruxelles-pantheres.be\/wp-content\/uploads\/2024\/11\/ganraxhwoaek999.jpg\"><img decoding=\"async\" class=\"wp-image-6051 size-large\" src=\"https:\/\/bruxelles-pantheres.be\/wp-content\/uploads\/2024\/11\/ganraxhwoaek999-1024x683.jpg\" alt=\"\" width=\"1024\" height=\"683\" srcset=\"https:\/\/bruxelles-pantheres.be\/wp-content\/uploads\/2024\/11\/ganraxhwoaek999-1024x683.jpg 1024w, https:\/\/bruxelles-pantheres.be\/wp-content\/uploads\/2024\/11\/ganraxhwoaek999-300x200.jpg 300w, https:\/\/bruxelles-pantheres.be\/wp-content\/uploads\/2024\/11\/ganraxhwoaek999-768x512.jpg 768w, https:\/\/bruxelles-pantheres.be\/wp-content\/uploads\/2024\/11\/ganraxhwoaek999-1536x1025.jpg 1536w, https:\/\/bruxelles-pantheres.be\/wp-content\/uploads\/2024\/11\/ganraxhwoaek999-1320x880.jpg 1320w, https:\/\/bruxelles-pantheres.be\/wp-content\/uploads\/2024\/11\/ganraxhwoaek999.jpg 2048w\" sizes=\"(max-width: 1024px) 100vw, 1024px\" \/><\/a><figcaption id=\"caption-attachment-6051\" class=\"wp-caption-text\">Londres, Redbridge, 7\u00a0mai\u00a02024. Fresque murale du collectif d\u2019artistes Creative debuts, inspir\u00e9e d\u2019une photo de Suhail Nassar. De gauche \u00e0 droite, les journalistes gazaouis Mohamed Al Masri, Ali Jadallah, Hind Khoudary et Abdelhakim Abu Riash. Au-dessus est aussi peint \u00ab\u00a0Heroes of Palestine\u00a0\u00bb (H\u00e9ros de la Palestine).<br \/>Daniel Leal<\/figcaption><\/figure>\n<\/div>\n<\/figcaption><\/figure>\n<div class=\"texte_article\">\n<h2 class=\"type mot13 mot14 mot15 mot34 mot120 mot619 mot1254 mot1267\">Journal de bord de Gaza 59<\/h2>\n<h1 class=\"entry-title\" style=\"text-align: center;\">\u00ab\u00a0Ils n\u2019osent pas prononcer le mot \u00ab\u00a0g\u00e9nocide\u00a0\u00bb\u00a0\u00bb<\/h1>\n<p><strong>Mardi 29\u00a0octobre\u00a02024<\/strong><\/p>\n<p>Le c\u00f4t\u00e9 positif du Prix Bayeux, dont je suis fier d\u2019avoir\u00a0<a class=\"spip_in\" href=\"https:\/\/orientxxi.info\/magazine\/prix-bayeux-rami-abou-jamous-etre-journaliste-et-palestinien,7688\">re\u00e7u trois r\u00e9compenses<\/a>, c\u2019est que le regard des m\u00e9dias a \u00e9volu\u00e9. Un journaliste palestinien a \u00e9t\u00e9 couronn\u00e9, donc cela veut dire qu\u2019on peut \u00eatre Palestinien et journaliste. Mais pour de nombreux m\u00e9dias, la m\u00e9fiance continue. Certes, il y a des journalistes palestiniens, mais \u00e0 Gaza, ils sont contr\u00f4l\u00e9s et censur\u00e9s par le Hamas, n\u2019est-ce pas\u00a0? Ils ne peuvent pas d\u00e9crire la r\u00e9alit\u00e9, car ils sont intimid\u00e9s et menac\u00e9s par le Hamas, on le sait\u00a0!<\/p>\n<p>Je ne sais pas d\u2019o\u00f9 vient cette obstination de vouloir absolument mettre en doute tout ce que disent les journalistes palestiniens. Sauf s\u2019ils critiquent le Hamas, et encore mieux s\u2019ils l\u2019insultent. L\u00e0, ce sont de vrais journalistes.<\/p>\n<p>Chaque fois qu\u2019on m\u2019interviewe, la m\u00eame question revient\u00a0:\u00a0<i>\u00ab\u00a0Vous \u00eates censur\u00e9, non\u00a0? Vous ne pouvez pas \u00e9crire ni filmer ce que vous voulez\u00a0?\u00a0\u00bb<\/i>\u00a0Quand je r\u00e9ponds par la n\u00e9gative, on ne l\u2019accepte souvent pas, car cela ne correspond pas \u00e0 ce que l\u2019on voulait entendre. Dire du mal du Hamas, voil\u00e0 une bonne r\u00e9ponse\u00a0! Si on ne le fait pas, c\u2019est qu\u2019on est menac\u00e9. C\u2019est vraiment \u00e9trange, ce double standard. C\u2019est beaucoup plus grave que la censure.<\/p>\n<h2 class=\"spip\">La censure\u00a0? Il y en a ailleurs<\/h2>\n<p>Oui, avant la guerre, le Hamas tentait de censurer les journalistes. Il y avait des probl\u00e8mes, et j\u2019en ai moi-m\u00eame fait l\u2019exp\u00e9rience. J\u2019ai parfois arr\u00eat\u00e9 de travailler \u00e0 cause du Hamas. Mais depuis le d\u00e9but de cette guerre, il n\u2019y a pas de censure. Mais il y en a ailleurs. En Cisjordanie, l\u2019Autorit\u00e9 palestinienne tente de censurer la presse. En Isra\u00ebl, la censure militaire existe, il est interdit de parler de certains sujets concernant l\u2019arm\u00e9e et ses op\u00e9rations. Dans les territoires palestiniens, la censure isra\u00e9lienne est partout. Et elle ne fait pas dans le d\u00e9tail. Les reportages de la cha\u00eene\u00a0<i>Al-Jazira<\/i> lui d\u00e9plaisent\u00a0? Des soldats envahissent ses bureaux \u00e0 Ramallah, en territoire palestinien, et ils les ferment, comme ils ont ferm\u00e9 ses bureaux en Isra\u00ebl. Les journalistes \u00e9trangers sont interdits d\u2019entrer \u00e0 Gaza, sauf quelques rares fois, embarqu\u00e9s dans un blind\u00e9 isra\u00e9lien. Ce n\u2019est pas de la censure, \u00e7a\u00a0?<\/p>\n<p>La censure isra\u00e9lienne s\u2019exerce parfois de fa\u00e7on plus radicale. \u00c0 coup de fusil, de drones ou de bombes. Jusque-l\u00e0, 172\u00a0journalistes palestiniens ont \u00e9t\u00e9 tu\u00e9s depuis le d\u00e9but de la guerre, nombre d\u2019entre eux vis\u00e9s en tant que tels, dans l\u2019exercice de leur profession. Les bureaux de plusieurs organes de presse ont \u00e9t\u00e9 bombard\u00e9s, y compris ceux d\u2019agences internationales comme l\u2019<span class=\"caps\">AFP<\/span>\u00a0et Reuters.<\/p>\n<p>Pourtant on ne demande jamais \u00e0 un journaliste isra\u00e9lien s\u2019il peut parler librement de tous les sujets ni quelles sont ses sources. Un journaliste isra\u00e9lien dit toujours la v\u00e9rit\u00e9. Alors qu\u2019un journaliste palestinien, bon, admettons d\u00e9j\u00e0 que ce soit un journaliste, il ne peut pas dire la v\u00e9rit\u00e9, car il est menac\u00e9 par le Hamas\u00a0!<\/p>\n<p>La censure est partout,\u00a0<a class=\"spip_in\" href=\"https:\/\/orientxxi.info\/magazine\/apologie-du-terrorisme-les-peres-fouettards-des-tribunaux-jouent-a-faire-peur,7311\">m\u00eame en France<\/a>. Quand j\u2019ai dit \u00e7a une fois dans une \u00e9mission, l\u2019animateur m\u2019a contredit. Un proverbe arabe dit que le dromadaire ne voit pas sa bosse. Je me rappelle pourtant que dans la radio publique fran\u00e7aise, quelqu\u2019un a \u00e9t\u00e9 licenci\u00e9 pour avoir fait une plaisanterie sur le pr\u00e9puce de N\u00e9tanyahou<sup class=\"ref_note\"><a id=\"nh1\" class=\"spip_note\" title=\"NDLR. Rami Abou Jamous fait ici r\u00e9f\u00e9rence au licenciement de l\u2019humoriste\u00a0(\u2026)\" href=\"https:\/\/orientxxi.info\/dossiers-et-series\/ils-n-osent-pas-prononcer-le-mot-genocide,7733#nb1\" rel=\"appendix\">1<\/a><\/sup>. Un autre journaliste, sur une cha\u00eene de t\u00e9l\u00e9, a failli \u00eatre remerci\u00e9 pour n\u2019avoir pas caress\u00e9 dans le sens du poil un porte-parole de l\u2019arm\u00e9e isra\u00e9lienne<sup class=\"ref_note\"><a id=\"nh2\" class=\"spip_note\" title=\"NDLR. R\u00e9f\u00e9rence \u00e0 Mohamed Kaci, pr\u00e9sentateur sur TV5 Monde, rappel\u00e9 \u00e0\u00a0(\u2026)\" href=\"https:\/\/orientxxi.info\/dossiers-et-series\/ils-n-osent-pas-prononcer-le-mot-genocide,7733#nb2\" rel=\"appendix\">2<\/a><\/sup>. Apparemment, il ne fallait pas lui poser de questions g\u00eanantes (oui, \u00e0 Gaza, m\u00eame au milieu des destructions, des massacres et du d\u00e9nuement le plus complet, nous avons parfois des connexions internet, et nous savons ce qu\u2019il se passe dans le monde). C\u2019est le travail de journalistes de poser des questions qui g\u00eanent. Mais pas \u00e0 un officiel isra\u00e9lien, visiblement.<\/p>\n<p>En revanche, avec les Palestiniens, il faut tout mettre en doute, en particulier quand il s\u2019agit de Gaza. Il faut douter de tous les chiffres, des morts, des bless\u00e9s, des d\u00e9plac\u00e9s. Mais on cite sans les v\u00e9rifier les chiffres et les informations de l\u2019arm\u00e9e isra\u00e9lienne.<\/p>\n<h2 class=\"spip\">Les enfants de Gaza d\u00e9capit\u00e9s, on peut les voir tous les jours<\/h2>\n<p>Or, on n\u2019est pas dans les ann\u00e9es 1980 ou 1990. Avec les r\u00e9seaux sociaux, et malgr\u00e9 la censure l\u00e0 aussi, on arrive \u00e0 tout voir. Il y a ceux qui critiquent le Hamas, ceux qui le soutiennent. Il y a toutes les images des massacres, des boucheries commises par les Isra\u00e9liens, trop atroces pour que les t\u00e9l\u00e9s les diffusent, mais elles font le tour du monde sur les t\u00e9l\u00e9phones portables. Les m\u00e9dias occidentaux n\u2019osent pas parler de g\u00e9nocide, mais beaucoup de gens, dans le monde entier, \u00e9crivent le mot sur les r\u00e9seaux sociaux.<\/p>\n<p>Quand un militaire isra\u00e9lien a pr\u00e9tendu que quarante b\u00e9b\u00e9s avaient \u00e9t\u00e9 d\u00e9capit\u00e9s le 7\u00a0octobre, cette\u00a0<i>fake news<\/i>\u00a0a \u00e9t\u00e9 reprise un temps avec indignation par des dizaines de m\u00e9dias qui y ont cru sans rien voir<sup class=\"ref_note\"><a id=\"nh3\" class=\"spip_note\" title=\"NDLR. Le pr\u00e9sident des \u00c9tats-Unis a lui-m\u00eame relay\u00e9 cette fausse information\u00a0(\u2026)\" href=\"https:\/\/orientxxi.info\/dossiers-et-series\/ils-n-osent-pas-prononcer-le-mot-genocide,7733#nb3\" rel=\"appendix\">3<\/a><\/sup>. Les enfants de Gaza d\u00e9capit\u00e9s, coup\u00e9s en deux, d\u00e9chiquet\u00e9s, on peut les voir tous les jours, mais des gens disent que ce sont des mises en sc\u00e8ne, des \u00ab\u00a0pallywood\u00a0\u00bb<sup class=\"ref_note\"><a id=\"nh4\" class=\"spip_note\" title=\"NDLR. Mot-valise form\u00e9 \u00e0 partir de \u00ab Palestine \u00bb et \u00ab Hollywood \u00bb. Il est\u00a0(\u2026)\" href=\"https:\/\/orientxxi.info\/dossiers-et-series\/ils-n-osent-pas-prononcer-le-mot-genocide,7733#nb4\" rel=\"appendix\">4<\/a><\/sup>, ou des cr\u00e9ations de l\u2019intelligence artificielle. Je ne parle pas de tous les journalistes, bien s\u00fbr. Je sais qu\u2019il y en a qui font leur travail, qui v\u00e9rifient les informations. Je sais aussi que d\u2019autres ne le font pas. Nous sommes en train de subir une guerre m\u00e9diatique qui inverse la r\u00e9alit\u00e9, qui \u00ab\u00a0cuit les cerveaux\u00a0\u00bb des gens, comme on dit chez nous. Cette guerre m\u00e9diatique est en train de changer la conscience des gens qui ne connaissent pas la question palestinienne, qui ne savent m\u00eame pas qu\u2019il y a une occupation.<\/p>\n<p>\u00c0 force d\u2019avoir des milliers de cha\u00eenes de radio et de t\u00e9l\u00e9 qui r\u00e9p\u00e8tent la propagande isra\u00e9lienne, les gens ne sont inform\u00e9s sur le conflit qu\u2019\u00e0 travers le point de vue isra\u00e9lien. On connait les noms des victimes en Isra\u00ebl, on nous montre leurs familles. \u00c0 Gaza, nous ne sommes que des chiffres. Pas des \u00eatres humains qui ont chacun leur propre histoire, leurs ambitions, leurs r\u00eaves, leur propre vie. Et encore, ces chiffres, on les met en doute. La guerre m\u00e9diatique est plus forte que les bombardements.<\/p>\n<p>Avec les bombes, on voit les morts et les destructions. Dans la guerre m\u00e9diatique, on ne voit pas la transformation de l\u2019esprit des gens. Elle est contagieuse. Les Occidentaux voient qu\u2019on est en train de mourir, mais ils n\u2019osent pas prononcer le mot \u00ab\u00a0g\u00e9nocide\u00a0\u00bb. Il y a \u00ab\u00a0des victimes civiles du c\u00f4t\u00e9 palestinien\u00a0\u00bb. Ce n\u2019est pas de l\u2019autocensure, cela\u00a0? Quand est ce qu\u2019on va dire la v\u00e9rit\u00e9 telle qu\u2019elle est\u00a0? Quand est-ce qu\u2019on va cesser de se contenter de la propagande isra\u00e9lienne\u00a0? Si c\u2019est par parti pris id\u00e9ologique, bravo, le travail est bien fait. Mais ceux qui s\u2019autocensurent, c\u2019est grave. Plus grave que la censure. Le r\u00e9sultat, c\u2019est une guerre m\u00e9diatique qui fait de la victime l\u2019agresseur.<\/p>\n<\/div>\n<nav class=\"lire_dossier\">\n<ul>\n<li><a class=\"spip_article_7099\" href=\"https:\/\/orientxxi.info\/dossiers-et-series\/recevoir-un-colis-a-rafah-c-est-exceptionnel,7099\"><span class=\"intitules avec_logo\"><span class=\"titre\">\u00ab Recevoir un colis \u00e0 Rafah, c\u2019est exceptionnel \u00bb<\/span><span class=\"auteur\">Rami Abou Jamous\u00a0<\/span><span class=\"date\">\u00b7 28 f\u00e9vrier<\/span><\/span><\/a><\/li>\n<\/ul>\n<\/nav>\n<nav class=\"lire_dossier\">\n<ul>\n<li><a class=\"spip_article_7100\" href=\"https:\/\/orientxxi.info\/dossiers-et-series\/pour-leur-remonter-le-moral-il-faut-parfois-mentir-aux-gens,7100\"><span class=\"intitules avec_logo\"><span class=\"titre\">\u00ab Pour leur remonter le moral, il faut parfois mentir aux gens \u00bb<\/span><span class=\"auteur\">Rami Abou Jamous\u00a0<\/span><span class=\"date\">\u00b7 1er mars<\/span><\/span><\/a><\/li>\n<\/ul>\n<\/nav>\n<nav class=\"lire_dossier\">\n<ul>\n<li><a class=\"spip_article_7112\" href=\"https:\/\/orientxxi.info\/magazine\/le-parachutage-c-est-comme-donner-a-manger-a-des-chiens,7112\"><span class=\"intitules avec_logo\"><span class=\"titre\">\u00ab Le parachutage, c\u2019est comme donner \u00e0 manger \u00e0 des chiens \u00bb<\/span><span class=\"auteur\">Rami Abou Jamous\u00a0<\/span><span class=\"date\">\u00b7 4 mars<\/span><\/span><\/a><\/li>\n<\/ul>\n<\/nav>\n<nav class=\"lire_dossier\">\n<ul>\n<li><a class=\"spip_article_7125\" href=\"https:\/\/orientxxi.info\/dossiers-et-series\/les-coupures-de-connexion-annoncent-toujours-une-incursion-militaire-un-nouveau,7125\"><span class=\"intitules avec_logo\"><span class=\"titre\">\u00ab Les coupures de connexion annoncent toujours une incursion militaire, un nouveau massacre \u00bb<\/span><span class=\"auteur\">Rami Abou Jamous\u00a0<\/span><span class=\"date\">\u00b7 8 mars<\/span><\/span><\/a><\/li>\n<\/ul>\n<\/nav>\n<nav class=\"lire_dossier\">\n<ul>\n<li><a class=\"spip_article_7130\" href=\"https:\/\/orientxxi.info\/dossiers-et-series\/c-est-ramadan-mais-le-coeur-n-y-est-pas,7130\"><span class=\"intitules avec_logo\"><span class=\"titre\">\u00ab C\u2019est ramadan, mais le c\u0153ur n\u2019y est pas \u00bb<\/span><span class=\"auteur\">Rami Abou Jamous\u00a0<\/span><span class=\"date\">\u00b7 11 mars<\/span><\/span><\/a><\/li>\n<\/ul>\n<\/nav>\n<nav class=\"lire_dossier\">\n<ul>\n<li><a class=\"spip_article_7140\" href=\"https:\/\/orientxxi.info\/dossiers-et-series\/les-camions-qui-distribuent-l-aide-sont-proteges-par-des-hommes-armes,7140\"><span class=\"intitules avec_logo\"><span class=\"titre\">\u00ab Les camions qui distribuent l\u2019aide sont prot\u00e9g\u00e9s par des hommes arm\u00e9s \u00bb<\/span><span class=\"auteur\">Rami Abou Jamous\u00a0<\/span><span class=\"date\">\u00b7 13 mars<\/span><\/span><\/a><\/li>\n<\/ul>\n<\/nav>\n<nav class=\"lire_dossier\">\n<ul>\n<li><a class=\"spip_article_7153\" href=\"https:\/\/orientxxi.info\/magazine\/la-plus-grande-joie-d-un-enfant-c-est-de-faire-manger-sa-famille,7153\"><span class=\"intitules avec_logo\"><span class=\"titre\">\u00ab La plus grande joie d\u2019un enfant, c\u2019est de faire manger sa famille \u00bb<\/span><span class=\"auteur\">Rami Abou Jamous\u00a0<\/span><span class=\"date\">\u00b7 18 mars<\/span><\/span><\/a><\/li>\n<\/ul>\n<\/nav>\n<nav class=\"lire_dossier\">\n<ul>\n<li><a class=\"spip_article_7157\" href=\"https:\/\/orientxxi.info\/dossiers-et-series\/coco-ton-dessin-nous-depeint-comme-des-sauvages,7157\"><span class=\"intitules avec_logo\"><span class=\"titre\">\u00ab Coco, ton dessin nous d\u00e9peint comme des sauvages \u00bb<\/span><span class=\"auteur\">Rami Abou Jamous\u00a0<\/span><span class=\"date\">\u00b7 20 mars<\/span><\/span><\/a><\/li>\n<\/ul>\n<\/nav>\n<nav class=\"lire_dossier\">\n<ul>\n<li><a class=\"spip_article_7164\" href=\"https:\/\/orientxxi.info\/dossiers-et-series\/ce-qui-rend-les-israeliens-furieux-c-est-que-le-hamas-est-toujours-la,7164\"><span class=\"intitules avec_logo\"><span class=\"titre\">\u00ab Ce qui rend les Isra\u00e9liens furieux, c\u2019est que le Hamas est toujours l\u00e0 \u00bb<\/span><span class=\"auteur\">Rami Abou Jamous\u00a0<\/span><span class=\"date\">\u00b7 22 mars<\/span><\/span><\/a><\/li>\n<\/ul>\n<\/nav>\n<nav class=\"lire_dossier\">\n<ul>\n<li><a class=\"spip_article_7172\" href=\"https:\/\/orientxxi.info\/dossiers-et-series\/chaque-pouvoir-qui-arrive-dans-gaza-essaye-d-utiliser-les-clans-a-son-profit,7172\"><span class=\"intitules avec_logo\"><span class=\"titre\">\u00ab Chaque pouvoir qui arrive dans Gaza essaye d\u2019utiliser les clans \u00e0 son profit \u00bb<\/span><span class=\"auteur\">Rami Abou Jamous\u00a0<\/span><span class=\"date\">\u00b7 25 mars<\/span><\/span><\/a><\/li>\n<\/ul>\n<\/nav>\n<nav class=\"lire_dossier\">\n<ul>\n<li><a class=\"spip_article_7180\" href=\"https:\/\/orientxxi.info\/dossiers-et-series\/voila-une-autre-resolution-de-l-onu-qui-va-finir-dans-un-tiroir,7180\"><span class=\"intitules avec_logo\"><span class=\"titre\">\u00ab Voil\u00e0 une autre r\u00e9solution de l\u2019<span class=\"caps\">ONU<\/span>\u00a0qui va finir dans un tiroir\u00a0\u00bb<\/span><span class=\"auteur\">Rami Abou Jamous\u00a0<\/span><span class=\"date\">\u00b7 27 mars<\/span><\/span><\/a><\/li>\n<\/ul>\n<\/nav>\n<nav class=\"lire_dossier\">\n<ul>\n<li><a class=\"spip_article_7191\" href=\"https:\/\/orientxxi.info\/dossiers-et-series\/dans-toutes-les-guerres-il-y-a-des-profiteurs,7191\"><span class=\"intitules avec_logo\"><span class=\"titre\">\u00ab Dans toutes les guerres, il y a des profiteurs \u00bb<\/span><span class=\"auteur\">Rami Abou Jamous\u00a0<\/span><span class=\"date\">\u00b7 29 mars<\/span><\/span><\/a><\/li>\n<\/ul>\n<\/nav>\n<nav class=\"lire_dossier\">\n<ul>\n<li><a class=\"spip_article_7200\" href=\"https:\/\/orientxxi.info\/dossiers-et-series\/mon-beau-pere-a-quitte-cette-vie-pour-ne-plus-souffrir-de-l-humiliation,7200\"><span class=\"intitules avec_logo\"><span class=\"titre\">\u00ab Mon beau-p\u00e8re a quitt\u00e9 cette vie pour ne plus souffrir de l\u2019humiliation \u00bb<\/span><span class=\"auteur\">Rami Abou Jamous\u00a0<\/span><span class=\"date\">\u00b7 1er avril<\/span><\/span><\/a><\/li>\n<\/ul>\n<\/nav>\n<nav class=\"lire_dossier\">\n<ul>\n<li><a class=\"spip_article_7213\" href=\"https:\/\/orientxxi.info\/dossiers-et-series\/on-meurt-sous-les-memes-bombes-qui-ont-tue-les-humanitaires-de-wck,7213\"><span class=\"intitules avec_logo\"><span class=\"titre\">\u00ab On meurt sous les m\u00eames bombes qui ont tu\u00e9 les humanitaires de\u00a0<span class=\"caps\">WCK<\/span>\u00a0\u00bb<\/span><span class=\"auteur\">Rami Abou Jamous\u00a0<\/span><span class=\"date\">\u00b7 5 avril<\/span><\/span><\/a><\/li>\n<\/ul>\n<\/nav>\n<nav class=\"lire_dossier\">\n<ul>\n<li><a class=\"spip_article_7218\" href=\"https:\/\/orientxxi.info\/dossiers-et-series\/meme-s-il-n-y-a-plus-rien-dans-le-nord-nous-voulons-rentrer-chez-nous,7218\"><span class=\"intitules avec_logo\"><span class=\"titre\">\u00ab M\u00eame s\u2019il n\u2019y a plus rien dans le nord, nous voulons rentrer chez nous \u00bb<\/span><span class=\"auteur\">Rami Abou Jamous\u00a0<\/span><span class=\"date\">\u00b7 8 avril<\/span><\/span><\/a><\/li>\n<\/ul>\n<\/nav>\n<nav class=\"lire_dossier\">\n<ul>\n<li><a class=\"spip_article_7227\" href=\"https:\/\/orientxxi.info\/dossiers-et-series\/temoignage-d-un-travailleur-gazaoui-detenu-et-torture-en-israel,7227\"><span class=\"intitules avec_logo\"><span class=\"titre\">T\u00e9moignage d\u2019un travailleur gazaoui d\u00e9tenu et tortur\u00e9 en Isra\u00ebl<\/span><span class=\"auteur\">Rami Abou Jamous\u00a0<\/span><span class=\"date\">\u00b7 10 avril<\/span><\/span><\/a><\/li>\n<\/ul>\n<\/nav>\n<nav class=\"lire_dossier\">\n<ul>\n<li><a class=\"spip_article_7232\" href=\"https:\/\/orientxxi.info\/dossiers-et-series\/on-va-continuer-a-feter-l-aid-sur-notre-terre,7232\"><span class=\"intitules avec_logo\"><span class=\"titre\">\u00ab On va continuer \u00e0 f\u00eater l\u2019A\u00efd sur notre terre \u00bb<\/span><span class=\"auteur\">Rami Abou Jamous\u00a0<\/span><span class=\"date\">\u00b7 12 avril<\/span><\/span><\/a><\/li>\n<\/ul>\n<\/nav>\n<nav class=\"lire_dossier\">\n<ul>\n<li><a class=\"spip_article_7242\" href=\"https:\/\/orientxxi.info\/dossiers-et-series\/je-regarde-les-visages-et-je-vois-que-les-gens-ont-vieilli,7242\"><span class=\"intitules avec_logo\"><span class=\"titre\">\u00ab Je regarde les visages, et je vois que les gens ont vieilli \u00bb<\/span><span class=\"auteur\">Rami Abou Jamous\u00a0<\/span><span class=\"date\">\u00b7 15 avril<\/span><\/span><\/a><\/li>\n<\/ul>\n<\/nav>\n<nav class=\"lire_dossier\">\n<ul>\n<li><a class=\"spip_article_7250\" href=\"https:\/\/orientxxi.info\/dossiers-et-series\/les-deplaces-veulent-rentrer-chez-eux,7250\"><span class=\"intitules avec_logo\"><span class=\"titre\">\u00ab Les d\u00e9plac\u00e9s veulent rentrer chez eux \u00bb<\/span><span class=\"auteur\">Rami Abou Jamous\u00a0<\/span><span class=\"date\">\u00b7 17 avril<\/span><\/span><\/a><\/li>\n<\/ul>\n<\/nav>\n<nav class=\"lire_dossier\">\n<ul>\n<li><a class=\"spip_article_7261\" href=\"https:\/\/orientxxi.info\/dossiers-et-series\/comme-tous-les-pouvoirs-coloniaux-israel-ne-veut-pas-d-une-societe-eduquee,7261\"><span class=\"intitules avec_logo\"><span class=\"titre\">\u00ab Comme tous les pouvoirs coloniaux, Isra\u00ebl ne veut pas d\u2019une soci\u00e9t\u00e9 \u00e9duqu\u00e9e \u00bb<\/span><span class=\"auteur\">Rami Abou Jamous\u00a0<\/span><span class=\"date\">\u00b7 19 avril<\/span><\/span><\/a><\/li>\n<\/ul>\n<\/nav>\n<nav class=\"lire_dossier\">\n<ul>\n<li><a class=\"spip_article_7268\" href=\"https:\/\/orientxxi.info\/dossiers-et-series\/de-nouvelles-maladies-graves-sont-apparues-a-rafah,7268\"><span class=\"intitules avec_logo\"><span class=\"titre\">\u00ab De nouvelles maladies graves sont apparues \u00e0 Rafah \u00bb<\/span><span class=\"auteur\">Rami Abou Jamous\u00a0<\/span><span class=\"date\">\u00b7 22 avril<\/span><\/span><\/a><\/li>\n<\/ul>\n<\/nav>\n<nav class=\"lire_dossier\">\n<ul>\n<li><a class=\"spip_article_7275\" href=\"https:\/\/orientxxi.info\/magazine\/c-est-toute-l-histoire-industrielle-de-gaza-qui-se-termine,7275\"><span class=\"intitules avec_logo\"><span class=\"titre\"> C\u2019est toute l\u2019histoire industrielle de Gaza qui se termine \u00bb<\/span><span class=\"auteur\">Rami Abou Jamous\u00a0<\/span><span class=\"date\">\u00b7 24 avril<\/span><\/span><\/a><\/li>\n<\/ul>\n<\/nav>\n<nav class=\"lire_dossier\">\n<ul>\n<li><a class=\"spip_article_7280\" href=\"https:\/\/orientxxi.info\/dossiers-et-series\/on-a-pris-des-risques-pour-aller-a-la-plage-parce-qu-on-aime-la-vie,7280\"><span class=\"intitules avec_logo\"><span class=\"titre\">\u00ab On a pris des risques pour aller \u00e0 la plage parce qu\u2019on aime la vie \u00bb<\/span><span class=\"auteur\">Rami Abou Jamous\u00a0<\/span><span class=\"date\">\u00b7 26 avril<\/span><\/span><\/a><\/li>\n<\/ul>\n<\/nav>\n<nav class=\"lire_dossier\">\n<ul>\n<li><a class=\"spip_article_7289\" href=\"https:\/\/orientxxi.info\/dossiers-et-series\/les-israeliens-utilisent-une-nouvelle-arme-celle-de-la-cigarette,7289\"><span class=\"intitules avec_logo\"><span class=\"titre\">\u00ab Les Isra\u00e9liens utilisent une nouvelle arme, celle de la cigarette \u00bb<\/span><span class=\"auteur\">Rami Abou Jamous\u00a0<\/span><span class=\"date\">\u00b7 29 avril<\/span><\/span><\/a><\/li>\n<\/ul>\n<\/nav>\n<nav class=\"lire_dossier\">\n<ul>\n<li><a class=\"spip_article_7295\" href=\"https:\/\/orientxxi.info\/dossiers-et-series\/on-a-peur-de-mourir-a-la-derniere-minute,7295\"><span class=\"intitules avec_logo\"><span class=\"titre\">\u00ab On a peur de mourir \u00e0 la derni\u00e8re minute \u00bb<\/span><span class=\"auteur\">Rami Abou Jamous\u00a0<\/span><span class=\"date\">\u00b7 3 mai<\/span><\/span><\/a><\/li>\n<\/ul>\n<\/nav>\n<nav class=\"lire_dossier\">\n<ul>\n<li><a class=\"spip_article_7304\" href=\"https:\/\/orientxxi.info\/dossiers-et-series\/c-est-la-premiere-fois-qu-on-voit-des-universites-manifester-pour-la-palestine,7304\"><span class=\"intitules avec_logo\"><span class=\"titre\">\u00ab C\u2019est la premi\u00e8re fois qu\u2019on voit des universit\u00e9s manifester pour la Palestine ! \u00bb<\/span><span class=\"auteur\">Rami Abou Jamous\u00a0<\/span><span class=\"date\">\u00b7 6 mai<\/span><\/span><\/a><\/li>\n<\/ul>\n<\/nav>\n<nav class=\"lire_dossier\">\n<ul>\n<li><a class=\"spip_article_7314\" href=\"https:\/\/orientxxi.info\/dossiers-et-series\/a-rafah-la-guerre-a-recommence,7314\"><span class=\"intitules avec_logo\"><span class=\"titre\">\u00ab \u00c0 Rafah, la guerre a recommenc\u00e9 \u00bb<\/span><span class=\"auteur\">Rami Abou Jamous\u00a0<\/span><span class=\"date\">\u00b7 8 mai<\/span><\/span><\/a><\/li>\n<\/ul>\n<\/nav>\n<nav class=\"lire_dossier\">\n<ul>\n<li><a class=\"spip_article_7318\" href=\"https:\/\/orientxxi.info\/dossiers-et-series\/si-on-s-en-sort-on-partira-en-voyage-en-france,7318\"><span class=\"intitules avec_logo\"><span class=\"titre\">\u00ab Si on s\u2019en sort, on partira en voyage en France \u00bb<\/span><span class=\"auteur\">Rami Abou Jamous\u00a0<\/span><span class=\"date\">\u00b7 10 mai<\/span><\/span><\/a><\/li>\n<\/ul>\n<\/nav>\n<nav class=\"lire_dossier\">\n<ul>\n<li><a class=\"spip_article_7329\" href=\"https:\/\/orientxxi.info\/dossiers-et-series\/partir-mais-pour-aller-ou,7329\"><span class=\"intitules avec_logo\"><span class=\"titre\">\u00ab Partir, mais pour aller o\u00f9 ? \u00bb<\/span><span class=\"auteur\">Rami Abou Jamous\u00a0<\/span><span class=\"date\">\u00b7 13 mai<\/span><\/span><\/a><\/li>\n<\/ul>\n<\/nav>\n<nav class=\"lire_dossier\">\n<ul>\n<li><a class=\"spip_article_7335\" href=\"https:\/\/orientxxi.info\/dossiers-et-series\/ces-humanitaires-sont-morts-dans-le-meme-silence-qui-nous-enveloppe,7335\"><span class=\"intitules avec_logo\"><span class=\"titre\">\u00ab Ces humanitaires sont morts dans le m\u00eame silence qui nous enveloppe \u00bb<\/span><span class=\"auteur\">Rami Abou Jamous\u00a0<\/span><span class=\"date\">\u00b7 15 mai<\/span><\/span><\/a><\/li>\n<\/ul>\n<\/nav>\n<nav class=\"lire_dossier\">\n<ul>\n<li><a class=\"spip_article_7348\" href=\"https:\/\/orientxxi.info\/dossiers-et-series\/j-ai-decide-de-rester-tant-qu-un-tract-ne-me-demande-pas-d-evacuer,7348\"><span class=\"intitules avec_logo\"><span class=\"titre\">\u00ab J\u2019ai d\u00e9cid\u00e9 de rester tant qu\u2019un tract ne me demande pas d\u2019\u00e9vacuer \u00bb<\/span><span class=\"auteur\">Rami Abou Jamous\u00a0<\/span><span class=\"date\">\u00b7 17 mai<\/span><\/span><\/a><\/li>\n<\/ul>\n<\/nav>\n<nav class=\"lire_dossier\">\n<ul>\n<li><a class=\"spip_article_7352\" href=\"https:\/\/orientxxi.info\/dossiers-et-series\/les-gens-ont-perdu-l-espoir-de-vivre-sur-cette-terre,7352\"><span class=\"intitules avec_logo\"><span class=\"titre\">\u00ab Les gens ont perdu l\u2019espoir de vivre sur cette terre \u00bb<\/span><span class=\"auteur\">Rami Abou Jamous\u00a0<\/span><span class=\"date\">\u00b7 20 mai<\/span><\/span><\/a><\/li>\n<\/ul>\n<\/nav>\n<nav class=\"lire_dossier\">\n<ul>\n<li><a class=\"spip_article_7357\" href=\"https:\/\/orientxxi.info\/dossiers-et-series\/j-espere-que-tous-ces-sacrifices-ne-partiront-pas-en-fumee,7357\"><span class=\"intitules avec_logo\"><span class=\"titre\">\u00ab J\u2019esp\u00e8re que tous ces sacrifices ne partiront pas en fum\u00e9e \u00bb<\/span><span class=\"auteur\">Rami Abou Jamous\u00a0<\/span><span class=\"date\">\u00b7 22 mai<\/span><\/span><\/a><\/li>\n<\/ul>\n<\/nav>\n<nav class=\"lire_dossier\">\n<ul>\n<li><a class=\"spip_article_7373\" href=\"https:\/\/orientxxi.info\/dossiers-et-series\/le-comportement-des-enfants-de-gaza-a-beaucoup-change,7373\"><span class=\"intitules avec_logo\"><span class=\"titre\">\u00ab Le comportement des enfants de Gaza a beaucoup chang\u00e9 \u00bb<\/span><span class=\"auteur\">Rami Abou Jamous\u00a0<\/span><span class=\"date\">\u00b7 28 mai<\/span><\/span><\/a><\/li>\n<\/ul>\n<\/nav>\n<nav class=\"lire_dossier\">\n<ul>\n<li><a class=\"spip_article_7391\" href=\"https:\/\/orientxxi.info\/dossiers-et-series\/une-tornade-qui-tourne-qui-tourne-qui-nous-emporte,7391\"><span class=\"intitules avec_logo\"><span class=\"titre\">\u00ab Une tornade qui tourne, qui tourne, qui nous emporte \u00bb<\/span><span class=\"auteur\">Rami Abou Jamous\u00a0<\/span><span class=\"date\">\u00b7 3 juin<\/span><\/span><\/a><\/li>\n<\/ul>\n<\/nav>\n<nav class=\"lire_dossier\">\n<ul>\n<li><a class=\"spip_article_7404\" href=\"https:\/\/orientxxi.info\/dossiers-et-series\/je-vais-vous-parler-de-notre-vie-sous-la-tente-et-de-celle-des-milliers-de-gens,7404\"><span class=\"intitules avec_logo\"><span class=\"titre\">\u00ab Je vais vous parler de notre vie sous la tente, et de celle des milliers de gens qui nous entourent \u00bb<\/span><span class=\"auteur\">Rami Abou Jamous\u00a0<\/span><span class=\"date\">\u00b7 10 juin<\/span><\/span><\/a><\/li>\n<\/ul>\n<\/nav>\n<nav class=\"lire_dossier\">\n<ul>\n<li><a class=\"spip_article_7423\" href=\"https:\/\/orientxxi.info\/dossiers-et-series\/nos-enfants-meritent-de-vivre-comme-les-autres-enfants-du-monde,7423\"><span class=\"intitules avec_logo\"><span class=\"titre\">\u00ab Nos enfants m\u00e9ritent de vivre comme les autres enfants du monde \u00bb<\/span><span class=\"auteur\">Rami Abou Jamous\u00a0<\/span><span class=\"date\">\u00b7 18 juin<\/span><\/span><\/a><\/li>\n<\/ul>\n<\/nav>\n<nav class=\"lire_dossier\">\n<ul>\n<li><a class=\"spip_article_7436\" href=\"https:\/\/orientxxi.info\/dossiers-et-series\/comme-si-on-ne-pouvait-pas-etre-palestinien-et-journaliste,7436\"><span class=\"intitules avec_logo\"><span class=\"titre\">\u00ab Comme si on ne pouvait pas \u00eatre palestinien et journaliste \u00bb<\/span><span class=\"auteur\">Rami Abou Jamous\u00a0<\/span><span class=\"date\">\u00b7 24 juin<\/span><\/span><\/a><\/li>\n<\/ul>\n<\/nav>\n<nav class=\"lire_dossier\">\n<ul>\n<li><a class=\"spip_article_7448\" href=\"https:\/\/orientxxi.info\/dossiers-et-series\/cette-guerre-a-fait-ressortir-ce-qu-il-y-a-de-pire-chez-les-gens,7448\"><span class=\"intitules avec_logo\"><span class=\"titre\">\u00ab Cette guerre a fait ressortir ce qu\u2019il y a de pire chez les gens \u00bb<\/span><span class=\"auteur\">Rami Abou Jamous\u00a0<\/span><span class=\"date\">\u00b7 27 juin<\/span><\/span><\/a><\/li>\n<\/ul>\n<\/nav>\n<nav class=\"lire_dossier\">\n<ul>\n<li><a class=\"spip_article_7473\" href=\"https:\/\/orientxxi.info\/dossiers-et-series\/perdre-un-souvenir-c-est-comme-perdre-un-parent,7473\"><span class=\"intitules avec_logo\"><span class=\"titre\">\u00ab Perdre un souvenir, c\u2019est comme perdre un parent \u00bb<\/span><span class=\"auteur\">Rami Abou Jamous\u00a0<\/span><span class=\"date\">\u00b7 8 juillet<\/span><\/span><\/a><\/li>\n<\/ul>\n<\/nav>\n<nav class=\"lire_dossier\">\n<ul>\n<li><a class=\"spip_article_7499\" href=\"https:\/\/orientxxi.info\/dossiers-et-series\/tu-es-oblige-de-raser-le-crane-de-ton-enfant-comme-s-il-partait-a-l-armee,7499\"><span class=\"intitules avec_logo\"><span class=\"titre\">\u00ab Tu es oblig\u00e9 de raser le cr\u00e2ne de ton enfant, comme s\u2019il partait \u00e0 l\u2019arm\u00e9e \u00bb<\/span><span class=\"auteur\">Rami Abou Jamous\u00a0<\/span><span class=\"date\">\u00b7 18 juillet<\/span><\/span><\/a><\/li>\n<\/ul>\n<\/nav>\n<nav class=\"lire_dossier\">\n<ul>\n<li><a class=\"spip_article_7517\" href=\"https:\/\/orientxxi.info\/dossiers-et-series\/nous-avons-relance-la-maison-de-la-presse,7517\"><span class=\"intitules avec_logo\"><span class=\"titre\">\u00ab Nous avons relanc\u00e9 la Maison de la presse \u00bb<\/span><span class=\"auteur\">Rami Abou Jamous\u00a0<\/span><span class=\"date\">\u00b7 26 juillet<\/span><\/span><\/a><\/li>\n<\/ul>\n<\/nav>\n<nav class=\"lire_dossier\">\n<ul>\n<li><a class=\"spip_article_7520\" href=\"https:\/\/orientxxi.info\/dossiers-et-series\/les-megots-c-est-de-l-or,7520\"><span class=\"intitules avec_logo\"><span class=\"titre\">\u00ab Les m\u00e9gots, c\u2019est de l\u2019or \u00bb<\/span><span class=\"auteur\">Rami Abou Jamous\u00a0<\/span><span class=\"date\">\u00b7 31 juillet<\/span><\/span><\/a><\/li>\n<\/ul>\n<\/nav>\n<nav class=\"lire_dossier\">\n<ul>\n<li><a class=\"spip_article_7531\" href=\"https:\/\/orientxxi.info\/dossiers-et-series\/on-est-en-train-de-vivre-mais-on-est-deja-mort,7531\"><span class=\"intitules avec_logo\"><span class=\"titre\">\u00ab On est en train de vivre, mais on est d\u00e9j\u00e0 mort \u00bb<\/span><span class=\"auteur\">Rami Abou Jamous\u00a0<\/span><span class=\"date\">\u00b7 6 ao\u00fbt<\/span><\/span><\/a><\/li>\n<\/ul>\n<\/nav>\n<nav class=\"lire_dossier\">\n<ul>\n<li><a class=\"spip_article_7536\" href=\"https:\/\/orientxxi.info\/dossiers-et-series\/cette-penurie-a-provoque-l-apparition-de-nouveaux-metiers,7536\"><span class=\"intitules avec_logo\"><span class=\"titre\">\u00ab Cette p\u00e9nurie a provoqu\u00e9 l\u2019apparition de nouveaux m\u00e9tiers \u00bb<\/span><span class=\"auteur\">Rami Abou Jamous\u00a0<\/span><span class=\"date\">\u00b7 12 ao\u00fbt<\/span><\/span><\/a><\/li>\n<\/ul>\n<\/nav>\n<nav class=\"lire_dossier\">\n<ul>\n<li><a class=\"spip_article_7549\" href=\"https:\/\/orientxxi.info\/dossiers-et-series\/on-voit-apparaitre-une-generation-d-enfants-travailleurs,7549\"><span class=\"intitules avec_logo\"><span class=\"titre\">\u00ab On voit appara\u00eetre une g\u00e9n\u00e9ration d\u2019enfants travailleurs \u00bb<\/span><span class=\"auteur\">Rami Abou Jamous\u00a0<\/span><span class=\"date\">\u00b7 20 ao\u00fbt<\/span><\/span><\/a><\/li>\n<\/ul>\n<\/nav>\n<nav class=\"lire_dossier\">\n<ul>\n<li><a class=\"spip_article_7554\" href=\"https:\/\/orientxxi.info\/dossiers-et-series\/apres-la-guerre-une-autre-catastrophe-nous-attend,7554\"><span class=\"intitules avec_logo\"><span class=\"titre\">\u00ab Apr\u00e8s la guerre, une autre catastrophe nous attend \u00bb<\/span><span class=\"auteur\">Rami Abou Jamous\u00a0<\/span><span class=\"date\">\u00b7 23 ao\u00fbt<\/span><\/span><\/a><\/li>\n<\/ul>\n<\/nav>\n<nav class=\"lire_dossier\">\n<ul>\n<li><a class=\"spip_article_7565\" href=\"https:\/\/orientxxi.info\/dossiers-et-series\/apparemment-on-n-a-pas-le-droit-de-rever-ici,7565\"><span class=\"intitules avec_logo\"><span class=\"titre\">\u00ab Apparemment, on n\u2019a pas le droit de r\u00eaver ici \u00bb<\/span><span class=\"auteur\">Rami Abou Jamous\u00a0<\/span><span class=\"date\">\u00b7 29 ao\u00fbt<\/span><\/span><\/a><\/li>\n<\/ul>\n<\/nav>\n<nav class=\"lire_dossier\">\n<ul>\n<li><a class=\"spip_article_7582\" href=\"https:\/\/orientxxi.info\/dossiers-et-series\/la-peur-m-entoure-partout-et-je-ne-peux-pas-en-sortir,7582\"><span class=\"intitules avec_logo\"><span class=\"titre\">\u00ab La peur m\u2019entoure partout, et je ne peux pas en sortir \u00bb<\/span><span class=\"auteur\">Rami Abou Jamous\u00a0<\/span><span class=\"date\">\u00b7 5 septembre<\/span><\/span><\/a><\/li>\n<\/ul>\n<\/nav>\n<nav class=\"lire_dossier\">\n<ul>\n<li><a class=\"spip_article_7608\" href=\"https:\/\/orientxxi.info\/dossiers-et-series\/je-rends-hommage-aux-medecins-et-je-leur-dis-merci,7608\"><span class=\"intitules avec_logo\"><span class=\"titre\">\u00ab Je rends hommage aux m\u00e9decins, et je leur dis merci \u00bb<\/span><span class=\"auteur\">Rami Abou Jamous\u00a0<\/span><span class=\"date\">\u00b7 13 septembre<\/span><\/span><\/a><\/li>\n<\/ul>\n<\/nav>\n<nav class=\"lire_dossier\">\n<ul>\n<li><a class=\"spip_article_7620\" href=\"https:\/\/orientxxi.info\/dossiers-et-series\/7620,7620\"><span class=\"intitules avec_logo\"><span class=\"titre\">\u00ab Cette ann\u00e9e, il n\u2019y aura pas de r\u00e9colte \u00bb<\/span><span class=\"auteur\">Rami Abou Jamous\u00a0<\/span><span class=\"date\">\u00b7 20 septembre<\/span><\/span><\/a><\/li>\n<\/ul>\n<\/nav>\n<nav class=\"lire_dossier\">\n<ul>\n<li><a class=\"spip_article_7633\" href=\"https:\/\/orientxxi.info\/dossiers-et-series\/a-cause-de-la-guerre-l-affection-passe-en-dernier,7633\"><span class=\"intitules avec_logo\"><span class=\"titre\">\u00ab \u00c0 cause de la guerre, l\u2019affection passe en dernier \u00bb<\/span><span class=\"auteur\">Rami Abou Jamous\u00a0<\/span><span class=\"date\">\u00b7 25 septembre<\/span><\/span><\/a><\/li>\n<\/ul>\n<\/nav>\n<nav class=\"lire_dossier\">\n<ul>\n<li><a class=\"spip_article_7643\" href=\"https:\/\/orientxxi.info\/dossiers-et-series\/pour-qualifier-ce-qui-se-passe-je-ne-trouve-que-gazacide,7643\"><span class=\"intitules avec_logo\"><span class=\"titre\">\u00ab Pour qualifier ce qui se passe, je ne trouve que \u00ab\u00a0Gazacide\u00a0\u00bb \u00bb<\/span><span class=\"auteur\">Rami Abou Jamous\u00a0<\/span><span class=\"date\">\u00b7 27 septembre<\/span><\/span><\/a><\/li>\n<\/ul>\n<\/nav>\n<nav class=\"lire_dossier\">\n<ul>\n<li><a class=\"spip_article_7652\" href=\"https:\/\/orientxxi.info\/dossiers-et-series\/israel-est-en-train-de-nous-faire-detester-l-endroit-ou-l-on-vit,7652\"><span class=\"intitules avec_logo\"><span class=\"titre\">\u00ab Isra\u00ebl est en train de nous faire d\u00e9tester l\u2019endroit o\u00f9 l\u2019on vit \u00bb<\/span><span class=\"auteur\">Rami Abou Jamous\u00a0<\/span><span class=\"date\">\u00b7 2 octobre<\/span><\/span><\/a><\/li>\n<\/ul>\n<\/nav>\n<nav class=\"lire_dossier\">\n<ul>\n<li><a class=\"spip_article_7666\" href=\"https:\/\/orientxxi.info\/dossiers-et-series\/pour-nous-c-est-tous-les-jours-le-7-octobre,7666\"><span class=\"intitules avec_logo\"><span class=\"titre\">\u00ab Pour nous, c\u2019est tous les jours le 7 octobre \u00bb<\/span><span class=\"auteur\">Rami Abou Jamous\u00a0<\/span><span class=\"date\">\u00b7 7 octobre<\/span><\/span><\/a><\/li>\n<\/ul>\n<\/nav>\n<nav class=\"lire_dossier\">\n<ul>\n<li><a class=\"spip_article_7672\" href=\"https:\/\/orientxxi.info\/dossiers-et-series\/condamnez-vous-le-hamas,7672\"><span class=\"intitules avec_logo\"><span class=\"titre\">\u00ab Condamnez-vous le Hamas ? \u00bb<\/span><span class=\"auteur\">Rami Abou Jamous\u00a0<\/span><span class=\"date\">\u00b7 9 octobre<\/span><\/span><\/a><\/li>\n<\/ul>\n<\/nav>\n<nav class=\"lire_dossier\">\n<ul>\n<li><a class=\"spip_article_7683\" href=\"https:\/\/orientxxi.info\/dossiers-et-series\/parfois-je-peine-a-me-rendre-compte-de-l-ampleur-du-desastre,7683\"><span class=\"intitules avec_logo\"><span class=\"titre\">\u00ab Parfois, je peine \u00e0 me rendre compte de l\u2019ampleur du d\u00e9sastre \u00bb<\/span><span class=\"auteur\">Rami Abou Jamous\u00a0<\/span><span class=\"date\">\u00b7 15 octobre<\/span><\/span><\/a><\/li>\n<\/ul>\n<\/nav>\n<nav class=\"lire_dossier\">\n<ul>\n<li><a class=\"spip_article_7699\" href=\"https:\/\/orientxxi.info\/dossiers-et-series\/la-mort-rode-autour-d-eux-ils-ne-savent-pas-quand-elle-va-arriver,7699\"><span class=\"intitules avec_logo\"><span class=\"titre\">\u00ab La mort r\u00f4de autour d\u2019eux. Ils ne savent pas quand elle va arriver \u00bb<\/span><span class=\"auteur\">Rami Abou Jamous\u00a0<\/span><span class=\"date\">\u00b7 18 octobre<\/span><\/span><\/a><\/li>\n<\/ul>\n<\/nav>\n<div class=\"cadre_auteur\">\n<div class=\"intitules\">\n<p><a href=\"https:\/\/orientxxi.info\/fr\/auteur1342.html\"><strong>Rami Abou Jamous<\/strong><\/a><\/p>\n<div class=\"bio\">\n<p>Journaliste palestinien \u00e0 Gaza.<\/p>\n<\/div>\n<\/div>\n<\/div>\n<\/div>\n<\/section>\n","protected":false},"excerpt":{"rendered":"<p>Rami Abou Jamous \u00e9crit son journal pour Orient XXI. Ce fondateur de GazaPress, un bureau qui fournissait aide et traduction aux journalistes occidentaux, a d\u00fb quitter en octobre 2023 son appartement de la ville de Gaza avec sa femme Sabah, les enfants de celle-ci, et leur fils Walid, deux ans et demi, sous la pression &#8230; <a title=\"Journal de bord de Gaza 59\" class=\"read-more\" href=\"https:\/\/bruxelles-pantheres.be\/?p=6050\" aria-label=\"En savoir plus sur Journal de bord de Gaza 59\">Lire la suite<\/a><\/p>\n","protected":false},"author":1,"featured_media":5992,"comment_status":"open","ping_status":"open","sticky":false,"template":"","format":"standard","meta":{"footnotes":""},"categories":[21,36,6,537,28],"tags":[12,95],"class_list":["post-6050","post","type-post","status-publish","format-standard","has-post-thumbnail","hentry","category-anti-imperialisme","category-europe","category-palestine-moyen-orient","category-presse-medias","category-racismes","tag-gaza","tag-journaliste"],"_links":{"self":[{"href":"https:\/\/bruxelles-pantheres.be\/index.php?rest_route=\/wp\/v2\/posts\/6050","targetHints":{"allow":["GET"]}}],"collection":[{"href":"https:\/\/bruxelles-pantheres.be\/index.php?rest_route=\/wp\/v2\/posts"}],"about":[{"href":"https:\/\/bruxelles-pantheres.be\/index.php?rest_route=\/wp\/v2\/types\/post"}],"author":[{"embeddable":true,"href":"https:\/\/bruxelles-pantheres.be\/index.php?rest_route=\/wp\/v2\/users\/1"}],"replies":[{"embeddable":true,"href":"https:\/\/bruxelles-pantheres.be\/index.php?rest_route=%2Fwp%2Fv2%2Fcomments&post=6050"}],"version-history":[{"count":3,"href":"https:\/\/bruxelles-pantheres.be\/index.php?rest_route=\/wp\/v2\/posts\/6050\/revisions"}],"predecessor-version":[{"id":6054,"href":"https:\/\/bruxelles-pantheres.be\/index.php?rest_route=\/wp\/v2\/posts\/6050\/revisions\/6054"}],"wp:featuredmedia":[{"embeddable":true,"href":"https:\/\/bruxelles-pantheres.be\/index.php?rest_route=\/wp\/v2\/media\/5992"}],"wp:attachment":[{"href":"https:\/\/bruxelles-pantheres.be\/index.php?rest_route=%2Fwp%2Fv2%2Fmedia&parent=6050"}],"wp:term":[{"taxonomy":"category","embeddable":true,"href":"https:\/\/bruxelles-pantheres.be\/index.php?rest_route=%2Fwp%2Fv2%2Fcategories&post=6050"},{"taxonomy":"post_tag","embeddable":true,"href":"https:\/\/bruxelles-pantheres.be\/index.php?rest_route=%2Fwp%2Fv2%2Ftags&post=6050"}],"curies":[{"name":"wp","href":"https:\/\/api.w.org\/{rel}","templated":true}]}}