{"id":6064,"date":"2024-11-18T16:26:43","date_gmt":"2024-11-18T15:26:43","guid":{"rendered":"https:\/\/bruxelles-pantheres.be\/?p=6064"},"modified":"2024-11-18T16:37:15","modified_gmt":"2024-11-18T15:37:15","slug":"israel-a-transforme-la-bande-de-gaza-en-couloir-de-la-mort","status":"publish","type":"post","link":"https:\/\/bruxelles-pantheres.be\/?p=6064","title":{"rendered":"Isra\u00ebl a transform\u00e9 la bande de Gaza en couloir de la mort"},"content":{"rendered":"<p>Depuis plus d\u2019un an, l\u2019arm\u00e9e isra\u00e9lienne m\u00e8ne dans la bande de Gaza une lutte sans merci contre le Hamas qui ressemble \u00e0 une guerre contre les civils. Le mis\u00e9rable territoire a subi des destructions immenses et les morts s\u2019encha\u00eenent au gr\u00e9 des bombardements quotidiens sans que le monde ne r\u00e9agisse.<!--more--><\/p>\n<p>Article r\u00e9serv\u00e9 aux abonn\u00e9<img decoding=\"async\" id=\"m_6310892509674556695x_m_8806509892266685221Image_x0020_2\" class=\"CToWUd a6T\" tabindex=\"0\" src=\"https:\/\/mail.google.com\/mail\/u\/0?ui=2&amp;ik=908e7d29dd&amp;attid=0.1&amp;permmsgid=msg-f:1815827857058754640&amp;th=19331dd0b93ef050&amp;view=fimg&amp;fur=ip&amp;permmsgid=msg-f:1815827857058754640&amp;sz=s0-l75-ft&amp;attbid=ANGjdJ8xk2iIBpM9O5fVsSWDg03Ges0Gl2NL1CdrhpAYPLRmiRlgrp5vU2kxA0nb-xVWTRdWRbeFF5nQ4nCwYDFq5RmKvAJOeOIA5ZtpV88zwD9KE4Rr9Vn1K_rAjCQ&amp;disp=emb&amp;zw\" alt=\"La population de Beit Hanoun, dans le nord de la bande de Gaza n\u2019a d\u2019autre choix que de fuir l\u2019op\u00e9ration militaire isra\u00e9lienne actuelle.\" width=\"864\" height=\"486\" data-image-whitelisted=\"\" data-bit=\"iit\" \/><\/p>\n<p>La population de Beit Hanoun, dans le nord de la bande de Gaza n\u2019a d\u2019autre choix que de fuir l\u2019op\u00e9ration militaire isra\u00e9lienne actuelle. &#8211; AFP.<\/p>\n<p>&nbsp;<\/p>\n<address>Par\u00a0<b><a id=\"m_6310892509674556695OWAcc348f50-8308-6c96-2a92-0130a74c1718\" title=\"https:\/\/www.lesoir.be\/3381\/dpi-authors\/baudouin-loos\" href=\"https:\/\/www.lesoir.be\/3381\/dpi-authors\/baudouin-loos\" target=\"_blank\" rel=\"noopener\" data-saferedirecturl=\"https:\/\/www.google.com\/url?q=https:\/\/www.lesoir.be\/3381\/dpi-authors\/baudouin-loos&amp;source=gmail&amp;ust=1732019853519000&amp;usg=AOvVaw3RpHTkVfyZYSHrNY_9zRaR\">Baudouin Loos<\/a><\/b><\/address>\n<p>Journaliste au p\u00f4le International<\/p>\n<p>&nbsp;<\/p>\n<p>Publi\u00e9 le 13\/11\/2024 \u00e0 18:51 Temps de lecture: 3 min<\/p>\n<p>&nbsp;<\/p>\n<p>Bande de Gaza, novembre 2024. Les journalistes \u00e9trangers y sont toujours interdits par l\u2019occupant isra\u00e9lien, mais les informations sortent du petit territoire. Tous les jours. Gr\u00e2ce aux journalistes gazaouis, pourtant d\u00e9cim\u00e9s (plus de 130 tu\u00e9s en un an), gr\u00e2ce aux vid\u00e9os envoy\u00e9es par la population, gr\u00e2ce aux agences de l\u2019ONU ou gr\u00e2ce aux quelques ONG pr\u00e9sentes sur le terrain. Et ces informations se r\u00e9v\u00e8lent effarantes. \u00c0 la t\u00eate du Norwegian Refugee Council, Jan Egeland, ancien ministre et ex-diplomate, a pu se rendre sur place, et\u00a0<a id=\"m_6310892509674556695OWAa125b470-b003-2796-01d8-c464b43e58bd\" title=\"https:\/\/x.com\/NRC_Egeland\/status\/1854174486934765693\" href=\"https:\/\/x.com\/NRC_Egeland\/status\/1854174486934765693\" target=\"_blank\" rel=\"noopener\" data-saferedirecturl=\"https:\/\/www.google.com\/url?q=https:\/\/x.com\/NRC_Egeland\/status\/1854174486934765693&amp;source=gmail&amp;ust=1732019853519000&amp;usg=AOvVaw25bPmy43K99r2u3B0-2Jqk\">tweetait le 6 novembre<\/a>\u00a0: \u00ab\u00a0J\u2019ai vu une destruction d\u00e9fiant l\u2019imaginable, de Rafah jusqu\u2019\u00e0 Gaza-ville. La destruction d\u2019une soci\u00e9t\u00e9 enti\u00e8re de plus de 2 millions de personnes, dans un territoire restreint, dens\u00e9ment peupl\u00e9. Il ne s\u2019agit en aucun cas de l\u00e9gitime d\u00e9fense.\u00a0\u00bb<\/p>\n<p>On peut accumuler ind\u00e9finiment les t\u00e9moignages. Comme celui de Philippa Greer, cheffe du d\u00e9partement juridique de l\u2019Unrwa \u00e0 Gaza, commentant des images terribles\u00a0qu\u2019elle envoyait\u00a0<a id=\"m_6310892509674556695OWA36f4c5c4-de89-3185-5c08-f2da0578049f\" title=\"https:\/\/x.com\/philippa_bear\/status\/1855307798805876808\" href=\"https:\/\/x.com\/philippa_bear\/status\/1855307798805876808\" target=\"_blank\" rel=\"noopener\" data-saferedirecturl=\"https:\/\/www.google.com\/url?q=https:\/\/x.com\/philippa_bear\/status\/1855307798805876808&amp;source=gmail&amp;ust=1732019853519000&amp;usg=AOvVaw2mDSFqaIW9qtA600R_euCB\">sur X ce 9 novembre<\/a>\u00a0: \u00ab\u00a0Aujourd\u2019hui, en entrant dans la ville de Gaza. Les ruines de la vie. Un \u00e2ne gisant mort attach\u00e9 \u00e0 une charrette avec les biens de quelqu\u2019un. Des groupes de personnes traversant vers le sud, avec trop de choses vu la longueur du voyage, \u00e0 marcher sous le soleil. Un homme portant un drapeau blanc devant sa famille. Des femmes sur le point de s\u2019effondrer, tra\u00eenant des sacs sur le sol, marchant \u00e0 reculons, s\u2019arr\u00eatant et fermant les yeux. Un homme par terre en sous-v\u00eatements, avec des soldats pr\u00e8s du poste de contr\u00f4le. Une femme traversant probablement avec lui, d\u00e9sempar\u00e9e, d\u00e9sesp\u00e9r\u00e9e.\u00a0\u00bb<\/p>\n<h2>Les chiens errants mangent des cadavres<\/h2>\n<p>Le journal isra\u00e9lien\u00a0<i>Haaretz<\/i>\u00a0a interrog\u00e9 Georgios Petropoulos, chef du bureau de Gaza de l\u2019Ocha (coordination des affaires humanitaires \u00e0 l\u2019ONU). Ses propos sont plus que d\u00e9rangeants.\u00a0Extrait\u00a0: \u00ab\u00a0Petropoulos affirme que l\u2019odeur des cadavres en d\u00e9composition impr\u00e8gne toute la bande de Gaza. Elle \u00e9mane des d\u00e9combres, sous lesquels des personnes ont \u00e9t\u00e9 enterr\u00e9es, et des chiens courent avec des restes humains dans la gueule. \u201cLes chiens sauvages sont partout. Lorsque vous voyez une meute de chiens, il y a de fortes chances qu\u2019ils se tiennent autour d\u2019un cadavre. Un de mes coll\u00e8gues a poursuivi un chien qui tenait dans sa gueule le pied d\u2019un enfant mort. Parfois, lorsque nous passons devant des postes de contr\u00f4le militaires, nous ramassons les corps des personnes qui y ont \u00e9t\u00e9 abattues et nous les remettons \u00e0 la Croix-Rouge\u201d.\u00a0\u00bb<\/p>\n<p>Le Grec a accumul\u00e9 les exp\u00e9riences traumatisantes. \u00ab\u00a0Il y a six mois, M.\u00a0Petropoulos a assist\u00e9 \u00e0 une frappe contre un haut responsable du Hamas \u00e0 Khan Yun\u00e8s. \u201cCela ressemblait \u00e0 Nagasaki\u201d, se souvient-il. \u201cIls ont compt\u00e9 les corps et 70 personnes se sont \u00e9vapor\u00e9es. Lorsqu\u2019ils ont bombard\u00e9 Mawasi le 10 septembre, je suis tomb\u00e9 de mon lit et les dix ou vingt personnes qui se trouvaient dans des tentes avant l\u2019attaque ont disparu. J\u2019\u00e9tais aussi \u00e0 l\u2019h\u00f4pital apr\u00e8s le bombardement, et cela ressemblait \u00e0 un abattoir. Il y avait du sang partout\u201d.\u00a0\u00bb<\/p>\n<p>Sur\u00a0<a id=\"m_6310892509674556695OWA6bd13f6d-ed24-2203-dff8-5c5932974603\" title=\"https:\/\/threadreaderapp.com\/thread\/1854616339828052322.html?utm_campaign=topunroll\" href=\"https:\/\/threadreaderapp.com\/thread\/1854616339828052322.html?utm_campaign=topunroll\" target=\"_blank\" rel=\"noopener\" data-saferedirecturl=\"https:\/\/www.google.com\/url?q=https:\/\/threadreaderapp.com\/thread\/1854616339828052322.html?utm_campaign%3Dtopunroll&amp;source=gmail&amp;ust=1732019853520000&amp;usg=AOvVaw0k8l8ezehbyp05dtgjC7L3\">le r\u00e9seau X<\/a>\u00a0le 7 novembre, Jonathan Witthall, chef\u00a0<i>ad interim\u00a0<\/i>de l\u2019Ocha pour les territoires occup\u00e9s, fait ce constat lugubre\u00a0: \u00ab\u00a0Tous les habitants de Gaza ont l\u2019impression d\u2019\u00eatre dans le couloir de la mort. S\u2019ils ne sont pas tu\u00e9s par des bombes ou des balles, ils suffoquent lentement par manque de moyens de survie. La seule diff\u00e9rence est la vitesse \u00e0 laquelle on meurt. Le monde a \u00e9chou\u00e9 \u00e0 Gaza.\u00a0\u00bb<\/p>\n<h2>\u00ab\u00a0Notre travail consiste \u00e0 aplatir Gaza\u00a0\u00bb<\/h2>\n<p>Le gouvernement isra\u00e9lien souligne qu\u2019il ne fait que se d\u00e9fendre, qu\u2019il combat et veut annihiler le Hamas \u00e0 Gaza, l\u2019organisation palestinienne islamiste qui avait commis les atroces attaques terroristes en Isra\u00ebl le 7 octobre 2023. Mais l\u2019ampleur des pertes civiles (\u00e9valu\u00e9es \u00e0 plus de 43.000 et sans doute bien plus encore) et des destructions dans la bande de Gaza donne \u00e0 penser que d\u2019autres desseins se cachent derri\u00e8re les buts officiels.<\/p>\n<p>En atteste entre autres le comportement de l\u2019arm\u00e9e isra\u00e9lienne \u00e0 Gaza. Car, en d\u00e9pit des affirmations de l\u2019arm\u00e9e qui dit traquer les \u00e9ventuels exc\u00e8s des soldats, ces derniers envoient toujours fi\u00e8rement \u2013 et cela depuis un an \u2013 des vid\u00e9os de leurs \u00ab\u00a0exploits\u00a0\u00bb \u00e0 Gaza. Le site\u00a0<a id=\"m_6310892509674556695OWA6e1d3e1c-9755-bbe8-f95a-e6810c544619\" title=\"https:\/\/www.dropsitenews.com\/p\/israel-749-battalion-demolition-gaza\" href=\"https:\/\/www.dropsitenews.com\/p\/israel-749-battalion-demolition-gaza\" target=\"_blank\" rel=\"noopener\" data-saferedirecturl=\"https:\/\/www.google.com\/url?q=https:\/\/www.dropsitenews.com\/p\/israel-749-battalion-demolition-gaza&amp;source=gmail&amp;ust=1732019853520000&amp;usg=AOvVaw0XhB_tCwB61DfLF4KywIGq\">dropsitenews.com<\/a>\u00a0a collect\u00e9 les histoires diffus\u00e9es sur Instagram et les messages quotidiens partag\u00e9s par les soldats d\u2019une unit\u00e9, le bataillon de g\u00e9nie de combat isra\u00e9lien 749. Cet extrait en dit long\u00a0: \u00ab\u00a0notre travail consiste \u00e0 aplatir Gaza\u00a0\u00bb, lit-on dans la l\u00e9gende d\u2019une vid\u00e9o publi\u00e9e par un soldat de la compagnie D9 en septembre. \u00ab\u00a0Dans la vid\u00e9o, l\u2019unit\u00e9 est en train de raser plusieurs maisons du quartier de Zaitoun (\u00e0 Gaza). Le commentaire de la compagnie sur le billet dit\u00a0: \u201cPersonne ne nous arr\u00eatera.\u201d\u00a0\u00bb<\/p>\n<p>La volont\u00e9 d\u2019oblit\u00e9ration de la bande de Gaza exprim\u00e9e par nombre de soldats ne semble pas aller \u00e0 l\u2019encontre des ordres donn\u00e9s. D\u00e8s d\u00e9but janvier, l\u2019historien fran\u00e7ais Vincent Lemire faisait\u00a0<a id=\"m_6310892509674556695OWA8064bec1-eded-4677-4913-ef9cd7cba71c\" title=\"https:\/\/www.lemonde.fr\/idees\/article\/2024\/01\/02\/guerre-israel-hamas-depuis-le-7-octobre-c-est-toute-l-histoire-du-conflit-israelo-palestinien-qui-se-rejoue-en-accelere_6208684_3232.html\" href=\"https:\/\/www.lemonde.fr\/idees\/article\/2024\/01\/02\/guerre-israel-hamas-depuis-le-7-octobre-c-est-toute-l-histoire-du-conflit-israelo-palestinien-qui-se-rejoue-en-accelere_6208684_3232.html\" target=\"_blank\" rel=\"noopener\" data-saferedirecturl=\"https:\/\/www.google.com\/url?q=https:\/\/www.lemonde.fr\/idees\/article\/2024\/01\/02\/guerre-israel-hamas-depuis-le-7-octobre-c-est-toute-l-histoire-du-conflit-israelo-palestinien-qui-se-rejoue-en-accelere_6208684_3232.html&amp;source=gmail&amp;ust=1732019853520000&amp;usg=AOvVaw0TatYkvO2gs4k8QJxj7mbC\">ce constat<\/a>\u00a0dans\u00a0<i>Le Monde<\/i>\u00a0<i>:<\/i>\u00a0\u00ab\u00a0Ce n\u2019est plus une guerre pour \u201c\u00e9radiquer\u201d le Hamas, c\u2019est une d\u00e9vastation volontaire, syst\u00e9matique et d\u00e9lib\u00e9r\u00e9e, pour extirper les civils de la bande de Gaza, par la mort ou par l\u2019exode, par la famine ou par l\u2019\u00e9pid\u00e9mie.\u00a0\u00bb Tout se passe comme si l\u2019arm\u00e9e isra\u00e9lienne s\u2019\u00e9tait acharn\u00e9e \u00e0 lui donner raison.<\/p>\n<p>Les plus enthousiastes pour cette solution radicale en Isra\u00ebl vont plus loin. Ce que constatait r\u00e9cemment pour le d\u00e9noncer l\u2019ancien ministre et ex-membre du cabinet de guerre Gadi Eizenkot \u00e0 la cha\u00eene 12 isra\u00e9lienne\u00a0: \u00ab\u00a0Une partie centrale de la coalition [gouvernementale] travaille \u00e0 la r\u00e9alisation des objectifs cach\u00e9s, \u00e0 savoir l\u2019arriv\u00e9e d\u2019un gouvernement militaire dans la bande de Gaza et le retour des colonies \u00e0 Gaza.\u00a0\u00bb<\/p>\n<h2>\u00ab\u00a0Nettoyage ethnique\u00a0\u00bb dans le Nord<\/h2>\n<p>Le gouvernement a en tout cas d\u00e9cid\u00e9 qu\u2019un nettoyage ethnique \u2013 l\u2019expression est sur bien des l\u00e8vres et figure d\u2019ailleurs dans le dernier rapport de l\u2019ONG am\u00e9ricaine\u00a0<a id=\"m_6310892509674556695OWA6b08ee0b-e0fd-bf13-b15a-889feaf18de5\" title=\"https:\/\/www.hrw.org\/fr\/news\/2024\/11\/14\/israel-commis-des-crimes-contre-lhumanite-gaza\" href=\"https:\/\/www.hrw.org\/fr\/news\/2024\/11\/14\/israel-commis-des-crimes-contre-lhumanite-gaza\" target=\"_blank\" rel=\"noopener\" data-saferedirecturl=\"https:\/\/www.google.com\/url?q=https:\/\/www.hrw.org\/fr\/news\/2024\/11\/14\/israel-commis-des-crimes-contre-lhumanite-gaza&amp;source=gmail&amp;ust=1732019853520000&amp;usg=AOvVaw35OjfDJ8HweJ7NB081T8D5\">Human Rights Watch<\/a>\u00a0consacr\u00e9 aux d\u00e9placements forc\u00e9s qui concernent 90\u00a0% de la population du territoire de Gaza \u2013 serait men\u00e9 dans le Nord, o\u00f9 les agglom\u00e9rations Jabalia, Beit Hanoun et Beit Lahia sont soumises \u00e0 un traitement de choc pour en chasser toute la population qui y r\u00e9side encore.<\/p>\n<p>Les trois derniers h\u00f4pitaux qui fonctionnaient encore tant bien que mal dans le Nord ont subi des assauts en r\u00e8gle. L\u2019agence de presse am\u00e9ricaine Associated Press (AP) a r\u00e9cemment publi\u00e9\u00a0<a id=\"m_6310892509674556695OWA546ed1ff-11bb-e9e8-b133-4b733950f425\" title=\"https:\/\/apnews.com\/world-news\/still-wrecked-from-past-israeli-raids-hospitals-in-northern-gaza-come-under-attack-again-00000192eebfd414a79fffbf88cc0000?taid=672747519f4c2f0001a56118&amp;utm_campaign=TrueAnthem&amp;utm_medium=AP&amp;utm_source=Twitter\" href=\"https:\/\/apnews.com\/world-news\/still-wrecked-from-past-israeli-raids-hospitals-in-northern-gaza-come-under-attack-again-00000192eebfd414a79fffbf88cc0000?taid=672747519f4c2f0001a56118&amp;utm_campaign=TrueAnthem&amp;utm_medium=AP&amp;utm_source=Twitter\" target=\"_blank\" rel=\"noopener\" data-saferedirecturl=\"https:\/\/www.google.com\/url?q=https:\/\/apnews.com\/world-news\/still-wrecked-from-past-israeli-raids-hospitals-in-northern-gaza-come-under-attack-again-00000192eebfd414a79fffbf88cc0000?taid%3D672747519f4c2f0001a56118%26utm_campaign%3DTrueAnthem%26utm_medium%3DAP%26utm_source%3DTwitter&amp;source=gmail&amp;ust=1732019853520000&amp;usg=AOvVaw1v01gdU58adx-K0G9_hcKh\">une enqu\u00eate<\/a>\u00a0\u00e0 ce propos. \u00ab\u00a0Certains patients craignent maintenant les h\u00f4pitaux, refusant d\u2019y aller ou partant avant que le traitement ne soit termin\u00e9\u00a0\u00bb, conclut l\u2019article. \u00ab\u201cCe sont des lieux de mort\u201d, a d\u00e9clar\u00e9 Ahmed al-Qamar, un \u00e9conomiste de 35 ans du camp de r\u00e9fugi\u00e9s de Jabalia, au sujet de sa peur d\u2019emmener ses enfants \u00e0 l\u2019h\u00f4pital.\u00a0\u00bb L\u2019AP \u00e9voque \u00ab\u00a0une guerre dans laquelle les h\u00f4pitaux ont \u00e9t\u00e9 cibl\u00e9s avec une intensit\u00e9 et une transparence rarement vues dans les conflits modernes\u00a0\u00bb.<\/p>\n<p>L\u2019enqu\u00eate contredit les assertions isra\u00e9liennes selon lesquelles les h\u00f4pitaux servent de bases op\u00e9rationnelles au Hamas, fond\u00e9es sur \u00ab\u00a0peu ou pas de preuves\u00a0\u00bb. Il relaie aussi des t\u00e9moignages gla\u00e7ants, comme \u00e0 propos de l\u2019h\u00f4pital El-Awda\u00a0: \u00ab\u00a0Les survivants et les administrateurs de l\u2019h\u00f4pital racontent qu\u2019au moins quatre fois, des drones isra\u00e9liens ou des snipers ont tu\u00e9 ou gri\u00e8vement bless\u00e9 des Palestiniens essayant d\u2019entrer. Deux femmes sur le point d\u2019accoucher ont \u00e9t\u00e9 abattues et sont mortes en saignant dans la rue, selon le personnel. Salha, l\u2019administrateur, a vu des tirs tuer sa cousine, Souma, et son fils de 6\u00a0ans alors qu\u2019elle amenait le gar\u00e7on pour traiter ses blessures.\u00a0\u00bb<\/p>\n<h2>Haaretz\u00a0: \u00ab\u00a0Une tache morale pour le pays\u00a0\u00bb<\/h2>\n<p>Malgr\u00e9 une approbation assez g\u00e9n\u00e9rale des actions de leur arm\u00e9e \u00e0 Gaza au sein de la population isra\u00e9lienne, des voix s\u2019\u00e9l\u00e8vent contre ce consensus. Ainsi en est-il du journal\u00a0<i>Haaretz<\/i>, dans\u00a0<a id=\"m_6310892509674556695OWAb013f3f3-2c82-7ff9-a379-be3172ba65d8\" title=\"https:\/\/www.haaretz.com\/opinion\/editorial\/2024-11-06\/ty-article-opinion\/israel-is-unleashing-an-apocalypse-in-northern-gaza\/00000192-fe34-d05a-aff6-fefc994e0000\" href=\"https:\/\/www.haaretz.com\/opinion\/editorial\/2024-11-06\/ty-article-opinion\/israel-is-unleashing-an-apocalypse-in-northern-gaza\/00000192-fe34-d05a-aff6-fefc994e0000\" target=\"_blank\" rel=\"noopener\" data-saferedirecturl=\"https:\/\/www.google.com\/url?q=https:\/\/www.haaretz.com\/opinion\/editorial\/2024-11-06\/ty-article-opinion\/israel-is-unleashing-an-apocalypse-in-northern-gaza\/00000192-fe34-d05a-aff6-fefc994e0000&amp;source=gmail&amp;ust=1732019853520000&amp;usg=AOvVaw1nh1CAVZN3H3lPRaQMQsG6\">son \u00e9ditorial<\/a>\u00a0du 6 novembre\u00a0: \u00ab\u00a0La guerre est men\u00e9e sans consid\u00e9ration pour le droit international. C\u2019est comme s\u2019il n\u2019y avait pas de civils \u00e0 Gaza, pas d\u2019enfants et pas de cons\u00e9quences pour nos actions. Le d\u00e9sir de se venger de l\u2019attaque du Hamas du 7 octobre 2023 s\u2019est transform\u00e9 en une guerre brutale et d\u00e9brid\u00e9e constituant une violation flagrante des lois de la guerre et, pire encore, qui sera retenue comme une tache morale pour le pays.\u00a0\u00bb<\/p>\n<p>Le mot\u00a0<i>g\u00e9nocide<\/i>\u00a0est encore quasi tabou en Isra\u00ebl. Pas \u00e0 Gaza ni \u00e0 l\u2019ONU. En tout cas pour Francesca Albanese, rapporteure sp\u00e9ciale de l\u2019ONU pour les territoires palestiniens occup\u00e9s, par exemple\u00a0<a id=\"m_6310892509674556695OWA2414471a-2baf-466a-9b49-106aaa36cc85\" title=\"https:\/\/x.com\/FranceskAlbs\/status\/1853778348561846681\" href=\"https:\/\/x.com\/FranceskAlbs\/status\/1853778348561846681\" target=\"_blank\" rel=\"noopener\" data-saferedirecturl=\"https:\/\/www.google.com\/url?q=https:\/\/x.com\/FranceskAlbs\/status\/1853778348561846681&amp;source=gmail&amp;ust=1732019853520000&amp;usg=AOvVaw0tYZKgKlOtuZodFC_vlLCC\">dans son constat<\/a>\u00a0le 5 novembre\u00a0: \u00ab\u00a0Isra\u00ebl d\u00e9truit les Palestiniens de Gaza de bien des mani\u00e8res. La plus complexe et la plus cruelle est de cr\u00e9er des conditions de vie intenables et inhumaines. Il ne faut pas appeler cela une \u201cguerre\u201d. C\u2019est un g\u00e9nocide. Les motifs n\u2019ont aucune importance. L\u2019intention (c\u2019est-\u00e0-dire la d\u00e9termination) de d\u00e9truire est \u00e9vidente et sans \u00e9quivoque. La complicit\u00e9 d\u2019autres Etats est tout aussi \u00e9vidente.\u00a0\u00bb<\/p>\n<p>En effet, face \u00e0 l\u2019accumulation des crimes de guerre et contre l\u2019humanit\u00e9, les Etats-Unis et les Europ\u00e9ens restent comme t\u00e9tanis\u00e9s, incapables de dire les choses. A une rarissime exception pr\u00e8s, unique par sa franchise et qui ne sera sans doute pas r\u00e9p\u00e9t\u00e9e,\u00a0<a id=\"m_6310892509674556695OWA49900cb0-0fa5-16a4-3f61-7015e6276673\" title=\"https:\/\/www.vie-publique.fr\/discours\/295929-emmanuel-macron-24102024-france-liban\" href=\"https:\/\/www.vie-publique.fr\/discours\/295929-emmanuel-macron-24102024-france-liban\" target=\"_blank\" rel=\"noopener\" data-saferedirecturl=\"https:\/\/www.google.com\/url?q=https:\/\/www.vie-publique.fr\/discours\/295929-emmanuel-macron-24102024-france-liban&amp;source=gmail&amp;ust=1732019853520000&amp;usg=AOvVaw3pACmxRR-hFsUrC1S786jk\">celle d\u2019Emmanuel Macron<\/a>, qui \u00e9voquait l\u2019action d\u2019Isra\u00ebl au Liban, mais<i>\u00a0a fortiori\u00a0<\/i>aussi dans la bande de Gaza puisqu\u2019elle y est encore plus dramatique\u00a0: \u00ab\u00a0On parle beaucoup, ces derniers jours, de guerre, de civilisation ou de civilisation qu\u2019il faut d\u00e9fendre\u00a0\u00bb, a dit le pr\u00e9sident fran\u00e7ais le 24 octobre, avant d\u2019ajouter\u00a0: \u00ab\u00a0Je ne suis pas s\u00fbr qu\u2019on d\u00e9fende une civilisation en semant soi-m\u00eame la barbarie.\u00a0\u00bb<\/p>\n<p><a href=\"https:\/\/www.lesoir.be\/635787\/article\/2024-11-13\/israel-transforme-la-bande-de-gaza-en-couloir-de-la-mort\">Source<\/a><\/p>\n<h4 style=\"text-align: center;\"><strong>Les massacres de Gaza en novembre 1956<\/strong><\/h4>\n<p>Par Zach &#8211; AFPS Nord Pas-de-Calais<\/p>\n<p>C\u2019\u00e9tait il y a 68 ans, presque jour pour jour\u2026<\/p>\n<p>Pour la premi\u00e8re fois, l\u2019arm\u00e9e isra\u00e9lienne occupe la Bande de Gaza qui est alors sous le contr\u00f4le de l\u2019Egypte. Le contexte en est la guerre de Suez (du 29 octobre au 7 novembre 1956) men\u00e9e par une alliance secr\u00e8te form\u00e9e par les puissances coloniales fran\u00e7aise et britannique, associ\u00e9es \u00e0 l\u2019Etat sioniste expansionniste. Leur ennemi commun est le dirigeant \u00e9gyptien Gamal Abdel Nasser qui remet en cause la situation g\u00e9opolitique du Moyen Orient.<\/p>\n<p>&nbsp;<\/p>\n<p>L\u2019occupation de Gaza s\u2019accompagne de crimes de guerre qui font \u00e9cho au g\u00e9nocide en cours.<\/p>\n<p>Le matin du 2 novembre, la 1\u00e8re brigade d\u2019infanterie de l\u2019arm\u00e9e isra\u00e9lienne command\u00e9e par Moshe Dayan encercle, attaque et envahit la Bande en quelques heures, sans rencontrer de r\u00e9sistance. Tr\u00e8s vite, la consigne laiss\u00e9e aux troupes sur place appara\u00eet clairement : traquer les soldats \u00e9gyptiens rest\u00e9s sur place et surtout les Fedayins, r\u00e9sistants palestiniens qui lancent des raids depuis Gaza dans le Sud d\u2019Isra\u00ebl. Car l\u2019une des cons\u00e9quences de la Nakba de 1948 a \u00e9t\u00e9 la d\u00e9portation de 200.000 Palestiniens \u00e0 Gaza, triplant sa population, multipliant les camps de r\u00e9fugi\u00e9s mais stimulant la R\u00e9sistance chez les habitants\u2026<\/p>\n<p>Les op\u00e9rations de \u00ab ratissage \u00bb commencent d\u00e8s le 3 novembre \u00e0 Khan Younis, par la fouille des maisons, accompagn\u00e9e ponctuellement d\u2019ex\u00e9cutions sommaires. Puis, des dizaines de civils masculins sont rafl\u00e9s et fusill\u00e9s, en particulier le long du \u00ab Ch\u00e2teau m\u00e9di\u00e9val \u00bb au centre de la ville, o\u00f9 des mitrailleuses ont \u00e9t\u00e9 install\u00e9es. Le nombre total de victimes est inconnu, car la plupart ont \u00e9t\u00e9 enterr\u00e9es dans des tombes familiales.<\/p>\n<p>T\u00f4t le matin du 12 novembre, l\u2019arm\u00e9e isra\u00e9lienne lance une nouvelle op\u00e9ration \u00e0 Rafah : alors qu\u2019un couvre-feu est d\u00e9j\u00e0 impos\u00e9 et que le calme r\u00e8gne, des v\u00e9hicules \u00e9quip\u00e9s de haut-parleurs diffusent des messages demandant \u00e0 tous les hommes de 15 \u00e0 60 ans de se rendre imm\u00e9diatement \u00e0 \u00ab l\u2019\u00e9cole El-Ameeriah \u00bb, principale \u00e9cole de la ville, en empruntant la \u00ab grande rue de la Mer \u00bb. Les habitants ob\u00e9issent mais, sur le chemin, ils font face \u00e0 des violences syst\u00e9matiques : battus \u00e0 coups de matraques ou parfois tu\u00e9s par hasard, dans le but d\u2019acc\u00e9l\u00e9rer le mouvement. Arriv\u00e9s le long du mur de l\u2019\u00e9cole, ils d\u00e9couvrent avec terreur les ex\u00e9cutions sommaires et les coups. Le pire est \u00e0 venir : ils sont forc\u00e9s d\u2019entrer dans la cour de l\u2019\u00e9cole par une petite porte o\u00f9 sont post\u00e9s deux soldats isra\u00e9liens arm\u00e9s de gourdins qui s\u2019abattent sur les t\u00eates et les \u00e9paules des victimes\u2026 en m\u00eame temps qu\u2019ils cherchent \u00e0 se prot\u00e9ger, ils doivent sauter par-dessus un foss\u00e9 et une ligne de barbel\u00e9s. Une fois entr\u00e9s dans la grande cour de l\u2019\u00e9cole, ils sont oblig\u00e9s de s\u2019accroupir et de baisser la t\u00eate. Les soldats isra\u00e9liens frappent les d\u00e9tenus et tirent au -dessus des centaines d\u2019hommes rassembl\u00e9s, en hurlant \u00ab Tata rosh \u00bb (Baissez la t\u00eate). Puis, sur la base de listes \u00e9tablies en encourageant les d\u00e9nonciations, les soldats isra\u00e9liens emm\u00e8nent les militaires et les Fedayins pr\u00e9sum\u00e9s dans le b\u00e2timent principal, les interrogent violemment et en ex\u00e9cutent certains. En fin d\u2019apr\u00e8s-midi, des dizaines de prisonniers sont transf\u00e9r\u00e9s par bus dans la prison d\u2019Atlit au nord d\u2019Isra\u00ebl. Les autres sont lib\u00e9r\u00e9s dans des conditions chaotiques. En d\u00e9but de soir\u00e9e, des dizaines de cadavres ensanglant\u00e9s transport\u00e9s par camion sont abandonn\u00e9s \u00e0 Tal Zorob, une \u00e9tendue d\u00e9serte \u00e0 l\u2019Ouest de Rafah\u2026 Comme \u00e0 Khan Younis, le nombre total de victimes est inconnu.<\/p>\n<p>&nbsp;<\/p>\n<p>Ces \u00e9v\u00e8nements exceptionnels par la violence d\u00e9ploy\u00e9e pr\u00e9sentent des caract\u00e9ristiques qui font \u00e9cho au g\u00e9nocide en cours.<\/p>\n<p>Il y a tout d\u2019abord la cruaut\u00e9 des bourreaux isra\u00e9liens et la d\u00e9shumanisation des victimes palestiniennes, qui culminent \u00e0 l\u2019\u00e9cole de Rafah. Quel esprit pervers et sadique a-t-il pu concevoir ce pi\u00e8ge tendu \u00e0 ces hommes \u00e0 l\u2019entr\u00e9e de l\u2019\u00e9tablissement : un foss\u00e9 et une ligne de barbel\u00e9s \u00e0 franchir, pendant que des soldats arm\u00e9s de gourdins se comportent comme des bouchers dans un abattoir ?<\/p>\n<p>Depuis plus d\u2019un an, combien de fois a-t-on d\u00e9couvert des traquenards mortels dans la Bande de Gaza? Par exemple : ces corridors, soi-disant s\u00e9curis\u00e9s, d\u00e9sign\u00e9s aux d\u00e9plac\u00e9s qui deviennent ainsi des cibles pour les snipers, les artilleurs et les pilotes de \u00ab l\u2019arm\u00e9e la plus morale du monde \u00bb ? Et que penser de ce que subissent les victimes humili\u00e9es, tourment\u00e9es, trait\u00e9es comme des \u00ab animaux humains \u00bb dans les cours des \u00e9coles o\u00f9 les familles se sont r\u00e9fugi\u00e9es? On revoit \u00e9videmment ces images insoutenables du stade de Gaza transform\u00e9 en centre de triage : ces hommes en sous-v\u00eatements, agenouill\u00e9s les yeux band\u00e9s, poings li\u00e9s\u2026 qui finissent dans des camions, entass\u00e9s \u00ab comme du b\u00e9tail \u00bb.<\/p>\n<p>&nbsp;<\/p>\n<p>Il y a ensuite le d\u00e9ni des crimes commis en 1956 et que les autorit\u00e9s isra\u00e9liennes ont transform\u00e9s en \u00e9meutes contre leurs troupes d\u2019occupation qui ont \u00e9t\u00e9 forc\u00e9es de tirer, \u00ab un malheureux concours de circonstances \u00bb car les \u00ab Arabes se sont montr\u00e9s hostiles \u00bb (selon Moshe Dayan, devant une commission de la Knesset, le 23 novembre).Comme aujourd\u2019hui, on voit \u00e0 l\u2019\u0153uvre la strat\u00e9gie exceptionnellement cynique consistant \u00e0 attribuer la responsabilit\u00e9 des ses propres crimes aux victimes. Et \u00e0 mettre en doute le bilan humain, \u00ab des centaines de personnes m\u00e9thodiquement ex\u00e9cut\u00e9es \u00bb devenant \u00ab quelques dizaines tu\u00e9es accidentellement \u00bb\u2026<\/p>\n<p>Nous sommes en 2024, les civils assassin\u00e9s se comptent par dizaines de milliers, et le concept vicieux de \u00ab Pallywood \u00bb a \u00e9t\u00e9 invent\u00e9 pour r\u00e9pandre le doute et masquer la r\u00e9alit\u00e9 du g\u00e9nocide, sans aucun scrupule.<\/p>\n<p>&nbsp;<\/p>\n<p>Enfin, il faut dire un mot des acteurs ext\u00e9rieurs : en 1956, les m\u00e9dias occidentaux reprennent la version isra\u00e9lienne \u00e9voquant des \u00ab incidents regrettables \u00bb, des \u00ab rumeurs \u00bb, \u00ab des milliers d\u2019Arabes apparemment d\u00e9cha\u00een\u00e9s \u00bb, \u00ab m\u00e9ditant probablement un mauvais coup \u00bb, face \u00e0 des \u00ab soldats isra\u00e9liens [qui] se sont bien comport\u00e9s dans l\u2019ensemble \u00bb (article du quotidien anglais Times, 18 novembre). Il n\u2019y a aucune trace des \u00ab incidents \u00bb dans les archives du journal Le Monde, et un article \u00e9crit le 30 octobre 1976 pour comm\u00e9morer les 20 ans de \u00ab L\u2019exp\u00e9dition de Suez \u00bb ne mentionne Gaza que pour la d\u00e9crire comme un \u00ab repaire de fedayin \u00bb [sic] \u2026<\/p>\n<p>Cette couverture biais\u00e9e aux accents coloniaux, rappelle la complicit\u00e9 des m\u00e9dias occidentaux actuels, qui consid\u00e8rent leurs sources isra\u00e9liennes comme syst\u00e9matiquement fiables, reprenant en c\u0153ur des mensonges \u00e9hont\u00e9s, et d\u00e9pr\u00e9ciant toute information en provenance des Palestiniens par le fameux \u00ab Selon\u2026 \u00bb.<\/p>\n<p>&nbsp;<\/p>\n<p>Un autre acteur est l\u2019UNWRA, office de l\u2019ONU de soutien aux r\u00e9fugi\u00e9s palestiniens, cr\u00e9\u00e9 fin 1949. D\u00e8s l\u2019occupation militaire de Gaza et pendant plusieurs semaines, le personnel de l\u2019office de l\u2019ONU est confin\u00e9 de force et certains de ses membres palestiniens auraient \u00ab disparu des camps de r\u00e9fugi\u00e9s \u00bb apr\u00e8s avoir \u00e9t\u00e9 d\u00e9tenus par les Isra\u00e9liens\u2026<\/p>\n<p>Nul besoin de mentionner ici la guerre impitoyable, invraisemblable que subit aujourd\u2019hui l\u2019UNWRA, dont toutes les institutions sont attaqu\u00e9es, sp\u00e9cialement les \u00e9coles, sous pr\u00e9texte d\u2019\u00eatre des \u00ab nids terroristes \u00bb\u2026<\/p>\n<p>&nbsp;<\/p>\n<p>Pour conclure : ce texte doit \u00e9norm\u00e9ment au livre magistral intitul\u00e9 \u00ab Gaza 1956. En marge de l\u2019Histoire \u00bb (2010), \u00e9crit et dessin\u00e9 par le c\u00e9l\u00e8bre journaliste graphique am\u00e9ricain Joe Sacco, auquel il a consacr\u00e9 des ann\u00e9es et o\u00f9 il montre comment la guerre d\u2019an\u00e9antissement actuelle trouve ses racines en 1956.<\/p>\n<p><img decoding=\"async\" src=\"https:\/\/www.futuropolis.fr\/assets\/media\/cache\/cover_medium\/gallimard_img\/image\/724103.jpg\" alt=\"Gaza 1956 - Joe Sacco\" \/><br \/>\n\u00ab Gaza 1956. En marge de l\u2019Histoire \u00bb (2010) &#8211; Joe Sacco<\/p>\n<p>https:\/\/www.futuropolis.fr\/9782754802529\/gaza-1956.html<\/p>\n<h1><\/h1>\n","protected":false},"excerpt":{"rendered":"<p>Depuis plus d\u2019un an, l\u2019arm\u00e9e isra\u00e9lienne m\u00e8ne dans la bande de Gaza une lutte sans merci contre le Hamas qui ressemble \u00e0 une guerre contre les civils. Le mis\u00e9rable territoire a subi des destructions immenses et les morts s\u2019encha\u00eenent au gr\u00e9 des bombardements quotidiens sans que le monde ne r\u00e9agisse.<\/p>\n","protected":false},"author":1,"featured_media":5867,"comment_status":"open","ping_status":"open","sticky":false,"template":"","format":"standard","meta":{"footnotes":""},"categories":[6],"tags":[197,12],"class_list":["post-6064","post","type-post","status-publish","format-standard","has-post-thumbnail","hentry","category-palestine-moyen-orient","tag-genocide","tag-gaza"],"_links":{"self":[{"href":"https:\/\/bruxelles-pantheres.be\/index.php?rest_route=\/wp\/v2\/posts\/6064","targetHints":{"allow":["GET"]}}],"collection":[{"href":"https:\/\/bruxelles-pantheres.be\/index.php?rest_route=\/wp\/v2\/posts"}],"about":[{"href":"https:\/\/bruxelles-pantheres.be\/index.php?rest_route=\/wp\/v2\/types\/post"}],"author":[{"embeddable":true,"href":"https:\/\/bruxelles-pantheres.be\/index.php?rest_route=\/wp\/v2\/users\/1"}],"replies":[{"embeddable":true,"href":"https:\/\/bruxelles-pantheres.be\/index.php?rest_route=%2Fwp%2Fv2%2Fcomments&post=6064"}],"version-history":[{"count":3,"href":"https:\/\/bruxelles-pantheres.be\/index.php?rest_route=\/wp\/v2\/posts\/6064\/revisions"}],"predecessor-version":[{"id":6067,"href":"https:\/\/bruxelles-pantheres.be\/index.php?rest_route=\/wp\/v2\/posts\/6064\/revisions\/6067"}],"wp:featuredmedia":[{"embeddable":true,"href":"https:\/\/bruxelles-pantheres.be\/index.php?rest_route=\/wp\/v2\/media\/5867"}],"wp:attachment":[{"href":"https:\/\/bruxelles-pantheres.be\/index.php?rest_route=%2Fwp%2Fv2%2Fmedia&parent=6064"}],"wp:term":[{"taxonomy":"category","embeddable":true,"href":"https:\/\/bruxelles-pantheres.be\/index.php?rest_route=%2Fwp%2Fv2%2Fcategories&post=6064"},{"taxonomy":"post_tag","embeddable":true,"href":"https:\/\/bruxelles-pantheres.be\/index.php?rest_route=%2Fwp%2Fv2%2Ftags&post=6064"}],"curies":[{"name":"wp","href":"https:\/\/api.w.org\/{rel}","templated":true}]}}