{"id":6076,"date":"2024-12-26T12:39:24","date_gmt":"2024-12-26T11:39:24","guid":{"rendered":"https:\/\/bruxelles-pantheres.be\/?p=6076"},"modified":"2024-12-26T12:39:44","modified_gmt":"2024-12-26T11:39:44","slug":"on-ne-dit-pas-notre-dame-on-dit-leur-dame-patrimoines-de-lhumanite-et-imperialisme","status":"publish","type":"post","link":"https:\/\/bruxelles-pantheres.be\/?p=6076","title":{"rendered":"On ne dit pas \u00ab\u00a0Notre-Dame\u00a0\u00bb, on dit \u00ab\u00a0Leur-Dame\u00a0\u00bb Patrimoines de l\u2019humanit\u00e9 et imp\u00e9rialisme"},"content":{"rendered":"<header class=\"entry-header\"><\/header>\n<header class=\"entry-header\"><\/header>\n<div class=\"entry-content\">\n<p class=\"selectionShareable\">En d\u00e9but d\u2019automne, l\u2019aviation isra\u00e9lienne d\u00e9vastait un souk vieux de 400 ans dans la ville de Nabatiy\u00e9 dont l\u2019histoire remonte aux \u00e8res ottomane et mamelouke. Qui l\u2019a su ?<\/p>\n<p class=\"selectionShareable\">Un peu plus tard, vers novembre, des frappes isra\u00e9liennes ont d\u00e9truit un mur entier de la citadelle de Toron, une forteresse b\u00e2tie au XII\u00e8me si\u00e8cle au temps des crois\u00e9s dans le sud Liban. Etonnant. M\u00eame la m\u00e9moire chr\u00e9tienne n\u2019est pas \u00e9pargn\u00e9e. La chr\u00e9tient\u00e9 arabe plus exactement dont on pr\u00e9tend se soucier quand elle est suppos\u00e9e menac\u00e9e par les hordes musulmanes environnantes mais jamais quand elle l\u2019est, de fait, par les Europ\u00e9ens. En effet, combien d\u2019\u00e9glises, de monast\u00e8res, de vitraux ont \u00e9t\u00e9 d\u00e9truits en Irak, Syrie, Palestine, Liban par les exp\u00e9ditions punitives am\u00e9ricaines, isra\u00e9liennes mais aussi fran\u00e7aises ? Qui a pleur\u00e9 l\u2019\u00e9glise de Saint Porphyre \u00e0 Gaza d\u00e9truite en 2023 par une frappe isra\u00e9lienne ? Qui a pleur\u00e9 la destruction de la grande mosqu\u00e9e de Gaza, construite \u00e0 partir d\u2019une \u00e9glise du temps des crois\u00e9s, elle-m\u00eame construite sur un lieu saint proto chr\u00e9tien, faisant de ce site un lieu d\u2019une intense densit\u00e9 spirituelle au moins deux fois mill\u00e9naire, puisque sous l\u2019islam, le christianisme crois\u00e9, sous le christianisme crois\u00e9, le christianisme originel, et sous le christianisme originel, les traces d\u2019un temple d\u2019une religion antique. Tout cela sur le site d\u2019un Gaza, uniquement assimil\u00e9 \u00e0 une terre de d\u00e9vastation, jamais \u00e0 une terre d\u2019histoire.<\/p>\n<\/div>\n<p><!--more--><\/p>\n<h1 class=\"entry-title\"><img decoding=\"async\" class=\"attachment-pixelwars_theme_image_size_2 size-pixelwars_theme_image_size_2 wp-post-image aligncenter\" style=\"font-size: 16px;\" title=\"\" src=\"https:\/\/qgdecolonial.fr\/wp-content\/uploads\/2024\/12\/trump.jpg\" sizes=\"(max-width: 622px) 100vw, 622px\" srcset=\"https:\/\/qgdecolonial.fr\/wp-content\/uploads\/2024\/12\/trump.jpg 622w, https:\/\/qgdecolonial.fr\/wp-content\/uploads\/2024\/12\/trump-300x200.jpg 300w, https:\/\/qgdecolonial.fr\/wp-content\/uploads\/2024\/12\/trump-500x334.jpg 500w, https:\/\/qgdecolonial.fr\/wp-content\/uploads\/2024\/12\/trump-600x399.jpg 600w\" alt=\"On ne dit pas \u00ab\u00a0Notre-Dame\u00a0\u00bb, on dit \u00ab\u00a0Leur-Dame\u00a0\u00bb Patrimoines de l\u2019humanit\u00e9 et imp\u00e9rialisme\" width=\"622\" height=\"414\" \/><\/h1>\n<p class=\"selectionShareable\">Mais souvenons-nous, en 2001, de la destruction, par les Talibans, des trois Bouddhas de B\u00e2miy\u00e2n, statues r\u00e9alis\u00e9es entre 300 et 700 apr\u00e8s JC dans ce qui s\u2019appelle aujourd\u2019hui Afghanistan. L\u2019\u00e9motion a \u00e9t\u00e9 plan\u00e9taire. Mais c\u2019est en Occident que le chagrin a\u00a0\u00e9t\u00e9 le plus fort et le plus bruyant. On peut m\u00eame dire que ce sont les larmes occidentales, coulant \u00e0 flots, qui en ont fait un \u00e9v\u00e8nement \u00e0 l\u2019\u00e9chelle du monde.<\/p>\n<p class=\"selectionShareable\">On peut en tirer une premi\u00e8re conclusion \u00e9vidente : ce ne sont pas les destructions d\u2019oeuvres imm\u00e9morielles de l\u2019aventure humaine qui dictent les indignations ou qui produisent l\u2019indiff\u00e9rence g\u00e9n\u00e9rale. C\u2019est l\u2019identit\u00e9 des criminels, et\/ou l\u2019identit\u00e9 des peuples d\u00e9poss\u00e9d\u00e9s de leur m\u00e9moire et de leur histoire. Ou plus exactement, l\u2019appartenance des uns et des autres au camp de la libert\u00e9 et de la civilisation ou au camp de la barbarie. Dans le cas des trois Bouddhas, les criminels \u00e9taient \u00ab\u00a0nos\u00a0\u00bb ennemis. Aussi, le crime a-t-il \u00e9t\u00e9 nomm\u00e9 pour ce qu\u2019il \u00e9tait : un crime. Dans le cas de la citadelle de Toron ou du vieux souk de Nabatiy\u00e9, l\u2019acte de vandalisme n\u2019a rien provoqu\u00e9, rien boug\u00e9. Pas m\u00eame un battement de cils. Pas de r\u00e9action = pas de victime = pas de crime = pas de criminel.<\/p>\n<p class=\"selectionShareable\">Deuxi\u00e8me conclusion : les talibans destructeurs de Bouddhas sont des salauds. Les Occidentaux destructeurs de souks antiques, non.<\/p>\n<p class=\"selectionShareable\">Mais je dis l\u00e0 des banalit\u00e9s. Et \u00e7a me fatigue.<\/p>\n<p class=\"selectionShareable\">Je me souviens de cette m\u00eame lassitude quand Notre-Dame a \u00e9t\u00e9 d\u00e9truite par les flammes en 2019.<\/p>\n<p class=\"selectionShareable\">Je me souviens d\u2019avoir \u00e9t\u00e9 \u00e9mue. Comme je ne suis pas sujette aux \u00e9motions programm\u00e9es, je sais que mes sentiments \u00e9taient sinc\u00e8res et qu\u2019ils n\u2019\u00e9taient pas confondables avec ceux de Macron. Mais je me souviens aussi d\u2019avoir \u00e9t\u00e9 passablement irrit\u00e9e par le long lamento des indig\u00e8nes \u00e0 propos du sempiternel \u00ab\u00a0deux poids, deux mesures\u00a0\u00bb. Pourquoi Notre-Dame suscite-t-elle cette gigantesque d\u00e9ploration et pas les centaines, les milliers d\u2019oeuvres historiques d\u00e9truites par le colonialisme et l\u2019imp\u00e9rialisme dans le sous monde ?<\/p>\n<p class=\"selectionShareable\">C\u2019est pourtant simple car il n\u2019y a pas deux mais trois conclusions :<\/p>\n<p class=\"selectionShareable\">Seul le patrimoine identitaire, entendu comme marqueur civilisationnel a droit \u00e0 ses titres de noblesse, christianisme identitaire compris, mu\u00e9 depuis peu (et pour combien de temps\u00a0?) en \u00ab\u00a0jud\u00e9o-christianisme\u00a0\u00bb.<\/p>\n<p class=\"selectionShareable\">J\u2019ai donc \u00e9t\u00e9 irrit\u00e9e, non pas parce que la col\u00e8re des indig\u00e8nes n\u2019\u00e9tait pas fond\u00e9e mais au contraire parce qu\u2019elle l\u2019\u00e9tait trop et que rappeler la v\u00e9rit\u00e9 ne sert \u00e0 rien tellement la s\u00e9paration entre l\u2019humanit\u00e9 qui compte et celle qui ne compte pas est abyssale. Bref, un agacement de r\u00e9sign\u00e9e.<\/p>\n<p class=\"selectionShareable\">Et voil\u00e0 qu\u2019en plein g\u00e9nocide, Notre-Dame est rouverte. Pendant qu\u2019on massacre des enfants par dizaines de milliers \u00e0 Gaza, on ressuscite la pierre \u00e0 Paris. Toujours blas\u00e9e, je me dis que tout cela est tout \u00e0 fait normal, qu\u2019on ne connait pas d\u2019autres mondes que celui-l\u00e0. Qu\u2019il faut admettre cette LOI.<\/p>\n<p class=\"selectionShareable\">Aussi, ce qui m\u2019a interpell\u00e9e dans la s\u00e9quence, ce n\u2019est pas tant le tr\u00e8s p\u00e9rim\u00e9 et tr\u00e8s path\u00e9tique \u00ab\u00a0deux poids deux mesures\u00a0\u00bb, c\u2019est la profondeur de la s\u00e9paration, l\u2019immensit\u00e9 de l\u2019ab\u00eeme. Il va de soi que mesurer l\u2019\u00e9tendue de cette s\u00e9paration\u00a0 n\u2019est utile que pour celles et ceux qui contestent la LOI, et esp\u00e8rent encore recoudre les morceaux. Les autres, je les comprends.<\/p>\n<p class=\"selectionShareable\">Commen\u00e7ons par l\u2019essentiel. Les destructions de Bouddhas ou de souks ancestraux se font en territoire barbare. Certes, la machine \u00e0 provoquer des indignations ou \u00e0 les taire est toujours en veille, mais comprenons bien qu\u2019il s\u2019agit l\u00e0 du \u00ab\u00a0m\u00e9moricide\u00a0\u00bb et donc de l\u2019identit\u00e9 des peuples qui ne comptent pas. L\u2019\u00e9motion blanche toute spectaculaire qu\u2019elle soit est de surface. Mais il n\u2019en va pas de m\u00eame quand ce qui est en jeu c\u2019est le m\u00e9moire des Europ\u00e9ens, et dans leur m\u00e9moire, en particulier ce\u00a0qui sert de socle au r\u00e9cit national.<\/p>\n<p class=\"selectionShareable\">Notre-Dame a brul\u00e9. Il ne s\u2019agissait pas d\u2019un acte terroriste et encore moins d\u2019un bombardement mais d\u2019un accident. Un croyant\u00a0dirait \u00ab\u00a0c\u2019est la volont\u00e9 de Dieu\u00a0\u00bb et on passerait \u00e0 autre chose. Les oeuvres humaines peuvent disparaitre. Ca fait partie de la vie. Ou alors, reconstruisons comme nous le pouvons, pudiquement, modestement, sans \u00e9clats.<\/p>\n<p class=\"selectionShareable\">Ce n\u2019est pas ce qui s\u2019est pass\u00e9.<\/p>\n<p class=\"selectionShareable\">Notre Dame a b\u00e9n\u00e9fici\u00e9 d\u2019un \u00e9lan de \u00ab\u00a0g\u00e9n\u00e9rosit\u00e9\u00a0\u00bb d\u00e9mentiel :<\/p>\n<p class=\"selectionShareable\">846 millions d\u2019euros aupr\u00e8s de 340.000 donateurs de 150 pays parmi lesquels de tr\u00e8s nombreux Am\u00e9ricains mais aussi\u00a0les plus grosses fortunes de France, les familles Arnault, Bettencourt et Pinault. Il est que la France profite de son statut de puissance mondiale et de son aura internationale, ins\u00e9parable de son histoire coloniale dont elle a su tirer profit. On sait depuis la c\u00e9r\u00e9monie d\u2019ouverture des JO \u00e0 quel point elle tient \u00e0 rester un embl\u00e8me. Aussi l\u2019offense de feu faite au mythe Notre-Dame devait \u00eatre veng\u00e9e et comme on le voit, elle a \u00e9t\u00e9 veng\u00e9e.<\/p>\n<p class=\"selectionShareable\">Quant \u00e0 la c\u00e9r\u00e9monie d\u2019ouverture, elle s\u2019est faite en pr\u00e9sence d\u2019une cinquantaine de chefs d\u2019Etat parmi lesquels Trump, de 13 pr\u00e9sidents europ\u00e9ens, de nombreux hommes d\u2019affaire dont le tr\u00e8s puissant et redoutable Elon Musk. Une communion de Charlie en somme.<\/p>\n<p class=\"selectionShareable\">En v\u00e9rit\u00e9, on n\u2019a plus le droit de s\u2019\u00e9mouvoir de la vulgarit\u00e9 de ces gens.<\/p>\n<p class=\"selectionShareable\">Aussi, ce n\u2019est pas la grossi\u00e8ret\u00e9 qui m\u2019a \u00e9mue cette fois mais la finesse.<\/p>\n<p class=\"selectionShareable\">Bizarrement, c\u2019est par la beaut\u00e9 et l\u2019\u00e9l\u00e9gance que je me suis sentie agress\u00e9e.<\/p>\n<p class=\"selectionShareable\">Ce que j\u2019ai trouv\u00e9 le plus troublant (et peut-\u00eatre ne serais-je pas comprise ?), c\u2019est la mobilisation de tous les savoir-faire anciens, les comp\u00e9tences exceptionnelles pour reconstruite Notre-Dame \u00e0 l\u2019identique : les tailleurs de pierre, les charpentiers, les forgerons, les couvreurs, les sculpteurs, les vitraillistes, les dinandiers, les cordistes, les patineurs\u2026 Tous ces beaux m\u00e9tiers qui ont jou\u00e9 un r\u00f4le crucial dans la restauration de Notre-Dame en apportant des expertises techniques et des savoir-faire uniques. Chaque sp\u00e9cialit\u00e9 a \u00e9t\u00e9 soumise au respect de l\u2019authenticit\u00e9 historique de la cath\u00e9drale, tout en int\u00e9grant des techniques modernes pour renforcer structure et p\u00e9rennit\u00e9. Une multitude de talents, un travail d\u2019orf\u00e8vre pour reproduire \u00e0 l\u2019identique tel ou tel vitrail endommag\u00e9. Les statues et les gargouilles, les fresques et les ornements muraux ont ainsi reprit vie\u2026Les commentateurs \u00e9taient remplis de fiert\u00e9 chauvine, les commentateurs \u00e9trangers d\u2019admiration. Le ravissement \u00e9tait \u00e0 son comble.<\/p>\n<p class=\"selectionShareable\">C\u2019\u00e9tait violent quand on y pense bien.<\/p>\n<p class=\"selectionShareable\">Pas seulement parce que Gaza se meure et que l\u2019Orient se disloque\u00a0<em>en m\u00eame temps.<\/em><\/p>\n<p class=\"selectionShareable\">Pas seulement parce que les mondes d\u00e9truits emportent avec eux leurs charpentiers, leurs sculpteurs, leurs forgerons et leurs savoirs.<\/p>\n<p class=\"selectionShareable\">La violence c\u2019est l\u2019impudeur, le trop d\u2019amour de soi, l\u2019ind\u00e9cence narcissique. La survalorisation de l&rsquo;\u00a0\u00bbauthenticit\u00e9\u00a0\u00bb, ce soin infini pour gu\u00e9rir une blessure identitaire, r\u00e9parer une offense qui n\u2019en \u00e9tait pas vraiment une (il n\u2019y a ni victime, ni bourreau, ni sang, ni bless\u00e9), pour flatter l\u2019\u00e9gocentrisme chauvin et permettre \u00e0 Jupiter de tenir au moins une promesse, pendant que lui et ses invit\u00e9s d\u00e9truisent m\u00e9ticuleusement et sans vergogne l\u2019\u00e2me des peuples en trop.<\/p>\n<p class=\"selectionShareable\">La violence, c\u2019est le poids symbolique \u00e9norme de la chr\u00e9tient\u00e9 nationalis\u00e9e et coloniale qui finit par \u00eatre une chr\u00e9tient\u00e9 d\u2019empire (d\u2019o\u00f9 la pr\u00e9sence de Trump) dont on veut nous faire croire qu\u2019elle aurait \u00e9t\u00e9 chass\u00e9e de l\u2019histoire de France, alors qu\u2019elle en est l\u2019\u00e2me pour peu qu\u2019elle accepte d\u2019\u00eatre au service de l\u2019empire. Le refus du pape de \u00ab\u00a0collaborer\u00a0\u00bb \u00e0 cette farce puis son recueillement, seul, devant le petit J\u00e9sus recouvert d\u2019un keffieh est saisissante de contraste\u00a0: la vulgarit\u00e9 crasse versus la pudeur et le sens de l\u2019histoire.<\/p>\n<p class=\"selectionShareable\">La violence, c\u2019est l\u2019hypocrisie la\u00efque et son pendant islamophobe, tous contenus dans cette c\u00e9r\u00e9monie religieuse tenue dans l\u2019espace public et applaudie par les plus grands et les plus m\u00e9diatiques\u00a0des pr\u00eatres la\u00efcs au moment o\u00f9 la tentation est grande de chasser les Musulmans de ce m\u00eame espace public.<\/p>\n<p class=\"selectionShareable\">La violence, c\u2019est l\u2019ab\u00eeme. Cet ab\u00eeme n\u2019est pas creus\u00e9 seulement pas l\u2019hypocrisie monstrueuse de l\u2019Occident. Il est aussi creus\u00e9 par ses victimes qui s\u2019\u00e9loignent et qui regardent ailleurs, pas parce que le ciel est plus bleu ailleurs, juste parce qu\u2019il est ailleurs.<\/p>\n<p class=\"selectionShareable\">Je me souviens des paroles de mon oncle. Un jour, j\u2019\u00e9tais adolescente et dans une conversation familiale, j\u2019ai \u00e9voqu\u00e9 Notre-Dame. Mon oncle m\u2019a interrompue de mani\u00e8re sentencieuse en disant : \u00ab\u00a0On ne dit pas\u00a0<em>Notre-<\/em>Dame, on dit\u00a0<em>Leur-<\/em>Dame\u00a0\u00bb. Une r\u00e9sistance de loosers, vous me direz. Certes. Mais il \u00e9tait d\u00e9j\u00e0 en train de creuser vers cet ailleurs.<\/p>\n<p class=\"selectionShareable\">Houria Bouteldja<\/p>\n<p><a href=\"https:\/\/qgdecolonial.fr\/on-ne-dit-pas-notre-dame-on-dit-leur-dame\/\"><img decoding=\"async\" src=\"https:\/\/qgdecolonial.fr\/wp-content\/uploads\/2021\/01\/LOGO-QG-300x60.jpg\" alt=\"QG Decolonial\" \/><\/a><\/p>\n","protected":false},"excerpt":{"rendered":"<p>En d\u00e9but d\u2019automne, l\u2019aviation isra\u00e9lienne d\u00e9vastait un souk vieux de 400 ans dans la ville de Nabatiy\u00e9 dont l\u2019histoire remonte aux \u00e8res ottomane et mamelouke. Qui l\u2019a su ? Un peu plus tard, vers novembre, des frappes isra\u00e9liennes ont d\u00e9truit un mur entier de la citadelle de Toron, une forteresse b\u00e2tie au XII\u00e8me si\u00e8cle au &#8230; <a title=\"On ne dit pas \u00ab\u00a0Notre-Dame\u00a0\u00bb, on dit \u00ab\u00a0Leur-Dame\u00a0\u00bb Patrimoines de l\u2019humanit\u00e9 et imp\u00e9rialisme\" class=\"read-more\" href=\"https:\/\/bruxelles-pantheres.be\/?p=6076\" aria-label=\"En savoir plus sur On ne dit pas \u00ab\u00a0Notre-Dame\u00a0\u00bb, on dit \u00ab\u00a0Leur-Dame\u00a0\u00bb Patrimoines de l\u2019humanit\u00e9 et imp\u00e9rialisme\">Lire la suite<\/a><\/p>\n","protected":false},"author":1,"featured_media":6077,"comment_status":"open","ping_status":"open","sticky":false,"template":"","format":"standard","meta":{"footnotes":""},"categories":[1,35,21,4,6,18],"tags":[147],"class_list":["post-6076","post","type-post","status-publish","format-standard","has-post-thumbnail","hentry","category-non-classe","category-amerique-du-sud","category-anti-imperialisme","category-islamophobie","category-palestine-moyen-orient","category-resistance-bruxelles","tag-houria-bouteldja"],"_links":{"self":[{"href":"https:\/\/bruxelles-pantheres.be\/index.php?rest_route=\/wp\/v2\/posts\/6076","targetHints":{"allow":["GET"]}}],"collection":[{"href":"https:\/\/bruxelles-pantheres.be\/index.php?rest_route=\/wp\/v2\/posts"}],"about":[{"href":"https:\/\/bruxelles-pantheres.be\/index.php?rest_route=\/wp\/v2\/types\/post"}],"author":[{"embeddable":true,"href":"https:\/\/bruxelles-pantheres.be\/index.php?rest_route=\/wp\/v2\/users\/1"}],"replies":[{"embeddable":true,"href":"https:\/\/bruxelles-pantheres.be\/index.php?rest_route=%2Fwp%2Fv2%2Fcomments&post=6076"}],"version-history":[{"count":1,"href":"https:\/\/bruxelles-pantheres.be\/index.php?rest_route=\/wp\/v2\/posts\/6076\/revisions"}],"predecessor-version":[{"id":6078,"href":"https:\/\/bruxelles-pantheres.be\/index.php?rest_route=\/wp\/v2\/posts\/6076\/revisions\/6078"}],"wp:featuredmedia":[{"embeddable":true,"href":"https:\/\/bruxelles-pantheres.be\/index.php?rest_route=\/wp\/v2\/media\/6077"}],"wp:attachment":[{"href":"https:\/\/bruxelles-pantheres.be\/index.php?rest_route=%2Fwp%2Fv2%2Fmedia&parent=6076"}],"wp:term":[{"taxonomy":"category","embeddable":true,"href":"https:\/\/bruxelles-pantheres.be\/index.php?rest_route=%2Fwp%2Fv2%2Fcategories&post=6076"},{"taxonomy":"post_tag","embeddable":true,"href":"https:\/\/bruxelles-pantheres.be\/index.php?rest_route=%2Fwp%2Fv2%2Ftags&post=6076"}],"curies":[{"name":"wp","href":"https:\/\/api.w.org\/{rel}","templated":true}]}}