{"id":6079,"date":"2024-12-26T12:42:44","date_gmt":"2024-12-26T11:42:44","guid":{"rendered":"https:\/\/bruxelles-pantheres.be\/?p=6079"},"modified":"2024-12-26T12:42:44","modified_gmt":"2024-12-26T11:42:44","slug":"petits-blancs-pourrir-ou-devenir","status":"publish","type":"post","link":"https:\/\/bruxelles-pantheres.be\/?p=6079","title":{"rendered":"\u00ab PETITS BLANCS \u00bb : POURRIR OU DEVENIR"},"content":{"rendered":"<p><strong>C\u2019est No\u00ebl! En guise de cadeau, l\u2019\u00e9dito du Nous 3 intitul\u00e9, \u00ab\u00a0Petits Blancs\u00a0\u00bb, fascisme ou r\u00e9volution, sign\u00e9 Louisa Yousfi et disponible \u00e0 la commande\u00a0<a href=\"https:\/\/nous.qgdecolonial.fr\/produit\/nous-3-petits-blancs-fascisme-ou-revolution\/?fbclid=IwY2xjawHXaupleHRuA2FlbQIxMAABHUh_dcDOyrZ0Us8J-763ZAwhVcvmShR_u8DtvGCddKt470c3t1TuAHfgOA_aem_0XrvOCq8afLAVq4IK-OFnw\">ici<\/a>\u00a0:<\/strong><\/p>\n<p><!--more--><\/p>\n<div class=\"featured-image\"><img decoding=\"async\" class=\"attachment-pixelwars_theme_image_size_2 size-pixelwars_theme_image_size_2 wp-post-image aligncenter\" title=\"\" src=\"https:\/\/qgdecolonial.fr\/wp-content\/uploads\/2024\/12\/bebe-1000x1429.jpg\" sizes=\"(max-width: 1000px) 100vw, 1000px\" srcset=\"https:\/\/qgdecolonial.fr\/wp-content\/uploads\/2024\/12\/bebe-1000x1429.jpg 1000w, https:\/\/qgdecolonial.fr\/wp-content\/uploads\/2024\/12\/bebe-210x300.jpg 210w, https:\/\/qgdecolonial.fr\/wp-content\/uploads\/2024\/12\/bebe-717x1024.jpg 717w, https:\/\/qgdecolonial.fr\/wp-content\/uploads\/2024\/12\/bebe-768x1098.jpg 768w, https:\/\/qgdecolonial.fr\/wp-content\/uploads\/2024\/12\/bebe-1075x1536.jpg 1075w, https:\/\/qgdecolonial.fr\/wp-content\/uploads\/2024\/12\/bebe-500x715.jpg 500w, https:\/\/qgdecolonial.fr\/wp-content\/uploads\/2024\/12\/bebe-1400x2001.jpg 1400w, https:\/\/qgdecolonial.fr\/wp-content\/uploads\/2024\/12\/bebe-600x858.jpg 600w, https:\/\/qgdecolonial.fr\/wp-content\/uploads\/2024\/12\/bebe.jpg 1433w\" alt=\"\u00ab PETITS BLANCS \u00bb : POURRIR OU DEVENIR\" width=\"1000\" height=\"1429\" \/><\/div>\n<div class=\"entry-content\">\n<p class=\"selectionShareable\">\n<p class=\"selectionShareable\">Qui sont les petits blancs\u00a0? De quelle couleur sont-ils\u00a0? Sont-ils plus petits que blancs ou plus blancs que petits\u00a0? Sur un plan strictement politique, la r\u00e9ponse est ais\u00e9e. Les petits blancs sont tendanciellement blancs. Ils votent en tant que blancs, se vivent blancs, se veulent blancs. La s\u00e9quence \u00e9lectorale r\u00e9cente et les troubles occasionn\u00e9s par la r\u00e9v\u00e9lation de leur blanchit\u00e9 au sein de la gauche de transformation n\u2019a fait que rejouer ce sempiternelle refrain, suivi de sa sempiternelle question\u00a0: que faire des petits blancs qui semblent avoir endoss\u00e9 le pire de ces deux adjectifs\u00a0? Petits en ceci qu\u2019ils constituent la partie la plus l\u00e9s\u00e9e du pacte racial qui structure le pays, blancs parce que p\u00e9tris d\u2019affects proprement racistes et donc contre-r\u00e9volutionnaires. La cause de ces sombres affects n\u2019a d\u2019ailleurs que peu d\u2019importance. Que les petits blancs soient racistes par haine, par peur, par ignorance ou par une fausse conscience de classe ne permet pas de r\u00e9soudre grand-chose. Au contraire, tout porte \u00e0 croire que c\u2019est foutu. Pour eux. Pour nous. Pour \u00ab\u00a0le pari du nous\u00a0\u00bb. Et pourtant.<\/p>\n<p class=\"selectionShareable\">Nous, militants d\u00e9coloniaux qui t\u00e2chons de mettre toutes nos id\u00e9es \u00e0 l\u2019\u00e9preuve du mat\u00e9rialisme historique, avons toujours en t\u00eate ceci\u00a0: les groupes sociaux ne sont jamais que sociaux et il n\u2019y a pas que du politique dans le politique. Certes, les petits blancs sont les sentinelles de la blanchit\u00e9, certes ils en surveillent les fronti\u00e8res comme des gardiens de nuit maigrement pay\u00e9s, mais ce deal de perdants qu\u2019ils ont contract\u00e9 avec la bourgeoisie qui les m\u00e9prise tout autant que nous autres, r\u00e9v\u00e8le en eux une zone qu\u2019une analyse grossi\u00e8rement \u00ab\u00a0mat\u00e9rialiste\u00a0\u00bb est insuffisante \u00e0 saisir compl\u00e8tement. Sur le racisme des Blancs am\u00e9ricains, James Baldwin disait en substance\u00a0: quel probl\u00e8me interne \u00e0 eux-m\u00eames les Blancs cherchent-ils \u00e0 fuir pour qu\u2019ils aient \u00e0 ce point besoin des Noirs\u00a0? Pour le cas fran\u00e7ais, il faudrait d\u00e9cliner l\u2019interrogation\u00a0: quel miroir invers\u00e9 les Noirs et les Arabes de ce pays tendent- ils aux petits blancs pour que ces derniers soient convaincus de l\u2019id\u00e9e qu\u2019ils sont sur le point de dispara\u00eetre sous l\u2019effet d\u2019un grand-remplacement\u00a0? Dans la haine qu\u2019ils expriment \u00e0 notre endroit, quelle est la part de convoitise\u00a0? Et pourquoi est-il possible de renverser tous les stigmates du monde, \u00e0 commencer par celui du \u00ab\u00a0barbare\u00a0\u00bb \u00e0 l\u2019\u00e8re o\u00f9 le capitalisme lui-m\u00eame a des vues sur cette dignit\u00e9 et veut en faire son commerce, et jamais celui du \u00ab\u00a0beauf\u00a0\u00bb dont les tentatives de sublimation \u00e9chouent le plus souvent\u00a0?<\/p>\n<p class=\"selectionShareable\">C\u2019est un chantier qui s\u2019ouvre sur des sables mouvants. Les petits blancs, s\u2019il faut les envisager, ce n\u2019est pas seulement \u00ab\u00a0en d\u00e9pit\u00a0\u00bb de leur racisme mais \u00ab\u00a0\u00e0 l\u2019int\u00e9rieur\u00a0\u00bb de leur racisme, posant comme hypoth\u00e8se r\u00e9gulatrice que ce dernier constitue le voyage rat\u00e9 vers leur dignit\u00e9. Car comment fait-on apr\u00e8s avoir n\u00e9goci\u00e9 son \u00e2me dans l\u2019objectif de ne pas tout perdre (et de se retrouver \u00e0 partager la m\u00eame condition que les barbares) et finalement tout perdre quand m\u00eame\u00a0? Comment lutte-t-on contre cette forme sp\u00e9cifique du ressentiment\u00a0? Et \u00e0 quoi ressemblerait-elle cette \u00ab \u00e2me \u00bb qui permet encore aux barbares, malgr\u00e9 l\u2019oppression et l\u2019humiliation, de ne pas compl\u00e8tement abdiquer leur devenir r\u00e9volutionnaire et d\u2019exister selon un syst\u00e8me de valeurs et de croyances indociles aux lois du monde qui nous accable collectivement\u00a0? Comment la retrouver au milieu du d\u00e9sert \u00e9conomique, social, culturel et spirituel dans lequel les petits blancs se retrouvent d\u00e9sormais pi\u00e9g\u00e9s\u00a0? \u00c0 poser les choses ainsi, l\u2019espoir devrait manquer. Mais ce serait passer \u00e0 c\u00f4t\u00e9 de d\u2019une ironie loin d\u2019\u00eatre am\u00e8re, plut\u00f4t miraculeuse m\u00eame. Ce travail sur la dignit\u00e9 perdue des petits blancs est aujourd\u2019hui intuitionn\u00e9, pens\u00e9 et d\u00e9velopp\u00e9 par leurs ennemis jur\u00e9s, les militants antiracistes de l\u2019immigration qui savent voir derri\u00e8re le visage de leurs bourreaux les plus directs, leurs voisins de palier\u00a0; derri\u00e8re toute la haine et la ranc\u0153ur dont ils sont pourtant les cibles, ce que la France leur a fait \u00e0 eux aussi.<\/p>\n<p class=\"selectionShareable\">Le \u00ab\u00a0pari du nous\u00a0\u00bb commence donc ici, en territoire d\u00e9colonial o\u00f9 le premier effort est tenu\u00a0: pr\u00eater \u00e0 ces ennemis tr\u00e8s hostiles un destin n\u00e9anmoins pas compl\u00e8tement foutu, aux asp\u00e9rit\u00e9s encore inconnues, qui ressusciterait une m\u00e9moire perdue \u00e0 m\u00eame d\u2019abolir notre premi\u00e8re question. Non plus \u00ab\u00a0Qui sont les petits blancs ?\u00a0\u00bb mais \u00ab\u00a0qui peuvent-ils devenir ?\u00a0\u00bb. Par exemple\u00a0: ni petits, ni blancs.<\/p>\n<p class=\"selectionShareable\">\n<p class=\"selectionShareable\">Louisa Yousfi<\/p>\n<p class=\"selectionShareable\"><a href=\"https:\/\/nous.qgdecolonial.fr\/produit\/nous-3-petits-blancs-fascisme-ou-revolution\/?fbclid=IwY2xjawHXaupleHRuA2FlbQIxMAABHUh_dcDOyrZ0Us8J-763ZAwhVcvmShR_u8DtvGCddKt470c3t1TuAHfgOA_aem_0XrvOCq8afLAVq4IK-OFnw\">Pour commander le Nous 3<\/a><\/p>\n<\/div>\n","protected":false},"excerpt":{"rendered":"<p>C\u2019est No\u00ebl! En guise de cadeau, l\u2019\u00e9dito du Nous 3 intitul\u00e9, \u00ab\u00a0Petits Blancs\u00a0\u00bb, fascisme ou r\u00e9volution, sign\u00e9 Louisa Yousfi et disponible \u00e0 la commande\u00a0ici\u00a0:<\/p>\n","protected":false},"author":1,"featured_media":6080,"comment_status":"open","ping_status":"open","sticky":false,"template":"","format":"standard","meta":{"footnotes":""},"categories":[36],"tags":[340],"class_list":["post-6079","post","type-post","status-publish","format-standard","has-post-thumbnail","hentry","category-europe","tag-louisa-yousfi"],"_links":{"self":[{"href":"https:\/\/bruxelles-pantheres.be\/index.php?rest_route=\/wp\/v2\/posts\/6079","targetHints":{"allow":["GET"]}}],"collection":[{"href":"https:\/\/bruxelles-pantheres.be\/index.php?rest_route=\/wp\/v2\/posts"}],"about":[{"href":"https:\/\/bruxelles-pantheres.be\/index.php?rest_route=\/wp\/v2\/types\/post"}],"author":[{"embeddable":true,"href":"https:\/\/bruxelles-pantheres.be\/index.php?rest_route=\/wp\/v2\/users\/1"}],"replies":[{"embeddable":true,"href":"https:\/\/bruxelles-pantheres.be\/index.php?rest_route=%2Fwp%2Fv2%2Fcomments&post=6079"}],"version-history":[{"count":1,"href":"https:\/\/bruxelles-pantheres.be\/index.php?rest_route=\/wp\/v2\/posts\/6079\/revisions"}],"predecessor-version":[{"id":6081,"href":"https:\/\/bruxelles-pantheres.be\/index.php?rest_route=\/wp\/v2\/posts\/6079\/revisions\/6081"}],"wp:featuredmedia":[{"embeddable":true,"href":"https:\/\/bruxelles-pantheres.be\/index.php?rest_route=\/wp\/v2\/media\/6080"}],"wp:attachment":[{"href":"https:\/\/bruxelles-pantheres.be\/index.php?rest_route=%2Fwp%2Fv2%2Fmedia&parent=6079"}],"wp:term":[{"taxonomy":"category","embeddable":true,"href":"https:\/\/bruxelles-pantheres.be\/index.php?rest_route=%2Fwp%2Fv2%2Fcategories&post=6079"},{"taxonomy":"post_tag","embeddable":true,"href":"https:\/\/bruxelles-pantheres.be\/index.php?rest_route=%2Fwp%2Fv2%2Ftags&post=6079"}],"curies":[{"name":"wp","href":"https:\/\/api.w.org\/{rel}","templated":true}]}}