{"id":6099,"date":"2025-01-12T22:00:23","date_gmt":"2025-01-12T21:00:23","guid":{"rendered":"https:\/\/bruxelles-pantheres.be\/?p=6099"},"modified":"2025-01-12T22:00:23","modified_gmt":"2025-01-12T21:00:23","slug":"limportance-de-lesclavage-dans-latlantique-pour-leconomie-des-pays-bas-au-xviiie-siecle","status":"publish","type":"post","link":"https:\/\/bruxelles-pantheres.be\/?p=6099","title":{"rendered":"L\u2019importance de l\u2019esclavage dans l\u2019Atlantique pour l\u2019\u00e9conomie des Pays-Bas au XVIIIe si\u00e8cle"},"content":{"rendered":"<div id=\"post-title\">\n<div class=\"row\">\n<div class=\"col col-12 col-10-md\">\n<div>Par\u00a0Pepijn Brandon &amp; Ulbe Bosma, traduit par Jean-Philippe Riby<\/div>\n<div>2 octobre 2019\u00a0\u00a06 min. temps de lecture\u00a0<img decoding=\"async\" role=\"presentation\" src=\"https:\/\/www.les-plats-pays.com\/wp-content\/themes\/delagelanden\/img\/elements\/element-smal.png\" alt=\"\" width=\"48\" height=\"12\" data-uw-rm-alt-original=\"\" data-uw-rm-alt=\"SM\" \/>\u00a0<a href=\"https:\/\/www.les-plats-pays.com\/series\/les-plats-pays-et-leurs-rapports-avec-le-passe-colonial\/\" data-uw-rm-brl=\"PR\" data-uw-original-href=\"https:\/\/www.les-plats-pays.com\/series\/les-plats-pays-et-leurs-rapports-avec-le-passe-colonial\/\">Le pass\u00e9 colonial<\/a><\/div>\n<\/div>\n<\/div>\n<\/div>\n<div id=\"post-content\">\n<div class=\"row\">\n<div class=\"col col-12 col-10-md\">\n<p><strong>Pendant longtemps, les historiens n\u00e9erlandais ont consid\u00e9r\u00e9 a priori que l\u2019importance de l\u2019esclavage dans l\u2019Atlantique pour l\u2019\u00e9conomie des Pays-Bas avait \u00e9t\u00e9 marginale. Dans un article publi\u00e9 le 26 juin 2019 dans la revue d\u2019histoire \u00e9conomique et sociale n\u00e9erlando-flamande\u00a0<em>TSEG \/ Low Countries Journal of Social and Economic History,\u00a0<\/em><em>les auteurs\u00a0<\/em>montrent que cette supposition est erron\u00e9e.<\/strong><\/p>\n<\/div>\n<\/div>\n<\/div>\n<p><!--more--><\/p>\n<div id=\"post-content\">\n<div class=\"row\">\n<div class=\"col col-12 col-10-md\">\n<p>En 1770, les activit\u00e9s reposant sur l\u2019esclavage repr\u00e9sentaient tout de m\u00eame 5,2 % du produit int\u00e9rieur brut (PIB) de la R\u00e9publique des Pays-Bas. Pour la province de Hollande, pourtant la plus prosp\u00e8re et le plus puissante des Provinces-Unies, ce pourcentage allait jusqu\u2019\u00e0 10,36 %. Ce r\u00e9sultat provoqua un d\u00e9bat passionn\u00e9 dans les m\u00e9dias, mais fut largement accueilli comme une correction importante \u00e0 l\u2019image dominante que les Pays-Bas avaient eue de leur propre pass\u00e9 esclavagiste.<\/p>\n<div class=\"gallery gallery-left\"><img decoding=\"async\" class=\"attachment-full size-full aligncenter\" src=\"https:\/\/www.les-plats-pays.com\/wp-content\/uploads\/2024\/08\/Slavenboei-COLLECTIE_TROPENMUSEUM.jpg\" sizes=\"(max-width: 700px) 100vw, 700px\" srcset=\"https:\/\/www.les-plats-pays.com\/wp-content\/uploads\/2024\/08\/Slavenboei-COLLECTIE_TROPENMUSEUM.jpg 700w, https:\/\/www.les-plats-pays.com\/wp-content\/uploads\/2024\/08\/Slavenboei-COLLECTIE_TROPENMUSEUM-300x199.jpg 300w, https:\/\/www.les-plats-pays.com\/wp-content\/uploads\/2024\/08\/Slavenboei-COLLECTIE_TROPENMUSEUM-600x399.jpg 600w\" alt=\"Slavenboei COLLECTIE TROPENMUSEUM\" width=\"700\" height=\"465\" data-uw-rm-alt-original=\"Slavenboei COLLECTIE TROPENMUSEUM\" data-uw-rm-alt=\"ALT\" \/>Bou\u00e9e d&rsquo;esclave, collection Tropenmuseum Amsterdam<\/div>\n<p>Les chiffres obtenus sont le r\u00e9sultat d\u2019une grande \u00e9tude sur l\u2019importance de l\u2019esclavage atlantique pour l\u2019\u00e9conomie n\u00e9erlandaise dans la deuxi\u00e8me moiti\u00e9 du XVIII<sup>e<\/sup>\u00a0si\u00e8cle. Cette \u00e9tude fut lanc\u00e9e en 2014 et r\u00e9alis\u00e9e par l\u2019Institut international d\u2019histoire sociale d\u2019Amsterdam (IISG), l\u2019Universit\u00e9 libre d\u2019Amsterdam (VU) et l\u2019Universit\u00e9 de Leyde (UL). Elle comportait trois volets. Le premier portait sur la traite \u00e0 partir des villes de Middelbourg et de Flessingue, sur l\u2019\u00eele de Walcheren en Z\u00e9lande (Gerhard de Kok). Le second, toujours en cours, devait analyser la cha\u00eene de valeur internationale du sucre et du caf\u00e9 produits par les esclaves (Tamira Combrink). Le troisi\u00e8me \u00e9tait ax\u00e9 sur le r\u00f4le des banques et des assurances concern\u00e9es par l\u2019esclavage (Pepijn Brandon et Karin Lurvink). La synth\u00e8se devait proposer au final un chiffrage solidement \u00e9tay\u00e9 du poids des activit\u00e9s esclavagistes atlantiques dans le PIB.<\/p>\n<h2><strong>Des estimations conformes \u00e0 la r\u00e9alit\u00e9 ?<\/strong><\/h2>\n<p>\u00c0 l\u2019\u00e9tranger \u00e9galement, on avait tent\u00e9 de mesurer le poids de l\u2019esclavage, ou du commerce colonial en g\u00e9n\u00e9ral, dans les \u00e9conomies nationales. Surtout en Grande-Bretagne, acteur majeur du commerce triangulaire au XVIII<sup>e<\/sup><br \/>\nsi\u00e8cle, un d\u00e9bat acad\u00e9mique approfondi eut lieu pendant des dizaines d\u2019ann\u00e9es, avec des points de vue allant de la conviction que l\u2019esclavage \u00e9tait l\u2019une des principales sources de richesse de la r\u00e9volution industrielle jusqu\u2019\u00e0 l\u2019id\u00e9e selon laquelle le commerce colonial ne signifiait finalement pas grand-chose pour le d\u00e9veloppement de l\u2019\u00e9conomie nationale. Aucun d\u00e9bat de fond analogue n\u2019eut v\u00e9ritablement lieu dans les autres pays europ\u00e9ens. La plupart des historiens \u00e9conomistes accept\u00e8rent les conclusions des auteurs britanniques, \u00e0 savoir que l\u2019importance \u00e9conomique de l\u2019esclavage avait \u00e9t\u00e9 limit\u00e9e. Une telle attitude s\u2019expliquait avant tout par la tendance \u00e0 aborder la question du poids \u00e9conomique de l\u2019esclavage sous le seul angle des revenus g\u00e9n\u00e9r\u00e9s par la traite, et non par le commerce, bien plus important, des marchandises produites dans les plantations.<\/p>\n<div class=\"quote text-left\">\n<blockquote><p>Les n\u00e9gociants des Pays-Bas avaient pleinement anticip\u00e9 l\u2019\u00e9mergence d\u2019un march\u00e9 de consommation de masse du sucre et du caf\u00e9<\/p><\/blockquote>\n<\/div>\n<p>La tendance \u00e0 la minimisation pr\u00e9valut \u00e9galement aux Pays-Bas. Ces derni\u00e8res ann\u00e9es toutefois, l\u2019int\u00e9r\u00eat suscit\u00e9 par le pass\u00e9 esclavagiste progressa fortement, tout comme aux \u00c9tats-Unis, en Angleterre ou en France. Dans ce contexte, la question se posa donc de savoir si ces estimations approximatives de l\u2019importance \u00e9conomique de l\u2019esclavage correspondaient \u00e0 la r\u00e9alit\u00e9. Par ailleurs, l\u2019\u00e9volution des \u00e9tudes consacr\u00e9es \u00e0 l\u2019histoire \u00e9conomique des Pays-Bas permit de poser un certain nombre de questions \u00e0 cet \u00e9gard. De nouvelles donn\u00e9es sur l\u2019ampleur du commerce atlantique soulign\u00e8rent le fait que les n\u00e9gociants n\u00e9erlandais aussi avaient pleinement anticip\u00e9 l\u2019\u00e9mergence d\u2019un tr\u00e8s important march\u00e9 de consommation europ\u00e9en du sucre et du caf\u00e9 produits par les esclaves dans le monde atlantique. Dans la seconde moiti\u00e9 du XVIII<sup>e<\/sup><br \/>\nsi\u00e8cle, le commerce atlantique \u00e9clipsa m\u00eame le commerce des \u00e9pices de la Compagnie des Indes orientales (VOC) \u00e0 partir de l\u2019Asie, pour lequel l\u2019esclavage \u00e9tait aussi pratiqu\u00e9, du reste, \u00e0 grande \u00e9chelle. En affinant les \u00e9valuations existantes concernant le volume total de l\u2019\u00e9conomie des Provinces-Unies, Jan Luiten van Zanden et Bas van Leeuwen permirent d\u2019\u00e9tudier de mani\u00e8re sectorielle et bien plus pr\u00e9cise l\u2019importance des \u00e9changes commerciaux transatlantiques.<\/p>\n<div class=\"gallery gallery-fullWidth\"><img decoding=\"async\" class=\"attachment-full size-full\" src=\"https:\/\/www.les-plats-pays.com\/wp-content\/uploads\/2024\/08\/Nationaal-Monument-Slavernijverleden-Oosterpark-Amsterdam-Holland.-Made-by-Erwin-de-Vries-in-2002-scaled.jpg\" sizes=\"(max-width: 2560px) 100vw, 2560px\" srcset=\"https:\/\/www.les-plats-pays.com\/wp-content\/uploads\/2024\/08\/Nationaal-Monument-Slavernijverleden-Oosterpark-Amsterdam-Holland.-Made-by-Erwin-de-Vries-in-2002-scaled.jpg 2560w, https:\/\/www.les-plats-pays.com\/wp-content\/uploads\/2024\/08\/Nationaal-Monument-Slavernijverleden-Oosterpark-Amsterdam-Holland.-Made-by-Erwin-de-Vries-in-2002-300x206.jpg 300w, https:\/\/www.les-plats-pays.com\/wp-content\/uploads\/2024\/08\/Nationaal-Monument-Slavernijverleden-Oosterpark-Amsterdam-Holland.-Made-by-Erwin-de-Vries-in-2002-1024x702.jpg 1024w, https:\/\/www.les-plats-pays.com\/wp-content\/uploads\/2024\/08\/Nationaal-Monument-Slavernijverleden-Oosterpark-Amsterdam-Holland.-Made-by-Erwin-de-Vries-in-2002-768x526.jpg 768w, https:\/\/www.les-plats-pays.com\/wp-content\/uploads\/2024\/08\/Nationaal-Monument-Slavernijverleden-Oosterpark-Amsterdam-Holland.-Made-by-Erwin-de-Vries-in-2002-1536x1053.jpg 1536w, https:\/\/www.les-plats-pays.com\/wp-content\/uploads\/2024\/08\/Nationaal-Monument-Slavernijverleden-Oosterpark-Amsterdam-Holland.-Made-by-Erwin-de-Vries-in-2002-2048x1404.jpg 2048w, https:\/\/www.les-plats-pays.com\/wp-content\/uploads\/2024\/08\/Nationaal-Monument-Slavernijverleden-Oosterpark-Amsterdam-Holland.-Made-by-Erwin-de-Vries-in-2002-600x411.jpg 600w\" alt=\"Nationaal Monument Slavernijverleden Oosterpark Amsterdam Holland Made by Erwin de Vries in 2002\" width=\"2560\" height=\"1755\" data-uw-rm-alt-original=\"Nationaal Monument Slavernijverleden Oosterpark Amsterdam Holland Made by Erwin de Vries in 2002\" data-uw-rm-alt=\"ALT\" \/>Monument national \u00e0 l&rsquo;histoire de l&rsquo;esclavage \u00e0 Amsterdam<\/div>\n<h2><strong>Une contribution consid\u00e9rable<\/strong><\/h2>\n<p>Pour plus de clart\u00e9, nous pr\u00e9sentons dans une annexe en anglais, t\u00e9l\u00e9chargeable avec notre\u00a0<a title=\"https:\/\/www.tseg.nl\/articles\/abstract\/10.18352\/tseg.1082\/\" href=\"https:\/\/www.les-plats-pays.com\/article\/limportance-de-lesclavage-dans-latlantique-pour-leconomie-des-pays-bas-au-xviiie-siecle\/#\" target=\"_blank\" rel=\"noreferrer noopener\" data-uw-rm-brl=\"PR\" data-uw-original-href=\"https:\/\/www.les-plats-pays.com\/article\/limportance-de-lesclavage-dans-latlantique-pour-leconomie-des-pays-bas-au-xviiie-siecle\/#\" aria-label=\"article en n\u00e9erlandais - ouvrir dans un nouvel onglet\" data-uw-rm-ext-link=\"\">article en n\u00e9erlandais<\/a>\u00a0sur le site\u00a0<a href=\"https:\/\/www.tseg.nl\/\" data-uw-rm-brl=\"PR\" data-uw-original-href=\"https:\/\/www.tseg.nl\/\">www.tseg.nl<\/a>, le mode et la base de calcul des nombreuses \u00e9valuations effectu\u00e9es. Notre article sera \u00e9galement publi\u00e9 en anglais l\u2019an prochain. Nous nous contentons pour l\u2019instant de r\u00e9sumer les r\u00e9sultats les plus significatifs :<\/p>\n<p>\u2013 Avec 5,2 % du PIB de la R\u00e9publique des Provinces-Unies, voire plus de 10 % du PIB de la province de Hollande, l\u2019esclavage dans l\u2019Atlantique a fourni une contribution non pas marginale mais consid\u00e9rable \u00e0 l\u2019\u00e9conomie n\u00e9erlandaise en 1770. Sur la base d\u2019extrapolations, nous pouvons \u00e9galement voir que 1770 \u00e9tait une ann\u00e9e repr\u00e9sentative de la seconde moiti\u00e9 du XVIII<sup>e<\/sup>\u00a0si\u00e8cle. Pour un grand nombre d\u2019ann\u00e9es, le pourcentage \u00e9tait plus \u00e9lev\u00e9.<\/p>\n<p>\u2013 Les pourcentages indiqu\u00e9s sont fournis dans leur grande majorit\u00e9 (\u00e0 plus de 70 %) par les soci\u00e9t\u00e9s de n\u00e9goce international ou d\u2019armement. En 1770, plus de 19 % (en valeur) de toutes les marchandises entrant ou sortant des ports n\u00e9erlandais \u00e9taient produites dans les plantations d\u2019esclaves de l\u2019Atlantique.<\/p>\n<p>\u2013 Ce n\u2019est pas la traite, mais le commerce des marchandises produites par les esclaves qui repr\u00e9sentait la plus grande source de revenus pour l\u2019\u00e9conomie des Pays-Bas. La traite des esclaves ne repr\u00e9sentait que le premier \u00e9l\u00e9ment d\u2019un syst\u00e8me \u00e9conomique beaucoup plus vaste, aliment\u00e9 ensuite chaque ann\u00e9e par le travail des esclaves dans les plantations.<\/p>\n<p>\u2013 Les n\u00e9gociants des Provinces-Unies ne tiraient pas seulement leurs b\u00e9n\u00e9fices des marchandises produites dans les plantations d\u2019esclaves des colonies n\u00e9erlandaises de l\u2019Atlantique. Jusqu\u2019\u00e0 la fin du XVIII<em><sup>e<\/sup><\/em>\u00a0si\u00e8cle, la R\u00e9publique offrit un march\u00e9 de redistribution du caf\u00e9, du sucre et du tabac provenant de l\u2019ensemble du monde atlantique, en premier lieu pour Saint-Domingue (future Ha\u00efti), la plus importante colonie esclavagiste fran\u00e7aise.<\/p>\n<p>\u2013 L\u2019immense flux de marchandises en provenance de l\u2019Atlantique pour cette seule ann\u00e9e 1770 reposait sur le travail forc\u00e9 de 120 000 personnes durant l\u2019\u00e9quivalent d\u2019un an plein dans les plantations. A l\u2019\u00e9poque, la population active des Provinces-Unies repr\u00e9sentait tout au plus un million de gens.<\/p>\n<div class=\"quote text-left\">\n<blockquote><p>La croissance des activit\u00e9s reposant sur l\u2019esclavage atlantique compensa la stagnation ou le recul dans d\u2019autres secteurs de l\u2019\u00e9conomie n\u00e9erlandaise<\/p><\/blockquote>\n<\/div>\n<p>L\u2019essentiel du d\u00e9bat suscit\u00e9 par nos d\u00e9couvertes ne porta pas sur ce type de questions techniques, mais sur sa port\u00e9e plus large au regard de la relation avec le pass\u00e9 esclavagiste des Pays-Bas. Il y eut, comme on pouvait s\u2019y attendre, les r\u00e9actions pr\u00e9visibles de ceux qui, ind\u00e9pendamment du fait de savoir si l\u2019esclavage contribuait pour 0,5%, 3%, 5% ou 10% \u00e0 l\u2019\u00e9conomie, en tiraient d\u2019avance la conclusion que cette contribution \u00e9tait insignifiante. D\u2019un point de vue purement quantitatif, il s\u2019agit bien d\u2019une proportion non n\u00e9gligeable. A titre de comparaison, rappelons que, selon une \u00e9tude r\u00e9cente de l\u2019universit\u00e9 Erasmus de Rotterdam, le port de Rotterdam contribue, logistique et prestations de services comprises, pour 6,2 % environ au PIB n\u00e9erlandais actuel. Plus important encore : Les chiffres de cette nature ne prennent leur pleine signification que dans le cadre d\u2019une analyse plus large de l\u2019\u00e9conomie sur le plan structurel. La croissance spectaculaire des activit\u00e9s reposant sur l\u2019esclavage atlantique compensa la stagnation ou le recul dans de nombreux secteurs de l\u2019\u00e9conomie des Pays-Bas \u00e0 la fin du XVIII<sup>e<\/sup>\u00a0si\u00e8cle. Ce sont surtout de grandes villes commer\u00e7antes comme Amsterdam ou Rotterdam qui surent se maintenir, voire mieux se positionner sur l\u2019\u00e9chiquier commercial international en profitant du travail forc\u00e9 de nombreux milliers d\u2019esclaves dans les plantations des colonies hollandaises, fran\u00e7aises et anglaises. Le commerce du sucre, du caf\u00e9 et du tabac cr\u00e9a de nouveaux liens entre la R\u00e9publique et le continent europ\u00e9en, gr\u00e2ce notamment \u00e0 l\u2019essor du commerce rh\u00e9nan des denr\u00e9es coloniales. Ces pr\u00e9mices furent d\u00e9terminantes pour l\u2019\u00e9volution future de l\u2019\u00e9conomie n\u00e9erlandaise.<\/p>\n<div class=\"gallery gallery-fullWidth\"><img decoding=\"async\" class=\"attachment-full size-full\" src=\"https:\/\/www.les-plats-pays.com\/wp-content\/uploads\/2024\/08\/Rotterdam_kunstwerk_slavernij_monument.jpg\" sizes=\"(max-width: 1024px) 100vw, 1024px\" srcset=\"https:\/\/www.les-plats-pays.com\/wp-content\/uploads\/2024\/08\/Rotterdam_kunstwerk_slavernij_monument.jpg 1024w, https:\/\/www.les-plats-pays.com\/wp-content\/uploads\/2024\/08\/Rotterdam_kunstwerk_slavernij_monument-300x247.jpg 300w, https:\/\/www.les-plats-pays.com\/wp-content\/uploads\/2024\/08\/Rotterdam_kunstwerk_slavernij_monument-768x632.jpg 768w, https:\/\/www.les-plats-pays.com\/wp-content\/uploads\/2024\/08\/Rotterdam_kunstwerk_slavernij_monument-600x494.jpg 600w\" alt=\"Rotterdam kunstwerk slavernij monument\" width=\"1024\" height=\"843\" data-uw-rm-alt-original=\"Rotterdam kunstwerk slavernij monument\" data-uw-rm-alt=\"ALT\" \/>\u00ab\u00a0La Clave\u00a0\u00bb, monument inaugur\u00e9e le 16 juin 2013, lors de la comm\u00e9moration du 150e anniversaire de l\u2019abolition de l\u2019esclavage dans les colonies n\u00e9erlandaises \u00e0 Rotterdam<\/div>\n<p>Un r\u00e9sultat majeur de notre \u00e9tude est que nous n\u2019avons plus besoin de rester focalis\u00e9s sur la relation entre l\u2019esclavage et la r\u00e9volution industrielle. Le d\u00e9bat doit s\u2019\u00e9largir, car l\u2019esclavage a eu de grandes r\u00e9percussions en Europe sur les courants commerciaux, les mod\u00e8les de financement, les habitudes de consommation et les politiques \u00e9conomiques. La nouvelle vague d\u2019\u00e9tudes sur l\u2019esclavage ne concernera donc pas seulement la relation d\u2019un pays avec son pass\u00e9 esclavagiste, mais aussi la fa\u00e7on dont nous envisageons l\u2019histoire \u00e9conomique europ\u00e9enne et mondiale.<\/p>\n<\/div>\n<\/div>\n<\/div>\n<div id=\"post-author\">\n<div class=\"row\">\n<div class=\"col col-12 col-10-md content\">\n<div class=\"author\">\n<div class=\"author-text\">\n<h4 role=\"heading\" data-uw-rm-heading=\"level\" aria-level=\"3\"><a href=\"https:\/\/www.les-plats-pays.com\/?s=&amp;_zoeken___auteurs=46773\" data-uw-rm-brl=\"PR\" data-uw-original-href=\"https:\/\/www.les-plats-pays.com\/?s=&amp;_zoeken___auteurs=46773\">Pepijn Brandon &amp; Ulbe Bosma<\/a><\/h4>\n<p><strong>Pepijn Brandon<\/strong>\u00a0est charg\u00e9 de cours \u00e0 la\u00a0<em>Vrije Universiteit Amsterdam<\/em>\u00a0et directeur de recherche \u00e0 l\u2019Institut international d\u2019histoire sociale (IISG).<\/p>\n<p><strong>Ulbe Bosma<\/strong>\u00a0est directeur de recherche \u00e0 l\u2019Institut international d\u2019histoire sociale (IISG).<\/p>\n<p><a href=\"https:\/\/pour.press\/limportance-de-lesclavage-dans-latlantique-pour-leconomie-des-pays-bas-au-xviiie-siecle\/\">Source<\/a><\/p>\n<\/div>\n<\/div>\n<\/div>\n<\/div>\n<\/div>\n","protected":false},"excerpt":{"rendered":"<p>Par\u00a0Pepijn Brandon &amp; Ulbe Bosma, traduit par Jean-Philippe Riby 2 octobre 2019\u00a0\u00a06 min. temps de lecture\u00a0\u00a0Le pass\u00e9 colonial Pendant longtemps, les historiens n\u00e9erlandais ont consid\u00e9r\u00e9 a priori que l\u2019importance de l\u2019esclavage dans l\u2019Atlantique pour l\u2019\u00e9conomie des Pays-Bas avait \u00e9t\u00e9 marginale. Dans un article publi\u00e9 le 26 juin 2019 dans la revue d\u2019histoire \u00e9conomique et sociale &#8230; <a title=\"L\u2019importance de l\u2019esclavage dans l\u2019Atlantique pour l\u2019\u00e9conomie des Pays-Bas au XVIIIe si\u00e8cle\" class=\"read-more\" href=\"https:\/\/bruxelles-pantheres.be\/?p=6099\" aria-label=\"En savoir plus sur L\u2019importance de l\u2019esclavage dans l\u2019Atlantique pour l\u2019\u00e9conomie des Pays-Bas au XVIIIe si\u00e8cle\">Lire la suite<\/a><\/p>\n","protected":false},"author":1,"featured_media":6100,"comment_status":"open","ping_status":"open","sticky":false,"template":"","format":"standard","meta":{"footnotes":""},"categories":[1,21,539,36,7,28],"tags":[],"class_list":["post-6099","post","type-post","status-publish","format-standard","has-post-thumbnail","hentry","category-non-classe","category-anti-imperialisme","category-belgique","category-europe","category-negrophobie","category-racismes"],"_links":{"self":[{"href":"https:\/\/bruxelles-pantheres.be\/index.php?rest_route=\/wp\/v2\/posts\/6099","targetHints":{"allow":["GET"]}}],"collection":[{"href":"https:\/\/bruxelles-pantheres.be\/index.php?rest_route=\/wp\/v2\/posts"}],"about":[{"href":"https:\/\/bruxelles-pantheres.be\/index.php?rest_route=\/wp\/v2\/types\/post"}],"author":[{"embeddable":true,"href":"https:\/\/bruxelles-pantheres.be\/index.php?rest_route=\/wp\/v2\/users\/1"}],"replies":[{"embeddable":true,"href":"https:\/\/bruxelles-pantheres.be\/index.php?rest_route=%2Fwp%2Fv2%2Fcomments&post=6099"}],"version-history":[{"count":1,"href":"https:\/\/bruxelles-pantheres.be\/index.php?rest_route=\/wp\/v2\/posts\/6099\/revisions"}],"predecessor-version":[{"id":6101,"href":"https:\/\/bruxelles-pantheres.be\/index.php?rest_route=\/wp\/v2\/posts\/6099\/revisions\/6101"}],"wp:featuredmedia":[{"embeddable":true,"href":"https:\/\/bruxelles-pantheres.be\/index.php?rest_route=\/wp\/v2\/media\/6100"}],"wp:attachment":[{"href":"https:\/\/bruxelles-pantheres.be\/index.php?rest_route=%2Fwp%2Fv2%2Fmedia&parent=6099"}],"wp:term":[{"taxonomy":"category","embeddable":true,"href":"https:\/\/bruxelles-pantheres.be\/index.php?rest_route=%2Fwp%2Fv2%2Fcategories&post=6099"},{"taxonomy":"post_tag","embeddable":true,"href":"https:\/\/bruxelles-pantheres.be\/index.php?rest_route=%2Fwp%2Fv2%2Ftags&post=6099"}],"curies":[{"name":"wp","href":"https:\/\/api.w.org\/{rel}","templated":true}]}}