{"id":6102,"date":"2025-01-25T22:10:33","date_gmt":"2025-01-25T21:10:33","guid":{"rendered":"https:\/\/bruxelles-pantheres.be\/?p=6102"},"modified":"2025-01-12T22:13:13","modified_gmt":"2025-01-12T21:13:13","slug":"destruction-du-patrimoine-culturel-a-gaza","status":"publish","type":"post","link":"https:\/\/bruxelles-pantheres.be\/?p=6102","title":{"rendered":"Destruction du patrimoine culturel \u00e0 Gaza"},"content":{"rendered":"<header class=\"grimlock--single-header grimlock--page-header entry-header\">\n<div class=\"entry-meta\"><span class=\"posted-on\"><span class=\"posted-on-label\">Publi\u00e9 le\u00a0<\/span><time class=\"entry-date published\" datetime=\"2025-01-01T08:30:43+01:00\">1 janvier 2025 <\/time><\/span><span class=\"byline author\"><span class=\"byline-label\">par <\/span>\u00a0<span class=\"author-vcard vcard\"><a class=\"url fn n\" href=\"https:\/\/pour.press\/author\/careppour-press\/\">CAREP<\/a><\/span><\/span><\/div>\n<\/header>\n<div class=\"grimlock--single-content grimlock--page-content entry-content\">\n<p>Depuis le d\u00e9but de la guerre \u00e0 Gaza, le patrimoine culturel palestinien a subi des destructions massives en raison des frappes des forces militaires isra\u00e9liennes ciblant des sites anciens, des b\u00e2timents historiques et religieux, des mus\u00e9es, des institutions culturelles et acad\u00e9miques, des \u00e9difices publics et des infrastructures essentielles. De nombreux sites arch\u00e9ologiques, tous les mus\u00e9es, les centres historiques, ainsi que des h\u00f4pitaux, des biblioth\u00e8ques, des cimeti\u00e8res et des milliers d\u2019objets arch\u00e9ologiques et culturels ont \u00e9t\u00e9 endommag\u00e9s ou d\u00e9truits.<\/p>\n<p>Cet article propose un aper\u00e7u des politiques de pr\u00e9servation du patrimoine culturel en Palestine et des protections juridiques assur\u00e9es par le droit humanitaire international, tout en explorant le r\u00f4le de l\u2019Unesco et d\u2019autres organisations dans la protection de ce patrimoine. Il pr\u00e9sente \u00e9galement une \u00e9valuation pr\u00e9liminaire des dommages inflig\u00e9s aux sites culturels gazaouis jusqu\u2019au d\u00e9but de l\u2019ann\u00e9e 2024, formule des recommandations pour une \u00e9valuation compl\u00e8te des pertes et propose des m\u00e9canismes de suivi juridique ainsi qu\u2019un cadre pour la mise en place de plans et de programmes de r\u00e9cup\u00e9ration et de reconstruction.<\/p>\n<section class=\"elementor-section elementor-top-section elementor-element elementor-element-b960a31 elementor-section-boxed elementor-section-height-default elementor-section-height-default\" data-id=\"b960a31\" data-element_type=\"section\">\n<div class=\"elementor-container elementor-column-gap-default\">\n<div class=\"elementor-column elementor-col-100 elementor-top-column elementor-element elementor-element-6ba6592a\" data-id=\"6ba6592a\" data-element_type=\"column\">\n<div class=\"elementor-widget-wrap elementor-element-populated\">\n<div class=\"elementor-element elementor-element-441b8988 elementor-widget elementor-widget-text-editor\" data-id=\"441b8988\" data-element_type=\"widget\" data-widget_type=\"text-editor.default\">\n<div class=\"elementor-widget-container\"><\/div>\n<\/div>\n<\/div>\n<\/div>\n<\/div>\n<\/section>\n<\/div>\n<p><!--more--><\/p>\n<div class=\"grimlock--single-content grimlock--page-content entry-content\">\n<section class=\"elementor-section elementor-top-section elementor-element elementor-element-b960a31 elementor-section-boxed elementor-section-height-default elementor-section-height-default\" data-id=\"b960a31\" data-element_type=\"section\">\n<div class=\"elementor-container elementor-column-gap-default\">\n<div class=\"elementor-column elementor-col-100 elementor-top-column elementor-element elementor-element-6ba6592a\" data-id=\"6ba6592a\" data-element_type=\"column\">\n<div class=\"elementor-widget-wrap elementor-element-populated\">\n<div class=\"elementor-element elementor-element-441b8988 elementor-widget elementor-widget-text-editor\" data-id=\"441b8988\" data-element_type=\"widget\" data-widget_type=\"text-editor.default\">\n<div class=\"elementor-widget-container\">\n<h2><img decoding=\"async\" class=\"aligncenter\" src=\"https:\/\/pour.press\/wp-content\/uploads\/2025\/01\/gazaaaa.jpg\" \/><\/h2>\n<h2>Introduction<\/h2>\n<p>L\u2019appellation \u00ab\u2009bande de Gaza\u2009\u00bb est une d\u00e9signation politico-g\u00e9ographique r\u00e9cente, faisant r\u00e9f\u00e9rence \u00e0 une r\u00e9gion bien plus vaste et ancienne. Cette expression est apparue pour la premi\u00e8re fois apr\u00e8s la Nakba de 1948 pour d\u00e9crire une \u00e9troite bande c\u00f4ti\u00e8re m\u00e9diterran\u00e9enne au sud de la Palestine, longue d\u2019environ quarante kilom\u00e8tres et large de six \u00e0 huit kilom\u00e8tres. Aujourd\u2019hui, cette zone abrite 2,3 millions de Palestiniens, dont 70 % sont des r\u00e9fugi\u00e9s et leurs descendants, expuls\u00e9s de leurs maisons et de leurs terres situ\u00e9es dans l\u2019ouest et le sud de la Palestine lors de la guerre de 1948-1949 et ses r\u00e9percussions. Depuis 1967, cette population vit sous les conditions difficiles de l\u2019occupation isra\u00e9lienne, la majorit\u00e9 r\u00e9sidant dans des camps de r\u00e9fugi\u00e9s surpeupl\u00e9s. En 2007, un blocus s\u00e9v\u00e8re a \u00e9t\u00e9 impos\u00e9, limitant drastiquement les mouvements de personnes et de marchandises.<br \/>\nMalgr\u00e9 sa petite taille, Gaza est riche en patrimoine arch\u00e9ologique et historique. Des \u00e9tudes men\u00e9es au cours du si\u00e8cle dernier ont r\u00e9v\u00e9l\u00e9 l\u2019existence d\u2019environ 130 sites, ainsi que de 256 b\u00e2timents historiques et les vestiges d\u2019anciennes villes et villages r\u00e9partis entre la ville de Gaza, Khan Youn\u00e8s, Deir el-Balah, Rafah, Beit Hanoun ainsi que dans huit camps de r\u00e9fugi\u00e9s et de nombreux villages.<\/p>\n<p>Le nom ancien canan\u00e9en de Gaza \u00e9tait \u00ab Gazzato \u00bb, mentionn\u00e9 dans des textes \u00e9gyptiens datant du XV<sup>e<\/sup>\u00a0si\u00e8cle av. J.-C. Connue comme la \u00ab\u2009ville de Canaan\u2009\u00bb, Gaza \u00e9tait l\u2019une des cinq villes alli\u00e9es des traditions bibliques, impr\u00e9gn\u00e9e de l\u00e9gendes religieuses comme celles de Samson et Dalida, ou de Goliath. Elle appara\u00eet \u00e9galement dans des textes assyriens et dans des inscriptions de Main, au Y\u00e9men. Reli\u00e9e \u00e0 la p\u00e9ninsule arabique par la route de l\u2019encens, Gaza est devenue, d\u00e8s le VII<sup>e<\/sup>\u00a0si\u00e8cle av. J.-C., un centre commercial majeur de la r\u00e9gion, servant d\u2019emporium m\u00e9diterran\u00e9en pour la p\u00e9ninsule arabique. Elle entretenait des liens commerciaux, culturels et m\u00eame matrimoniaux avec le Y\u00e9men.<br \/>\nDes sources classiques mentionnent Gaza lors de la campagne d\u2019Alexandre le Grand. En 332 av. J.-C., Alexandre faillit y perdre la vie face \u00e0 un rebelle arabe, alors que son gouverneur, Batis, refusait de se rendre. \u00c0 l\u2019\u00e9poque pr\u00e9islamique, Gaza prosp\u00e9rait gr\u00e2ce au commerce avec la tribu mecquoise des Quraysh. Hachim ibn Abd Manaf, le grand-p\u00e8re du Proph\u00e8te Mahomet, y est mort et est enterr\u00e9, donnant \u00e0 la ville le surnom de \u00ab Ghazzat Hashim \u00bb (\u00ab\u2009la Gaza de Hachim\u2009\u00bb).<br \/>\nGaza conserva son importance en tant que port strat\u00e9gique et halte sur la route entre l\u2019\u00c9gypte et la Syrie tout au long de l\u2019\u00e8re islamique arabe. Le fort de Khan Youn\u00e8s, construit \u00e0 l\u2019\u00e9poque mamelouke, en fit la deuxi\u00e8me ville la plus peupl\u00e9e de la r\u00e9gion apr\u00e8s Gaza elle-m\u00eame. La ville est \u00e9galement le lieu de naissance du c\u00e9l\u00e8bre juriste ash-Shafi\u2019i, fondateur de l\u2019\u00e9cole de jurisprudence chaf\u00e9ite, qui \u00e9crivit ces vers en hommage \u00e0 sa ville natale\u2009:<\/p>\n<blockquote><p>J\u2019aspire \u00e0 la terre de Gaza,<br \/>\nBien que, apr\u00e8s une longue s\u00e9paration,<br \/>\nJ\u2019eusse r\u00e9prim\u00e9 ce d\u00e9sir, mais il m\u2019a trahi.<\/p><\/blockquote>\n<h5><\/h5>\n<h2>La protection du patrimoine dans le cadre juridique international<\/h2>\n<p>Selon le droit international, les territoires palestiniens occup\u00e9s \u2013 la Cisjordanie, y compris J\u00e9rusalem, et Gaza \u2013 sont des terres occup\u00e9es, et Isra\u00ebl, en tant que puissance occupante, doit donc se conformer aux lois qui stipulent l\u2019obligation des \u00c9tats membres de prot\u00e9ger le patrimoine culturel et naturel sous leur contr\u00f4le. Des conventions sp\u00e9cifiques s\u2019appliquent\u2009: la Convention pour la pr\u00e9vention et la r\u00e9pression du crime de g\u00e9nocide (1948)\u2009; la quatri\u00e8me Convention de Gen\u00e8ve et ses annexes (1949)\u2009; la Convention de La Haye pour la protection des biens culturels en cas de conflit arm\u00e9 (1954)\u2009; et la recommandation de l\u2019Unesco sur les principes internationaux applicables aux fouilles arch\u00e9ologiques (1956).<br \/>\nDe plus, l\u2019article 27, paragraphe 4, de la quatri\u00e8me annexe des r\u00e8glements de La Haye de 1907 pr\u00e9cise que le devoir des forces arm\u00e9es en situation de si\u00e8ge est de prendre toutes les mesures n\u00e9cessaires pour ne pas endommager les lieux de culte et autres b\u00e2timents abritant des institutions artistiques, scientifiques ou caritatives, ou des artefacts historiques. L\u2019article 56 de la Convention de La Haye de 1954 interdit tout dommage aux lieux de culte, aux institutions caritatives et aux sites historiques, tandis que son cinqui\u00e8me article oblige toutes les parties occupant une r\u00e9gion ou un sous-district \u00e0 offrir un soutien \u00e0 la partie dont la terre a \u00e9t\u00e9 occup\u00e9e afin de prendre toutes les mesures n\u00e9cessaires pour prot\u00e9ger ses biens culturels.<\/p>\n<p>Les protocoles attach\u00e9s \u00e0 la quatri\u00e8me Convention de Gen\u00e8ve de 1977, \u00e0 savoir les articles 53 du premier protocole et 16 du second protocole, interdisent la commission d\u2019actes destructeurs dirig\u00e9s contre des sites historiques, des \u0153uvres d\u2019art ou des lieux de culte qui incarnent l\u2019h\u00e9ritage spirituel d\u2019un peuple. Un certain nombre d\u2019autres accords internationaux s\u2019appliquent \u00e9galement aux territoires occup\u00e9s\u2009: la Convention de l\u2019Unesco sur les moyens d\u2019interdire et de pr\u00e9venir l\u2019importation, l\u2019exportation et le transfert illicites de propri\u00e9t\u00e9 culturelle (1970)\u2009; la Convention du patrimoine mondial, pr\u00e9c\u00e9demment nomm\u00e9e Convention concernant la protection du patrimoine culturel et naturel mondial (1972)\u2009; la Convention de l\u2019Unesco sur la protection du patrimoine culturel subaquatique (2001)\u2009; la d\u00e9claration de l\u2019Unesco concernant la destruction intentionnelle du patrimoine culturel (2003)\u2009; la Convention de l\u2019Unesco pour la sauvegarde du patrimoine culturel immat\u00e9riel (2003) ; et des dizaines de r\u00e9solutions \u00e9mises par l\u2019Unesco.<\/p>\n<p>L\u2019assaut actuel sur Gaza constitue une violation flagrante du droit international humanitaire, en particulier de la Convention de 1948 pour la pr\u00e9vention et la r\u00e9pression du crime de g\u00e9nocide. N\u00e9anmoins, la volont\u00e9 politique internationale a \u00e9t\u00e9 beaucoup plus silencieuse concernant l\u2019assaut actuel sur Gaza que ce qu\u2019elle a pu \u00eatre au cours d\u2019autres conflits. Lors des guerres r\u00e9centes en Irak et en Syrie, l\u2019Unesco a jou\u00e9 un r\u00f4le efficace dans le suivi de la destruction du patrimoine culturel. \u00c0 la suite de l\u2019attaque de sanctuaires au Mali par des gangs arm\u00e9s, l\u2019organisation a port\u00e9 l\u2019affaire aupr\u00e8s de la Cour p\u00e9nale internationale et a plaid\u00e9 pour que ces exactions ne restent pas impunies. L\u2019instance judiciaire qualifiera cette attaque de \u00ab\u2009crimes de guerre\u2009\u00bb. Par la suite, une d\u00e9l\u00e9gation internationale polyvalente, en coordination avec l\u2019Unesco, sera charg\u00e9e de prot\u00e9ger les sites culturels et historiques au Mali. Irina Bokova, alors directrice g\u00e9n\u00e9rale de l\u2019Unesco, a consid\u00e9r\u00e9 que le consensus atteint concernant la r\u00e9solution 2347 du Conseil de s\u00e9curit\u00e9 de 2017 sur la protection des biens culturels, jug\u00e9 important pour la s\u00e9curit\u00e9, indiquait qu\u2019\u00ab\u2009un nouveau paysage culturel\u2009\u00bb \u00e9tait en train de se construire et qu\u2019\u00ab\u2009une nouvelle conscience globale\u2009\u00bb \u00e9tait en train d\u2019\u00e9merger \u00ab\u2009pour prot\u00e9ger la culture pour la paix et la s\u00e9curit\u00e9\u2009\u00bb. L\u2019histoire enregistrera que l\u2019Unesco, qui avait jou\u00e9 un r\u00f4le principal dans cette r\u00e9alisation majeure, a \u00e9chou\u00e9, sous la direction actuelle, \u00e0 pr\u00e9server le patrimoine culturel palestinien \u00e0 Gaza. La seule mesure qu\u2019elle a prise a \u00e9t\u00e9, le 14 d\u00e9cembre 2023, lors d\u2019une r\u00e9union sp\u00e9ciale pour discuter de la Convention sur la protection des biens culturels en cas de conflit arm\u00e9, d\u2019inscrire le site de Tell Umm el-\u2018Amr sur la liste des sites n\u00e9cessitant une protection suppl\u00e9mentaire de l\u2019Unesco. Les r\u00e9actions internationales \u00e0 ce qui pourrait \u00eatre consid\u00e9r\u00e9 comme des crimes de guerre commis contre le patrimoine culturel de Gaza ont \u00e9t\u00e9 discr\u00e8tes\u2009; en \u00e9cho, l\u2019absence d\u2019un r\u00f4le efficace de l\u2019Unesco sur la destruction de ce patrimoine a \u00e9t\u00e9 frappante. D\u2019autres institutions culturelles europ\u00e9ennes ont \u00e9galement brill\u00e9 par leur absence, comme en t\u00e9moignent les d\u00e9clarations ti\u00e8des \u00e9mises par le Conseil international des monuments et des sites, l\u2019Icomos, qui ressemblaient plus \u00e0 un soutien \u00e0 l\u2019assaut.<\/p>\n<p>&nbsp;<\/p>\n<h2>Le cas palestinien ou la destruction syst\u00e9matique du patrimoine<\/h2>\n<p>La destruction du patrimoine culturel palestinien par les assauts r\u00e9cents n\u2019est que la suite d\u2019actes similaires commis par Isra\u00ebl au cours des soixante-quinze derni\u00e8res ann\u00e9es, en commen\u00e7ant par l\u2019oblit\u00e9ration de plus de quatre cents villes et villages palestiniens et le nettoyage g\u00e9nocidaire ou l\u2019expulsion d\u2019un million de Palestiniens de leurs maisons et propri\u00e9t\u00e9s. Malgr\u00e9 l\u2019horreur manifeste de ces crimes pourtant bien document\u00e9s, les Palestiniens n\u2019ont pas pu inscrire leur patrimoine dans la m\u00e9moire collective de l\u2019humanit\u00e9. Depuis octobre 2023, les frappes a\u00e9riennes et les bombardements isra\u00e9liens ont entra\u00een\u00e9 une destruction catastrophique de toutes les sph\u00e8res de la vie, occasionnant jusqu\u2019\u00e0 pr\u00e9sent quarante et un mille morts et blessant plus de cent mille civils palestiniens, principalement des enfants, des femmes et des personnes \u00e2g\u00e9es. Isra\u00ebl a \u00e9galement d\u00e9truit les infrastructures de base et les institutions vitales, cibl\u00e9 les h\u00f4pitaux et le personnel de sant\u00e9, ras\u00e9 des quartiers entiers en faisant s\u2019effondrer des maisons et des tours r\u00e9sidentielles sur leurs habitants, an\u00e9anti des familles enti\u00e8res, d\u00e9plac\u00e9 la population en la for\u00e7ant \u00e0 se r\u00e9fugier dans le sud de Gaza et dans d\u2019autres r\u00e9gions manquant d\u2019eau, de nourriture ou d\u2019abri, provoquant ainsi une catastrophe humaine massive.<br \/>\nPlusieurs organisations locales ont commenc\u00e9 \u00e0 effectuer des \u00e9valuations des dommages sur la base de t\u00e9moignages et de rapports de terrain ainsi que d\u2019informations provenant d\u2019images satellites. Des informations d\u2019une note interne du minist\u00e8re du Tourisme et des Antiquit\u00e9s, signalant la destruction d\u2019un grand nombre de sites arch\u00e9ologiques et de b\u00e2timents historiques, sont \u00e9galement r\u00e9sum\u00e9es ci-dessous. Heritage for Peace et l\u2019Icomos-Palestine ont r\u00e9ussi respectivement en novembre 2023 et en janvier 2024 \u00e0 \u00e9valuer les dommages subis par vingt-trois sites. La situation s\u00e9curitaire n\u2019a pas permis une \u00e9valuation plus approfondie et compl\u00e8te des dommages caus\u00e9s\u2009; l\u2019information a \u00e9t\u00e9 obtenue avec beaucoup de difficult\u00e9 en raison des dangers dus aux frappes a\u00e9riennes, aux tirs d\u2019artillerie, ainsi qu\u2019aux menaces des drones et des tireurs d\u2019\u00e9lite. N\u00e9anmoins, la documentation disponible fournit des preuves de dommages caus\u00e9s \u00e0 des sites arch\u00e9ologiques, \u00e0 des villes historiques, \u00e0 des mosqu\u00e9es, des \u00e9glises et des sanctuaires religieux, \u00e0 des mus\u00e9es et des biblioth\u00e8ques, \u00e0 des centres de manuscrits<a href=\"https:\/\/www.carep-paris.org\/recherche\/etudes_sur_la_palestine\/destruction-du-patrimoine-culturel-a-gaza\/#_edn1\" name=\"_ednref1\"><sup>[1]<\/sup><\/a>, \u00e0 des centres culturels et artistiques, \u00e0 des universit\u00e9s et des institutions acad\u00e9miques. Les photos obtenues t\u00e9moignent de la destruction syst\u00e9matique de cinq mille ans de patrimoine culturel et de sites anciens r\u00e9duits dans de nombreux cas \u00e0 des tas de gravats.<\/p>\n<h6><\/h6>\n<h3><em>Sites arch\u00e9ologiques<\/em><\/h3>\n<p>Le ciblage par Isra\u00ebl d\u2019un grand nombre de sites arch\u00e9ologiques a commenc\u00e9 d\u00e8s le d\u00e9but de la guerre. Le plus notable de ces sites est Tell es-Sakan, au sud de la ville de Gaza, que les arch\u00e9ologues datent de l\u2019\u00e2ge du Bronze ancien (entre 3200 et 2300 av. J.-C.). Des rapports pr\u00e9liminaires indiquent que Tell el-Ajjul, site embl\u00e9matique de l\u2019histoire de Gaza durant l\u2019\u00e2ge du Bronze moyen et tardif (2300-500 av. J.-C.), a \u00e9galement \u00e9t\u00e9 cibl\u00e9, tandis que les sites de Tell el-Mintar et les sanctuaires de Sheikh \u2018Ali el-Mintar et Sheikh Radwan ont subi d\u2019importants d\u00e9g\u00e2ts. Le site d\u2019el-Blakhiyah, qui repr\u00e9sente le port ancien de Gaza, l\u2019Anth\u00e9don, construit pendant la p\u00e9riode gr\u00e9co-romaine et actif jusqu\u2019au XIIe si\u00e8cle, a \u00e9galement \u00e9t\u00e9 cibl\u00e9. Des tirs d\u2019artillerie ont gravement endommag\u00e9 une \u00e9glise de l\u2019\u00e9poque byzantine \u00e0 Jabaliya, avec une probable perte de ses tr\u00e8s riches mosa\u00efques repr\u00e9sentant des figures humaines, des animaux, des plantes et des sc\u00e8nes mythologiques. Le cimeti\u00e8re historique de la ville, o\u00f9 des centaines de tombes datant des p\u00e9riodes romaine et byzantine avaient \u00e9t\u00e9 excav\u00e9es, a \u00e9galement \u00e9t\u00e9 d\u00e9truit. Les mosa\u00efques \u00e0 Abasan al-Kabera, datant de la m\u00eame p\u00e9riode, avaient d\u00e9j\u00e0 \u00e9t\u00e9 d\u00e9truites lors de la guerre de 2014. Le monast\u00e8re Saint-Hilarion, sur le site arch\u00e9ologique de Tell Umm el-\u2018Amr, pr\u00e8s du camp de Nousseirat, a \u00e9t\u00e9 bombard\u00e9, et des indications montrent que le cimeti\u00e8re historique de Deir el-Balah sur la c\u00f4te de la ville a subi d\u2019importants dommages. Ce cimeti\u00e8re, o\u00f9 des fouilles men\u00e9es de 1972 \u00e0 1982 avaient mis au jour des sarcophages anthropo\u00efdes datant du XIIe si\u00e8cle av. J.-C., repr\u00e9sente un site d\u2019importance exceptionnelle.<\/p>\n<h6><\/h6>\n<h3><em>B\u00e2timents historiques et religieux<\/em><\/h3>\n<p>Les sites historiques et religieux ont \u00e9t\u00e9 syst\u00e9matiquement cibl\u00e9s par des frappes a\u00e9riennes et des bombardements en 2023 et au d\u00e9but de l\u2019ann\u00e9e 2024, provoquant des dommages consid\u00e9rables au patrimoine culturel de la ville de Gaza, de Beit Hanoun, de Deir el-Balah, de Khan Youn\u00e8s et de Rafah, patrimoine qui comprenait des b\u00e2timents historiques, des mosqu\u00e9es, des \u00e9coles, des demeures priv\u00e9es, des sanctuaires et des fontaines publiques. Parmi les b\u00e2timents historiques et religieux cibl\u00e9s les plus significatifs et les plus c\u00e9l\u00e8bres se trouvait la grande mosqu\u00e9e Omari, dans le quartier al-Daraj de la ville de Gaza, la plus ancienne et la plus grande mosqu\u00e9e de Gaza. On pense que ce lieu de culte avait \u00e9t\u00e9 construit sur le site du temple romain d\u00e9di\u00e9 au dieu Marnas et de l\u2019\u00e9glise byzantine d\u2019Eudoxie, et remontait aux p\u00e9riodes ayyoubide et mamelouke. Il est particuli\u00e8rement connu pour ses inscriptions mameloukes et ottomanes. D\u2019une superficie de 4\u2009100 m<sup>2<\/sup>, le b\u00e2timent a \u00e9t\u00e9 totalement ras\u00e9.<br \/>\nL\u2019\u00e9glise de Saint-Porphyre, dans le quartier Zaytoun dans la ville de Gaza, a \u00e9galement \u00e9t\u00e9 presque totalement d\u00e9truite. Cette ancienne \u00e9glise comprend le tombeau du saint, \u00e9v\u00eaque de Gaza en 425. Le 19 octobre 2023, l\u2019\u00e9glise a \u00e9t\u00e9 bombard\u00e9e, d\u00e9truisant ses murs et ses sols et entra\u00eenant l\u2019effondrement du b\u00e2timent qui abritait \u00e0 ce moment-l\u00e0 les gardiens de l\u2019\u00e9glise et causant la mort de nombreuses personnes de la r\u00e9gion, des familles enti\u00e8res, qui s\u2019\u00e9taient r\u00e9fugi\u00e9es l\u00e0.<\/p>\n<p>Toutes les mosqu\u00e9es historiques de Gaza ont subi des destructions partielles ou totales. La plus notable d\u2019entre elles est la mosqu\u00e9e Katib el-Wilaya, \u00e9galement situ\u00e9e dans le quartier Zaytoun. La plus ancienne partie du b\u00e2timent date d\u2019environ 1334, de l\u2019\u00e9poque mamelouke. Les parties occidentales de la mosqu\u00e9e ont \u00e9t\u00e9 construites pendant la p\u00e9riode ottomane par Ahmad Bey, le katib wilaya (\u00ab secr\u00e9taire en chef de la province \u00bb), en 1586, et son minaret se dresse \u00e0 c\u00f4t\u00e9 du clocher de l\u2019\u00e9glise de Saint-Porphyre. La mosqu\u00e9e Sayed al-Hashim, l\u2019une des plus belles mosqu\u00e9es historiques du quartier al-Daraj \u00e0 Gaza, a \u00e9galement \u00e9t\u00e9 d\u00e9truite. Construite dans le style ottoman avec une superficie d\u2019environ 2 400 m<sup>2<\/sup>, elle poss\u00e8de une cour ouverte (sahn), entour\u00e9e d\u2019arcades. Sous les arcades du c\u00f4t\u00e9 occidental se trouve une tombe qui serait celle d\u2019Hachim ibn Abd Manaf, grand-p\u00e8re du Proph\u00e8te Mahomet. La mosqu\u00e9e historique Qashqar ainsi que la mosqu\u00e9e Omari \u00e0 Jabaliya, construite \u00e0 l\u2019\u00e9poque mamelouke, ont \u00e9galement \u00e9t\u00e9 d\u00e9truites, tout comme la mosqu\u00e9e de 600 m<sup>2<\/sup>\u00a0de l\u2019\u00e9poque mamelouke, Zafardamri, dans le quartier Shuja\u2019iyya, construite par Shihab al-Din Ahmad Azfir ibn al-Zafadamri en 1360. La mosqu\u00e9e Mahkama, de l\u2019\u00e9poque mamelouke, \u00e9galement \u00e0 Shuja\u2019iyya, avait \u00e9t\u00e9 d\u00e9truite lors de l\u2019attaque de 2014.<\/p>\n<p>Un grand nombre de sanctuaires religieux ont \u00e9galement \u00e9t\u00e9 d\u00e9truits, notamment certains \u00e0 Tell el-Mintar et \u00e0 Sheikh Ijlin, et le maqam (le sanctuaire) de la l\u00e9gendaire figure d\u2019al-Khidr \u00e0 Rafah, qui comprend le tombeau de saint Hilarion. Le sanctuaire de l\u2019\u00e9poque ottomane du proph\u00e8te Yusuf (Joseph), \u00e0 l\u2019est de Jabaliya, avait \u00e9t\u00e9 d\u00e9truit lors de l\u2019attaque de 2014.<br \/>\nDes \u00e9difices publics tels que des \u00e9coles, des demeures, des r\u00e9sidences priv\u00e9es et des bains publics ont \u00e9galement \u00e9t\u00e9 touch\u00e9s. La guerre actuelle est diff\u00e9rente des pr\u00e9c\u00e9dentes dans le sens o\u00f9 elle a syst\u00e9matiquement cibl\u00e9 les centres historiques de la ville de Gaza, de Beit Hanoun et de Khan Youn\u00e8s. Notable \u00e0 cet \u00e9gard est l\u2019exemple de Qasr al-Basha dans la vieille ville de Gaza, un grand palais de deux \u00e9tages datant de l\u2019\u00e9poque mamelouke. Sa d\u00e9coration comprend le rang ou l\u2019embl\u00e8me h\u00e9raldiques du sultan Baybars. Il avait \u00e9t\u00e9 utilis\u00e9 comme r\u00e9sidence des gouverneurs de Gaza \u00e0 l\u2019\u00e9poque mamelouke puis ottomane, p\u00e9riode \u00e0 laquelle il adopte son nom actuel, d\u2019apr\u00e8s la famille Radwan qui le poss\u00e9dait alors. Napol\u00e9on Bonaparte y a s\u00e9journ\u00e9 pendant trois nuits lors de sa campagne contre la Syrie en 1799, et le minist\u00e8re du Tourisme et des Antiquit\u00e9s l\u2019avait restaur\u00e9 il y a peu, et r\u00e9am\u00e9nag\u00e9 en tant que mus\u00e9e.<\/p>\n<p>La madrasa al-Kamiliya dans le quartier Zaytoun, nomm\u00e9e d\u2019apr\u00e8s le sultan ayyoubide al-Kamil qui avait command\u00e9 sa construction en 1237, a \u00e9galement \u00e9t\u00e9 compl\u00e8tement d\u00e9truite. Sur deux \u00e9tages et d\u2019une superficie de 537 m<sup>2<\/sup>\u00a0avec une cour centrale, cette madrasa \u00e9tait utilis\u00e9e pour l\u2019enseignement et pour le logement des \u00e9tudiants pauvres et des voyageurs ; elle a \u00e9t\u00e9 utilis\u00e9e des si\u00e8cles durant, jusqu\u2019en 1930. C\u2019\u00e9tait la derni\u00e8re madrasa restant dans la ville. Sa destruction inclut la d\u00e9molition presque totale de Dar al-Saqqa dans le quartier Shuja\u2019iyya, qui avait \u00e9t\u00e9 construit en 1661 par Ahmad al-Saqqa, un \u00e9minent marchand gazaoui. Ce manoir sur deux \u00e9tages avait une superficie totale d\u2019environ 700 m<sup>2<\/sup>. La famille al-Saqqa l\u2019avait r\u00e9cemment restaur\u00e9 et transform\u00e9 en centre culturel. La maison Tarazi, un b\u00e2timent ottoman distingu\u00e9, a \u00e9galement \u00e9t\u00e9 cibl\u00e9e, et des dommages importants ont \u00e9t\u00e9 inflig\u00e9s \u00e0 la maison \u2018Alami et \u00e0 l\u2019arcade attenante dans le quartier al-Daraj, l\u2019une des anciennes portes de la ville, situ\u00e9e pr\u00e8s de la mosqu\u00e9e Omari et du Qasr al-Basha. Le hammam ottoman al-Samra, r\u00e9cemment restaur\u00e9, a \u00e9galement \u00e9t\u00e9 d\u00e9truit, ainsi que la fontaine publique Rifa\u2018iyya, de l\u2019\u00e9poque ottomane, construite par Bahram ibn Mustafa Pasha en 1568.<br \/>\nL\u2019h\u00f4pital al-Ahli Arabi, dans le quartier Zaytoun, construit en 1882 et exploit\u00e9 par le dioc\u00e8se anglican de J\u00e9rusalem, comprenait treize b\u00e2timents. Il a subi de lourds bombardements le soir du mardi 17 octobre 2023, entra\u00eenant le massacre de quelque 471 civils qui y cherchaient refuge, y compris des patients accompagn\u00e9s de leurs familles.<\/p>\n<h6><\/h6>\n<h3><em>Sites du patrimoine mondial<\/em><\/h3>\n<p>Trois sites arch\u00e9ologiques inscrits sur la liste pr\u00e9liminaire des sites culturels en Palestine sont situ\u00e9s dans la bande de Gaza : el-Blakhiyah, ou Anth\u00e9don, le Tell Umm el-\u2018Amr, ou monast\u00e8re de Saint-Hilarion, et le Wadi Gaza, des zones humides c\u00f4ti\u00e8res class\u00e9es site de patrimoine naturel.<\/p>\n<p>El-Blakhiyah se trouve sur la c\u00f4te au nord-ouest de la ville de Gaza, et \u00e9tait le port de la ville durant la p\u00e9riode gr\u00e9co-romaine. Les sources islamiques l\u2019appellent Tida. Le site est situ\u00e9 \u00e0 un kilom\u00e8tre de l\u2019ancienne ville portuaire, Maiuma. Des fouilles men\u00e9es par des \u00e9quipes conjointes palestiniennes et fran\u00e7aises ont r\u00e9v\u00e9l\u00e9 des traces de cultures n\u00e9o-assyriennes, babyloniennes, perses, hell\u00e9niques, romaines, byzantines et islamiques pr\u00e9coces. Le site a \u00e9galement r\u00e9v\u00e9l\u00e9 les murs de la ville et des quartiers abritant les artisans et la population, dont certains d\u00e9cor\u00e9s de fresques. On a pu observer des mosa\u00efques de sol, des zones de stockage et des structures fortifi\u00e9es. Inscrit sur la liste pr\u00e9liminaire du patrimoine mondial palestinien avant son inclusion sur la liste du patrimoine mondial, el-Blakhiyah a \u00e9t\u00e9 intens\u00e9ment bombard\u00e9 en 2023 et 2024.<\/p>\n<p>Tell Umm el-\u2018Amr, ou monast\u00e8re de Saint-Hilarion, pr\u00e8s du camp de Nousseirat, est connu comme l\u2019historique Tabatha, un site qui appara\u00eet sur la carte de Madaba, la plus ancienne repr\u00e9sentation cartographique de la r\u00e9gion, qui date de la fin du VI<sup>e<\/sup>\u00a0si\u00e8cle. Le site a \u00e9t\u00e9 excav\u00e9 par le d\u00e9partement palestinien des antiquit\u00e9s en collaboration avec une mission arch\u00e9ologique fran\u00e7aise, et les fouilles ont r\u00e9v\u00e9l\u00e9 les restes d\u2019un grand monast\u00e8re datant des p\u00e9riodes byzantine et islamique pr\u00e9coces. Le monast\u00e8re se compose de deux \u00e9glises, d\u2019une zone de bapt\u00eame et d\u2019accueil, en plus d\u2019autres installations, comme des puits, un hammam et un logement pour les p\u00e8lerins. Sur les mosa\u00efques au sol, des inscriptions grecques ont \u00e9t\u00e9 trouv\u00e9es mentionnant saint Hilarion, n\u00e9 \u00e0 Gaza en 291 et mort \u00e0 Chypre en 371. Saint Hilarion \u00e9tait le fondateur du monachisme palestinien, et sa biographie a \u00e9t\u00e9 \u00e9crite par saint J\u00e9r\u00f4me. Sa renomm\u00e9e s\u2019est r\u00e9pandue dans tout le bassin est-m\u00e9diterran\u00e9en\u2009; sa f\u00eate est c\u00e9l\u00e9br\u00e9e \u00e0 Chypre le 21 octobre. Le site a \u00e9t\u00e9 inclus sur une liste pr\u00e9liminaire du patrimoine mondial en 2005 en tant que site culturel. Le monast\u00e8re a \u00e9t\u00e9 officiellement inscrit sur la liste du patrimoine mondial de l\u2019Unesco pendant la 46<sup>e<\/sup>\u00a0session du patrimoine mondial qui s\u2019est tenue \u00e0 New Delhi, en Inde, en juillet 2024.<\/p>\n<p>Le fleuve Wadi Gaza \u00e9merge des collines du d\u00e9sert du Naqab et des hauteurs au sud d\u2019al-Khalil (H\u00e9bron), et court de la ligne d\u2019armistice de 1949 \u00e0 l\u2019est de Gaza jusqu\u2019\u00e0 la c\u00f4te, o\u00f9 il se jette dans la mer. Apr\u00e8s \u00eatre entr\u00e9 \u00e0 Gaza, il mesure sept kilom\u00e8tres de long. Son lit forme l\u2019une des r\u00e9gions humides c\u00f4ti\u00e8res les plus importantes sur le bassin oriental de la mer M\u00e9diterran\u00e9e et est riche en diversit\u00e9 g\u00e9ographique et biologique, y compris en tant qu\u2019\u00e9tape pour les oiseaux migrateurs. En raison de son importance comme habitat naturel, il a \u00e9t\u00e9 inclus dans la liste palestinienne des sites culturels et naturels de valeur mondiale, et class\u00e9 comme r\u00e9serve naturelle qui abrite des esp\u00e8ces menac\u00e9es ou rares. Depuis le d\u00e9but de la derni\u00e8re attaque d\u2019Isra\u00ebl sur Gaza, malgr\u00e9 sa haute valeur environnementale en tant qu\u2019escale pour les oiseaux migrateurs et sa biodiversit\u00e9, ce site a \u00e9t\u00e9 un lieu majeur des op\u00e9rations militaires isra\u00e9liennes.<\/p>\n<p>&nbsp;<\/p>\n<h3><em>Mus\u00e9es et archives arch\u00e9ologiques<\/em><\/h3>\n<p>Au moins douze mus\u00e9es locaux et de nombreuses collections d\u2019antiquit\u00e9s ont \u00e9t\u00e9 syst\u00e9matiquement d\u00e9truits lors de bombardements a\u00e9riens et de bombardements terrestres. Nous avons d\u00e9j\u00e0 \u00e9voqu\u00e9 le Qasr al-Basha. Parmi les pi\u00e8ces qui y \u00e9taient expos\u00e9es se trouvaient des artefacts issus de la plupart des fouilles importantes r\u00e9alis\u00e9es dans la bande de Gaza au cours des deux derni\u00e8res d\u00e9cennies. Des dizaines de milliers d\u2019objets arch\u00e9ologiques se trouvent d\u00e9sormais enfouis sous les d\u00e9combres. Le mus\u00e9e de Deir el-Balah a \u00e9galement \u00e9t\u00e9 d\u00e9truit, et sa collection d\u2019objets arch\u00e9ologiques et de patrimoine ensevelie avec lui ; le mus\u00e9e d\u2019al-Qarara, qui abritait une collection vari\u00e9e d\u2019objets anciens datant de diff\u00e9rentes \u00e9poques historiques, a subi le m\u00eame sort. Des collections priv\u00e9es telles que la collection de Jawdat al-Khoudari \u00e0 Gaza et la collection \u2018Aqqad ont \u00e9galement \u00e9t\u00e9 d\u00e9truites, et de nombreuses autres collections familiales ou priv\u00e9es d\u2019objets anciens ont \u00e9t\u00e9 an\u00e9anties en raison des bombardements intensifs.<br \/>\nLes entrep\u00f4ts appartenant au d\u00e9partement gazaoui des antiquit\u00e9s, qui abritaient des dizaines de milliers d\u2019objets arch\u00e9ologiques, ont \u00e9t\u00e9 perquisitionn\u00e9s et auraient \u00e9t\u00e9 saccag\u00e9s. Ils contenaient le r\u00e9sultat de fouilles arch\u00e9ologiques palestiniennes et internationales encore \u00e0 l\u2019\u00e9tude, des dizaines de milliers de figurines en c\u00e9ramique ou en verre, d\u2019ustensiles en m\u00e9tal et de pi\u00e8ces de monnaie. Les intrusions dans les mus\u00e9es et les magasins constituent pourtant une violation claire de la Convention de La Haye de 1954 pour la protection des biens culturels en cas de conflit arm\u00e9.<br \/>\nDes soldats isra\u00e9liens ont effectu\u00e9 une rafle dans un magasin gazaoui d\u2019antiquit\u00e9s, contenant des artefacts provenants de fouilles palestiniennes et franco-palestiniennes. Des photos et des vid\u00e9os ont ensuite \u00e9t\u00e9 publi\u00e9es sur Instagram par le directeur des autorit\u00e9s isra\u00e9liennes des antiquit\u00e9s, et des photos des objets vol\u00e9s ont \u00e9t\u00e9 expos\u00e9es \u00e0 la Knesset, le parlement isra\u00e9lien.<\/p>\n<p>&nbsp;<\/p>\n<h3><em>Destruction de mosqu\u00e9es et de cimeti\u00e8res<\/em><\/h3>\n<p>Une campagne de destruction syst\u00e9matique a cibl\u00e9 les mosqu\u00e9es gazaouies, avec un acharnement sans pr\u00e9c\u00e9dent dans l\u2019histoire moderne. Un rapport du minist\u00e8re palestinien des Awqaf (dons religieux) dat\u00e9 du 22 janvier 2024 cite la destruction totale ou partielle d\u2019au moins 1 000 mosqu\u00e9es sur un total de 1 200. Les cimeti\u00e8res ont \u00e9galement \u00e9t\u00e9 cibl\u00e9s, par exemple le cimeti\u00e8re baptiste chr\u00e9tien dans la ville de Gaza et le cimeti\u00e8re des soldats du Commonwealth de la Seconde Guerre mondiale, dans le quartier Tuffah, ont subi d\u2019importants dommages, tandis que le cimeti\u00e8re de Beit Hanoun a \u00e9t\u00e9 d\u00e9truit et de grandes sections en ont \u00e9t\u00e9 excav\u00e9es.<\/p>\n<p>&nbsp;<\/p>\n<h3><em>Ciblage des monuments de la ville de Gaza<\/em><\/h3>\n<p>Un rapport de la municipalit\u00e9 de Gaza a conclu que les forces d\u2019occupation ciblaient les principaux monuments culturels de la ville, qui repr\u00e9sentent son identit\u00e9 collective. En plus des b\u00e2timents historiques, des mosqu\u00e9es et des \u00e9glises, les monuments d\u00e9truits incluent le jardin municipal, le monument du soldat inconnu, le centre culturel Rashad Shawa, le jardin al-Katiba, la biblioth\u00e8que publique, le centre p\u00e9dagogique Is\u2018ad al-Tufula, la promenade municipale, les Archives centrales, le centre de restauration de manuscrits ainsi que les universit\u00e9s de la ville, des h\u00f4tels priv\u00e9s, des complexes touristiques, des centres de services et des centres commerciaux et des infrastructures municipales \u2013 routes, stations de traitement des eaux et puits.<\/p>\n<p>&nbsp;<\/p>\n<h2>De la destruction du patrimoine au G\u00e9nocide<\/h2>\n<p>La Convention de 1948 pour la pr\u00e9vention et la r\u00e9pression du g\u00e9nocide a \u00e9t\u00e9 sign\u00e9e \u00e0 la suite des horreurs de la Seconde Guerre mondiale, en grande partie gr\u00e2ce \u00e0 l\u2019avocat juif polonais et r\u00e9fugi\u00e9 Raphael Lemkin. Ce dernier a plaid\u00e9 pour que le terme \u00abg\u00e9nocide\u2009\u00bb soit utilis\u00e9 pour la destruction physique et culturelle d\u2019un groupe national, religieux ou racial, et a ensuite travaill\u00e9 pour codifier cette notion au sein du droit international. Bien que cette d\u00e9finition ait \u00e9t\u00e9 adopt\u00e9e \u00e0 l\u2019unanimit\u00e9 dans une r\u00e9solution de l\u2019assembl\u00e9e g\u00e9n\u00e9rale de l\u2019ONU en 1946, l\u2019\u00e9l\u00e9ment de g\u00e9nocide culturel a \u00e9t\u00e9 retir\u00e9 du texte final du trait\u00e9 en raison des objections des \u00c9tats ayant une histoire imp\u00e9rialiste de d\u00e9cimation des populations autochtones. Par cons\u00e9quent, les actions commises dans l\u2019intention de d\u00e9truire la langue, la religion et la culture d\u2019un groupe humain ne sont pas sp\u00e9cifiquement proscrites par la Convention sur le g\u00e9nocide. Cependant, de nombreux chercheurs estiment aujourd\u2019hui que le r\u00e9sultat vis\u00e9 du g\u00e9nocide culturel est en effet le g\u00e9nocide. Comme l\u2019argumente le sociologue canadien Andrew Woolford, la destruction de l\u2019identit\u00e9 collective des populations autochtones et le vol de leurs terres pour permettre aux colons de les dominer devraient \u00eatre consid\u00e9r\u00e9s comme un g\u00e9nocide, car cela prive le groupe de ses moyens d\u2019exister. Raz Segal, un expert juif am\u00e9ricain de l\u2019Holocauste \u00e0 l\u2019universit\u00e9 de Stockton aux \u00c9tats-Unis, a au sixi\u00e8me jour du conflit d\u00e9crit la guerre actuelle \u00e0 Gaza comme typique des guerres g\u00e9nocidaires visant intentionnellement \u00e0 la destruction d\u2019un groupe humain. Cette intention a \u00e9t\u00e9 clairement exprim\u00e9e dans de nombreuses d\u00e9clarations faites par des dirigeants politiques et militaires isra\u00e9liens et est directement li\u00e9e \u00e0 des op\u00e9rations militaires telles que des bombardements, la destruction des infrastructures, un si\u00e8ge tr\u00e8s strict, des \u00e9victions forc\u00e9es et l\u2019utilisation de la famine pour ensuite \u00ab\u2009justifier la violence au nom de l\u2019Holocauste\u2009\u00bb. Leur objectif est de d\u00e9connecter le conflit de son contexte politique \u2013 une lutte contre l\u2019occupation \u2013, de comparer les victimes palestiniennes aux nazis et \u00e0 Daech et de raviver la notion d\u00e9shumanisante de combat contre la barbarie. Ce dernier point, selon Franz Fanon, \u00e9tait un discours imp\u00e9rialiste privil\u00e9gi\u00e9 et pr\u00e9c\u00e9dait toujours la conduite d\u2019une guerre criminelle. Le ciblage de centres historiques, de sites arch\u00e9ologiques, d\u2019institutions culturelles et de mus\u00e9es est un autre indicateur d\u2019un sch\u00e9ma d\u00e9lib\u00e9r\u00e9 de destruction de l\u2019identit\u00e9 collective d\u2019un groupe humain, tel que d\u00e9fini dans la Convention sur le g\u00e9nocide. John Hocking, membre du tribunal p\u00e9nal international pour l\u2019ex-Yougoslavie, a d\u00e9crit la destruction du patrimoine culturel comme \u00e9quivalente \u00e0 un g\u00e9nocide culturel et a d\u00e9clar\u00e9 que, chaque fois qu\u2019il y avait destruction culturelle, le g\u00e9nocide devait \u00eatre suspect\u00e9.<\/p>\n<p>&nbsp;<\/p>\n<h2>Conclusion<\/h2>\n<p>Les efforts d\u00e9ploy\u00e9s jusqu\u2019\u00e0 pr\u00e9sent pour mettre fin \u00e0 la guerre \u00e0 Gaza ont \u00e9chou\u00e9, et malgr\u00e9 la r\u00e9solution de l\u2019assembl\u00e9e g\u00e9n\u00e9rale de l\u2019ONU et le veto des \u00c9tats-Unis sur toute r\u00e9solution du Conseil de s\u00e9curit\u00e9 des Nations unies visant \u00e0 mettre fin \u00e0 la guerre, l\u2019Afrique du Sud a soumis contre Isra\u00ebl un cas de quatre-vingt-quatre pages \u00e0 la Cour internationale de justice, soutenant que l\u2019\u00c9tat h\u00e9breu avait commis et continuait de commettre un g\u00e9nocide \u00e0 Gaza. La Cour internationale de justice est consid\u00e9r\u00e9e comme la plus haute autorit\u00e9 judiciaire de l\u2019ONU. La demande sud-africaine, soutenue par un grand nombre d\u2019\u00c9tats, repose sur la Convention de 1948 sur le g\u00e9nocide, qui proscrit le crime le plus odieux en droit international. Les 11 et 23 janvier 2024, l\u2019Afrique du Sud a plaid\u00e9 son cas sur la base de preuves objectives et a urgemment demand\u00e9 qu\u2019une d\u00e9cision soit rendue pour stopper les actes de g\u00e9nocide, qu\u2019il s\u2019agisse d\u2019intention ou des cinq actions class\u00e9es comme constituant le g\u00e9nocide. De nombreux experts en droit international estiment que les crimes commis par Isra\u00ebl en Palestine sont une cons\u00e9quence normale de l\u2019impunit\u00e9 accord\u00e9e \u00e0 Isra\u00ebl par l\u2019Occident au cours des soixante-quinze derni\u00e8res ann\u00e9es du conflit isra\u00e9lo-palestinien.<br \/>\nIl est clair que des efforts doivent \u00eatre intensifi\u00e9s pour mettre fin \u00e0 cette guerre et apporter une aide humanitaire ad\u00e9quate. Quel que soit le verdict de la Cour internationale, il ne restaurera pas les vies des victimes ni le patrimoine qui a \u00e9t\u00e9 perdu. Mais faire appliquer la justice et punir les criminels mettra fin \u00e0 la perp\u00e9tuation continue de ces crimes contre l\u2019humanit\u00e9 et emp\u00eachera leur r\u00e9currence. Cet appel s\u2019adresse \u00e0 toutes les institutions, tant locales qu\u2019internationales, impliqu\u00e9es dans la conservation du patrimoine culturel et les exhorte \u00e0 agir avec fermet\u00e9 pour \u00e9valuer les dommages caus\u00e9s et envisager un processus de reconstruction. Le patrimoine palestinien n\u2019appartient pas uniquement \u00e0 la Palestine ; il est indissociable du patrimoine mondial, et sa destruction est une perte pour l\u2019ensemble de l\u2019humanit\u00e9.<\/p>\n<\/div>\n<\/div>\n<\/div>\n<\/div>\n<\/div>\n<\/section>\n<p><strong>Hamdan Taha<\/strong><\/p>\n<hr \/>\n<p><strong>Hamdan Taha :\u00a0<\/strong>Chercheur et auteur sur l\u2019histoire et l\u2019arch\u00e9ologie de la Palestine, ancien directeur g\u00e9n\u00e9ral et vice-ministre du minist\u00e8re du Tourisme et des Antiquit\u00e9s de Palestine (2004-2014), ancien vice-pr\u00e9sident aux affaires acad\u00e9miques et doyen des \u00e9tudes sup\u00e9rieures de l\u2019Universit\u00e9 Al-Istiqlal (2019-2020). Il est actuellement coordinateur du projet d\u2019histoire et de patrimoine de la Palestine.<\/p>\n<section class=\"elementor-section elementor-top-section elementor-element elementor-element-4261a5e0 elementor-section-boxed elementor-section-height-default elementor-section-height-default\" data-id=\"4261a5e0\" data-element_type=\"section\">\n<div class=\"elementor-container elementor-column-gap-default\">\n<div class=\"elementor-column elementor-col-100 elementor-top-column elementor-element elementor-element-645d78ef\" data-id=\"645d78ef\" data-element_type=\"column\">\n<div class=\"elementor-widget-wrap elementor-element-populated\">\n<div class=\"elementor-element elementor-element-47f12ea0 elementor-widget elementor-widget-text-editor\" data-id=\"47f12ea0\" data-element_type=\"widget\" data-widget_type=\"text-editor.default\">\n<div class=\"elementor-widget-container\">Notes :<\/div>\n<\/div>\n<div id=\"p-note\" class=\"elementor-element elementor-element-bd6ec83 elementor-widget elementor-widget-text-editor\" data-id=\"bd6ec83\" data-element_type=\"widget\" data-widget_type=\"text-editor.default\">\n<div class=\"elementor-widget-container\"><a href=\"https:\/\/www.carep-paris.org\/recherche\/etudes_sur_la_palestine\/destruction-du-patrimoine-culturel-a-gaza\/#_ednref1\" name=\"_edn1\">[1]<\/a>\u00a0Les centres de manuscrits sont des installations de services sp\u00e9cialis\u00e9es situ\u00e9es au sein de grandes biblioth\u00e8ques poss\u00e9dant des collections historiques.<\/div>\n<div>.<\/div>\n<\/div>\n<div>Source : https:\/\/www.carep-paris.org\/recherche\/etudes_sur_la_palestine\/destruction-du-patrimoine-culturel-a-gaza\/<\/div>\n<\/div>\n<\/div>\n<\/div>\n<\/section>\n<div data-olk-copy-source=\"MessageBody\">Publication int\u00e9grale cordialement autoris\u00e9e par le CAREP.<\/div>\n<div>.<\/div>\n<div>A LlRE<\/div>\n<div>\u25cfLa prise de position de l\u2019Union des Progressistes Juifs de Belgique (UPJB) sur l\u2019existence d\u2019un g\u00e9nocide par Isra\u00ebl \u00e0 Gaza.<\/div>\n<div><a id=\"OWA58d4bbfa-72a5-c2c8-c897-e07740f9cb1f\" title=\"Prot\u00e9g\u00e9 par Outlook\u00a0: https:\/\/upjb.be\/lupjb-se-joint-a-la-denonciation-du-genocide-commis-par-israel-a-gaza\/. Cliquez ou appuyez pour suivre le lien.\" href=\"https:\/\/emea01.safelinks.protection.outlook.com\/?url=https%3A%2F%2Fupjb.be%2Flupjb-se-joint-a-la-denonciation-du-genocide-commis-par-israel-a-gaza%2F&amp;data=05%7C02%7C%7Cfc4d61a19f9c4c484c4408dd28a7b599%7C84df9e7fe9f640afb435aaaaaaaaaaaa%7C1%7C0%7C638711422956263987%7CUnknown%7CTWFpbGZsb3d8eyJFbXB0eU1hcGkiOnRydWUsIlYiOiIwLjAuMDAwMCIsIlAiOiJXaW4zMiIsIkFOIjoiTWFpbCIsIldUIjoyfQ%3D%3D%7C0%7C%7C%7C&amp;sdata=d75yWhgy%2FEj0XalaLmnCR089gaH87s3aryTHw5AYbBk%3D&amp;reserved=0\" target=\"_blank\" rel=\"noopener noreferrer\" data-auth=\"VerificationFailed\" data-linkindex=\"1\">https:\/\/upjb.be\/lupjb-se-joint-a-la-denonciation-du-genocide-commis-par-israel-a-gaza\/<\/a><\/div>\n<div>.<\/div>\n<div>A LIRE, Les quatre derni\u00e8res chroniques d\u2019Am\u00e9lie David, correspondante d\u2019Alter-Qu\u00e9bec, plateforme altermondialiste, \u00e0 Beyrouth.<\/div>\n<div>\u25cf\u201dLiban : la vie dans les villages du Sud toujours en suspens malgr\u00e9 le cessez le feu\u201d, 12 d\u00e9cembre 2024.<\/div>\n<div>\u25cf\u201dLiban : heureuse\u00a0 \u00a0 tr\u00eave ou doux mirage\u201d, 1 d\u00e9cembre 2024.<\/div>\n<div>\u25cf\u201dJour 414 de la guerre \u2013 Beyrouth de nouveau frapp\u00e9e en plein coeur\u201d, 24 novembre 2024.<\/div>\n<div>\u25cf\u201dJour 407 de la guerre \u2013 Comment raconter la guerre ? L\u2019absence de r\u00e9actions !\u201d, 17 novembre 2024.<\/div>\n<div><a id=\"OWA433595bb-3109-5af5-bc97-ada672325aa2\" title=\"Prot\u00e9g\u00e9 par Outlook\u00a0: https:\/\/alter.quebec\/author\/amelie-perso\/. Cliquez ou appuyez pour suivre le lien.\" href=\"https:\/\/emea01.safelinks.protection.outlook.com\/?url=https%3A%2F%2Falter.quebec%2Fauthor%2Famelie-perso%2F&amp;data=05%7C02%7C%7Cfc4d61a19f9c4c484c4408dd28a7b599%7C84df9e7fe9f640afb435aaaaaaaaaaaa%7C1%7C0%7C638711422956278255%7CUnknown%7CTWFpbGZsb3d8eyJFbXB0eU1hcGkiOnRydWUsIlYiOiIwLjAuMDAwMCIsIlAiOiJXaW4zMiIsIkFOIjoiTWFpbCIsIldUIjoyfQ%3D%3D%7C0%7C%7C%7C&amp;sdata=ZlK19KGChoqRbUQ1iZryeTX7MTnUJuPfWcR1hOMW%2BRc%3D&amp;reserved=0\" target=\"_blank\" rel=\"noopener noreferrer\" data-auth=\"VerificationFailed\" data-linkindex=\"2\">https:\/\/alter.quebec\/author\/amelie-perso\/<\/a><\/div>\n<div>.<\/div>\n<div>Alter-Qu\u00e9bec nous autorise \u00e0 la publication int\u00e9grale de tous ses articles, dont les chroniques \u00e0 Beyrouth d\u2019Am\u00e9lie David, et nous l\u2019en remercions.<\/div>\n<div>Nous ne pouvons les publier toutes int\u00e9gralement mais nous vous les donnons \u00e0 lire via le lien mentionn\u00e9.<\/div>\n<div class=\"addtoany_share_save_container addtoany_content addtoany_content_bottom\">\n<div class=\"a2a_kit a2a_kit_size_24 addtoany_list\" data-a2a-url=\"https:\/\/pour.press\/destruction-du-patrimoine-culturel-a-gaza\/\" data-a2a-title=\"Destruction du patrimoine culturel \u00e0 Gaza\"><a class=\"a2a_button_facebook\" title=\"Facebook\" href=\"https:\/\/pour.press\/#facebook\" target=\"_blank\" rel=\"nofollow noopener\"><span class=\"a2a_label\">Facebook<\/span><\/a><a class=\"a2a_button_twitter\" title=\"Twitter\" href=\"https:\/\/pour.press\/#twitter\" target=\"_blank\" rel=\"nofollow noopener\"><span class=\"a2a_label\">Twitter<\/span><\/a><a class=\"a2a_button_email\" title=\"Email\" href=\"https:\/\/pour.press\/#email\" target=\"_blank\" rel=\"nofollow noopener\"><span class=\"a2a_label\">Email<\/span><\/a><a class=\"a2a_button_print\" title=\"Print\" href=\"https:\/\/pour.press\/#print\" target=\"_blank\" rel=\"nofollow noopener\"><span class=\"a2a_label\">Print<\/span><\/a><a class=\"a2a_dd addtoany_share_save addtoany_share\" href=\"https:\/\/www.addtoany.com\/share#url=https%3A%2F%2Fpour.press%2Fdestruction-du-patrimoine-culturel-a-gaza%2F&amp;title=Destruction%20du%20patrimoine%20culturel%20%C3%A0%20Gaza\"><span class=\"a2a_label a2a_localize\" data-a2a-localize=\"inner,Share\">Partager<\/span><\/a><\/div>\n<\/div>\n<div class=\"media author-info\">\n<div class=\"author-description media-body\">\n<h4 class=\"author-title media-heading\"><span class=\"author-heading\">By<\/span>\u00a0CAREP<\/h4>\n<div class=\"author-bio\">Cr\u00e9\u00e9 au d\u00e9part du constat de chercheurs europ\u00e9ens et arabes que les productions de chercheurs et intellectuels des pays arabes sur leurs propres r\u00e9alit\u00e9s circulaient peu et de ce fait \u00e9taient peu prises en compte, le Centre arabe de recherches et d&rsquo;\u00e9tudes politiques, cr\u00e9\u00e9 en 2019 et situ\u00e9 \u00e0 Paris, est une association ind\u00e9pendante qui vise notamment, parmi ses 3 missions, \u00e0 d\u00e9velopper et faire conna\u00eetre les recherches, \u00e9tudes , analyses et productions produites sur le monde arabe par des chercheurs d&rsquo;origine des pays arabes. En Belgique, le CAREP collabore notamment avec l&rsquo;ULB.<\/p>\n<div class=\"mt-1\"><a class=\"author-link\" href=\"https:\/\/pour.press\/author\/careppour-press\/\" rel=\"author\">View all posts by CAREP<\/a><\/div>\n<\/div>\n<\/div>\n<\/div>\n<\/div>\n<p>&nbsp;<\/p>\n","protected":false},"excerpt":{"rendered":"<p>Publi\u00e9 le\u00a01 janvier 2025 par \u00a0CAREP Depuis le d\u00e9but de la guerre \u00e0 Gaza, le patrimoine culturel palestinien a subi des destructions massives en raison des frappes des forces militaires isra\u00e9liennes ciblant des sites anciens, des b\u00e2timents historiques et religieux, des mus\u00e9es, des institutions culturelles et acad\u00e9miques, des \u00e9difices publics et des infrastructures essentielles. De &#8230; <a title=\"Destruction du patrimoine culturel \u00e0 Gaza\" class=\"read-more\" href=\"https:\/\/bruxelles-pantheres.be\/?p=6102\" aria-label=\"En savoir plus sur Destruction du patrimoine culturel \u00e0 Gaza\">Lire la suite<\/a><\/p>\n","protected":false},"author":1,"featured_media":5777,"comment_status":"open","ping_status":"open","sticky":false,"template":"","format":"standard","meta":{"footnotes":""},"categories":[21,6],"tags":[],"class_list":["post-6102","post","type-post","status-publish","format-standard","has-post-thumbnail","hentry","category-anti-imperialisme","category-palestine-moyen-orient"],"_links":{"self":[{"href":"https:\/\/bruxelles-pantheres.be\/index.php?rest_route=\/wp\/v2\/posts\/6102","targetHints":{"allow":["GET"]}}],"collection":[{"href":"https:\/\/bruxelles-pantheres.be\/index.php?rest_route=\/wp\/v2\/posts"}],"about":[{"href":"https:\/\/bruxelles-pantheres.be\/index.php?rest_route=\/wp\/v2\/types\/post"}],"author":[{"embeddable":true,"href":"https:\/\/bruxelles-pantheres.be\/index.php?rest_route=\/wp\/v2\/users\/1"}],"replies":[{"embeddable":true,"href":"https:\/\/bruxelles-pantheres.be\/index.php?rest_route=%2Fwp%2Fv2%2Fcomments&post=6102"}],"version-history":[{"count":1,"href":"https:\/\/bruxelles-pantheres.be\/index.php?rest_route=\/wp\/v2\/posts\/6102\/revisions"}],"predecessor-version":[{"id":6103,"href":"https:\/\/bruxelles-pantheres.be\/index.php?rest_route=\/wp\/v2\/posts\/6102\/revisions\/6103"}],"wp:featuredmedia":[{"embeddable":true,"href":"https:\/\/bruxelles-pantheres.be\/index.php?rest_route=\/wp\/v2\/media\/5777"}],"wp:attachment":[{"href":"https:\/\/bruxelles-pantheres.be\/index.php?rest_route=%2Fwp%2Fv2%2Fmedia&parent=6102"}],"wp:term":[{"taxonomy":"category","embeddable":true,"href":"https:\/\/bruxelles-pantheres.be\/index.php?rest_route=%2Fwp%2Fv2%2Fcategories&post=6102"},{"taxonomy":"post_tag","embeddable":true,"href":"https:\/\/bruxelles-pantheres.be\/index.php?rest_route=%2Fwp%2Fv2%2Ftags&post=6102"}],"curies":[{"name":"wp","href":"https:\/\/api.w.org\/{rel}","templated":true}]}}