{"id":6125,"date":"2025-01-14T20:58:41","date_gmt":"2025-01-14T19:58:41","guid":{"rendered":"https:\/\/bruxelles-pantheres.be\/?p=6125"},"modified":"2025-01-19T22:23:15","modified_gmt":"2025-01-19T21:23:15","slug":"mouhad-a-raison-jemmerde-la-suprematie-blanche-et-nous-aussi","status":"publish","type":"post","link":"https:\/\/bruxelles-pantheres.be\/?p=6125","title":{"rendered":"Mouhad a raison : \u00ab\u00a0J\u2019emmerde la supr\u00e9matie blanche\u00a0\u00bb. Et nous aussi."},"content":{"rendered":"<p>Face \u00e0 l&rsquo;horreur croissante de la mont\u00e9e de l&rsquo;extr\u00eame droite et de la normalisation des id\u00e9es de supr\u00e9matie blanche dans le discours politique, notamment au sein du #MR, nous, militants antiracistes, affirmons haut et fort notre opposition \u00e0 ces id\u00e9ologies naus\u00e9abondes et dangereuses.<\/p>\n<p>Nous d\u00e9non\u00e7ons vigoureusement la plainte d\u00e9pos\u00e9e par Nadia Geerts contre Mouhad, un militant antiraciste qui n\u2019a fait que proclamer une v\u00e9rit\u00e9 : \u00ab\u00a0J\u2019emmerde la supr\u00e9matie blanche\u00a0\u00bb.<!--more--><\/p>\n<p>La situation d\u00e9crite dans l\u2019article de la <a href=\"https:\/\/www.rtbf.be\/article\/au-mr-l-arrivee-presque-normale-de-candidats-de-l-extreme-droite-11488592?fbclid=IwY2xjawH6SBRleHRuA2FlbQIxMQABHTjFLHtvisYx-g9URalaIRPr2mGxTBzu4WGiXttYdS7ubPMCcpflfEsiVg_aem_rpcJQo7YvUDOen88TRNY3Q\">RTBF concernant l\u2019arriv\u00e9e presque \u00ab\u00a0normale\u00a0\u00bb de candidats d\u2019extr\u00eame droite au MR<\/a> refl\u00e8te une \u00e9volution inqui\u00e9tante dans le paysage politique belge. Dans un contexte o\u00f9 les id\u00e9es de supr\u00e9matie blanche et de haine raciale semblent se propager, nous ne pouvons ignorer la plainte d\u00e9pos\u00e9e contre Mouhad Reghif, membre des Bruxelles Panth\u00e8res, qui d\u00e9fend publiquement l\u2019opposition \u00e0 ces id\u00e9ologies. Ces personnes, qui pr\u00e9tendent d\u00e9fendre des \u00ab\u00a0valeurs\u00a0\u00bb de la soci\u00e9t\u00e9, nous menacent aujourd\u2019hui de poursuites judiciaires pour avoir d\u00e9nonc\u00e9 leur racisme. Mouhad, en affirmant \u00ab\u00a0J&#8217;emmerde tout ce qui est supr\u00e9matie blanche\u00a0\u00bb, lutte contre un syst\u00e8me de pens\u00e9e qui continue de trouver des relais et des soutiens au sein de certaines sph\u00e8res politiques, comme le montre l\u2019\u00e9volution du MR et ses liens avec l\u2019extr\u00eame droite.<\/p>\n<p>Il est paradoxal de constater que ceux qui d\u00e9fendent la supr\u00e9matie blanche et des id\u00e9es racistes menacent de poursuivre en justice ceux qui s\u2019opposent \u00e0 eux. Le contraste entre la normalisation de la pr\u00e9sence de candidats d\u2019extr\u00eame droite et les poursuites judiciaires contre ceux qui s\u2019\u00e9l\u00e8vent contre ces id\u00e9ologies montre l\u2019ampleur du probl\u00e8me.<\/p>\n<p>Comment comprendre que clamer \u00ab\u00a0J\u2019emmerde la supr\u00e9matie blanche\u00a0\u00bb, une d\u00e9claration simple, soit per\u00e7u comme un acte r\u00e9pr\u00e9hensible, alors que d\u00e9fendre la supr\u00e9matie blanche et pr\u00f4ner des id\u00e9ologies racistes serait, eux, prot\u00e9g\u00e9s par la loi ?<\/p>\n<blockquote><p>Pourquoi d\u00e9fendre la justice et d\u00e9noncer la supr\u00e9matie blanche devient-il un d\u00e9lit ?<\/p><\/blockquote>\n<p>Cela met en lumi\u00e8re l\u2019absurdit\u00e9 de la situation : d\u00e9fendre la justice sociale et s\u2019opposer \u00e0 l\u2019injustice raciale semble aujourd\u2019hui \u00eatre consid\u00e9r\u00e9 comme un crime, tandis que la d\u00e9fense de la supr\u00e9matie blanche, elle, serait per\u00e7ue comme une position l\u00e9gitime.<\/p>\n<p>Cette plainte n\u2019est rien d\u2019autre qu\u2019une tentative de museler la r\u00e9sistance \u00e0 l\u2019injustice. Mouhad, en portant haut et fort son rejet de la supr\u00e9matie blanche, incarne cette lutte contre un syst\u00e8me oppressif qui cherche \u00e0 exclure, \u00e0 d\u00e9shumaniser, et \u00e0 \u00e9craser ceux qui ne se conforment pas \u00e0 une vision raciste du monde.<br \/>\nLe proc\u00e8s de Mouhad pourrait bien devenir un moment cl\u00e9 pour clarifier cette question fondamentale : pourquoi la lutte contre le racisme et la supr\u00e9matie blanche est-elle devenue une cible pour la r\u00e9pression politique ?<\/p>\n<blockquote><p>Nous, Arabes et Noirs, n\u2019avons rien \u00e0 perdre, sauf nos cha\u00eenes.<\/p><\/blockquote>\n<p>Nous, antiracistes, ne nous tairons pas face \u00e0 ceux qui veulent perp\u00e9tuer un ordre mondial o\u00f9 certains groupes sont consid\u00e9r\u00e9s comme \u00ab\u00a0sup\u00e9rieurs\u00a0\u00bb \u00e0 d\u2019autres. Nous serons toujours l\u00e0 pour d\u00e9fendre ceux qui osent d\u00e9noncer l\u2019intol\u00e9rable.<\/p>\n<blockquote><p>Mouhad a raison : \u00ab\u00a0J\u2019emmerde la supr\u00e9matie blanche\u00a0\u00bb. Et nous aussi.<\/p><\/blockquote>\n<p>Nous nous opposons fermement \u00e0 la banalisation des id\u00e9es supr\u00e9matiste qui, lentement mais s\u00fbrement, se frayent un chemin dans les institutions politiques, comme l\u2019illustre l\u2019acceptation de plus en plus large des candidats d\u2019extr\u00eame droite au sein du MR.<\/p>\n<p><a href=\"https:\/\/www.facebook.com\/events\/1050927463007473\">Nous appelons \u00e0 un soutien massif aux militants et activistes qui se battent pour l\u2019\u00e9galit\u00e9 et contre le racisme.<\/a><\/p>\n<p>Nous demandons \u00e9galement aux institutions politiques et judiciaires de faire preuve de rigueur et de clart\u00e9 dans ce dossier, afin que la justice soit rendue \u00e9quitablement et que les vraies menaces, celles qui nourrissent le racisme et l\u2019extr\u00e9misme, soient r\u00e9ellement confront\u00e9es.<\/p>\n<pre>Nordine Sa\u00efdi\r\n<a href=\"https:\/\/bruxelles-pantheres.be\/\" target=\"_blank\" rel=\"noopener\">Bruxelles Panth\u00e8res<\/a>\r\n<i>\u00ab\u00a0La libert\u00e9, la justice et l'\u00e9galit\u00e9, par tous les moyens n\u00e9cessaires !\u00a0\u00bb<\/i>\u00a0Malcolm X<i><\/i>\r\n\r\n<a href=\"http:\/\/mcpalestine.canalblog.com\/\" target=\"_blank\" rel=\"noopener\">Mouvement Citoyen Palestine<\/a>\r\n<i>\u00ab L'\u00e9galit\u00e9 ou rien \u00bb\u00a0<\/i>Edward Said<\/pre>\n<blockquote><p><strong>Appel \u00e0 un rassemblement de soutien \u00e0 Mouhad Reghif : Ensemble contre la supr\u00e9matie blanche !<\/strong><\/p><\/blockquote>\n<div class=\"xdj266r x11i5rnm xat24cr x1mh8g0r x1vvkbs\">Communiqu\u00e9 et appel \u00e0 soutien.<\/div>\n<div><\/div>\n<div style=\"text-align: left;\"><a href=\"https:\/\/bruxelles-pantheres.be\/wp-content\/uploads\/2025\/01\/Logo.png\"><img decoding=\"async\" class=\"aligncenter wp-image-6126 size-full\" src=\"https:\/\/bruxelles-pantheres.be\/wp-content\/uploads\/2025\/01\/Logo.png\" alt=\"\" width=\"500\" height=\"500\" srcset=\"https:\/\/bruxelles-pantheres.be\/wp-content\/uploads\/2025\/01\/Logo.png 500w, https:\/\/bruxelles-pantheres.be\/wp-content\/uploads\/2025\/01\/Logo-300x300.png 300w, https:\/\/bruxelles-pantheres.be\/wp-content\/uploads\/2025\/01\/Logo-150x150.png 150w\" sizes=\"(max-width: 500px) 100vw, 500px\" \/><\/a><\/div>\n<div><\/div>\n<div class=\"x11i5rnm xat24cr x1mh8g0r x1vvkbs xtlvy1s\">Camarades, alli\u00e9\u00b7e\u00b7s, et militant\u00b7e\u00b7s,<\/div>\n<div><\/div>\n<div class=\"x11i5rnm xat24cr x1mh8g0r x1vvkbs xtlvy1s\">Bruxelles Panth\u00e8res, organisation antiraciste qui travaille depuis des ann\u00e9es sur le racisme syst\u00e9mique qui gangr\u00e8ne nos soci\u00e9t\u00e9s, est confront\u00e9e \u00e0 une nouvelle plainte.<\/div>\n<div><\/div>\n<div class=\"x11i5rnm xat24cr x1mh8g0r x1vvkbs xtlvy1s\">Une fois de plus, nous ne nous laisserons pas intimider et nous n\u2019abandonnerons pas.<\/div>\n<div class=\"x11i5rnm xat24cr x1mh8g0r x1vvkbs xtlvy1s\">Gr\u00e2ce \u00e0 vous, nous continuerons fi\u00e8rement notre travail politique.<br class=\"html-br\" \/>Nous faisons aujourd\u2019hui appel \u00e0 votre solidarit\u00e9 et \u00e0 votre engagement.<\/div>\n<div><\/div>\n<div class=\"x11i5rnm xat24cr x1mh8g0r x1vvkbs xtlvy1s\">Notre fr\u00e8re Mouhad Reghif, figure embl\u00e9matique du combat antiraciste \u00e0 Bruxelles, est actuellement pris dans les rouages d\u2019une proc\u00e9dure judiciaire qui incarne le racisme d&rsquo;\u00c9tat que nous d\u00e9non\u00e7ons quotidiennement.<\/div>\n<div><\/div>\n<div class=\"x11i5rnm xat24cr x1mh8g0r x1vvkbs xtlvy1s\">Mouhad est poursuivi et risque les assises, rien que \u00e7a, pour avoir proclam\u00e9, sur la plateforme X,<\/div>\n<div class=\"x11i5rnm xat24cr x1mh8g0r x1vvkbs xtlvy1s\">\u00ab\u00a0J&#8217;emmerde tout ce qui est supr\u00e9matie blanche\u00a0\u00bb.<\/div>\n<div class=\"x11i5rnm xat24cr x1mh8g0r x1vvkbs xtlvy1s\"><\/div>\n<div class=\"x11i5rnm xat24cr x1mh8g0r x1vvkbs xtlvy1s\">Il a besoin de notre soutien politique et financier pour assurer sa d\u00e9fense.<\/div>\n<div><\/div>\n<div class=\"x11i5rnm xat24cr x1mh8g0r x1vvkbs xtlvy1s\">Mouhad Reghif se retrouve devant la Cour d\u2019appel de Bruxelles, Chambre des mises en accusation, avec une audience de plaidoirie fix\u00e9e au 29 janvier 2025 (nouvelle date et horaire \u00e0 pr\u00e9ciser), sous la supervision du juge d\u2019instruction DE VISSCHER.<\/div>\n<div><\/div>\n<div class=\"x11i5rnm xat24cr x1mh8g0r x1vvkbs xtlvy1s\">La plaignante et les parties-civiles sont les suivantes :<\/div>\n<div class=\"x11i5rnm xat24cr x1mh8g0r x1vvkbs xtlvy1s\">\u2022 Madame Nadia Geerts<br class=\"html-br\" \/>\u2022 L\u2019Association Centre d\u2019action la\u00efque<br class=\"html-br\" \/>\u2022 Wallonie \u2013 Bruxelles Enseignement<\/div>\n<div><\/div>\n<div class=\"x11i5rnm xat24cr x1mh8g0r x1vvkbs xtlvy1s\">Cette affaire ne concerne pas uniquement Mouhad Reghif, mais tous ceux qui luttent contre les syst\u00e8mes de racisme et d&rsquo;oppression.<\/div>\n<div class=\"x11i5rnm xat24cr x1mh8g0r x1vvkbs xtlvy1s\">En le soutenant, nous d\u00e9non\u00e7ons les in\u00e9galit\u00e9s structurelles et les biais racistes qui impr\u00e8gnent notre soci\u00e9t\u00e9 et notre syst\u00e8me judiciaire.<\/div>\n<div class=\"x11i5rnm xat24cr x1mh8g0r x1vvkbs xtlvy1s\">C&rsquo;est une question de justice, de dignit\u00e9, et de r\u00e9sistance d\u00e9coloniale.<\/div>\n<div><\/div>\n<div class=\"x11i5rnm xat24cr x1mh8g0r x1vvkbs xtlvy1s\">Notre appel \u00e0 l&rsquo;action<\/div>\n<div><\/div>\n<div class=\"x11i5rnm xat24cr x1mh8g0r x1vvkbs xtlvy1s\">La lutte de Mouhad Reghif est la n\u00f4tre. Elle repr\u00e9sente le combat contre un syst\u00e8me raciste et colonial qui marginalise et opprime.<\/div>\n<div class=\"x11i5rnm xat24cr x1mh8g0r x1vvkbs xtlvy1s\">En le soutenant, nous affirmons notre engagement ind\u00e9fectible pour une soci\u00e9t\u00e9 plus juste et \u00e9galitaire.<br class=\"html-br\" \/>Notre solidarit\u00e9 est notre arme la plus puissante.<\/div>\n<div><\/div>\n<div class=\"x11i5rnm xat24cr x1mh8g0r x1vvkbs xtlvy1s\">Les plaignantes ont des moyens, principalement issus de fonds publics, qui leur permettent de se payer les services de co\u00fbteux avocats, dont ceux du cabinet d\u2019un des avocats les plus connus de la place bruxelloises, aujourd\u2019hui poursuivi pour agressions sexuelles.<\/div>\n<div class=\"x11i5rnm xat24cr x1mh8g0r x1vvkbs xtlvy1s\">De notre c\u00f4t\u00e9, nous n\u2019avons d\u2019autre choix que de solliciter des dons pour nous aider \u00e0 couvrir les frais juridiques de la d\u00e9fense de Mouhad, men\u00e9e par l\u2019avocate engag\u00e9e Me Selma Benkhelifa.<\/div>\n<div><\/div>\n<div class=\"x11i5rnm xat24cr x1mh8g0r x1vvkbs xtlvy1s\">Chaque participation compte dans cette bataille pour la justice, aussi modeste soit-elle.<\/div>\n<div><\/div>\n<div class=\"x11i5rnm xat24cr x1mh8g0r x1vvkbs xtlvy1s\">En effet, si l\u2019aspect financier est incontournable, l\u2019aspect politique l\u2019est tout autant.<\/div>\n<div><\/div>\n<div class=\"x11i5rnm xat24cr x1mh8g0r x1vvkbs xtlvy1s\">Nous faire un don c\u2019est aussi envoyer un message \u00e0 ceux qui tentent de nous faire cesser notre lutte contre toutes les dominations en nous intimidant et en nous mena\u00e7ant : l\u2019instrumentalisation de la justice pour \u00e9touffer des voix antiracistes \u00e9chouera, une fois de plus !<\/div>\n<div><\/div>\n<div class=\"x11i5rnm xat24cr x1mh8g0r x1vvkbs xtlvy1s\" style=\"text-align: center;\"><strong>Rejoignez-nous pour un rassemblement devant le palais de justice, sur la place Poelart, \u00e0 Bruxelles, d\u00e8s 13h.<\/strong><\/div>\n<div class=\"x11i5rnm xat24cr x1mh8g0r x1vvkbs xtlvy1s\" style=\"text-align: center;\"><strong>Nous vous attendons nombreuses et nombreux pour soutenir Mouhad avant son audience !<\/strong><\/div>\n<div><\/div>\n<div class=\"x11i5rnm xat24cr x1mh8g0r x1vvkbs xtlvy1s\">Nous disposons de deux m\u00e9thodes pour recevoir vos dons :<\/div>\n<div class=\"x11i5rnm xat24cr x1mh8g0r x1vvkbs xtlvy1s\">PayPal :\u00a0<a class=\"x1i10hfl xjbqb8w x1ejq31n xd10rxx x1sy0etr x17r0tee x972fbf xcfux6l x1qhh985 xm0m39n x9f619 x1ypdohk xt0psk2 xe8uvvx xdj266r x11i5rnm xat24cr x1mh8g0r xexx8yu x4uap5 x18d9i69 xkhd6sd x16tdsg8 x1hl2dhg xggy1nq x1a2a7pz x1sur9pj xkrqix3 x1fey0fg x1s688f\" tabindex=\"0\" role=\"link\" href=\"http:\/\/paypal.me\/bruxellesp?fbclid=IwZXh0bgNhZW0CMTAAAR3YB6mzdEzhr49O7PzCUFXkqf_j_nufnywukMAXDq2AjjLxF1CHgUP-q-s_aem_UUO6voJu3-aJtJSsYmqxnw\" target=\"_blank\" rel=\"nofollow noopener noreferrer\">paypal.me\/bruxellesp<\/a><\/div>\n<div class=\"x11i5rnm xat24cr x1mh8g0r x1vvkbs xtlvy1s\">Compte Bancaire : BE83-2991-1796-0615<br class=\"html-br\" \/>Communication \u00ab Soutien frais de justice \u00bb<br class=\"html-br\" \/>Merci pour votre soutien !<br class=\"html-br\" \/>Avec d\u00e9termination et solidarit\u00e9,<br class=\"html-br\" \/>Salutations antiracistes !<br class=\"html-br\" \/>Bruxelles Panth\u00e8res<br class=\"html-br\" \/>Contact :<br class=\"html-br\" \/>\u2022 Email : bruxelles.pantheres@gmail.com<\/div>\n<p>&nbsp;<\/p>\n","protected":false},"excerpt":{"rendered":"<p>Face \u00e0 l&rsquo;horreur croissante de la mont\u00e9e de l&rsquo;extr\u00eame droite et de la normalisation des id\u00e9es de supr\u00e9matie blanche dans le discours politique, notamment au sein du #MR, nous, militants antiracistes, affirmons haut et fort notre opposition \u00e0 ces id\u00e9ologies naus\u00e9abondes et dangereuses. Nous d\u00e9non\u00e7ons vigoureusement la plainte d\u00e9pos\u00e9e par Nadia Geerts contre Mouhad, un &#8230; <a title=\"Mouhad a raison : \u00ab\u00a0J\u2019emmerde la supr\u00e9matie blanche\u00a0\u00bb. Et nous aussi.\" class=\"read-more\" href=\"https:\/\/bruxelles-pantheres.be\/?p=6125\" aria-label=\"En savoir plus sur Mouhad a raison : \u00ab\u00a0J\u2019emmerde la supr\u00e9matie blanche\u00a0\u00bb. Et nous aussi.\">Lire la suite<\/a><\/p>\n","protected":false},"author":1,"featured_media":6126,"comment_status":"open","ping_status":"open","sticky":false,"template":"","format":"standard","meta":{"footnotes":""},"categories":[21,539,36,537,18,28],"tags":[375,13],"class_list":["post-6125","post","type-post","status-publish","format-standard","has-post-thumbnail","hentry","category-anti-imperialisme","category-belgique","category-europe","category-presse-medias","category-resistance-bruxelles","category-racismes","tag-mouhad-reghif","tag-nordine-saidi"],"_links":{"self":[{"href":"https:\/\/bruxelles-pantheres.be\/index.php?rest_route=\/wp\/v2\/posts\/6125","targetHints":{"allow":["GET"]}}],"collection":[{"href":"https:\/\/bruxelles-pantheres.be\/index.php?rest_route=\/wp\/v2\/posts"}],"about":[{"href":"https:\/\/bruxelles-pantheres.be\/index.php?rest_route=\/wp\/v2\/types\/post"}],"author":[{"embeddable":true,"href":"https:\/\/bruxelles-pantheres.be\/index.php?rest_route=\/wp\/v2\/users\/1"}],"replies":[{"embeddable":true,"href":"https:\/\/bruxelles-pantheres.be\/index.php?rest_route=%2Fwp%2Fv2%2Fcomments&post=6125"}],"version-history":[{"count":4,"href":"https:\/\/bruxelles-pantheres.be\/index.php?rest_route=\/wp\/v2\/posts\/6125\/revisions"}],"predecessor-version":[{"id":6136,"href":"https:\/\/bruxelles-pantheres.be\/index.php?rest_route=\/wp\/v2\/posts\/6125\/revisions\/6136"}],"wp:featuredmedia":[{"embeddable":true,"href":"https:\/\/bruxelles-pantheres.be\/index.php?rest_route=\/wp\/v2\/media\/6126"}],"wp:attachment":[{"href":"https:\/\/bruxelles-pantheres.be\/index.php?rest_route=%2Fwp%2Fv2%2Fmedia&parent=6125"}],"wp:term":[{"taxonomy":"category","embeddable":true,"href":"https:\/\/bruxelles-pantheres.be\/index.php?rest_route=%2Fwp%2Fv2%2Fcategories&post=6125"},{"taxonomy":"post_tag","embeddable":true,"href":"https:\/\/bruxelles-pantheres.be\/index.php?rest_route=%2Fwp%2Fv2%2Ftags&post=6125"}],"curies":[{"name":"wp","href":"https:\/\/api.w.org\/{rel}","templated":true}]}}