{"id":6130,"date":"2025-01-10T22:14:00","date_gmt":"2025-01-10T21:14:00","guid":{"rendered":"https:\/\/bruxelles-pantheres.be\/?p=6130"},"modified":"2025-01-19T22:27:12","modified_gmt":"2025-01-19T21:27:12","slug":"soutien-au-comite-zone-midi-contre-les-violences-policieres","status":"publish","type":"post","link":"https:\/\/bruxelles-pantheres.be\/?p=6130","title":{"rendered":"Soutien au Comit\u00e9 Zone Midi contre les violences polici\u00e8res."},"content":{"rendered":"<p><strong>#R\u00e9pression #Plainte #Police <\/strong><br \/>\n<strong>Soutien au Comit\u00e9 Zone Midi contre les violences polici\u00e8res.<\/strong><\/p>\n<p>Chez Bruxelles Panth\u00e8res, nous savons ce que \u00e7a signifie d\u2019\u00eatre poursuivi pour avoir os\u00e9 d\u00e9noncer l\u2019injustice. L\u2019histoire r\u00e9cente nous rappelle que les tentatives de criminalisation des luttes antiracistes et contre les violences polici\u00e8res ne sont pas des faits isol\u00e9s, mais des strat\u00e9gies syst\u00e9matiques d\u2019intimidation, voire de pers\u00e9cution, pour faire taire celles et ceux qui r\u00e9clament justice et dignit\u00e9.<!--more--><\/p>\n<figure id=\"attachment_3002\" aria-describedby=\"caption-attachment-3002\" style=\"width: 671px\" class=\"wp-caption aligncenter\"><a href=\"https:\/\/bruxelles-pantheres.be\/wp-content\/uploads\/2016\/11\/12167727_967950159929599_832843243_n.jpg\"><img decoding=\"async\" class=\"wp-image-3002 size-full\" src=\"https:\/\/bruxelles-pantheres.be\/wp-content\/uploads\/2016\/11\/12167727_967950159929599_832843243_n.jpg\" alt=\"\" width=\"681\" height=\"960\" srcset=\"https:\/\/bruxelles-pantheres.be\/wp-content\/uploads\/2016\/11\/12167727_967950159929599_832843243_n.jpg 681w, https:\/\/bruxelles-pantheres.be\/wp-content\/uploads\/2016\/11\/12167727_967950159929599_832843243_n-213x300.jpg 213w\" sizes=\"(max-width: 681px) 100vw, 681px\" \/><\/a><figcaption id=\"caption-attachment-3002\" class=\"wp-caption-text\">Contribution de Manu Scordia pour Bruxelles Panth\u00e8res<br \/>http:\/\/manu-scordia.blogspot.com\/<\/figcaption><\/figure>\n<p>Fin 2021, Mouhad Reghif est convoqu\u00e9, interrog\u00e9 par la police f\u00e9d\u00e9rale et inculp\u00e9 suite \u00e0 une plainte contre lui pour avoir \u00e9crit \u00ab j&#8217;emmerde tout ce qui est supr\u00e9matie blanche \u00bb, ce n\u2019est qu\u2019un des nombreux exemples de r\u00e9pression. Un an plus tard, fin 2022, il est convoqu\u00e9 par la brigade \u00ab d\u00e9radicalisation \u00bb de la police de Bruxelles alors qu\u2019aucune plainte n\u2019est cette fois-ci d\u00e9pos\u00e9e contre lui. Lors de son audition de 3 heures, il a d\u00fb r\u00e9pondre \u00e0 112 questions sans queue ni t\u00eate suite \u00e0 des publications sur Facebook, une situation kafka\u00efenne, r\u00e9v\u00e9lant l\u2019acharnement du syst\u00e8me judiciaire sur des propos antiracistes, tandis que les v\u00e9ritables violences restent impunies.<\/p>\n<p>De son c\u00f4t\u00e9, Nordine Saidi a \u00e9t\u00e9 convoqu\u00e9 par la police f\u00e9d\u00e9rale pour des publications d\u00e9non\u00e7ant les violences polici\u00e8res. Ces convocations soulignent une r\u00e9alit\u00e9 absurde et inqui\u00e9tante : il semble n\u00e9cessaire de rappeler aux policiers et aux institutions ce que signifient les termes meurtre, assassinat, racisme, n\u00e9grophobie et supr\u00e9matie blanche \u2014 des r\u00e9alit\u00e9s qu\u2019ils perp\u00e9tuent tout en r\u00e9clamant une d\u00e9finition juridique lorsqu\u2019on les accuse.<\/p>\n<p>Le Comit\u00e9 Zone Midi est aujourd\u2019hui pris pour cible, accus\u00e9 de \u00ab diffamation \u00bb et de \u00ab calomnie \u00bb pour avoir nomm\u00e9 ce qui est \u00e9vident : le racisme institutionnalis\u00e9 au sein de la police. En parlant d\u2019un \u00ab contingent important de policiers n\u00e9onazis \u00bb dans le commissariat de D\u00e9mosth\u00e8ne, le Comit\u00e9 a pos\u00e9 des mots sur des faits largement document\u00e9s par des t\u00e9moignages de policiers eux-m\u00eames, des rapports administratifs, et des enqu\u00eates journalistiques. La plainte d\u00e9pos\u00e9e par le Syndicat national du personnel de police et de s\u00e9curit\u00e9 (SNPS) s\u2019inscrit dans une offensive politique visant \u00e0 \u00e9touffer la critique et \u00e0 intimider les militant\u00b7e\u00b7s, une man\u0153uvre qui rappelle les pires d\u00e9rives autoritaires.<\/p>\n<p>La culture d\u2019impunit\u00e9 qui gangr\u00e8ne la police belge est d\u00e9nonc\u00e9e depuis des ann\u00e9es sans qu\u2019aucune r\u00e9forme s\u00e9rieuse ne soit mise en place. Au contraire, les policiers impliqu\u00e9s dans des actes racistes sont souvent prot\u00e9g\u00e9s, promus ou indemnis\u00e9s, tandis que les d\u00e9nonciateurs subissent harc\u00e8lement et poursuites. Il n\u2019est pas surprenant que cette m\u00eame culture fasse fuir les \u00ab bons policiers \u00bb et transforme la zone Midi en un symbole de la d\u00e9rive s\u00e9curitaire et raciste.<\/p>\n<p><a href=\"https:\/\/bruxelles-pantheres.be\/wp-content\/uploads\/2025\/01\/472760755_509160475527297_5510559446559091107_n.jpg\"><img decoding=\"async\" class=\"wp-image-6138 size-full aligncenter\" src=\"https:\/\/bruxelles-pantheres.be\/wp-content\/uploads\/2025\/01\/472760755_509160475527297_5510559446559091107_n.jpg\" alt=\"\" width=\"1011\" height=\"940\" srcset=\"https:\/\/bruxelles-pantheres.be\/wp-content\/uploads\/2025\/01\/472760755_509160475527297_5510559446559091107_n.jpg 1011w, https:\/\/bruxelles-pantheres.be\/wp-content\/uploads\/2025\/01\/472760755_509160475527297_5510559446559091107_n-300x279.jpg 300w, https:\/\/bruxelles-pantheres.be\/wp-content\/uploads\/2025\/01\/472760755_509160475527297_5510559446559091107_n-768x714.jpg 768w\" sizes=\"(max-width: 1011px) 100vw, 1011px\" \/><\/a><\/p>\n<p>En attaquant le Comit\u00e9 Zone Midi, c\u2019est toute la lutte contre les violences polici\u00e8res et le racisme d\u2019\u00c9tat qui est vis\u00e9e. Cette attaque ne concerne pas seulement un collectif ou une parole isol\u00e9e, mais une volont\u00e9 collective d\u2019imposer le silence \u00e0 celles et ceux qui s\u2019\u00e9l\u00e8vent contre l\u2019oppression.<\/p>\n<p>Nous affirmons notre solidarit\u00e9 sans condition avec le Comit\u00e9 Zone Midi. Nous appelons toutes et tous \u00e0 se mobiliser pour ce combat qui est le n\u00f4tre. Aucune lutte n\u2019est individuelle : lorsque l\u2019\u00c9tat et ses instruments r\u00e9pressifs s\u2019attaquent \u00e0 un.e militant.e, c\u2019est une attaque contre nous tous. La criminalisation des activistes, des familles de victimes et des collectifs antiracistes est une strat\u00e9gie de maintien du statu quo que nous devons refuser ensemble, avec force et d\u00e9termination.<\/p>\n<p>Nous avons un seul adversaire : le racisme d\u2019\u00c9tat, dont la police est l\u2019outil central et essentiel. C\u2019est \u00e0 ce syst\u00e8me que nous nous attaquons. Nous invitons chacun.e \u00e0 manifester son soutien au Comit\u00e9 Zone Midi. Contribuez aux frais de justice, participez aux \u00e9v\u00e9nements \u00e0 venir, faites entendre votre voix sur les r\u00e9seaux sociaux et dans la rue. Ensemble, nous transformerons la r\u00e9pression en r\u00e9sistance et la criminalisation en une exigence renouvel\u00e9e de justice et de dignit\u00e9.<\/p>\n<blockquote><p>S\u2019attaquer \u00e0 l\u2019un\u00b7e d\u2019entre nous, c\u2019est s\u2019attaquer \u00e0 nous toutes et tous.<\/p><\/blockquote>\n<p>Bruxelles Panth\u00e8res<\/p>\n","protected":false},"excerpt":{"rendered":"<p>#R\u00e9pression #Plainte #Police Soutien au Comit\u00e9 Zone Midi contre les violences polici\u00e8res. Chez Bruxelles Panth\u00e8res, nous savons ce que \u00e7a signifie d\u2019\u00eatre poursuivi pour avoir os\u00e9 d\u00e9noncer l\u2019injustice. L\u2019histoire r\u00e9cente nous rappelle que les tentatives de criminalisation des luttes antiracistes et contre les violences polici\u00e8res ne sont pas des faits isol\u00e9s, mais des strat\u00e9gies syst\u00e9matiques &#8230; <a title=\"Soutien au Comit\u00e9 Zone Midi contre les violences polici\u00e8res.\" class=\"read-more\" href=\"https:\/\/bruxelles-pantheres.be\/?p=6130\" aria-label=\"En savoir plus sur Soutien au Comit\u00e9 Zone Midi contre les violences polici\u00e8res.\">Lire la suite<\/a><\/p>\n","protected":false},"author":1,"featured_media":5340,"comment_status":"open","ping_status":"open","sticky":false,"template":"","format":"standard","meta":{"footnotes":""},"categories":[539,28,5],"tags":[54],"class_list":["post-6130","post","type-post","status-publish","format-standard","has-post-thumbnail","hentry","category-belgique","category-racismes","category-violence-policiere","tag-police"],"_links":{"self":[{"href":"https:\/\/bruxelles-pantheres.be\/index.php?rest_route=\/wp\/v2\/posts\/6130","targetHints":{"allow":["GET"]}}],"collection":[{"href":"https:\/\/bruxelles-pantheres.be\/index.php?rest_route=\/wp\/v2\/posts"}],"about":[{"href":"https:\/\/bruxelles-pantheres.be\/index.php?rest_route=\/wp\/v2\/types\/post"}],"author":[{"embeddable":true,"href":"https:\/\/bruxelles-pantheres.be\/index.php?rest_route=\/wp\/v2\/users\/1"}],"replies":[{"embeddable":true,"href":"https:\/\/bruxelles-pantheres.be\/index.php?rest_route=%2Fwp%2Fv2%2Fcomments&post=6130"}],"version-history":[{"count":2,"href":"https:\/\/bruxelles-pantheres.be\/index.php?rest_route=\/wp\/v2\/posts\/6130\/revisions"}],"predecessor-version":[{"id":6139,"href":"https:\/\/bruxelles-pantheres.be\/index.php?rest_route=\/wp\/v2\/posts\/6130\/revisions\/6139"}],"wp:featuredmedia":[{"embeddable":true,"href":"https:\/\/bruxelles-pantheres.be\/index.php?rest_route=\/wp\/v2\/media\/5340"}],"wp:attachment":[{"href":"https:\/\/bruxelles-pantheres.be\/index.php?rest_route=%2Fwp%2Fv2%2Fmedia&parent=6130"}],"wp:term":[{"taxonomy":"category","embeddable":true,"href":"https:\/\/bruxelles-pantheres.be\/index.php?rest_route=%2Fwp%2Fv2%2Fcategories&post=6130"},{"taxonomy":"post_tag","embeddable":true,"href":"https:\/\/bruxelles-pantheres.be\/index.php?rest_route=%2Fwp%2Fv2%2Ftags&post=6130"}],"curies":[{"name":"wp","href":"https:\/\/api.w.org\/{rel}","templated":true}]}}