{"id":6140,"date":"2025-01-08T08:49:15","date_gmt":"2025-01-08T07:49:15","guid":{"rendered":"https:\/\/bruxelles-pantheres.be\/?p=6140"},"modified":"2025-01-19T22:32:54","modified_gmt":"2025-01-19T21:32:54","slug":"pour-la-fin-du-racisme-detat-et-de-la-police","status":"publish","type":"post","link":"https:\/\/bruxelles-pantheres.be\/?p=6140","title":{"rendered":"Pour la fin du racisme d&rsquo;\u00c9tat et de la police."},"content":{"rendered":"<div class=\"xdj266r x11i5rnm xat24cr x1mh8g0r x1vvkbs x126k92a\">\n<div dir=\"auto\">\n<h5 class=\"fusion-post-title fusion-responsive-typography-calculated\" style=\"text-align: right;\" data-fontsize=\"28\" data-lineheight=\"56px\"><a href=\"https:\/\/www.liguedh.be\/profilage-ethnique-et-utilisation-de-la-nasse-deux-des-grands-enjeux-du-proces-des-abus-policiers-qui-ont-marque-la-manifestation-du-24-janvier-2021-2\/?fbclid=IwY2xjawH6TctleHRuA2FlbQIxMQABHaoeWE4rM0UiXAi_GLw0aUzNDmDpqgUg8_fFbTZlHDpN4fFcSBij0p_jPw_aem_A7J7_Al_oMyYbNW26r-0Zw\">Profilage ethnique et utilisation de la nasse : deux des grands enjeux du proc\u00e8s des abus policiers qui ont marqu\u00e9 la manifestation du 24 janvier 2021<\/a><\/h5>\n<div class=\"post-content\">\n<h5 style=\"text-align: right;\"><strong>Bruxelles, le 8 janvier 2025<\/strong><\/h5>\n<h5 style=\"text-align: right;\"><a href=\"https:\/\/www.liguedh.be\/profilage-ethnique-et-utilisation-de-la-nasse-deux-des-grands-enjeux-du-proces-des-abus-policiers-qui-ont-marque-la-manifestation-du-24-janvier-2021-2\/?fbclid=IwY2xjawH6TctleHRuA2FlbQIxMQABHaoeWE4rM0UiXAi_GLw0aUzNDmDpqgUg8_fFbTZlHDpN4fFcSBij0p_jPw_aem_A7J7_Al_oMyYbNW26r-0Zw\"><strong>Quatre ans apr\u00e8s la manifestation \u00ab contre la justice de classe et raciste \u00bb du 24 janvier 2021 au Mont des Arts, l\u2019affaire sera plaid\u00e9e devant le tribunal de premi\u00e8re instance de Bruxelles (ces 9 et 10 janvier 2025). Avec la Ligue des droits humains, 11 jeunes ont assign\u00e9 en justice l\u2019\u00c9tat belge, la zone de police Bruxelles-Capitale Ixelles et le bourgmestre de la ville de Bruxelles pour les abus policiers dont iels ont \u00e9t\u00e9 victimes en marge de la manifestation.<\/strong><\/a><\/h5>\n<\/div>\n<\/div>\n<div dir=\"auto\">En cette date cruciale, nous sommes aux c\u00f4t\u00e9s des victimes, des activistes, et de toutes celles et ceux qui luttent pour l\u2019\u00e9galit\u00e9 et la fin de l\u2019impunit\u00e9. Leur combat est notre combat.<\/div>\n<div dir=\"auto\"><\/div>\n<\/div>\n<div class=\"x11i5rnm xat24cr x1mh8g0r x1vvkbs xtlvy1s x126k92a\">\n<div dir=\"auto\">La police, bras arm\u00e9 de l\u2019\u00c9tat, est la pierre angulaire d\u2019un syst\u00e8me raciste qui opprime, discrimine et tue. On nous dit que le racisme de la police est \u00ab difficile \u00e0 prouver \u00bb, mais c\u2019est une blague. C\u2019est un mensonge pour masquer l\u2019\u00e9vidence : ce racisme est encr\u00e9e dans l\u2019ADN m\u00eame des institutions, dans leur formation, leur culture et leur fonction. Il est syst\u00e9mique, normal, accept\u00e9 et invisibilis\u00e9 par ceux qui en b\u00e9n\u00e9ficient.<\/div>\n<div dir=\"auto\"><\/div>\n<\/div>\n<p><!--more--><\/p>\n<div class=\"x11i5rnm xat24cr x1mh8g0r x1vvkbs xtlvy1s x126k92a\">\n<div dir=\"auto\">Le racisme des flics n\u2019est pas un accident isol\u00e9 ou un pr\u00e9jug\u00e9 individuel. C\u2019est un r\u00e9flexe institutionnel, une reproduction de rapports de domination raciale enracin\u00e9s dans un pass\u00e9 colonial. La police n\u2019est pas neutre. Elle est un outil qui assure l\u2019ordre social, qui prot\u00e8ge ceux qui dominent, qui r\u00e9prime les populations racialis\u00e9es. Ce racisme n&rsquo;est ni circonstanciel ni excusable, il est l\u2019expression de la domination dans sa forme la plus brutale.<\/div>\n<div dir=\"auto\"><\/div>\n<\/div>\n<div class=\"x11i5rnm xat24cr x1mh8g0r x1vvkbs xtlvy1s x126k92a\">\n<div dir=\"auto\">Le racisme n\u2019est pas un r\u00e9flexe biologique, c\u2019est une construction culturelle. Ce n\u2019est pas un hasard si la police r\u00e9prime plus violemment les Arabes et les Noirs. Quand un policier fait sa ronde dans un quartier populaire, ce n\u2019est pas juste un agent de l\u2019\u00c9tat qu\u2019il incarne, mais un h\u00e9ritier d\u2019une logique d\u2019oppression. Cette hi\u00e9rarchie raciale qu\u2019il perp\u00e9tue est invisible pour lui, mais elle est bien r\u00e9elle. C\u2019est la r\u00e9alit\u00e9 quotidienne des populations Noirs et Arabes.<\/div>\n<\/div>\n<div class=\"x11i5rnm xat24cr x1mh8g0r x1vvkbs xtlvy1s x126k92a\">\n<div dir=\"auto\"><\/div>\n<div dir=\"auto\"><a href=\"https:\/\/www.liguedh.be\/profilage-ethnique-et-utilisation-de-la-nasse-deux-des-grands-enjeux-du-proces-des-abus-policiers-qui-ont-marque-la-manifestation-du-24-janvier-2021-2\/?fbclid=IwY2xjawH6TctleHRuA2FlbQIxMQABHaoeWE4rM0UiXAi_GLw0aUzNDmDpqgUg8_fFbTZlHDpN4fFcSBij0p_jPw_aem_A7J7_Al_oMyYbNW26r-0Zw\">Dire qu\u2019il est \u00ab difficile \u00e0 prouver \u00bb sert \u00e0 prot\u00e9ger un syst\u00e8me raciste qui n\u2019a jamais cess\u00e9 de l\u2019\u00eatre. La police, la LDH, et toutes ces institutions pr\u00e9tendent ne pas voir ce racisme, car l\u2019admettre briserait leur l\u00e9gitimit\u00e9.<\/a> Mais cette absence de preuves visibles est le fruit d\u2019une volont\u00e9 de cacher un syst\u00e8me raciste, pas de son absence. La violence polici\u00e8re, les contr\u00f4les au faci\u00e8s, tout cela fait partie d\u2019un m\u00e9canisme de r\u00e9pression syst\u00e9matique qui touche des milliers de personnes racialis\u00e9es au quotidien.<\/div>\n<div dir=\"auto\"><\/div>\n<\/div>\n<div class=\"x11i5rnm xat24cr x1mh8g0r x1vvkbs xtlvy1s x126k92a\">\n<div dir=\"auto\">La police ne nous prot\u00e8ge pas, elle nous opprime. Elle n\u2019est pas un garant de la justice, mais un bras arm\u00e9 d\u2019un syst\u00e8me raciste et in\u00e9galitaire. Ce syst\u00e8me doit \u00eatre abattu. Le racisme au sein des forces de l&rsquo;ordre n\u2019est pas un accident, c\u2019est la norme. Il est temps d&rsquo;en finir avec cette institution, d\u2019exiger sa dissolution et de construire une soci\u00e9t\u00e9 v\u00e9ritablement \u00e9galitaire, sans racisme d\u2019\u00c9tat, sans oppression.<\/div>\n<div dir=\"auto\"><\/div>\n<\/div>\n<div class=\"x11i5rnm xat24cr x1mh8g0r x1vvkbs xtlvy1s x126k92a\">\n<blockquote>\n<div dir=\"auto\">Pour la fin du racisme d&rsquo;\u00c9tat et de la police.<\/div>\n<\/blockquote>\n<pre dir=\"auto\"><b>Nordine Sa\u00efdi\r\n<a href=\"https:\/\/bruxelles-pantheres.be\/\" target=\"_blank\" rel=\"noopener\">Bruxelles Panth\u00e8res<\/a><\/b>\r\n<i>\u00ab\u00a0La libert\u00e9, la justice et l'\u00e9galit\u00e9, par tous les moyens n\u00e9cessaires !\u00a0\u00bb<\/i>\u00a0Malcolm X<i><b>\r\n\r\n<a href=\"http:\/\/mcpalestine.canalblog.com\/\" target=\"_blank\" rel=\"noopener\">Mouvement Citoyen Palestine<\/a><\/b><\/i>\r\n<i>\u00ab L'\u00e9galit\u00e9 ou rien \u00bb\u00a0<\/i>Edward Said<\/pre>\n<\/div>\n","protected":false},"excerpt":{"rendered":"<p>Profilage ethnique et utilisation de la nasse : deux des grands enjeux du proc\u00e8s des abus policiers qui ont marqu\u00e9 la manifestation du 24 janvier 2021 Bruxelles, le 8 janvier 2025 Quatre ans apr\u00e8s la manifestation \u00ab contre la justice de classe et raciste \u00bb du 24 janvier 2021 au Mont des Arts, l\u2019affaire sera &#8230; <a title=\"Pour la fin du racisme d&rsquo;\u00c9tat et de la police.\" class=\"read-more\" href=\"https:\/\/bruxelles-pantheres.be\/?p=6140\" aria-label=\"En savoir plus sur Pour la fin du racisme d&rsquo;\u00c9tat et de la police.\">Lire la suite<\/a><\/p>\n","protected":false},"author":1,"featured_media":460,"comment_status":"open","ping_status":"open","sticky":false,"template":"","format":"standard","meta":{"footnotes":""},"categories":[539,28,5],"tags":[31,54],"class_list":["post-6140","post","type-post","status-publish","format-standard","has-post-thumbnail","hentry","category-belgique","category-racismes","category-violence-policiere","tag-belgique","tag-police"],"_links":{"self":[{"href":"https:\/\/bruxelles-pantheres.be\/index.php?rest_route=\/wp\/v2\/posts\/6140","targetHints":{"allow":["GET"]}}],"collection":[{"href":"https:\/\/bruxelles-pantheres.be\/index.php?rest_route=\/wp\/v2\/posts"}],"about":[{"href":"https:\/\/bruxelles-pantheres.be\/index.php?rest_route=\/wp\/v2\/types\/post"}],"author":[{"embeddable":true,"href":"https:\/\/bruxelles-pantheres.be\/index.php?rest_route=\/wp\/v2\/users\/1"}],"replies":[{"embeddable":true,"href":"https:\/\/bruxelles-pantheres.be\/index.php?rest_route=%2Fwp%2Fv2%2Fcomments&post=6140"}],"version-history":[{"count":3,"href":"https:\/\/bruxelles-pantheres.be\/index.php?rest_route=\/wp\/v2\/posts\/6140\/revisions"}],"predecessor-version":[{"id":6143,"href":"https:\/\/bruxelles-pantheres.be\/index.php?rest_route=\/wp\/v2\/posts\/6140\/revisions\/6143"}],"wp:featuredmedia":[{"embeddable":true,"href":"https:\/\/bruxelles-pantheres.be\/index.php?rest_route=\/wp\/v2\/media\/460"}],"wp:attachment":[{"href":"https:\/\/bruxelles-pantheres.be\/index.php?rest_route=%2Fwp%2Fv2%2Fmedia&parent=6140"}],"wp:term":[{"taxonomy":"category","embeddable":true,"href":"https:\/\/bruxelles-pantheres.be\/index.php?rest_route=%2Fwp%2Fv2%2Fcategories&post=6140"},{"taxonomy":"post_tag","embeddable":true,"href":"https:\/\/bruxelles-pantheres.be\/index.php?rest_route=%2Fwp%2Fv2%2Ftags&post=6140"}],"curies":[{"name":"wp","href":"https:\/\/api.w.org\/{rel}","templated":true}]}}