{"id":6144,"date":"2025-01-01T22:00:13","date_gmt":"2025-01-01T21:00:13","guid":{"rendered":"https:\/\/bruxelles-pantheres.be\/?p=6144"},"modified":"2025-01-19T23:02:00","modified_gmt":"2025-01-19T22:02:00","slug":"les-premiers-bilans-de-la-nuit-du-nouvel-an-a-anderlecht-mettent-en-lumiere-linefficacite-flagrante-de-lordonnance-du-bourgmestre-fabrice-cumps","status":"publish","type":"post","link":"https:\/\/bruxelles-pantheres.be\/?p=6144","title":{"rendered":"Les premiers bilans de la nuit du Nouvel An \u00e0 Anderlecht mettent en lumi\u00e8re l\u2019inefficacit\u00e9 flagrante de l\u2019ordonnance du Bourgmestre Fabrice Cumps"},"content":{"rendered":"<div class=\"xdj266r x11i5rnm xat24cr x1mh8g0r x1vvkbs x126k92a\">\n<div dir=\"auto\">Les premiers bilans de la nuit du Nouvel An \u00e0 Anderlecht mettent en lumi\u00e8re l\u2019inefficacit\u00e9 flagrante de l\u2019ordonnance du Bourgmestre Fabrice Cumps interdisant aux jeunes de moins de 16 ans de circuler sans accompagnement parental. <a href=\"https:\/\/www.lesoir.be\/645640\/article\/2025-01-01\/couvre-feu-anderlecht-aucune-arrestation-mais-une-ordonnance-utile-sur-le-plan?utm_source=a_la_une&amp;utm_medium=newsletter_le_soir&amp;utm_campaign=a_la_une_01012025&amp;utm_term=couvre-feu-anderlecht-aucune-arrestation-mais-une-ordonnance-utile-sur-le-plan&amp;utm_content=Article2&amp;m_i=QtSCtGiKKN1O3H0kQunl71dQJ37zsaiM_5Hev6DfexmtDr5zSuLlM9EbFBcqpSxo2n_LUL1nVNLBiBI%2B3dMyXDBZcnFwjlQQQe&amp;M_BT=432589046655&amp;fbclid=IwY2xjawH6T81leHRuA2FlbQIxMQABHcchO3gQHD7lHRTSwxmwZx3J1teNbfKl53cXQDL8cZJiapsG0Y8pAfbAiQ_aem_MYXAypJEmt_uLGorS0XLXw\">Si aucune arrestation n\u2019a \u00e9t\u00e9 effectu\u00e9e, le Bourgmestre qualifie pourtant la mesure d\u2019\u00ab utile sur le plan symbolique \u00bb.<\/a><\/div>\n<div dir=\"auto\"><\/div>\n<\/div>\n<p><!--more--><\/p>\n<div class=\"x11i5rnm xat24cr x1mh8g0r x1vvkbs xtlvy1s x126k92a\">\n<blockquote>\n<div dir=\"auto\">Mais \u00e0 quel prix peut-on justifier une telle utilit\u00e9 ?<\/div>\n<\/blockquote>\n<div dir=\"auto\"><\/div>\n<\/div>\n<div class=\"x11i5rnm xat24cr x1mh8g0r x1vvkbs xtlvy1s x126k92a\">\n<div dir=\"auto\">Cette ordonnance, d\u00e9nonc\u00e9e par l\u2019auditeur du Conseil d\u2019\u00c9tat comme ill\u00e9gale, discriminatoire et contraire \u00e0 la Convention relative aux droits de l\u2019enfant, renforce l\u2019id\u00e9e dangereuse qu\u2019il est acceptable de bafouer des droits fondamentaux pour des r\u00e9sultats symboliques. En r\u00e9alit\u00e9, elle constitue une stigmatisation cibl\u00e9e des jeunes des quartiers populaires, en particulier Noirs et Arabes, et un \u00e9cran de fum\u00e9e pour masquer des politiques incapables d\u2019aborder les probl\u00e8mes structurels de notre commune.<\/div>\n<blockquote>\n<div dir=\"auto\"><\/div>\n<\/blockquote>\n<\/div>\n<div class=\"x11i5rnm xat24cr x1mh8g0r x1vvkbs xtlvy1s x126k92a\">\n<blockquote>\n<div dir=\"auto\">Un d\u00e9ni des droits fondamentaux.<\/div>\n<\/blockquote>\n<div dir=\"auto\"><\/div>\n<div dir=\"auto\">Dire qu\u2019une ordonnance ill\u00e9gale et discriminatoire avait une \u00ab utilit\u00e9 symbolique \u00bb ne peut en aucun cas justifier son existence. Laisser passer une telle mesure, m\u00eame sans arrestation, \u00e9tablit un pr\u00e9c\u00e9dent dangereux, o\u00f9 des politiques r\u00e9pressives peuvent \u00eatre maintenues malgr\u00e9 leur non-conformit\u00e9 avec les droits fondamentaux.<\/div>\n<div dir=\"auto\"><\/div>\n<\/div>\n<div class=\"x11i5rnm xat24cr x1mh8g0r x1vvkbs xtlvy1s x126k92a\">\n<div dir=\"auto\">Cette ordonnance constitue une triple violation :<\/div>\n<div dir=\"auto\"><\/div>\n<\/div>\n<div class=\"x11i5rnm xat24cr x1mh8g0r x1vvkbs xtlvy1s x126k92a\">\n<blockquote>\n<div dir=\"auto\">&#8211; Le droit \u00e0 la libert\u00e9 de circulation, garanti par la Constitution belge et les trait\u00e9s internationaux.<\/div>\n<div dir=\"auto\">&#8211; Le droit \u00e0 la non-discrimination, en ciblant indirectement les jeunes issus de quartiers populaires et racialis\u00e9s.<\/div>\n<div dir=\"auto\">&#8211; Le droit des enfants, prot\u00e9g\u00e9 par la Convention internationale relative aux droits de l\u2019enfant, qui exige que toute d\u00e9cision les concernant priorise leur int\u00e9r\u00eat sup\u00e9rieur.<\/div>\n<\/blockquote>\n<div dir=\"auto\"><\/div>\n<\/div>\n<div class=\"x11i5rnm xat24cr x1mh8g0r x1vvkbs xtlvy1s x126k92a\">\n<div dir=\"auto\">Qualifier une telle mesure d\u2019\u00ab \u00e9ducative \u00bb rel\u00e8ve d\u2019une ironie cynique. C\u2019est le recours citoyen, et non l\u2019ordonnance, qui a donn\u00e9 une port\u00e9e \u00e9ducative \u00e0 cette affaire en exposant publiquement les dangers d\u2019une application arbitraire des politiques publiques.<\/div>\n<\/div>\n<div class=\"x11i5rnm xat24cr x1mh8g0r x1vvkbs xtlvy1s x126k92a\">\n<div dir=\"auto\">Le r\u00f4le pr\u00e9ventif du recours au Conseil d\u2019\u00c9tat.<\/div>\n<div dir=\"auto\"><\/div>\n<div dir=\"auto\">Le recours au Conseil d\u2019\u00c9tat, bien que n\u2019ayant pas abouti \u00e0 une suspension, a n\u00e9anmoins jou\u00e9 un r\u00f4le pr\u00e9ventif crucial. L\u2019avis de l\u2019auditeur, qualifiant l\u2019ordonnance d\u2019ill\u00e9gale et contraire \u00e0 la Convention relative aux droits de l\u2019enfant, a limit\u00e9 son application en emp\u00eachant des abus potentiels.<\/div>\n<\/div>\n<div class=\"x11i5rnm xat24cr x1mh8g0r x1vvkbs xtlvy1s x126k92a\">\n<div dir=\"auto\">Sans cet avis, il est fort probable que des arrestations massives auraient eu lieu, ciblant des jeunes pr\u00e9sents dans l\u2019espace public sans autre justification. Cette vigilance citoyenne a permis de limiter les d\u00e9g\u00e2ts et de rappeler l\u2019importance de prot\u00e9ger les droits fondamentaux des plus vuln\u00e9rables.<\/div>\n<div dir=\"auto\"><\/div>\n<\/div>\n<div class=\"x11i5rnm xat24cr x1mh8g0r x1vvkbs xtlvy1s x126k92a\">\n<blockquote>\n<div dir=\"auto\">Un pr\u00e9c\u00e9dent inqui\u00e9tant pour l\u2019avenir.<\/div>\n<\/blockquote>\n<div dir=\"auto\"><\/div>\n<div dir=\"auto\">La d\u00e9claration du Bourgmestre, indiquant qu\u2019il pourrait renouveler une mesure similaire en 2025 apr\u00e8s avoir ajust\u00e9 la proc\u00e9dure, suscite de vives inqui\u00e9tudes. Maintenir une ordonnance ill\u00e9gale sous pr\u00e9texte d\u2019une \u00ab utilit\u00e9 symbolique \u00bb ouvre la porte \u00e0 une normalisation des violations des droits fondamentaux.<\/div>\n<\/div>\n<div class=\"x11i5rnm xat24cr x1mh8g0r x1vvkbs xtlvy1s x126k92a\">\n<div dir=\"auto\">Le fait que cette mesure puisse servir de mod\u00e8le \u00e0 d\u2019autres communes est particuli\u00e8rement alarmant. Cela menace encore davantage les libert\u00e9s fondamentales et les droits des enfants.<\/div>\n<div dir=\"auto\"><\/div>\n<\/div>\n<div class=\"x11i5rnm xat24cr x1mh8g0r x1vvkbs xtlvy1s x126k92a\">\n<blockquote>\n<div dir=\"auto\">Un appel \u00e0 la responsabilit\u00e9 politique.<\/div>\n<\/blockquote>\n<div dir=\"auto\"><\/div>\n<div dir=\"auto\">Anderlecht, avec un tiers de sa population \u00e2g\u00e9e de moins de 18 ans, doit devenir un mod\u00e8le en mati\u00e8re de politiques de jeunesse, et non un laboratoire pour des exp\u00e9rimentations r\u00e9pressives.<\/div>\n<div dir=\"auto\"><\/div>\n<\/div>\n<div class=\"x11i5rnm xat24cr x1mh8g0r x1vvkbs xtlvy1s x126k92a\">\n<div dir=\"auto\">Nous appelons le Bourgmestre et le Conseil Communal \u00e0 :<\/div>\n<div dir=\"auto\"><\/div>\n<\/div>\n<div class=\"x11i5rnm xat24cr x1mh8g0r x1vvkbs xtlvy1s x126k92a\">\n<blockquote>\n<div dir=\"auto\">Respecter strictement les droits fondamentaux dans toutes leurs d\u00e9cisions.<\/div>\n<div dir=\"auto\">Investir massivement dans des solutions inclusives et \u00e9ducatives.<\/div>\n<div dir=\"auto\">Refuser toute instrumentalisation s\u00e9curitaire qui divise et stigmatise.<\/div>\n<\/blockquote>\n<div dir=\"auto\"><\/div>\n<\/div>\n<div class=\"x11i5rnm xat24cr x1mh8g0r x1vvkbs xtlvy1s x126k92a\">\n<div dir=\"auto\">Les jeunes d\u2019Anderlecht ne sont pas des menaces. Ils sont l\u2019avenir de notre commune. Nous ne tol\u00e9rerons pas que leurs droits soient sacrifi\u00e9s pour des politiques inefficaces et discriminatoires.<\/div>\n<\/div>\n<div dir=\"auto\"><\/div>\n<pre dir=\"auto\"><b>Nordine Sa\u00efdi\r\n<a href=\"https:\/\/bruxelles-pantheres.be\/\" target=\"_blank\" rel=\"noopener\">Bruxelles Panth\u00e8res<\/a><\/b>\r\n<i>\u00ab\u00a0La libert\u00e9, la justice et l'\u00e9galit\u00e9, par tous les moyens n\u00e9cessaires !\u00a0\u00bb<\/i>\u00a0Malcolm X<i><b>\r\n\r\n<a href=\"http:\/\/mcpalestine.canalblog.com\/\" target=\"_blank\" rel=\"noopener\">Mouvement Citoyen Palestine<\/a><\/b><\/i>\r\n<i>\u00ab L'\u00e9galit\u00e9 ou rien \u00bb\u00a0<\/i>Edward Said\r\n\r\n<\/pre>\n<div class=\"xdj266r x11i5rnm xat24cr x1mh8g0r x1vvkbs x126k92a\">\n<blockquote>\n<div dir=\"auto\"><strong>Lettre ouverte : Une victoire au go\u00fbt de p\u00e9tard mouill\u00e9.<\/strong><\/div>\n<\/blockquote>\n<div dir=\"auto\"><\/div>\n<\/div>\n<div class=\"x11i5rnm xat24cr x1mh8g0r x1vvkbs xtlvy1s x126k92a\">\n<div dir=\"auto\">Monsieur le Bourgmestre, Mesdames et Messieurs les membres du Conseil Communal,<\/div>\n<div dir=\"auto\"><\/div>\n<\/div>\n<div class=\"x11i5rnm xat24cr x1mh8g0r x1vvkbs xtlvy1s x126k92a\">\n<div dir=\"auto\">Le Nouvel An est pass\u00e9, et comme pr\u00e9vu \u2013 sans avoir besoin d\u2019\u00eatre devin \u2013 des incidents, parfois graves, ont eu lieu \u00e0 Anderlecht, \u00e0 Bruxelles, et ailleurs dans le monde. Car oui, il faut le rappeler : le Nouvel An, dans toutes les m\u00e9tropoles, est une p\u00e9riode de tensions, marqu\u00e9e par des d\u00e9bordements pr\u00e9visibles.<\/div>\n<\/div>\n<div class=\"x11i5rnm xat24cr x1mh8g0r x1vvkbs xtlvy1s x126k92a\">\n<div dir=\"auto\">Mais ce qui nous interpelle, c\u2019est l\u2019incroyable d\u00e9connexion entre vos mesures r\u00e9pressives et la r\u00e9alit\u00e9 des faits. Dire que l\u2019interdiction faite aux jeunes de moins de 16 ans de circuler dans l\u2019espace public aurait eu un quelconque effet sur ces incidents, c\u2019est faire preuve d\u2019une incomp\u00e9tence politique flagrante et d\u2019une tentative grossi\u00e8re de d\u00e9tourner l\u2019attention des vrais probl\u00e8mes qui gangr\u00e8nent Anderlecht.<\/div>\n<div dir=\"auto\"><\/div>\n<\/div>\n<div class=\"x11i5rnm xat24cr x1mh8g0r x1vvkbs xtlvy1s x126k92a\">\n<div dir=\"auto\">Les jeunes d\u2019Anderlecht, dans une ironie peut-\u00eatre involontaire, ont c\u00e9l\u00e9br\u00e9 le Nouvel An avec des p\u00e9tards et des feux d\u2019artifice, comme s\u2019ils saluaient symboliquement l\u2019avis favorable du Conseil d\u2019\u00c9tat concernant votre ordonnance. Peut-\u00eatre est-ce aussi un rappel que, faute de victoires en championnat de football depuis trop longtemps, ils trouvent d\u2019autres mani\u00e8res de marquer le coup ?<\/div>\n<div dir=\"auto\"><\/div>\n<\/div>\n<div class=\"x11i5rnm xat24cr x1mh8g0r x1vvkbs xtlvy1s x126k92a\">\n<blockquote>\n<div dir=\"auto\">Des incidents pr\u00e9visibles, une gestion inadapt\u00e9e.<\/div>\n<\/blockquote>\n<div dir=\"auto\"><\/div>\n<\/div>\n<div class=\"x11i5rnm xat24cr x1mh8g0r x1vvkbs xtlvy1s x126k92a\">\n<div dir=\"auto\">Nous savons tous que la nuit du Nouvel An est une soir\u00e9e sensible. C\u2019est un moment de f\u00eate, mais aussi une p\u00e9riode de tensions exacerb\u00e9es, reflet des d\u00e9fis sociaux et \u00e9conomiques qui touchent nos quartiers. Croire qu\u2019une interdiction de sortie aurait pu emp\u00eacher les heurts rel\u00e8ve d\u2019une m\u00e9connaissance flagrante des r\u00e9alit\u00e9s d\u2019Anderlecht.<\/div>\n<div dir=\"auto\"><\/div>\n<\/div>\n<div class=\"x11i5rnm xat24cr x1mh8g0r x1vvkbs xtlvy1s x126k92a\">\n<div dir=\"auto\">Ce que nous avons vu le soir du Nouvel An n\u2019est pas le fruit d\u2019un pr\u00e9tendu laxisme ou d\u2019une irresponsabilit\u00e9 parentale. Ces incidents sont le sympt\u00f4me d\u2019un mal plus profond : une jeunesse qui se sent abandonn\u00e9e, priv\u00e9e de perspectives et de lieux pour s\u2019\u00e9panouir. Plut\u00f4t que de traiter nos jeunes comme une menace, il est temps de les consid\u00e9rer comme une priorit\u00e9.<\/div>\n<div dir=\"auto\"><\/div>\n<\/div>\n<div class=\"x11i5rnm xat24cr x1mh8g0r x1vvkbs xtlvy1s x126k92a\">\n<blockquote>\n<div dir=\"auto\">Une politique qui stigmatise au lieu de construire.<\/div>\n<\/blockquote>\n<div dir=\"auto\"><\/div>\n<\/div>\n<div class=\"x11i5rnm xat24cr x1mh8g0r x1vvkbs xtlvy1s x126k92a\">\n<div dir=\"auto\">Votre ordonnance, Monsieur le Bourgmestre, a envoy\u00e9 un message clair : les jeunes, et en particulier les jeunes Noirs et Arabes des quartiers populaires, ne sont pas les bienvenus dans l\u2019espace public. En les assimilant implicitement \u00e0 des fauteurs de troubles, vous avez renforc\u00e9 un imaginaire s\u00e9curitaire qui les d\u00e9signe comme des suspects par d\u00e9faut.<\/div>\n<div dir=\"auto\"><\/div>\n<\/div>\n<div class=\"x11i5rnm xat24cr x1mh8g0r x1vvkbs xtlvy1s x126k92a\">\n<div dir=\"auto\">Ces jeunes, comme tous les jeunes, aspirent \u00e0 se divertir et \u00e0 participer \u00e0 des moments festifs. Les priver de cette possibilit\u00e9 ne fait que les marginaliser davantage. Les consid\u00e9rer uniquement sous le prisme de la r\u00e9pression, c\u2019est nier leur potentiel et aggraver les tensions entre les citoyens et les institutions.<\/div>\n<div dir=\"auto\"><\/div>\n<\/div>\n<div class=\"x11i5rnm xat24cr x1mh8g0r x1vvkbs xtlvy1s x126k92a\">\n<blockquote>\n<div dir=\"auto\">Anderlecht : une commune jeune et pauvre.<\/div>\n<\/blockquote>\n<div dir=\"auto\"><\/div>\n<\/div>\n<div class=\"x11i5rnm xat24cr x1mh8g0r x1vvkbs xtlvy1s x126k92a\">\n<div dir=\"auto\">Anderlecht est l\u2019une des communes les plus jeunes de Belgique, avec pr\u00e8s d\u2019un tiers de sa population \u00e2g\u00e9e de moins de 18 ans. Cette jeunesse, qui devrait \u00eatre notre plus grande richesse, est malheureusement confront\u00e9e \u00e0 des conditions de vie parmi les plus difficiles du pays.<\/div>\n<\/div>\n<div class=\"x11i5rnm xat24cr x1mh8g0r x1vvkbs xtlvy1s x126k92a\">\n<div dir=\"auto\">La pauvret\u00e9, le manque de logements dignes, l\u2019absence d\u2019infrastructures pour la jeunesse : voil\u00e0 les v\u00e9ritables d\u00e9fis d\u2019Anderlecht. Mais au lieu de r\u00e9pondre \u00e0 ces urgences sociales, votre administration a choisi de s\u2019en remettre \u00e0 des mesures r\u00e9pressives, inefficaces et discriminatoires.<\/div>\n<div dir=\"auto\"><\/div>\n<\/div>\n<div class=\"x11i5rnm xat24cr x1mh8g0r x1vvkbs xtlvy1s x126k92a\">\n<blockquote>\n<div dir=\"auto\">La jeunesse : une priorit\u00e9 politique absolue.<\/div>\n<\/blockquote>\n<div dir=\"auto\"><\/div>\n<\/div>\n<div class=\"x11i5rnm xat24cr x1mh8g0r x1vvkbs xtlvy1s x126k92a\">\n<div dir=\"auto\">Avec un tel pourcentage de jeunes, il est incompr\u00e9hensible que leur inclusion et leur avenir ne soient pas une priorit\u00e9 absolue. La gestion du Nouvel An aurait pu \u00eatre une opportunit\u00e9 pour montrer que notre commune est capable d\u2019innover, d\u2019unir et de construire. Au lieu de cela, elle est devenue un exemple de ce qu\u2019il ne faut pas faire : criminaliser, stigmatiser et ignorer.<\/div>\n<div dir=\"auto\"><\/div>\n<\/div>\n<div class=\"x11i5rnm xat24cr x1mh8g0r x1vvkbs xtlvy1s x126k92a\">\n<div dir=\"auto\">Avec un tel pourcentage de jeunes dans sa population, Anderlecht devrait \u00eatre un mod\u00e8le en mati\u00e8re de politique jeunesse. Les d\u00e9fis sont grands, mais les solutions existent. Ce que nous demandons, c\u2019est que vous placiez la jeunesse au c\u0153ur de vos politiques, non comme un probl\u00e8me \u00e0 r\u00e9soudre, mais comme une richesse \u00e0 valoriser.<\/div>\n<div dir=\"auto\"><\/div>\n<\/div>\n<div class=\"x11i5rnm xat24cr x1mh8g0r x1vvkbs xtlvy1s x126k92a\">\n<blockquote>\n<div dir=\"auto\">Une commune digne de sa jeunesse.<\/div>\n<\/blockquote>\n<div dir=\"auto\"><\/div>\n<\/div>\n<div class=\"x11i5rnm xat24cr x1mh8g0r x1vvkbs xtlvy1s x126k92a\">\n<div dir=\"auto\">Monsieur le Bourgmestre, il est encore temps de changer de cap. Les incidents du Nouvel An ne doivent pas servir d\u2019excuse pour justifier des politiques r\u00e9pressives, mais d\u2019opportunit\u00e9 pour repenser la place de la jeunesse dans notre commune.<\/div>\n<div dir=\"auto\"><\/div>\n<\/div>\n<div class=\"x11i5rnm xat24cr x1mh8g0r x1vvkbs xtlvy1s x126k92a\">\n<blockquote>\n<div dir=\"auto\">Des solutions existent : encore faut-il les vouloir<\/div>\n<\/blockquote>\n<div dir=\"auto\"><\/div>\n<div dir=\"auto\">Les d\u00e9fis d\u2019Anderlecht sont immenses, mais ils ne sont pas insurmontables. Ce dont notre commune a besoin, ce ne sont pas des interdictions arbitraires, mais des politiques courageuses et inclusives.<\/div>\n<div dir=\"auto\"><\/div>\n<ul>\n<li dir=\"auto\">\u2022 Des investissements dans les infrastructures pour la jeunesse : Des maisons de jeunes, des terrains de sport, des espaces culturels o\u00f9 nos enfants et adolescents peuvent se retrouver, apprendre et s\u2019\u00e9panouir.<\/li>\n<li dir=\"auto\">\u2022 Des moyens accrus pour les associations locales : Ces associations, qui connaissent mieux que quiconque les r\u00e9alit\u00e9s du terrain, doivent \u00eatre soutenues pour accompagner les jeunes et pr\u00e9venir les d\u00e9rives.<\/li>\n<li dir=\"auto\">\u2022 Des logements d\u00e9cents pour tous : Comment esp\u00e9rer offrir un avenir \u00e0 notre jeunesse quand tant de familles vivent dans des conditions indignes ?<\/li>\n<li dir=\"auto\">\u2022 Une reconnaissance des jeunes comme une richesse, pas comme un probl\u00e8me : Il est temps d\u2019impliquer nos jeunes dans les d\u00e9cisions qui les concernent, de valoriser leurs id\u00e9es et leurs initiatives, et de leur montrer qu\u2019ils comptent.<\/li>\n<li dir=\"auto\">Un feu d\u2019artifice de questions<\/li>\n<li dir=\"auto\">Permettez-nous de vous poser quelques questions :<\/li>\n<li dir=\"auto\">\u2022 O\u00f9 sont les lieux s\u00fbrs pour nos jeunes, o\u00f9 ils pourraient grandir \u00e0 l\u2019abri des violences, de la rue et des trafics ?<\/li>\n<li dir=\"auto\">\u2022 O\u00f9 sont les actions concr\u00e8tes pour combattre le racisme structurel qui gangr\u00e8ne nos institutions et qui cible les jeunes racialis\u00e9s, particuli\u00e8rement Noirs et Arabes, dans nos quartiers populaires ?<\/li>\n<li dir=\"auto\">\u2022 Que faites-vous face \u00e0 la violence polici\u00e8re, qui ne cesse de creuser le foss\u00e9 entre la jeunesse et les autorit\u00e9s, et face \u00e0 la violence urbaine, exacerb\u00e9e par l\u2019acc\u00e8s facile aux armes \u00e0 feu ?<\/li>\n<li dir=\"auto\">\u2022 O\u00f9 sont les solutions pour les sans-abris, qui ne cessent de cro\u00eetre dans nos rues, alors que des centaines de familles vivent dans des logements insalubres ?<\/li>\n<li dir=\"auto\">\u2022 O\u00f9 sont les espaces culturels qui pourraient offrir \u00e0 nos enfants des alternatives \u00e0 la rue et \u00e0 l\u2019ennui ?<\/li>\n<\/ul>\n<\/div>\n<div class=\"x11i5rnm xat24cr x1mh8g0r x1vvkbs xtlvy1s x126k92a\">\n<blockquote>\n<div dir=\"auto\">Un Nouvel An, toujours \u00e0 la m\u00eame date.<\/div>\n<\/blockquote>\n<div dir=\"auto\"><\/div>\n<\/div>\n<div class=\"x11i5rnm xat24cr x1mh8g0r x1vvkbs xtlvy1s x126k92a\">\n<div dir=\"auto\">Monsieur le Bourgmestre, permettez-nous de rappeler une \u00e9vidence : le Nouvel An est un \u00e9v\u00e9nement r\u00e9current. Chaque ann\u00e9e, \u00e0 la m\u00eame date, des festivit\u00e9s sont organis\u00e9es, des exc\u00e8s sont commis, et des d\u00e9fis s\u00e9curitaires \u00e9mergent. Ce n\u2019est pas une surprise, et pourtant, votre r\u00e9ponse a \u00e9t\u00e9 celle de l\u2019improvisation punitive. Plut\u00f4t que d\u2019anticiper avec des solutions adapt\u00e9es, vous avez opt\u00e9 pour une ordonnance liberticide, inefficace et stigmatisante.<\/div>\n<\/div>\n<div class=\"x11i5rnm xat24cr x1mh8g0r x1vvkbs xtlvy1s x126k92a\">\n<div dir=\"auto\">Ce que cette nuit r\u00e9v\u00e8le, ce n\u2019est pas seulement l\u2019\u00e9chec d\u2019une mesure r\u00e9pressive, mais aussi le manque criant d\u2019une politique proactive pour r\u00e9pondre aux besoins de notre jeunesse. Avec une des populations les plus jeunes et les plus pauvres du pays, Anderlecht m\u00e9rite mieux qu\u2019un traitement simpliste et autoritaire.<\/div>\n<div dir=\"auto\"><\/div>\n<\/div>\n<div class=\"x11i5rnm xat24cr x1mh8g0r x1vvkbs xtlvy1s x126k92a\">\n<blockquote>\n<div dir=\"auto\">Un appel au dialogue et \u00e0 la responsabilit\u00e9.<\/div>\n<\/blockquote>\n<div dir=\"auto\"><\/div>\n<\/div>\n<div class=\"x11i5rnm xat24cr x1mh8g0r x1vvkbs xtlvy1s x126k92a\">\n<div dir=\"auto\"><strong>Pour une Anderlecht qui valorise sa jeunesse et construit un avenir digne pour tous.<\/strong><\/div>\n<div dir=\"auto\"><\/div>\n<\/div>\n<div class=\"x11i5rnm xat24cr x1mh8g0r x1vvkbs xtlvy1s x126k92a\">\n<div dir=\"auto\">Monsieur le Bourgmestre, Mesdames et Messieurs du Conseil Communal, la gestion de notre commune ne peut pas se r\u00e9sumer \u00e0 des interdictions et \u00e0 des contr\u00f4les. Elle doit refl\u00e9ter une vision \u00e0 long terme, fond\u00e9e sur la justice sociale, le respect des droits fondamentaux, et la confiance envers nos habitants.<\/div>\n<\/div>\n<div class=\"x11i5rnm xat24cr x1mh8g0r x1vvkbs xtlvy1s x126k92a\">\n<div dir=\"auto\">Nous vous appelons \u00e0 saisir cette opportunit\u00e9 pour changer de cap et mettre en place des solutions durables. Anderlecht m\u00e9rite mieux que des interdictions inefficaces et des politiques r\u00e9pressives. Anderlecht a besoin de voix qui interpellent, qui proposent des alternatives, et qui d\u00e9fendent les plus vuln\u00e9rables. Si les jeunes de notre commune ne peuvent pas compter sur leurs \u00e9lus, alors sur qui peuvent-ils compter ?<\/div>\n<div dir=\"auto\"><\/div>\n<\/div>\n<div class=\"x11i5rnm xat24cr x1mh8g0r x1vvkbs xtlvy1s x126k92a\">\n<blockquote>\n<div dir=\"auto\"><strong>Bonne ann\u00e9e, et soyez pr\u00e9voyant.<\/strong><\/div>\n<\/blockquote>\n<div dir=\"auto\"><\/div>\n<\/div>\n<div class=\"x11i5rnm xat24cr x1mh8g0r x1vvkbs xtlvy1s x126k92a\">\n<div dir=\"auto\">Monsieur le Bourgmestre, nous vous souhaitons une bonne ann\u00e9e, mais surtout, une ann\u00e9e plus lucide et mieux pr\u00e9par\u00e9e. Le Nouvel An 2025 aura bien lieu, \u00e0 la m\u00eame date, et avec les m\u00eames d\u00e9fis, \u00e0 moins que vous ne d\u00e9cidiez d\u2019agir autrement.<\/div>\n<\/div>\n<div class=\"x11i5rnm xat24cr x1mh8g0r x1vvkbs xtlvy1s x126k92a\">\n<div dir=\"auto\">C\u00e9l\u00e9brons les victoires futures, pas par des interdictions, mais par des solutions durables qui incluent notre jeunesse. En valorisant leur potentiel et en investissant dans leur avenir, Anderlecht peut devenir un exemple \u00e0 suivre.<\/div>\n<div dir=\"auto\"><\/div>\n<\/div>\n<div class=\"x11i5rnm xat24cr x1mh8g0r x1vvkbs xtlvy1s x126k92a\">\n<div dir=\"auto\">Les p\u00e9tards explosent peut-\u00eatre, mais les politiques inclusives, elles, construisent. La balle est dans votre camp, Monsieur le Bourgmestre. Soyez pr\u00eat pour la prochaine manche.<\/div>\n<div dir=\"auto\"><\/div>\n<\/div>\n<div class=\"x11i5rnm xat24cr x1mh8g0r x1vvkbs xtlvy1s x126k92a\">\n<blockquote>\n<div dir=\"auto\">Pour une Anderlecht juste, inclusive et ambitieuse, au service de sa jeunesse et de son avenir.<\/div>\n<\/blockquote>\n<\/div>\n<div class=\"x11i5rnm xat24cr x1mh8g0r x1vvkbs xtlvy1s x126k92a\">\n<div dir=\"auto\"><strong>Bonne ann\u00e9e, et rendez-vous au Nouvel An 2025 \u2013 dans de meilleures conditions, on l\u2019esp\u00e8re.<\/strong><\/div>\n<div dir=\"auto\"><\/div>\n<\/div>\n<div class=\"x11i5rnm xat24cr x1mh8g0r x1vvkbs xtlvy1s x126k92a\">\n<div dir=\"auto\"><span class=\"html-span xdj266r x11i5rnm xat24cr x1mh8g0r xexx8yu x4uap5 x18d9i69 xkhd6sd x1hl2dhg x16tdsg8 x1vvkbs\"><a class=\"x1i10hfl xjbqb8w x1ejq31n xd10rxx x1sy0etr x17r0tee x972fbf xcfux6l x1qhh985 xm0m39n x9f619 x1ypdohk xt0psk2 xe8uvvx xdj266r x11i5rnm xat24cr x1mh8g0r xexx8yu x4uap5 x18d9i69 xkhd6sd x16tdsg8 x1hl2dhg xggy1nq x1a2a7pz x1sur9pj xkrqix3 x1fey0fg x1s688f\" tabindex=\"0\" role=\"link\" href=\"https:\/\/l.facebook.com\/l.php?u=https%3A%2F%2Fwww.7sur7.be%2Fbelgique%2Flive-nouvel-an-incendie-criminel-et-pompiers-attaques-la-situation-degenere-a-anderlecht~a8ff0c5b%2F%3Ffbclid%3DIwZXh0bgNhZW0CMTAAAR0FpVDZE2WBMv2m9_tF1llf8RemCAJ8HdTZ2YWrQPJU5JlCgi_k2SoDxUc_aem_lOgIyMlTkKpbPpbHDl4e_g&amp;h=AT1EN7PgMnNnVEYCB8vqLrFePQosArnSpiideLDniX_IqAy65N21P6c4s-6OD8KkMDS1cI9SGHDAk8H-8jWtWBb0CKaDfPHYm8czNhqOu5OQUNbbvA7NkaBwI1EdvOtohytprMN87x8w7JueV4PR&amp;__tn__=-UK-R&amp;c[0]=AT1f7hbhivHaWlT34guzgdCb_piRyrvhM5Q_nJk77vTzXhHFXcfcnaM75N0jm29I9xne1hcqs4Sm4H3eTjDn8eNvP0VZJdqTV9UF7UUB5hyApLxsiwBrkIsHssyNWjA9XUf-6VKDbg4HA8sD34tzEk7x3g7h6O_TgzyMqZFAeEwyYc5SatU\" target=\"_blank\" rel=\"nofollow noopener noreferrer\">https:\/\/www.7sur7.be\/&#8230;\/live-nouvel-an-incendie&#8230;\/<\/a><\/span><\/div>\n<\/div>\n<div dir=\"auto\"><\/div>\n<pre dir=\"auto\"><b>Nordine Sa\u00efdi\r\n<a href=\"https:\/\/bruxelles-pantheres.be\/\" target=\"_blank\" rel=\"noopener\">Bruxelles Panth\u00e8res<\/a><\/b>\r\n<i>\u00ab\u00a0La libert\u00e9, la justice et l'\u00e9galit\u00e9, par tous les moyens n\u00e9cessaires !\u00a0\u00bb<\/i>\u00a0Malcolm X<i><b>\r\n\r\n<a href=\"http:\/\/mcpalestine.canalblog.com\/\" target=\"_blank\" rel=\"noopener\">Mouvement Citoyen Palestine<\/a><\/b><\/i>\r\n<i>\u00ab L'\u00e9galit\u00e9 ou rien \u00bb\u00a0<\/i>Edward Said\r\n\r\n<\/pre>\n<p><a href=\"https:\/\/www.lecho.be\/economie-politique\/belgique\/general\/nouvel-an-le-couvre-feu-pour-mineurs-a-anderlecht-maintenu-par-le-conseil-d-etat\/10580747.html?fbclid=IwY2xjawH6Ug1leHRuA2FlbQIxMQABHSgVCAuS7iLW9YEGr9ce2dZvlkbtl8fzwEFCGoosGTdAoIEpoivpk_UX3g_aem_q2jb8CbWUbUp-8TUbiEjNQ\"><strong>Une d\u00e9cision inqui\u00e9tante pour les droits fondamentaux.<\/strong><\/a><\/p>\n<p>Apr\u00e8s avoir accept\u00e9 la requ\u00eate et fix\u00e9 une audience en urgence, le Conseil d&rsquo;\u00c9tat, malgr\u00e9 l&rsquo;avis de son auditeur qui avait jug\u00e9 l&rsquo;ordonnance de police ill\u00e9gale, a finalement d\u00e9clar\u00e9 la requ\u00eate irrecevable et d\u00e9cid\u00e9 de ne pas annuler cette ordonnance.<\/p>\n<p><a href=\"https:\/\/www.lecho.be\/economie-politique\/belgique\/general\/nouvel-an-le-couvre-feu-pour-mineurs-a-anderlecht-maintenu-par-le-conseil-d-etat\/10580747.html?fbclid=IwY2xjawH6Ug1leHRuA2FlbQIxMQABHSgVCAuS7iLW9YEGr9ce2dZvlkbtl8fzwEFCGoosGTdAoIEpoivpk_UX3g_aem_q2jb8CbWUbUp-8TUbiEjNQ\">Le Conseil d\u2019\u00c9tat, dans sa d\u00e9cision rendue le 30 d\u00e9cembre 2024, a choisi de valider l\u2019ordonnance du Bourgmestre d\u2019Anderlecht, Fabrice Cumps, interdisant aux jeunes de moins de 16 ans non accompagn\u00e9s de circuler dans certains quartiers de la commune la nuit du Nouvel An. Cette d\u00e9cision, qui donne raison \u00e0 une mesure que nous consid\u00e9rons liberticide, soul\u00e8ve des questions fondamentales sur l\u2019avenir des droits et des libert\u00e9s dans notre pays.<\/a><\/p>\n<blockquote><p>Un pr\u00e9c\u00e9dent dangereux.<\/p><\/blockquote>\n<p>Cette d\u00e9cision ne se limite pas \u00e0 Anderlecht. Elle ouvre la voie \u00e0 ce que d\u2019autres communes, inspir\u00e9es par cet exemple, adoptent des mesures similaires dans un avenir proche. Nous craignons que cela ne devienne un mod\u00e8le de gestion s\u00e9curitaire, bas\u00e9 sur la restriction des libert\u00e9s et la criminalisation de la jeunesse, en particulier celle issue des quartiers populaires et racialis\u00e9s.<\/p>\n<blockquote><p>La jeunesse prise pour cible.<\/p><\/blockquote>\n<p>Il est alarmant de constater que cette mesure, qui affecte directement les jeunes, repose sur une logique de suspicion g\u00e9n\u00e9ralis\u00e9e. En ciblant les jeunes de mani\u00e8re indistincte, cette ordonnance les prive de leur droit \u00e0 circuler librement et les d\u00e9signe comme des fauteurs de troubles potentiels, sans preuve ni distinction.<\/p>\n<p>Cette stigmatisation est inacceptable. Les jeunes d\u2019Anderlecht, comme partout ailleurs, m\u00e9ritent d\u2019\u00eatre trait\u00e9s avec respect et dignit\u00e9. Ce ne sont pas des criminels en puissance, mais des citoyens en devenir, qui aspirent \u00e0 un avenir meilleur.<\/p>\n<blockquote><p>Un glissement vers une r\u00e9pression syst\u00e9matique.<\/p><\/blockquote>\n<p>La validation de cette ordonnance par le Conseil d\u2019\u00c9tat marque un glissement inqui\u00e9tant vers une r\u00e9pression syst\u00e9matique des populations les plus vuln\u00e9rables. En permettant \u00e0 des autorit\u00e9s locales d\u2019adopter des mesures aussi restrictives, on banalise des atteintes aux libert\u00e9s fondamentales et on renforce un climat de m\u00e9fiance envers les institutions.<\/p>\n<p>Plut\u00f4t que d\u2019apporter des solutions aux probl\u00e8mes sociaux et s\u00e9curitaires, ces d\u00e9cisions risquent d\u2019aggraver les tensions et de creuser davantage les fractures sociales.<\/p>\n<blockquote><p>Une politique qui d\u00e9tourne l\u2019attention des vrais enjeux.<\/p><\/blockquote>\n<p>Le recours \u00e0 des mesures r\u00e9pressives comme celle-ci d\u00e9tourne l\u2019attention des v\u00e9ritables probl\u00e8mes qui gangr\u00e8nent nos communes :<\/p>\n<blockquote><p>&#8211; La pr\u00e9carit\u00e9: Anderlecht est l\u2019une des communes les plus pauvres de Belgique, o\u00f9 de nombreuses familles peinent \u00e0 vivre dans des conditions dignes.<br \/>\n&#8211; Le manque d\u2019infrastructures pour les jeunes : Des maisons de jeunes, des terrains de sport, et des espaces culturels adapt\u00e9s font cruellement d\u00e9faut.<br \/>\n&#8211; L\u2019absence de perspectives pour la jeunesse : Au lieu de r\u00e9primer, il faudrait investir massivement dans l\u2019\u00e9ducation, les formations professionnelles et les initiatives communautaires.<\/p><\/blockquote>\n<p><strong>Un appel \u00e0 la responsabilit\u00e9 politique.<\/strong><\/p>\n<p>Aux \u00e9lus locaux et nationaux, nous lan\u00e7ons un appel : ne prenez pas exemple sur cette ordonnance. Les politiques publiques doivent prot\u00e9ger les droits fondamentaux, non les restreindre. Nous refusons que la r\u00e9pression devienne la seule r\u00e9ponse aux d\u00e9fis sociaux et s\u00e9curitaires.<\/p>\n<p>Aux citoyens et aux associations, nous disons ceci : restez mobilis\u00e9s. La d\u00e9fense des libert\u00e9s est un combat permanent, et nous ne devons pas c\u00e9der face \u00e0 des d\u00e9cisions qui normalisent la stigmatisation et l\u2019exclusion.<\/p>\n<p><strong>Conclusion : Construire une autre voie.<\/strong><\/p>\n<p>Il est encore temps de changer de cap. Plut\u00f4t que de suivre cette voie r\u00e9pressive, investissons dans des solutions durables et inclusives. La jeunesse d\u2019Anderlecht, comme celle de tout le pays, m\u00e9rite mieux que d\u2019\u00eatre enferm\u00e9e dans des logiques de contr\u00f4le et de suspicion.<\/p>\n<p>Pour une Belgique o\u00f9 les droits fondamentaux ne sont pas une option. Pour une jeunesse respect\u00e9e et soutenue. Pour une soci\u00e9t\u00e9 qui privil\u00e9gie la justice sociale sur la r\u00e9pression aveugle.<\/p>\n<pre><b>Nordine Sa\u00efdi\r\n<a href=\"https:\/\/bruxelles-pantheres.be\/\" target=\"_blank\" rel=\"noopener\">Bruxelles Panth\u00e8res<\/a><\/b>\r\n<i>\u00ab\u00a0La libert\u00e9, la justice et l'\u00e9galit\u00e9, par tous les moyens n\u00e9cessaires !\u00a0\u00bb<\/i>\u00a0Malcolm X<i><b>\r\n\r\n<a href=\"http:\/\/mcpalestine.canalblog.com\/\" target=\"_blank\" rel=\"noopener\">Mouvement Citoyen Palestine<\/a><\/b><\/i>\r\n<i>\u00ab L'\u00e9galit\u00e9 ou rien \u00bb\u00a0<\/i>Edward Said\r\n\r\n\r\n<blockquote class=\"wp-embedded-content\" data-secret=\"WuuBhU6upj\"><a href=\"https:\/\/bx1.be\/categories\/news\/assignation-a-residence-a-cureghem-lauditeur-du-conseil-detat-estime-que-linterdiction-est-illegale-mais-quelle-ne-doit-pas-etre-suspendue\/\">Assignation \u00e0 r\u00e9sidence \u00e0 Cureghem : l&#8217;auditeur du Conseil d&#8217;\u00c9tat estime que l&#8217;interdiction est ill\u00e9gale, mais qu&#8217;elle ne doit pas \u00eatre suspendue<\/a><\/blockquote><iframe class=\"wp-embedded-content\" sandbox=\"allow-scripts\" security=\"restricted\" style=\"position: absolute; visibility: hidden;\" title=\"\u00ab\u00a0Assignation \u00e0 r\u00e9sidence \u00e0 Cureghem : l&#8217;auditeur du Conseil d&#8217;\u00c9tat estime que l&#8217;interdiction est ill\u00e9gale, mais qu&#8217;elle ne doit pas \u00eatre suspendue\u00a0\u00bb &#8212; BX1\" src=\"https:\/\/bx1.be\/categories\/news\/assignation-a-residence-a-cureghem-lauditeur-du-conseil-detat-estime-que-linterdiction-est-illegale-mais-quelle-ne-doit-pas-etre-suspendue\/embed\/#?secret=N0Ro90i8YZ#?secret=WuuBhU6upj\" data-secret=\"WuuBhU6upj\" width=\"600\" height=\"338\" frameborder=\"0\" marginwidth=\"0\" marginheight=\"0\" scrolling=\"no\"><\/iframe>\r\n\r\n<\/pre>\n<h3>Le Conseil d\u2019\u00c9tat se prononcera dans le courant de la journ\u00e9e.<\/h3>\n<p>L\u2019auditeur du Conseil d\u2019\u00c9tat a estim\u00e9 lundi que l\u2019assignation \u00e0 r\u00e9sidence d\u00e9cid\u00e9e par le bourgmestre d\u2019Anderlecht, Fabrice Cumps, \u00e0 l\u2019encontre des jeunes de moins de 16 ans du quartier de Cureghem pour la nuit du Nouvel an \u00e9tait ill\u00e9gale et contraire \u00e0 la Convention relative aux droits de l\u2019enfant. Il n\u2019en a toutefois pas demand\u00e9 la suspension, la famille \u00e0 l\u2019origine de la requ\u00eate n\u2019ayant pu d\u00e9montrer l\u2019existence d\u2019un pr\u00e9judice grave justifiant une suspension en urgence.<\/p>\n<p>La nuit de la Saint-Sylvestre, les jeunes de moins de 16 ans ne pourront plus sortir qu\u2019accompagn\u00e9s d\u2019un parent ou d\u2019un tuteur \u00e0 partir de 19h00, a d\u00e9cid\u00e9 le bourgmestre Fabrice Cumps (PS).<\/p>\n<p>\u201c<em>Le bourgmestre n\u2019avait pas l\u2019autorit\u00e9 pour prendre seul cette d\u00e9cision<\/em>\u201c, estime l\u2019auditeur Benoit Cuvelier. \u201c<em>Les incidents sur lesquels il s\u2019est appuy\u00e9 pour prendre cette d\u00e9cision se sont produits lors des nuits de la Saint-Sylvestre 2022 et 2023. La nuit de la Saint-Sylvestre 2024 n\u2019est donc pas un \u00e9v\u00e9nement impr\u00e9visible, c\u2019\u00e9tait ici au conseil communal d\u2019agir \u00e0 ce niveau<\/em>.\u201d<\/p>\n<p>Selon l\u2019auditeur, la d\u00e9cision va aussi \u00e0 l\u2019encontre de la Convention relative aux droits de l\u2019enfant, qui n\u2019autorise l\u2019arrestation d\u2019un mineur qu\u2019en tant que mesure ultime, lorsqu\u2019aucune autre alternative n\u2019est possible. \u201c<em>La d\u00e9cision du bourgmestre pr\u00e9voit l\u2019arrestation imm\u00e9diate de tout mineur de moins de 16 ans qui n\u2019est pas accompagn\u00e9 d\u2019un parent ou d\u2019un tuteur, sans laisser \u00e0 la police le moindre pouvoir d\u2019appr\u00e9ciation<\/em>.\u201d<\/p>\n<p>La d\u00e9cision du bourgmestre ne peut cependant pas \u00eatre suspendue car la famille \u00e0 l\u2019origine de la requ\u00eate n\u2019est pas irr\u00e9m\u00e9diablement l\u00e9s\u00e9e par un tel acte, conclut l\u2019auditeur. \u201c<em>Rien ne l\u2019emp\u00eache d\u2019accompagner leur fils de 15 ans ce soir-l\u00e0<\/em>\u201c, a-t-il encore ajout\u00e9.<\/p>\n<p><em>Belga<\/em><\/p>\n<pre><\/pre>\n<div class=\"xdj266r x11i5rnm xat24cr x1mh8g0r x1vvkbs x126k92a\">\n<div dir=\"auto\"><strong>Communiqu\u00e9 : Pour une suspension imm\u00e9diate de l\u2019ordonnance liberticide \u00e0 Anderlecht.<\/strong><\/div>\n<div dir=\"auto\"><\/div>\n<\/div>\n<div class=\"x11i5rnm xat24cr x1mh8g0r x1vvkbs xtlvy1s x126k92a\">\n<div dir=\"auto\"><a href=\"https:\/\/www.7sur7.be\/faits-divers\/les-assignations-a-residence-des-mineurs-durant-le-nouvel-an-sont-illegales-estime-lauditeur-du-conseil-detat~af62d3c0\/?fbclid=IwY2xjawH6U0pleHRuA2FlbQIxMQABHZ9J3RBUTA59PVblzFOkD9VPOLaJqEH8XbI-ruX0tuUF_MrRUuaUV_jN8g_aem_g7pjvTEQ-a2R2fRYyXnWMg&amp;referrer=https%3A%2F%2Fl.facebook.com%2F\">Le Conseil d\u2019\u00c9tat a reconnu, via l\u2019avis de son auditeur, que l\u2019ordonnance du Bourgmestre d\u2019Anderlecht, Fabrice Cumps, imposant une assignation \u00e0 r\u00e9sidence pour les jeunes de moins de 16 ans le soir du Nouvel An, \u00e9tait ill\u00e9gale et contraire \u00e0 la Convention relative aux droits de l\u2019enfant.<\/a> Cette conclusion est une victoire morale pour les d\u00e9fenseurs des droits des jeunes et des libert\u00e9s fondamentales.<\/div>\n<div dir=\"auto\"><\/div>\n<\/div>\n<div class=\"x11i5rnm xat24cr x1mh8g0r x1vvkbs xtlvy1s x126k92a\">\n<div dir=\"auto\">Cependant, l\u2019auditeur a estim\u00e9 que la suspension en extr\u00eame urgence ne pouvait \u00eatre accord\u00e9e, faute de preuves suffisantes d\u2019un pr\u00e9judice grave et irr\u00e9parable pour la famille requ\u00e9rante. Cette position est inqui\u00e9tante, car elle laisse la porte ouverte \u00e0 des atteintes aux droits fondamentaux qui ne rencontrent pas imm\u00e9diatement de frein, m\u00eame lorsqu\u2019elles sont manifestement ill\u00e9gales.<\/div>\n<div dir=\"auto\"><\/div>\n<\/div>\n<div class=\"x11i5rnm xat24cr x1mh8g0r x1vvkbs xtlvy1s x126k92a\">\n<blockquote>\n<div dir=\"auto\">Un pr\u00e9judice qui ne fait aucun doute.<\/div>\n<\/blockquote>\n<div dir=\"auto\"><\/div>\n<div dir=\"auto\">Nous esp\u00e9rons vivement que le Conseil d\u2019\u00c9tat, dans sa d\u00e9cision finale attendue, ira \u00e0 l\u2019encontre de cet avis en ce qui concerne le pr\u00e9judice grave et accordera la suspension de cette ordonnance. Il est \u00e9vident que cette mesure ill\u00e9gale porte atteinte aux droits de la famille concern\u00e9e et, plus largement, \u00e0 tous les jeunes d\u2019Anderlecht.<\/div>\n<div dir=\"auto\"><\/div>\n<\/div>\n<div class=\"x11i5rnm xat24cr x1mh8g0r x1vvkbs xtlvy1s x126k92a\">\n<div dir=\"auto\">La stigmatisation de ces jeunes, r\u00e9duits \u00e0 des \u00ab\u00a0voyous\u00a0\u00bb ou des \u00ab\u00a0sources potentielles de troubles\u00a0\u00bb, a des cons\u00e9quences profondes sur leur perception d\u2019eux-m\u00eames et leur relation avec les institutions. Une arrestation administrative, m\u00eame pour une courte dur\u00e9e, est traumatisante, particuli\u00e8rement pour un mineur. Elle affecte aussi leur famille, qui voit son r\u00f4le parental discr\u00e9dit\u00e9 par une autorit\u00e9 locale qui se permet d\u2019imposer des restrictions arbitraires et injustifi\u00e9es.<\/div>\n<\/div>\n<div class=\"x11i5rnm xat24cr x1mh8g0r x1vvkbs xtlvy1s x126k92a\">\n<div dir=\"auto\"><\/div>\n<blockquote>\n<div dir=\"auto\">Une ordonnance inutile et inefficace.<\/div>\n<\/blockquote>\n<div dir=\"auto\"><\/div>\n<div dir=\"auto\">Le Nouvel An est une p\u00e9riode connue pour ses d\u00e9fis sociaux et s\u00e9curitaires. Mais croire qu\u2019une interdiction de sortie pour les jeunes de moins de 16 ans aurait pu emp\u00eacher des incidents rel\u00e8ve d\u2019une grande na\u00efvet\u00e9 ou d\u2019une man\u0153uvre d\u00e9lib\u00e9r\u00e9e pour d\u00e9tourner l\u2019attention des vrais probl\u00e8mes.<\/div>\n<\/div>\n<div class=\"x11i5rnm xat24cr x1mh8g0r x1vvkbs xtlvy1s x126k92a\">\n<div dir=\"auto\">Cette ordonnance ne r\u00e9sout rien. Elle ne fait que d\u00e9placer les tensions, renforcer les frustrations et alimenter une m\u00e9fiance accrue envers les institutions locales. Les v\u00e9ritables r\u00e9ponses \u00e0 ces d\u00e9fis r\u00e9sident dans une politique inclusive et respectueuse des droits, pas dans des mesures liberticides.<\/div>\n<\/div>\n<div class=\"x11i5rnm xat24cr x1mh8g0r x1vvkbs xtlvy1s x126k92a\">\n<div dir=\"auto\"><\/div>\n<blockquote>\n<div dir=\"auto\"><strong>Un appel \u00e0 la responsabilit\u00e9 et \u00e0 la justice.<\/strong><\/div>\n<\/blockquote>\n<div dir=\"auto\"><\/div>\n<div dir=\"auto\">Nous rappelons que l\u2019\u00c9tat de droit repose sur la primaut\u00e9 des droits fondamentaux, y compris la libert\u00e9 de circulation et le respect de la vie familiale, inscrits dans la Constitution belge et les trait\u00e9s internationaux. Toute mesure restreignant ces droits doit \u00eatre strictement n\u00e9cessaire, proportionn\u00e9e et fond\u00e9e sur des preuves solides.<\/div>\n<div dir=\"auto\"><\/div>\n<\/div>\n<div class=\"x11i5rnm xat24cr x1mh8g0r x1vvkbs xtlvy1s x126k92a\">\n<div dir=\"auto\">L\u2019avis de l\u2019auditeur du Conseil d\u2019\u00c9tat a reconnu l\u2019ill\u00e9galit\u00e9 de cette ordonnance. Nous appelons le Conseil \u00e0 aller plus loin et \u00e0 suspendre imm\u00e9diatement cette mesure. Il est imp\u00e9ratif de prot\u00e9ger les droits des familles et des jeunes face \u00e0 une politique municipale qui cherche \u00e0 criminaliser plut\u00f4t qu\u2019\u00e0 soutenir.<\/div>\n<\/div>\n<div class=\"x11i5rnm xat24cr x1mh8g0r x1vvkbs xtlvy1s x126k92a\">\n<div dir=\"auto\">Une le\u00e7on pour l\u2019avenir.<\/div>\n<div dir=\"auto\"><\/div>\n<div dir=\"auto\">Au-del\u00e0 de cette affaire, il est temps pour Anderlecht de repenser ses priorit\u00e9s. Une commune qui compte l\u2019un des pourcentages les plus \u00e9lev\u00e9s de jeunes en Belgique doit investir dans leur avenir.<\/div>\n<div dir=\"auto\"><\/div>\n<div dir=\"auto\"><strong>Les solutions existent :<\/strong><\/div>\n<div dir=\"auto\"><\/div>\n<\/div>\n<div class=\"x11i5rnm xat24cr x1mh8g0r x1vvkbs xtlvy1s x126k92a\">\n<blockquote>\n<div dir=\"auto\">&#8211; Cr\u00e9er des espaces s\u00fbrs et adapt\u00e9s pour que les jeunes puissent se rassembler et se divertir sans \u00eatre stigmatis\u00e9s.<\/div>\n<div dir=\"auto\">&#8211; Soutenir les associations de terrain qui travaillent quotidiennement avec les jeunes et leurs familles.<\/div>\n<div dir=\"auto\">&#8211; Offrir des opportunit\u00e9s \u00e9ducatives, sportives et culturelles pour r\u00e9duire les tensions sociales.<\/div>\n<div dir=\"auto\">&#8211; Valoriser la jeunesse comme une richesse et non comme un probl\u00e8me \u00e0 g\u00e9rer.<\/div>\n<\/blockquote>\n<\/div>\n<div class=\"x11i5rnm xat24cr x1mh8g0r x1vvkbs xtlvy1s x126k92a\">\n<blockquote>\n<div dir=\"auto\"><strong>Pour une Anderlecht juste et solidaire.<\/strong><\/div>\n<\/blockquote>\n<div dir=\"auto\"><\/div>\n<div dir=\"auto\">Monsieur le Bourgmestre, Mesdames et Messieurs du Conseil Communal, il est encore temps de tirer les le\u00e7ons de cette affaire. Une politique de r\u00e9pression et de stigmatisation ne fait qu\u2019aggraver les fractures sociales.<\/div>\n<div dir=\"auto\"><\/div>\n<\/div>\n<div class=\"x11i5rnm xat24cr x1mh8g0r x1vvkbs xtlvy1s x126k92a\">\n<div dir=\"auto\">Nous esp\u00e9rons que la d\u00e9cision finale du Conseil d\u2019\u00c9tat r\u00e9tablira pleinement les droits des familles et des jeunes d\u2019Anderlecht en suspendant cette ordonnance ill\u00e9gale. Mais au-del\u00e0 du cadre juridique, c\u2019est une r\u00e9flexion politique plus large qui s\u2019impose : il est temps de construire une Anderlecht o\u00f9 chaque jeune, quelle que soit son origine ou son quartier, a les moyens de grandir avec dignit\u00e9, s\u00e9curit\u00e9 et espoir.<\/div>\n<\/div>\n<div dir=\"auto\"><\/div>\n<pre dir=\"auto\"><b>Nordine Sa\u00efdi\r\n<a href=\"https:\/\/bruxelles-pantheres.be\/\" target=\"_blank\" rel=\"noopener\">Bruxelles Panth\u00e8res<\/a><\/b>\r\n<i>\u00ab\u00a0La libert\u00e9, la justice et l'\u00e9galit\u00e9, par tous les moyens n\u00e9cessaires !\u00a0\u00bb<\/i>\u00a0Malcolm X<i><b>\r\n\r\n<a href=\"http:\/\/mcpalestine.canalblog.com\/\" target=\"_blank\" rel=\"noopener\">Mouvement Citoyen Palestine<\/a><\/b><\/i>\r\n<i>\u00ab L'\u00e9galit\u00e9 ou rien \u00bb\u00a0<\/i>Edward Said\r\n\r\n<\/pre>\n<div class=\"xdj266r x11i5rnm xat24cr x1mh8g0r x1vvkbs x126k92a\">\n<div dir=\"auto\">Le Conseil d\u2019\u00c9tat se prononcera dans le courant de la journ\u00e9e.<\/div>\n<div dir=\"auto\"><\/div>\n<\/div>\n<div class=\"x11i5rnm xat24cr x1mh8g0r x1vvkbs xtlvy1s x126k92a\">\n<div dir=\"auto\">L\u2019auditeur du Conseil d\u2019\u00c9tat a estim\u00e9 lundi que l\u2019assignation \u00e0 r\u00e9sidence d\u00e9cid\u00e9e par le bourgmestre d\u2019Anderlecht, Fabrice Cumps, \u00e0 l\u2019encontre des jeunes de moins de 16 ans du quartier de Cureghem pour la nuit du Nouvel an \u00e9tait ILL\u00c9GALE et contraire \u00e0 la Convention relative aux droits de l\u2019enfant.<\/div>\n<div dir=\"auto\"><\/div>\n<\/div>\n<div class=\"x11i5rnm xat24cr x1mh8g0r x1vvkbs xtlvy1s x126k92a\">\n<div dir=\"auto\">Il n\u2019en a toutefois pas demand\u00e9 la suspension, la famille \u00e0 l\u2019origine de la requ\u00eate n\u2019ayant pu d\u00e9montrer l\u2019existence d\u2019un pr\u00e9judice grave justifiant une suspension en urgence.<\/div>\n<div dir=\"auto\"><\/div>\n<\/div>\n<div class=\"x11i5rnm xat24cr x1mh8g0r x1vvkbs xtlvy1s x126k92a\">\n<div dir=\"auto\">(Note : c&rsquo;est incompr\u00e9hensible de notre point de vue. On peut donc violer la loi, la Constitution et les conventions internationales si \u00e7a ne provoque aucun pr\u00e9judice grave \u00e0 la personne qui d\u00e9pose un recours???)<\/div>\n<div dir=\"auto\"><\/div>\n<\/div>\n<div class=\"x11i5rnm xat24cr x1mh8g0r x1vvkbs xtlvy1s x126k92a\">\n<div dir=\"auto\">La nuit de la Saint-Sylvestre, les jeunes de moins de 16 ans ne pourront plus sortir qu\u2019accompagn\u00e9s d\u2019un parent ou d\u2019un tuteur \u00e0 partir de 19h00, a d\u00e9cid\u00e9 le bourgmestre Fabrice Cumps (PS).<\/div>\n<div dir=\"auto\"><\/div>\n<\/div>\n<div class=\"x11i5rnm xat24cr x1mh8g0r x1vvkbs xtlvy1s x126k92a\">\n<div dir=\"auto\">\u201cLe bourgmestre n\u2019avait pas l\u2019autorit\u00e9 pour prendre seul cette d\u00e9cision\u201c, estime l\u2019auditeur Benoit Cuvelier.<\/div>\n<div dir=\"auto\"><\/div>\n<\/div>\n<div class=\"x11i5rnm xat24cr x1mh8g0r x1vvkbs xtlvy1s x126k92a\">\n<div dir=\"auto\">\u201cLes incidents sur lesquels il s\u2019est appuy\u00e9 pour prendre cette d\u00e9cision se sont produits lors des nuits de la Saint-Sylvestre 2022 et 2023. La nuit de la Saint-Sylvestre 2024 n\u2019est donc pas un \u00e9v\u00e9nement impr\u00e9visible, c\u2019\u00e9tait ici au conseil communal d\u2019agir \u00e0 ce niveau.\u201d<\/div>\n<div dir=\"auto\"><\/div>\n<\/div>\n<div class=\"x11i5rnm xat24cr x1mh8g0r x1vvkbs xtlvy1s x126k92a\">\n<div dir=\"auto\">Selon l\u2019auditeur, la d\u00e9cision va aussi \u00e0 l\u2019encontre de la Convention relative aux droits de l\u2019enfant, qui n\u2019autorise l\u2019arrestation d\u2019un mineur qu\u2019en tant que mesure ultime, lorsqu\u2019aucune autre alternative n\u2019est possible.<\/div>\n<div dir=\"auto\"><\/div>\n<\/div>\n<div class=\"x11i5rnm xat24cr x1mh8g0r x1vvkbs xtlvy1s x126k92a\">\n<div dir=\"auto\">\u201cLa d\u00e9cision du bourgmestre pr\u00e9voit l\u2019arrestation imm\u00e9diate de tout mineur de moins de 16 ans qui n\u2019est pas accompagn\u00e9 d\u2019un parent ou d\u2019un tuteur, sans laisser \u00e0 la police le moindre pouvoir d\u2019appr\u00e9ciation.\u201d<\/div>\n<div dir=\"auto\"><\/div>\n<\/div>\n<div class=\"x11i5rnm xat24cr x1mh8g0r x1vvkbs xtlvy1s x126k92a\">\n<div dir=\"auto\">La d\u00e9cision du bourgmestre ne peut cependant pas \u00eatre suspendue car la famille \u00e0 l\u2019origine de la requ\u00eate n\u2019est pas irr\u00e9m\u00e9diablement l\u00e9s\u00e9e par un tel acte, conclut l\u2019auditeur.<\/div>\n<div dir=\"auto\"><\/div>\n<\/div>\n<div class=\"x11i5rnm xat24cr x1mh8g0r x1vvkbs xtlvy1s x126k92a\">\n<div dir=\"auto\">\u201cRien ne l\u2019emp\u00eache d\u2019accompagner leur fils de 15 ans ce soir-l\u00e0\u201c, a-t-il encore ajout\u00e9.<\/div>\n<div dir=\"auto\"><\/div>\n<\/div>\n<div class=\"x11i5rnm xat24cr x1mh8g0r x1vvkbs xtlvy1s x126k92a\">\n<div dir=\"auto\">source : Belga et BX1<\/div>\n<div dir=\"auto\"><span class=\"html-span xdj266r x11i5rnm xat24cr x1mh8g0r xexx8yu x4uap5 x18d9i69 xkhd6sd x1hl2dhg x16tdsg8 x1vvkbs\"><a class=\"x1i10hfl xjbqb8w x1ejq31n xd10rxx x1sy0etr x17r0tee x972fbf xcfux6l x1qhh985 xm0m39n x9f619 x1ypdohk xt0psk2 xe8uvvx xdj266r x11i5rnm xat24cr x1mh8g0r xexx8yu x4uap5 x18d9i69 xkhd6sd x16tdsg8 x1hl2dhg xggy1nq x1a2a7pz x1sur9pj xkrqix3 x1fey0fg x1s688f\" tabindex=\"0\" role=\"link\" href=\"https:\/\/www.instagram.com\/reel\/DEM86bbtr2B\/?igsh=ZWFwMzc0dHZuMm9i&amp;fbclid=IwZXh0bgNhZW0CMTAAAR2F7n8_NoowJbEMToXvbEmgP7kzkJhBpz9eGNnJAhVPLRneYAhTneRIKI8_aem_1bBIsB4v7XtMFUC5yfEHGA\" target=\"_blank\" rel=\"nofollow noopener noreferrer\">https:\/\/www.instagram.com\/reel\/DEM86bbtr2B\/&#8230;<\/a><\/span><\/div>\n<\/div>\n<div dir=\"auto\"><\/div>\n<div dir=\"auto\">\n<div class=\"xdj266r x11i5rnm xat24cr x1mh8g0r x1vvkbs x126k92a\">\n<div dir=\"auto\">Monsieur le Bourgmestre <span class=\"html-span xdj266r x11i5rnm xat24cr x1mh8g0r xexx8yu x4uap5 x18d9i69 xkhd6sd x1hl2dhg x16tdsg8 x1vvkbs\"><a class=\"x1i10hfl xjbqb8w x1ejq31n xd10rxx x1sy0etr x17r0tee x972fbf xcfux6l x1qhh985 xm0m39n x9f619 x1ypdohk xt0psk2 xe8uvvx xdj266r x11i5rnm xat24cr x1mh8g0r xexx8yu x4uap5 x18d9i69 xkhd6sd x16tdsg8 x1hl2dhg xggy1nq x1a2a7pz x1sur9pj xkrqix3 x1fey0fg x1s688f\" tabindex=\"0\" role=\"link\" href=\"https:\/\/www.facebook.com\/fabrice.cumps?__cft__[0]=AZXqZEGeajTL6ZM2HE4UAe1RjMiqeBjTGP7L2-8eO41o8APJmNNSZ89QUFur6u60OL2ISbR4BVAt1dyPFo49ZncKrlO9A2QXunF017l3lZHi94g6RFig7c9RHY_WrqMdSAycLRxhYereQCR7wnd4EQI-8ENCjs4SzrMzg_D06vvgqg&amp;__tn__=-]K-R\"><span class=\"xt0psk2\"><span class=\"xjp7ctv\"><span aria-describedby=\":rrq9:\">Fabrice Cumps<\/span><\/span><\/span><\/a><\/span><\/div>\n<div dir=\"auto\"><\/div>\n<\/div>\n<div class=\"x11i5rnm xat24cr x1mh8g0r x1vvkbs xtlvy1s x126k92a\">\n<div dir=\"auto\"><a href=\"https:\/\/www.rtbf.be\/article\/anderlecht-plusieurs-milliers-de-petards-saisis-dans-le-quartier-de-cureghem-le-risque-est-bien-present-11482902?fbclid=IwY2xjawH6VDpleHRuA2FlbQIxMQABHWY68eUjCTw6tCb-Jc_ZFro_p8sYcFjEji9-3LdfI0mk_1n8OLf2FOk_XQ_aem_bihgcMYfwBicnWp1TEtV9A\">Votre d\u00e9claration r\u00e9cente met en lumi\u00e8re un profond malaise dans la mani\u00e8re dont vous exercez votre fonction et dont vous appr\u00e9hendez les enjeux li\u00e9s \u00e0 la s\u00e9curit\u00e9 et aux droits fondamentaux. Vos propos, selon lesquels vous esp\u00e9rez que ceux qui contestent votre ordonnance \u00ab\u00a0prennent bien la mesure des dangers\u00a0\u00bb, t\u00e9moignent non seulement d\u2019une irresponsabilit\u00e9 flagrante, mais aussi d\u2019un m\u00e9pris inqui\u00e9tant pour la jeunesse, les familles, la justice et les principes d\u00e9mocratiques fondamentaux de notre soci\u00e9t\u00e9.<\/a><\/div>\n<div dir=\"auto\"><\/div>\n<\/div>\n<div class=\"x11i5rnm xat24cr x1mh8g0r x1vvkbs xtlvy1s x126k92a\">\n<blockquote>\n<div dir=\"auto\">Une stigmatisation dangereuse de la jeunesse.<\/div>\n<\/blockquote>\n<div dir=\"auto\"><\/div>\n<div dir=\"auto\">Votre ordonnance repose sur une vision r\u00e9ductrice et stigmatisante de la jeunesse, que vous pr\u00e9sentez syst\u00e9matiquement comme un probl\u00e8me \u00e0 g\u00e9rer, voire comme une menace. En amalgamant les jeunes \u00e0 des \u00ab\u00a0voyous\u00a0\u00bb, vous contribuez \u00e0 alimenter un imaginaire s\u00e9curitaire o\u00f9 les enfants et adolescents, en particulier ceux issus des quartiers populaires ou racis\u00e9s, sont per\u00e7us comme des dangers potentiels.<\/div>\n<div dir=\"auto\"><\/div>\n<\/div>\n<div class=\"x11i5rnm xat24cr x1mh8g0r x1vvkbs xtlvy1s x126k92a\">\n<blockquote>\n<div dir=\"auto\">Les jeunes ne sont pas des criminels en puissance.<\/div>\n<\/blockquote>\n<div dir=\"auto\"><\/div>\n<div dir=\"auto\">Ils sont des enfants et des adolescents qui m\u00e9ritent d\u2019\u00eatre prot\u00e9g\u00e9s, accompagn\u00e9s et valoris\u00e9s. En les d\u00e9signant comme responsables des probl\u00e8mes li\u00e9s \u00e0 la soir\u00e9e du Nouvel An, vous leur refusez une place l\u00e9gitime dans l\u2019espace public et les excluez d\u2019une soci\u00e9t\u00e9 qui devrait les inclure et les soutenir. Cette approche punitive ne r\u00e9sout rien. Au contraire, elle aggrave les tensions sociales et contribue \u00e0 renforcer leur marginalisation.<\/div>\n<\/div>\n<div class=\"x11i5rnm xat24cr x1mh8g0r x1vvkbs xtlvy1s x126k92a\">\n<div dir=\"auto\"><\/div>\n<blockquote>\n<div dir=\"auto\">Une infantilisation des parents.<\/div>\n<\/blockquote>\n<div dir=\"auto\"><\/div>\n<div dir=\"auto\">Votre posture paternaliste, illustr\u00e9e par votre d\u00e9claration selon laquelle vous seriez<a href=\"https:\/\/www.rtbf.be\/article\/anderlecht-plusieurs-milliers-de-petards-saisis-dans-le-quartier-de-cureghem-le-risque-est-bien-present-11482902?fbclid=IwY2xjawH6VDpleHRuA2FlbQIxMQABHWY68eUjCTw6tCb-Jc_ZFro_p8sYcFjEji9-3LdfI0mk_1n8OLf2FOk_XQ_aem_bihgcMYfwBicnWp1TEtV9A\"> le \u00ab\u00a0papa des Anderlechtois\u00a0\u00bb,<\/a> est profond\u00e9ment insultante pour les familles de votre commune. Les parents n\u2019ont pas besoin de vos le\u00e7ons ni de vos ordonnances liberticides pour savoir comment prot\u00e9ger et \u00e9duquer leurs enfants. Ce dont ils ont besoin, ce sont des politiques publiques qui respectent leur r\u00f4le de tuteurs l\u00e9gaux et qui leur offrent des outils concrets pour garantir l\u2019\u00e9panouissement de leurs enfants.<\/div>\n<div dir=\"auto\"><\/div>\n<\/div>\n<div class=\"x11i5rnm xat24cr x1mh8g0r x1vvkbs xtlvy1s x126k92a\">\n<div dir=\"auto\">En pr\u00e9tendant que votre ordonnance est destin\u00e9e \u00e0 \u00ab\u00a0prot\u00e9ger ces enfants malgr\u00e9 eux\u00a0\u00bb, vous niez la capacit\u00e9 des parents \u00e0 juger de ce qui est le mieux pour leurs propres enfants. Cette infantilisation des familles ne fait qu\u2019exacerber le foss\u00e9 entre les institutions et les citoyens qu\u2019elles sont cens\u00e9es servir.<\/div>\n<\/div>\n<div class=\"x11i5rnm xat24cr x1mh8g0r x1vvkbs xtlvy1s x126k92a\">\n<div dir=\"auto\"><\/div>\n<blockquote>\n<div dir=\"auto\">Un m\u00e9pris pour la justice et les droits fondamentaux.<\/div>\n<\/blockquote>\n<div dir=\"auto\"><\/div>\n<div dir=\"auto\">Votre remarque condescendante envers l\u2019action en justice intent\u00e9e devant le Conseil d\u2019\u00c9tat traduit un m\u00e9pris inqui\u00e9tant pour les principes fondamentaux de l\u2019\u00c9tat de droit.<\/div>\n<div dir=\"auto\">La possibilit\u00e9 de contester l\u00e9galement une d\u00e9cision administrative n\u2019est pas un luxe, mais une garantie essentielle dans une d\u00e9mocratie.<\/div>\n<div dir=\"auto\">Votre commentaire, insinuant que ceux qui d\u00e9fendent leurs droits ne mesurent pas les dangers, est non seulement infond\u00e9, mais \u00e9galement dangereux.<\/div>\n<div dir=\"auto\"><\/div>\n<\/div>\n<div class=\"x11i5rnm xat24cr x1mh8g0r x1vvkbs xtlvy1s x126k92a\">\n<div dir=\"auto\">Les citoyens qui ont saisi le Conseil d\u2019\u00c9tat ne cherchent pas \u00e0 encourager des d\u00e9bordements, comme vous semblez le sous-entendre. Ils agissent pour d\u00e9fendre des libert\u00e9s fondamentales que votre ordonnance menace gravement.<\/div>\n<div dir=\"auto\">En contestant une mesure jug\u00e9e liberticide, ils rappellent que m\u00eame un Bourgmestre est soumis \u00e0 la loi et \u00e0 la Constitution belge. Votre tentative de discr\u00e9diter cette d\u00e9marche r\u00e9v\u00e8le une m\u00e9connaissance troublante de vos responsabilit\u00e9s en tant qu\u2019\u00e9lu.<\/div>\n<div dir=\"auto\"><\/div>\n<\/div>\n<div class=\"x11i5rnm xat24cr x1mh8g0r x1vvkbs xtlvy1s x126k92a\">\n<blockquote>\n<div dir=\"auto\">Une atteinte \u00e0 la Constitution belge.<\/div>\n<\/blockquote>\n<div dir=\"auto\"><\/div>\n<div dir=\"auto\">Votre ordonnance constitue une atteinte flagrante aux principes fondamentaux garantis par la Constitution belge, notamment :<\/div>\n<\/div>\n<div class=\"x11i5rnm xat24cr x1mh8g0r x1vvkbs xtlvy1s x126k92a\">\n<div dir=\"auto\">La libert\u00e9 individuelle (article 12) : Votre interdiction g\u00e9n\u00e9rale, qui vise une cat\u00e9gorie enti\u00e8re de personnes en fonction de leur \u00e2ge et de leur lieu de r\u00e9sidence, est arbitraire et disproportionn\u00e9e.<\/div>\n<div dir=\"auto\"><\/div>\n<div dir=\"auto\">Le principe d\u2019\u00e9galit\u00e9 et de non-discrimination (articles 10 et 11) : En ciblant sp\u00e9cifiquement les mineurs non accompagn\u00e9s dans certains quartiers, votre mesure instaure une discrimination indirecte \u00e0 l\u2019encontre des jeunes issus de milieux populaires et racis\u00e9s.<\/div>\n<div dir=\"auto\"><\/div>\n<div dir=\"auto\">Le respect de la vie priv\u00e9e et familiale (article 22) : En emp\u00eachant les familles de se r\u00e9unir ou de permettre \u00e0 leurs enfants de circuler librement, votre ordonnance porte atteinte \u00e0 un droit fondamental.<\/div>\n<blockquote>\n<div dir=\"auto\"><\/div>\n<\/blockquote>\n<\/div>\n<div class=\"x11i5rnm xat24cr x1mh8g0r x1vvkbs xtlvy1s x126k92a\">\n<blockquote>\n<div dir=\"auto\">Une politique s\u00e9curitaire inefficace.<\/div>\n<\/blockquote>\n<div dir=\"auto\"><\/div>\n<div dir=\"auto\">Loin de r\u00e9pondre aux v\u00e9ritables d\u00e9fis pos\u00e9s par les festivit\u00e9s du Nouvel An, votre ordonnance d\u00e9tourne les ressources publiques vers des mesures r\u00e9pressives qui stigmatisent une population sp\u00e9cifique sans s\u2019attaquer aux causes profondes des probl\u00e8mes.<\/div>\n<div dir=\"auto\"><\/div>\n<\/div>\n<div class=\"x11i5rnm xat24cr x1mh8g0r x1vvkbs xtlvy1s x126k92a\">\n<div dir=\"auto\">Vous reconnaissez vous-m\u00eame que des incidents li\u00e9s \u00e0 cette soir\u00e9e sont r\u00e9currents et pr\u00e9visibles. Pourtant, au lieu de mettre en place des solutions durables, comme des activit\u00e9s festives encadr\u00e9es, des espaces s\u00fbrs pour les jeunes ou un dialogue renforc\u00e9 avec les habitants, vous avez opt\u00e9 pour une interdiction g\u00e9n\u00e9rale et autoritaire.<\/div>\n<div dir=\"auto\">Cette approche, qui criminalise par d\u00e9faut les jeunes, ne fait qu\u2019exacerber les tensions sociales et \u00e9loigne encore davantage ces jeunes des institutions qui devraient les soutenir.<\/div>\n<div dir=\"auto\"><\/div>\n<\/div>\n<div class=\"x11i5rnm xat24cr x1mh8g0r x1vvkbs xtlvy1s x126k92a\">\n<blockquote>\n<div dir=\"auto\">Une irresponsabilit\u00e9 politique.<\/div>\n<\/blockquote>\n<div dir=\"auto\"><\/div>\n<div dir=\"auto\">Enfin, en insinuant que les citoyens qui contestent votre ordonnance pourraient \u00eatre responsables d\u2019\u00e9ventuels d\u00e9bordements, vous adoptez une posture irresponsable et dangereuse.<\/div>\n<div dir=\"auto\">En tant que Bourgmestre, il est de votre devoir d\u2019assumer pleinement vos d\u00e9cisions et leurs cons\u00e9quences, y compris lorsqu\u2019elles sont critiqu\u00e9es. Rejeter la responsabilit\u00e9 sur ceux qui d\u00e9fendent leurs droits ne fait que masquer vos propres insuffisances.<\/div>\n<div dir=\"auto\"><\/div>\n<\/div>\n<div class=\"x11i5rnm xat24cr x1mh8g0r x1vvkbs xtlvy1s x126k92a\">\n<blockquote>\n<div dir=\"auto\">Conclusion.<\/div>\n<\/blockquote>\n<div dir=\"auto\"><\/div>\n<div dir=\"auto\">Monsieur le Bourgmestre, il est temps de changer d\u2019approche. Prot\u00e9ger une population ne signifie pas restreindre ses libert\u00e9s fondamentales ni stigmatiser une partie de ses citoyens. Cela signifie investir dans des solutions inclusives, sociales et \u00e9ducatives qui renforcent la coh\u00e9sion et la s\u00e9curit\u00e9 de tous.<\/div>\n<\/div>\n<div class=\"x11i5rnm xat24cr x1mh8g0r x1vvkbs xtlvy1s x126k92a\">\n<div dir=\"auto\"><\/div>\n<div dir=\"auto\">Nous vous demandons de revoir vos priorit\u00e9s et de mettre vos ressources au service de politiques qui respectent les droits humains, soutiennent les familles et valorisent la jeunesse d\u2019Anderlecht. Prot\u00e9ger nos enfants ne passe pas par leur criminalisation, mais par leur int\u00e9gration et leur \u00e9panouissement.<\/div>\n<\/div>\n<div class=\"x11i5rnm xat24cr x1mh8g0r x1vvkbs xtlvy1s x126k92a\">\n<div dir=\"auto\"><\/div>\n<div dir=\"auto\">La d\u00e9mocratie repose sur le respect du droit, de la justice et du dialogue.<\/div>\n<div dir=\"auto\"><\/div>\n<div dir=\"auto\">Vous avez une responsabilit\u00e9 envers vos concitoyens, et il est imp\u00e9ratif que vous l\u2019assumiez avec dignit\u00e9, responsabilit\u00e9 et respect des principes fondamentaux.<\/div>\n<\/div>\n<\/div>\n<div dir=\"auto\"><\/div>\n<pre dir=\"auto\"><b>Nordine Sa\u00efdi\r\n<a href=\"https:\/\/bruxelles-pantheres.be\/\" target=\"_blank\" rel=\"noopener\">Bruxelles Panth\u00e8res<\/a><\/b>\r\n<i>\u00ab\u00a0La libert\u00e9, la justice et l'\u00e9galit\u00e9, par tous les moyens n\u00e9cessaires !\u00a0\u00bb<\/i>\u00a0Malcolm X<i><b>\r\n\r\n<a href=\"http:\/\/mcpalestine.canalblog.com\/\" target=\"_blank\" rel=\"noopener\">Mouvement Citoyen Palestine<\/a><\/b><\/i>\r\n<i>\u00ab L'\u00e9galit\u00e9 ou rien \u00bb\u00a0<\/i>Edward Said<\/pre>\n<div class=\"xdj266r x11i5rnm xat24cr x1mh8g0r x1vvkbs x126k92a\">\n<div dir=\"auto\">Le Bourgmestre <span class=\"html-span xdj266r x11i5rnm xat24cr x1mh8g0r xexx8yu x4uap5 x18d9i69 xkhd6sd x1hl2dhg x16tdsg8 x1vvkbs\"><a class=\"x1i10hfl xjbqb8w x1ejq31n xd10rxx x1sy0etr x17r0tee x972fbf xcfux6l x1qhh985 xm0m39n x9f619 x1ypdohk xt0psk2 xe8uvvx xdj266r x11i5rnm xat24cr x1mh8g0r xexx8yu x4uap5 x18d9i69 xkhd6sd x16tdsg8 x1hl2dhg xggy1nq x1a2a7pz x1sur9pj xkrqix3 x1fey0fg x1s688f\" tabindex=\"0\" role=\"link\" href=\"https:\/\/www.facebook.com\/FabriceCumps2018?__cft__[0]=AZWtS0DSTAVGv30ld1Ni2zTlKn5bkY73bc-BBS53Vq-WxbomfrRMKMN9MQsWuoZiwsFJn1VJ3g2Xqh2rdsvTZFtNySCeGmfrxu0KY0Cge9IzI74jLykfcZUoBDLj5CrHvSFePLnAOQngeXgLpPSU3e6vDrP7BSRsg0a3lghEu33NUQ&amp;__tn__=-]K-R\"><span class=\"xt0psk2\"><span class=\"xjp7ctv\"><span aria-describedby=\":rs0n:\">Fabrice Cumps<\/span><\/span><\/span><\/a><\/span> persiste dans une logique r\u00e9pressive avec une mesure injuste, inutile et discriminatoire : interdire aux mineurs non accompagn\u00e9s de circuler dans certains quartiers apr\u00e8s 19h le soir du Nouvel An. Pendant ce temps, les vrais probl\u00e8mes restent ignor\u00e9s. Les r\u00e8glements de comptes sanglants, les nuisances li\u00e9es \u00e0 la drogue et les tirs \u00e0 balles r\u00e9elles continuent d\u2019endeuiller Anderlecht, sans r\u00e9ponse efficace de la part des autorit\u00e9s locales.<\/div>\n<div dir=\"auto\"><\/div>\n<\/div>\n<div class=\"x11i5rnm xat24cr x1mh8g0r x1vvkbs xtlvy1s x126k92a\">\n<div dir=\"auto\"><a href=\"https:\/\/www.7sur7.be\/belgique\/je-suis-sur-qu-il-y-aura-des-debordements-le-chef-de-la-police-bruxelloise-est-inquiet-pour-le-nouvel-an~ada35fb7\/?fbclid=IwY2xjawH6VMFleHRuA2FlbQIxMQABHds0PhTfmVVA5nc9PaFCmh_09dVvzcH60IaBFpieDjBDcE4-bHK1RepRPA_aem_7nkRQ8iEH7s830M7_orsJA\">Le chef de la police bruxelloise, lui, fait preuve de bien plus de lucidit\u00e9 en reconnaissant que le Nouvel An est une soir\u00e9e particuli\u00e8re, marqu\u00e9e par un risque accru d\u2019incidents. Cette situation n\u2019est pas propre \u00e0 Bruxelles ou Anderlecht, mais commune \u00e0 toutes les grandes m\u00e9tropoles du monde.<\/a> Son constat est clair, r\u00e9aliste et d\u00e9nu\u00e9 de longs d\u00e9tours id\u00e9ologiques. Contrairement \u00e0 l\u2019approche du Bourgmestre, il ne stigmatise pas une partie de la population ni n\u2019interdit l\u2019espace public \u00e0 une cat\u00e9gorie sp\u00e9cifique de citoyens : les jeunes, et particuli\u00e8rement les jeunes Noirs et Arabes.<\/div>\n<div dir=\"auto\"><\/div>\n<\/div>\n<div class=\"x11i5rnm xat24cr x1mh8g0r x1vvkbs xtlvy1s x126k92a\">\n<div dir=\"auto\">\u00c0 l\u2019inverse, Fabrice Cumps semble davantage inspir\u00e9 par une rh\u00e9torique s\u00e9curitaire proche de l\u2019extr\u00eame droite que par ses propres services de police. L\u2019ordonnance interdisant aux jeunes de moins de 16 ans de circuler le soir du Nouvel An est un exemple frappant de cette d\u00e9rive. Loin de prot\u00e9ger quiconque, cette mesure stigmatise les jeunes, notamment Noirs et Arabes, en les assimilant syst\u00e9matiquement \u00e0 des fauteurs de troubles.<\/div>\n<\/div>\n<div class=\"x11i5rnm xat24cr x1mh8g0r x1vvkbs xtlvy1s x126k92a\">\n<div dir=\"auto\">G\u00e9rer les jeunes sans les criminaliser.<\/div>\n<div dir=\"auto\"><\/div>\n<div dir=\"auto\">Personne ne dit que g\u00e9rer les festivit\u00e9s du Nouvel An est simple. Personne ne nie que des d\u00e9bordements peuvent survenir, ou que la jeunesse peut parfois poser des probl\u00e8mes. Mais ces d\u00e9fis ne se r\u00e9solvent pas en criminalisant les jeunes ni en leur faisant porter, par d\u00e9faut, la responsabilit\u00e9 de tous les maux.<\/div>\n<\/div>\n<div class=\"x11i5rnm xat24cr x1mh8g0r x1vvkbs xtlvy1s x126k92a\">\n<div dir=\"auto\">Les jeunes ne sont pas des criminels. Ce sont des enfants et des adolescents qui m\u00e9ritent d\u2019\u00eatre accompagn\u00e9s, entendus et soutenus. Les probl\u00e8mes sociaux et s\u00e9curitaires auxquels ils sont parfois li\u00e9s ne peuvent \u00eatre r\u00e9gl\u00e9s par des mesures qui les excluent de l\u2019espace public ou qui renforcent leur marginalisation.<\/div>\n<\/div>\n<div class=\"x11i5rnm xat24cr x1mh8g0r x1vvkbs xtlvy1s x126k92a\">\n<div dir=\"auto\">Nos enfants m\u00e9ritent mieux.<\/div>\n<div dir=\"auto\"><\/div>\n<div dir=\"auto\">Nous, habitants d\u2019Anderlecht, sommes les premiers \u00e0 vivre les nuisances li\u00e9es aux p\u00e9tards et feux d\u2019artifice, les ravages de la drogue dans nos rues, et l\u2019ins\u00e9curit\u00e9 des r\u00e8glements de comptes. Mais nous refusons cat\u00e9goriquement que ces d\u00e9fis soient abord\u00e9s uniquement par des logiques r\u00e9pressives.<\/div>\n<\/div>\n<div class=\"x11i5rnm xat24cr x1mh8g0r x1vvkbs xtlvy1s x126k92a\">\n<div dir=\"auto\">Monsieur Cumps, nous n\u2019avons pas besoin que vous nous appreniez \u00e0 \u00e9duquer nos enfants. Nous avons besoin que vous respectiez leurs droits et leur offriez une vie digne. Nous n\u2019avons pas besoin de policiers en plus pour surveiller nos jeunes, mais de lieux s\u00fbrs, d\u2019associations soutenues, et de v\u00e9ritables investissements dans leur avenir.<\/div>\n<div dir=\"auto\"><\/div>\n<\/div>\n<div class=\"x11i5rnm xat24cr x1mh8g0r x1vvkbs xtlvy1s x126k92a\">\n<div dir=\"auto\">Une demande de changement imm\u00e9diat.<\/div>\n<div dir=\"auto\"><\/div>\n<div dir=\"auto\">Ce que nous demandons, c\u2019est une approche sociale et humaine :<\/div>\n<div dir=\"auto\"><\/div>\n<\/div>\n<div class=\"x11i5rnm xat24cr x1mh8g0r x1vvkbs xtlvy1s x126k92a\">\n<div dir=\"auto\">Des lieux s\u00fbrs pour que les jeunes puissent s\u2019\u00e9panouir, des maisons de jeunes, des terrains de sport, et des espaces culturels.<\/div>\n<div dir=\"auto\">Des moyens pour les associations locales, qui connaissent les r\u00e9alit\u00e9s du terrain et agissent efficacement.<\/div>\n<div dir=\"auto\">Des solutions \u00e9ducatives et pr\u00e9ventives, au lieu de stigmatiser et r\u00e9primer.<\/div>\n<div dir=\"auto\">Prot\u00e9ger nos enfants, ce n\u2019est pas leur interdire de circuler dans leur propre quartier ou de c\u00e9l\u00e9brer des moments festifs. C\u2019est leur permettre de grandir en s\u00e9curit\u00e9, avec dignit\u00e9 et espoir.<\/div>\n<div dir=\"auto\"><\/div>\n<\/div>\n<div class=\"x11i5rnm xat24cr x1mh8g0r x1vvkbs xtlvy1s x126k92a\">\n<div dir=\"auto\">Monsieur le Bourgmestre, vous \u00eates socialiste. Ces valeurs de solidarit\u00e9, d\u2019\u00e9galit\u00e9 et de justice sociale devraient vous guider. Pourtant, vos mesures rappellent davantage les m\u00e9thodes d\u2019exclusion et de contr\u00f4le pr\u00f4n\u00e9es par l\u2019extr\u00eame droite. Nous vous demandons de revenir \u00e0 des priorit\u00e9s qui respectent les droits et les besoins de tous les habitants d\u2019Anderlecht.<\/div>\n<div dir=\"auto\"><\/div>\n<\/div>\n<div class=\"x11i5rnm xat24cr x1mh8g0r x1vvkbs xtlvy1s x126k92a\">\n<div dir=\"auto\">Nos jeunes ne sont pas des menaces \u00e0 \u00e9radiquer. Ce sont des forces vives \u00e0 accompagner et \u00e0 valoriser. Anderlecht m\u00e9rite mieux. Nos enfants m\u00e9ritent mieux. Nous continuerons \u00e0 nous battre pour eux, parce qu\u2019ils ne m\u00e9ritent pas d\u2019\u00eatre sacrifi\u00e9s sur l\u2019autel de politiques s\u00e9curitaires inefficaces et injustes.<\/div>\n<\/div>\n<p><b>Nordine Sa\u00efdi<br \/>\n<a href=\"https:\/\/bruxelles-pantheres.be\/\" target=\"_blank\" rel=\"noopener\">Bruxelles Panth\u00e8res<\/a><\/b><br \/>\n<i>\u00ab\u00a0La libert\u00e9, la justice et l&rsquo;\u00e9galit\u00e9, par tous les moyens n\u00e9cessaires !\u00a0\u00bb<\/i>\u00a0Malcolm X<i><b><\/p>\n<p><a href=\"http:\/\/mcpalestine.canalblog.com\/\" target=\"_blank\" rel=\"noopener\">Mouvement Citoyen Palestine<\/a><\/b><\/i><br \/>\n<i>\u00ab L&rsquo;\u00e9galit\u00e9 ou rien \u00bb\u00a0<\/i>Edward Said<\/p>\n<p style=\"text-align: center;\"><a href=\"https:\/\/bruxelles-pantheres.be\/wp-content\/uploads\/2025\/01\/471499733_9080420325345593_2172280756796026855_n.jpg\"><img decoding=\"async\" class=\"aligncenter wp-image-6150 size-full\" src=\"https:\/\/bruxelles-pantheres.be\/wp-content\/uploads\/2025\/01\/471499733_9080420325345593_2172280756796026855_n.jpg\" alt=\"\" width=\"843\" height=\"514\" srcset=\"https:\/\/bruxelles-pantheres.be\/wp-content\/uploads\/2025\/01\/471499733_9080420325345593_2172280756796026855_n.jpg 843w, https:\/\/bruxelles-pantheres.be\/wp-content\/uploads\/2025\/01\/471499733_9080420325345593_2172280756796026855_n-300x183.jpg 300w, https:\/\/bruxelles-pantheres.be\/wp-content\/uploads\/2025\/01\/471499733_9080420325345593_2172280756796026855_n-768x468.jpg 768w\" sizes=\"(max-width: 843px) 100vw, 843px\" \/><\/a><\/p>\n<div dir=\"auto\"><strong>Communiqu\u00e9 de presse<\/strong><\/div>\n<div dir=\"auto\"><\/div>\n<div dir=\"auto\">Anderlecht : Une requ\u00eate au Conseil d\u2019\u00c9tat pour d\u00e9fendre les droits de nos jeunes face \u00e0 une mesure liberticide<\/div>\n<div dir=\"auto\"><\/div>\n<div dir=\"auto\">Apr\u00e8s avoir envoy\u00e9 deux courriers rest\u00e9s sans r\u00e9ponse au Bourgmestre d\u2019Anderlecht, Fabrice Cumps, et au Conseil Communal, ainsi qu\u2019une mise en demeure adress\u00e9e par mon avocate, \u00e9galement ignor\u00e9e, j\u2019ai pris la d\u00e9cision d\u2019introduire une requ\u00eate en annulation et une demande de suspension en extr\u00eame urgence aupr\u00e8s du Conseil d\u2019\u00c9tat. Cette d\u00e9marche est un acte de r\u00e9sistance face \u00e0 une ordonnance injuste, discriminatoire et profond\u00e9ment liberticide, interdisant aux mineurs non accompagn\u00e9s de circuler dans l\u2019espace public apr\u00e8s 19h00 le soir du Nouvel An.<\/div>\n<div dir=\"auto\"><\/div>\n<div dir=\"auto\">Cette mesure, pr\u00e9sent\u00e9e comme une r\u00e9ponse s\u00e9curitaire aux risques li\u00e9s \u00e0 l\u2019utilisation de feux d\u2019artifice, est non seulement disproportionn\u00e9e, mais \u00e9galement inefficace et stigmatisante. Elle criminalise une cat\u00e9gorie de la population \u2013 nos jeunes \u2013 sans s\u2019attaquer aux causes r\u00e9elles des tensions sociales et des probl\u00e8mes de s\u00e9curit\u00e9 \u00e0 Anderlecht.<\/div>\n<div dir=\"auto\"><\/div>\n<blockquote>\n<div dir=\"auto\"><strong>Un d\u00e9ni des droits fondamentaux<\/strong><\/div>\n<\/blockquote>\n<div dir=\"auto\"><\/div>\n<div dir=\"auto\">Cette ordonnance s\u2019appuie sur les articles 134 et 135 de la Nouvelle Loi Communale, qui permettent au Bourgmestre d\u2019agir en cas d\u2019urgence ou de troubles graves. Or, le Nouvel An est un \u00e9v\u00e9nement pr\u00e9visible et r\u00e9current, et il ne peut \u00eatre invoqu\u00e9 comme un pr\u00e9texte pour justifier une telle restriction des libert\u00e9s. Cette mesure ne respecte ni la proportionnalit\u00e9 exig\u00e9e par la loi, ni les droits fondamentaux garantis par la Constitution belge, la Convention europ\u00e9enne des droits de l\u2019homme et la Convention internationale relative aux droits de l\u2019enfant.<\/div>\n<div dir=\"auto\">Plut\u00f4t que de pr\u00e9venir les dangers li\u00e9s aux feux d\u2019artifice en interdisant ces derniers, cette ordonnance s\u2019attaque \u00e0 la libert\u00e9 de circulation des jeunes, les emp\u00eachant de profiter d\u2019un moment festif en famille ou entre amis. \u00c0 19h00, il est habituel et normal pour un jeune de moins de 16 ans de sortir seul pour se rendre chez des proches, participer \u00e0 des festivit\u00e9s ou m\u00eame effectuer des courses de derni\u00e8re minute. Cette mesure nie cette r\u00e9alit\u00e9 quotidienne et expose les mineurs \u00e0 des arrestations administratives injustifi\u00e9es.<\/div>\n<div dir=\"auto\"><\/div>\n<blockquote>\n<div dir=\"auto\"><strong>Une stigmatisation inacceptable<\/strong><\/div>\n<\/blockquote>\n<div dir=\"auto\"><\/div>\n<div dir=\"auto\">Cette ordonnance cible particuli\u00e8rement les jeunes issus des quartiers populaires, d\u00e9j\u00e0 souvent confront\u00e9s \u00e0 des contr\u00f4les policiers excessifs. Elle renforce une logique de stigmatisation et de marginalisation qui consid\u00e8re ces jeunes comme des \u00ab\u00a0troubles potentiels\u00a0\u00bb simplement parce qu\u2019ils sont pr\u00e9sents dans l\u2019espace public.<\/div>\n<div dir=\"auto\"><\/div>\n<div dir=\"auto\">De plus, la communication autour de cette mesure est largement insuffisante. Une ordonnance affich\u00e9e aux valves de la commune ne permet pas d\u2019informer efficacement les habitants. Il est \u00e9vident que de nombreuses familles et jeunes ne seront pas au courant de cette interdiction, ce qui entra\u00eenera des contr\u00f4les arbitraires et des sanctions injustifi\u00e9es. Une arrestation, m\u00eame temporaire, est toujours traumatisante pour un mineur et peut laisser des s\u00e9quelles psychologiques durables.<\/div>\n<div dir=\"auto\"><\/div>\n<blockquote>\n<div dir=\"auto\"><strong>Une mesure isol\u00e9e et contest\u00e9e<\/strong><\/div>\n<\/blockquote>\n<div dir=\"auto\"><\/div>\n<div dir=\"auto\">Il est frappant de constater que cette mesure est unique dans la R\u00e9gion bruxelloise. Les Bourgmestres de Saint-Gilles et de Forest, \u00e9galement membres du Parti Socialiste, ont refus\u00e9 de prendre des mesures similaires, les jugeant inefficaces, inapplicables et injustes. Ils ont soulign\u00e9 qu\u2019une telle interdiction ne ferait que d\u00e9placer les jeunes vers d\u2019autres quartiers sans r\u00e9soudre les tensions. Pendant ce temps, Fabrice Cumps agit seul, adoptant une logique s\u00e9curitaire qui semble plus proche des positions de la N-VA que des valeurs de solidarit\u00e9 et de justice sociale que son parti pr\u00e9tend d\u00e9fendre.<\/div>\n<div dir=\"auto\">Un appel aux parents et aux citoyens d\u2019Anderlecht<\/div>\n<div dir=\"auto\"><\/div>\n<div dir=\"auto\">L\u2019affaire sera examin\u00e9e par le Conseil d\u2019\u00c9tat lors d\u2019une audience publique pr\u00e9vue le 30 d\u00e9cembre 2024 \u00e0 11h, dans la salle d\u2019audience situ\u00e9e rue de la Science 35, \u00e0 1040 Bruxelles.<\/div>\n<div dir=\"auto\"><\/div>\n<div dir=\"auto\">Je lance un appel \u00e0 tous les parents, citoyens et acteurs associatifs concern\u00e9s : mobilisez-vous et venez assister \u00e0 cette audience pour montrer votre opposition \u00e0 cette mesure injuste. Nos enfants m\u00e9ritent mieux qu\u2019une politique de r\u00e9pression aveugle. Ils m\u00e9ritent des lieux de sociabilisation, des infrastructures adapt\u00e9es, des opportunit\u00e9s pour s\u2019\u00e9panouir et participer activement \u00e0 la vie de leur commune.<\/div>\n<div dir=\"auto\"><\/div>\n<div dir=\"auto\">Nous devons refuser cette criminalisation de la jeunesse, qui d\u00e9tourne les ressources publiques des v\u00e9ritables priorit\u00e9s : l\u2019\u00e9ducation, le logement d\u00e9cent, les espaces pour les jeunes, et le dialogue social.<\/div>\n<div dir=\"auto\"><\/div>\n<div dir=\"auto\">Cette requ\u00eate devant le Conseil d\u2019\u00c9tat est bien plus qu\u2019une d\u00e9marche juridique. C\u2019est un acte de d\u00e9fense des libert\u00e9s fondamentales, un refus de voir nos enfants et nos quartiers sacrifi\u00e9s sur l\u2019autel de politiques s\u00e9curitaires inefficaces. La s\u00e9curit\u00e9 de nos jeunes ne peut \u00eatre garantie par des interdictions arbitraires ou des contr\u00f4les renforc\u00e9s, mais par des investissements dans leur avenir.<\/div>\n<div dir=\"auto\"><\/div>\n<div dir=\"auto\">Rejoignez-nous pour d\u00e9fendre une vision inclusive, juste et humaine d\u2019Anderlecht, o\u00f9 chaque jeune a la possibilit\u00e9 de grandir et de s\u2019\u00e9panouir sans \u00eatre stigmatis\u00e9 ni criminalis\u00e9.<\/div>\n<div dir=\"auto\"><\/div>\n<div dir=\"auto\">Contact presse :<\/div>\n<div dir=\"auto\"><span class=\"html-span xdj266r x11i5rnm xat24cr x1mh8g0r xexx8yu x4uap5 x18d9i69 xkhd6sd x1hl2dhg x16tdsg8 x1vvkbs\"><a class=\"x1i10hfl xjbqb8w x1ejq31n xd10rxx x1sy0etr x17r0tee x972fbf xcfux6l x1qhh985 xm0m39n x9f619 x1ypdohk xt0psk2 xe8uvvx xdj266r x11i5rnm xat24cr x1mh8g0r xexx8yu x4uap5 x18d9i69 xkhd6sd x16tdsg8 x1hl2dhg xggy1nq x1a2a7pz x1sur9pj xkrqix3 x1fey0fg x1s688f\" tabindex=\"0\" role=\"link\" href=\"https:\/\/www.facebook.com\/nordine.saidi.1?__cft__[0]=AZVKKdzcn6ZwxTFv_qBWK2vrOu1-U51VwAlxswONYZF84hkDs785rr85pX5NuSXfOhzO5yqA8s5gasbZ1EDR10bSNP_0BPuoeNj19TUUOZQg5Ausxn7tociEEsHuA_xPGtxGGj_3H9cBM0rOKRPk7Jd7k4jHMnwgh99Sca9LHZ7hAw&amp;__tn__=-]K-R\"><span class=\"xt0psk2\"><span class=\"xjp7ctv\"><span aria-describedby=\":rsdo:\">Nordine Saidi<\/span><\/span><\/span><\/a><\/span><\/div>\n","protected":false},"excerpt":{"rendered":"<p>Les premiers bilans de la nuit du Nouvel An \u00e0 Anderlecht mettent en lumi\u00e8re l\u2019inefficacit\u00e9 flagrante de l\u2019ordonnance du Bourgmestre Fabrice Cumps interdisant aux jeunes de moins de 16 ans de circuler sans accompagnement parental. Si aucune arrestation n\u2019a \u00e9t\u00e9 effectu\u00e9e, le Bourgmestre qualifie pourtant la mesure d\u2019\u00ab utile sur le plan symbolique \u00bb.<\/p>\n","protected":false},"author":1,"featured_media":0,"comment_status":"open","ping_status":"open","sticky":false,"template":"","format":"standard","meta":{"footnotes":""},"categories":[18,28,5],"tags":[419,13],"class_list":["post-6144","post","type-post","status-publish","format-standard","hentry","category-resistance-bruxelles","category-racismes","category-violence-policiere","tag-anderlecht","tag-nordine-saidi"],"_links":{"self":[{"href":"https:\/\/bruxelles-pantheres.be\/index.php?rest_route=\/wp\/v2\/posts\/6144","targetHints":{"allow":["GET"]}}],"collection":[{"href":"https:\/\/bruxelles-pantheres.be\/index.php?rest_route=\/wp\/v2\/posts"}],"about":[{"href":"https:\/\/bruxelles-pantheres.be\/index.php?rest_route=\/wp\/v2\/types\/post"}],"author":[{"embeddable":true,"href":"https:\/\/bruxelles-pantheres.be\/index.php?rest_route=\/wp\/v2\/users\/1"}],"replies":[{"embeddable":true,"href":"https:\/\/bruxelles-pantheres.be\/index.php?rest_route=%2Fwp%2Fv2%2Fcomments&post=6144"}],"version-history":[{"count":6,"href":"https:\/\/bruxelles-pantheres.be\/index.php?rest_route=\/wp\/v2\/posts\/6144\/revisions"}],"predecessor-version":[{"id":6151,"href":"https:\/\/bruxelles-pantheres.be\/index.php?rest_route=\/wp\/v2\/posts\/6144\/revisions\/6151"}],"wp:attachment":[{"href":"https:\/\/bruxelles-pantheres.be\/index.php?rest_route=%2Fwp%2Fv2%2Fmedia&parent=6144"}],"wp:term":[{"taxonomy":"category","embeddable":true,"href":"https:\/\/bruxelles-pantheres.be\/index.php?rest_route=%2Fwp%2Fv2%2Fcategories&post=6144"},{"taxonomy":"post_tag","embeddable":true,"href":"https:\/\/bruxelles-pantheres.be\/index.php?rest_route=%2Fwp%2Fv2%2Ftags&post=6144"}],"curies":[{"name":"wp","href":"https:\/\/api.w.org\/{rel}","templated":true}]}}