{"id":6152,"date":"2024-12-25T23:02:44","date_gmt":"2024-12-25T22:02:44","guid":{"rendered":"https:\/\/bruxelles-pantheres.be\/?p=6152"},"modified":"2025-01-19T23:08:55","modified_gmt":"2025-01-19T22:08:55","slug":"6152","status":"publish","type":"post","link":"https:\/\/bruxelles-pantheres.be\/?p=6152","title":{"rendered":"Nous ne nous contentons pas de v\u0153ux vides ; notre solidarit\u00e9 est vivante, active, et engag\u00e9e."},"content":{"rendered":"<p>\u00c0 nos fr\u00e8res et s\u0153urs en Palestine,<\/p>\n<p>En ce jour o\u00f9 beaucoup c\u00e9l\u00e8brent dans l\u2019illusion d\u2019une paix que vous ne connaissez pas, nos pens\u00e9es, nos pri\u00e8res et nos c\u0153urs se tournent vers vous. Vous, peuple de Palestine, portez depuis des d\u00e9cennies le flambeau de la r\u00e9sistance face \u00e0 une oppression brutale, inhumaine et colonialiste.<!--more--><\/p>\n<p>Face au g\u00e9nocide perp\u00e9tr\u00e9 par le sionisme colonial, encourag\u00e9 par le silence complice des puissances imp\u00e9rialistes et la trahison des r\u00e9gimes soumis, sachez que vous n\u2019\u00eates pas seuls.<\/p>\n<p>\u00c0 nos fr\u00e8res chr\u00e9tiens palestiniens, dont les \u00e9glises sont menac\u00e9es, les villages spoli\u00e9s, et les terres sacr\u00e9es souill\u00e9es par les griffes de l\u2019occupant : votre No\u00ebl, loin d\u2019\u00eatre une c\u00e9l\u00e9bration dans la paix, est un cri de r\u00e9sistance. Votre foi dans la justice rejoint notre engagement in\u00e9branlable pour votre libert\u00e9. Vous \u00eates la lumi\u00e8re dans cette obscurit\u00e9 impos\u00e9e.<\/p>\n<p>\u00c0 tous nos fr\u00e8res et s\u0153urs palestiniens, qu\u2019ils soient chr\u00e9tiens, musulmans ou sans confession, votre lutte transcende les fronti\u00e8res religieuses et r\u00e9sonne dans chaque c\u0153ur libre \u00e0 travers le monde. Votre r\u00e9sistance \u2013 qu\u2019elle s\u2019exprime par les pierres, les pri\u00e8res, ou la simple d\u00e9cision de ne jamais plier face \u00e0 l\u2019oppresseur \u2013 est un mod\u00e8le pour toutes les luttes contre l\u2019injustice. Par vos sacrifices, vous \u00e9clairez la voie pour l\u2019humanit\u00e9 enti\u00e8re.<\/p>\n<p>Nous d\u00e9non\u00e7ons avec toute la force de nos convictions l\u2019hypocrisie criminelle des puissants, qui financent l\u2019apartheid isra\u00e9lien tout en pr\u00eachant la paix ; la trahison des \u00e9lites arabes, qui tournent le dos \u00e0 leur propre peuple ; et le racisme syst\u00e9mique, pilier du projet sioniste et imp\u00e9rialiste.<\/p>\n<p>Nous affirmons haut et fort : la Palestine vivra, et le sionisme p\u00e9rira. Nous ne nous contentons pas de v\u0153ux vides ; notre solidarit\u00e9 est vivante, active, et engag\u00e9e. Ce No\u00ebl, notre cadeau \u00e0 votre r\u00e9sistance est la promesse de continuer \u00e0 agir. Nous d\u00e9noncerons sans rel\u00e2che les crimes isra\u00e9liens, exposerons les collabos, briserons les mensonges des m\u00e9dias imp\u00e9rialistes, et mobiliserons nos communaut\u00e9s pour soutenir votre lutte juste et l\u00e9gitime.<\/p>\n<p>Vous \u00eates un phare pour toutes les nations opprim\u00e9es, et votre combat est la pierre angulaire de toutes les luttes contre le colonialisme, le racisme et l\u2019imp\u00e9rialisme.<\/p>\n<blockquote><p>Nous sommes un seul peuple, une seule lutte.<\/p>\n<p>Du fleuve \u00e0 la mer, la Palestine sera libre.<\/p>\n<p>Avec tout notre amour, notre force et notre engagement ind\u00e9fectible,<\/p><\/blockquote>\n<p>Vos fr\u00e8res et s\u0153urs solidaires.<br \/>\n<a href=\"https:\/\/www.facebook.com\/share\/p\/14mH1Hp1XK\/\">https:\/\/www.facebook.com\/share\/p\/14mH1Hp1XK\/<\/a><\/p>\n","protected":false},"excerpt":{"rendered":"<p>\u00c0 nos fr\u00e8res et s\u0153urs en Palestine, En ce jour o\u00f9 beaucoup c\u00e9l\u00e8brent dans l\u2019illusion d\u2019une paix que vous ne connaissez pas, nos pens\u00e9es, nos pri\u00e8res et nos c\u0153urs se tournent vers vous. Vous, peuple de Palestine, portez depuis des d\u00e9cennies le flambeau de la r\u00e9sistance face \u00e0 une oppression brutale, inhumaine et colonialiste.<\/p>\n","protected":false},"author":1,"featured_media":6153,"comment_status":"open","ping_status":"open","sticky":false,"template":"","format":"standard","meta":{"footnotes":""},"categories":[6],"tags":[12],"class_list":["post-6152","post","type-post","status-publish","format-standard","has-post-thumbnail","hentry","category-palestine-moyen-orient","tag-gaza"],"_links":{"self":[{"href":"https:\/\/bruxelles-pantheres.be\/index.php?rest_route=\/wp\/v2\/posts\/6152","targetHints":{"allow":["GET"]}}],"collection":[{"href":"https:\/\/bruxelles-pantheres.be\/index.php?rest_route=\/wp\/v2\/posts"}],"about":[{"href":"https:\/\/bruxelles-pantheres.be\/index.php?rest_route=\/wp\/v2\/types\/post"}],"author":[{"embeddable":true,"href":"https:\/\/bruxelles-pantheres.be\/index.php?rest_route=\/wp\/v2\/users\/1"}],"replies":[{"embeddable":true,"href":"https:\/\/bruxelles-pantheres.be\/index.php?rest_route=%2Fwp%2Fv2%2Fcomments&post=6152"}],"version-history":[{"count":3,"href":"https:\/\/bruxelles-pantheres.be\/index.php?rest_route=\/wp\/v2\/posts\/6152\/revisions"}],"predecessor-version":[{"id":6156,"href":"https:\/\/bruxelles-pantheres.be\/index.php?rest_route=\/wp\/v2\/posts\/6152\/revisions\/6156"}],"wp:featuredmedia":[{"embeddable":true,"href":"https:\/\/bruxelles-pantheres.be\/index.php?rest_route=\/wp\/v2\/media\/6153"}],"wp:attachment":[{"href":"https:\/\/bruxelles-pantheres.be\/index.php?rest_route=%2Fwp%2Fv2%2Fmedia&parent=6152"}],"wp:term":[{"taxonomy":"category","embeddable":true,"href":"https:\/\/bruxelles-pantheres.be\/index.php?rest_route=%2Fwp%2Fv2%2Fcategories&post=6152"},{"taxonomy":"post_tag","embeddable":true,"href":"https:\/\/bruxelles-pantheres.be\/index.php?rest_route=%2Fwp%2Fv2%2Ftags&post=6152"}],"curies":[{"name":"wp","href":"https:\/\/api.w.org\/{rel}","templated":true}]}}