{"id":6159,"date":"2024-12-21T12:18:08","date_gmt":"2024-12-21T11:18:08","guid":{"rendered":"https:\/\/bruxelles-pantheres.be\/?p=6159"},"modified":"2025-01-19T23:21:39","modified_gmt":"2025-01-19T22:21:39","slug":"on-savait-pas-ou-on-navait-pas-vu","status":"publish","type":"post","link":"https:\/\/bruxelles-pantheres.be\/?p=6159","title":{"rendered":"\u00ab On savait pas \u00bb ou \u00ab On n\u2019avait pas vu \u00bb"},"content":{"rendered":"<p>Depuis toujours, cette rengaine du \u00ab On savait pas \u00bb ou \u00ab On n\u2019avait pas vu \u00bb autour du judeocide commis par les Nazi en Europe me d\u00e9go\u00fbte. En Allemagne, en France, en Belgique, ces excuses, ces faux aveux d\u2019ignorance, servent de boucliers \u00e0 la complicit\u00e9. Mais aujourd\u2019hui, je comprends mieux. Pas gr\u00e2ce \u00e0 des livres ou \u00e0 des mus\u00e9es, mais en regardant le pr\u00e9sent, en vivant la mont\u00e9e de l\u2019islamophobie, du supr\u00e9matisme blanc et de l\u2019extr\u00eame droite. Ce n\u2019est pas qu\u2019on ne sait pas, c\u2019est qu\u2019on choisit de d\u00e9tourner les yeux. Oui, on peut exterminer une population enti\u00e8re sous les regards du monde entier, et apr\u00e8s, ces m\u00eames regards oseront dire qu\u2019ils \u00ab n\u2019avaient pas vu \u00bb.<!--more--><\/p>\n<p>Ce d\u00e9ni, cette l\u00e2chet\u00e9, je les vois aujourd\u2019hui \u00e0 Gaza, en Cisjordanie, partout o\u00f9 l\u2019\u00c9tat colonial d\u2019Isra\u00ebl \u00e9tend sa violence g\u00e9nocidaire. C\u2019est \u00e7a, le projet sioniste : d\u00e9shumaniser, \u00e9craser, effacer. Et il ne peut exister que gr\u00e2ce \u00e0 un syst\u00e8me imp\u00e9rialiste occidental qui l\u2019a arm\u00e9, financ\u00e9, l\u00e9gitim\u00e9. Les Palestiniens ne sont pas victimes d\u2019une guerre ou d\u2019un conflit. Ils subissent une colonisation, un apartheid et un nettoyage ethnique organis\u00e9s avec la complicit\u00e9 active des \u00c9tats-Unis, de l\u2019Union europ\u00e9enne et de toutes ces \u00e9lites blanches qui continuent de d\u00e9cider qui a le droit de vivre et qui doit dispara\u00eetre.<\/p>\n<p><a href=\"https:\/\/blogs.mediapart.fr\/yves-romain\/blog\/191224\/netzarim-le-corridor-d-abattage-qui-transforme-des-civils-innocents-en-terroristes?fbclid=IwY2xjawH6WU1leHRuA2FlbQIxMQABHT54pwJs_wlsxd2_pYS6494qnbDokYuqpG-I7K3ZBrZfjcsP36BOrjVUrw_aem_8O7DOrNA3v_H2JsBGTr7TA#:~:text=Le%20corridor%20de%20Netzarim%2C%20une,routes%20et%20des%20positions%20militaires\">Le corridor de Netzarim, c\u2019est la m\u00e9taphore parfaite de cette machine coloniale : un pi\u00e8ge, un couloir de mort, o\u00f9 des civils sont transform\u00e9s en cibles l\u00e9gitimes. Ce n\u2019est pas une aberration, c\u2019est une strat\u00e9gie. D\u00e9shumaniser pour pouvoir massacrer. Massacrer pour terroriser. Terroriser pour vider la terre de ses habitants. Ce processus est la continuit\u00e9 directe des projets coloniaux de l\u2019Europe : ce qu\u2019ils ont fait en Alg\u00e9rie, au Vietnam, au Congo, ils le font aujourd\u2019hui par procuration en Palestine.<\/a><\/p>\n<p>Et pendant ce temps, les gens regardent ailleurs, comme ils l\u2019ont toujours fait. Pendant la Shoah, les trains passaient sous les fen\u00eatres, et personne ne bougeait. Aujourd\u2019hui, Gaza est bombard\u00e9e, les enfants meurent par milliers, et tout ce qu\u2019on trouve \u00e0 dire, c\u2019est \u00ab C\u2019est compliqu\u00e9 \u00bb, \u00ab Il y a deux camps \u00bb. Non, il n\u2019y a pas deux camps. Il y a des oppresseurs et des opprim\u00e9s. Il y a un projet colonial, raciste, soutenu par les imp\u00e9rialistes, et il y a un peuple qui r\u00e9siste, qui lutte pour sa survie.<\/p>\n<p>Les Palestiniens sont les victimes des nouveau nazis. Ils sont les victimes d\u2019un nouvel imp\u00e9rialisme, d\u2019un racisme global qui a trouv\u00e9 dans le sionisme son outil le plus violent. Ce ne sont pas les Palestiniens qui doivent payer pour les crimes de l\u2019Occident. Ce n\u2019est pas leur terre qui doit expier la barbarie europ\u00e9enne. Soutenir la Palestine, ce n\u2019est pas une question de charit\u00e9 ou d\u2019humanisme. C\u2019est un acte politique, un devoir antiraciste, une obligation pour quiconque se dit anti-imp\u00e9rialiste.<\/p>\n<p>Nous savons. Nous voyons. Et si nous restons silencieux, nous sommes complices. Ce silence, c\u2019est une arme. Une arme qui tue autant que les bombes. Refuser de choisir un camp, c\u2019est d\u00e9j\u00e0 choisir celui des oppresseurs. Et moi, je choisis la r\u00e9sistance. Pas une r\u00e9sistance abstraite ou symbolique, mais celle des Palestiniens qui se battent pour leur libert\u00e9. Parce que leur combat, c\u2019est aussi le n\u00f4tre. C\u2019est celui de tous les peuples qui refusent de courber l\u2019\u00e9chine devant l\u2019imp\u00e9rialisme, le racisme et le colonialisme.<\/p>\n<p>Alors non, je ne pardonnerai pas. Et je n\u2019oublierai pas. Quand on nous demandera un jour pourquoi nous n\u2019avons rien fait, nous n\u2019aurons aucune excuse. La seule question est : de quel c\u00f4t\u00e9 de l\u2019histoire voulons-nous \u00eatre ? Moi, je suis du c\u00f4t\u00e9 de ceux qui luttent. Jusqu\u2019\u00e0 la victoire.<\/p>\n<pre><b>Nordine Sa\u00efdi\r\n<a href=\"https:\/\/bruxelles-pantheres.be\/\" target=\"_blank\" rel=\"noopener\">Bruxelles Panth\u00e8res<\/a><\/b>\r\n<i>\u00ab\u00a0La libert\u00e9, la justice et l'\u00e9galit\u00e9, par tous les moyens n\u00e9cessaires !\u00a0\u00bb<\/i>\u00a0Malcolm X<i><b>\r\n\r\n<a href=\"http:\/\/mcpalestine.canalblog.com\/\" target=\"_blank\" rel=\"noopener\">Mouvement Citoyen Palestine<\/a><\/b><\/i>\r\n<i>\u00ab L'\u00e9galit\u00e9 ou rien \u00bb\u00a0<\/i>Edward Said<\/pre>\n","protected":false},"excerpt":{"rendered":"<p>Depuis toujours, cette rengaine du \u00ab On savait pas \u00bb ou \u00ab On n\u2019avait pas vu \u00bb autour du judeocide commis par les Nazi en Europe me d\u00e9go\u00fbte. En Allemagne, en France, en Belgique, ces excuses, ces faux aveux d\u2019ignorance, servent de boucliers \u00e0 la complicit\u00e9. Mais aujourd\u2019hui, je comprends mieux. Pas gr\u00e2ce \u00e0 des &#8230; <a title=\"\u00ab On savait pas \u00bb ou \u00ab On n\u2019avait pas vu \u00bb\" class=\"read-more\" href=\"https:\/\/bruxelles-pantheres.be\/?p=6159\" aria-label=\"En savoir plus sur \u00ab On savait pas \u00bb ou \u00ab On n\u2019avait pas vu \u00bb\">Lire la suite<\/a><\/p>\n","protected":false},"author":1,"featured_media":5905,"comment_status":"open","ping_status":"open","sticky":false,"template":"","format":"standard","meta":{"footnotes":""},"categories":[36,42,4,7,6,18,28,37,39,5],"tags":[13],"class_list":["post-6159","post","type-post","status-publish","format-standard","has-post-thumbnail","hentry","category-europe","category-homophobie","category-islamophobie","category-negrophobie","category-palestine-moyen-orient","category-resistance-bruxelles","category-racismes","category-romophobie","category-sans-papier","category-violence-policiere","tag-nordine-saidi"],"_links":{"self":[{"href":"https:\/\/bruxelles-pantheres.be\/index.php?rest_route=\/wp\/v2\/posts\/6159","targetHints":{"allow":["GET"]}}],"collection":[{"href":"https:\/\/bruxelles-pantheres.be\/index.php?rest_route=\/wp\/v2\/posts"}],"about":[{"href":"https:\/\/bruxelles-pantheres.be\/index.php?rest_route=\/wp\/v2\/types\/post"}],"author":[{"embeddable":true,"href":"https:\/\/bruxelles-pantheres.be\/index.php?rest_route=\/wp\/v2\/users\/1"}],"replies":[{"embeddable":true,"href":"https:\/\/bruxelles-pantheres.be\/index.php?rest_route=%2Fwp%2Fv2%2Fcomments&post=6159"}],"version-history":[{"count":1,"href":"https:\/\/bruxelles-pantheres.be\/index.php?rest_route=\/wp\/v2\/posts\/6159\/revisions"}],"predecessor-version":[{"id":6160,"href":"https:\/\/bruxelles-pantheres.be\/index.php?rest_route=\/wp\/v2\/posts\/6159\/revisions\/6160"}],"wp:featuredmedia":[{"embeddable":true,"href":"https:\/\/bruxelles-pantheres.be\/index.php?rest_route=\/wp\/v2\/media\/5905"}],"wp:attachment":[{"href":"https:\/\/bruxelles-pantheres.be\/index.php?rest_route=%2Fwp%2Fv2%2Fmedia&parent=6159"}],"wp:term":[{"taxonomy":"category","embeddable":true,"href":"https:\/\/bruxelles-pantheres.be\/index.php?rest_route=%2Fwp%2Fv2%2Fcategories&post=6159"},{"taxonomy":"post_tag","embeddable":true,"href":"https:\/\/bruxelles-pantheres.be\/index.php?rest_route=%2Fwp%2Fv2%2Ftags&post=6159"}],"curies":[{"name":"wp","href":"https:\/\/api.w.org\/{rel}","templated":true}]}}