{"id":6161,"date":"2024-12-22T09:23:55","date_gmt":"2024-12-22T08:23:55","guid":{"rendered":"https:\/\/bruxelles-pantheres.be\/?p=6161"},"modified":"2025-01-19T23:27:35","modified_gmt":"2025-01-19T22:27:35","slug":"6161","status":"publish","type":"post","link":"https:\/\/bruxelles-pantheres.be\/?p=6161","title":{"rendered":""},"content":{"rendered":"<p>#Magdebourg : une hi\u00e9rarchie s\u00e9curitaire au service de l\u2019ordre colonial<\/p>\n<p><a href=\"https:\/\/www.7sur7.be\/monde\/un-lourd-prix-a-payer-le-suspect-de-lattentat-de-magdebourg-avait-menace-directement-lallemagne~ac82a8ce\/?fbclid=IwY2xjawH6WwVleHRuA2FlbQIxMAABHUDGAH73-crSG_fqYq_cgHocpgMD8wNBt17hdT4JZV9GeqIL-vwA2T5fAQ_aem_HYnr8FhAdJ22Wr2E8wku_A\">L\u2019attentat de Magdebourg met en lumi\u00e8re une constante : l\u2019extr\u00eame droite agit librement jusqu\u2019\u00e0 ce qu\u2019elle franchisse une ligne rouge d\u00e9finie par l\u2019\u00c9tat.Tant que ses membres ne s\u2019attaquent pas directement aux int\u00e9r\u00eats de ce dernier ou qu\u2019ils n\u2019invoquent pas \u00ab\u00a0Allah\u00a0\u00bb pour justifier leurs actes, leur violence est tol\u00e9r\u00e9e, minimis\u00e9e, et souvent invisibilis\u00e9e. Cela r\u00e9v\u00e8le une v\u00e9rit\u00e9 crue : dans les d\u00e9mocraties occidentales, le seul \u00ab\u00a0danger l\u00e9gitime\u00a0\u00bb est celui qui peut \u00eatre rattach\u00e9 \u00e0 l\u2019islam.<\/a><!--more--><\/p>\n<blockquote><p><a href=\"https:\/\/bruxelles-pantheres.be\/wp-content\/uploads\/2013\/11\/Islamophobie1.jpg\"><img decoding=\"async\" class=\"aligncenter wp-image-761 size-full\" src=\"https:\/\/bruxelles-pantheres.be\/wp-content\/uploads\/2013\/11\/Islamophobie1.jpg\" alt=\"\" width=\"319\" height=\"491\" srcset=\"https:\/\/bruxelles-pantheres.be\/wp-content\/uploads\/2013\/11\/Islamophobie1.jpg 319w, https:\/\/bruxelles-pantheres.be\/wp-content\/uploads\/2013\/11\/Islamophobie1-195x300.jpg 195w\" sizes=\"(max-width: 319px) 100vw, 319px\" \/><\/a><\/p>\n<p><strong>L\u2019obsession s\u00e9curitaire islamophobe.<\/strong><\/p><\/blockquote>\n<p>Depuis les attentats du 11 septembre 2001, la grille de lecture s\u00e9curitaire de l\u2019Occident est islamocentr\u00e9e. Peu importe que des rapports officiels montrent que les violences d\u2019extr\u00eame droite surpassent largement celles attribu\u00e9es \u00e0 l\u2019islamisme radical. Peu importe que ces violences soient directement responsables de la mort de milliers de personnes, en particulier des minorit\u00e9s racialis\u00e9es. L\u2019islamophobie d\u2019\u00c9tat impose son agenda : toute menace doit passer par la figure du musulman pour devenir une priorit\u00e9 politique.<\/p>\n<p>Ce ph\u00e9nom\u00e8ne n\u2019est pas le fruit du hasard : il est le prolongement direct des logiques coloniales. L\u2019ennemi int\u00e9rieur, ici le musulman, est construit comme une alt\u00e9rit\u00e9 radicale \u00e0 laquelle il faut imposer un ordre : celui de la supr\u00e9matie blanche et de la domination imp\u00e9rialiste. Pendant ce temps, les extr\u00e9mistes de droite, bien souvent int\u00e9gr\u00e9s aux structures m\u00eames de l\u2019\u00c9tat (forces de police, arm\u00e9e, justice), prosp\u00e8rent dans l\u2019ombre.<\/p>\n<blockquote><p>Un \u00c9tat complice et un silence assourdissant.<\/p><\/blockquote>\n<p>\u00c0 Magdebourg, comme ailleurs, la menace d\u2019extr\u00eame droite n\u2019est pas ignor\u00e9e par maladresse : elle est activement tol\u00e9r\u00e9e. Cette tol\u00e9rance n\u2019est pas innocente : elle r\u00e9v\u00e8le que ces violences ne sont pas per\u00e7ues comme une rupture avec l\u2019ordre dominant, mais comme un prolongement de celui-ci. L\u2019extr\u00eame droite, avec ses discours x\u00e9nophobes et racistes, ne fait qu\u2019appuyer les politiques d\u00e9j\u00e0 en place : celles qui criminalisent les migrants, stigmatisent les musulmans, et d\u00e9fendent l\u2019Europe forteresse.<\/p>\n<p>L\u2019islamisme radical est construit comme une menace existentielle, car il est un pr\u00e9texte. Un pr\u00e9texte pour justifier la militarisation de nos soci\u00e9t\u00e9s, l\u2019\u00e9rosion des libert\u00e9s publiques, et la l\u00e9gitimation des interventions imp\u00e9rialistes dans le Sud global. C\u2019est cette obsession qui permet de d\u00e9tourner le regard de l\u2019essentiel : les violences syst\u00e9miques qui tuent, qu\u2019elles soient polici\u00e8res, judiciaires, ou \u00e9conomiques.<\/p>\n<blockquote><p>L\u2019extr\u00eame droite : un outil de l\u2019ordre colonial.<\/p><\/blockquote>\n<p>L\u2019extr\u00eame droite n\u2019est pas l\u2019antith\u00e8se des \u00c9tats occidentaux : elle en est une excroissance. En Belgique, le Vlaams Belang gagne du terrain, mais ses id\u00e9es ne sont que la version d\u00e9complex\u00e9e de ce que les partis traditionnels appliquent depuis des d\u00e9cennies. Ce ne sont pas les groupuscules n\u00e9onazis isol\u00e9s qui posent probl\u00e8me, mais l\u2019ordre institutionnel qui leur permet d\u2019exister : un ordre raciste, islamophobe, et profond\u00e9ment in\u00e9galitaire.<br \/>\nLorsque des attentats comme celui de Magdebourg surviennent, il est crucial de se poser la question suivante : qui b\u00e9n\u00e9ficie r\u00e9ellement de cette violence ? Elle sert avant tout \u00e0 justifier un syst\u00e8me qui pers\u00e9cute les populations musulmanes, tout en renfor\u00e7ant les appareils r\u00e9pressifs. Pendant ce temps, les gouvernements restent silencieux face aux crimes de leurs alli\u00e9s : Isra\u00ebl, en Palestine, ou les dictatures soutenues par l\u2019Europe et les \u00c9tats-Unis.<\/p>\n<blockquote><p>Antisionisme et solidarit\u00e9 d\u00e9coloniale.<\/p><\/blockquote>\n<p>Cette affaire montre aussi comment les priorit\u00e9s s\u00e9curitaires des \u00c9tats occidentaux s\u2019inscrivent dans un projet global. Le silence face aux violences d\u2019extr\u00eame droite contraste avec la criminalisation syst\u00e9matique des militants pro-palestiniens ou antisionistes. L\u2019\u00c9tat, complice du colonialisme isra\u00e9lien, mobilise son arsenal juridique et policier non pas contre la haine, mais contre ceux qui la d\u00e9noncent.<br \/>\nLa lutte contre l\u2019islamisme radical devient ainsi un \u00e9cran de fum\u00e9e : elle sert \u00e0 l\u00e9gitimer un ordre imp\u00e9rialiste dans lequel Isra\u00ebl joue un r\u00f4le central. Les Palestiniens ne sont pas seulement colonis\u00e9s par Isra\u00ebl : ils sont abandonn\u00e9s par des \u00c9tats europ\u00e9ens qui pr\u00e9f\u00e8rent soutenir un projet sioniste, pourtant porteur des m\u00eames logiques racistes que celles qui animent l\u2019extr\u00eame droite europ\u00e9enne.<\/p>\n<blockquote><p>Quelle r\u00e9ponse ?<\/p><\/blockquote>\n<p>Face \u00e0 cette hi\u00e9rarchie s\u00e9curitaire, une r\u00e9pondre antiraciste, et d\u00e9coloniale s&rsquo;impose. Cela implique de reconna\u00eetre que :<\/p>\n<p>&#8211; L\u2019extr\u00eame droite n\u2019est pas un \u00ab\u00a0d\u00e9rapage\u00a0\u00bb, mais un \u00e9l\u00e9ment structurel de nos soci\u00e9t\u00e9s racistes.<br \/>\n&#8211; L\u2019islamophobie d\u2019\u00c9tat est une arme de division, utilis\u00e9e pour fragmenter les luttes populaires.<br \/>\n&#8211; Le soutien \u00e0 la Palestine n\u2019est pas une option, mais une n\u00e9cessit\u00e9 pour toute lutte anticoloniale coh\u00e9rente.<br \/>\nPour contrer cet ordre oppressif, plusieurs axes de r\u00e9sistance sont n\u00e9cessaires :<br \/>\nD\u00e9manteler l&rsquo;islamophobie d\u2019\u00c9tat : Cela implique de combattre la criminalisation des musulmans et de rejeter l\u2019id\u00e9e que l\u2019islamisme radical est la seule ou la principale menace \u00e0 la s\u00e9curit\u00e9 europ\u00e9enne.<\/p>\n<p>Nommer et combattre la supr\u00e9matie blanche : L\u2019extr\u00eame droite n\u2019est pas une d\u00e9viance : elle est un sympt\u00f4me d\u2019un syst\u00e8me politique fond\u00e9 sur l\u2019in\u00e9galit\u00e9 raciale. Les institutions doivent \u00eatre purg\u00e9es de leurs complicit\u00e9s avec ces id\u00e9ologies.<\/p>\n<p>Solidarit\u00e9 radicale avec la Palestine : Le soutien \u00e0 la r\u00e9sistance palestinienne n\u2019est pas une simple question de g\u00e9opolitique : c\u2019est un acte anticolonial fondamental. La lutte contre le sionisme doit s\u2019inscrire dans une critique plus large de l\u2019imp\u00e9rialisme et des violences raciales.<\/p>\n<p>Construire des coalitions d\u00e9coloniales transnationales : Les luttes locales doivent s\u2019articuler avec celles des peuples opprim\u00e9s \u00e0 travers le monde. Il s\u2019agit de d\u00e9passer les fronti\u00e8res et de reconna\u00eetre l\u2019interconnexion des syst\u00e8mes d\u2019oppression.<\/p>\n<blockquote><p>D\u00e9coloniser la s\u00e9curit\u00e9 pour lib\u00e9rer les peuples<\/p><\/blockquote>\n<p>Le cas de Magdebourg illustre un paradigme o\u00f9 la s\u00e9curit\u00e9 n\u2019est pas un droit universel, mais un privil\u00e8ge r\u00e9serv\u00e9 aux groupes dominants. Les \u00c9tats europ\u00e9ens ne prot\u00e8gent pas leurs populations : ils prot\u00e8gent un syst\u00e8me d\u2019oppression raciale et imp\u00e9rialiste. D\u00e9coloniser la s\u00e9curit\u00e9, c\u2019est rejeter cette logique et construire des soci\u00e9t\u00e9s o\u00f9 la justice sociale, l\u2019\u00e9galit\u00e9 raciale et l\u2019autod\u00e9termination des peuples priment sur les logiques de domination.<\/p>\n<p>Il est temps de sortir de ce paradigme s\u00e9curitaire qui divise pour mieux r\u00e9gner. Nos luttes doivent \u00eatre solidaires, transnationales, et anticoloniales. \u00c0 Magdebourg, comme \u00e0 Gaza ou \u00e0 Bruxelles, la vraie menace n\u2019est pas celle des opprim\u00e9s qui r\u00e9sistent, mais celle d\u2019un syst\u00e8me qui \u00e9crase, divise et tue au nom de la \u00ab\u00a0civilisation\u00a0\u00bb.<\/p>\n<pre><b>Nordine Sa\u00efdi\r\n<a href=\"https:\/\/bruxelles-pantheres.be\/\" target=\"_blank\" rel=\"noopener\">Bruxelles Panth\u00e8res<\/a><\/b>\r\n<i>\u00ab\u00a0La libert\u00e9, la justice et l'\u00e9galit\u00e9, par tous les moyens n\u00e9cessaires !\u00a0\u00bb<\/i>\u00a0Malcolm X<i><b>\r\n\r\n<a href=\"http:\/\/mcpalestine.canalblog.com\/\" target=\"_blank\" rel=\"noopener\">Mouvement Citoyen Palestine<\/a><\/b><\/i>\r\n<i>\u00ab L'\u00e9galit\u00e9 ou rien \u00bb\u00a0<\/i>Edward Said<\/pre>\n","protected":false},"excerpt":{"rendered":"<p>#Magdebourg : une hi\u00e9rarchie s\u00e9curitaire au service de l\u2019ordre colonial L\u2019attentat de Magdebourg met en lumi\u00e8re une constante : l\u2019extr\u00eame droite agit librement jusqu\u2019\u00e0 ce qu\u2019elle franchisse une ligne rouge d\u00e9finie par l\u2019\u00c9tat.Tant que ses membres ne s\u2019attaquent pas directement aux int\u00e9r\u00eats de ce dernier ou qu\u2019ils n\u2019invoquent pas \u00ab\u00a0Allah\u00a0\u00bb pour justifier leurs actes, leur &#8230; <a title=\"\" class=\"read-more\" href=\"https:\/\/bruxelles-pantheres.be\/?p=6161\" aria-label=\"En savoir plus sur \">Lire la suite<\/a><\/p>\n","protected":false},"author":1,"featured_media":222,"comment_status":"open","ping_status":"open","sticky":false,"template":"","format":"standard","meta":{"footnotes":""},"categories":[539,36,4,537,18],"tags":[196,181,13],"class_list":["post-6161","post","type-post","status-publish","format-standard","has-post-thumbnail","hentry","category-belgique","category-europe","category-islamophobie","category-presse-medias","category-resistance-bruxelles","tag-allemagne","tag-islamophobie","tag-nordine-saidi"],"_links":{"self":[{"href":"https:\/\/bruxelles-pantheres.be\/index.php?rest_route=\/wp\/v2\/posts\/6161","targetHints":{"allow":["GET"]}}],"collection":[{"href":"https:\/\/bruxelles-pantheres.be\/index.php?rest_route=\/wp\/v2\/posts"}],"about":[{"href":"https:\/\/bruxelles-pantheres.be\/index.php?rest_route=\/wp\/v2\/types\/post"}],"author":[{"embeddable":true,"href":"https:\/\/bruxelles-pantheres.be\/index.php?rest_route=\/wp\/v2\/users\/1"}],"replies":[{"embeddable":true,"href":"https:\/\/bruxelles-pantheres.be\/index.php?rest_route=%2Fwp%2Fv2%2Fcomments&post=6161"}],"version-history":[{"count":1,"href":"https:\/\/bruxelles-pantheres.be\/index.php?rest_route=\/wp\/v2\/posts\/6161\/revisions"}],"predecessor-version":[{"id":6162,"href":"https:\/\/bruxelles-pantheres.be\/index.php?rest_route=\/wp\/v2\/posts\/6161\/revisions\/6162"}],"wp:featuredmedia":[{"embeddable":true,"href":"https:\/\/bruxelles-pantheres.be\/index.php?rest_route=\/wp\/v2\/media\/222"}],"wp:attachment":[{"href":"https:\/\/bruxelles-pantheres.be\/index.php?rest_route=%2Fwp%2Fv2%2Fmedia&parent=6161"}],"wp:term":[{"taxonomy":"category","embeddable":true,"href":"https:\/\/bruxelles-pantheres.be\/index.php?rest_route=%2Fwp%2Fv2%2Fcategories&post=6161"},{"taxonomy":"post_tag","embeddable":true,"href":"https:\/\/bruxelles-pantheres.be\/index.php?rest_route=%2Fwp%2Fv2%2Ftags&post=6161"}],"curies":[{"name":"wp","href":"https:\/\/api.w.org\/{rel}","templated":true}]}}