{"id":6177,"date":"2025-01-26T19:58:54","date_gmt":"2025-01-26T18:58:54","guid":{"rendered":"https:\/\/bruxelles-pantheres.be\/?p=6177"},"modified":"2025-01-26T19:58:54","modified_gmt":"2025-01-26T18:58:54","slug":"les-politiques-migratoires-inhumaines-de-lunion-europeenne","status":"publish","type":"post","link":"https:\/\/bruxelles-pantheres.be\/?p=6177","title":{"rendered":"Les politiques migratoires inhumaines de l\u2019Union europ\u00e9enne"},"content":{"rendered":"<h2 class=\"titre\">La vieille Europe applique la politique migratoire de fermeture des fronti\u00e8res de l\u2019extr\u00eame-droite, alors que les \u00e9tudes indiquent que ses \u00e9conomies ont besoin de les ouvrir<\/h2>\n<p><small>15 janvier\u00a0par\u00a0<b>F\u00e1tima Mart\u00edn<\/b><\/small><\/p>\n<p><!--more--><\/p>\n<div class=\"cartouche\">\n<p>&nbsp;<\/p>\n<div class=\"pdfimp\"><\/div>\n<p><br class=\"nettoyeur\" \/><\/p>\n<div class=\"titre_logos\"><img decoding=\"async\" class=\"spip_logo spip_logos aligncenter\" src=\"https:\/\/www.cadtm.org\/local\/cache-vignettes\/L640xH471\/arton23150-4bd1d.jpg?1737733375\" alt=\"\" width=\"640\" height=\"471\" \/><\/div>\n<\/div>\n<div class=\"texte\">\n<p>Apr\u00e8s l\u2019irruption de partis d\u2019ultra-droite pr\u00f4nant une main de fer anti-migratoire, l\u2019Union europ\u00e9enne (UE) a adopt\u00e9 ces derniers mois un Pacte restrictif sur la migration et l\u2019asile<span class=\"spip_note_ref\">\u00a0[<a id=\"nh1\" class=\"spip_note\" title=\"Conseil europ\u00e9en. (14\/05\/2024). Pacte sur la migration et l\u2019asile\" href=\"https:\/\/www.cadtm.org\/La-vieille-Europe-applique-la-politique-migratoire-de-fermeture-des-frontieres#nb1\" rel=\"appendix\">1<\/a>]<\/span>\u00a0et a m\u00eame propos\u00e9 de cr\u00e9er des centres de d\u00e9portation hors de ses fronti\u00e8res \u00e0 l\u2019image de ceux imagin\u00e9s par l\u2019ultra-droiti\u00e8re Georgia Meloni, que la justice italienne a pour l\u2019instant stopp\u00e9s. Les 27 s\u2019orientent de plus en plus vers un mod\u00e8le qui ignore les droits de l\u2019homme et qui, jusqu\u2019\u00e0 r\u00e9cemment, \u00e9tait consid\u00e9r\u00e9 comme ill\u00e9gal par ces m\u00eames institutions<span class=\"spip_note_ref\">\u00a0[<a id=\"nh2\" class=\"spip_note\" title=\"Editorial. (17\/10\/2024). Giro radical en la pol\u00edtica migratoria de la UE. El\u00a0(...)\" href=\"https:\/\/www.cadtm.org\/La-vieille-Europe-applique-la-politique-migratoire-de-fermeture-des-frontieres#nb2\" rel=\"appendix\">2<\/a>]<\/span>.<\/p>\n<dl class=\"spip_document_29512 spip_documents spip_documents_center\">\n<dt><a class=\"cboxElement hasbox\" title=\"JPEG - 54.3 ko\" href=\"https:\/\/www.cadtm.org\/IMG\/jpg\/10000000000007ee0000080030c411f5ae521163-b13b7.jpg\" type=\"image\/jpeg\"><img decoding=\"async\" class=\"aligncenter\" src=\"https:\/\/www.cadtm.org\/local\/cache-vignettes\/L595xH600\/10000000000007ee0000080030c411f5ae521163-b13b7-b556b-4d26b.jpg?1737733375\" alt=\"\" width=\"595\" height=\"600\" \/><\/a><\/dt>\n<dd class=\"spip_doc_descriptif\">Le 19 d\u00e9cembre dernier, von der Leyen, par un geste symbolique, s\u2019est r\u00e9unie \u00e0 nouveau avec les leaders europ\u00e9ens qui d\u00e9fendent des positions anti-immigration au Conseil europ\u00e9en de Bruxelles. Autour de la table, il y avait, entre autres, Giorgia Meloni (Italie), Viktor Orb\u00e1n (Hongrie), Dick Schoof (Pays Bas), Donald Tusk (Pologne), Kyri\u00e1kos Mitsot\u00e1kis (Gr\u00e8ce) ou encore Mette Frederiksen (Danemark).<\/dd>\n<\/dl>\n<p>Dans une lettre pr\u00e9alable au Conseil europ\u00e9en, la pr\u00e9sidente de la CE faisait savoir aux 27 qu\u2019ils avaient avanc\u00e9 dans la recherche de \u201c nouvelles fa\u00e7ons de lutter contre l\u2019immigration ill\u00e9gale \u201d<span class=\"spip_note_ref\">\u00a0[<a id=\"nh3\" class=\"spip_note\" title=\"Von der Leyen, Ursula. (16\/12\/2024). Letter from president on migration.\u00a0(...)\" href=\"https:\/\/www.cadtm.org\/La-vieille-Europe-applique-la-politique-migratoire-de-fermeture-des-frontieres#nb3\" rel=\"appendix\">3<\/a>]<\/span>\u00a0et que la meilleure mani\u00e8re d\u2019introduire dans un cadre juridique la possibilit\u00e9 d\u2019implanter des centres de d\u00e9portation de migrants hors du territoire europ\u00e9en \u00e9tait \u00e0 l\u2019\u00e9tude\u00a0: \u201c Nous devons examiner les aspects juridiques, op\u00e9rationnels et pratiques, ainsi que les implications financi\u00e8res de ces centres, tout en respectant les droits fondamentaux et le principe de non refoulement\u201d a-t-elle ajout\u00e9<span class=\"spip_note_ref\">\u00a0[<a id=\"nh4\" class=\"spip_note\" title=\"Castro, Irene. (19\/12\/2024). La UE avanza en el endurecimiento de las\u00a0(...)\" href=\"https:\/\/www.cadtm.org\/La-vieille-Europe-applique-la-politique-migratoire-de-fermeture-des-frontieres#nb4\" rel=\"appendix\">4<\/a>]<\/span>. Dans sa lettre, Ursula von der Leyen a ajout\u00e9 que \u201cles \u00c9tats membres peuvent invoquer les dispositions du Trait\u00e9 pour aller au-del\u00e0 de ce que pr\u00e9voit actuellement la l\u00e9gislation secondaire de l\u2019UE, \u00e0 titre exceptionnel et sous de strictes conditions. (\u2026)\u201d. Deux mois auparavant, le premier ministre polonais, Donald Dusk, d\u00e9fendait la suspension temporaire du droit d\u2019asile sur le territoire polonais<span class=\"spip_note_ref\">\u00a0[<a id=\"nh5\" class=\"spip_note\" title=\"Rodr\u00edguez-Pina, Gloria. (15\/10\/2024). Donald Tusk planea suspender el\u00a0(...)\" href=\"https:\/\/www.cadtm.org\/La-vieille-Europe-applique-la-politique-migratoire-de-fermeture-des-frontieres#nb5\" rel=\"appendix\">5<\/a>]<\/span>. La proposition de ce lib\u00e9ral conservateur est particuli\u00e8rement grave, compte tenu du fait qu\u2019il a \u00e9t\u00e9 pr\u00e9sident du Conseil europ\u00e9en entre 2014 et 2019.<\/p>\n<p><q>Ursula von der Leyen \u00e9crit que, en mati\u00e8re d\u2019immigration, \u201cles \u00c9tats membres peuvent invoquer les dispositions du Trait\u00e9 pour aller au-del\u00e0 de ce que pr\u00e9voit actuellement la l\u00e9gislation secondaire de l\u2019UE &#8230;\u201d<\/q><\/p>\n<p>Non seulement cette politique porte atteinte \u00e0 la D\u00e9claration universelle des droits de l\u2019homme (DUDH)<span class=\"spip_note_ref\">\u00a0[<a id=\"nh6\" class=\"spip_note\" title=\"Nations unies. La D\u00e9claration Universelle des droits de l\u2019homme\u00a0(...)\" href=\"https:\/\/www.cadtm.org\/La-vieille-Europe-applique-la-politique-migratoire-de-fermeture-des-frontieres#nb6\" rel=\"appendix\">6<\/a>]<\/span>, mais en outre, elle diverge des prescriptions de nombreuses \u00e9tudes \u00e9conomiques, \u00e0 commencer par celles de la\u00a0<a class=\"cs_glossaire\" href=\"https:\/\/www.cadtm.org\/BCE\" name=\"mot783_0\"><span class=\"gl_mot\">Banque centrale europ\u00e9enne<\/span><\/a>\u00a0(BCE) elle-m\u00eame, visant \u00e0 att\u00e9nuer certains des maux qui affligent la vieille Europe. C\u2019est ce qu\u2019a expliqu\u00e9 en ao\u00fbt dernier Fabio Panetta, membre du Conseil des gouverneurs de la\u00a0<a class=\"cs_glossaire\" href=\"https:\/\/www.cadtm.org\/Banque-centrale\" name=\"mot959_1\"><span class=\"gl_mot\">Banque centrale<\/span><\/a>\u00a0europ\u00e9enne et gouverneur de la Banque d\u2019Italie, partant, il est vrai, d\u2019un point de vue instrumental\u00a0: \u201cLes mesures favorisant l\u2019afflux de travailleurs \u00e9trangers l\u00e9gaux constituent une r\u00e9ponse rationnelle d\u2019un point de vue \u00e9conomique\u201d, a-t-il affirm\u00e9<span class=\"spip_note_ref\">\u00a0[<a id=\"nh7\" class=\"spip_note\" title=\"elEconomista.es. (21\/08\/2024). El BCE afirma que Europa necesita m\u00e1s\u00a0(...)\" href=\"https:\/\/www.cadtm.org\/La-vieille-Europe-applique-la-politique-migratoire-de-fermeture-des-frontieres#nb7\" rel=\"appendix\">7<\/a>]<\/span>.<br class=\"autobr\" \/>Pour celui qui est aussi gouverneur de la Banque d\u2019Italie, la question cruciale pour l\u2019\u00e9conomie europ\u00e9enne, et pour l\u2019italienne en particulier, reste celle de la r\u00e9duction du ratio\u00a0<a class=\"cs_glossaire\" href=\"https:\/\/www.cadtm.org\/Dette-970\" name=\"mot970_2\"><span class=\"gl_mot\">dette<\/span><\/a>\u00a0publique\/<a class=\"cs_glossaire\" href=\"https:\/\/www.cadtm.org\/PIB-Produit-interieur-brut\" name=\"mot1021_3\"><span class=\"gl_mot\">PIB<\/span><\/a>, et l\u2019on ne peut y parvenir que par de bonnes politiques budg\u00e9taires et fiscales, et surtout par la croissance \u00e9conomique. Ce qui, d\u2019apr\u00e8s lui, rend indispensable l\u2019<a class=\"cs_glossaire\" href=\"https:\/\/www.cadtm.org\/Action-Actions\" name=\"mot1341_4\"><span class=\"gl_mot\">action<\/span><\/a>\u00a0dans des domaines tels que la concurrence, la productivit\u00e9, de meilleurs niveaux d\u2019emploi pour les jeunes et pour les femmes et des \u201cpolitiques migratoires appropri\u00e9es\u201d.<\/p>\n<p><q>Des analystes doutent de la capacit\u00e9 des gouvernements europ\u00e9ens \u00e0 r\u00e9duire significativement l\u2019immigration, \u00e9tant donn\u00e9e la p\u00e9nurie de main d\u2019\u0153uvre et les pr\u00e9judices que cela provoquerait pour l\u2019\u00e9conomie\u201d<\/q><\/p>\n<p>Ce diagnostic est partag\u00e9 par des bureaux d\u2019\u00e9tude n\u00e9olib\u00e9raux, comme Capital Economic, dont l\u2019analyste, Adrian Prettejohn, met le doigt sur la plaie. \u201cAvec le vieillissement de la population, l\u2019immigration nette devra augmenter de fa\u00e7on significative pour seulement maintenir la population en \u00e2ge de travailler \u00e0 son niveau actuel\u201d. Cet expert doute de la capacit\u00e9 des gouvernements europ\u00e9ens \u00e0 r\u00e9duire significativement l\u2019immigration, \u00ab\u00a0\u00e9tant donn\u00e9 la p\u00e9nurie de main d\u2019\u0153uvre et les pr\u00e9judices que cela provoquerait pour l\u2019\u00e9conomie\u00a0\u00bb.<\/p>\n<p>Le bureau d\u2019\u00e9tudes pr\u00e9voit des baisses notables de la population en \u00e2ge de travailler dans plusieurs pays de la zone euro. \u00ab\u00a0Toutes choses \u00e9gales par ailleurs, une diminution de la population en \u00e2ge de travailler se traduirait directement par une baisse du PIB et une performance \u00e0 long terme inf\u00e9rieure \u00e0 celle des autres \u00e9conomies avanc\u00e9es\u00a0\u00bb, conclut-il.<\/p>\n<p><q>Eurostat pr\u00e9voit qu\u2019 entre 2023 et 2100, la proportion de la population en \u00e2ge de travailler diminuera, tandis que les personnes de 65 ans ou plus repr\u00e9senteront 32,5\u00a0% de la population de l\u2019UE en 2100, alors qu\u2019elles repr\u00e9sentaient 21,3% en 2023<\/q><\/p>\n<p>La Direction europ\u00e9enne de la statistique (Eurostat) a analys\u00e9 les tendances de vieillissement de la population pour la p\u00e9riode 2022-2100. Partant de cette analyse, Eurostat pr\u00e9voit une poursuite significative du vieillissement de la population de l\u2019UE.<\/p>\n<p>Elle pr\u00e9voit que vers 2100, la pyramide des \u00e2ges de la population de l\u2019UE prendra la forme d\u2019un bloc, consid\u00e9rablement r\u00e9tr\u00e9ci en son milieu (entre 45-54 ans). Et que la proportion de personnes de 80 ans doublera entre 2023 et 2100, passant de 6% \u00e0 15,3%.<\/p>\n<p><span class=\"spip_document_29370 spip_documents spip_documents_center\"><a class=\"cboxElement hasbox\" href=\"https:\/\/www.cadtm.org\/IMG\/png\/1000000100000607000004de27d3dff677ac1543.png\" type=\"image\/png\"><img decoding=\"async\" class=\"aligncenter\" src=\"https:\/\/www.cadtm.org\/local\/cache-vignettes\/L600xH484\/1000000100000607000004de27d3dff677ac1543-030bd-222ea.png?1737733375\" alt=\"PNG\" width=\"600\" height=\"484\" \/><\/a><\/span><\/p>\n<p><span class=\"spip_document_29371 spip_documents spip_documents_center\"><a class=\"cboxElement hasbox\" href=\"https:\/\/www.cadtm.org\/IMG\/png\/10000001000005dc000003ada9ae12c1531c5f25.png\" type=\"image\/png\"><img decoding=\"async\" class=\"aligncenter\" src=\"https:\/\/www.cadtm.org\/local\/cache-vignettes\/L600xH376\/10000001000005dc000003ada9ae12c1531c5f25-342c2-02a9e.png?1737733375\" alt=\"PNG\" width=\"600\" height=\"376\" \/><\/a><\/span><\/p>\n<p>De m\u00eame, on s\u2019attend \u00e0 ce que entre 2023 et 2100 la part de la population en \u00e2ge de travailler diminue, tandis que les personnes \u00e2g\u00e9es de 65 ans ou plus repr\u00e9senteront 32,5\u00a0% de la population de l\u2019UE, contre 21,3\u00a0% en 2023. En raison des mouvements de population entre les groupes d\u2019\u00e2ge, le taux de d\u00e9pendance des personnes \u00e2g\u00e9es de l\u2019UE devrait presque doubler, passant de 33,4\u00a0% en 2023 \u00e0 59,7\u00a0% en 2100, et le taux de d\u00e9pendance total des personnes \u00e2g\u00e9es devrait augmenter, passant de 56,7\u00a0% en 2023 \u00e0 83,9\u00a0% en 2100. L\u2019\u00e2ge m\u00e9dian devrait augmenter de 5,7 ans, passant de 44,5 ans en 2023 \u00e0 50,2 ans en 2100<span class=\"spip_note_ref\">\u00a0[<a id=\"nh8\" class=\"spip_note\" title=\"Eurostat. (febrero 2024). Statistics Explained. Population structure and\u00a0(...)\" href=\"https:\/\/www.cadtm.org\/La-vieille-Europe-applique-la-politique-migratoire-de-fermeture-des-frontieres#nb8\" rel=\"appendix\">8<\/a>]<\/span>.<\/p>\n<dl class=\"spip_document_29372 spip_documents spip_documents_center\">\n<dt><a class=\"cboxElement hasbox\" title=\"PNG - 73.8 ko\" href=\"https:\/\/www.cadtm.org\/IMG\/png\/10000001000005dc0000039427e39c5bfd216b72.png\" type=\"image\/png\"><img decoding=\"async\" class=\"aligncenter\" src=\"https:\/\/www.cadtm.org\/local\/cache-vignettes\/L600xH367\/10000001000005dc0000039427e39c5bfd216b72-24054-6f382.png?1737733375\" alt=\"\" width=\"600\" height=\"367\" \/><\/a><\/dt>\n<\/dl>\n<p>Pour prendre l\u2019exemple espagnol, la Autoridad Independiente de Responsabilidad Fiscal (AIReF=) publie depuis plusieurs ann\u00e9es ses pr\u00e9visions d\u00e9mographiques. Son travail le plus r\u00e9cent en la mati\u00e8re, intitul\u00e9 Opini\u00f3n sobre la sostenibilidad de las Administraciones P\u00fablicas a largo plazo\u00a0: La incidencia de la demograf\u00eda, date de 2023<span class=\"spip_note_ref\">\u00a0[<a id=\"nh9\" class=\"spip_note\" title=\"AIReF. (24\/03\/2023). Opini\u00f3n sobre la sostenibilidad de las Administraciones\u00a0(...)\" href=\"https:\/\/www.cadtm.org\/La-vieille-Europe-applique-la-politique-migratoire-de-fermeture-des-frontieres#nb9\" rel=\"appendix\">9<\/a>]<\/span>\u00a0. Elle y d\u00e9clare que \u201cle secteur public espagnol part d\u2019une situation de vuln\u00e9rabilit\u00e9 due \u00e0 la persistance des d\u00e9ficits structurels et au niveau \u00e9lev\u00e9 de la dette h\u00e9rit\u00e9e des crises successives\u201d.<\/p>\n<dl class=\"spip_document_29373 spip_documents spip_documents_center\">\n<dt><a class=\"cboxElement hasbox\" title=\"JPEG - 13.6 ko\" href=\"https:\/\/www.cadtm.org\/IMG\/jpg\/100000000000021f0000010e16533cc330e9ce7f.jpg\" type=\"image\/jpeg\"><img decoding=\"async\" class=\"aligncenter\" src=\"https:\/\/www.cadtm.org\/local\/cache-vignettes\/L549xH272\/100000000000021f0000010e16533cc330e9ce7f-097f9-a23b6.jpg?1737733375\" alt=\"\" width=\"549\" height=\"272\" \/><\/a><\/dt>\n<\/dl>\n<p><q>AIReF\u00a0: \u201cLe processus de vieillissement exerce une forte pression sur les finances publiques qui porterait la dette , selon un sc\u00e9nario de base, \u00e0 186\u00a0% du PIB en 2070, si aucune mesure n\u2019est prise\u201d<\/q><\/p>\n<p>Pour ce qui est du vieillissement de la population, elle affirme que celui-ci \u201cexerce une forte pression sur les finances publiques qui porterait la dette, selon un sc\u00e9nario de base, \u00e0 186% du PIB en 2070, si aucune mesure n\u2019est prise \u201d. Selon l\u2019AIReF, le vieillissement \u201cimplique une baisse de la population en \u00e2ge de travailler, partiellement att\u00e9nu\u00e9e par les flux migratoires, ce qui a un impact sur la croissance \u00e9conomique\u201d. Ce ph\u00e9nom\u00e8ne, conjugu\u00e9 \u00e0 l\u2019arriv\u00e9e \u00e0 l\u2019\u00e2ge de la retraite des cohortes les plus nombreuses du baby-boom, se traduit par une augmentation des d\u00e9penses en mati\u00e8re de pensions, de soins de sant\u00e9 et de soins de longue dur\u00e9e. Toujours selon ses calculs, \u201cen l\u2019absence de mesures suppl\u00e9mentaires\u201d, le d\u00e9ficit primaire atteindrait des sommets vers 2050, ce qui se r\u00e9percuterait sur le niveau de la dette publique. M\u00eame apr\u00e8s avoir surmont\u00e9 les pressions accrues dues au vieillissement, la dette continuerait d\u2019augmenter jusqu\u2019en 2070, o\u00f9 elle atteindrait 186\u00a0% du PIB<span class=\"spip_note_ref\">\u00a0[<a id=\"nh10\" class=\"spip_note\" title=\"AIReF. (marzo 2023). Demograf\u00eda y Pir\u00e1mide de Poblaci\u00f3n Interactiva.\" href=\"https:\/\/www.cadtm.org\/La-vieille-Europe-applique-la-politique-migratoire-de-fermeture-des-frontieres#nb10\" rel=\"appendix\">10<\/a>]<\/span>.<\/p>\n<p>En avril dernier, la Banque d\u2019Espagne a chiffr\u00e9 les besoins d\u00e9mographiques pour les prochaines ann\u00e9es\u00a0: elle estime que l\u2019Espagne aura besoin en 2053 de 25 millions d\u2019immigr\u00e9s en \u00e2ge de travailler pour \u201cesquiver le processus de vieillissement de la population et r\u00e9soudre les dysfonctionnements qui pourraient survenir sur le march\u00e9 du travail espagnol\u201d<span class=\"spip_note_ref\">\u00a0[<a id=\"nh11\" class=\"spip_note\" title=\"Bello, Alfonso y Arcos, Jos\u00e9 Miguel. (30\/04\/2024). El Banco de Espa\u00f1a estima\u00a0(...)\" href=\"https:\/\/www.cadtm.org\/La-vieille-Europe-applique-la-politique-migratoire-de-fermeture-des-frontieres#nb11\" rel=\"appendix\">11<\/a>]<\/span><\/p>\n<p>Il y a d\u00e9j\u00e0 des ann\u00e9es, l\u2019ONU calculait qu\u2019en 2050, l\u2019UE aurait besoin de 60 millions d\u2019immigr\u00e9s pour survivre. Nombre que le Centre Wittgenstein portait \u00e0 plus de 70 millions<span class=\"spip_note_ref\">\u00a0[<a id=\"nh12\" class=\"spip_note\" title=\"Mas de Xax\u00e0s, Xavier (11\/07\/2021). Europa necesita 60 millones de\u00a0(...)\" href=\"https:\/\/www.cadtm.org\/La-vieille-Europe-applique-la-politique-migratoire-de-fermeture-des-frontieres#nb12\" rel=\"appendix\">12<\/a>]<\/span>\u00a0et l\u2019ancien \u00e9conomiste de la\u00a0<a class=\"cs_glossaire\" href=\"https:\/\/www.cadtm.org\/Banque-mondiale-BM\" name=\"mot961_5\"><span class=\"gl_mot\">Banque mondiale<\/span><\/a>, Land Pritchett \u00e0 plus de 200 millions<span class=\"spip_note_ref\">\u00a0[<a id=\"nh13\" class=\"spip_note\" title=\"Phillips, Tim. (12\/12\/2018). \u201cEuropa necesita m\u00e1s de 200 millones de\u00a0(...)\" href=\"https:\/\/www.cadtm.org\/La-vieille-Europe-applique-la-politique-migratoire-de-fermeture-des-frontieres#nb13\" rel=\"appendix\">13<\/a>]<\/span>. Dans l\u2019entretien publi\u00e9 par CTXT, Pritchett proposait que cette arriv\u00e9e massive soit \u201cr\u00e9gul\u00e9e selon des crit\u00e8res de productivit\u00e9, de fa\u00e7on tournante, sans donner de droits politiques aux migrants, comme cela se pratique dans les monarchies du Golfe persique\u201d. Plusieurs contributrices \u00e0 la revue ont consid\u00e9r\u00e9 ces propos comme d\u00e9shumanisants et contenant des \u00e9l\u00e9ments parafascistes. En fin de compte, elles ont souscrit \u00e0 la formulation de la militante \u00e9cof\u00e9ministe Yayo Herrero\u00a0: \u201cJ\u2019ai \u00e9t\u00e9 atterr\u00e9e par les relents de productivisme et d\u2019utilitarisme concernant les travailleurs jetables. Cette morale co\u00efncide bien peu avec la mienne. Mais, au nom de la pluralit\u00e9, je ne m\u2019opposerai pas \u00e0 sa publication \u201d.<\/p>\n<p><q>Le total des personnes arriv\u00e9es de fa\u00e7on irr\u00e9guli\u00e8re en 2023 repr\u00e9sente \u00e0 peine 0,06\u00a0% du total de la population de l\u2019UE, d\u2019apr\u00e8s le CEAR<\/q><\/p>\n<p>Si l\u2019on regarde les donn\u00e9es, celles que l\u2019UE elle-m\u00eame utilise contredisent l\u2019alarmisme de l\u2019extr\u00eame droite sur l\u2019immigration. Selon ce que le Parlement europ\u00e9en publie sur son site web, \u201cseule une petite fraction de tous les immigr\u00e9s entrant dans l\u2019UE le font de fa\u00e7on irr\u00e9guli\u00e8re\u00a0: en 2023, il y avait quelque 385 000 migrants irr\u00e9guliers\u201d<span class=\"spip_note_ref\">\u00a0[<a id=\"nh14\" class=\"spip_note\" title=\"Parlemento Europ\u00e9en. (21\/11\/2024). Asile et migration en Europe : faits et\u00a0(...)\" href=\"https:\/\/www.cadtm.org\/La-vieille-Europe-applique-la-politique-migratoire-de-fermeture-des-frontieres#nb14\" rel=\"appendix\">14<\/a>]<\/span>. Dans le m\u00eame ordre d\u2019id\u00e9es, la Commission espagnole d\u2019aide aux r\u00e9fugi\u00e9s (CEAR) souligne que \u201cle total des personnes arriv\u00e9es de fa\u00e7on irr\u00e9guli\u00e8re en 2023 repr\u00e9sente \u00e0 peine 0,06\u00a0% du total de la population de l\u2019UE\u201d . Dans son bilan annuel<span class=\"spip_note_ref\">\u00a0[<a id=\"nh15\" class=\"spip_note\" title=\"CEAR. (2024). INFORME 2024. Las personas refugiadas en Espa\u00f1a y Europa.\u00a0(...)\" href=\"https:\/\/www.cadtm.org\/La-vieille-Europe-applique-la-politique-migratoire-de-fermeture-des-frontieres#nb15\" rel=\"appendix\">15<\/a>]<\/span>, cette organisation souligne que 2024 sera marqu\u00e9e par l\u2019adoption par l\u2019UE d\u2019un pacte contre le droit d\u2019asile<span class=\"spip_note_ref\">\u00a0[<a id=\"nh16\" class=\"spip_note\" title=\"CEAR. (26\/12\/2024). 2024, el a\u00f1o en que la Uni\u00f3n Europea pact\u00f3 contra el\u00a0(...)\" href=\"https:\/\/www.cadtm.org\/La-vieille-Europe-applique-la-politique-migratoire-de-fermeture-des-frontieres#nb16\" rel=\"appendix\">16<\/a>]<\/span>. L\u2019illustration de la note de synth\u00e8se est une poubelle avec les \u00e9toiles du drapeau de l\u2019UE entourant des \u201cdroits humains\u201d devenus \u201cd\u00e9chets humains\u201d. Sale temps pour l\u2019\u00e9thique de ce c\u00f4t\u00e9-ci du monde, qui se permet encore de faire la le\u00e7on aux autres. Les portes ferm\u00e9es de la forteresse Europe se soldent par des pertes en vies humaines. L\u2019ONG Caminando Fronteras \u00e9value \u00e0 10 457 le nombre de victimes sur les seules voies d\u2019acc\u00e8s \u00e0 l\u2019Espagne en 2024<span class=\"spip_note_ref\">\u00a0[<a id=\"nh17\" class=\"spip_note\" title=\"Caminandofronteras.org. (30\/12\/2024). BALANCE DEL A\u00d1O 2024. Las v\u00edctimas de\u00a0(...)\" href=\"https:\/\/www.cadtm.org\/La-vieille-Europe-applique-la-politique-migratoire-de-fermeture-des-frontieres#nb17\" rel=\"appendix\">17<\/a>]<\/span>.<\/p>\n<p><span class=\"spip_document_29374 spip_documents spip_documents_center\"><img decoding=\"async\" class=\"aligncenter\" src=\"https:\/\/www.cadtm.org\/local\/cache-vignettes\/L624xH259\/1000000000000449000001c84cdc61302b12dd8c-b857b.jpg?1737733375\" alt=\"\" width=\"624\" height=\"259\" \/><\/span><\/p>\n<p>L\u2019\u00e9conomiste marxiste britannique Michael Roberts, dans son analyse intitul\u00e9e\u00a0: Draghi, sauver le capital europ\u00e9en, d\u00e9fi existentiel<span class=\"spip_note_ref\">\u00a0[<a id=\"nh18\" class=\"spip_note\" title=\"Roberts, Michael. (13\/09\/2024). Draghi : Sauver le capital europ\u00e9en, d\u00e9fi\u00a0(...)\" href=\"https:\/\/www.cadtm.org\/La-vieille-Europe-applique-la-politique-migratoire-de-fermeture-des-frontieres#nb18\" rel=\"appendix\">18<\/a>]<\/span>, affirme ce qui suit\u00a0:<br class=\"autobr\" \/>\u201cLa seule mani\u00e8re de susciter une augmentation aussi \u00e9norme des investissements productifs serait que la rentabilit\u00e9 des capitaux europ\u00e9ens fasse un bond en avant. Mais cela ne se fera pas en abaissant le co\u00fbt du cr\u00e9dit, mais seulement gr\u00e2ce \u00e0 une forte augmentation de l\u2019exploitation de la main-d\u2019\u0153uvre en Europe et par la \u00ab\u00a0destruction cr\u00e9atrice\u00a0\u00bb de la \u00ab\u00a0technologie moyenne\u00a0\u00bb pour r\u00e9duire les co\u00fbts. Si cela ne se produit pas, le d\u00e9clin relatif de l\u2019UE \u00e0 l\u2019\u00e9chelle mondiale se poursuivra, voire s\u2019acc\u00e9l\u00e8rera.\u201d (Roberts, 2024)<br class=\"autobr\" \/>\u00c0 la lumi\u00e8re de ces donn\u00e9es, la vieille Europe a besoin de migrants par millions, quoi qu\u2019en dise l\u2019extr\u00eame droite. Toute cette main-d\u2019\u0153uvre est-elle destin\u00e9e \u00e0 vivre et \u00e0 travailler dans des conditions proches de l\u2019esclavage ? Les r\u00e9gimes qui ne respectent pas les droits humains des personnes migrantes ne respectent pas non plus les droits humains des populations autochtones. Comme on le r\u00e9p\u00e8te dans les rues depuis des ann\u00e9es : \u201cNative ou \u00e9trang\u00e8re, c\u2019est la m\u00eame classe ouvri\u00e8re \u201d.<\/p>\n<\/div>\n<div class=\"notes\">\n<h5>Notes<\/h5>\n<div id=\"nb1\">\n<p><span class=\"spip_note_ref\">[<a class=\"spip_note\" title=\"Notes 1\" href=\"https:\/\/www.cadtm.org\/La-vieille-Europe-applique-la-politique-migratoire-de-fermeture-des-frontieres#nh1\" rev=\"appendix\">1<\/a>]\u00a0<\/span>Conseil europ\u00e9en. (14\/05\/2024). Pacte sur la migration et l\u2019asile\u00a0<a class=\"spip_url spip_out auto\" href=\"https:\/\/www.consilium.europa.eu\/fr\/policies\/eu-migration-policy\/eu-migration-asylum-reform-pact\/\" target=\"_blank\" rel=\"external nofollow noopener\">https:\/\/www.consilium.europa.eu\/fr\/policies\/eu-migration-policy\/eu-migration-asylum-reform-pact\/<\/a><\/p>\n<\/div>\n<div id=\"nb2\">\n<p><span class=\"spip_note_ref\">[<a class=\"spip_note\" title=\"Notes 2\" href=\"https:\/\/www.cadtm.org\/La-vieille-Europe-applique-la-politique-migratoire-de-fermeture-des-frontieres#nh2\" rev=\"appendix\">2<\/a>]\u00a0<\/span>Editorial. (17\/10\/2024). Giro radical en la pol\u00edtica migratoria de la UE. El Pa\u00eds.\u00a0<a class=\"spip_url spip_out auto\" href=\"https:\/\/elpais.com\/opinion\/2024-10-17\/giro-radical-en-la-politica-migratoria-de-la-ue.html\" target=\"_blank\" rel=\"external nofollow noopener\">https:\/\/elpais.com\/opinion\/2024-10-17\/giro-radical-en-la-politica-migratoria-de-la-ue.html<\/a><\/p>\n<\/div>\n<div id=\"nb3\">\n<p><span class=\"spip_note_ref\">[<a class=\"spip_note\" title=\"Notes 3\" href=\"https:\/\/www.cadtm.org\/La-vieille-Europe-applique-la-politique-migratoire-de-fermeture-des-frontieres#nh3\" rev=\"appendix\">3<\/a>]\u00a0<\/span>Von der Leyen, Ursula. (16\/12\/2024). Letter from president on migration. European Commission.\u00a0<a class=\"spip_url spip_out auto\" href=\"https:\/\/www.eunews.it\/wp-content\/uploads\/2024\/12\/Letter-from-President-UvdL-on-Migration_EUCO-December-2024.pdf\" target=\"_blank\" rel=\"external nofollow noopener\">https:\/\/www.eunews.it\/wp-content\/uploads\/2024\/12\/Letter-from-President-UvdL-on-Migration_EUCO-December-2024.pdf<\/a><\/p>\n<\/div>\n<div id=\"nb4\">\n<p><span class=\"spip_note_ref\">[<a class=\"spip_note\" title=\"Notes 4\" href=\"https:\/\/www.cadtm.org\/La-vieille-Europe-applique-la-politique-migratoire-de-fermeture-des-frontieres#nh4\" rev=\"appendix\">4<\/a>]\u00a0<\/span>Castro, Irene. (19\/12\/2024). La UE avanza en el endurecimiento de las pol\u00edticas contra la migraci\u00f3n con la (\u00fanica) oposici\u00f3n de Espa\u00f1a. ElDiario.es.\u00a0<a class=\"spip_url spip_out auto\" href=\"https:\/\/www.eldiario.es\/desalambre\/ue-avanza-endurecimiento-unica-oposicion-espana_1_11915795.html\" target=\"_blank\" rel=\"external nofollow noopener\">https:\/\/www.eldiario.es\/desalambre\/ue-avanza-endurecimiento-unica-oposicion-espana_1_11915795.html<\/a><\/p>\n<\/div>\n<div id=\"nb5\">\n<p><span class=\"spip_note_ref\">[<a class=\"spip_note\" title=\"Notes 5\" href=\"https:\/\/www.cadtm.org\/La-vieille-Europe-applique-la-politique-migratoire-de-fermeture-des-frontieres#nh5\" rev=\"appendix\">5<\/a>]\u00a0<\/span>Rodr\u00edguez-Pina, Gloria. (15\/10\/2024). Donald Tusk planea suspender el derecho al asilo en Polonia. El Pa\u00eds.\u00a0<a class=\"spip_url spip_out auto\" href=\"https:\/\/elpais.com\/internacional\/2024-10-12\/donald-tusk-planea-suspender-el-derecho-al-asilo-en-polonia.html\" target=\"_blank\" rel=\"external nofollow noopener\">https:\/\/elpais.com\/internacional\/2024-10-12\/donald-tusk-planea-suspender-el-derecho-al-asilo-en-polonia.html<\/a><\/p>\n<\/div>\n<div id=\"nb6\">\n<p><span class=\"spip_note_ref\">[<a class=\"spip_note\" title=\"Notes 6\" href=\"https:\/\/www.cadtm.org\/La-vieille-Europe-applique-la-politique-migratoire-de-fermeture-des-frontieres#nh6\" rev=\"appendix\">6<\/a>]\u00a0<\/span>Nations unies. La D\u00e9claration Universelle des droits de l\u2019homme .\u00a0<a class=\"spip_url spip_out auto\" href=\"https:\/\/www.un.org\/fr\/about-us\/universal-declaration-of-human-rights\" target=\"_blank\" rel=\"external nofollow noopener\">https:\/\/www.un.org\/fr\/about-us\/universal-declaration-of-human-rights<\/a><\/p>\n<\/div>\n<div id=\"nb7\">\n<p><span class=\"spip_note_ref\">[<a class=\"spip_note\" title=\"Notes 7\" href=\"https:\/\/www.cadtm.org\/La-vieille-Europe-applique-la-politique-migratoire-de-fermeture-des-frontieres#nh7\" rev=\"appendix\">7<\/a>]\u00a0<\/span>elEconomista.es. (21\/08\/2024). El BCE afirma que Europa necesita m\u00e1s inmigraci\u00f3n para hacer crecer la econom\u00eda.\u00a0<a class=\"spip_url spip_out auto\" href=\"https:\/\/www.eleconomista.es\/economia\/noticias\/12955652\/08\/24\/el-bce-afirma-que-europa-necesita-mas-inmigracion-para-hacer-crecer-la-economia.html\" target=\"_blank\" rel=\"external nofollow noopener\">https:\/\/www.eleconomista.es\/economia\/noticias\/12955652\/08\/24\/el-bce-afirma-que-europa-necesita-mas-inmigracion-para-hacer-crecer-la-economia.html<\/a><\/p>\n<\/div>\n<div id=\"nb8\">\n<p><span class=\"spip_note_ref\">[<a class=\"spip_note\" title=\"Notes 8\" href=\"https:\/\/www.cadtm.org\/La-vieille-Europe-applique-la-politique-migratoire-de-fermeture-des-frontieres#nh8\" rev=\"appendix\">8<\/a>]\u00a0<\/span>Eurostat. (febrero 2024). Statistics Explained. Population structure and ageing.\u00a0<a class=\"spip_url spip_out auto\" href=\"https:\/\/ec.europa.eu\/eurostat\/statistics-explained\/index.php?title=Population_structure_and_ageing&amp;stable=1\" target=\"_blank\" rel=\"external nofollow noopener\">https:\/\/ec.europa.eu\/eurostat\/statistics-explained\/index.php?title=Population_structure_and_ageing&amp;stable=1<\/a><\/p>\n<\/div>\n<div id=\"nb9\">\n<p><span class=\"spip_note_ref\">[<a class=\"spip_note\" title=\"Notes 9\" href=\"https:\/\/www.cadtm.org\/La-vieille-Europe-applique-la-politique-migratoire-de-fermeture-des-frontieres#nh9\" rev=\"appendix\">9<\/a>]\u00a0<\/span>AIReF. (24\/03\/2023). Opini\u00f3n sobre la sostenibilidad de las Administraciones P\u00fablicas a largo plazo\u00a0: la incidencia de la demograf\u00eda.\u00a0<a class=\"spip_url spip_out auto\" href=\"https:\/\/www.airef.es\/es\/centro-documental\/opinion-sobre-la-sostenibilidad-de-las-administraciones-publicas-a-largo-plazo-la-incidencia-de-la-demografia\/\" target=\"_blank\" rel=\"external nofollow noopener\">https:\/\/www.airef.es\/es\/centro-documental\/opinion-sobre-la-sostenibilidad-de-las-administraciones-publicas-a-largo-plazo-la-incidencia-de-la-demografia\/<\/a><\/p>\n<\/div>\n<div id=\"nb10\">\n<p><span class=\"spip_note_ref\">[<a class=\"spip_note\" title=\"Notes 10\" href=\"https:\/\/www.cadtm.org\/La-vieille-Europe-applique-la-politique-migratoire-de-fermeture-des-frontieres#nh10\" rev=\"appendix\">10<\/a>]\u00a0<\/span>AIReF. (marzo 2023). Demograf\u00eda y Pir\u00e1mide de Poblaci\u00f3n Interactiva.\u00a0<a class=\"spip_url spip_out auto\" href=\"https:\/\/www.airef.es\/es\/cifras-de-poblacion\/\" target=\"_blank\" rel=\"external nofollow noopener\">https:\/\/www.airef.es\/es\/cifras-de-poblacion\/<\/a><\/p>\n<\/div>\n<div id=\"nb11\">\n<p><span class=\"spip_note_ref\">[<a class=\"spip_note\" title=\"Notes 11\" href=\"https:\/\/www.cadtm.org\/La-vieille-Europe-applique-la-politique-migratoire-de-fermeture-des-frontieres#nh11\" rev=\"appendix\">11<\/a>]\u00a0<\/span>Bello, Alfonso y Arcos, Jos\u00e9 Miguel. (30\/04\/2024). El Banco de Espa\u00f1a estima que Espa\u00f1a necesitar\u00e1 casi 25 millones de inmigrantes en 2053 para trabajar. elEconomista.es.\u00a0<a class=\"spip_url spip_out auto\" href=\"https:\/\/www.eleconomista.es\/economia\/noticias\/12793180\/04\/24\/el-banco-de-espana-estima-que-espana-necesitara-cerca-de-25-millones-de-extranjeros-hasta-2053-para-trabajar.html\" target=\"_blank\" rel=\"external nofollow noopener\">https:\/\/www.eleconomista.es\/economia\/noticias\/12793180\/04\/24\/el-banco-de-espana-estima-que-espana-necesitara-cerca-de-25-millones-de-extranjeros-hasta-2053-para-trabajar.html<\/a><\/p>\n<\/div>\n<div id=\"nb12\">\n<p><span class=\"spip_note_ref\">[<a class=\"spip_note\" title=\"Notes 12\" href=\"https:\/\/www.cadtm.org\/La-vieille-Europe-applique-la-politique-migratoire-de-fermeture-des-frontieres#nh12\" rev=\"appendix\">12<\/a>]\u00a0<\/span>Mas de Xax\u00e0s, Xavier (11\/07\/2021). Europa necesita 60 millones de inmigrantes para sobrevivir. La Vanguardia.\u00a0<a class=\"spip_url spip_out auto\" href=\"https:\/\/www.lavanguardia.com\/internacional\/20210711\/7585094\/europa-necesita-60-millones-inmigrantes-sobrevivir.html?utm_medium=social&amp;utm_source=twitter&amp;utm_content=internacional\" target=\"_blank\" rel=\"external nofollow noopener\">https:\/\/www.lavanguardia.com\/internacional\/20210711\/7585094\/europa-necesita-60-millones-inmigrantes-sobrevivir.html?utm_medium=social&amp;utm_source=twitter&amp;utm_content=internacional<\/a><\/p>\n<\/div>\n<div id=\"nb13\">\n<p><span class=\"spip_note_ref\">[<a class=\"spip_note\" title=\"Notes 13\" href=\"https:\/\/www.cadtm.org\/La-vieille-Europe-applique-la-politique-migratoire-de-fermeture-des-frontieres#nh13\" rev=\"appendix\">13<\/a>]\u00a0<\/span>Phillips, Tim. (12\/12\/2018). \u201cEuropa necesita m\u00e1s de 200 millones de inmigrantes en los pr\u00f3ximos 30 a\u00f1os. CTXT.\u00a0<a class=\"spip_url spip_out auto\" href=\"https:\/\/ctxt.es\/es\/20181212\/Politica\/23378\/migraciones-lant-pritchett-pensiones-harvard-desarrollo.htm\" target=\"_blank\" rel=\"external nofollow noopener\">https:\/\/ctxt.es\/es\/20181212\/Politica\/23378\/migraciones-lant-pritchett-pensiones-harvard-desarrollo.htm<\/a><\/p>\n<\/div>\n<div id=\"nb14\">\n<p><span class=\"spip_note_ref\">[<a class=\"spip_note\" title=\"Notes 14\" href=\"https:\/\/www.cadtm.org\/La-vieille-Europe-applique-la-politique-migratoire-de-fermeture-des-frontieres#nh14\" rev=\"appendix\">14<\/a>]\u00a0<\/span>Parlemento Europ\u00e9en. (21\/11\/2024). Asile et migration en Europe\u00a0: faits et chiffres.\u00a0<a class=\"spip_url spip_out auto\" href=\"https:\/\/www.europarl.europa.eu\/topics\/fr\/article\/20170629STO78630\/asilo-y-migracion-en-la-ue-cifras-y-hechos\" target=\"_blank\" rel=\"external nofollow noopener\">https:\/\/www.europarl.europa.eu\/topics\/fr\/article\/20170629STO78630\/asilo-y-migracion-en-la-ue-cifras-y-hechos<\/a><\/p>\n<\/div>\n<div id=\"nb15\">\n<p><span class=\"spip_note_ref\">[<a class=\"spip_note\" title=\"Notes 15\" href=\"https:\/\/www.cadtm.org\/La-vieille-Europe-applique-la-politique-migratoire-de-fermeture-des-frontieres#nh15\" rev=\"appendix\">15<\/a>]\u00a0<\/span>CEAR. (2024). INFORME 2024. Las personas refugiadas en Espa\u00f1a y Europa.\u00a0<a class=\"spip_url spip_out auto\" href=\"https:\/\/www.cear.es\/wp-content\/uploads\/2024\/06\/CEAR_INFORME_2023.pdf?_gl=1*1d30mpo*_up*MQ..*_ga*Mjc0MTEzNDQzLjE3MzU2NDMyNTg.*_ga_TBCN09Z476*MTczNTY0MzI1NS4xLjAuMTczNTY0MzI1NS4wLjAuMA.\" target=\"_blank\" rel=\"external nofollow noopener\">https:\/\/www.cear.es\/wp-content\/uploads\/2024\/06\/CEAR_INFORME_2023.pdf?_gl=1*1d30mpo*_up*MQ..*_ga*Mjc0MTEzNDQzLjE3MzU2NDMyNTg.*_ga_TBCN09Z476*MTczNTY0MzI1NS4xLjAuMTczNTY0MzI1NS4wLjAuMA.<\/a>.<\/p>\n<\/div>\n<div id=\"nb16\">\n<p><span class=\"spip_note_ref\">[<a class=\"spip_note\" title=\"Notes 16\" href=\"https:\/\/www.cadtm.org\/La-vieille-Europe-applique-la-politique-migratoire-de-fermeture-des-frontieres#nh16\" rev=\"appendix\">16<\/a>]\u00a0<\/span>CEAR. (26\/12\/2024). 2024, el a\u00f1o en que la Uni\u00f3n Europea pact\u00f3 contra el derecho de asilo.\u00a0<a class=\"spip_url spip_out auto\" href=\"https:\/\/www.cear.es\/noticias\/balance-migracion-asilo-2024\/\" target=\"_blank\" rel=\"external nofollow noopener\">https:\/\/www.cear.es\/noticias\/balance-migracion-asilo-2024\/<\/a><\/p>\n<\/div>\n<div id=\"nb17\">\n<p><span class=\"spip_note_ref\">[<a class=\"spip_note\" title=\"Notes 17\" href=\"https:\/\/www.cadtm.org\/La-vieille-Europe-applique-la-politique-migratoire-de-fermeture-des-frontieres#nh17\" rev=\"appendix\">17<\/a>]\u00a0<\/span>Caminandofronteras.org. (30\/12\/2024). BALANCE DEL A\u00d1O 2024. Las v\u00edctimas de la migraci\u00f3n. 23118<\/p>\n<\/div>\n<div id=\"nb18\">\n<p><span class=\"spip_note_ref\">[<a class=\"spip_note\" title=\"Notes 18\" href=\"https:\/\/www.cadtm.org\/La-vieille-Europe-applique-la-politique-migratoire-de-fermeture-des-frontieres#nh18\" rev=\"appendix\">18<\/a>]\u00a0<\/span>Roberts, Michael. (13\/09\/2024). Draghi\u00a0: Sauver le capital europ\u00e9en, d\u00e9fi existentiel<br class=\"autobr\" \/><a class=\"spip_url spip_out auto\" href=\"https:\/\/www.revolutionpermanente.fr\/Sauver-le-capital-europeen-defi-existentiel-par-Michael-Roberts\" target=\"_blank\" rel=\"external nofollow noopener\">https:\/\/www.revolutionpermanente.fr\/Sauver-le-capital-europeen-defi-existentiel-par-Michael-Roberts<\/a><\/p>\n<\/div>\n<\/div>\n<div class=\"bio\">\n<div class=\"photeur\">\n<div class=\"auteur\">\n<h3>Auteur.e<\/h3>\n<\/div>\n<div class=\"logocadtm\"><img decoding=\"async\" class=\"spip_logo spip_logos\" src=\"https:\/\/www.cadtm.org\/IMG\/moton736.png?1430120656\" alt=\"\" width=\"90\" height=\"28\" \/><\/div>\n<\/div>\n<p><a href=\"https:\/\/www.cadtm.org\/Fatima-Martin?lang=fr\"><span id=\"nom\">F\u00e1tima Mart\u00edn\u00a0<\/span><\/a>est journaliste, membre du CADTM en Espagne. Elle est l\u2019auteure, avec J\u00e9r\u00f4me Duval, du livre\u00a0<i><a class=\"spip_in\" href=\"https:\/\/www.cadtm.org\/La-construccion-europea-al-servicio-de-los-mercados-financieros-13010-13010-13010-13010-13010-13010\" hreflang=\"es\">Construcci\u00f3n europea al servicio de los mercados financieros<\/a><\/i>, Icaria editorial 2016. Elle d\u00e9veloppe le journal en ligne\u00a0<a class=\"spip_out\" href=\"https:\/\/www.femeninorural.com\/\" target=\"_blank\" rel=\"external noopener\">Fem<\/a><\/p>\n<\/div>\n","protected":false},"excerpt":{"rendered":"<p>La vieille Europe applique la politique migratoire de fermeture des fronti\u00e8res de l\u2019extr\u00eame-droite, alors que les \u00e9tudes indiquent que ses \u00e9conomies ont besoin de les ouvrir 15 janvier\u00a0par\u00a0F\u00e1tima Mart\u00edn<\/p>\n","protected":false},"author":1,"featured_media":5168,"comment_status":"open","ping_status":"open","sticky":false,"template":"","format":"standard","meta":{"footnotes":""},"categories":[21,539,36,18,28,39],"tags":[587,133,426,588,586,585,541],"class_list":["post-6177","post","type-post","status-publish","format-standard","has-post-thumbnail","hentry","category-anti-imperialisme","category-belgique","category-europe","category-resistance-bruxelles","category-racismes","category-sans-papier","tag-banque-centrale-europeenne","tag-banque-mondiale","tag-cadtm","tag-fatima-martin","tag-georgia-meloni","tag-union-europeenne","tag-ursula-von-der-leyen"],"_links":{"self":[{"href":"https:\/\/bruxelles-pantheres.be\/index.php?rest_route=\/wp\/v2\/posts\/6177","targetHints":{"allow":["GET"]}}],"collection":[{"href":"https:\/\/bruxelles-pantheres.be\/index.php?rest_route=\/wp\/v2\/posts"}],"about":[{"href":"https:\/\/bruxelles-pantheres.be\/index.php?rest_route=\/wp\/v2\/types\/post"}],"author":[{"embeddable":true,"href":"https:\/\/bruxelles-pantheres.be\/index.php?rest_route=\/wp\/v2\/users\/1"}],"replies":[{"embeddable":true,"href":"https:\/\/bruxelles-pantheres.be\/index.php?rest_route=%2Fwp%2Fv2%2Fcomments&post=6177"}],"version-history":[{"count":1,"href":"https:\/\/bruxelles-pantheres.be\/index.php?rest_route=\/wp\/v2\/posts\/6177\/revisions"}],"predecessor-version":[{"id":6178,"href":"https:\/\/bruxelles-pantheres.be\/index.php?rest_route=\/wp\/v2\/posts\/6177\/revisions\/6178"}],"wp:featuredmedia":[{"embeddable":true,"href":"https:\/\/bruxelles-pantheres.be\/index.php?rest_route=\/wp\/v2\/media\/5168"}],"wp:attachment":[{"href":"https:\/\/bruxelles-pantheres.be\/index.php?rest_route=%2Fwp%2Fv2%2Fmedia&parent=6177"}],"wp:term":[{"taxonomy":"category","embeddable":true,"href":"https:\/\/bruxelles-pantheres.be\/index.php?rest_route=%2Fwp%2Fv2%2Fcategories&post=6177"},{"taxonomy":"post_tag","embeddable":true,"href":"https:\/\/bruxelles-pantheres.be\/index.php?rest_route=%2Fwp%2Fv2%2Ftags&post=6177"}],"curies":[{"name":"wp","href":"https:\/\/api.w.org\/{rel}","templated":true}]}}