{"id":6179,"date":"2025-01-17T19:59:41","date_gmt":"2025-01-17T18:59:41","guid":{"rendered":"https:\/\/bruxelles-pantheres.be\/?p=6179"},"modified":"2025-01-26T20:03:44","modified_gmt":"2025-01-26T19:03:44","slug":"en-memoire-de-patrice-lumumba-assassine-le-17-janvier-1961","status":"publish","type":"post","link":"https:\/\/bruxelles-pantheres.be\/?p=6179","title":{"rendered":"En m\u00e9moire de Patrice Lumumba assassin\u00e9 le 17 janvier 1961"},"content":{"rendered":"<p><!--more--><\/p>\n<div class=\"cartouche\">\n<h2 class=\"titre\">En m\u00e9moire de Patrice Lumumba assassin\u00e9 le 17 janvier 1961<\/h2>\n<p><small>17 janvier\u00a0par\u00a0<b>Eric Toussaint<\/b><\/small><\/p>\n<div class=\"titre_logos\"><img decoding=\"async\" class=\"spip_logo spip_logos\" src=\"https:\/\/www.cadtm.org\/local\/cache-vignettes\/L640xH381\/arton19389-30109.jpg?1737714022\" alt=\"\" width=\"640\" height=\"381\" \/>&nbsp;<\/p>\n<\/div>\n<\/div>\n<div class=\"chapo\">\n<p>Ce 17 janvier 2025, nous comm\u00e9morons le 64<sup class=\"typo_exposants\">e<\/sup> anniversaire de l\u2019assassinat de Patrice Lumumba (1925-1961).<\/p>\n<\/div>\n<div class=\"texte\" style=\"text-align: center;\">\n<div id=\"outil_sommaire\" class=\"cs_sommaire cs_sommaire_avec_fond\">\n<div class=\"cs_sommaire_inner\">\n<div class=\"cs_sommaire_titre_avec_fond cs_done\" style=\"text-align: left;\">\u00a0 Sommaire<\/div>\n<div class=\"cs_sommaire_corps\">\n<ul>\n<li style=\"text-align: left;\">Lumumba, combattant internationaliste<\/li>\n<li style=\"text-align: left;\">L\u2019encha\u00eenement des \u00e9v\u00e8nements qui m\u00e8ne au coup d\u2019\u00c9tat contre Lumumba et \u00e0 son\u00a0(&#8230;)<\/li>\n<li style=\"text-align: left;\">Le soutien de la Belgique \u00e0 la dictature de Mobutu<\/li>\n<li style=\"text-align: left;\">Lumumba\u00a0: une figure devenue embl\u00e9matique<\/li>\n<li style=\"text-align: left;\">Annexe 1\u00a0: Les crimes de la Belgique avant l\u2019ind\u00e9pendance du Congo<\/li>\n<li style=\"text-align: left;\">Annexe 2\u00a0: Les crimes de la Belgique apr\u00e8s l\u2019ind\u00e9pendance du Congo<\/li>\n<\/ul>\n<\/div>\n<\/div>\n<\/div>\n<p>Suite\u00a0\u00e0\u00a0une\u00a0victoire\u00a0\u00e9clatante\u00a0aux\u00a0premi\u00e8res\u00a0v\u00e9ritables\u00a0\u00e9lections\u00a0auxquelles les Congolais ont particip\u00e9, Patrice Lumumba est devenu premier ministre du Congo du 24 juin 1960 jusqu\u2019\u00e0 son renversement et son emprisonnement le 14 septembre de la m\u00eame ann\u00e9e par le militaire Joseph-D\u00e9sir\u00e9 Mobutu et ses soutiens. Ce dernier a ensuite dirig\u00e9 le pays, d\u2019abord en sous-main, puis de mani\u00e8re directe \u00e0 partir de 1965 jusqu\u2019\u00e0 son renversement en 1997.<\/p>\n<p><q>Ludo De Witte\u00a0: Lumumba a \u00e9t\u00e9 la victime de l\u2019imp\u00e9rialisme. En fait on voulait continuer l\u2019imp\u00e9rialisme au Congo, remplacer un syst\u00e8me colonial par un syst\u00e8me n\u00e9ocolonial<\/q><\/p>\n<p>Le 17 janvier 1961, Lumumba, ce grand combattant pour l\u2019ind\u00e9pendance du Congo, pour la justice sociale et pour l\u2019internationalisme a \u00e9t\u00e9 tortur\u00e9 puis ex\u00e9cut\u00e9, en compagnie de plusieurs de ses camarades, par des dirigeants congolais complices des puissances occidentales ainsi que par des policiers et des militaires belges. Lumumba n\u2019avait que 35 ans et aurait pu continuer \u00e0 jouer un r\u00f4le tr\u00e8s important, tant dans son pays, qu\u2019en Afrique et au niveau mondial.<\/p>\n<p>Comme l\u2019a \u00e9crit la journaliste Colette Braeckman\u00a0: \u00ab\u00a0Patrice Lumumba, Premier ministre congolais destitu\u00e9 en septembre, plac\u00e9 en r\u00e9sidence surveill\u00e9e puis d\u00e9tenu \u00e0 Thysville, avait \u00e9t\u00e9 envoy\u00e9 au Katanga le 17 janvier 1961. Cinq heures apr\u00e8s son arriv\u00e9e sur le sol katangais, il \u00e9tait mis \u00e0 mort avec ses deux compagnons Maurice M\u2019Polo et Robert Okito.<span class=\"spip_note_ref\">\u00a0[<a id=\"nh2-1\" class=\"spip_note\" title=\"Colette Braeckman, \u00ab Congo La mort de Lumumba  Ultime d\u00e9bat \u00e0 la Chambre sur\u00a0(...)\" href=\"https:\/\/www.cadtm.org\/En-memoire-de-Patrice-Lumumba-assassine-le-17-janvier-1961#nb2-1\" rel=\"appendix\">1<\/a>]<\/span>\u00a0\u00bb<\/p>\n<p>Parmi les dirigeants congolais qui ont particip\u00e9 directement \u00e0 la mise \u00e0 mort de Lumumba, on trouve Mo\u00efse Tshomb\u00e9 pr\u00e9sident proclam\u00e9 de la province congolaise du Katanga qui a fait s\u00e9cession le 11 juillet 1960, \u00e0 peine deux semaines apr\u00e8s le d\u00e9but de l\u2019ind\u00e9pendance que le Congo a obtenue le 30 juin 1960. La se\u0301cession du Katanga proclame\u0301e par Moi\u0308se Tshombe fut soutenue par la Belgique et des grandes entreprises priv\u00e9es mini\u00e8res belges tr\u00e8s pr\u00e9sentes dans cette partie du Congo (voir plus loin) afin de de\u0301stabiliser le gouvernement du premier ministre Patrice Lumumba.<\/p>\n<p>Au moins cinq policiers et militaires belges \u00e9taient \u00e9galement pr\u00e9sents lors de l\u2019assassinat. Joseph-D\u00e9sir\u00e9 Mobutu, un des principaux responsables congolais de l\u2019assassinat de Lumumba, n\u2019\u00e9tait pas pr\u00e9sent sur place le jour de l\u2019assassinat qui a eu lieu dans l\u2019Est alors qu\u2019il se trouvait \u00e0 l\u2019Ouest du pays dans la capitale.<\/p>\n<p><span class=\"spip_document_20816 spip_documents spip_documents_left\"><img decoding=\"async\" class=\"aligncenter\" src=\"https:\/\/www.cadtm.org\/local\/cache-vignettes\/L245xH386\/41h75p484xl-2cec6.jpg?1737732999\" alt=\"\" width=\"245\" height=\"386\" \/><\/span><\/p>\n<p>La responsabilit\u00e9 de la Belgique dans l\u2019assassinat de Lumumba en janvier 1961 a \u00e9t\u00e9 \u00e9tablie par plusieurs auteurs,\u00a0<a class=\"spip_out\" href=\"http:\/\/www.karthala.com\/611-lassassinat-de-lumumba-9782845860063.html\" target=\"_blank\" rel=\"external noopener\">notamment par Ludo De Witte<\/a>\u00a0dans\u00a0<i>L\u2019Assassinat de Lumumba<\/i>, et cela a fait l\u2019objet des\u00a0<a class=\"spip_out\" href=\"https:\/\/plus.lesoir.be\/art\/congo-la-mort-de-lumumba-noir-ultime-debat-a-la-chambre_t-20020206-Z0LGFG.html\" target=\"_blank\" rel=\"external noopener\">travaux d\u2019une commission du parlement belge en 2001-2002<\/a>. Lire \u00e9galement l\u2019interview donn\u00e9e par Ludo De Witte au CADTM en 2018,\u00a0<a class=\"spip_url auto\" href=\"https:\/\/www.cadtm.org\/Ludo-de-Witte-Il-faut-changer-les-mentalites-et-decoloniser-completement-l\" target=\"_blank\" rel=\"nofollow noopener\">https:\/\/www.cadtm.org\/Ludo-de-Witte-Il-faut-changer-les-mentalites-et-decoloniser-completement-l<\/a><\/p>\n<p>Dans cette interview, Ludo De Witte r\u00e9sume simplement les causes de l\u2019assassinat de Lumumba\u00a0: \u00ab\u00a0Lumumba a \u00e9t\u00e9 la victime de l\u2019imp\u00e9rialisme. En fait on voulait continuer l\u2019imp\u00e9rialisme au Congo, remplacer un syst\u00e8me colonial par un syst\u00e8me n\u00e9ocolonial. Un syst\u00e8me o\u00f9 il y aurait des noirs, des Congolais, qui seraient des politiciens et des ministres mais, en coulisse, ce serait toujours les pouvoirs occidentaux et leurs grandes soci\u00e9t\u00e9s qui domineraient le pays. C\u2019est bien \u00e7a le n\u00e9ocolonialisme contre lequel Lumumba voulait lutter et c\u2019est pour cela qu\u2019il a \u00e9t\u00e9 assassin\u00e9.\u00a0\u00bb.<\/p>\n<p>Il convient de prendre connaissance du discours du premier ministre de la R\u00e9publique du Congo, Patrice Lumumba face \u00e0 Baudouin, roi des Belges.<\/p>\n<p>Baudouin avait d\u00e9clar\u00e9 dans son allocution\u00a0:\u00a0<i>\u00ab\u00a0L\u2019ind\u00e9pendance du Congo constitue l\u2019aboutissement de l\u2019\u0153uvre con\u00e7ue par le g\u00e9nie du roi L\u00e9opold II, entreprise par lui avec un courage tenace et continu\u00e9e avec pers\u00e9v\u00e9rance par la Belgique\u00a0\u00bb<\/i>.<\/p>\n<dl class=\"spip_document_20817 spip_documents spip_documents_center\">\n<dt><a class=\"spip_out\" title=\"PNG - 433.8 ko\" href=\"https:\/\/www.youtube.com\/watch?v=dVZ1Gz9YFHY\" target=\"_blank\" rel=\"noopener\"><img decoding=\"async\" src=\"https:\/\/www.cadtm.org\/local\/cache-vignettes\/L640xH358\/discours-ea685.png?1737732999\" alt=\"\" width=\"640\" height=\"358\" \/><\/a><\/dt>\n<dd class=\"spip_doc_descriptif\">Lors de la proclamation de l\u2019ind\u00e9pendance du Congo le 30 juin 1960, le Premier ministre du Congo, Patrice Emery Lumumba, prononce un discours m\u00e9morable (Cliquer sur l\u2019image pour \u00e9couter le discours)<\/dd>\n<\/dl>\n<p>Lumumba dans son discours veut que justice soit rendue au peuple congolais, en voici une version int\u00e9grale sous\u00a0<a class=\"spip_out\" href=\"https:\/\/www.youtube.com\/watch?v=dVZ1Gz9YFHY\" target=\"_blank\" rel=\"external noopener\">forme audio<\/a>\u00a0et sous forme \u00e9crite\u00a0:<\/p>\n<p><i>Discours prononc\u00e9 au si\u00e8ge du parlement apr\u00e8s ceux du Roi Baudouin et du Pr\u00e9sident Joseph Kasa-vubu, le jour de la proclamation de l\u2019ind\u00e9pendance de la R\u00e9publique d\u00e9mocratique du Congo.<\/i><\/p>\n<p>\u00ab\u00a0Congolais et Congolaises,<\/p>\n<p>Combattants de l\u2019ind\u00e9pendance aujourd\u2019hui victorieux,<\/p>\n<p>Je vous salue au nom du gouvernement congolais.<\/p>\n<p>A vous tous, mes amis, qui avez lutt\u00e9 sans rel\u00e2che \u00e0 nos c\u00f4t\u00e9s, je vous demande de faire de ce 30 juin 1960 une date illustre que vous garderez ineffa\u00e7ablement grav\u00e9e dans vos c\u0153urs, une date dont vous enseignerez avec fiert\u00e9 la signification \u00e0 vos enfants, pour que ceux-ci \u00e0 leur tour fassent conna\u00eetre \u00e0 leurs fils et leurs petits-fils l\u2019histoire glorieuse de notre lutte pour la libert\u00e9.<\/p>\n<p>Car cette ind\u00e9pendance du Congo, si elle est proclam\u00e9e aujourd\u2019hui dans l\u2019entente avec la Belgique, pays ami avec qui nous traitons d\u2019\u00e9gal \u00e0 \u00e9gal, nul congolais digne de ce nom ne pourra jamais oublier cependant que c\u2019est par la lutte qu\u2019elle a \u00e9t\u00e9 conquise, une lutte de tous les jours, une lutte ardente et id\u00e9aliste, une lutte dans laquelle nous n\u2019avons m\u00e9nag\u00e9 ni nos forces, ni nos privations, ni nos souffrances, ni notre sang.<\/p>\n<p>Cette lutte, qui fut de larmes, de feu et de sang, nous en sommes fiers jusqu\u2019au plus profond de nous-m\u00eames, car ce fut une lutte noble et juste, une lutte indispensable pour mettre fin \u00e0 l\u2019humiliant esclavage qui nous \u00e9tait impos\u00e9 par la force. Ce que fut notre sort en 80 ans de r\u00e9gime colonialiste, nos blessures sont trop fra\u00eeches et trop douloureuses encore pour que nous puissions les chasser de notre m\u00e9moire. Nous avons connu le travail harassant, exig\u00e9 en \u00e9change de salaires qui ne nous permettaient ni de manger, ni de nous v\u00eatir ou de nous loger d\u00e9cemment, ni d\u2019\u00e9lever nos enfants comme des \u00eatres chers.<\/p>\n<p>Nous avons connu les ironies, les insultes, les coups que nous devions subir matin, midi et soir, parce que nous \u00e9tions n\u00e8gres. Qui oubliera qu\u2019\u00e0 un noir on disait \u00ab\u00a0tu\u00a0\u00bb, non certes comme \u00e0 un ami, mais parce que le \u00ab\u00a0vous\u00a0\u00bb honorable \u00e9tait r\u00e9serv\u00e9 aux seuls Blancs\u00a0?<br class=\"autobr\" \/>Nous avons connu que nos terres furent spoli\u00e9es au nom de textes pr\u00e9tendument l\u00e9gaux qui ne faisaient que reconna\u00eetre le droit du plus fort. Nous avons connu que la loi n\u2019\u00e9tait jamais la m\u00eame selon qu\u2019il s\u2019agissait d\u2019un Blanc ou d\u2019un Noir\u00a0: accommodante pour les uns, cruelle et inhumaine pour les autres. Nous avons connu les souffrances atroces des rel\u00e9gu\u00e9s pour opinions politiques ou croyances religieuses\u00a0; exil\u00e9s dans leur propre patrie, leur sort \u00e9tait vraiment pire que la mort elle-m\u00eame.<\/p>\n<p>Nous avons connu qu\u2019il y avait dans les villes des maisons magnifiques pour les blancs et des paillotes croulantes pour les Noirs, qu\u2019un Noir n\u2019\u00e9tait admis ni dans les cin\u00e9mas, ni dans les restaurants, ni dans les magasins dits europ\u00e9ens\u00a0; qu\u2019un Noir voyageait \u00e0 m\u00eame la coque des p\u00e9niches, aux pieds du blanc dans sa cabine de luxe.<\/p>\n<p>Qui oubliera enfin les fusillades o\u00f9 p\u00e9rirent tant de nos fr\u00e8res, les cachots o\u00f9 furent brutalement jet\u00e9s ceux qui ne voulaient plus se soumettre au r\u00e9gime d\u2019une justice d\u2019oppression et d\u2019exploitation\u00a0?<\/p>\n<blockquote class=\"spip\"><p>Patrice Lumumba\u00a0: Qui oubliera qu\u2019\u00e0 un noir on disait \u00ab\u00a0tu\u00a0\u00bb, non certes comme \u00e0 un ami, mais parce que le \u00ab\u00a0vous\u00a0\u00bb honorable \u00e9tait r\u00e9serv\u00e9 aux seuls Blancs\u00a0?<br class=\"autobr\" \/>[&#8230;] Nous avons connu que la loi n\u2019\u00e9tait jamais la m\u00eame selon qu\u2019il s\u2019agissait d\u2019un Blanc ou d\u2019un Noir [&#8230;] Nous avons connu les souffrances atroces des rel\u00e9gu\u00e9s pour opinions politiques ou croyances religieuses\u00a0; exil\u00e9s dans leur propre patrie, leur sort \u00e9tait vraiment pire que la mort elle-m\u00eame<\/p><\/blockquote>\n<p>Tout cela, mes fr\u00e8res, nous en avons profond\u00e9ment souffert. Mais tout cela aussi, nous que le vote de vos repr\u00e9sentants \u00e9lus a agr\u00e9\u00e9 pour diriger notre cher pays, nous qui avons souffert dans notre corps et dans notre c\u0153ur de l\u2019oppression colonialiste, nous vous le disons tout haut, tout cela est d\u00e9sormais fini. La R\u00e9publique du Congo a \u00e9t\u00e9 proclam\u00e9e et notre pays est maintenant entre les mains de ses propres enfants. Ensemble, mes fr\u00e8res, mes s\u0153urs, nous allons commencer une nouvelle lutte, une lutte sublime qui va mener notre pays \u00e0 la paix, \u00e0 la prosp\u00e9rit\u00e9 et \u00e0 la grandeur. Nous allons \u00e9tablir ensemble la justice sociale et assurer que chacun re\u00e7oive la juste r\u00e9mun\u00e9ration de son travail. Nous allons montrer au monde ce que peut faire l\u2019homme noir quand il travaille dans la libert\u00e9 et nous allons faire du Congo le centre de rayonnement de l\u2019Afrique toute enti\u00e8re. Nous allons veiller \u00e0 ce que les terres de notre patrie profitent v\u00e9ritablement \u00e0 ses enfants. Nous allons revoir toutes les lois d\u2019autrefois et en faire de nouvelles qui seront justes et nobles.<\/p>\n<p>Nous allons mettre fin \u00e0 l\u2019oppression de la pens\u00e9e libre et faire en sorte que tous les citoyens jouissent pleinement des libert\u00e9s fondamentales pr\u00e9vues dans la D\u00e9claration des droits de l\u2019Homme.<\/p>\n<p>Nous allons supprimer efficacement toute discrimination quelle qu\u2019elle soit et donner \u00e0 chacun la juste place que lui vaudront sa dignit\u00e9 humaine, son travail et son d\u00e9vouement au pays. Nous allons faire r\u00e9gner non pas la paix des fusils et des ba\u00efonnettes, mais la paix des c\u0153urs et des bonnes volont\u00e9s.<\/p>\n<p>Et pour cela, chers compatriotes, soyez s\u00fbrs que nous pourrons compter non seulement sur nos forces \u00e9normes et nos richesses immenses, mais sur l\u2019assistance de nombreux pays \u00e9trangers dont nous accepterons la collaboration chaque fois qu\u2019elle sera loyale et ne cherchera pas \u00e0 nous imposer une politique quelle qu\u2019elle soit. Dans ce domaine, la Belgique qui, comprenant enfin le sens de l\u2019histoire, n\u2019a pas essay\u00e9 de s\u2019opposer \u00e0 notre ind\u00e9pendance, est pr\u00eate \u00e0 nous accorder son aide et son amiti\u00e9, et un trait\u00e9 vient d\u2019\u00eatre sign\u00e9 dans ce sens entre nos deux pays \u00e9gaux et ind\u00e9pendants. Cette coop\u00e9ration, j\u2019en suis s\u00fbr, sera profitable aux deux pays. De notre c\u00f4t\u00e9, tout en restant vigilants, nous saurons respecter les engagements librement consentis.<\/p>\n<p>Ainsi, tant \u00e0 l\u2019int\u00e9rieur qu\u2019\u00e0 l\u2019ext\u00e9rieur, le Congo nouveau, notre ch\u00e8re R\u00e9publique, que mon gouvernement va cr\u00e9er, sera un pays riche, libre et prosp\u00e8re. Mais pour que nous arrivions sans retard \u00e0 ce but, vous tous, l\u00e9gislateurs et citoyens congolais, je vous demande de m\u2019aider de toutes vos forces. Je vous demande \u00e0 tous d\u2019oublier les querelles tribales qui nous \u00e9puisent et risquent de nous faire m\u00e9priser \u00e0 l\u2019\u00e9tranger.<\/p>\n<p>Je demande \u00e0 la minorit\u00e9 parlementaire d\u2019aider mon gouvernement par une opposition constructive et de rester strictement dans les voies l\u00e9gales et d\u00e9mocratiques. Je vous demande \u00e0 tous de ne reculer devant aucun sacrifice pour assurer la r\u00e9ussite de notre grandiose entreprise. Je vous demande enfin de respecter inconditionnellement la vie et les biens de vos concitoyens et des \u00e9trangers \u00e9tablis dans notre pays. Si la conduite de ces \u00e9trangers laisse \u00e0 d\u00e9sirer, notre justice sera prompte \u00e0 les expulser du territoire de la R\u00e9publique\u00a0; si par contre leur conduite est bonne, il faut les laisser en paix, car eux aussi travaillent \u00e0 la prosp\u00e9rit\u00e9 de notre pays. L\u2019ind\u00e9pendance du Congo marque un pas d\u00e9cisif vers la lib\u00e9ration de tout le continent africain.<\/p>\n<p>Voil\u00e0, Sire, Excellences, Mesdames, Messieurs, mes chers compatriotes, mes fr\u00e8res de race, mes fr\u00e8res de lutte, ce que j\u2019ai voulu vous dire au nom du gouvernement en ce jour magnifique de notre ind\u00e9pendance compl\u00e8te et souveraine. Notre gouvernement fort, national, populaire, sera le salut de ce pays.<\/p>\n<p>J\u2019invite tous les citoyens congolais, hommes, femmes et enfants, \u00e0 se mettre r\u00e9solument au travail en vue de cr\u00e9er une \u00e9conomie nationale prosp\u00e8re qui consacrera notre ind\u00e9pendance \u00e9conomique.<\/p>\n<p>Hommage aux combattants de la libert\u00e9 nationale\u00a0!<\/p>\n<p>Vive l\u2019ind\u00e9pendance et l\u2019Unit\u00e9 africaine\u00a0!<\/p>\n<p>Vive le Congo ind\u00e9pendant et souverain\u00a0!\u00a0\u00bb<\/p>\n<p><strong>Source\u00a0:\u00a0<a class=\"spip_url spip_out auto\" href=\"http:\/\/www.millebabords.org\/IMG\/article_PDF\/Discours-de-Patrice-E-Lumumba-le-30-juin-1960-le-jour-de-la-proclamation-de-l_a14656.pdf\" target=\"_blank\" rel=\"external nofollow noopener\">http:\/\/www.millebabords.org\/IMG\/article_PDF\/Discours-de-Patrice-E-Lumumba-le-30-juin-1960-le-jour-de-la-proclamation-de-l_a14656.pdf<\/a><\/strong><\/p>\n<p>Le discours du Roi des Belges auquel r\u00e9pondait celui de Lumumba vaut la peine d\u2019\u00eatre \u00e9cout\u00e9\u00a0<a class=\"spip_url spip_out auto\" href=\"https:\/\/www.youtube.com\/watch?v=dhDSFLw2Epo\" target=\"_blank\" rel=\"external nofollow noopener\">https:\/\/www.youtube.com\/watch?v=dhDSFLw2Epo<\/a><br class=\"autobr\" \/>Il constitue un plaidoyer scandaleux en faveur du pass\u00e9 colonial et de l\u2019action pr\u00e9datrice de la Belgique depuis l\u2019action criminelle du Roi L\u00e9opold II \u00e0 la fin du 19<sup class=\"typo_exposants\">e<\/sup>\u00a0si\u00e8cle. Dans le discours du Roi Baudouin il n\u2019y a pas l\u2019ombre d\u2019une autocritique tout au contraire. Le discours du Roi Baudouin constituait une v\u00e9ritable insulte \u00e0 l\u2019\u00e9gard du peuple congolais.<\/p>\n<p>Une version \u00e9crite du discours du Roi Baudouin est disponible ici\u00a0:\u00a0<a class=\"spip_url spip_out auto\" href=\"http:\/\/archiv.kongo-kinshasa.de\/dokumente\/lekture\/disc_indep.pdf\" target=\"_blank\" rel=\"external nofollow noopener\">http:\/\/archiv.kongo-kinshasa.de\/dokumente\/lekture\/disc_indep.pdf<\/a><br class=\"autobr\" \/>Le discours du Roi est suivi des discours de Joseph Kasa-Vubu et de Patrice Lumumba.<\/p>\n<h3 id=\"lumumba_combattant_internationaliste\" class=\"spip\"><a class=\"sommaire_ancre\" title=\"Sommaire\" href=\"https:\/\/www.cadtm.org\/En-memoire-de-Patrice-Lumumba-assassine-le-17-janvier-1961#outil_sommaire\">\u00a0<\/a>Lumumba, combattant internationaliste<\/h3>\n<p>Avant de devenir premier ministre, Lumumba a \u00e9tabli des liens solides avec une s\u00e9rie de mouvements et de personnalit\u00e9s anti imp\u00e9rialistes, panafricanistes et internationalistes. En d\u00e9cembre 1958, il est pr\u00e9sent \u00e0 la Conf\u00e9rence des Peuples africains \u00e0 Accra. Il y rencontre, entre autres, l\u2019Antillo-Alg\u00e9rien\u00a0<a class=\"spip_out\" href=\"https:\/\/fr.wikipedia.org\/wiki\/Frantz_Fanon\" target=\"_blank\" rel=\"external noopener\">Frantz Fanon<\/a>, le Ghan\u00e9en\u00a0<a class=\"spip_in\" href=\"https:\/\/www.cadtm.org\/Kwame-Nkrumah-et-la-lutte-de-classe-African-personality-consciencisme-et\">Kwame Nkrumah<\/a>\u00a0et le Camerounais F\u00e9lix-Roland Moumi\u00e9<span class=\"spip_note_ref\">\u00a0[<a id=\"nh2-2\" class=\"spip_note\" title=\"F\u00e9lix Roland Moumi\u00e9 (1925-1960), dirigeant de la lutte anti colonialiste et\u00a0(...)\" href=\"https:\/\/www.cadtm.org\/En-memoire-de-Patrice-Lumumba-assassine-le-17-janvier-1961#nb2-2\" rel=\"appendix\">2<\/a>]<\/span>. Il y prononce un\u00a0<a class=\"spip_out\" href=\"https:\/\/afreekasite.wordpress.com\/wp-content\/uploads\/2017\/08\/discoursprononcc3a9c3a0laconfc3a9rencedaccrale11dc3a9cembre1958.pdf\" target=\"_blank\" rel=\"external noopener\">discours<\/a>\u00a0dans lequel il d\u00e9clare\u00a0: \u00ab\u00a0Notre mouvement a pour but fondamental la lib\u00e9ration du peuple congolais du r\u00e9gime colonialiste et son accession \u00e0 l\u2019ind\u00e9pendance. Nous fondons notre action sur la D\u00e9claration Universelle des Droits de l\u2019Homme &#8211; droits garantis \u00e0 tous les citoyens de l\u2019humanit\u00e9 par la Charte des Nations Unies &#8211; et estimons que le Congo, en tant que soci\u00e9t\u00e9 humaine, a le droit d\u2019acc\u00e9der au rang des peuples libres.\u00a0\u00bb. Il le conclut en ses mots\u00a0: \u00ab\u00a0C\u2019est pourquoi nous crions vivement avec tous les d\u00e9l\u00e9gu\u00e9s\u00a0:\u00a0<i>A bas le colonialisme et l\u2019imp\u00e9rialisme. A bas le racisme et le tribalisme. Et vive la nation congolaise, vive l\u2019Afrique ind\u00e9pendante.<\/i>\u00a0\u00bb<\/p>\n<p><q>Il faut pr\u00e9ciser qu\u2019au cours de l\u2019ann\u00e9e 1959, la r\u00e9pression organis\u00e9e par la Belgique colonialiste a fait des dizaines, voire des centaines, de morts<\/q><\/p>\n<p>\u00c0 l\u2019issue de cette conf\u00e9rence, Lumumba, est nomm\u00e9 membre permanent du comit\u00e9 de coordination, comme le rappelle Sa\u00efd Bouamama dans \u00ab\u00a0Figures de la r\u00e9volution africaine\u00a0\u00bb<span class=\"spip_note_ref\">\u00a0[<a id=\"nh2-3\" class=\"spip_note\" title=\"Sa\u00efd Bouamama, Figures de la r\u00e9volution africaine, La D\u00e9couverte, 2014, 300\u00a0(...)\" href=\"https:\/\/www.cadtm.org\/En-memoire-de-Patrice-Lumumba-assassine-le-17-janvier-1961#nb2-3\" rel=\"appendix\">3<\/a>]<\/span>. Lumumba \u00e9tait \u00e9galement proche de militants belges anti colonialistes et anti capitalistes comme\u00a0<a class=\"spip_out\" href=\"https:\/\/fr.wikipedia.org\/wiki\/Jean_Van_Lierde\" target=\"_blank\" rel=\"external noopener\">Jean Van Lierde<\/a>\u00a0qui \u00e9tait engag\u00e9 dans le soutien \u00e0 la r\u00e9volution alg\u00e9rienne et qui entretenait des liens \u00e9troits<span class=\"spip_note_ref\">\u00a0[<a id=\"nh2-4\" class=\"spip_note\" title=\"Voir le r\u00e9sum\u00e9 de l\u2019intervention de Jean Van Lierde lors d\u2019une conf\u00e9rence\u00a0(...)\" href=\"https:\/\/www.cadtm.org\/En-memoire-de-Patrice-Lumumba-assassine-le-17-janvier-1961#nb2-4\" rel=\"appendix\">4<\/a>]<\/span>\u00a0avec l\u2019hebdomadaire La Gauche et avec son animateur principal Ernest Mandel.<\/p>\n<p>Quelques semaines apr\u00e8s la conf\u00e9rence d\u2019Accra, Lumumba et son mouvement organisent dans la capitale du Congo belge \u00e0 l\u2019\u00e9poque, une r\u00e9union pour rendre compte des r\u00e9sultats de ce sommet anticolonialiste. Il y revendique l\u2019ind\u00e9pendance du Congo devant plus de 10 000 personnes. Il d\u00e9crit l\u2019objectif du Mouvement National Congolais en \u00e9voquant \u00ab\u00a0la liquidation du r\u00e9gime colonialiste et de l\u2019exploitation de l\u2019homme par l\u2019homme\u00a0\u00bb<span class=\"spip_note_ref\">\u00a0[<a id=\"nh2-5\" class=\"spip_note\" title=\"Sa\u00efd Bouamama, Figures de la r\u00e9volution africaine, La D\u00e9couverte, 2014, p.\u00a0(...)\" href=\"https:\/\/www.cadtm.org\/En-memoire-de-Patrice-Lumumba-assassine-le-17-janvier-1961#nb2-5\" rel=\"appendix\">5<\/a>]<\/span>.<\/p>\n<p>Selon\u00a0<i>Le Monde diplomatique<\/i>\u00a0de f\u00e9vrier 1959, suite \u00e0 cette conf\u00e9rence, une \u00e9meute \u00e9clata \u00e0 L\u00e9opoldville \u00e0 partir du 4 janvier 1959. Voici ce qu\u2019en dit le mensuel fran\u00e7ais\u00a0: \u00ab\u00a0Le point de d\u00e9part de l\u2019\u00e9meute est en relation directe avec la conf\u00e9rence panafricaine d\u2019Accra. C\u2019est en effet au moment o\u00f9 les leaders du Mouvement national congolais \u2014 au premier rang desquels le pr\u00e9sident du Mouvement, M.\u00a0Lumumba \u2014 s\u2019appr\u00eataient \u00e0 tenir une r\u00e9union publique sur ce sujet que les premiers troubles ont \u00e9clat\u00e9. Avec l\u2019autorisation du gouverneur g\u00e9n\u00e9ral du Congo belge, M.\u00a0Cornelis, une d\u00e9l\u00e9gation de nationalistes congolais, conduite par M.\u00a0Lumumba, s\u2019\u00e9tait rendue au Ghana en d\u00e9cembre. Et c\u2019est un compte rendu de son voyage et de ses travaux qu\u2019elle s\u2019appr\u00eatait \u00e0 faire le 4 janvier, quand la police donna l\u2019ordre aux conf\u00e9renciers et \u00e0 ceux qui \u00e9taient venus les entendre de se disperser.<span class=\"spip_note_ref\">\u00a0[<a id=\"nh2-6\" class=\"spip_note\" title=\"Philippe Decraene, \u00ab L\u2019Afrique noire tout enti\u00e8re fait \u00e9cho aux th\u00e8mes\u00a0(...)\" href=\"https:\/\/www.cadtm.org\/En-memoire-de-Patrice-Lumumba-assassine-le-17-janvier-1961#nb2-6\" rel=\"appendix\">6<\/a>]<\/span>\u00a0\u00bb<\/p>\n<p>Il faut pr\u00e9ciser qu\u2019au cours de l\u2019ann\u00e9e 1959, la r\u00e9pression organis\u00e9e par la Belgique colonialiste a fait des dizaines, voire des centaines, de morts. Un exemple de l\u2019ampleur de la r\u00e9pression\u00a0: en octobre 1959, lors du congr\u00e8s national du Mouvement national congolais (MNC) \u00e0 Stanleyville, les gendarmes ont tir\u00e9 sur la foule en faisant 30 morts et des centaines de bless\u00e9s. Lumumba est arr\u00eat\u00e9 quelques jours plus tard, il est jug\u00e9 en janvier 1960 et condamn\u00e9 \u00e0 6 mois de prison le 21 janvier 1960.<\/p>\n<p>Mais les protestations sont telles qu\u2019\u00e0 Bruxelles, le pouvoir prend peur et d\u00e9cide de l\u00e2cher du lest en convoquant des \u00e9lections locales auxquelles les Congolais sont invit\u00e9s \u00e0 participer. Lumumba est lib\u00e9r\u00e9 le 26 janvier quelques jours apr\u00e8s sa condamnation. Finalement, apr\u00e8s les \u00e9lections locales, des \u00e9lections g\u00e9n\u00e9rales sont organis\u00e9es en mai 1960, les premi\u00e8res dans l\u2019histoire du Congo belge. Le Mouvement national congolais (MNC) en sort vainqueur et, en cons\u00e9quence, Lumumba est nomm\u00e9 premier ministre.<\/p>\n<h3 id=\"l_enchainement_des_evenements_qui_mene_au_coup_d_etat_contre_lumumba_et_a_son_assassinat\" class=\"spip\"><a class=\"sommaire_ancre\" title=\"Sommaire\" href=\"https:\/\/www.cadtm.org\/En-memoire-de-Patrice-Lumumba-assassine-le-17-janvier-1961#outil_sommaire\">\u00a0<\/a>L\u2019encha\u00eenement des \u00e9v\u00e8nements qui m\u00e8ne au coup d\u2019\u00c9tat contre Lumumba et \u00e0 son assassinat<\/h3>\n<p>Suite au discours de Lumumba le 30 juin, le gouvernement belge, la monarchie et les patrons des grandes entreprises belges pr\u00e9sentes au Congo d\u00e9cident d\u2019\u00e9carter Lumumba et de provoquer la s\u00e9cession du Katanga, la province la plus riche en mati\u00e8res premi\u00e8res. Tout de suite se pr\u00e9sentent des complices congolais en la personne de Mo\u00efse Tshomb\u00e9, proclam\u00e9 pr\u00e9sident du Katanga le 11 juillet 1960, puis en la personne du pr\u00e9sident Joseph Kasa-Vubu qui r\u00e9voque Lumumba en septembre 1960 sans en avoir le pouvoir constitutionnel, et en Joseph-D\u00e9sir\u00e9 Mobutu qui dirige quelques jours plus tard un coup d\u2019\u00c9tat et fait arr\u00eater Lumumba alors que ses ministres lui ont confirm\u00e9 leur confiance et que son parti est le principal parti au parlement. Mobutu, qui a fait une carri\u00e8re militaire pendant la colonie et est un ancien journaliste dans la presse congolaise pro-coloniale, a r\u00e9ussi \u00e0 obtenir un poste de colonel dans la nouvelle arm\u00e9e et s\u2019est retourn\u00e9 tr\u00e8s vite contre le gouvernement congolais.<\/p>\n<p><q>L\u2019op\u00e9ration qui m\u00e8ne \u00e0 l\u2019ex\u00e9cution de Lumumba est directement accompagn\u00e9e et dirig\u00e9e par des Belges aux ordres de Bruxelles. De leurs lieux de d\u00e9tention, le 17 janvier 1961, Lumumba, Mpolo et Okito ont \u00e9t\u00e9 emmen\u00e9 en avion, pilot\u00e9 par un \u00e9quipage belge, \u00e0 \u00c9lisabethville, capitale du Katanga, et livr\u00e9s aux autorit\u00e9s locales. Ils ont ensuite \u00e9t\u00e9 tortur\u00e9s par des responsables katangais, dont Mo\u00efse Tshomb\u00e9, et par des Belges. Ils sont fusill\u00e9s le soir m\u00eame, par des soldats sous le commandement d\u2019un officier belge<\/q><\/p>\n<p>Entretemps la Belgique avait envoy\u00e9 au Congo d\u00e8s juillet 1960, 11 000 soldats (ce qui est \u00e9norme) dont 9 000 au Katanga. Ces 11 000 soldats belges sont achemin\u00e9s au Congo en dix jours, pr\u00e9c\u00e9d\u00e9s par des troupes sp\u00e9ciales de paras-commandos. Cette intervention militaire constitue une v\u00e9ritable agression contre un \u00c9tat d\u00e9sormais ind\u00e9pendant. Il faut souligner que la Belgique, membre de l\u2019<a class=\"cs_glossaire\" href=\"https:\/\/www.cadtm.org\/OTAN-Organisation-du-traite-de-l\" name=\"mot1011_0\"><span class=\"gl_mot\">OTAN<\/span><\/a>, a dispos\u00e9 jusque dans les ann\u00e9es 1980, en Allemagne de l\u2019Ouest, d\u2019une zone militaire sur\u00e9quip\u00e9e s\u2019\u00e9tendant de la fronti\u00e8re belge au rideau de fer. L\u2019\u00e9tat-major belge avait \u00e0 sa disposition un arsenal militaire consid\u00e9rable, en partie d\u2019origine am\u00e9ricaine, et l\u2019OTAN lui a permis de d\u00e9ployer avions, transports de troupes et m\u00eame des navires de la marine de guerre qui ont bombard\u00e9 des positions congolaises dans l\u2019estuaire du fleuve Congo. Le gouvernement des \u00c9tats-Unis et la CIA sont aussi \u00e0 la man\u0153uvre aux \u00ab\u00a0c\u00f4t\u00e9s\u00a0\u00bb de la Belgique, avec qui ils ont d\u00e9cid\u00e9 d\u2019assassiner Lumumba<span class=\"spip_note_ref\">\u00a0[<a id=\"nh2-7\" class=\"spip_note\" title=\"The Assassination Archives and Research Center, Interim Report : Alleged\u00a0(...)\" href=\"https:\/\/www.cadtm.org\/En-memoire-de-Patrice-Lumumba-assassine-le-17-janvier-1961#nb2-7\" rel=\"appendix\">7<\/a>]<\/span>. De m\u00eame que la France. Dans un t\u00e9l\u00e9gramme en date du 26 ao\u00fbt 1960, le directeur de la CIA Allen Dulles indique \u00e0 ses agents \u00e0 L\u00e9opoldville au sujet de Lumumba\u00a0: \u00ab\u00a0Nous avons d\u00e9cid\u00e9 que son \u00e9loignement est notre objectif le plus important et que, dans les circonstances actuelles, il m\u00e9rite grande priorit\u00e9 dans notre action secr\u00e8te\u00a0\u00bb<span class=\"spip_note_ref\">\u00a0[<a id=\"nh2-8\" class=\"spip_note\" title=\"Sa\u00efd Bouamama, Figures de la r\u00e9volution africaine, La D\u00e9couverte, 2014, p.\u00a0(...)\" href=\"https:\/\/www.cadtm.org\/En-memoire-de-Patrice-Lumumba-assassine-le-17-janvier-1961#nb2-8\" rel=\"appendix\">8<\/a>]<\/span>.<\/p>\n<p>Soulignons que le 12 ao\u00fbt 1960, la Belgique avait sign\u00e9 un accord avec Tshomb\u00e9, reconnaissant de facto l\u2019ind\u00e9pendance du Katanga. Les tentatives du gouvernement de Lumumba pour faire face \u00e0 cette s\u00e9cession \u00e9taient tout \u00e0 fait l\u00e9gitimes, mais \u00e9taient combattues par les grandes puissances occidentales.<\/p>\n<p>Malgr\u00e9 son arrestation par Mobutu, Lumumba ne capitule pas et il garde le contact avec les ministres qui restent fid\u00e8les \u00e0 leur engagement et avec ses camarades. Un gouvernement clandestin dirig\u00e9 par Antoine Gizenga s\u2019\u00e9tablit \u00e0 Stanleyville. Lumumba r\u00e9ussit \u00e0 \u00e9chapper \u00e0 ses ge\u00f4liers le 27 novembre 1960 et cherche \u00e0 rejoindre le gouvernement clandestin \u00e0 Stanleyville, mais il est arr\u00eat\u00e9 quelques jours plus tard en route. En janvier 1961, alors que Lumumba est toujours tr\u00e8s populaire, Mobutu et les puissances occidentales craignent qu\u2019une r\u00e9volte populaire aboutisse \u00e0 la lib\u00e9ration du leader et d\u00e9cide de le faire ex\u00e9cuter. L\u2019op\u00e9ration qui m\u00e8ne \u00e0 l\u2019ex\u00e9cution de Lumumba est directement accompagn\u00e9e et dirig\u00e9e par des Belges aux ordres de Bruxelles. De leurs lieux de d\u00e9tention, le 17 janvier 1961, Lumumba, Mpolo et Okito ont \u00e9t\u00e9 emmen\u00e9 en avion, pilot\u00e9 par un \u00e9quipage belge, \u00e0 \u00c9lisabethville, capitale du Katanga, et livr\u00e9s aux autorit\u00e9s locales. Ils ont ensuite \u00e9t\u00e9 tortur\u00e9s par des responsables katangais, dont Mo\u00efse Tshomb\u00e9, et par des Belges. Ils sont ensuite fusill\u00e9s le soir m\u00eame, par des soldats sous le commandement d\u2019un officier belge.<\/p>\n<p>Selon le t\u00e9moignage du Belge Gerard Soete, commissaire de police charg\u00e9 \u00e0 l\u2019\u00e9poque de mettre en place une \u201cpolice nationale katangaise\u201d, les trois corps ont \u00e9t\u00e9 transport\u00e9s \u00e0 220 kilom\u00e8tres du lieu d\u2019ex\u00e9cution, et ont \u00e9t\u00e9 enfouis dans la terre derri\u00e8re une termiti\u00e8re, en pleine savane bois\u00e9e.<\/p>\n<p>L\u2019Agence France Presse qui a recueilli le t\u00e9moignage de ce commissaire de police belge rapporte que 3 trois jours plus tard, les corps ont de nouveau \u00e9t\u00e9 d\u00e9plac\u00e9s afin de les faire dispara\u00eetre d\u00e9finitivement. Gerard Soete a affirm\u00e9 avoir \u00e9t\u00e9 accompagn\u00e9 d\u2019\u201dun autre blanc\u201d et de quelques congolais, quand ils ont d\u00e9coup\u00e9 \u00e0 la scie les corps des trois martyrs avant de les mettre \u00e0 dissoudre dans de l\u2019acide<span class=\"spip_note_ref\">\u00a0[<a id=\"nh2-9\" class=\"spip_note\" title=\"\u00ab Les aveux du meurtre de Patrice Lumumba \u00bb,\" href=\"https:\/\/www.cadtm.org\/En-memoire-de-Patrice-Lumumba-assassine-le-17-janvier-1961#nb2-9\" rel=\"appendix\">9<\/a>]<\/span>.<\/p>\n<dl class=\"spip_document_20821 spip_documents spip_documents_center\">\n<dt><img decoding=\"async\" class=\"aligncenter\" src=\"https:\/\/www.cadtm.org\/local\/cache-vignettes\/L500xH376\/arton734-e0b1f-d2c54.jpg?1737732999\" alt=\"\" width=\"500\" height=\"376\" \/><\/dt>\n<dd class=\"spip_doc_descriptif\">Mobutu et Ronald Reagan<\/dd>\n<\/dl>\n<h3 id=\"le_soutien_de_la_belgique_a_la_dictature_de_mobutu\" class=\"spip\"><a class=\"sommaire_ancre\" title=\"Sommaire\" href=\"https:\/\/www.cadtm.org\/En-memoire-de-Patrice-Lumumba-assassine-le-17-janvier-1961#outil_sommaire\">\u00a0<\/a>Le soutien de la Belgique \u00e0 la dictature de Mobutu<\/h3>\n<p>L\u2019arm\u00e9e belge est intervenue \u00e0 deux reprises au Congo pour aider Mobutu et son r\u00e9gime dictatorial \u00e0 mettre fin \u00e0 des actions de r\u00e9sistance d\u2019organisations lumumbistes, la premi\u00e8re fois en novembre 1964 avec l\u2019op\u00e9ration Dragon Rouge et Dragon Noir respectivement \u00e0 Stanleyville et \u00e0 Paulis. A cette occasion, l\u2019op\u00e9ration a \u00e9t\u00e9 men\u00e9e conjointement par l\u2019arm\u00e9e belge, l\u2019arm\u00e9e de Mobutu, l\u2019\u00c9tat-major de l\u2019arm\u00e9e des \u00c9tats-Unis et des mercenaires parmi lesquels des Cubains anti-castrites.<\/p>\n<p>Dans un discours prononc\u00e9 \u00e0 l\u2019assembl\u00e9e g\u00e9n\u00e9rale des Nations unies en novembre 1964, Ernesto Che Guevara avait d\u00e9nonc\u00e9 cette intervention. Il l\u2019a aussi d\u00e9nonc\u00e9e dans un discours prononc\u00e9 \u00e0 Santiago de Cuba en disant\u00a0: \u00ab\u00a0aujourd\u2019hui, le souvenir plus pr\u00e9sent, plus poignant que tout autre est certainement celui du Congo et de Lumumba. Aujourd\u2019hui, dans ce Congo si \u00e9loign\u00e9 de nous et pourtant tellement pr\u00e9sent, il y a une histoire que nous devons conna\u00eetre et une exp\u00e9rience qui doit nous \u00eatre utile. L\u2019autre jour, les parachutistes belges ont pris d\u2019assaut la ville de Stanleyville.\u00a0\u00bb (extrait du\u00a0<strong>Discours de Che Guevara \u00e0 Santiago de Cuba, le 30 novembre 1964, \u00e0 l\u2019occasion du 8<sup class=\"typo_exposants\">e<\/sup>\u00a0anniversaire du soul\u00e8vement de la ville men\u00e9 par Frank Pa\u00eds<\/strong>\u00a0<a class=\"spip_url spip_out auto\" href=\"https:\/\/www.politique-actu.com\/dossier\/ernesto-guevara-discours-historique-anniversaire\/1702290\/\" target=\"_blank\" rel=\"external nofollow noopener\">https:\/\/www.politique-actu.com\/dossier\/ernesto-guevara-discours-historique-anniversaire\/1702290\/<\/a>).<\/p>\n<p>La deuxi\u00e8me intervention de l\u2019arm\u00e9e belge s\u2019est d\u00e9roul\u00e9e \u00e0 Kolwezi au c\u0153ur de la r\u00e9gion mini\u00e8re du Shaba (Katanga) en mai 1978 en collaboration avec l\u2019arm\u00e9e fran\u00e7aise et celle de Mobutu.<\/p>\n<p><strong>Proc\u00e9dure judiciaire toujours en cours en Belgique en ce qui concerne l\u2019assassinat de Lumumba.<\/strong><\/p>\n<p>La justice belge n\u2019a toujours pas rendu de jugement sur l\u2019assassinat de Lumumba. L\u2019affaire n\u2019a pas \u00e9t\u00e9 class\u00e9e gr\u00e2ce \u00e0 l\u2019action de tous ceux et de toutes celles qui veulent que justice soit rendue. La famille de Lumumba continue son action pour exiger la v\u00e9rit\u00e9. Un juge d\u2019instruction belge est toujours en charge de l\u2019affaire car l\u2019assassinat a \u00e9t\u00e9 qualifi\u00e9 de crime de guerre pour lequel il n\u2019y a pas de prescription. Et comme le souligne l\u2019avocat de la famille, Christophe Marchand, cit\u00e9 par la RTBF le 23 juin 2011 \u00ab\u00a0les principaux commanditaires sont morts aujourd\u2019hui (\u2026) mais d\u2019anciens conseillers et attach\u00e9s de cabinet du minist\u00e8re des Affaires \u00e9trang\u00e8res sont toujours vivants\u00a0\u00bb.<\/p>\n<dl class=\"spip_document_20818 spip_documents spip_documents_center\">\n<dt><img decoding=\"async\" src=\"https:\/\/www.cadtm.org\/local\/cache-vignettes\/L640xH641\/lumumbabruxelles1960-b90fd.jpg?1737732999\" alt=\"\" width=\"640\" height=\"641\" \/><\/dt>\n<dd class=\"spip_doc_descriptif\">Lumumba \u00e0 Bruxelles (1960) (CC &#8211; Wikimedia)<\/dd>\n<\/dl>\n<h3 id=\"lumumba_une_figure_devenue_emblematique\" class=\"spip\"><a class=\"sommaire_ancre\" title=\"Sommaire\" href=\"https:\/\/www.cadtm.org\/En-memoire-de-Patrice-Lumumba-assassine-le-17-janvier-1961#outil_sommaire\">\u00a0<\/a>Lumumba\u00a0: une figure devenue embl\u00e9matique<\/h3>\n<p>La figure de Lumumba a travers\u00e9 l\u2019histoire et constitue encore aujourd\u2019hui un exemple pour tous ceux et celles pour l\u2019\u00e9mancipation des peuples. Lumumba n\u2019a jamais capitul\u00e9.<\/p>\n<p>Sa popularit\u00e9 \u00e9tait telle sous le r\u00e9gime du dictateur Mobutu que celui-ci a d\u00e9cr\u00e9t\u00e9 en 1966 que Patrice Lumumba \u00e9tait un h\u00e9ro national. Non content de l\u2019avoir renvers\u00e9 en septembre 1960 puis d\u2019avoir \u00e9t\u00e9 un des principaux organisateurs de son assassinat, il a essay\u00e9 de s\u2019approprier une partie de son aura. Le jour de son ex\u00e9cution, le 17 janvier, est un jour f\u00e9ri\u00e9 au Congo-Kinshasa.<\/p>\n<p>\u00c0 Bruxelles, suite \u00e0 des ann\u00e9es d\u2019action des militant-es anti-colonialistes, le conseil municipal de Bruxelles-Ville a vot\u00e9 le 23 avril 2018 la cr\u00e9ation d\u2019une place Patrice-Lumumba, qui a \u00e9t\u00e9 officiellement inaugur\u00e9e le 30 juin de la m\u00eame ann\u00e9e, date du 58<sup class=\"typo_exposants\">e<\/sup>\u00a0anniversaire de l\u2019ind\u00e9pendance de la R\u00e9publique d\u00e9mocratique du Congo.<\/p>\n<p>Cela est bien peu de chose.<\/p>\n<p>Au-del\u00e0 de dire la v\u00e9rit\u00e9 sur la lutte de Lumumba et d\u2019exiger que justice lui soit rendue, l\u2019important est de prolonger son combat et celui de tous les Congolais et Congolaises qui ont lutt\u00e9 et luttent pour qu\u2019on mette fin \u00e0 toutes les formes de spoliation, d\u2019oppression et d\u2019exploitation.<\/p>\n<p>C\u2019est pourquoi, le CADTM consid\u00e8re que les autorit\u00e9s de la Belgique doivent\u00a0:<\/p>\n<ul class=\"spip\">\n<li>Reconna\u00eetre publiquement et nommer l\u2019ensemble des m\u00e9faits et crimes commis par L\u00e9opold II et le royaume de Belgique \u00e0 l\u2019encontre du peuple congolais, et de lui adresser en cons\u00e9quence des excuses officielles\u00a0;<\/li>\n<li>Approfondir un travail de m\u00e9moire, en impliquant les acteurs concern\u00e9s, tant dans l\u2019enseignement que dans les activit\u00e9s d\u2019\u00e9ducation populaire, en passant par les espaces institutionnels\u00a0;<\/li>\n<li>Proc\u00e9der \u00e0 une restitution de l\u2019ensemble des biens culturels congolais\u00a0;<\/li>\n<li>Soutenir activement une remise en cause de tous les symboles colonialistes dans l\u2019espace public belge\u00a0;<\/li>\n<li>R\u00e9aliser \u00e0 un audit historique de la\u00a0<a class=\"cs_glossaire\" href=\"https:\/\/www.cadtm.org\/Dette-970\" name=\"mot970_1\"><span class=\"gl_mot\">dette<\/span><\/a>\u00a0afin de proc\u00e9der \u00e0 des r\u00e9parations et r\u00e9trocessions financi\u00e8res inconditionnelles pour les montants per\u00e7us en cons\u00e9quence de la colonisation du Congo\u00a0;<\/li>\n<li>Agir au sein des instances multilat\u00e9rales (<a class=\"cs_glossaire\" href=\"https:\/\/www.cadtm.org\/Banque-mondiale-BM\" name=\"mot961_2\"><span class=\"gl_mot\">Banque mondiale<\/span><\/a>,\u00a0<a class=\"cs_glossaire\" href=\"https:\/\/www.cadtm.org\/FMI-Fonds-monetaire-international\" name=\"mot786_3\"><span class=\"gl_mot\">FMI<\/span><\/a>,\u00a0<a class=\"cs_glossaire\" href=\"https:\/\/www.cadtm.org\/Club-de-Paris-964\" name=\"mot964_4\"><span class=\"gl_mot\">Club de Paris<\/span><\/a>, etc.) afin que leurs membres proc\u00e8dent \u00e0 une annulation totale et inconditionnelle des dettes odieuses de la R\u00e9publique d\u00e9mocratique du Congo\u00a0;<\/li>\n<li>Soutenir publiquement tout\u00a0<a class=\"cs_glossaire\" href=\"https:\/\/www.cadtm.org\/Moratoire\" name=\"mot1000_5\"><span class=\"gl_mot\">moratoire<\/span><\/a>\u00a0sur le remboursement de la dette qui serait d\u00e9cr\u00e9t\u00e9 par le gouvernement congolais afin d\u2019am\u00e9liorer le syst\u00e8me de sant\u00e9 public, d\u2019am\u00e9liorer le syst\u00e8me d\u2019\u00e9ducation publique, d\u2019am\u00e9liorer la protection des populations civiles avec une priorit\u00e9 aux populations d\u2019Est de la RDC.<\/li>\n<\/ul>\n<p>Le CADTM apporte son soutien aux diff\u00e9rents collectifs qui en Belgique et ailleurs convoquent des\u00a0<a class=\"cs_glossaire\" href=\"https:\/\/www.cadtm.org\/Action-Actions\" name=\"mot1341_6\"><span class=\"gl_mot\">actions<\/span><\/a>\u00a0dans la foul\u00e9e de Black Lives Matter et tous ceux qui agissent sur le th\u00e8me de la m\u00e9moire coloniale.<\/p>\n<p>Le CADTM apporte son soutien au peuple congolais pour faire face aux cons\u00e9quences sanitaires, \u00e9conomiques et sociales de la nouvelle crise de la dette. Malgr\u00e9 les diktats des cr\u00e9anciers et les graves manquements des gouvernements congolais successifs qui se traduisent par une s\u00e9v\u00e8re r\u00e9pression et un d\u00e9ni flagrant des droits humains fondamentaux, les mouvements sociaux congolais r\u00e9sistent. Le CADTM apporte son soutien \u00e0 ces luttes qui visent \u00e0 faire triompher la justice sociale.<\/p>\n<p><strong>Pour en savoir plus sur les relations entre la Belgique et le Congo\u00a0: Voir les Annexe 1 et 2 ou bien lire<\/strong>\u00a0\u00c9ric Toussaint, R\u00e9ponse \u00e0 la lettre de Philippe, roi des Belges, sur les responsabilit\u00e9s de la Belgique dans l\u2019exploitation du peuple congolais\u00a0<a class=\"spip_url auto\" href=\"https:\/\/www.cadtm.org\/Reponse-a-la-lettre-de-Philippe-roi-des-Belges-sur-les-responsabilites-de-la\" target=\"_blank\" rel=\"nofollow noopener\">https:\/\/www.cadtm.org\/Reponse-a-la-lettre-de-Philippe-roi-des-Belges-sur-les-responsabilites-de-la<\/a><\/p>\n<p>Pour en savoir plus sur la\u00a0<a class=\"cs_glossaire\" href=\"https:\/\/www.cadtm.org\/Dette-illegitime,761\" name=\"mot761_7\"><span class=\"gl_mot\">dette ill\u00e9gitime<\/span><\/a>\u00a0du Congo\u00a0: G\u00e9n\u00e9alogie de la dette en R\u00e9publique d\u00e9mocratique du Congo\u00a0<a class=\"spip_url auto\" href=\"https:\/\/www.cadtm.org\/Genealogie-de-la-dette-en-Republique-democratique-du-Congo\" target=\"_blank\" rel=\"nofollow noopener\">https:\/\/www.cadtm.org\/Genealogie-de-la-dette-en-Republique-democratique-du-Congo<\/a><\/p>\n<h3 id=\"annexe_1_les_crimes_de_la_belgique_avant_l_independance_du_congo\" class=\"spip\"><a class=\"sommaire_ancre\" title=\"Sommaire\" href=\"https:\/\/www.cadtm.org\/En-memoire-de-Patrice-Lumumba-assassine-le-17-janvier-1961#outil_sommaire\">\u00a0<\/a>Annexe 1\u00a0: Les crimes de la Belgique avant l\u2019ind\u00e9pendance du Congo<\/h3>\n<p><span class=\"spip_document_20820 spip_documents spip_documents_center\"><img decoding=\"async\" src=\"https:\/\/www.cadtm.org\/local\/cache-vignettes\/L640xH374\/arton2727-5b11f-8951f.jpg?1737732999\" alt=\"\" width=\"640\" height=\"374\" \/><\/span><\/p>\n<p><strong>Les crimes de la Belgique colonialiste au Congo avant son ind\u00e9pendance (1885-1960)<\/strong><\/p>\n<p><q>On peut consid\u00e9rer, sans risque d\u2019erreur, que le Roi des Belges et l\u2019\u00c9tat ind\u00e9pendant du Congo, qu\u2019il dirigeait avec l\u2019accord du gouvernement et du parlement belges de l\u2019\u00e9poque, sont responsables de \u00ab\u00a0crimes contre l\u2019humanit\u00e9\u00a0\u00bb commis de mani\u00e8re d\u00e9lib\u00e9r\u00e9e<\/q><\/p>\n<p>On peut consid\u00e9rer, sans risque d\u2019erreur, que le Roi des Belges et l\u2019\u00c9tat ind\u00e9pendant du Congo, qu\u2019il dirigeait avec l\u2019accord du gouvernement et du parlement belges de l\u2019\u00e9poque, sont responsables de \u00ab\u00a0crimes contre l\u2019humanit\u00e9\u00a0\u00bb commis de mani\u00e8re d\u00e9lib\u00e9r\u00e9e. Ces crimes ne constituent pas des bavures, ils sont le r\u00e9sultat direct du type d\u2019exploitation auquel le peuple congolais \u00e9tait soumis. Certains auteurs, et non des moindres, ont parl\u00e9 de \u00ab\u00a0g\u00e9nocide\u00a0\u00bb. Je propose de ne pas engager un d\u00e9bat qui se focalise sur cette question parce qu\u2019il est difficile d\u2019\u00e9tablir exactement des donn\u00e9es chiffr\u00e9es. Certains auteurs s\u00e9rieux estiment que la population congolaise en 1885 atteignait 20 millions et qu\u2019au moment o\u00f9 L\u00e9opold II doit transmettre en 1908 son Congo \u00e0 la Belgique pour en faire le Congo belge, il restait 10 millions de Congolais. Ce sont des estimations d\u2019auteurs s\u00e9rieux, mais difficiles \u00e0 prouver dans la mesure o\u00f9 il n\u2019y avait pas de recensement de population.<\/p>\n<p><strong><br class=\"autobr\" \/>La p\u00e9riode coloniale pendant laquelle la Belgique a pris possession du Congo (1908-1960)<\/strong><\/p>\n<p>L\u00e9opold II a cherch\u00e9 lui-m\u00eame \u00e0 se d\u00e9faire du Congo car en le transf\u00e9rant \u00e0 la Belgique il se d\u00e9barrassait des dettes qu\u2019il avait accumul\u00e9es aupr\u00e8s des banques. La Belgique en acceptant la demande de L\u00e9opold II h\u00e9ritait des dettes qu\u2019il avait contract\u00e9es afin d\u2019exploiter au maximum le peuple congolais. Le Roi avait \u00e0 son profit personnel accapar\u00e9 et accumul\u00e9 des richesses, il avait fait r\u00e9aliser des d\u00e9penses \u00e9normes en Belgique pour renforcer son pouvoir et son image. Mais \u00e9galement de grandes entreprises capitalistes belges et \u00e9trang\u00e8res en avaient largement profit\u00e9\u00a0: les fabricants et marchands d\u2019armes belges, les entreprises qui fournissaient les \u00e9quipements, les entreprises qui exploitaient et transformaient le caoutchouc naturel et bien d\u2019autres.<\/p>\n<p>L\u2019\u00c9tat belge a h\u00e9rit\u00e9 du Congo et des dettes de L\u00e9opold II ce qui a pes\u00e9 dans la poursuite de l\u2019exploitation du peuple congolais.<\/p>\n<p>Pendant la domination de la Belgique sur le Congo, les grandes entreprises capitalistes belges ont r\u00e9alis\u00e9 un maximum de b\u00e9n\u00e9fices gr\u00e2ce \u00e0 l\u2019exploitation des ressources naturelles colossales de ce pays principalement en minerais de toutes sortes. L\u2019\u00c9tat belge remboursait les dettes contract\u00e9es par L\u00e9opold II et en accumulait de nouvelles et aidaient le grand capital belge \u00e0 en tirer un maximum de b\u00e9n\u00e9fices.<\/p>\n<p>Le peuple congolais n\u2019avait pas de v\u00e9ritables droits. Le syst\u00e8me d\u2019enseignement \u00e9tait d\u00e9plorable car la Belgique voulait \u00e9viter que les Congolais n\u2019acc\u00e8dent \u00e0 l\u2019enseignement sup\u00e9rieur et universitaire.<\/p>\n<p><q>Pendant la domination de la Belgique sur le Congo, les grandes entreprises capitalistes belges ont r\u00e9alis\u00e9 un maximum de b\u00e9n\u00e9fices gr\u00e2ce \u00e0 l\u2019exploitation des ressources naturelles colossales de ce pays principalement en minerais de toutes sortes<\/q><\/p>\n<p>Le peuple congolais de son c\u00f4t\u00e9 n\u2019\u00e9tait pas seulement exploit\u00e9 sur son territoire natal, il a \u00e9t\u00e9 mis \u00e0 contribution par la Belgique pendant les diff\u00e9rentes guerres auxquelles elle a particip\u00e9 notamment dans la perspective d\u2019obtenir les territoires des colonies allemandes du Rwanda et du Burundi \u00e0 l\u2019Est du Congo. Des milliers de Congolais sont morts loin de chez eux afin de participer \u00e0 des guerres qui d\u00e9chiraient entre elles les puissances capitalistes europ\u00e9ennes.<\/p>\n<p>Et effectivement comme la Belgique a fait partie du camp des vainqueurs de la premi\u00e8re guerre mondiale, elle a pu agrandir son domaine colonial en obtenant de l\u2019empire allemand le Rwanda et le Burundi gr\u00e2ce au trait\u00e9 de Versailles de 1919.<\/p>\n<p>Pendant la deuxi\u00e8me guerre mondiale, c\u2019est avec de l\u2019uranium extrait de la province congolaise du Katanga que les \u00c9tats-Unis ont fabriqu\u00e9 les bombes atomiques qui ont an\u00e9anti les populations d\u2019Hiroshima et de Nagazaki au Japon en 1945. En remerciement de cet uranium, les \u00c9tats-Unis ont annul\u00e9 apr\u00e8s la seconde guerre mondiale la dette que la Belgique leur devait.<\/p>\n<p>Par contre, lorsque la Belgique a accept\u00e9 l\u2019ind\u00e9pendance du Congo le 30 juin 1960, elle a voulu imposer au gouvernement congolais dirig\u00e9 par Patrice Lumumba qu\u2019il accepte de reprendre la dette que la Belgique avait accumul\u00e9e aupr\u00e8s de la Banque mondiale au cours des ann\u00e9es 1950 pour exploiter le Congo \u00ab\u00a0belge\u00a0\u00bb.<\/p>\n<p>Lumumba a refus\u00e9. C\u2019est une des raisons qui ont pouss\u00e9 la Belgique \u00e0 pr\u00e9parer et \u00e0 participer directement \u00e0 l\u2019assassinat de Lumumba en janvier 1961.<\/p>\n<h3 id=\"annexe_2_les_crimes_de_la_belgique_apres_l_independance_du_congo\" class=\"spip\"><a class=\"sommaire_ancre\" title=\"Sommaire\" href=\"https:\/\/www.cadtm.org\/En-memoire-de-Patrice-Lumumba-assassine-le-17-janvier-1961#outil_sommaire\">\u00a0<\/a>Annexe 2\u00a0: Les crimes de la Belgique apr\u00e8s l\u2019ind\u00e9pendance du Congo<\/h3>\n<p><strong>Avec la complicit\u00e9 de la Banque mondiale, la Belgique a forc\u00e9 le peuple congolais \u00e0 rembourser une dette qui avait servi \u00e0 l\u2019exploitation coloniale<\/strong><\/p>\n<p>Dans le livre\u00a0<a class=\"spip_in\" href=\"https:\/\/www.cadtm.org\/Banque-mondiale-une-histoire-critique\">Banque mondiale\u00a0: Une histoire critique<\/a>\u00a0paru en 2022<span class=\"spip_note_ref\">\u00a0[<a id=\"nh2-10\" class=\"spip_note\" title=\"Eric Toussaint, Banque mondiale : Une histoire critique, Syllepse,\u00a0(...)\" href=\"https:\/\/www.cadtm.org\/En-memoire-de-Patrice-Lumumba-assassine-le-17-janvier-1961#nb2-10\" rel=\"appendix\">10<\/a>]<\/span>, de mon c\u00f4t\u00e9, j\u2019ai mis en \u00e9vidence le fait que la dette que la Belgique avait contract\u00e9e aupr\u00e8s de la Banque mondiale au cours des ann\u00e9es 1950 a \u00e9t\u00e9 ind\u00fbment mise \u00e0 charge du peuple congolais gr\u00e2ce \u00e0 la complicit\u00e9 de Mobutu qui avait organis\u00e9 l\u2019arrestation puis particip\u00e9 activement \u00e0 l\u2019assassinat de Lumumba.<\/p>\n<p>De quoi s\u2019agit-il\u00a0? En violation du droit des peuples \u00e0 disposer d\u2019eux-m\u00eames, la Banque mondiale a octroy\u00e9 des pr\u00eats \u00e0 la Belgique, \u00e0 la France, \u00e0 la Grande-Bretagne, pour financer des projets dans leurs colonies<span class=\"spip_note_ref\">\u00a0[<a id=\"nh2-11\" class=\"spip_note\" title=\"Les colonies concern\u00e9es par les pr\u00eats de la Banque mondiale sont pour la\u00a0(...)\" href=\"https:\/\/www.cadtm.org\/En-memoire-de-Patrice-Lumumba-assassine-le-17-janvier-1961#nb2-11\" rel=\"appendix\">11<\/a>]<\/span>. Comme le reconnaissent les historiens de la Banque\u00a0:\u00a0<i>\u00ab\u00a0Ces pr\u00eats qui servaient \u00e0 all\u00e9ger la p\u00e9nurie de dollars des puissances coloniales europ\u00e9ennes, \u00e9taient largement destin\u00e9s aux int\u00e9r\u00eats coloniaux, particuli\u00e8rement dans le secteur minier, que ce soit par l\u2019investissement direct ou l\u2019aide indirecte, comme pour le d\u00e9veloppement du transport et des mines\u00a0\u00bb<\/i><span class=\"spip_note_ref\">\u00a0[<a id=\"nh2-12\" class=\"spip_note\" title=\"KAPUR, Devesh, LEWIS, John P., WEBB, Richard. 1997. The World Bank, Its\u00a0(...)\" href=\"https:\/\/www.cadtm.org\/En-memoire-de-Patrice-Lumumba-assassine-le-17-janvier-1961#nb2-12\" rel=\"appendix\">12<\/a>]<\/span>. Ces pr\u00eats permettent aux pouvoirs coloniaux de renforcer le joug qu\u2019ils exercent sur les peuples qu\u2019ils ont colonis\u00e9s. Ils contribuent \u00e0 approvisionner les m\u00e9tropoles coloniales en minerais, en produits agricoles, en combustible. Dans le cas du Congo belge, les millions de dollars qui lui ont \u00e9t\u00e9 pr\u00eat\u00e9s pour des projets d\u00e9cid\u00e9s par le pouvoir colonial ont presque totalement \u00e9t\u00e9 d\u00e9pens\u00e9s par l\u2019administration coloniale du Congo sous forme d\u2019achat de produits export\u00e9s par la Belgique. Le Congo\u00a0<strong>belge<\/strong>\u00a0a \u00ab\u00a0re\u00e7u\u00a0\u00bb en tout 120 millions de pr\u00eats (en 3 fois) dont 105,4 millions ont \u00e9t\u00e9 d\u00e9pens\u00e9s en Belgique<span class=\"spip_note_ref\">\u00a0[<a id=\"nh2-13\" class=\"spip_note\" title=\"Le fait que la Belgique soit b\u00e9n\u00e9ficiaire des pr\u00eats au Congo belge peut \u00eatre\u00a0(...)\" href=\"https:\/\/www.cadtm.org\/En-memoire-de-Patrice-Lumumba-assassine-le-17-janvier-1961#nb2-13\" rel=\"appendix\">13<\/a>]<\/span>. Pour le gouvernement de Patrice Lumumba, il \u00e9tait inconcevable de rembourser cette dette \u00e0 la Banque mondiale alors qu\u2019elle avait \u00e9t\u00e9 contract\u00e9e par la Belgique pour exploiter le Congo belge.<\/p>\n<p>Les choses changent en 1965\u00a0: suite au coup militaire de Mobutu, le Congo reconna\u00eet qu\u2019il a une dette \u00e0 l\u2019\u00e9gard de la Banque mondiale. Cette dette, en r\u00e9alit\u00e9, \u00e9tait due par la Belgique \u00e0 la Banque mondiale.<\/p>\n<p>Le droit international est clair. Un cas comparable s\u2019est pr\u00e9sent\u00e9 dans le pass\u00e9 et a \u00e9t\u00e9 tranch\u00e9 par le Trait\u00e9 de Versailles. Lors de la reconstitution de la Pologne en tant qu\u2019\u00c9tat ind\u00e9pendant apr\u00e8s la premi\u00e8re guerre mondiale, il a \u00e9t\u00e9 d\u00e9cid\u00e9 que les dettes contract\u00e9es par l\u2019Allemagne pour coloniser la partie de la Pologne qu\u2019elle avait soumise ne seraient pas \u00e0 charge du nouvel \u00c9tat ind\u00e9pendant. Le trait\u00e9 de Versailles du 28 juin 1919 stipulait\u00a0:\u00a0<i>\u00ab\u00a0La partie de la dette qui, d\u2019apr\u00e8s la Commission des R\u00e9parations (\u2026), se rapporte aux mesures prises par les gouvernements allemand et prussien en vue de la colonisation allemande de la Pologne, sera exclue de la proportion mise \u00e0 la charge de celle-ci\u2026\u00a0\u00bb<\/i><span class=\"spip_note_ref\">\u00a0[<a id=\"nh2-14\" class=\"spip_note\" title=\"Cit\u00e9 par SACK, Alexander Nahum. 1927. Les Effets des Transformations des\u00a0(...)\" href=\"https:\/\/www.cadtm.org\/En-memoire-de-Patrice-Lumumba-assassine-le-17-janvier-1961#nb2-14\" rel=\"appendix\">14<\/a>]<\/span>. Le Trait\u00e9 pr\u00e9voit que les cr\u00e9anciers qui ont pr\u00eat\u00e9 \u00e0 l\u2019Allemagne pour des projets en territoire polonais ne peuvent r\u00e9clamer leur d\u00fb qu\u2019\u00e0 cette puissance et pas \u00e0 la Pologne. Alexander Nahum Sack, le th\u00e9oricien de la\u00a0<a class=\"cs_glossaire\" href=\"https:\/\/www.cadtm.org\/Dette-odieuse-760\" name=\"mot760_8\"><span class=\"gl_mot\">dette odieuse<\/span><\/a>, pr\u00e9cise dans son trait\u00e9 juridique de 1927\u00a0:\u00a0<i>\u00ab\u00a0Lorsque le gouvernement contracte des dettes afin d\u2019asservir la population d\u2019une partie de son territoire ou de coloniser celle-ci par des ressortissants de la nationalit\u00e9 dominante, etc., ces dettes sont odieuses pour la population indig\u00e8ne de cette partie du territoire de l\u2019\u00c9tat d\u00e9biteur\u00a0\u00bb<\/i><span class=\"spip_note_ref\">\u00a0[<a id=\"nh2-15\" class=\"spip_note\" title=\"SACK, Alexander Nahum. 1927. p. 158.\" href=\"https:\/\/www.cadtm.org\/En-memoire-de-Patrice-Lumumba-assassine-le-17-janvier-1961#nb2-15\" rel=\"appendix\">15<\/a>]<\/span>.<\/p>\n<p><q>Les choses changent en 1965\u00a0: suite au coup militaire de Mobutu, le Congo reconna\u00eet qu\u2019il a une dette \u00e0 l\u2019\u00e9gard de la Banque mondiale. Cette dette, en r\u00e9alit\u00e9, \u00e9tait due par la Belgique \u00e0 la Banque mondiale<\/q><\/p>\n<p>Le Trait\u00e9 de Versailles d\u00e9cr\u00e8te \u00e9galement que l\u2019empire allemand se voit retirer ses colonies africaines dont les dettes sont annul\u00e9es. \u00c0 propos de cela, Sack cite une partie de la r\u00e9ponse faite par les Alli\u00e9s \u00e0 l\u2019Allemagne qui n\u2019\u00e9tait pas dispos\u00e9e \u00e0 accepter cette annulation de dettes car cela supposait que ce soit elle qui allait devoir payer cette dette. Les Alli\u00e9s r\u00e9pondirent\u00a0:\u00a0<i>\u00ab\u00a0Les colonies ne devraient \u00eatre astreintes \u00e0 payer aucune portion de la dette allemande, et devraient \u00eatre lib\u00e9r\u00e9es de toute\u00a0<a class=\"cs_glossaire\" href=\"https:\/\/www.cadtm.org\/Oligations\" name=\"mot831_9\"><span class=\"gl_mot\">obligation<\/span><\/a>\u00a0de rembourser \u00e0 l\u2019Allemagne les frais encourus par l\u2019administration imp\u00e9riale du protectorat. En fait, il serait injuste d\u2019accabler les indig\u00e8nes en leur faisant payer des d\u00e9penses manifestement engag\u00e9es dans l\u2019int\u00e9r\u00eat de l\u2019Allemagne, et il ne serait pas moins injuste de faire peser cette responsabilit\u00e9 sur les Puissances mandataires qui, dans la mesure o\u00f9 elles ont \u00e9t\u00e9 d\u00e9sign\u00e9es par la Soci\u00e9t\u00e9 des Nations, ne tireront aucun profit de cette tutelle.\u00a0\u00bb<\/i><span class=\"spip_note_ref\">\u00a0[<a id=\"nh2-16\" class=\"spip_note\" title=\"Source : Treaty series, n\u00b0 4, 1919, p. 26. Cit\u00e9 par Sack, p. 162. Texte\u00a0(...)\" href=\"https:\/\/www.cadtm.org\/En-memoire-de-Patrice-Lumumba-assassine-le-17-janvier-1961#nb2-16\" rel=\"appendix\">16<\/a>]<\/span><\/p>\n<p>Cela s\u2019applique int\u00e9gralement aux pr\u00eats que la Banque a octroy\u00e9s \u00e0 la Belgique, \u00e0 la France et \u00e0 la Grande-Bretagne pour le d\u00e9veloppement de leurs colonies. En cons\u00e9quence, la Banque mondiale et la Belgique ont agi en violation du droit international en faisant porter dans les ann\u00e9es 1960 au Congo ind\u00e9pendant la charge de dettes contract\u00e9es pour le coloniser.<\/p>\n<p><strong><br class=\"autobr\" \/>La dictature de Mobutu a b\u00e9n\u00e9fici\u00e9 du soutien de la Belgique<\/strong><\/p>\n<p>En plus des interventions militaires directes, la Belgique a envoy\u00e9 au Congo pendant la dictature de Mobutu des hauts fonctionnaires qui l\u2019ont conseill\u00e9. C\u2019est le cas de Jacques de Groote qui, avant que Mobutu prenne le pouvoir, avait particip\u00e9 dans les premiers mois de 1960 \u00e0 la table ronde belgo-congolaise pr\u00e9parant l\u2019ind\u00e9pendance du Congo belge. Mobutu participait lui aussi \u00e0 l\u2019ouverture de la conf\u00e9rence de la Table ronde \u00e0 Bruxelles. Entre avril 1960 et mai 1963, de Groote est l\u2019assistant du directeur ex\u00e9cutif de la Belgique au FMI et \u00e0 la Banque mondiale \u00e0 Washington. Le 24 novembre 1965, Mobutu prend d\u00e9finitivement le pouvoir par un coup militaire en destituant le pr\u00e9sident Kasavubu. De mars 1966 \u00e0 mai 1969, de Groote est conseiller \u00e9conomique du gouvernement\u00a0<i>de facto<\/i>\u00a0de Mobutu, il est \u00e9galement conseiller \u00e0 la Banque nationale du Congo. Il joue un r\u00f4le actif dans la mise sur pied de la politique \u00e9conomique du pays ainsi que dans les n\u00e9gociations entre Mobutu, le FMI, la Banque mondiale et le gouvernement des \u00c9tats-Unis<span class=\"spip_note_ref\">\u00a0[<a id=\"nh2-17\" class=\"spip_note\" title=\"\u00ab From March 1966 to May 1969 Dr. De Groote acted as Economic Advisor to the\u00a0(...)\" href=\"https:\/\/www.cadtm.org\/En-memoire-de-Patrice-Lumumba-assassine-le-17-janvier-1961#nb2-17\" rel=\"appendix\">17<\/a>]<\/span>.<\/p>\n<p><q>Entre 1965 et 1981, le gouvernement za\u00efrois a emprunt\u00e9 environ 5 milliards de dollars \u00e0 l\u2019\u00e9tranger et, entre 1976 et 1981, sa dette ext\u00e9rieure fait l\u2019objet de quatre restructurations au Club de Paris pour un montant de 2,25 milliards de dollars. L\u2019enti\u00e8ret\u00e9 de cette dette correspond parfaitement au concept de dette odieuse, par cons\u00e9quent elle est nulle<\/q><\/p>\n<p>De 1973 \u00e0 1994, Jacques de Groote a repr\u00e9sent\u00e9 la Belgique au Fonds mon\u00e9taire international (FMI) et \u00e0 la Banque mondiale. Il faisait partie du noyau de la classe politique belge tout en repr\u00e9sentant les int\u00e9r\u00eats de celles-ci et de ses grandes entreprises priv\u00e9es dans les institutions internationales<span class=\"spip_note_ref\">\u00a0[<a id=\"nh2-18\" class=\"spip_note\" title=\"En 2013, j\u2019ai consacr\u00e9 un livre \u00e0 ce personnage : Proc\u00e8s d\u2019un homme exemplaire,\u00a0(...)\" href=\"https:\/\/www.cadtm.org\/En-memoire-de-Patrice-Lumumba-assassine-le-17-janvier-1961#nb2-18\" rel=\"appendix\">18<\/a>]<\/span>.<\/p>\n<p>A la fin des ann\u00e9es 1970, un fond\u00e9 de pouvoir du FMI, Erwin Blumenthal, banquier allemand, ancien responsable du d\u00e9partement des Affaires \u00e9trang\u00e8res de la Bundesbank, r\u00e9alise un rapport accablant sur la gestion du Za\u00efre de Mobutu<span class=\"spip_note_ref\">\u00a0[<a id=\"nh2-19\" class=\"spip_note\" title=\"A noter qu\u2019au sommet du pouvoir, Mobutu s\u2019est fait appeler Mobutu Sese Seko\u00a0(...)\" href=\"https:\/\/www.cadtm.org\/En-memoire-de-Patrice-Lumumba-assassine-le-17-janvier-1961#nb2-19\" rel=\"appendix\">19<\/a>]<\/span>. Il avertit les cr\u00e9anciers \u00e9trangers qu\u2019ils ne doivent pas s\u2019attendre \u00e0 \u00eatre rembours\u00e9s tant que Mobutu est au pouvoir.<\/p>\n<p>Entre 1965 et 1981, le gouvernement za\u00efrois a emprunt\u00e9 environ 5 milliards de dollars \u00e0 l\u2019\u00e9tranger et, entre 1976 et 1981, sa dette ext\u00e9rieure fait l\u2019objet de quatre restructurations au Club de Paris pour un montant de 2,25 milliards de dollars (voir encadr\u00e9 sur l\u2019\u00e9volution de la dette du Congo-Kinshasa pendant la dictature de Mobutu). L\u2019enti\u00e8ret\u00e9 de cette dette correspond parfaitement au concept de dette odieuse, par cons\u00e9quent elle est nulle.<\/p>\n<p>La tr\u00e8s mauvaise gestion \u00e9conomique et le d\u00e9tournement syst\u00e9matique par Mobutu d\u2019une partie des pr\u00eats n\u2019ont pas amen\u00e9 le FMI et la Banque mondiale \u00e0 arr\u00eater l\u2019aide au r\u00e9gime dictatorial de Mobutu. Il est frappant de constater qu\u2019apr\u00e8s la remise du rapport Blumenthal, les d\u00e9boursements effectu\u00e9s par la Banque augmentent<span class=\"spip_note_ref\">\u00a0[<a id=\"nh2-20\" class=\"spip_note\" title=\"Les historiens de la Banque \u00e9crivent qu\u2019en 1982 : \u201cS\u00e9duits par la ruse de\u00a0(...)\" href=\"https:\/\/www.cadtm.org\/En-memoire-de-Patrice-Lumumba-assassine-le-17-janvier-1961#nb2-20\" rel=\"appendix\">20<\/a>]<\/span>\u00a0(ceux du FMI \u00e9galement mais ils ne sont pas repris dans le graphique). Manifestement, les choix de la BM et du FMI ne sont pas d\u00e9termin\u00e9s principalement par le crit\u00e8re de la bonne gestion \u00e9conomique. Le r\u00e9gime de Mobutu est un alli\u00e9 strat\u00e9gique des \u00c9tats-Unis et d\u2019autres puissances influentes au sein des institutions de Bretton Woods (par exemple, la France et la Belgique) tant que dure la guerre froide.<\/p>\n<p><strong><br class=\"autobr\" \/>CONGO-KINSHASA (ZA\u00cfRE SOUS MOBUTU)\u00a0:<\/strong>\u00a0d\u00e9boursements de la Banque mondiale<\/p>\n<dl class=\"spip_document_20819 spip_documents spip_documents_center\">\n<dt><img decoding=\"async\" src=\"https:\/\/www.cadtm.org\/local\/cache-vignettes\/L393xH213\/image1-6-9f1c8.png?1737732999\" alt=\"\" width=\"393\" height=\"213\" \/><\/dt>\n<dd class=\"spip_doc_descriptif\">Source\u00a0: Banque mondiale, CD-Rom, GDF, 2001<\/dd>\n<\/dl>\n<p>A partir de 1989-1991, avec la chute du Mur de Berlin suivie plus tard de l\u2019implosion de l\u2019Union sovi\u00e9tique, le r\u00e9gime de Mobutu perd de son int\u00e9r\u00eat. D\u2019autant que dans beaucoup de pays d\u2019Afrique (dont le Za\u00efre) se d\u00e9roulent des conf\u00e9rences nationales qui mettent en avant la revendication d\u00e9mocratique. Les pr\u00eats de la BM commencent \u00e0 diminuer pour cesser compl\u00e8tement au milieu des ann\u00e9es 1990.<\/p>\n<p>Sous le r\u00e9gime de Mobutu (1965-1997), le FMI et la Banque mondiale furent un instrument au service de la politique et de la g\u00e9ostrat\u00e9gie am\u00e9ricaine pour r\u00e9compenser Mobutu de son appui dans la guerre froide.<\/p>\n<table class=\"spip\">\n<tbody>\n<tr class=\"row_odd odd\">\n<td><i>\u00ab\u00a0Dans de nombreux cas, les pr\u00eats \u00e9taient destin\u00e9s \u00e0 corrompre des gouvernements pendant la guerre froide. Le probl\u00e8me n\u2019\u00e9tait pas alors de savoir si l\u2019argent favorisait le bien-\u00eatre du pays, mais s\u2019il conduisait \u00e0 une situation stable, \u00e9tant donn\u00e9 les r\u00e9alit\u00e9s g\u00e9opolitiques mondiales.\u00a0\u00bb<\/i><\/p>\n<p>Joseph E. Stiglitz (\u00e9conomiste en chef de la Banque mondiale de 1997 \u00e0 1999,<br class=\"autobr\" \/>prix Nobel d\u2019\u00e9conomie en 2001), in\u00a0<i>L\u2019Autre\u00a0<a class=\"cs_glossaire\" href=\"https:\/\/www.cadtm.org\/Mondialisation\" name=\"mot998_10\"><span class=\"gl_mot\">mondialisation<\/span><\/a><\/i>, Arte, 7 mars 2000<\/td>\n<\/tr>\n<\/tbody>\n<\/table>\n<p>De ce fait, le FMI et la Banque mondiale, au sein desquels de Groote occupait un poste de haut responsable, se sont rendus complices des exactions contre les droits humains, \u00e9conomiques, sociaux et culturels que le r\u00e9gime de Mobutu a commises dans la mesure o\u00f9 ils continuaient \u00e0 assister ce syst\u00e8me dictatorial qui, pourtant, n\u2019a pas honor\u00e9 tous ses engagements financiers, loin s\u2019en faut.<\/p>\n<table class=\"spip\">\n<tbody>\n<tr class=\"row_odd odd\">\n<td><i>\u00ab\u00a0La responsabilit\u00e9 morale des cr\u00e9anciers est particuli\u00e8rement nette dans le cas des pr\u00eats de la guerre froide. Quand le FMI et la Banque mondiale pr\u00eataient de l\u2019argent \u00e0 Mobutu, le c\u00e9l\u00e8bre pr\u00e9sident du Za\u00efre (aujourd\u2019hui R\u00e9publique d\u00e9mocratique du Congo), ils savaient (ou auraient d\u00fb savoir) que ces sommes, pour l\u2019essentiel, ne serviraient pas \u00e0 aider les pauvres de ce pays mais \u00e0 enrichir Mobutu. On payait ce dirigeant corrompu pour qu\u2019il maintienne son pays fermement align\u00e9 sur l\u2019Occident. Beaucoup estiment injuste que les contribuables des pays qui se trouvaient dans cette situation soient tenus de rembourser les pr\u00eats consentis \u00e0 des gouvernants corrompus qui ne les repr\u00e9sentaient pas.\u00a0\u00bb<\/i><\/p>\n<p>Joseph Stiglitz,\u00a0<i>La grande d\u00e9sillusion<\/i>, 2002<\/td>\n<\/tr>\n<\/tbody>\n<\/table>\n<p>Les ponctions dans les caisses de l\u2019\u00c9tat furent une source stable et abondante d\u2019enrichissement pour le clan Mobutu, \u00e0 travers trois cat\u00e9gories de d\u00e9tournements\u00a0: les d\u00e9penses l\u00e9gales comme la dotation pr\u00e9sidentielle (op\u00e9r\u00e9e hors de tout contr\u00f4le), les d\u00e9penses ill\u00e9gales dont fait mention le rapport Erwin Blumenthal<span class=\"spip_note_ref\">\u00a0[<a id=\"nh2-21\" class=\"spip_note\" title=\"En 1978, le FMI place Erwin Blumenthal \u00e0 la Banque centrale du Za\u00efre pour\u00a0(...)\" href=\"https:\/\/www.cadtm.org\/En-memoire-de-Patrice-Lumumba-assassine-le-17-janvier-1961#nb2-21\" rel=\"appendix\">21<\/a>]<\/span>\u00a0(ce rapport secret fut rendu public en 1982), indiquant qu\u2019il est impossible de contr\u00f4ler les transactions financi\u00e8res r\u00e9alis\u00e9es par l\u2019\u00c9tat, le bureau pr\u00e9sidentiel faisant peu de diff\u00e9rence entre les d\u00e9penses publiques et les d\u00e9penses personnelles. Erwin Blumenthal identifia, dans son rapport, au moins sept comptes d\u00e9tenus dans des banques \u00e9trang\u00e8res, lesquels \u00e9taient utilis\u00e9s pour r\u00e9aliser des transferts directs sur les comptes personnels de Mobutu ou pour corrompre des acteurs politiques. Le message d\u2019Erwin Blumenthal \u00e9tait clair\u00a0:\u00a0<i>\u00ab\u00a0La corruption \u00e9rig\u00e9e comme syst\u00e8me caract\u00e9ristique du Za\u00efre avec ses manifestations les plus malsaines, sa mauvaise gestion et ses fraudes, d\u00e9truira toutes les tentatives de ressaisissement et de restauration de l\u2019\u00e9conomie za\u00efroise par les institutions internationales, les gouvernements \u00ab\u00a0amis\u00a0\u00bb et les\u00a0<a class=\"cs_glossaire\" href=\"https:\/\/www.cadtm.org\/Banques-commerciales-Banque\" name=\"mot845_11\"><span class=\"gl_mot\">banques commerciales<\/span><\/a>. Certainement, il y aura de nouvelles promesses de Mobutu, (\u2026) mais aucune (je r\u00e9p\u00e8te\u00a0: aucune) perspective n\u2019est offerte aux cr\u00e9anciers du Za\u00efre de recouvrer l\u2019argent qu\u2019ils y ont investi dans un futur pr\u00e9visible\u00a0\u00bb<\/i><span class=\"spip_note_ref\">\u00a0[<a id=\"nh2-22\" class=\"spip_note\" title=\"BLUMENTHAL Erwin. 7 avril 1982. Za\u00efre : Report on her Financial Credibility,\u00a0(...)\" href=\"https:\/\/www.cadtm.org\/En-memoire-de-Patrice-Lumumba-assassine-le-17-janvier-1961#nb2-22\" rel=\"appendix\">22<\/a>]<\/span>.<\/p>\n<p>Depuis 1979, les principaux bailleurs de fonds du r\u00e9gime, tr\u00e8s li\u00e9s au FMI, avaient connaissance et conscience des pratiques frauduleuses et du risque qu\u2019ils encouraient en continuant \u00e0 pr\u00eater au r\u00e9gime Mobutu.<\/p>\n<p>Une troisi\u00e8me cat\u00e9gorie de d\u00e9tournements consiste, selon l\u2019\u00e9tude, en \u00ab\u00a0d\u00e9penses myst\u00e9rieuses\u00a0\u00bb. Un des postes importants du budget de l\u2019\u00c9tat (environ 18\u00a0%, d\u2019apr\u00e8s une \u00e9tude de la Banque mondiale en 1989) est celui d\u2019\u00ab\u00a0Autres biens et services\u00a0\u00bb, un fourre-tout qui contient peu d\u2019informations sur les affectations de ces d\u00e9penses. Selon les experts de la Banque mondiale, la majeure partie de cet argent fut utilis\u00e9e, notamment, pour des d\u00e9penses somptuaires ainsi que pour l\u2019achat de mat\u00e9riel militaire. Cette information permet de souligner que la Banque mondiale \u00e9galement \u00e9tait bien au courant de l\u2019utilisation illicite qui \u00e9tait faite notamment de ses propres pr\u00eats.<\/p>\n<p><q>Depuis 1979, les principaux bailleurs de fonds du r\u00e9gime, tr\u00e8s li\u00e9s au FMI, avaient connaissance et conscience des pratiques frauduleuses et du risque qu\u2019ils encouraient en continuant \u00e0 pr\u00eater au r\u00e9gime Mobutu<\/q><\/p>\n<p>Vers le milieu des ann\u00e9es 1970, il \u00e9tait clair que l\u2019argent transf\u00e9r\u00e9 au Za\u00efre sous forme de dons ou de pr\u00eats \u00e9tait automatiquement d\u00e9tourn\u00e9 de leur objet initial. Ou bien ces dons ou pr\u00eats \u00e9taient directement transf\u00e9r\u00e9s sur des comptes \u00e9trangers \u00e0 titre personnel<span class=\"spip_note_ref\">\u00a0[<a id=\"nh2-23\" class=\"spip_note\" title=\"Mobutu arriva \u00e0 intercepter certaines sommes avant m\u00eame qu\u2019elles\u00a0(...)\" href=\"https:\/\/www.cadtm.org\/En-memoire-de-Patrice-Lumumba-assassine-le-17-janvier-1961#nb2-23\" rel=\"appendix\">23<\/a>]<\/span>, ou bien ils \u00e9taient investis dans des projets de prestige, inadapt\u00e9s et\/ou inutiles qui permirent l\u2019enrichissement de nombreuses personnes mais s\u00fbrement pas l\u2019industrialisation durable de l\u2019\u00e9conomie. Par exemple, d\u2019apr\u00e8s l\u2019Office des biens mal acquis (OBMA), institu\u00e9 \u00e0 l\u2019issue des travaux de la Conf\u00e9rence nationale, Mobutu aurait pu empocher une commission de 7\u00a0% sur la valeur du projet de la centrale hydro-\u00e9lectrique d\u2019Inga. L\u2019enqu\u00eate n\u2019a pu aboutir \u00e0 cause des r\u00e9sistances officielles<span class=\"spip_note_ref\">\u00a0[<a id=\"nh2-24\" class=\"spip_note\" title=\"ASKIN Steve et COLLINS Carole. 1993. \u00ab External Collusion with Kleptocracy :\u00a0(...)\" href=\"https:\/\/www.cadtm.org\/En-memoire-de-Patrice-Lumumba-assassine-le-17-janvier-1961#nb2-24\" rel=\"appendix\">24<\/a>]<\/span>.<\/p>\n<p>J. de Groote pour le compte de la Belgique a activement soutenu le r\u00e9gime de Mobutu et est intervenu \u00e0 plusieurs reprises pour am\u00e9liorer les rapports entre le FMI, la Banque mondiale et Mobutu alors qu\u2019il \u00e9tait tr\u00e8s bien plac\u00e9 pour conna\u00eetre dans le d\u00e9tail ce que d\u00e9non\u00e7ait Blumenthal dans son rapport. Il avait \u00e9galement connaissance des tr\u00e8s graves violations des droits humains auxquelles le r\u00e9gime de Mobutu se livrait.<\/p>\n<p>En 1994, en fin de mandat, le haut fonctionnaire repr\u00e9sentant la Belgique au FMI, Jacques de Groote se d\u00e9clarera satisfait de son action \u00e0 l\u2019\u00e9gard du Congo Kinshasa alors que l\u2019\u00e9crasante majorit\u00e9 du peuple congolais vivait dans une profonde mis\u00e8re, la r\u00e9pression et les assassinats d\u2019opposants \u00e9taient la r\u00e8gle et l\u2019\u00e9conomie \u00e9tait exsangue.<\/p>\n<table class=\"spip\">\n<tbody>\n<tr class=\"row_odd odd\">\n<td><strong>\u00c9volution de la dette du Congo-Kinshasa pendant la dictature de Mobutu<\/strong><\/p>\n<p>De 1965 \u00e0 1969, le\u00a0<a class=\"cs_glossaire\" href=\"https:\/\/www.cadtm.org\/Stock-de-la-dette\" name=\"mot1028_12\"><span class=\"gl_mot\">stock de la dette<\/span><\/a>\u00a0ext\u00e9rieure<span class=\"spip_note_ref\">\u00a0[<a id=\"nh2-25\" class=\"spip_note\" title=\"L\u2019ENTREPRENEUR. 1980. \u00ab Le lancinant probl\u00e8me de la dette ext\u00e9rieure du Za\u00efre\u00a0(...)\" href=\"https:\/\/www.cadtm.org\/En-memoire-de-Patrice-Lumumba-assassine-le-17-janvier-1961#nb2-25\" rel=\"appendix\">25<\/a>]<\/span>\u00a0est pass\u00e9 de 32 millions US$<span class=\"spip_note_ref\">\u00a0[<a id=\"nh2-26\" class=\"spip_note\" title=\"Ces 32 millions US$ correspondent \u00e0 la dette que la Belgique et la Banque\u00a0(...)\" href=\"https:\/\/www.cadtm.org\/En-memoire-de-Patrice-Lumumba-assassine-le-17-janvier-1961#nb2-26\" rel=\"appendix\">26<\/a>]<\/span>\u00a0\u00e0 159 millions US$. C\u2019est en 1970 qu\u2019arrive le premier tournant. En effet, en cette seule ann\u00e9e, le stock de la dette a augment\u00e9 de 180 millions US$, soit multipli\u00e9 par deux. Le deuxi\u00e8me tournant intervient en 1973, lorsque les cours du cuivre et d\u2019autres mati\u00e8res premi\u00e8res s\u2019envolent sur les march\u00e9s internationaux. Les ressources budg\u00e9taires et les r\u00e9serves de change sont importantes, ce qui permet au r\u00e9gime d\u2019emprunter massivement. Ce sera l\u2019expansion fulgurante de grands projets co\u00fbteux \u00e0 rentabilit\u00e9 lointaine. Jusqu\u2019en 1979, le stock de la dette augmente d\u2019un peu moins de 700 millions US$ en moyenne par an et est majoritairement priv\u00e9. Le probl\u00e8me r\u00e9current de cette p\u00e9riode tient au fait que ces sommes \u00e9taient utilis\u00e9es pour des investissements g\u00e9n\u00e9rateurs de ressources (cash) dans un tr\u00e8s lointain et donc tr\u00e8s incertain avenir.<\/p>\n<p><q>Ni le d\u00e9biteur, ni le cr\u00e9ancier n\u2019ont respect\u00e9 la discipline financi\u00e8re qui veut que les conditions de l\u2019emprunt co\u00efncident avec les caract\u00e9ristiques du projet<\/q><\/p>\n<p>Les secteurs comme l\u2019\u00e9nergie, le transport, la communication de m\u00eame que les travaux publics sont indispensables pour le d\u00e9veloppement d\u2019un pays, car ils constituent les pr\u00e9misses du d\u00e9veloppement d\u2019activit\u00e9s productives. Toutefois, ces projets ne furent pas bas\u00e9s sur la rationalit\u00e9 \u00e9conomique tant au niveau de l\u2019expertise, du financement que de l\u2019ex\u00e9cution.<\/p>\n<p>Par exemple, les op\u00e9rateurs za\u00efrois et, plus particuli\u00e8rement, l\u2019\u00c9tat za\u00efrois sollicitaient et obtenaient des organismes financiers (surtout priv\u00e9s) des cr\u00e9dits commerciaux on\u00e9reux et \u00e0 court et moyen terme pour financer des projets dont la rentabilit\u00e9 ne sera visible qu\u2019\u00e0 tr\u00e8s long terme. De tels investissements d\u2019infrastructure devraient plut\u00f4t \u00eatre financ\u00e9s par des emprunts dont le\u00a0<a class=\"cs_glossaire\" href=\"https:\/\/www.cadtm.org\/Taux-d-interet\" name=\"mot1030_13\"><span class=\"gl_mot\">taux d\u2019int\u00e9r\u00eat<\/span><\/a>\u00a0est faible, et surtout pas variable, et dont l\u2019\u00e9ch\u00e9ance de remboursement est la plus lointaine possible. Ce type de contrat n\u2019existe r\u00e9ellement qu\u2019entre les \u00c9tats, cette relation permettant des conditions privil\u00e9gi\u00e9es.<\/p>\n<p>Ni le d\u00e9biteur, ni le cr\u00e9ancier n\u2019ont respect\u00e9 la discipline financi\u00e8re qui veut que les conditions de l\u2019emprunt co\u00efncident avec les caract\u00e9ristiques du projet. Par exemple dans le cas du barrage d\u2019Inga, destin\u00e9 \u00e0 produire de l\u2019\u00e9lectricit\u00e9 pour la totalit\u00e9 du Za\u00efre et des pays voisins, le financement r\u00e9sulta d\u2019un pr\u00eat \u00e0 moyen terme selon des conditions commerciales. Or, la construction du barrage mit pr\u00e8s de dix ans et on aurait d\u00fb estimer sa rentabilit\u00e9 au moins vingt \u00e0 trente ans apr\u00e8s. Il en r\u00e9sulte que la dette ne pouvait \u00eatre rembours\u00e9e que par la poursuite de l\u2019endettement.<\/p>\n<p>Petit \u00e0 petit, la situation devient intenable et le Za\u00efre ne peut satisfaire les \u00e9ch\u00e9ances de ses contrats d\u2019emprunts. En plus des mauvais choix d\u2019investissement, il faut ajouter l\u2019augmentation des prix du p\u00e9trole ainsi que la diminution des prix du cuivre. Les pressions montent lorsque le Za\u00efre d\u00e9cide de stopper le paiement du principal et des int\u00e9r\u00eats de sa dette commerciale. Le FMI intervient et signe avec le Za\u00efre le premier programme de stabilisation qui comporte les\u00a0<a class=\"cs_glossaire\" href=\"https:\/\/www.cadtm.org\/Conditionnalites\" name=\"mot1602_14\"><span class=\"gl_mot\">conditionnalit\u00e9s<\/span><\/a>\u00a0habituelles telles que la\u00a0<a class=\"cs_glossaire\" href=\"https:\/\/www.cadtm.org\/Devaluation\" name=\"mot971_15\"><span class=\"gl_mot\">d\u00e9valuation<\/span><\/a>\u00a0de la monnaie, la diminution des d\u00e9penses publiques et les\u00a0<a class=\"cs_glossaire\" href=\"https:\/\/www.cadtm.org\/Garanties\" name=\"mot820_16\"><span class=\"gl_mot\">garanties<\/span><\/a>\u00a0pour maintenir le\u00a0<a class=\"cs_glossaire\" href=\"https:\/\/www.cadtm.org\/Service-de-la-dette,1026\" name=\"mot1026_17\"><span class=\"gl_mot\">service de la dette<\/span><\/a><span class=\"spip_note_ref\">\u00a0[<a id=\"nh2-27\" class=\"spip_note\" title=\"HAYNES, J., PARFITT, T. et RILEY, S. 1986. \u201cDebt in Sub-Saharan Africa : The\u00a0(...)\" href=\"https:\/\/www.cadtm.org\/En-memoire-de-Patrice-Lumumba-assassine-le-17-janvier-1961#nb2-27\" rel=\"appendix\">27<\/a>]<\/span>. Ses cr\u00e9anciers lui permettent de diff\u00e9rer les amortissements, en lui faisant ainsi b\u00e9n\u00e9ficier de r\u00e9\u00e9chelonnements. Entre 1976 et 1981, la dette du Za\u00efre aura \u00e9t\u00e9 trait\u00e9e quatre fois au Club de Paris pour un montant total de 2,25 milliards US$<span class=\"spip_note_ref\">\u00a0[<a id=\"nh2-28\" class=\"spip_note\" title=\"Site du Club de Paris :\" href=\"https:\/\/www.cadtm.org\/En-memoire-de-Patrice-Lumumba-assassine-le-17-janvier-1961#nb2-28\" rel=\"appendix\">28<\/a>]<\/span>, et, entre 1976 et 1983, le Za\u00efre aura sign\u00e9 trois accords de Programme d\u2019ajustement structurel avec le FMI. Il b\u00e9n\u00e9ficiera en 1983 d\u2019un cinqui\u00e8me traitement de sa dette dont 1,490 milliards US$ auront \u00e9t\u00e9 r\u00e9\u00e9chelonn\u00e9s.<\/p>\n<p>Il est int\u00e9ressant de constater \u00e0 ce stade, les largesses du FMI \u00e0 l\u2019\u00e9gard d\u2019un pays mauvais payeur et ne respectant pas ses engagements conditionnels.<\/p>\n<p>De 1979 \u00e0 1984, le stock de la dette augmente peu, le Za\u00efre essayant d\u2019assurer le service de sa dette. Pendant cette p\u00e9riode, le transfert financier est \u00e0 peine positif. Les d\u00e9boursements r\u00e9alis\u00e9s par les cr\u00e9anciers servent, en fin de compte, principalement \u00e0 rembourser la dette.<\/p>\n<p>De 1984 \u00e0 1990, le stock augmente de 70\u00a0% en prix constants. Entre 1982 et 1988, le FMI accorde 600 millions US$ de pr\u00eats, la Banque mondiale 650 millions US$, les gouvernements occidentaux 3 milliards US$ et les banques commerciales refus\u00e8rent de continuer \u00e0 pr\u00eater. Pendant cette p\u00e9riode, en d\u00e9pit des avertissements du repr\u00e9sentant du FMI, Erwin Blumenthal, le Za\u00efre est consid\u00e9r\u00e9 comme l\u2019\u00e9l\u00e8ve mod\u00e8le du FMI<span class=\"spip_note_ref\">\u00a0[<a id=\"nh2-29\" class=\"spip_note\" title=\"Idem, p. 347\" href=\"https:\/\/www.cadtm.org\/En-memoire-de-Patrice-Lumumba-assassine-le-17-janvier-1961#nb2-29\" rel=\"appendix\">29<\/a>]<\/span>. Cette complaisance de l\u2019\u00e9tranger s\u2019explique par des consid\u00e9rations politiques et g\u00e9ostrat\u00e9giques. Ainsi, malgr\u00e9 les avertissements de l\u2019Ambassadeur \u00e9tats-unien sur la difficult\u00e9 de contr\u00f4ler l\u2019affectation des aides, le r\u00e9gime obtient toutes les all\u00e9geances du gouvernement am\u00e9ricain et le Pr\u00e9sident Ronald Reagan demande de doubler l\u2019aide militaire pour remercier Mobutu d\u2019avoir soutenu les troupes am\u00e9ricaines au Tchad<span class=\"spip_note_ref\">\u00a0[<a id=\"nh2-30\" class=\"spip_note\" title=\"NDIKUMANA, Leonce et BOYCE, James. 1997. Congo\u2019s Odious Debt : External\u00a0(...)\" href=\"https:\/\/www.cadtm.org\/En-memoire-de-Patrice-Lumumba-assassine-le-17-janvier-1961#nb2-30\" rel=\"appendix\">30<\/a>]<\/span>. En 1987, le FMI, sous pressions am\u00e9ricaines, approuve un pr\u00eat d\u2019ajustement structurel malgr\u00e9 les objections fortes des seniors du FMI. Au m\u00eame moment, Mobutu permettait aux troupes am\u00e9ricaines d\u2019utiliser son territoire et ses bases pour ses op\u00e9rations en Angola<span class=\"spip_note_ref\">\u00a0[<a id=\"nh2-31\" class=\"spip_note\" title=\"Idem, p.17\" href=\"https:\/\/www.cadtm.org\/En-memoire-de-Patrice-Lumumba-assassine-le-17-janvier-1961#nb2-31\" rel=\"appendix\">31<\/a>]<\/span>.<\/p>\n<p>Avant 1986, les sommes emprunt\u00e9es \u00e9taient principalement utilis\u00e9es dans le remboursement de la dette et les possibilit\u00e9s d\u2019investir furent faibles. Le budget d\u2019investissement fut estim\u00e9 \u00e0 seulement 65 millions US$ en 1985 et il fut diminu\u00e9, par la suite, \u00e0 40 millions US$. Plus tard les projets d\u2019investissement recommenc\u00e8rent \u00e0 avoir la cote et le stock de la dette du Za\u00efre cr\u00fbt consid\u00e9rablement.<\/p>\n<p>A partir de 1990, le r\u00e9gime de Mobutu commence \u00e0 \u00eatre isol\u00e9 de la sc\u00e8ne internationale. La chute du mur de Berlin marque la fin de la guerre froide et l\u2019alli\u00e9 Mobutu perd de son int\u00e9r\u00eat. A partir de ce moment, les d\u00e9boursements se font rares et le\u00a0<a class=\"cs_glossaire\" href=\"https:\/\/www.cadtm.org\/Transfert-net\" name=\"mot1549_18\"><span class=\"gl_mot\">transfert net<\/span><\/a>\u00a0tend \u00e0 \u00eatre n\u00e9gatif \u00e0 partir de 1990, comme l\u2019atteste un rapport de la Banque mondiale (1996)<span class=\"spip_note_ref\">\u00a0[<a id=\"nh2-32\" class=\"spip_note\" title=\"Ibid, p.18\" href=\"https:\/\/www.cadtm.org\/En-memoire-de-Patrice-Lumumba-assassine-le-17-janvier-1961#nb2-32\" rel=\"appendix\">32<\/a>]<\/span>. Selon ce m\u00eame rapport, en 1994, le Za\u00efre paya 201 millions US$ de plus que ce qu\u2019il re\u00e7ut des institutions financi\u00e8res. En 1991, le FMI rompt les relations avec le Za\u00efre, la Banque mondiale fera de m\u00eame en 1993. Sans nouveaux d\u00e9boursements \u00e9trangers, le Za\u00efre ne dispose plus de\u00a0<a class=\"cs_glossaire\" href=\"https:\/\/www.cadtm.org\/fr-Liquidites\" name=\"mot1344_19\"><span class=\"gl_mot\">liquidit\u00e9s<\/span><\/a>\u00a0suffisantes pour satisfaire au remboursement de sa dette et il suspend le service en 1994. Les int\u00e9r\u00eats et les p\u00e9nalit\u00e9s seront capitalis\u00e9s, gonflant le stock de la dette.<\/p>\n<p>La totalit\u00e9 de cette dette tombe sous le coup de la dette odieuse car elle a \u00e9t\u00e9 contract\u00e9e par la dictature de Mobutu. Elle aurait d\u00fb \u00eatre enti\u00e8rement annul\u00e9e \u00e0 la chute du r\u00e9gime de Mobutu.<\/td>\n<\/tr>\n<\/tbody>\n<\/table>\n<p><strong><br class=\"autobr\" \/>Les grandes entreprises priv\u00e9es belges ont syst\u00e9matiquement pu tirer avantage des relations de la Belgique avec le Congo<\/strong><\/p>\n<p>L\u2019extrait du discours suivant se passe de commentaire, il a \u00e9t\u00e9 prononc\u00e9 en 1986 par Jacques de Groote devant un parterre de chefs d\u2019entreprise de Belgique et publi\u00e9 dans le Bulletin de la F\u00e9d\u00e9ration des Entreprises de Belgique\u00a0:\u00a0<i>\u00ab\u00a0Les avantages que la Belgique retire, comme tous les pays membres de la Banque mondiale, de sa participation aux activit\u00e9s des institutions du groupe, peuvent \u00eatre mesur\u00e9s par le flow back, c\u2019est-\u00e0-dire le rapport entre, d\u2019une part, le total des d\u00e9boursements effectu\u00e9s par l\u2019IDA (Association internationale de d\u00e9veloppement qui fait partie du groupe de la Banque mondiale) ou la Banque mondiale en faveur des entreprises d\u2019un pays \u00e0 l\u2019occasion des contrats obtenus par ces entreprises et, d\u2019autre part, les contributions de ce pays au capital de la Banque, ainsi qu\u2019aux ressources de l\u2019IDA. Le flow back, c\u2019est donc un rapport entre ce qu\u2019obtiennent les entreprises pour des ventes d\u2019\u00e9quipement ou des services de consulting et ce que la Belgique apporte comme contribution aux ressources de l\u2019IDA et au capital de la Banque. Le flow back de la Banque mondiale vers les pays industrialis\u00e9s est important et n\u2019a cess\u00e9 de s\u2019accro\u00eetre\u00a0: il a progress\u00e9 pour l\u2019ensemble des pays industrialis\u00e9s de 7 \u00e0 10 entre la fin de 1980 et la fin de 1984. C\u2019est-\u00e0-dire que pour un dollar mis dans le syst\u00e8me, les pays industrialis\u00e9s en retiraient 7 en 1980 et 10,5 aujourd\u2019hui.<span class=\"spip_note_ref\">\u00a0[<a id=\"nh2-33\" class=\"spip_note\" title=\"FEB, 1986, p. 496-497.\" href=\"https:\/\/www.cadtm.org\/En-memoire-de-Patrice-Lumumba-assassine-le-17-janvier-1961#nb2-33\" rel=\"appendix\">33<\/a>]<\/span>\u00a0\u00bb<\/i><\/p>\n<p><strong><br class=\"autobr\" \/>Apr\u00e8s la fin de son mandat au FMI et \u00e0 la Banque mondiale<\/strong><\/p>\n<p>Dans une interview donn\u00e9e \u00e0 B\u00e9atrice Delvaux du journal\u00a0<i>Le Soir<\/i>\u00a0en mars 1994, \u00e0 la fin de son mandat au FMI, Jacques de Groote se f\u00e9licite du r\u00f4le qu\u2019il a jou\u00e9 dans la d\u00e9cision de la Belgique de prendre le tournant n\u00e9olib\u00e9ral au cours des ann\u00e9es 1980.<\/p>\n<p>B\u00e9atrice Delvaux\u00a0:\u00a0<i>\u00ab\u00a0Vous avez cependant de Washington jou\u00e9 un r\u00f4le majeur sur l\u2019orientation de la politique \u00e9conomique belge. Vous avez ainsi apport\u00e9 la caution du FMI au changement de cap \u00e9conomique du d\u00e9but des ann\u00e9es 80, en lien \u00e9troit avec le groupe \u00ab\u00a0de Poupehan<span class=\"spip_note_ref\">\u00a0[<a id=\"nh2-34\" class=\"spip_note\" title=\"Le groupe de Poupehan \u00e9tait un groupe de pression compos\u00e9 des principaux\u00a0(...)\" href=\"https:\/\/www.cadtm.org\/En-memoire-de-Patrice-Lumumba-assassine-le-17-janvier-1961#nb2-34\" rel=\"appendix\">34<\/a>]<\/span>\u00a0?\u00a0\u00bb J. de Groote r\u00e9pond\u00a0: \u00ab\u00a0Absolument et je n\u2019en suis pas peu fier. J\u2019en suis m\u00eame fort satisfait. Nous avons \u00e0 l\u2019\u00e9poque r\u00e9alis\u00e9 des \u00e9tudes qui ont permis de d\u00e9gager les grandes options de la politique \u00e9conomique belge, discut\u00e9es ensuite avec Alfons Verplaetse<span class=\"spip_note_ref\">\u00a0[<a id=\"nh2-35\" class=\"spip_note\" title=\"Alfons Verplaetse \u00e9tait gouverneur de la Banque nationale de Belgique, il\u00a0(...)\" href=\"https:\/\/www.cadtm.org\/En-memoire-de-Patrice-Lumumba-assassine-le-17-janvier-1961#nb2-35\" rel=\"appendix\">35<\/a>]<\/span>\u00a0et diff\u00e9rentes personnalit\u00e9s dont Wilfried Martens<span class=\"spip_note_ref\">\u00a0[<a id=\"nh2-36\" class=\"spip_note\" title=\"Wilfried Martens, premier ministre social-chr\u00e9tien qui a mis en pratique\u00a0(...)\" href=\"https:\/\/www.cadtm.org\/En-memoire-de-Patrice-Lumumba-assassine-le-17-janvier-1961#nb2-36\" rel=\"appendix\">36<\/a>]<\/span>\u00a0\u00bb<\/i>.<\/p>\n<p><strong><br class=\"autobr\" \/>L\u2019attitude de la Belgique apr\u00e8s la chute de Mobutu<\/strong><\/p>\n<p>Apr\u00e8s la chute de Mobutu, malgr\u00e9 les appels du CADTM et d\u2019autres organisations, les autorit\u00e9s belges n\u2019ont rien fait pour aider le peuple congolais \u00e0 r\u00e9cup\u00e9rer l\u2019argent que Mobutu et son clan avait mal acquis et plac\u00e9 en Belgique sous la forme de biens immobiliers ou mobiliers (liquides). Pourtant un pays comme la suisse avait fait des pas s\u00e9rieux pour une fois dans cette direction. Mais les liens entre la classe dirigeante belge et le clan de Mobutu \u00e9tait tellement fort que rien de concluant n\u2019a \u00e9t\u00e9 fait alors que certains magistrats essayaient d\u2019agir dans le bon sens.<\/p>\n<p>Ensuite, la Belgique a particip\u00e9 \u00e0 une op\u00e9ration de blanchiment de la dette odieuse accumul\u00e9e par Mobutu. Au lieu de soutenir qu\u2019il fallait l\u2019annuler car ill\u00e9gitime, la Belgique s\u2019est pr\u00eat\u00e9e \u00e0 la mise en place d\u2019un m\u00e9canisme complexe o\u00f9 le peuple congolais \u00e9tait le perdant et les cr\u00e9anciers complices de l\u2019ancien r\u00e9gime \u00e9taient gagnant.<\/p>\n<p><strong>Source des 2 annexes\u00a0: \u00c9ric Toussaint, \u00ab\u00a0R\u00e9ponse \u00e0 la lettre de Philippe, roi des Belges, sur les responsabilit\u00e9s de la Belgique dans l\u2019exploitation du peuple congolais\u00a0\u00bb<br class=\"autobr\" \/><a class=\"spip_url auto\" href=\"https:\/\/www.cadtm.org\/Reponse-a-la-lettre-de-Philippe-roi-des-Belges-sur-les-responsabilites-de-la\" target=\"_blank\" rel=\"nofollow noopener\">https:\/\/www.cadtm.org\/Reponse-a-la-lettre-de-Philippe-roi-des-Belges-sur-les-responsabilites-de-la<\/a><\/strong><\/p>\n<\/div>\n<div class=\"socialtags\"><\/div>\n<p>&nbsp;<\/p>\n<div class=\"notes\">\n<h5>Notes<\/h5>\n<div id=\"nb2-1\">\n<p><span class=\"spip_note_ref\">[<a class=\"spip_note\" title=\"Notes 2-1\" href=\"https:\/\/www.cadtm.org\/En-memoire-de-Patrice-Lumumba-assassine-le-17-janvier-1961#nh2-1\" rev=\"appendix\">1<\/a>]\u00a0<\/span>Colette Braeckman, \u00ab\u00a0Congo La mort de Lumumba Ultime d\u00e9bat \u00e0 la Chambre sur la responsabilit\u00e9 de la Belgique dans l\u2019assassinat de Patrice Lumumba Au-del\u00e0 des regrets, les excuses de la Belgique REPERES La v\u00e9rit\u00e9 comme seule porte de sortie Van Lierde l\u2019insoumis\u00a0\u00bb, publi\u00e9 le 6 f\u00e9vrier 2002\u00a0<a class=\"spip_url spip_out auto\" href=\"https:\/\/plus.lesoir.be\/art\/congo-la-mort-de-lumumba-noir-ultime-debat-a-la-chambre_t-20020206-Z0LGFG.html\" target=\"_blank\" rel=\"external nofollow noopener\">https:\/\/plus.lesoir.be\/art\/congo-la-mort-de-lumumba-noir-ultime-debat-a-la-chambre_t-20020206-Z0LGFG.html<\/a><\/p>\n<\/div>\n<div id=\"nb2-2\">\n<p><span class=\"spip_note_ref\">[<a class=\"spip_note\" title=\"Notes 2-2\" href=\"https:\/\/www.cadtm.org\/En-memoire-de-Patrice-Lumumba-assassine-le-17-janvier-1961#nh2-2\" rev=\"appendix\">2<\/a>]\u00a0<\/span>F\u00e9lix Roland Moumi\u00e9 (1925-1960), dirigeant de la lutte anti colonialiste et anti imp\u00e9rialiste au Cameroun a \u00e9t\u00e9 assassin\u00e9 sur ordre de la France \u00e0 Gen\u00e8ve le 3 novembre 1960.<\/p>\n<\/div>\n<div id=\"nb2-3\">\n<p><span class=\"spip_note_ref\">[<a class=\"spip_note\" title=\"Notes 2-3\" href=\"https:\/\/www.cadtm.org\/En-memoire-de-Patrice-Lumumba-assassine-le-17-janvier-1961#nh2-3\" rev=\"appendix\">3<\/a>]\u00a0<\/span>Sa\u00efd Bouamama,\u00a0<i>Figures de la r\u00e9volution africaine<\/i>, La D\u00e9couverte, 2014, 300 p.<\/p>\n<\/div>\n<div id=\"nb2-4\">\n<p><span class=\"spip_note_ref\">[<a class=\"spip_note\" title=\"Notes 2-4\" href=\"https:\/\/www.cadtm.org\/En-memoire-de-Patrice-Lumumba-assassine-le-17-janvier-1961#nh2-4\" rev=\"appendix\">4<\/a>]\u00a0<\/span>Voir le r\u00e9sum\u00e9 de l\u2019intervention de Jean Van Lierde lors d\u2019une conf\u00e9rence publique r\u00e9alis\u00e9e \u00e0 Bruxelles en octobre 1995 pour rendre hommage \u00e0 Ernest Mandel\u00a0<a class=\"spip_url spip_out auto\" href=\"http:\/\/www.ernestmandel.org\/new\/sur-la-vie-et-l-&amp;oelig;uvre\/article\/dernier-hommage-a-ernest-mandel\" target=\"_blank\" rel=\"external nofollow noopener\">http:\/\/www.ernestmandel.org\/new\/sur-la-vie-et-l-\u0153uvre\/article\/dernier-hommage-a-ernest-mandel<\/a><\/p>\n<\/div>\n<div id=\"nb2-5\">\n<p><span class=\"spip_note_ref\">[<a class=\"spip_note\" title=\"Notes 2-5\" href=\"https:\/\/www.cadtm.org\/En-memoire-de-Patrice-Lumumba-assassine-le-17-janvier-1961#nh2-5\" rev=\"appendix\">5<\/a>]\u00a0<\/span>Sa\u00efd Bouamama,\u00a0<i>Figures de la r\u00e9volution africaine<\/i>, La D\u00e9couverte, 2014, p. 160-177.<\/p>\n<\/div>\n<div id=\"nb2-6\">\n<p><span class=\"spip_note_ref\">[<a class=\"spip_note\" title=\"Notes 2-6\" href=\"https:\/\/www.cadtm.org\/En-memoire-de-Patrice-Lumumba-assassine-le-17-janvier-1961#nh2-6\" rev=\"appendix\">6<\/a>]\u00a0<\/span>Philippe Decraene, \u00ab\u00a0L\u2019Afrique noire tout enti\u00e8re fait \u00e9cho aux th\u00e8mes panafricains exalt\u00e9s \u00e0 Accra\u00a0\u00bb in\u00a0<i>Le Monde diplomatique<\/i>, f\u00e9vrier 1959\u00a0<a class=\"spip_url spip_out auto\" href=\"https:\/\/www.monde-diplomatique.fr\/1959\/02\/DECRAENE\/22920\" target=\"_blank\" rel=\"external nofollow noopener\">https:\/\/www.monde-diplomatique.fr\/1959\/02\/DECRAENE\/22920<\/a><\/p>\n<\/div>\n<div id=\"nb2-7\">\n<p><span class=\"spip_note_ref\">[<a class=\"spip_note\" title=\"Notes 2-7\" href=\"https:\/\/www.cadtm.org\/En-memoire-de-Patrice-Lumumba-assassine-le-17-janvier-1961#nh2-7\" rev=\"appendix\">7<\/a>]\u00a0<\/span>The Assassination Archives and Research Center, Interim Report\u00a0: Alleged Assassination Plots Involving Foreign Leaders, III, A, Congo.\u00a0<a class=\"spip_url spip_out auto\" href=\"http:\/\/www.aarclibrary.org\/publib\/church\/reports\/ir\/html\/ChurchIR_0014a.htm\" target=\"_blank\" rel=\"external nofollow noopener\">http:\/\/www.aarclibrary.org\/publib\/church\/reports\/ir\/html\/ChurchIR_0014a.htm<\/a>\u00a0consult\u00e9 le 15 janvier 2021<\/p>\n<\/div>\n<div id=\"nb2-8\">\n<p><span class=\"spip_note_ref\">[<a class=\"spip_note\" title=\"Notes 2-8\" href=\"https:\/\/www.cadtm.org\/En-memoire-de-Patrice-Lumumba-assassine-le-17-janvier-1961#nh2-8\" rev=\"appendix\">8<\/a>]\u00a0<\/span>Sa\u00efd Bouamama,\u00a0<i>Figures de la r\u00e9volution africaine<\/i>, La D\u00e9couverte, 2014, p. 160-177.<\/p>\n<\/div>\n<div id=\"nb2-9\">\n<p><span class=\"spip_note_ref\">[<a class=\"spip_note\" title=\"Notes 2-9\" href=\"https:\/\/www.cadtm.org\/En-memoire-de-Patrice-Lumumba-assassine-le-17-janvier-1961#nh2-9\" rev=\"appendix\">9<\/a>]\u00a0<\/span>\u00ab\u00a0Les aveux du meurtre de Patrice Lumumba\u00a0\u00bb,\u00a0<a class=\"spip_url spip_out auto\" href=\"https:\/\/www.thomassankara.net\/les-aveux-du-meurtre-de-patrice-lumumba\/\" target=\"_blank\" rel=\"external nofollow noopener\">https:\/\/www.thomassankara.net\/les-aveux-du-meurtre-de-patrice-lumumba\/<\/a><\/p>\n<\/div>\n<div id=\"nb2-10\">\n<p><span class=\"spip_note_ref\">[<a class=\"spip_note\" title=\"Notes 2-10\" href=\"https:\/\/www.cadtm.org\/En-memoire-de-Patrice-Lumumba-assassine-le-17-janvier-1961#nh2-10\" rev=\"appendix\">10<\/a>]\u00a0<\/span>Eric Toussaint,\u00a0<i>Banque mondiale\u00a0: Une histoire critique<\/i>, Syllepse, 2022,\u00a0<a class=\"spip_url auto\" href=\"https:\/\/www.cadtm.org\/Banque-mondiale-une-histoire-critique\" target=\"_blank\" rel=\"nofollow noopener\">https:\/\/www.cadtm.org\/Banque-mondiale-une-histoire-critique<\/a><\/p>\n<\/div>\n<div id=\"nb2-11\">\n<p><span class=\"spip_note_ref\">[<a class=\"spip_note\" title=\"Notes 2-11\" href=\"https:\/\/www.cadtm.org\/En-memoire-de-Patrice-Lumumba-assassine-le-17-janvier-1961#nh2-11\" rev=\"appendix\">11<\/a>]\u00a0<\/span>Les colonies concern\u00e9es par les pr\u00eats de la Banque mondiale sont pour la Belgique, le Congo belge, le Rwanda et le Burundi\u00a0; pour la Grande Bretagne, l\u2019Afrique de l\u2019Est (comprenant le Kenya, l\u2019Ouganda et la future Tanzanie), la Rhod\u00e9sie (Zimbabwe et Zambie) ainsi que le Nigeria auxquels il faut ajouter la Guyane britannique en Am\u00e9rique du Sud\u00a0; pour la France, l\u2019Alg\u00e9rie, le Gabon, la Mauritanie, l\u2019Afrique occidentale fran\u00e7aise (Mauritanie, S\u00e9n\u00e9gal, Soudan fran\u00e7ais &#8211; devenu Mali, Guin\u00e9e, C\u00f4te d\u2019Ivoire, Niger, Haute-Volta &#8211; devenue Burkina Faso, Dahomey &#8211; devenu B\u00e9nin).<\/p>\n<\/div>\n<div id=\"nb2-12\">\n<p><span class=\"spip_note_ref\">[<a class=\"spip_note\" title=\"Notes 2-12\" href=\"https:\/\/www.cadtm.org\/En-memoire-de-Patrice-Lumumba-assassine-le-17-janvier-1961#nh2-12\" rev=\"appendix\">12<\/a>]\u00a0<\/span>KAPUR, Devesh, LEWIS, John P., WEBB, Richard. 1997.\u00a0<i>The World Bank, Its First Half Century<\/i>, Volume 1, p. 687.<\/p>\n<\/div>\n<div id=\"nb2-13\">\n<p><span class=\"spip_note_ref\">[<a class=\"spip_note\" title=\"Notes 2-13\" href=\"https:\/\/www.cadtm.org\/En-memoire-de-Patrice-Lumumba-assassine-le-17-janvier-1961#nh2-13\" rev=\"appendix\">13<\/a>]\u00a0<\/span>Le fait que la Belgique soit b\u00e9n\u00e9ficiaire des pr\u00eats au Congo belge peut \u00eatre d\u00e9duit d\u2019un tableau publi\u00e9 dans le quinzi\u00e8me rapport de la Banque mondiale pour l\u2019ann\u00e9e 1959-1960. IBRD (World Bank),\u00a0<i>Fifteenth Annual Report 1959-1960<\/i>, Washington DC, p. 12.<\/p>\n<\/div>\n<div id=\"nb2-14\">\n<p><span class=\"spip_note_ref\">[<a class=\"spip_note\" title=\"Notes 2-14\" href=\"https:\/\/www.cadtm.org\/En-memoire-de-Patrice-Lumumba-assassine-le-17-janvier-1961#nh2-14\" rev=\"appendix\">14<\/a>]\u00a0<\/span>Cit\u00e9 par SACK, Alexander Nahum. 1927.\u00a0<i>Les Effets des Transformations des Etats sur leurs Dettes Publiques et Autres Obligations financi\u00e8res<\/i>, Recueil Sirey, Paris, p. 159.<\/p>\n<\/div>\n<div id=\"nb2-15\">\n<p><span class=\"spip_note_ref\">[<a class=\"spip_note\" title=\"Notes 2-15\" href=\"https:\/\/www.cadtm.org\/En-memoire-de-Patrice-Lumumba-assassine-le-17-janvier-1961#nh2-15\" rev=\"appendix\">15<\/a>]\u00a0<\/span>SACK, Alexander Nahum. 1927. p. 158.<\/p>\n<\/div>\n<div id=\"nb2-16\">\n<p><span class=\"spip_note_ref\">[<a class=\"spip_note\" title=\"Notes 2-16\" href=\"https:\/\/www.cadtm.org\/En-memoire-de-Patrice-Lumumba-assassine-le-17-janvier-1961#nh2-16\" rev=\"appendix\">16<\/a>]\u00a0<\/span>Source\u00a0:\u00a0<i>Treaty series<\/i>, n\u00b0\u00a04, 1919, p. 26. Cit\u00e9 par Sack, p. 162. Texte original en anglais\u00a0: \u201cThe colonies should not bear any portion of the German debt, nor remain under any obligation to refund to Germany the expenses incurred by the Imperial administration of the protectorate, In fact, it would be unjust to burden the natives with expenditure which appears to have been incurred in Germany\u2019 s own interest, and that it would be no less unjust to make this responsibility rest upon the Mandatory Powers which, in so far as they may be appointed trust\u00e9es by the League of Nations, will derive no benefit from such trusteeship.\u201d<\/p>\n<\/div>\n<div id=\"nb2-17\">\n<p><span class=\"spip_note_ref\">[<a class=\"spip_note\" title=\"Notes 2-17\" href=\"https:\/\/www.cadtm.org\/En-memoire-de-Patrice-Lumumba-assassine-le-17-janvier-1961#nh2-17\" rev=\"appendix\">17<\/a>]\u00a0<\/span>\u00ab\u00a0From March 1966 to May 1969 D<sup class=\"typo_exposants\">r<\/sup>. De Groote acted as Economic Advisor to the Republic of Zaire and Advisor to the Governor of the National Bank of Zaire. He was responsible for Zaire\u2019s economic rehabilitation, and for negotiations with the IMF, the World Bank and the U.S. government. The 1967 program resulted in the only period of growth of the Zairian economy since Independence (1968-1971), and is cited by the IMF and World Bank as one of the most successful stabilization efforts ever undertaken under their aegis. During this period D<sup class=\"typo_exposants\">r<\/sup>. De Groote was also in charge of Zaire\u2019s negotiations for nationalizing and reactivating Gecamines (the former Union Mini\u00e8re).\u00a0\u00bb<\/p>\n<\/div>\n<div id=\"nb2-18\">\n<p><span class=\"spip_note_ref\">[<a class=\"spip_note\" title=\"Notes 2-18\" href=\"https:\/\/www.cadtm.org\/En-memoire-de-Patrice-Lumumba-assassine-le-17-janvier-1961#nh2-18\" rev=\"appendix\">18<\/a>]\u00a0<\/span>En 2013, j\u2019ai consacr\u00e9 un livre \u00e0 ce personnage\u00a0:\u00a0<i>Proc\u00e8s d\u2019un homme exemplaire<\/i>,\u00a0<a class=\"spip_url spip_out auto\" href=\"https:\/\/cadtm.org\/Proces-d-un-homme-exemplaire,9458\" target=\"_blank\" rel=\"external nofollow noopener\">https:\/\/cadtm.org\/Proces-d-un-homme-exemplaire,9458<\/a>\u00a0Bien qu\u2019anecdotique, c\u2019est int\u00e9ressant de regarder la liste des d\u00e9corations re\u00e7ues par Jacques De Groote\u00a0: Il est Grand Officier de l\u2019Ordre de L\u00e9opold I<sup class=\"typo_exposants\">er<\/sup>\u00a0en Belgique, la deuxi\u00e8me haute distinction belge. Il s\u2019est vu octroy\u00e9 par Mobutu la Palme d\u2019or au Za\u00efre. Il est \u00e9galement Grand Officier de l\u2018Ordre d\u2019Orange-Nassau (Luxembourg), Commandeur de l\u2019Ordre du M\u00e9rite en Autriche, Commandeur de l\u2019Ordre de M\u00e9rite du Grand-Duch\u00e9 de Luxembourg, il s\u2019est vu octroy\u00e9 aussi l\u2019\u00c9toile rouge en Hongrie.<\/p>\n<\/div>\n<div id=\"nb2-19\">\n<p><span class=\"spip_note_ref\">[<a class=\"spip_note\" title=\"Notes 2-19\" href=\"https:\/\/www.cadtm.org\/En-memoire-de-Patrice-Lumumba-assassine-le-17-janvier-1961#nh2-19\" rev=\"appendix\">19<\/a>]\u00a0<\/span>A noter qu\u2019au sommet du pouvoir, Mobutu s\u2019est fait appeler Mobutu Sese Seko Kuku Ngbendu wa Za Banga (ce qui signifie Mobutu le guerrier qui va de victoire en victoire sans que personne ne puisse l\u2019arr\u00eater).<\/p>\n<\/div>\n<div id=\"nb2-20\">\n<p><span class=\"spip_note_ref\">[<a class=\"spip_note\" title=\"Notes 2-20\" href=\"https:\/\/www.cadtm.org\/En-memoire-de-Patrice-Lumumba-assassine-le-17-janvier-1961#nh2-20\" rev=\"appendix\">20<\/a>]\u00a0<\/span>Les historiens de la Banque \u00e9crivent qu\u2019en 1982\u00a0:\u00a0<i>\u201cS\u00e9duits par la ruse de Mobutu et ses promesses de r\u00e9formes et par les pressions des \u00c9tats Unis, de la France et de la Belgique, la Banque s\u2019est aventur\u00e9e au Za\u00efre dans un programme d\u2019ajustement structurel ambitieux.\u00a0\u00bb<\/i>\u00a0in KAPUR, Devesh, LEWIS, John P., WEBB, Richard. 1997. The World Bank, Its First Half Century, Volume 1\u00a0: History, p. 702.<\/p>\n<\/div>\n<div id=\"nb2-21\">\n<p><span class=\"spip_note_ref\">[<a class=\"spip_note\" title=\"Notes 2-21\" href=\"https:\/\/www.cadtm.org\/En-memoire-de-Patrice-Lumumba-assassine-le-17-janvier-1961#nh2-21\" rev=\"appendix\">21<\/a>]\u00a0<\/span>En 1978, le FMI place Erwin Blumenthal \u00e0 la Banque centrale du Za\u00efre pour assainir son fonctionnement. En juillet 1979, Erwin Blumenthal quitte ce poste suite aux menaces de mort dont il est l\u2019objet de la part de l\u2019entourage de Mobutu.<\/p>\n<\/div>\n<div id=\"nb2-22\">\n<p><span class=\"spip_note_ref\">[<a class=\"spip_note\" title=\"Notes 2-22\" href=\"https:\/\/www.cadtm.org\/En-memoire-de-Patrice-Lumumba-assassine-le-17-janvier-1961#nh2-22\" rev=\"appendix\">22<\/a>]\u00a0<\/span>BLUMENTHAL Erwin. 7 avril 1982.\u00a0<i>Za\u00efre\u00a0: Report on her Financial Credibility<\/i>, typescript, p.19.<\/p>\n<\/div>\n<div id=\"nb2-23\">\n<p><span class=\"spip_note_ref\">[<a class=\"spip_note\" title=\"Notes 2-23\" href=\"https:\/\/www.cadtm.org\/En-memoire-de-Patrice-Lumumba-assassine-le-17-janvier-1961#nh2-23\" rev=\"appendix\">23<\/a>]\u00a0<\/span>Mobutu arriva \u00e0 intercepter certaines sommes avant m\u00eame qu\u2019elles n\u2019atterrissent dans les caisses publiques\u00a0; comme, \u00e0 titre illustratif, ces 5 millions de dollars accord\u00e9s par l\u2019Arabie saoudite, en 1977. (DUNGIA, E. 1992.\u00a0<i>Mobutu et l\u2019argent du Za\u00efre<\/i>, L\u2019Harmattan, p.157<\/p>\n<\/div>\n<div id=\"nb2-24\">\n<p><span class=\"spip_note_ref\">[<a class=\"spip_note\" title=\"Notes 2-24\" href=\"https:\/\/www.cadtm.org\/En-memoire-de-Patrice-Lumumba-assassine-le-17-janvier-1961#nh2-24\" rev=\"appendix\">24<\/a>]\u00a0<\/span>ASKIN Steve et COLLINS Carole. 1993. \u00ab\u00a0External Collusion with Kleptocracy\u00a0: Can Za\u00efre Recapture its Stolen Wealth\u00a0?\u201d in\u00a0<i>African Political Economy<\/i>, n\u00b0\u00a057, p.77<\/p>\n<\/div>\n<div id=\"nb2-25\">\n<p><span class=\"spip_note_ref\">[<a class=\"spip_note\" title=\"Notes 2-25\" href=\"https:\/\/www.cadtm.org\/En-memoire-de-Patrice-Lumumba-assassine-le-17-janvier-1961#nh2-25\" rev=\"appendix\">25<\/a>]\u00a0<\/span>L\u2019ENTREPRENEUR. 1980. \u00ab\u00a0Le lancinant probl\u00e8me de la dette ext\u00e9rieure du Za\u00efre\u00a0\u00bb, n\u00b011, D\u00e9cembre 1980, p. 44-47<\/p>\n<\/div>\n<div id=\"nb2-26\">\n<p><span class=\"spip_note_ref\">[<a class=\"spip_note\" title=\"Notes 2-26\" href=\"https:\/\/www.cadtm.org\/En-memoire-de-Patrice-Lumumba-assassine-le-17-janvier-1961#nh2-26\" rev=\"appendix\">26<\/a>]\u00a0<\/span>Ces 32 millions US$ correspondent \u00e0 la dette que la Belgique et la Banque mondiale ont mis sur le dos du Congo avec la complicit\u00e9 du r\u00e9gime de Mobutu. Comme indiqu\u00e9 auparavant, le Belgique au cours des ann\u00e9es 1950 avait emprunt\u00e9 120 millions US$ \u00e0 la Banque mondiale pour poursuivre ses int\u00e9r\u00eats coloniaux au Congo belge. La Belgique n\u2019a rembours\u00e9 qu\u2019une partie de cette somme avant l\u2019ind\u00e9pendance du Congo intervenue le 30 juin 1960. Le solde, 32 millions US$ a \u00e9t\u00e9 mis \u00e0 charge du Congo ind\u00e9pendant \u00e0 partir de l\u2019\u00e9tablissement de la dictature de Mobutu en 1965.<\/p>\n<\/div>\n<div id=\"nb2-27\">\n<p><span class=\"spip_note_ref\">[<a class=\"spip_note\" title=\"Notes 2-27\" href=\"https:\/\/www.cadtm.org\/En-memoire-de-Patrice-Lumumba-assassine-le-17-janvier-1961#nh2-27\" rev=\"appendix\">27<\/a>]\u00a0<\/span>HAYNES, J., PARFITT, T. et RILEY, S. 1986. \u201cDebt in Sub-Saharan Africa\u00a0: The local politics of stabilisation\u201d,\u00a0<i>African Affairs<\/i>, Juillet 1986, p.346.<\/p>\n<\/div>\n<div id=\"nb2-28\">\n<p><span class=\"spip_note_ref\">[<a class=\"spip_note\" title=\"Notes 2-28\" href=\"https:\/\/www.cadtm.org\/En-memoire-de-Patrice-Lumumba-assassine-le-17-janvier-1961#nh2-28\" rev=\"appendix\">28<\/a>]\u00a0<\/span>Site du Club de Paris\u00a0:\u00a0<a class=\"spip_url spip_out auto\" href=\"http:\/\/www.clubdeparis.org\/\" target=\"_blank\" rel=\"external nofollow noopener\">www.clubdeparis.org<\/a><\/p>\n<\/div>\n<div id=\"nb2-29\">\n<p><span class=\"spip_note_ref\">[<a class=\"spip_note\" title=\"Notes 2-29\" href=\"https:\/\/www.cadtm.org\/En-memoire-de-Patrice-Lumumba-assassine-le-17-janvier-1961#nh2-29\" rev=\"appendix\">29<\/a>]\u00a0<\/span>Idem, p. 347<\/p>\n<\/div>\n<div id=\"nb2-30\">\n<p><span class=\"spip_note_ref\">[<a class=\"spip_note\" title=\"Notes 2-30\" href=\"https:\/\/www.cadtm.org\/En-memoire-de-Patrice-Lumumba-assassine-le-17-janvier-1961#nh2-30\" rev=\"appendix\">30<\/a>]\u00a0<\/span>NDIKUMANA, Leonce et BOYCE, James. 1997.<i>\u00a0Congo\u2019s Odious Debt\u00a0: External borrowing and Capital Flight\u201d<\/i>, Department of Economics, University of Massachusetts<\/p>\n<\/div>\n<div id=\"nb2-31\">\n<p><span class=\"spip_note_ref\">[<a class=\"spip_note\" title=\"Notes 2-31\" href=\"https:\/\/www.cadtm.org\/En-memoire-de-Patrice-Lumumba-assassine-le-17-janvier-1961#nh2-31\" rev=\"appendix\">31<\/a>]\u00a0<\/span>Idem, p.17<\/p>\n<\/div>\n<div id=\"nb2-32\">\n<p><span class=\"spip_note_ref\">[<a class=\"spip_note\" title=\"Notes 2-32\" href=\"https:\/\/www.cadtm.org\/En-memoire-de-Patrice-Lumumba-assassine-le-17-janvier-1961#nh2-32\" rev=\"appendix\">32<\/a>]\u00a0<\/span>Ibid, p.18<\/p>\n<\/div>\n<div id=\"nb2-33\">\n<p style=\"text-align: left;\"><span class=\"spip_note_ref\">[<a class=\"spip_note\" title=\"Notes 2-33\" href=\"https:\/\/www.cadtm.org\/En-memoire-de-Patrice-Lumumba-assassine-le-17-janvier-1961#nh2-33\" rev=\"appendix\">33<\/a>]\u00a0<\/span>FEB, 1986, p. 496-497.<\/p>\n<\/div>\n<div id=\"nb2-34\">\n<p><span class=\"spip_note_ref\">[<a class=\"spip_note\" title=\"Notes 2-34\" href=\"https:\/\/www.cadtm.org\/En-memoire-de-Patrice-Lumumba-assassine-le-17-janvier-1961#nh2-34\" rev=\"appendix\">34<\/a>]\u00a0<\/span>Le groupe de Poupehan \u00e9tait un groupe de pression compos\u00e9 des principaux leaders politiques conservateurs de la famille social-chr\u00e9tienne belge qui ont jou\u00e9 un r\u00f4le cl\u00e9 dans le tournant n\u00e9olib\u00e9ral. Voir\u00a0<a class=\"spip_url spip_out auto\" href=\"http:\/\/archives.lesoir.be\/les-fantomes-de-poupehan-liberaux-et-fdf-veulent-enquet_t-19910917-Z04EPV.html\" target=\"_blank\" rel=\"external nofollow noopener\">http:\/\/archives.lesoir.be\/les-fantomes-de-poupehan-liberaux-et-fdf-veulent-enquet_t-19910917-Z04EPV.html<\/a><\/p>\n<\/div>\n<div id=\"nb2-35\">\n<p><span class=\"spip_note_ref\">[<a class=\"spip_note\" title=\"Notes 2-35\" href=\"https:\/\/www.cadtm.org\/En-memoire-de-Patrice-Lumumba-assassine-le-17-janvier-1961#nh2-35\" rev=\"appendix\">35<\/a>]\u00a0<\/span>Alfons Verplaetse \u00e9tait gouverneur de la Banque nationale de Belgique, il \u00e9tait membre du parti social-chr\u00e9tien dans la partie flamande du pays.<\/p>\n<\/div>\n<div id=\"nb2-36\">\n<p><span class=\"spip_note_ref\">[<a class=\"spip_note\" title=\"Notes 2-36\" href=\"https:\/\/www.cadtm.org\/En-memoire-de-Patrice-Lumumba-assassine-le-17-janvier-1961#nh2-36\" rev=\"appendix\">36<\/a>]\u00a0<\/span>Wilfried Martens, premier ministre social-chr\u00e9tien qui a mis en pratique l\u2019orientation n\u00e9olib\u00e9rale en alliance avec le parti lib\u00e9ral.<\/p>\n<\/div>\n<\/div>\n<div class=\"bio\">\n<div class=\"photeur\">\n<div class=\"auteur\">\n<h3>Auteur.e<\/h3>\n<\/div>\n<div class=\"logoauteur\"><img decoding=\"async\" class=\"spip_logo spip_logos\" src=\"https:\/\/www.cadtm.org\/local\/cache-gd2\/6e\/f28d005140af9477ab3fcbaffc18f0.png?1737732588\" alt=\"\" width=\"87\" height=\"87\" \/><\/div>\n<div class=\"logocadtm\"><img decoding=\"async\" class=\"spip_logo spip_logos\" src=\"https:\/\/www.cadtm.org\/IMG\/moton736.png?1430120656\" alt=\"\" width=\"90\" height=\"28\" \/><\/div>\n<\/div>\n<p><a href=\"https:\/\/www.cadtm.org\/Eric-Toussaint?lang=fr\"><span id=\"nom\">Eric Toussaint\u00a0<\/span><\/a>Docteur en sciences politiques des universit\u00e9s de Li\u00e8ge et de Paris VIII, porte-parole du CADTM international et membre du Conseil scientifique d\u2019ATTAC France.<br class=\"autobr\" \/>Il est l\u2019auteur des livres,\u00a0<i><a class=\"spip_in\" href=\"https:\/\/www.cadtm.org\/Banque-mondiale-une-histoire-critique\">Banque mondiale &#8211; Une histoire critique<\/a><\/i>, Syllepse, 2022,\u00a0<i><a class=\"spip_in\" href=\"https:\/\/www.cadtm.org\/Capitulation-entre-adultes-Grece-2015-une-alternative-etait-possible\">Capitulation entre adultes\u00a0: Gr\u00e8ce 2015, une alternative \u00e9tait possible<\/a><\/i>, Syllepse, 2020,\u00a0<i><a class=\"spip_in\" href=\"https:\/\/www.cadtm.org\/Le-Systeme-Dette-Histoire-des-dettes-souveraines-et-de-leur-repudiation\">Le Syst\u00e8me Dette. Histoire des dettes souveraines et de leur r\u00e9pudiation<\/a><\/i>, Les liens qui lib\u00e8rent, 2017\u00a0;\u00a0<i><a class=\"spip_in\" href=\"https:\/\/www.cadtm.org\/Bancocratie\">Bancocratie<\/a><\/i>, ADEN, Bruxelles, 2014\u00a0;\u00a0<i><a class=\"spip_in\" href=\"https:\/\/www.cadtm.org\/Proces-d-un-homme-exemplaire,9458\">Proc\u00e8s d\u2019un homme exemplaire<\/a><\/i>, \u00c9ditions Al Dante, Marseille, 2013\u00a0;\u00a0<i><a class=\"spip_in\" href=\"https:\/\/www.cadtm.org\/Un-coup-d-oeil-dans-le-retroviseur-L-ideologie-neoliberale-des-origines-jusqu-a-5583-5583-5583-5583-5583-5583-5583-5583-5583-5583-5583\">Un coup d\u2019\u0153il dans le r\u00e9troviseur. L\u2019id\u00e9ologie n\u00e9olib\u00e9rale des origines jusqu\u2019\u00e0 aujourd\u2019hui<\/a><\/i>, Le Cerisier, Mons, 2010. Il est coauteur avec Damien Millet des livres\u00a0<i><a class=\"spip_in\" href=\"https:\/\/www.cadtm.org\/AAA-Audit-Annulation-Autre\">AAA, Audit, Annulation, Autre politique<\/a><\/i>, Le Seuil, Paris, 2012\u00a0;\u00a0<i><a class=\"spip_in\" href=\"https:\/\/www.cadtm.org\/La-Dette-ou-la-Vie\">La dette ou la vie<\/a><\/i>, Aden\/CADTM, Bruxelles, 2011. Ce dernier livre a re\u00e7u le\u00a0<a class=\"spip_in\" href=\"https:\/\/www.cadtm.org\/Le-CADTM-recoit-le-prix-du-livre-politique-2011-7238-7238-7238-7238-7238-7238-7238-7238-7238-7238-7238-7238-7238-7238-7238-7238-7238-7238-7238-7238-7238-7238-7238-7238-7238\">Prix du livre politique octroy\u00e9 par la Foire du livre politique de Li\u00e8ge<\/a>.<br class=\"autobr\" \/>Il a coordonn\u00e9 les travaux de la\u00a0<a class=\"spip_in\" href=\"https:\/\/www.cadtm.org\/4-avril-2015-Journee-historique-pour-la-recherche-de-la-verite-sur-la-dette\">Commission pour la V\u00e9rit\u00e9 sur la dette publique de la Gr\u00e8ce cr\u00e9\u00e9e le 4 avril 2015<\/a>\u00a0par la pr\u00e9sidente du Parlement grec. Cette commission a fonctionn\u00e9 sous les auspices du parlement entre avril et octobre 2015.<\/p>\n<\/div>\n","protected":false},"excerpt":{"rendered":"","protected":false},"author":1,"featured_media":1438,"comment_status":"open","ping_status":"open","sticky":false,"template":"","format":"standard","meta":{"footnotes":""},"categories":[1,21,539,36,7,18],"tags":[426,425,45,72],"class_list":["post-6179","post","type-post","status-publish","format-standard","has-post-thumbnail","hentry","category-non-classe","category-anti-imperialisme","category-belgique","category-europe","category-negrophobie","category-resistance-bruxelles","tag-cadtm","tag-eric-toussaint","tag-lumumba","tag-patrice-lumumba"],"_links":{"self":[{"href":"https:\/\/bruxelles-pantheres.be\/index.php?rest_route=\/wp\/v2\/posts\/6179","targetHints":{"allow":["GET"]}}],"collection":[{"href":"https:\/\/bruxelles-pantheres.be\/index.php?rest_route=\/wp\/v2\/posts"}],"about":[{"href":"https:\/\/bruxelles-pantheres.be\/index.php?rest_route=\/wp\/v2\/types\/post"}],"author":[{"embeddable":true,"href":"https:\/\/bruxelles-pantheres.be\/index.php?rest_route=\/wp\/v2\/users\/1"}],"replies":[{"embeddable":true,"href":"https:\/\/bruxelles-pantheres.be\/index.php?rest_route=%2Fwp%2Fv2%2Fcomments&post=6179"}],"version-history":[{"count":1,"href":"https:\/\/bruxelles-pantheres.be\/index.php?rest_route=\/wp\/v2\/posts\/6179\/revisions"}],"predecessor-version":[{"id":6180,"href":"https:\/\/bruxelles-pantheres.be\/index.php?rest_route=\/wp\/v2\/posts\/6179\/revisions\/6180"}],"wp:featuredmedia":[{"embeddable":true,"href":"https:\/\/bruxelles-pantheres.be\/index.php?rest_route=\/wp\/v2\/media\/1438"}],"wp:attachment":[{"href":"https:\/\/bruxelles-pantheres.be\/index.php?rest_route=%2Fwp%2Fv2%2Fmedia&parent=6179"}],"wp:term":[{"taxonomy":"category","embeddable":true,"href":"https:\/\/bruxelles-pantheres.be\/index.php?rest_route=%2Fwp%2Fv2%2Fcategories&post=6179"},{"taxonomy":"post_tag","embeddable":true,"href":"https:\/\/bruxelles-pantheres.be\/index.php?rest_route=%2Fwp%2Fv2%2Ftags&post=6179"}],"curies":[{"name":"wp","href":"https:\/\/api.w.org\/{rel}","templated":true}]}}