{"id":618,"date":"2013-01-16T18:30:26","date_gmt":"2013-01-16T17:30:26","guid":{"rendered":"https:\/\/bruxelles-pantheres.be\/?p=618"},"modified":"2013-11-10T18:36:29","modified_gmt":"2013-11-10T17:36:29","slug":"moad-14-ans-victime-dune-bavure-policiere-a-molenbeek","status":"publish","type":"post","link":"https:\/\/bruxelles-pantheres.be\/?p=618","title":{"rendered":"Moad 14 ans, victime d\u2019une bavure polici\u00e8re \u00e0 Molenbeek."},"content":{"rendered":"<p><strong>Vid\u00e9o t\u00e9moignage<br \/>\n<\/strong><\/p>\n<p><iframe src=\"\/\/www.youtube.com\/embed\/UgiBbVOW3Q0\" height=\"315\" width=\"420\" allowfullscreen=\"\" frameborder=\"0\"><\/iframe><\/p>\n<p><a href=\"http:\/\/issuu.com\/stop-repression.be\/docs\/lettre_moad?mode=window\">Voir la lettre de Moad <\/a><\/p>\n<p><img decoding=\"async\" class=\"aligncenter size-medium wp-image-5008\" alt=\"525475_363775340376467_2128487823_n\" src=\"http:\/\/www.egalite.be\/wp-content\/uploads\/2012\/12\/525475_363775340376467_2128487823_n-300x162.jpg\" width=\"300\" height=\"162\" \/><\/p>\n<address>\n<div class=\"gallery galleryid-5238 gallery-columns-3 gallery-size-thumbnail\" id=\"gallery-1\">\n<dl class=\"gallery-item\">\n<dt class=\"gallery-icon portrait\"><a href=\"http:\/\/www.egalite.be\/?attachment_id=5247\"><img decoding=\"async\" class=\"attachment-thumbnail alignright\" alt=\"248753_4203255642052_1831994716_n\" src=\"http:\/\/www.egalite.be\/wp-content\/uploads\/2013\/01\/248753_4203255642052_1831994716_n-150x150.jpg\" width=\"150\" height=\"150\" \/><\/a><\/dt>\n<\/dl>\n<dl class=\"gallery-item\">\n<dt class=\"gallery-icon portrait\"><a href=\"http:\/\/www.egalite.be\/?attachment_id=5248\"><img decoding=\"async\" class=\"attachment-thumbnail alignright\" alt=\"282872_4203256242067_431980071_n\" src=\"http:\/\/www.egalite.be\/wp-content\/uploads\/2013\/01\/282872_4203256242067_431980071_n-150x150.jpg\" width=\"150\" height=\"150\" \/><\/a><\/dt>\n<\/dl>\n<dl class=\"gallery-item\">\n<dt class=\"gallery-icon portrait\"><a href=\"http:\/\/www.egalite.be\/?attachment_id=5249\"><img decoding=\"async\" class=\"attachment-thumbnail alignright\" alt=\"603071_4203255002036_1411272275_n\" src=\"http:\/\/www.egalite.be\/wp-content\/uploads\/2013\/01\/603071_4203255002036_1411272275_n-150x150.jpg\" width=\"150\" height=\"150\" \/><\/a><\/dt>\n<\/dl>\n<dl class=\"gallery-item\">\n<dt class=\"gallery-icon portrait\"><\/dt>\n<\/dl>\n<dl class=\"gallery-item\">\n<dt class=\"gallery-icon portrait\"><\/dt>\n<\/dl>\n<\/div>\n<\/address>\n<p>&nbsp;<\/p>\n<p>&nbsp;<\/p>\n<address>\u00a0<\/address>\n<address>Bavure polici\u00e8re \u00e0 Molenbeek?<\/address>\n<p>&nbsp;<\/p>\n<p style=\"text-align: justify;\"><img decoding=\"async\" alt=\"Moad, victime d'une bavure polici\u00e8re? \" src=\"http:\/\/www.telebruxelles.net\/portail\/images\/stories\/bavure_130116.jpg\" align=\"left\" border=\"0\" \/>Moad, un\u00a0gar\u00e7on de 14 ans, aurait \u00e9t\u00e9 <strong>victime d\u2019une bavure polici\u00e8re<\/strong> \u00e0 Molenbeek, rapporte ce mercredi <em>La Capitale<\/em>. Il aurait \u00e9t\u00e9 arr\u00eat\u00e9 alors qu\u2019il se trouvait en rue pr\u00e8s de chez lui. Emmen\u00e9 au commissariat, il y aurait \u00e9t\u00e9 violemment\u00a0molest\u00e9\u00a0par\u00a0cinq policiers. Les parents de Moad ont d\u00e9pos\u00e9 <strong>plainte<\/strong>\u00a0au service interne de la zone. La famille s\u2019est constitu\u00e9e partie civile. De son c\u00f4t\u00e9, la police se d\u00e9fend de tout d\u00e9bordement. La\u00a0manifestation organis\u00e9e dimanche contre les violences polici\u00e8res, \u00e0 l\u2019appel des parents, a \u00e9t\u00e9 report\u00e9e, pour \u00e9viter toute r\u00e9cup\u00e9ration politique.<\/p>\n<p><strong>REPORTAGE-VIDEO<\/strong> de Marc Debont et Ana\u00efs Letiexhe \u2013 <strong>Intervenants<\/strong> :<\/p>\n<p>&#8211; Aicha Daoudi, maman de Moad<br \/>\n&#8211; Jawad Touile, papa de Moad<br \/>\n&#8211; Johan Berckmans, porte-parole zone de Police Ouest<br \/>\n<object width=\"625\" height=\"360\" classid=\"clsid:d27cdb6e-ae6d-11cf-96b8-444553540000\" codebase=\"http:\/\/download.macromedia.com\/pub\/shockwave\/cabs\/flash\/swflash.cab#version=6,0,40,0\"><param name=\"allowfullscreen\" value=\"true\" \/><param name=\"allowscriptaccess\" value=\"always\" \/><param name=\"flashvars\" value=\"baseJ=http:\/\/www.telebruxelles.net\/portail\/&amp;type=video&amp;video=http:\/\/video.telebruxelles.net\/20130116_BAVURE.mp4&amp;\" \/><param name=\"src\" value=\"http:\/\/www.telebruxelles.net\/portail\/index.php?option=com_webplayer&amp;view=player\" \/><embed width=\"625\" height=\"360\" type=\"application\/x-shockwave-flash\" src=\"http:\/\/www.telebruxelles.net\/portail\/index.php?option=com_webplayer&amp;view=player\" allowfullscreen=\"true\" allowscriptaccess=\"always\" flashvars=\"baseJ=http:\/\/www.telebruxelles.net\/portail\/&amp;type=video&amp;video=http:\/\/video.telebruxelles.net\/20130116_BAVURE.mp4&amp;\" \/><img decoding=\"async\" src=\"https:\/\/bruxelles-pantheres.be\/wp-includes\/js\/tinymce\/themes\/advanced\/img\/trans.gif\" class=\"mceItemMedia mceItemFlash\" width=\"625\" height=\"360\" data-mce-json=\"{'video':{},'params':{'allowfullscreen':'true','allowscriptaccess':'always','flashvars':'baseJ=http:\/\/www.telebruxelles.net\/portail\/&amp;type=video&amp;video=http:\/\/video.telebruxelles.net\/20130116_BAVURE.mp4&amp;','src':'http:\/\/www.telebruxelles.net\/portail\/index.php?option=com_webplayer&amp;view=player'},'name':null,'object_html':'&lt;video onclick=\\&quot;this.play();\\&quot; width=\\&quot;625\\&quot; height=\\&quot;360\\&quot; controls=\\&quot;controls\\&quot;&gt;&lt;source src=\\&quot;http:\/\/video.telebruxelles.net\/20130116_BAVURE.mp4\\&quot; \/&gt;&lt;\/video&gt;','hspace':null,'vspace':null,'align':null,'bgcolor':null}\"><\/img><\/object><\/p>\n<p><a href=\"http:\/\/www.telebruxelles.net\/portail\/info\/-communale-bruxelloise\/molenbeek\/23069-bavure-policiere-a-molenbeek\">Source<\/a><\/p>\n<p><em>We are all | Nous sommes tous | Wir sind alle | \u0646\u062d\u0646 \u062c\u0645\u064a\u0639\u0627<\/em><br \/>\n<em> Against injustice \u2013 Contre l \u2018injustice \u2013 Gegen Ungerechtigkeit \u2013 \u0636\u062f \u0627\u0644\u0638\u0644\u0645<\/em><\/p>\n<article>\n<header>\n<h3>Molenbeek: la manifestation de soutien \u00e0 Moad, brutalis\u00e9 par la police, est annul\u00e9e<\/h3>\n<p>R\u00e9daction en ligne<\/p>\n<div>\n<p style=\"text-align: justify;\">La famille du jeune Moad, 14 ans qui a \u00e9t\u00e9 brutalis\u00e9 par la police vendredi pass\u00e9 \u00e0 Molenbeek, renonce \u00e0 son appel \u00e0 manifester. Ce sitting de soutien au jeune gar\u00e7on, victime d\u2019une bavure de la police, aurait d\u00fb se tenir dimanche dans la commune. Mais apr\u00e8s r\u00e9flexion les parents pr\u00e9f\u00e8rent appeler au calme.<\/p>\n<\/div>\n<\/header>\n<div id=\"picture\">\n<div>\n<div>\n<div id=\"item643534\">\n<figure><img decoding=\"async\" title=\"&lt;br \/&gt;&lt;br \/&gt;&lt;br \/&gt;&lt;br \/&gt;&lt;br \/&gt; Le jeune Moad 14 ans.&lt;br \/&gt;&lt;br \/&gt;&lt;br \/&gt;&lt;br \/&gt;&lt;br \/&gt; \" alt=\"&lt;br \/&gt;&lt;br \/&gt;&lt;br \/&gt;&lt;br \/&gt;&lt;br \/&gt; Le jeune Moad 14 ans.&lt;br \/&gt;&lt;br \/&gt;&lt;br \/&gt;&lt;br \/&gt;&lt;br \/&gt; \" src=\"http:\/\/www.lacapitale.be\/sites\/default\/files\/imagecache\/pagallery_450x300\/8081433_B97107091Z.1_20130116190759_000_GJ0F9T8J.1-0.jpg\" width=\"450\" height=\"300\" \/><\/figure>\n<p>Le jeune Moad 14 ans.<\/p>\n<\/div>\n<\/div>\n<\/div>\n<\/div>\n<div id=\"body_text\">\n<p style=\"text-align: justify;\">Les proches de Moad renoncent finalement \u00e0 organiser une manifestation de soutien \u00e0 leur fils, victime d\u2019une bavure de la zone de police Ouest. Le jeune gar\u00e7on de 14 ans assure avoir re\u00e7u des coups des cinq agents de police vendredi pass\u00e9. Face aux d\u00e9bordements possibles qui auraient pu intervenir lors de ce sitting de dicmanche, les parents annoncent donc qu\u2019ils pr\u00e9f\u00e8rent ne pas appeler \u00e0 se rassembler. Il n\u2019est d\u2019ailleurs pas certain que la bourgmestre de Molenbeek Fran\u00e7oise Schepmans (MR), aurait autoris\u00e9 cette manifestation.<\/p>\n<p style=\"text-align: justify;\">Source<\/p>\n<p style=\"text-align: center;\"><a href=\"http:\/\/www.egalite.be\/?attachment_id=5251\" rel=\"attachment wp-att-5251\"><img decoding=\"async\" class=\"aligncenter  wp-image-5251\" alt=\"735067_372142779548584_89325439_n\" src=\"http:\/\/www.egalite.be\/wp-content\/uploads\/2013\/01\/735067_372142779548584_89325439_n.jpg\" width=\"576\" height=\"432\" \/><\/a><\/p>\n<p>&nbsp;<\/p>\n<\/div>\n<\/article>\n","protected":false},"excerpt":{"rendered":"<p>Vid\u00e9o t\u00e9moignage Voir la lettre de Moad &nbsp; &nbsp; \u00a0 Bavure polici\u00e8re \u00e0 Molenbeek? &nbsp; Moad, un\u00a0gar\u00e7on de 14 ans, aurait \u00e9t\u00e9 victime d\u2019une bavure polici\u00e8re \u00e0 Molenbeek, rapporte ce mercredi La Capitale. Il aurait \u00e9t\u00e9 arr\u00eat\u00e9 alors qu\u2019il se trouvait en rue pr\u00e8s de chez lui. Emmen\u00e9 au commissariat, il y aurait \u00e9t\u00e9 violemment\u00a0molest\u00e9\u00a0par\u00a0cinq &#8230; <a title=\"Moad 14 ans, victime d\u2019une bavure polici\u00e8re \u00e0 Molenbeek.\" class=\"read-more\" href=\"https:\/\/bruxelles-pantheres.be\/?p=618\" aria-label=\"En savoir plus sur Moad 14 ans, victime d\u2019une bavure polici\u00e8re \u00e0 Molenbeek.\">Lire la suite<\/a><\/p>\n","protected":false},"author":1,"featured_media":352,"comment_status":"open","ping_status":"open","sticky":false,"template":"","format":"standard","meta":{"footnotes":""},"categories":[18,28,17,5],"tags":[],"class_list":["post-618","post","type-post","status-publish","format-standard","has-post-thumbnail","hentry","category-resistance-bruxelles","category-racismes","category-video","category-violence-policiere"],"_links":{"self":[{"href":"https:\/\/bruxelles-pantheres.be\/index.php?rest_route=\/wp\/v2\/posts\/618","targetHints":{"allow":["GET"]}}],"collection":[{"href":"https:\/\/bruxelles-pantheres.be\/index.php?rest_route=\/wp\/v2\/posts"}],"about":[{"href":"https:\/\/bruxelles-pantheres.be\/index.php?rest_route=\/wp\/v2\/types\/post"}],"author":[{"embeddable":true,"href":"https:\/\/bruxelles-pantheres.be\/index.php?rest_route=\/wp\/v2\/users\/1"}],"replies":[{"embeddable":true,"href":"https:\/\/bruxelles-pantheres.be\/index.php?rest_route=%2Fwp%2Fv2%2Fcomments&post=618"}],"version-history":[{"count":1,"href":"https:\/\/bruxelles-pantheres.be\/index.php?rest_route=\/wp\/v2\/posts\/618\/revisions"}],"predecessor-version":[{"id":619,"href":"https:\/\/bruxelles-pantheres.be\/index.php?rest_route=\/wp\/v2\/posts\/618\/revisions\/619"}],"wp:featuredmedia":[{"embeddable":true,"href":"https:\/\/bruxelles-pantheres.be\/index.php?rest_route=\/wp\/v2\/media\/352"}],"wp:attachment":[{"href":"https:\/\/bruxelles-pantheres.be\/index.php?rest_route=%2Fwp%2Fv2%2Fmedia&parent=618"}],"wp:term":[{"taxonomy":"category","embeddable":true,"href":"https:\/\/bruxelles-pantheres.be\/index.php?rest_route=%2Fwp%2Fv2%2Fcategories&post=618"},{"taxonomy":"post_tag","embeddable":true,"href":"https:\/\/bruxelles-pantheres.be\/index.php?rest_route=%2Fwp%2Fv2%2Ftags&post=618"}],"curies":[{"name":"wp","href":"https:\/\/api.w.org\/{rel}","templated":true}]}}