{"id":6186,"date":"2025-02-20T19:36:32","date_gmt":"2025-02-20T18:36:32","guid":{"rendered":"https:\/\/bruxelles-pantheres.be\/?p=6186"},"modified":"2025-02-22T20:01:43","modified_gmt":"2025-02-22T19:01:43","slug":"communique-de-soutien-a-samidoun-et-au-collectif-palestine-vaincra-bruxelles-pantheres","status":"publish","type":"post","link":"https:\/\/bruxelles-pantheres.be\/?p=6186","title":{"rendered":"Communiqu\u00e9 de soutien \u00e0 Samidoun et au Collectif Palestine Vaincra \u2013 Bruxelles Panth\u00e8res"},"content":{"rendered":"<p>\u00c9crivez, interpellez tous les \u00e9lus de l&rsquo;opposition, les syndicats, les organisations de d\u00e9fense des droits humains et toutes les forces de gauche pour qu&rsquo;elles publient un communiqu\u00e9 de soutien et se mobilisent afin d&rsquo;\u00e9viter que ne se reproduise en Belgique ce qui se passe en France avec la dissolution du Collectif Palestine Vaincra.<\/p>\n<p><!--more--><\/p>\n<div class=\"x11i5rnm xat24cr x1mh8g0r x1vvkbs xtlvy1s x126k92a\">\n<div dir=\"auto\" style=\"text-align: center;\"><a href=\"https:\/\/bruxelles-pantheres.be\/wp-content\/uploads\/2013\/12\/samidoun.gif\"><img decoding=\"async\" class=\"alignnone size-medium wp-image-1679\" src=\"https:\/\/bruxelles-pantheres.be\/wp-content\/uploads\/2013\/12\/samidoun-260x300.gif\" alt=\"\" width=\"260\" height=\"300\" \/><\/a><\/div>\n<p dir=\"auto\" style=\"text-align: center;\"><strong>Communiqu\u00e9 de soutien \u00e0 Samidoun et au Collectif Palestine Vaincra \u2013 <span class=\"html-span xdj266r x11i5rnm xat24cr x1mh8g0r xexx8yu x4uap5 x18d9i69 xkhd6sd x1hl2dhg x16tdsg8 x1vvkbs\"><a class=\"x1i10hfl xjbqb8w x1ejq31n xd10rxx x1sy0etr x17r0tee x972fbf xcfux6l x1qhh985 xm0m39n x9f619 x1ypdohk xt0psk2 xe8uvvx xdj266r x11i5rnm xat24cr x1mh8g0r xexx8yu x4uap5 x18d9i69 xkhd6sd x16tdsg8 x1hl2dhg xggy1nq x1a2a7pz x1sur9pj xkrqix3 x1fey0fg x1s688f\" tabindex=\"0\" role=\"link\" href=\"https:\/\/www.facebook.com\/bruxellespantheres?__cft__[0]=AZXiUN8nS36NvDX_8XB0QZCMtQwt88em4aZHQO9O_ZXM755E4bofOriqs045H-Sp3FOUI2DQ7aWB1j-9UnVZhCqhE7OZrP5SbVmkz1zhEjBOGpraZFRBHjs68WCvxqRY_c18Li2Dwo0mpKDerVKpPZSwDog1QGnYwxDJH0QXvTUEl-rlGmck4XYtC1RXBmMIp4LzUXQsxIJ2S0ZCpjy_0U4Z28nIC2YfdZX2rc_YRrXd_A&amp;__tn__=-]K-R\"><span class=\"xt0psk2\"><span class=\"xjp7ctv\"><span aria-describedby=\":r88o:\">Bruxelles Panth\u00e8res<\/span><\/span><\/span><\/a><\/span><\/strong><\/p>\n<p dir=\"auto\">\n<\/div>\n<p dir=\"auto\">Apr\u00e8s trois ann\u00e9es de proc\u00e9dures politiques et judiciaires scandaleuses, le Conseil d\u2019\u00c9tat fran\u00e7ais a valid\u00e9 ce jeudi la dissolution du Collectif Palestine Vaincra, ent\u00e9rinant ainsi la volont\u00e9 du gouvernement fran\u00e7ais de criminaliser la solidarit\u00e9 avec la Palestine. Cette r\u00e9pression fait \u00e9cho aux attaques dont est victime le R\u00e9seau international de solidarit\u00e9 avec les prisonnier\u00b7es palestinien\u00b7nes Samidoun en Belgique, mentionn\u00e9 explicitement * dans l\u2019accord de coalition f\u00e9d\u00e9rale 2025-2029, qui pr\u00e9voit la mise en place d\u2019un cadre juridique pour interdire des organisations dites \u00ab radicales \u00bb comme Samidoun. Cet accord, r\u00e9dig\u00e9 sous l\u2019influence de campagnes de diffamation orchestr\u00e9es par des groupes li\u00e9s \u00e0 l\u2019extr\u00eame droite isra\u00e9lienne, r\u00e9v\u00e8le le m\u00e9pris total de nos gouvernements pour les droits fondamentaux et la cause palestinienne.<\/p>\n<p dir=\"auto\">\n<p dir=\"auto\">En France, ces attaques sont men\u00e9es tambour battant par des organisations proches de l\u2019extr\u00eame droite isra\u00e9lienne, aliment\u00e9es tant au niveau local que national, relay\u00e9es par un appareil m\u00e9diatique complice et des institutions pr\u00eates \u00e0 bafouer la libert\u00e9 d\u2019expression. En Belgique, cette r\u00e9pression est d\u2019autant plus inqui\u00e9tante qu\u2019elle r\u00e9pond aux pressions inacceptables exerc\u00e9es par l\u2019ambassade d\u2019Isra\u00ebl. Rappelons que cette ambassade repr\u00e9sente un gouvernement d\u2019extr\u00eame droite, raciste et fasciste, commet un g\u00e9nocide et l&rsquo;assume ouvertement. Ce gouvernement colonial ne se soucie gu\u00e8re des rapports accablants de la Cour p\u00e9nale internationale qui a, d\u00e8s 2024, alert\u00e9 sur le risque d\u2019un g\u00e9nocide en cours. Le gouvernement belge n\u2019a aucune le\u00e7on \u00e0 recevoir de Tel-Aviv, encore moins \u00e0 se plier au chantage \u00e9hont\u00e9 \u00e0 l\u2019antis\u00e9mitisme brandi pour \u00e9touffer toute critique l\u00e9gitime de l\u2019\u00c9tat d\u2019Isra\u00ebl et de son id\u00e9ologie sioniste, intrins\u00e8quement coloniale et raciste.<\/p>\n<p dir=\"auto\">\n<p dir=\"auto\">Le droit du peuple palestinien \u00e0 r\u00e9sister par tous les moyens n\u00e9cessaires face \u00e0 l\u2019occupation, la colonisation, l\u2019apartheid et le g\u00e9nocide est non seulement l\u00e9gitime mais sacr\u00e9. Refuser \u00e0 un peuple colonis\u00e9 le droit de se d\u00e9fendre, c\u2019est accepter la domination coloniale. La r\u00e9sistance palestinienne prend de multiples formes \u2014 arm\u00e9e, diplomatique, populaire, artistique, ou \u00e0 travers des r\u00e9seaux comme Samidoun \u2014 et notre devoir ici est de soutenir toutes ces formes de r\u00e9sistance sans condition. Il ne nous appartient pas de juger les moyens choisis par celles et ceux qui luttent pour leur survie et leur libert\u00e9. Bruxelles Panth\u00e8res rappelle qu\u2019en novembre 2023 d\u00e9j\u00e0, nous appelions \u00e0 faire de la revendication <span class=\"html-span xdj266r x11i5rnm xat24cr x1mh8g0r xexx8yu x4uap5 x18d9i69 xkhd6sd x1hl2dhg x16tdsg8 x1vvkbs\"><a class=\"x1i10hfl xjbqb8w x1ejq31n xd10rxx x1sy0etr x17r0tee x972fbf xcfux6l x1qhh985 xm0m39n x9f619 x1ypdohk xt0psk2 xe8uvvx xdj266r x11i5rnm xat24cr x1mh8g0r xexx8yu x4uap5 x18d9i69 xkhd6sd x16tdsg8 x1hl2dhg xggy1nq x1a2a7pz x1sur9pj xkrqix3 x1fey0fg x1s688f\" tabindex=\"0\" role=\"link\" href=\"https:\/\/www.facebook.com\/hashtag\/jesuissamidoun?__eep__=6&amp;__cft__[0]=AZXiUN8nS36NvDX_8XB0QZCMtQwt88em4aZHQO9O_ZXM755E4bofOriqs045H-Sp3FOUI2DQ7aWB1j-9UnVZhCqhE7OZrP5SbVmkz1zhEjBOGpraZFRBHjs68WCvxqRY_c18Li2Dwo0mpKDerVKpPZSwDog1QGnYwxDJH0QXvTUEl-rlGmck4XYtC1RXBmMIp4LzUXQsxIJ2S0ZCpjy_0U4Z28nIC2YfdZX2rc_YRrXd_A&amp;__tn__=*NK-R\">#JeSuisSamidoun<\/a><\/span> un cri de ralliement central lors des mobilisations \u00e0 Bruxelles. Aujourd\u2019hui plus que jamais, nous r\u00e9affirmons : Interdire Samidoun, c\u2019est nous interdire nous tous ! Car soutenir Samidoun, c\u2019est soutenir la libert\u00e9, la justice, et la lutte anticoloniale palestinienne.<\/p>\n<p dir=\"auto\">\n<p dir=\"auto\">La criminalisation de la solidarit\u00e9 palestinienne s\u2019inscrit dans une offensive plus large de r\u00e9pression des mouvements antiracistes, anti-imp\u00e9rialistes et d\u00e9coloniaux. Face \u00e0 l\u2019intensification de cette r\u00e9pression, notre r\u00e9ponse doit \u00eatre sans \u00e9quivoque : nous exigeons la dissolution du sionisme, id\u00e9ologie responsable de d\u00e9cennies de massacres, de d\u00e9placements forc\u00e9s, et d\u2019un r\u00e9gime d\u2019apartheid internationalement condamn\u00e9. Nous ne c\u00e9derons ni au chantage, ni aux intimidations. La solidarit\u00e9 n\u2019est pas un crime. La r\u00e9sistance palestinienne est un droit. Notre soutien est total, inconditionnel et ind\u00e9fectible.<\/p>\n<p dir=\"auto\">\n<p dir=\"auto\">Face \u00e0 un g\u00e9nocide soutenu par l\u2019inaction complice des \u00c9tats occidentaux, il est imp\u00e9ratif de construire une solidarit\u00e9 internationale anticoloniale, fond\u00e9e sur les principes de justice, de dignit\u00e9 et d\u2019autod\u00e9termination des peuples. Nous appelons toutes les organisations de d\u00e9fense des droits humains, tous les mandataires politiques de l\u2019opposition, tous les syndicats, collectifs, et individus \u00e9pris de justice \u00e0 se lever et \u00e0 crier d\u2019une seule voix : <span class=\"html-span xdj266r x11i5rnm xat24cr x1mh8g0r xexx8yu x4uap5 x18d9i69 xkhd6sd x1hl2dhg x16tdsg8 x1vvkbs\"><a class=\"x1i10hfl xjbqb8w x1ejq31n xd10rxx x1sy0etr x17r0tee x972fbf xcfux6l x1qhh985 xm0m39n x9f619 x1ypdohk xt0psk2 xe8uvvx xdj266r x11i5rnm xat24cr x1mh8g0r xexx8yu x4uap5 x18d9i69 xkhd6sd x16tdsg8 x1hl2dhg xggy1nq x1a2a7pz x1sur9pj xkrqix3 x1fey0fg x1s688f\" tabindex=\"0\" role=\"link\" href=\"https:\/\/www.facebook.com\/hashtag\/jesuissamidoun?__eep__=6&amp;__cft__[0]=AZXiUN8nS36NvDX_8XB0QZCMtQwt88em4aZHQO9O_ZXM755E4bofOriqs045H-Sp3FOUI2DQ7aWB1j-9UnVZhCqhE7OZrP5SbVmkz1zhEjBOGpraZFRBHjs68WCvxqRY_c18Li2Dwo0mpKDerVKpPZSwDog1QGnYwxDJH0QXvTUEl-rlGmck4XYtC1RXBmMIp4LzUXQsxIJ2S0ZCpjy_0U4Z28nIC2YfdZX2rc_YRrXd_A&amp;__tn__=*NK-R\">#JeSuisSamidoun<\/a><\/span> ! De la mer au Jourdain, la Palestine vaincra !<\/p>\n<p dir=\"auto\">\n<p dir=\"auto\">\n<div dir=\"auto\"><em>* \u00a0\u00bb Nous mettons en place un cadre juridique permettant, \u00e0 l\u2019instar de nos pays voisins, d\u2019interdire des organisations radicales dangereuses telles que Samidoun en raison de leurs liens avec le terrorisme ou pour la propagation de l\u2019antis\u00e9mitisme dans notre pays et ce, sur la base d\u2019informations d\u00e9j\u00e0 disponibles dans un contexte europ\u00e9en. \u00ab\u00a0<\/em><\/div>\n<p dir=\"auto\">\n<div dir=\"auto\">\u00c9crivez, interpellez tous les \u00e9lus de l&rsquo;opposition, les syndicats, les organisations de d\u00e9fense des droits humains et toutes les forces de gauche pour qu&rsquo;elles publient un communiqu\u00e9 de soutien et se mobilisent afin d&rsquo;\u00e9viter que ne se reproduise en Belgique ce qui se passe en France avec la dissolution du Collectif Palestine Vaincra.<\/div>\n<p dir=\"auto\">\n<p dir=\"auto\">\n<p dir=\"auto\"><strong>Objet : Appel \u00e0 s\u2019opposer \u00e0 la dissolution de Samidoun<\/strong><\/p>\n<p>Madame, Monsieur,<\/p>\n<p>&nbsp;<\/p>\n<p>Je me permets de vous \u00e9crire en tant que citoyen profond\u00e9ment pr\u00e9occup\u00e9 par les \u00e9volutions r\u00e9centes en France et en Belgique concernant la r\u00e9pression de la solidarit\u00e9 avec le peuple palestinien, et en particulier \u00e0 propos de la dissolution du Collectif Palestine Vaincra en France. Cette d\u00e9cision constitue une atteinte manifeste \u00e0 la libert\u00e9 d&rsquo;expression et un signal inqui\u00e9tant pour la d\u00e9fense des droits fondamentaux.<\/p>\n<p>&nbsp;<\/p>\n<p>Le Conseil d&rsquo;\u00c9tat fran\u00e7ais a valid\u00e9, ce jeudi, la dissolution de cette organisation, qui fait partie d&rsquo;un mouvement international de solidarit\u00e9 avec la Palestine. Cette r\u00e9pression n\u2019est pas isol\u00e9e, elle trouve un \u00e9cho direct dans la Belgique, o\u00f9 des pressions similaires sont exerc\u00e9es par des groupes proches de l\u2019extr\u00eame droite isra\u00e9lienne. Plus alarmant encore, un passage de l\u2019accord de coalition f\u00e9d\u00e9rale 2025-2029 mentionne la volont\u00e9 de mettre en place un cadre juridique permettant l&rsquo;interdiction de telles organisations, sous pr\u00e9texte de liens avec le terrorisme et l&rsquo;antis\u00e9mitisme. Ces mesures sont une r\u00e9ponse directe \u00e0 des campagnes de diffamation men\u00e9es par des groupes extr\u00e9mistes, et un affront aux principes de justice et de libert\u00e9.<\/p>\n<p>&nbsp;<\/p>\n<p>Ce que nous vivons actuellement en Belgique est une tentative d\u2019\u00e9touffer toute forme de solidarit\u00e9 avec la Palestine et de criminaliser ceux qui luttent pour les droits humains. Les pressions exerc\u00e9es par l\u2019ambassade d&rsquo;Isra\u00ebl, repr\u00e9sentant un gouvernement dont les actions sont qualifi\u00e9es de g\u00e9nocide par la Cour P\u00e9nale Internationale, ne doivent pas avoir de prise sur nos politiques. Il est essentiel de rappeler que soutenir Samidoun et les autres organisations de solidarit\u00e9 palestinienne, c&rsquo;est soutenir la libert\u00e9, la justice et la lutte contre le colonialisme. La r\u00e9sistance palestinienne, dans toutes ses formes, est l\u00e9gitime et sacr\u00e9e.<\/p>\n<p>&nbsp;<\/p>\n<p>Je vous appelle, ainsi que toutes les forces politiques de gauche, les syndicats et les organisations de d\u00e9fense des droits humains, \u00e0 publier un communiqu\u00e9 de soutien sans \u00e9quivoque \u00e0 Samidoun. Nous devons ensemble exiger que de telles r\u00e9pressions ne se reproduisent pas en Belgique. Il en va de notre droit \u00e0 la solidarit\u00e9 internationale, de notre droit \u00e0 la r\u00e9sistance, et de notre devoir d\u2019agir face \u00e0 l\u2019oppression et \u00e0 l&rsquo;injustice.<\/p>\n<p>&nbsp;<\/p>\n<p>Il est imp\u00e9ratif que nous nous unissions pour emp\u00eacher cette d\u00e9rive autoritaire. La criminalisation de la solidarit\u00e9 palestinienne fait partie d&rsquo;une offensive plus large qui vise \u00e0 \u00e9touffer toute r\u00e9sistance aux logiques imp\u00e9rialistes et coloniales. Ensemble, \u00e9levons nos voix pour dire clairement : #JeSuisSamidoun et la Palestine vaincra !<\/p>\n<p>&nbsp;<\/p>\n<p>Dans l\u2019attente de votre engagement et de votre soutien,<\/p>\n<p>&nbsp;<\/p>\n<p>Je vous prie d\u2019agr\u00e9er, Madame, Monsieur, l\u2019expression de mes salutations distingu\u00e9es.<\/p>\n<p>&nbsp;<\/p>\n<p class=\"entry-title\"><a href=\"https:\/\/bruxelles-pantheres.be\/?p=6024\" rel=\"bookmark\">Qu\u2019est-ce que Samidoun et que d\u00e9fend l\u2019organisation ?\u00a0Jacobin s\u2019est entretenu avec son coordinateur europ\u00e9en, Mohammed Khatib.<\/a><\/p>\n<p class=\"entry-title\"><a href=\"https:\/\/bruxelles-pantheres.be\/?p=6107\" rel=\"bookmark\">Gaza : La r\u00e9sistance vit, les portes de la prison s\u2019ouvrent \u2013 Sur la voie de la lib\u00e9ration et du retour<\/a><\/p>\n<p>&nbsp;<\/p>\n<div>\n<p dir=\"auto\"><a class=\"x1i10hfl xjbqb8w x1ejq31n xd10rxx x1sy0etr x17r0tee x972fbf xcfux6l x1qhh985 xm0m39n x9f619 x1ypdohk xt0psk2 xe8uvvx xdj266r x11i5rnm xat24cr x1mh8g0r xexx8yu x4uap5 x18d9i69 xkhd6sd x16tdsg8 x1hl2dhg xggy1nq x1a2a7pz _a6hd\" tabindex=\"0\" role=\"link\" href=\"https:\/\/www.instagram.com\/bruxellespantheres\/p\/C50Unv3N4A-\/\"><span class=\"x1lliihq x1plvlek xryxfnj x1n2onr6 x1ji0vk5 x18bv5gf x193iq5w xeuugli x1fj9vlw x13faqbe x1vvkbs x1s928wv xhkezso x1gmr53x x1cpjm7i x1fgarty x1943h6x x1i0vuye x1fhwpqd xo1l8bm x1roi4f4 x1s3etm8 x676frb x10wh9bi x1wdrske x8viiok x18hxmgj\" dir=\"auto\"><time class=\"x1p4m5qa\" title=\"16 avril 2024\" datetime=\"2024-04-16T09:35:38.000Z\">16 avril 2024<\/time><\/span><\/a><\/p>\n<p dir=\"auto\" style=\"text-align: center;\"><strong><span class=\"il\">Communiqu\u00e9<\/span>\u00a0de soutien \u00e0 Mohammed Khatib et \u00e0 l&rsquo;organisation\u00a0<span class=\"il\">Samidoun<\/span><\/strong><\/p>\n<p dir=\"auto\">\n<\/div>\n<div dir=\"auto\">En ces temps sombres de propagande sioniste et d&rsquo;imp\u00e9rialisme d\u00e9vastateur, nous affirmons notre soutien ind\u00e9fectible \u00e0 notre fr\u00e8re Mohammed Khatib et \u00e0 l&rsquo;organisation\u00a0<a role=\"link\" href=\"https:\/\/www.facebook.com\/hashtag\/samidoun?__eep__=6&amp;__cft__[0]=AZXn27veQNwbZcpFuGa5Wfduu3rE9hcM3dbs1HE9fHn0MvIopggzbBiyYxx1hYGnS1U33AB00f_iP4npXYd6OiwgIwKrROOqQe6pFWYxJb0esmNPJONZ3x8oEfJItVLz7gKWfAU3F5LFpDf4G7iidewrh05qtoNyMK3yQMtZ5gmVJRlb17WS_YuKCKPnXoOZj5k&amp;__tn__=*NK-R\" target=\"_blank\" rel=\"noopener\" data-saferedirecturl=\"https:\/\/www.google.com\/url?q=https:\/\/www.facebook.com\/hashtag\/samidoun?__eep__%3D6%26__cft__%5B0%5D%3DAZXn27veQNwbZcpFuGa5Wfduu3rE9hcM3dbs1HE9fHn0MvIopggzbBiyYxx1hYGnS1U33AB00f_iP4npXYd6OiwgIwKrROOqQe6pFWYxJb0esmNPJONZ3x8oEfJItVLz7gKWfAU3F5LFpDf4G7iidewrh05qtoNyMK3yQMtZ5gmVJRlb17WS_YuKCKPnXoOZj5k%26__tn__%3D*NK-R&amp;source=gmail&amp;ust=1740336448233000&amp;usg=AOvVaw0HZc9-Nm98OCZJAHyK1auh\">#<span class=\"il\">Samidoun<\/span><\/a>.<\/div>\n<div dir=\"auto\"><\/div>\n<div dir=\"auto\"><\/div>\n<div dir=\"auto\">Mohammed Khatib, combattant in\u00e9branlable pour la lib\u00e9ration de la Palestine, incarne la r\u00e9sistance contre l&rsquo;occupation brutale et l&rsquo;apartheid impos\u00e9 par l&rsquo;\u00c9tat sioniste. Son engagement in\u00e9branlable envers la justice et la libert\u00e9 des\u00a0Palestiniens est une inspiration pour nous tous ceux qui luttons contre l&rsquo;oppression.<\/div>\n<div dir=\"auto\"><span class=\"il\">Samidoun<\/span>, une voix de la r\u00e9sistance palestinienne, est la cible de la r\u00e9pression et de la diffamation de la part des puissances imp\u00e9rialistes et de leurs alli\u00e9s sionistes. Malgr\u00e9 les tentatives de silence,\u00a0<span class=\"il\">Samidoun<\/span>\u00a0continue de d\u00e9fendre les droits des Palestiniens et de d\u00e9noncer les crimes de l&rsquo;occupation isra\u00e9lienne.<\/div>\n<div dir=\"auto\"><\/div>\n<div dir=\"auto\"><\/div>\n<div dir=\"auto\">Nous\u00a0<a role=\"link\" href=\"https:\/\/www.facebook.com\/bruxellespantheres?__cft__[0]=AZXn27veQNwbZcpFuGa5Wfduu3rE9hcM3dbs1HE9fHn0MvIopggzbBiyYxx1hYGnS1U33AB00f_iP4npXYd6OiwgIwKrROOqQe6pFWYxJb0esmNPJONZ3x8oEfJItVLz7gKWfAU3F5LFpDf4G7iidewrh05qtoNyMK3yQMtZ5gmVJRlb17WS_YuKCKPnXoOZj5k&amp;__tn__=-]K-R\" target=\"_blank\" rel=\"noopener\" data-saferedirecturl=\"https:\/\/www.google.com\/url?q=https:\/\/www.facebook.com\/bruxellespantheres?__cft__%5B0%5D%3DAZXn27veQNwbZcpFuGa5Wfduu3rE9hcM3dbs1HE9fHn0MvIopggzbBiyYxx1hYGnS1U33AB00f_iP4npXYd6OiwgIwKrROOqQe6pFWYxJb0esmNPJONZ3x8oEfJItVLz7gKWfAU3F5LFpDf4G7iidewrh05qtoNyMK3yQMtZ5gmVJRlb17WS_YuKCKPnXoOZj5k%26__tn__%3D-%5DK-R&amp;source=gmail&amp;ust=1740336448233000&amp;usg=AOvVaw3rUUNYLH0y68cvFNf-S_E9\">Bruxelles Panth\u00e8res<\/a>, soussign\u00e9s, exprimons notre profonde pr\u00e9occupation face \u00e0 la d\u00e9cision du secr\u00e9taire d&rsquo;\u00c9tat De Moor de demander l&rsquo;expulsion de notre fr\u00e8re palestinien Mohammed Khatib, ainsi que le retrait de la reconnaissance de r\u00e9fugi\u00e9 pour lui et l&rsquo;organisation\u00a0<span class=\"il\">Samidoun<\/span>. Cette d\u00e9cision, bas\u00e9e sur des all\u00e9gations de radicalisme et de pr\u00e9dication de haine, est non seulement infond\u00e9e mais aussi profond\u00e9ment raciste dans\u00a0<span class=\"il\">sa<\/span>\u00a0nature discriminatoire et oppressante.<\/div>\n<div dir=\"auto\">Mohammed Khatib est un d\u00e9fenseur des droits de l&rsquo;homme et un fervent militant pour la libert\u00e9 et la justice en Palestine. En tant que leader de\u00a0<span class=\"il\">Samidoun<\/span>, une organisation d\u00e9di\u00e9e \u00e0 la solidarit\u00e9 avec les prisonniers palestiniens, son travail est essentiel pour sensibiliser aux injustices subies par les Palestiniens sous occupation et pour plaider en faveur de leur lib\u00e9ration.<\/div>\n<div dir=\"auto\"><\/div>\n<div dir=\"auto\"><\/div>\n<div dir=\"auto\">Il est inacceptable que des accusations infond\u00e9es de \u00ab\u00a0pr\u00e9dicateur de haine\u00a0\u00bb soient utilis\u00e9es pour justifier l&rsquo;expulsion de personnes engag\u00e9es dans des luttes l\u00e9gitimes pour la justice sociale et politique. Cette tentative de r\u00e9duire au silence la voix de Mohammed Khatib et de criminaliser son activisme est une attaque flagrante contre les droits des palestiniens.<\/div>\n<div dir=\"auto\"><\/div>\n<div dir=\"auto\"><\/div>\n<div dir=\"auto\">De plus, la d\u00e9cision de De Moor de renforcer les pouvoirs de l&rsquo;Office des \u00e9trangers pour retirer sans limite le statut de protection internationale est extr\u00eamement pr\u00e9occupante. Cela ouvre la porte \u00e0 des abus de pouvoir et \u00e0 des violations des droits des r\u00e9fugi\u00e9s et des demandeurs d&rsquo;asile, sapant ainsi les principes humanitaires fondamentaux auxquels la Belgique est cens\u00e9e adh\u00e9rer.<\/div>\n<div dir=\"auto\"><\/div>\n<div dir=\"auto\"><\/div>\n<div dir=\"auto\">Nous exhortons le Commissariat g\u00e9n\u00e9ral aux r\u00e9fugi\u00e9s et aux apatrides (CGRA) \u00e0 rejeter cette demande d&rsquo;expulsion et \u00e0 r\u00e9affirmer l&rsquo;engagement de la Belgique envers les principes de justice, de solidarit\u00e9 et de respect des droits de l&rsquo;homme. Nous demandons \u00e9galement \u00e0 tous les militants de la cause palestinienne de se tenir aux c\u00f4t\u00e9s de Mohammed Khatib, de\u00a0<span class=\"il\">Samidoun<\/span>\u00a0et de tous ceux qui luttent pour la libert\u00e9 et la dignit\u00e9 \u00e0 travers le monde.<\/div>\n<div dir=\"auto\"><\/div>\n<div dir=\"auto\"><\/div>\n<div dir=\"auto\">Il est essentiel de reconna\u00eetre que la Palestine est le th\u00e9\u00e2tre d&rsquo;un g\u00e9nocide perp\u00e9tr\u00e9 par l&rsquo;\u00c9tat d&rsquo;Isra\u00ebl avec le soutien complice de l&rsquo;imp\u00e9rialisme occidental. Les Palestiniens sont confront\u00e9s \u00e0 une violence syst\u00e9mique, \u00e0 une discrimination raciale et \u00e0 une d\u00e9possession de leurs terres depuis des d\u00e9cennies.<\/div>\n<div dir=\"auto\">Nous condamnons fermement les tentatives de discr\u00e9diter Mohammed Khatib et\u00a0<span class=\"il\">Samidoun<\/span>\u00a0en les qualifiant d&rsquo;extr\u00e9mistes ou d&rsquo;antis\u00e9mites. Ces accusations visent \u00e0 d\u00e9tourner l&rsquo;attention des crimes de guerre et du g\u00e9nocide en cours \u00e0 Gaza commis par l&rsquo;\u00c9tat d&rsquo;Isra\u00ebl et \u00e0 criminaliser la solidarit\u00e9 avec le peuple palestinien.<\/div>\n<div dir=\"auto\"><\/div>\n<div dir=\"auto\"><\/div>\n<div dir=\"auto\">Ensemble, nous devons \u0153uvrer pour mettre fin \u00e0 l&rsquo;occupation isra\u00e9lienne, qui constitue une violation flagrante du droit international et des droits de l&rsquo;homme. Nous devons exiger la fin imm\u00e9diate de la colonisation, le d\u00e9mant\u00e8lement de l&rsquo;Etat ill\u00e9gales d&rsquo;Isra\u00ebl comme Etat Nation et le respect des droits fondamentaux des Palestiniens \u00e0 vivre en paix et en s\u00e9curit\u00e9 sur leur propre terre.<\/div>\n<p dir=\"auto\">\n<p dir=\"auto\">\n<div dir=\"auto\">Nous devons \u00e9galement soutenir le droit inali\u00e9nable des r\u00e9fugi\u00e9s palestiniens de retourner dans leurs foyers d&rsquo;origine, conform\u00e9ment \u00e0 la r\u00e9solution 194 de l&rsquo;ONU. Des millions de Palestiniens ont \u00e9t\u00e9 d\u00e9plac\u00e9s de force de leurs terres pendant la Nakba de 1948, et il est temps que justice leur soit rendue.<\/div>\n<div dir=\"auto\">En solidarit\u00e9 avec\u00a0<span class=\"il\">Samidoun<\/span>\u00a0et Mohammed Khatib, nous appelons \u00e0 des actions concr\u00e8tes pour faire pression sur les gouvernements et les institutions internationales afin qu&rsquo;ils mettent fin \u00e0 leur complicit\u00e9 avec l&rsquo;occupation isra\u00e9lienne. Nous devons boycotter les entreprises qui profitent et soutienne l&rsquo;occupation, exiger des sanctions contre Isra\u00ebl et soutenir les campagnes de solidarit\u00e9 avec le peuple palestinien.<\/div>\n<div dir=\"auto\"><\/div>\n<div dir=\"auto\"><\/div>\n<div dir=\"auto\">Soutien Absolu \u00e0\u00a0<a role=\"link\" href=\"https:\/\/www.facebook.com\/mohammed.khatib.927?__cft__[0]=AZXn27veQNwbZcpFuGa5Wfduu3rE9hcM3dbs1HE9fHn0MvIopggzbBiyYxx1hYGnS1U33AB00f_iP4npXYd6OiwgIwKrROOqQe6pFWYxJb0esmNPJONZ3x8oEfJItVLz7gKWfAU3F5LFpDf4G7iidewrh05qtoNyMK3yQMtZ5gmVJRlb17WS_YuKCKPnXoOZj5k&amp;__tn__=-]K-R\" target=\"_blank\" rel=\"noopener\" data-saferedirecturl=\"https:\/\/www.google.com\/url?q=https:\/\/www.facebook.com\/mohammed.khatib.927?__cft__%5B0%5D%3DAZXn27veQNwbZcpFuGa5Wfduu3rE9hcM3dbs1HE9fHn0MvIopggzbBiyYxx1hYGnS1U33AB00f_iP4npXYd6OiwgIwKrROOqQe6pFWYxJb0esmNPJONZ3x8oEfJItVLz7gKWfAU3F5LFpDf4G7iidewrh05qtoNyMK3yQMtZ5gmVJRlb17WS_YuKCKPnXoOZj5k%26__tn__%3D-%5DK-R&amp;source=gmail&amp;ust=1740336448233000&amp;usg=AOvVaw2h1hj6I3p9iPIntja1Hfz0\">Mohammed Khatib<\/a>\u00a0et \u00e0\u00a0<a role=\"link\" href=\"https:\/\/www.facebook.com\/samidounbrussels?__cft__[0]=AZXn27veQNwbZcpFuGa5Wfduu3rE9hcM3dbs1HE9fHn0MvIopggzbBiyYxx1hYGnS1U33AB00f_iP4npXYd6OiwgIwKrROOqQe6pFWYxJb0esmNPJONZ3x8oEfJItVLz7gKWfAU3F5LFpDf4G7iidewrh05qtoNyMK3yQMtZ5gmVJRlb17WS_YuKCKPnXoOZj5k&amp;__tn__=-]K-R\" target=\"_blank\" rel=\"noopener\" data-saferedirecturl=\"https:\/\/www.google.com\/url?q=https:\/\/www.facebook.com\/samidounbrussels?__cft__%5B0%5D%3DAZXn27veQNwbZcpFuGa5Wfduu3rE9hcM3dbs1HE9fHn0MvIopggzbBiyYxx1hYGnS1U33AB00f_iP4npXYd6OiwgIwKrROOqQe6pFWYxJb0esmNPJONZ3x8oEfJItVLz7gKWfAU3F5LFpDf4G7iidewrh05qtoNyMK3yQMtZ5gmVJRlb17WS_YuKCKPnXoOZj5k%26__tn__%3D-%5DK-R&amp;source=gmail&amp;ust=1740336448233000&amp;usg=AOvVaw3SUk-ILGjAjUTnWmRhPit6\">samidounbrussels<\/a><\/div>\n<p>&nbsp;<\/p>\n<p dir=\"auto\">\n<div dir=\"auto\">\n<p dir=\"auto\" style=\"text-align: left;\"><a class=\"x1i10hfl xjbqb8w x1ejq31n xd10rxx x1sy0etr x17r0tee x972fbf xcfux6l x1qhh985 xm0m39n x9f619 x1ypdohk xt0psk2 xe8uvvx xdj266r x11i5rnm xat24cr x1mh8g0r xexx8yu x4uap5 x18d9i69 xkhd6sd x16tdsg8 x1hl2dhg xggy1nq x1a2a7pz _a6hd\" tabindex=\"0\" role=\"link\" href=\"https:\/\/www.instagram.com\/bruxellespantheres\/p\/C50Unv3N4A-\/\"><span class=\"x1lliihq x1plvlek xryxfnj x1n2onr6 x1ji0vk5 x18bv5gf x193iq5w xeuugli x1fj9vlw x13faqbe x1vvkbs x1s928wv xhkezso x1gmr53x x1cpjm7i x1fgarty x1943h6x x1i0vuye x1fhwpqd xo1l8bm x1roi4f4 x1s3etm8 x676frb x10wh9bi x1wdrske x8viiok x18hxmgj\" dir=\"auto\"><time class=\"x1p4m5qa\" title=\"16 avril 2024\" datetime=\"2024-04-16T09:35:38.000Z\">16 avril 2024<\/time><\/span><\/a><\/p>\n<div dir=\"auto\" style=\"text-align: center;\"><strong>Statement of Support for Mohammed Khatib and\u00a0<span class=\"il\">Samidoun<\/span><\/strong><\/div>\n<div dir=\"auto\"><\/div>\n<div dir=\"auto\"><\/div>\n<div dir=\"auto\">In these dark times of Zionist propaganda and devastating imperialism, we reaffirm our unwavering support for our brother Mohammed Khatib and the organization\u00a0<a role=\"link\" href=\"https:\/\/www.facebook.com\/hashtag\/samidoun?__eep__=6&amp;__cft__[0]=AZXn27veQNwbZcpFuGa5Wfduu3rE9hcM3dbs1HE9fHn0MvIopggzbBiyYxx1hYGnS1U33AB00f_iP4npXYd6OiwgIwKrROOqQe6pFWYxJb0esmNPJONZ3x8oEfJItVLz7gKWfAU3F5LFpDf4G7iidewrh05qtoNyMK3yQMtZ5gmVJRlb17WS_YuKCKPnXoOZj5k&amp;__tn__=*NK-R\" target=\"_blank\" rel=\"noopener\" data-saferedirecturl=\"https:\/\/www.google.com\/url?q=https:\/\/www.facebook.com\/hashtag\/samidoun?__eep__%3D6%26__cft__%5B0%5D%3DAZXn27veQNwbZcpFuGa5Wfduu3rE9hcM3dbs1HE9fHn0MvIopggzbBiyYxx1hYGnS1U33AB00f_iP4npXYd6OiwgIwKrROOqQe6pFWYxJb0esmNPJONZ3x8oEfJItVLz7gKWfAU3F5LFpDf4G7iidewrh05qtoNyMK3yQMtZ5gmVJRlb17WS_YuKCKPnXoOZj5k%26__tn__%3D*NK-R&amp;source=gmail&amp;ust=1740336448233000&amp;usg=AOvVaw0HZc9-Nm98OCZJAHyK1auh\">#<span class=\"il\">Samidoun<\/span><\/a>.<\/div>\n<div dir=\"auto\"><\/div>\n<div dir=\"auto\"><\/div>\n<div dir=\"auto\">Mohammed Khatib, a steadfast fighter for the liberation of Palestine, embodies resistance against the brutal occupation and apartheid imposed by the Zionist state. His unwavering commitment to justice and freedom for Palestinians is an inspiration to all of us who fight against oppression.<\/div>\n<div dir=\"auto\"><span class=\"il\">Samidoun<\/span>, a voice of Palestinian resistance, is targeted by repression and defamation from imperialist powers and their Zionist allies. Despite attempts to silence it,\u00a0<span class=\"il\">Samidoun<\/span>\u00a0continues to advocate for Palestinian rights and denounce the crimes of the Israeli occupation.<\/div>\n<div dir=\"auto\"><\/div>\n<div dir=\"auto\"><\/div>\n<div dir=\"auto\">We, the undersigned Brussels Panthers, express our deep concern over Secretary of State De Moor&rsquo;s decision to seek the expulsion of our Palestinian brother Mohammed Khatib, as well as the withdrawal of refugee recognition for him and the organization\u00a0<span class=\"il\">Samidoun<\/span>. This decision, based on allegations of radicalism and hate preaching, is not only unfounded but also deeply racist in its discriminatory and oppressive nature.<\/div>\n<div dir=\"auto\"><\/div>\n<div dir=\"auto\"><\/div>\n<div dir=\"auto\">Mohammed Khatib is a human rights defender and a fervent advocate for freedom and justice in Palestine. As the leader of\u00a0<span class=\"il\">Samidoun<\/span>, an organization dedicated to solidarity with Palestinian prisoners, his work is essential in raising awareness about the injustices faced by Palestinians under occupation and advocating for their liberation.<\/div>\n<div dir=\"auto\"><\/div>\n<div dir=\"auto\"><\/div>\n<div dir=\"auto\">It is unacceptable that unfounded accusations of \u00ab\u00a0hate preacher\u00a0\u00bb are used to justify the expulsion of individuals engaged in legitimate struggles for social and political justice. This attempt to silence Mohammed Khatib&rsquo;s voice and criminalize his activism is a blatant attack on Palestinian rights.<\/div>\n<div dir=\"auto\">Furthermore, De Moor&rsquo;s decision to strengthen the powers of the Office of Foreigners to withdraw international protection status without limit is extremely concerning. This opens the door to abuses of power and violations of the rights of refugees and asylum seekers, undermining the fundamental humanitarian principles that Belgium is supposed to adhere to.<\/div>\n<div dir=\"auto\"><\/div>\n<div dir=\"auto\"><\/div>\n<div dir=\"auto\">We urge the Commissioner General for Refugees and Stateless Persons (CGRA) to reject this expulsion request and reaffirm Belgium&rsquo;s commitment to the principles of justice, solidarity, and respect for human rights. We also call on all advocates for the Palestinian cause to stand in solidarity with Mohammed Khatib,\u00a0<span class=\"il\">Samidoun<\/span>, and all those fighting for freedom and dignity worldwide.<\/div>\n<div dir=\"auto\"><\/div>\n<div dir=\"auto\"><\/div>\n<div dir=\"auto\">It is essential to recognize that Palestine is the scene of a genocide perpetrated by the state of Israel with the complicit support of Western imperialism. Palestinians face systemic violence, racial discrimination, and dispossession of their lands for decades.<\/div>\n<div dir=\"auto\"><\/div>\n<div dir=\"auto\"><\/div>\n<div dir=\"auto\">We strongly condemn attempts to discredit Mohammed Khatib and\u00a0<span class=\"il\">Samidoun<\/span>\u00a0by labeling them as extremists or anti-Semites. These accusations aim to divert attention from the ongoing war crimes and genocide in Gaza committed by the state of Israel and to criminalize solidarity with the Palestinian people.<\/div>\n<div dir=\"auto\">Together, we must work to end the Israeli occupation, which constitutes a flagrant violation of international law and human rights. We must demand the immediate end of colonization, the dismantling of Israel&rsquo;s illegal settlements as a Nation State, and respect for the fundamental rights of Palestinians to live in peace and security on their own land.<\/div>\n<div dir=\"auto\"><\/div>\n<div dir=\"auto\"><\/div>\n<div dir=\"auto\">We must also support the inalienable right of Palestinian refugees to return to their original homes, in accordance with UN Resolution 194. Millions of Palestinians were forcibly displaced from their lands during the Nakba of 1948, and it is time for justice to be served.<\/div>\n<div dir=\"auto\"><\/div>\n<div dir=\"auto\"><\/div>\n<div dir=\"auto\">In solidarity with\u00a0<span class=\"il\">Samidoun<\/span>\u00a0and Mohammed Khatib, we call for concrete actions to pressure governments and international institutions to end their complicity with the Israeli occupation. We must boycott companies that profit from and support the occupation, demand sanctions against Israel, and support campaigns of solidarity with the Palestinian people.<\/div>\n<div dir=\"auto\"><\/div>\n<div dir=\"auto\"><\/div>\n<div>\n<p dir=\"auto\">Absolute support for Mohammed Khatib and\u00a0<span class=\"il\">Samidoun<\/span>\u00a0Brussels.<\/p>\n<\/div>\n<\/div>\n","protected":false},"excerpt":{"rendered":"<p>\u00c9crivez, interpellez tous les \u00e9lus de l&rsquo;opposition, les syndicats, les organisations de d\u00e9fense des droits humains et toutes les forces de gauche pour qu&rsquo;elles publient un communiqu\u00e9 de soutien et se mobilisent afin d&rsquo;\u00e9viter que ne se reproduise en Belgique ce qui se passe en France avec la dissolution du Collectif Palestine Vaincra.<\/p>\n","protected":false},"author":1,"featured_media":6025,"comment_status":"open","ping_status":"open","sticky":false,"template":"","format":"standard","meta":{"footnotes":""},"categories":[21,539,36,4,6,18,28],"tags":[566],"class_list":["post-6186","post","type-post","status-publish","format-standard","has-post-thumbnail","hentry","category-anti-imperialisme","category-belgique","category-europe","category-islamophobie","category-palestine-moyen-orient","category-resistance-bruxelles","category-racismes","tag-samidoun"],"_links":{"self":[{"href":"https:\/\/bruxelles-pantheres.be\/index.php?rest_route=\/wp\/v2\/posts\/6186","targetHints":{"allow":["GET"]}}],"collection":[{"href":"https:\/\/bruxelles-pantheres.be\/index.php?rest_route=\/wp\/v2\/posts"}],"about":[{"href":"https:\/\/bruxelles-pantheres.be\/index.php?rest_route=\/wp\/v2\/types\/post"}],"author":[{"embeddable":true,"href":"https:\/\/bruxelles-pantheres.be\/index.php?rest_route=\/wp\/v2\/users\/1"}],"replies":[{"embeddable":true,"href":"https:\/\/bruxelles-pantheres.be\/index.php?rest_route=%2Fwp%2Fv2%2Fcomments&post=6186"}],"version-history":[{"count":8,"href":"https:\/\/bruxelles-pantheres.be\/index.php?rest_route=\/wp\/v2\/posts\/6186\/revisions"}],"predecessor-version":[{"id":6194,"href":"https:\/\/bruxelles-pantheres.be\/index.php?rest_route=\/wp\/v2\/posts\/6186\/revisions\/6194"}],"wp:featuredmedia":[{"embeddable":true,"href":"https:\/\/bruxelles-pantheres.be\/index.php?rest_route=\/wp\/v2\/media\/6025"}],"wp:attachment":[{"href":"https:\/\/bruxelles-pantheres.be\/index.php?rest_route=%2Fwp%2Fv2%2Fmedia&parent=6186"}],"wp:term":[{"taxonomy":"category","embeddable":true,"href":"https:\/\/bruxelles-pantheres.be\/index.php?rest_route=%2Fwp%2Fv2%2Fcategories&post=6186"},{"taxonomy":"post_tag","embeddable":true,"href":"https:\/\/bruxelles-pantheres.be\/index.php?rest_route=%2Fwp%2Fv2%2Ftags&post=6186"}],"curies":[{"name":"wp","href":"https:\/\/api.w.org\/{rel}","templated":true}]}}