{"id":62,"date":"2009-05-19T01:52:01","date_gmt":"2009-05-19T00:52:01","guid":{"rendered":"https:\/\/bruxelles-pantheres.be\/?p=62"},"modified":"2013-11-09T22:44:47","modified_gmt":"2013-11-09T21:44:47","slug":"surpopulation-carcerale-en-belgique","status":"publish","type":"post","link":"https:\/\/bruxelles-pantheres.be\/?p=62","title":{"rendered":"Surpopulation carc\u00e9rale en Belgique !"},"content":{"rendered":"<div id=\"sidebar\">\n<div id=\"sidebar_right\"><a title=\"Permanent Link to Surpopulation carc\u00e9rale en Belgique !\" href=\"http:\/\/www.egalite.be\/?p=615\" rel=\"bookmark\">Surpopulation carc\u00e9rale en Belgique !<\/a><\/div>\n<\/div>\n<p><small>\u00a019 mai 2009 <\/small><\/p>\n<p><a href=\"http:\/\/www.egalite.be\/wp-content\/uploads\/2009\/05\/large_4087591.jpg\"><img decoding=\"async\" class=\"alignright\" title=\"large_408759\" alt=\"\" src=\"http:\/\/www.egalite.be\/wp-content\/uploads\/2009\/05\/large_4087591-300x233.jpg\" width=\"300\" height=\"233\" \/><\/a><\/p>\n<p><strong>Les Pays-Bas accueilleront 500 d\u00e9tenus belges<\/strong><br \/>\nAFP mardi <strong>19 mai 2009<\/strong>, 14:37 Le Soir<\/p>\n<p>La prison de Tilbourg devrait accueillir 500 d\u00e9tenus belges en 2010, en attendant la construction de nouvelles prisons dans notre pays. Un trait\u00e9 doit encore \u00eatre sign\u00e9.<!--more--><br \/>\n\u00ab <em>Nous avons n\u00e9goci\u00e9 la mise \u00e0 disposition temporaire d\u2019une unit\u00e9 p\u00e9nitentiaire n\u00e9erlandaise dans la r\u00e9gion frontali\u00e8re des deux pays<\/em> \u00bb, a d\u00e9clar\u00e9 Nebahat Albayrak, secr\u00e9taire d\u2019Etat \u00e0 la Justice.\u00ab Les deux pays sont d\u2019accord sur le principe pour placer 500 d\u00e9tenus (belges) dans la prison de Tilbourg (sud des Pays-Bas) \u00bb.\u00ab Il est question depuis un certain temps d\u2019un manque de places de prison en Belgique \u00bb alors que les prisons n\u00e9erlandaises ont au contraire trop de cellules inoccup\u00e9es, a expliqu\u00e9 Mme Albayrak.Un trait\u00e9 devra \u00eatre sign\u00e9 entre les Pays-Bas et la Belgique. \u00ab Nous esp\u00e9rons en r\u00e9diger le texte d\u2019ici \u00e0 un mois \u00bb, a ajout\u00e9 Mme Albayrak.Celui-ci devrait ensuite \u00eatre ratifi\u00e9 par les parlements n\u00e9erlandais et belge, selon la secr\u00e9taire d\u2019Etat, qui a \u00ab l\u2019ambition \u00bb d\u2019ouvrir la prison de Tilbourg aux d\u00e9tenus belges \u00ab <strong>d\u00e9but 2010 \u00bb et \u00ab pour deux ans \u00bb<\/strong>. La Belgique devra financer \u00e0 hauteur de <strong>30 millions d\u2019euros par an<\/strong> le fonctionnement de la prison, selon Mme Albayrak.\u00ab Sous-population \u00bb aux Pays-Bas.<br \/>\nLa secr\u00e9taire d\u2019Etat a aussi annonc\u00e9 qu\u2019elle allait fermer six prisons et plusieurs ailes de prison aux Pays-Bas d\u2019ici \u00e0 2012 et supprimer 1.200 emplois du secteur sur 10.600, ce qui repr\u00e9sente une \u00e9conomie de 164 millions d\u2019euros par an.Selon les derni\u00e8res pr\u00e9visions du minist\u00e8re de la Justice, les Pays-Bas, qui ont connu une forte surpopulation des prisons dans les ann\u00e9es 1990, ont affaire \u00e0 une surcapacit\u00e9, avec 14.000 cellules disponibles alors que les besoins se situent autour de 12.000 cellules.\u00ab Ce surplus de cellules est caus\u00e9 par une baisse de la criminalit\u00e9 en g\u00e9n\u00e9ral et de la criminalit\u00e9 lourde en particulier \u00bb, selon Mme Albayrak.(afp)<\/p>\n<p><strong>Menace de gr\u00e8ve \u00e0 la prison<\/strong> 12 juin 2009<\/p>\n<p>Le front commun syndical a d\u00e9pos\u00e9 vendredi un pr\u00e9avis de gr\u00e8ve \u00e0 la prison de Jamioulx, en raison de la surpopulation constante dans l\u2019\u00e9tablissement p\u00e9nitentiaire. Con\u00e7u pour accueillir <strong><em>300 d\u00e9tenus au maximum, il en accueille aujourd\u2019hui 450, notent les organisations syndicales qui pr\u00e9cisent que pr\u00e8s de 200 d\u00e9tenus sont oblig\u00e9s de vivre \u00e0 trois dans des cellules de 10m2.<\/em><\/strong> D\u2019autres, tel que les entrants, sont actuellement parqu\u00e9s \u00e0 huit dans des cellules \u00e0 peine deux fois plus grande. Une nouvelle assembl\u00e9e g\u00e9n\u00e9rale se tiendra mardi. (b)<\/p>\n<p><strong>Les prisons belges au bord de l\u2019explosion<br \/>\n<\/strong><br \/>\nBORLOO, JEAN-PIERRE<br \/>\nMardi <strong>16 juin 2009 <\/strong><br \/>\nJustice<br \/>\nLes organisations syndicales ont rencontr\u00e9 le ministre de la Justice lundi matin. A sa demande. Parce que les syndicats d\u00e9posent sans cesse des pr\u00e9avis de gr\u00e8ve pour cause de surpopulation carc\u00e9rale. Que faire ? Le ministre vante son \u00ab master plan \u00bb pour de nouvelles prisons. \u00ab Un plan d\u00e9j\u00e0 d\u00e9pass\u00e9 \u00bb, ponctue la CGSP qui pr\u00f4ne une approche plus globale.<br \/>\nA Jamioulx, l\u2019occupation de la prison atteint les 165 % (440 d\u00e9tenus pour 267 places). Ce qui rend la gestion de l\u2019\u00e9tablissement impossible : le personnel est d\u00e9pass\u00e9, les locaux trop exigus, les infrastructures non adapt\u00e9es, les intervenants sociaux ext\u00e9rieurs n\u2019ont quasiment plus acc\u00e8s aux d\u00e9tenus qui eux-m\u00eames ne sortent pratiquement plus des cellules.<br \/>\nL\u2019Observatoire international des prisons (OIP) a d\u00e9nonc\u00e9 cette situation avec v\u00e9h\u00e9mence. En pr\u00e9cisant que 36,8 % de la population carc\u00e9rale est constitu\u00e9e d\u2019inculp\u00e9s non encore jug\u00e9s, purgeant une d\u00e9tention pr\u00e9ventive. \u00ab Un record europ\u00e9en \u00bb, d\u00e9nonce \u00e9galement Michel Jacobs de la CGSP.<br \/>\n\u00ab Dans son \u201cmaster plan\u201d, le ministre parle de construire de nouveaux \u00e9tablissements afin d\u2019atteindre 10.250 places disponibles en 2016, au lieu des 8.500 actuellement, analyse le syndicaliste, mais nous avons d\u00e9j\u00e0 10.519 d\u00e9tenus \u00e0 l\u2019heure actuelle. Et l\u2019on pr\u00e9voit une croissance annuelle de 2 % ! Il faut donc trouver une autre solution. \u00bb<br \/>\nTant l\u2019OIP que la CGSP pr\u00f4nent une approche bien plus globale, qui analyserait les conditions de placement en d\u00e9tention pr\u00e9ventive et la probl\u00e9matique des lib\u00e9rations anticip\u00e9es, toutes deux sous la seule responsabilit\u00e9 des juges. \u00ab C\u2019est pour cette raison qu\u2019il faudrait inclure tous les acteurs \u00e0 la discussion \u00bb, conclut le syndicat.<\/p>\n","protected":false},"excerpt":{"rendered":"<p>Surpopulation carc\u00e9rale en Belgique ! \u00a019 mai 2009 Les Pays-Bas accueilleront 500 d\u00e9tenus belges AFP mardi 19 mai 2009, 14:37 Le Soir La prison de Tilbourg devrait accueillir 500 d\u00e9tenus belges en 2010, en attendant la construction de nouvelles prisons dans notre pays. Un trait\u00e9 doit encore \u00eatre sign\u00e9.<\/p>\n","protected":false},"author":1,"featured_media":40,"comment_status":"open","ping_status":"open","sticky":false,"template":"","format":"standard","meta":{"footnotes":""},"categories":[8],"tags":[14],"class_list":["post-62","post","type-post","status-publish","format-standard","has-post-thumbnail","hentry","category-prisons","tag-bruxelles"],"_links":{"self":[{"href":"https:\/\/bruxelles-pantheres.be\/index.php?rest_route=\/wp\/v2\/posts\/62","targetHints":{"allow":["GET"]}}],"collection":[{"href":"https:\/\/bruxelles-pantheres.be\/index.php?rest_route=\/wp\/v2\/posts"}],"about":[{"href":"https:\/\/bruxelles-pantheres.be\/index.php?rest_route=\/wp\/v2\/types\/post"}],"author":[{"embeddable":true,"href":"https:\/\/bruxelles-pantheres.be\/index.php?rest_route=\/wp\/v2\/users\/1"}],"replies":[{"embeddable":true,"href":"https:\/\/bruxelles-pantheres.be\/index.php?rest_route=%2Fwp%2Fv2%2Fcomments&post=62"}],"version-history":[{"count":3,"href":"https:\/\/bruxelles-pantheres.be\/index.php?rest_route=\/wp\/v2\/posts\/62\/revisions"}],"predecessor-version":[{"id":146,"href":"https:\/\/bruxelles-pantheres.be\/index.php?rest_route=\/wp\/v2\/posts\/62\/revisions\/146"}],"wp:featuredmedia":[{"embeddable":true,"href":"https:\/\/bruxelles-pantheres.be\/index.php?rest_route=\/wp\/v2\/media\/40"}],"wp:attachment":[{"href":"https:\/\/bruxelles-pantheres.be\/index.php?rest_route=%2Fwp%2Fv2%2Fmedia&parent=62"}],"wp:term":[{"taxonomy":"category","embeddable":true,"href":"https:\/\/bruxelles-pantheres.be\/index.php?rest_route=%2Fwp%2Fv2%2Fcategories&post=62"},{"taxonomy":"post_tag","embeddable":true,"href":"https:\/\/bruxelles-pantheres.be\/index.php?rest_route=%2Fwp%2Fv2%2Ftags&post=62"}],"curies":[{"name":"wp","href":"https:\/\/api.w.org\/{rel}","templated":true}]}}