{"id":620,"date":"2013-01-15T18:38:41","date_gmt":"2013-01-15T17:38:41","guid":{"rendered":"https:\/\/bruxelles-pantheres.be\/?p=620"},"modified":"2013-11-10T18:41:04","modified_gmt":"2013-11-10T17:41:04","slug":"appel-urgent-du-parti-egalite-contre-la-guerre-au-mali","status":"publish","type":"post","link":"https:\/\/bruxelles-pantheres.be\/?p=620","title":{"rendered":"Appel urgent du parti Egalit\u00e9 contre la guerre au Mali"},"content":{"rendered":"<address><img decoding=\"async\" class=\"alignright\" alt=\"http:\/\/77.img.v4.skyrock.net\/0727\/74020727\/pics\/2906834015_1.jpg\" src=\"http:\/\/77.img.v4.skyrock.net\/0727\/74020727\/pics\/2906834015_1.jpg\" \/><\/address>\n<address>Appel urgent du parti Egalit\u00e9 contre la guerre au Mali<\/address>\n<p><b>Apr\u00e8s \u00eatre entr\u00e9e en guerre contre l\u2019Afghanistan et la Libye, c\u2019est maintenant au Mali que la Belgique d\u00e9clare la guerre !\u00a0<\/b><\/p>\n<p>En effet, ce mardi 15 Janvier 2013, les principaux ministres du gouvernement se sont r\u00e9unis en Comit\u00e9 minist\u00e9riel restreint \u00e0 propos de la situation au Mali. L\u2019arm\u00e9e belge interviendra bien en appui de l\u2019arm\u00e9e fran\u00e7aise dans l\u2019agression du Mali appel\u00e9 <i>op\u00e9ration SERVAL<\/i>, du nom de ce f\u00e9lin qui peut uriner jusqu\u2019\u00e0 30 fois par heure pour marquer son territoire,\u00a0 car Il s\u2019agit bien d\u2019une guerre de (re)colonisation des territoires.<!--more--><\/p>\n<p>\u00ab Le Mali qui a \u00e9t\u00e9 une colonie fran\u00e7aise de 1892 \u00e0 1960 et se trouve au centre g\u00e9ographique de l\u2019Afrique occidentale, est une r\u00e9gion riche en ressources, qui \u00e9tait jadis au c\u0153ur de l\u2019empire colonial fran\u00e7ais.<\/p>\n<p>Depuis 1968, le groupe nucl\u00e9aire fran\u00e7ais Areva a d\u00e9j\u00e0 extrait au Niger voisin 100.000 tonnes d\u2019uranium et projette d\u2019y ouvrir en 2014 la deuxi\u00e8me plus grande mine d\u2019uranium du monde. Le gouvernement Hollande se sert de la guerre pour \u00e9tablir des liens \u00e9troits avec le r\u00e9gime alg\u00e9rien qui dispose d\u2019immenses r\u00e9serves de gaz naturel. Les forces fran\u00e7aises sont \u00e9galement d\u00e9ploy\u00e9es au S\u00e9n\u00e9gal, au Burkina Faso et en C\u00f4te d\u2019Ivoire. Tous ces pays sont d\u2019anciennes colonies fran\u00e7aises.<\/p>\n<p>La France collabore avec les Etats-Unis. La Grande-Bretagne et d\u2019autres alli\u00e9s de l\u2019OTAN pour planifier une intervention plus vaste au Mali, et pour laquelle divers r\u00e9gimes fantoches d\u2019Afrique occidentale fourniront les troupes au sol. Le secr\u00e9taire g\u00e9n\u00e9ral de l\u2019ONU, Ban Ki-Moon, a confirm\u00e9 que le S\u00e9n\u00e9gal et le Nigeria ont d\u00e9j\u00e0 envoy\u00e9 de l\u2019\u00ab aide \u00bb au Mali.\u00bb <a title=\"\" href=\"http:\/\/www.egalite.be\/?paged=26#_edn1\">[i]<\/a><\/p>\n<p>Au sein du gouvernement, personne ne contredit l\u2019opportunit\u00e9 d\u2019une participation belge, comme si l\u2019unit\u00e9 de la Belgique \u00e9tait revivifi\u00e9e par le sang malien. Pour la vice-premi\u00e8re cdH, Jo\u00eblle Milquet, l\u2019op\u00e9ration serait <i>\u00ab\u00a0l\u00e9gitime\u00a0\u00bb<\/i>, et <i>\u00ab\u00a0le Mali c\u2019est pas loin\u00a0\u00bb<\/i>. Pour les vice-premiers ministres Open Vld et sp.a, Alexander De Croo et Johan Vande Lanotte, il faut <i>\u00ab\u00a0\u00e9couter ce que le ministre de la D\u00e9fense a \u00e0 dire\u00a0\u00bb<\/i>.<\/p>\n<p>En d\u00e9cidant de bombarder puis d\u2019occuper l\u2019Afghanistan, ensuite la Libye, et maintenant le Mali, nos gouvernements (m\u00eame lorsqu\u2019ils sont d\u00e9missionnaires !) ont d\u00e9montr\u00e9 que leurs priorit\u00e9s sont loin d\u2019\u00eatre les n\u00f4tres.<\/p>\n<p>Christine Delphy nous avertit d\u00e9j\u00e0 dans un article du Monde Diplomatique de Mars 2002 <a title=\"\" href=\"http:\/\/www.egalite.be\/?paged=26#_edn2\">[ii]<\/a>\u00ab <i>La fa\u00e7on irresponsable dont est trait\u00e9 l\u2019alibi de la \u00ab lib\u00e9ration des femmes afghanes \u00bb illustre l\u2019arrogance de l\u2019Occident qui s\u2019arroge le droit de disposer \u00e0 sa guise de la vie des autres. Cela impr\u00e8gne toute son attitude vis-\u00e0-vis des Afghanes, et plus g\u00e9n\u00e9ralement, l\u2019attitude des dominants \u00e0 l\u2019\u00e9gard des domin\u00e9s<\/i>. \u00bb<\/p>\n<p>Pour Aminata Traor\u00e9,\u00a0\u00a0femme politique et \u00e9crivain malienne,\u00a0une intervention militaire n\u2019a aucune l\u00e9gitimit\u00e9. Dans une tribune intitul\u00e9e <i><a href=\"http:\/\/www.egalite.be\/?p=5224\" target=\"_blank\">\u00ab Femmes du Mali: Disons \u00ab\u00a0NON !\u00a0\u00bb \u00e0 la guerre par procuration<\/a> \u00bb<\/i> elle s\u2019y oppose vigoureusement\u00a0: <i>\u00ab La demande de d\u00e9ploiement de troupes africaines au nord du Mali, transmise par la Communaut\u00e9 des Etats d\u2019Afrique de l\u2019Ouest (C\u00e9d\u00e9ao) et l\u2019Union Africaine (UA) aux Nations Unies, repose sur un diagnostic d\u00e9lib\u00e9r\u00e9ment biais\u00e9 et ill\u00e9gitime \u00bb<\/i>, jugeait-elle alors. <i>\u00ab La guerre est une violence extr\u00eame contre les populations civiles, dont les femmes \u00bb<\/i>, met encore en garde Aminata Traor\u00e9 dans ce texte qui a \u00e9t\u00e9 sign\u00e9e par plusieurs personnalit\u00e9s maliennes.<\/p>\n<p>Mais leur appel pour trouver une sortie de crise par la voix du dialogue n\u2019a pas \u00e9t\u00e9 entendu et l\u2019intervention \u00e9trang\u00e8re vient d\u2019\u00eatre pr\u00e9cipit\u00e9e.<\/p>\n<p>Nous rejetons par principe toute intervention \u00e9trang\u00e8re de quelque nature que ce soit. En particulier de la Belgique premier exportateur europ\u00e9en d\u2019 \u00ab\u00a0<i>armes \u00e0 feu militaires au sens strict<\/i>\u00ab\u00a0,en 2011 avec des licences accord\u00e9es pour un montant de 273,345 millions, d\u2019apr\u00e8s une note d\u2019analyse r\u00e9alis\u00e9e pour le GRIP par Jihan Seniora et intitul\u00e9e \u00ab\u00a0<i>Bilan des exportations europ\u00e9ennes d\u2019armements en 2011<\/i>\u00ab\u00a0.<a title=\"\" href=\"http:\/\/www.egalite.be\/?paged=26#_edn3\">[iii]<\/a><\/p>\n<p>D\u00e9j\u00e0, dix personnes dont trois enfants sont d\u00e9c\u00e9d\u00e9es pendant les combats, rapporte Human Rights Watch, samedi 12 janvier.<a title=\"\" href=\"http:\/\/www.egalite.be\/?paged=26#_edn4\">[iv]<\/a><\/p>\n<p><b>\u00c9GALIT\u00c9 <\/b>r\u00e9affirme son opposition \u00e0 la participation de la Belgique \u00e0 l\u2019agression du Mali, que ce soit \u00e0 travers l\u2019engagement direct de forces ou de moyens militaires, ou par l\u2019engagement indirect ou le soutien logistique \u00e0 de quelconques op\u00e9rations militaires li\u00e9es \u00e0 l\u2019agression.<\/p>\n<p>Dans un remarquable article dat\u00e9 du lundi 14 janvier 2013, \u00ab\u00a0<i>Mali, Afghanistan, les le\u00e7ons oubli\u00e9es<\/i>\u00a0\u00bb, Alain Gresh pose les bonnes questions : \u00ab <i>Peut-on s\u2019\u00e9tonner que de nombreux musulmans voient dans ces interventions une croisade contre l\u2019islam ? Toutes, depuis 2001, ont eu lieu dans des pays musulmans\u2014 Afghanistan, Irak, Somalie, Liban, Mali, sans oublier les guerres men\u00e9es \u00e0 Gaza. Et au moment o\u00f9 l\u2019islamophobie fait des ravages dans les soci\u00e9t\u00e9s occidentales.<\/i><\/p>\n<p><i>Combien de fois nous a-t-on expliqu\u00e9 qu\u2019il n\u2019y avait pas le choix, que \u00ab nous \u00bb d\u00e9fendions en Afghanistan la s\u00e9curit\u00e9 de l\u2019Occident : si \u00ab nous \u00bb \u00e9tions battus l\u00e0-bas, les combats se d\u00e9placeraient demain dans nos banlieues. Et pourtant \u00ab nous \u00bb allons partir d\u2019Afghanistan comme si de rien n\u2019\u00e9tait, sans avoir stabilis\u00e9 la situation, sans m\u00eame parler de d\u00e9mocratie. Et personne ne pr\u00e9tend que les cons\u00e9quences en Europe seront catastrophiques. On peut remarquer, au contraire, que chacune de ces exp\u00e9ditions coloniales aboutit \u00e0 plus d\u2019ins\u00e9curit\u00e9, plus de contr\u00f4les, plus de surveillance et, par l\u00e0 m\u00eame, \u00e0 une atteinte aux libert\u00e9s fondamentales<\/i>. \u00bb <a title=\"\" href=\"http:\/\/www.egalite.be\/?paged=26#_edn5\">[v]<\/a><\/p>\n<p>En Belgique, comme dans le reste du monde, la guerre contre le terrorisme a \u00e9t\u00e9 le point de d\u00e9part d\u2019une offensive sans pr\u00e9c\u00e9dent contre les libert\u00e9s individuelles. Le renforcement imm\u00e9diat des mesures de s\u00e9curit\u00e9 en France, avec le plan Vigipirate, montre que la guerre s\u2019accompagne toujours d\u2019une limitation des droits d\u00e9mocratiques et de la libert\u00e9 dans les pays en guerre eux-m\u00eames. Tandis que les d\u00e9tenus de Guantanamo ou d\u2019ailleurs ne jouissent d\u2019aucun droit, les citoyens des pays occidentaux dont les immigr\u00e9s et les musulmans sont les premi\u00e8res cibles, sont victimes de mesures liberticides et \u00e9conomiques sans pr\u00e9c\u00e9dent.<a title=\"\" href=\"http:\/\/www.egalite.be\/?paged=26#_edn6\">[vi]<\/a><\/p>\n<p>Soyons d\u2019autre part aussi vampires qu\u2019eux et regardons l\u2019aspect financier de ces guerres. Le co\u00fbt de la guerre en Libye pour la Belgique p\u00e8se pr\u00e8s de 20 millions d\u2019euros, pour la guerre en Afghanistan, \u00ab<i>Les 626 soldats belges et les 6 avions de combat F-16 font peser sur le contribuable belge le co\u00fbt de pr\u00e8s de 110 millions d\u2019euros rien que pour l\u2019ann\u00e9e 2010 \u00bb.<a title=\"\" href=\"http:\/\/www.egalite.be\/?paged=26#_edn7\">[vii]<\/a><\/i><\/p>\n<p>Et si cet argent avait \u00e9t\u00e9 investi \u00e0 cr\u00e9er des infrastructures, des \u00e9coles, du bien-\u00eatre aussi bien dans ce monde affam\u00e9 que chez nous, o\u00f9 les gens sont oblig\u00e9s de prendre le chemin de l\u2019immigration pour survivre ?<\/p>\n<p>Mais la guerre n\u2019est-elle pas aussi utilis\u00e9e justement pour redorer l\u2019image du pouvoir et faire oublier les plans d\u2019aust\u00e9rit\u00e9 ?<\/p>\n<p><b>Nous en appelons \u00e0 :<\/b><\/p>\n<ul>\n<li>L\u2019arr\u00eat des bombardements et le retour imm\u00e9diat des deux avions de transport C-130 \u00ab\u00a0Hercules\u00a0\u00bb et des deux h\u00e9licopt\u00e8res Agusta A109 m\u00e9dicalis\u00e9s mis \u00e0 disposition de l\u2019arm\u00e9e fran\u00e7aise au Mali.<\/li>\n<li>L\u2019arr\u00eat des bombardements et le retour imm\u00e9diat des militaires belges d\u2019Afghanistan, de Libye, du Mali.<\/li>\n<li>L\u2019<i>OTAN hors<\/i> de <i>Belgique<\/i>, la <i>Belgique hors<\/i> de l\u2019<i>OTAN <\/i>! Si le gouvernement est capable de d\u00e9clarer la guerre, alors il est capable de sortir le pays de l\u2019OTAN.<\/li>\n<\/ul>\n<p>&nbsp;<\/p>\n<address>Nordine Sa\u00efdi<br \/>\nPorte parole d\u2019\u00c9GALIT\u00c9<br \/>\n<a href=\"http:\/\/www.egalite.be\" target=\"_blank\">www.egalite.be<\/a><\/address>\n<p>[emailpetition id=\u00a0\u00bb1&Prime;]<br \/>\n[signaturelist id=\u00a0\u00bb1&Prime;]<\/p>\n<div>\n<hr align=\"left\" size=\"1\" width=\"33%\" \/>\n<p><a title=\"\" href=\"http:\/\/www.egalite.be\/?paged=26#_ednref1\">[i]<\/a> <a href=\"http:\/\/www.wsws.org\/fr\/articles\/2013\/jan2013\/mali-j15.shtml\">La France d\u00e9clenche la guerre au Nord-Mali et collabore avec les \u00c9tats-Unis<\/a><\/p>\n<p><a title=\"\" href=\"http:\/\/www.egalite.be\/?paged=26#_ednref2\">[ii]<\/a> \u00ab <a href=\"http:\/\/www.monde-diplomatique.fr\/2002\/03\/DELPHY\/16220\" target=\"_blank\">Une guerre pour les femmes ?<\/a> \u00bb, <i>Le Monde diplomatique,<\/i> mars 2002.<\/p>\n<p><a title=\"\" href=\"http:\/\/www.egalite.be\/?paged=26#_ednref3\">[iii]<\/a> <a href=\"http:\/\/www.grip.org\/sites\/grip.org\/files\/NOTES_ANALYSE\/2012\/na_2012-12-27_fr_j-seniora.pdf\">www.grip.org\/sites\/grip.org\/files\/NOTES_ANALYSE\/2012\/na_2012-12-27_fr_j-seniora.pdf<\/a><\/p>\n<p><a title=\"\" href=\"http:\/\/www.egalite.be\/?paged=26#_ednref4\">iv]<\/a><a href=\"http:\/\/www.lesoir.be\/160009\/article\/actualite\/fil-info\/2013-01-12\/selon-hrw-des-civils-sont-morts-lors-des-combats-au-mali\">http:\/\/www.lesoir.be\/160009\/article\/actualite\/fil-info\/2013-01-12\/selon-hrw-des-civils-sont-morts-lors-des-combats-au-mali<\/a><\/p>\n<p><a title=\"\" href=\"http:\/\/www.egalite.be\/?paged=26#_ednref5\">[v]<\/a> <a href=\"http:\/\/blog.mondediplo.net\/2013-01-14-Mali-Afghanistan-les-lecons-oubliees\">Mali, Afghanistan, les le\u00e7ons oubli\u00e9es lundi 14 janvier 2013, par Alain Gresh<\/a><\/p>\n<p><a title=\"\" href=\"http:\/\/www.egalite.be\/?paged=26#_ednref6\">[vi]<\/a> <a title=\"Permanent Link to Appel d\u2019 \u00c9GALIT\u00c9 \u00e0 l\u2019occasion du 11\u00e8me anniversaire de l\u2019ouverture de Guantanamo\" href=\"http:\/\/www.egalite.be\/?p=5197\">Appel d\u2019 \u00c9GALIT\u00c9 \u00e0 l\u2019occasion du 11\u00e8me anniversaire de l\u2019ouverture de Guantanamo<\/a><\/p>\n<div>\n<p><a title=\"\" href=\"http:\/\/www.egalite.be\/?paged=26#_ednref7\">[vii]<\/a> <a href=\"http:\/\/www.cncd.be\/IMG\/dlm\/03\/dlm03.pdf\">(Source : CNCD)<\/a><\/p>\n<p>&nbsp;<\/p>\n<\/div>\n<\/div>\n<div><img decoding=\"async\" alt=\"http:\/\/www.alterinfo.net\/photo\/art\/default\/5120910-7641680.jpg?v=1358112737\" src=\"http:\/\/www.alterinfo.net\/photo\/art\/default\/5120910-7641680.jpg?v=1358112737\" \/><\/div>\n<p>&nbsp;<\/p>\n<div class=\"entry-content\">\n<div>\n<h3 style=\"text-align: center;\">FEMMES DU MALI<\/h3>\n<h3 style=\"text-align: center;\">Disons \u00ab NON ! \u00bb \u00e0 la guerre par procuration<\/h3>\n<\/div>\n<p align=\"justify\"><img decoding=\"async\" class=\"aligncenter\" alt=\"http:\/\/www.slateafrique.com\/sites\/default\/files\/imagecache\/article\/2012-11-20_1310\/mali_aminata.jpg\" src=\"http:\/\/www.slateafrique.com\/sites\/default\/files\/imagecache\/article\/2012-11-20_1310\/mali_aminata.jpg\" \/><\/p>\n<div>\n<h3>Texte de l\u2019appel<\/h3>\n<blockquote>\n<p style=\"text-align: justify;\">\u00a0\u00bb <i>Le poisson se trompe s\u2019il croit que le p\u00eacheur est venu pour le nourrir<\/i>\u00a0\u00a0\u00bb<br \/>\nKaramoko Bamba (Mouvement Nko)<\/p>\n<p style=\"text-align: justify;\">\u00a0\u00bb <i>Nous ne voulons plus qu\u2019on ignore que,<br \/>\nsous nos foulards color\u00e9s, nous ne dissimulons pas seulement, d\u2019un geste rapide,<br \/>\nles serpents indompt\u00e9s de nos noires ou blanches chevelures tress\u00e9es, serr\u00e9es, mais des id\u00e9es.<\/i> \u00ab<\/p>\n<p style=\"text-align: justify;\">\u00a0\u00bb <i>L\u2019Afrique mutil\u00e9e<\/i> \u00a0\u00bb<br \/>\nAminata TRAOR\u00c9 et Nathalie M\u2019DELA-MOUNIER<br \/>\nEditions Taama 201<\/p>\n<\/blockquote>\n<p style=\"text-align: justify;\"><strong>Introduction<\/strong><br \/>\nDe la situation dramatique du Mali, il ressort une r\u00e9alit\u00e9 terrible qui se v\u00e9rifie dans d\u2019autres pays en conflit : l\u2019instrumentalisation des violences faites aux femmes pour justifier l\u2019ing\u00e9rence et les guerres de convoitise des richesses de leurs pays. Les femmes africaines doivent le savoir et le faire savoir.<br \/>\nAutant l\u2019amputation du Mali des deux tiers de son territoire et l\u2019imposition de la charia aux populations des r\u00e9gions occup\u00e9es sont humainement inacceptables, autant l\u2019instrumentalisation de cette situation, dont le sort r\u00e9serv\u00e9 aux femmes, est moralement ind\u00e9fendable et politiquement intol\u00e9rable.<br \/>\nNous avons, de ce fait, nous femmes du Mali, un r\u00f4le historique \u00e0 jouer, ici et maintenant, dans la d\u00e9fense de nos droits humains contre trois formes de fondamentalisme\u00a0: le religieux \u00e0 travers l\u2019islam radical; l\u2019\u00e9conomique \u00e0 travers le tout march\u00e9; le politique \u00e0 travers la d\u00e9mocratie formelle, corrompue et corruptrice.<br \/>\nNous invitons toutes celles et tous ceux qui, dans notre pays, en Afrique et ailleurs, se sentent concern\u00e9s par notre lib\u00e9ration de ces fondamentalismes \u00e0 joindre leurs voix aux n\u00f4tres pour dire \u00ab\u00a0Non\u00a0\u00bb \u00e0 la guerre par procuration qui se profile \u00e0 l\u2019horizon. Les arguments suivants justifient ce refus.<\/p>\n<p style=\"text-align: justify;\"><strong>1 Le d\u00e9ni de d\u00e9mocratie<\/strong><\/p>\n<p style=\"text-align: justify;\">La demande de d\u00e9ploiement de troupes africaines au nord du Mali, transmise par la Communaut\u00e9 des Etats d\u2019Afrique de l\u2019Ouest (CEDEAO) et l\u2019Union Africaine (UA) aux Nations Unies, repose sur un diagnostic d\u00e9lib\u00e9r\u00e9ment biais\u00e9 et ill\u00e9gitime. Il n\u2019est fond\u00e9 sur aucune concertation nationale digne de ce nom, ni au sommet, ni \u00e0 la base. Ce diagnostic exclut par ailleurs la lourde responsabilit\u00e9 morale et politique des nations, celles qui ont viol\u00e9 la r\u00e9solution 1973 du Conseil de S\u00e9curit\u00e9 en transformant la protection de la ville libyenne de Ben Ghazi en mandat de renverser le r\u00e9gime de Mouammar Kadhafi et de le tuer. La coalition des s\u00e9paratistes du mouvement national de lib\u00e9ration de l\u2019Azawad (MLNA), de Al Kaeda au Maghreb Islamique (AQMI) et de ses alli\u00e9s qui a vaincu une arm\u00e9e malienne d\u00e9motiv\u00e9e et d\u00e9sorganis\u00e9e doit \u00e9galement cette victoire militaire aux arsenaux issus du conflit libyen.<br \/>\nLe m\u00eame Conseil de S\u00e9curit\u00e9 va-t-il approuver, dans les jours \u00e0 venir le plan d\u2019intervention militaire que les Chefs d\u2019Etat africains ont approuv\u00e9 en pr\u00e9tendant corriger ainsi les cons\u00e9quences d\u2019une guerre injuste par une guerre\u00a0tout aussi injuste ?<br \/>\nMarginalis\u00e9e et humili\u00e9e dans la gestion de la crise \u00ab\u00a0libyenne\u00a0\u00bb, l\u2019Union Africaine peut-elle, doit-elle se lancer dans cette aventure au Mali sans m\u00e9diter les enseignements de la chute du r\u00e9gime de Mouammar Kadhafi\u00a0?<br \/>\nO\u00f9 est la coh\u00e9rence dans la conduite des affaires du continent par les dirigeants africains, dont la plupart s\u2019\u00e9tait oppos\u00e9 en vain \u00e0 l\u2019intervention de l\u2019OTAN en Libye, lorsqu\u2019ils s\u2019accordent sur la n\u00e9cessit\u00e9 d\u2019un d\u00e9ploiement de forces militaires au Mali, aux cons\u00e9quences incalculables.<\/p>\n<p style=\"text-align: justify;\"><strong>2 L\u2019extr\u00eame vuln\u00e9rabilit\u00e9 des femmes dans les zones en conflit<\/strong><\/p>\n<p style=\"text-align: justify;\">L\u2019international Crisis Group pr\u00e9vient, \u00e0 juste titre, que \u00ab\u00a0Dans le contexte actuel, une offensive de l\u2019arm\u00e9e malienne appuy\u00e9e par des forces de la CEDAEO et\/ou d\u2019autres forces a toutes les chances de provoquer davantage de victimes civiles au Nord, d\u2019aggraver l\u2019ins\u00e9curit\u00e9 et les conditions \u00e9conomiques et sociales dans l\u2019ensemble du pays, de radicaliser les communaut\u00e9s ethniques, de favoriser l\u2019expression violente de tous les groupes extr\u00e9mistes et, enfin, d\u2019entra\u00eener l\u2019ensemble de la r\u00e9gion dans un conflit multiforme sans ligne de front dans le Sahara\u00a0\u00bb. (\u00ab\u00a0Le Mali : \u00c9viter l\u2019escalade \u00bb International Crisis Group \u2013 http:\/\/www.crisisgroup.org\/fr- 18 juillet 2012).<br \/>\nCes cons\u00e9quences rev\u00eatent une gravit\u00e9 particuli\u00e8re pour les femmes. Leur vuln\u00e9rabilit\u00e9 qui est sur toutes les l\u00e8vres, devrait \u00eatre pr\u00e9sente dans tous les esprits lors des prises de d\u00e9cisions, et dissuasive quand la guerre peut \u00eatre \u00e9vit\u00e9e. Elle peut l\u2019\u00eatre. Elle doit l\u2019\u00eatre, au Mali.<br \/>\nRappelons que les cas de viols que nous d\u00e9plorons dans les zones occup\u00e9es du Nord de notre pays risquent de se multiplier avec le d\u00e9ploiement de plusieurs milliers de soldats. A ce risque, il faut ajouter celui d\u2019une prostitution plus ou moins d\u00e9guis\u00e9e qui se d\u00e9veloppe g\u00e9n\u00e9ralement dans les zones de grande pr\u00e9carit\u00e9 et par cons\u00e9quent les risques de propagation du VIH\/SIDA. Le plan d\u2019intervention militaire sur lequel le Conseil de S\u00e9curit\u00e9 va se pencher pr\u00e9voit-il des moyens de mettre r\u00e9ellement les femmes et les fillettes du Mali \u00e0 l\u2019abri de ce type de situation d\u00e9sastreuse ?<br \/>\nRappelons \u00e9galement que sur l\u2019ensemble du territoire les sanctions \u00e9conomiques impos\u00e9es par la communaut\u00e9 internationale au peuple malien au nom du retour \u00e0 un ordre constitutionnel discr\u00e9dit\u00e9 affectent consid\u00e9rablement les groupes vuln\u00e9rables. Les femmes du fait de la division sexuelle des t\u00e2ches sont confront\u00e9es au niveau domestique \u00e0 l\u2019\u00e9norme difficult\u00e9 d\u2019approvisionnement des familles en eau, nourriture, \u00e9nergie domestique, m\u00e9dicaments. Cette lutte quotidienne et interminable pour la survie est d\u00e9j\u00e0 en soi une guerre. Dans ces circonstances de pr\u00e9carit\u00e9 et de vuln\u00e9rabilit\u00e9 des populations, et des femmes en particulier, l\u2019option militaire en pr\u00e9paration est un rem\u00e8de qui \u00e0 toutes les chances d\u2019\u00eatre pire que le mal alors qu\u2019une alternative pacifique, \u00e9manant de la soci\u00e9t\u00e9 malienne, civile, politique et militaire, sera constructive.<\/p>\n<p style=\"text-align: justify;\"><strong>3 Des incoh\u00e9rences de la communaut\u00e9 internationale<\/strong><\/p>\n<p style=\"text-align: justify;\">Chacun des puissants repr\u00e9sentants de la \u00ab\u00a0communaut\u00e9 internationale\u00a0\u00bb ainsi que la CEDEAO et l\u2019Union Africaine ont prononc\u00e9 des mots \u00e0 propos de nos maudits maux de femmes en situation de conflit.<br \/>\nA tout seigneur tout honneur, le Pr\u00e9sident fran\u00e7ais, Fran\u00e7ois Hollande, qui joue le r\u00f4le de chef de file dans la d\u00e9fense de l\u2019option militaire, a soulign\u00e9 la souffrance des femmes \u00ab premi\u00e8res victimes des violences des guerres \u00bb (Kinshasa \u2013 Quatorzi\u00e8me sommet de l\u2019Organisation Internationale de la Francophonie). Et pourtant, il a d\u00e9clar\u00e9 le 26 septembre 2012, \u00e0 New York, lors de la r\u00e9union sp\u00e9ciale sur le Sahel, en marge de l\u2019Assembl\u00e9e G\u00e9n\u00e9rale des Nations Unies ce qui suit\u00a0:\u00a0\u00bbJe sais qu\u2019il peut y avoir une tentation de mener des n\u00e9gociations. N\u00e9gocier avec des groupes terroristes ? Il ne peut en \u00eatre question. Toute perte de temps, tout processus qui s\u2019\u00e9terniserait ne pourrait faire que le jeu des terroristes\u00a0\u00bb.<br \/>\nPourquoi la France qui retire ses soldats de l\u2019Afghanistan estime-t-elle que le Mali et la CEDEAO doivent engager leurs troupes au sol, dans le cadre de la lutte contre le m\u00eame terrorisme\u00a0? \u00ab\u00a0Il faut savoir terminer une guerre\u00a0\u00bb, semblent dire les Pr\u00e9sidents am\u00e9ricains et fran\u00e7ais. \u00ab\u00a0La guerre d\u2019Afghanistan s\u2019est prolong\u00e9e au-del\u00e0 de la mission initiale. Elle attise la r\u00e9bellion autant qu\u2019elle permet de la combattre. Il est temps de mettre fin en bon ordre \u00e0 cette intervention et j\u2019en prends ici l\u2019engagement.\u00a0\u00bb d\u00e9clara le candidat Fran\u00e7ois Hollande, dans son discours d\u2019investiture \u00e0 l\u2019\u00e9lection pr\u00e9sidentielle.<br \/>\nLa Secr\u00e9taire d\u2019Etat am\u00e9ricaine aux affaires \u00e9trang\u00e8res, Hillary Clinton dont l\u2019escale du 29 octobre 2012, \u00e0 Alger, avait en partie pour objet de convaincre le Pr\u00e9sident Abdelaziz Bouteflika de rejoindre le camp de la guerre, s\u2019\u00e9tait adress\u00e9e aux Chefs d\u2019Etat africains r\u00e9unis \u00e0 Addis-Abeba en ces termes : \u00ab En R\u00e9publique D\u00e9mocratique du Congo, la poursuite des actes de violences contre les femmes et les filles et les activit\u00e9s des groupes arm\u00e9s dans la r\u00e9gion orientale du pays, sont pour nous une source constante de pr\u00e9occupation. L\u2019Union Africaine et les Nations Unies ne doivent \u00e9pargner aucun effort en vue d\u2019aider la RDC \u00e0 r\u00e9agir \u00e0 ces crises s\u00e9curitaires incessantes \u00bb.<br \/>\nL\u2019initiative du secr\u00e9taire des Nations Unies, Ban Kid Moon, intitul\u00e9e \u00ab Unis pour mettre fin \u00e0 la violence contre les femmes \u00bb, lanc\u00e9e le 25 janvier 2008, accorde une attention particuli\u00e8re aux femmes de l\u2019Afrique de l\u2019Ouest. C\u2019\u00e9tait avant les guerres en C\u00f4te d\u2019Ivoire et en Libye qui ont largement compromis la r\u00e9alisation des objectifs assign\u00e9s \u00e0 cette initiative. Nous comprenons sa r\u00e9serve quant au d\u00e9ploiement militaire et esp\u00e9rons qu\u2019il ne soutiendra pas le plan d\u2019intervention des Chefs d\u2019\u00c9tats de la CEDEAO. La guerre, rappelons-le, est une violence extr\u00eame contre les populations civiles, dont les femmes. Elle ne peut que nous \u00e9loigner des objectifs vis\u00e9s par cette initiative.<br \/>\nPourquoi les puissants de ce monde qui se pr\u00e9occupent tant du sort des femmes africaines ne nous disent pas la v\u00e9rit\u00e9 sur les enjeux miniers, p\u00e9troliers et g\u00e9ostrat\u00e9giques des guerres.<br \/>\nLa pr\u00e9sidente de la commission de l\u2019UA, Nkosazana Dlamini-Zuma, pour sa part, souligne que \u00ab\u00a0Il est crucial que les femmes contribuent \u00e0, et s\u2019impliquent activement dans, la recherche d\u2019une solution au conflit. Leurs voix doivent \u00eatre entendues dans les efforts visant \u00e0 promouvoir et \u00e0 consolider la d\u00e9mocratie dans leur pays. A cette fin, vous pouvez, sans aucun doute, compter sur le soutien de l`Union Africaine, ainsi que sur mon engagement personnel.\u00a0\u00bb (R\u00e9union du groupe de soutien et de suivi de la situation au Mali \u2013 19 novembre 2012)<br \/>\nLa nomination pour la premi\u00e8re fois d\u2019une femme \u00e0 ce poste pourrait \u00eatre un facteur v\u00e9ritable d\u2019\u00e9mancipation politique pour les femmes et donc de lib\u00e9ration du Continent, si Nkosazana Dlamini-Zuma accepte d\u2019\u00e9largir la base du d\u00e9bat sur les femmes africaines en y int\u00e9grant les enjeux globaux qui nous sont dissimul\u00e9es.<\/p>\n<p style=\"text-align: justify;\"><strong>4 Notre triste statut d\u2019otages<\/strong><\/p>\n<p style=\"text-align: justify;\">Le Mali est un pays \u00e0 la fois agress\u00e9, humili\u00e9 et pris en otage par des acteurs politiques et institutionnels qui n\u2019ont aucun compte \u00e0 nous rendre, \u00e0 commencer par la CEDEAO. L\u2019une des traductions de cette r\u00e9alit\u00e9 est l\u2019\u00e9norme pression exerc\u00e9e sur ce qui reste de l\u2019\u00c9tat malien. Le Pr\u00e9sident par int\u00e9rim, Dioncounda Traor\u00e9, est le premier des otages maliens. S\u2019il a cru devoir rappeler, le 19 octobre 2012, lors de la r\u00e9union du groupe de soutien et de suivi de la situation de notre pays, qu\u2019il n\u2019est pas un Pr\u00e9sident pris en otage, c\u2019est pr\u00e9cis\u00e9ment parce qu\u2019il l\u2019est. Sinon il n\u2019aurait pas r\u00e9p\u00e9t\u00e9 \u00e0 trois reprises, le 21 septembre 2012, la veille de l\u2019anniversaire de l\u2019ind\u00e9pendance de notre pays qu\u2019il privil\u00e9gie le dialogue et la concertation, et demand\u00e9 aux Nations Unies, trois jours plus tard, une intervention militaire internationale imm\u00e9diate. \u00ab\u00a0J\u2019ai conscience d\u2019\u00eatre le pr\u00e9sident d\u2019un pays en guerre\u00a0mais le premier choix est le dialogue et la n\u00e9gociation. Le deuxi\u00e8me choix est\u00a0le dialogue et la n\u00e9gociation et\u00a0\u00bb, insiste-t-il \u00ab\u00a0le troisi\u00e8me choix demeure le dialogue et la n\u00e9gociation. \u00a0Nous ferons la guerre si nous n\u2019avons pas d\u2019autre choix\u2026\u00a0\u00bb, a-t-il d\u00e9clar\u00e9 dans son discours \u00e0 la nation avant de changer d\u2019avis.<br \/>\nAu-del\u00e0 du pr\u00e9sident int\u00e9rimaire, nous sommes tous des otages prisonniers d\u2019un syst\u00e8me \u00e9conomique et politique in\u00e9galitaire et injuste qui excelle dans l\u2019art de briser les r\u00e9sistances \u00e0 coup de chantage au financement. La suppression de l\u2019aide ext\u00e9rieur se traduit cette ann\u00e9e 2012 par un manque \u00e0 gagner de 429 Milliards de francs CFA. La quasi totalit\u00e9 des investissements publics sont suspendus. La fermeture de nombreuses entreprises a occasionn\u00e9e licenciements et ch\u00f4mage technique pour des dizaines de milliers de travailleurs alors que les prix des denr\u00e9es alimentaires continuent de flamber. Les pertes les plus importantes sont enregistr\u00e9es dans les secteurs du b\u00e2timent et des travaux publics. Le tourisme, l\u2019artisanat, l\u2019h\u00f4tellerie et la restauration, qui subissaient depuis 2008 les cons\u00e9quences de l\u2019inscription du Mali sur la liste des pays \u00e0 risques, sont gravement affect\u00e9s alors qu\u2019ils constituaient des sources de revenus substantiels pour les r\u00e9gions aujourd\u2019hui occup\u00e9es, notamment celle de Tombouctou.<br \/>\nR\u00e9f\u00e9rence est faite au statut d\u2019otage non point pour d\u00e9dramatiser l\u2019\u00e9preuve insupportable des otages europ\u00e9ens et de leurs familles mais pour rappeler l\u2019\u00e9gale gravit\u00e9 de la situation de tous les \u00eatres humains pi\u00e9g\u00e9s dans des syst\u00e8mes dont ils ne sont pas personnellement responsables. La question est toutefois de savoir comment agir de telle sorte que notre pays retrouve son int\u00e9grit\u00e9 territoriale et la paix, et que les six Fran\u00e7ais d\u00e9tenus par AQMI retrouvent leurs familles sains et saufs, sans que ces lib\u00e9rations n\u2019ouvrent la voie \u00e0 une intervention militaire qui mettrait en p\u00e9ril la vie des centaines de milliers d\u2019habitants du Nord Mali qui sont autant d\u2019otages.<\/p>\n<p style=\"text-align: justify;\"><strong>5 La guerre par procuration<\/strong><\/p>\n<p style=\"text-align: justify;\">Le choix de la guerre se nourrit d\u2019une connaissance insuffisante des v\u00e9ritables enjeux. Jacques Attali donne \u00e0 ceux qui veulent s\u2019en saisir, une clef de lecture qui prouve s\u2019il en \u00e9tait besoin que l\u2019intervention militaire envisag\u00e9e est une guerre par procuration. Selon lui, la France doit agir \u00ab\u00a0\u2026 parce que cette r\u00e9gion (le Sahel) peut devenir une base arri\u00e8re de formation de terroristes et de kamikazes qui viendront s\u2019attaquer aux int\u00e9r\u00eats occidentaux un peu partout dans la r\u00e9gion\u00a0; et m\u00eame, par de multiples moyens de passage, en Europe. Ils ne sont encore que quelques centaines\u00a0; si rien n\u2019est fait, ils seront bient\u00f4t plusieurs milliers, venus du Pakistan, d\u2019Indon\u00e9sie et d\u2019Am\u00e9rique Latine. Et les gisements d\u2019uranium du Niger, essentiels \u00e0 la France, ne sont pas loin.\u00a0\u00bb (Blog Attali. 28 mai 2012.)<br \/>\nLa distribution des r\u00f4les entre la France, la CEDEAO, l\u2019Union Africaine, l\u2019Europe et l\u2019ONU est clarifi\u00e9e. La CEDEAO, dont de nombreux Maliens et Africains ne comprenaient pas jusqu\u2019ici le jeu trouble est en mission au Mali. Selon Jacques Attali, l\u2019organisation sous r\u00e9gionale devait agir \u00ab\u00a0pour redonner aux autorit\u00e9s civiles les moyens de d\u00e9cider, sans peur, de r\u00e9tablir la s\u00e9curit\u00e9, de restructurer l\u2019appareil militaire et de faire red\u00e9marrer l\u2019activit\u00e9 \u00e9conomique\u00a0; au Nord, pour mettre fin \u00e0 cette s\u00e9cession, il faudra une action militaire sur le terrain, avec un appui logistique \u00e0 distance, des moyens d\u2019observation, des drones et une capacit\u00e9 d\u2019encadrement strat\u00e9gique.<br \/>\nQui peut faire tout cela\u00a0? Evidemment pas le gouvernement malien tout seul, qui n\u2019a ni armes, ni autorit\u00e9. Pas non plus la CEDEAO qui n\u2019a pas les moyens militaires suffisants pour assurer l\u2019ensemble de l\u2019action n\u00e9cessaire et qui ne peut m\u00eame pas esp\u00e9rer en recevoir la demande du gouvernement malien, sous influence de forces incertaines. Pas non plus l\u2019Union Africaine, en tout cas pas seule.\u00a0Alors qui\u00a0? l\u2019ONU\u00a0? l\u2019OTAN\u00a0? La question va se poser tr\u00e8s vite. Elle est, \u00e0 pr\u00e9sent, pos\u00e9e. L\u00e0 encore, l\u2019Europe devrait \u00e9videmment \u00eatre unie et se mettre en situation de d\u00e9cider et d\u2019agir. Elle ne l\u2019est pas. Or, si les m\u00e9diations actuelles \u00e9chouent, il sera bient\u00f4t n\u00e9cessaire de r\u00e9fl\u00e9chir \u00e0 mettre en place une coalition du type de celle qui a fonctionn\u00e9 en Afghanistan. Avant qu\u2019un \u00e9quivalent du 11 septembre 2001 ne vienne l\u2019imposer\u00a0\u00bb(Le Blog de Jacques Attali\u00a0: le 28 mai 2012)<\/p>\n<p style=\"text-align: justify;\">Tout est donc clair. La guerre envisag\u00e9e au Mali s\u2019inscrirait dans le prolongement de celle de l\u2019Afghanistan, d\u2019o\u00f9 la France et les \u00c9tats Unis se retirent progressivement apr\u00e8s onze ann\u00e9es de combats et de lourdes pertes en hommes, en mat\u00e9riel et finance. Le Sahel \u00e9tant la zone d\u2019influence de la France, celle-ci prend la direction des affaires concernant le Mali et sous-traite la violence militaire \u00e0 la CEDEAO. Ce transfert fait politiquement correct pour ne pas \u00eatre accus\u00e9 de colonialisme et d\u2019imp\u00e9rialisme, mais aussi pour r\u00e9duire le co\u00fbt de la guerre et ne pas enregistrer d\u2019autres pertes en vies humaines. Les opinions publiques occidentales tol\u00e8rent de moins en moins que leurs ressortissants meurent dans la d\u00e9fense de \u00ab\u00a0nos\u00a0\u00bb causes. Ainsi, au m\u00eame titre que les tirailleurs s\u00e9n\u00e9galais, les troupes africaines sont appel\u00e9es \u00e0 pr\u00eater main forte \u00e0 la France.<\/p>\n<p style=\"text-align: justify;\"><strong>6 La mondialisation des maux et des r\u00e9seaux<\/strong><\/p>\n<p style=\"text-align: justify;\">Le radicalisme religieux n\u2019a pas besoin, dans un tel contexte, du nord du Mali pour se r\u00e9pandre en Afrique de l\u2019Ouest et dans le monde. L\u2019\u00e9conomie mondialis\u00e9e sur la base de l\u2019injustice et des in\u00e9galit\u00e9s est une machine \u00e0 broyer les \u00e9conomies locales, les soci\u00e9t\u00e9s et les cultures qui lui offrent le terreau n\u00e9cessaire.<br \/>\nDe la mer rouge \u00e0 l\u2019Atlantique, de l\u2019Afghanistan au Nigeria, de Toulouse, o\u00f9 Mohamed Merah a agi et a \u00e9t\u00e9 abattu, \u00e0 Tombouctou, les enjeux sont \u00e0 la fois id\u00e9ologiques, civilisationnels, identitaires, mais aussi \u00e9conomiques, politiques et g\u00e9ostrat\u00e9giques. Les acteurs et les forces en pr\u00e9sence sont \u00e0 peu pr\u00e8s les m\u00eames, avec des variantes locales \u00e0 manipuler telle que la r\u00e9bellion touareg au Mali.<br \/>\nPar ailleurs, Afghans, Pakistanais, Alg\u00e9riens et autres pr\u00eacheurs ne sont pas de nouveaux venus au Mali. Ils ont fait leur apparition dans les mosqu\u00e9es, \u00e0 partir de la d\u00e9cennie 90, au moment o\u00f9 les cons\u00e9quences sociales et humaines dramatiques des Programmes d\u2019Ajustement Structurel (PAS) sur l\u2019emploi, le revenu et le lien social commen\u00e7aient \u00e0 se faire sentir.<\/p>\n<p style=\"text-align: justify;\"><strong>7 La perspective \u00ab\u00a0badenya\u00a0\u00bb comme alternative \u00e0 la guerre<\/strong><\/p>\n<p style=\"text-align: justify;\">Des femmes maliennes et africaines bien impr\u00e9gn\u00e9es des enjeux et des rouages mortif\u00e8res de la mondialisation n\u00e9olib\u00e9rale n\u2019en cautionnent pas les guerres. Aux valeurs guerri\u00e8res et pr\u00e9datrices de l\u2019ordre \u00e9conomique dominant, nous opposons des valeurs pacifistes, qui nous r\u00e9concilient les uns avec les autres, ainsi qu\u2019avec le reste du monde. Badenya, (enfants de la m\u00e8re) est l\u2019une de ces valeurs que nous nous devons, femmes du Mali, de cultiver d\u2019avantage et d\u2019opposer \u00e0 la valeur masculine fadenya (les enfants du p\u00e8re) qui dans sa version ultralib\u00e9rale autorise la course effr\u00e9n\u00e9e et fratricide au profit, au point de brader des entreprises publiques rentables, de c\u00e9der des terres agricoles aux dominants et d\u2019accepter la partition du territoire national.<br \/>\nProfond\u00e9ment ancr\u00e9 dans la perspective badenya, notre refus de la guerre plonge ses racines dans une conception de la procr\u00e9ation selon laquelle mettre un enfant au monde est d\u00e9j\u00e0 une mani\u00e8re de monter au front (musokele). Et trop nombreuses sont celles qui parmi nous p\u00e9rissent en enfantant. Nous bataillons jour apr\u00e8s jour contre la faim, la pauvret\u00e9, la maladie, pour que chaque enfant grandisse, travaille, s\u2019assume et assume sa part de responsabilit\u00e9.<br \/>\nAussi, en chaque soldat, comme en chaque rebelle et en chaque nouveau converti au djihadisme qui vont s\u2019affronter en cas de guerre, chacune de nous reconna\u00eet un fr\u00e8re, un fils, un neveu, un cousin. Hier, ils \u00e9taient en qu\u00eate d\u2019un statut social \u00e0 travers l\u2019emploi, le revenu ou alors un visa. Ce fut souvent en vain\u2026 A pr\u00e9sent, ils ont entre leurs mains tremblantes des armes de guerre.<br \/>\nLa lucidit\u00e9 et la maturit\u00e9 politique devront \u00eatre nos armes dans ce monde sans foi ni loi. Il n\u2019y a aucune raison que le Mali s\u2019engage sur un terrain o\u00f9 la France et les \u00c9tats Unis d\u2019Am\u00e9rique reculent, en d\u00e9pit de la puissance de feu de l\u2019OTAN.<br \/>\nA l\u2019\u00e9conomie de la guerre, nous femmes du Mali, opposons l\u2019\u00e9conomie de la vie\u00a0en faisant de la transition en cours une occasion historique de relever le triple d\u00e9fi du savoir, de la citoyennet\u00e9 et du dialogue. Les \u00e9volutions en cours sur le terrain, dont la volont\u00e9 de n\u00e9gociation d\u2019Ansar Dine et du MNLA, la modification constante des rapports de force ainsi que des strat\u00e9gies et des interactions entre les diff\u00e9rents groupes pr\u00e9sents, doivent \u00eatre examin\u00e9es avec l\u2019attention n\u00e9cessaire de mani\u00e8re, non seulement \u00e0 \u00e9viter une guerre potentiellement tragique mais aussi \u00e0 \u00e9carter les \u00e9cueils des accords pass\u00e9s.<br \/>\nLes concertations nationales envisag\u00e9es depuis des mois doivent se tenir enfin, permettant \u00e0 la soci\u00e9t\u00e9 malienne dans son ensemble de se retrouver et de d\u00e9finir elle-m\u00eame les bases et les conditions d\u2019une solution concert\u00e9e (et non impos\u00e9e) au conflit pr\u00e9sent. Nous, femmes du Mali, y contribuerons pleinement, comme demain nous contribuerons \u00e0 la refondation de la d\u00e9mocratie dans notre pays selon des valeurs de soci\u00e9t\u00e9 et de culture qui nous sont famili\u00e8res.<br \/>\nIl s\u2019agit, en somme, de cr\u00e9dibiliser, de renforcer la capacit\u00e9 d\u2019analyse, d\u2019anticipation et de proposition de la soci\u00e9t\u00e9 malienne, civile, politique et militaire.<br \/>\nNous demandons \u00e0 toutes celles et \u00e0 tous ceux qui partagent notre approche d\u2019interpeller imm\u00e9diatement les principaux acteurs de la communaut\u00e9 internationale, par \u00e9crit ou sous toutes autres formes d\u2019expression, en plaidant pour que le Conseil de S\u00e9curit\u00e9 n\u2019adopte pas une r\u00e9solution autorisant le d\u00e9ploiement de milliers de soldats au Mali.<\/p>\n<\/div>\n<div>\n<h3>Premiers signataires<\/h3>\n<ul>\n<li>Karamoko BAMBA,<\/li>\n<li>Aminata BOCOUM,<\/li>\n<li>Badji BOIRE,<\/li>\n<li>Awa COULIBALY,<\/li>\n<li>Fatoumata COULIBALY,<\/li>\n<li>Safiatou COULIBALY,<\/li>\n<li>Aminata D. TRAORE,<\/li>\n<li>Ismael DIABATE,<\/li>\n<li>Doumbia fanta DIALLO,<\/li>\n<li>Kadiatou DIALLO,<\/li>\n<li>Traore penda DIALLO,<\/li>\n<li>Kone mama DIARRA,<\/li>\n<li>Minata DIARRA,<\/li>\n<li>Kadia DJIRE,<\/li>\n<li>Aminata DOUMBIA,<\/li>\n<li>Soungoura DOUMBIA,<\/li>\n<li>Doumbi FAKOLY,<\/li>\n<li>Fanta KANTE,<\/li>\n<li>Assatou KAREMBE,<\/li>\n<li>Oumou KEITA,<\/li>\n<li>Oumou KODIO,<\/li>\n<li>Awa KO\u00cfTA,<\/li>\n<li>Bintou KONE,<\/li>\n<li>Kankou KONE,<\/li>\n<li>Mariam KONE,<\/li>\n<li>Sanogo sylvie KONE,<\/li>\n<li>Diabate kadiatou KOUYATE,<\/li>\n<li>Fatoumata MARIKO,<\/li>\n<li>Nathalie M?DELA-MOUNIER,<\/li>\n<li>Ada NANTOUMA,<\/li>\n<li>Rokia NIARE,<\/li>\n<li>Dicko rokia SACKO,<\/li>\n<li>Sissoko SAFI SY,<\/li>\n<li>Traore sarata SANOGO,<\/li>\n<li>Traore s\u00e9lik\u00e8n\u00e9 SIDIBE(VIEUX),<\/li>\n<li>Clariste SOH-MOUBE,<\/li>\n<li>Coumba SOUKO,<\/li>\n<li>Imbo mama SY,<\/li>\n<li>Djaba TANGARA,<\/li>\n<li>Awa TOURE,<\/li>\n<li>Kone mamou TOURE<\/li>\n<\/ul>\n<\/div>\n<p><img decoding=\"async\" alt=\"\" src=\"http:\/\/www.indigenes-republique.fr\/images\/2x2.gif\" border=\"0\" \/><br \/>\n<img decoding=\"async\" alt=\"\" src=\"http:\/\/www.indigenes-republique.fr\/images\/2x2.gif\" border=\"0\" \/><\/p>\n<div><a href=\"http:\/\/femmesdumali-nonalaguerre.org\/index.php?petition=4&amp;signe=oui\">Je signe l\u2019appel<\/a> \u2013 <a href=\"http:\/\/femmesdumali-nonalaguerre.org\/index.php?petition=4&amp;pour_voir=oui\">Ils ont sign\u00e9\u2026<\/a><\/div>\n<p style=\"text-align: center;\"><img decoding=\"async\" alt=\"\" src=\"http:\/\/www.indigenes-republique.fr\/IMG\/cache-250x256\/arton1782-250x256.jpg\" width=\"250\" height=\"256\" align=\"middle\" \/> <img decoding=\"async\" alt=\"\" src=\"http:\/\/www.indigenes-republique.fr\/images\/2x2.gif\" border=\"0\" \/><\/p>\n<p style=\"text-align: right;\" align=\"justify\"><a href=\"http:\/\/femmesdumali-nonalaguerre.org\/index.php\">Source<\/a><\/p>\n<\/div>\n","protected":false},"excerpt":{"rendered":"<p>Appel urgent du parti Egalit\u00e9 contre la guerre au Mali Apr\u00e8s \u00eatre entr\u00e9e en guerre contre l\u2019Afghanistan et la Libye, c\u2019est maintenant au Mali que la Belgique d\u00e9clare la guerre !\u00a0 En effet, ce mardi 15 Janvier 2013, les principaux ministres du gouvernement se sont r\u00e9unis en Comit\u00e9 minist\u00e9riel restreint \u00e0 propos de la situation &#8230; <a title=\"Appel urgent du parti Egalit\u00e9 contre la guerre au Mali\" class=\"read-more\" href=\"https:\/\/bruxelles-pantheres.be\/?p=620\" aria-label=\"En savoir plus sur Appel urgent du parti Egalit\u00e9 contre la guerre au Mali\">Lire la suite<\/a><\/p>\n","protected":false},"author":1,"featured_media":408,"comment_status":"open","ping_status":"open","sticky":false,"template":"","format":"standard","meta":{"footnotes":""},"categories":[1,21,4,18,28],"tags":[31,38],"class_list":["post-620","post","type-post","status-publish","format-standard","has-post-thumbnail","hentry","category-non-classe","category-anti-imperialisme","category-islamophobie","category-resistance-bruxelles","category-racismes","tag-belgique","tag-guerre"],"_links":{"self":[{"href":"https:\/\/bruxelles-pantheres.be\/index.php?rest_route=\/wp\/v2\/posts\/620","targetHints":{"allow":["GET"]}}],"collection":[{"href":"https:\/\/bruxelles-pantheres.be\/index.php?rest_route=\/wp\/v2\/posts"}],"about":[{"href":"https:\/\/bruxelles-pantheres.be\/index.php?rest_route=\/wp\/v2\/types\/post"}],"author":[{"embeddable":true,"href":"https:\/\/bruxelles-pantheres.be\/index.php?rest_route=\/wp\/v2\/users\/1"}],"replies":[{"embeddable":true,"href":"https:\/\/bruxelles-pantheres.be\/index.php?rest_route=%2Fwp%2Fv2%2Fcomments&post=620"}],"version-history":[{"count":1,"href":"https:\/\/bruxelles-pantheres.be\/index.php?rest_route=\/wp\/v2\/posts\/620\/revisions"}],"predecessor-version":[{"id":621,"href":"https:\/\/bruxelles-pantheres.be\/index.php?rest_route=\/wp\/v2\/posts\/620\/revisions\/621"}],"wp:featuredmedia":[{"embeddable":true,"href":"https:\/\/bruxelles-pantheres.be\/index.php?rest_route=\/wp\/v2\/media\/408"}],"wp:attachment":[{"href":"https:\/\/bruxelles-pantheres.be\/index.php?rest_route=%2Fwp%2Fv2%2Fmedia&parent=620"}],"wp:term":[{"taxonomy":"category","embeddable":true,"href":"https:\/\/bruxelles-pantheres.be\/index.php?rest_route=%2Fwp%2Fv2%2Fcategories&post=620"},{"taxonomy":"post_tag","embeddable":true,"href":"https:\/\/bruxelles-pantheres.be\/index.php?rest_route=%2Fwp%2Fv2%2Ftags&post=620"}],"curies":[{"name":"wp","href":"https:\/\/api.w.org\/{rel}","templated":true}]}}