{"id":6201,"date":"2025-02-24T13:58:57","date_gmt":"2025-02-24T12:58:57","guid":{"rendered":"https:\/\/bruxelles-pantheres.be\/?p=6201"},"modified":"2025-02-23T14:07:16","modified_gmt":"2025-02-23T13:07:16","slug":"la-negation-du-genocide-a-gaza-dans-les-etudes-sur-lholocauste","status":"publish","type":"post","link":"https:\/\/bruxelles-pantheres.be\/?p=6201","title":{"rendered":"La n\u00e9gation du g\u00e9nocide \u00e0 Gaza dans les \u00e9tudes sur l\u2019Holocauste"},"content":{"rendered":"<div class=\"post-top\">\n<div class=\"post-meta the-icons pmeta-alt\"><span class=\"post-author vcard\"><i class=\"fa fa-user\"><\/i>Raz Segal<\/span>\u00a0<span class=\"entry-date post-date\"><i class=\"fa fa-clock-o\"><\/i><abbr class=\"published\" title=\"2025-02-12T11:00:00+01:00\">12 f\u00e9vrier 2025<\/abbr><\/span><\/div>\n<\/div>\n<div class=\"post-content\">\n<div class=\"entry-content\">\n<p><em>L\u2019universitaire Raz Segal relate l\u2019\u00e9trange exp\u00e9rience d\u2019avoir \u00e9t\u00e9 accus\u00e9 d\u2019antis\u00e9mitisme, alors qu\u2019il est lui-m\u00eame juif et sp\u00e9cialiste de l\u2019Holocauste ainsi que d\u2019autres g\u00e9nocides, pour avoir commis le crime impardonnable de s\u2019opposer \u00e0 la guerre g\u00e9nocidaire men\u00e9e par l\u2019\u00c9tat colonial d\u2019Isra\u00ebl contre les Palestinien-nes de Gaza.<\/em><\/p>\n<\/div>\n<\/div>\n<p><!--more--><\/p>\n<p><img decoding=\"async\" class=\"attachment-medium-large size-medium-large wp-post-image\" src=\"https:\/\/www.contretemps.eu\/wp-content\/uploads\/End_Palestinian_Genocide_53253921014.jpg\" sizes=\"(max-width: 2048px) 100vw, 2048px\" srcset=\"https:\/\/www.contretemps.eu\/wp-content\/uploads\/End_Palestinian_Genocide_53253921014.jpg 2048w, https:\/\/www.contretemps.eu\/wp-content\/uploads\/End_Palestinian_Genocide_53253921014-512x380.jpg 512w, https:\/\/www.contretemps.eu\/wp-content\/uploads\/End_Palestinian_Genocide_53253921014-1024x761.jpg 1024w, https:\/\/www.contretemps.eu\/wp-content\/uploads\/End_Palestinian_Genocide_53253921014-256x190.jpg 256w, https:\/\/www.contretemps.eu\/wp-content\/uploads\/End_Palestinian_Genocide_53253921014-1536x1141.jpg 1536w\" alt=\"\" width=\"2048\" height=\"1521\" \/><\/p>\n<article id=\"post-44170\" class=\"post-single post-44170 post type-post status-publish format-standard has-post-thumbnail hentry category-diaporama category-histoire category-theorie tag-antisionisme tag-gaza tag-genocide tag-histoire tag-israel tag-juifs tag-palestine tag-sionisme has_thumb\">\n<div class=\"post-content\">\n<div class=\"entry-content\">\n<p class=\"has-text-align-center\">***<\/p>\n<p>Qu\u2019est-ce qui se trouve au c\u0153ur du soutien inconditionnel que l\u2019Allemagne accorde \u00e0 Isra\u00ebl, y compris durant les seize derniers mois de son assaut g\u00e9nocidaire contre Gaza ? Cette question demeure pertinente m\u00eame si la tr\u00eave actuelle devait mettre un terme au g\u00e9nocide : l\u2019aborder met en lumi\u00e8re le processus de colonisation isra\u00e9lienne qui s\u2019est \u00e9tendu sur plusieurs d\u00e9cennies et a men\u00e9 \u00e0 ce g\u00e9nocide, une\u00a0<a href=\"https:\/\/columbialawreview.org\/content\/toward-nakba-as-a-legal-concept\/\" target=\"_blank\" rel=\"noreferrer noopener\">Nakba<\/a>\u00a0qui continue de se d\u00e9rouler ind\u00e9pendamment du cessez-le-feu. En r\u00e9alit\u00e9, les attaques d\u2019Isra\u00ebl contre les Palestiniens n\u2019ont pas cess\u00e9 et, en Cisjordanie occup\u00e9e, elles\u00a0<a href=\"https:\/\/www.aljazeera.com\/news\/2025\/1\/23\/what-is-israels-deadly-iron-wall-military-raid-in-the-west-banks-jenin\" target=\"_blank\" rel=\"noreferrer noopener\">se sont<\/a>\u00a0m\u00eame\u00a0<a href=\"https:\/\/www.aljazeera.com\/news\/2025\/1\/23\/what-is-israels-deadly-iron-wall-military-raid-in-the-west-banks-jenin\" target=\"_blank\" rel=\"noreferrer noopener\">intensifi\u00e9es<\/a>\u00a0depuis le d\u00e9but du cessez-le-feu \u00e0 Gaza, avec des attaques meurtri\u00e8res perp\u00e9tr\u00e9es par des colons isra\u00e9liens et l\u2019arm\u00e9e isra\u00e9lienne.<\/p>\n<p>Une collaboration \u00e9troite entre des sp\u00e9cialistes de l\u2019Holocauste en Isra\u00ebl et en Allemagne apporte des \u00e9l\u00e9ments de r\u00e9ponse inqui\u00e9tants \u00e0 cette question. Lors d\u2019un\u00a0\u00e9v\u00e9nement en ligne organis\u00e9 par le Programme d\u2019\u00c9tudes sur l\u2019Holocauste au\u00a0<em>Western Galilee College<\/em>\u00a0(WGC) isra\u00e9lien le 19 d\u00e9cembre 2024, trois intervenants \u2013 Alvin Rosenfeld, professeur d\u2019anglais et d\u2019\u00e9tudes juives \u00e0 l\u2019Universit\u00e9 d\u2019Indiana, Verena Buser, historienne allemande qui enseigne en ligne au WGC, et Lars Rensmann, professeur de sciences politiques \u00e0 l\u2019Universit\u00e9 de Passau en Allemagne \u2013 ont attaqu\u00e9 des chercheurs en \u00e9tudes sur l\u2019Holocauste et le g\u00e9nocide, dont moi-m\u00eame, pour avoir os\u00e9 qualifier les crimes commis par Isra\u00ebl \u00e0 Gaza de g\u00e9nocide.<\/p>\n<p>Bien que l\u2019\u00e9v\u00e9nement ait \u00e9t\u00e9 organis\u00e9 en l\u2019honneur de\u00a0<a href=\"https:\/\/fr.wikipedia.org\/wiki\/Yehuda_Bauer\" target=\"_blank\" rel=\"noreferrer noopener\">Yehuda Bauer<\/a>, figure fondatrice des \u00e9tudes sur l\u2019Holocauste, d\u00e9c\u00e9d\u00e9 le 18 octobre 2024 \u00e0 l\u2019\u00e2ge de quatre-vingt-dix-huit ans, les intervenants ont \u00e0 peine mentionn\u00e9 son nom ou son travail. De m\u00eame, Ils n\u2019ont pas pris en compte les preuves accablantes du g\u00e9nocide en cours \u00e0 Gaza depuis le 7 octobre 2023. \u00a0\u00c0 la place, ils ont tout simplement choisi de nier l\u2019existence du g\u00e9nocide.<\/p>\n<p>Verena Buser, par exemple, a affirm\u00e9 que les universitaires qui qualifient les actions d\u2019Isra\u00ebl \u00e0 Gaza de g\u00e9nocide ignorent les \u00ab nombreuses critiques internationales \u00bb concernant la validit\u00e9 des chiffres des victimes palestiniennes qui, a-t-elle ajout\u00e9, \u00ab ne font pas la distinction entre les combattants et les civils \u00bb. La v\u00e9rit\u00e9 est qu\u2019il existe un large\u00a0<a href=\"https:\/\/news.sky.com\/story\/gaza-conflict-thousands-remain-unidentified-as-death-toll-reaches-40-000-13197287\" target=\"_blank\" rel=\"noreferrer noopener\">consensus<\/a>\u00a0international selon lequel Isra\u00ebl a\u00a0<a href=\"https:\/\/www.ochaopt.org\/content\/reported-impact-snapshot-gaza-strip-8-january-2025\" target=\"_blank\" rel=\"noreferrer noopener\">tu\u00e9<\/a>\u00a0plus de 46 000 Palestiniens.<\/p>\n<p>Les chiffres r\u00e9els sont d\u2019ailleurs probablement bien plus \u00e9lev\u00e9s : un\u00a0<a href=\"https:\/\/www.thelancet.com\/journals\/lancet\/article\/PIIS0140-6736(24)02678-3\/fulltext\" target=\"_blank\" rel=\"noreferrer noopener\">article<\/a>\u00a0r\u00e9cent du\u00a0<em>Lancet<\/em>\u00a0affirme qu\u2019Isra\u00ebl avait tu\u00e9 plus de 64 000 Palestiniens \u00e0 la fin du mois de juin 2024, dont une majorit\u00e9 de civils, y compris des milliers d\u2019enfants. Selon\u00a0<a href=\"https:\/\/www.savethechildren.net\/news\/gaza-least-3100-children-aged-under-five-killed-others-risk-famine-looms\" target=\"_blank\" rel=\"noreferrer noopener\">Save the Children<\/a>, \u00ab le territoire palestinien occup\u00e9 est d\u00e9sormais le lieu le plus meurtrier au monde pour les enfants : environ 30% des 11 300 enfants identifi\u00e9s comme tu\u00e9s \u00e0 Gaza entre octobre 2023 et ao\u00fbt 2024 avaient moins de cinq ans. \u00bb De plus,\u00a0pr\u00e8s de 3 000 enfants palestiniens\u00a0\u00e0 Gaza n\u2019avaient toujours pas \u00e9t\u00e9 identifi\u00e9s \u00e0 la fin du mois d\u2019ao\u00fbt 2024.<\/p>\n<p>La n\u00e9gation du g\u00e9nocide par Verena Buser ne s\u2019est pas limit\u00e9e \u00e0 la minimisation classique du nombre de victimes \u2013 une strat\u00e9gie bien connue du n\u00e9gationnisme de l\u2019Holocauste. Elle est all\u00e9e plus loin en invoquant de pr\u00e9tendus \u00ab rapports \u00bb affirmant qu\u2019il n\u2019y aurait pas de famine \u00e0 Gaza, ou que si famine il y a, elle serait due aux \u00ab d\u00e9fis logistiques \u00bb pos\u00e9s par la guerre. Pourtant, elle n\u2019a cit\u00e9 aucun de ces rapports ni pr\u00e9cis\u00e9 quels seraient ces d\u00e9fis logistiques. Rien d\u2019\u00e9tonnant \u00e0 cela\u00a0: un large consensus international existe sur les politiques de\u00a0<a href=\"https:\/\/www.ohchr.org\/en\/press-releases\/2024\/11\/un-special-committee-finds-israels-warfare-methods-gaza-consistent-genocide\" target=\"_blank\" rel=\"noreferrer noopener\">famine<\/a>\u00a0d\u00e9lib\u00e9r\u00e9e, abondamment document\u00e9es d\u2019Isra\u00ebl, dont les dirigeants militaires isra\u00e9liens ont discut\u00e9\u00a0<a href=\"https:\/\/www.middleeasteye.net\/explainers\/israel-gaza-palestine-what-generals-plan\" target=\"_blank\" rel=\"noreferrer noopener\">ouvertement<\/a>.<\/p>\n<p>La plupart des universitaires dans la ligne de mire des intervenants de l\u2019\u00e9v\u00e9nement du WGC sont des Juifs, moi y compris. Nous sommes attaqu\u00e9s pour la mani\u00e8re dont nous comprenons et exprimons notre critique des atrocit\u00e9s isra\u00e9liennes \u00e0 travers le prisme de notre identit\u00e9 juive. Apparemment, nous ne sommes pas le bon type de Juifs. En nous accusant d\u2019antis\u00e9mitisme en raison de la mani\u00e8re dont nous nous identifions en tant que Juifs, ces d\u00e9tracteurs reproduisent une vision antis\u00e9mite qui refuse la pluralit\u00e9 des identit\u00e9s juives et enferme tous les Juifs dans une seule et m\u00eame entit\u00e9 homog\u00e8ne : \u00ab les Juifs \u00bb. Ainsi, les attaques contre les chercheurs juifs s\u2019inscrivent dans un cadre id\u00e9ologique plus large, profond\u00e9ment raciste, dont le but principal est de d\u00e9nigrer les Palestiniens.<\/p>\n<p>Plus scandaleux encore, l\u2019historien isra\u00e9lien\u00a0<a href=\"https:\/\/en.wikipedia.org\/wiki\/Dan_Michman\" target=\"_blank\" rel=\"noreferrer noopener\">Dan Michman<\/a>, qui dirige l\u2019Institut International de Recherche sur l\u2019Holocauste \u00e0 Yad Vashem, a fait appel \u00e0 nul autre qu\u2019Adolf Hitler pour donner du poids aux attaques des orateurs :<\/p>\n<blockquote class=\"wp-block-quote\"><p><em>Personne ne trouve \u00e0 redire au terme \u00ab palestinien \u00bb . . .. Mais si vous remontez un si\u00e8cle en arri\u00e8re, dans\u00a0<\/em>Mein Kampf<em>, par exemple\u2026 Hitler dit \u00e0 un moment donn\u00e9 que les sionistes veulent \u00e9tablir un \u00c9tat palestinien afin d\u2019avoir une base pour leurs activit\u00e9s criminelles. Or, il y a un si\u00e8cle, un \u00c9tat palestinien \u00e9tait un \u00c9tat juif. Et le fait est que pendant la p\u00e9riode du mandat [britannique] en Palestine, les habitants juifs \u00e9taient appel\u00e9s Juifs palestiniens, les Arabes \u00e9taient des Arabes palestiniens. . .. En 1948, Isra\u00ebl a \u00e9t\u00e9 cr\u00e9\u00e9, et les Juifs palestiniens sont devenus des Isra\u00e9liens, de sorte que le terme [palestinien] est rest\u00e9 ouvert, et ce n\u2019est que depuis les ann\u00e9es 1950 que nous commen\u00e7ons \u00e0 entendre parler des Palestiniens.<\/em><\/p><\/blockquote>\n<p>Il semble que Michman ait voulu faire \u00e9cho \u00e0 Lars Rensmann, qui a affirm\u00e9 dans son intervention au d\u00e9but de l\u2019\u00e9v\u00e9nement que \u00ab les nazis \u00e9taient ouvertement, agressivement, depuis leurs origines, depuis Hitler en 1920 \u2026 ouvertement antisionistes et ont attaqu\u00e9 l\u2019\u00c9tat sioniste potentiel \u00bb. L\u2019argument est limpide : puisque Hitler \u00e9tait antisioniste, alors l\u2019antisionisme ne peut \u00eatre qu\u2019une forme d\u2019antis\u00e9mitisme. Une affirmation r\u00e9p\u00e9t\u00e9e inlassablement au cours de l\u2019\u00e9v\u00e9nement, comme une incantation cherchant \u00e0 rendre inaudibles les critiques du sionisme.<\/p>\n<p>Ce faisant, ils ignorent la riche\u00a0<a href=\"https:\/\/nyupress.org\/9781479829316\/the-threshold-of-dissent\/\" target=\"_blank\" rel=\"noreferrer noopener\">histoire<\/a>\u00a0des Juifs antisionistes et des organisations et\u00a0<a href=\"https:\/\/www.vmbooksusa.com\/products\/9780853034490\" target=\"_blank\" rel=\"noreferrer noopener\">partis politiques<\/a>\u00a0juifs antisionistes, ainsi que les nombreux Juifs antisionistes et\u00a0<a href=\"https:\/\/www.jewishvoiceforpeace.org\/about\/\" target=\"_blank\" rel=\"noreferrer noopener\">organisations juives<\/a>\u00a0dans le monde aujourd\u2019hui. Plus absurde encore, on aboutit ainsi \u00e0 une situation bizarre o\u00f9 un professeur allemand se pose en juge de la l\u00e9gitimit\u00e9 des identit\u00e9s juives, tandis qu\u2019un historien isra\u00e9lien sp\u00e9cialiste de l\u2019Holocauste invoque Hitler pour discr\u00e9diter les Juifs antisionistes \u2013 un raisonnement qui, en fin de compte, ne fait que reproduire la logique raciste du nazisme.<\/p>\n<p>Michman et Rensmann ne dirigent pas leurs attaques contre les n\u00e9onazis et autres groupes d\u2019extr\u00eame droite\u00a0<a href=\"https:\/\/www.vox.com\/world-politics\/2024\/3\/12\/24080074\/germany-afd-far-right\" target=\"_blank\" rel=\"noreferrer noopener\">qui connaissent une recrudescence en Allemagne<\/a>\u00a0et ailleurs. Non, leur cible privil\u00e9gi\u00e9e, ce sont les Juifs antisionistes. Ce paradoxe apparent s\u2019explique ais\u00e9ment : ils ne peuvent tol\u00e9rer l\u2019existence m\u00eame de Juifs qui rejettent le sionisme, notamment lorsqu\u2019il s\u2019agit de chercheurs sp\u00e9cialis\u00e9s dans l\u2019histoire de l\u2019Holocauste et des g\u00e9nocides, qui osent affirmer que l\u2019attaque isra\u00e9lienne sur Gaza depuis octobre 2023 correspond \u00e0 la d\u00e9finition juridique du g\u00e9nocide.<\/p>\n<p>Ces chercheurs juifs ne sont pourtant pas isol\u00e9s.\u00a0<a href=\"https:\/\/fr.wikipedia.org\/wiki\/William_Schabas\" target=\"_blank\" rel=\"noreferrer noopener\">William Schabas<\/a>, l\u2019un des plus importants experts en droit international sur le g\u00e9nocide et\u00a0 issu d\u2019une famille de survivants de l\u2019Holocauste, d\u00e9clarait lors d\u2019une\u00a0<a href=\"https:\/\/www.spiegel.de\/international\/world\/interview-with-human-rights-expert-william-schabas-a-strong-case-that-israels-response-constitutes-the-crime-of-genocide-a-da7e4524-ab3b-40e4-b409-f8fca9c081b8\">interview \u00e0<\/a>\u00a0la fin du mois de novembre 2024\u00a0:<\/p>\n<blockquote class=\"wp-block-quote\"><p><em>\u00c0 Gaza, l\u2019infrastructure a \u00e9t\u00e9 massivement d\u00e9truite, les gens ont \u00e9t\u00e9 incapables de s\u2019\u00e9chapper \u2013 et puis il y a eu les d\u00e9clarations terribles faites par [l\u2019ancien ministre isra\u00e9lien de la d\u00e9fense] Yoav Gallant. . .. Les d\u00e9clarations ont \u00e9t\u00e9 faites par des ministres, des porte-parole du gouvernement et des chefs militaires, qui ont tous une influence sur les troupes. Elles sont plus fr\u00e9quentes et plus graves que dans tout autre cas port\u00e9 devant la Cour internationale de justice dont j\u2019ai connaissance\u2026 .. Avec la famine, le manque d\u2019acc\u00e8s \u00e0 l\u2019eau et \u00e0 l\u2019hygi\u00e8ne, la destruction syst\u00e9matique des maisons, \u00e9coles et h\u00f4pitaux, se dessine une image qui pourrait \u00eatre interpr\u00e9t\u00e9e comme r\u00e9sultant d\u2019une intention g\u00e9nocidaire.\u201d.<\/em><\/p><\/blockquote>\n<p>Mais pour\u00a0Rensmann, il ne peut y avoir de d\u00e9bat :\u00a0<em>\u201cl\u2019accusation de g\u00e9nocide contre Isra\u00ebl fait partie int\u00e9grante de l\u2019histoire de l\u2019antis\u00e9mitisme du XXe et du XXIe si\u00e8cle.\u201d<\/em><\/p>\n<p>Buser s\u2019est appuy\u00e9 sur Rensmann pour rejeter les universitaires sp\u00e9cialis\u00e9s dans les \u00e9tudes sur l\u2019Holocauste et les g\u00e9nocides, pour la plupart juifs, dont les travaux s\u2019appuient sur le vaste corpus de sources sur le g\u00e9nocide isra\u00e9lien \u00e0 Gaza, qui ne cesse de s\u2019enrichir. Il s\u2019agit notamment des documents relatifs \u00e0 l\u2019accusation de g\u00e9nocide port\u00e9e par l\u2019Afrique du Sud contre Isra\u00ebl devant la\u00a0<a href=\"https:\/\/www.icj-cij.org\/sites\/default\/files\/case-related\/192\/192-20231228-app-01-00-en.pdf\" target=\"_blank\" rel=\"noreferrer noopener\">Cour internationale de justice<\/a>, des nombreuses cartes, t\u00e9moignages de Palestiniens, photos a\u00e9riennes et autres sources figurant dans les rapports d\u2019<a href=\"https:\/\/www.amnesty.org\/en\/documents\/mde15\/8668\/2024\/en\/\" target=\"_blank\" rel=\"noreferrer noopener\">Amnesty International<\/a>, de\u00a0<a href=\"https:\/\/www.hrw.org\/news\/2024\/12\/19\/israels-crime-extermination-acts-genocide-gaza\" target=\"_blank\" rel=\"noreferrer noopener\">Human Rights Watch<\/a>, de\u00a0<a href=\"https:\/\/forensic-architecture.org\/investigation\/a-cartography-of-genocide\" target=\"_blank\" rel=\"noreferrer noopener\">Forensic Architecture<\/a>\u00a0et de la rapporteuse sp\u00e9ciale des Nations unies\u00a0<a href=\"https:\/\/www.ohchr.org\/en\/special-procedures\/sr-palestine\" target=\"_blank\" rel=\"noreferrer noopener\">Francesca Albanese<\/a>\u00a0sur la situation des droits humains dans les territoires palestiniens occup\u00e9s depuis 1967, ainsi que des milliers de\u00a0<a href=\"https:\/\/www.youtube.com\/watch?v=kPE6vbKix6A&amp;t=16s\" target=\"_blank\" rel=\"noreferrer noopener\">vid\u00e9os<\/a>\u00a0fi\u00e8rement t\u00e9l\u00e9charg\u00e9es sur les r\u00e9seaux sociaux par des soldats et des officiers isra\u00e9liens dans lesquelles ils documentent leur propre violence et leurs propres crimes.<\/p>\n<p>En niant cette r\u00e9alit\u00e9 abondamment document\u00e9e, Buser affirme que les universitaires sp\u00e9cialis\u00e9s dans l\u2019\u00e9tude de l\u2019Holocauste et des g\u00e9nocides qu\u2019elle cherche \u00e0 discr\u00e9diter utilisent la\u00a0<a href=\"https:\/\/jerusalemdeclaration.org\/\" target=\"_blank\" rel=\"noreferrer noopener\">D\u00e9claration de J\u00e9rusalem sur l\u2019antis\u00e9mitisme<\/a>\u00a0(JDA), qui \u00ab acquitte l\u2019antisionisme et les comparaisons avec les nazis d\u2019accusations d\u2019antis\u00e9mitisme \u00bb. La JDA, poursuit-elle, permet donc \u00e0 ces universitaires de faire des d\u00e9clarations antisionistes ou de sugg\u00e9rer des comparaisons historiques qu\u2019elle consid\u00e8re comme antis\u00e9mites, y compris, selon ses termes, que \u00ab l\u2019\u00c9tat d\u2019Isra\u00ebl est un \u00c9tat blanc, colonisateur et d\u2019apartheid qui commet un g\u00e9nocide \u00e0 Gaza \u00bb.<\/p>\n<p>Or, la\u00a0D\u00e9claration de J\u00e9rusalem\u00a0affirme explicitement que\u00a0<em>\u201ccritiquer ou s\u2019opposer au sionisme en tant que forme de nationalisme n\u2019est pas antis\u00e9mite\u201d<\/em>\u00a0et que\u00a0<em>\u201cles normes du d\u00e9bat qui s\u2019appliquent aux autres \u00c9tats et aux autres conflits li\u00e9s \u00e0 l\u2019autod\u00e9termination nationale doivent aussi s\u2019appliquer au cas d\u2019Isra\u00ebl et de la Palestine.\u201d<\/em>\u00a0Autrement dit, si critiquer n\u2019importe quelle id\u00e9ologie politique ou politique d\u2019un \u00c9tat est un droit fondamental, alors il en va de m\u00eame pour le sionisme et Isra\u00ebl.<\/p>\n<p>Cette d\u00e9claration conclut \u00e9galement qu\u2019<em>\u201caussi controvers\u00e9 que cela puisse \u00eatre, comparer Isra\u00ebl \u00e0 d\u2019autres pr\u00e9c\u00e9dents historiques, y compris au colonialisme de peuplement ou \u00e0 l\u2019apartheid, n\u2019est pas en soi antis\u00e9mite.\u201d<\/em>\u00a0Mais pour\u00a0Buser\u00a0et ses coll\u00e8gues du WGC, toute critique du sionisme rel\u00e8ve de l\u2019antis\u00e9mitisme. Dans sa pr\u00e9sentation, elle dresse ainsi la liste des onze chercheurs qu\u2019elle consid\u00e8re comme les plus \u00ab coupables \u00bb, dont huit sont juifs \u2013 moi y compris.<\/p>\n<div class=\"wp-block-spacer\" aria-hidden=\"true\"><\/div>\n<h2 class=\"wp-block-heading\"><strong>L\u2019id\u00e9e de l\u2019unicit\u00e9 de l\u2019Holocauste<\/strong><\/h2>\n<p>Comment comprendre ce partenariat entre des universitaires isra\u00e9liens et allemands sp\u00e9cialistes de l\u2019Holocauste, qui attaquent des chercheurs juifs tout en niant le g\u00e9nocide isra\u00e9lien en cours, tout en reproduisant le racisme exterminateur dirig\u00e9 contre les Palestiniens\u00a0? Pour commencer \u00e0 d\u00e9m\u00ealer cette question, il faut se rappeler que l\u2019\u00e9v\u00e9nement du\u00a0Western Galilee College (WGC)\u00a0visait \u00e0 honorer\u00a0Yehuda Bauer, figure fondatrice des \u00e9tudes sur l\u2019Holocauste. Il est le penseur le plus associ\u00e9 \u00e0 l\u2019id\u00e9e que l\u2019Holocauste est unique dans l\u2019histoire de l\u2019humanit\u00e9. Cette id\u00e9e, qui a \u00e9galement guid\u00e9 les travaux de Rosenfeld et Michman, a jou\u00e9 un r\u00f4le fondamental dans les sph\u00e8res politiques et les soci\u00e9t\u00e9s d\u2019Isra\u00ebl et d\u2019Allemagne.<\/p>\n<p>L\u2019affirmation de l\u2019unicit\u00e9 absolue de l\u2019Holocauste dans l\u2019histoire de l\u2019humanit\u00e9 a \u00e9t\u00e9 facilit\u00e9e par la formulation du concept de g\u00e9nocide dans la\u00a0<a href=\"https:\/\/www.ohchr.org\/fr\/instruments-mechanisms\/instruments\/convention-prevention-and-punishment-crime-genocide\" target=\"_blank\" rel=\"noreferrer noopener\">Convention des Nations unies pour la pr\u00e9vention et la r\u00e9pression du crime de g\u00e9nocide<\/a>\u00a0en 1948. De ce fait, ce que nous appelons aujourd\u2019hui l\u2019Holocauste (un terme alors inexistant) a \u00e9t\u00e9 consid\u00e9r\u00e9 comme un crime d\u2019une gravit\u00e9 sup\u00e9rieure au g\u00e9nocide. Cette hi\u00e9rarchie a ensuite fa\u00e7onn\u00e9 le champ acad\u00e9mique des\u00a0\u00c9tudes sur l\u2019Holocauste et les G\u00e9nocides, s\u00e9parant la violence de masse nazie de l\u2019histoire\u00a0longue des g\u00e9nocides coloniaux occidentaux\u00a0et des g\u00e9nocides sovi\u00e9tiques qui l\u2019avaient pr\u00e9c\u00e9d\u00e9e.<\/p>\n<p>Mais cette classification a aussi permis d\u2019occulter d\u2019autres crimes massifs, notamment ceux commis par les Alli\u00e9s et l\u2019Union sovi\u00e9tique pendant la Seconde Guerre mondiale, tels que\u00a0les bombardements atomiques sur Hiroshima et Nagasaki\u00a0par les \u00c9tats-Unis, actes que l\u2019expert en g\u00e9nocide\u00a0<a href=\"https:\/\/en.wikipedia.org\/wiki\/Leo_Kuper\" target=\"_blank\" rel=\"noreferrer noopener\">Leo Kuper<\/a>\u00a0(1908-1994) a d\u00e9crit en\u00a01981\u00a0comme des actes relevant du g\u00e9nocide dans son ouvrage\u00a0<a href=\"https:\/\/www.abebooks.fr\/9780300031201\/Genocide-Political-Use-Twentieth-Century-0300031203\/plp\" target=\"_blank\" rel=\"noreferrer noopener\"><em>Genocide: Its Political Use in the Twentieth Century<\/em>.<\/a><\/p>\n<p>Les int\u00e9r\u00eats communs sovi\u00e9to-occidentaux sur le nouveau crime de g\u00e9nocide s\u2019arr\u00eataient l\u00e0. En Occident, cette hi\u00e9rarchie a fait des Juifs les victimes les plus pures, ce qui a \u00e9t\u00e9 rendu possible par la place fondamentale des Juifs dans le monde jud\u00e9o-chr\u00e9tien. Comme l\u2019a soutenu le regrett\u00e9 historien de l\u2019Holocauste\u00a0<a href=\"https:\/\/en.wikipedia.org\/wiki\/Alon_Confino\" target=\"_blank\" rel=\"noreferrer noopener\">Alon Confino<\/a>\u00a0(1959-2024) dans\u00a0<a href=\"https:\/\/yalebooks.yale.edu\/book\/9780300212518\/a-world-without-jews\/\" target=\"_blank\" rel=\"noreferrer noopener\"><em>A World Without Jews<\/em><\/a>, un brillant ouvrage paru en 2014, les nazis consid\u00e9raient la destruction des Juifs pr\u00e9cis\u00e9ment de cette mani\u00e8re, comme essentielle \u00e0 l\u2019an\u00e9antissement de la civilisation jud\u00e9o-chr\u00e9tienne afin de cr\u00e9er une civilisation nazie \u00e0 la place. L\u2019unicit\u00e9 de l\u2019Holocauste s\u2019est donc appuy\u00e9e sur l\u2019id\u00e9e que les Juifs sont un peuple unique et l\u2019a renforc\u00e9e.<\/p>\n<p>Cette posture victimaire a ensuite \u00e9t\u00e9 r\u00e9cup\u00e9r\u00e9e pour alimenter un\u00a0discours de sup\u00e9riorit\u00e9 morale, \u00e9troitement li\u00e9 au projet sioniste : l\u2019amalgame entre un peuple, les Juifs, et un \u00c9tat, Isra\u00ebl. C\u2019est ainsi qu\u2019est n\u00e9e l\u2019opinion commune \u00e0 Isra\u00ebl et \u00e0 l\u2019Occident selon laquelle l\u2019arm\u00e9e isra\u00e9lienne est l\u2019arm\u00e9e la plus morale du monde. En cons\u00e9quence, il est devenu inimaginable qu\u2019Isra\u00ebl puisse commettre un quelconque crime au regard du droit international, sans parler d\u2019un g\u00e9nocide.<\/p>\n<p>Cette impunit\u00e9 d\u2019Isra\u00ebl dans le syst\u00e8me juridique international a brouill\u00e9 la reproduction du nationalisme d\u2019exclusion et du colonialisme de peuplement dans l\u2019\u00c9tat isra\u00e9lien depuis ses origines dans la Nakba de 1948, en passant par la\u00a0<a href=\"https:\/\/columbialawreview.org\/content\/toward-nakba-as-a-legal-concept\/\" target=\"_blank\" rel=\"noreferrer noopener\">Nakba actuelle<\/a>\u00a0dans les d\u00e9cennies de violence de masse isra\u00e9lienne contre les Palestiniens, culminant aujourd\u2019hui dans le g\u00e9nocide isra\u00e9lien \u00e0 Gaza.<\/p>\n<p>L\u2019id\u00e9e d\u2019un Holocauste unique a \u00e9galement jou\u00e9 un r\u00f4le structurant dans l\u2019engagement allemand vis-\u00e0-vis d\u2019Isra\u00ebl. L\u2019ancienne chanceli\u00e8re allemande Angela Merkel\u00a0<a href=\"https:\/\/www.spiegel.de\/international\/germany\/reason-of-state-the-true-story-behind-merkels-promise-to-israel-a-00563b9e-0c66-4717-9331-e0bbb4cc8f88\" target=\"_blank\" rel=\"noreferrer noopener\">a d\u00e9crit de<\/a>\u00a0mani\u00e8re c\u00e9l\u00e8bre cet engagement dans un discours \u00e0 la Knesset isra\u00e9lienne en 2008 comme une \u00ab raison d\u2019\u00c9tat \u00bb de l\u2019Allemagne.<\/p>\n<p>Cette formule, initialement introduite en\u00a02005\u00a0par le diplomate social-d\u00e9mocrate\u00a0<a href=\"https:\/\/en.wikipedia.org\/wiki\/Rudolf_Dre%C3%9Fler\" target=\"_blank\" rel=\"noreferrer noopener\">Rudolf Dressler<\/a>\u00a0(1940-2025) qui fut ambassadeur d\u2019Allemagne en Isra\u00ebl de 2000 \u00e0 2005, a \u00e9t\u00e9 reprise par le chancelier\u00a0Olaf Scholz\u00a0en\u00a0octobre 2023, en pleine attaque isra\u00e9lienne contre Gaza.\u00a0Cinq jours plus tard, \u00e0 Tel-Aviv, Scholz\u00a0<a href=\"https:\/\/www.timesofisrael.com\/liveblog_entry\/alongside-netanyahu-scholz-says-germany-will-always-stand-alongside-israel\/\" target=\"_blank\" rel=\"noreferrer noopener\">ajoutait<\/a>\u00a0que\u00a0\u00ab l\u2019histoire de l\u2019Allemagne et sa responsabilit\u00e9 dans l\u2019Holocauste nous obligent \u00e0 pr\u00e9server la s\u00e9curit\u00e9 et l\u2019existence d\u2019Isra\u00ebl \u00bb.<\/p>\n<p>Mais cette insistance sur\u00a0l\u2019unicit\u00e9 de l\u2019Holocauste\u00a0remplit une fonction plus profonde en Allemagne. Elle permet de\u00a0dissocier le nazisme du reste de l\u2019<a href=\"https:\/\/jewishcurrents.org\/policing-the-borders-of-suffering\" target=\"_blank\" rel=\"noreferrer noopener\">histoire<\/a>\u00a0allemande, en en faisant un \u00e9v\u00e9nement hors du temps, coup\u00e9 de toute continuit\u00e9 avec le pass\u00e9 colonial et post-nazi du pays, avant et apr\u00e8s l\u2019Holocauste.<\/p>\n<p>Ce tour de passe-passe masque les liens entre le nazisme et le g\u00e9nocide colonial commis par l\u2019Empire allemand en Namibie contre les\u00a0<a href=\"https:\/\/fr.wikipedia.org\/wiki\/H%C3%A9r%C3%A9ros\" target=\"_blank\" rel=\"noreferrer noopener\">H\u00e9r\u00e9ro<\/a>s et les\u00a0<a href=\"https:\/\/fr.wikipedia.org\/wiki\/Nama_(peuple)\" target=\"_blank\" rel=\"noreferrer noopener\">Nama<\/a>s dans le sud-ouest de l\u2019Afrique au d\u00e9but du vingti\u00e8me si\u00e8cle. \u00a0Il efface aussi les r\u00e9surgences du\u00a0nationalisme allemand d\u2019exclusion, du\u00a0<a href=\"https:\/\/time.com\/6960193\/german-immigration-consensus\/\">racisme<\/a>\u00a0\u00e0 l\u2019encontre des migrants et des r\u00e9fugi\u00e9s. Au pire, cette mystification l\u00e9gitime un\u00a0racisme anti-palestinien\u00a0au moment m\u00eame o\u00f9 Isra\u00ebl\u00a0commet un g\u00e9nocide contre eux. L\u2019id\u00e9e de l\u2019unicit\u00e9 de l\u2019Holocauste ne remet donc pas en question, mais au contraire perp\u00e9tue le nationalisme exclusiviste et le colonialisme de peuplement qui ont conduit \u00e0 l\u2019Holocauste et qui continuent aujourd\u2019hui \u00e0 structurer \u00e0 la fois l\u2019\u00c9tat des pers\u00e9cuteurs et celui des survivants.<\/p>\n<p>L\u2019\u00e9v\u00e9nement organis\u00e9 par le WGC refl\u00e9tait ainsi ce que Bauer avait exprim\u00e9 un an avant sa mort, en novembre 2023, dans un\u00a0<a href=\"https:\/\/blogs.timesofisrael.com\/hamas-and-israel-live-in-different-worlds\/\" target=\"_blank\" rel=\"noreferrer noopener\">article<\/a>\u00a0paru dans\u00a0<em>Haaretz<\/em>. Utilisant une terminologie coloniale, Bauer d\u00e9crivait l\u2019attaque d\u2019Isra\u00ebl contre Gaza comme la d\u00e9fense d\u2019une \u00ab soci\u00e9t\u00e9 plus ou moins civilis\u00e9e \u00bb contre la \u00ab barbarie du Hamas \u00bb, appelant \u00e0 une \u00ab lutte implacable \u00bb entre \u00ab deux visions du monde, qui s\u2019adressent \u00e0 des types humains diff\u00e9rents \u00bb. Le partenariat isra\u00e9lo-allemand en \u00e9tudes sur l\u2019Holocauste au WGC utilise pr\u00e9cis\u00e9ment cette vision du monde profond\u00e9ment raciste, une vision qui a mis les Juifs en danger par le pass\u00e9 et qui les cible \u00e0 nouveau aujourd\u2019hui \u2013 cette fois pour justifier les atrocit\u00e9s isra\u00e9liennes \u00e0 Gaza tout en niant qu\u2019elles rel\u00e8vent d\u2019un g\u00e9nocide.<\/p>\n<p class=\"has-text-align-center\">*<\/p>\n<p><a href=\"https:\/\/en.wikipedia.org\/wiki\/Raz_Segal\" target=\"_blank\" rel=\"noreferrer noopener\">Raz Segal<\/a>\u00a0est professeur agr\u00e9g\u00e9 d\u2019\u00c9tudes sur l\u2019Holocauste et les G\u00e9nocides \u00e0 l\u2019Universit\u00e9 de Stockton (New Jersey), o\u00f9 il est \u00e9galement titulaire d\u2019une chaire sur l\u2019\u00e9tude des g\u00e9nocides modernes.\u00a0<a href=\"https:\/\/ujfp.org\/accuser-israel-de-genocide-ma-coute-un-emploi-un-autre-exemple-dune-universite-qui-laisse-tomber-les-juifs\/\" target=\"_blank\" rel=\"noreferrer noopener\">Il a perdu un poste<\/a>\u00a0\u00e0 l\u2019Universit\u00e9 du Minnesota en raison d\u2019une intense pression politique apr\u00e8s avoir qualifi\u00e9 l\u2019attaque isra\u00e9lienne contre Gaza de g\u00e9nocide.<\/p>\n<p>Publi\u00e9 dans\u00a0<a href=\"https:\/\/jacobin.com\/2025\/01\/gaza-genocide-holocaust-studies-germany\" target=\"_blank\" rel=\"noreferrer noopener\"><em>Jacobin<\/em><\/a><em>.\u00a0<\/em>Traduit de l\u2019anglais pour\u00a0<em>Contretemps\u00a0<\/em>par Christian Dubucq.<\/p>\n<pre><a title=\"CONTRETEMPS\" href=\"https:\/\/www.contretemps.eu\/\" rel=\"home\">Source : CONTRETEMPS <\/a>REVUE DE CRITIQUE COMMUNIS<\/pre>\n<p><img decoding=\"async\" class=\"attachment-medium-large size-medium-large wp-post-image aligncenter\" src=\"https:\/\/www.contretemps.eu\/wp-content\/uploads\/Gaza.jpg\" sizes=\"(max-width: 640px) 100vw, 640px\" srcset=\"https:\/\/www.contretemps.eu\/wp-content\/uploads\/Gaza.jpg 640w, https:\/\/www.contretemps.eu\/wp-content\/uploads\/Gaza-512x342.jpg 512w, https:\/\/www.contretemps.eu\/wp-content\/uploads\/Gaza-256x171.jpg 256w, https:\/\/www.contretemps.eu\/wp-content\/uploads\/Gaza-480x320.jpg 480w\" alt=\"\" width=\"640\" height=\"427\" \/><\/p>\n<article id=\"post-39575\" class=\"post-single post-39575 post type-post status-publish format-standard has-post-thumbnail hentry category-conjoncture tag-colonialisme tag-gaza tag-genocide tag-guerre tag-israel tag-occupation tag-palestine tag-racisme has_thumb\">\n<div class=\"post-top\">\n<h1 class=\"post-title entry-title\">Guerre d\u2019Isra\u00ebl contre Gaza : un cas d\u2019\u00e9cole de g\u00e9nocide<\/h1>\n<div class=\"post-meta the-icons pmeta-alt\"><span class=\"post-author vcard\"><i class=\"fa fa-user\"><\/i><a class=\"author url fn\" title=\"Articles par Raz Segal\" href=\"https:\/\/www.contretemps.eu\/author\/raz-segal\/\" rel=\"author\">Raz Segal<\/a><\/span>\u00a0<span class=\"entry-date post-date\"><i class=\"fa fa-clock-o\"><\/i><abbr class=\"published\" title=\"2023-11-09T07:00:47+01:00\">9 novembre 2023<\/abbr><\/span><\/div>\n<\/div>\n<div class=\"post-content\">\n<div class=\"entry-content\">\n<div class=\"readoffline-embed\">\n<div><\/div>\n<\/div>\n<p><em>Raz Segal<strong>\u00a0<\/strong>est un historien isra\u00e9lien r\u00e9sidant aux \u00c9tats-Unis qui dirige le programme de ma\u00eetrise \u00e8s arts en \u00e9tudes sur l\u2019Holocauste et le g\u00e9nocide \u00e0 l\u2019Universit\u00e9 de Stockton. Il est l\u2019auteur de\u00a0<\/em>Genocide in the Carpathians.- War, Social Breakdown, and Mass Violence, 1914-1945<em>\u00a0(2016). Dans ce texte, \u00e9crit il y a d\u00e9j\u00e0 presque un mois, il d\u00e9fend l\u2019id\u00e9e que la violence meurtri\u00e8re d\u00e9cha\u00een\u00e9e par l\u2019Etat d\u2019Isra\u00ebl contre Gaza a un caract\u00e8re\u00a0<\/em>g\u00e9nocidaire<em>.<\/em><\/p>\n<p class=\"has-text-align-center\">***<\/p>\n<p>Ce 13 octobre, Isra\u00ebl a ordonn\u00e9 \u00e0 la population assi\u00e9g\u00e9e dans le nord de la bande de Gaza d\u2019\u00e9vacuer vers le sud, avertissant qu\u2019il intensifierait bient\u00f4t son attaque dans le nord du territoire. Cet ordre a eu pour cons\u00e9quence que plus d\u2019un million de personnes, dont la moiti\u00e9 sont des enfants, ont tent\u00e9 fr\u00e9n\u00e9tiquement de fuir au milieu des frappes a\u00e9riennes incessantes, dans une enclave fortifi\u00e9e o\u00f9 aucune destination n\u2019est s\u00fbre.<\/p>\n<p>Comme l\u2019a \u00e9crit la journaliste palestinienne Ruwaida Kamal Amer depuis Gaza, \u00ab\u00a0les r\u00e9fugi\u00e9s du nord arrivent d\u00e9j\u00e0 \u00e0 Khan Younis, o\u00f9 les missiles ne s\u2019arr\u00eatent jamais et o\u00f9 nous manquons de nourriture, d\u2019eau et d\u2019\u00e9lectricit\u00e9\u00a0\u00bb. Les Nations Unies ont pr\u00e9venu que la fuite des habitants du nord de la bande de Gaza vers le sud aurait des \u00ab\u00a0cons\u00e9quences humanitaires d\u00e9vastatrices\u00a0\u00bb et \u00ab\u00a0transformerait ce qui est d\u00e9j\u00e0 une trag\u00e9die en une situation calamiteuse\u00a0\u00bb. En une semaine, les violences isra\u00e9liennes contre Gaza ont tu\u00e9 plus de 1 800 Palestiniens, en ont bless\u00e9 des milliers et en ont d\u00e9plac\u00e9 plus de 400 000 \u00e0 l\u2019int\u00e9rieur de la bande de Gaza. Pourtant, le Premier ministre isra\u00e9lien Benjamin Netanyahu a promis alors que ce n\u2019\u00e9tait qu\u2019un d\u00e9but.<\/p>\n<p>La campagne isra\u00e9lienne visant \u00e0 d\u00e9placer les habitants de Gaza, voire \u00e0 les expulser vers l\u2019\u00c9gypte, constitue un nouveau chapitre de la Nakba, au cours de laquelle quelque 750\u00a0000 Palestiniens ont \u00e9t\u00e9 chass\u00e9s de chez eux pendant la guerre de 1948 qui a conduit \u00e0 la cr\u00e9ation de l\u2019\u00c9tat d\u2019Isra\u00ebl. Mais l\u2019assaut sur Gaza peut \u00e9galement \u00eatre compris en d\u2019autres termes : comme un cas d\u2019\u00e9cole de g\u00e9nocide se d\u00e9roulant sous nos yeux. Je le dis en tant que sp\u00e9cialiste des g\u00e9nocides, qui a pass\u00e9 de nombreuses ann\u00e9es \u00e0 \u00e9crire sur la violence de masse isra\u00e9lienne contre les Palestiniens.<\/p>\n<p>J\u2019ai \u00e9crit sur le colonialisme de peuplement et la supr\u00e9matie juive en Isra\u00ebl, sur l\u2019instrumentalisation de l\u2019Holocauste pour stimuler l\u2019industrie isra\u00e9lienne de l\u2019armement, sur la militarisation des accusations d\u2019antis\u00e9mitisme pour justifier la violence isra\u00e9lienne contre les Palestiniens, et sur le r\u00e9gime raciste de l\u2019apartheid isra\u00e9lien. Aujourd\u2019hui, apr\u00e8s l\u2019attaque du Hamas le 7 octobre et le meurtre de masse de plus de 1 000 civils isra\u00e9liens, le pire du pire est en train de se produire.<\/p>\n<p>En droit international, le crime de g\u00e9nocide est d\u00e9fini par \u00ab\u00a0l\u2019intention de d\u00e9truire, tout ou en partie, un groupe national, ethnique, racial ou religieux, comme tel\u00a0\u00bb, comme l\u2019indique la Convention des Nations Unies pour la pr\u00e9vention et la r\u00e9pression du crime de g\u00e9nocide de d\u00e9cembre 1948. Dans son attaque meurtri\u00e8re contre Gaza, Isra\u00ebl a proclam\u00e9 haut et fort cette intention. Le ministre isra\u00e9lien de la d\u00e9fense, Yoav Gallant, l\u2019a d\u00e9clar\u00e9 sans ambages le 9 octobre : \u00ab\u00a0Nous imposons un si\u00e8ge complet \u00e0 Gaza. Pas d\u2019\u00e9lectricit\u00e9, pas de nourriture, pas d\u2019eau, pas de carburant. Tout est ferm\u00e9. Nous combattons des animaux humains et nous agirons en cons\u00e9quence\u00a0\u00bb.<\/p>\n<p>Les dirigeants occidentaux ont renforc\u00e9 cette rh\u00e9torique raciste en d\u00e9crivant le meurtre massif de civils isra\u00e9liens par le Hamas \u2013 un crime de guerre au regard du droit international qui a provoqu\u00e9 \u00e0 juste titre l\u2019horreur et le choc en Isra\u00ebl et dans le monde entier \u2013 comme \u00ab\u00a0un acte purement diabolique\u00a0\u00bb, selon les termes du pr\u00e9sident am\u00e9ricain Joe Biden, ou comme une action refl\u00e9tant un \u00ab\u00a0mal ancien\u00a0\u00bb, selon la terminologie de la pr\u00e9sidente de la Commission europ\u00e9enne Ursula von der Leyen. Ce langage d\u00e9shumanisant est clairement calcul\u00e9 pour justifier la destruction \u00e0 grande \u00e9chelle de vies palestiniennes ; l\u2019affirmation du \u00ab\u00a0mal\u00a0\u00bb, dans son absolutisme, \u00e9lude les distinctions entre les militants du Hamas et les civils de Gaza, et occulte le contexte plus large de la colonisation et de l\u2019occupation.<\/p>\n<p>La convention des Nations Unies sur le g\u00e9nocide \u00e9num\u00e8re cinq actes qui entrent dans sa d\u00e9finition. Isra\u00ebl en commet actuellement trois \u00e0 Gaza : \u00ab\u00a01. Tuer des membres du groupe 2. Porter une atteinte grave \u00e0 l\u2019int\u00e9grit\u00e9 physique ou mentale des membres du groupe. 3. Infliger d\u00e9lib\u00e9r\u00e9ment au groupe des conditions de vie calcul\u00e9es pour entra\u00eener sa destruction physique totale ou partielle\u00a0\u00bb.<\/p>\n<p>L\u2019arm\u00e9e de l\u2019air isra\u00e9lienne, selon ses propres dires, a en quelques jours largu\u00e9 plus de 6 000 bombes sur Gaza, qui est l\u2019une des zones les plus dens\u00e9ment peupl\u00e9es au monde \u2013 presque autant de bombes que les \u00c9tats-Unis en ont largu\u00e9 sur l\u2019ensemble de l\u2019Afghanistan pendant les ann\u00e9es record de leur guerre dans ce pays. Human Rights Watch a confirm\u00e9 que les armes utilis\u00e9es comprenaient des bombes au phosphore, qui mettent le feu aux corps et aux b\u00e2timents, cr\u00e9ant des flammes qui ne s\u2019\u00e9teignent pas au contact de l\u2019eau.<\/p>\n<p>Cela montre clairement ce que Gallant entend par \u00ab\u00a0agir en cons\u00e9quence\u00a0\u00bb : il ne s\u2019agit pas de cibler des militants individuels du Hamas, comme le pr\u00e9tend Isra\u00ebl, mais de d\u00e9cha\u00eener une violence meurtri\u00e8re contre les Palestiniens de Gaza \u00ab\u00a0en tant que tels\u00a0\u00bb, dans le langage de la Convention des Nations Unies sur le g\u00e9nocide. Isra\u00ebl a \u00e9galement intensifi\u00e9 le si\u00e8ge de Gaza, qui dure depuis 16 ans, le plus long de l\u2019histoire moderne, en violation flagrante du droit humanitaire international, pour en faire un \u00ab\u00a0si\u00e8ge complet\u00a0\u00bb, selon les termes de Gallant. Cette tournure de phrase indique explicitement un plan visant \u00e0 mener le si\u00e8ge \u00e0 sa destination finale, \u00e0 savoir la destruction syst\u00e9matique des Palestiniens et de la soci\u00e9t\u00e9 palestinienne \u00e0 Gaza, en les tuant, en les affamant, en coupant leur approvisionnement en eau et en bombardant leurs h\u00f4pitaux.<\/p>\n<p>Les dirigeants isra\u00e9liens ne sont pas les seuls \u00e0 tenir de tels propos. Une personne interrog\u00e9e sur la cha\u00eene 14, pro-Netanyahou, a demand\u00e9 \u00e0 Isra\u00ebl de \u00ab\u00a0transformer Gaza en Dresde\u00a0\u00bb. Channel 12, la cha\u00eene d\u2019information la plus regard\u00e9e d\u2019Isra\u00ebl, a publi\u00e9 un reportage sur des Isra\u00e9liens de gauche appelant \u00e0 \u00ab\u00a0danser sur ce qui \u00e9tait Gaza\u00a0\u00bb. Pendant ce temps, les paroles g\u00e9nocidaires \u2013 appels \u00e0 \u00ab\u00a0effacer\u00a0\u00bb et \u00e0 \u00ab\u00a0\u00e9craser\u00a0\u00bb Gaza \u2013 sont devenus omnipr\u00e9sents sur les m\u00e9dias sociaux isra\u00e9liens. \u00c0 Tel-Aviv, une banni\u00e8re portant l\u2019inscription \u00ab\u00a0Z\u00e9ro Gazaoui\u00a0\u00bb a \u00e9t\u00e9 suspendue \u00e0 un pont.<\/p>\n<p>En effet, l\u2019assaut g\u00e9nocidaire d\u2019Isra\u00ebl sur Gaza est tout \u00e0 fait explicite, ouvert et sans honte. Les auteurs de g\u00e9nocides n\u2019expriment g\u00e9n\u00e9ralement pas leurs intentions aussi clairement, bien qu\u2019il y ait des exceptions. Au d\u00e9but du XXe si\u00e8cle, par exemple, les occupants coloniaux allemands ont perp\u00e9tr\u00e9 un g\u00e9nocide en r\u00e9ponse \u00e0 un soul\u00e8vement des populations indig\u00e8nes Herero et Nama dans le sud-ouest de l\u2019Afrique. En 1904, le g\u00e9n\u00e9ral Lothar von Trotha, commandant militaire allemand, a \u00e9mis un \u00ab\u00a0ordre d\u2019extermination\u00a0\u00bb, justifi\u00e9 par une \u00ab\u00a0guerre raciale\u00a0\u00bb. En 1908, les autorit\u00e9s allemandes avaient assassin\u00e9 10 000 Nama et avaient atteint leur objectif d\u00e9clar\u00e9 de \u00ab\u00a0d\u00e9truire les Herero\u00a0\u00bb en tuant 65 000 Herero, soit 80\u00a0% de la population. Les ordres donn\u00e9s par Gallant le 9 octobre ne sont pas moins explicites. L\u2019objectif d\u2019Isra\u00ebl est de d\u00e9truire les Palestiniens de Gaza. Et ceux d\u2019entre nous qui l\u2019observent dans le monde entier faillissent \u00e0 leur responsabilit\u00e9 de les en emp\u00eacher.<\/p>\n<p class=\"has-text-align-center\">*<\/p>\n<p>Le 13 octobre 2023. Traduit par Ludivine Bantigny.<\/p>\n<p>Illustration :\u00a0<a href=\"https:\/\/www.flickr.com\/photos\/trongkhiem\/\">Trong Khiem Nguyen<\/a><\/p>\n<p><a title=\"CONTRETEMPS\" href=\"https:\/\/www.contretemps.eu\/\" rel=\"home\">Source : CONTRETEMPS <\/a>REVUE DE CRITIQUE COMMUNIS<\/p>\n<\/div>\n<\/div>\n<\/article>\n<\/div>\n<\/div>\n<\/article>\n","protected":false},"excerpt":{"rendered":"<p>Raz Segal\u00a012 f\u00e9vrier 2025 L\u2019universitaire Raz Segal relate l\u2019\u00e9trange exp\u00e9rience d\u2019avoir \u00e9t\u00e9 accus\u00e9 d\u2019antis\u00e9mitisme, alors qu\u2019il est lui-m\u00eame juif et sp\u00e9cialiste de l\u2019Holocauste ainsi que d\u2019autres g\u00e9nocides, pour avoir commis le crime impardonnable de s\u2019opposer \u00e0 la guerre g\u00e9nocidaire men\u00e9e par l\u2019\u00c9tat colonial d\u2019Isra\u00ebl contre les Palestinien-nes de Gaza.<\/p>\n","protected":false},"author":1,"featured_media":5804,"comment_status":"open","ping_status":"open","sticky":false,"template":"","format":"standard","meta":{"footnotes":""},"categories":[1,35,21,25,36,6,537,18,28],"tags":[196,592,197,12,373,593,591,594,344,374,558],"class_list":["post-6201","post","type-post","status-publish","format-standard","has-post-thumbnail","hentry","category-non-classe","category-amerique-du-sud","category-anti-imperialisme","category-enseignement","category-europe","category-palestine-moyen-orient","category-presse-medias","category-resistance-bruxelles","category-racismes","tag-allemagne","tag-francesca-albanese","tag-genocide","tag-gaza","tag-hereros","tag-hiroshima","tag-holocauste","tag-nagasaki","tag-nakba","tag-namas","tag-onu"],"_links":{"self":[{"href":"https:\/\/bruxelles-pantheres.be\/index.php?rest_route=\/wp\/v2\/posts\/6201","targetHints":{"allow":["GET"]}}],"collection":[{"href":"https:\/\/bruxelles-pantheres.be\/index.php?rest_route=\/wp\/v2\/posts"}],"about":[{"href":"https:\/\/bruxelles-pantheres.be\/index.php?rest_route=\/wp\/v2\/types\/post"}],"author":[{"embeddable":true,"href":"https:\/\/bruxelles-pantheres.be\/index.php?rest_route=\/wp\/v2\/users\/1"}],"replies":[{"embeddable":true,"href":"https:\/\/bruxelles-pantheres.be\/index.php?rest_route=%2Fwp%2Fv2%2Fcomments&post=6201"}],"version-history":[{"count":3,"href":"https:\/\/bruxelles-pantheres.be\/index.php?rest_route=\/wp\/v2\/posts\/6201\/revisions"}],"predecessor-version":[{"id":6204,"href":"https:\/\/bruxelles-pantheres.be\/index.php?rest_route=\/wp\/v2\/posts\/6201\/revisions\/6204"}],"wp:featuredmedia":[{"embeddable":true,"href":"https:\/\/bruxelles-pantheres.be\/index.php?rest_route=\/wp\/v2\/media\/5804"}],"wp:attachment":[{"href":"https:\/\/bruxelles-pantheres.be\/index.php?rest_route=%2Fwp%2Fv2%2Fmedia&parent=6201"}],"wp:term":[{"taxonomy":"category","embeddable":true,"href":"https:\/\/bruxelles-pantheres.be\/index.php?rest_route=%2Fwp%2Fv2%2Fcategories&post=6201"},{"taxonomy":"post_tag","embeddable":true,"href":"https:\/\/bruxelles-pantheres.be\/index.php?rest_route=%2Fwp%2Fv2%2Ftags&post=6201"}],"curies":[{"name":"wp","href":"https:\/\/api.w.org\/{rel}","templated":true}]}}