{"id":6206,"date":"2025-02-15T14:11:05","date_gmt":"2025-02-15T13:11:05","guid":{"rendered":"https:\/\/bruxelles-pantheres.be\/?p=6206"},"modified":"2025-02-23T14:17:22","modified_gmt":"2025-02-23T13:17:22","slug":"solidarite-inconditionnelle-avec-la-fondation-hind-rajab","status":"publish","type":"post","link":"https:\/\/bruxelles-pantheres.be\/?p=6206","title":{"rendered":"Solidarit\u00e9 inconditionnelle avec la Fondation Hind Rajab"},"content":{"rendered":"<p><strong>Communiqu\u00e9 de \u2018Bruxelles Panth\u00e8re\u2019: <\/strong><\/p>\n<p><strong>Solidarit\u00e9 inconditionnelle avec la Fondation Hind Rajab et soutien \u00e0 la r\u00e9sistance palestinienne \u00ab\u00a0by any means necessary\u00a0\u00bb.<\/strong><\/p>\n<p>Depuis le d\u00e9but de ce g\u00e9nocide, et en r\u00e9alit\u00e9 depuis des d\u00e9cennies, \u2018Bruxelles Panth\u00e8re\u2019 r\u00e9affirme son soutien in\u00e9branlable \u00e0 la r\u00e9sistance palestinienne. Nous exigeons que tous les bi-nationaux belgo-isra\u00e9liens impliqu\u00e9s dans des crimes de guerre ou de g\u00e9nocide, qu&rsquo;ils soient militaires ou colons, soient jug\u00e9s et rendus responsables de leurs actes. La complicit\u00e9 dans un territoire occup\u00e9 ne doit pas rester impunie. Aucune personne, aucun \u00c9tat, aucun colon, aucun syst\u00e8me colonial ne doit \u00e9chapper \u00e0 la justice.<\/p>\n<p><!--more--><\/p>\n<blockquote>\n<figure class=\"image-align-center\"><img decoding=\"async\" class=\"image-size-large alignleft\" src=\"https:\/\/image.canalblog.com\/SHZP_biB1GScpZX9Iam8l6SgNOs=\/filters:no_upscale()\/image%2F1293809%2F20250217%2Fob_0cf604_drapeau-de-la-palestine-2-360x240.jpg\" alt=\"\" data-amp-height=\"240\" data-amp-width=\"360\" \/><\/figure>\n<\/blockquote>\n<p><span style=\"font-family: Verdana, Geneva, sans-serif;\">Le g\u00e9nocide palestinien est une r\u00e9alit\u00e9 qui perdure, une oppression syst\u00e9matique sous nos yeux. Nous d\u00e9non\u00e7ons l&rsquo;impunit\u00e9 avec laquelle \u2018Isra\u00ebl\u2019, soutenu par l&rsquo;Occident, m\u00e8ne une guerre de colonisation violente et raciste. La r\u00e9sistance palestinienne est un combat pour la survie, un combat contre un apartheid d&rsquo;une brutalit\u00e9 inou\u00efe. \u2018Bruxelles Panth\u00e8re\u2019 est aux c\u00f4t\u00e9s de cette r\u00e9sistance, pour qu&rsquo;enfin la justice soit rendue. Il est imp\u00e9ratif d&rsquo;arr\u00eater l&rsquo;impunit\u00e9 coloniale qui permet \u00e0 Isra\u00ebl de commettre impun\u00e9ment ses crimes de guerre.<\/span><\/p>\n<p>&nbsp;<\/p>\n<p>&nbsp;<\/p>\n<p><span style=\"font-family: Verdana, Geneva, sans-serif;\">Nous soutenons sans r\u00e9serve la Fondation Hind Rajab (HRF), fond\u00e9e par Dyab Abou Jahjah, qui \u0153uvre sans rel\u00e2che pour traduire en justice les criminels de guerre isra\u00e9liens. La HRF d\u00e9nonce le sionisme, ce syst\u00e8me colonial et raciste, et m\u00e8ne des actions strat\u00e9giques pour briser l&rsquo;impunit\u00e9 d&rsquo;\u2019Isra\u00ebl\u2019. Par des actions juridiques audacieuses, la HRF soumet les preuves des crimes isra\u00e9liens aux juridictions internationales et aux gouvernements nationaux, luttant pour que les responsables soient jug\u00e9s pour les massacres, les d\u00e9placements forc\u00e9s et les violations syst\u00e9matiques des droits humains.<\/span><\/p>\n<p>&nbsp;<\/p>\n<figure class=\"image-align-left\">\n<p><figure style=\"width: 290px\" class=\"wp-caption alignleft\"><img decoding=\"async\" src=\"https:\/\/image.canalblog.com\/65esMruxbb6EJxsveyUNmPt0T5s=\/filters:no_upscale()\/image%2F1293809%2F20250217%2Fob_a3f8ab_gikyxlubyaa6cta-orig.jpg\" alt=\"\" width=\"300\" height=\"286\" data-amp-height=\"286\" data-amp-width=\"300\" \/><figcaption class=\"wp-caption-text\">Hind Rajab, 5 ans, tu\u00e9e par le r\u00e9gime terroriste isra\u00e9lien<\/figcaption><\/figure><\/figure>\n<p>\u2018<span style=\"font-family: Verdana, Geneva, sans-serif;\">Bruxelles Panth\u00e8re\u2019 appelle \u00e0 l&rsquo;unit\u00e9 et \u00e0 la mobilisation des peuples, des politiciens, des avocats, des universitaires, des militants antiracistes, anti-imp\u00e9rialistes et antisionistes, de toutes les forces progressistes dans le monde. Il est temps de briser le silence assourdissant de la communaut\u00e9 internationale et d&rsquo;exiger un soutien concret pour la Fondation Hind Rajab: soutien politique, \u00e9conomique, moral et juridique. La souffrance du peuple palestinien ne doit plus \u00eatre ignor\u00e9e. Le silence de l&rsquo;Occident face \u00e0 ces crimes est une complicit\u00e9 active.<\/span><\/p>\n<p>&nbsp;<\/p>\n<p><span style=\"font-family: Verdana, Geneva, sans-serif;\">L&rsquo;imp\u00e9rialisme occidental et le sionisme sont les v\u00e9ritables moteurs de l&rsquo;apartheid isra\u00e9lien. Ces forces imp\u00e9rialistes, qui \u00e9crasent les peuples opprim\u00e9s au nom de leurs int\u00e9r\u00eats \u00e9conomiques et g\u00e9opolitiques, doivent \u00eatre confront\u00e9es. \u2018Bruxelles Panth\u00e8re\u2019 appelle \u00e0 un soul\u00e8vement radical contre ce syst\u00e8me d&rsquo;injustice. Nous devons d\u00e9manteler cette machine imp\u00e9rialiste qui tue, vole et d\u00e9shumanise les peuples du monde entier. Soutenir la HRF, c\u2019est soutenir la r\u00e9sistance \u00e0 l\u2019imp\u00e9rialisme, \u00e0 la colonisation et au racisme syst\u00e9mique.<\/span><\/p>\n<p>&nbsp;<\/p>\n<p><span style=\"font-family: Verdana, Geneva, sans-serif;\">Frantz Fanon a \u00e9crit: \u00ab<span style=\"color: #1b1b1b;\">Chaque g\u00e9n\u00e9ration doit dans une relative opacit\u00e9 d\u00e9couvrir sa mission, la remplir ou la trahir.<\/span>\u00bb La Fondation Hind Rajab incarne ce combat pour la dignit\u00e9 humaine, pour restaurer l\u2019humanit\u00e9 du peuple palestinien qui subit la violence coloniale, la d\u00e9shumanisation et l\u2019effacement syst\u00e9matique. La justice pour la Palestine est indispensable pour briser ce cycle d\u2019oppression.<\/span><\/p>\n<p>&nbsp;<\/p>\n<p><span style=\"font-family: Verdana, Geneva, sans-serif;\">Il est plus que temps que les nations opprim\u00e9es se soul\u00e8vent contre l\u2019imp\u00e9rialisme et le sionisme. \u2018Bruxelles Panth\u00e8re\u2019 appelle \u00e0 un soutien total \u00e0 la r\u00e9sistance palestinienne, car cette lutte est indissociable de la lutte pour la libert\u00e9, contre le racisme et contre l&rsquo;imp\u00e9rialisme mondial.<b>\u00a0<\/b><\/span><\/p>\n<p>&nbsp;<\/p>\n<p><span style=\"font-family: Verdana, Geneva, sans-serif;\">La Palestine libre ou rien: la r\u00e9sistance palestinienne doit triompher par tous les moyens n\u00e9cessaires. Aucun compromis, aucune r\u00e9conciliation, tant que la justice n\u2019est pas rendue.<\/span><\/p>\n<p>&nbsp;<\/p>\n<p><span style=\"font-family: Verdana, Geneva, sans-serif;\"><b>Nordine Sa\u00efdi &#8211;<\/b><\/span><\/p>\n<p><span style=\"font-family: Verdana, Geneva, sans-serif;\">15.02.25<\/span><\/p>\n","protected":false},"excerpt":{"rendered":"<p>Communiqu\u00e9 de \u2018Bruxelles Panth\u00e8re\u2019: Solidarit\u00e9 inconditionnelle avec la Fondation Hind Rajab et soutien \u00e0 la r\u00e9sistance palestinienne \u00ab\u00a0by any means necessary\u00a0\u00bb. Depuis le d\u00e9but de ce g\u00e9nocide, et en r\u00e9alit\u00e9 depuis des d\u00e9cennies, \u2018Bruxelles Panth\u00e8re\u2019 r\u00e9affirme son soutien in\u00e9branlable \u00e0 la r\u00e9sistance palestinienne. Nous exigeons que tous les bi-nationaux belgo-isra\u00e9liens impliqu\u00e9s dans des crimes de &#8230; <a title=\"Solidarit\u00e9 inconditionnelle avec la Fondation Hind Rajab\" class=\"read-more\" href=\"https:\/\/bruxelles-pantheres.be\/?p=6206\" aria-label=\"En savoir plus sur Solidarit\u00e9 inconditionnelle avec la Fondation Hind Rajab\">Lire la suite<\/a><\/p>\n","protected":false},"author":1,"featured_media":5980,"comment_status":"open","ping_status":"open","sticky":false,"template":"","format":"standard","meta":{"footnotes":""},"categories":[21,539,6,18],"tags":[595],"class_list":["post-6206","post","type-post","status-publish","format-standard","has-post-thumbnail","hentry","category-anti-imperialisme","category-belgique","category-palestine-moyen-orient","category-resistance-bruxelles","tag-fondation-hind-rajab"],"_links":{"self":[{"href":"https:\/\/bruxelles-pantheres.be\/index.php?rest_route=\/wp\/v2\/posts\/6206","targetHints":{"allow":["GET"]}}],"collection":[{"href":"https:\/\/bruxelles-pantheres.be\/index.php?rest_route=\/wp\/v2\/posts"}],"about":[{"href":"https:\/\/bruxelles-pantheres.be\/index.php?rest_route=\/wp\/v2\/types\/post"}],"author":[{"embeddable":true,"href":"https:\/\/bruxelles-pantheres.be\/index.php?rest_route=\/wp\/v2\/users\/1"}],"replies":[{"embeddable":true,"href":"https:\/\/bruxelles-pantheres.be\/index.php?rest_route=%2Fwp%2Fv2%2Fcomments&post=6206"}],"version-history":[{"count":2,"href":"https:\/\/bruxelles-pantheres.be\/index.php?rest_route=\/wp\/v2\/posts\/6206\/revisions"}],"predecessor-version":[{"id":6208,"href":"https:\/\/bruxelles-pantheres.be\/index.php?rest_route=\/wp\/v2\/posts\/6206\/revisions\/6208"}],"wp:featuredmedia":[{"embeddable":true,"href":"https:\/\/bruxelles-pantheres.be\/index.php?rest_route=\/wp\/v2\/media\/5980"}],"wp:attachment":[{"href":"https:\/\/bruxelles-pantheres.be\/index.php?rest_route=%2Fwp%2Fv2%2Fmedia&parent=6206"}],"wp:term":[{"taxonomy":"category","embeddable":true,"href":"https:\/\/bruxelles-pantheres.be\/index.php?rest_route=%2Fwp%2Fv2%2Fcategories&post=6206"},{"taxonomy":"post_tag","embeddable":true,"href":"https:\/\/bruxelles-pantheres.be\/index.php?rest_route=%2Fwp%2Fv2%2Ftags&post=6206"}],"curies":[{"name":"wp","href":"https:\/\/api.w.org\/{rel}","templated":true}]}}