{"id":6209,"date":"2025-02-23T14:27:04","date_gmt":"2025-02-23T13:27:04","guid":{"rendered":"https:\/\/bruxelles-pantheres.be\/?p=6209"},"modified":"2025-02-23T14:35:27","modified_gmt":"2025-02-23T13:35:27","slug":"il-est-temps-de-revendiquer-un-futur-autre-que-celui-quon-nous-impose","status":"publish","type":"post","link":"https:\/\/bruxelles-pantheres.be\/?p=6209","title":{"rendered":"Il est temps de revendiquer un futur autre que celui qu&rsquo;on nous impose"},"content":{"rendered":"<div class=\"xdj266r x11i5rnm xat24cr x1mh8g0r x1vvkbs x126k92a\">\n<div dir=\"auto\"><span class=\"html-span xdj266r x11i5rnm xat24cr x1mh8g0r xexx8yu x4uap5 x18d9i69 xkhd6sd x1hl2dhg x16tdsg8 x1vvkbs\"><a class=\"x1i10hfl xjbqb8w x1ejq31n xd10rxx x1sy0etr x17r0tee x972fbf xcfux6l x1qhh985 xm0m39n x9f619 x1ypdohk xt0psk2 xe8uvvx xdj266r x11i5rnm xat24cr x1mh8g0r xexx8yu x4uap5 x18d9i69 xkhd6sd x16tdsg8 x1hl2dhg xggy1nq x1a2a7pz x1sur9pj xkrqix3 x1fey0fg x1s688f\" tabindex=\"0\" role=\"link\" href=\"https:\/\/www.facebook.com\/hashtag\/anderlecht?__eep__=6&amp;__cft__[0]=AZWjITZY7gq_0onCg-xSO3fsXjWJ5CmcsFyQ3RnLdJl20D-T7OHedegkmKcOdaNYlBCuMtaejFLF63Bl1U-OsjsMcU4iQ6-fdpv0v82uJTs2SbiZbXaq6hVo8wBLvzpZ2blDoGwtWSmYvml4hijdCCyOkOTcN2V-vc6y9M_2ajMWTw&amp;__tn__=*NK-R\">#Anderlecht<\/a><\/span><\/div>\n<div dir=\"auto\">La violence qui d\u00e9chire nos quartiers n&rsquo;est pas un simple accident, ni un mal de soci\u00e9t\u00e9 dont il suffirait de \u00ab\u00a0r\u00e9primer\u00a0\u00bb les sympt\u00f4mes. Ce n\u2019est pas une question triviale de \u00ab\u00a0s\u00e9curit\u00e9\u00a0\u00bb, comme veulent nous le faire croire les autorit\u00e9s locales et nationales. Ce que nous vivons est bien plus grave : c&rsquo;est une guerre raciale, une guerre contre les Arabes, les Noirs et les jeunes migrants. Une guerre contre la drogue, qui est avant tout une guerre contre nos corps, contre nos vies.<\/div>\n<\/div>\n<div class=\"x11i5rnm xat24cr x1mh8g0r x1vvkbs xtlvy1s x126k92a\">\n<div dir=\"auto\">La r\u00e9cente fusillade \u00e0 Clemenceau, comme tant d&rsquo;autres avant elle, ne fait que r\u00e9v\u00e9ler la brutalit\u00e9 d\u2019un syst\u00e8me qui condamne la jeunesse des quartiers populaires \u00e0 l&rsquo;\u00e9chec, \u00e0 la r\u00e9pression et \u00e0 la mort. Et quand les jeunes r\u00e9agissent, quand la frustration se transforme en violence, ils sont trait\u00e9s comme des criminels, des ennemis \u00e0 abattre. Mais qui sont les vrais criminels ? Ceux qui vendent de la drogue ? Ou ceux qui, depuis des d\u00e9cennies, ont abandonn\u00e9 nos quartiers, les privant de toute perspective d\u2019avenir, et utilisent la \u00ab\u00a0guerre \u00e0 la drogue\u00a0\u00bb comme pr\u00e9texte pour mener une guerre raciste, ciblant en priorit\u00e9 les Arabes, les Noirs et les migrants ?<\/div>\n<\/div>\n<p><!--more--><\/p>\n<div class=\"xdj266r x11i5rnm xat24cr x1mh8g0r x1vvkbs x126k92a\"><\/div>\n<div dir=\"auto\"><a href=\"https:\/\/bruxelles-pantheres.be\/wp-content\/uploads\/2025\/02\/GOLmGJpXYAAKW53.jpg\"><img decoding=\"async\" class=\"aligncenter wp-image-6210 size-large\" src=\"https:\/\/bruxelles-pantheres.be\/wp-content\/uploads\/2025\/02\/GOLmGJpXYAAKW53-807x1024.jpg\" alt=\"\" width=\"807\" height=\"1024\" srcset=\"https:\/\/bruxelles-pantheres.be\/wp-content\/uploads\/2025\/02\/GOLmGJpXYAAKW53-807x1024.jpg 807w, https:\/\/bruxelles-pantheres.be\/wp-content\/uploads\/2025\/02\/GOLmGJpXYAAKW53-236x300.jpg 236w, https:\/\/bruxelles-pantheres.be\/wp-content\/uploads\/2025\/02\/GOLmGJpXYAAKW53-768x975.jpg 768w, https:\/\/bruxelles-pantheres.be\/wp-content\/uploads\/2025\/02\/GOLmGJpXYAAKW53-1210x1536.jpg 1210w, https:\/\/bruxelles-pantheres.be\/wp-content\/uploads\/2025\/02\/GOLmGJpXYAAKW53.jpg 1284w\" sizes=\"(max-width: 807px) 100vw, 807px\" \/><\/a><\/div>\n<div class=\"x11i5rnm xat24cr x1mh8g0r x1vvkbs xtlvy1s x126k92a\">\n<p dir=\"auto\">Les violences polici\u00e8res, les contr\u00f4les au faci\u00e8s, les humiliations quotidiennes, les morts sous les balles de la police\u2026 tout cela fait partie d\u2019un m\u00eame syst\u00e8me, d\u2019une m\u00eame logique de domination raciale. Et aujourd\u2019hui, les autorit\u00e9s veulent encore nous faire croire que la solution est plus de policiers, plus de r\u00e9pression, plus de prison. Mais tout cela n\u2019est que le masque de l&rsquo;inaction politique, de l\u2019absence de volont\u00e9 r\u00e9elle de r\u00e9soudre les probl\u00e8mes sociaux et raciaux qui rongent nos quartiers.<\/p>\n<\/div>\n<div dir=\"auto\">Il est plus facile de se taire face \u00e0 ce qui se passe dans nos quartiers, d&rsquo;\u00e9viter de se m\u00ealer aux discussions, de d\u00e9tourner les yeux pour ne pas \u00eatre emport\u00e9 par cette vague de col\u00e8re et de frustration qui monte de plus en plus fort. C\u2019est ce qu\u2019on nous demande, en silence, en attendant que la temp\u00eate passe. Mais si nous nous taisons, qui d\u00e9noncera ce qui se joue sous nos yeux ? Qui d\u00e9noncera ce \u00ab\u00a0cin\u00e9ma\u00a0\u00bb politique, cette mise en sc\u00e8ne o\u00f9 nous sommes toujours les boucs \u00e9missaires ? Si nous restons muets, qui parlera des injustices quotidiennes que nous vivons, de ce racisme structurel qui nous frappe \u00e0 chaque coin de rue, de cette violence qui ne cesse de se renforcer mais qu\u2019on veut nous faire croire qu\u2019elle est \u00ab\u00a0naturelle\u00a0\u00bb, \u00ab\u00a0in\u00e9vitable\u00a0\u00bb ?<\/div>\n<div dir=\"auto\"><\/div>\n<p class=\"x11i5rnm xat24cr x1mh8g0r x1vvkbs xtlvy1s x126k92a\">\n<div dir=\"auto\">Depuis des ann\u00e9es, ceux qui vivent dans des quartiers comme Cureghem, Clemenceau, Aumale, Bara, sont confront\u00e9s \u00e0 des r\u00e9alit\u00e9s que les autorit\u00e9s pr\u00e9f\u00e8rent ignorer ou minimiser. Ces quartiers sont invisibles aux yeux des politiques, sauf lorsqu&rsquo;il s&rsquo;agit de d\u00e9ployer plus de policiers, de multiplier les contr\u00f4les au faci\u00e8s ou de justifier des politiques ultra-s\u00e9curitaires sous pr\u00e9texte de \u00ab\u00a0guerre contre la drogue\u00a0\u00bb ou de \u00ab\u00a0lutte contre les violences de gangs\u00a0\u00bb. Mais la v\u00e9rit\u00e9, c&rsquo;est que cette violence qui \u00e9merge aujourd\u2019hui dans ces quartiers n\u2019est que le r\u00e9sultat de d\u00e9cennies d\u2019abandon. Ce n&rsquo;est pas la faute des habitants. Ce n\u2019est pas la faute des jeunes, des Noirs, des Arabes, des migrants, des sans-papiers qui vivent ici, qui survivent, qui r\u00e9sistent. C\u2019est la faute de ceux qui ont tourn\u00e9 le dos \u00e0 ces quartiers, qui ont laiss\u00e9 les jeunes grandir sans perspectives, sans opportunit\u00e9s, sans espoir.<\/div>\n<div dir=\"auto\"><\/div>\n<p class=\"x11i5rnm xat24cr x1mh8g0r x1vvkbs xtlvy1s x126k92a\">\n<div dir=\"auto\">Je pense \u00e0 ces jeunes, ces gamins souvent livr\u00e9s \u00e0 eux-m\u00eames, qui n\u2019ont pas de place dans la soci\u00e9t\u00e9. Ils ne trouvent ni emploi, ni formation, ni m\u00eame l\u2019espoir d\u2019un avenir meilleur. Les dealers, eux, ont su combler ce vide en leur offrant ce que l&rsquo;\u00c9tat leur refuse depuis des ann\u00e9es : une place, une reconnaissance, un r\u00f4le. Et pendant ce temps-l\u00e0, les autorit\u00e9s se contentent de les criminaliser, de les traiter comme des coupables, comme si eux seuls \u00e9taient responsables de cette situation. Mais les v\u00e9ritables responsables, ce sont ceux qui ont oubli\u00e9 ces quartiers, ceux qui ont laiss\u00e9 la mis\u00e8re s\u2019installer, ceux qui, pendant 50 ans, ont fait en sorte que des quartiers comme Clemenceau, Aumale et Cureghem restent dans l&rsquo;ombre, sans investissement, sans aide, sans politique publique digne de ce nom.<\/div>\n<div dir=\"auto\"><\/div>\n<p class=\"x11i5rnm xat24cr x1mh8g0r x1vvkbs xtlvy1s x126k92a\">\n<div dir=\"auto\">Le probl\u00e8me n\u2019est pas la drogue, ce n\u2019est pas la violence des jeunes, ce n\u2019est pas le trafic. Ce sont les politiques publiques d\u00e9sastreuses, le racisme d\u2019\u00c9tat, l\u2019absence d\u2019infrastructures, de logements dignes, de lieux o\u00f9 les jeunes peuvent se rencontrer, se construire, se socialiser. Ce sont les policiers qui arrivent en nombre pour r\u00e9primer sans comprendre, sans chercher \u00e0 conna\u00eetre, sans \u00e9couter. Ce sont ces forces de l&rsquo;ordre qui participent \u00e0 une violence syst\u00e9matique, \u00e0 une violence raciste, en traitant les jeunes comme des criminels potentiels simplement \u00e0 cause de leur couleur de peau ou de leur origine. Nous avons vu trop de victimes de cette violence polici\u00e8re : Adil, Mehdi, Ibrahima\u2026 et tant d&rsquo;autres, dont les noms ne seront peut-\u00eatre jamais connus de tous. Mais ces noms r\u00e9sonnent en nous, comme des cris de rage et de douleur, comme un appel \u00e0 la justice, comme un appel \u00e0 l\u2019arr\u00eat de cette machine infernale.<\/div>\n<div dir=\"auto\"><\/div>\n<p class=\"x11i5rnm xat24cr x1mh8g0r x1vvkbs xtlvy1s x126k92a\">\n<div dir=\"auto\">Aujourd\u2019hui, certains se sont pr\u00e9cipit\u00e9s pour utiliser ces trag\u00e9dies \u00e0 des fins politiques, en brandissant la menace de la r\u00e9pression, en proposant encore plus de s\u00e9curit\u00e9, de surveillance, de contr\u00f4les. Mais qui est r\u00e9ellement menac\u00e9 ici ? Ce ne sont pas ceux qui ont des armes ou qui vendent de la drogue, mais ceux qui vivent dans ces quartiers, qui sont trait\u00e9s comme des ennemis \u00e0 abattre, comme des citoyens de seconde zone. Et c\u2019est l\u00e0 qu\u2019on nous ment. Car cette guerre \u00e0 la drogue, cette pr\u00e9tendue lutte contre les gangs, ce n\u2019est pas une guerre contre le trafic, mais une guerre raciale. C\u2019est une guerre qui cible des communaut\u00e9s enti\u00e8res, une guerre qui justifie un contr\u00f4le permanent de nos vies, de nos quartiers, de nos corps.<\/div>\n<div dir=\"auto\"><\/div>\n<p class=\"x11i5rnm xat24cr x1mh8g0r x1vvkbs xtlvy1s x126k92a\">\n<div dir=\"auto\">Il est temps de dire la v\u00e9rit\u00e9 : le cancer social qui ronge ces quartiers est plus profond que ce qu\u2019on veut nous faire croire. Ce que les autorit\u00e9s voient aujourd&rsquo;hui, ce n\u2019est que la partie \u00e9merg\u00e9e de l&rsquo;iceberg. Derri\u00e8re cette violence, il y a des d\u00e9cennies d\u2019injustice, de racisme d&rsquo;\u00c9tat, de n\u00e9gligence syst\u00e9matique. Derri\u00e8re cette violence, il y a des g\u00e9n\u00e9rations enti\u00e8res de jeunes qui ont \u00e9t\u00e9 priv\u00e9es de tout : de leur dignit\u00e9, de leur avenir, de leurs droits. C\u2019est ce qui a engendr\u00e9 cette situation, et c\u2019est ce que personne ne veut vraiment affronter. Au lieu d\u2019investir dans le social, dans la jeunesse, dans les services publics, on choisit de se concentrer sur la r\u00e9pression. On investit dans les armes, dans la surveillance, mais pas dans des solutions durables, dans des alternatives r\u00e9elles.<\/div>\n<div dir=\"auto\"><\/div>\n<p class=\"x11i5rnm xat24cr x1mh8g0r x1vvkbs xtlvy1s x126k92a\">\n<div dir=\"auto\">Ce que nous demandons, c\u2019est une politique de la jeunesse qui prenne en compte la r\u00e9alit\u00e9 de ces jeunes, une politique qui les reconnaisse, qui les soutienne, qui leur offre un avenir, pas une politique qui les criminalise, les emprisonne et les tue. Nous avons assez de discours sur la s\u00e9curit\u00e9. Nous avons assez de politiques qui nous traitent comme des criminels. Ce dont nous avons besoin, c\u2019est d\u2019investissement dans le social : des \u00e9coles, des centres de loisirs, des logements dignes, des lieux de rencontre et de socialisation, un soutien r\u00e9el pour la jeunesse, loin des regards condescendants et des contr\u00f4les incessants.<\/div>\n<div dir=\"auto\"><\/div>\n<p class=\"x11i5rnm xat24cr x1mh8g0r x1vvkbs xtlvy1s x126k92a\">\n<div dir=\"auto\">Les autorit\u00e9s veulent aujourd\u2019hui nous faire croire qu\u2019elles g\u00e8rent le probl\u00e8me, mais il est plus que temps de dire qu\u2019elles n\u2019ont pas su g\u00e9rer. Elles ont laiss\u00e9 les quartiers dans la mis\u00e8re, elles ont laiss\u00e9 la haine et le d\u00e9sespoir s\u2019installer, et maintenant, elles veulent en faire porter la responsabilit\u00e9 \u00e0 ceux qui n\u2019ont jamais eu de chance dans ce syst\u00e8me. Cette violence, cette guerre raciale, cette situation qui \u00e9clate sous nos yeux, ne sont que le r\u00e9sultat de 50 ans de politiques n\u00e9fastes et discriminatoires. Ce n\u2019est pas nous qui devons changer, mais bien le syst\u00e8me. Et ce syst\u00e8me doit cesser de nous traiter comme des ennemis, de nous consid\u00e9rer comme des \u00ab\u00a0probl\u00e8mes\u00a0\u00bb \u00e0 \u00e9liminer.<\/div>\n<div dir=\"auto\"><\/div>\n<p class=\"x11i5rnm xat24cr x1mh8g0r x1vvkbs xtlvy1s x126k92a\">\n<div dir=\"auto\">Ce que nous exigeons aujourd\u2019hui, c\u2019est une remise en question radicale de la guerre \u00e0 la drogue. Cette guerre n\u2019a jamais \u00e9t\u00e9 une guerre contre la drogue, mais une guerre contre nos communaut\u00e9s, une guerre qui fait de nous des boucs \u00e9missaires, des criminels potentiels. Les dealers sont le r\u00e9sultat d\u2019un syst\u00e8me qui ne nous offre aucune alternative. Lorsque l\u2019\u00c9tat ne nous offre ni travail, ni logement, ni \u00e9ducation, c\u2019est la rue qui prend le relais. Et l\u2019\u00c9tat nous le reproche ensuite. Il nous dit que la solution, c\u2019est la r\u00e9pression, l\u2019augmentation des peines de prison, l\u2019intensification de la guerre contre la drogue. Mais tout cela est une farce. Une farce raciste et violente.<\/div>\n<div dir=\"auto\"><\/div>\n<p class=\"x11i5rnm xat24cr x1mh8g0r x1vvkbs xtlvy1s x126k92a\">\n<div dir=\"auto\">Aujourd\u2019hui, il est plus urgent que jamais de d\u00e9noncer ce qui se cache derri\u00e8re cette violence. Ce n\u2019est pas la guerre contre la drogue qui nous sauvera, mais une politique sociale et antiraciste, qui respecte la dignit\u00e9 et les droits de tous les habitants des quartiers populaires. Il est temps de se battre pour un avenir o\u00f9 chaque jeune, qu\u2019il soit noir, arabe, migrant ou sans-papier, puisse esp\u00e9rer une vie meilleure, sans \u00eatre constamment sous la menace de la r\u00e9pression. Nous sommes les enfants de ces quartiers, et nous avons droit \u00e0 la justice.<\/div>\n<div dir=\"auto\"><\/div>\n<p class=\"x11i5rnm xat24cr x1mh8g0r x1vvkbs xtlvy1s x126k92a\">\n<div dir=\"auto\">Le v\u00e9ritable probl\u00e8me, c\u2019est l\u2019abandon syst\u00e9matique de nos quartiers populaires, de nos jeunes. C\u2019est l\u2019absence de services publics, de logements dignes, de structures d\u2019accueil, d\u2019espaces de loisirs et de socialisation. C\u2019est la stigmatisation et l\u2019isolement impos\u00e9s par les autorit\u00e9s. Mais au lieu d\u2019investir dans le social, dans l\u2019avenir des jeunes, dans les \u00e9coles, dans l\u2019acc\u00e8s \u00e0 la culture et \u00e0 la sant\u00e9, on pr\u00e9f\u00e8re investir dans la r\u00e9pression, dans la militarisation de nos quartiers, dans l\u2019armement de la police.<\/div>\n<div dir=\"auto\"><\/div>\n<p class=\"x11i5rnm xat24cr x1mh8g0r x1vvkbs xtlvy1s x126k92a\">\n<div dir=\"auto\">Nous disons NON \u00e0 la politique s\u00e9curitaire. Nous exigeons un d\u00e9sinvestissement du s\u00e9curitaire et un investissement massif dans le social. Nous exigeons des logements dignes, des \u00e9coles qui offrent de vraies opportunit\u00e9s, des centres de jeunesse, des espaces de vie. Nous exigeons la fin de la guerre raciale men\u00e9e contre les Noirs, les Arabes et les migrants. Nous exigeons une vraie politique de justice sociale et d\u2019\u00e9galit\u00e9 des chances.<\/div>\n<div dir=\"auto\"><\/div>\n<p class=\"x11i5rnm xat24cr x1mh8g0r x1vvkbs xtlvy1s x126k92a\">\n<div dir=\"auto\">Nous, habitants des quartiers populaires, en avons assez d\u2019\u00eatre criminalis\u00e9s, d\u2019\u00eatre trait\u00e9s comme des ennemis internes. Nous avons le droit \u00e0 la dignit\u00e9, le droit \u00e0 l\u2019avenir, le droit \u00e0 la justice. Nous sommes fatigu\u00e9s de pleurer nos morts, d\u2019enterrer nos jeunes, d\u2019assister \u00e0 l\u2019instrumentalisation de notre souffrance pour justifier une r\u00e9pression toujours plus f\u00e9roce.<\/div>\n<div dir=\"auto\"><\/div>\n<p class=\"x11i5rnm xat24cr x1mh8g0r x1vvkbs xtlvy1s x126k92a\">\n<div dir=\"auto\">Il est temps de renverser ce syst\u00e8me. Il est temps de refuser cette guerre raciste, de refuser la criminalisation de nos vies et de nos quartiers. Il est temps de revendiquer un futur autre que celui qu&rsquo;on nous impose : un futur o\u00f9 la jeunesse des quartiers populaires peut enfin vivre, s\u2019\u00e9panouir, r\u00eaver.<\/div>\n<p class=\"x11i5rnm xat24cr x1mh8g0r x1vvkbs xtlvy1s x126k92a\">\n<p><b>Nordine Sa\u00efdi<br \/>\n<a href=\"https:\/\/bruxelles-pantheres.be\/\" target=\"_blank\" rel=\"noopener\">Bruxelles Panth\u00e8res<\/a><\/b><br \/>\n<i>\u00ab\u00a0La libert\u00e9, la justice et l&rsquo;\u00e9galit\u00e9, par tous les moyens n\u00e9cessaires !\u00a0\u00bb<\/i>\u00a0Malcolm X<\/p>\n<div dir=\"auto\"><\/div>\n<p class=\"x11i5rnm xat24cr x1mh8g0r x1vvkbs xtlvy1s x126k92a\">\n<div dir=\"auto\">\n<p><span class=\"html-span xdj266r x11i5rnm xat24cr x1mh8g0r xexx8yu x4uap5 x18d9i69 xkhd6sd x1hl2dhg x16tdsg8 x1vvkbs\"><a class=\"x1i10hfl xjbqb8w x1ejq31n xd10rxx x1sy0etr x17r0tee x972fbf xcfux6l x1qhh985 xm0m39n x9f619 x1ypdohk xt0psk2 xe8uvvx xdj266r x11i5rnm xat24cr x1mh8g0r xexx8yu x4uap5 x18d9i69 xkhd6sd x16tdsg8 x1hl2dhg xggy1nq x1a2a7pz x1sur9pj xkrqix3 x1fey0fg x1s688f\" tabindex=\"0\" role=\"link\" href=\"https:\/\/www.lesoir.be\/653369\/article\/2025-02-05\/le-bourgmestre-danderlecht-reagit-la-fusillade-clemenceau-cette-violence-est-un?fbclid=IwZXh0bgNhZW0CMTAAAR1SKOgr_OWMUPNYdV0HJLzHxH-f0Ckuw8G6tLwYlReId2S8bPJNKIeSEJY_aem_5wxbsy7kcZb_jW8j7zkmWQ\" target=\"_blank\" rel=\"nofollow noopener noreferrer\">https:\/\/www.lesoir.be\/&#8230;\/le-bourgmestre-danderlecht&#8230;<\/a><\/span><\/p>\n<div>\n<div id=\"0DE9E47C-871A-4F90-8440-B190C216800A_6\" class=\"mcafee_green\" tabindex=\"0\"><\/div>\n<\/div>\n<\/div>\n<p class=\"x11i5rnm xat24cr x1mh8g0r x1vvkbs xtlvy1s x126k92a\">\n<div dir=\"auto\"><span class=\"html-span xdj266r x11i5rnm xat24cr x1mh8g0r xexx8yu x4uap5 x18d9i69 xkhd6sd x1hl2dhg x16tdsg8 x1vvkbs\"><a class=\"x1i10hfl xjbqb8w x1ejq31n xd10rxx x1sy0etr x17r0tee x972fbf xcfux6l x1qhh985 xm0m39n x9f619 x1ypdohk xt0psk2 xe8uvvx xdj266r x11i5rnm xat24cr x1mh8g0r xexx8yu x4uap5 x18d9i69 xkhd6sd x16tdsg8 x1hl2dhg xggy1nq x1a2a7pz x1sur9pj xkrqix3 x1fey0fg x1s688f\" tabindex=\"0\" role=\"link\" href=\"https:\/\/www.facebook.com\/hashtag\/justicepourlesjeunes?__eep__=6&amp;__cft__[0]=AZWjITZY7gq_0onCg-xSO3fsXjWJ5CmcsFyQ3RnLdJl20D-T7OHedegkmKcOdaNYlBCuMtaejFLF63Bl1U-OsjsMcU4iQ6-fdpv0v82uJTs2SbiZbXaq6hVo8wBLvzpZ2blDoGwtWSmYvml4hijdCCyOkOTcN2V-vc6y9M_2ajMWTw&amp;__tn__=*NK-R\">#JusticePourLesJeunes<\/a><\/span> <span class=\"html-span xdj266r x11i5rnm xat24cr x1mh8g0r xexx8yu x4uap5 x18d9i69 xkhd6sd x1hl2dhg x16tdsg8 x1vvkbs\"><a class=\"x1i10hfl xjbqb8w x1ejq31n xd10rxx x1sy0etr x17r0tee x972fbf xcfux6l x1qhh985 xm0m39n x9f619 x1ypdohk xt0psk2 xe8uvvx xdj266r x11i5rnm xat24cr x1mh8g0r xexx8yu x4uap5 x18d9i69 xkhd6sd x16tdsg8 x1hl2dhg xggy1nq x1a2a7pz x1sur9pj xkrqix3 x1fey0fg x1s688f\" tabindex=\"0\" role=\"link\" href=\"https:\/\/www.facebook.com\/hashtag\/contrelar%C3%A9pression?__eep__=6&amp;__cft__[0]=AZWjITZY7gq_0onCg-xSO3fsXjWJ5CmcsFyQ3RnLdJl20D-T7OHedegkmKcOdaNYlBCuMtaejFLF63Bl1U-OsjsMcU4iQ6-fdpv0v82uJTs2SbiZbXaq6hVo8wBLvzpZ2blDoGwtWSmYvml4hijdCCyOkOTcN2V-vc6y9M_2ajMWTw&amp;__tn__=*NK-R\">#ContreLaR\u00e9pression<\/a><\/span> <span class=\"html-span xdj266r x11i5rnm xat24cr x1mh8g0r xexx8yu x4uap5 x18d9i69 xkhd6sd x1hl2dhg x16tdsg8 x1vvkbs\"><a class=\"x1i10hfl xjbqb8w x1ejq31n xd10rxx x1sy0etr x17r0tee x972fbf xcfux6l x1qhh985 xm0m39n x9f619 x1ypdohk xt0psk2 xe8uvvx xdj266r x11i5rnm xat24cr x1mh8g0r xexx8yu x4uap5 x18d9i69 xkhd6sd x16tdsg8 x1hl2dhg xggy1nq x1a2a7pz x1sur9pj xkrqix3 x1fey0fg x1s688f\" tabindex=\"0\" role=\"link\" href=\"https:\/\/www.facebook.com\/hashtag\/contreleracismed%C3%A9tat?__eep__=6&amp;__cft__[0]=AZWjITZY7gq_0onCg-xSO3fsXjWJ5CmcsFyQ3RnLdJl20D-T7OHedegkmKcOdaNYlBCuMtaejFLF63Bl1U-OsjsMcU4iQ6-fdpv0v82uJTs2SbiZbXaq6hVo8wBLvzpZ2blDoGwtWSmYvml4hijdCCyOkOTcN2V-vc6y9M_2ajMWTw&amp;__tn__=*NK-R\">#ContreLeRacismeD\u00e9tat<\/a><\/span> <span class=\"html-span xdj266r x11i5rnm xat24cr x1mh8g0r xexx8yu x4uap5 x18d9i69 xkhd6sd x1hl2dhg x16tdsg8 x1vvkbs\"><a class=\"x1i10hfl xjbqb8w x1ejq31n xd10rxx x1sy0etr x17r0tee x972fbf xcfux6l x1qhh985 xm0m39n x9f619 x1ypdohk xt0psk2 xe8uvvx xdj266r x11i5rnm xat24cr x1mh8g0r xexx8yu x4uap5 x18d9i69 xkhd6sd x16tdsg8 x1hl2dhg xggy1nq x1a2a7pz x1sur9pj xkrqix3 x1fey0fg x1s688f\" tabindex=\"0\" role=\"link\" href=\"https:\/\/www.facebook.com\/hashtag\/investirdanslesocial?__eep__=6&amp;__cft__[0]=AZWjITZY7gq_0onCg-xSO3fsXjWJ5CmcsFyQ3RnLdJl20D-T7OHedegkmKcOdaNYlBCuMtaejFLF63Bl1U-OsjsMcU4iQ6-fdpv0v82uJTs2SbiZbXaq6hVo8wBLvzpZ2blDoGwtWSmYvml4hijdCCyOkOTcN2V-vc6y9M_2ajMWTw&amp;__tn__=*NK-R\">#InvestirDansLeSocial<\/a><\/span> <span class=\"html-span xdj266r x11i5rnm xat24cr x1mh8g0r xexx8yu x4uap5 x18d9i69 xkhd6sd x1hl2dhg x16tdsg8 x1vvkbs\"><a class=\"x1i10hfl xjbqb8w x1ejq31n xd10rxx x1sy0etr x17r0tee x972fbf xcfux6l x1qhh985 xm0m39n x9f619 x1ypdohk xt0psk2 xe8uvvx xdj266r x11i5rnm xat24cr x1mh8g0r xexx8yu x4uap5 x18d9i69 xkhd6sd x16tdsg8 x1hl2dhg xggy1nq x1a2a7pz x1sur9pj xkrqix3 x1fey0fg x1s688f\" tabindex=\"0\" role=\"link\" href=\"https:\/\/www.facebook.com\/hashtag\/solidarit%C3%A9quartierspopulaires?__eep__=6&amp;__cft__[0]=AZWjITZY7gq_0onCg-xSO3fsXjWJ5CmcsFyQ3RnLdJl20D-T7OHedegkmKcOdaNYlBCuMtaejFLF63Bl1U-OsjsMcU4iQ6-fdpv0v82uJTs2SbiZbXaq6hVo8wBLvzpZ2blDoGwtWSmYvml4hijdCCyOkOTcN2V-vc6y9M_2ajMWTw&amp;__tn__=*NK-R\">#Solidarit\u00e9QuartiersPopulaires<\/a><\/span> <span class=\"html-span xdj266r x11i5rnm xat24cr x1mh8g0r xexx8yu x4uap5 x18d9i69 xkhd6sd x1hl2dhg x16tdsg8 x1vvkbs\"><a class=\"x1i10hfl xjbqb8w x1ejq31n xd10rxx x1sy0etr x17r0tee x972fbf xcfux6l x1qhh985 xm0m39n x9f619 x1ypdohk xt0psk2 xe8uvvx xdj266r x11i5rnm xat24cr x1mh8g0r xexx8yu x4uap5 x18d9i69 xkhd6sd x16tdsg8 x1hl2dhg xggy1nq x1a2a7pz x1sur9pj xkrqix3 x1fey0fg x1s688f\" tabindex=\"0\" role=\"link\" href=\"https:\/\/www.facebook.com\/hashtag\/luttercontrelaguerreraciale?__eep__=6&amp;__cft__[0]=AZWjITZY7gq_0onCg-xSO3fsXjWJ5CmcsFyQ3RnLdJl20D-T7OHedegkmKcOdaNYlBCuMtaejFLF63Bl1U-OsjsMcU4iQ6-fdpv0v82uJTs2SbiZbXaq6hVo8wBLvzpZ2blDoGwtWSmYvml4hijdCCyOkOTcN2V-vc6y9M_2ajMWTw&amp;__tn__=*NK-R\">#LutterContreLaGuerreRaciale<\/a><\/span><\/div>\n<p class=\"x11i5rnm xat24cr x1mh8g0r x1vvkbs xtlvy1s x126k92a\">\n<div dir=\"auto\">\n<header class=\"w-full text-center dark:text-white\">\n<div class=\"box-border flex w-full flex-wrap justify-center bg-background-light dark:bg-background-dark py-6 sm:py-8 md:py-12 max-w-row\">\n<div class=\"container box-border max-w-[720px] px-6 py-10 sm:p-8 md:p-12 gap-y-6 sm:gap-y-8 md:gap-y-12\">\n<h4 class=\"js-uptime detail-h1 text-heading-900 dark:text-heading-100\" style=\"text-align: center;\" data-testid=\"title\">Fusillades \u00e0 Bruxelles : voici les cartes qui t\u00e9moignent d\u2019une augmentation des violences li\u00e9es \u00e0 la drogue dans la capitale<\/h4>\n<\/div>\n<\/div>\n<div class=\"box-border flex w-full flex-wrap justify-center bg-background-light dark:bg-background-dark max-w-row\">\n<div class=\"container box-border max-w-[720px] gap-y-6 sm:gap-y-8 md:gap-y-12\">\n<div class=\"rs_skip aspect-h-9 aspect-w-16 relative cursor-pointer appearance-none overflow-hidden outline outline-0 outline-offset-2 focus:outline-4 focus:outline-focus focus:dark:outline-white\/70\" tabindex=\"0\" role=\"button\" aria-label=\"Agrandir l'image Un large p\u00e9rim\u00e8tre de s\u00e9curit\u00e9 avec un v\u00e9hicule de police pr\u00e8s de la station de m\u00e9tro Clemenceau, apr\u00e8s une fusillade ce soir, samedi 15\u00a0f\u00e9vrier 2025 \u00e0 Cureghem \u2013 Kuregem, Anderlecht, Bruxelles. Plusieurs fusillades ont eu lieu r\u00e9cemment pr\u00e8s de la statio\" data-elbaction=\"click:click\" data-elbcontext=\"image_id:-1;image_index:-1;area:block_image\"><img decoding=\"async\" class=\"absolute inset-0 size-full object-cover object-top aligncenter\" src=\"https:\/\/ds.static.rtbf.be\/article\/image\/180x100\/1\/7\/4\/787afca6b6dd1f06fc22e4b52b0b89bf-1740064547.jpg\" sizes=\"(max-width: 740px) 100vw, 720px\" srcset=\"https:\/\/ds.static.rtbf.be\/article\/image\/180x100\/1\/7\/4\/787afca6b6dd1f06fc22e4b52b0b89bf-1740064547.jpg 180w, https:\/\/ds.static.rtbf.be\/article\/image\/370x208\/1\/7\/4\/787afca6b6dd1f06fc22e4b52b0b89bf-1740064547.jpg 370w, https:\/\/ds.static.rtbf.be\/article\/image\/770x433\/1\/7\/4\/787afca6b6dd1f06fc22e4b52b0b89bf-1740064547.jpg 770w, https:\/\/ds.static.rtbf.be\/article\/image\/1248x702\/1\/7\/4\/787afca6b6dd1f06fc22e4b52b0b89bf-1740064547.jpg 1248w, https:\/\/ds.static.rtbf.be\/article\/image\/1920x1080\/1\/7\/4\/787afca6b6dd1f06fc22e4b52b0b89bf-1740064547.jpg 1920w\" alt=\"Un large p\u00e9rim\u00e8tre de s\u00e9curit\u00e9 avec un v\u00e9hicule de police pr\u00e8s de la station de m\u00e9tro Clemenceau, apr\u00e8s une fusillade ce soir, samedi 15\u00a0f\u00e9vrier 2025 \u00e0 Cureghem \u2013 Kuregem, Anderlecht, Bruxelles. Plusieurs fusillades ont eu lieu r\u00e9cemment pr\u00e8s de la statio\" aria-hidden=\"false\" \/><\/div>\n<p class=\"rs_skip mt-10 pl-10 text-left text-12 font-normal italic leading-normal text-content-900 dark:text-white md:pl-0\">\u00a9\u00a0BELGA PHOTO HATIM KAGHAT<\/p>\n<\/div>\n<\/div>\n<div class=\"box-border flex w-full flex-wrap justify-center bg-background-light dark:bg-background-dark py-6 sm:py-8 md:py-12 max-w-row\">\n<div class=\"container box-border max-w-[720px] gap-y-6 sm:gap-y-8 md:gap-y-12 border-b border-v2-blue-100 pb-12 dark:border-navy-blue-800\">\n<div class=\"flex flex-col items-center\">\n<div class=\"mb-10 flex flex-wrap items-center justify-center px-10\"><span class=\"card-meta text-content-900 dark:text-content-400 \" aria-label=\"Publi\u00e9 le 21 f\u00e9vrier 2025 \u00e0 10:48\">21 f\u00e9vr. 2025 \u00e0 10:48 &#8211; mise \u00e0 jour hier \u00e0 08:23<\/span><span class=\"rs_skip mx-4 text-yellow-500\" aria-hidden=\"true\">\u2022<\/span><span class=\"rs_skip card-meta text-content-900 dark:text-content-400\"><time datetime=\"PT0H6M2S\">6 min<\/time><\/span><\/div>\n<div class=\"mb-12 inline-flex flex-wrap items-center justify-center gap-x-8 gap-y-4 px-10 text-12 font-bold leading-normal text-blue-500 dark:text-white md:flex-row\">\n<div class=\"inline-flex flex-wrap items-center justify-center gap-x-4\">Par<span class=\"underline\">Marie-Laure Mathot<\/span><\/div>\n<\/div>\n<\/div>\n<\/div>\n<\/div>\n<\/header>\n<div id=\"content\" class=\"flex w-full flex-col items-center\" data-elbaction=\"scroll(100):read_done\" data-elb-engagement=\"reading_time:1740316873484\">\n<div class=\"container box-border max-w-[720px] px-6 py-10 sm:p-8 md:p-12\">\n<div class=\"js-block-text prose max-w-none font-normal leading-loose text-content-900 md:prose-md lg:prose-lg prose-headings:font-bold prose-a:font-semibold prose-strong:font-bold prose-li:text-18 prose-li:leading-32 dark:text-content-100 dark:prose-headings:text-content-100 dark:prose-a:bg-navy-blue-700 dark:prose-a:text-navy-blue-100 dark:prose-a:visited:bg-navy-blue-700 dark:prose-a:visited:text-teal-200 dark:prose-a:hover:bg-navy-blue-500 dark:prose-a:hover:text-navy-blue-100 dark:prose-a:focus:outline-focus dark:prose-blockquote:text-sand-100 dark:prose-code:text-sand-100 dark:prose-pre:bg-[#1f2227] dark:prose-pre:text-[#639bee] dark:prose-thead:bg-purple-500 dark:prose-thead:text-primary dark:prose-tr:border-b-purple-500 dark:prose-hr:border-navy-blue-800 lg:prose-h1:text-36 lg:prose-h1:leading-[2.75rem] lg:prose-h2:text-28 lg:prose-h2:leading-[2.125rem] lg:prose-h3:text-24 lg:prose-h3:leading-[1.8125rem] lg:prose-p:text-16 lg:prose-p:leading-32 lg:prose-blockquote:py-60 lg:prose-blockquote:pl-[6rem] lg:prose-blockquote:pr-80 lg:prose-li:text-16 lg:prose-li:leading-32 first-letter:float-left first-letter:-ml-2 first-letter:mb-0 first-letter:mr-0 first-letter:mt-[.2rem] first-letter:pr-10 first-letter:text-60 first-letter:font-bold first-letter:not-italic first-letter:leading-none\">\n<div data-elbcontext=\"area:link\" data-elb-navigation=\"url:#href\">\n<p>De 56 fusillades enregistr\u00e9es par la police f\u00e9d\u00e9rale en\u00a02022, la R\u00e9gion de Bruxelles-Capitale\u00a0est pass\u00e9e \u00e0 92 en\u00a02024. L\u2019augmentation est donc de 65% en deux ans. Et depuis le d\u00e9but de l\u2019ann\u00e9e\u00a02025, deux personnes ont d\u00e9j\u00e0 perdu la vie dans ces incidents de tir.\u00a0<a href=\"https:\/\/www.rtbf.be\/article\/violence-liee-a-la-drogue-a-anderlecht-le-bourgmestre-plaide-une-nouvelle-fois-pour-un-renforcement-de-la-police-federale-11506710\">Les r\u00e9unions de ces derniers jours<\/a> \u00e0 tous les niveaux de pouvoir\u00a0visent notamment \u00e0 s\u00e9curiser les \u00ab\u00a0points chauds\u00a0\u00bb, l\u00e0\u00a0o\u00f9 l\u2019on retrouve le plus de violences li\u00e9es au trafic de drogue. Mais quels sont-ils\u00a0?<\/p>\n<\/div>\n<\/div>\n<\/div>\n<p class=\"box-border flex w-full flex-wrap justify-center bg-background-light dark:bg-background-dark py-6 sm:py-8 md:py-12 max-w-row\">\n<div class=\"container box-border max-w-[720px] px-6 py-10 sm:p-8 md:p-12\">\n<div class=\"js-block-text prose max-w-none font-normal leading-loose text-content-900 md:prose-md lg:prose-lg prose-headings:font-bold prose-a:font-semibold prose-strong:font-bold prose-li:text-18 prose-li:leading-32 dark:text-content-100 dark:prose-headings:text-content-100 dark:prose-a:bg-navy-blue-700 dark:prose-a:text-navy-blue-100 dark:prose-a:visited:bg-navy-blue-700 dark:prose-a:visited:text-teal-200 dark:prose-a:hover:bg-navy-blue-500 dark:prose-a:hover:text-navy-blue-100 dark:prose-a:focus:outline-focus dark:prose-blockquote:text-sand-100 dark:prose-code:text-sand-100 dark:prose-pre:bg-[#1f2227] dark:prose-pre:text-[#639bee] dark:prose-thead:bg-purple-500 dark:prose-thead:text-primary dark:prose-tr:border-b-purple-500 dark:prose-hr:border-navy-blue-800 lg:prose-h1:text-36 lg:prose-h1:leading-[2.75rem] lg:prose-h2:text-28 lg:prose-h2:leading-[2.125rem] lg:prose-h3:text-24 lg:prose-h3:leading-[1.8125rem] lg:prose-p:text-16 lg:prose-p:leading-32 lg:prose-blockquote:py-60 lg:prose-blockquote:pl-[6rem] lg:prose-blockquote:pr-80 lg:prose-li:text-16 lg:prose-li:leading-32\">\n<h2 class=\"text-purple-900 dark:text-white\">O\u00f9 sont ces \u00ab\u00a0points chauds\u00a0\u00bb\u00a0?<\/h2>\n<\/div>\n<\/div>\n<p class=\"box-border flex w-full flex-wrap justify-center bg-background-light dark:bg-background-dark py-6 sm:py-8 md:py-12 max-w-row\">\n<div class=\"container box-border max-w-[720px] px-6 py-10 sm:p-8 md:p-12\">\n<div class=\"js-block-text prose max-w-none font-normal leading-loose text-content-900 md:prose-md lg:prose-lg prose-headings:font-bold prose-a:font-semibold prose-strong:font-bold prose-li:text-18 prose-li:leading-32 dark:text-content-100 dark:prose-headings:text-content-100 dark:prose-a:bg-navy-blue-700 dark:prose-a:text-navy-blue-100 dark:prose-a:visited:bg-navy-blue-700 dark:prose-a:visited:text-teal-200 dark:prose-a:hover:bg-navy-blue-500 dark:prose-a:hover:text-navy-blue-100 dark:prose-a:focus:outline-focus dark:prose-blockquote:text-sand-100 dark:prose-code:text-sand-100 dark:prose-pre:bg-[#1f2227] dark:prose-pre:text-[#639bee] dark:prose-thead:bg-purple-500 dark:prose-thead:text-primary dark:prose-tr:border-b-purple-500 dark:prose-hr:border-navy-blue-800 lg:prose-h1:text-36 lg:prose-h1:leading-[2.75rem] lg:prose-h2:text-28 lg:prose-h2:leading-[2.125rem] lg:prose-h3:text-24 lg:prose-h3:leading-[1.8125rem] lg:prose-p:text-16 lg:prose-p:leading-32 lg:prose-blockquote:py-60 lg:prose-blockquote:pl-[6rem] lg:prose-blockquote:pr-80 lg:prose-li:text-16 lg:prose-li:leading-32\">\n<div data-elbcontext=\"area:link\" data-elb-navigation=\"url:#href\">\n<p>Il y en a \u00e0 Anderlecht,\u00a0<a href=\"https:\/\/www.rtbf.be\/article\/nouvelle-fusillade-a-anderlecht-pres-de-la-station-de-metro-clemenceau-un-deces-11504694\">comme nous l\u2019avons vu ces derni\u00e8res\u00a0semaines,<\/a>\u00a0mais pas seulement.\u00a0Depuis\u00a02022, les articles de presse sont de plus en plus nombreux \u00e0 faire \u00e9tat de fusillades\u00a0: Saint-Gilles, Molenbeek-Saint-Jean, Saint-Josse, Bruxelles-Ville et parfois, Ixelles et Forest.\u00a0<a href=\"https:\/\/gunviolence.eu\/incident-monitor\/\">Le Flemish Peace Institute<\/a>, institut r\u00e9gional de recherche, r\u00e9pertorie ces publications faisant \u00e9tat de violence avec armes \u00e0 feu \u00e0 l\u2019aide d\u2019une intelligence artificielle. La r\u00e9daction D\u00e9crypte de la RTBF a consolid\u00e9 ce recensement et a plac\u00e9 chaque \u00e9v\u00e9nement sur une carte.<strong>\u00a0<\/strong>Voici ce qu\u2019il en ressort\u00a0entre\u00a02022 et le d\u00e9but de cette ann\u00e9e\u00a02025.<\/p>\n<\/div>\n<\/div>\n<\/div>\n<p class=\"box-border flex w-full flex-wrap justify-center bg-background-light dark:bg-background-dark py-6 sm:py-8 md:py-12 max-w-row\">\n<div class=\"container box-border px-6 py-10 sm:p-8 md:p-12\">\n<div class=\"relative flex w-full justify-center text-content-900 dark:text-sand-100\">\n<div class=\"w-full\">\n<div class=\"flourish-embed flourish-map\" data-src=\"visualisation\/21692282\">\n<p><iframe title=\"Interactive or visual content\" src=\"https:\/\/flo.uri.sh\/visualisation\/21692282\/embed?auto=1\" frameborder=\"0\" scrolling=\"no\" sandbox=\"allow-same-origin allow-forms allow-scripts allow-downloads allow-popups allow-popups-to-escape-sandbox allow-top-navigation-by-user-activation\"><\/iframe><\/p>\n<div class=\"flourish-credit\"><a href=\"https:\/\/flourish.studio\/visualisations\/maps\/?utm_source=showcase&amp;utm_campaign=visualisation\/21692282\" target=\"_top\">A Flourish map<\/a><\/div>\n<\/div>\n<\/div>\n<\/div>\n<\/div>\n<p class=\"box-border flex w-full flex-wrap justify-center bg-background-light dark:bg-background-dark py-6 sm:py-8 md:py-12 max-w-row\">\n<div class=\"container box-border max-w-[720px] px-6 py-10 sm:p-8 md:p-12\">\n<div class=\"js-block-text prose max-w-none font-normal leading-loose text-content-900 md:prose-md lg:prose-lg prose-headings:font-bold prose-a:font-semibold prose-strong:font-bold prose-li:text-18 prose-li:leading-32 dark:text-content-100 dark:prose-headings:text-content-100 dark:prose-a:bg-navy-blue-700 dark:prose-a:text-navy-blue-100 dark:prose-a:visited:bg-navy-blue-700 dark:prose-a:visited:text-teal-200 dark:prose-a:hover:bg-navy-blue-500 dark:prose-a:hover:text-navy-blue-100 dark:prose-a:focus:outline-focus dark:prose-blockquote:text-sand-100 dark:prose-code:text-sand-100 dark:prose-pre:bg-[#1f2227] dark:prose-pre:text-[#639bee] dark:prose-thead:bg-purple-500 dark:prose-thead:text-primary dark:prose-tr:border-b-purple-500 dark:prose-hr:border-navy-blue-800 lg:prose-h1:text-36 lg:prose-h1:leading-[2.75rem] lg:prose-h2:text-28 lg:prose-h2:leading-[2.125rem] lg:prose-h3:text-24 lg:prose-h3:leading-[1.8125rem] lg:prose-p:text-16 lg:prose-p:leading-32 lg:prose-blockquote:py-60 lg:prose-blockquote:pl-[6rem] lg:prose-blockquote:pr-80 lg:prose-li:text-16 lg:prose-li:leading-32\">\n<div data-elbcontext=\"area:link\" data-elb-navigation=\"url:#href\">\n<p>Le compteur montre que les \u00e9v\u00e9nements relay\u00e9s par les m\u00e9dias sont en augmentation. Une tendance confirm\u00e9e par les chiffres officiels de la police f\u00e9d\u00e9rale qui, eux, r\u00e9pertorient tous les incidents de tirs dans la capitale. En deux ans, ils ont augment\u00e9 de 65%.<\/p>\n<\/div>\n<\/div>\n<\/div>\n<p class=\"box-border flex w-full flex-wrap justify-center bg-background-light dark:bg-background-dark py-6 sm:py-8 md:py-12 max-w-row\">\n<div class=\"container box-border max-w-[720px] px-6 py-10 sm:p-8 md:p-12\">\n<div class=\"relative flex w-full justify-center text-content-900 dark:text-sand-100\">\n<div class=\"w-full\">\n<div class=\"flourish-embed\" data-src=\"story\/2893904\">\n<p><iframe title=\"Interactive or visual content\" src=\"https:\/\/flo.uri.sh\/story\/2893904\/embed?auto=1\" frameborder=\"0\" scrolling=\"no\" sandbox=\"allow-same-origin allow-forms allow-scripts allow-downloads allow-popups allow-popups-to-escape-sandbox allow-top-navigation-by-user-activation\"><\/iframe><\/p>\n<div class=\"flourish-credit\"><a href=\"https:\/\/flourish.studio\/?utm_source=showcase&amp;utm_campaign=story\/2893904\" target=\"_top\">A Flourish data visualization<\/a><\/div>\n<\/div>\n<\/div>\n<\/div>\n<\/div>\n<p class=\"box-border flex w-full flex-wrap justify-center bg-background-light dark:bg-background-dark py-6 sm:py-8 md:py-12 max-w-row\">\n<div class=\"container box-border max-w-[720px] px-6 py-10 sm:p-8 md:p-12\">\n<div class=\"js-block-text prose max-w-none font-normal leading-loose text-content-900 md:prose-md lg:prose-lg prose-headings:font-bold prose-a:font-semibold prose-strong:font-bold prose-li:text-18 prose-li:leading-32 dark:text-content-100 dark:prose-headings:text-content-100 dark:prose-a:bg-navy-blue-700 dark:prose-a:text-navy-blue-100 dark:prose-a:visited:bg-navy-blue-700 dark:prose-a:visited:text-teal-200 dark:prose-a:hover:bg-navy-blue-500 dark:prose-a:hover:text-navy-blue-100 dark:prose-a:focus:outline-focus dark:prose-blockquote:text-sand-100 dark:prose-code:text-sand-100 dark:prose-pre:bg-[#1f2227] dark:prose-pre:text-[#639bee] dark:prose-thead:bg-purple-500 dark:prose-thead:text-primary dark:prose-tr:border-b-purple-500 dark:prose-hr:border-navy-blue-800 lg:prose-h1:text-36 lg:prose-h1:leading-[2.75rem] lg:prose-h2:text-28 lg:prose-h2:leading-[2.125rem] lg:prose-h3:text-24 lg:prose-h3:leading-[1.8125rem] lg:prose-p:text-16 lg:prose-p:leading-32 lg:prose-blockquote:py-60 lg:prose-blockquote:pl-[6rem] lg:prose-blockquote:pr-80 lg:prose-li:text-16 lg:prose-li:leading-32\">\n<h2 class=\"text-purple-900 dark:text-white\">Qui est impliqu\u00e9\u00a0?<\/h2>\n<\/div>\n<\/div>\n<p class=\"box-border flex w-full flex-wrap justify-center bg-background-light dark:bg-background-dark py-6 sm:py-8 md:py-12 max-w-row\">\n<div class=\"container box-border max-w-[720px] px-6 py-10 sm:p-8 md:p-12\">\n<div class=\"js-block-text prose max-w-none font-normal leading-loose text-content-900 md:prose-md lg:prose-lg prose-headings:font-bold prose-a:font-semibold prose-strong:font-bold prose-li:text-18 prose-li:leading-32 dark:text-content-100 dark:prose-headings:text-content-100 dark:prose-a:bg-navy-blue-700 dark:prose-a:text-navy-blue-100 dark:prose-a:visited:bg-navy-blue-700 dark:prose-a:visited:text-teal-200 dark:prose-a:hover:bg-navy-blue-500 dark:prose-a:hover:text-navy-blue-100 dark:prose-a:focus:outline-focus dark:prose-blockquote:text-sand-100 dark:prose-code:text-sand-100 dark:prose-pre:bg-[#1f2227] dark:prose-pre:text-[#639bee] dark:prose-thead:bg-purple-500 dark:prose-thead:text-primary dark:prose-tr:border-b-purple-500 dark:prose-hr:border-navy-blue-800 lg:prose-h1:text-36 lg:prose-h1:leading-[2.75rem] lg:prose-h2:text-28 lg:prose-h2:leading-[2.125rem] lg:prose-h3:text-24 lg:prose-h3:leading-[1.8125rem] lg:prose-p:text-16 lg:prose-p:leading-32 lg:prose-blockquote:py-60 lg:prose-blockquote:pl-[6rem] lg:prose-blockquote:pr-80 lg:prose-li:text-16 lg:prose-li:leading-32\">\n<div data-elbcontext=\"area:link\" data-elb-navigation=\"url:#href\">\n<p>Le nombre de victimes, bless\u00e9es ou\u00a0tu\u00e9es, est, lui aussi, en augmentation. Dans les articles\u00a0que nous avons pu analyser, les victimes sont souvent de jeunes hommes \u00e2g\u00e9s entre 18 et 35 ans. Ils utilisent entre autres des armes \u00ab\u00a0lourdes\u00a0\u00bb de type kalachnikov.\u00a0<a href=\"https:\/\/www.rtbf.be\/article\/fusillades-a-bruxelles-les-5-questions-que-vous-vous-posez-sur-les-armes-illegales-11506503\">Des armes beaucoup plus faciles \u00e0 trouver qu\u2019auparavant sur Telegram, Snapchat ou sur le dark web.<\/a><\/p>\n<p>Si l\u2019utilisation d\u2019arme \u00e0 feu se fait parfois dans le cadre de violences homophobes, d\u2019un attentat\u00a0ou de f\u00e9minicides \u00e0 Bruxelles, la plupart des incidents ont une cause encore \u00ab\u00a0inconnue\u00a0\u00bb au moment o\u00f9 les faits sont relay\u00e9s dans les m\u00e9dias. Mais le lieu, les personnes impliqu\u00e9es, auteurs ou victimes,<strong>\u00a0<\/strong>et le modus operandi laissent \u00e0 penser qu\u2019ils sont en lien avec le milieu de la drogue. Voil\u00e0 pourquoi elles sont r\u00e9pertori\u00e9es sous la l\u00e9gende \u00ab\u00a0Inconnu\/drogue\u00a0\u00bb dans la carte ci-dessous.<\/p>\n<\/div>\n<\/div>\n<\/div>\n<p class=\"box-border flex w-full flex-wrap justify-center bg-background-light dark:bg-background-dark py-6 sm:py-8 md:py-12 max-w-row\">\n<div class=\"container box-border max-w-[720px] px-6 py-10 sm:p-8 md:p-12\">\n<div class=\"relative flex w-full justify-center text-content-900 dark:text-sand-100\">\n<div class=\"w-full\">\n<div class=\"flourish-embed flourish-map\" data-src=\"visualisation\/21692661\">\n<p><iframe title=\"Interactive or visual content\" src=\"https:\/\/flo.uri.sh\/visualisation\/21692661\/embed?auto=1\" frameborder=\"0\" scrolling=\"no\" sandbox=\"allow-same-origin allow-forms allow-scripts allow-downloads allow-popups allow-popups-to-escape-sandbox allow-top-navigation-by-user-activation\"><\/iframe><\/p>\n<div class=\"flourish-credit\"><a href=\"https:\/\/flourish.studio\/visualisations\/maps\/?utm_source=showcase&amp;utm_campaign=visualisation\/21692661\" target=\"_top\">A Flourish map<\/a><\/div>\n<\/div>\n<\/div>\n<\/div>\n<\/div>\n<p class=\"box-border flex w-full flex-wrap justify-center bg-background-light dark:bg-background-dark py-6 sm:py-8 md:py-12 max-w-row\">\n<div class=\"container box-border max-w-[720px] px-6 py-10 sm:p-8 md:p-12\">\n<div class=\"js-block-text prose max-w-none font-normal leading-loose text-content-900 md:prose-md lg:prose-lg prose-headings:font-bold prose-a:font-semibold prose-strong:font-bold prose-li:text-18 prose-li:leading-32 dark:text-content-100 dark:prose-headings:text-content-100 dark:prose-a:bg-navy-blue-700 dark:prose-a:text-navy-blue-100 dark:prose-a:visited:bg-navy-blue-700 dark:prose-a:visited:text-teal-200 dark:prose-a:hover:bg-navy-blue-500 dark:prose-a:hover:text-navy-blue-100 dark:prose-a:focus:outline-focus dark:prose-blockquote:text-sand-100 dark:prose-code:text-sand-100 dark:prose-pre:bg-[#1f2227] dark:prose-pre:text-[#639bee] dark:prose-thead:bg-purple-500 dark:prose-thead:text-primary dark:prose-tr:border-b-purple-500 dark:prose-hr:border-navy-blue-800 lg:prose-h1:text-36 lg:prose-h1:leading-[2.75rem] lg:prose-h2:text-28 lg:prose-h2:leading-[2.125rem] lg:prose-h3:text-24 lg:prose-h3:leading-[1.8125rem] lg:prose-p:text-16 lg:prose-p:leading-32 lg:prose-blockquote:py-60 lg:prose-blockquote:pl-[6rem] lg:prose-blockquote:pr-80 lg:prose-li:text-16 lg:prose-li:leading-32\">\n<div data-elbcontext=\"area:link\" data-elb-navigation=\"url:#href\">\n<p>\u00ab\u00a0<em>La plupart des violences \u00e0\u00a0Bruxelles sont effectivement li\u00e9es au milieu de la drogue<\/em>\u00ab\u00a0, confirme Astrid De Schutter, chercheuse \u00e0 l\u2019Institut flamand de la paix qui a travaill\u00e9 sur cette base de donn\u00e9es. \u00ab\u00a0<em>Il s\u2019agit souvent de conflits entre diff\u00e9rentes organisations de trafic de drogue ou au sein d\u2019une m\u00eame organisation, mais parfois, des victimes innocentes sont \u00e9galement touch\u00e9es.\u00a0\u00bb<\/em><\/p>\n<p><em>\u00ab\u00a0Cela peut \u00eatre d\u00fb fait que, d\u2019une part, un plus grand nombre de criminels ont facilement acc\u00e8s aux armes \u00e0 feu. D\u2019autre part, nous constatons aussi que, parfois,\u00a0<a href=\"https:\/\/www.rtbf.be\/article\/trafic-de-drogue-les-mineurs-d-age-ces-petites-mains-interchangeables-11500607\">des criminels tr\u00e8s jeunes sont utilis\u00e9s pour ex\u00e9cuter ce genre de t\u00e2ches<\/a>. Les jeunes sont plus impulsifs et ne sont pas toujours capables d\u2019\u00e9valuer correctement les risques.\u00a0\u00bb<\/em><\/p>\n<blockquote><p><em>Ils tirent puis ils r\u00e9fl\u00e9chissent<\/em><\/p><\/blockquote>\n<p>\u00ab\u00a0<em>Ils tirent puis ils r\u00e9fl\u00e9chissent<\/em>\u00ab\u00a0, ajoute Tim Surmont, criminologue analyste des march\u00e9s et de la criminalit\u00e9 li\u00e9s\u00a0\u00e0 la drogue pour l\u2019Agence europ\u00e9enne des drogues, form\u00e9 \u00e0 l\u2019Universit\u00e9 de Gand.\u00a0<em>\u00ab\u00a0Tous ces jeunes sont recrut\u00e9s par des r\u00e9seaux criminels. On ne peut pas r\u00e9soudre ce probl\u00e8me en deux semaines parce qu\u2019il est li\u00e9 au fait que les jeunes sont dans une situation \u00e9conomique et sociale d\u00e9favoris\u00e9e. Ils sont ainsi plus faciles \u00e0 recruter. Ils y voient un moyen rapide de se faire de l\u2019argent et sont donc faciles \u00e0 recruter<\/em>.\u00a0\u00bb<\/p>\n<p>Ce sont donc ces jeunes qui gravissent petit \u00e0 petit les \u00e9chelons qui se retrouvent d\u2019abord avec de la drogue \u00e0 vendre entre les mains.\u00a0Ensuite, avec des armes lourdes.\u00a0La jeunesse est donc cibl\u00e9e et pas seulement celle notre capitale.\u00a0<em>\u00ab\u00a0On a vu derni\u00e8rement des jeunes de Marseille actifs \u00e0 Bruxelles\u00a0\u00bb,<\/em>\u00a0note le criminologue.<\/p>\n<p>Ces<strong>\u00a0<\/strong>fusillades s\u2019inscrivent ainsi\u00a0dans un contexte d\u2019une \u00ab\u00a0guerre des territoires\u00a0\u00bb comme on l\u2019a beaucoup entendu ces derniers mois. Pour Patrick Baus, d\u00e9l\u00e9gu\u00e9 permanent de la CGSP Police\u00a0<a href=\"https:\/\/bx1.be\/categories\/news\/patrick-baus-cgsp-police-sur-les-fusillades-on-est-au-dela-de-loccupation-du-terrain-on-est-dans-un-systeme-de-vengeance\/?theme=classic\">interview\u00e9 par BX1<\/a>, la situation va aujourd\u2019hui un cran plus loin. \u00ab\u00a0<em>On est au-del\u00e0 de l\u2019occupation de terrain. Aujourd\u2019hui, on est dans un syst\u00e8me de vengeance.<\/em>\u00a0\u00bb<\/p>\n<p>Et de souligner que la coop\u00e9ration internationale est prioritaire\u00a0<em>\u00ab\u00a0pour l\u2019importation du trafic de stup\u00e9fiants et pour le niveau moyen. Au niveau du deal de rue, on est quand m\u00eame davantage sur des petites bandes locales o\u00f9 l\u2019on profite de profils fragilis\u00e9s, sans domicile fixe ou sans papiers pour les petites besognes.<\/em>\u00a0\u00bb<\/p>\n<\/div>\n<\/div>\n<\/div>\n<p class=\"box-border flex w-full flex-wrap justify-center bg-background-light dark:bg-background-dark py-6 sm:py-8 md:py-12 max-w-row\">\n<div class=\"container box-border max-w-[720px] px-6 py-10 sm:p-8 md:p-12\">\n<div class=\"js-block-text prose max-w-none font-normal leading-loose text-content-900 md:prose-md lg:prose-lg prose-headings:font-bold prose-a:font-semibold prose-strong:font-bold prose-li:text-18 prose-li:leading-32 dark:text-content-100 dark:prose-headings:text-content-100 dark:prose-a:bg-navy-blue-700 dark:prose-a:text-navy-blue-100 dark:prose-a:visited:bg-navy-blue-700 dark:prose-a:visited:text-teal-200 dark:prose-a:hover:bg-navy-blue-500 dark:prose-a:hover:text-navy-blue-100 dark:prose-a:focus:outline-focus dark:prose-blockquote:text-sand-100 dark:prose-code:text-sand-100 dark:prose-pre:bg-[#1f2227] dark:prose-pre:text-[#639bee] dark:prose-thead:bg-purple-500 dark:prose-thead:text-primary dark:prose-tr:border-b-purple-500 dark:prose-hr:border-navy-blue-800 lg:prose-h1:text-36 lg:prose-h1:leading-[2.75rem] lg:prose-h2:text-28 lg:prose-h2:leading-[2.125rem] lg:prose-h3:text-24 lg:prose-h3:leading-[1.8125rem] lg:prose-p:text-16 lg:prose-p:leading-32 lg:prose-blockquote:py-60 lg:prose-blockquote:pl-[6rem] lg:prose-blockquote:pr-80 lg:prose-li:text-16 lg:prose-li:leading-32\">\n<h2 class=\"text-purple-900 dark:text-white\">Plus qu\u2019ailleurs\u00a0?<\/h2>\n<\/div>\n<\/div>\n<p class=\"box-border flex w-full flex-wrap justify-center bg-background-light dark:bg-background-dark py-6 sm:py-8 md:py-12 max-w-row\">\n<div class=\"container box-border max-w-[720px] px-6 py-10 sm:p-8 md:p-12\">\n<div class=\"js-block-text prose max-w-none font-normal leading-loose text-content-900 md:prose-md lg:prose-lg prose-headings:font-bold prose-a:font-semibold prose-strong:font-bold prose-li:text-18 prose-li:leading-32 dark:text-content-100 dark:prose-headings:text-content-100 dark:prose-a:bg-navy-blue-700 dark:prose-a:text-navy-blue-100 dark:prose-a:visited:bg-navy-blue-700 dark:prose-a:visited:text-teal-200 dark:prose-a:hover:bg-navy-blue-500 dark:prose-a:hover:text-navy-blue-100 dark:prose-a:focus:outline-focus dark:prose-blockquote:text-sand-100 dark:prose-code:text-sand-100 dark:prose-pre:bg-[#1f2227] dark:prose-pre:text-[#639bee] dark:prose-thead:bg-purple-500 dark:prose-thead:text-primary dark:prose-tr:border-b-purple-500 dark:prose-hr:border-navy-blue-800 lg:prose-h1:text-36 lg:prose-h1:leading-[2.75rem] lg:prose-h2:text-28 lg:prose-h2:leading-[2.125rem] lg:prose-h3:text-24 lg:prose-h3:leading-[1.8125rem] lg:prose-p:text-16 lg:prose-p:leading-32 lg:prose-blockquote:py-60 lg:prose-blockquote:pl-[6rem] lg:prose-blockquote:pr-80 lg:prose-li:text-16 lg:prose-li:leading-32\">\n<div data-elbcontext=\"area:link\" data-elb-navigation=\"url:#href\">\n<p>Bruxelles, Marseille\u00a0mais aussi\u00a0<a href=\"https:\/\/www.rtbf.be\/article\/violences-liees-a-la-drogue-comment-d-autres-pays-europeens-gerent-ils-ce-fleau-11504782\">d\u2019autres villes d\u2019Europe<\/a>\u00a0connaissent des probl\u00e8mes li\u00e9s au trafic de drogue. O\u00f9 se situe notre capitale\u00a0? Est-ce pire qu\u2019ailleurs\u00a0? Le Flemish Peace Institute peut donner une tendance sur base des articles de presse\u00a0: Bruxelles se place aujourd\u2019hui dans le top des grandes villes europ\u00e9ennes o\u00f9 les fusillades li\u00e9es au milieu de la drogue sont relay\u00e9es par les m\u00e9dias.<\/p>\n<\/div>\n<\/div>\n<\/div>\n<p class=\"box-border flex w-full flex-wrap justify-center bg-background-light dark:bg-background-dark py-6 sm:py-8 md:py-12 max-w-row\">\n<div class=\"container box-border max-w-[720px] px-6 py-10 sm:p-8 md:p-12\">\n<div class=\"relative flex w-full justify-center text-content-900 dark:text-sand-100\">\n<div class=\"w-full\">\n<div class=\"flourish-embed flourish-chart\" data-src=\"visualisation\/21727127\">\n<p><iframe title=\"Interactive or visual content\" src=\"https:\/\/flo.uri.sh\/visualisation\/21727127\/embed?auto=1\" frameborder=\"0\" scrolling=\"no\" sandbox=\"allow-same-origin allow-forms allow-scripts allow-downloads allow-popups allow-popups-to-escape-sandbox allow-top-navigation-by-user-activation\"><\/iframe><\/p>\n<div class=\"flourish-credit\"><a href=\"https:\/\/flourish.studio\/visualisations\/line-bar-pie-charts\/?utm_source=showcase&amp;utm_campaign=visualisation\/21727127\" target=\"_top\">A Flourish chart<\/a><\/div>\n<\/div>\n<\/div>\n<\/div>\n<\/div>\n<p class=\"box-border flex w-full flex-wrap justify-center bg-background-light dark:bg-background-dark py-6 sm:py-8 md:py-12 max-w-row\">\n<div class=\"container box-border max-w-[720px] px-6 py-10 sm:p-8 md:p-12\">\n<div class=\"js-block-text prose max-w-none font-normal leading-loose text-content-900 md:prose-md lg:prose-lg prose-headings:font-bold prose-a:font-semibold prose-strong:font-bold prose-li:text-18 prose-li:leading-32 dark:text-content-100 dark:prose-headings:text-content-100 dark:prose-a:bg-navy-blue-700 dark:prose-a:text-navy-blue-100 dark:prose-a:visited:bg-navy-blue-700 dark:prose-a:visited:text-teal-200 dark:prose-a:hover:bg-navy-blue-500 dark:prose-a:hover:text-navy-blue-100 dark:prose-a:focus:outline-focus dark:prose-blockquote:text-sand-100 dark:prose-code:text-sand-100 dark:prose-pre:bg-[#1f2227] dark:prose-pre:text-[#639bee] dark:prose-thead:bg-purple-500 dark:prose-thead:text-primary dark:prose-tr:border-b-purple-500 dark:prose-hr:border-navy-blue-800 lg:prose-h1:text-36 lg:prose-h1:leading-[2.75rem] lg:prose-h2:text-28 lg:prose-h2:leading-[2.125rem] lg:prose-h3:text-24 lg:prose-h3:leading-[1.8125rem] lg:prose-p:text-16 lg:prose-p:leading-32 lg:prose-blockquote:py-60 lg:prose-blockquote:pl-[6rem] lg:prose-blockquote:pr-80 lg:prose-li:text-16 lg:prose-li:leading-32\">\n<div data-elbcontext=\"area:link\" data-elb-navigation=\"url:#href\">\n<p>Une analyse confirm\u00e9e par Tim Surmont.\u00a0<em>\u00ab\u00a0Nous surveillons l\u2019ensemble de l\u2019Union europ\u00e9enne\u00a0en ce qui concerne la violence li\u00e9e \u00e0 la drogue. Ces derniers jours, clairement, la plupart des signalements que nous avons re\u00e7us viennent de Bruxelles.<\/em>\u00a0\u00bb<\/p>\n<p>Mais Tim Surmont fait tout de m\u00eame une diff\u00e9rence entre Bruxelles et les autres villes. Ailleurs, les violences sont d\u2019un autre genre.\u00a0Elles sont plus organis\u00e9es, strat\u00e9giques.\u00a0Il s\u2019agit davantage d\u2019intimidations pr\u00e9m\u00e9dit\u00e9es envers des personnes qui ne veulent pas coop\u00e9rer \u00e0 l\u2019importation de drogue, plut\u00f4t\u00a0que de jeunes qui tirent pour garder un point de deal. \u00ab\u00a0<em>Il y a\u00a0encore des explosions \u00e0 Rotterdam, \u00e0 Amsterdam, mais il s\u2019agit de violences qui ressemblent \u00e0 celles que l\u2019on retrouve \u00e0 Anvers.<\/em>\u00a0\u00bb<\/p>\n<\/div>\n<\/div>\n<\/div>\n<p class=\"box-border flex w-full flex-wrap justify-center bg-background-light dark:bg-background-dark py-6 sm:py-8 md:py-12 max-w-row\">\n<div class=\"container box-border max-w-[720px] px-6 py-10 sm:p-8 md:p-12\">\n<div class=\"js-block-text prose max-w-none font-normal leading-loose text-content-900 md:prose-md lg:prose-lg prose-headings:font-bold prose-a:font-semibold prose-strong:font-bold prose-li:text-18 prose-li:leading-32 dark:text-content-100 dark:prose-headings:text-content-100 dark:prose-a:bg-navy-blue-700 dark:prose-a:text-navy-blue-100 dark:prose-a:visited:bg-navy-blue-700 dark:prose-a:visited:text-teal-200 dark:prose-a:hover:bg-navy-blue-500 dark:prose-a:hover:text-navy-blue-100 dark:prose-a:focus:outline-focus dark:prose-blockquote:text-sand-100 dark:prose-code:text-sand-100 dark:prose-pre:bg-[#1f2227] dark:prose-pre:text-[#639bee] dark:prose-thead:bg-purple-500 dark:prose-thead:text-primary dark:prose-tr:border-b-purple-500 dark:prose-hr:border-navy-blue-800 lg:prose-h1:text-36 lg:prose-h1:leading-[2.75rem] lg:prose-h2:text-28 lg:prose-h2:leading-[2.125rem] lg:prose-h3:text-24 lg:prose-h3:leading-[1.8125rem] lg:prose-p:text-16 lg:prose-p:leading-32 lg:prose-blockquote:py-60 lg:prose-blockquote:pl-[6rem] lg:prose-blockquote:pr-80 lg:prose-li:text-16 lg:prose-li:leading-32\">\n<h2 class=\"text-purple-900 dark:text-white\">Diff\u00e9rence entre Bruxelles et Anvers<\/h2>\n<\/div>\n<\/div>\n<p class=\"box-border flex w-full flex-wrap justify-center bg-background-light dark:bg-background-dark py-6 sm:py-8 md:py-12 max-w-row\">\n<div class=\"container box-border max-w-[720px] px-6 py-10 sm:p-8 md:p-12\">\n<div class=\"js-block-text prose max-w-none font-normal leading-loose text-content-900 md:prose-md lg:prose-lg prose-headings:font-bold prose-a:font-semibold prose-strong:font-bold prose-li:text-18 prose-li:leading-32 dark:text-content-100 dark:prose-headings:text-content-100 dark:prose-a:bg-navy-blue-700 dark:prose-a:text-navy-blue-100 dark:prose-a:visited:bg-navy-blue-700 dark:prose-a:visited:text-teal-200 dark:prose-a:hover:bg-navy-blue-500 dark:prose-a:hover:text-navy-blue-100 dark:prose-a:focus:outline-focus dark:prose-blockquote:text-sand-100 dark:prose-code:text-sand-100 dark:prose-pre:bg-[#1f2227] dark:prose-pre:text-[#639bee] dark:prose-thead:bg-purple-500 dark:prose-thead:text-primary dark:prose-tr:border-b-purple-500 dark:prose-hr:border-navy-blue-800 lg:prose-h1:text-36 lg:prose-h1:leading-[2.75rem] lg:prose-h2:text-28 lg:prose-h2:leading-[2.125rem] lg:prose-h3:text-24 lg:prose-h3:leading-[1.8125rem] lg:prose-p:text-16 lg:prose-p:leading-32 lg:prose-blockquote:py-60 lg:prose-blockquote:pl-[6rem] lg:prose-blockquote:pr-80 lg:prose-li:text-16 lg:prose-li:leading-32\">\n<div data-elbcontext=\"area:link\" data-elb-navigation=\"url:#href\">\n<p>\u00ab\u00a0<em>Ces deux derni\u00e8res ann\u00e9es, \u00e0 Anvers, si les gens n\u2019\u00e9taient pas pr\u00eats \u00e0 coop\u00e9rer, il y avait de la violence<\/em>\u00ab\u00a0, explique Tim Surmont. \u00ab\u00a0<em>Nous avons vu la s\u00e9rie de grenades qui ont explos\u00e9 \u00e0 Anvers. Elles n\u2019\u00e9taient pas destin\u00e9es \u00e0 tuer des gens, mais \u00e0 les intimider. Le but\u00a0: qu\u2019ils coop\u00e8rent \u00e0 l\u2019importation de drogue.\u00a0<\/em><em>Il s\u2019agit aussi de rivalit\u00e9s entre les gangs qui s\u2019en prenaient aux marchandises dans les ports. C\u2019est donc compl\u00e8tement diff\u00e9rent de ce qu\u2019il se passe \u00e0 Bruxelles.<\/em>\u00a0\u00bb<\/p>\n<p>Dans son analyse des articles de presse, Astrid De Schutter fait le m\u00eame constat\u00a0: \u00ab\u00a0<em>\u00c0 Anvers, ce sont plus souvent des maisons ou des b\u00e2timents qui sont cibl\u00e9s pour montrer que les auteurs savent o\u00f9 la famille de l\u2019individu habite.<\/em>\u00a0\u00bb\u00a0Mais cela n\u2019emp\u00eache pas de victimes collat\u00e9rales.\u00a0<a href=\"https:\/\/www.rtbf.be\/article\/une-fillette-de-11-ans-tuee-a-anvers-l-autopsie-revele-qu-elle-a-ete-directement-touchee-par-une-balle-11133926\">On se souvient de cette petite fille tu\u00e9e en\u00a02023 chez elle<\/a>, \u00e0 Merksem (Anvers) derri\u00e8re une porte de garage.<\/p>\n<\/div>\n<\/div>\n<\/div>\n<p class=\"box-border flex w-full flex-wrap justify-center bg-background-light dark:bg-background-dark py-6 sm:py-8 md:py-12 max-w-row\">\n<div class=\"container box-border max-w-[720px] px-6 py-10 sm:p-8 md:p-12\">\n<div class=\"js-block-text prose max-w-none font-normal leading-loose text-content-900 md:prose-md lg:prose-lg prose-headings:font-bold prose-a:font-semibold prose-strong:font-bold prose-li:text-18 prose-li:leading-32 dark:text-content-100 dark:prose-headings:text-content-100 dark:prose-a:bg-navy-blue-700 dark:prose-a:text-navy-blue-100 dark:prose-a:visited:bg-navy-blue-700 dark:prose-a:visited:text-teal-200 dark:prose-a:hover:bg-navy-blue-500 dark:prose-a:hover:text-navy-blue-100 dark:prose-a:focus:outline-focus dark:prose-blockquote:text-sand-100 dark:prose-code:text-sand-100 dark:prose-pre:bg-[#1f2227] dark:prose-pre:text-[#639bee] dark:prose-thead:bg-purple-500 dark:prose-thead:text-primary dark:prose-tr:border-b-purple-500 dark:prose-hr:border-navy-blue-800 lg:prose-h1:text-36 lg:prose-h1:leading-[2.75rem] lg:prose-h2:text-28 lg:prose-h2:leading-[2.125rem] lg:prose-h3:text-24 lg:prose-h3:leading-[1.8125rem] lg:prose-p:text-16 lg:prose-p:leading-32 lg:prose-blockquote:py-60 lg:prose-blockquote:pl-[6rem] lg:prose-blockquote:pr-80 lg:prose-li:text-16 lg:prose-li:leading-32\">\n<h2 class=\"text-purple-900 dark:text-white\">Entre les deux villes, un rail de coca\u00efne<\/h2>\n<\/div>\n<\/div>\n<p class=\"box-border flex w-full flex-wrap justify-center bg-background-light dark:bg-background-dark py-6 sm:py-8 md:py-12 max-w-row\">\n<div class=\"container box-border max-w-[720px] px-6 py-10 sm:p-8 md:p-12\">\n<div class=\"js-block-text prose max-w-none font-normal leading-loose text-content-900 md:prose-md lg:prose-lg prose-headings:font-bold prose-a:font-semibold prose-strong:font-bold prose-li:text-18 prose-li:leading-32 dark:text-content-100 dark:prose-headings:text-content-100 dark:prose-a:bg-navy-blue-700 dark:prose-a:text-navy-blue-100 dark:prose-a:visited:bg-navy-blue-700 dark:prose-a:visited:text-teal-200 dark:prose-a:hover:bg-navy-blue-500 dark:prose-a:hover:text-navy-blue-100 dark:prose-a:focus:outline-focus dark:prose-blockquote:text-sand-100 dark:prose-code:text-sand-100 dark:prose-pre:bg-[#1f2227] dark:prose-pre:text-[#639bee] dark:prose-thead:bg-purple-500 dark:prose-thead:text-primary dark:prose-tr:border-b-purple-500 dark:prose-hr:border-navy-blue-800 lg:prose-h1:text-36 lg:prose-h1:leading-[2.75rem] lg:prose-h2:text-28 lg:prose-h2:leading-[2.125rem] lg:prose-h3:text-24 lg:prose-h3:leading-[1.8125rem] lg:prose-p:text-16 lg:prose-p:leading-32 lg:prose-blockquote:py-60 lg:prose-blockquote:pl-[6rem] lg:prose-blockquote:pr-80 lg:prose-li:text-16 lg:prose-li:leading-32\">\n<div data-elbcontext=\"area:link\" data-elb-navigation=\"url:#href\">\n<p>Entre les deux villes, un lien<strong>\u00a0<\/strong>: la coca\u00efne. Les saisies au port d\u2019Anvers ont augment\u00e9 en m\u00eame temps que les violences dans la capitale\u00a0<a href=\"https:\/\/www.rtbf.be\/article\/moins-de-cocaine-saisie-en-belgique-les-criminels-dejouent-les-controles-11484111\">bien qu\u2019elles aient \u00e9t\u00e9 en nette diminution l\u2019ann\u00e9e derni\u00e8re<\/a>.<\/p>\n<\/div>\n<\/div>\n<\/div>\n<p class=\"box-border flex w-full flex-wrap justify-center bg-background-light dark:bg-background-dark py-6 sm:py-8 md:py-12 max-w-row\">\n<div class=\"container box-border max-w-[720px] px-6 py-10 sm:p-8 md:p-12\">\n<div class=\"relative flex w-full justify-center text-content-900 dark:text-sand-100\">\n<div class=\"w-full\">\n<div class=\"flourish-embed flourish-chart\" data-src=\"visualisation\/21727418\">\n<p><iframe title=\"Interactive or visual content\" src=\"https:\/\/flo.uri.sh\/visualisation\/21727418\/embed?auto=1\" frameborder=\"0\" scrolling=\"no\" sandbox=\"allow-same-origin allow-forms allow-scripts allow-downloads allow-popups allow-popups-to-escape-sandbox allow-top-navigation-by-user-activation\"><\/iframe><\/p>\n<div class=\"flourish-credit\"><a href=\"https:\/\/flourish.studio\/visualisations\/line-bar-pie-charts\/?utm_source=showcase&amp;utm_campaign=visualisation\/21727418\" target=\"_top\">A Flourish chart<\/a><\/div>\n<\/div>\n<\/div>\n<\/div>\n<\/div>\n<p class=\"box-border flex w-full flex-wrap justify-center bg-background-light dark:bg-background-dark py-6 sm:py-8 md:py-12 max-w-row\">\n<div class=\"container box-border max-w-[720px] px-6 py-10 sm:p-8 md:p-12\">\n<div class=\"js-block-text prose max-w-none font-normal leading-loose text-content-900 md:prose-md lg:prose-lg prose-headings:font-bold prose-a:font-semibold prose-strong:font-bold prose-li:text-18 prose-li:leading-32 dark:text-content-100 dark:prose-headings:text-content-100 dark:prose-a:bg-navy-blue-700 dark:prose-a:text-navy-blue-100 dark:prose-a:visited:bg-navy-blue-700 dark:prose-a:visited:text-teal-200 dark:prose-a:hover:bg-navy-blue-500 dark:prose-a:hover:text-navy-blue-100 dark:prose-a:focus:outline-focus dark:prose-blockquote:text-sand-100 dark:prose-code:text-sand-100 dark:prose-pre:bg-[#1f2227] dark:prose-pre:text-[#639bee] dark:prose-thead:bg-purple-500 dark:prose-thead:text-primary dark:prose-tr:border-b-purple-500 dark:prose-hr:border-navy-blue-800 lg:prose-h1:text-36 lg:prose-h1:leading-[2.75rem] lg:prose-h2:text-28 lg:prose-h2:leading-[2.125rem] lg:prose-h3:text-24 lg:prose-h3:leading-[1.8125rem] lg:prose-p:text-16 lg:prose-p:leading-32 lg:prose-blockquote:py-60 lg:prose-blockquote:pl-[6rem] lg:prose-blockquote:pr-80 lg:prose-li:text-16 lg:prose-li:leading-32\">\n<div data-elbcontext=\"area:link\" data-elb-navigation=\"url:#href\">\n<p>\u00ab\u00a0<em>Les quantit\u00e9s de coca\u00efne saisies dans le port d\u2019Anvers au cours de la derni\u00e8re d\u00e9cennie ont \u00e9t\u00e9 tr\u00e8s \u00e9lev\u00e9es\u00a0\u00bb,\u00a0<\/em>confirme\u00a0Tim Surmont. \u00ab\u00a0<em>Il y a de nombreuses raisons \u00e0 cela. Tout d\u2019abord, la production de coca\u00efne en Am\u00e9rique latine a consid\u00e9rablement augment\u00e9 gr\u00e2ce \u00e0 l\u2019innovation dans l\u2019agriculture. Ce n\u2019est pas seulement pour les plants de tomates, mais aussi pour ce type de cultures.<\/em>\u00a0\u00bb<\/p>\n<\/div>\n<\/div>\n<\/div>\n<p class=\"box-border flex w-full flex-wrap justify-center bg-background-light dark:bg-background-dark py-6 sm:py-8 md:py-12 max-w-row\">\n<div class=\"container box-border max-w-[720px] px-6 py-10 sm:p-8 md:p-12\">\n<div class=\"js-block-text prose max-w-none font-normal leading-loose text-content-900 md:prose-md lg:prose-lg prose-headings:font-bold prose-a:font-semibold prose-strong:font-bold prose-li:text-18 prose-li:leading-32 dark:text-content-100 dark:prose-headings:text-content-100 dark:prose-a:bg-navy-blue-700 dark:prose-a:text-navy-blue-100 dark:prose-a:visited:bg-navy-blue-700 dark:prose-a:visited:text-teal-200 dark:prose-a:hover:bg-navy-blue-500 dark:prose-a:hover:text-navy-blue-100 dark:prose-a:focus:outline-focus dark:prose-blockquote:text-sand-100 dark:prose-code:text-sand-100 dark:prose-pre:bg-[#1f2227] dark:prose-pre:text-[#639bee] dark:prose-thead:bg-purple-500 dark:prose-thead:text-primary dark:prose-tr:border-b-purple-500 dark:prose-hr:border-navy-blue-800 lg:prose-h1:text-36 lg:prose-h1:leading-[2.75rem] lg:prose-h2:text-28 lg:prose-h2:leading-[2.125rem] lg:prose-h3:text-24 lg:prose-h3:leading-[1.8125rem] lg:prose-p:text-16 lg:prose-p:leading-32 lg:prose-blockquote:py-60 lg:prose-blockquote:pl-[6rem] lg:prose-blockquote:pr-80 lg:prose-li:text-16 lg:prose-li:leading-32\">\n<h2 class=\"text-purple-900 dark:text-white\">Plus complexe qu\u2019auparavant<\/h2>\n<\/div>\n<\/div>\n<div class=\"box-border flex w-full flex-wrap justify-center bg-background-light dark:bg-background-dark py-6 sm:py-8 md:py-12 max-w-row\">\n<div class=\"container box-border max-w-[720px] px-6 py-10 sm:p-8 md:p-12\">\n<div class=\"js-block-text prose max-w-none font-normal leading-loose text-content-900 md:prose-md lg:prose-lg prose-headings:font-bold prose-a:font-semibold prose-strong:font-bold prose-li:text-18 prose-li:leading-32 dark:text-content-100 dark:prose-headings:text-content-100 dark:prose-a:bg-navy-blue-700 dark:prose-a:text-navy-blue-100 dark:prose-a:visited:bg-navy-blue-700 dark:prose-a:visited:text-teal-200 dark:prose-a:hover:bg-navy-blue-500 dark:prose-a:hover:text-navy-blue-100 dark:prose-a:focus:outline-focus dark:prose-blockquote:text-sand-100 dark:prose-code:text-sand-100 dark:prose-pre:bg-[#1f2227] dark:prose-pre:text-[#639bee] dark:prose-thead:bg-purple-500 dark:prose-thead:text-primary dark:prose-tr:border-b-purple-500 dark:prose-hr:border-navy-blue-800 lg:prose-h1:text-36 lg:prose-h1:leading-[2.75rem] lg:prose-h2:text-28 lg:prose-h2:leading-[2.125rem] lg:prose-h3:text-24 lg:prose-h3:leading-[1.8125rem] lg:prose-p:text-16 lg:prose-p:leading-32 lg:prose-blockquote:py-60 lg:prose-blockquote:pl-[6rem] lg:prose-blockquote:pr-80 lg:prose-li:text-16 lg:prose-li:leading-32\">\n<p>\u00ab\u00a0<em>Ensuite, la mondialisation joue un r\u00f4le important<\/em>\u00ab\u00a0<em>,\u00a0<\/em>continue-t-il<em>.\u00a0<\/em>\u00ab\u00a0<em>Autrefois, les groupes criminels \u00e9taient tr\u00e8s facilement identifiables\u00a0: c\u2019\u00e9tait la mafia italienne. Aujourd\u2019hui, l\u2019organisation pour entrer en Europe est compl\u00e8tement diff\u00e9rente. Il y a beaucoup d\u2019acteurs\u00a0sur le\u00a0march\u00e9, des groupes criminels irlandais, marocains, italiens, albanais ou russes.<\/em>\u00a0\u00bb<\/p>\n<blockquote><p><em>Ils ont tous des moyens diff\u00e9rents d\u2019acheminer les produits en Europe<\/em><\/p><\/blockquote>\n<p>\u00ab\u00a0<em>Ils sont tous en concurrence les uns avec les autres et veulent donc fournir le meilleur produit. Ils ont tous des moyens diff\u00e9rents d\u2019acheminer les produits en Europe et ils trouvent toujours la voie o\u00f9 il y a le moins de r\u00e9sistance.<\/em>\u00a0<em>Dans le pass\u00e9, beaucoup de marchandises arrivaient \u00e0 Rotterdam. Puis, Rotterdam a fait de gros efforts pour que davantage de scanners soient install\u00e9s dans le port. C\u2019est devenu beaucoup plus inaccessible. Et rapidement, nous avons vu le changement vers Anvers.<\/em>\u00a0\u00bb<\/p>\n<p>\u00c0 noter qu\u2019en\u00a02024, les quantit\u00e9s de coca\u00efne saisies \u00e0 Anvers sont en nette diminution. Mais ce n\u2019est pas pour autant que les quantit\u00e9s qui arrivent sur notre territoire sont en diminution. Cela signifie que la drogue arrive par d\u2019autres voies comme le montrent les quantit\u00e9s d\u00e9voil\u00e9es par les douanes\u00a0<a href=\"https:\/\/www.rtbf.be\/article\/moins-de-cocaine-saisie-en-belgique-les-criminels-dejouent-les-controles-11484111\">d\u00e9but janvier\u00a02025<\/a>.<\/p>\n<p>C\u2019est ce que constate l\u2019Agence europ\u00e9enne des drogues. \u00ab\u00a0<em>Nous voyons maintenant que les saisies diminuent un peu \u00e0 Anvers. Mais nous voyons aussi qu\u2019ailleurs, les saisies augmentent parce qu\u2019ils cherchent la voie de la moindre r\u00e9sistance. Par exemple, l\u2019ann\u00e9e derni\u00e8re au port d\u2019Alg\u00e9siras en Espagne,\u00a0<a href=\"https:\/\/www.rts.ch\/info\/monde\/2024\/article\/saisie-record-de-13-tonnes-de-cocaine-en-espagne-le-tout-cache-dans-une-cargaison-de-bananes-28686752.html\">la plus grande quantit\u00e9 de coca\u00efne a \u00e9t\u00e9 saisie\u00a0: 13 tonnes<\/a>. M\u00eame chose pour Hambourg, qui augmente \u00e9galement, ainsi que pour les petits ports. En fait, c\u2019est le cas partout.<\/em>\u00a0\u00bb Un constat qui fait dire au criminologue que le probl\u00e8me doit \u00eatre g\u00e9r\u00e9 \u00e0 tous les niveaux de pouvoir, y compris europ\u00e9en pour que les violences cessent ici, \u00e0 Bruxelles.<\/p>\n<div class=\"html-div xdj266r x11i5rnm xat24cr x1mh8g0r xexx8yu x4uap5 x18d9i69 xkhd6sd\">\n<div class=\"html-div xdj266r x11i5rnm xat24cr x1mh8g0r xexx8yu x4uap5 x18d9i69 xkhd6sd\" data-ad-rendering-role=\"story_message\">\n<div id=\":r5m3:\" class=\"x1l90r2v x1iorvi4 x1ye3gou xn6708d\" data-ad-comet-preview=\"message\" data-ad-preview=\"message\">\n<div class=\"x78zum5 xdt5ytf xz62fqu x16ldp7u\">\n<div class=\"xu06os2 x1ok221b\">\n<div class=\"x11i5rnm xat24cr x1mh8g0r x1vvkbs xtlvy1s x126k92a\">\n<div dir=\"auto\"><\/div>\n<\/div>\n<\/div>\n<\/div>\n<\/div>\n<\/div>\n<div class=\"html-div xdj266r xat24cr xexx8yu x4uap5 x18d9i69 xkhd6sd x1jx94hy x8cjs6t x1ch86jh x80vd3b xckqwgs x13fuv20 xu3j5b3 x1q0q8m5 x26u7qi x178xt8z xm81vs4 xso031l xy80clv xfh8nwu xoqspk4 x12v9rci x138vmkv x6ikm8r x10wlt62 x16n37ib xq8finb\">\n<div>\n<div class=\"html-div x11i5rnm xat24cr x1mh8g0r xexx8yu x4uap5 x18d9i69 xkhd6sd x1y332i5\">\n<div class=\"html-div xdj266r x11i5rnm xat24cr x1mh8g0r xexx8yu x4uap5 x18d9i69 xkhd6sd x1n2onr6\">\n<div class=\"x6s0dn4 x1jx94hy x78zum5 xdt5ytf x6ikm8r x10wlt62 x1n2onr6 xh8yej3\">\n<div>\n<div class=\"xqtp20y x6ikm8r x10wlt62 x1n2onr6\">\n<div class=\"x10l6tqk x13vifvy\"><img decoding=\"async\" class=\"x1ey2m1c xds687c x5yr21d x10l6tqk x17qophe x13vifvy xh8yej3 xl1xv1r aligncenter\" src=\"https:\/\/scontent.fbru5-1.fna.fbcdn.net\/v\/t39.30808-6\/475197558_10233535406422806_4896327267857334926_n.jpg?stp=dst-jpg_p180x540_tt6&amp;_nc_cat=103&amp;ccb=1-7&amp;_nc_sid=127cfc&amp;_nc_ohc=iS2tijcIZHoQ7kNvgGRXOG0&amp;_nc_oc=Adim9e4YTe6KgAaFHkfAaDL4jUmVCbADcsO7uZBPltg1qOZUecc9HomKkd2NMc7SVshuHai4DpUfoPzbGfyPi_fz&amp;_nc_zt=23&amp;_nc_ht=scontent.fbru5-1.fna&amp;_nc_gid=AvVf6wYs-9DBrfKwgQl4Sq2&amp;oh=00_AYBlKEIqZkcov5vPp8rKb-f3VxO9pTJPNYBP-7UE1as2ew&amp;oe=67C10DE1\" alt=\"Peut \u00eatre une image de 7 personnes et texte\" width=\"809\" height=\"540\" \/><\/div>\n<\/div>\n<\/div>\n<\/div>\n<\/div>\n<p class=\"html-div xdj266r xexx8yu x4uap5 x18d9i69 xkhd6sd x1n2onr6 x1mh8g0r x11i5rnm xod5an3\">\n<div class=\"html-div xdj266r x11i5rnm xat24cr x1mh8g0r xexx8yu x4uap5 x18d9i69 xkhd6sd x1jx94hy x78zum5 x1q0g3np\">\n<div class=\"x78zum5 xdt5ytf xz62fqu x16ldp7u\">\n<div class=\"xu06os2 x1ok221b\">\n<div class=\"html-div xdj266r x11i5rnm xat24cr x1mh8g0r xexx8yu x4uap5 x18d9i69 xkhd6sd\" data-ad-rendering-role=\"profile_name\">\n<h3 class=\"html-h3 x11i5rnm xat24cr x1mh8g0r xexx8yu x4uap5 x18d9i69 xkhd6sd x1vvkbs x1heor9g x1qlqyl8 x1pd3egz x1a2a7pz x1gslohp x1yc453h\"><span class=\"x1lliihq x6ikm8r x10wlt62 x1n2onr6\"><span class=\"xt0psk2\"><span class=\"xjp7ctv\"><a class=\"x1i10hfl xjbqb8w x1ejq31n xd10rxx x1sy0etr x17r0tee x972fbf xcfux6l x1qhh985 xm0m39n x9f619 x1ypdohk xt0psk2 xe8uvvx xdj266r x11i5rnm xat24cr x1mh8g0r xexx8yu x4uap5 x18d9i69 xkhd6sd x16tdsg8 x1hl2dhg xggy1nq x1a2a7pz x1sur9pj xkrqix3 xzsf02u x1s688f\" tabindex=\"0\" role=\"link\" href=\"https:\/\/www.facebook.com\/fabrice.cumps?__cft__[0]=AZXKOtaLgHbRhNNe6A1YptzmfXzcS9ysGfN_o82Tc1Hl-Srv244zW69DgOGrhWVMwL9bhUBrS5QN4wsGa_xAVQ6MvocCrqYlRrZ2u_ICETpvRfOuTpf_DPrPJ-TZyErPY0JIHe7cSMoJH_t-koz7hv7EZj6o-ZIH_nn2kVtnd_nashtAqDo7-dYf2zWvLvrMmGQ&amp;__tn__=-UC%2CP-y-R\" aria-describedby=\":r5ml:\"><strong class=\"html-strong xdj266r x11i5rnm xat24cr x1mh8g0r xexx8yu x4uap5 x18d9i69 xkhd6sd x1hl2dhg x16tdsg8 x1vvkbs x1s688f\"><span class=\"html-span xdj266r x11i5rnm xat24cr x1mh8g0r xexx8yu x4uap5 x18d9i69 xkhd6sd x1hl2dhg x16tdsg8 x1vvkbs\">Fabrice Cumps<\/span><\/strong><\/a><\/span><\/span><\/span><\/h3>\n<\/div>\n<\/div>\n<div class=\"xu06os2 x1ok221b\">\n<div class=\"html-div xdj266r x11i5rnm xat24cr x1mh8g0r xexx8yu x4uap5 x18d9i69 xkhd6sd x1q0g3np\"><span class=\"html-span xdj266r x11i5rnm xat24cr x1mh8g0r xexx8yu x4uap5 x18d9i69 xkhd6sd x1hl2dhg x16tdsg8 x1vvkbs\"><span class=\"html-span xdj266r x11i5rnm xat24cr x1mh8g0r xexx8yu x4uap5 x18d9i69 xkhd6sd x1hl2dhg x16tdsg8 x1vvkbs x4k7w5x x1h91t0o x1h9r5lt x1jfb8zj xv2umb2 x1beo9mf xaigb6o x12ejxvf x3igimt xarpa2k xedcshv x1lytzrv x1t2pt76 x7ja8zs x1qrby5j\"><a class=\"x1i10hfl xjbqb8w x1ejq31n xd10rxx x1sy0etr x17r0tee x972fbf xcfux6l x1qhh985 xm0m39n x9f619 x1ypdohk xt0psk2 xe8uvvx xdj266r x11i5rnm xat24cr x1mh8g0r xexx8yu x4uap5 x18d9i69 xkhd6sd x16tdsg8 x1hl2dhg xggy1nq x1a2a7pz x1sur9pj xkrqix3 xi81zsa x1s688f\" tabindex=\"0\" role=\"link\" href=\"https:\/\/www.facebook.com\/nordine.saidi.1?__cft__[0]=AZXKOtaLgHbRhNNe6A1YptzmfXzcS9ysGfN_o82Tc1Hl-Srv244zW69DgOGrhWVMwL9bhUBrS5QN4wsGa_xAVQ6MvocCrqYlRrZ2u_ICETpvRfOuTpf_DPrPJ-TZyErPY0JIHe7cSMoJH_t-koz7hv7EZj6o-ZIH_nn2kVtnd_nashtAqDo7-dYf2zWvLvrMmGQ&amp;__tn__=%2CO%2CP-y-R#?cik\" target=\"_blank\" rel=\"noopener\"><span class=\"x1rg5ohu x6ikm8r x10wlt62 x16dsc37 xt0b8zv\" aria-labelledby=\":r5mn:\"><span class=\"xmper1u xt0psk2 xjb2p0i x1qlqyl8 x15bjb6t x1n2onr6 x17ihmo5 x1g77sc7\"><span class=\"x1r8a4m5 x1n2onr6 x17ihmo5 xgeagd7 prhKlDAf mrhKlDAc nrhKlDAd srhKlDAi ldrr mdrs ndrt odru\">o<\/span><span class=\"xt0psk2 x1qlqyl8 x1n2onr6 x17ihmo5 x1ihsnu5 prhKlDAf mrhKlDAc nrhKlDAd srhKlDAi ldrr mdrs ndrt odru\">s<\/span><span class=\"xmper1u x1qlqyl8 x1r8a4m5 x1n2onr6 x17ihmo5 x8onsx5 prhKlDAf mrhKlDAc nrhKlDAd srhKlDAi ldrr mdrs ndrt odru\">r<\/span><span class=\"xmper1u xt0psk2 xjb2p0i x1qlqyl8 x15bjb6t x1n2onr6 x17ihmo5 x36lzlx prhKlDAf mrhKlDAc nrhKlDAd srhKlDAi ldrr mdrs ndrt odru\">p<\/span><span class=\"xjb2p0i x1r8a4m5 x1n2onr6 x17ihmo5 x1meexak prhKlDAf mrhKlDAc nrhKlDAd srhKlDAi ldrr mdrs ndrt odru\">d<\/span><span class=\"xt0psk2 x1qlqyl8 x1n2onr6 x17ihmo5 xo1ph6p prhKlDAf mrhKlDAc nrhKlDAd srhKlDAi ldrr mdrs ndrt odru\">S<\/span><span class=\"x1qlqyl8 x15bjb6t x1r8a4m5 xi7du73 x1n2onr6 x17ihmo5 xdc8zo0 prhKlDAf mrhKlDAc nrhKlDAd srhKlDAi ldrr mdrs ndrt odru\">e<\/span><span class=\"x1r8a4m5 x1n2onr6 x17ihmo5 xd1zjae prhKlDAf mrhKlDAc nrhKlDAd srhKlDAi ldrr mdrs ndrt odru\">o<\/span><span class=\"xi7du73 x1n2onr6 x17ihmo5 x1xxvtuq prhKlDAf mrhKlDAc nrhKlDAd srhKlDAi ldrr mdrs ndrt odru\">n<\/span><span class=\"xjb2p0i x1r8a4m5 x1n2onr6 x17ihmo5 x14yy4lh prhKlDAf mrhKlDAc nrhKlDAd srhKlDAi ldrr mdrs ndrt odru\">t<\/span><span class=\"xjb2p0i x1r8a4m5 x1n2onr6 x17ihmo5 xsmz2so\">,<\/span><span class=\"xjb2p0i x1r8a4m5 x1n2onr6 x17ihmo5 xnlcnb7 prhKlDAf mrhKlDAc nrhKlDAd srhKlDAi ldrr mdrs ndrt odru\">t<\/span><span class=\"x1qlqyl8 x15bjb6t x1r8a4m5 xi7du73 x1n2onr6 x17ihmo5 x1esxh7v\">5<\/span><span class=\"xjb2p0i x1r8a4m5 x1n2onr6 x17ihmo5 x1pvdv19 prhKlDAf mrhKlDAc nrhKlDAd srhKlDAi ldrr mdrs ndrt odru\">l<\/span><span class=\"xmper1u x15bjb6t xi7du73 x1n2onr6 x17ihmo5 x1hrcb2b prhKlDAf mrhKlDAc nrhKlDAd srhKlDAi ldrr mdrs ndrt odru\">a<\/span><span class=\"xmper1u x15bjb6t xi7du73 x1n2onr6 x17ihmo5 x8o8amb\">1<\/span><span class=\"x1qlqyl8 x15bjb6t x1r8a4m5 xi7du73 x1n2onr6 x17ihmo5 x1eopwuj prhKlDAf mrhKlDAc nrhKlDAd srhKlDAi ldrr mdrs ndrt odru\">5<\/span><span class=\"x1qlqyl8 x15bjb6t x1r8a4m5 xi7du73 x1n2onr6 x17ihmo5 xal98gn prhKlDAf mrhKlDAc nrhKlDAd srhKlDAi ldrr mdrs ndrt odru\">5<\/span><span class=\"xi7du73 x1n2onr6 x17ihmo5 x1162wnf\">v<\/span><span class=\"xi7du73 x1n2onr6 x17ihmo5 x1g88jzi prhKlDAf mrhKlDAc nrhKlDAd srhKlDAi ldrr mdrs ndrt odru\">f<\/span><span class=\"x1qlqyl8 x15bjb6t x1r8a4m5 xi7du73 x1n2onr6 x17ihmo5 x1hzvdaj\">e<\/span><span class=\"xmper1u x1qlqyl8 x1r8a4m5 x1n2onr6 x17ihmo5 xi695je\">j<\/span><span class=\"xjb2p0i x1r8a4m5 x1n2onr6 x17ihmo5 xpchg7c prhKlDAf mrhKlDAc nrhKlDAd srhKlDAi ldrr mdrs ndrt odru\">t<\/span><span class=\"xmper1u x15bjb6t xi7du73 x1n2onr6 x17ihmo5 x1sjo555 prhKlDAf mrhKlDAc nrhKlDAd srhKlDAi ldrr mdrs ndrt odru\">i<\/span><span class=\"xmper1u x15bjb6t xi7du73 x1n2onr6 x17ihmo5 xzfnrur prhKlDAf mrhKlDAc nrhKlDAd srhKlDAi ldrr mdrs ndrt odru\">9<\/span><span class=\"x1qlqyl8 x15bjb6t x1r8a4m5 xi7du73 x1n2onr6 x17ihmo5 x1ee9ax4 prhKlDAf mrhKlDAc nrhKlDAd srhKlDAi ldrr mdrs ndrt odru\">m<\/span><span class=\"xmper1u xt0psk2 xjb2p0i x1qlqyl8 x15bjb6t x1n2onr6 x17ihmo5 x1pt730z\">8<\/span><span class=\"xi7du73 x1n2onr6 x17ihmo5 x8az3br prhKlDAf mrhKlDAc nrhKlDAd srhKlDAi ldrr mdrs ndrt odru\">6<\/span><span class=\"xmper1u x15bjb6t xi7du73 x1n2onr6 x17ihmo5 x1ocldi prhKlDAf mrhKlDAc nrhKlDAd srhKlDAi ldrr mdrs ndrt odru\">1<\/span><span class=\"xi7du73 x1n2onr6 x17ihmo5 x4g1k81\">n<\/span><span class=\"x1qlqyl8 x15bjb6t x1r8a4m5 xi7du73 x1n2onr6 x17ihmo5 x1nicfno prhKlDAf mrhKlDAc nrhKlDAd srhKlDAi ldrr mdrs ndrt odru\">m<\/span><span class=\"x1r8a4m5 x1n2onr6 x17ihmo5 x434fd prhKlDAf mrhKlDAc nrhKlDAd srhKlDAi ldrr mdrs ndrt odru\">7<\/span><span class=\"x1qlqyl8 x15bjb6t x1r8a4m5 xi7du73 x1n2onr6 x17ihmo5 x13rv6gb prhKlDAf mrhKlDAc nrhKlDAd srhKlDAi ldrr mdrs ndrt odru\">u<\/span><span class=\"xmper1u x1qlqyl8 x1r8a4m5 x1n2onr6 x17ihmo5 xlmi2g5\">r<\/span><span class=\"xmper1u xt0psk2 xjb2p0i x1qlqyl8 x15bjb6t x1n2onr6 x17ihmo5 xnt8be4 prhKlDAf mrhKlDAc nrhKlDAd srhKlDAi ldrr mdrs ndrt odru\">h<\/span><span class=\"xt0psk2 x1qlqyl8 x1n2onr6 x17ihmo5 x1o7lsid prhKlDAf mrhKlDAc nrhKlDAd srhKlDAi ldrr mdrs ndrt odru\">3<\/span><span class=\"xmper1u xt0psk2 xjb2p0i x1qlqyl8 x15bjb6t x1n2onr6 x17ihmo5 xhp99yf\">\u00a0<\/span><span class=\"xmper1u xt0psk2 xjb2p0i x1qlqyl8 x15bjb6t x1n2onr6 x17ihmo5 xt3tw32 prhKlDAf mrhKlDAc nrhKlDAd srhKlDAi ldrr mdrs ndrt odru\">8<\/span><span class=\"xmper1u xt0psk2 xjb2p0i x1qlqyl8 x15bjb6t x1n2onr6 x17ihmo5 x1iapmwa\">\u00a0<\/span><span class=\"xmper1u x1qlqyl8 x1r8a4m5 x1n2onr6 x17ihmo5 xax70vg\">2<\/span><span class=\"x1qlqyl8 x15bjb6t x1r8a4m5 xi7du73 x1n2onr6 x17ihmo5 x1h3rv7z prhKlDAf mrhKlDAc nrhKlDAd srhKlDAi ldrr mdrs ndrt odru\">5<\/span><span class=\"xjb2p0i x1r8a4m5 x1n2onr6 x17ihmo5 xwmoq1i prhKlDAf mrhKlDAc nrhKlDAd srhKlDAi ldrr mdrs ndrt odru\">t<\/span><span class=\"x1qlqyl8 x15bjb6t x1r8a4m5 xi7du73 x1n2onr6 x17ihmo5 x1n901it prhKlDAf mrhKlDAc nrhKlDAd srhKlDAi ldrr mdrs ndrt odru\">5<\/span><span class=\"xmper1u x15bjb6t xi7du73 x1n2onr6 x17ihmo5 xv5skbt prhKlDAf mrhKlDAc nrhKlDAd srhKlDAi ldrr mdrs ndrt odru\">1<\/span><span class=\"xmper1u x15bjb6t xi7du73 x1n2onr6 x17ihmo5 x4ffpxb prhKlDAf mrhKlDAc nrhKlDAd srhKlDAi ldrr mdrs ndrt odru\">a<\/span><span class=\"x1qlqyl8 x15bjb6t x1r8a4m5 xi7du73 x1n2onr6 x17ihmo5 xclvua8 prhKlDAf mrhKlDAc nrhKlDAd srhKlDAi ldrr mdrs ndrt odru\">m<\/span><span class=\"xmper1u xt0psk2 xjb2p0i x1qlqyl8 x15bjb6t x1n2onr6 x17ihmo5 x9ek82g prhKlDAf mrhKlDAc nrhKlDAd srhKlDAi ldrr mdrs ndrt odru\">h<\/span><span class=\"xmper1u xt0psk2 xjb2p0i x1qlqyl8 x15bjb6t x1n2onr6 x17ihmo5 x1wx7m7v\">0<\/span><span class=\"xmper1u xt0psk2 xjb2p0i x1qlqyl8 x15bjb6t x1n2onr6 x17ihmo5 x7txf1f prhKlDAf mrhKlDAc nrhKlDAd srhKlDAi ldrr mdrs ndrt odru\">h<\/span><span class=\"xmper1u x1qlqyl8 x1r8a4m5 x1n2onr6 x17ihmo5 x7zgzr6 prhKlDAf mrhKlDAc nrhKlDAd srhKlDAi ldrr mdrs ndrt odru\">2<\/span><span class=\"x1qlqyl8 x15bjb6t x1r8a4m5 xi7du73 x1n2onr6 x17ihmo5 x1wa695h prhKlDAf mrhKlDAc nrhKlDAd srhKlDAi ldrr mdrs ndrt odru\">m<\/span><span class=\"xmper1u x1qlqyl8 x1r8a4m5 x1n2onr6 x17ihmo5 x1o75cna\">:<\/span><span class=\"xmper1u x15bjb6t xi7du73 x1n2onr6 x17ihmo5 xt5e8co\">a<\/span><span class=\"xmper1u x15bjb6t xi7du73 x1n2onr6 x17ihmo5 x1vqz4hg\">i<\/span><span class=\"xmper1u x15bjb6t xi7du73 x1n2onr6 x17ihmo5 x16kj9vd prhKlDAf mrhKlDAc nrhKlDAd srhKlDAi ldrr mdrs ndrt odru\">a<\/span><span class=\"x1r8a4m5 x1n2onr6 x17ihmo5 xde8tdn prhKlDAf mrhKlDAc nrhKlDAd srhKlDAi ldrr mdrs ndrt odru\">g<\/span><span class=\"xjb2p0i x1r8a4m5 x1n2onr6 x17ihmo5 x2r4l8e prhKlDAf mrhKlDAc nrhKlDAd srhKlDAi ldrr mdrs ndrt odru\">4<\/span><span class=\"xmper1u xt0psk2 xjb2p0i x1qlqyl8 x15bjb6t x1n2onr6 x17ihmo5 x4pqqfc prhKlDAf mrhKlDAc nrhKlDAd srhKlDAi ldrr mdrs ndrt odru\">0<\/span><span class=\"x1qlqyl8 x15bjb6t x1r8a4m5 xi7du73 x1n2onr6 x17ihmo5 xccpzn3 prhKlDAf mrhKlDAc nrhKlDAd srhKlDAi ldrr mdrs ndrt odru\">m<\/span><span class=\"xmper1u x1qlqyl8 x1r8a4m5 x1n2onr6 x17ihmo5 x182iqb8\">2<\/span><\/span><\/span><\/a><\/span><\/span><span class=\"html-span xdj266r x11i5rnm xat24cr x1mh8g0r xexx8yu x4uap5 x18d9i69 xkhd6sd x1hl2dhg x16tdsg8 x1vvkbs\"><span class=\"xzpqnlu xjm9jq1 x6ikm8r x10wlt62 x10l6tqk x1i1rx1s\">\u00a0<\/span><span aria-hidden=\"true\">\u00a0\u00b7\u00a0<\/span><\/span><\/div>\n<\/div>\n<\/div>\n<\/div>\n<div class=\"html-div xdj266r x11i5rnm xat24cr x1mh8g0r xexx8yu x4uap5 x18d9i69 xkhd6sd\" dir=\"auto\">\n<div class=\"html-div xdj266r x11i5rnm xat24cr x1mh8g0r xexx8yu x4uap5 x18d9i69 xkhd6sd\" dir=\"auto\">\n<div class=\"html-div xdj266r x11i5rnm xat24cr x1mh8g0r xexx8yu x4uap5 x18d9i69 xkhd6sd\" data-ad-rendering-role=\"story_message\">\n<div class=\"x1l90r2v x1iorvi4 x1ye3gou xn6708d\" data-ad-comet-preview=\"message\" data-ad-preview=\"message\">\n<div class=\"xu06os2 x1ok221b\">\n<div class=\"xdj266r x11i5rnm xat24cr x1mh8g0r x1vvkbs x126k92a\">\n<div dir=\"auto\">Retour sur une d\u00e9cision difficile\u2026<\/div>\n<\/div>\n<div class=\"x11i5rnm xat24cr x1mh8g0r x1vvkbs xtlvy1s x126k92a\">\n<div dir=\"auto\">Ce jeudi, le Conseil communal a act\u00e9 le passage des additionnels \u00e0 l\u2019Imp\u00f4t des Personnes Physiques (IPP) de 5,5% \u00e0 7% pour l\u2019ann\u00e9e 2025.<\/div>\n<\/div>\n<div class=\"x11i5rnm xat24cr x1mh8g0r x1vvkbs xtlvy1s x126k92a\">\n<div dir=\"auto\">Ce n\u2019est pas une d\u00e9cision qui a \u00e9t\u00e9 prise de gait\u00e9 de coeur\u2026 Et le coll\u00e8ge (unanime au final\u2026) a eu de longs d\u00e9bats en interne avant de soumettre cette mesure au Conseil communal.<\/div>\n<\/div>\n<div class=\"x11i5rnm xat24cr x1mh8g0r x1vvkbs xtlvy1s x126k92a\">\n<div dir=\"auto\">Pourquoi une telle proposition? Tout simplement parce que nos charges explosent.<\/div>\n<\/div>\n<div class=\"x11i5rnm xat24cr x1mh8g0r x1vvkbs xtlvy1s x126k92a\">\n<div dir=\"auto\">La police, la sant\u00e9, l\u2019aide sociale, l\u2019\u00e9ducation p\u00e8sent de plus en plus lourdement sur les finances communales.<\/div>\n<\/div>\n<div class=\"x11i5rnm xat24cr x1mh8g0r x1vvkbs xtlvy1s x126k92a\">\n<div dir=\"auto\">Faut-il supprimer des services ou faut-il les financer de la mani\u00e8re la plus juste qui soit? C\u2019est une question qu\u2019on doit tous se poser.<\/div>\n<\/div>\n<div class=\"x11i5rnm xat24cr x1mh8g0r x1vvkbs xtlvy1s x126k92a\">\n<div dir=\"auto\">L\u2019opposition Ecolo, PTB, Team Ahidar\u2026 a d\u00e9nonc\u00e9, vent debout, la menace d\u2019un \u00ab enfer fiscal \u00bb \u00e0 Anderlecht. Qu\u2019en est-il?<\/div>\n<\/div>\n<div class=\"x11i5rnm xat24cr x1mh8g0r x1vvkbs xtlvy1s x126k92a\">\n<div dir=\"auto\">On savait que le PTB \u00e9tait un parti populiste. En 2022, ils se sont abstenus lorsque le Coll\u00e8ge a propos\u00e9 une diminution des additionnels \u00e0 l\u2019Imp\u00f4t des Personnes Physiques au motif que \u00ab \u00e7a n\u2019allait pas de diminuer un imp\u00f4t par nature progressif \u00bb. En 2024, ils votent contre l\u2019augmentation des m\u00eames additionnels parce qu\u2019on ne peut augmenter la fiscalit\u00e9. Quid???<\/div>\n<\/div>\n<div class=\"x11i5rnm xat24cr x1mh8g0r x1vvkbs xtlvy1s x126k92a\">\n<div dir=\"auto\">On savait moins qu\u2019Ecolo \u00e9tait aussi un parti populiste. Au pouvoir, confront\u00e9s aux contraintes de gestion, ils valident l\u2019augmentation du pr\u00e9compte immobilier. Dans l\u2019opposition, ils hurlent \u00e0 la rage taxatoire\u2026<\/div>\n<\/div>\n<div class=\"x11i5rnm xat24cr x1mh8g0r x1vvkbs xtlvy1s x126k92a\">\n<div dir=\"auto\">Ces deux partis se sont sont fermement oppos\u00e9s au nouveau taux IPP. C\u2019est facile de dire qu\u2019on ne veut pas augmenter les imp\u00f4ts. C\u2019est parfois un peu moins facile de dire ce qu\u2019on va diminuer comme service si on arrive plus \u00e0 les financer\u2026<\/div>\n<\/div>\n<div class=\"x11i5rnm xat24cr x1mh8g0r x1vvkbs xtlvy1s x126k92a\">\n<div dir=\"auto\">Au choix : le PTB et Ecolo souhaitent-ils :<\/div>\n<div dir=\"auto\">&#8211; Fermer des \u00e9coles ou des cr\u00e8ches?<\/div>\n<div dir=\"auto\">&#8211; Engager moins de policiers<\/div>\n<div dir=\"auto\">&#8211; Fermer l\u2019H\u00f4pital Bracops<\/div>\n<div dir=\"auto\">&#8211; \u2026 ?<\/div>\n<\/div>\n<div class=\"x11i5rnm xat24cr x1mh8g0r x1vvkbs xtlvy1s x126k92a\">\n<div dir=\"auto\">Nous vivons une p\u00e9riode difficile. Et l\u2019absence de solidarit\u00e9 entre les diff\u00e9rentes institutions en est le signal clair. Nous nous battrons avec force et vigueur pour obtenir un juste \u00e9quilibre entre les efforts des communes les plus riches et les communes qui, comme Anderlecht, sont confront\u00e9es \u00e0 une augmentation croissante de la pr\u00e9carit\u00e9.<\/div>\n<\/div>\n<div class=\"x11i5rnm xat24cr x1mh8g0r x1vvkbs xtlvy1s x126k92a\">\n<div dir=\"auto\">Mais dans l\u2019attente de cette n\u00e9cessaire solidarit\u00e9, il nous faut faire face.<\/div>\n<\/div>\n<div class=\"x11i5rnm xat24cr x1mh8g0r x1vvkbs xtlvy1s x126k92a\">\n<div dir=\"auto\">Pour ce qui me concerne, \u00e0 la question de \u00ab que faut-il supprimer ? \u00bb Je r\u00e9ponds : rien. Je ne veux pas fermer d\u2019\u00e9cole, pas fermer de cr\u00e8che, pas fermer d\u2019h\u00f4pital\u2026 et pas diminuer la pr\u00e9sence de nos policiers.<\/div>\n<\/div>\n<div class=\"x11i5rnm xat24cr x1mh8g0r x1vvkbs xtlvy1s x126k92a\">\n<div dir=\"auto\">On va donc passer de 5,5% \u00e0 7% d\u2019additionnels \u00e0 l\u2019IPP. Avec notre Coll\u00e8ge PS-MR-Engag\u00e9s-Vooruit nous assumons cette d\u00e9cision.<\/div>\n<\/div>\n<div class=\"x11i5rnm xat24cr x1mh8g0r x1vvkbs xtlvy1s x126k92a\">\n<div dir=\"auto\">C\u2019est une d\u00e9cision difficile. Notamment parce qu\u2019elle p\u00e8se sur les revenus du travail. Mais pour que chacun puisse se faire une id\u00e9e concr\u00e8te de ses effets, il est important de savoir ce qu\u2019elle recouvre pr\u00e9cis\u00e9ment:<\/div>\n<div dir=\"auto\">&#8211; Pour un revenu de 20.000 \u20ac bruts par an, \u00e7a repr\u00e9sente une augmentation de l\u2019imp\u00f4t de 1,5 \u20ac \/ mois.<\/div>\n<div dir=\"auto\">&#8211; Pour un revenu de 25.000 \u20ac bruts par an, \u00e7a repr\u00e9sente une augmentation de l\u2019imp\u00f4t de 4 \u20ac \/ mois.<\/div>\n<div dir=\"auto\">&#8211; Pour un revenu de 50.000 \u20ac bruts par an, \u00e7a repr\u00e9sente une augmentation de l\u2019imp\u00f4t de 15 \u20ac \/ mois.<\/div>\n<\/div>\n<div class=\"x11i5rnm xat24cr x1mh8g0r x1vvkbs xtlvy1s x126k92a\">\n<div dir=\"auto\">C\u2019est toujours trop. Surtout quand cela touche les revenus du travail. Mais faudrait-il prendre le risque de devoir fermer des \u00e9coles, des cr\u00e8ches, des h\u00f4pitaux ou diminuer la pr\u00e9sence polici\u00e8re si on n\u2019avait pas pris cette mesure? Je pose tout simplement la question\u2026<\/div>\n<\/div>\n<\/div>\n<div dir=\"auto\">\n<p>&nbsp;<\/p>\n<p data-elbcontext=\"area:link\" data-elb-navigation=\"url:#href\">\n<div class=\"html-div xdj266r x11i5rnm x1mh8g0r x18d9i69 x1cy8zhl x78zum5 x1q0g3np xod5an3 xz9dl7a x1ye3gou xn6708d\">\n<div class=\"html-div xdj266r x11i5rnm xat24cr x1mh8g0r xexx8yu x4uap5 x18d9i69 xkhd6sd x1iyjqo2\">\n<div class=\"x78zum5 xdt5ytf xz62fqu x16ldp7u\">\n<div class=\"xu06os2 x1ok221b\">\n<div class=\"html-div xdj266r x11i5rnm xat24cr x1mh8g0r xexx8yu x4uap5 x18d9i69 xkhd6sd\" data-ad-rendering-role=\"profile_name\">\n<pre id=\":r5m1:\" class=\"html-h2 x11i5rnm xat24cr x1mh8g0r xexx8yu x4uap5 x18d9i69 xkhd6sd x1vvkbs x1heor9g x1qlqyl8 x1pd3egz x1a2a7pz x1gslohp x1yc453h\"><span class=\"xt0psk2\"><a class=\"x1i10hfl xjbqb8w x1ejq31n xd10rxx x1sy0etr x17r0tee x972fbf xcfux6l x1qhh985 xm0m39n x9f619 x1ypdohk xt0psk2 xe8uvvx xdj266r x11i5rnm xat24cr x1mh8g0r xexx8yu x4uap5 x18d9i69 xkhd6sd x16tdsg8 x1hl2dhg xggy1nq x1a2a7pz x1sur9pj xkrqix3 xzsf02u x1s688f\" tabindex=\"0\" role=\"link\" href=\"https:\/\/www.facebook.com\/nordine.saidi.1?__cft__[0]=AZXKOtaLgHbRhNNe6A1YptzmfXzcS9ysGfN_o82Tc1Hl-Srv244zW69DgOGrhWVMwL9bhUBrS5QN4wsGa_xAVQ6MvocCrqYlRrZ2u_ICETpvRfOuTpf_DPrPJ-TZyErPY0JIHe7cSMoJH_t-koz7hv7EZj6o-ZIH_nn2kVtnd_nashtAqDo7-dYf2zWvLvrMmGQ&amp;__tn__=-UC%2CP-R\" aria-describedby=\":r5m9:\"><strong class=\"html-strong xdj266r x11i5rnm xat24cr x1mh8g0r xexx8yu x4uap5 x18d9i69 xkhd6sd x1hl2dhg x16tdsg8 x1vvkbs x1s688f\"><span class=\"html-span xdj266r x11i5rnm xat24cr x1mh8g0r xexx8yu x4uap5 x18d9i69 xkhd6sd x1hl2dhg x16tdsg8 x1vvkbs\">Nordine Saidi<\/span><\/strong><\/a><\/span><\/pre>\n<\/div>\n<\/div>\n<\/div>\n<\/div>\n<\/div>\n<div class=\"html-div xdj266r x11i5rnm xat24cr x1mh8g0r xexx8yu x4uap5 x18d9i69 xkhd6sd\">\n<div class=\"html-div xdj266r x11i5rnm xat24cr x1mh8g0r xexx8yu x4uap5 x18d9i69 xkhd6sd\" dir=\"auto\">\n<div class=\"html-div xdj266r x11i5rnm xat24cr x1mh8g0r xexx8yu x4uap5 x18d9i69 xkhd6sd\" data-ad-rendering-role=\"story_message\">\n<div id=\":r5m3:\" class=\"x1l90r2v x1iorvi4 x1ye3gou xn6708d\" data-ad-comet-preview=\"message\" data-ad-preview=\"message\">\n<div class=\"x78zum5 xdt5ytf xz62fqu x16ldp7u\">\n<div class=\"xu06os2 x1ok221b\">\n<div dir=\"auto\"><span class=\"html-span xdj266r x11i5rnm xat24cr x1mh8g0r xexx8yu x4uap5 x18d9i69 xkhd6sd x1hl2dhg x16tdsg8 x1vvkbs\"><a class=\"x1i10hfl xjbqb8w x1ejq31n xd10rxx x1sy0etr x17r0tee x972fbf xcfux6l x1qhh985 xm0m39n x9f619 x1ypdohk xt0psk2 xe8uvvx xdj266r x11i5rnm xat24cr x1mh8g0r xexx8yu x4uap5 x18d9i69 xkhd6sd x16tdsg8 x1hl2dhg xggy1nq x1a2a7pz x1sur9pj xkrqix3 x1fey0fg x1s688f\" tabindex=\"0\" role=\"link\" href=\"https:\/\/www.facebook.com\/hashtag\/anderlecht?__eep__=6&amp;__cft__[0]=AZXKOtaLgHbRhNNe6A1YptzmfXzcS9ysGfN_o82Tc1Hl-Srv244zW69DgOGrhWVMwL9bhUBrS5QN4wsGa_xAVQ6MvocCrqYlRrZ2u_ICETpvRfOuTpf_DPrPJ-TZyErPY0JIHe7cSMoJH_t-koz7hv7EZj6o-ZIH_nn2kVtnd_nashtAqDo7-dYf2zWvLvrMmGQ&amp;__tn__=*NK-R\">#Anderlecht<\/a><\/span><\/div>\n<div dir=\"auto\">Monsieur le Bourgmestre,<\/div>\n<div dir=\"auto\"><\/div>\n<p class=\"xdj266r x11i5rnm xat24cr x1mh8g0r x1vvkbs x126k92a\">\n<div dir=\"auto\">Vous soulevez la difficult\u00e9 d\u2019une d\u00e9cision politique lourde de cons\u00e9quences pour les citoyens d\u2019Anderlecht. Cependant, votre plaidoyer en faveur d\u2019une augmentation des additionnels \u00e0 l\u2019IPP soul\u00e8ve des enjeux essentiels sur lesquels il convient de se pencher sous un prisme diff\u00e9rent du votre.<\/div>\n<div dir=\"auto\"><\/div>\n<p class=\"xdj266r x11i5rnm xat24cr x1mh8g0r x1vvkbs x126k92a\">\n<div dir=\"auto\">Votre message omet un point fondamental : Anderlecht compte parmi les communes les plus pr\u00e9caris\u00e9es de Belgique, avec une forte concentration de populations issues de l\u2019immigration postcoloniale et des classes populaires. Ces populations sont d\u00e9j\u00e0 lourdement touch\u00e9es par des in\u00e9galit\u00e9s structurelles en mati\u00e8re d\u2019emploi, de logement, de sant\u00e9 et d\u2019\u00e9ducation. Imposer davantage les revenus du travail, m\u00eame \u00e0 hauteur de quelques euros par mois, revient \u00e0 alourdir le fardeau fiscal de ceux qui, statistiquement, ont le moins \u00e0 contribuer. Les citoyens que vous repr\u00e9sentez, majoritairement issus des quartiers populaires, sont les premi\u00e8res victimes de ce syst\u00e8me \u00e9conomique qui reproduit les in\u00e9galit\u00e9s raciales et sociales.<\/div>\n<div dir=\"auto\"><\/div>\n<p class=\"xdj266r x11i5rnm xat24cr x1mh8g0r x1vvkbs x126k92a\">\n<div dir=\"auto\">Votre mesure revient \u00e0 exiger de ces citoyens qu\u2019ils financent eux-m\u00eames les infrastructures cens\u00e9es corriger les in\u00e9galit\u00e9s qu\u2019ils subissent. Or, ces in\u00e9galit\u00e9s ne sont pas le fruit d\u2019un hasard, mais bien d\u2019une histoire longue, celle de politiques publiques discriminantes et d\u2019une gestion communale o\u00f9 les choix budg\u00e9taires n\u2019ont pas toujours b\u00e9n\u00e9fici\u00e9 aux plus pr\u00e9caires. Les erreurs pass\u00e9es \u2013 et pr\u00e9sentes \u2013 ne peuvent \u00eatre r\u00e9par\u00e9es sur le dos des plus pauvres.<\/div>\n<div dir=\"auto\"><\/div>\n<p class=\"xdj266r x11i5rnm xat24cr x1mh8g0r x1vvkbs x126k92a\">\n<div dir=\"auto\">\u00ab C\u2019est celui qui le dit qui l\u2019est \u00bb<\/div>\n<div dir=\"auto\"><\/div>\n<p class=\"xdj266r x11i5rnm xat24cr x1mh8g0r x1vvkbs x126k92a\">\n<div dir=\"auto\">Vous accusez vos opposants politiques de populisme, mais votre raisonnement s\u2019y inscrit parfaitement. En pr\u00e9sentant l\u2019augmentation des imp\u00f4ts locaux comme un choix binaire \u2013 soit on taxe davantage, soit on ferme des \u00e9coles, des cr\u00e8ches, des h\u00f4pitaux \u2013, vous simplifiez \u00e0 l\u2019extr\u00eame un probl\u00e8me complexe et emp\u00eachez tout d\u00e9bat d\u00e9mocratique sur les alternatives possibles.<\/div>\n<div dir=\"auto\"><\/div>\n<p class=\"xdj266r x11i5rnm xat24cr x1mh8g0r x1vvkbs x126k92a\">\n<div dir=\"auto\">Si vraiment \u00ab tout le monde doit se poser la question de ce qu\u2019il faut supprimer \u00bb, alors permettez aux citoyens eux-m\u00eames de r\u00e9pondre. Pourquoi ne pas organiser un r\u00e9f\u00e9rendum communal sur les priorit\u00e9s budg\u00e9taires ? Inventons-le, puisque vous appelez \u00e0 une solidarit\u00e9 face aux contraintes financi\u00e8res. Donnons la parole aux habitants : veulent-ils financer la police, un appareil souvent per\u00e7u comme oppressif, voire dangereux, pour leurs enfants ? Ou pr\u00e9f\u00e8rent-ils voir leurs contributions aller \u00e0 des \u00e9coles r\u00e9ellement inclusives, des logements sociaux, des programmes d\u2019aide \u00e0 l\u2019emploi et des projets de justice sociale ?<\/div>\n<p class=\"xdj266r x11i5rnm xat24cr x1mh8g0r x1vvkbs x126k92a\">\n<div dir=\"auto\">\u00c9coles, cr\u00e8ches, et racisme structurel.<\/div>\n<div dir=\"auto\"><\/div>\n<p class=\"xdj266r x11i5rnm xat24cr x1mh8g0r x1vvkbs x126k92a\">\n<div dir=\"auto\">Votre d\u00e9fense des \u00e9coles et des cr\u00e8ches est louable, mais il est temps de poser une question essentielle : Quels types d\u2019\u00e9coles finance-t-on avec cet argent public ? Des \u00e9coles qui perp\u00e9tuent le racisme syst\u00e9mique et reproduisent les in\u00e9galit\u00e9s structurelles ? Des \u00e9coles o\u00f9 les enfants d\u2019origine maghr\u00e9bine ou subsaharienne sont syst\u00e9matiquement orient\u00e9s vers des fili\u00e8res techniques ou professionnelles, m\u00eame lorsque leur potentiel acad\u00e9mique est clair ? Des cr\u00e8ches o\u00f9 la diversit\u00e9 culturelle des familles est ignor\u00e9e ou m\u00e9pris\u00e9e ?<\/div>\n<div dir=\"auto\"><\/div>\n<p class=\"xdj266r x11i5rnm xat24cr x1mh8g0r x1vvkbs x126k92a\">\n<div dir=\"auto\">Si nous devons payer davantage pour maintenir ces institutions, alors exigeons qu\u2019elles soient profond\u00e9ment transform\u00e9es. Les citoyens d\u2019Anderlecht, qui repr\u00e9sentent une pluralit\u00e9 de cultures et d\u2019identit\u00e9s, m\u00e9ritent des structures \u00e9ducatives qui les valorisent, qui enseignent une histoire d\u00e9coloniale et qui luttent activement contre les discriminations raciales.<\/div>\n<div dir=\"auto\"><\/div>\n<p class=\"xdj266r x11i5rnm xat24cr x1mh8g0r x1vvkbs x126k92a\">\n<div dir=\"auto\">Police : financer ceux qui nous oppressent ?<\/div>\n<div dir=\"auto\"><\/div>\n<p class=\"xdj266r x11i5rnm xat24cr x1mh8g0r x1vvkbs x126k92a\">\n<div dir=\"auto\">Vous affirmez ne vouloir diminuer ni les effectifs policiers ni leur financement. Mais pour les habitants d\u2019Anderlecht, en particulier pour les jeunes Arabes, Noirs, Rroms, la police n\u2019est pas synonyme de s\u00e9curit\u00e9. Elle est trop souvent per\u00e7ue comme un danger, une institution qui harc\u00e8le, humilie et parfois tue. Faut-il rappeler les nombreuses affaires de violences polici\u00e8res \u00e0 Anderlecht, o\u00f9 les victimes sont majoritairement issues des minorit\u00e9s raciales ? Faut-il rappeler que pour une partie significative des citoyens d\u2019Anderlecht, la police incarne non pas la protection, mais une menace ?<\/div>\n<div dir=\"auto\"><\/div>\n<p class=\"xdj266r x11i5rnm xat24cr x1mh8g0r x1vvkbs x126k92a\">\n<div dir=\"auto\">Dans ces conditions, demander \u00e0 ces m\u00eames citoyens de financer une institution qui les oppresse rel\u00e8ve d\u2019une double injustice. Si vous insistez pour que la police reste une priorit\u00e9 budg\u00e9taire, alors engagez-vous \u00e0 ce qu\u2019elle soit profond\u00e9ment r\u00e9form\u00e9e :<\/div>\n<div dir=\"auto\">&#8211; Formation antiraciste obligatoire pour tous les agents.<\/div>\n<div dir=\"auto\">&#8211; M\u00e9canismes de contr\u00f4le ind\u00e9pendants pour enqu\u00eater sur les abus.<\/div>\n<div dir=\"auto\">&#8211; R\u00e9duction des dispositifs r\u00e9pressifs au profit de programmes de pr\u00e9vention et de m\u00e9diation.<\/div>\n<div dir=\"auto\"><\/div>\n<p class=\"xdj266r x11i5rnm xat24cr x1mh8g0r x1vvkbs x126k92a\">\n<div dir=\"auto\">Une solidarit\u00e9 \u00e0 repenser : antiracisme et d\u00e9colonisation.<\/div>\n<div dir=\"auto\"><\/div>\n<p class=\"xdj266r x11i5rnm xat24cr x1mh8g0r x1vvkbs x126k92a\">\n<div dir=\"auto\">Si vous souhaitez r\u00e9ellement d\u00e9fendre une solidarit\u00e9 intercommunale, pourquoi ne pas exiger des communes riches \u2013 o\u00f9 r\u00e9sident majoritairement les classes favoris\u00e9es blanches \u2013 qu\u2019elles financent davantage les infrastructures sociales \u00e0 Anderlecht ? Pourquoi ne pas mettre en place une taxation sp\u00e9cifique sur les grandes entreprises ou sur les revenus du capital, qui profitent bien davantage \u00e0 ces communes qu\u2019aux n\u00f4tres ?<\/div>\n<div dir=\"auto\"><\/div>\n<p class=\"xdj266r x11i5rnm xat24cr x1mh8g0r x1vvkbs x126k92a\">\n<div dir=\"auto\">Monsieur le Bourgmestre, vous demandez aux citoyens d\u2019accepter une mesure difficile. Mais ce n\u2019est pas seulement une question de finances. C\u2019est une question de justice. De respect. De dignit\u00e9. Si vous voulez leur demander de payer plus, alors demandez-leur aussi ce qu\u2019ils souhaitent financer. Engagez-vous \u00e0 transformer les institutions pour qu\u2019elles soient r\u00e9ellement au service de tous, et pas seulement de ceux qui d\u00e9tiennent le pouvoir.<\/div>\n<div dir=\"auto\"><\/div>\n<p class=\"xdj266r x11i5rnm xat24cr x1mh8g0r x1vvkbs x126k92a\">\n<div dir=\"auto\">Organisez ce r\u00e9f\u00e9rendum communal sur les priorit\u00e9s budg\u00e9taires. Ouvrez le d\u00e9bat. Donnez la parole aux citoyens, y compris ceux des quartiers populaires, des minorit\u00e9s racialis\u00e9es, des pr\u00e9caires. Ce n\u2019est qu\u2019\u00e0 cette condition que votre d\u00e9cision sera l\u00e9gitime.<\/div>\n<div dir=\"auto\"><\/div>\n<div class=\"x11i5rnm xat24cr x1mh8g0r x1vvkbs xtlvy1s x126k92a\">\n<p dir=\"auto\">Et surtout, Monsieur le Bourgmestre, souvenez-vous : la justice sociale et raciale ne se d\u00e9cr\u00e8te pas. Elle se construit, collectivement, avec et pour ceux qui en ont le plus besoin.<\/p>\n<\/div>\n<\/div>\n<\/div>\n<\/div>\n<\/div>\n<\/div>\n<\/div>\n<\/div>\n<\/div>\n<\/div>\n<\/div>\n<\/div>\n<\/div>\n<\/div>\n<\/div>\n<\/div>\n<\/div>\n<\/div>\n<\/div>\n<\/div>\n<\/div>\n","protected":false},"excerpt":{"rendered":"<p>#Anderlecht La violence qui d\u00e9chire nos quartiers n&rsquo;est pas un simple accident, ni un mal de soci\u00e9t\u00e9 dont il suffirait de \u00ab\u00a0r\u00e9primer\u00a0\u00bb les sympt\u00f4mes. Ce n\u2019est pas une question triviale de \u00ab\u00a0s\u00e9curit\u00e9\u00a0\u00bb, comme veulent nous le faire croire les autorit\u00e9s locales et nationales. Ce que nous vivons est bien plus grave : c&rsquo;est une guerre &#8230; <a title=\"Il est temps de revendiquer un futur autre que celui qu&rsquo;on nous impose\" class=\"read-more\" href=\"https:\/\/bruxelles-pantheres.be\/?p=6209\" aria-label=\"En savoir plus sur Il est temps de revendiquer un futur autre que celui qu&rsquo;on nous impose\">Lire la suite<\/a><\/p>\n","protected":false},"author":1,"featured_media":6150,"comment_status":"open","ping_status":"open","sticky":false,"template":"","format":"standard","meta":{"footnotes":""},"categories":[539,24,36,4,20,7,537,8,18,28,37,39,5],"tags":[419,13],"class_list":["post-6209","post","type-post","status-publish","format-standard","has-post-thumbnail","hentry","category-belgique","category-belgique-maroc","category-europe","category-islamophobie","category-logement","category-negrophobie","category-presse-medias","category-prisons","category-resistance-bruxelles","category-racismes","category-romophobie","category-sans-papier","category-violence-policiere","tag-anderlecht","tag-nordine-saidi"],"_links":{"self":[{"href":"https:\/\/bruxelles-pantheres.be\/index.php?rest_route=\/wp\/v2\/posts\/6209","targetHints":{"allow":["GET"]}}],"collection":[{"href":"https:\/\/bruxelles-pantheres.be\/index.php?rest_route=\/wp\/v2\/posts"}],"about":[{"href":"https:\/\/bruxelles-pantheres.be\/index.php?rest_route=\/wp\/v2\/types\/post"}],"author":[{"embeddable":true,"href":"https:\/\/bruxelles-pantheres.be\/index.php?rest_route=\/wp\/v2\/users\/1"}],"replies":[{"embeddable":true,"href":"https:\/\/bruxelles-pantheres.be\/index.php?rest_route=%2Fwp%2Fv2%2Fcomments&post=6209"}],"version-history":[{"count":4,"href":"https:\/\/bruxelles-pantheres.be\/index.php?rest_route=\/wp\/v2\/posts\/6209\/revisions"}],"predecessor-version":[{"id":6214,"href":"https:\/\/bruxelles-pantheres.be\/index.php?rest_route=\/wp\/v2\/posts\/6209\/revisions\/6214"}],"wp:featuredmedia":[{"embeddable":true,"href":"https:\/\/bruxelles-pantheres.be\/index.php?rest_route=\/wp\/v2\/media\/6150"}],"wp:attachment":[{"href":"https:\/\/bruxelles-pantheres.be\/index.php?rest_route=%2Fwp%2Fv2%2Fmedia&parent=6209"}],"wp:term":[{"taxonomy":"category","embeddable":true,"href":"https:\/\/bruxelles-pantheres.be\/index.php?rest_route=%2Fwp%2Fv2%2Fcategories&post=6209"},{"taxonomy":"post_tag","embeddable":true,"href":"https:\/\/bruxelles-pantheres.be\/index.php?rest_route=%2Fwp%2Fv2%2Ftags&post=6209"}],"curies":[{"name":"wp","href":"https:\/\/api.w.org\/{rel}","templated":true}]}}