{"id":6215,"date":"2025-02-24T10:21:49","date_gmt":"2025-02-24T09:21:49","guid":{"rendered":"https:\/\/bruxelles-pantheres.be\/?p=6215"},"modified":"2025-02-24T10:21:49","modified_gmt":"2025-02-24T09:21:49","slug":"souleymane-19-ans-tue-metro-clemenceau","status":"publish","type":"post","link":"https:\/\/bruxelles-pantheres.be\/?p=6215","title":{"rendered":"SOULEYMANE, 19 ANS, TU\u00c9 M\u00c9TRO CL\u00c9MENCEAU"},"content":{"rendered":"<h4>par Claude Semal<\/h4>\n<div class=\"post_info\"><span class=\"time\">Publi\u00e9 <\/span>dans\u00a0<a href=\"https:\/\/www.asymptomatique.be\/category\/la-realite-depasse-laffliction\/\" rel=\"category tag\">La r\u00e9alit\u00e9 d\u00e9passe l\u2019affliction<\/a><\/div>\n<div id=\"attachment_21366\" class=\"wp-caption alignright\">\n<figure id=\"attachment_21366\" aria-describedby=\"caption-attachment-21366\" style=\"width: 221px\" class=\"wp-caption alignright\"><img decoding=\"async\" class=\"wp-image-21366\" src=\"https:\/\/www.asymptomatique.be\/wp-content\/uploads\/2025\/02\/bfba2da5-5518-4865-a9a4-43d44e2ea741-2-300x214.jpeg\" sizes=\"(max-width: 231px) 100vw, 231px\" srcset=\"https:\/\/www.asymptomatique.be\/wp-content\/uploads\/2025\/02\/bfba2da5-5518-4865-a9a4-43d44e2ea741-2-300x214.jpeg 300w, https:\/\/www.asymptomatique.be\/wp-content\/uploads\/2025\/02\/bfba2da5-5518-4865-a9a4-43d44e2ea741-2-768x549.jpeg 768w, https:\/\/www.asymptomatique.be\/wp-content\/uploads\/2025\/02\/bfba2da5-5518-4865-a9a4-43d44e2ea741-2-700x500.jpeg 700w, https:\/\/www.asymptomatique.be\/wp-content\/uploads\/2025\/02\/bfba2da5-5518-4865-a9a4-43d44e2ea741-2-600x429.jpeg 600w, https:\/\/www.asymptomatique.be\/wp-content\/uploads\/2025\/02\/bfba2da5-5518-4865-a9a4-43d44e2ea741-2-84x60.jpeg 84w, https:\/\/www.asymptomatique.be\/wp-content\/uploads\/2025\/02\/bfba2da5-5518-4865-a9a4-43d44e2ea741-2-126x90.jpeg 126w, https:\/\/www.asymptomatique.be\/wp-content\/uploads\/2025\/02\/bfba2da5-5518-4865-a9a4-43d44e2ea741-2.jpeg 1034w\" alt=\"\" width=\"231\" height=\"165\" aria-describedby=\"caption-attachment-21366\" \/><figcaption id=\"caption-attachment-21366\" class=\"wp-caption-text\">Photo Manuel Abramowicz<\/figcaption><\/figure>\n<p id=\"caption-attachment-21366\" class=\"wp-caption-text\">\n<\/div>\n<p><strong>J\u2019\u00e9cris souvent dans l\u2019Asympto \u00e0 hue et \u00e0 dia,<\/strong>\u00a0\u00ab \u00e0 sauts et \u00e0 gambades \u00bb, selon mes propres disponibilit\u00e9s et selon les sollicitations de l\u2019actualit\u00e9.<br \/>\nJe ne savais pas, en me levant ce matin, que j\u2019\u00e9crirais aujourd\u2019hui sur ce jeune Bruxellois de dix-neuf ans, Souleymane Sow, tu\u00e9 d\u2019une balle dans le dos et dans le c\u0153ur, \u00e0 Anderlecht, devant la station de m\u00e9tro Cl\u00e9menceau, \u00e0 cent m\u00e8tres de chez lui.<br \/>\nNi qu\u2019\u00e0 13 heures, je mettrais pour la premi\u00e8re fois de ma vie les pieds dans une mosqu\u00e9e, apr\u00e8s m\u2019\u00eatre d\u00e9chauss\u00e9, pour assister \u00e0 une c\u00e9r\u00e9monie fun\u00e9raire qui lui rendrait hommage.<br \/>\nOr voil\u00e0 qu\u2019\u00e0 9h30, je re\u00e7ois un message d\u2019alerte dans une boucle WhatsApp, qui annon\u00e7ait une conf\u00e9rence de presse de sa famille \u00ab pendant l\u2019heure du midi \u00bb.<br \/>\nLe message \u00e9tait accompagn\u00e9 de cette poignante \u00ab\u00a0<em>Lettre \u00e0 Souleymane<\/em>\u00a0\u00bb.<\/p>\n<p><!--more--><\/p>\n<div>\n<p><em><strong>\u00ab Lette \u00e0 Souleymane, notre fils, notre fr\u00e8re, notre amour.<\/strong><\/em><br \/>\n<em>Samedi 14 f\u00e9vrier au soir, on t\u2019a arrach\u00e9 \u00e0 nous. Tu venais de f\u00eater tes dix-neuf ans. Ce soir-l\u00e0, tu ouvrais le portique du m\u00e9tro \u00e0 Cl\u00e9menceau quand une balle dans le dos t\u2019a fauch\u00e9. Les tireurs sont partis, disparaissant dans la nuit, mais toi, tu ne reviendras pas.<\/em><br \/>\n<em>Depuis ce soir-l\u00e0, tout s\u2019est arr\u00eat\u00e9. Nos c\u0153urs sont bris\u00e9s, nos \u00e2mes vid\u00e9es. Comment vivre dans un monde o\u00f9 l\u2019on tue un jeune homme sans un mot, sans une chance ?<\/em><br \/>\n<em>Tu \u00e9tais m\u00e9ticuleux, appliqu\u00e9 dans tout ce que tu faisais. Que ce soit \u00e0 l\u2019\u00e9cole, dans le sport ou dans les petites choses du quotidien, tu faisais toujours les choses bien, avec soin et pr\u00e9cision. Tu avais des r\u00eaves, des ambitions. Tu voulais avancer, b\u00e2tir, r\u00e9ussir.\u00a0<\/em><em>Tu \u00e9tais un fils attentif, un fr\u00e8re aimant, un ami fid\u00e8le. Toujours l\u00e0 pour les autres, toujours \u00e0 l\u2019\u00e9coute, toujours pr\u00eat \u00e0 rire, \u00e0 aider. Aujourd\u2019hui, notre maison est silencieuse sans toi.<\/em><\/p>\n<p><em><strong>Nous n\u2019acceptons pas que ton nom soit oubli\u00e9<\/strong>, que ta vie soit r\u00e9duite \u00e0 un fait divers. Nous refusons l\u2019indiff\u00e9rence. Nous demandons la v\u00e9rit\u00e9 et la justice avec toute la rigueur, la transparence et l\u2019impartialit\u00e9 qu\u2019il n\u00e9cessite.<\/em><br \/>\n<em>Dans cette douleur immense, nous avons trouv\u00e9 du r\u00e9confort dans l\u2019amour et le soutien de Bruxelles. Ceux qui t\u2019ont connu, ceux qui ne t\u2019ont jamais rencontr\u00e9 mais qui comprennent que ce qui t\u2019est arriv\u00e9 nous concerne toustes et que ce n\u2019est pas normal. Pas normal que des armes de guerre circulent, tuent et disparaissent dans notre ville.<\/em><br \/>\n<em>Aujourd\u2019hui nous t\u2019accompagnerons une derni\u00e8re fois. Une c\u00e9r\u00e9monie aura lieu \u00e0 la mosqu\u00e9e pour te rendre hommage. Nous t\u2019aimerons toujours, Souleymane. Et nous porterons ton nom avec fiert\u00e9. Maman, papa et tes fr\u00e8res \u00bb.<\/em><\/p>\n<\/div>\n<div class=\"post_image\"><img decoding=\"async\" class=\"attachment-full size-full wp-post-image aligncenter\" src=\"https:\/\/www.asymptomatique.be\/wp-content\/uploads\/2025\/02\/IMG_3674-2.jpeg\" sizes=\"(max-width: 640px) 100vw, 640px\" srcset=\"https:\/\/www.asymptomatique.be\/wp-content\/uploads\/2025\/02\/IMG_3674-2.jpeg 640w, https:\/\/www.asymptomatique.be\/wp-content\/uploads\/2025\/02\/IMG_3674-2-300x225.jpeg 300w, https:\/\/www.asymptomatique.be\/wp-content\/uploads\/2025\/02\/IMG_3674-2-600x450.jpeg 600w, https:\/\/www.asymptomatique.be\/wp-content\/uploads\/2025\/02\/IMG_3674-2-80x60.jpeg 80w, https:\/\/www.asymptomatique.be\/wp-content\/uploads\/2025\/02\/IMG_3674-2-120x90.jpeg 120w\" alt=\"\" width=\"640\" height=\"480\" \/><\/div>\n<div class=\"post_text\">\n<div class=\"post_text_inner\">\n<pre class=\"entry_title\"><span class=\"date truc entry_date updated\">22 f\u00e9vrier 2025<\/span><\/pre>\n<h4 style=\"text-align: center;\">SOULEYMANE, 19 ANS, TU\u00c9 M\u00c9TRO CL\u00c9MENCEAU<\/h4>\n<div id=\"attachment_21367\" class=\"wp-caption aligncenter\">\n<figure id=\"attachment_21367\" aria-describedby=\"caption-attachment-21367\" style=\"width: 895px\" class=\"wp-caption aligncenter\"><img decoding=\"async\" class=\"wp-image-21367\" src=\"https:\/\/www.asymptomatique.be\/wp-content\/uploads\/2025\/02\/PHOTO-2025-02-21-12-34-44-300x164.jpg\" sizes=\"(max-width: 905px) 100vw, 905px\" srcset=\"https:\/\/www.asymptomatique.be\/wp-content\/uploads\/2025\/02\/PHOTO-2025-02-21-12-34-44-300x164.jpg 300w, https:\/\/www.asymptomatique.be\/wp-content\/uploads\/2025\/02\/PHOTO-2025-02-21-12-34-44-768x421.jpg 768w, https:\/\/www.asymptomatique.be\/wp-content\/uploads\/2025\/02\/PHOTO-2025-02-21-12-34-44-1536x842.jpg 1536w, https:\/\/www.asymptomatique.be\/wp-content\/uploads\/2025\/02\/PHOTO-2025-02-21-12-34-44-700x384.jpg 700w, https:\/\/www.asymptomatique.be\/wp-content\/uploads\/2025\/02\/PHOTO-2025-02-21-12-34-44-600x329.jpg 600w, https:\/\/www.asymptomatique.be\/wp-content\/uploads\/2025\/02\/PHOTO-2025-02-21-12-34-44-109x60.jpg 109w, https:\/\/www.asymptomatique.be\/wp-content\/uploads\/2025\/02\/PHOTO-2025-02-21-12-34-44-164x90.jpg 164w, https:\/\/www.asymptomatique.be\/wp-content\/uploads\/2025\/02\/PHOTO-2025-02-21-12-34-44.jpg 1600w\" alt=\"\" width=\"905\" height=\"495\" aria-describedby=\"caption-attachment-21367\" \/><figcaption id=\"caption-attachment-21367\" class=\"wp-caption-text\">Photo Manuel Abramowicz<\/figcaption><\/figure>\n<\/div>\n<p>Mon dieu, quelle horreur. Perdre subitement un fils, un fr\u00e8re, un ami : on devine l\u2019absolue douleur. Ne fut-ce que par solidarit\u00e9, je d\u00e9cide donc de me rendre \u00e0 la conf\u00e9rence de presse.<\/p>\n<figure id=\"attachment_21368\" aria-describedby=\"caption-attachment-21368\" style=\"width: 379px\" class=\"wp-caption aligncenter\"><img decoding=\"async\" class=\"wp-image-21368\" src=\"https:\/\/www.asymptomatique.be\/wp-content\/uploads\/2025\/02\/IMG_3667-300x225.jpg\" sizes=\"auto, (max-width: 389px) 100vw, 389px\" srcset=\"https:\/\/www.asymptomatique.be\/wp-content\/uploads\/2025\/02\/IMG_3667-300x225.jpg 300w, https:\/\/www.asymptomatique.be\/wp-content\/uploads\/2025\/02\/IMG_3667-600x450.jpg 600w, https:\/\/www.asymptomatique.be\/wp-content\/uploads\/2025\/02\/IMG_3667-80x60.jpg 80w, https:\/\/www.asymptomatique.be\/wp-content\/uploads\/2025\/02\/IMG_3667-120x90.jpg 120w, https:\/\/www.asymptomatique.be\/wp-content\/uploads\/2025\/02\/IMG_3667.jpg 640w\" alt=\"\" width=\"389\" height=\"292\" aria-describedby=\"caption-attachment-21368\" \/><figcaption id=\"caption-attachment-21368\" class=\"wp-caption-text\">Selma Benkhelifa<\/figcaption><\/figure>\n<div id=\"attachment_21368\" class=\"wp-caption alignright\">\n<p id=\"caption-attachment-21368\" class=\"wp-caption-text\">\n<\/div>\n<p><strong>Le tram 81 me conduit de Saint-Gilles \u00e0 Anderlecht<\/strong>, \u00e0 quelques centaines de m\u00e8tres du lieu de rendez-vous. Dans ce quartier hautement cr\u00e9olis\u00e9, o\u00f9 les commerces de bouche et de v\u00eatements abondent, la conf\u00e9rence a lieu dans une grande salle vitr\u00e9e b\u00e9n\u00e9volement mise \u00e0 disposition par des voisins solidaires. La presse r\u00e9gionale et nationale est l\u00e0, avec trois ou quatre cam\u00e9ras sur pied qui attendent d\u00e9j\u00e0 les intervenantes.<br \/>\nL\u2019avocate choisie par la famille est Selma Benkhelifa, une avocate socialement engag\u00e9e qu\u2019Ir\u00e8ne Kaufer avait d\u00e9j\u00e0 interview\u00e9e pour l\u2019Asympto en 2021 (1), et la porte-parole mandat\u00e9e par la famille s\u2019appelle Binta Diallo-Liebman \u2013 un nom que je connais aussi un peu. Originaire du Burkina Fasso, d\u2019o\u00f9 elle a d\u00e9barqu\u00e9 avec son b\u00e9b\u00e9, Binta est la preuve vivante de la force de r\u00e9silience, de r\u00e9sistance et d\u2019int\u00e9gration de certains r\u00e9seaux de solidarit\u00e9 bruxellois. Elle a pu y faire des \u00e9tudes d\u2019infirmi\u00e8re, y bosse aujourd\u2019hui comme travailleuse sociale, et a initi\u00e9 un formidable projet de dentisterie solidaire \u2013 un bus \u00e9quip\u00e9 et itin\u00e9rant qui prodigue des soins dentaires aux laiss\u00e9s pour compte de la rue.<br \/>\nBinta est par ailleurs l\u2019\u00e9pouse de Daniel Liebman, que j\u2019ai connu comme co-animateur des Collectifs contre les Expulsions. Ces Collectifs avaient, \u00e0 l\u2019\u00e9poque, transform\u00e9 un squat Porte de Hal en \u00ab Centre Social \u00bb, pour lequel j\u2019avais \u00e9t\u00e9 chanter en soutien une semaine avant l\u2019assassinat de S\u00e9mira Adamu par la gendarmerie.<br \/>\nLe monde est d\u00e9cid\u00e9ment petit. Variante : Bruxelles est un grand lit.<\/p>\n<p><strong>Mais ce qui semblait surtout int\u00e9resser les journalistes pr\u00e9sents<\/strong>, ce midi-l\u00e0, c\u2019est plut\u00f4t un lien \u00e9ventuel entre Souleymane et une bande ou un trafic de drogue.<br \/>\nTout le monde sait \u00e9videmment que, d\u2019une fa\u00e7on g\u00e9n\u00e9rale, les nombreuses fusillades qui endeuillent les rues de Bruxelles depuis un an, ont un rapport avec une guerre des gangs pour contr\u00f4ler les points de \u00ab deal \u00bb.<br \/>\nMais rien n\u2019indique que Souleymane y \u00e9tait lui-m\u00eame impliqu\u00e9. Cette insistance de certains journalistes \u00e0 vouloir absolument transformer une victime en coupable, \u00e0 quelques heures de son enterrement, m\u2019a personnellement mis un peu mal \u00e0 l\u2019aise.<br \/>\nD\u2019autant que l\u2019avocate Selma Benkhelifa avait clairement indiqu\u00e9 que rien, dans l\u2019enqu\u00eate polici\u00e8re, ne reliait \u00e0 ce jour Souleymane, ni \u00e0 une bande, ni \u00e0 un trafic de drogue.<br \/>\nJusqu\u2019\u00e0 preuve du contraire, Souleymane a donc \u00e9t\u00e9 \u00ab au mauvais endroit au mauvais moment \u00bb, selon l\u2019expression consacr\u00e9e, alors qu\u2019il s\u2019appr\u00eatait \u00e0 rejoindre, en m\u00e9tro, un ami \u00e0 Schaerbeek avec qui il faisait du sport.<\/p>\n<p><strong>Apr\u00e8s la conf\u00e9rence de presse, Binta<\/strong>\u00a0a bien voulu r\u00e9pondre \u00e0 quelques-unes de mes questions.<\/p>\n<div id=\"attachment_21369\" class=\"wp-caption aligncenter\">\n<figure id=\"attachment_21369\" aria-describedby=\"caption-attachment-21369\" style=\"width: 407px\" class=\"wp-caption aligncenter\"><img decoding=\"async\" class=\"wp-image-21369\" src=\"https:\/\/www.asymptomatique.be\/wp-content\/uploads\/2025\/02\/IMG_3671-300x225.jpg\" sizes=\"auto, (max-width: 417px) 100vw, 417px\" srcset=\"https:\/\/www.asymptomatique.be\/wp-content\/uploads\/2025\/02\/IMG_3671-300x225.jpg 300w, https:\/\/www.asymptomatique.be\/wp-content\/uploads\/2025\/02\/IMG_3671-600x450.jpg 600w, https:\/\/www.asymptomatique.be\/wp-content\/uploads\/2025\/02\/IMG_3671-80x60.jpg 80w, https:\/\/www.asymptomatique.be\/wp-content\/uploads\/2025\/02\/IMG_3671-120x90.jpg 120w, https:\/\/www.asymptomatique.be\/wp-content\/uploads\/2025\/02\/IMG_3671.jpg 640w\" alt=\"\" width=\"417\" height=\"313\" aria-describedby=\"caption-attachment-21369\" \/><figcaption id=\"caption-attachment-21369\" class=\"wp-caption-text\">Binta<\/figcaption><\/figure>\n<\/div>\n<p><strong>Claude<\/strong>\u00a0: Par quel canal es-tu devenue la porte-parole de la famille ?<\/p>\n<p><strong>Binta<\/strong>\u00a0:\u00a0<em>Je suis infirmi\u00e8re sociale, et j\u2019ai \u00e9t\u00e9 mise en contact avec la famille Sow par l\u2019interm\u00e9diaire d\u2019une autre famille, qui habitait sur la Place, et qui a fait appel \u00e0 moi en direct au moment de cet \u00e9v\u00e9nement dramatique. Ils m\u2019ont appel\u00e9e au secours car ils ont sept petits enfants qui avaient vu la sc\u00e8ne et qui \u00e9taient tr\u00e8s choqu\u00e9s. J\u2019ai \u00e9t\u00e9 leur apporter une aide psychologique. C\u2019\u00e9tait une famille d\u2019origine guin\u00e9enne, comme la famille \u00e9plor\u00e9e, qui avait\u00a0<\/em><em>\u00e9videmment aussi besoin d\u2019aide \u2013 et ils m\u2019ont donc mise en contact avec elle.<\/em><\/p>\n<p><strong>Claude<\/strong>\u00a0: Souleymane \u00e9tait belge ?<\/p>\n<p><strong>Binta<\/strong>:\u00a0<em>Oui, mais ses parents \u00e9taient d\u2019origine guin\u00e9enne.<\/em><\/p>\n<p><strong>Claude<\/strong>\u00a0: Si j\u2019ai bien compris, le papa \u00e9tait ouvrier communal \u00e0 Schaerbeek. Cela fait combien de temps qu\u2019ils habitaient \u00e0 Anderlecht ?<\/p>\n<p><strong><img decoding=\"async\" class=\"wp-image-21375 alignright\" src=\"https:\/\/www.asymptomatique.be\/wp-content\/uploads\/2025\/02\/final_render_clemenceau_2-300x190.jpg\" sizes=\"auto, (max-width: 436px) 100vw, 436px\" srcset=\"https:\/\/www.asymptomatique.be\/wp-content\/uploads\/2025\/02\/final_render_clemenceau_2-300x190.jpg 300w, https:\/\/www.asymptomatique.be\/wp-content\/uploads\/2025\/02\/final_render_clemenceau_2-768x485.jpg 768w, https:\/\/www.asymptomatique.be\/wp-content\/uploads\/2025\/02\/final_render_clemenceau_2-700x442.jpg 700w, https:\/\/www.asymptomatique.be\/wp-content\/uploads\/2025\/02\/final_render_clemenceau_2-600x379.jpg 600w, https:\/\/www.asymptomatique.be\/wp-content\/uploads\/2025\/02\/final_render_clemenceau_2-95x60.jpg 95w, https:\/\/www.asymptomatique.be\/wp-content\/uploads\/2025\/02\/final_render_clemenceau_2-142x90.jpg 142w, https:\/\/www.asymptomatique.be\/wp-content\/uploads\/2025\/02\/final_render_clemenceau_2.jpg 1280w\" alt=\"\" width=\"436\" height=\"276\" \/>Binta<\/strong>\u00a0:\u00a0<em>Environ une ann\u00e9e. Ils venaient d\u2019acheter une maison ici, apr\u00e8s avoir longtemps habit\u00e9 \u00e0 Schaerbeek, o\u00f9 les enfants ont fait toute leur scolarit\u00e9, et o\u00f9 ils ont gard\u00e9 leur principal r\u00e9seau d\u2019amis. Son p\u00e8re travaillait \u00e0 temps-plein, il \u00e9tait tr\u00e8s travailleur, et il m\u2019a r\u00e9p\u00e9t\u00e9 plusieurs fois : \u00ab\u00a0<\/em>je suis un travailleur<em>\u00a0\u00bb. Je pense que c\u2019est une r\u00e9ponse \u00e0 tous ces clich\u00e9s et pr\u00e9jug\u00e9s qui parlent des immigr\u00e9s comme de \u00ab profiteurs \u00bb. \u00ab\u00a0<\/em>J\u2019ai toujours travaill\u00e9<em>\u00a0\u00bb, m\u2019a-t-il r\u00e9p\u00e9t\u00e9, \u00ab\u00a0<\/em>ma femme a toujours travaill\u00e9, nous avons toujours pay\u00e9 tous les imp\u00f4ts qu\u2019on nous a demand\u00e9 de payer, et je ne comprends pas ce qui arrive\u00a0<em>\u00bb. Ils sont remplis de questionnements. La police \u00e9tait juste \u00e0 c\u00f4t\u00e9 de la station : pourquoi n\u2019a-t-elle pas su prot\u00e9ger leur fils ?<\/em><\/p>\n<p><strong>Claude<\/strong>\u00a0: il y a eu beaucoup de fusillades de ce type dans le quartier ?<\/p>\n<p><strong>Binta<\/strong>\u00a0:\u00a0<em>Juste apr\u00e8s le meurtre de Souleymane, il a eu un bless\u00e9 \u00e0 Saint-Guidon, et juste avant, un autre assassinat au Peterbos. Je dirais une bonne cinquantaine en un an.<\/em><\/p>\n<p><strong>Claude<\/strong>\u00a0: Je vais participer \u00e0 la c\u00e9r\u00e9monie \u00e0 la mosqu\u00e9e. Tu sais si quelque chose est pr\u00e9vu pour les gens qui, comme moi, ne sont pas musulmans ?<\/p>\n<p><strong>Binta<\/strong>:\u00a0<em>Oui, oui, un espace est pr\u00e9vu \u00e0 l\u2019\u00e9tage, avec une retransmission de la c\u00e9r\u00e9monie en vid\u00e9o.<\/em><\/p>\n<p><strong>Claude<\/strong>\u00a0: La famille sait-elle d\u00e9j\u00e0 o\u00f9 Souleymane sera enterr\u00e9 ?<\/p>\n<p><strong>Binta<\/strong>:\u00a0<em>\u00c0 Schaerbeek. Ils iront l\u2019enterrer dans l\u2019intimit\u00e9 familiale juste apr\u00e8s la c\u00e9r\u00e9monie.<\/em><\/p>\n<p><strong><img decoding=\"async\" class=\"wp-image-21377 alignleft\" src=\"https:\/\/www.asymptomatique.be\/wp-content\/uploads\/2025\/02\/18ee79c3-5cdf-4653-b196-fe282bc9e27b-300x179.jpeg\" sizes=\"auto, (max-width: 490px) 100vw, 490px\" srcset=\"https:\/\/www.asymptomatique.be\/wp-content\/uploads\/2025\/02\/18ee79c3-5cdf-4653-b196-fe282bc9e27b-300x179.jpeg 300w, https:\/\/www.asymptomatique.be\/wp-content\/uploads\/2025\/02\/18ee79c3-5cdf-4653-b196-fe282bc9e27b-768x459.jpeg 768w, https:\/\/www.asymptomatique.be\/wp-content\/uploads\/2025\/02\/18ee79c3-5cdf-4653-b196-fe282bc9e27b-1536x917.jpeg 1536w, https:\/\/www.asymptomatique.be\/wp-content\/uploads\/2025\/02\/18ee79c3-5cdf-4653-b196-fe282bc9e27b-700x418.jpeg 700w, https:\/\/www.asymptomatique.be\/wp-content\/uploads\/2025\/02\/18ee79c3-5cdf-4653-b196-fe282bc9e27b-600x358.jpeg 600w, https:\/\/www.asymptomatique.be\/wp-content\/uploads\/2025\/02\/18ee79c3-5cdf-4653-b196-fe282bc9e27b-100x60.jpeg 100w, https:\/\/www.asymptomatique.be\/wp-content\/uploads\/2025\/02\/18ee79c3-5cdf-4653-b196-fe282bc9e27b-151x90.jpeg 151w, https:\/\/www.asymptomatique.be\/wp-content\/uploads\/2025\/02\/18ee79c3-5cdf-4653-b196-fe282bc9e27b.jpeg 1547w\" alt=\"\" width=\"490\" height=\"292\" \/>La mosqu\u00e9e Al Fath est \u00e0 deux cent m\u00e8tres \u00e0 pied<\/strong>\u00a0de la salle conf\u00e9rence de presse. Il y a d\u00e9j\u00e0 beaucoup de monde. Il y en aura encore plus dans une demi-heure.<br \/>\nJe me d\u00e9chausse, selon l\u2019usage. Mes grosses chaussures de montagne, qui m\u2019accompagnent en toutes saisons, d\u00e9tonnent un peu au milieu des rang\u00e9es de sandales et de baskets.<br \/>\nOn m\u2019installe dans une salle de pri\u00e8re \u00e0 l\u2019\u00e9tage, \u00e0 cette minute pratiquement vide, o\u00f9 deux grands \u00e9crans vid\u00e9o rediffusent la c\u00e9r\u00e9monie.<br \/>\nJe m\u2019assieds sur une chaise contre le mur du fond, comme les vieux dans les bals de village, et je profite de la qui\u00e9tude g\u00e9om\u00e9trique du lieu. Mais c\u2019est une illusion. La salle de pri\u00e8re du bas est bient\u00f4t satur\u00e9e, et moins de 10 minutes plus tard, plus de trois cent personnes viennent s\u2019agenouiller dans celle-ci.<br \/>\nUn tr\u00e8s jeune homme en djellaba claire, un calot blanc sur la t\u00eate, navigue avec beaucoup d\u2019autorit\u00e9 entre les rangs pour \u00ab placer \u00bb les uns et autres et faire de la place aux nouveaux venus. En tout, nous devons \u00eatre mille cinq cents dans la mosqu\u00e9e, et dans cette pi\u00e8ce, avec un copain militant de Saint-Gilles, nous sommes je crois les deux seuls non-musulmans.<br \/>\nEt \u00e0 cet \u00e9tage, il n\u2019y a aucune femme.<\/p>\n<p><strong><img decoding=\"async\" class=\"wp-image-21388 alignright\" src=\"https:\/\/www.asymptomatique.be\/wp-content\/uploads\/2025\/02\/Capture-decran-2025-02-22-a-15.27.38-300x184.png\" sizes=\"auto, (max-width: 285px) 100vw, 285px\" srcset=\"https:\/\/www.asymptomatique.be\/wp-content\/uploads\/2025\/02\/Capture-decran-2025-02-22-a-15.27.38-300x184.png 300w, https:\/\/www.asymptomatique.be\/wp-content\/uploads\/2025\/02\/Capture-decran-2025-02-22-a-15.27.38-768x472.png 768w, https:\/\/www.asymptomatique.be\/wp-content\/uploads\/2025\/02\/Capture-decran-2025-02-22-a-15.27.38-700x430.png 700w, https:\/\/www.asymptomatique.be\/wp-content\/uploads\/2025\/02\/Capture-decran-2025-02-22-a-15.27.38-600x369.png 600w, https:\/\/www.asymptomatique.be\/wp-content\/uploads\/2025\/02\/Capture-decran-2025-02-22-a-15.27.38-98x60.png 98w, https:\/\/www.asymptomatique.be\/wp-content\/uploads\/2025\/02\/Capture-decran-2025-02-22-a-15.27.38-147x90.png 147w, https:\/\/www.asymptomatique.be\/wp-content\/uploads\/2025\/02\/Capture-decran-2025-02-22-a-15.27.38.png 1426w\" alt=\"\" width=\"285\" height=\"175\" \/>La c\u00e9r\u00e9monie commence par une superbe pri\u00e8re chant\u00e9e<\/strong>\u00a0en arabe, \u00e0 laquelle je ne comprends \u00e9videmment rien. A chaque prosternation rituelle, j\u2019incline un peu la t\u00eate, histoire d\u2019accompagner le mouvement g\u00e9n\u00e9ral, puis je la redresse, comme pour participer moi aussi \u00e0 cette respiration commune. Je me fais un peu l\u2019effet d\u2019un parapl\u00e9gique qui accompagnerait des danseurs sur la piste dans son fauteuil, en bougeant rythmiquement le bout des doigts.<br \/>\nSuit une longue harangue en fran\u00e7ais, o\u00f9 le pr\u00eacheur d\u00e9cline en boucle l\u2019expression \u00ab\u00a0<em>noblesse de caract\u00e8re<\/em>\u00a0\u00bb, dont j\u2019ai du mal \u00e0 comprendre le contenu pr\u00e9cis, mais qui semble la cl\u00e9 universelle pour ouvrir toutes les portes du paradis.<br \/>\nPuis un pr\u00eache plus court, qui met en garde les jeunes gens contre les tentations et les mauvaises fr\u00e9quentations \u2013 et qui les exhorte \u00e0 s\u2019entourer \u00ab de gens pieux \u00bb. Pas de message cod\u00e9 toutefois : tout cela ressemble plut\u00f4t \u00e0 une consid\u00e9ration d\u2019ordre g\u00e9n\u00e9ral.<\/p>\n<p><strong><img decoding=\"async\" class=\"wp-image-21378 alignleft\" src=\"https:\/\/www.asymptomatique.be\/wp-content\/uploads\/2025\/02\/474559226_909013461395587_7513764107244392540_n-300x225.jpg\" sizes=\"auto, (max-width: 330px) 100vw, 330px\" srcset=\"https:\/\/www.asymptomatique.be\/wp-content\/uploads\/2025\/02\/474559226_909013461395587_7513764107244392540_n-300x225.jpg 300w, https:\/\/www.asymptomatique.be\/wp-content\/uploads\/2025\/02\/474559226_909013461395587_7513764107244392540_n-768x576.jpg 768w, https:\/\/www.asymptomatique.be\/wp-content\/uploads\/2025\/02\/474559226_909013461395587_7513764107244392540_n-800x600.jpg 800w, https:\/\/www.asymptomatique.be\/wp-content\/uploads\/2025\/02\/474559226_909013461395587_7513764107244392540_n-700x525.jpg 700w, https:\/\/www.asymptomatique.be\/wp-content\/uploads\/2025\/02\/474559226_909013461395587_7513764107244392540_n-600x450.jpg 600w, https:\/\/www.asymptomatique.be\/wp-content\/uploads\/2025\/02\/474559226_909013461395587_7513764107244392540_n-80x60.jpg 80w, https:\/\/www.asymptomatique.be\/wp-content\/uploads\/2025\/02\/474559226_909013461395587_7513764107244392540_n-120x90.jpg 120w, https:\/\/www.asymptomatique.be\/wp-content\/uploads\/2025\/02\/474559226_909013461395587_7513764107244392540_n.jpg 1024w\" alt=\"\" width=\"330\" height=\"248\" \/><\/strong><\/p>\n<p>&nbsp;<\/p>\n<p><strong>Il n\u2019y a pas d\u2019\u00e9vocation plus personnelle du d\u00e9funt<\/strong>, comme c\u2019est souvent le cas dans les c\u00e9r\u00e9monies non-musulmanes \u2013 et comme c\u2019est aussi le cas dans la tr\u00e8s belle lettre de sa famille.<br \/>\nLe mort n\u2019est d\u00e9j\u00e0 plus qu\u2019une abstraction entre les mains de dieu, une \u00e2me g\u00e9om\u00e9trique flottant entre l\u2019enfer et le paradis \u2013 et les fid\u00e8les l\u2019accompagnent en bloc de leur commune pri\u00e8re ponctu\u00e9e de prosternations.<br \/>\nTa m\u00e9moire, Souleymane, d\u00e8s demain, ce sont tes amis et ta famille qui vont devoir la d\u00e9fendre.<\/p>\n<p><strong>Claude Semal, le 21 f\u00e9vrier 2025<\/strong>.<\/p>\n<\/div>\n<\/div>\n<p>&nbsp;<\/p>\n<p>&nbsp;<\/p>\n<div class=\"post_text\">\n<div class=\"post_text_inner\">\n<p>(1)\u00a0<a href=\"https:\/\/www.asymptomatique.be\/selma-benkhelifa-et-la-solidarite-des-petits-poissons\/\" target=\"_blank\" rel=\"noopener\">Interview de Selma Benkhelifa LA SOLIDARIT\u00c9 DES PETITS POISSONS<\/a><\/p>\n<\/div>\n<\/div>\n<p><a href=\"https:\/\/www.asymptomatique.be\/souleymane-19-ans-tue-metro-clemenceau-par-claude-semal\/?fbclid=IwY2xjawIpFWpleHRuA2FlbQIxMQABHbvqk8nXbp1w31t3eJ8VRWPyAeA06sDle9eguICff6-lCu8FDQ135-xArg_aem_ueLUU_ftfx_HPpmbmOCVtg\">Source<\/a><\/p>\n","protected":false},"excerpt":{"rendered":"<p>par Claude Semal Publi\u00e9 dans\u00a0La r\u00e9alit\u00e9 d\u00e9passe l\u2019affliction J\u2019\u00e9cris souvent dans l\u2019Asympto \u00e0 hue et \u00e0 dia,\u00a0\u00ab \u00e0 sauts et \u00e0 gambades \u00bb, selon mes propres disponibilit\u00e9s et selon les sollicitations de l\u2019actualit\u00e9. Je ne savais pas, en me levant ce matin, que j\u2019\u00e9crirais aujourd\u2019hui sur ce jeune Bruxellois de dix-neuf ans, Souleymane Sow, tu\u00e9 &#8230; <a title=\"SOULEYMANE, 19 ANS, TU\u00c9 M\u00c9TRO CL\u00c9MENCEAU\" class=\"read-more\" href=\"https:\/\/bruxelles-pantheres.be\/?p=6215\" aria-label=\"En savoir plus sur SOULEYMANE, 19 ANS, TU\u00c9 M\u00c9TRO CL\u00c9MENCEAU\">Lire la suite<\/a><\/p>\n","protected":false},"author":1,"featured_media":6216,"comment_status":"open","ping_status":"open","sticky":false,"template":"","format":"standard","meta":{"footnotes":""},"categories":[539,18],"tags":[419],"class_list":["post-6215","post","type-post","status-publish","format-standard","has-post-thumbnail","hentry","category-belgique","category-resistance-bruxelles","tag-anderlecht"],"_links":{"self":[{"href":"https:\/\/bruxelles-pantheres.be\/index.php?rest_route=\/wp\/v2\/posts\/6215","targetHints":{"allow":["GET"]}}],"collection":[{"href":"https:\/\/bruxelles-pantheres.be\/index.php?rest_route=\/wp\/v2\/posts"}],"about":[{"href":"https:\/\/bruxelles-pantheres.be\/index.php?rest_route=\/wp\/v2\/types\/post"}],"author":[{"embeddable":true,"href":"https:\/\/bruxelles-pantheres.be\/index.php?rest_route=\/wp\/v2\/users\/1"}],"replies":[{"embeddable":true,"href":"https:\/\/bruxelles-pantheres.be\/index.php?rest_route=%2Fwp%2Fv2%2Fcomments&post=6215"}],"version-history":[{"count":1,"href":"https:\/\/bruxelles-pantheres.be\/index.php?rest_route=\/wp\/v2\/posts\/6215\/revisions"}],"predecessor-version":[{"id":6217,"href":"https:\/\/bruxelles-pantheres.be\/index.php?rest_route=\/wp\/v2\/posts\/6215\/revisions\/6217"}],"wp:featuredmedia":[{"embeddable":true,"href":"https:\/\/bruxelles-pantheres.be\/index.php?rest_route=\/wp\/v2\/media\/6216"}],"wp:attachment":[{"href":"https:\/\/bruxelles-pantheres.be\/index.php?rest_route=%2Fwp%2Fv2%2Fmedia&parent=6215"}],"wp:term":[{"taxonomy":"category","embeddable":true,"href":"https:\/\/bruxelles-pantheres.be\/index.php?rest_route=%2Fwp%2Fv2%2Fcategories&post=6215"},{"taxonomy":"post_tag","embeddable":true,"href":"https:\/\/bruxelles-pantheres.be\/index.php?rest_route=%2Fwp%2Fv2%2Ftags&post=6215"}],"curies":[{"name":"wp","href":"https:\/\/api.w.org\/{rel}","templated":true}]}}