{"id":622,"date":"2013-01-08T18:42:25","date_gmt":"2013-01-08T17:42:25","guid":{"rendered":"https:\/\/bruxelles-pantheres.be\/?p=622"},"modified":"2013-11-10T18:45:27","modified_gmt":"2013-11-10T17:45:27","slug":"appel-a-rejoindre-le-rassemblement-devant-lambassade-du-chili","status":"publish","type":"post","link":"https:\/\/bruxelles-pantheres.be\/?p=622","title":{"rendered":"Appel \u00e0 rejoindre le rassemblement devant l\u2019ambassade du Chili"},"content":{"rendered":"<header><\/header>\n<p>Alors de la tentative de mobilisation du 14N, des prisonniers politiques Mapuche entraient en gr\u00e8ve de la faim\u2026 aujourd\u2019hui 3 janvier 2013, 5 ans apr\u00e8s l\u2019assassinat de Matias Katrileo, ils le sont toujours\u2026 en gr\u00e8ve de la faim\u2026 encore aujourd\u2019hui<\/p>\n<p>Appel \u00e0 rejoindre le rassemblement devant l\u2019ambassade du Chili<!--more--><\/p>\n<p>Alors de la tentative de mobilisation du 14N, des prisonniers politiques Mapuche entraient en gr\u00e8ve de la faim\u2026 aujourd\u2019hui 3 janvier 2013, 5 ans apr\u00e8s l\u2019assassinat de Matias Katrileo, ils le sont toujours\u2026 en gr\u00e8ve de la faim\u2026<\/p>\n<p>La militarisation des territoires Mapuche s\u2019intensifie et l\u2019Araucania est en \u00e9tat de si\u00e8ge.<\/p>\n<p>Un rassemblement est organis\u00e9 ce jeudi 10 janvier \u00e0 17h devant l\u2019ambassade du Chili, o\u00f9 des organisations chiliennes de Belgique remettront une lettre de revendications \u00e9manant de la CECT Chile et de la Pastoral Mapuche.<\/p>\n<p>Fewla a d\u00e9cid\u00e9 de rejoindre cette mobilisation et demande votre pr\u00e9sence en force pour soutenir la lutte Mapuche, lutte anti-capitaliste de 5 si\u00e8cles, quand l\u2019\u00e9tat chilien tente \u00e0 nouveau de l\u00e9gitimer une guerre sale, un nettoyage ethnique contre le peuple Mapuche; et demander la lib\u00e9ration de tous les prisonniers politiques mapuche.<\/p>\n<p>FEWLA<br \/>\nsoutien actif \u00e0 la lutte du peuple Mapuche<\/p>\n<h3>Liens:<\/h3>\n<p><img decoding=\"async\" alt=\"Link_go\" src=\"http:\/\/bxl.indymedia.org\/images\/link_go.png?1281419925\" \/> <a href=\"http:\/\/bxl.indymedia.org\/articles\/www.fewla.be\">FEWLA \/ soutien actif \u00e0 la lutte du peuple Mapuche<\/a><\/p>\n<p><img decoding=\"async\" alt=\"Email\" src=\"http:\/\/bxl.indymedia.org\/images\/email.png?1281419925\" \/> <em>Adresse e-mail de contact:<\/em> <a href=\"mailto:fewla.be@gmail.com\">fewla.be@gmail.com<\/a><\/p>\n<p><a href=\"https:\/\/www.facebook.com\/events\/425461310857078\/\"><strong>Rassemblement devant l\u2019ambassade du Chili\u00a0ce jeudi 10 janvier \u00e0 17h00<\/strong><\/a><\/p>\n<ul>\n<li>\n<table cellspacing=\"0\" cellpadding=\"0\">\n<tbody>\n<tr>\n<td>\n<div><img decoding=\"async\" title=\"O\u00f9\" alt=\"\" src=\"https:\/\/fbstatic-a.akamaihd.net\/rsrc.php\/v2\/yj\/r\/CkUsr6b1mSA.png\" width=\"16\" height=\"16\" \/><\/div>\n<\/td>\n<td>\n<div id=\"u_8_2\">106, rue Des Aduatiques<wbr \/> 1040 Bruxelles,<wbr \/> Belgique. M\u00e9tro Montgomery<\/div>\n<\/td>\n<\/tr>\n<\/tbody>\n<\/table>\n<\/li>\n<li>\n<table cellspacing=\"0\" cellpadding=\"0\">\n<tbody>\n<tr>\n<td>\n<div><img decoding=\"async\" title=\"Description\" alt=\"\" src=\"https:\/\/fbstatic-a.akamaihd.net\/rsrc.php\/v2\/yT\/r\/K6_TY47YS3x.png\" width=\"16\" height=\"16\" \/><\/div>\n<\/td>\n<td>\n<div id=\"id_50ec8cef9b4331757700126\">Lors de la manifestation sera remise \u00e0 l\u2019ambassadeur; la d\u00e9claration suivante qui propose une solution politique \u00e0 la gr\u00e8ve de la faim qui a d\u00e9but\u00e9 le 14 Novembre 2012.<br \/>\nOrganise: Comabe, avec le soutien du Colectivo Rodriguista, Arlac, Centro Cultural Chile, Colectivo Zudaka.APPEL \u00c0 UNE INITIATIVE HUMANITAIRE POUR CONTRIBUER \u00c0 LA FIN DE LA GR\u00c8VE DE LA FAIM D\u2019HECTOR LLAITUL ET DE RAM\u00d3N LLANQUILEOLa gr\u00e8ve de la faim est un ultime recours pour celui qui voit le dialogue raisonnable rendu impossible.<\/p>\n<p>C\u2019est la situation dans laquelle se trouvent actuellement les dirigeants de la Coordinadora Arauco Malleco (CAM), H\u00e9ctor Llaitul et Ram\u00f3n Llanquileo qui, depuis le 14 novembre 2012, se sont engag\u00e9s \u00e0 obtenir le r\u00e9examen de leur situation juridique \u00e0 la suite d\u2019une sentence pour tentative d\u2019homicide.<\/p>\n<p>La r\u00e9vision de cette d\u00e9cision par la Cour Supr\u00eame a abouti \u00e0 la reconnaissance de divers facteurs, entra\u00eenant la r\u00e9duction des peines, mais nous pensons que cela ne touche pas \u00e0 l\u2019essence m\u00eame de la demande que les gr\u00e9vistes ont adress\u00e9e \u00e0 l\u2019Etat chilien et \u00e0 la soci\u00e9t\u00e9 chilienne, au prix de leur sant\u00e9, voire de leur vie.<\/p>\n<p>Cette revendication est fond\u00e9e sur la n\u00e9cessit\u00e9 urgente que le Chili reconnaisse un fait pleinement document\u00e9 et que Jorge Pinto Rodriguez, r\u00e9cent Prix National d\u2019Histoire, a tr\u00e8s clairement exprim\u00e9 dans une interview donn\u00e9e \u00e0 El Mercurio, le 2 septembre 2012, o\u00f9 il affirmait en se r\u00e9f\u00e9rant \u00e0 la CAM : \u00ab Je consid\u00e8re que leurs revendications sont l\u00e9gitimes car elles s\u2019inspirent de cette longue histoire d\u2019abus, de violences et d\u2019expropriations de terres qui ont tellement appauvri les Mapuche \u00bb.<\/p>\n<p>Le \u00ab probl\u00e8me Mapuche \u00bb n\u2019est donc pas un th\u00e8me simplement policier ou juridique, c\u2019est un th\u00e8me politique qui implique de reconna\u00eetre que les Mapuche sont engag\u00e9s dans une cause fond\u00e9e sur l\u2019occupation abusive par le Chili de leur territoire, au sud du Bio-Bio, occupation que le Chili n\u2019est pas, jusqu\u2019\u00e0 maintenant, dispos\u00e9 \u00e0 reconna\u00eetre ou \u00e0 r\u00e9parer.<\/p>\n<p>Ceci implique que ni Llaitul ni Llanquileo puissent \u00eatre trait\u00e9s comme des d\u00e9linquants et encore moins comme des terroristes ; les maintenir dans cette condition rend chaque jour plus difficile de mener \u00e0 bien le dialogue en attente entre la Nation chilienne et le peuple Mapuche. C\u2019est pourquoi nous proposons au pays un chemin de paix et de justice avec les recommandations suivantes :<\/p>\n<p>1.- La libert\u00e9 imm\u00e9diate et inconditionnelle d\u2019H\u00e9ctor Llaitul et de Ram\u00f3n Llanquileo afin de mettre fin \u00e0 leur gr\u00e8ve de la faim.<\/p>\n<p>2.- La cr\u00e9ation d\u2019une instance de dialogue entre l\u2019Etat chilien et les repr\u00e9sentants l\u00e9gitimes du peuple Mapuche.<\/p>\n<p>3.- La d\u00e9finition d\u2019un agenda commun qui puisse d\u00e9boucher sur un accord qui tienne compte de l\u2019autod\u00e9termination et des formes de repr\u00e9sentation et d\u2019autonomie gouvernementale du peuple Mapuche.<\/p>\n<p>4.- La r\u00e9cup\u00e9ration par les communaut\u00e9s des territoires Mapuche qui, dans leur grande majorit\u00e9, se trouvent entre les mains des entreprises foresti\u00e8res, et la reconnaissance du Trait\u00e9 de Tapihue de 1825, en vigueur mais non respect\u00e9 par l\u2019Etat chilien, en appliquant le principe de<\/p>\n<p>\u00ab\u00a0pacta sunt servanda\u00a0\u00bb, ce qui veut dire que les trait\u00e9s doivent \u00eatre respect\u00e9s, comme l\u2019a fait le Chili pour tout conflit international.<\/p>\n<p>5.- La promulgation urgente d\u2019une loi d\u2019amnistie g\u00e9n\u00e9rale des prisonniers, pour ce conflit territorial et, dans l\u2019imm\u00e9diat, la mise en place d\u2019un proc\u00e8s \u00e9quitable dans les affaires judiciaires, la fin de l\u2019actuelle prison pr\u00e9ventive prolong\u00e9e et ill\u00e9gale et l\u2019acc\u00e8s r\u00e9el \u00e0 la d\u00e9fense et \u00e0 la justice pour tous les membres des peuples originaires d\u00e9tenus et inculp\u00e9s pour la d\u00e9fense de leurs terres.<\/p>\n<p>6.- Le plein respect de la Convention 169 de l\u2019OIT, sign\u00e9e et ratifi\u00e9e par le Chili, afin que les peuples originaires soient effectivement consult\u00e9s sur les politiques, programmes sociaux et d\u2019investissement les concernant.<\/p>\n<p>7.- La protection de l\u2019int\u00e9grit\u00e9 physique et psychique de l\u2019enfance mapuche et l\u2019application de tous les engagements pris par l\u2019Etat chilien, devant la sc\u00e8ne internationale, en mati\u00e8re des Droits de l\u2019Homme.<\/p>\n<p>Il nous semble que toute tentative de dialogue d\u2019un organisme de l\u2019Etat ou d\u2019une instance gouvernementale, si bien intentionn\u00e9e soit-elle, n\u2019aboutira pas si elle ne tient pas compte de ces points et ne prend pas en charge la demande principale du mouvement et la r\u00e9paration du pr\u00e9judice caus\u00e9 par la criminalisation de ces revendications.<\/p>\n<p>T\u00f4t ou tard le pays et le gouvernement en place devront avoir le courage de marcher dans cette direction.<\/p>\n<p>Santiago, 27 d\u00e9cembre 2012, \u00e0 44 jours du d\u00e9but de la gr\u00e8ve de la faim<\/p>\n<p>Signataires du pr\u00e9sent appel :<\/p>\n<p>\u25ba Jorge Pinto Rodr\u00edguez, Prix national d\u2019Histoire, 2012.<br \/>\n\u25ba Luis \u00c1lvarez Figueroa, Pasteur Pr\u00e9sident de l\u2019Eglise \u00e9vang\u00e9lique luth\u00e9rienne au Chili.<br \/>\n\u25ba Jos\u00e9 Balmes Parr\u00f3n, Prix national d\u2019Art, 1998.<br \/>\n\u25ba Juan Pablo C\u00e1rdenas Squella, Prix national de Journalisme, 2005.<br \/>\n\u25ba Ra\u00fal De la Puente Pe\u00f1a, Professeur d\u2019Etat, Pr\u00e9sident Nacional de l\u2019ANEF.<br \/>\n\u25ba Viviana D\u00edaz Caro, Prix national des Droits de l\u2019Homme.<br \/>\n\u25ba Andr\u00e9s Fielbaum, Pr\u00e9sident de la F\u00e9d\u00e9ration des Etudiants de l\u2019Universit\u00e9 du Chili, FECH.<br \/>\n\u25ba Sergio Grez Toso, Historien et Professeur de l\u2019Universit\u00e9 du Chili.<br \/>\n\u25ba Juan Guzm\u00e1n Tapia, Juriste, ancien Procureur de la R\u00e9publique.<br \/>\n\u25ba Enrique Paris Mancilla, Pr\u00e9sident de l\u2019Ordre des M\u00e9decins du Chili.<br \/>\n\u25ba Armando Uribe Arce, Diplomate, Prix national de Litt\u00e9rature, 2004.<br \/>\n\u25ba Diego Vela Grau, Dirigeant de la F\u00e9d\u00e9ration des Etudiants de l\u2019Universit\u00e9 Catholique, FEUC.<br \/>\n\u25ba Pastorale Mapuche.<br \/>\n\u25ba Commission Ethique Contre la Torture.<\/p>\n<p>\u2014\u2014\u2014\u2014\u2014\u2014\u2014\u2014\u2013<wbr \/>\u2014\u2014\u2014\u2014\u2014\u2014\u2014\u2014\u2013<wbr \/>\u2014\u2014\u2014\u2014-<br \/>\nManifestaci\u00f3n de solidaridad con la huelga de los presos pol\u00edticos Mapuche \u2013 jeudi 10 janvier 2013 17:00<br \/>\nEmbajada de Chile en B\u00e9lgica. 106, rue Des Aduatiques 1040 Bruxelles. Metro Montgomery<\/p>\n<p>En el marco de la manifestaci\u00f3n se entregar\u00e1 al embajador la siguiente declaraci\u00f3n que propone una soluci\u00f3n pol\u00edtica a la huelga de hambre, que se inici\u00f3 el 14 de noviembre 2012. Organiza: Comabe, con el apoyo del Colectivo Rodriguista, Arlac, Centro Cultural Chile, Colectivo Zudaka.<\/p>\n<p>A continuaci\u00f3n, el texto completo de la Iniciativa, suscrita el 27 de diciembre de 2012 a 43 d\u00edas del comienzo de la huelga de hambre:<\/p>\n<p>LLAMADO A UNA INICIATIVA HUMANITARIA PARA CONTRIBUIR AL T\u00c9RMINO<\/p>\n<p>DE LA HUELGA DE HAMBRE DE HECTOR LLAITUL Y RAM\u00d3N LLANQUILEO<\/p>\n<p>La huelga de hambre es un recurso extremo al que recurre alguien al ver que el di\u00e1logo razonable no opera.<\/p>\n<p>Esta es la situaci\u00f3n en que se encuentran ahora los dirigentes de la Coordinadora Arauco Malleco (CAM) H\u00e9ctor Llaitul y Ram\u00f3n Llanquileo, quienes desde el d\u00eda 14 de noviembre de 2012 se encuentran empe\u00f1ados en conseguir una reconsideraci\u00f3n de su situaci\u00f3n legal despu\u00e9s de una sentencia por homicidio frustrado.<\/p>\n<p>La revisi\u00f3n de esta sentencia por parte de la Corte Suprema ha logrado que se reconocieran diversos factores, con resultado de reducci\u00f3n de penas, pero creemos que con esto no se toca la esencia del reclamo que los huelguistas est\u00e1n dirigiendo al Estado chileno y a la sociedad chilena, al costo de su salud y eventualmente de sus vidas.<\/p>\n<p>Este reclamo se refiere a la necesidad perentoria de que Chile reconozca algo que est\u00e1 plenamente documentado y que muy claramente lo ha expresado el reci\u00e9n laureado con el Premio Nacional de Historia, Jorge Pinto Rodr\u00edguez en entrevista en El Mercurio del d\u00eda 2 de septiembre de 2012, donde afirma, refiri\u00e9ndose a la CAM: \u201cconsidero que sus demandas son leg\u00edtimas, porque se inspiran en esa larga historia de abusos, atropellos y expropiaciones de tierras que tanto empobrecieron al Mapuche\u201d.<\/p>\n<p>El \u201cproblema Mapuche\u201d entonces no es un tema simplemente policial o jur\u00eddico; es un tema pol\u00edtico que implica reconocer que los Mapuche est\u00e1n embarcados en una causa que brota de la ocupaci\u00f3n abusiva que hizo Chile de su territorio al sur del B\u00edo-B\u00edo, ocupaci\u00f3n de la cual Chile hasta ahora no ha estado dispuesto a dar raz\u00f3n ni reparaci\u00f3n.<\/p>\n<p>Esto implica que ni Llaitul ni Llanquileo puedan ser tratados como delincuentes y mucho menos como terroristas y al mantenerlos en esa condici\u00f3n se hace que cada d\u00eda sea m\u00e1s dif\u00edcil llevar adelante el di\u00e1logo que est\u00e1 pendiente entre la Naci\u00f3n chilena y el pueblo Mapuche. Por lo tanto ponemos a consideraci\u00f3n del pa\u00eds un camino de paz y de justicia bajo los siguientes predicamentos:<\/p>\n<p>1.- La libertad inmediata e incondicional de H\u00e9ctor Llaitul y Ram\u00f3n Llanquileo como forma de terminar con la huelga de hambre.<\/p>\n<p>2.- Creaci\u00f3n de una instancia de di\u00e1logo entre el Estado chileno y los representantes leg\u00edtimos del pueblo Mapuche.<\/p>\n<p>3.- Definici\u00f3n de una agenda com\u00fan que pueda desembocar en un acuerdo que considere la autodeterminaci\u00f3n y formas de representaci\u00f3n y autogobierno del pueblo Mapuche.<\/p>\n<p>4.- Recuperar para las comunidades los territorios Mapuche que en su gran mayor\u00eda se encuentran en manos de las forestales y reconocimiento del Tratado de Tapihue de 1825, vigente y no respetado por el Estado Chileno, aplic\u00e1ndose el principio \u00ab\u00a0pacta sunt servanda \u00ab\u00a0; vale decir, los tratados se deben respetar tal como ha sido la l\u00ednea de Chile para todo conflicto internacional.<\/p>\n<p>5.- Promover con urgencia una ley de indulto general a los presos por este conflicto territorial y, en lo inmediato, la consagraci\u00f3n del debido proceso en las causas judiciales, t\u00e9rmino de la actual prisi\u00f3n preventiva prolongada e ilegal y acceso real a la defensa y a la Justicia para todos los integrantes de los pueblos originarios detenidos y procesados por defender sus tierras.<\/p>\n<p>6.- Pleno respeto al Convenio 169 de la OIT, firmado y ratificado por Chile a fin que los pueblos originarios sean efectivamente consultados sobre las pol\u00edticas y programas sociales y de inversi\u00f3n que les conciernen.<\/p>\n<p>7.- Resguardo de la integridad f\u00edsica y ps\u00edquica de la ni\u00f1ez mapuche y cumplimiento de todos los compromisos establecidos por el Estado chileno ante el concierto internacional en materia de Derechos Humanos.<\/p>\n<p>Nos parece que todo intento de di\u00e1logo por parte de alg\u00fan organismo del Estado u oficina del Gobierno, por bien intencionado que sea, no llegar\u00e1 a buen puerto sino considera estos puntos, porque no se hace cargo de la demanda principal del movimiento y de la reparaci\u00f3n del da\u00f1o causado con la criminalizaci\u00f3n de estas demandas.<\/p>\n<p>Tarde o temprano el pa\u00eds y el gobierno de turno tendr\u00e1n que tener el valor de caminar en esa direcci\u00f3n.<\/p>\n<p>Santiago, 27 de diciembre de 2012 a 43 d\u00edas del comienzo de la huelga de hambre.<\/p>\n<p>Firman el presente llamado:<\/p>\n<p>\u25ba Jorge Pinto Rodr\u00edguez, Premio Nacional de Historia 2012.<br \/>\n\u25ba Luis \u00c1lvarez Figueroa, Pastor Presidente Iglesia Evang\u00e9lica Luterana en Chile.<br \/>\n\u25ba Jos\u00e9 Balmes Parr\u00f3n, Premio Nacional de Arte 1998.<br \/>\n\u25ba Juan Pablo C\u00e1rdenas Squella, Premio Nacional de Periodismo 2005.<br \/>\n\u25ba Ra\u00fal De la Puente Pe\u00f1a, Profesor de Estado, Presidente Nacional de la ANEF.<br \/>\n\u25ba Viviana D\u00edaz Caro, Premio Nacional de Derechos Humanos 2011.<br \/>\n\u25ba Andr\u00e9s Fielbaum, Presidente de la Federaci\u00f3n de Estudiantes de la Universidad de Chile, FECH.<br \/>\n\u25ba Sergio Grez Toso, Historiador y Acad\u00e9mico de la Universidad de Chile.<br \/>\n\u25ba Juan Guzm\u00e1n Tapia, Jurista, ex Juez de la Rep\u00fablica.<br \/>\n\u25ba Enrique Paris Mancilla, Presidente del Colegio M\u00e9dico de Chile<br \/>\n\u25ba Armando Uribe Arce, Diplom\u00e1tico, Premio Nacional de Literatura 2004.<br \/>\n\u25ba Diego Vela Grau, Directiva Federaci\u00f3n de Estudiantes de la Universidad Cat\u00f3lica \u2013 FEUC.<br \/>\n\u25ba Pastoral Mapuche<br \/>\n\u25ba Comisi\u00f3n \u00c9tica Contra la Tortura<\/p>\n<\/div>\n<\/td>\n<\/tr>\n<\/tbody>\n<\/table>\n<\/li>\n<\/ul>\n","protected":false},"excerpt":{"rendered":"<p>Alors de la tentative de mobilisation du 14N, des prisonniers politiques Mapuche entraient en gr\u00e8ve de la faim\u2026 aujourd\u2019hui 3 janvier 2013, 5 ans apr\u00e8s l\u2019assassinat de Matias Katrileo, ils le sont toujours\u2026 en gr\u00e8ve de la faim\u2026 encore aujourd\u2019hui Appel \u00e0 rejoindre le rassemblement devant l\u2019ambassade du Chili<\/p>\n","protected":false},"author":1,"featured_media":623,"comment_status":"open","ping_status":"open","sticky":false,"template":"","format":"standard","meta":{"footnotes":""},"categories":[35,21,18,28],"tags":[15,29],"class_list":["post-622","post","type-post","status-publish","format-standard","has-post-thumbnail","hentry","category-amerique-du-sud","category-anti-imperialisme","category-resistance-bruxelles","category-racismes","tag-resistance","tag-torture"],"_links":{"self":[{"href":"https:\/\/bruxelles-pantheres.be\/index.php?rest_route=\/wp\/v2\/posts\/622","targetHints":{"allow":["GET"]}}],"collection":[{"href":"https:\/\/bruxelles-pantheres.be\/index.php?rest_route=\/wp\/v2\/posts"}],"about":[{"href":"https:\/\/bruxelles-pantheres.be\/index.php?rest_route=\/wp\/v2\/types\/post"}],"author":[{"embeddable":true,"href":"https:\/\/bruxelles-pantheres.be\/index.php?rest_route=\/wp\/v2\/users\/1"}],"replies":[{"embeddable":true,"href":"https:\/\/bruxelles-pantheres.be\/index.php?rest_route=%2Fwp%2Fv2%2Fcomments&post=622"}],"version-history":[{"count":2,"href":"https:\/\/bruxelles-pantheres.be\/index.php?rest_route=\/wp\/v2\/posts\/622\/revisions"}],"predecessor-version":[{"id":625,"href":"https:\/\/bruxelles-pantheres.be\/index.php?rest_route=\/wp\/v2\/posts\/622\/revisions\/625"}],"wp:featuredmedia":[{"embeddable":true,"href":"https:\/\/bruxelles-pantheres.be\/index.php?rest_route=\/wp\/v2\/media\/623"}],"wp:attachment":[{"href":"https:\/\/bruxelles-pantheres.be\/index.php?rest_route=%2Fwp%2Fv2%2Fmedia&parent=622"}],"wp:term":[{"taxonomy":"category","embeddable":true,"href":"https:\/\/bruxelles-pantheres.be\/index.php?rest_route=%2Fwp%2Fv2%2Fcategories&post=622"},{"taxonomy":"post_tag","embeddable":true,"href":"https:\/\/bruxelles-pantheres.be\/index.php?rest_route=%2Fwp%2Fv2%2Ftags&post=622"}],"curies":[{"name":"wp","href":"https:\/\/api.w.org\/{rel}","templated":true}]}}