{"id":6222,"date":"2025-02-19T14:49:14","date_gmt":"2025-02-19T13:49:14","guid":{"rendered":"https:\/\/bruxelles-pantheres.be\/?p=6222"},"modified":"2025-02-25T14:56:53","modified_gmt":"2025-02-25T13:56:53","slug":"leonard-peltier-enfin-libre","status":"publish","type":"post","link":"https:\/\/bruxelles-pantheres.be\/?p=6222","title":{"rendered":"Leonard Peltier, enfin libre"},"content":{"rendered":"<p>Ce\u00a0militant autochtone et prisonnier politique am\u00e9rindien, a \u00e9t\u00e9 lib\u00e9r\u00e9 le 18 f\u00e9vrier apr\u00e8s 49 ans d\u2019incarc\u00e9ration.\u00a0\u00ab Je suis enfin libre ! Ils m\u2019ont emprisonn\u00e9, mais ils n\u2019ont jamais pris mon esprit ! \u00bb a d\u00e9clar\u00e9 Leonard Peltier \u00e0 sa sortie de prison. Ajoutant \u00ab Je remercie tous ceux qui m\u2019ont soutenu dans le monde entier et qui se sont battus pour ma lib\u00e9ration. Je rentre enfin chez moi. J\u2019ai h\u00e2te de revoir mes amis, ma famille et ma communaut\u00e9. C\u2019est une belle journ\u00e9e aujourd\u2019hui \u00bb.\u00a0Leonard a rejoint sa tribu indienne\u00a0<em>Chippewa de Turtle Mountain<\/em>\u00a0et r\u00e9sidera sur ses terres dans le Dakota du Nord. <!--more--><\/p>\n<header class=\"blog-header\">\n<h3>Communiqu\u00e9s de Presse<\/h3>\n<blockquote>\n<h4>Leonard Peltier lib\u00e9r\u00e9 apr\u00e8s 49 ans d&rsquo;incarc\u00e9ration injustifi\u00e9e<\/h4>\n<\/blockquote>\n<p class=\"gt-block byline\">Par Collectif NDN\u00a0<span class=\"bullet\">\u2022<\/span>\u00a0<span class=\"posted-date\"><i class=\"fa fa-calendar-o\"><\/i> 18 f\u00e9vrier 2025<\/span><\/p>\n<\/header>\n<article id=\"post-60451\" class=\"post-single clearfix post-60451 post type-post status-publish format-standard has-post-thumbnail hentry category-press-release tag-ndn-actions tag-free-leonard-peltier\">\n<div class=\"entry-content\">\n<div class=\"post-excerpt\">\n<h4 class=\"wp-block-heading has-text-align-left has-vivid-red-color has-text-color has-link-color wp-elements-3e484febc83790a6a4aee998a90c6a75\" style=\"text-align: center;\">POUR PUBLICATION IMM\u00c9DIATE: F\u00e9vrier 18, 2025<\/h4>\n<p class=\"gt-block\"><strong>Sumterville, Floride<\/strong>\u00a0\u2013 Ce matin, Leonard Peltier a \u00e9t\u00e9 lib\u00e9r\u00e9 apr\u00e8s plus de 49 ans d\u2019incarc\u00e9ration injustifi\u00e9e. M. Peltier est un citoyen inscrit de la bande indienne Chippewa de Turtle Mountain et r\u00e9sidera sur ses terres tribales dans le Dakota du Nord.<\/p>\n<p class=\"gt-block\">\u00c0 la demande de Peltier, le collectif NDN le ram\u00e8ne chez lui dans la communaut\u00e9 de Turtle Mountain. Le collectif NDN et ses partenaires se sont appuy\u00e9s sur cinq d\u00e9cennies d&rsquo;organisation et ont men\u00e9 le plaidoyer qui a permis la lib\u00e9ration de Peltier. Demain, l&rsquo;organisation sera\u00a0<a href=\"https:\/\/ndncollective.org\/fr\/ndn-collective-to-host-welcome-home-event-for-leonard-peltier\/\" target=\"_blank\" rel=\"noreferrer noopener\">organiser un \u00e9v\u00e9nement festif<\/a>\u00a0et un flux communautaire pour souhaiter la bienvenue \u00e0 Peltier de retour dans son pays natal.<\/p>\n<p class=\"gt-block\">\u00ab Aujourd\u2019hui, je suis enfin libre ! Ils m\u2019ont peut-\u00eatre emprisonn\u00e9, mais ils n\u2019ont jamais pris mon esprit ! \u00bb\u00a0<strong>a d\u00e9clar\u00e9 Leonard Peltier.\u00a0<\/strong>\u00ab Je remercie tous ceux qui m\u2019ont soutenu dans le monde entier et qui se sont battus pour ma libert\u00e9. Je rentre enfin chez moi. J\u2019ai h\u00e2te de revoir mes amis, ma famille et ma communaut\u00e9. C\u2019est une belle journ\u00e9e aujourd\u2019hui. \u00bb<\/p>\n<div class=\"wp-block-image\" style=\"text-align: left;\">\n<figure class=\"aligncenter size-large\"><img decoding=\"async\" class=\"wp-image-60435 aligncenter\" src=\"https:\/\/ndncollective.sfo3.digitaloceanspaces.com\/wp-content\/uploads\/2025\/02\/18154821\/LP-Release-Photo-by-Angel-White-Eyes-3-819x1024.jpg\" sizes=\"(max-width: 819px) 100vw, 819px\" srcset=\"https:\/\/ndncollective.sfo3.digitaloceanspaces.com\/wp-content\/uploads\/2025\/02\/18154821\/LP-Release-Photo-by-Angel-White-Eyes-3-819x1024.jpg 819w, https:\/\/ndncollective.sfo3.digitaloceanspaces.com\/wp-content\/uploads\/2025\/02\/18154821\/LP-Release-Photo-by-Angel-White-Eyes-3-240x300.jpg 240w, https:\/\/ndncollective.sfo3.digitaloceanspaces.com\/wp-content\/uploads\/2025\/02\/18154821\/LP-Release-Photo-by-Angel-White-Eyes-3-768x960.jpg 768w, https:\/\/ndncollective.sfo3.digitaloceanspaces.com\/wp-content\/uploads\/2025\/02\/18154821\/LP-Release-Photo-by-Angel-White-Eyes-3-1229x1536.jpg 1229w, https:\/\/ndncollective.sfo3.digitaloceanspaces.com\/wp-content\/uploads\/2025\/02\/18154821\/LP-Release-Photo-by-Angel-White-Eyes-3-1638x2048.jpg 1638w, https:\/\/ndncollective.sfo3.digitaloceanspaces.com\/wp-content\/uploads\/2025\/02\/18154821\/LP-Release-Photo-by-Angel-White-Eyes-3-scaled.jpg 2048w\" alt=\"\" width=\"819\" height=\"1024\" \/><figcaption class=\"wp-element-caption\">Photo de Angel White Eyes pour NDN Collective<\/figcaption><\/figure>\n<\/div>\n<p class=\"gt-block\">\u00ab Leonard Peltier est libre ! Il n\u2019a jamais renonc\u00e9 \u00e0 se battre pour sa libert\u00e9, et nous n\u2019avons donc jamais renonc\u00e9 \u00e0 nous battre pour lui. Aujourd\u2019hui, notre a\u00een\u00e9 Leonard Peltier marche dans les bras ouverts de son peuple. \u00bb\u00a0<strong>dit<\/strong>\u00a0<strong>Nick Tilsen, fondateur et PDG de NDN Collective.<\/strong>\u00a0\u00ab La lib\u00e9ration de Peltier est inestimable en soi. Pourtant, tout comme son incarc\u00e9ration injustifi\u00e9e repr\u00e9sentait l\u2019oppression des peuples autochtones partout dans le monde, sa lib\u00e9ration aujourd\u2019hui est un symbole de notre pouvoir collectif et de notre libert\u00e9 inh\u00e9rente. \u00bb<\/p>\n<div class=\"wp-block-image\">\n<figure class=\"aligncenter size-large\"><img decoding=\"async\" class=\"wp-image-60433 aligncenter\" src=\"https:\/\/ndncollective.sfo3.digitaloceanspaces.com\/wp-content\/uploads\/2025\/02\/18154722\/LP-Release-Photo-by-Angel-White-Eyes-5-1024x576.jpg\" sizes=\"(max-width: 1024px) 100vw, 1024px\" srcset=\"https:\/\/ndncollective.sfo3.digitaloceanspaces.com\/wp-content\/uploads\/2025\/02\/18154722\/LP-Release-Photo-by-Angel-White-Eyes-5-1024x576.jpg 1024w, https:\/\/ndncollective.sfo3.digitaloceanspaces.com\/wp-content\/uploads\/2025\/02\/18154722\/LP-Release-Photo-by-Angel-White-Eyes-5-300x169.jpg 300w, https:\/\/ndncollective.sfo3.digitaloceanspaces.com\/wp-content\/uploads\/2025\/02\/18154722\/LP-Release-Photo-by-Angel-White-Eyes-5-768x432.jpg 768w, https:\/\/ndncollective.sfo3.digitaloceanspaces.com\/wp-content\/uploads\/2025\/02\/18154722\/LP-Release-Photo-by-Angel-White-Eyes-5-1536x864.jpg 1536w, https:\/\/ndncollective.sfo3.digitaloceanspaces.com\/wp-content\/uploads\/2025\/02\/18154722\/LP-Release-Photo-by-Angel-White-Eyes-5.jpg 1920w\" alt=\"\" width=\"1024\" height=\"576\" \/><figcaption class=\"wp-element-caption\">Photo de Angel White Eyes pour NDN Collective<\/figcaption><\/figure>\n<\/div>\n<p class=\"gt-block\">\u00ab Ce moment n&rsquo;aurait pas eu lieu sans la r\u00e9ponse de la secr\u00e9taire d&rsquo;\u00c9tat Deb Haaland et du pr\u00e9sident Biden aux appels \u00e0 la lib\u00e9ration de Peltier qui ont r\u00e9sonn\u00e9 \u00e0 travers des g\u00e9n\u00e9rations d&rsquo;organisations populaires \u00bb,\u00a0<strong>dit<\/strong>\u00a0<strong>Holly Cook Macarro, Affaires gouvernementales pour NDN Collective.\u00a0<\/strong>\u00ab Aujourd&rsquo;hui, nous rendons hommage aux nombreuses voix qui se sont battues sans rel\u00e2che pour la libert\u00e9 et la justice de Peltier. \u00bb<\/p>\n<p class=\"gt-block has-text-align-center\"><strong>###<\/strong><\/p>\n<p class=\"gt-block has-text-align-center\"><a href=\"https:\/\/ndncollective.org\/fr\"><em>NDN Collective<\/em><\/a><em>\u00a0est une organisation dirig\u00e9e par des Autochtones et qui se consacre au renforcement du pouvoir autochtone. Gr\u00e2ce \u00e0 l\u2019organisation, \u00e0 l\u2019activisme, \u00e0 la philanthropie, \u00e0 l\u2019octroi de bourse, au renforcement des capacit\u00e9s et au changement narratif, nous cr\u00e9ons des solutions durables selon les conditions autochtones.<\/em><\/p>\n<hr class=\"wp-block-separator has-alpha-channel-opacity is-style-wide\" \/>\n<pre class=\"wp-block-heading has-text-align-center has-black-color has-text-color has-link-color wp-elements-55804568400d658dfc8c8694915dc782\">POUR DEMANDER UN ENTREVUE CONTACTER : press@ndncollective.org<\/pre>\n<p><em>Sa communaut\u00e9 l\u2019a accueilli lors d\u2019une c\u00e9r\u00e9monie tribale particuli\u00e8rement \u00e9mouvante que nous partageons avec vous :<\/em><\/p>\n<\/div>\n<\/div>\n<\/article>\n<p><iframe title=\"YouTube video player\" src=\"https:\/\/www.youtube.com\/embed\/t_ve1WrKY6k?si=3kzS4-CGNW6tVEqx\" width=\"560\" height=\"315\" frameborder=\"0\" allowfullscreen=\"allowfullscreen\"><\/iframe><\/p>\n<p>Mumia Abu-Jamal a salu\u00e9 la lib\u00e9ration de Leonard Peltier en ces termes :\u00a0 \u00ab On se souviendra de lui comme d\u2019un guerrier pour son peuple, d\u2019un artiste fantastique et d\u2019un homme qui est rest\u00e9 fid\u00e8le \u00e0 lui-m\u00eame malgr\u00e9 toutes les infirmit\u00e9s du temps et de l\u2019\u00e2ge. Vous savez, les bonnes nouvelles arrivent parfois quand on s\u2019y attend le moins \u00bb.<\/p>\n","protected":false},"excerpt":{"rendered":"<p>Ce\u00a0militant autochtone et prisonnier politique am\u00e9rindien, a \u00e9t\u00e9 lib\u00e9r\u00e9 le 18 f\u00e9vrier apr\u00e8s 49 ans d\u2019incarc\u00e9ration.\u00a0\u00ab Je suis enfin libre ! Ils m\u2019ont emprisonn\u00e9, mais ils n\u2019ont jamais pris mon esprit ! \u00bb a d\u00e9clar\u00e9 Leonard Peltier \u00e0 sa sortie de prison. Ajoutant \u00ab Je remercie tous ceux qui m\u2019ont soutenu dans le monde entier &#8230; <a title=\"Leonard Peltier, enfin libre\" class=\"read-more\" href=\"https:\/\/bruxelles-pantheres.be\/?p=6222\" aria-label=\"En savoir plus sur Leonard Peltier, enfin libre\">Lire la suite<\/a><\/p>\n","protected":false},"author":1,"featured_media":6223,"comment_status":"open","ping_status":"open","sticky":false,"template":"","format":"standard","meta":{"footnotes":""},"categories":[21,8,18,28],"tags":[337],"class_list":["post-6222","post","type-post","status-publish","format-standard","has-post-thumbnail","hentry","category-anti-imperialisme","category-prisons","category-resistance-bruxelles","category-racismes","tag-leonard-peltier"],"_links":{"self":[{"href":"https:\/\/bruxelles-pantheres.be\/index.php?rest_route=\/wp\/v2\/posts\/6222","targetHints":{"allow":["GET"]}}],"collection":[{"href":"https:\/\/bruxelles-pantheres.be\/index.php?rest_route=\/wp\/v2\/posts"}],"about":[{"href":"https:\/\/bruxelles-pantheres.be\/index.php?rest_route=\/wp\/v2\/types\/post"}],"author":[{"embeddable":true,"href":"https:\/\/bruxelles-pantheres.be\/index.php?rest_route=\/wp\/v2\/users\/1"}],"replies":[{"embeddable":true,"href":"https:\/\/bruxelles-pantheres.be\/index.php?rest_route=%2Fwp%2Fv2%2Fcomments&post=6222"}],"version-history":[{"count":1,"href":"https:\/\/bruxelles-pantheres.be\/index.php?rest_route=\/wp\/v2\/posts\/6222\/revisions"}],"predecessor-version":[{"id":6224,"href":"https:\/\/bruxelles-pantheres.be\/index.php?rest_route=\/wp\/v2\/posts\/6222\/revisions\/6224"}],"wp:featuredmedia":[{"embeddable":true,"href":"https:\/\/bruxelles-pantheres.be\/index.php?rest_route=\/wp\/v2\/media\/6223"}],"wp:attachment":[{"href":"https:\/\/bruxelles-pantheres.be\/index.php?rest_route=%2Fwp%2Fv2%2Fmedia&parent=6222"}],"wp:term":[{"taxonomy":"category","embeddable":true,"href":"https:\/\/bruxelles-pantheres.be\/index.php?rest_route=%2Fwp%2Fv2%2Fcategories&post=6222"},{"taxonomy":"post_tag","embeddable":true,"href":"https:\/\/bruxelles-pantheres.be\/index.php?rest_route=%2Fwp%2Fv2%2Ftags&post=6222"}],"curies":[{"name":"wp","href":"https:\/\/api.w.org\/{rel}","templated":true}]}}