{"id":6228,"date":"2025-06-30T09:00:19","date_gmt":"2025-06-30T08:00:19","guid":{"rendered":"https:\/\/bruxelles-pantheres.be\/?p=6228"},"modified":"2025-02-26T09:50:42","modified_gmt":"2025-02-26T08:50:42","slug":"patrice-emery-lumumba-1925-1961-honneur-et-respect","status":"publish","type":"post","link":"https:\/\/bruxelles-pantheres.be\/?p=6228","title":{"rendered":"Patrice \u00c9mery Lumumba (1925-1961) : Honneur et Respect"},"content":{"rendered":"<p>Patrice Emery Lumumba (n\u00e9 le 2 juillet 1925) aura \u00e9t\u00e9 une \u00e9toile filante dans le ciel \u00a0de l\u2019Afrique \u00e0 peine ind\u00e9pendante. \u00c9lu Premier ministre en 1960, destitu\u00e9 quatre mois plus tard, il est assassin\u00e9 le 17 janvier 1961, suite \u00e0 un complot m\u00ealant la puissance coloniale belge, la CIA et les services secrets fran\u00e7ais. Ce que toutes ces puissances ne lui pardonnaient pas, c\u2019\u00e9tait de vouloir rompre avec le colonialisme qui, au Congo, fut particuli\u00e8rement f\u00e9roce. Patrice Lumumba a scell\u00e9 son destin le jour m\u00eame de l\u2019Ind\u00e9pendance, par son discours, non pr\u00e9vu. En disant la v\u00e9rit\u00e9 du colonialisme, il se condamnait \u00e0 mort.<\/p>\n<p><!--more--><\/p>\n<h3 style=\"text-align: center;\">Patrice \u00c9mery Lumumba (1925-1961) : Honneur et Respect<\/h3>\n<p style=\"text-align: center;\"><strong>Discours du 30 Juin 1960, jour de l&rsquo;ind\u00e9pendance du\u00a0Congo<\/strong><\/p>\n<p><iframe title=\"YouTube video player\" src=\"https:\/\/www.youtube.com\/embed\/DGdf7wX-E7g?si=r-mv-lLhZ-4X1GHQ\" width=\"560\" height=\"315\" frameborder=\"0\" allowfullscreen=\"allowfullscreen\"><\/iframe><\/p>\n<p>&nbsp;<\/p>\n<p>Le 30 juin 1960, jour de l&rsquo;ind\u00e9pendance du Congo, le Palais de la Nation \u00e0 L\u00e9opoldville (l&rsquo;actuelle Kinshasa) re\u00e7oit les\u00a0membres de la\u00a0famille royale belge dont le roi Baudoin 1er, des repr\u00e9sentants du gouvernement belge, des administrateurs coloniaux, le parlement congolais, la presse internationale pour c\u00e9l\u00e9brer cette nouvelle \u00e8re pour le Congo.\u00a0 L&rsquo;\u00e9v\u00e8nement est radiodiffus\u00e9 dans tout le pays et\u00a0couvert par la presse internationale. La foule\u00a0s&rsquo;amasse devant le Palais de la Nation pour assister \u00e0 un \u00e9v\u00e8nement historique. Le protocole voulait que le\u00a0roi Baudoin\u00a0puis le pr\u00e9sident Kasavubu fassent un discours pour l&rsquo;ind\u00e9pendance du Congo mais le Premier ministre Lumumba \u00e9lu par le parlement ne l&rsquo;entendit pas de cette oreille.<br \/>\nLe discours du roi des Belges,\u00a0Baudoin 1er,\u00a0fut un discours de l\u00e9gitimation de la colonisation, une v\u00e9ritable apologie de l&rsquo;\u0153uvre du\u00a0roi L\u00e9opold II.<\/p>\n<p><em>\u00ab\u00a0L&rsquo;ind\u00e9pendance du Congo constitue l&rsquo;aboutissement de l\u2019\u0153uvre con\u00e7ue par le g\u00e9nie du roi L\u00e9opold II, entreprise par lui avec un courage tenace et continu\u00e9e avec pers\u00e9v\u00e9rance par la Belgique\u00a0\u00bb.<\/em><\/p>\n<p>Il sonnait aux oreilles des nationalistes congolais comme une insulte \u00e0 la m\u00e9moire des\u00a0<a href=\"http:\/\/www.pressafrique.com\/m44.html\">millions de morts<\/a>\u00a0g\u00e9n\u00e9r\u00e9s par la politique monstrueuse du\u00a0<a href=\"http:\/\/www.pressafrique.com\/m43.html\">roi L\u00e9pold II<\/a>,\u00a0grand-oncle du roi\u00a0Baudoin. \u00ab\u00a0<em>Pour caract\u00e9riser le colonialisme l\u00e9opoldien, les sources les plus diverses utilisaient les notions et les concepts les plus \u00e9vocateurs pour l&rsquo;\u00e9poque, curse (\u00ab\u00a0mal\u00e9diction\u00a0\u00bb), slave state (\u00ab\u00a0Etat esclavagiste\u00a0\u00bb), rubber slavery (\u00ab\u00a0esclavage du caoutchouc\u00a0\u00bb), crime, pillage&#8230;Aujourd&rsquo;hui on n&rsquo;h\u00e9site plus \u00e0 parler de g\u00e9nocide et d&rsquo;holocauste<\/em>\u00a0\u00bb (Elikia M&rsquo;Bokolo,\u00a0<em>Le livre noir du colonialisme. XVI\u00e8-XXI\u00e8 si\u00e8cle : de l&rsquo;extermination \u00e0 la repentance,\u00a0<\/em>p.434). On peut d&rsquo;ailleurs pour \u00e9valuer l&rsquo;ampleur de la monstruosit\u00e9 coloniale au Congo sous L\u00e9opold II consulter de nombreuses r\u00e9f\u00e9rences<a href=\"http:\/\/www.pressafrique.com\/m366.html#*#*\">*<\/a>.<\/p>\n<p>Un documentaire britannique intitul\u00e9\u00a0<a href=\"http:\/\/www.pressafrique.com\/m396.html\">\u00ab Le Roi blanc, le caoutchouc rouge, la mort noire \u00bb<\/a>\u00a0 \u00a0r\u00e9alis\u00e9 par Mark Dummett et produit par la BBC a suscit\u00e9 les foudres de la maison royale et du ministre des affaires \u00e9trang\u00e8res Louis Michel lors de\u00a0sa diffusion sur la RTBF\u00a0le 8 avril\u00a02004. Le\u00a0<a href=\"http:\/\/www.pressafrique.com\/m46.html\">passage incrimin\u00e9\u00a0<\/a>\u00e9tait\u00a0un commentaire faisant le parall\u00e8le entre la colonisation de L\u00e9opold II et le g\u00e9nocide hitl\u00e9rien. M\u00eame si bon nombre de ces enqu\u00eates sont post\u00e9rieures \u00e0 1960, ni la Belgique, ni les Congolais ne pouvaient ignorer le cataclysme pour le Congo que fut le r\u00e8gne de L\u00e9opold II. Les travaux de l&rsquo;avocat afro-am\u00e9ricain\u00a0George Washington Williams, du missionnaire afro-am\u00e9ricain William Shepperd, du journaliste britannique Edmund Dene Morel, du consul britannique\u00a0Roger Casement, du premier mouvement des droits\u00a0de l&rsquo;homme\u00a0(<em>Anti-Slavery International<\/em>) furent \u00e0 l&rsquo;origine d&rsquo;une\u00a0<a href=\"http:\/\/www.cobelco.org\/Histoire\/intro_comenqeic.htm\">commission d&rsquo;enqu\u00eate<\/a>\u00a0belge institu\u00e9e par d\u00e9cret\u00a0le 23 juillet 1904 et dont\u00a0<a href=\"http:\/\/www.cobelco.org\/Histoire\/temAE349_1.htm\">les t\u00e9moignages<\/a>\u00a0ne furent pas publi\u00e9s.\u00a0Cette commission\u00a0fut relay\u00e9e par une\u00a0de nombreux articles dans la presse et par une abondante litt\u00e9rature dont les fleurons les plus c\u00e9l\u00e8bres sont\u00a0<em>Au coeur des t\u00e9n\u00e8bres<\/em>\u00a0de Joseph Conrad (1905) et\u00a0<em>The crime of the Congo<\/em>\u00a0(1909)\u00a0de Sir Arthur Conan Doyle.<\/p>\n<p>Le discours de\u00a0Baudoin Ier en faisant l&rsquo;apologie de son grand-oncle\u00a0et de l\u2019\u0153uvre coloniale\u00a0appara\u00eet pour les colonis\u00e9s comme un discours de\u00a0l\u00e9gitimation des nombreuses humiliations et discrimination qui ont jalonn\u00e9 la colonisation : arrestations arbitraires, ex\u00e9cutions sommaires, r\u00e9pressions sanglantes, spoliations et expropriations&#8230; En juin 1960, aucun Noir ne d\u00e9passait le grade de sergent-chef dans la Force Publique (force coloniale\u00a0belge), et le d\u00e9risoire statut \u00ab\u00a0d&rsquo;\u00e9volu\u00e9\u00a0\u00bb, cens\u00e9\u00a0couronner les efforts d&rsquo;assimilation des indig\u00e8nes, concerne \u00e0 peine un millier de Congolais sur treize millions.<\/p>\n<p><strong>Baudoin Ier\u00a0:<br \/>\n<\/strong><\/p>\n<p><em>\u00ab\u00a0Ne compromettez pas l&rsquo;avenir par des r\u00e9formes h\u00e2tives, et ne remplacez pas les organismes que vous remet\u00a0 la Belgique, tant que vous n&rsquo;\u00eates pas certains de pouvoir faire mieux&#8230;N&rsquo;ayez crainte de vous tourner vers nous. Nous sommes pr\u00eats \u00e0 rester \u00e0 vos c\u00f4t\u00e9s pour vous aider de nos conseils, pour former avec vous les techniciens et les fonctionnaires dont vous aurez besoin.\u00a0\u00bb<\/em><\/p>\n<p>Au discours pro-colonial du roi Baudoin r\u00e9pondra le discours officiel insignifiant du pr\u00e9sident du parlement, Joseph Kasavubu qui remercie le roi et en appelle \u00e0 Dieu\u00a0:\u00a0<em>\u00ab\u00a0&#8230;Dans une attitude de profonde humilit\u00e9 j&rsquo;ai demand\u00e9 \u00e0 Dieu qu&rsquo;il prot\u00e8ge notre peuple et qu&rsquo;il \u00e9claire tous ses dirigeants&#8230;\u00a0\u00bb.<br \/>\n<\/em><\/p>\n<p>Puis il y eut l&rsquo;allocution non annonc\u00e9e du Premier Ministre Patrice Emery Lumumba \u00e0 la grande surprise du gouvernement belge et de la maison royale. Son discours, pour les Congolais, fut lib\u00e9rateur\u00a0 de tant d&rsquo;humiliations, de brimades et de crimes contre l&rsquo;humanit\u00e9\u00a0subis et jamais d\u00e9nonc\u00e9s publiquement. Il fut interrompu \u00e0 huit reprises par les applaudissements de la foule\u00a0 et son\u00a0discours fut couronn\u00e9 par une v\u00e9ritable ovation tandis que le roi Baudoin devint livide selon nombre d&rsquo;observateurs. Lumumba intervint imm\u00e9diatement apr\u00e8s l&rsquo;allocution du pr\u00e9sident congolais. C&rsquo;est Joseph Kasongo, le pr\u00e9sident de la chambre des repr\u00e9sentants qui donna la parole au Premier ministre \u00e0 la grande stup\u00e9faction du gouvernement Eyskens et du roi. Aucun des spectateurs de cette journ\u00e9e n&rsquo;avait eu le projet de texte de Lumumba, ni la presse, ni les Belges, ni les Congolais. Jean Van Lierde,\u00a0ami belge de Lumumba, raconte\u00a0comment il a vu Lumumba corriger son\u00a0texte durant l&rsquo;allocution du roi Baudoin et du pr\u00e9sident Kasavubu. C&rsquo;est le contenu du discours qui va sceller le sort de Lumumba et montrer au monde entier de quelles valeurs, de quelle id\u00e9ologie\u00a0politique il \u00e9tait tremp\u00e9. Pour la premi\u00e8re fois, un \u00ab\u00a0n\u00e8gre\u00a0\u00bb devenu le plus haut responsable du gouvernement congolais, r\u00e9v\u00e8le au monde entier le sort que les colonis\u00e9s ont subi sous le joug colonial au Congo. Comble du d\u00e9shonneur, il ne s&rsquo;adresse\u00a0ni au roi, ni au gouvernement belge mais aux Conglais, rel\u00e9guant les anciens colons au r\u00f4le de spectateurs.<\/p>\n<p><img decoding=\"async\" class=\"aligncenter\" src=\"https:\/\/blogger.googleusercontent.com\/img\/a\/AVvXsEgIsyn3qvELGckY3nrOUNHSwbvySXg8LJGuFy5Az64U3_4LXVzF3rJQjKB48rzbj25WyoCdeYbszvgYJmjxv9DyYQf-shjWwcG4NnMS0naL4GzSYIyf7tvwg4C5q_Cqc8-XVKGVfO7X4LlNDzYtEILMO3Ushm-LGDVxPORjWy1wsZ9pZ55bF4l3GJ2Y1A=w460-h640\" \/><\/p>\n<p>Ce portrait de Lumuba, command\u00e9 au peintre Bernard Safran pour orner la couverure du TIME MAGAZINE du 22 ao\u00fbt 1960, ne parut jamais, car il fut remplac\u00e9 au dernier moment par un portrait de Dag Hamarskj\u0650\u00f6ld, le Secr\u00e9taire g\u00e9n\u00e9ral de l&rsquo;ONU, qui venait de mourir dans un accident d&rsquo;avion, rest\u00e9 inexpliqu\u00e9 \u00e0 ce jour, au&#8230;Congo<\/p>\n<p><strong>Discours du 30 Juin 1960<\/strong><\/p>\n<p><iframe title=\"YouTube video player\" src=\"https:\/\/www.youtube.com\/embed\/rzPO4KQCZP8?si=V6CHH1aF17B1Nxio\" width=\"560\" height=\"315\" frameborder=\"0\" allowfullscreen=\"allowfullscreen\"><\/iframe><\/p>\n<p>Congolais et Congolaises,<\/p>\n<p>Combattants de l&rsquo;Ind\u00e9pendance aujourd&rsquo;hui victorieux, Je vous salue au nom du gouvernement congolais.<\/p>\n<p>A vous tous, mes amis, qui avez lutt\u00e9 sans rel\u00e2che \u00e0 nos c\u00f4t\u00e9s, je vous demande de faire de ce 30 juin 1960 une date illustre que vous garderez ineffablement grav\u00e9e dans vos coeurs, une date dont vous enseignerez avec fiert\u00e9 la signification \u00e0 vos enfants, pour que ceux-ci \u00e0 leur tour fassent conna\u00eetre \u00e0 leurs fils et \u00e0 leurs petits-fils l&rsquo;histoire glorieuse de notre lutte pour la libert\u00e9.<\/p>\n<p>Car cette Ind\u00e9pendance du Congo, si elle est proclam\u00e9e aujourd&rsquo;hui dans l&rsquo;entente avec la Belgique, pays ami avec qui nous traitons d&rsquo;\u00e9gal \u00e0 \u00e9gal, nul Congolais digne de ce nom ne pourra jamais oublier cependant que c&rsquo;est par la lutte qu&rsquo;elle a \u00e9t\u00e9 conquise (applaudissements), une lutte de tous les jours, une lutte ardente et id\u00e9aliste, une lutte dans laquelle nous n&rsquo;avons m\u00e9nag\u00e9 ni nos forces, ni nos privations, ni nos souffrances, ni notre sang.<\/p>\n<p>Cette lutte, qui fut de larmes, de feu et de sang, nous en sommes fiers jusqu&rsquo;au plus profond de nous-m\u00eames, car ce fut une lutte noble et juste, une lutte indispensable pour mettre fin \u00e0 l&rsquo;humiliant esclavage qui nous \u00e9tait impos\u00e9 par la force.<\/p>\n<p>Ce que fut notre sort en 80 ans de r\u00e9gime colonialiste, nos blessures sont trop fra\u00eeches et trop douloureuses encore pour que nous puissions le chasser de notre m\u00e9moire. Nous avons connu le travail harassant exig\u00e9 en \u00e9change de salaires qui ne nous permettaient ni de manger \u00e0 notre faim, ni de nous v\u00eatir ou nous loger d\u00e9cemment, ni d&rsquo;\u00e9lever nos enfants comme des \u00eatres chers.<\/p>\n<p>Nous avons connu les ironies, les insultes, les coups que nous devions subir matin, midi et soir, parce que nous \u00e9tions des n\u00e8gres. Qui oubliera qu&rsquo;\u00e0 un Noir on disait \u00ab\u00a0tu\u00a0\u00bb, non certes comme \u00e0 un ami, mais parce que le \u00ab\u00a0vous\u00a0\u00bb honorable \u00e9tait r\u00e9serv\u00e9 aux seuls Blancs ?<\/p>\n<p>Nous avons connu que nos terres furent spoli\u00e9es au nom de textes pr\u00e9tendument l\u00e9gaux qui ne faisaient que reconna\u00eetre le droit du plus fort. Nous avons connu que la loi \u00e9tait jamais la m\u00eame selon qu&rsquo;il s&rsquo;agissait d&rsquo;un Blanc ou d&rsquo;un Noir : accommodante pour les uns, cruelle et inhumaine pour les autres. Nous avons connu les souffrances atroces de rel\u00e9gu\u00e9s pour opinions politiques ou croyances religieuses ; exil\u00e9s dans leur propre patrie, leur sort \u00e9tait vraiment pire que la mort elle-m\u00eame. Nous avons connu qu&rsquo;il y avait dans les villes des maisons magnifiques pour les Blancs et des paillotes croulantes pour les Noirs ; qu&rsquo;un Noir n&rsquo;\u00e9tait admis ni dans les cin\u00e9mas, ni dans les restaurants, ni dans les magasins dits europ\u00e9ens ; qu&rsquo;un Noir voyageait \u00e0 m\u00eame la coque des p\u00e9niches, aux pieds du Blanc dans sa cabine de luxe.<\/p>\n<p>Qui oubliera enfin les fusillades dont p\u00e9rirent tant de nos fr\u00e8res, les cachots o\u00f9 furent brutalement jet\u00e9s ceux qui ne voulaient plus se soumettre au r\u00e9gime d&rsquo;une justice d&rsquo;oppression et d&rsquo;exploitation ? (Applaudissements.)<\/p>\n<p>Tout cela, mes fr\u00e8res, nous en avons profond\u00e9ment souffert.<\/p>\n<p>Mais tout cela aussi, nous que le vote de vos repr\u00e9sentants \u00e9lus a agr\u00e9\u00e9s pour diriger notre cher pays, \u00ab\u00a0Nous qui avons souffert dans notre corps et dans notre coeur de l&rsquo;oppression colonialiste, nous vous le disons tout haut, tout cela est d\u00e9sormais fini.\u00a0\u00bb<\/p>\n<p>La R\u00e9publique du Congo a \u00e9t\u00e9 proclam\u00e9e et notre cher pays est maintenant entre les mains de ses propres enfants.<\/p>\n<p>Ensemble, mes fr\u00e8res, mes s\u0153urs, nous allons commencer une nouvelle lutte, une lutte sublime qui va mener notre pays \u00e0 la paix, \u00e0 la prosp\u00e9rit\u00e9 et \u00e0 la grandeur.<\/p>\n<p>Nous allons \u00e9tablir ensemble la Justice sociale et assurer que chacun re\u00e7oive la juste r\u00e9mun\u00e9ration de son travail. (Applaudissements).<\/p>\n<p>Nous allons montrer au monde ce que peut faire l&rsquo;homme noir quand il travaille dans la libert\u00e9, et nous allons faire du Congo le centre de rayonnement de l&rsquo;Afrique tout enti\u00e8re.<\/p>\n<p>Nous allons veiller \u00e0 ce que les terres de notre patrie profitent v\u00e9ritablement \u00e0 ses enfants. Nous allons revoir toutes les lois d&rsquo;autrefois et en faire de nouvelles qui seront justes et nobles.<\/p>\n<p>Nous allons mettre fin \u00e0 l&rsquo;oppression de la pens\u00e9e libre et faire en sorte que tous les citoyens puissent jouir pleinement des libert\u00e9s fondamentales pr\u00e9vues dans la d\u00e9claration des Droits de l&rsquo;Homme. (Applaudissements.)<\/p>\n<p>Nous allons supprimer efficacement toute discrimination quelle qu&rsquo;elle soit et donner \u00e0 chacun la juste place que lui vaudra sa dignit\u00e9 humaine, son travail et son d\u00e9vouement au pays.<\/p>\n<p>Nous allons faire r\u00e9gner, non pas la paix des fusils et des ba\u00efonnettes, mais la paix des c\u0153urs et des bonnes volont\u00e9s. (Applaudissements.)<\/p>\n<p>Et pour tout cela, chers compatriotes, soyez s\u00fbrs que nous pourrons compter, non seulement sur nos forces \u00e9normes et nos richesses immenses, mais sur l&rsquo;assistance de nombreux pays \u00e9trangers dont nous accepterons la collaboration chaque jour qu&rsquo;elle sera loyale et ne cherchera pas \u00e0 nous imposer une politique, quelle qu&rsquo;elle soit.\u00a0 (Applaudissements.)<\/p>\n<p>Dans ce domaine, la Belgique qui, comprenant enfin le sens de l&rsquo;histoire, n&rsquo;a pas essay\u00e9 de s&rsquo;opposer \u00e0 notre ind\u00e9pendance est pr\u00eate \u00e0 nous accorder son aide et son amiti\u00e9, et un trait\u00e9 vient d&rsquo;\u00eatre sign\u00e9 dans ce sens entre nos deux pays \u00e9gaux et ind\u00e9pendants. Cette coop\u00e9ration, j&rsquo;en suis s\u00fbr, sera profitable aux deux pays. De notre c\u00f4t\u00e9, tout en restant vigilants, nous saurons respecter les engagements librement consentis.<\/p>\n<p>Ainsi, tant \u00e0 l&rsquo;int\u00e9rieur qu&rsquo;\u00e0 l&rsquo;ext\u00e9rieur, le Congo nouveau, notre ch\u00e8re R\u00e9publique que mon gouvernement va cr\u00e9er, sera un pays riche, libre et prosp\u00e8re. Mais pour que nous arrivions sans retard \u00e0 ce but, vous tous, l\u00e9gislateurs et citoyens congolais, je vous demande de m&rsquo;aider de toutes vos forces.<\/p>\n<p>Je vous demande \u00e0 tous d&rsquo;oublier les querelles tribales qui nous \u00e9puisent et risquent de nous faire m\u00e9priser \u00e0 l&rsquo;\u00e9tranger.<\/p>\n<p>Je demande \u00e0 la minorit\u00e9 parlementaire d&rsquo;aider mon gouvernement par une opposition constructive et de rester strictement dans les voies l\u00e9gales et d\u00e9mocratiques.<\/p>\n<p>Je vous demande \u00e0 tous de ne reculer devant aucun sacrifice pour assurer la r\u00e9ussite de notre grandiose entreprise.<\/p>\n<p>Je vous demande enfin de respecter inconditionnellement la vie et les biens de vos concitoyens et des \u00e9trangers \u00e9tablis dans notre pays. Si la conduite de ces \u00e9trangers laisse \u00e0 d\u00e9sirer, notre justice sera prompte \u00e0 les expulser du territoire de la R\u00e9publique ; si par contre leur conduite est bonne, il faut les laisser en paix, car eux aussi travaillent \u00e0 la prosp\u00e9rit\u00e9 de notre pays.<\/p>\n<p>L&rsquo;Ind\u00e9pendance du Congo marque un pas d\u00e9cisif vers la lib\u00e9ration de tout le continent Africain.\u00a0 (Applaudissements.)<\/p>\n<p>Voil\u00e0, Sire, Excellences, Mesdames, Messieurs, mes chers compatriotes, mes fr\u00e8res de race, mes fr\u00e8res de lutte, ce que j&rsquo;ai voulu vous dire au nom du gouvernement en ce jour magnifique de notre Ind\u00e9pendance compl\u00e8te et souveraine.\u00a0 (Applaudissements.)<\/p>\n<p>Notre gouvernement, fort, national, populaire sera le salut de ce pays. J&rsquo;invite tous les citoyens congolais, hommes, femmes et enfants, \u00e0 se mettre r\u00e9solument au travail en vue de cr\u00e9er une \u00e9conomie nationale prosp\u00e8re qui consacrera notre ind\u00e9pendance \u00e9conomique.<\/p>\n<p>Hommage aux combattants de la libert\u00e9 nationale !<\/p>\n<p>Vive l&rsquo;Ind\u00e9pendance de l&rsquo;Unit\u00e9 Africaine !<\/p>\n<p>Vive le Congo ind\u00e9pendant et souverain !\u00a0 (Applaudissements prolong\u00e9s.)<\/p>\n<p><strong>\u00c0 voir et \u00e0 entendre<\/strong><\/p>\n<p>\u201cAfrica will write its own history\u2026\u00a0\u00bb\u00a0<a href=\"https:\/\/www.youtube.com\/watch?v=HrcX3XUm7eA&amp;mode=related&amp;search\">Conflict rages in the\u00a0 Congo !<\/a>\u00a0(English, 9\u201956\u201d)<\/p>\n<p>Vie et mort de Patrice Lumumba (une \u00e9mission \u00ab\u00a0M. X\u00a0\u00bbsur France-Inter avec des images des actualit\u00e9s t\u00e9l\u00e9vis\u00e9es sur le Congo d\u2019aujourd\u2019hui)\u00a0:\u00a0<a href=\"https:\/\/www.youtube.com\/watch?v=zjhagNy55mc&amp;NR=1\">1<sup>\u00e8re<\/sup>\u00a0partie<\/a>, 9\u201957\u00a0,\u00a0<a href=\"https:\/\/www.youtube.com\/watch?v=fejSJbU0bZ8\">2<sup>\u00e8me<\/sup>\u00a0partie<\/a>, 9\u201957<\/p>\n<p><a href=\"https:\/\/www.youtube.com\/watch?v=F1JzlUrEb4A&amp;mode=related&amp;search\">Lumumba, le \u00ab\u00a0Casus Belli\u00a0\u00bb<\/a>, 3\u201958\u201d (avec un extrait du discours du 30 juin 1960 et le r\u00e9cit de Jean Van Lierde, ami belge de Lumumba sur cette journ\u00e9e)<\/p>\n<p><a href=\"https:\/\/www.youtube.com\/watch?v=k-NI6NHelhY&amp;mode=related&amp;search\">Lumumba, the plot<\/a>, 3\u201958\u201d\u00a0: \u00ab\u00a0Sa destitution devient notre objectif principal\u00a0\u00bb (message de la CIA)<\/p>\n<p><a href=\"https:\/\/www.youtube.com\/watch?v=w3Ja9zZa5Oc\">La bestialidad del imperialismo<\/a>, discurso de Ernesto Che Guevara antes las Naciones Unidas el 11 de diciembre de 1964,\u00a0sobre el imperialismo, Argelia, Vietnam, Congo y Lumumba (\u201cBajo la bandera de Naciones Unidas fue asesinado Lumumba\u201d), en espa\u064c\u00f1ol\u00a0<em>con sottotitoli italiani<\/em>, 5\u201912\u00a0\u00bb<strong><br \/>\n<\/strong><\/p>\n<p><iframe title=\"YouTube video player\" src=\"https:\/\/www.youtube.com\/embed\/9baUhdBMs4w?si=uwi-WBEQHptRoW6X\" width=\"560\" height=\"315\" frameborder=\"0\" allowfullscreen=\"allowfullscreen\"><\/iframe><\/p>\n<p>\u201cLumumba a choisi le mauvais camp : il \u00e9tait\u2026plus ou moins\u2026communiste\u00a0\u00bb\u00a0: 17 janvier 1961\u00a0:\u00a0<a href=\"http:\/\/www.dailymotion.com\/video\/xfywf_assassinats-patrice-lumumba\">L\u2019assassinat de Lumumba, une mort de style colonial<\/a>, documentaire de Michel Noll (2001) , 52\u2019<\/p>\n<p><em>Et enfin, le fameux Ind\u00e9pendance ChaCha, de l\u2019incomparable musicien Joseph Kabasele, alias Grand Kall\u00e9, qui fournit la musique de fond de cette \u00e9poque de grands bouleversements<\/em><\/p>\n<p><iframe title=\"YouTube video player\" src=\"https:\/\/www.youtube.com\/embed\/RxkZ95PYcrM?si=omBgcWDgqfMT3jnd\" width=\"560\" height=\"315\" frameborder=\"0\" allowfullscreen=\"allowfullscreen\"><\/iframe><\/p>\n<blockquote><p><strong>Quelques traces de Lumumba<\/strong><\/p><\/blockquote>\n<p>Si des rues et des avenues de presque toute l&rsquo;Afrique portent\u00a0\u00a0le nom de Patrice Lumumba, cela est plus rare en Europe. Les Belges ont attendu\u00a0 plus d&rsquo;un demi-si\u00e8cle pour donner son nom \u00e0 la Place du Bastion \u00e0 Bruxelles et \u00e0 une rue de Charleroi. L&rsquo;Allemagne honore le mieux Lumumba, qui a une statue \u00e0 Leipzig et une \u00e0 Berlin, et m\u00eame un ch\u00eane \u00e0 Bernau, plant\u00e9 par des syndicalistes afro-asiatiques alors en formation. Tout cela \u00e9videmment dans l&rsquo;ex-RDA. Ci-dessous une petite galerie.<\/p>\n<p><img decoding=\"async\" class=\"aligncenter\" src=\"https:\/\/upload.wikimedia.org\/wikipedia\/commons\/thumb\/4\/48\/Av._Lumumba_%26_Lenine_%284107012656%29.jpg\/800px-Av._Lumumba_%26_Lenine_%284107012656%29.jpg\" alt=\"File:Av. Lumumba &amp; Lenine (4107012656).jpg\" \/><\/p>\n<p><strong>\u00a0<\/strong><\/p>\n<p>Maputo, Mozambique<\/p>\n<p><img decoding=\"async\" class=\"aligncenter\" src=\"https:\/\/blogger.googleusercontent.com\/img\/a\/AVvXsEgT5y_KL_Wa0TqqMus6Anwd2mW-rspCnnxEunCGSLYI8dmI9MowP-C5-AITw4UK-nlTdi-F9iOzFT9uMM2NtXIswA10reI09jiuaPjGofFf_GWKRdsdTafB9j8w_COUixbs5b9XMPdJyjC0mCZqka3pY_MhJU-zEzU3jK0uo6YkuMuL9KNc7NQdOO4FNQ=w400-h300\" alt=\"\" width=\"360\" height=\"270\" \/><br \/>\nRabat (Maroc) a une place \u00ab\u00a0Lumamba\u00a0\u00bb (mais en arabe le nom est \u00e9crit correctement)<\/p>\n<p><img decoding=\"async\" class=\"aligncenter\" src=\"https:\/\/blogger.googleusercontent.com\/img\/a\/AVvXsEhHpvtiSWJg6ns95QkhgX1cDIQunE_2epl_JPc2HC9JQ2QQsTToagcXgvovO4dx_Ln6U0mgAWF69r9qj_IlZsSpIMIRnOHka7NVHj2PMFiLmARG1oTZ_u2DsytKR2woOISkOLvNuO7uEV1n1u80ybzpQ07p4WU9RmxjBRUGGnkHxVcxTku53OKD0Q0xng=w400-h230\" width=\"493\" height=\"283\" \/><\/p>\n<p>Alger a une rue dans le \u00ab\u00a01\u00e9re Arrondissement\u00a0\u00bb<\/p>\n<p><img decoding=\"async\" class=\"aligncenter\" src=\"https:\/\/blogger.googleusercontent.com\/img\/a\/AVvXsEi2FEG2nhthi5Qpfef4dqQ34TUL2AKQU-1TOBTAs5yjeOL16Zq1oUlM6cdDI4IOjGicTjhEhhzoeypLEyNcQl8dtR4Lpfuolh4HwNsSS1_Hhop2AavLSFgJkkbosS6TFZwkOy61Lm6QvIfa4wOuODmLpH9dzbv8S8B-CmB5PHrGkqMHwfkk9JatoguaYw=w273-h400\" \/><\/p>\n<p>B\u00e9ja\u00efa (ex-Bougie) en Alg\u00e9rie a une \u00ab\u00a0placette\u00a0\u00bb couramment appel\u00e9e Lumumba bien qu&rsquo;elle porte officiellement le nom\u00a0 d&rsquo;un obscur pr\u00e9sident portugais (qui a m\u00eame droit \u00e0 un\u00a0<a href=\"https:\/\/www.elmoudjahid.dz\/fr\/actualite\/bejaia-le-buste-de-l-ancien-president-portugais-manuel-teixeira-gomes-vandalise-5083\">buste<\/a>),\u00a0Manuel Teixeira Gomes, qui v\u00e9cut dans cette ville de 1925 \u00e0 1941<\/p>\n<p><a href=\"https:\/\/blogger.googleusercontent.com\/img\/a\/AVvXsEgYAEfl9RzOjOPovOiHUvFVQkFHVcqVvKJh-clz0r32K08XHeyaGGHZLXf7Al430LA9JhGnPBvnJVHNkR64GQ2jiaRPavrx5l8EWhxjs4Z7Mbk05jmctRjqOp1-HZIJA4O6qeMZDcNJwvJ7cSQTWbIEqFEwj6ZJVoxqMmGnig61EDVK4Ls2ikPPJRUV2w=s2048\"> <img decoding=\"async\" class=\"aligncenter\" src=\"https:\/\/blogger.googleusercontent.com\/img\/a\/AVvXsEgYAEfl9RzOjOPovOiHUvFVQkFHVcqVvKJh-clz0r32K08XHeyaGGHZLXf7Al430LA9JhGnPBvnJVHNkR64GQ2jiaRPavrx5l8EWhxjs4Z7Mbk05jmctRjqOp1-HZIJA4O6qeMZDcNJwvJ7cSQTWbIEqFEwj6ZJVoxqMmGnig61EDVK4Ls2ikPPJRUV2w=w640-h640\" \/><\/a><\/p>\n<p>A gauche, la statue de la Garnisonkirchplatz \u00e0 Berlin, d\u00e9nomm\u00e9e \u00ab\u00a0Lumumba (Transport \u00e0 Thysville)\u00a0\u00bb [inspir\u00e9e de la c\u00e9l\u00e8bre photo de Lumumba entrav\u00e9 sur un camion peu avant son assassinat], \u00e0 droite, celle de Leipzig, dans la rue Lumumba. Toutes deux sont de la sculptrice Genni\/Jenny\u00a0Mucchi-Wiegmann-(1895-1969), Berlinoise et Italienne d&rsquo;adoption (elle et son mari Gabriele Mucchi particip\u00e8rent \u00e0 la R\u00e9sistance antifasciste)<\/p>\n<p><a href=\"https:\/\/blogger.googleusercontent.com\/img\/a\/AVvXsEjwsHlAL494w8wNhqpGM7zdHw-mRAMUC5BdQB8boYgIGciLoB_DMqtUaguGZUD9whmM9HMnjKBHKd7KLqFKsiq_ndGj0h3TDslcOwYA5v5WqsceSSUiEwE3eOtaQSrmH3miM-BK2ndErnQNGsGGsOJm77lezFUYQlGl5l-HhEYaNPURn7Qm-IF5ozQRTQ=s700\"> <img decoding=\"async\" class=\"aligncenter\" src=\"https:\/\/blogger.googleusercontent.com\/img\/a\/AVvXsEjwsHlAL494w8wNhqpGM7zdHw-mRAMUC5BdQB8boYgIGciLoB_DMqtUaguGZUD9whmM9HMnjKBHKd7KLqFKsiq_ndGj0h3TDslcOwYA5v5WqsceSSUiEwE3eOtaQSrmH3miM-BK2ndErnQNGsGGsOJm77lezFUYQlGl5l-HhEYaNPURn7Qm-IF5ozQRTQ=w480-h640\" \/><\/a><\/p>\n<p>Le ch\u00eane plant\u00e9 par les syndicalistes en mai 1961 \u00e0 Bernau, Brandenbourg<\/p>\n<p><a href=\"https:\/\/blogger.googleusercontent.com\/img\/a\/AVvXsEgLTrvLsRhJwDFNjNQClN1m2AsQJUbhokrCviNtcjejhem1vTVNGCVxbbylrzrpebFfPXuh-TXGFJNQ4wEcqno7MwUxWfDB3fDGeyA1pIGrahngCQ6dJ32K7-ne9WZV0hxJkP-z_T7ArvLTk0gb7woGZ1stU-04y0p7Tee50O28xrrNutr7Hf87RJXXSQ=s700\"> <img decoding=\"async\" class=\"aligncenter\" src=\"https:\/\/blogger.googleusercontent.com\/img\/a\/AVvXsEgLTrvLsRhJwDFNjNQClN1m2AsQJUbhokrCviNtcjejhem1vTVNGCVxbbylrzrpebFfPXuh-TXGFJNQ4wEcqno7MwUxWfDB3fDGeyA1pIGrahngCQ6dJ32K7-ne9WZV0hxJkP-z_T7ArvLTk0gb7woGZ1stU-04y0p7Tee50O28xrrNutr7Hf87RJXXSQ=s320\" \/><\/a><\/p>\n<p><img decoding=\"async\" class=\"aligncenter\" src=\"https:\/\/ichef.bbci.co.uk\/news\/640\/cpsprodpb\/9F71\/production\/_102271804_squarelumumba.jpg\" alt=\"Le square Lumumba a \u00e9t\u00e9 inaugur\u00e9 samedi \u00e0 Bruxelles \u00e0 11H00 GMT.\" \/><\/p>\n<p>Le square inaugur\u00e9 en 2018 \u00e0 Bruxelles, avec une horrible statue \u00e9ph\u00e9m\u00e8re en carton-p\u00e2te<\/p>\n<p><img decoding=\"async\" class=\"aligncenter\" src=\"https:\/\/blogger.googleusercontent.com\/img\/a\/AVvXsEg130dFPdKXqTFvp7isFqBU_v1tbpKmP5lWIyTjnpbJR3f-5Wh2CDUfGFzOlAJLnjhMNLPWh3j2EOGMavGJV8Ofm9F6gtcGsMrGaVrO1pIhjrEcWXvkv9g6WXtIjuCU29MjmHTTU8clTEJXXYHvtMk7Cal_RvMBGmjLJbQDc0GGA6MXwsSzYf2sqsXnIg=w640-h400\" \/><\/p>\n<p>Moscou : elle s&rsquo;est appel\u00e9e Universit\u00e9 Patrice Lumumba de 1961 \u00e0 1992 et on y enseignait le marxisme aux \u00e9tudiants du Tiers-Monde; elle s&rsquo;appelle d\u00e9sormais<br \/>\nUniversit\u00e9 russe de l&rsquo;Amiti\u00e9 des Peuples et on y enseigne les lois d&rsquo;airain du march\u00e9<\/p>\n<p><img decoding=\"async\" class=\"aligncenter\" src=\"https:\/\/actualite.cd\/sites\/default\/files\/styles\/800_400\/public\/2021-01\/lumumba%20manif.png?itok=rQUPbUEL\" alt=\"ACTUALITE.CD\" \/><\/p>\n<p>L&rsquo;assassinat de Lumumba a suscit\u00e9 des manifestations dans le monde entier. Si en Europe, les manifestants \u00e9taient quelques dizaines, \u00e0 P\u00e9kin, ils \u00e9taient 500 000, c\u00e9l\u00e9brant aussi un autre martyr des luttes de lib\u00e9ration nationale africaines, le Camerounais F\u00e9lix Moumi\u00e9, assassin\u00e9 \u00e0 Gen\u00e8ve par le SDECE fran\u00e7ais le 3 novembre 1960<\/p>\n<p>&nbsp;<\/p>\n<p><img decoding=\"async\" class=\"aligncenter\" src=\"https:\/\/actualite.cd\/sites\/default\/files\/inline-images\/lumumba%20manif2.jpeg\" alt=\"L\" \/><\/p>\n<p style=\"font-weight: 400;\"><a href=\"https:\/\/blogger.googleusercontent.com\/img\/a\/AVvXsEhMGr5HwOhpf8eEfOwcCnxbisRaAQyXy6w024cRitnefH4WqkO7-hz_WkUs7_nofmgMqmNbAr1Sbl6Fhv0wHp-uWud_SHWtO_gbfFAMWWHxKzM0yGnQA-Ks4IWKP16ml-mhjIAgbdnBww8fWOF6IVxZaiCpTy_TmgJ1ySi26EcAZAZYqmQGb61bpTbwbA=s2048\"> <img decoding=\"async\" class=\"aligncenter\" src=\"https:\/\/blogger.googleusercontent.com\/img\/a\/AVvXsEhMGr5HwOhpf8eEfOwcCnxbisRaAQyXy6w024cRitnefH4WqkO7-hz_WkUs7_nofmgMqmNbAr1Sbl6Fhv0wHp-uWud_SHWtO_gbfFAMWWHxKzM0yGnQA-Ks4IWKP16ml-mhjIAgbdnBww8fWOF6IVxZaiCpTy_TmgJ1ySi26EcAZAZYqmQGb61bpTbwbA=w640-h620\" \/><\/a><\/p>\n<p style=\"font-weight: 400;\">Manifestation \u00e0 Erlangen, RFA, le 17 f\u00e9vrier 1961. La plupart des manifestants sont des \u00e9tudiants \u00e9trangers, notamment africains et arabes. Leur banderole dit : \u00ab\u00a0La conscience humaine est boulevers\u00e9e par l&rsquo;assassinat de Lumumba\u00a0\u00bb<\/p>\n<p><img decoding=\"async\" class=\"aligncenter\" src=\"https:\/\/blogger.googleusercontent.com\/img\/a\/AVvXsEgLnHMw4739ThIfDzpRuELREv280mO_z8_1J9rACb-BXV-FjHiLrNtCGPOjGufxPiT_zEvLQjW5t4xTvjKuHjqGoNtgPJQGMllqexr7PuRMVjkLhh-sedeoJI-Pvde5op_r22C9KDgGNyA-vnO-u_HULnOMW7cPkbsMlMxCzivzTyTRSIIWdJxnSRFv9A=w640-h582\" \/><\/p>\n","protected":false},"excerpt":{"rendered":"<p>Patrice Emery Lumumba (n\u00e9 le 2 juillet 1925) aura \u00e9t\u00e9 une \u00e9toile filante dans le ciel \u00a0de l\u2019Afrique \u00e0 peine ind\u00e9pendante. \u00c9lu Premier ministre en 1960, destitu\u00e9 quatre mois plus tard, il est assassin\u00e9 le 17 janvier 1961, suite \u00e0 un complot m\u00ealant la puissance coloniale belge, la CIA et les services secrets fran\u00e7ais. Ce &#8230; <a title=\"Patrice \u00c9mery Lumumba (1925-1961) : Honneur et Respect\" class=\"read-more\" href=\"https:\/\/bruxelles-pantheres.be\/?p=6228\" aria-label=\"En savoir plus sur Patrice \u00c9mery Lumumba (1925-1961) : Honneur et Respect\">Lire la suite<\/a><\/p>\n","protected":false},"author":1,"featured_media":6113,"comment_status":"open","ping_status":"open","sticky":false,"template":"","format":"standard","meta":{"footnotes":""},"categories":[1,35,21,36,7,18,28],"tags":[45,72],"class_list":["post-6228","post","type-post","status-publish","format-standard","has-post-thumbnail","hentry","category-non-classe","category-amerique-du-sud","category-anti-imperialisme","category-europe","category-negrophobie","category-resistance-bruxelles","category-racismes","tag-lumumba","tag-patrice-lumumba"],"_links":{"self":[{"href":"https:\/\/bruxelles-pantheres.be\/index.php?rest_route=\/wp\/v2\/posts\/6228","targetHints":{"allow":["GET"]}}],"collection":[{"href":"https:\/\/bruxelles-pantheres.be\/index.php?rest_route=\/wp\/v2\/posts"}],"about":[{"href":"https:\/\/bruxelles-pantheres.be\/index.php?rest_route=\/wp\/v2\/types\/post"}],"author":[{"embeddable":true,"href":"https:\/\/bruxelles-pantheres.be\/index.php?rest_route=\/wp\/v2\/users\/1"}],"replies":[{"embeddable":true,"href":"https:\/\/bruxelles-pantheres.be\/index.php?rest_route=%2Fwp%2Fv2%2Fcomments&post=6228"}],"version-history":[{"count":1,"href":"https:\/\/bruxelles-pantheres.be\/index.php?rest_route=\/wp\/v2\/posts\/6228\/revisions"}],"predecessor-version":[{"id":6229,"href":"https:\/\/bruxelles-pantheres.be\/index.php?rest_route=\/wp\/v2\/posts\/6228\/revisions\/6229"}],"wp:featuredmedia":[{"embeddable":true,"href":"https:\/\/bruxelles-pantheres.be\/index.php?rest_route=\/wp\/v2\/media\/6113"}],"wp:attachment":[{"href":"https:\/\/bruxelles-pantheres.be\/index.php?rest_route=%2Fwp%2Fv2%2Fmedia&parent=6228"}],"wp:term":[{"taxonomy":"category","embeddable":true,"href":"https:\/\/bruxelles-pantheres.be\/index.php?rest_route=%2Fwp%2Fv2%2Fcategories&post=6228"},{"taxonomy":"post_tag","embeddable":true,"href":"https:\/\/bruxelles-pantheres.be\/index.php?rest_route=%2Fwp%2Fv2%2Ftags&post=6228"}],"curies":[{"name":"wp","href":"https:\/\/api.w.org\/{rel}","templated":true}]}}