{"id":6240,"date":"2025-03-03T22:17:15","date_gmt":"2025-03-03T21:17:15","guid":{"rendered":"https:\/\/bruxelles-pantheres.be\/?p=6240"},"modified":"2025-03-03T16:35:27","modified_gmt":"2025-03-03T15:35:27","slug":"le-septieme-art-de-lempire","status":"publish","type":"post","link":"https:\/\/bruxelles-pantheres.be\/?p=6240","title":{"rendered":"LE SEPTIEME ART DE L\u2019EMPIRE"},"content":{"rendered":"<p>\u00ab Emilia Perez \u00bb, le film de Jacques Audiard, se porte bien : r\u00e9compens\u00e9 au printemps dernier au festival de Cannes, en janvier aux Golden Globes, en f\u00e9vrier aux C\u00e9sars et en mars aux Oscars. Encens\u00e9 par la critique et ayant rencontr\u00e9 un certain succ\u00e8s commercial, la production fran\u00e7aise a pourtant fait l\u2019objet d\u2019une importante contestation populaire au Mexique. Celle-ci est bien r\u00e9sum\u00e9e dans un r\u00e9cent article du journal <a href=\"https:\/\/www.mediapart.fr\/journal\/culture-et-idees\/280225\/emilia-perez-ce-regard-etranger-de-jacques-audiard-qui-blesse-le-mexique\">Mediapart<\/a>, qui regroupe diff\u00e9rentes analyses pointant le l\u2019europ\u00e9ocentrisme, voire le racisme du film.<\/p>\n<p style=\"text-align: left;\"><!--more--><\/p>\n<p>Selon l\u2019activiste trans Mikaelah Drullard, le film renferme ainsi ce <em>\u00ab regard blanc occidental [qui] cherche \u00e0 capturer une r\u00e9alit\u00e9 du Sud global, sans proc\u00e9der en amont aux \u00e9tudes et consultations n\u00e9cessaires. (\u2026) Un film c\u00e9l\u00e9br\u00e9 par des Blancs en raison de leur ignorance eurocentr\u00e9e, et r\u00e9pudi\u00e9 par celles et ceux qui se trouvent au plus proche des difficult\u00e9s que le film cherche \u00e0 repr\u00e9senter. \u00bb<\/em> Le journal Prospect va dans le m\u00eame sens en consid\u00e9rant que c\u2019est : <em>\u00ab un film sur les Mexicains, r\u00e9alis\u00e9 par des non-Mexicains, \u00e0 destination d\u2019un public non-mexicain. \u00bb<\/em> Le critique Alonso D\u00eda de la Vega (revue Gatopardo) voit dans le film d\u2019Audiard \u00ab un instrument du n\u00e9olib\u00e9ralisme, qui int\u00e8gre les revendications des minorit\u00e9s sexuelles et\/ou racis\u00e9es, pour mieux l\u00e9gitimer la m\u00eame \u00e9lite \u2013 blanche \u2013 qui \u00e9crit et produit la majorit\u00e9 des films de Hollywood et d\u2019Europe. \u00bb<\/p>\n<p>Et comme pour illustrer toutes ces critiques, l\u2019actrice du film, Zoe Saldana, s\u2019est lanc\u00e9e dans un discours path\u00e9tique apr\u00e8s la r\u00e9ception de son prix aux Golden Globes :<em> \u00ab Monsieur Audiard (\u2026) je vous admire (\u2026) vous \u00eates tellement chic et fran\u00e7ais. \u00bb. Quand une jeune femme Noire cire les pompes d\u2019un vieil homme blanc.<\/em><\/p>\n<p style=\"text-align: center;\"><a href=\"https:\/\/bruxelles-pantheres.be\/wp-content\/uploads\/2025\/03\/1.png\"><img decoding=\"async\" class=\"alignnone wp-image-6241 size-full\" src=\"https:\/\/bruxelles-pantheres.be\/wp-content\/uploads\/2025\/03\/1.png\" alt=\"\" width=\"605\" height=\"370\" srcset=\"https:\/\/bruxelles-pantheres.be\/wp-content\/uploads\/2025\/03\/1.png 605w, https:\/\/bruxelles-pantheres.be\/wp-content\/uploads\/2025\/03\/1-300x183.png 300w\" sizes=\"(max-width: 605px) 100vw, 605px\" \/><\/a><br \/>\nFigure 1 &#8211; capture d&rsquo;\u00e9cran du discours de Zoe Saldana aux Golden Globes<\/p>\n<p style=\"text-align: left;\"><strong>Poup\u00e9es russes<\/strong><br \/>\nComme si cette couche raciste et europ\u00e9ocentr\u00e9e du film ne suffisait pas, des propos de l\u2019actrice Karla Sof\u00eda Gasc\u00f3n, relev\u00e9s sur Twitter il y a entre cinq et neuf ans, sont r\u00e9apparus. Ceux-ci visaient notamment les musulman\u00b7es, ou encore George Floyd et le mouvement Black Lives Matter.<\/p>\n<p style=\"text-align: left;\">A ressurgi \u00e9galement la d\u00e9claration suivante du r\u00e9alisateur fran\u00e7ais Jacques Audiard : <em>\u00ab L&rsquo;espagnol est une langue de pays modestes, de pays en d\u00e9veloppement, de pauvres et de migrants. \u00bb.<\/em><\/p>\n<p style=\"text-align: left;\">Tout ceci nous rappelle qu\u2019on peut difficilement s\u00e9parer les artistes et leurs \u0153uvres.<\/p>\n<p><a href=\"https:\/\/bruxelles-pantheres.be\/wp-content\/uploads\/2025\/03\/2.jpg\"><img decoding=\"async\" class=\"wp-image-6242 size-full aligncenter\" src=\"https:\/\/bruxelles-pantheres.be\/wp-content\/uploads\/2025\/03\/2.jpg\" alt=\"\" width=\"613\" height=\"279\" srcset=\"https:\/\/bruxelles-pantheres.be\/wp-content\/uploads\/2025\/03\/2.jpg 613w, https:\/\/bruxelles-pantheres.be\/wp-content\/uploads\/2025\/03\/2-300x137.jpg 300w\" sizes=\"(max-width: 613px) 100vw, 613px\" \/><\/a><\/p>\n<p>Il ne faut pas s\u2019\u00e9mouvoir outre mesure des d\u00e9clarations de l\u2019actrice Karla Sof\u00eda Gasc\u00f3n (d\u2019autant que l\u2019affaire a sans doute pris une proportion plus importante du fait de sa transidentit\u00e9) : l\u2019islamophobie est un vieux sport mondial qui fait battre le c\u0153ur des structures politiques, sociales, m\u00e9diatiques et psychiques du Monde Libre. Les artistes, qui symbolisent la libre cr\u00e9ativit\u00e9, n\u2019ont donc aucune raison de se priver.<\/p>\n<p><strong>Tous les m\u00eames !!!<\/strong><\/p>\n<p>Ces derniers mois, diff\u00e9rents cin\u00e9astes ont d\u2019ailleurs saut\u00e9 sur cette occasion d\u2019exercer la libre expression raciste d\u00e9fendue r\u00e9cemment par le vice-pr\u00e9sident \u00e9tasunien J.D. Vance. Voici quelques films dont la structure narrative est un quasi copi\u00e9-coll\u00e9 du film \u00ab Emilia Perez \u00bb :<\/p>\n<ul>\n<li>\u00a0Il suffit de remplacer \u00ab Emilia Perez \u00bb par \u00ab Touda \u00bb, de remplacer \u00ab Mexique \u00bb par \u00ab Maroc \u00bb, et \u00ab narco-trafic \u00bb par \u00ab prostitution \u00bb, et on obtient le dernier film de Nabil Ayouch, Everybody Loves Touda. Un film qui suit bien le sch\u00e9ma narratif propos\u00e9 ci-dessus :<strong> un cin\u00e9aste blanc produit un film raciste \u00e0 destination d\u2019un public blanc europ\u00e9en, dans lequel la question f\u00e9ministe sert de pi\u00e9destal \u00e0 la domination politico-culturo-symbolique occidentale.<\/strong><br \/>\n\u2022 Il suffit de remplacer \u00ab Touda \u00bb par \u00ab Rabia \u00bb, de remplacer \u00ab Maroc \u00bb par \u00ab Syrie \u00bb, \u00ab prostitution \u00bb par \u00ab endoctrinement\/terreur islamique \u00bb ou \u00ab prostitution islamique \u00bb (au choix), et on obtient le film de Mareike Engelhardt, Rabia. L\u00e0 encore, le sch\u00e9ma narratif est identique : <strong>une cin\u00e9aste blanche produit un film raciste \u00e0 destination d\u2019un public blanc europ\u00e9en, o\u00f9 la question f\u00e9ministe sert de pr\u00e9texte \u00e0 la domination politico-culturo-symbolique occidentale.<\/strong><\/li>\n<li>On peut remplacer \u00ab Rabia \u00bb par \u00ab Souleymane \u00bb, remplacer \u00ab Syrie \u00bb par \u00ab Noirs \u00bb, \u00ab endoctrinement islamique \u00bb par \u00ab violence\/exploitation de Noirs par d\u2019autres Noirs \u00bb ou \u00ab esclavagisme libyen \u00bb (au choix), et on obtient le dernier film de Boris Lojkine, L\u2019histoire de Souleymane. Ce film coche aussi toutes les cases mentionn\u00e9es : un cin\u00e9aste blanc produit un film raciste \u00e0 destination d\u2019un public blanc europ\u00e9en, et la question migratoire est utilis\u00e9e pour l\u00e9gitimer la domination politico-culturo-symbolique occidentale.<\/li>\n<\/ul>\n<p>Pour vous exercer, vous pouvez par exemple essayer avec Io Capitano (Matteo Garrone, 2023)<\/p>\n<p><strong>\u00ab Zone d\u2019int\u00e9r\u00eat \u00bb et territoires occup\u00e9s<\/strong><\/p>\n<p>Lors de la r\u00e9cente c\u00e9r\u00e9monie des C\u00e9sars, o\u00f9 il a re\u00e7u le C\u00e9sar du meilleur film \u00e9tranger pour son film \u00ab Zone d\u2019int\u00e9r\u00eat \u00bb, le r\u00e9alisateur Jonathan Glazer a d\u00e9clar\u00e9 : \u00ab Aujourd\u2019hui la Shoah et la s\u00e9curit\u00e9 juive sont utilis\u00e9es pour justifier les massacres et les nettoyages ethniques \u00e0 Gaza \u00bb. Le r\u00e9alisateur anglais ne faisait sans doute pas directement r\u00e9f\u00e9rence \u00e0 l\u2019industrie cin\u00e9matographique, mais on est oblig\u00e9 de constater que ces derniers mois, de nombreux films ont effectivement utilis\u00e9 le th\u00e8me de la Shoah :<\/p>\n<ul>\n<li>On peut d\u2019ailleurs commencer cette liste par le film de Jonathan Glazer lui-m\u00eame : Zone d\u2019int\u00e9r\u00eat, qui d\u00e9peint la vie autour du camp d\u2019Auschwitz.<\/li>\n<li>R\u00e9alis\u00e9 par Brady Corbet, The Brutalist (2024) raconte la vie d\u2019un architecte hongrois qui fuit la Shoah pour se r\u00e9fugier aux USA.<\/li>\n<li>R\u00e9alis\u00e9 par Michel Hazanavicius, La Plus Pr\u00e9cieuse Des Marchandises (2024) est un film d\u2019animation qui raconte l\u2019histoire d\u2019un b\u00e9b\u00e9 juif recueilli par des bucherons.<\/li>\n<li>R\u00e9alis\u00e9 par Andres Veiel, le documentaire Riefenstahl (2024), d\u00e9crit le d\u00e9ni de l\u2019actrice\/r\u00e9alisatrice Leni Riefenstahl face aux archives t\u00e9moignant de sa collaboration avec le r\u00e9gime nazi.<\/li>\n<li>Le r\u00e9alisateur Tim Fehlbaum apporte une variante et traite directement du terrorisme palestinien (la prise d\u2019otages des JO de Munich de 1972) dans son r\u00e9cent film \u00ab 5 septembre \u00bb (2024), un \u00ab 5 septembre \u00bb qu\u2019on doit sans doute prononcer \u00ab 7 octobre \u00bb.<\/li>\n<\/ul>\n<p style=\"text-align: center;\"><a href=\"https:\/\/bruxelles-pantheres.be\/wp-content\/uploads\/2025\/03\/3.png\"><img decoding=\"async\" class=\"alignnone wp-image-6243 size-full\" src=\"https:\/\/bruxelles-pantheres.be\/wp-content\/uploads\/2025\/03\/3.png\" alt=\"\" width=\"605\" height=\"308\" srcset=\"https:\/\/bruxelles-pantheres.be\/wp-content\/uploads\/2025\/03\/3.png 605w, https:\/\/bruxelles-pantheres.be\/wp-content\/uploads\/2025\/03\/3-300x153.png 300w\" sizes=\"(max-width: 605px) 100vw, 605px\" \/><\/a><br \/>\nFigure 2 &#8211; Capture d\u2019\u00e9cran du film \u00ab 5 septembre \u00bb<\/p>\n<p>\u2022 R\u00e9alis\u00e9 par Zar Amir Ebrahimi et Guy Native, le film Tatami (2023) nous donne une le\u00e7on sur l\u2019autoritarisme patriarcal du r\u00e9gime iranien (vs la libert\u00e9 isra\u00e9lienne). \u00c0 la fin du film, l\u2019h\u00e9ro\u00efne, une judoka iranienne, refuse d\u2019ob\u00e9ir au pouvoir iranien et accepte d\u2019affronter une judoka isra\u00e9lienne. Pour c\u00e9l\u00e9brer cette lib\u00e9ration, l\u2019Iranienne retire son voile. Et cela, le monde occidental adore.<br \/>\nComme le sugg\u00e8re Jonathan Glazer, ces diff\u00e9rentes productions servent sans doute tr\u00e8s bien la hasbara (propagande sioniste \u00e0 destination de l\u2019\u00e9tranger).<\/p>\n<p><strong>Sortir des salles obscures ?<\/strong><\/p>\n<p>En 1946, le Tribunal de Nuremberg condamna Julius Streicher, le propri\u00e9taire d\u2019un journal antis\u00e9mite, pour son r\u00f4le durant la Shoah. En 2015, le Tribunal p\u00e9nal international pour le Rwanda condamna la radio Mille Collines et le journal Kangura pour leurs r\u00f4les dans le g\u00e9nocide. Aujourd\u2019hui, un Craig Mokhiber (ancien juriste des Nations Unies) se demande si les m\u00e9dias occidentaux ne se rendent pas complices du g\u00e9nocide \u00e0 Gaza (en raison de la couverture biais\u00e9e et de la d\u00e9shumanisation des Palestiniens), et s\u2019ils ne devraient pas rendre des comptes un jour devant la justice.<br \/>\nOn ne va bien entendu pas attendre une improbable condamnation des m\u00e9dias occidentaux mais on n\u2019oublie pas, on ne pardonne pas les invasions et les massacres commis sur les populations irakiennes, afghanes, libyennes,&#8230;On peut par contre inviter ici l\u2019industrie cin\u00e9matographique et plus modestement les salles de cin\u00e9mas belges (et particuli\u00e8rement les salles \u00ab ind\u00e9pendantes \u00bb) \u00e0 r\u00e9fl\u00e9chir leur r\u00f4le dans la propagation de sch\u00e9mas racistes, islamophobes et prosionistes.<\/p>\n<p>Aleph Walden pour Bruxelles Panth\u00e8res<\/p>\n","protected":false},"excerpt":{"rendered":"<p>\u00ab Emilia Perez \u00bb, le film de Jacques Audiard, se porte bien : r\u00e9compens\u00e9 au printemps dernier au festival de Cannes, en janvier aux Golden Globes, en f\u00e9vrier aux C\u00e9sars et en mars aux Oscars. Encens\u00e9 par la critique et ayant rencontr\u00e9 un certain succ\u00e8s commercial, la production fran\u00e7aise a pourtant fait l\u2019objet d\u2019une importante &#8230; <a title=\"LE SEPTIEME ART DE L\u2019EMPIRE\" class=\"read-more\" href=\"https:\/\/bruxelles-pantheres.be\/?p=6240\" aria-label=\"En savoir plus sur LE SEPTIEME ART DE L\u2019EMPIRE\">Lire la suite<\/a><\/p>\n","protected":false},"author":1,"featured_media":6244,"comment_status":"open","ping_status":"open","sticky":false,"template":"","format":"standard","meta":{"footnotes":""},"categories":[539,36,537,18,28],"tags":[],"class_list":["post-6240","post","type-post","status-publish","format-standard","has-post-thumbnail","hentry","category-belgique","category-europe","category-presse-medias","category-resistance-bruxelles","category-racismes"],"_links":{"self":[{"href":"https:\/\/bruxelles-pantheres.be\/index.php?rest_route=\/wp\/v2\/posts\/6240","targetHints":{"allow":["GET"]}}],"collection":[{"href":"https:\/\/bruxelles-pantheres.be\/index.php?rest_route=\/wp\/v2\/posts"}],"about":[{"href":"https:\/\/bruxelles-pantheres.be\/index.php?rest_route=\/wp\/v2\/types\/post"}],"author":[{"embeddable":true,"href":"https:\/\/bruxelles-pantheres.be\/index.php?rest_route=\/wp\/v2\/users\/1"}],"replies":[{"embeddable":true,"href":"https:\/\/bruxelles-pantheres.be\/index.php?rest_route=%2Fwp%2Fv2%2Fcomments&post=6240"}],"version-history":[{"count":1,"href":"https:\/\/bruxelles-pantheres.be\/index.php?rest_route=\/wp\/v2\/posts\/6240\/revisions"}],"predecessor-version":[{"id":6245,"href":"https:\/\/bruxelles-pantheres.be\/index.php?rest_route=\/wp\/v2\/posts\/6240\/revisions\/6245"}],"wp:featuredmedia":[{"embeddable":true,"href":"https:\/\/bruxelles-pantheres.be\/index.php?rest_route=\/wp\/v2\/media\/6244"}],"wp:attachment":[{"href":"https:\/\/bruxelles-pantheres.be\/index.php?rest_route=%2Fwp%2Fv2%2Fmedia&parent=6240"}],"wp:term":[{"taxonomy":"category","embeddable":true,"href":"https:\/\/bruxelles-pantheres.be\/index.php?rest_route=%2Fwp%2Fv2%2Fcategories&post=6240"},{"taxonomy":"post_tag","embeddable":true,"href":"https:\/\/bruxelles-pantheres.be\/index.php?rest_route=%2Fwp%2Fv2%2Ftags&post=6240"}],"curies":[{"name":"wp","href":"https:\/\/api.w.org\/{rel}","templated":true}]}}