{"id":6251,"date":"2025-03-05T22:02:03","date_gmt":"2025-03-05T21:02:03","guid":{"rendered":"https:\/\/bruxelles-pantheres.be\/?p=6251"},"modified":"2025-03-10T22:06:36","modified_gmt":"2025-03-10T21:06:36","slug":"monsieur-el-anouni-votre-declaration-est-une-insulte-a-lintelligence-et-une-complicite-explicite-avec-le-genocide-en-cours-a-gaza","status":"publish","type":"post","link":"https:\/\/bruxelles-pantheres.be\/?p=6251","title":{"rendered":"Monsieur El-Anouni, Votre d\u00e9claration  est une insulte \u00e0 l\u2019intelligence et une complicit\u00e9 explicite avec le g\u00e9nocide en cours \u00e0 Gaza."},"content":{"rendered":"<h5><span style=\"color: #080809;\"><span style=\"font-family: Verdana, Geneva, sans-serif;\"><b>\u00c0 l\u2019attention de Monsieur El-Anouni &#8211;<\/b><\/span><\/span><span style=\"color: #080809;\"><span style=\"font-family: Verdana, Geneva, sans-serif;\">\u00a0<\/span><\/span><span style=\"font-family: Verdana, Geneva, sans-serif;\"><b><a href=\"https:\/\/www.facebook.com\/eucouncil?__cft__[0]=AZUg8cU6M3U_uhFwHqClmDxuY_O8mEcdLo1wK08aRKDG2j6rAL_QT-cHb1DoD7DPJg2gooNuVdnNwVaOF2waXxuABkqVFFRK7AVkjdwvtPtdSDLbl3u3BCCkiAT-3mATWJLYS6r78XPUFiUsPFIhF6XDmEnPWTTwnyeOis20zU-Prg&amp;__tn__=-]K-R\" target=\"_blank\" rel=\"noopener\">Council of the European Union<\/a><\/b><\/span><span style=\"font-family: Verdana, Geneva, sans-serif;\">\u00a0<\/span><\/h5>\n<h5><span style=\"font-family: Verdana, Geneva, sans-serif;\"><b><a href=\"https:\/\/www.facebook.com\/epbelgium?__cft__[0]=AZUg8cU6M3U_uhFwHqClmDxuY_O8mEcdLo1wK08aRKDG2j6rAL_QT-cHb1DoD7DPJg2gooNuVdnNwVaOF2waXxuABkqVFFRK7AVkjdwvtPtdSDLbl3u3BCCkiAT-3mATWJLYS6r78XPUFiUsPFIhF6XDmEnPWTTwnyeOis20zU-Prg&amp;__tn__=-]K-R\" target=\"_blank\" rel=\"noopener\">Europees Parlement in Belgi\u00eb \/ Parlement europ\u00e9en en Belgique<\/a><\/b><\/span><\/h5>\n<h5><span style=\"color: #080809;\"><span style=\"font-family: Verdana, Geneva, sans-serif;\">Votre d\u00e9claration (voir ci-dessous) est une insulte \u00e0 l\u2019intelligence et une complicit\u00e9 explicite avec le g\u00e9nocide en cours \u00e0 Gaza.<\/span><\/span><\/h5>\n<h5 class=\"ob-h1 western\"><strong><i><span style=\"font-family: Verdana, Geneva, sans-serif;\">D\u00e9claration du Porte-parole\u00a0<\/span><span style=\"font-family: Verdana, Geneva, sans-serif;\">de la politique \u00e9trang\u00e8re\u00a0<\/span><span style=\"font-family: Verdana, Geneva, sans-serif;\">&amp;<\/span><span style=\"font-family: Verdana, Geneva, sans-serif;\">\u00a0de la politique de s\u00e9curit\u00e9 de\u00a0<\/span><span style=\"font-family: Verdana, Geneva, sans-serif;\">l\u2019UE, Mr El-Anouni,\u00a0<\/span><span style=\"font-family: Verdana, Geneva, sans-serif;\">sur le cessez-le-feu \u00e0 Gaza<\/span><\/i><\/strong><\/h5>\n<h5><i>02.03.2025\u00a0<a href=\"https:\/\/www.eeas.europa.eu\/eeas-press-team_en\">\u00c9quipe de presse du SEAE<\/a><\/i><!--more--><\/h5>\n<p><img decoding=\"async\" class=\"aligncenter\" src=\"https:\/\/image.canalblog.com\/M770_dMAsJof82P3mTMzStvGbV0=\/filters:no_upscale()\/image%2F1293809%2F20250305%2Fob_ebe27f_th-id-oip.tmr2eXis_Jg_M_0_MstJ6QHaEK%26pid%3DApi%26f%3D1%26ipt%3Dc1ca4d5db901029985ea0b8f9490f8df18e803f4098c174bc47271621d5628c9%26ipo%3Dimages\" \/><\/p>\n<blockquote><p><i>\u00a0\u00bbL&rsquo;UE condamne le refus du Hamas d&rsquo;accepter la prorogation de la premi\u00e8re phase de l&rsquo;accord de cessez-le-feu \u00e0 Gaza. La d\u00e9cision ult\u00e9rieure isra\u00e9lienne de bloquer l&rsquo;entr\u00e9e de toute l&rsquo;aide humanitaire \u00e0 Gaza pourrait avoir des cons\u00e9quences humanitaires.<\/i><\/p>\n<p><i>L&rsquo;UE appelle \u00e0 une reprise rapide des n\u00e9gociations sur la deuxi\u00e8me phase du cessez-le-feu et exprime son ferme soutien aux m\u00e9diateurs.<\/i><\/p>\n<p><i>Un cessez-le-feu permanent contribuerait \u00e0 lib\u00e9rer tous les otages isra\u00e9liens restants tout en assurant les conditions n\u00e9cessaires au rel\u00e8vement et \u00e0 la reconstruction de Gaza. Toutes les parties ont la responsabilit\u00e9 politique d&rsquo;en faire une r\u00e9alit\u00e9.<\/i><\/p>\n<p><i>L&rsquo;UE r\u00e9it\u00e8re ses appels en faveur d&rsquo;un acc\u00e8s total, rapide, s\u00fbr et sans entrave \u00e0 l&rsquo;aide humanitaire \u00e0 l&rsquo;\u00e9chelle des Palestiniens dans le besoin et de permettre et de faciliter les travailleurs humanitaires et les organisations internationales \u00e0 fonctionner efficacement et en toute s\u00e9curit\u00e9 \u00e0 l&rsquo;int\u00e9rieur de Gaza.<\/i><\/p>\n<p><i>La mission civile de l&rsquo;UE charg\u00e9e de l&rsquo;assistance \u00e0 la fronti\u00e8re pour le point de passage de Rafah (EUBAM Rafah) est pr\u00eate \u00e0 poursuivre ses travaux si les parties en font la demande. Gr\u00e2ce \u00e0 sa pr\u00e9sence, pr\u00e8s de 3.000 personnes ont jusqu&rsquo;\u00e0 pr\u00e9sent franchi la fronti\u00e8re avec l&rsquo;\u00c9gypte depuis le 1er f\u00e9vrier\u00a0\u00bb.<\/i><\/p><\/blockquote>\n<p>&nbsp;<\/p>\n<figure class=\"image-align-left\"><img decoding=\"async\" class=\"alignleft\" src=\"https:\/\/image.canalblog.com\/bSum_vXnKOj5vkS45VnQyQeROT8=\/filters:no_upscale()\/image%2F1293809%2F20250305%2Fob_acedab_anouar-el-anouni.jpg%3Fh%3D222b92f9%26itok%3DyhWh6MZn\" alt=\"\" width=\"250\" height=\"250\" data-amp-height=\"250\" data-amp-width=\"250\" \/><figcaption>Mr Anouar El-Anouni<\/figcaption><\/figure>\n<p><span style=\"color: #080809;\"><span style=\"font-family: Verdana, Geneva, sans-serif;\">L&rsquo;Union europ\u00e9enne (UE) d\u00e9montre encore une fois son alignement sur les int\u00e9r\u00eats imp\u00e9rialistes et sionistes en condamnant le Hamas pour ne pas avoir accept\u00e9 un cessez-le-feu que l\u2019\u00c9tat d\u2019\u2019Isra\u00ebl\u2019 lui-m\u00eame a rompu.<\/span><\/span><\/p>\n<p><span style=\"color: #080809;\"><span style=\"font-family: Verdana, Geneva, sans-serif;\">Ce positionnement est une n\u00e9gation totale du droit international et r\u00e9v\u00e8le la complicit\u00e9 active de l\u2019UE dans le massacre du peuple palestinien.<\/span><\/span><\/p>\n<p><span style=\"color: #080809;\"><span style=\"font-family: Verdana, Geneva, sans-serif;\">Comment osez-vous bl\u00e2mer la r\u00e9sistance palestinienne pour ne pas avoir cautionn\u00e9 une tr\u00eave viol\u00e9e par l\u2019occupant?<\/span><\/span><\/p>\n<p><span style=\"color: #080809;\"><span style=\"font-family: Verdana, Geneva, sans-serif;\">Netanyahu et son gouvernement criminel, dont plusieurs membres sont sous enqu\u00eate pour crimes de guerre et crimes contre l&rsquo;humanit\u00e9, n&rsquo;ont jamais eu l&rsquo;intention de respecter un cessez-le-feu durable.<\/span><\/span><\/p>\n<p><span style=\"color: #080809;\"><span style=\"font-family: Verdana, Geneva, sans-serif;\">Ils utilisent les pauses humanitaires comme des instruments cyniques pour r\u00e9organiser leur campagne d\u2019extermination \u00e0 Gaza, tout en manipulant l\u2019opinion publique occidentale.<\/span><\/span><\/p>\n<p><span style=\"color: #080809;\"><span style=\"font-family: Verdana, Geneva, sans-serif;\">Cette d\u00e9claration de l\u2019UE est particuli\u00e8rement grave: elle consacre l\u2019id\u00e9e que les engagements internationaux ne valent rien lorsque c\u2019est un \u00c9tat colonialiste et g\u00e9nocidaire qui les foule aux pieds.<\/span><\/span><\/p>\n<p><span style=\"color: #080809;\"><span style=\"font-family: Verdana, Geneva, sans-serif;\">Ce n&rsquo;est pas une simple hypocrisie diplomatique, c&rsquo;est une trahison du droit lui-m\u00eame, un abandon total des principes de justice et de souverainet\u00e9 des peuples opprim\u00e9s.<\/span><\/span><\/p>\n<p><span style=\"color: #080809;\"><span style=\"font-family: Verdana, Geneva, sans-serif;\">L\u2019Union europ\u00e9enne, sous couvert de neutralit\u00e9, est en r\u00e9alit\u00e9 un complice actif de cette extermination. Vous financez, vous armez, vous prot\u00e9gez \u2018Isra\u00ebl\u2019 dans toutes ses exactions. Vous \u00eates les relais du discours colonial qui criminalise les opprim\u00e9s et absout les bourreaux.<\/span><\/span><\/p>\n<p><span style=\"color: #080809;\"><span style=\"font-family: Verdana, Geneva, sans-serif;\">Votre condamnation du Hamas n\u2019a qu\u2019un seul but: l\u00e9gitimer la machine de mort isra\u00e9lienne et faire taire la r\u00e9sistance d\u2019un peuple qui refuse de dispara\u00eetre.<\/span><\/span><\/p>\n<p>&nbsp;<\/p>\n<figure class=\"image-align-right\"><img decoding=\"async\" class=\"alignright\" src=\"https:\/\/image.canalblog.com\/L7nvNCcNYzhxnk18tNIaKO3kVrY=\/filters:no_upscale()\/image%2F1293809%2F20250305%2Fob_c8986c_231207-mtl-manif-melaniejoly-pancarte0.jpg%26f%3D1%26nofb%3D1%26ipt%3D0720250a73cc813d5f86c010d0fafaa7c72f135196ebaddb2a2c4f3618e09954%26ipo%3Dimages\" alt=\"\" width=\"250\" height=\"227\" data-amp-height=\"227\" data-amp-width=\"250\" \/><\/figure>\n<p><span style=\"color: #080809;\"><span style=\"font-family: Verdana, Geneva, sans-serif;\">Il n\u2019y a plus d\u2019\u00c9tat de droit, plus de justice, plus de principes moraux dans vos institutions. Ce qu\u2019il reste, c\u2019est la soumission aux int\u00e9r\u00eats sionistes et imp\u00e9rialistes, la compromission avec les criminels de guerre, l\u2019effacement du droit international lorsqu\u2019il concerne les peuples colonis\u00e9s.<\/span><\/span><\/p>\n<p><span style=\"color: #080809;\"><span style=\"font-family: Verdana, Geneva, sans-serif;\">Vous \u00eates du c\u00f4t\u00e9 de l\u2019oppresseur, du c\u00f4t\u00e9 de ceux qui rasent des h\u00f4pitaux, qui ex\u00e9cutent des enfants, qui bombardent des camps de r\u00e9fugi\u00e9s.<\/span><\/span><\/p>\n<p><span style=\"color: #080809;\"><span style=\"font-family: Verdana, Geneva, sans-serif;\">Mais sachez-le: les peuples ne pardonneront pas. L\u2019histoire jugera les l\u00e2ches et les collaborateurs. Et vous, Monsieur El-Anouni, porterez \u00e0 jamais la honte d\u2019avoir \u00e9t\u00e9 le porte-voix du mensonge et de l\u2019injustice.<\/span><\/span><\/p>\n<p>&nbsp;<\/p>\n<p><span style=\"color: #080809;\"><span style=\"font-family: Verdana, Geneva, sans-serif;\">Cessez imm\u00e9diatement cette complicit\u00e9 criminelle. Exigez l\u2019arr\u00eat total des massacres. Exigez des sanctions imm\u00e9diates contre l\u2019\u00c9tat g\u00e9nocidaire.<\/span><\/span><\/p>\n<p>&nbsp;<\/p>\n<p><span style=\"color: #080809;\"><span style=\"font-family: Verdana, Geneva, sans-serif;\">Tout autre positionnement fait de vous un complice du crime.<\/span><\/span><\/p>\n<p><span style=\"font-family: Verdana, Geneva, sans-serif;\"><b>Nordine Sa\u00efdi &#8211;<\/b><\/span><\/p>\n<p><span style=\"font-family: Verdana, Geneva, sans-serif;\">05.03.25<\/span><\/p>\n","protected":false},"excerpt":{"rendered":"<p>\u00c0 l\u2019attention de Monsieur El-Anouni &#8211;\u00a0Council of the European Union\u00a0 Europees Parlement in Belgi\u00eb \/ Parlement europ\u00e9en en Belgique Votre d\u00e9claration (voir ci-dessous) est une insulte \u00e0 l\u2019intelligence et une complicit\u00e9 explicite avec le g\u00e9nocide en cours \u00e0 Gaza. D\u00e9claration du Porte-parole\u00a0de la politique \u00e9trang\u00e8re\u00a0&amp;\u00a0de la politique de s\u00e9curit\u00e9 de\u00a0l\u2019UE, Mr El-Anouni,\u00a0sur le cessez-le-feu \u00e0 &#8230; <a title=\"Monsieur El-Anouni, Votre d\u00e9claration  est une insulte \u00e0 l\u2019intelligence et une complicit\u00e9 explicite avec le g\u00e9nocide en cours \u00e0 Gaza.\" class=\"read-more\" href=\"https:\/\/bruxelles-pantheres.be\/?p=6251\" aria-label=\"En savoir plus sur Monsieur El-Anouni, Votre d\u00e9claration  est une insulte \u00e0 l\u2019intelligence et une complicit\u00e9 explicite avec le g\u00e9nocide en cours \u00e0 Gaza.\">Lire la suite<\/a><\/p>\n","protected":false},"author":1,"featured_media":5804,"comment_status":"open","ping_status":"open","sticky":false,"template":"","format":"standard","meta":{"footnotes":""},"categories":[21,36,6,18],"tags":[509],"class_list":["post-6251","post","type-post","status-publish","format-standard","has-post-thumbnail","hentry","category-anti-imperialisme","category-europe","category-palestine-moyen-orient","category-resistance-bruxelles","tag-hamas"],"_links":{"self":[{"href":"https:\/\/bruxelles-pantheres.be\/index.php?rest_route=\/wp\/v2\/posts\/6251","targetHints":{"allow":["GET"]}}],"collection":[{"href":"https:\/\/bruxelles-pantheres.be\/index.php?rest_route=\/wp\/v2\/posts"}],"about":[{"href":"https:\/\/bruxelles-pantheres.be\/index.php?rest_route=\/wp\/v2\/types\/post"}],"author":[{"embeddable":true,"href":"https:\/\/bruxelles-pantheres.be\/index.php?rest_route=\/wp\/v2\/users\/1"}],"replies":[{"embeddable":true,"href":"https:\/\/bruxelles-pantheres.be\/index.php?rest_route=%2Fwp%2Fv2%2Fcomments&post=6251"}],"version-history":[{"count":1,"href":"https:\/\/bruxelles-pantheres.be\/index.php?rest_route=\/wp\/v2\/posts\/6251\/revisions"}],"predecessor-version":[{"id":6252,"href":"https:\/\/bruxelles-pantheres.be\/index.php?rest_route=\/wp\/v2\/posts\/6251\/revisions\/6252"}],"wp:featuredmedia":[{"embeddable":true,"href":"https:\/\/bruxelles-pantheres.be\/index.php?rest_route=\/wp\/v2\/media\/5804"}],"wp:attachment":[{"href":"https:\/\/bruxelles-pantheres.be\/index.php?rest_route=%2Fwp%2Fv2%2Fmedia&parent=6251"}],"wp:term":[{"taxonomy":"category","embeddable":true,"href":"https:\/\/bruxelles-pantheres.be\/index.php?rest_route=%2Fwp%2Fv2%2Fcategories&post=6251"},{"taxonomy":"post_tag","embeddable":true,"href":"https:\/\/bruxelles-pantheres.be\/index.php?rest_route=%2Fwp%2Fv2%2Ftags&post=6251"}],"curies":[{"name":"wp","href":"https:\/\/api.w.org\/{rel}","templated":true}]}}