{"id":6256,"date":"2025-03-14T18:15:44","date_gmt":"2025-03-14T17:15:44","guid":{"rendered":"https:\/\/bruxelles-pantheres.be\/?p=6256"},"modified":"2025-03-14T18:15:44","modified_gmt":"2025-03-14T17:15:44","slug":"resister-a-la-frenesie-militariste","status":"publish","type":"post","link":"https:\/\/bruxelles-pantheres.be\/?p=6256","title":{"rendered":"R\u00e9sister \u00e0 la fr\u00e9n\u00e9sie militariste"},"content":{"rendered":"<header class=\"required-fields  r-article--header\">Face \u00e0 l\u2019intensification du discours militariste en Europe apr\u00e8s la suspension du soutien US \u00e0 l\u2019Ukraine, cette carte blanche alerte sur la mont\u00e9e en puissance de la remilitarisation et la marginalisation des voix critiques. Il appelle \u00e0 r\u00e9sister \u00e0 cette fr\u00e9n\u00e9sie, \u00e0 privil\u00e9gier la diplomatie et \u00e0 pr\u00e9server la solidarit\u00e9 sociale.<\/header>\n<p><!--more--><\/p>\n<figure class=\"r-ratio--16-9  r-article--main-img\" role=\"img\" aria-label=\"Le pr\u00e9sident ukrainien Volodymyr Zelensky, entre Ant\u00f3nio Costa, pr\u00e9sident du Conseil europ\u00e9en et Ursula von der Leyen, pr\u00e9sidente de la Commission europ\u00e9enne lors du sommet extraordinaire du 6 mars. L\u2019aide \u00e0 l\u2019Ukraine et le r\u00e9armement de l\u2019Europe furent au centre de toutes les discussions.\">\n<p><figure style=\"width: 1149px\" class=\"wp-caption alignnone\"><img decoding=\"async\" class=\"r-img\" src=\"https:\/\/leseng.rosselcdn.net\/sites\/default\/files\/dpistyles_v2\/ls_16_9_864w\/2025\/03\/11\/node_660811\/32104841\/public\/2025\/03\/11\/36332776.jpeg?itok=wEdZQW3o1741693300\" srcset=\"https:\/\/leseng.rosselcdn.net\/sites\/default\/files\/dpistyles_v2\/ls_16_9_864w\/2025\/03\/11\/node_660811\/32104841\/public\/2025\/03\/11\/36332776.jpeg?itok=wEdZQW3o1741693300 864w\" alt=\"Le pr\u00e9sident ukrainien Volodymyr Zelensky, entre Ant\u00f3nio Costa, pr\u00e9sident du Conseil europ\u00e9en et Ursula von der Leyen, pr\u00e9sidente de la Commission europ\u00e9enne lors du sommet extraordinaire du 6 mars. L\u2019aide \u00e0 l\u2019Ukraine et le r\u00e9armement de l\u2019Europe furent au centre de toutes les discussions.\" width=\"1159\" height=\"651\" data-copyright=\"Photo News\" \/><figcaption class=\"wp-caption-text\">Le pr\u00e9sident ukrainien Volodymyr Zelensky, entre Ant\u00f3nio Costa, pr\u00e9sident du Conseil europ\u00e9en et Ursula von der Leyen, pr\u00e9sidente de la Commission europ\u00e9enne lors du sommet extraordinaire du 6 mars. L\u2019aide \u00e0 l\u2019Ukraine et le r\u00e9armement de l\u2019Europe furent au centre de toutes les discussions. &#8211; Photo News<\/figcaption><\/figure><\/figure>\n<p>&nbsp;<\/p>\n<figure class=\"r-author--img\" role=\"img\"><img decoding=\"async\" class=\"r-img lazyloaded\" src=\"https:\/\/leseng.rosselcdn.net\/sites\/all\/themes\/enacarbon_lesoir\/images\/s-lesoir.svg\" alt=\"Image auteur par d\u00e9faut\" data-src=\"\/sites\/all\/themes\/enacarbon_lesoir\/images\/s-lesoir.svg\" \/><span class=\"required-fields r-meta--top\"><strong class=\"r-article--libelle\">Carte blanche<\/strong>\u00a0&#8211;<\/span><\/figure>\n<address>Par Christophe Wasinski, professeur de relations internationales \u00e0 l\u2019Universit\u00e9 libre de Bruxelles; D\u00e9borah V. Brosteaux, chercheuse en philosophie au FNRS (tous deux sont membres du Centre de Recherche sur l\u2019Exp\u00e9rience de Guerre MSH-ULB); Renaud-Selim Sanli, \u00e9diteur aux \u00e9ditions M\u00e9t\u00e9ores (Bruxelles).<\/address>\n<p><span class=\"required-fields r-meta--bottom\"><time class=\"\" datetime=\"2025-03-11T12:41:28\">Publi\u00e9 le 11\/03\/2025 \u00e0 12:41<\/time>\u00a0<\/span><\/p>\n<div class=\"paywall qiota_reserve\">\n<p><span class=\"drop-cap r-lettrine\">E<\/span>n r\u00e9action \u00e0 l\u2019annonce de la suspension du soutien militaire et financier des Etats-Unis \u00e0 l\u2019Ukraine, les gouvernements europ\u00e9ens ont intensifi\u00e9 leurs discours et programmes en faveur de la mobilisation guerri\u00e8re. Outre le fait que l\u2019augmentation massive des budgets des arm\u00e9es soit pr\u00e9sent\u00e9e comme un imp\u00e9ratif, le spectre du service militaire obligatoire fait son retour et les d\u00e9cideurs \u00e9voquent la n\u00e9cessit\u00e9 de pr\u00e9parer les populations \u00e0 l\u2019effort de guerre. On assiste \u00e0 un v\u00e9ritable alignement des principales forces politiques quant au besoin de r\u00e9armer. Le discours s\u00e9curitaire est par ailleurs relay\u00e9, sans recul critique, par la plupart des m\u00e9dias. La mobilisation, \u00e0 la fois mat\u00e9rielle et psychologique, n\u2019est certes pas neuve. Elle est d\u00e9j\u00e0 \u00e0 l\u2019\u0153uvre depuis le d\u00e9but de l\u2019invasion de l\u2019Ukraine par la Russie en f\u00e9vrier 2022. L\u2019attitude de l\u2019administration Trump a donn\u00e9 un coup d\u2019acc\u00e9l\u00e9rateur \u00e0 cet \u00e9lan. A la lumi\u00e8re de ces \u00e9v\u00e9nements, il est non seulement important de r\u00e9fl\u00e9chir \u00e0 l\u2019adaptation de la posture de d\u00e9fense europ\u00e9enne, mais tout aussi essentiel d\u2019adopter une perspective critique sur l\u2019inqui\u00e9tante dynamique d\u2019escalade en cours.<\/p>\n<h2 class=\"sub-head\">L\u2019option du r\u00e9armement est-elle la seule\u00a0?<\/h2>\n<p>Nous sommes pris d\u2019effroi face aux centaines de milliers de vies ukrainiennes et russes que cette guerre a d\u00e9j\u00e0 emport\u00e9es, nous ressentons de la col\u00e8re face \u00e0 la violence inou\u00efe de l\u2019imp\u00e9rialisme russe et de ses crimes de guerre, et nous aspirons plus que tout \u00e0 une fin des hostilit\u00e9s et \u00e0 l\u2019\u00e9mergence d\u2019un monde plus s\u00fbr. Mais, et justement pour ces derni\u00e8res raisons, nous sommes \u00e9galement effray\u00e9s par la mani\u00e8re dont la remilitarisation europ\u00e9enne s\u2019impose aujourd\u2019hui comme l\u2019unique option valable. Et ce, sans que les effets de cette \u00ab unique option \u00bb ne soient envisag\u00e9s avec lucidit\u00e9. La mobilisation guerri\u00e8re va de pair avec la mobilisation de la pens\u00e9e, disqualifiant par avance toute possibilit\u00e9 autre. Il est urgent de r\u00e9sister \u00e0 cette mani\u00e8re d\u2019imposer les termes du d\u00e9bat.<\/p>\n<p>Les thurif\u00e9raires de la solution militaire ont d\u2019abord cherch\u00e9 \u00e0 nous persuader que les \u00ab\u00a0armes miracles\u00a0\u00bb (missiles antichars, pi\u00e8ces d\u2019artillerie, lance-roquettes, missiles ou encore chasseurs-bombardiers) allaient changer la situation de mani\u00e8re d\u00e9cisive en Ukraine. Cela n\u2019a pas \u00e9t\u00e9 le cas. Aujourd\u2019hui, c\u2019est \u00ab\u00a0l\u2019effort de guerre miracle\u00a0\u00bb qui est d\u00e9fendu dans les sph\u00e8res politiques et m\u00e9diatiques. Ce texte n\u2019a pas l\u2019ambition de proposer une quelconque autre technique providentielle. Il vise d\u2019abord \u00e0 rappeler qu\u2019au beau milieu d\u2019une guerre, dans un monde rendu incertain par le recours r\u00e9current \u00e0 la violence militaire, les solutions miracles n\u2019existent tout simplement pas. C\u2019est pour cela que nous avons besoin de celles et ceux qui doutent et qui envisagent la pluralit\u00e9 des voies possibles. En ne leur donnant aucune place, il est \u00e0 craindre que celles et ceux qui n\u2019ont pas confiance dans les discours guerriers europ\u00e9ens en arrivent \u00e0 consid\u00e9rer la voie trumpienne comme une option critique acceptable, ce qui serait d\u00e9sastreux.<\/p>\n<h2 class=\"sub-head\">Aust\u00e9rit\u00e9 \u00e0 deux vitesses et d\u00e9complex\u00e9e<\/h2>\n<p>Si les r\u00e9ponses europ\u00e9ennes actuelles \u00e9taient v\u00e9ritablement au service de notre d\u00e9sir de paix, la possibilit\u00e9 qu\u2019il n\u2019y ait plus d\u2019autre choix que de s\u2019armer devrait appara\u00eetre dans toute sa tonalit\u00e9 tragique, comme l\u2019\u00e9chec de tout ce \u00e0 quoi nous tenons. Au lieu de cela, le cri \u00ab\u00a0Il n\u2019y a plus d\u2019autre choix possible\u00a0!\u00a0\u00bb s\u2019accompagne d\u2019un v\u00e9ritable enthousiasme, d\u2019un engouement, d\u2019un \u00ab\u00a0Pas trop t\u00f4t\u00a0!\u00a0\u00bb. L\u2019\u00e9conomiste belge Bruno Colmant d\u00e9clare \u00e0 la presse qu\u2019il faut \u00e0 pr\u00e9sent \u00ab\u00a0r\u00e9habiliter l\u2019arm\u00e9e comme \u00e9tant une valeur fondamentale de notre soci\u00e9t\u00e9\u00a0\u00bb (1). Tandis que d\u2019apr\u00e8s\u00a0<em>Sud Info<\/em>, face \u00e0 la crainte d\u2019une troisi\u00e8me guerre mondiale, des Bruxellois seraient pr\u00eats \u00ab\u00a0\u00e0 devenir de la chair \u00e0 canon pour d\u00e9fendre l\u2019Europe\u00a0\u00bb (2). En France, le directeur g\u00e9n\u00e9ral de la Banque Publique d\u2019Investissement ass\u00e8ne que l\u2019endettement, c\u2019est pour acheter \u00ab\u00a0des canons, pas le Doliprane de ma m\u00e8re\u00a0\u00bb (3). Derri\u00e8re cet euph\u00e9misme des Dolipranes, il faut entendre\u00a0: les soins de sant\u00e9, la s\u00e9curit\u00e9 sociale, la transition \u00e9cologique\u2026 Cette aust\u00e9rit\u00e9 \u00e0 deux vitesses et d\u00e9complex\u00e9e est en parfaite ad\u00e9quation avec les programmes politiques n\u00e9olib\u00e9raux, tel que celui que porte actuellement la coalition Arizona. Charles Michel qualifie la situation de\u00a0<a href=\"https:\/\/www.lesoir.be\/659679\/article\/2025-03-05\/charles-michel-nous-sommes-dans-un-moment-de-verite-sans-precedent-pour-lavenir\" target=\"_blank\" rel=\"noopener\">\u00ab\u00a0moment de v\u00e9rit\u00e9 sans pr\u00e9c\u00e9dent\u00a0\u00bb<\/a>. En France, Rapha\u00ebl Glucksman consid\u00e8re que \u00ab pour l\u2019Europe, c\u2019est maintenant ou jamais \u00bb. Cet emballement guerrier s\u2019empare \u00e9galement des r\u00e9seaux sociaux. L\u2019id\u00e9e d\u2019un \u00ab moment existentiel \u00bb et de la n\u00e9cessit\u00e9 de d\u00e9passer les discordes internes est relay\u00e9e par de nombreux internautes.<\/p>\n<p>De tels propos ne sont pas sans rappeler les pathos de l\u2019Union sacr\u00e9e fran\u00e7aise, ou de la Burgfrieden allemande, qui s\u2019\u00e9taient impos\u00e9es lors des votes des cr\u00e9dits de guerre en 1914, auxquels s\u2019\u00e9taient ralli\u00e9es les voix des partis socialistes et des syndicats. A l\u2019\u00e9poque aussi le discours \u00e9tait, de part et d\u2019autre, \u00ab\u00a0Il n\u2019y a pas d\u2019autre choix que de s\u2019unir et se d\u00e9fendre face \u00e0 l\u2019ennemi\u00a0\u00bb. Les voix pacifistes \u00e9taient alors jug\u00e9es irresponsables, f\u00e9rocement combattues et \u00e9cart\u00e9es des partis. Un an plus t\u00f4t, en juillet 1913, l\u2019Assembl\u00e9e nationale fran\u00e7aise votait une loi instaurant le service militaire obligatoire. Il semble aujourd\u2019hui utile de rappeler l\u2019\u00e9vidence, \u00e0 savoir que ces pr\u00e9paratifs guerriers n\u2019ont pas amen\u00e9 \u00e0 un \u00e9vitement de la violence, mais ont d\u00e9bouch\u00e9 sur quatre ann\u00e9es de guerre mondiale et plus de 10 millions de morts.<\/p>\n<h2 class=\"sub-head\">De voix pacifistes f\u00e9rocement combattues<\/h2>\n<p>La fr\u00e9n\u00e9sie militariste doit \u00eatre vue pour ce qu\u2019elle est r\u00e9ellement. Pour cette raison, il faut refuser de l\u2019appr\u00e9hender comme \u00ab\u00a0l\u2019unique garantie pour la paix\u00a0\u00bb. C\u2019est pourquoi il convient de prendre au s\u00e9rieux toutes les autres options disponibles qui peuvent contribuer \u00e0 la r\u00e9duction des risques d\u2019escalades horizontales et verticales. C\u2019est pourquoi, \u00e9galement, il faut continuer \u00e0 prendre au s\u00e9rieux l\u2019option diplomatique. Au surplus, il est imp\u00e9ratif de maintenir les d\u00e9penses militaires au strict n\u00e9cessaire afin qu\u2019elles ne mettent \u00e0 mal la solidarit\u00e9 \u00e0 travers la s\u00e9curit\u00e9 sociale et pour tenter d\u2019enrayer la course aux armements en cours. Enfin, il faut prendre en consid\u00e9ration, \u00e0 l\u2019\u00e9chelle internationale, les voix pacifistes qui d\u00e9fendent l\u2019autod\u00e9termination des peuples.<\/p>\n<p>(1)\u00a0Site de La Libre, \u00ab\u00a0Bruno Colmant\u00a0: \u201cNous allons entrer dans une \u00e9conomie tout \u00e0 fait diff\u00e9rente de celle que nous avons connue\u201d\u00a0\u00bb, 4 mars 2025.<\/p>\n<p>(2)\u00a0Site de Sud Info, \u00ab\u00a0Crainte d\u2019une troisi\u00e8me guerre mondiale, les Bruxellois expriment leurs inqui\u00e9tudes\u00a0: \u201cSi \u00e7a arrive, je suis pr\u00eat \u00e0 devenir de la chair \u00e0 canon pour d\u00e9fendre l\u2019Europe\u201d\u00a0\u00bb, 7 mars 2025.<\/p>\n<p>(3)\u00a0<a href=\"https:\/\/www.radiofrance.fr\/franceculture\" target=\"_blank\" rel=\"noopener\">Site de France Culture<\/a>, \u00ab\u00a0Taxes, droits de douane, armement\u2026 Les nouveaux d\u00e9fis de l\u2019industrie fran\u00e7aise\u00a0\u00bb, 5 mars 2025.<\/p>\n<p><a href=\"https:\/\/www.lesoir.be\/660811\/article\/2025-03-11\/resister-la-frenesie-militariste\">SOURCE<\/a><\/p>\n<p>&nbsp;<\/p>\n<\/div>\n","protected":false},"excerpt":{"rendered":"<p>Face \u00e0 l\u2019intensification du discours militariste en Europe apr\u00e8s la suspension du soutien US \u00e0 l\u2019Ukraine, cette carte blanche alerte sur la mont\u00e9e en puissance de la remilitarisation et la marginalisation des voix critiques. Il appelle \u00e0 r\u00e9sister \u00e0 cette fr\u00e9n\u00e9sie, \u00e0 privil\u00e9gier la diplomatie et \u00e0 pr\u00e9server la solidarit\u00e9 sociale.<\/p>\n","protected":false},"author":1,"featured_media":0,"comment_status":"open","ping_status":"open","sticky":false,"template":"","format":"standard","meta":{"footnotes":""},"categories":[21,539,36],"tags":[291,38,421,496],"class_list":["post-6256","post","type-post","status-publish","format-standard","hentry","category-anti-imperialisme","category-belgique","category-europe","tag-etats-unis","tag-guerre","tag-otan","tag-ukraine"],"_links":{"self":[{"href":"https:\/\/bruxelles-pantheres.be\/index.php?rest_route=\/wp\/v2\/posts\/6256","targetHints":{"allow":["GET"]}}],"collection":[{"href":"https:\/\/bruxelles-pantheres.be\/index.php?rest_route=\/wp\/v2\/posts"}],"about":[{"href":"https:\/\/bruxelles-pantheres.be\/index.php?rest_route=\/wp\/v2\/types\/post"}],"author":[{"embeddable":true,"href":"https:\/\/bruxelles-pantheres.be\/index.php?rest_route=\/wp\/v2\/users\/1"}],"replies":[{"embeddable":true,"href":"https:\/\/bruxelles-pantheres.be\/index.php?rest_route=%2Fwp%2Fv2%2Fcomments&post=6256"}],"version-history":[{"count":1,"href":"https:\/\/bruxelles-pantheres.be\/index.php?rest_route=\/wp\/v2\/posts\/6256\/revisions"}],"predecessor-version":[{"id":6257,"href":"https:\/\/bruxelles-pantheres.be\/index.php?rest_route=\/wp\/v2\/posts\/6256\/revisions\/6257"}],"wp:attachment":[{"href":"https:\/\/bruxelles-pantheres.be\/index.php?rest_route=%2Fwp%2Fv2%2Fmedia&parent=6256"}],"wp:term":[{"taxonomy":"category","embeddable":true,"href":"https:\/\/bruxelles-pantheres.be\/index.php?rest_route=%2Fwp%2Fv2%2Fcategories&post=6256"},{"taxonomy":"post_tag","embeddable":true,"href":"https:\/\/bruxelles-pantheres.be\/index.php?rest_route=%2Fwp%2Fv2%2Ftags&post=6256"}],"curies":[{"name":"wp","href":"https:\/\/api.w.org\/{rel}","templated":true}]}}