{"id":6258,"date":"2025-03-16T13:15:46","date_gmt":"2025-03-16T12:15:46","guid":{"rendered":"https:\/\/bruxelles-pantheres.be\/?p=6258"},"modified":"2025-03-16T13:16:35","modified_gmt":"2025-03-16T12:16:35","slug":"bruxelles-15-mars-2025-contre-les-violences-policieres","status":"publish","type":"post","link":"https:\/\/bruxelles-pantheres.be\/?p=6258","title":{"rendered":"Bruxelles 15 Mars 2025 Contre les violences Polici\u00e8res"},"content":{"rendered":"<div class=\"ap-StoryTitle\">\n<p class=\"ap-Title ap-StoryTitle--text\">\u00ab\u00a0Si on bouge pas, les policiers continueront de tuer \u00e0 tout bout d&rsquo;champ\u00a0\u00bb: \u00e0 Bruxelles, 1500 personnes marchent contre les violences polici\u00e8res<\/p>\n<\/div>\n<hgroup>\n<h4 class=\"ap-Title ap-StoryChapo\">La police est \u00ab\u00a0une institution qui \u00f4te la vie \u00e0 des dizaines de personnes chez nous, des Arabes, des noirs, des pauvres\u00a0\u00bb. C&rsquo;est avec ce message dur que plus d&rsquo;un millier de militants ont exig\u00e9 \u00e0 Bruxelles la fin des violences polici\u00e8res, ce 15 mars. Plusieurs familles de victimes \u00e9taient de la manifestation.<\/h4>\n<\/hgroup>\n<div class=\"mb-6\">\n<div>Julien Rensonnet<\/div>\n<\/div>\n<p><!--more--><\/p>\n<header class=\"ap-StoryHeader\">\n<div class=\"ap-StoryElement ap-StoryElement--mb is-fullBleed ap-StoryPromoItem ap-StoryIllu ap-StoryIllu--margin\">\n<div class=\"mx-auto\">\n<figure class=\"\">\n<div class=\"ap-StoryIllu-image ap-StoryIllu-imagePrint\">\n<div class=\"relative ux-placeholderBg overflow-hidden\"><img decoding=\"async\" class=\"w-full object-contain\" src=\"https:\/\/www.dhnet.be\/resizer\/v2\/5BO3EDSU3JB2XOC6U5FJWV6ZFQ.jpg?auth=f3fa9ca4fa0f82c467747122f2229016fc5c318aa128a1e7b9a5eacacff501eb&amp;width=1200&amp;height=800&amp;quality=85&amp;focal=3000%2C2000\" sizes=\" (-webkit-min-device-pixel-ratio: 2) 50vw, (min-resolution: 192dpi) 50vw, (min-resolution: 2dppx) 50vw, (-webkit-min-device-pixel-ratio: 3) 33.33vw, (min-resolution: 288dpi) 33.33vw, (min-resolution: 3dppx) 33.33vw, (max-width: 480px) 480px, (max-width: 768px) 768px, (min-width: 769px) 768px, 100vw \" srcset=\"https:\/\/www.dhnet.be\/resizer\/v2\/5BO3EDSU3JB2XOC6U5FJWV6ZFQ.jpg?auth=f3fa9ca4fa0f82c467747122f2229016fc5c318aa128a1e7b9a5eacacff501eb&amp;width=480&amp;height=320&amp;quality=85&amp;focal=3000%2C2000 480w,https:\/\/www.dhnet.be\/resizer\/v2\/5BO3EDSU3JB2XOC6U5FJWV6ZFQ.jpg?auth=f3fa9ca4fa0f82c467747122f2229016fc5c318aa128a1e7b9a5eacacff501eb&amp;width=768&amp;height=512&amp;quality=85&amp;focal=3000%2C2000 768w,https:\/\/www.dhnet.be\/resizer\/v2\/5BO3EDSU3JB2XOC6U5FJWV6ZFQ.jpg?auth=f3fa9ca4fa0f82c467747122f2229016fc5c318aa128a1e7b9a5eacacff501eb&amp;width=1200&amp;height=800&amp;quality=85&amp;focal=3000%2C2000 1200w\" alt=\"manifestion contre les violences policieres du 15 mars \u00e0 la place du luxembourg\" width=\"480\" height=\"320\" \/><\/div>\n<\/div><figcaption>Nadine Budin, la maman de Domenico D&rsquo;Atria, abattu d&rsquo;une balle dans la t\u00eate \u00e0 Oupeye pour un \u00ab\u00a0refus d&rsquo;obtemp\u00e9rer\u00a0\u00bb alors qu&rsquo;il conduisait son quad. La Li\u00e9geoise \u00e9tait \u00e0 Bruxelles ce 15 mars 2025 pour exiger, comme d&rsquo;autres familles de victimes, la prise de conscience que les violences polici\u00e8res sont un ph\u00e9nom\u00e8ne de soci\u00e9t\u00e9 et pas une suite de faits divers. \u00a9cameriere ennio<\/figcaption><\/figure>\n<\/div>\n<\/div>\n<\/header>\n<div id=\"article-text\" class=\"ap-Story-content\">\n<div id=\"story-preview-FREE\" class=\"ap-StoryPiano-content\">\n<p class=\"ap-StoryElement ap-StoryElement--mb ap-StoryText\">\u00ab\u00a0&lsquo;Plus jamais \u00e7a !&rsquo;, comme chante Calogero. C&rsquo;est pour \u00e7a qu&rsquo;on est ici\u00a0\u00bb.<\/p>\n<p class=\"ap-StoryElement ap-StoryElement--mb ap-StoryText\">Val\u00e9rie est la marraine de Domenico D&rsquo;Atria. En ao\u00fbt 2023 \u00e0 Oupeye, ce dernier a refus\u00e9 obtemp\u00e9rer aux ordres de policiers qui jugeaient sa conduite dangereuse. L&rsquo;un des deux hommes en bleu a tir\u00e9 et\u00a0<a href=\"https:\/\/www.dhnet.be\/regions\/liege\/2023\/08\/19\/domenico-a-recu-une-balle-dans-la-tete-alors-quil-roulait-sur-un-policier-avec-son-quad-a-oupeye-XKS4FF3XXVHSBKQJ5G5GJ6IHBI\/\" target=\"_blank\" rel=\"noopener\">une balle s&rsquo;est log\u00e9e dans la t\u00eate de Domenico<\/a>. Qui est d\u00e9c\u00e9d\u00e9. Apr\u00e8s enqu\u00eate,\u00a0<a href=\"https:\/\/www.dhnet.be\/regions\/liege\/2024\/05\/16\/mort-de-domenico-au-volant-de-son-quad-a-oupeye-les-policiers-ont-agi-en-etat-de-legitime-defense-WMKUVB6I7RC7DNRZIA4D55P7LQ\/\" target=\"_blank\" rel=\"noopener\">le parquet a estim\u00e9 que les deux policiers de la zone de la Basse-Meuse ont agi \u00ab\u00a0en \u00e9tat de l\u00e9gitime d\u00e9fense<\/a>. Une ordonnance de non-lieu a donc \u00e9t\u00e9 demand\u00e9e.<\/p>\n<\/div>\n<div id=\"piano-paywall-FREE\">\n<div id=\"story-content-FREE\" class=\"ap-StoryPiano-contentElement\">\n<p class=\"ap-StoryElement ap-StoryElement--mb ap-StoryText\">Alors ce samedi, Val\u00e9rie accompagne Nadine Budin, la maman de Domenico, \u00e0 la manifestation organis\u00e9e \u00e0 Bruxelles. Le 15 mars marque en effet la journ\u00e9e internationale contre les violences et r\u00e9pressions polici\u00e8res. \u00ab\u00a0Si on ne bouge pas, \u00e7a continuera\u00a0\u00bb, tance la seconde sur la pelouse de la place du Luxembourg, point de d\u00e9part de la manif. \u00ab\u00a0Les policiers tueront \u00e0 tout bout de champs, ils feront tout ce qu&rsquo;ils veulent, en se retranchant derri\u00e8re la l\u00e9gitime d\u00e9fense. Mais j&rsquo;ai l&rsquo;impression qu&rsquo;on ne nous entend pas\u00a0\u00bb.<\/p>\n<div class=\"ap-StoryElement ap-StoryElement--mb ap-StoryIllu\">\n<div class=\"mx-auto relative mt-2 mb-4 xs:ml-4 xs:float-right xs:w-2\/6\">\n<figure class=\"\">\n<div class=\"ap-StoryIllu-image ap-StoryIllu-imagePrint\">\n<div class=\"relative ap-Print-bgImage ux-placeholderBg overflow-hidden\"><\/div>\n<\/div><figcaption>Nadine Budin, maman de Domenico D&rsquo;Atria, \u00e9tait \u00e0 Bruxelles ce 15 mars 2025 pour apporter son t\u00e9moignage. \u00a9cameriere ennio<\/figcaption><\/figure>\n<\/div>\n<\/div>\n<p class=\"ap-StoryElement ap-StoryElement--mb ap-StoryText\">Plusieurs collectifs ont battu le rappel. Quelques centaines de personnes y ont r\u00e9pondu. Depuis la place du Luxembourg, les manifestants ont pr\u00e9vu de rejoindre la Colonne du Congr\u00e8s. Ce lieu d&rsquo;arriv\u00e9e n&rsquo;est pas choisi au hasard : c&rsquo;est dans les cellules du commissariat de la police f\u00e9d\u00e9rale, rue Royale, que sont d\u00e9c\u00e9d\u00e9s\u00a0<a href=\"https:\/\/www.dhnet.be\/regions\/bruxelles\/2023\/07\/11\/deces-dilyes-abeddou-dans-un-commissariat-bruxellois-la-ligue-des-droits-humains-denonce-des-manquements-dans-lenquete-UVVJVKM2WVGWXAFSVB7U52NT3E\/\" target=\"_blank\" rel=\"noopener\">Ilyes Abeddou<\/a>\u00a0(en janvier 2021), Mohamed Amine Berkane (en d\u00e9cembre 2021) et\u00a0<a href=\"https:\/\/www.dhnet.be\/regions\/bruxelles\/2025\/01\/12\/deces-de-sourour-abouda-en-cellule-comment-faire-son-deuil-deux-ans-apres-les-faits-les-proches-de-la-bruxelloise-attendent-toujours-un-proces-ALRJDP4H4VFENF3CKMXSJNZ33M\/\" target=\"_blank\" rel=\"noopener\">Sourour Abouda<\/a>\u00a0(en janvier 2023).<\/p>\n<div class=\"ap-StoryElement ap-StoryElement--mb is-fullBleed ap-StoryIllu ap-StoryIllu--margin\">\n<div class=\"mx-auto\">\n<figure class=\"\">\n<div class=\"ap-StoryIllu-image ap-StoryIllu-imagePrint\">\n<div class=\"relative ap-Print-bgImage ux-placeholderBg overflow-hidden\"><img decoding=\"async\" class=\"w-full lazyload--opacity object-contain lazyautosizes lazyloaded\" src=\"https:\/\/www.dhnet.be\/resizer\/x-Moiomy0TRzPNG9g4N8SVd5WM0=\/arc-photo-ipmgroup\/eu-central-1-prod\/public\/S5VKD3X55FFF3BW6V4SEHXNP7I.png\" sizes=\"680px\" srcset=\"https:\/\/www.dhnet.be\/resizer\/v2\/QDZX2VIPYNGIZJJTXROQOCRSQI.jpg?auth=3ef0bf5d5fccf798f895aea8b8c35242e861a67af94ee979b4740cea84d61789&amp;width=768&amp;height=512&amp;quality=85&amp;focal=3000%2C2000 768w,https:\/\/www.dhnet.be\/resizer\/v2\/QDZX2VIPYNGIZJJTXROQOCRSQI.jpg?auth=3ef0bf5d5fccf798f895aea8b8c35242e861a67af94ee979b4740cea84d61789&amp;width=1200&amp;height=800&amp;quality=85&amp;focal=3000%2C2000 1200w\" alt=\"manifestion contre les violences policieres du 15 mars \u00e0 la place du luxembourg\" width=\"768\" height=\"512\" data-src=\"\/resizer\/x-Moiomy0TRzPNG9g4N8SVd5WM0=\/arc-photo-ipmgroup\/eu-central-1-prod\/public\/S5VKD3X55FFF3BW6V4SEHXNP7I.png\" data-srcset=\"https:\/\/www.dhnet.be\/resizer\/v2\/QDZX2VIPYNGIZJJTXROQOCRSQI.jpg?auth=3ef0bf5d5fccf798f895aea8b8c35242e861a67af94ee979b4740cea84d61789&amp;width=768&amp;height=512&amp;quality=85&amp;focal=3000%2C2000 768w,https:\/\/www.dhnet.be\/resizer\/v2\/QDZX2VIPYNGIZJJTXROQOCRSQI.jpg?auth=3ef0bf5d5fccf798f895aea8b8c35242e861a67af94ee979b4740cea84d61789&amp;width=1200&amp;height=800&amp;quality=85&amp;focal=3000%2C2000 1200w\" data-sizes=\"auto\" data-optimumx=\"1\" \/><\/div>\n<\/div><figcaption>Soumaya Abouda, la s\u0153ur de Sourour Abouda, morte en cellule, a pris la parole. \u00a9cameriere ennio<\/figcaption><\/figure>\n<\/div>\n<\/div>\n<p class=\"ap-StoryElement ap-StoryElement--mb ap-StoryText\">La s\u0153ur de Sourour, Soumaya Abouda, a pris la parole devant les manifestants. \u00ab\u00a0Ma s\u0153ur a crois\u00e9 le chemin de la police en fin de nuit. Ils l&rsquo;ont accus\u00e9e d&rsquo;\u00eatre hyst\u00e9rique et l&rsquo;ont plac\u00e9e en cellule. Ma s\u0153ur est morte dans cette cellule. Sa mort nous laisse, sa famille et moi, dans une qu\u00eate de la v\u00e9rit\u00e9. Mais le syst\u00e8me reste sourd\u00a0\u00bb, r\u00e9cite-t-elle. Avant de lister les \u00ab\u00a0violences\u00a0\u00bb auxquelles ont d\u00fb faire face ses proches depuis lors : \u00ab\u00a0annonce brutale des faits, occultation des preuves, refus des m\u00e9decins de r\u00e9aliser une contre-autopsie, effacement des hommages par la Ville de Bruxelles\u00a0\u00bb. Applaudissements.<\/p>\n<div><\/div>\n<div class=\"ap-StoryElement ap-StoryElement--mb\">\n<blockquote class=\"ap-StoryQuote ap-StoryQuote--pullquote\">\n<div class=\"ap-StoryQuote-body\">\n<p class=\"ap-StoryQuote-text\"><i>On ne tire pas une balle dans la t\u00eate pour un refus d&rsquo;obtemp\u00e9rer!<\/i><\/p>\n<p class=\"ap-StoryQuote-footer\">Nadine Budin, maman de Domenico D&rsquo;Atria<\/p>\n<\/div>\n<\/blockquote>\n<\/div>\n<p class=\"ap-StoryElement ap-StoryElement--mb ap-StoryText\">Nadine Budin non plus ne peut pas oublier son fils Domenico. Et elle aussi fait face \u00e0 la surdit\u00e9 des autorit\u00e9s. \u00ab\u00a0Bien s\u00fbr, il ne devait pas y avoir impunit\u00e9 apr\u00e8s son refus d&rsquo;obtemp\u00e9rer\u00a0\u00bb, conc\u00e8de la Li\u00e9geoise. \u00ab\u00a0Mais il y a d&rsquo;autres fa\u00e7ons de l&rsquo;arr\u00eater. Venir chez lui. Ils avaient le num\u00e9ro de plaque. On ne tire pas une balle dans la t\u00eate pour \u00e7a !\u00a0\u00bb Val\u00e9rie, la marraine de Domenico, pose la question : \u00ab\u00a0comment les policiers sont-ils form\u00e9s ? Faut-il armer les jeunes policiers ?\u00a0\u00bb. Celui qui a abattu son filleul avait 25 ans.<\/p>\n<div><\/div>\n<h2 class=\"ap-Title ap-StoryElement\">Interdire les courses-poursuites\u00a0\u00bb<\/h2>\n<div class=\"ap-StoryElement ap-StoryElement--mb is-fullBleed\">\n<div class=\"ap-Carousel\">\n<div class=\"slick-slider ap-Carousel-primary has-sliderNavigation is-gallery slick-initialized\" dir=\"ltr\">\n<div class=\"slick-list\">\n<div class=\"slick-track\">\n<div class=\"slick-slide slick-active slick-current\" tabindex=\"-1\" data-index=\"0\" aria-hidden=\"false\">\n<div>\n<div class=\"ap-GalleryImage\">\n<div class=\"\">\n<div class=\"\">\n<figure class=\"w-full h-full\">\n<div class=\"ap-GalleryImage-img ux-boxRounded\">\n<div class=\"w-full h-full relative ap-Print-bgImage\"><img decoding=\"async\" class=\"w-full lazyload--opacity object-contain lazyautosizes lazyloaded\" src=\"https:\/\/www.dhnet.be\/resizer\/x-Moiomy0TRzPNG9g4N8SVd5WM0=\/arc-photo-ipmgroup\/eu-central-1-prod\/public\/S5VKD3X55FFF3BW6V4SEHXNP7I.png\" sizes=\"680px\" srcset=\"https:\/\/www.dhnet.be\/resizer\/v2\/QX35MMQ52NBLRDZE7DFBOMIKR4.jpg?auth=a3ec49a99ab8cd27129dc451fe7b56425d67d371589631f798992913def47ed9&amp;width=400&amp;height=267&amp;quality=85&amp;focal=3000%2C2000 400w,https:\/\/www.dhnet.be\/resizer\/v2\/QX35MMQ52NBLRDZE7DFBOMIKR4.jpg?auth=a3ec49a99ab8cd27129dc451fe7b56425d67d371589631f798992913def47ed9&amp;width=1200&amp;height=800&amp;quality=85&amp;focal=3000%2C2000 1200w,https:\/\/www.dhnet.be\/resizer\/v2\/QX35MMQ52NBLRDZE7DFBOMIKR4.jpg?auth=a3ec49a99ab8cd27129dc451fe7b56425d67d371589631f798992913def47ed9&amp;width=1620&amp;height=1080&amp;quality=85&amp;focal=3000%2C2000 1620w\" alt=\"manifestion contre les violences policieres du 15 mars \u00e0 la place du luxembourg\" width=\"400\" height=\"267\" data-src=\"\/resizer\/x-Moiomy0TRzPNG9g4N8SVd5WM0=\/arc-photo-ipmgroup\/eu-central-1-prod\/public\/S5VKD3X55FFF3BW6V4SEHXNP7I.png\" data-srcset=\"https:\/\/www.dhnet.be\/resizer\/v2\/QX35MMQ52NBLRDZE7DFBOMIKR4.jpg?auth=a3ec49a99ab8cd27129dc451fe7b56425d67d371589631f798992913def47ed9&amp;width=400&amp;height=267&amp;quality=85&amp;focal=3000%2C2000 400w,https:\/\/www.dhnet.be\/resizer\/v2\/QX35MMQ52NBLRDZE7DFBOMIKR4.jpg?auth=a3ec49a99ab8cd27129dc451fe7b56425d67d371589631f798992913def47ed9&amp;width=1200&amp;height=800&amp;quality=85&amp;focal=3000%2C2000 1200w,https:\/\/www.dhnet.be\/resizer\/v2\/QX35MMQ52NBLRDZE7DFBOMIKR4.jpg?auth=a3ec49a99ab8cd27129dc451fe7b56425d67d371589631f798992913def47ed9&amp;width=1620&amp;height=1080&amp;quality=85&amp;focal=3000%2C2000 1620w\" data-sizes=\"auto\" data-optimumx=\"1\" \/><img decoding=\"async\" class=\"w-full\" src=\"https:\/\/www.dhnet.be\/resizer\/v2\/E6YLSC7YPRH5JIREUEALSXR2QU.jpg?auth=e5dd6a9d482b1931243eb658092c37711f56de71b45676e26dca727de517bf29&amp;width=400&amp;height=267&amp;quality=85&amp;focal=3000%2C2000\" alt=\"manifestion contre les violences policieres du 15 mars \u00e0 la place du luxembourg\" \/><img decoding=\"async\" class=\"w-full\" src=\"https:\/\/www.dhnet.be\/resizer\/v2\/4YSCG5A42ZHNHPCAAWGHI5O76M.jpg?auth=9dcfb6338b08100d522e811e80b23863d3ba557061512fefc2a63d11cfc3785e&amp;width=400&amp;height=267&amp;quality=85&amp;focal=3000%2C2000\" alt=\"manifestion contre les violences policieres du 15 mars \u00e0 la place du luxembourg\" \/><img decoding=\"async\" class=\"w-full\" src=\"https:\/\/www.dhnet.be\/resizer\/v2\/J5LHZANMZRAHPGV22J7Y6GVN44.jpg?auth=9ca3f5f0810569682293c23b42c62a3cd387750511537614ccf55872e1a1b41c&amp;width=400&amp;height=267&amp;quality=85&amp;focal=3000%2C2000\" alt=\"manifestion contre les violences policieres du 15 mars \u00e0 la place du luxembourg\" \/><img decoding=\"async\" class=\"w-full\" src=\"https:\/\/www.dhnet.be\/resizer\/v2\/U3YRXF6CUFDNDKHQSAYZCQS5KE.jpg?auth=4d141846f39f95ef450c8aab42aac567c9f248a5d4d826f75375a8ce42e01a50&amp;width=400&amp;height=267&amp;quality=85&amp;focal=3000%2C2000\" alt=\"manifestion contre les violences policieres du 15 mars \u00e0 la place du luxembourg\" \/><img decoding=\"async\" class=\"w-full alignnone\" src=\"https:\/\/www.dhnet.be\/resizer\/v2\/TBN3FHEXYJBHJAY46X5SW3ETSU.jpg?auth=ab36a5fc70aafd6e65754a89ff9cce588addba1188cb41fcc4e6b03595e995b9&amp;width=400&amp;height=267&amp;quality=85&amp;focal=3000%2C2000\" alt=\"manifestion contre les violences policieres du 15 mars \u00e0 la place du luxembourg\" \/><img decoding=\"async\" class=\"w-full aligncenter\" src=\"https:\/\/www.dhnet.be\/resizer\/v2\/WVCMJZEY7BCGLCXXGGQUQPBDRU.jpg?auth=7d899847f173d0ba6078e81936c83b9eb0d846c4af5a764786869579fba754a9&amp;width=400&amp;height=267&amp;quality=85&amp;focal=2855%2C1903\" alt=\"manifestion contre les violences policieres du 15 mars \u00e0 la place du luxembourg\" \/><\/div>\n<\/div>\n<\/figure>\n<\/div>\n<\/div>\n<div class=\"ap-GalleryFooter is-ready\">\u00a9 cameriere ennio<\/div>\n<\/div>\n<\/div>\n<\/div>\n<div class=\"slick-slide slick-cloned\" tabindex=\"-1\" data-index=\"8\" aria-hidden=\"true\">\n<div class=\"ap-GalleryImage\">\n<div class=\"\">\n<div class=\"\">\n<figure class=\"w-full h-full\">\n<div class=\"ap-GalleryImage-img ux-boxRounded\">\n<div class=\"w-full h-full relative ap-Print-bgImage\"><\/div>\n<\/div>\n<\/figure>\n<\/div>\n<\/div>\n<\/div>\n<\/div>\n<\/div>\n<\/div>\n<\/div>\n<\/div>\n<\/div>\n<p class=\"ap-StoryElement ap-StoryElement--mb ap-StoryText\">Les manifestants ne sont pas venus qu&rsquo;avec des slogans ce 15 mars. Ils ont aussi amen\u00e9 des revendications (lire ci-dessous). \u00ab\u00a0Il faut interdire les courses-poursuites\u00a0\u00bb, s&rsquo;ouvre Camille. \u00ab\u00a0Mawda, Adil ou Mehdi ont perdu la vie lors de courses-poursuites entam\u00e9es pour des raisons minimes, provoquant des chasses \u00e0 l&rsquo;homme hyper-dangereuses\u00a0\u00bb. Ensuite, les collectifs souhaitent \u00ab\u00a0des mesures disciplinaires envers les policiers impliqu\u00e9s dans les violences\u00a0\u00bb, pose Camille. \u00ab\u00a0Il faut les \u00e9carter. Le policier qui a tir\u00e9 sur Imad, \u00e0 Seneffe, a continu\u00e9 \u00e0 exercer, croisant tous les jours la famille de la victime\u00a0\u00bb. Soumaya Abouda plaide pour \u00ab\u00a0une \u00e9ducation antiraciste\u00a0\u00bb. Elle exige \u00ab\u00a0une transparence totale dans les enqu\u00eates pour violences polici\u00e8res\u00a0\u00bb. Elle remarque aussi que \u00ab\u00a0la police n&rsquo;est plus un recours quand elle est la menace : il faut donc des services d&rsquo;urgence charg\u00e9 de r\u00e9soudre les situations de crise sans violence\u00a0\u00bb. Plus g\u00e9n\u00e9ralement, les collectifs appellent \u00ab\u00a0\u00e0 d\u00e9sinvestir dans la police pour r\u00e9investir dans les infrastructures, les soins, le logement. Il faut prendre les probl\u00e8mes depuis la base\u00a0\u00bb, pense Camille, qui souligne encore \u00ab\u00a0les proc\u00e9dures juridiques longues et co\u00fbteuses auxquelles font face les familles\u00a0\u00bb.<\/p>\n<div><\/div>\n<div class=\"ap-StoryElement ap-StoryElement--mb\">\n<blockquote class=\"ap-StoryQuote ap-StoryQuote--pullquote\">\n<div class=\"ap-StoryQuote-body\">\n<p class=\"ap-StoryQuote-text\"><i>Je me sens en ins\u00e9curit\u00e9<\/i><\/p>\n<p class=\"ap-StoryQuote-footer\">Soumaya Abouda, s\u0153ur de Sourour<\/p>\n<\/div>\n<\/blockquote>\n<\/div>\n<p class=\"ap-StoryElement ap-StoryElement--mb ap-StoryText\">Plusieurs proches des victimes de violences polici\u00e8res avouent sans surprise qu&rsquo;elles n&rsquo;ont plus confiance. \u00ab\u00a0Je me sens en ins\u00e9curit\u00e9\u00a0\u00bb, confie Soumaya Abouda. La s\u0153ur de Sourour pointe \u00ab\u00a0la menace des autorit\u00e9s qui sont pourtant cens\u00e9es nous prot\u00e9ger\u00a0\u00bb. M\u00eame malaise chez les proches de Domenico. \u00ab\u00a0La police volante, l\u00e0, avec ses armes dans les endroits publics, \u00e7a ne me rassure pas du tout\u00a0\u00bb, glisse Nadine Budin. \u00ab\u00a0Maintenant, quand je les vois, j&rsquo;ai une boule au ventre\u00a0\u00bb.<\/p>\n<div class=\"ap-StoryElement ap-StoryElement--mb is-fullBleed ap-StoryIllu ap-StoryIllu--margin\">\n<div class=\"mx-auto\">\n<figure class=\"\">\n<div class=\"ap-StoryIllu-image ap-StoryIllu-imagePrint\">\n<div class=\"relative ap-Print-bgImage ux-placeholderBg overflow-hidden\"><img decoding=\"async\" class=\"w-full lazyload--opacity object-contain lazyautosizes lazyloaded\" src=\"https:\/\/www.dhnet.be\/resizer\/x-Moiomy0TRzPNG9g4N8SVd5WM0=\/arc-photo-ipmgroup\/eu-central-1-prod\/public\/S5VKD3X55FFF3BW6V4SEHXNP7I.png\" sizes=\"680px\" srcset=\"https:\/\/www.dhnet.be\/resizer\/v2\/CS7CXSUWKZBCLHTOECWGNCJGJY.jpg?auth=5f43af9e0adb4b94a78e7c1084c358d0c46544c6f89c92141aa2d8de1fc54860&amp;width=768&amp;height=512&amp;quality=85&amp;focal=3000%2C2000 768w,https:\/\/www.dhnet.be\/resizer\/v2\/CS7CXSUWKZBCLHTOECWGNCJGJY.jpg?auth=5f43af9e0adb4b94a78e7c1084c358d0c46544c6f89c92141aa2d8de1fc54860&amp;width=1200&amp;height=800&amp;quality=85&amp;focal=3000%2C2000 1200w\" alt=\"manifestion contre les violences policieres du 15 mars \u00e0 la place du luxembourg\" width=\"768\" height=\"512\" data-src=\"\/resizer\/x-Moiomy0TRzPNG9g4N8SVd5WM0=\/arc-photo-ipmgroup\/eu-central-1-prod\/public\/S5VKD3X55FFF3BW6V4SEHXNP7I.png\" data-srcset=\"https:\/\/www.dhnet.be\/resizer\/v2\/CS7CXSUWKZBCLHTOECWGNCJGJY.jpg?auth=5f43af9e0adb4b94a78e7c1084c358d0c46544c6f89c92141aa2d8de1fc54860&amp;width=768&amp;height=512&amp;quality=85&amp;focal=3000%2C2000 768w,https:\/\/www.dhnet.be\/resizer\/v2\/CS7CXSUWKZBCLHTOECWGNCJGJY.jpg?auth=5f43af9e0adb4b94a78e7c1084c358d0c46544c6f89c92141aa2d8de1fc54860&amp;width=1200&amp;height=800&amp;quality=85&amp;focal=3000%2C2000 1200w\" data-sizes=\"auto\" data-optimumx=\"1\" \/><\/div>\n<\/div><figcaption>Les pr\u00e9noms des victimes de violences polici\u00e8res, comme Adil ou Sabrina et Ouassim, ont \u00e9t\u00e9 brandis. \u00a9cameriere ennio<\/figcaption><\/figure>\n<\/div>\n<\/div>\n<h2 class=\"ap-Title ap-StoryElement\" style=\"text-align: center;\">Les revendications des manifestants<\/h2>\n<ul class=\"ap-StoryLinkElement list-disc ap-StoryElement ap-StoryElement--mb\">\n<li class=\"ap-StoryLinkElement-item\">La fin des courses-poursuites, l&rsquo;interdiction du plaquage ventral et des fouilles \u00e0 nu, surtout pour les mineur\u00b7e\u00b7s.<\/li>\n<li class=\"ap-StoryLinkElement-item\">L&rsquo;automatisation des proc\u00e9dures disciplinaires en cas de d\u00e9c\u00e8s impliquant des policier\u00b7\u00e8re\u00b7s, afin d&rsquo;assurer une r\u00e9ponse imm\u00e9diate et syst\u00e9matique. La mise \u00e0 l&rsquo;instruction devrait \u00e9galement \u00eatre automatique dans ces cas, pour que cette charge ne revienne pas aux familles.<\/li>\n<li class=\"ap-StoryLinkElement-item\">Le retrait du Code p\u00e9nal des infractions d&rsquo;outrage et de r\u00e9bellion, qui criminalisent souvent les victimes de violences polici\u00e8res et permettent un renversement de culpabilit\u00e9 via des PV mensongers \u00ab\u00a0en miroir\u00a0\u00bb.<\/li>\n<li class=\"ap-StoryLinkElement-item\">La mise en place d&rsquo;un r\u00e9c\u00e9piss\u00e9 obligatoire pour chaque contr\u00f4le d&rsquo;identit\u00e9 effectu\u00e9 par la police, afin de lutter contre le probl\u00e8me end\u00e9mique du profilage racial.<\/li>\n<li class=\"ap-StoryLinkElement-item\">La r\u00e9duction de la pr\u00e9sence polici\u00e8re dans nos rues au profit d&rsquo;un refinancement des quartiers. Nous devons tendre vers un d\u00e9sarmement des forces de police, notamment par l&rsquo;interdiction des flashballs et des armes \u00e0 impulsion \u00e9lectrique (tasers). Contrairement \u00e0 ce qu&rsquo;affirment les autorit\u00e9s, ces \u00ab\u00a0armes \u00e0 l\u00e9talit\u00e9 r\u00e9duite\u00a0\u00bb terrorisent et tuent.<\/li>\n<li class=\"ap-StoryLinkElement-item\">L&rsquo;interdiction des dispositifs technologiques de surveillance et de contr\u00f4le, notamment la vid\u00e9osurveillance algorithmique permettant la d\u00e9tection de comportements, la cat\u00e9gorisation des corps, la reconnaissance faciale, etc. Ce type de surveillance renforce les injustices sociales et raciales et expose encore davantage les groupes marginalis\u00e9s, tout en enrichissant des entreprises comme BriefCam, qui d\u00e9veloppe ses logiciels dans les territoires palestiniens occup\u00e9s.<\/li>\n<li class=\"ap-StoryLinkElement-item\">La protection et le renforcement du droit de filmer la police et de diffuser des images d&rsquo;interventions polici\u00e8res d\u00e8s lors que ces images participent \u00e0 un d\u00e9bat d&rsquo;int\u00e9r\u00eat g\u00e9n\u00e9ral.<\/li>\n<li class=\"ap-StoryLinkElement-item\">La fin de la p\u00e9nalisation du s\u00e9jour des personnes sans papiers et la mise en place de leur r\u00e9gularisation.<\/li>\n<\/ul>\n<p><a href=\"https:\/\/www.dhnet.be\/regions\/bruxelles\/2025\/03\/15\/si-on-bouge-pas-les-policiers-continueront-de-tuer-a-tout-bout-dchamp-a-bruxelles-marche-contre-les-violences-policieres-photos-ARGPWGM2RBHVVC7BBP3SNPAN3Q\/\">SOURCE<\/a><\/p>\n<\/div>\n<\/div>\n<\/div>\n","protected":false},"excerpt":{"rendered":"<p>\u00ab\u00a0Si on bouge pas, les policiers continueront de tuer \u00e0 tout bout d&rsquo;champ\u00a0\u00bb: \u00e0 Bruxelles, 1500 personnes marchent contre les violences polici\u00e8res La police est \u00ab\u00a0une institution qui \u00f4te la vie \u00e0 des dizaines de personnes chez nous, des Arabes, des noirs, des pauvres\u00a0\u00bb. C&rsquo;est avec ce message dur que plus d&rsquo;un millier de militants &#8230; <a title=\"Bruxelles 15 Mars 2025 Contre les violences Polici\u00e8res\" class=\"read-more\" href=\"https:\/\/bruxelles-pantheres.be\/?p=6258\" aria-label=\"En savoir plus sur Bruxelles 15 Mars 2025 Contre les violences Polici\u00e8res\">Lire la suite<\/a><\/p>\n","protected":false},"author":1,"featured_media":5340,"comment_status":"open","ping_status":"open","sticky":false,"template":"","format":"standard","meta":{"footnotes":""},"categories":[539,18,28,5],"tags":[],"class_list":["post-6258","post","type-post","status-publish","format-standard","has-post-thumbnail","hentry","category-belgique","category-resistance-bruxelles","category-racismes","category-violence-policiere"],"_links":{"self":[{"href":"https:\/\/bruxelles-pantheres.be\/index.php?rest_route=\/wp\/v2\/posts\/6258","targetHints":{"allow":["GET"]}}],"collection":[{"href":"https:\/\/bruxelles-pantheres.be\/index.php?rest_route=\/wp\/v2\/posts"}],"about":[{"href":"https:\/\/bruxelles-pantheres.be\/index.php?rest_route=\/wp\/v2\/types\/post"}],"author":[{"embeddable":true,"href":"https:\/\/bruxelles-pantheres.be\/index.php?rest_route=\/wp\/v2\/users\/1"}],"replies":[{"embeddable":true,"href":"https:\/\/bruxelles-pantheres.be\/index.php?rest_route=%2Fwp%2Fv2%2Fcomments&post=6258"}],"version-history":[{"count":2,"href":"https:\/\/bruxelles-pantheres.be\/index.php?rest_route=\/wp\/v2\/posts\/6258\/revisions"}],"predecessor-version":[{"id":6260,"href":"https:\/\/bruxelles-pantheres.be\/index.php?rest_route=\/wp\/v2\/posts\/6258\/revisions\/6260"}],"wp:featuredmedia":[{"embeddable":true,"href":"https:\/\/bruxelles-pantheres.be\/index.php?rest_route=\/wp\/v2\/media\/5340"}],"wp:attachment":[{"href":"https:\/\/bruxelles-pantheres.be\/index.php?rest_route=%2Fwp%2Fv2%2Fmedia&parent=6258"}],"wp:term":[{"taxonomy":"category","embeddable":true,"href":"https:\/\/bruxelles-pantheres.be\/index.php?rest_route=%2Fwp%2Fv2%2Fcategories&post=6258"},{"taxonomy":"post_tag","embeddable":true,"href":"https:\/\/bruxelles-pantheres.be\/index.php?rest_route=%2Fwp%2Fv2%2Ftags&post=6258"}],"curies":[{"name":"wp","href":"https:\/\/api.w.org\/{rel}","templated":true}]}}