{"id":626,"date":"2013-01-08T18:46:00","date_gmt":"2013-01-08T17:46:00","guid":{"rendered":"https:\/\/bruxelles-pantheres.be\/?p=626"},"modified":"2013-11-10T18:48:23","modified_gmt":"2013-11-10T17:48:23","slug":"appel-d-egalite-a-loccasion-du-11eme-anniversaire-de-louverture-de-guantanamo","status":"publish","type":"post","link":"https:\/\/bruxelles-pantheres.be\/?p=626","title":{"rendered":"Appel d\u2019 \u00c9GALIT\u00c9 \u00e0 l\u2019occasion du 11\u00e8me anniversaire de l\u2019ouverture de Guantanamo"},"content":{"rendered":"<div>\n<p><b>Appel \u00e0 l\u2019occasion du 11\u00e8me anniversaire de l\u2019ouverture de Guantanamo<\/b><\/p>\n<p><b>Pour le retrait de la d\u00e9cision belge d\u2019extrader Nizar Trabelsi vers les \u00c9tats-Unis et pour sa lib\u00e9ration imm\u00e9diate<!--more--><\/b><\/p>\n<p>Le onzi\u00e8me anniversaire de Guantanamo sera c\u00e9l\u00e9br\u00e9 ce 11 janvier 2013. Cette base militaire am\u00e9ricaine de Cuba fut transform\u00e9e ce jour-l\u00e0 en la plus controvers\u00e9e des prisons au monde. A Guantanamo devaient \u00eatre amen\u00e9s les \u00ab <i>pires parmi les pires<\/i> \u00bb (the worst amongst the worst). La base devait se situer g\u00e9ographiquement hors du territoire des \u00c9tats-Unis, et, en cons\u00e9quence, hors de toutes les r\u00e8gles de droit et normes existantes. Huit cents pr\u00e9sum\u00e9s terroristes ont ainsi \u00e9t\u00e9 d\u00e9tenus dans le cadre de la Global War on Terror (GWT) que les EU ont d\u00e9cha\u00een\u00e9e apr\u00e8s les attentats du 11 septembre. La grande majorit\u00e9 de ces 800 d\u00e9tenus ont \u00e9t\u00e9 arr\u00eat\u00e9s, achet\u00e9s\u00a0 ou kidnapp\u00e9s apr\u00e8s l\u2019attaque am\u00e9ricaine contre l\u2019Afghanistan.<\/p>\n<p>La prison de Guantanamo avait avant tout un objectif politique et id\u00e9ologique. Avec ses prisonniers encha\u00een\u00e9s, aux yeux band\u00e9s, \u00e0 genoux, dans leur costume orange, dans des prisons d\u2019acier, entour\u00e9s de chiens et de soldats am\u00e9ricains, Guantanamo est devenu le symbole du poing de fer de l\u2019Occident et de l\u2019humiliation de l\u2019ennemi dans la Global War on Terror. Sur les 800 d\u00e9tenus, 600 ont \u00e9t\u00e9 rel\u00e2ch\u00e9s, parfois apr\u00e8s des ann\u00e9es de prison, sans aucune inculpation ou aucune forme de proc\u00e8s.<\/p>\n<p>Guantanamo est aussi devenu le symbole de l\u2019usage de la torture en Occident. Les plaintes qui nous parviennent, apr\u00e8s des ann\u00e9es de silence, du camp de Guantanamo ne mentent pas : des ex-d\u00e9tenus t\u00e9moignent des coups, de la torture et des humiliations sexuelles ou religieuses. Ils t\u00e9moignent des drogues qui leur ont \u00e9t\u00e9 inject\u00e9es, des exp\u00e9rimentations m\u00e9dicales r\u00e9alis\u00e9es sur eux, de l\u2019usage du waterboarding, de l\u2019exposition \u00e0 des temp\u00e9ratures extr\u00eames, de l\u2019emp\u00eachement du sommeil, des positions de stress insoutenables, de l\u2019utilisation du pepper spray, avec l\u2019aveuglement comme cons\u00e9quence. Sur la folie et le suicide. Sept d\u00e9tenus au moins se sont suicid\u00e9s les derni\u00e8res ann\u00e9es. En juillet 2004, des inspecteurs de la Croix Rouge ont accus\u00e9 les militaires am\u00e9ricains de Guantanamo \u00ab <i>d\u2019actes d\u2019humiliation, d\u2019enfermement en isolement, d\u2019exposition \u00e0 des temp\u00e9ratures extr\u00eames, d\u2019usage de positions insoutenables <\/i>\u00bb. En mai 2005, Amnesty International a surnomm\u00e9 Guantanamo le \u00ab <i>Goulag des temps modernes<\/i> \u00bb.<\/p>\n<p>Ce 11 janvier, 25 organisations am\u00e9ricaines[1] manifesteront devant le Cour supr\u00eame \u00e0 Washington et tiendront une marche devant la Maison Manche pour exiger (une fois de plus) la fermeture du camp.<\/p>\n<p><img decoding=\"async\" alt=\"http:\/\/www.closeguantanamo.org\/dyn\/scld\/163.jpeg\" src=\"http:\/\/www.closeguantanamo.org\/dyn\/scld\/163.jpeg\" \/><\/p>\n<p>Les 25 organisations demandent au pr\u00e9sident Obama la lib\u00e9ration imm\u00e9diate de 86 des 166 d\u00e9tenus actuels de Guantanamo. Une d\u00e9cision de les lib\u00e9rer date d\u00e9j\u00e0 de 2009. Pour les autres 80 d\u00e9tenus, elles exigent soit un proc\u00e8s \u00e9quitable soit la lib\u00e9ration. Des d\u00e9tenus se trouvent toujours \u00e0 Guantanamo sans aucune forme de proc\u00e8s ou d\u2019inculpation, simplement parce qu\u2019ils sont jug\u00e9s dangereux, sur base de \u00ab d\u00e9clarations \u00bb d\u2019autre d\u00e9tenus, obtenues \u00e0 Guantanamo ou sur d\u2019autre \u00ab black sites \u00bb de la CIA.<\/p>\n<p>Nous nous joignons \u00e0 ces revendications des organisations am\u00e9ricaines.<\/p>\n<p><a href=\"http:\/\/www.closeguantanamo.org\/\"><img decoding=\"async\" alt=\"http:\/\/www.closeguantanamo.org\/dyn\/scld\/169.jpeg\" src=\"http:\/\/www.closeguantanamo.org\/dyn\/scld\/169.jpeg\" \/><\/a><\/p>\n<p>&nbsp;<\/p>\n<p>Mais nous ne voulons pas seulement pousser un cri d\u2019indignation morale sur l\u2019existence des cages de Guantanamo dans le lointain Cuba.<\/p>\n<p>Plus importants encore que l\u2019existence m\u00eame du camp, ce sont l\u2019id\u00e9ologie et les pratiques\u00a0 que Guantanamo a r\u00e9pandu de par le monde. Guantanamo est devenu le symbole de cette d\u00e9cennie pour des conceptions et des m\u00e9thodes que le monde occidental semblait avoir d\u00e9finitivement abandonn\u00e9es depuis la deuxi\u00e8me guerre mondiale.<\/p>\n<p>Nous voulons nous saisir du triste anniversaire de Guantanamo pour attirer l\u2019attention de tous sur l\u2019affaire Nizar Trabelsi, qui personnalis\u00e9 le syndrome Guantanamo en Belgique. Nizar Trabelsi\u00a0 s\u00e9journe dans une prison belge\u00a0 depuis autant d\u2019ann\u00e9es que Guantanamo existe. Mais il est surtout devenu le symbole d\u2019une situation qui se rapproche le plus, dans notre propre pays, des situations am\u00e9ricaines, par sa d\u00e9tention permanente, ces conditions de d\u00e9tentions et son extradition imminente vers les \u00c9tats-Unis.<\/p>\n<p><img decoding=\"async\" alt=\"http:\/\/static0.7sur7.be\/static\/photo\/2012\/1\/9\/11\/20120727173610\/media_xll_5025311.jpg\" src=\"http:\/\/static0.7sur7.be\/static\/photo\/2012\/1\/9\/11\/20120727173610\/media_xll_5025311.jpg\" \/><\/p>\n<p>C\u2019est le ministre de la Justice de l\u2019\u00e9poque, Stefaan De Clerck (CD&amp;V), qui a mis le feu vert \u00e0 l\u2019extradition de Nizar Trabelsi vers les \u00c9tats-Unis, le 23 novembre 2011, une semaine avant la fin de son mandat. Avec l\u2019intensification du soutien belge \u00e0 l\u2019intervention en Afghanistan et la prolongation de l\u2019engagement belge dans la guerre afghane, ce fut le couronnement du travail d\u2019un des gouvernements le plus pro-am\u00e9ricain que la Belgique ait connu.<\/p>\n<p>\u00c1 l\u2019occasion du onzi\u00e8me anniversaire de l\u2019ouverture de Guantanamo, nous demandons un signal fort du nouveau gouvernement belge.<\/p>\n<p>Nous demandons de revoir la d\u00e9cision de livrer Nizar Trabelsi aux \u00c9tats-Unis et d\u2019ordonner sa lib\u00e9ration imm\u00e9diate des prisons belges.<\/p>\n<p>M\u00eame si la Cour europ\u00e9enne des droits de l\u2019homme a bloqu\u00e9 l\u2019extradition de Nizar Trabelsi par la Belgique, dans l\u2019attente d\u2019une enqu\u00eate approfondie sur les objections \u00e9mises contre son extradition, notre inqui\u00e9tude quant \u00e0 l\u2019issue de cette affaire n\u2019a fait qu\u2019augmenter.<\/p>\n<p>Tout d\u2019abord, nous constatons de la part des autorit\u00e9s belges une obstination jamais vue \u00e0 maintenir co\u00fbte que co\u00fbte Nizar Trabelsi en d\u00e9tention dans l\u2019attente d\u2019une d\u00e9cision de la cour europ\u00e9enne sur son extradition. Diverses interpellations dans le parlement belge \u00e0 l\u2019occasion des r\u00e9v\u00e9lations de Wikileaks sur la pression am\u00e9ricaine \u00e0 ce sujet et contre sa d\u00e9tention prolong\u00e9e sont rest\u00e9es sans suite.<\/p>\n<p>D\u2019autre part, il y a la d\u00e9cision inqui\u00e9tante de la Cour europ\u00e9enne d\u2019avril 2012, qui estime qu\u2019il n\u2019y a pas d\u2019objection \u00e0 la livraison par la Grande Bretagne aux \u00c9tats-Unis d\u2019 Abu Hamza (54), Babar Ahmad (38), Syed Talha Ahsan (33), Adel Abdul Bary (52), en Khalid Al-Fawwaz (50).<\/p>\n<p>Nous pensons r\u00e9ellement que dans l\u2019affaire Nizar Trabelsi, il ne s\u2019agit plus d\u2019une question juridique ni d\u2019une forme quelconque de justice, mais bien de d\u00e9cisions politiques. Nous nous joignons aux voix de Juan Mendez et de Noam Chomsky qui s\u2019opposent \u00e0 l\u2019extradition des cinq d\u00e9tenus de Grande-Bretagne vers les \u00c9tats-Unis et qui sont totalement d\u2019application dans le dossier de Nizar Trabelsi.<\/p>\n<p><img decoding=\"async\" alt=\"http:\/\/zec.blogs.letelegramme.com\/media\/02\/00\/103924902.jpg\" src=\"http:\/\/zec.blogs.letelegramme.com\/media\/02\/00\/103924902.jpg\" width=\"299\" height=\"172\" \/><\/p>\n<p>1.\u00a0\u00a0\u00a0\u00a0\u00a0 Le Tunisien Nizar Trabelsi (42) a \u00e9t\u00e9 arr\u00eat\u00e9 en Belgique le 14 septembre 2001 sur accusation de terrorisme. Depuis, il a d\u00e9j\u00e0 pass\u00e9 un quart de sa vie dans une prison belge. Apr\u00e8s deux ann\u00e9es de pr\u00e9ventive, il a \u00e9t\u00e9 condamn\u00e9 le 9 juin 2004 \u00e0 la peine maximale de dix ans de d\u00e9tention effective pour les plans d\u2019une attaque terroriste contre la base militaire belgo-am\u00e9ricaine de Kleine Brogel. La peine draconienne de dix ann\u00e9es de d\u00e9tention effective concerne \u00ab un plan \u00bb, pas un acte. Nizar Trabelsi n\u2019a tu\u00e9 ni bless\u00e9 personne. Ni en Afghanistan, ni en Belgique, ni ailleurs. Nizar Trabelsi a purg\u00e9 ces dix ann\u00e9es jusqu\u2019au dernier jour depuis l\u2019ann\u00e9e pass\u00e9e. Il les a purg\u00e9es dans les conditions les plus dures qu\u2019on puisse imaginer dans notre pays : ann\u00e9es d\u2019isolement, pas une minute de r\u00e9duction de peine, pas de cong\u00e9 p\u00e9nitentiaire, pas de mise en libert\u00e9 provisoire, transfert permanent de prison en prison. Nizar Trabelsi r\u00e9side aujourd\u2019hui \u00e0 Lantin apr\u00e8s avoir d\u00e9m\u00e9nag\u00e9, en 2011 et 2012, de la prison d\u2019Ittre \u00e0 celle de Bruges, de Bruges \u00e0 Nivelles avec retour \u00e0 Bruges. Ensuite nouveau transfert \u00e0 Ittre, puis \u00e0 Bruges, puis \u00e0 Hasselt en enfin \u00e0 Lantin. Il n\u2019est jamais rest\u00e9 plus de quelques mois d\u2019affil\u00e9e dans la m\u00eame prison.<\/p>\n<p>2.\u00a0\u00a0\u00a0\u00a0\u00a0 Trois psychiatres diff\u00e9rents au moins ont r\u00e9dig\u00e9 un rapport contre son isolement permanent dans lequel ils recommandent aux autorit\u00e9s d\u2019y mettre fin. Sous peine de le briser psychiquement et physiquement. Les rapports des psychiatres Zaarur, Verbeeck, De Rouck, Dailliet, r\u00e9dig\u00e9s dans diff\u00e9rentes prisons (Lantin, Nivelles, Brugge), \u00e0 diff\u00e9rents moments, plaident pour la lev\u00e9e des conditions sp\u00e9ciales de d\u00e9tention de Nt et de son isolement, ou du moins pour un assouplissement radical. Ils signalent une situation psychologique difficile. Ces rapports, destin\u00e9s aux directions des prisons, sur demande de Nizar Trabelsi, parlent de \u00ab\u00a0 <i>d\u00e9pression s\u00e9v\u00e8re, angoisse, cauchemars, troubles du sommeil et de l\u2019app\u00e9tit, difficult\u00e9s de concentration, pens\u00e9es suicidaires, tristesse, stress, attaques de migraine, maux d\u2019estomac, perte de la notion du temps et de l\u2019espace, ne supporte aucun silence ni aucun bruit, souffre d\u2019un syndrome de stress post-traumatique, perte des capacit\u00e9s sociales<\/i> \u00bb. Les autorit\u00e9s sont rest\u00e9es sourdes et aveugles \u00e0 ces rapports. Rien n\u2019y fit. L\u2019isolement et le r\u00e9gime sp\u00e9cial ont tout simplement \u00e9t\u00e9 maintenus jusqu\u2019\u00e0 aujourd\u2019hui.<\/p>\n<p>3.\u00a0\u00a0\u00a0\u00a0\u00a0 Nizar Trabelsi n\u2019a pas \u00e9t\u00e9 lib\u00e9r\u00e9\u00a0 apr\u00e8s avoir purg\u00e9 totalement sa peine. Il a d\u2019abord d\u00fb prester quelques mois suppl\u00e9mentaires pour des menaces prof\u00e9r\u00e9es pendant sa d\u00e9tention et pour une amende non pay\u00e9e. Ensuite, la justice belge a chang\u00e9 le motif de sa peine de prison. Le 6 d\u00e9cembre 2011, le Cour europ\u00e9enne des Droits de l\u2019Homme a suspendu l\u2019extradition de Nizar Trabelsi dans \u00ab l\u2019attente d\u2019une enqu\u00eate sur le fond de la requ\u00eate contre l\u2019extradition de Nizar Trabelsi \u00bb. La Belgique est all\u00e9e deux fois en appel contre cette suspension (le 11 janvier et le 21 mai 2012) et a demand\u00e9 \u00e0 la Cour europ\u00e9enne de pouvoir proc\u00e9der \u00e0 l\u2019extradition. La Cour europ\u00e9enne a chaque fois rejet\u00e9 l\u2019appel de la Belgique. Le ministre belge de la Justice Turtelboom (VLD) a alors modifi\u00e9 le motif de la d\u00e9tention de Nizar Trabelsi et a fait comme s\u2019il venait d\u2019arriver en prison. En r\u00e9ponse \u00e0 l\u2019interpellation d\u2019Eric Jadot (Ecolo) dans la commission de la Justice, le ministre a d\u00e9clar\u00e9 : \u00ab <i>En mars 2012 a commenc\u00e9 sa nouvelle d\u00e9tention en vue de son extradition. Ceci est conforme au trait\u00e9 et \u00e0 la loi sur l\u2019extradition. Son emprisonnement n\u2019est donc pas une prolongation arbitraire de sa d\u00e9tention pr\u00e9c\u00e9dente.<\/i> \u00bb Le 24 ao\u00fbt 2012, le tribunal d\u2019Hasselt a d\u00e9cid\u00e9 que Nizar Trabelsi devait \u00eatre imm\u00e9diatement lib\u00e9r\u00e9 parce qu\u2019il \u00ab<i> n\u2019y a pas d\u2019indications que la requ\u00eate sera trait\u00e9e dans un d\u00e9lai raisonnable par la Cour europ\u00e9enne et que, en cons\u00e9quence, sa d\u00e9tention prolong\u00e9e est en contradiction avec l\u2019article 5, paragraphe 3 du Trait\u00e9 europ\u00e9en des Droits de l\u2019homme. Il a droit aux m\u00eames conditions de mise en lib\u00e9ration conditionnelle qu\u2019un Belge <\/i>\u00bb. Le procureur f\u00e9d\u00e9ral a fait imm\u00e9diatement appel de ce jugement et la mise en libert\u00e9 a \u00e9t\u00e9 rejet\u00e9e par un tribunal d\u2019Anvers. Entre-temps, le 14 d\u00e9cembre 2012, une nouvelle requ\u00eate de mise en libert\u00e9 a \u00e9t\u00e9 rejet\u00e9e par le tribunal de premi\u00e8re instance d\u2019Hasselt. Le tribunal a r\u00e9p\u00e9t\u00e9 les arguments du ministre de la Justice : Nizar Trabelsi a commenc\u00e9 une nouvelle d\u00e9tention dans l\u2019attente du jugement de la Cour europ\u00e9enne et non en situation de prolongation de sa d\u00e9tention ant\u00e9rieure.\u00a0 Dans les faits, Nizar Trabelsi a commenc\u00e9 en octobre 2012 sa douzi\u00e8me ann\u00e9e de d\u00e9tention en Belgique.<\/p>\n<p>4.\u00a0\u00a0\u00a0\u00a0\u00a0 Comme tant d\u2019autres d\u00e9tenus de Guantanamo, Nizar Trabelsi a \u00e9t\u00e9 la proie, apr\u00e8s son arrestation et sa condamnation en Belgique ; de diff\u00e9rents services secrets et traqueurs de terroristes. Ceux-ci voulaient obtenir de lui des t\u00e9moignages contre d\u2019autres accus\u00e9s dans d\u2019autres dossiers de terrorisme. Vu sa nationalit\u00e9 tunisienne, Nizar Trabelsi a comparu en janvier 2005 devant un tribunal militaire tunisien, bien que ce pays n\u2019ait rien \u00e0 voir avec cette affaire. Ce tribunal, de l\u2019\u00e8re Ben Ali, l\u2019a condamn\u00e9 \u00e0 20 ans pour \u00ab <i>appartenance \u00e0 une organisation terroriste \u00e9trang\u00e8re en temps de paix<\/i> \u00bb.Qu\u2019il s\u2019agissait d\u2019un jugement politique en temps de guerre est devenu \u00e9vident lorsque cette peine fut annul\u00e9e apr\u00e8s la chute de Ben Ali et la r\u00e9volution tunisienne. Les Fran\u00e7ais se sont aussi occup\u00e9s de Nizar Trabelsi. Jean-Louis Brugui\u00e8re, le juge fran\u00e7ais antiterroriste, est venu l\u2019interroger en juillet 2002 dans le cadre de l\u2019affaire Djamel Beghal\u00a0 et son plan suppos\u00e9 de commettre un attentat contre l\u2019ambassade am\u00e9ricaine \u00e0 Paris. Trabelsi a d\u00e9clar\u00e9 que le juge lui a propos\u00e9 un deal en \u00e9change d\u2019accusations contre Djamel Beghal. Lorsqu\u2019il l\u2019a refus\u00e9, Bugui\u00e8re lui a dit qu\u2019il ne reverrait jamais sa femme et son fils. En avril\u00a0 2006, l\u2019affaire\u00a0 Trabelsi a \u00e9t\u00e9 saisie par un Federal Grand Jury dans l\u2019\u00c9tat am\u00e9ricain de Columbia. Celui-ci l\u2019a accus\u00e9 de \u00ab <i>formation de bande dans le but de tuer des citoyens am\u00e9ricains, d\u2019utiliser des armes de destruction massive et d\u2019avoir apport\u00e9 son soutien \u00e0 une organisation terroriste \u00e9trang\u00e8re (in casu Al Qaida).<\/i> \u00bb Le 16 novembre 2007, un juge am\u00e9ricain a \u00e9mis un mandat d\u2019arr\u00eat international contre Trabelsi. Le 11 avril 2008, les \u00c9tats-Unis demandent \u00e0 la Belgique de leur livrer Trabelsi. Selon lui, des agents am\u00e9ricains sont venus \u00e0 plusieurs reprises l\u2019interroger en Belgique et lui ont offert une compensation financi\u00e8re et une nouvelle vie s\u2019il collaborait. Nizar Trabelsi a refus\u00e9 l\u2019offre, avec l\u2019extradition comme cons\u00e9quence logique selon lui.<\/p>\n<p>5.\u00a0\u00a0\u00a0\u00a0\u00a0 \u00c0 la demande de la d\u00e9fense de Nizar Trabelsi, la justice belge a pos\u00e9 \u00e0 son homologue am\u00e9ricaine la question de savoir quelle peine il risquait aux \u00c9tats-Unis. Ce \u00e0 quoi, le ministre de la Justice am\u00e9ricain a r\u00e9pondu, dans une lettre du 11 novembre 2009 : \u00ab <i>S\u2019il est d\u00e9clar\u00e9 coupable, Nizar Trabelsi sera condamn\u00e9 deux fois \u00e0 vie, sans possibilit\u00e9 de libert\u00e9 conditionnelle<\/i> \u00bb. Apr\u00e8s deux ann\u00e9es de lutte juridique des avocats de Nizar Trabelsi sous la direction de ma\u00eetre Marc N\u00e8ve contre son extradition, la justice belge a quand m\u00eame jug\u00e9 qu\u2019il n\u2019y avait pas d\u2019objection \u00e0 son extradition. Selon elle, il suffit que les Am\u00e9ricains donnent la garantie que Trabelsi ne sera pas condamn\u00e9 \u00e0 la peine de mort et que le droit de \u00ab parole (conditionnelle) \u00bb fasse partie des \u00e9ventualit\u00e9s (quoique les Am\u00e9ricains ne l\u2019ont jamais accord\u00e9 dans les affaires terroristes). Les Am\u00e9ricains ont aussi d\u00e9clar\u00e9 qu\u2019une demande de gr\u00e2ce ou de modification de la peine par le pr\u00e9sident des \u00c9tats-Unis seraient possibles. Ils ont cependant ajout\u00e9 qu\u2019ils n\u2019avaient pas connaissance que cela se soit jamais produit dans un dossier de terrorisme. On sait par ailleurs qu\u2019Obama est le pr\u00e9sident qui a accord\u00e9 le moins de gr\u00e2ce ou de r\u00e9duction de peine, depuis l\u2019ann\u00e9e 1900. Des 6526 requ\u00eates pour une r\u00e9duction de peine, il en a accord\u00e9 exactement une ![2]\u00a0 En juin 2010, les juges belges ont donn\u00e9 leur accord d\u00e9finitif \u00e0 l\u2019extradition. Cela durera encore un an, jusqu\u2019au 23 novembre 2011, pour que le ministre de la Justice De Clerck appose sa signature sous la requ\u00eate d\u2019extradition. Pr\u00e9cis\u00e9ment une semaine avant qu\u2019il c\u00e8de son mandat \u00e0 son successeur,\u00a0 Annemie Turtelboom.<\/p>\n<p>6.\u00a0\u00a0\u00a0\u00a0\u00a0 M\u00eame si Nizar Trabelsi n\u2019est pas d\u00e9clar\u00e9 coupable, la chance est r\u00e9elle qu\u2019il reste en d\u00e9tention illimit\u00e9e. \u00c0 Guantanamo, il y a toujours 46 d\u00e9tenus qui doivent y rester, selon les autorit\u00e9s am\u00e9ricaines, et ceci pour une dur\u00e9e illimit\u00e9e, sans inculpation ni proc\u00e8s parce qu\u2019ils \u00ab constituent un danger pour la s\u00e9curit\u00e9 \u00bb.\u00a0 La politique de maintenir en d\u00e9tention illimit\u00e9e les suspects de terrorisme sur le territoire am\u00e9ricain, sans aucune forme de proc\u00e8s est devenue officielle via le National Defense Authorization Act (NDAA FY 2012) qui prit effet d\u00e9but 2012. Cette loi donne au Pentagone le pouvoir de maintenir en d\u00e9tention illimit\u00e9 des civils non am\u00e9ricains, au cas o\u00f9 ils sont associ\u00e9s au\u00a0 terrorisme.<\/p>\n<p>7.\u00a0\u00a0\u00a0\u00a0\u00a0 Juan Mendez, le rapporteur sp\u00e9cial de l\u2019ONU en mati\u00e8re de torture a estim\u00e9, dans un interview au journal The Independent que la livraison de cinq d\u00e9tenus par la Grande-Bretagne vers les \u00c9tats-Unis signifierait une infraction \u00e0 la convention de l\u2019ONU sur la torture. \u00ab <i>La convention de l\u2019ONU interdit l\u2019extradition ou la d\u00e9portation de quiconque vers un endroit o\u00f9 il ou elle peut \u00eatre tortur\u00e9<\/i> \u00bb[3] . Une des garanties que les autorit\u00e9s am\u00e9ricaines doivent donner aux pays europ\u00e9ens est que la peine de mort ne sera pas appliqu\u00e9e et que les inculp\u00e9s n\u2019iront pas \u00e0 Guantanamo. Mais ce qui attend tous les suspects d\u2019activit\u00e9s terroristes aux \u00c9tats-Unis n\u2019est pas moins que l\u2019isolement dans une des prisons \u00ab <i>maximum security<\/i> \u00bb o\u00f9 ils sont enferm\u00e9s pour une p\u00e9riode illimit\u00e9e. Les cinq extrad\u00e9s seront ainsi enferm\u00e9s dans la prison ADX Florence au Colorado ou dans une prison similaire. Dans son rapport \u00e0 l\u2019Assembl\u00e9e g\u00e9n\u00e9rale de l\u2019ONU de 2011, Mendez d\u00e9clare que la r\u00e9clusion solitaire produit d\u00e9j\u00e0 des effets psychiques irr\u00e9versibles apr\u00e8s quinze jours. Dans son interview au journal The Independent, il ajoute : \u201c <i>Je pense qu\u2019il y a des arguments forts pour dire que la r\u00e9clusion solitaire et les mesures administratives sp\u00e9ciales qui posent des limitations strictes \u00e0 la communication avec d\u2019autres d\u00e9tenus ou avec le monde ext\u00e9rieur sont une forme de torture. Se trouver face \u00e0 un mur 22 \u00e0 2 3heures par jour sans aucun contact social significatif avec d\u2019autres : ils ne peuvent faire du sport, dans les meilleurs cas qu\u2019une heure par jour mais cette personne ne peut rien faire pour briser son isolement. L\u2019isolement n\u2019est d\u2019ailleurs pas une peine, c\u2019est une mesure administrative totalement arbitraire, qui d\u00e9pend de la conduite du d\u00e9tenu. Le dommage psychique comme cons\u00e9quence de cet isolement pour une longue p\u00e9riode peut \u00eatre tr\u00e8s s\u00e9rieux<\/i> \u00bb. \u00ab <i>En cons\u00e9quence, beaucoup de suspects de terrorisme d\u00e9cident de conclure un deal avec les \u00c9tats-Unis en plaidant coupables. Ce qui fait craindre qu\u2019il s\u2019agisse de l\u2019exercice de la contrainte et d\u2019une infraction au droit international.<\/i> \u00bb Les d\u00e9clarations de Mendez sont confirm\u00e9es par tous les d\u00e9fenseurs des droits de l\u2019homme. Selon James Ridgeway, Jean Casella et Andy Worthington, il y aurait aux \u00c9tats-Unis 80.000 personnes en isolement carc\u00e9ral. Il s\u2019agit selon eux d\u2019une des questions des droits de l\u2019homme les plus urgentes aux \u00c9tats-Unis. En septembre 2012, Amnesty International USA a publi\u00e9 une \u00e9tude impressionnante sur les conditions p\u00e9nitentiaires et leurs cons\u00e9quences humaines dans la SHU\u2019s (Security Housing Units) en Californie. L\u2019\u00e9tude conclut : \u201c<i>Amnesty International est d\u2019avis que l\u2019isolement et d\u2019autres peines impos\u00e9es aux d\u00e9tenus des unit\u00e9s de SHU en Caifornie constituent une infraction aux normes internationales en mati\u00e8re de traitement humain. L\u2019isolement de longue dur\u00e9e ou illimit\u00e9, et l\u2019isolement social dur \u00e0 Pelican Bay SHU en particulier, sont une forme de cruaut\u00e9, de traitement inhumain ou d\u00e9gradant. C\u2019est une infraction au droit international<\/i>\u201d. [4] Un autre rapport important de 2012 sur l\u2019enfermement solitaire a \u00e9t\u00e9 publi\u00e9 par la New York Civil Liberties Union. Le rapport est bas\u00e9 sur une ann\u00e9e d\u2019enqu\u00eate, sur la correspondance de plus de cent d\u00e9tenus et sur de nombreux documents. Ce rapport \u00e9galement montre comment on use et on abuse l\u2019isolement carc\u00e9ral, cette fois \u00e0 New York.[5]<\/p>\n<p>8.\u00a0\u00a0 Julian Assange de Wikileaks a choisi le 19 juillet 2012 de se r\u00e9fugier \u00e0 l\u2019ambassade d\u2019\u00c9quateur \u00e0 Londres afin d\u2019\u00e9chapper \u00e0 une possible extradition vers les \u00c9tats-Unis. L\u2019\u00c9quateur lui a accord\u00e9 l\u2019asile politique et les ministres des affaires \u00e9trang\u00e8res de 12 \u00c9tats latino-am\u00e9ricains ont apport\u00e9 leur soutien \u00e0 l\u2019\u00c9quateur. Assange ne s\u2019oppose pas \u00e0 son extradition vers la Su\u00e8de pour y \u00eatre jug\u00e9 sur l\u2019accusation de viol.\u00a0 Il craint que la Su\u00e8de ne le livre aux \u00c9tats-Unis o\u00f9 il risque la peine la plus lourde pour les fuites de milliers de note diplomatiques \u00ab <i>qui ont jet\u00e9 la lumi\u00e8re sur les crimes secrets des puissants<\/i> \u00bb. C\u2019est ce qu\u2019il a d\u00e9clar\u00e9 du balcon de l\u2019ambassade \u00e9quatorienne \u00e0 Londres.[6] Assange a fait r\u00e9f\u00e9rence au sort du soldat Bradley Manning, accuse d\u2019avoir transmis des informations secretes \u00e0 Wikileaks. \u00ab <i>Manning a d\u00e9j\u00e0 pass\u00e9 800 jours en detention, sans proc\u00e8s, alors que le maximum l\u00e9gal est de 120.Il se trouve actuellement dans la prison militaire de Fort Leavenworth au Kansas, apr\u00e8s des mois de d\u00e9tention similaire \u00e0 la torture dans la prison de Quantico en Virginie\u2026 <\/i>\u00bb.La crainte des suites d\u2019une extradition vers les \u00c9tats-Unis ne concerne pas seulement les militants politiques, mais aussi les d\u00e9linquants sexuels. Ainsi, un tribunal irlandais a d\u00e9cid\u00e9 en juin 2012 de refuser l\u2019extradition du citoyen am\u00e9ricano-irlandais Shawn Sullivan. L\u2019homme aurait \u00e9t\u00e9 jug\u00e9 aux \u00c9tats-Unis pour p\u00e9dophilie. Le tribunal a jug\u00e9 que l\u2019homme risquait la perp\u00e9tuit\u00e9 et qu\u2019il s\u2019agir d\u2019une infraction au droit de l\u2019homme : \u00ab <i>Sullivan aurait pass\u00e9 le reste de sa vie dans le cadre d\u2019un programme controvers\u00e9 destin\u00e9 aux d\u00e9linquants sexuels dans le\u00a0 Minnesota <\/i>\u00bb. En r\u00e9action, l\u2019ambassade am\u00e9ricaine \u00e0 Dublin a d\u00e9fendu l\u2019existence d\u2019un \u00ab <i>programme civil<\/i> \u00bb qui permet de maintenir quelqu\u2019un en d\u00e9tention illimit\u00e9e sur base d\u2019un danger potentiel.[7]<\/p>\n<p>9.\u00a0\u00a0\u00a0\u00a0\u00a0 Noam Chomski estime que dans le climat politique actuel, aucune extradition vers les \u00c9tats-Unis ne peut se justifier. Chomski a d\u00e9clar\u00e9 en 2012, alors qu\u2019il prenait la d\u00e9fense de\u00a0 Talha Ahsan, accus\u00e9 de terrorisme et l\u2019une des cinq personnes qui risquent l\u2019extradition par la Grande-Bretagne vers les \u00c9tats-Unis : \u201d<i>Avec le recul consid\u00e9rable de la protection des droits civils \u00e9l\u00e9mentaires aux \u00c9tats-Unis, personne ne devrait \u00eatre livr\u00e9 \u00e0 ce pays, sur base d\u2019un terrorisme pr\u00e9sum\u00e9. L\u2019 avocat de droit constitutionnel de la Maison Blanche a encore exprim\u00e9 clairement r\u00e9ecemment que c\u2019est la discussion interne au pouvoir ex\u00e9cutif qui d\u00e9cide en quoi consiste un proc\u00e8s \u00e9quitable selon la Constitution am\u00e9ricaine (et la Magna Carta). Et ce n\u2019est pas le seul exemple. En outre, les prisons et le syst\u00e8me p\u00e9nitentiaire en g\u00e9n\u00e9ral constituent un scandale international. Je vous souhaite beaucoup de succ\u00e8s dans votre campagne pour emp\u00eacher l\u2019extradition de Talha Ahsan.<\/i>\u201c [8]<\/p>\n<p style=\"text-align: right;\">Par Luk Vervaet<\/p>\n<p>[1] Les 25 organisations sont : <a title=\"(Opens in a new window)\" href=\"http:\/\/www.amnestyusa.org\/\" target=\"_blank\" rel=\"external\">Amnesty International USA<\/a>, <a title=\"(Opens in a new window)\" href=\"http:\/\/www.bordc.org\/\" target=\"_blank\" rel=\"external\">Bill of Rights Defense Committee<\/a>, Catholic Worker, <a title=\"(Opens in a new window)\" href=\"http:\/\/ccrjustice.org\/\" target=\"_blank\" rel=\"external\">Center for Constitutional Rights<\/a>, <a href=\"http:\/\/www.closeguantanamo.org\/\">Close Guant\u00e1namo<\/a>, <a title=\"(Opens in a new window)\" href=\"http:\/\/www.codepink4peace.org\/\" target=\"_blank\" rel=\"external\">Code Pink<\/a>, <a title=\"(Opens in a new window)\" href=\"http:\/\/www.cair.com\/\" target=\"_blank\" rel=\"external\">Council on American Islamic Relations<\/a>, <a title=\"(Opens in a new window)\" href=\"http:\/\/www.ijnetwork.org\/\" target=\"_blank\" rel=\"external\">International Justice Network<\/a>, <a title=\"(Opens in a new window)\" href=\"http:\/\/www.libertycoalition.net\/\" target=\"_blank\" rel=\"external\">Liberty Coalition<\/a>, National Campaign for Nonviolent Resistance, <a title=\"(Opens in a new window)\" href=\"http:\/\/www.nogitmos.org\/\" target=\"_blank\" rel=\"external\">No More Guant\u00e1namos<\/a>, <a title=\"(Opens in a new window)\" href=\"http:\/\/www.ncstoptorturenow.org\/\" target=\"_blank\" rel=\"external\">North Carolina Stop Torture Now<\/a>, <a title=\"(Opens in a new window)\" href=\"http:\/\/paxchristiusa.org\/\" target=\"_blank\" rel=\"external\">Pax Christi USA<\/a>, <a title=\"(Opens in a new window)\" href=\"http:\/\/physiciansforhumanrights.org\/\" target=\"_blank\" rel=\"external\">Physicians for Human Rights<\/a>, <a title=\"(Opens in a new window)\" href=\"http:\/\/www.rhr-na.org\/\" target=\"_blank\" rel=\"external\">Rabbis for Human Rights North America<\/a>, <a title=\"(Opens in a new window)\" href=\"http:\/\/www.peacefultomorrows.org\/\" target=\"_blank\" rel=\"external\">September 11th Families for Peaceful Tomorrows<\/a>, Tackling Torture at the Top, <a title=\"(Opens in a new window)\" href=\"http:\/\/tassc.org\/blog\/\" target=\"_blank\" rel=\"external\">Torture Abolition and Survivors Support Coalition<\/a>, <a title=\"(Opens in a new window)\" href=\"http:\/\/www.veteransforpeace.org\/\" target=\"_blank\" rel=\"external\">Veterans for Peace<\/a>, <a title=\"(Opens in a new window)\" href=\"http:\/\/vcnv.org\/\" target=\"_blank\" rel=\"external\">Voices for Creative Nonviolence<\/a>, <a title=\"(Opens in a new window)\" href=\"http:\/\/www.warresisters.org\/\" target=\"_blank\" rel=\"external\">War Resisters League<\/a>, <a title=\"(Opens in a new window)\" href=\"http:\/\/www.wrrcat.org\/\" target=\"_blank\" rel=\"external\">Washington Region Religious Campaign Against Torture<\/a>, <a title=\"(Opens in a new window)\" href=\"http:\/\/witnesstorture.org\/\" target=\"_blank\" rel=\"external\">Witness Against Torture<\/a>, <a title=\"(Opens in a new window)\" href=\"http:\/\/www.worldwidewamm.org\/\" target=\"_blank\" rel=\"external\">Women Against Military Madness<\/a>, and <a title=\"(Opens in a new window)\" href=\"http:\/\/www.worldcantwait.net\/\" target=\"_blank\" rel=\"external\">World Can\u2019t Wait<\/a>.<\/p>\n<p>[2]http:\/\/www.rollingstone.com\/music\/news\/jackson-browne-common-pete-seeger-and-more-rally-to-free-leonard-peltier-20121213?utm_source=dailynewsletter&amp;utm_medium=email&amp;utm_campaign=newsletter<\/p>\n<p>[3]The independent WEDNESDAY 03 OCTOBER 2012<\/p>\n<p>http:\/\/www.independent.co.uk\/news\/uk\/home-news\/un-advisor-says-sending-muslim-cleric-abu-hamza-to-us-would-equal-torture-8194857.html<\/p>\n<p>[4]Amnesty International : The edge of endurance, prison conditions in California\u2019s security houding units, September 2012<\/p>\n<p>[5]\u00a0\u00a0 http:\/\/solitarywatch.com\/2012\/10\/02\/unlock-the-box-the-fight-against-solitary-confinement-in-new-york\/<\/p>\n<p>[6]Official Statement by Julian Assange from the Ecuadorian Embassy, 19 August, 2012<\/p>\n<p>Countercurrents.org\u00a0\u00a0 http:\/\/www.countercurrents.org\/assange190812.htm<\/p>\n<p>[7]\u00a0 http:\/\/www.irishcentral.com\/news\/Pedophile-Shawn-Sullivan-spared-extradition-to-the-US-on-human-rights-grounds<\/p>\n<p>[8]http:\/\/freetalha.org\/2012\/06\/statement-of-support-noam-chomsky\/<\/p>\n<p><strong>Voir Aussi :<\/strong><\/p>\n<address><a title=\"Permanent Link to Entretien avec la femme de Nizar Trabelsi\" href=\"http:\/\/www.egalite.be\/?p=3194\" rel=\"bookmark\">Entretien avec la femme de Nizar Trabelsi<\/a><\/address>\n<address><img decoding=\"async\" class=\"alignright\" alt=\"http:\/\/www.egalite.be\/wp-content\/uploads\/2012\/01\/1012close-guantanamo.jpg\" src=\"http:\/\/www.egalite.be\/wp-content\/uploads\/2012\/01\/1012close-guantanamo.jpg\" \/><\/p>\n<\/address>\n<\/div>\n","protected":false},"excerpt":{"rendered":"<p>Appel \u00e0 l\u2019occasion du 11\u00e8me anniversaire de l\u2019ouverture de Guantanamo Pour le retrait de la d\u00e9cision belge d\u2019extrader Nizar Trabelsi vers les \u00c9tats-Unis et pour sa lib\u00e9ration imm\u00e9diate<\/p>\n","protected":false},"author":1,"featured_media":327,"comment_status":"open","ping_status":"open","sticky":false,"template":"","format":"standard","meta":{"footnotes":""},"categories":[21,36,4,8,18,28],"tags":[31,29],"class_list":["post-626","post","type-post","status-publish","format-standard","has-post-thumbnail","hentry","category-anti-imperialisme","category-europe","category-islamophobie","category-prisons","category-resistance-bruxelles","category-racismes","tag-belgique","tag-torture"],"_links":{"self":[{"href":"https:\/\/bruxelles-pantheres.be\/index.php?rest_route=\/wp\/v2\/posts\/626","targetHints":{"allow":["GET"]}}],"collection":[{"href":"https:\/\/bruxelles-pantheres.be\/index.php?rest_route=\/wp\/v2\/posts"}],"about":[{"href":"https:\/\/bruxelles-pantheres.be\/index.php?rest_route=\/wp\/v2\/types\/post"}],"author":[{"embeddable":true,"href":"https:\/\/bruxelles-pantheres.be\/index.php?rest_route=\/wp\/v2\/users\/1"}],"replies":[{"embeddable":true,"href":"https:\/\/bruxelles-pantheres.be\/index.php?rest_route=%2Fwp%2Fv2%2Fcomments&post=626"}],"version-history":[{"count":1,"href":"https:\/\/bruxelles-pantheres.be\/index.php?rest_route=\/wp\/v2\/posts\/626\/revisions"}],"predecessor-version":[{"id":627,"href":"https:\/\/bruxelles-pantheres.be\/index.php?rest_route=\/wp\/v2\/posts\/626\/revisions\/627"}],"wp:featuredmedia":[{"embeddable":true,"href":"https:\/\/bruxelles-pantheres.be\/index.php?rest_route=\/wp\/v2\/media\/327"}],"wp:attachment":[{"href":"https:\/\/bruxelles-pantheres.be\/index.php?rest_route=%2Fwp%2Fv2%2Fmedia&parent=626"}],"wp:term":[{"taxonomy":"category","embeddable":true,"href":"https:\/\/bruxelles-pantheres.be\/index.php?rest_route=%2Fwp%2Fv2%2Fcategories&post=626"},{"taxonomy":"post_tag","embeddable":true,"href":"https:\/\/bruxelles-pantheres.be\/index.php?rest_route=%2Fwp%2Fv2%2Ftags&post=626"}],"curies":[{"name":"wp","href":"https:\/\/api.w.org\/{rel}","templated":true}]}}