{"id":6262,"date":"2025-07-02T11:48:55","date_gmt":"2025-07-02T10:48:55","guid":{"rendered":"https:\/\/bruxelles-pantheres.be\/?p=6262"},"modified":"2025-03-26T11:55:28","modified_gmt":"2025-03-26T10:55:28","slug":"kimpa-vita-une-femme-prophetique","status":"publish","type":"post","link":"https:\/\/bruxelles-pantheres.be\/?p=6262","title":{"rendered":"Kimpa Vita, une femme proph\u00e9tique"},"content":{"rendered":"<p>Aujourd&rsquo;hui encore, elle est consid\u00e9r\u00e9e comme l&rsquo;une des premi\u00e8res r\u00e9volutionnaires anticoloniales d&rsquo;Afrique. Apr\u00e8s avoir lu l&rsquo;histoire de Kimpa Vita, vous n&rsquo;oublierez jamais son nom, son engagement envers son peuple et son courage sans faille.<\/p>\n<p>Kimpa Vita n&rsquo;\u00e9tait qu&rsquo;une adolescente lorsqu&rsquo;elle a commenc\u00e9 \u00e0 d\u00e9fier les pouvoirs qui dirigeaient son monde.<!--more--><\/p>\n<table class=\"m_-3137090758853814044layout\" border=\"0\" width=\"100%\" cellspacing=\"0\" cellpadding=\"0\" bgcolor=\"#e9e2bc\">\n<tbody>\n<tr>\n<td class=\"m_-3137090758853814044column m_-3137090758853814044scale m_-3137090758853814044stack\" align=\"center\" valign=\"top\">\n<table class=\"m_-3137090758853814044text\" border=\"0\" width=\"100%\" cellspacing=\"0\" cellpadding=\"0\">\n<tbody>\n<tr>\n<td class=\"m_-3137090758853814044text_content-cell m_-3137090758853814044content-padding-horizontal\" align=\"left\" valign=\"top\"><\/td>\n<\/tr>\n<\/tbody>\n<\/table>\n<table class=\"m_-3137090758853814044image m_-3137090758853814044image--mobile-scale m_-3137090758853814044image--mobile-center\" border=\"0\" width=\"100%\" cellspacing=\"0\" cellpadding=\"0\">\n<tbody>\n<tr>\n<td class=\"m_-3137090758853814044image_container m_-3137090758853814044content-padding-horizontal\" align=\"center\" valign=\"top\">\n<table class=\"m_-3137090758853814044text\" border=\"0\" cellspacing=\"0\" cellpadding=\"0\">\n<tbody>\n<tr>\n<td class=\"m_-3137090758853814044text_content-cell\" align=\"center\"><a href=\"https:\/\/zfj6gb44.cc.rs6.net\/tn.jsp?f=001Nbm4PQxtNqFLxLmf7fRJwl6k0u6sfnUfq3fM9t7F0tS8ryizyUdDPnK50Z5_lP8YOSkqYms3B9-WGZ6e8qtRdh6gFK-CSEle-_KwFokjjWftzL8k0XPD1N28ZjI4hzBfMUyYs989ugnhaXaJopiBsjMo2IgQCcWD0_uozCNSSj4=&amp;c=U5nuROSlzoHU_awPsQJXhwmN81xlYkvHv97KCw8a5QYhfWYOePA5ow==&amp;ch=KVvX4MwPfPkq-Q76plMd7dcLZOmFQSTTtekTfbCIHOBq3aXVVkiJ4Q==\" target=\"_blank\" rel=\"noopener\"><img decoding=\"async\" class=\"CToWUd\" src=\"https:\/\/ci3.googleusercontent.com\/meips\/ADKq_NYoI6BllcGhUqmoxr1g15ZTO13NT0a5F2mVtFPIu9jJatw2aQQMqS0rg26s8lEKPzRiJg0uVR3dihxsh5qUAK97boZGNQfQGT5cDcL8ejGciPPvROKwlkTh4KT_8-PQYm1fBw0j0bm_b0npba6d8FjO_hCJ=s0-d-e1-ft#https:\/\/files.constantcontact.com\/9b4ae62cff\/0bf5ce67-da05-4600-82fc-f39fe5744a95.jpg?rdr=true\" alt=\"\" width=\"533\" data-bit=\"iit\" \/><\/a><\/td>\n<\/tr>\n<\/tbody>\n<\/table>\n<\/td>\n<\/tr>\n<\/tbody>\n<\/table>\n<\/td>\n<\/tr>\n<\/tbody>\n<\/table>\n<table class=\"m_-3137090758853814044layout\" border=\"0\" width=\"100%\" cellspacing=\"0\" cellpadding=\"0\" bgcolor=\"#e9e2bc\">\n<tbody>\n<tr>\n<td class=\"m_-3137090758853814044column m_-3137090758853814044scale m_-3137090758853814044stack\" align=\"center\" valign=\"top\">\n<table class=\"m_-3137090758853814044text\" border=\"0\" width=\"100%\" cellspacing=\"0\" cellpadding=\"0\">\n<tbody>\n<tr>\n<td class=\"m_-3137090758853814044text_content-cell m_-3137090758853814044content-padding-horizontal\" align=\"left\" valign=\"top\">N\u00e9e en 1684 au royaume du Kongo, Kimpa Vita grandit dans l&rsquo;ombre grandissante de la d\u00e9vastation coloniale. Autrefois puissant royaume africain, le Kongo que son peuple connaissait avait \u00e9t\u00e9 d\u00e9chir\u00e9 par l&rsquo;invasion europ\u00e9enne et la traite transatlantique des esclaves. Les envahisseurs portugais avaient aliment\u00e9 les guerres civiles, dress\u00e9 les dirigeants contre leur propre peuple et transform\u00e9 le royaume en champ de bataille.<\/p>\n<p>Mais Kimpa Vita voyait un avenir diff\u00e9rent.<\/p>\n<p>Form\u00e9e aux pratiques spirituelles traditionnelles du Kongo en tant que gu\u00e9risseuse et m\u00e9dium, Kimpa Vita tomba un jour gravement malade ; et alors qu&rsquo;elle \u00e9tait allong\u00e9e sur son lit de mort, elle eut une vision profonde :\u00a0un Kongo unifi\u00e9, libre de la guerre et du contr\u00f4le \u00e9tranger\u00a0.<\/p>\n<p>Une fois remise de sa maladie, elle se proclama proph\u00e9tesse et fonda le\u00a0Mouvement Antonien\u00a0, un puissant soul\u00e8vement religieux et politique. Kimpa Vita pr\u00eacha que le peuple du Kongo \u00e9tait divinement \u00e9lu, que le Christ n&rsquo;\u00e9tait pas une figure europ\u00e9enne mais africaine, et que le royaume devait se lib\u00e9rer de la domination europ\u00e9enne et reconqu\u00e9rir sa souverainet\u00e9 pour pr\u00e9server son avenir et la s\u00e9curit\u00e9 de son peuple.<\/p>\n<p>Par ses enseignements, Kimpa Vita a r\u00e9interpr\u00e9t\u00e9 le christianisme d\u2019un point de vue africain, rejetant la version de la foi des missionnaires europ\u00e9ens qui justifiait l\u2019esclavage et la domination europ\u00e9enne.<\/p>\n<p>Son message se r\u00e9pandit comme une tra\u00een\u00e9e de poudre. En quelques ann\u00e9es, des milliers de personnes, dont des soldats et des dirigeants exil\u00e9s, suivirent son appel. Elle ramena ses fid\u00e8les \u00e0 leur capitale abandonn\u00e9e, S\u00e3o Salvador, et entreprit de reconstruire ce que les Portugais avaient d\u00e9truit.\u00a0Mais sa r\u00e9sistance eut un prix. Qualifi\u00e9e d&rsquo;h\u00e9r\u00e9tique et de rebelle par les autorit\u00e9s catholiques europ\u00e9ennes, elle fut captur\u00e9e par l&rsquo;\u00e9lite dirigeante du Kongo, alli\u00e9e aux Portugais, et br\u00fbl\u00e9e vive en 1706.<\/p>\n<p>&nbsp;<\/p>\n<p>Elle n\u2019avait que 22 ans.<\/p>\n<p>&nbsp;<\/p>\n<p>Son ex\u00e9cution \u00e9tait cens\u00e9e \u00e9teindre son mouvement, mais son h\u00e9ritage a perdur\u00e9. Plus de trois si\u00e8cles plus tard, le combat qu&rsquo;elle incarnait se poursuit. Aujourd&rsquo;hui, les femmes congolaises m\u00e8nent des mouvements pour la justice, l&rsquo;autod\u00e9termination et la lib\u00e9ration des forces modernes de l&rsquo;imp\u00e9rialisme \u2013 les entreprises, les puissances \u00e9trang\u00e8res et les \u00e9lites locales qui exploitent encore les richesses apparemment in\u00e9puisables du Congo.<\/td>\n<\/tr>\n<\/tbody>\n<\/table>\n<\/td>\n<\/tr>\n<\/tbody>\n<\/table>\n<div class=\"row\">\n<div class=\"az-element az-ctnr az-column col-sm-8 right-side\">\n<div class=\"field field--name-field-body field-- type-text-long field--label-hidden text-formatted field--item\">\n<p class=\"selectionShareable\"><strong>Kimpa Vita est une proph\u00e9tesse africaine, figure de la r\u00e9sistance \u00e0 la colonisation portugaise dans l\u2019actuel Angola au 18\u00e8me si\u00e8cle.<\/strong><\/p>\n<p class=\"selectionShareable\">Kimpa Vita serait n\u00e9e vers 1684 dans une famille noble \u00e0 Mbanza Kongo au royaume de Kongo (dont le territoire couvre l\u2019actuel Angola ainsi que du Gabon et du Congo). Le pays ayant \u00e9t\u00e9 \u00e9vang\u00e9lis\u00e9 d\u00e8s la fin du XVe si\u00e8cle, elle est baptis\u00e9e sous le nom de Dona Beatriz. Kimpa Vita, le nom africain par lequel elle reste connue, signifie \u00ab la jumelle n\u00e9e de la guerre \u00bb, car elle grandit alors que le royaume est d\u00e9chir\u00e9 depuis pr\u00e8s de 20 ans par la guerre civile provoqu\u00e9e par les conflits de succession et la volont\u00e9 de conqu\u00eate des Portugais, qui tentent de prendre le contr\u00f4le du territoire o\u00f9 ils pratiquent la traite esclavagiste depuis le si\u00e8cle pr\u00e9c\u00e9dent.<\/p>\n<p class=\"selectionShareable\">Mystique, la jeune fille est \u00e9lev\u00e9e dans un m\u00e9lange spirituel alliant les croyances africaines \u2013 elle est form\u00e9e en tant que nganga marinda, un r\u00f4le de m\u00e9dium permettant \u00e0 la communaut\u00e9 de r\u00e9soudre les probl\u00e8mes surnaturels \u2013 et la th\u00e9ologie catholique. A vingt ans, elle annonce avoir \u00e9t\u00e9 visit\u00e9e par saint Antoine de Padoue, un pr\u00eatre franciscain portugais du XIIIe si\u00e8cle canonis\u00e9 par l\u2019\u00c9glise catholique pour ses gu\u00e9risons et ses miracles, qui l\u2019aurait investie d\u2019une mission divine de r\u00e9unification du royaume autour de son ancienne capitale S\u00e3o Salvador, nouvelle J\u00e9rusalem.<\/p>\n<p class=\"selectionShareable\">Elle fonde alors \u00ab l\u2019antonianisme \u00bb, un mouvement syncr\u00e9tique o\u00f9 elle m\u00eale les croyances traditionnelles du Kongo et les enseignements de l\u2019\u00c9glise catholique romaine, en y ajoutant un discours de fiert\u00e9 noire appel\u00e9 \u00e0 un grand avenir : elle d\u00e9clare en effet la race noire b\u00e9nie de Dieu, et propose \u00e0 ses adeptes une africanisation du christianisme, dans laquelle J\u00e9sus est noir, n\u00e9 \u00e0 Mbanza Kongo, et o\u00f9 la Terre Sainte est par cons\u00e9quent situ\u00e9e au Kongo. Pour propager cette doctrine dans tout le pays, elle institue son propre ordre missionnaire, qu\u2019elle envoie \u00e0 travers le royaume pour la propager son message de fiert\u00e9 et d\u2019\u00e9mancipation, tout en plaidant pour la restauration politique d\u2019un royaume unifi\u00e9, lib\u00e9r\u00e9 de l\u2019influence pesante des puissances europ\u00e9ennes, notamment le Portugal.<\/p>\n<p class=\"selectionShareable\">Dans ses discours comme dans ses actes, elle s\u2019oppose aux missionnaires europ\u00e9ens, \u00e0 ses yeux incapables de r\u00e9pondre aux besoins spirituels des catholiques kongolais, et qu\u2019elle accuse de sorcellerie. Rapidement, elle se constitue une puissante communaut\u00e9 de fid\u00e8les, plus de 80 000 \u00e0 travers tout le Kongo, unis par un enseignement dans lequel l\u2019Eglise catholique ne voit qu\u2019une dangereuse d\u00e9viance. Dans une lettre du 15 mai 1706, le P\u00e8re Columbano da Bologna, Pr\u00e9fet des Missions du Congo et d&rsquo;Angola d\u00e9nonce les pratiques blasph\u00e9matoires et h\u00e9r\u00e9tiques du mouvement : l\u2019interdiction de l\u2019Ave Maria et de je\u00fbner en Car\u00eame, l\u2019admission de la polygamie, la r\u00e9mission des p\u00e9ch\u00e9s par l\u2019exposition \u00e0 la pluie etc.<\/p>\n<p class=\"selectionShareable\">Dans le chaos politique du Kongo, la mont\u00e9e en puissance de la proph\u00e9tesse divise les \u00e9lites locales et alerte le Portugal, la puissance coloniale dominante dans la r\u00e9gion. Pour l\u2019historienne Catherine Coquery-Vidrovitch, Kimpa Vita \u00ab inqui\u00e8te beaucoup les colons portugais et l\u2019inquisition. Suffisamment, m\u00eame, pour qu\u2019on veuille la tuer \u00bb. Le pouvoir, associ\u00e9 \u00e0 l\u2019\u00e9glise, finit par frapper : les missionnaires se saisissent du fait que Kimpa Vita vient de mettre un enfant au monde pour contester sa saintet\u00e9 et, alli\u00e9s au roi Pierre IV du Kongo, ils lancent la r\u00e9pression contre le mouvement antoiniste et sa cheffe charismatique. Kimpa Vita est arr\u00eat\u00e9e, jug\u00e9e et condamn\u00e9e au b\u00fbcher par l\u2019Inquisition avec son compagnon. Elle est br\u00fbl\u00e9e le 2 juillet 1706, avec son enfant dans les bras, \u00e0 Evolulu dans l\u2019actuel Angola.<\/p>\n<p class=\"selectionShareable\">Morte en martyre \u00e0 22 ans apr\u00e8s avoir redonn\u00e9 l\u2019espoir \u00e0 un pays en proie \u00e0 la division et \u00e0 l\u2019emprise de la puissance coloniale portugaise, mystique au croisement des spiritualit\u00e9s traditionnelles africaines et du message \u00e9vang\u00e9lique, figure majeure de son temps ayant suscit\u00e9 de nombreux t\u00e9moignages de son vivant, Kimpa Vita a laiss\u00e9 une empreinte majeure dans l\u2019histoire des r\u00e9sistances africaines \u00e0 la colonisation. Son apparition unificatrice dans un pays ravag\u00e9 par la discorde, sa qu\u00eate proph\u00e9tique et sa fin tragique sur un b\u00fbcher ne peuvent qu\u2019\u00e9voquer l\u2019image d\u2019une Jeanne d\u2019Arc, sa th\u00e9ologie syncr\u00e9tique marqu\u00e9e par la fiert\u00e9 noire en faisant par ailleurs une pr\u00e9curseuse de l\u2019id\u00e9e panafricaniste.<\/p>\n<p class=\"selectionShareable\">Pour toutes ces raisons, elle n\u2019a cess\u00e9 d\u2019\u00eatre une r\u00e9f\u00e9rence au sein de nombreux cultes messianiques en Afrique, inspirant jusque dans la premi\u00e8re moiti\u00e9 du XXe si\u00e8cle des pr\u00e9dicateurs congolais et angolais \u00e0 l\u2019image du matswanisme, du kimbanguisme, ou encore des \u00c9glises noires anti-apartheid en Afrique du Sud. Pour l\u2019auteur congolais Nginamau Petelo : \u00ab on peut lui attribuer, dans une certaine mesure, la maternit\u00e9 de l\u2019ind\u00e9pendance africaine, au titre d\u2019h\u00e9ro\u00efne de la dignit\u00e9 et de la libert\u00e9 noire \u00bb. Aujourd\u2019hui, une statue a \u00e9t\u00e9 \u00e9rig\u00e9e \u00e0 sa m\u00e9moire \u00e0 U\u00edge en Angola, son nom reste un synonyme de r\u00e9sistance nationale et spirituelle dans toute l\u2019Afrique, et son destin extraordinaire ne cesse d\u2019inspirer les artistes et cr\u00e9ateurs : en 2024, l\u2019\u00e9crivain Wilfried N\u2019Sond\u00e9 lui a consacr\u00e9 son roman\u00a0<em>\u00ab La reine aux yeux de lune \u00bb.<\/em>\n<\/p>\n<\/div>\n<div class=\"field field--name-field-source-information field--type-text-long field--label-above field-text-with-label-h4\">\n<h4 class=\"field--label\">Sources d&rsquo;informations<\/h4>\n<div class=\"field--item\">\n<ul>\n<li>Interview de Wilfried N\u2019Sond\u00e9 sur RFI \u00e0 propos de\u00a0<a href=\"https:\/\/www.rfi.fr\/fr\/podcasts\/de-vive-s-voix\/20231018-wilfried-n-sonde-raconte-kimpa-vita-le-destin-d-une-femme-sacrifi%C3%A9e\" target=\"_blank\" rel=\"noopener\">\u00ab La reine aux yeux de lune \u00bb<\/a><\/li>\n<li><a href=\"https:\/\/regardsprotestants.com\/actualites\/francophonie\/kimpa-vita-la-jeanne-darc-dafrique\/%C2%A0\" target=\"_blank\" rel=\"noopener\">Kimpa Vita, la Jeanne d&rsquo;Arc d&rsquo;Afrique,<\/a>\u00a0par S\u00e9bastien Fath dans Regards Protestants<\/li>\n<li><a href=\"https:\/\/www.jeuneafrique.com\/444727\/societe\/kimpa-vita-lespoir-kongo\/%C2%A0\" target=\"_blank\" rel=\"noopener\">\u00ab Kimpa Vita, l\u2019\u00e9toile r\u00e9volutionnaire du Kongo \u00bb<\/a>, Elodie Descamps, Jeune Afrique, 7 mars 2018<\/li>\n<\/ul>\n<\/div>\n<\/div>\n<\/div>\n<\/div>\n<div class=\"row\">\n<div class=\"article__header mb-40\">\n<div class=\"headline font-sans -last:mb-30\">\n<h3 class=\"headline__title !mb-0\" style=\"text-align: center;\">Kimpa Vita, l\u2019\u00e9toile r\u00e9volutionnaire du Kongo<\/h3>\n<p class=\"headline__lead text-18 leading-24 md:text-20 md:leading-26 mt-20\">Br\u00fbl\u00e9e vive sur un b\u00fbcher, la proph\u00e9tesse Kimpa Vita a lib\u00e9r\u00e9 la fiert\u00e9 de l\u2019identit\u00e9 noire et port\u00e9 une foi \u00e9mancipatrice sur un continent en proie \u00e0 l\u2019oppression.<\/p>\n<\/div>\n<\/div>\n<div class=\"article__grid grid grid-cols-1 gap-50 lg:grid-cols-sidebar\">\n<div class=\"article__content font-serif min-w-0\">\n<figure class=\"box-image relative font-sans overflow-hidden -first:mt-40 -last:mb-40 z-10\"><img decoding=\"async\" class=\"image block loader\" src=\"https:\/\/prod.cdn-medias.jeuneafrique.com\/cdn-cgi\/image\/q=auto,f=auto,metadata=none,width=1215,fit=cover,quality=80\/https:\/\/prod.cdn-medias.jeuneafrique.com\/medias\/2017\/06\/08\/kimpa-e1496938316846.png\" sizes=\"810px\" srcset=\"https:\/\/prod.cdn-medias.jeuneafrique.com\/cdn-cgi\/image\/q=auto,f=auto,metadata=none,width=420,fit=cover,quality=80\/https:\/\/prod.cdn-medias.jeuneafrique.com\/medias\/2017\/06\/08\/kimpa-e1496938316846.png 420w, https:\/\/prod.cdn-medias.jeuneafrique.com\/cdn-cgi\/image\/q=auto,f=auto,metadata=none,width=750,fit=cover,quality=80\/https:\/\/prod.cdn-medias.jeuneafrique.com\/medias\/2017\/06\/08\/kimpa-e1496938316846.png 750w, https:\/\/prod.cdn-medias.jeuneafrique.com\/cdn-cgi\/image\/q=auto,f=auto,metadata=none,width=1215,fit=cover,quality=80\/https:\/\/prod.cdn-medias.jeuneafrique.com\/medias\/2017\/06\/08\/kimpa-e1496938316846.png 1215w, https:\/\/prod.cdn-medias.jeuneafrique.com\/cdn-cgi\/image\/q=auto,f=auto,metadata=none,width=1800,fit=cover,quality=80\/https:\/\/prod.cdn-medias.jeuneafrique.com\/medias\/2017\/06\/08\/kimpa-e1496938316846.png 1800w, https:\/\/prod.cdn-medias.jeuneafrique.com\/cdn-cgi\/image\/q=auto,f=auto,metadata=none,width=2400,fit=cover,quality=80\/https:\/\/prod.cdn-medias.jeuneafrique.com\/medias\/2017\/06\/08\/kimpa-e1496938316846.png 2400w\" alt=\"La proph\u00e9tesse Kimpa Vita interpr\u00e9t\u00e9e par une com\u00e9dienne dans le documentaire \u00ab\u00a0Kimpa Vita, la m\u00e8re de la r\u00e9volution africaine\u00a0\u00bb, de Ne Kunda Nlaba. \u00a9 Capture d\u2019\u00e9cran Youtube\" width=\"1215\" height=\"\" \/><figcaption class=\"box-image__caption lazyload mt-8 text-14 text-main-secondary\">La proph\u00e9tesse Kimpa Vita interpr\u00e9t\u00e9e par une com\u00e9dienne dans le documentaire \u00ab\u00a0Kimpa Vita, la m\u00e8re de la r\u00e9volution africaine\u00a0\u00bb, de Ne Kunda Nlaba. \u00a9 Capture d\u2019\u00e9cran Youtube<\/p>\n<\/figcaption><\/figure>\n<p>Une allure \u00e9lanc\u00e9e, une prestance de sainte et \u00ab\u00a0de si grands yeux\u00a0\u00bb\u2026 C\u2019est ainsi qu\u2019est d\u00e9crite\u00a0au d\u00e9but du XVIIIe si\u00e8cle\u00a0<a href=\"https:\/\/www.jeuneafrique.com\/134707\/politique\/glises-vang-liques-des-gourous-dans-l-ar-ne-de-l-afrique-centrale\/\" data-mrf-link=\"https:\/\/www.jeuneafrique.com\/134707\/politique\/glises-vang-liques-des-gourous-dans-l-ar-ne-de-l-afrique-centrale\/\">Kimpa Vita<\/a>, grande proph\u00e9tesse du Kongo, par les missionnaires europ\u00e9ens. Si les \u00e9crits \u00e0 son sujet sont si nombreux, \u00ab\u00a0c\u2019est qu\u2019elle inqui\u00e8te beaucoup les colons portugais et l\u2019inquisition. Suffisamment, m\u00eame, pour\u00a0qu\u2019on veuille la tuer \u00bb, pr\u00e9cise l\u2019historienne Catherine Coquery-Vidrovitch.<\/p>\n<p>Kimpa Vita, de son nom chr\u00e9tien Dona Beatriz, utilise la m\u00eame arme que celle de\u00a0<span id=\"article-engagement-10\" class=\"article-engagement\" data-progression=\"10\">ses<\/span>\u00a0ennemis : la religion. Un jour, alors qu\u2019elle est \u00e0 peine \u00e2g\u00e9e de 20 ans, la jeune femme a une r\u00e9v\u00e9lation. Saint Antoine, un\u00a0chr\u00e9tien v\u00e9n\u00e9r\u00e9 par les colons portugais, lui appara\u00eet en vision. Tel un fr\u00e8re, il est noir. Il lui ordonne de\u00a0retrouver\u00a0Pedro IV, l\u2019actuel roi du Kongo qui a d\u00e9sert\u00e9\u00a0le royaume, et de le ramener \u00e0 Mbanza Kongo, la capitale (appel\u00e9e S\u00e3o Salvador par les Portugais),\u00a0afin d\u2019unifier le royaume\u00a0qui souffre\u00a0<span id=\"article-engagement-20\" class=\"article-engagement\" data-progression=\"20\">de\u00a0divisions<\/span> internes.<\/p>\n<p>\u00c0\u00a0cette \u00e9poque, le Royaume Kongo recouvre un immense territoire du centre de l\u2019Afrique, s\u2019\u00e9tendant de l\u2019Angola au Gabon actuels, en passant par\u00a0<a href=\"https:\/\/www.jeuneafrique.com\/pays\/republique-du-congo\/\" data-mrf-link=\"https:\/\/www.jeuneafrique.com\/pays\/republique-du-congo\/\">les deux Congo<\/a>.<\/p>\n<h4>L\u2019intensification de l\u2019esclavagisme<\/h4>\n<p>La r\u00e9v\u00e9lation mystique de Kimpa Vita suscite l\u2019espoir dans cette r\u00e9gion colonis\u00e9e. Trois si\u00e8cles plus t\u00f4t, les colons\u00a0arriv\u00e9s par bateaux\u00a0avaient \u00e9t\u00e9 trait\u00e9s par le\u00a0roi comme des partenaires commerciaux. \u00ab Il\u00a0y avait alors une bonne entente entre chefs c\u00f4tiers et n\u00e9griers portugais ou hollandais\u00a0\u00bb,\u00a0souligne Catherine Coquery-Vidrovitch.<\/p>\n<p>Cons\u00e9quence : les\u00a0<span id=\"article-engagement-30\" class=\"article-engagement\" data-progression=\"30\">missionnaires<\/span>\u00a0portugais et capucins, \u00e9galement pr\u00e9sents, propagent la religion chr\u00e9tienne dans le royaume. Le roi se convertit lui-m\u00eame en 1591.<\/p>\n<blockquote><p>J\u00e9sus-Christ n\u2019est pas blanc, mais noir, et la Terre Sainte est le Kongo<\/p><\/blockquote>\n<p>La roue tourne au XVIIe si\u00e8cle. Alors que les plantations de cannes \u00e0 sucre deviennent pr\u00e9\u00e9minentes en Am\u00e9rique, \u00ab le commerce des esclaves s\u2019intensifie drastiquement, jusqu\u2019\u00e0 devenir la traite que nous connaissons.\u00a0L\u2019Africain se transforme en personnage m\u00e9prisable dans le regard de l\u2019homme blanc,\u00a0<span id=\"article-engagement-40\" class=\"article-engagement\" data-progression=\"40\">et<\/span>\u00a0le Noir est per\u00e7u en simple esclave \u00bb, poursuit l\u2019historienne.<\/p>\n<p><iframe src=\"https:\/\/www.youtube.com\/embed\/Y_7MCkcg6S4\" width=\"560\" height=\"315\" frameborder=\"0\" data-provider=\"www.youtube.com\" data-mce-fragment=\"1\"><\/iframe><\/p>\n<h4>Le d\u00e9but du mouvement antoiniste<\/h4>\n<p>Les missionnaires, \u00ab ces sorciers\u00a0\u00bb\u00a0comme les nomme Kimpa Vita, tirent profit de\u00a0la traite n\u00e9gri\u00e8re dans les provinces. Que des fid\u00e8les de Dieu puissent \u00e9galement \u00eatre leurs oppresseurs appara\u00eet impensable pour la jeune femme. \u00ab La v\u00e9rit\u00e9 est que J\u00e9sus-Christ n\u2019est pas Blanc, mais Noir. Les p\u00e8res de l\u2019\u00c9glise sont africains et le Kongo est la Terre Sainte\u00a0<span id=\"article-engagement-50\" class=\"article-engagement\" data-progression=\"50\">\u00bb,\u00a0pr\u00eache-t-elle<\/span>\u00a0alors dans les villages.<\/p>\n<blockquote><p>Le bapt\u00eame ne sert \u00e0 rien, Dieu ne retient que l\u2019intention<\/p><\/blockquote>\n<p>Autoproclam\u00e9e\u00a0\u00ab\u00a0envoy\u00e9e de Dieu\u00a0\u00bb, elle fonde le culte antoiniste,\u00a0qui appelle \u00e0 lutter contre l\u2019emprise portugaise. Diff\u00e9rents miracles lui sont attribu\u00e9s dans les villes et son mouvement attire des milliers de fid\u00e8les, jusqu\u2019\u00e0 la propre femme du roi Pedro IV. Contre le c\u00e9r\u00e9monial, les f\u00e9tiches ou la pri\u00e8re, elle plaide l\u2019action et l\u2019intention : \u00ab\u00a0Le bapt\u00eame ne sert \u00e0 rien, Dieu ne\u00a0<span id=\"article-engagement-60\" class=\"article-engagement\" data-progression=\"60\">retient<\/span>\u00a0que l\u2019intention\u00a0\u00bb. La puissance de son aura effrite massivement les vis\u00e9es\u00a0des missionnaires portugais et capucins.<\/p>\n<h4>Face \u00e0 l\u2019esclavage, la fiert\u00e9 d\u2019\u00eatre noir<\/h4>\n<p>\u00ab Les Blancs sont n\u00e9s de la pierre de savon et les Noirs d\u2019une sorte de figuier\u00a0\u00bb, affirme-t-elle face au racisme des colonisateurs. Selon elle, la parole\u00a0de Saint Antoine peut redonner vie aux racines de ce figuier.\u00a0Comme des pr\u00e9mices de la n\u00e9gritude, elle pr\u00f4ne la fiert\u00e9 d\u2019\u00eatre noir et le retour \u00e0 la\u00a0<span id=\"article-engagement-70\" class=\"article-engagement\" data-progression=\"70\">culture<\/span>\u00a0et aux valeurs traditionnelles.\u00a0Kimpa Vita souhaite l\u2019\u00e9mancipation du peuple du Kongo.<\/p>\n<p>Le danger est d\u2019autant plus grand pour les colons. Les fid\u00e8les de Kimpa Vita,\u00a0d\u00e9sireux\u00a0d\u2019acqu\u00e9rir leur ind\u00e9pendance, sont aussi form\u00e9s \u00e0 l\u2019art de la gu\u00e9rilla. Face \u00e0 la puissance du mouvement, le roi Pedro IV d\u00e9cide de s\u2019allier avec les Europ\u00e9ens, contre la proph\u00e9tesse.<\/p>\n<p>Ses compagnons d\u2019armes sont arr\u00eat\u00e9s et\u00a0Kimpa Vita est\u00a0retrouv\u00e9e dans une contr\u00e9e, en train d\u2019allaiter un b\u00e9b\u00e9. Une aubaine pour ses d\u00e9tracteurs,\u00a0<span id=\"article-engagement-80\" class=\"article-engagement\" data-progression=\"80\">qui<\/span>\u00a0en profitent pour briser\u00a0le mythe de la Sainte Vierge qu\u2019elle s\u2019\u00e9tait forg\u00e9.<\/p>\n<h4>Br\u00fbl\u00e9e vive sur le b\u00fbcher<\/h4>\n<p>Jug\u00e9e comme h\u00e9r\u00e9tique\u00a0et ennemie du roi, elle est envoy\u00e9e sur le b\u00fbcher le 4 juillet 1706 par les capucins. Elle est br\u00fbl\u00e9e vive \u00e0 l\u2019age de 24 ans, dans la ville d\u2019Evolulu, pr\u00e8s de Mbanza Kongo, avec\u00a0son compagnon Barro, et son b\u00e9b\u00e9. Certains virent une \u00e9toile scintillante sur le lieu de son ex\u00e9cution. Des Europ\u00e9ens l\u2019a surnomment\u00a0m\u00eame\u00a0<span id=\"article-engagement-90\" class=\"article-engagement\" data-progression=\"90\">\u00ab\u00a0la<\/span>\u00a0Jeanne d\u2019Arc du Kongo\u00a0\u00bb, face \u00e0 ce destin aussi mystique que funeste.<\/p>\n<p>Kimpa Vita inspira plusieurs mouvements\u00a0nationalistes dans le pays et au del\u00e0 des fronti\u00e8res du Kongo.\u00a0Apr\u00e8s sa mort, le mouvement\u00a0antoiniste subit une v\u00e9ritable r\u00e9pression et ses\u00a0adeptes furent r\u00e9duit en esclavage. Telles des graines sem\u00e9es au gr\u00e9 des vents lugubres\u00a0de la d\u00e9portation en Am\u00e9rique, ils ont diffus\u00e9 la foi \u00e9mancipatrice port\u00e9e par celle qui fut un espoir, et une inspiration pour tout\u00a0<span id=\"article-engagement-100\" class=\"article-engagement\" data-progression=\"100\">un<\/span>\u00a0continent.<\/p>\n<\/div>\n<\/div>\n<\/div>\n","protected":false},"excerpt":{"rendered":"<p>Aujourd&rsquo;hui encore, elle est consid\u00e9r\u00e9e comme l&rsquo;une des premi\u00e8res r\u00e9volutionnaires anticoloniales d&rsquo;Afrique. Apr\u00e8s avoir lu l&rsquo;histoire de Kimpa Vita, vous n&rsquo;oublierez jamais son nom, son engagement envers son peuple et son courage sans faille. Kimpa Vita n&rsquo;\u00e9tait qu&rsquo;une adolescente lorsqu&rsquo;elle a commenc\u00e9 \u00e0 d\u00e9fier les pouvoirs qui dirigeaient son monde.<\/p>\n","protected":false},"author":1,"featured_media":6263,"comment_status":"open","ping_status":"open","sticky":false,"template":"","format":"standard","meta":{"footnotes":""},"categories":[1,21,539,7,18,28],"tags":[80,610],"class_list":["post-6262","post","type-post","status-publish","format-standard","has-post-thumbnail","hentry","category-non-classe","category-anti-imperialisme","category-belgique","category-negrophobie","category-resistance-bruxelles","category-racismes","tag-congo","tag-kimpa-vita"],"_links":{"self":[{"href":"https:\/\/bruxelles-pantheres.be\/index.php?rest_route=\/wp\/v2\/posts\/6262","targetHints":{"allow":["GET"]}}],"collection":[{"href":"https:\/\/bruxelles-pantheres.be\/index.php?rest_route=\/wp\/v2\/posts"}],"about":[{"href":"https:\/\/bruxelles-pantheres.be\/index.php?rest_route=\/wp\/v2\/types\/post"}],"author":[{"embeddable":true,"href":"https:\/\/bruxelles-pantheres.be\/index.php?rest_route=\/wp\/v2\/users\/1"}],"replies":[{"embeddable":true,"href":"https:\/\/bruxelles-pantheres.be\/index.php?rest_route=%2Fwp%2Fv2%2Fcomments&post=6262"}],"version-history":[{"count":1,"href":"https:\/\/bruxelles-pantheres.be\/index.php?rest_route=\/wp\/v2\/posts\/6262\/revisions"}],"predecessor-version":[{"id":6264,"href":"https:\/\/bruxelles-pantheres.be\/index.php?rest_route=\/wp\/v2\/posts\/6262\/revisions\/6264"}],"wp:featuredmedia":[{"embeddable":true,"href":"https:\/\/bruxelles-pantheres.be\/index.php?rest_route=\/wp\/v2\/media\/6263"}],"wp:attachment":[{"href":"https:\/\/bruxelles-pantheres.be\/index.php?rest_route=%2Fwp%2Fv2%2Fmedia&parent=6262"}],"wp:term":[{"taxonomy":"category","embeddable":true,"href":"https:\/\/bruxelles-pantheres.be\/index.php?rest_route=%2Fwp%2Fv2%2Fcategories&post=6262"},{"taxonomy":"post_tag","embeddable":true,"href":"https:\/\/bruxelles-pantheres.be\/index.php?rest_route=%2Fwp%2Fv2%2Ftags&post=6262"}],"curies":[{"name":"wp","href":"https:\/\/api.w.org\/{rel}","templated":true}]}}