{"id":6265,"date":"2025-04-09T07:34:48","date_gmt":"2025-04-09T06:34:48","guid":{"rendered":"https:\/\/bruxelles-pantheres.be\/?p=6265"},"modified":"2025-03-26T12:46:00","modified_gmt":"2025-03-26T11:46:00","slug":"andree-blouin-heroine-africaine-de-lindependance-meconnue","status":"publish","type":"post","link":"https:\/\/bruxelles-pantheres.be\/?p=6265","title":{"rendered":"Andr\u00e9e Blouin, h\u00e9ro\u00efne africaine de l&rsquo;ind\u00e9pendance m\u00e9connue"},"content":{"rendered":"<table class=\"m_7794633307346255856layout\" border=\"0\" width=\"100%\" cellspacing=\"0\" cellpadding=\"0\" bgcolor=\"#e9e2bc\">\n<tbody>\n<tr>\n<td class=\"m_7794633307346255856column m_7794633307346255856scale m_7794633307346255856stack\" align=\"center\" valign=\"top\">\n<table class=\"m_7794633307346255856text\" border=\"0\" width=\"100%\" cellspacing=\"0\" cellpadding=\"0\">\n<tbody>\n<tr>\n<td class=\"m_7794633307346255856text_content-cell m_7794633307346255856content-padding-horizontal\" align=\"left\" valign=\"top\">Les femmes sont trop souvent marginalis\u00e9es dans l&rsquo;histoire. C&rsquo;est particuli\u00e8rement vrai pour les femmes africaines. Le plus incroyable, c&rsquo;est que lorsqu&rsquo;on observe les contributions de ces femmes incroyables \u00e0 leurs luttes respectives, elles sont souvent aussi essentielles \u00e0 la mission (voire plus !) que celles des hommes dont les histoires les \u00e9clipsent.<\/p>\n<p>C\u2019est le cas du v\u00e9ritable titan de l\u2019organisation de l\u2019ind\u00e9pendance congolaise, Andr\u00e9e Blouin.<\/p>\n<p>Lorsqu&rsquo;Andr\u00e9e Blouin est n\u00e9e en 1921 dans l&rsquo;actuelle R\u00e9publique centrafricaine, sa vie semblait pr\u00e9d\u00e9termin\u00e9e\u00a0: les enfants m\u00e9tis comme elle \u00e9taient souvent mis \u00e0 l&rsquo;\u00e9cart, priv\u00e9s des droits du colonisateur comme du colonis\u00e9. Mais Blouin refusait de se laisser d\u00e9finir par les contraintes de l&#8217;empire et les dures r\u00e9alit\u00e9s du colonialisme.<\/p>\n<p>Orpheline\u00a0d\u00e8s son enfance, elle fut envoy\u00e9e dans un orphelinat catholique qui cherchait \u00e0 effacer son identit\u00e9 africaine. Elle \u00e9chappa plus tard \u00e0 leur emprise et trouva sa raison d&rsquo;\u00eatre\u00a0: lutter pour la lib\u00e9ration des peuples africains.<\/td>\n<\/tr>\n<\/tbody>\n<\/table>\n<\/td>\n<\/tr>\n<\/tbody>\n<\/table>\n<p><!--more--><\/p>\n<table class=\"m_7794633307346255856layout\" border=\"0\" width=\"100%\" cellspacing=\"0\" cellpadding=\"0\" bgcolor=\"#e9e2bc\">\n<tbody>\n<tr>\n<td class=\"m_7794633307346255856column m_7794633307346255856scale m_7794633307346255856stack\" align=\"center\" valign=\"top\">\n<table class=\"m_7794633307346255856image m_7794633307346255856image--mobile-scale m_7794633307346255856image--mobile-center\" border=\"0\" width=\"100%\" cellspacing=\"0\" cellpadding=\"0\">\n<tbody>\n<tr>\n<td class=\"m_7794633307346255856image_container m_7794633307346255856content-padding-horizontal\" align=\"center\" valign=\"top\">\n<table class=\"m_7794633307346255856text\" border=\"0\" cellspacing=\"0\" cellpadding=\"0\">\n<tbody>\n<tr>\n<td class=\"m_7794633307346255856text_content-cell\" align=\"center\"><a href=\"https:\/\/zfj6gb44.cc.rs6.net\/tn.jsp?f=0018CF5qAxpsIF4wwfKXG8PSIqRN8OXMDkqaKQP9iUt79qM-1PmlTwcYfkRFGZl3Gp-ysfUYakjlPd07VqWw8qABuckqirVTyWhDPAv3W_zpviThgs2RQ3dq547c-jE4dQyMXIE2pl9M_N4UACaOBjkStm7ajyrui-NHsOArXS-xu3mZzuvZtB69Sk4vxv7C1KW&amp;c=gxHoAZKkiozSBHVbpYZMAhXV7uMaAEh_q9HfVJVea0dmjG5QlbKChg==&amp;ch=88cPHDo5MW6H49IKkZZJgGPW5OEAkl29jUoLeptf3vICFl7oSYJ-0A==\" target=\"_blank\" rel=\"noopener\"><img decoding=\"async\" class=\"CToWUd\" src=\"https:\/\/ci3.googleusercontent.com\/meips\/ADKq_NZrMUqlf2KZCMHrt4zg-CezhS2YeV4ejcA4GEPYbGGYvm3sdcJQF7-GQRscMYiNG5QUe2STaauuQhykEEj-ZFfWWuJt7kT5vp0RedB2yeGpsEXNrYiliLjygnD1pdZl4sp-7-52ZqcakR040wNPDJsvhAv8=s0-d-e1-ft#https:\/\/files.constantcontact.com\/9b4ae62cff\/dd980b51-e8b8-4a99-95c0-196aa2a85c45.jpg?rdr=true\" alt=\"\" width=\"533\" data-bit=\"iit\" \/><\/a><\/td>\n<\/tr>\n<\/tbody>\n<\/table>\n<\/td>\n<\/tr>\n<\/tbody>\n<\/table>\n<table class=\"m_7794633307346255856text\" border=\"0\" width=\"100%\" cellspacing=\"0\" cellpadding=\"0\">\n<tbody>\n<tr>\n<td class=\"m_7794633307346255856text_content-cell m_7794633307346255856content-padding-horizontal\" align=\"left\" valign=\"top\">\u00c0 son arriv\u00e9e au Congo en 1960, elle \u00e9tait d\u00e9j\u00e0 une organisatrice politique chevronn\u00e9e, ayant \u0153uvr\u00e9 en Guin\u00e9e et au Tchad pour le d\u00e9mant\u00e8lement du r\u00e9gime colonial. Mais c&rsquo;est dans la lutte pour l&rsquo;ind\u00e9pendance du Congo qu&rsquo;elle a consolid\u00e9 son h\u00e9ritage. Blouin est devenue une proche conseill\u00e8re de Patrice Lumumba et la pr\u00e9sidente de la section f\u00e9minine de son parti, le Mouvement national congolais (MNC). Elle a mobilis\u00e9 des milliers de personnes, exigeant que les femmes, longtemps au c\u0153ur de la r\u00e9sistance, soient reconnues comme participantes \u00e0 part enti\u00e8re \u00e0 la construction de la nouvelle nation.<\/p>\n<p>Elle \u00e9tait pr\u00e9sente le 30 juin 1960, lorsque Lumumba pronon\u00e7a sa cinglante condamnation du r\u00e9gime colonial belge, \u00e0 quelques pas de l\u00e0, d\u00e9fiant le roi des Belges. En fait, Blouin pourrait bien avoir \u00e9crit ce discours. Et pour son r\u00f4le dans la lutte, elle en a pay\u00e9 le prix. Lorsque Lumumba fut renvers\u00e9 par un coup d&rsquo;\u00c9tat soutenu par l&rsquo;Occident, Blouin fut emprisonn\u00e9e et exil\u00e9e.<\/p>\n<p>Son nom et son histoire sont loin d&rsquo;\u00eatre aussi connus qu&rsquo;ils le devraient, mais son h\u00e9ritage perdure chez les Congolaises qui luttent aujourd&rsquo;hui. Elles sont confront\u00e9es \u00e0 des d\u00e9placements syst\u00e9matiques, \u00e0 la violence et \u00e0 des difficult\u00e9s \u00e9conomiques. Mais comme Blouin, elles ne s&rsquo;organisent pas en victimes\u00a0: elles sont organisatrices, b\u00e2tisseuses et leaders d&rsquo;un avenir lib\u00e9r\u00e9 pour le Congo et les peuples africains. La jeunesse congolaise a consacr\u00e9 la solidarit\u00e9 panafricaine d&rsquo;Andr\u00e9e Blouin en cr\u00e9ant le\u00a0<a href=\"https:\/\/zfj6gb44.cc.rs6.net\/tn.jsp?f=0018CF5qAxpsIF4wwfKXG8PSIqRN8OXMDkqaKQP9iUt79qM-1PmlTwcYQlbenWj8sJRgXcxh8GIq8-QoXwJzIdtxZdcb_sYjV3FWSAuhA6YOcfns07v8oOtUr68KE8u5u0wILZsgicwxCc1mc-ED_wuL-lAbdAknU9J1hpjO7VRPmw=&amp;c=gxHoAZKkiozSBHVbpYZMAhXV7uMaAEh_q9HfVJVea0dmjG5QlbKChg==&amp;ch=88cPHDo5MW6H49IKkZZJgGPW5OEAkl29jUoLeptf3vICFl7oSYJ-0A==\" target=\"_blank\" rel=\"noopener noreferrer\">Centre culturel Andr\u00e9e Blouin<\/a>\u00a0\u00e0 Kinshasa. Elle appara\u00eet \u00e9galement dans le documentaire nomin\u00e9 aux Oscars,\u00a0<a href=\"https:\/\/zfj6gb44.cc.rs6.net\/tn.jsp?f=0018CF5qAxpsIF4wwfKXG8PSIqRN8OXMDkqaKQP9iUt79qM-1PmlTwcYfkRFGZl3Gp-ysfUYakjlPd07VqWw8qABuckqirVTyWhDPAv3W_zpviThgs2RQ3dq547c-jE4dQyMXIE2pl9M_N4UACaOBjkStm7ajyrui-NHsOArXS-xu15W37HlPVfMHn-AIzIDskU&amp;c=gxHoAZKkiozSBHVbpYZMAhXV7uMaAEh_q9HfVJVea0dmjG5QlbKChg==&amp;ch=88cPHDo5MW6H49IKkZZJgGPW5OEAkl29jUoLeptf3vICFl7oSYJ-0A==\" target=\"_blank\" rel=\"noopener noreferrer\">Bande originale d&rsquo;un coup d&rsquo;\u00c9tat<\/a>\u00a0.<\/td>\n<\/tr>\n<\/tbody>\n<\/table>\n<\/td>\n<\/tr>\n<\/tbody>\n<\/table>\n<div class=\"bbc-1151pbn ebmt73l0\" dir=\"ltr\">\n<h3 id=\"content\" class=\"article-heading bbc-e0ctyc e1p3vdyi0\" style=\"text-align: center;\" tabindex=\"-1\">La vie remarquable d&rsquo;Andr\u00e9e Blouin, h\u00e9ro\u00efne africaine de l&rsquo;ind\u00e9pendance m\u00e9connue<\/h3>\n<\/div>\n<figure class=\"bbc-1qn0xuy\">\n<div class=\"bbc-j1srjl\">\n<figure style=\"width: 471px\" class=\"wp-caption alignnone\"><img decoding=\"async\" class=\"bbc-139onq\" src=\"https:\/\/ichef.bbci.co.uk\/ace\/ws\/640\/cpsprodpb\/550b\/live\/5fafe1b0-c930-11ef-94cb-5f844ceb9e30.jpg.webp\" alt=\"Une photo en noir et blanc d'Andr\u00e9e Blouin portant un chapeau\" width=\"481\" height=\"270\" \/><figcaption class=\"wp-caption-text\">Cr\u00e9dit photo,Eve Blouin L\u00e9gende image,Andr\u00e9e Blouin est n\u00e9e d&rsquo;un p\u00e8re fran\u00e7ais et d&rsquo;une m\u00e8re originaire de la R\u00e9publique centrafricaine<\/figcaption><\/figure>\n<\/div><figcaption class=\"bbc-1562tom\" dir=\"ltr\"><\/figcaption><\/figure>\n<div class=\"bbc-19j92fr ebmt73l0\" dir=\"ltr\">\n<p class=\"bbc-1y32vyc e17g058b0\" dir=\"ltr\">\u00ab Je sais qu&rsquo;on peut mourir deux fois. Il y a d&rsquo;abord la mort physique&#8230; l&rsquo;oubli est une deuxi\u00e8me mort \u00bb, note la sc\u00e9nariste Eve Blouin, dans un \u00e9pilogue \u00e0 la fin de l&rsquo;autobiographie de sa m\u00e8re.<\/p>\n<\/div>\n<div class=\"bbc-19j92fr ebmt73l0\" dir=\"ltr\">\n<p class=\"bbc-1y32vyc e17g058b0\" dir=\"ltr\">Ce sentiment, Eve le comprend mieux que quiconque.<\/p>\n<\/div>\n<div class=\"bbc-19j92fr ebmt73l0\" dir=\"ltr\">\n<p class=\"bbc-1y32vyc e17g058b0\" dir=\"ltr\">Dans les ann\u00e9es 1950 et 1960, sa m\u00e8re, feu Andr\u00e9e Blouin, s&rsquo;est lanc\u00e9e dans la lutte pour une Afrique libre, mobilisant les femmes de la R\u00e9publique d\u00e9mocratique du Congo contre le colonialisme et devenant l&rsquo;une des principales conseill\u00e8res de Patrice Lumumba, premier Premier ministre de la R\u00e9publique d\u00e9mocratique du Congo et h\u00e9ros v\u00e9n\u00e9r\u00e9 de l&rsquo;ind\u00e9pendance.<\/p>\n<\/div>\n<div class=\"bbc-19j92fr ebmt73l0\" dir=\"ltr\">\n<p class=\"bbc-1y32vyc e17g058b0\" dir=\"ltr\">Elle a \u00e9chang\u00e9 des id\u00e9es avec des r\u00e9volutionnaires c\u00e9l\u00e8bres tels que Kwame Nkrumah (Ghana), S\u00e9kou Tour\u00e9 (Guin\u00e9e) et Ahmed Ben Bella (Alg\u00e9rie), mais son histoire est \u00e0 peine connue.<\/p>\n<\/div>\n<div class=\"bbc-19j92fr ebmt73l0\" dir=\"ltr\">\n<p class=\"bbc-1y32vyc e17g058b0\" dir=\"ltr\">C&rsquo;est pour tenter de rem\u00e9dier \u00e0 cette injustice que Blouin a publi\u00e9 ses m\u00e9moires, intitul\u00e9es Mon pays, l&rsquo;Afrique : Autobiographie de la Pasionaria noire, est r\u00e9\u00e9dit\u00e9 apr\u00e8s avoir \u00e9t\u00e9 \u00e9puis\u00e9 pendant des d\u00e9cennies.<\/p>\n<\/div>\n<div class=\"bbc-19j92fr ebmt73l0\" dir=\"ltr\">\n<p class=\"bbc-1y32vyc e17g058b0\" dir=\"ltr\">Dans ce livre, Mme Blouin explique que son d\u00e9sir de d\u00e9colonisation est n\u00e9 d&rsquo;une trag\u00e9die personnelle.<\/p>\n<\/div>\n<div class=\"bbc-19j92fr ebmt73l0\" dir=\"ltr\">\n<p class=\"bbc-1y32vyc e17g058b0\" dir=\"ltr\">Elle a grandi entre la R\u00e9publique centrafricaine (RCA) et le Congo-Brazzaville, qui \u00e9taient \u00e0 l&rsquo;\u00e9poque des colonies fran\u00e7aises nomm\u00e9es respectivement Oubangui-Chari et Congo fran\u00e7ais.<\/p>\n<\/div>\n<div class=\"bbc-19j92fr ebmt73l0\" dir=\"ltr\">\n<p class=\"bbc-1y32vyc e17g058b0\" dir=\"ltr\">Dans les ann\u00e9es 1940, son fils Ren\u00e9, \u00e2g\u00e9 de deux ans, est soign\u00e9 \u00e0 l&rsquo;h\u00f4pital pour une malaria en RCA.<\/p>\n<\/div>\n<div class=\"bbc-19j92fr ebmt73l0\" dir=\"ltr\">\n<p class=\"bbc-1y32vyc e17g058b0\" dir=\"ltr\">Ren\u00e9 \u00e9tait m\u00e9tis comme sa m\u00e8re, et parce qu&rsquo;il \u00e9tait un quart africain, on lui a refus\u00e9 des m\u00e9dicaments. Quelques semaines plus tard, Ren\u00e9 \u00e9tait mort.<\/p>\n<\/div>\n<div class=\"bbc-19j92fr ebmt73l0\" dir=\"ltr\">\n<p class=\"bbc-1y32vyc e17g058b0\" dir=\"ltr\">\u00ab La mort de mon fils m&rsquo;a politis\u00e9e comme rien d&rsquo;autre ne pouvait le faire \u00bb, \u00e9crit Mme Blouin dans ses m\u00e9moires.<\/p>\n<\/div>\n<div class=\"bbc-19j92fr ebmt73l0\" dir=\"ltr\">\n<p class=\"bbc-1y32vyc e17g058b0\" dir=\"ltr\">Elle ajoute que le colonialisme \u00ab n&rsquo;est plus l&rsquo;affaire de mon propre destin malmen\u00e9, mais un syst\u00e8me mal\u00e9fique dont les tentacules s&rsquo;\u00e9tendent \u00e0 toutes les phases de la vie africaine \u00bb.<\/p>\n<\/div>\n<div class=\"bbc-19j92fr ebmt73l0\" dir=\"ltr\">\n<p class=\"bbc-1y32vyc e17g058b0\" dir=\"ltr\">Mme Blouin est n\u00e9e en 1921 d&rsquo;un p\u00e8re fran\u00e7ais blanc de 40 ans et d&rsquo;une m\u00e8re noire de 14 ans originaire de la R\u00e9publique centrafricaine.<\/p>\n<\/div>\n<div class=\"bbc-19j92fr ebmt73l0\" dir=\"ltr\">\n<p class=\"bbc-1y32vyc e17g058b0\" dir=\"ltr\">Ils se sont rencontr\u00e9s lorsque le p\u00e8re de Mme Blouin est pass\u00e9 par le village de sa m\u00e8re pour vendre des marchandises.<\/p>\n<\/div>\n<div class=\"bbc-19j92fr ebmt73l0\" dir=\"ltr\">\n<p class=\"bbc-1y32vyc e17g058b0\" dir=\"ltr\">\u00ab Aujourd&rsquo;hui encore, l&rsquo;histoire de mon p\u00e8re et de ma m\u00e8re, tout en me donnant beaucoup de peine, m&rsquo;\u00e9tonne toujours \u00bb, a d\u00e9clar\u00e9 Mme Blouin.<\/p>\n<\/div>\n<div class=\"bbc-19j92fr ebmt73l0\" dir=\"ltr\">\n<p class=\"bbc-1y32vyc e17g058b0\" dir=\"ltr\">Alors qu&rsquo;elle n&rsquo;avait que trois ans, son p\u00e8re l&rsquo;a plac\u00e9e dans un couvent pour filles m\u00e9tisses, dirig\u00e9 par des religieuses fran\u00e7aises dans le Congo-Brazzaville voisin.<\/p>\n<\/div>\n<div class=\"bbc-19j92fr ebmt73l0\" dir=\"ltr\">\n<p class=\"bbc-1y32vyc e17g058b0\" dir=\"ltr\">Cette pratique \u00e9tait courante dans les colonies africaines de la France et de la Belgique. On pense que des milliers d&rsquo;enfants n\u00e9s de colons et de femmes africaines ont \u00e9t\u00e9 envoy\u00e9s dans des orphelinats et s\u00e9par\u00e9s du reste de la soci\u00e9t\u00e9.<\/p>\n<\/div>\n<div class=\"bbc-19j92fr ebmt73l0\" dir=\"ltr\">\n<p class=\"bbc-1y32vyc e17g058b0\" dir=\"ltr\">Blouin \u00e9crit : \u00ab L&rsquo;orphelinat servait en quelque sorte de poubelle pour les d\u00e9chets de cette soci\u00e9t\u00e9 noire et blanche : les enfants de sang m\u00eal\u00e9 qui n&rsquo;avaient leur place nulle part \u00bb.<\/p>\n<\/div>\n<figure class=\"bbc-1qn0xuy\">\n<div class=\"bbc-18ywsw9\">\n<figure style=\"width: 3277px\" class=\"wp-caption alignnone\"><img decoding=\"async\" class=\"bbc-139onq\" src=\"https:\/\/ichef.bbci.co.uk\/ace\/ws\/640\/cpsprodpb\/4959\/live\/fb7956d0-c098-11ef-aa9b-9909fa601e3b.jpg.webp\" alt=\"Photo en noir et blanc d'un groupe de jeunes filles et d'une religieuse du couvent de Cluny de l'Ordre de Saint-Joseph posant pour une photo.\" width=\"3287\" height=\"1849\" \/><figcaption class=\"wp-caption-text\">Cr\u00e9dit photo,Eve Blouin L\u00e9gende image,Pendant 12 ans, Andr\u00e9e Blouin (deuxi\u00e8me en bas \u00e0 droite) a v\u00e9cu au couvent de Cluny de l&rsquo;Ordre de Saint-Joseph \u00e0 Brazzaville.<\/figcaption><\/figure>\n<\/div><figcaption class=\"bbc-1562tom\" dir=\"ltr\"><\/figcaption><\/figure>\n<div class=\"bbc-19j92fr ebmt73l0\" dir=\"ltr\">\n<p class=\"bbc-1y32vyc e17g058b0\" dir=\"ltr\">L&rsquo;exp\u00e9rience de Blouin \u00e0 l&rsquo;orphelinat est extr\u00eamement n\u00e9gative &#8211; elle \u00e9crit que les enfants de l&rsquo;institution sont fouett\u00e9s, mal nourris et agress\u00e9s verbalement.<\/p>\n<\/div>\n<div class=\"bbc-19j92fr ebmt73l0\" dir=\"ltr\">\n<p class=\"bbc-1y32vyc e17g058b0\" dir=\"ltr\">Elle s&rsquo;\u00e9chappe de l&rsquo;orphelinat \u00e0 l&rsquo;\u00e2ge de 15 ans apr\u00e8s que les religieuses ont tent\u00e9 de la forcer \u00e0 se marier.<\/p>\n<\/div>\n<div class=\"bbc-19j92fr ebmt73l0\" dir=\"ltr\">\n<p class=\"bbc-1y32vyc e17g058b0\" dir=\"ltr\">Blouin finit par se marier de son plein gr\u00e9, \u00e0 deux reprises. Apr\u00e8s la mort de Ren\u00e9, elle s&rsquo;installe avec son second mari en Guin\u00e9e, un pays d&rsquo;Afrique de l&rsquo;Ouest \u00e9galement gouvern\u00e9 par les Fran\u00e7ais.<\/p>\n<\/div>\n<div class=\"bbc-19j92fr ebmt73l0\" dir=\"ltr\">\n<p class=\"bbc-1y32vyc e17g058b0\" dir=\"ltr\">\u00c0 l&rsquo;\u00e9poque, la Guin\u00e9e est au c\u0153ur d&rsquo;une \u00ab temp\u00eate politique \u00bb, \u00e9crit-elle. La France avait promis l&rsquo;ind\u00e9pendance au pays, mais avait \u00e9galement demand\u00e9 aux Guin\u00e9ens de se prononcer par r\u00e9f\u00e9rendum sur le maintien des liens \u00e9conomiques, diplomatiques et militaires avec la France.<\/p>\n<\/div>\n<div class=\"bbc-19j92fr ebmt73l0\" dir=\"ltr\">\n<p class=\"bbc-1y32vyc e17g058b0\" dir=\"ltr\">La branche guin\u00e9enne du mouvement panafricain, le Rassemblement d\u00e9mocratique africain (RDA), souhaitait que le pays vote \u00ab non \u00bb, arguant que le pays avait besoin d&rsquo;une lib\u00e9ration totale. En 1958, Blouin s&rsquo;est joint \u00e0 la campagne, parcourant le pays pour prendre la parole lors de rassemblements.<\/p>\n<\/div>\n<div class=\"bbc-19j92fr ebmt73l0\" dir=\"ltr\">\n<p class=\"bbc-1y32vyc e17g058b0\" dir=\"ltr\">Un an plus tard, la Guin\u00e9e a obtenu son ind\u00e9pendance en votant \u00ab non \u00bb et S\u00e9kou Tour\u00e9, le leader du RDA, est devenu le premier pr\u00e9sident de la nation.<\/p>\n<\/div>\n<div class=\"bbc-19j92fr ebmt73l0\" dir=\"ltr\">\n<p class=\"bbc-1y32vyc e17g058b0\" dir=\"ltr\">\u00c0 ce moment-l\u00e0, Mme Blouin a commenc\u00e9 \u00e0 acqu\u00e9rir une influence consid\u00e9rable dans les cercles postcoloniaux et panafricains. Elle a \u00e9crit qu&rsquo;apr\u00e8s l&rsquo;ind\u00e9pendance de la Guin\u00e9e, elle a us\u00e9 de cette influence pour conseiller le nouveau pr\u00e9sident de la RCA, Barth\u00e9lemy Boganda, et l&rsquo;a persuad\u00e9 de se retirer dans une querelle diplomatique avec le dirigeant post-ind\u00e9pendance du Congo-Brazzaville, Fulbert Youlou.<\/p>\n<\/div>\n<div class=\"bbc-19j92fr ebmt73l0\" dir=\"ltr\">\n<p class=\"bbc-1y32vyc e17g058b0\" dir=\"ltr\">Mais le conseil n&rsquo;est pas tout ce que Blouin a \u00e0 offrir \u00e0 cette Afrique en pleine mutation.<\/p>\n<\/div>\n<div class=\"bbc-19j92fr ebmt73l0\" dir=\"ltr\">\n<p class=\"bbc-1y32vyc e17g058b0\" dir=\"ltr\">Dans un restaurant de Conakry, la capitale de la Guin\u00e9e, elle rencontre un groupe d&rsquo;activistes de la lib\u00e9ration de ce qui deviendra plus tard la R\u00e9publique d\u00e9mocratique du Congo. Ils l&rsquo;invitent \u00e0 les aider \u00e0 mobiliser les femmes congolaises dans la lutte contre le r\u00e9gime colonial belge.<\/p>\n<\/div>\n<div class=\"bbc-19j92fr ebmt73l0\" dir=\"ltr\">\n<p class=\"bbc-1y32vyc e17g058b0\" dir=\"ltr\">Mme Blouin est tiraill\u00e9e dans deux directions. D&rsquo;une part, elle a trois jeunes enfants &#8211; dont Eve &#8211; \u00e0 \u00e9lever. D&rsquo;autre part, \u00ab elle avait l&rsquo;agitation d&rsquo;une id\u00e9aliste avec une certaine col\u00e8re contre le monde tel qu&rsquo;il \u00e9tait \u00bb, a d\u00e9clar\u00e9 Eve, aujourd&rsquo;hui \u00e2g\u00e9e de 67 ans, \u00e0 la BBC.<\/p>\n<\/div>\n<div class=\"bbc-19j92fr ebmt73l0\" dir=\"ltr\">\n<p class=\"bbc-1y32vyc e17g058b0\" dir=\"ltr\">En 1960, encourag\u00e9e par Nkrumah, Andr\u00e9e Blouin s&rsquo;envole seule pour la R\u00e9publique d\u00e9mocratique du Congo. Elle rejoint d&rsquo;\u00e9minents militants de la lib\u00e9ration masculine, tels que Pierre Mulele et Antoine Gizenga, sur la route, menant campagne \u00e0 travers les 2,4 millions de kilom\u00e8tres carr\u00e9s du pays. Elle a fait forte impression en parcourant la brousse avec ses cheveux coiff\u00e9s, ses robes moulantes et ses lunettes de soleil chic et translucides.<\/p>\n<\/div>\n<figure class=\"bbc-1qn0xuy\">\n<div class=\"bbc-18ywsw9\">\n<figure style=\"width: 1129px\" class=\"wp-caption alignnone\"><img decoding=\"async\" class=\"bbc-139onq\" src=\"https:\/\/ichef.bbci.co.uk\/ace\/ws\/640\/cpsprodpb\/e30c\/live\/a3df4300-c096-11ef-aa9b-9909fa601e3b.jpg.webp\" alt=\"Andr\u00e9e, son mari, sa fille et les pr\u00e9sidents discutent en groupe, en tenue de soir\u00e9e.\" width=\"1139\" height=\"641\" \/><figcaption class=\"wp-caption-text\">Cr\u00e9dit photo,Eve Blouin L\u00e9gende image,Andr\u00e9e Blouin (\u00e0 l&rsquo;extr\u00eame gauche), son mari Andr\u00e9 (deuxi\u00e8me gauche) et sa fille Rita (troisi\u00e8me gauche) sont photographi\u00e9s \u00e0 Alger avec le premier pr\u00e9sident alg\u00e9rien, Ahmed Ben Bella (\u00e0 l&rsquo;extr\u00eame droite), et le premier pr\u00e9sident guin\u00e9en, S\u00e9kou Tour\u00e9.<\/figcaption><\/figure>\n<\/div><figcaption class=\"bbc-1562tom\" dir=\"ltr\"><\/figcaption><\/figure>\n<div class=\"bbc-19j92fr ebmt73l0\" dir=\"ltr\">\n<p class=\"bbc-1y32vyc e17g058b0\" dir=\"ltr\">\u00c0 Kahemba, pr\u00e8s de la fronti\u00e8re avec l&rsquo;Angola, Mme Blouin et son \u00e9quipe ont interrompu leur campagne pour aider \u00e0 construire une base pour les combattants de l&rsquo;ind\u00e9pendance angolaise qui avaient fui les autorit\u00e9s coloniales portugaises.<\/p>\n<\/div>\n<div class=\"bbc-19j92fr ebmt73l0\" dir=\"ltr\">\n<p class=\"bbc-1y32vyc e17g058b0\" dir=\"ltr\">Elle s&rsquo;adressait \u00e0 des foules de femmes, les encourageant \u00e0 promouvoir l&rsquo;\u00e9galit\u00e9 des sexes ainsi que l&rsquo;ind\u00e9pendance du Congo. Elle avait \u00e9galement le sens de l&rsquo;organisation et de la strat\u00e9gie.<\/p>\n<\/div>\n<div class=\"bbc-19j92fr ebmt73l0\" dir=\"ltr\">\n<p class=\"bbc-1y32vyc e17g058b0\" dir=\"ltr\">Rapidement, les puissances coloniales et la presse internationale ont vent du travail de Mme Blouin. Ils l&rsquo;accusent d&rsquo;\u00eatre, entre autres, la ma\u00eetresse de Nkrumah, l&rsquo;agent de S\u00e9kou Tour\u00e9 et \u00ab la courtisane de tous les chefs d&rsquo;Etat africains \u00bb.<\/p>\n<\/div>\n<div class=\"bbc-19j92fr ebmt73l0\" dir=\"ltr\">\n<p class=\"bbc-1y32vyc e17g058b0\" dir=\"ltr\">Sa rencontre avec Lumumba fait encore plus parler d&rsquo;elle.<\/p>\n<\/div>\n<div class=\"bbc-19j92fr ebmt73l0\" dir=\"ltr\">\n<p class=\"bbc-1y32vyc e17g058b0\" dir=\"ltr\">Dans son livre, Blouin le d\u00e9crit comme un homme \u00ab souple et \u00e9l\u00e9gant \u00bb dont \u00ab le nom \u00e9tait inscrit en lettres d&rsquo;or dans le ciel du Congo \u00bb.<\/p>\n<\/div>\n<div class=\"bbc-19j92fr ebmt73l0\" dir=\"ltr\">\n<p class=\"bbc-1y32vyc e17g058b0\" dir=\"ltr\">Lorsque le pays acc\u00e8de \u00e0 l&rsquo;ind\u00e9pendance en 1960, Lumumba devient son premier Premier ministre. Il n&rsquo;a que 34 ans.<\/p>\n<\/div>\n<div class=\"bbc-19j92fr ebmt73l0\" dir=\"ltr\">\n<p class=\"bbc-1y32vyc e17g058b0\" dir=\"ltr\">Lumumba choisit Blouin comme \u00ab chef du protocole \u00bb et r\u00e9dacteur de discours. Les deux hommes collaborent si \u00e9troitement que la presse les surnomme \u00ab Lumum-Blouin \u00bb.<\/p>\n<\/div>\n<div class=\"bbc-19j92fr ebmt73l0\" dir=\"ltr\">\n<p class=\"bbc-1y32vyc e17g058b0\" dir=\"ltr\">Le magazine am\u00e9ricain Time d\u00e9crit Blouin comme une \u00ab belle femme de 41 ans \u00bb dont \u00ab la volont\u00e9 d&rsquo;acier et l&rsquo;\u00e9nergie rapide font d&rsquo;elle une aide politique inestimable \u00bb.<\/p>\n<\/div>\n<div class=\"bbc-19j92fr ebmt73l0\" dir=\"ltr\">\n<p class=\"bbc-1y32vyc e17g058b0\" dir=\"ltr\">Mais une s\u00e9rie de catastrophes a frapp\u00e9 l&rsquo;\u00e9quipe Lumum-Blouin &#8211; et le gouvernement nouvellement form\u00e9 &#8211; quelques jours seulement apr\u00e8s leur entr\u00e9e en fonction.<\/p>\n<\/div>\n<div class=\"bbc-19j92fr ebmt73l0\" dir=\"ltr\">\n<p class=\"bbc-1y32vyc e17g058b0\" dir=\"ltr\">Tout d&rsquo;abord, l&rsquo;arm\u00e9e s&rsquo;est r\u00e9volt\u00e9e contre ses commandants blancs belges, d\u00e9clenchant des violences dans tout le pays. Ensuite, la Belgique, le Royaume-Uni et les \u00c9tats-Unis ont soutenu la s\u00e9cession du Katanga, une r\u00e9gion riche en minerais dans laquelle les trois pays occidentaux avaient des int\u00e9r\u00eats. Les parachutistes belges ont d\u00e9barqu\u00e9 dans le pays, soi-disant pour r\u00e9tablir la s\u00e9curit\u00e9.<\/p>\n<\/div>\n<div class=\"bbc-19j92fr ebmt73l0\" dir=\"ltr\">\n<p class=\"bbc-1y32vyc e17g058b0\" dir=\"ltr\">Blouin a d\u00e9crit les \u00e9v\u00e9nements comme une \u00ab guerre des nerfs \u00bb, avec des tra\u00eetres \u00ab s&rsquo;organisant partout \u00bb.<\/p>\n<\/div>\n<figure class=\"bbc-1qn0xuy\">\n<div class=\"bbc-18ywsw9\">\n<figure style=\"width: 981px\" class=\"wp-caption alignnone\"><img decoding=\"async\" class=\"bbc-139onq\" src=\"https:\/\/ichef.bbci.co.uk\/ace\/ws\/640\/cpsprodpb\/0f42\/live\/81e91480-c099-11ef-aa9b-9909fa601e3b.jpg.webp\" alt=\"V\u00eatue d'une robe \u00e0 pattes, Andr\u00e9e prononce un discours devant une foule d'hommes et de femmes lors d'un rassemblement en R\u00e9publique d\u00e9mocratique du Congo.\" width=\"991\" height=\"558\" \/><figcaption class=\"wp-caption-text\">Cr\u00e9dit photo,Herbert Weiss L\u00e9gende image,Andr\u00e9e Blouin avait un talent d&rsquo;oratrice<\/figcaption><\/figure>\n<\/div><figcaption class=\"bbc-1562tom\" dir=\"ltr\"><\/figcaption><\/figure>\n<div class=\"bbc-19j92fr ebmt73l0\" dir=\"ltr\">\n<p class=\"bbc-1y32vyc e17g058b0\" dir=\"ltr\">Elle a \u00e9crit que Lumumba \u00e9tait un \u00ab v\u00e9ritable h\u00e9ros des temps modernes \u00bb, mais a \u00e9galement admis qu&rsquo;elle le trouvait na\u00eff et, parfois, trop doux.<\/p>\n<\/div>\n<div class=\"bbc-19j92fr ebmt73l0\" dir=\"ltr\">\n<p class=\"bbc-1y32vyc e17g058b0\" dir=\"ltr\">\u00ab Il est vrai que ceux qui ont la meilleure foi sont souvent les plus cruellement tromp\u00e9s \u00bb, a-t-elle d\u00e9clar\u00e9.<\/p>\n<\/div>\n<div class=\"bbc-19j92fr ebmt73l0\" dir=\"ltr\">\n<p class=\"bbc-1y32vyc e17g058b0\" dir=\"ltr\">Sept mois apr\u00e8s la prise de fonction de Lumumba, le chef d&rsquo;\u00e9tat-major de l&rsquo;arm\u00e9e, Joseph Mobutu, s&rsquo;est empar\u00e9 du pouvoir.<\/p>\n<\/div>\n<div class=\"bbc-19j92fr ebmt73l0\" dir=\"ltr\">\n<p class=\"bbc-1y32vyc e17g058b0\" dir=\"ltr\">Le 17 janvier, Lumumba est assassin\u00e9 par un peloton d&rsquo;ex\u00e9cution, avec le soutien tacite de la Belgique. Il est possible que le Royaume-Uni ait \u00e9t\u00e9 complice, alors que les \u00c9tats-Unis avaient d\u00e9j\u00e0 organis\u00e9 des complots pour tuer Lumumba, craignant qu&rsquo;il ne soit favorable \u00e0 l&rsquo;Union sovi\u00e9tique pendant la guerre froide.<\/p>\n<\/div>\n<div class=\"bbc-19j92fr ebmt73l0\" dir=\"ltr\">\n<p class=\"bbc-1y32vyc e17g058b0\" dir=\"ltr\">Dans son livre, Mme Blouin explique que le choc et le chagrin caus\u00e9s par la mort de Lumumba l&rsquo;ont laiss\u00e9e sans voix.<\/p>\n<\/div>\n<div class=\"bbc-19j92fr ebmt73l0\" dir=\"ltr\">\n<p class=\"bbc-1y32vyc e17g058b0\" dir=\"ltr\">\u00ab Jamais auparavant je n&rsquo;avais \u00e9t\u00e9 priv\u00e9e d&rsquo;un torrent de choses \u00e0 dire \u00bb, \u00e9crit-elle.<\/p>\n<\/div>\n<div class=\"bbc-19j92fr ebmt73l0\" dir=\"ltr\">\n<p class=\"bbc-1y32vyc e17g058b0\" dir=\"ltr\">Elle vivait \u00e0 Paris au moment de l&rsquo;assassinat, apr\u00e8s avoir \u00e9t\u00e9 contrainte \u00e0 l&rsquo;exil \u00e0 la suite du coup d&rsquo;\u00c9tat de Mobutu.<\/p>\n<\/div>\n<div class=\"bbc-19j92fr ebmt73l0\" dir=\"ltr\">\n<p class=\"bbc-1y32vyc e17g058b0\" dir=\"ltr\">Pour s&rsquo;assurer que Mme Blouin ne parlerait pas \u00e0 la presse internationale, les autorit\u00e9s ont fait en sorte que sa famille, qui s&rsquo;\u00e9tait install\u00e9e au Congo, reste dans le pays en tant qu&rsquo;\u00ab otage \u00bb.<\/p>\n<\/div>\n<div class=\"bbc-19j92fr ebmt73l0\" dir=\"ltr\">\n<p class=\"bbc-1y32vyc e17g058b0\" dir=\"ltr\">La s\u00e9paration est bouleversante pour Blouin qui, comme le d\u00e9crit \u00c8ve, est \u00ab tr\u00e8s protectrice \u00a0\u00bb et \u00a0\u00bb tr\u00e8s maternelle \u00bb.<\/p>\n<\/div>\n<div class=\"bbc-19j92fr ebmt73l0\" dir=\"ltr\">\n<p class=\"bbc-1y32vyc e17g058b0\" dir=\"ltr\">\u00c9voquant la personnalit\u00e9 de sa m\u00e8re, \u00c8ve ajoute : \u00ab Il ne fallait pas la contrarier, car m\u00eame si elle avait un grand c\u0153ur g\u00e9n\u00e9reux, elle \u00e9tait tr\u00e8s maternelle, m\u00eame si elle avait un grand c\u0153ur et une grande g\u00e9n\u00e9rosit\u00e9, elle pouvait \u00eatre assez volatile \u00bb.<\/p>\n<\/div>\n<div class=\"bbc-19j92fr ebmt73l0\" dir=\"ltr\">\n<p class=\"bbc-1y32vyc e17g058b0\" dir=\"ltr\">Pendant l&rsquo;exil de Mme Blouin, des soldats ont pill\u00e9 la maison familiale et ont brutalement frapp\u00e9 sa m\u00e8re avec un fusil, lui causant des l\u00e9sions permanentes \u00e0 la colonne vert\u00e9brale.<\/p>\n<\/div>\n<div class=\"bbc-19j92fr ebmt73l0\" dir=\"ltr\">\n<p class=\"bbc-1y32vyc e17g058b0\" dir=\"ltr\">La famille de Mme Blouin a finalement pu la rejoindre apr\u00e8s des mois de s\u00e9paration.<\/p>\n<\/div>\n<div class=\"bbc-19j92fr ebmt73l0\" dir=\"ltr\">\n<p class=\"bbc-1y32vyc e17g058b0\" dir=\"ltr\">Ils ont pass\u00e9 une br\u00e8ve p\u00e9riode en Alg\u00e9rie, o\u00f9 le premier pr\u00e9sident du pays apr\u00e8s l&rsquo;ind\u00e9pendance, Ahmed Ben Bella, leur a offert l&rsquo;asile.<\/p>\n<\/div>\n<div class=\"bbc-19j92fr ebmt73l0\" dir=\"ltr\">\n<p class=\"bbc-1y32vyc e17g058b0\" dir=\"ltr\">Ils s&rsquo;installent ensuite \u00e0 Paris. Mme Blouin reste impliqu\u00e9e dans le panafricanisme \u00e0 distance, \u00ab sous forme d&rsquo;articles et de rencontres quasi quotidiennes \u00bb, \u00e9crit Eve dans l&rsquo;\u00e9pilogue de ses m\u00e9moires.<\/p>\n<\/div>\n<figure class=\"bbc-1qn0xuy\">\n<div class=\"bbc-18ywsw9\">\n<figure style=\"width: 7265px\" class=\"wp-caption alignnone\"><img decoding=\"async\" class=\"bbc-139onq\" src=\"https:\/\/ichef.bbci.co.uk\/ace\/ws\/640\/cpsprodpb\/84a2\/live\/79d29d70-c099-11ef-aa9b-9909fa601e3b.jpg.webp\" alt=\"Pierre Mulele, un pied \u00e0 l'int\u00e9rieur d'une fourgonnette, consulte une feuille de papier. Un homme \u00e0 l'int\u00e9rieur de la camionnette utilise une machine \u00e0 \u00e9crire, tandis qu'Andr\u00e9e Blouin se tient \u00e0 l'ext\u00e9rieur de la camionnette, les mains sur les hanches.\" width=\"7275\" height=\"4093\" \/><figcaption class=\"wp-caption-text\">Cr\u00e9dit photo,Herbert Weiss L\u00e9gende image,Andr\u00e9e Blouin a aid\u00e9 des personnalit\u00e9s ind\u00e9pendantistes telles que Pierre Mulele (au centre) \u00e0 pr\u00e9parer leurs discours lors des \u00e9lections de 1960 au Congo.<\/figcaption><\/figure>\n<\/div><figcaption class=\"bbc-1562tom\" dir=\"ltr\"><\/figcaption><\/figure>\n<div class=\"bbc-19j92fr ebmt73l0\" dir=\"ltr\">\n<p class=\"bbc-1y32vyc e17g058b0\" dir=\"ltr\">Lorsque Blouin a commenc\u00e9 \u00e0 \u00e9crire son autobiographie dans les ann\u00e9es 1970, elle avait encore une grande v\u00e9n\u00e9ration pour les mouvements d&rsquo;ind\u00e9pendance auxquels elle s&rsquo;\u00e9tait consacr\u00e9e.<\/p>\n<\/div>\n<div class=\"bbc-19j92fr ebmt73l0\" dir=\"ltr\">\n<p class=\"bbc-1y32vyc e17g058b0\" dir=\"ltr\">Elle ne tarit pas d&rsquo;\u00e9loges sur S\u00e9kou Tour\u00e9, qui avait alors instaur\u00e9 un parti unique et r\u00e9primait impitoyablement la libert\u00e9 d&rsquo;expression.<\/p>\n<\/div>\n<div class=\"bbc-19j92fr ebmt73l0\" dir=\"ltr\">\n<p class=\"bbc-1y32vyc e17g058b0\" dir=\"ltr\">Cependant, elle se d\u00e9sole que l&rsquo;Afrique ne soit pas devenue \u00ab libre \u00bb, comme elle l&rsquo;avait esp\u00e9r\u00e9.<\/p>\n<\/div>\n<div class=\"bbc-19j92fr ebmt73l0\" dir=\"ltr\">\n<p class=\"bbc-1y32vyc e17g058b0\" dir=\"ltr\">\u00ab Ce ne sont pas les \u00e9trangers qui ont le plus endommag\u00e9 l&rsquo;Afrique, mais la volont\u00e9 mutil\u00e9e du peuple et l&rsquo;\u00e9go\u00efsme de certains de nos propres dirigeants \u00bb, \u00e9crit-elle.<\/p>\n<\/div>\n<div class=\"bbc-19j92fr ebmt73l0\" dir=\"ltr\">\n<p class=\"bbc-1y32vyc e17g058b0\" dir=\"ltr\">Elle a pleur\u00e9 la mort de son r\u00eave, au point de refuser de prendre des m\u00e9dicaments contre le cancer qui ravageait son corps.<\/p>\n<\/div>\n<div class=\"bbc-19j92fr ebmt73l0\" dir=\"ltr\">\n<p class=\"bbc-1y32vyc e17g058b0\" dir=\"ltr\">\u00ab C&rsquo;\u00e9tait terrible \u00e0 regarder. J&rsquo;\u00e9tais absolument impuissante \u00bb, a d\u00e9clar\u00e9 Eve.<\/p>\n<\/div>\n<div class=\"bbc-19j92fr ebmt73l0\" dir=\"ltr\">\n<p class=\"bbc-1y32vyc e17g058b0\" dir=\"ltr\">Blouin s&rsquo;\u00e9teint \u00e0 Paris le 9 avril 1986, \u00e0 l&rsquo;\u00e2ge de 65 ans. Selon Eve, la mort de sa m\u00e8re a \u00e9t\u00e9 accueillie par le monde dans une \u00ab morne indiff\u00e9rence \u00bb.<\/p>\n<\/div>\n<div class=\"bbc-19j92fr ebmt73l0\" dir=\"ltr\">\n<p class=\"bbc-1y32vyc e17g058b0\" dir=\"ltr\">Elle reste cependant une source d&rsquo;inspiration dans certains coins. \u00c0 Kinshasa, capitale de la R\u00e9publique d\u00e9mocratique du Congo, un centre culturel portant le nom de Blouin propose des programmes \u00e9ducatifs, des conf\u00e9rences et des projections de films, tous sous-tendus par une \u00e9thique panafricaine.<\/p>\n<\/div>\n<div class=\"bbc-19j92fr ebmt73l0\" dir=\"ltr\">\n<p class=\"bbc-1y32vyc e17g058b0\" dir=\"ltr\"><i class=\"bbc-ziynna eih42320\"><b>Gr\u00e2ce \u00e0 Mon pays, l&rsquo;Afrique, l&rsquo;histoire extraordinaire de Mme Blouin est diffus\u00e9e pour la deuxi\u00e8me fois, cette fois dans un monde qui s&rsquo;int\u00e9resse davantage aux contributions historiques des femmes.<\/b><\/i><\/p>\n<\/div>\n<div class=\"bbc-19j92fr ebmt73l0\" dir=\"ltr\">\n<p class=\"bbc-1y32vyc e17g058b0\" dir=\"ltr\">De nouveaux lecteurs d\u00e9couvriront l&rsquo;histoire de cette jeune fille qui, apr\u00e8s avoir \u00e9t\u00e9 mise \u00e0 l&rsquo;\u00e9cart par le syst\u00e8me colonial, s&rsquo;est battue pour la libert\u00e9 de millions d&rsquo;Africains noirs.<\/p>\n<\/div>\n<div class=\"bbc-19j92fr ebmt73l0\" dir=\"ltr\">\n<p class=\"bbc-1y32vyc e17g058b0\" dir=\"ltr\"><i class=\"bbc-ziynna eih42320\"><b>Mon pays, l&rsquo;Afrique : Autobiography of the Black Pasionaria, publi\u00e9 par Verso Books, sera mis en vente le 7 janvier au Royaume-Uni.<\/b><\/i><\/p>\n<p dir=\"ltr\"><strong id=\"article-byline\" class=\"bbc-m04vo2\" aria-hidden=\"true\">Article information<\/strong><\/p>\n<ul class=\"bbc-1rvtlej\" role=\"list\">\n<li><span role=\"text\"><span class=\"bbc-m04vo2\">Author,<\/span><span class=\"bbc-18ttg5u\">Wedaeli Chibelushi<\/span><\/span><\/li>\n<li><span role=\"text\"><span class=\"bbc-m04vo2\">Role,<\/span><span class=\"bbc-xsgtj8\">BBC News<\/span><\/span><\/li>\n<li class=\"bbc-v8pmqw\">\n<div class=\"bbc-19j92fr ebmt73l0\" dir=\"ltr\"><time class=\"bbc-j3wi5n e1mklfmt0\" datetime=\"2025-01-06\">6 janvier 2025<\/time><\/div>\n<\/li>\n<\/ul>\n<ul class=\"bbc-ekzrm2 ecaxh2e3\" dir=\"ltr\" role=\"list\">\n<li class=\"bbc-1k00xvf ecaxh2e1\" dir=\"ltr\">\n<div class=\"bbc-1otfsj9 e145786u2\"><a class=\"bbc-ej26g9 e145786u3\" href=\"https:\/\/www.bbc.com\/afrique\/region-53557346\">Ces h\u00e9ro\u00efnes africaines qui ont lutt\u00e9 contre le colonialisme<\/a><time class=\"e145786u0 bbc-1rxjpzf e1mklfmt0\" datetime=\"2020-07-31\">31 juillet 2020<\/time><\/div>\n<\/li>\n<li class=\"bbc-1k00xvf ecaxh2e1\" dir=\"ltr\">\n<div class=\"bbc-1otfsj9 e145786u2\"><a class=\"bbc-ej26g9 e145786u3\" href=\"https:\/\/www.bbc.com\/afrique\/monde-53493219\">Les Afrop\u00e9ens que l&rsquo;histoire a oubli\u00e9s<\/a><time class=\"e145786u0 bbc-1rxjpzf e1mklfmt0\" datetime=\"2020-07-21\">21 juillet 2020<\/time><\/div>\n<\/li>\n<li class=\"bbc-1k00xvf ecaxh2e1\" dir=\"ltr\">\n<div class=\"bbc-1otfsj9 e145786u2\"><a class=\"bbc-ej26g9 e145786u3\" href=\"https:\/\/www.bbc.com\/afrique\/monde-56359373\">L&rsquo;histoire des esclaves ouest-africaines qui ont apport\u00e9 la culture du riz en Am\u00e9rique<\/a><time class=\"e145786u0 bbc-1rxjpzf e1mklfmt0\" datetime=\"2021-04-09\">9 avril 2021<\/time><\/div>\n<\/li>\n<li class=\"bbc-1k00xvf ecaxh2e1\" dir=\"ltr\">\n<div class=\"bbc-1otfsj9 e145786u2\"><a class=\"bbc-ej26g9 e145786u3\" href=\"https:\/\/www.bbc.com\/afrique\/monde-50462911\">Faire conna\u00eetre les Noirs qui ont marqu\u00e9 l&rsquo;histoire de France<\/a><time class=\"e145786u0 bbc-1rxjpzf e1mklfmt0\" datetime=\"2019-11-18\">18 novembre 2019<\/time><\/div>\n<\/li>\n<li class=\"bbc-1k00xvf ecaxh2e1\" dir=\"ltr\">\n<div class=\"bbc-1otfsj9 e145786u2\"><a class=\"bbc-ej26g9 e145786u3\" href=\"https:\/\/www.bbc.com\/afrique\/region-52047088\">A la d\u00e9couverte de la derni\u00e8re survivante de la traite n\u00e9gri\u00e8re<\/a><time class=\"e145786u0 bbc-1rxjpzf e1mklfmt0\" datetime=\"2020-03-26\">26 mars 2020<\/time><\/div>\n<\/li>\n<\/ul>\n<div class=\"wpb_row vc_row vc_row-fluid jupiter-donut- mk-fullwidth-true attched-false js-master-row mk-full-content-true mk-in-viewport\" data-mk-full-width=\"true\" data-mk-full-width-init=\"true\" data-mk-stretch-content=\"true\">\n<div class=\"vc_col-sm-12 wpb_column column_container  jupiter-donut- _ jupiter-donut-height-full\">\n<div id=\"mk-page-title-box-3\" class=\"mk-page-title-box   mk-background-stretch  jupiter-donut-\" data-mk-img-set=\"{&quot;landscape&quot;:{&quot;desktop&quot;:&quot;https:\/\/andreeblouin.org\/wp-content\/uploads\/2021\/12\/kabp1.jpg&quot;,&quot;tablet&quot;:&quot;https:\/\/andreeblouin.org\/wp-content\/uploads\/2021\/12\/kabp1-1024x768.jpg&quot;,&quot;mobile&quot;:&quot;https:\/\/andreeblouin.org\/wp-content\/uploads\/2021\/12\/kabp1-736x414.jpg&quot;},&quot;responsive&quot;:&quot;true&quot;}\">\n<div class=\"mk-page-title-box-content\">\n<div class=\"mk-grid\">\n<h1 class=\"mk-page-title-box-title mk-page-title-box-title--underline\" style=\"text-align: center;\">Andr\u00e9e Blouin<\/h1>\n<\/div>\n<\/div>\n<\/div>\n<\/div>\n<\/div>\n<div class=\"mk-page-section-wrapper\" data-mk-full-width=\"true\" data-mk-full-width-init=\"true\" data-mk-stretch-content=\"true\">\n<div id=\"page-section-4\" class=\"mk-page-section self-hosted half_right_layout half_boxed full-width-4 js-el js-master-row jupiter-donut- mk-in-viewport\" data-intro-effect=\"false\">\n<div class=\"mk-half-layout-container page-section-content half_right_layout  \">\n<div class=\"mk-half-layout-inner\">\n<div class=\"vc_col-sm-12 wpb_column column_container  jupiter-donut- _ jupiter-donut-height-full\">\n<div class=\" vc_custom_1639818939741\">\n<div id=\"text-block-7\" class=\"mk-text-block  jupiter-donut- \">\n<p>Andr\u00e9e Blouin \u00e9tait la cheffe du protocole du Premier Ministre Patrice Lumumba et fut l\u2019une des r\u00e9dactrices du discours du 30 Juin 1960 lu par Patrice Lumumba.<\/p>\n<p>Andr\u00e9e Blouin, n\u00e9e en R\u00e9publique Centrafricaine, militante anticolonialiste, \u00e9tait Africaine et a toujours \u00e9t\u00e9 activement pr\u00e9sente dans la lutte de lib\u00e9ration de l\u2019Afrique.<\/p>\n<p>Pour son engagement et sa vision de l\u2019Afrique, nous avons choisi ce nom afin d\u2019aider la jeunesse Congolaise \u00e0 comprendre que notre lutte de lib\u00e9ration doit passer par l\u2019\u00e9mancipation et la participation active de la femme Congolaise et Africaine et que notre lutte ne se termine pas seulement \u00e0 Kinshasa, mais par la lib\u00e9ration de l\u2019humanit\u00e9.<\/p>\n<p><a href=\"https:\/\/andreeblouin.org\/wp-content\/uploads\/2021\/12\/biographie-andree-blouin.pdf\">T\u00e9l\u00e9chargez la bio compl\u00e8te d\u2019Andr\u00e9e Blouin.<\/a><\/p>\n<\/div>\n<\/div>\n<\/div>\n<\/div>\n<\/div>\n<\/div>\n<\/div>\n<\/div>\n","protected":false},"excerpt":{"rendered":"<p>Les femmes sont trop souvent marginalis\u00e9es dans l&rsquo;histoire. C&rsquo;est particuli\u00e8rement vrai pour les femmes africaines. Le plus incroyable, c&rsquo;est que lorsqu&rsquo;on observe les contributions de ces femmes incroyables \u00e0 leurs luttes respectives, elles sont souvent aussi essentielles \u00e0 la mission (voire plus !) que celles des hommes dont les histoires les \u00e9clipsent. C\u2019est le cas &#8230; <a title=\"Andr\u00e9e Blouin, h\u00e9ro\u00efne africaine de l&rsquo;ind\u00e9pendance m\u00e9connue\" class=\"read-more\" href=\"https:\/\/bruxelles-pantheres.be\/?p=6265\" aria-label=\"En savoir plus sur Andr\u00e9e Blouin, h\u00e9ro\u00efne africaine de l&rsquo;ind\u00e9pendance m\u00e9connue\">Lire la suite<\/a><\/p>\n","protected":false},"author":1,"featured_media":6266,"comment_status":"open","ping_status":"open","sticky":false,"template":"","format":"standard","meta":{"footnotes":""},"categories":[1,21,539,18],"tags":[611,72],"class_list":["post-6265","post","type-post","status-publish","format-standard","has-post-thumbnail","hentry","category-non-classe","category-anti-imperialisme","category-belgique","category-resistance-bruxelles","tag-andree-blouin","tag-patrice-lumumba"],"_links":{"self":[{"href":"https:\/\/bruxelles-pantheres.be\/index.php?rest_route=\/wp\/v2\/posts\/6265","targetHints":{"allow":["GET"]}}],"collection":[{"href":"https:\/\/bruxelles-pantheres.be\/index.php?rest_route=\/wp\/v2\/posts"}],"about":[{"href":"https:\/\/bruxelles-pantheres.be\/index.php?rest_route=\/wp\/v2\/types\/post"}],"author":[{"embeddable":true,"href":"https:\/\/bruxelles-pantheres.be\/index.php?rest_route=\/wp\/v2\/users\/1"}],"replies":[{"embeddable":true,"href":"https:\/\/bruxelles-pantheres.be\/index.php?rest_route=%2Fwp%2Fv2%2Fcomments&post=6265"}],"version-history":[{"count":1,"href":"https:\/\/bruxelles-pantheres.be\/index.php?rest_route=\/wp\/v2\/posts\/6265\/revisions"}],"predecessor-version":[{"id":6267,"href":"https:\/\/bruxelles-pantheres.be\/index.php?rest_route=\/wp\/v2\/posts\/6265\/revisions\/6267"}],"wp:featuredmedia":[{"embeddable":true,"href":"https:\/\/bruxelles-pantheres.be\/index.php?rest_route=\/wp\/v2\/media\/6266"}],"wp:attachment":[{"href":"https:\/\/bruxelles-pantheres.be\/index.php?rest_route=%2Fwp%2Fv2%2Fmedia&parent=6265"}],"wp:term":[{"taxonomy":"category","embeddable":true,"href":"https:\/\/bruxelles-pantheres.be\/index.php?rest_route=%2Fwp%2Fv2%2Fcategories&post=6265"},{"taxonomy":"post_tag","embeddable":true,"href":"https:\/\/bruxelles-pantheres.be\/index.php?rest_route=%2Fwp%2Fv2%2Ftags&post=6265"}],"curies":[{"name":"wp","href":"https:\/\/api.w.org\/{rel}","templated":true}]}}