{"id":628,"date":"2013-01-01T18:49:19","date_gmt":"2013-01-01T17:49:19","guid":{"rendered":"https:\/\/bruxelles-pantheres.be\/?p=628"},"modified":"2013-11-10T18:51:23","modified_gmt":"2013-11-10T17:51:23","slug":"une-nouvelle-annee-arrive","status":"publish","type":"post","link":"https:\/\/bruxelles-pantheres.be\/?p=628","title":{"rendered":"Une nouvelle ann\u00e9e arrive\u2026"},"content":{"rendered":"<div id=\"main\">\n<div id=\"primary\">\n<div id=\"content\" role=\"main\">\n<article id=\"post-5190\">\n<header><img decoding=\"async\" class=\"aligncenter\" alt=\"8217374271_2fa06ed556_c\" src=\"http:\/\/www.egalite.be\/wp-content\/uploads\/2012\/11\/8217374271_2fa06ed556_c.jpg\" width=\"565\" height=\"800\" \/><!--more--><\/header>\n<div>\n<p><img decoding=\"async\" alt=\"https:\/\/fbcdn-sphotos-e-a.akamaihd.net\/hphotos-ak-ash4\/1188_10200202242648453_1809480687_n.jpg\" src=\"https:\/\/fbcdn-sphotos-e-a.akamaihd.net\/hphotos-ak-ash4\/1188_10200202242648453_1809480687_n.jpg\" width=\"698\" height=\"524\" \/><\/p>\n<p>Une nouvelle ann\u00e9e arrive\u2026 Une nouvelle ann\u00e9e durant laquelle le combat pour la libert\u00e9 continue\u2026Une nouvelle ann\u00e9e o\u00f9 nous devons tous ensemble augmenter notre volont\u00e9 de R\u00e9sistance pour arracher la libert\u00e9 de ceux qui f\u00eatent cette nouvelle ann\u00e9e derri\u00e8re les barreaux en pensant \u00e0 nous. Bonne ann\u00e9e \u00e0 tous !<\/p>\n<div id=\"fbPhotoPageAuthorName\"><a id=\"js_4\" href=\"https:\/\/www.facebook.com\/salah.hamouri\" data-hovercard=\"\/ajax\/hovercard\/user.php?id=1523614384\">Salah Hamouri<\/a><\/div>\n<\/div>\n<footer><\/footer>\n<\/article>\n<article id=\"post-5188\">\n<header><img decoding=\"async\" class=\"alignright\" alt=\"223023_1995702654273_1294660555_2342017_1110779_n\" src=\"http:\/\/www.egalite.be\/wp-content\/uploads\/2012\/12\/223023_1995702654273_1294660555_2342017_1110779_n.jpg\" width=\"152\" height=\"152\" \/><\/header>\n<\/article>\n<\/div>\n<\/div>\n<\/div>\n","protected":false},"excerpt":{"rendered":"","protected":false},"author":1,"featured_media":629,"comment_status":"open","ping_status":"open","sticky":false,"template":"","format":"standard","meta":{"footnotes":""},"categories":[21,6,18],"tags":[],"class_list":["post-628","post","type-post","status-publish","format-standard","has-post-thumbnail","hentry","category-anti-imperialisme","category-palestine-moyen-orient","category-resistance-bruxelles"],"_links":{"self":[{"href":"https:\/\/bruxelles-pantheres.be\/index.php?rest_route=\/wp\/v2\/posts\/628","targetHints":{"allow":["GET"]}}],"collection":[{"href":"https:\/\/bruxelles-pantheres.be\/index.php?rest_route=\/wp\/v2\/posts"}],"about":[{"href":"https:\/\/bruxelles-pantheres.be\/index.php?rest_route=\/wp\/v2\/types\/post"}],"author":[{"embeddable":true,"href":"https:\/\/bruxelles-pantheres.be\/index.php?rest_route=\/wp\/v2\/users\/1"}],"replies":[{"embeddable":true,"href":"https:\/\/bruxelles-pantheres.be\/index.php?rest_route=%2Fwp%2Fv2%2Fcomments&post=628"}],"version-history":[{"count":1,"href":"https:\/\/bruxelles-pantheres.be\/index.php?rest_route=\/wp\/v2\/posts\/628\/revisions"}],"predecessor-version":[{"id":630,"href":"https:\/\/bruxelles-pantheres.be\/index.php?rest_route=\/wp\/v2\/posts\/628\/revisions\/630"}],"wp:featuredmedia":[{"embeddable":true,"href":"https:\/\/bruxelles-pantheres.be\/index.php?rest_route=\/wp\/v2\/media\/629"}],"wp:attachment":[{"href":"https:\/\/bruxelles-pantheres.be\/index.php?rest_route=%2Fwp%2Fv2%2Fmedia&parent=628"}],"wp:term":[{"taxonomy":"category","embeddable":true,"href":"https:\/\/bruxelles-pantheres.be\/index.php?rest_route=%2Fwp%2Fv2%2Fcategories&post=628"},{"taxonomy":"post_tag","embeddable":true,"href":"https:\/\/bruxelles-pantheres.be\/index.php?rest_route=%2Fwp%2Fv2%2Ftags&post=628"}],"curies":[{"name":"wp","href":"https:\/\/api.w.org\/{rel}","templated":true}]}}