{"id":6293,"date":"2025-01-07T12:10:01","date_gmt":"2025-01-07T11:10:01","guid":{"rendered":"https:\/\/bruxelles-pantheres.be\/?p=6293"},"modified":"2025-04-14T12:19:00","modified_gmt":"2025-04-14T11:19:00","slug":"justice-pour-baudouin","status":"publish","type":"post","link":"https:\/\/bruxelles-pantheres.be\/?p=6293","title":{"rendered":"Justice Pour Baudouin"},"content":{"rendered":"<pre class=\"js-uptime detail-h1 text-heading-900 dark:text-heading-100\" data-testid=\"title\">Pieds nus dans l'avion, Baudouin a \u00e9t\u00e9 d\u00e9barqu\u00e9 de force et bless\u00e9 par la police<\/pre>\n<div>\n<p><em><span class=\"BCX0 NormalTextRun SCXW3803119\">Je suis traumatis\u00e9<\/span><\/em><span class=\"BCX0 SCXW3803119 TextRun\"><span class=\"BCX0 NormalTextRun SCXW3803119\">\u201d. Le 4 d\u00e9cembre, Baudouin monte dans un avion\u00a0<\/span><span class=\"BCX0 NormalTextRun SCXW3803119\">vers\u00a0<\/span><span class=\"BCX0 NormalTextRun SCXW3803119\">Kinshasa, mais il n\u2019arrivera pas \u00e0 destination. Avant le d\u00e9collage, il est d\u00e9barqu\u00e9 de force par la police belge. R\u00e9sultat : une main pl\u00e2tr\u00e9e, une vision trouble et un sentiment de peur. Baudouin d\u00e9nonce un usage disproportionn\u00e9 de la force des policiers et du racisme de la part de l\u2019\u00e9quipage de Brussels Airlines.\u00a0<\/span><\/span><span class=\"BCX0 EOP SCXW3803119\">\u00a0<\/span><\/p>\n<\/div>\n<p><!--more--><\/p>\n<div>\n<p><span class=\"BCX0 SCXW3803119 TextRun\"><span class=\"BCX0 NormalTextRun SCXW3803119\">Pour des raisons religieuses, Baudouin marche pieds nus. \u00c0 plusieurs reprises, le personnel de cabine l\u2019interpelle et lui demande o\u00f9 sont ses chaussures. \u201c<\/span><\/span><em><span class=\"BCX0 NormalTextRun SCXW3803119\">J\u2019ai r\u00e9pondu que j\u2019avais mes babouches dans mon sac au besoin, pour aller aux toilettes par exemple\u201d,<\/span><\/em><span class=\"BCX0 SCXW3803119 TextRun\"><span class=\"BCX0 NormalTextRun SCXW3803119\">\u00a0relate-t-il.<\/span><\/span><\/p>\n<p><span class=\"BCX0 SCXW3803119 TextRun\"><span class=\"BCX0 NormalTextRun SCXW3803119\">Apr\u00e8s plusieurs \u00e9changes entre le passager et l\u2019\u00e9quipage, le pilote fait appel \u00e0 la police pour d\u00e9barquer de force Baudouin. Pour lui, c\u2019est l\u2019incompr\u00e9hension et un puissant sentiment d\u2019injustice : \u201c<\/span><\/span><em><span class=\"BCX0 NormalTextRun SCXW3803119\">Il y avait d\u2019autres personnes qui avaient enlev\u00e9 leurs chaussures dans l\u2019avion mais ils se sont focalis\u00e9s sur moi. Ils ne m\u2019ont donn\u00e9 aucun argument.\u201d\u00a0<\/span><\/em><span class=\"BCX0 SCXW3803119 TextRun\"><span class=\"BCX0 NormalTextRun SCXW3803119\">Plusieurs jours apr\u00e8s les faits, il ne comprend toujours pas comment la situation a pu escalader si vite.<\/span><\/span><em><span class=\"BCX0 NormalTextRun SCXW3803119\">\u00a0<\/span><\/em><span class=\"BCX0 EOP SCXW3803119\">\u00a0<\/span><\/p>\n<\/div>\n<div>\n<p><span class=\"BCX0 SCXW3803119 TextRun\"><span class=\"BCX0 NormalTextRun SCXW3803119\">Brussels Airlines refuse de commenter ce cas, invoquant la protection de la vie priv\u00e9e. La compagnie indique qu\u2019il n\u2019y a pas d\u2019interdiction d\u2019enlever ses chaussures \u00e0 bord d\u2019un avion mais qu\u2019il faut suivre les \u00e9ventuelles indications de s\u00e9curit\u00e9 donn\u00e9es par l\u2019\u00e9quipage. \u201c<\/span><\/span><em><span class=\"BCX0 NormalTextRun SCXW3803119\">Cette<\/span><span class=\"BCX0 NormalTextRun SCXW3803119\">\u00a0d\u00e9cision<\/span><span class=\"BCX0 NormalTextRun SCXW3803119\">\u00a0[de refuser un passager]<\/span><span class=\"BCX0 NormalTextRun SCXW3803119\">\u00a0n&rsquo;est prise que lorsque nos \u00e9quipes estiment qu&rsquo;un passager peut repr\u00e9senter un danger ou perturber gravement le d\u00e9roulement du vol.\u201d<\/span><\/em><span class=\"BCX0 EOP SCXW3803119\">\u00a0<\/span><\/p>\n<p><span class=\"BCX0 EOP SCXW3803119\">Nous n&rsquo;avons cependant\u00a0re\u00e7u aucun \u00e9l\u00e9ment indiquant que le passager concern\u00e9 pouvait \u00ab\u00a0repr\u00e9senter\u00a0un danger\u00a0\u00bb\u00a0ni quelles indications de s\u00e9curit\u00e9 il aurait refus\u00e9 de suivre. Il n&rsquo;\u00e9tait en outre pas assis \u00e0 une des places n\u00e9cessitant des mesures particuli\u00e8res de s\u00e9curit\u00e9.\u00a0\u00a0<\/span><\/p>\n<\/div>\n<div>\n<p><span class=\"BCX0 SCXW3803119 TextRun\"><span class=\"BCX0 NormalTextRun SCXW3803119\">La police f\u00e9d\u00e9rale assure que son \u00e9quipe a\u00e9ronautique av<\/span><span class=\"BCX0 NormalTextRun SCXW3803119\">ait<\/span><span class=\"BCX0 NormalTextRun SCXW3803119\">\u00a0d\u2019abord entam\u00e9 un dialogue avec Baudouin, ce qu\u2019il d\u00e9ment. \u201c<\/span><\/span><em><span class=\"BCX0 NormalTextRun SCXW3803119\">Vu que ce passager a refus\u00e9 de quitter l&rsquo;avion volontairement, ils [les policiers] n&rsquo;ont pas eu d&rsquo;autre choix que de faire l&rsquo;usage de la contrainte proportionnelle pour d\u00e9barquer cette personne.\u201d<\/span><\/em><span class=\"BCX0 EOP SCXW3803119\">\u00a0<\/span><\/p>\n<p><span class=\"BCX0 EOP SCXW3803119\">Dans les informations qui nous ont \u00e9t\u00e9 transmises jusqu&rsquo;ici, on ne rel\u00e8ve pas d&rsquo;\u00e9l\u00e9ment justifiant que le passager aurait d\u00fb quitter l&rsquo;avion et donc a fortiori\u00a0pas de motifs qui auraient pu justifier l&rsquo;usage de la force pour faire appliquer cette mesure.<\/span><\/p>\n<h4><span class=\"BCX0 EOP SCXW3803119\">\u00ab\u00a0<em>C&rsquo;est\u00a0du racisme pur<\/em>\u00ab\u00a0<\/span><\/h4>\n<\/div>\n<div>\n<p><span class=\"BCX0 SCXW3803119 TextRun\"><span class=\"BCX0 NormalTextRun SCXW3803119 SpellingErrorV2Themed\">Unia<\/span><span class=\"BCX0 NormalTextRun SCXW3803119\">, le centre pour l\u2019Egalit\u00e9 des chances, a d\u00e9cid\u00e9 d\u2019ouvrir un dossier<\/span><span class=\"BCX0 NormalTextRun SCXW3803119\">\u00a0sans se porter partie civile pour le moment<\/span><span class=\"BCX0 NormalTextRun SCXW3803119\">. La Ligue des Droits Humains d\u00e9clare : \u201c<\/span><\/span><em><span class=\"BCX0 NormalTextRun SCXW3803119\">Le fait que la compagnie ait appel\u00e9 la police pour ce motif mineur qui ne pose pas de probl\u00e8me de s\u00e9curit\u00e9 ou de nuisance pour les autres passagers<\/span><span class=\"BCX0 NormalTextRun SCXW3803119\">,<\/span><span class=\"BCX0 NormalTextRun SCXW3803119\">\u00a0ainsi que l&rsquo;usage de la force qui semble disproportionn\u00e9<\/span><span class=\"BCX0 NormalTextRun SCXW3803119\">,<\/span><span class=\"BCX0 NormalTextRun SCXW3803119\">\u00a0posent question.\u201d<\/span><\/em><span class=\"BCX0 EOP SCXW3803119\">\u00a0<\/span><\/p>\n<\/div>\n<div>\n<p><span class=\"BCX0 SCXW3803119 TextRun\"><span class=\"BCX0 NormalTextRun SCXW3803119\">Baudouin a l\u2019intention de porter plainte une fois sa sant\u00e9 retrouv\u00e9e.<\/span><\/span><span class=\"BCX0 EOP SCXW3803119\">\u00a0Il en reste persuad\u00e9, la violence et les blessures qu&rsquo;il a subies ainsi que\u00a0le vol qu&rsquo;on lui a interdit de prendre sont d\u00fb \u00e0 \u00ab\u00a0<em>du racisme pur<\/em>\u00ab\u00a0.\u00a0\u00a0<\/span><\/p>\n<p><a href=\"https:\/\/www.rtbf.be\/article\/pieds-nus-dans-l-avion-baudouin-a-ete-debarque-de-force-et-blesse-par-la-police-11477178\">Source<\/a><\/p>\n<\/div>\n<p><iframe title=\"Une main pl\u00e2tr\u00e9e, un \u0153il douloureux... Bless\u00e9 par la police pour avoir march\u00e9 pieds nus ?\" src=\"https:\/\/www.youtube.com\/embed\/wnIUCyrrnlE\" width=\"446\" height=\"793\" frameborder=\"0\" allowfullscreen=\"allowfullscreen\"><\/iframe><\/p>\n<div id=\"bloc1\">\n<div id=\"sous_bloc\">\n<div id=\"pitch\">\n<p><strong>Justice pour Baudouin ! \u00a0 \u00a0 \u00a0 \u00a0<\/strong><br \/>\nInjustement d\u00e9barqu\u00e9 par Brussels Airlines et violent\u00e9 par la police f\u00e9d\u00e9rale.<br \/>\nLe 4 d\u00e9cembre, Baudouin P. embarque dans un avion de Brussels Airlines pour se rendre \u00e0\u00a0Kinshasa. Il se pr\u00e9pare \u00e0 un long voyage et n\u2019a pas de chaussures lorsqu\u2019une h\u00f4tesse de l\u2019air exige qu\u2019il se chausse. La deuxi\u00e8me fois, elle l\u2019avertira que la police va \u00eatre appel\u00e9e pour qu\u2019il soit d\u00e9barqu\u00e9 de l\u2019avion. Les images choquantes d\u2019une vid\u00e9o prise au moment de l\u2019intervention des policiers d\u00e9montre la violence exerc\u00e9e sur le corps de Baudouin alors qu&rsquo;il n\u2019avait aucune intention de r\u00e9sister, et qui l\u2019a m\u00eame exprim\u00e9.<br \/>\nSon t\u00e9moignage fait au m\u00e9dia \u00ab La diaspora chuchote \u00bb et sur \u00ab Vews RTBF \u00bb est r\u00e9v\u00e9lateur de la violence subie et de la dangerosit\u00e9 des techniques polici\u00e8res utilis\u00e9e, particuli\u00e8rement l\u2019\u00e9touffement durant un long moment d\u2019un des policiers comme nous le voyons dans la vid\u00e9o. Une chose est s\u00fbre, le traitement dont il a fait l\u2019objet est discriminatoire. L\u2019analyse que Baudouin fait de l\u2019intervention polici\u00e8re est claire :\u00a0<strong>\u00ab \u00c7a c\u2019est du racisme pur ! Et demain \u00e7a va \u00eatre qui ? Si c\u2019\u00e9tait un blanc, on n\u2019allait pas le traiter comme \u00e7a \u00bb.<\/strong><br \/>\nCons\u00e9quemment \u00e0 l\u2019intervention polici\u00e8re, les s\u00e9quelles psychologiques et physiques sont\u00a0nombreuses. Il n\u2019a toujours pas retrouv\u00e9 ses facult\u00e9s visuelles de l\u2019\u0153il gauche et \u00e0 une fracture \u00e0 la main. Les proc\u00e9dures qui suivront devront permettre d\u2019\u00e9tablir les responsabilit\u00e9s, tant de Brussels Airlines que de la police f\u00e9d\u00e9rale, et d\u2019obtenir r\u00e9paration.<br \/>\nA pr\u00e9sent, le combat de Baudouin pour la justice commence. Il sera long mais est d\u00e9terminant dans le d\u00e9voilement des pratiques racistes rendues trop souvent invisibles par la complexit\u00e9 et le co\u00fbt des proc\u00e9dures judiciaires. Soutenons Baudouin en partageant son t\u00e9moignage et en participant financi\u00e8rement \u00e0 la cagnotte autant que possible afin de couvrir les frais de justice et les honoraires d\u2019avocat \u00e0 venir.<\/p>\n<p>Pour les personnes qui n&rsquo;arrivent pas \u00e0 donner via la cagnotte, vous pouvez faire un virement sur ce compte SVP :\u00a0\u00a0\u00a0\u00a0\u00a0\u00a0\u00a0\u00a0\u00a0\u00a0\u00a0\u00a0\u00a0\u00a0\u00a0\u00a0 BE90\u00a0<a href=\"tel:3771 1382 9032\">3771 1382 9032<\/a><\/p>\n<\/div>\n<\/div>\n<\/div>\n","protected":false},"excerpt":{"rendered":"<p>Pieds nus dans l&rsquo;avion, Baudouin a \u00e9t\u00e9 d\u00e9barqu\u00e9 de force et bless\u00e9 par la police Je suis traumatis\u00e9\u201d. Le 4 d\u00e9cembre, Baudouin monte dans un avion\u00a0vers\u00a0Kinshasa, mais il n\u2019arrivera pas \u00e0 destination. Avant le d\u00e9collage, il est d\u00e9barqu\u00e9 de force par la police belge. R\u00e9sultat : une main pl\u00e2tr\u00e9e, une vision trouble et un sentiment &#8230; <a title=\"Justice Pour Baudouin\" class=\"read-more\" href=\"https:\/\/bruxelles-pantheres.be\/?p=6293\" aria-label=\"En savoir plus sur Justice Pour Baudouin\">Lire la suite<\/a><\/p>\n","protected":false},"author":1,"featured_media":6294,"comment_status":"open","ping_status":"open","sticky":false,"template":"","format":"standard","meta":{"footnotes":""},"categories":[539,7,18,28,5],"tags":[508,31,609],"class_list":["post-6293","post","type-post","status-publish","format-standard","has-post-thumbnail","hentry","category-belgique","category-negrophobie","category-resistance-bruxelles","category-racismes","category-violence-policiere","tag-baudouin","tag-belgique","tag-racisme"],"_links":{"self":[{"href":"https:\/\/bruxelles-pantheres.be\/index.php?rest_route=\/wp\/v2\/posts\/6293","targetHints":{"allow":["GET"]}}],"collection":[{"href":"https:\/\/bruxelles-pantheres.be\/index.php?rest_route=\/wp\/v2\/posts"}],"about":[{"href":"https:\/\/bruxelles-pantheres.be\/index.php?rest_route=\/wp\/v2\/types\/post"}],"author":[{"embeddable":true,"href":"https:\/\/bruxelles-pantheres.be\/index.php?rest_route=\/wp\/v2\/users\/1"}],"replies":[{"embeddable":true,"href":"https:\/\/bruxelles-pantheres.be\/index.php?rest_route=%2Fwp%2Fv2%2Fcomments&post=6293"}],"version-history":[{"count":1,"href":"https:\/\/bruxelles-pantheres.be\/index.php?rest_route=\/wp\/v2\/posts\/6293\/revisions"}],"predecessor-version":[{"id":6295,"href":"https:\/\/bruxelles-pantheres.be\/index.php?rest_route=\/wp\/v2\/posts\/6293\/revisions\/6295"}],"wp:featuredmedia":[{"embeddable":true,"href":"https:\/\/bruxelles-pantheres.be\/index.php?rest_route=\/wp\/v2\/media\/6294"}],"wp:attachment":[{"href":"https:\/\/bruxelles-pantheres.be\/index.php?rest_route=%2Fwp%2Fv2%2Fmedia&parent=6293"}],"wp:term":[{"taxonomy":"category","embeddable":true,"href":"https:\/\/bruxelles-pantheres.be\/index.php?rest_route=%2Fwp%2Fv2%2Fcategories&post=6293"},{"taxonomy":"post_tag","embeddable":true,"href":"https:\/\/bruxelles-pantheres.be\/index.php?rest_route=%2Fwp%2Fv2%2Ftags&post=6293"}],"curies":[{"name":"wp","href":"https:\/\/api.w.org\/{rel}","templated":true}]}}