{"id":6299,"date":"2025-04-17T11:46:47","date_gmt":"2025-04-17T10:46:47","guid":{"rendered":"https:\/\/bruxelles-pantheres.be\/?p=6299"},"modified":"2025-04-24T11:50:42","modified_gmt":"2025-04-24T10:50:42","slug":"journee-des-prisonnieres-palestiniennes-2025","status":"publish","type":"post","link":"https:\/\/bruxelles-pantheres.be\/?p=6299","title":{"rendered":"Journ\u00e9e des prisonnier\u2022es palestinien\u2022nes 2025"},"content":{"rendered":"<p style=\"text-align: center;\"><strong>Luttons pour la lib\u00e9ration et contre le g\u00e9nocide imp\u00e9rialiste \u2013 sioniste !<\/strong><\/p>\n<p>Le 17 avril est la Journ\u00e9e des prisonnier\u2022es palestinien\u2022es : journ\u00e9e internationale annuelle consacr\u00e9e \u00e0 la lutte et \u00e0 la lib\u00e9ration des Palestinien\u2022nes emprisonn\u00e9\u2022es. Cette ann\u00e9e, pour la deuxi\u00e8me ann\u00e9e cons\u00e9cutive, cette journ\u00e9e a lieu au plus fort de l\u2019escalade du g\u00e9nocide am\u00e9ricano-sioniste perp\u00e9tr\u00e9 contre le peuple palestinien dans la bande de Gaza et plus globalement dans toute la Palestine occup\u00e9e.<\/p>\n<p>Comm\u00e9mor\u00e9e depuis 1974, la Journ\u00e9e des prisonnier\u2022es palestinien\u2022nes met en lumi\u00e8re la lutte des prisonnier\u2022es politiques palestinien\u2022nes derri\u00e8re les barreaux sionistes, leur leadership et leur place centrale dans la r\u00e9sistance et la r\u00e9volution en cours, et souligne notre revendication constante pour la lib\u00e9ration totale de tous\u2022tes les prisonnier\u2022es palestinien\u2022nes, un \u00e9l\u00e9ment n\u00e9cessaire \u00e0 la lib\u00e9ration de la Palestine, de la mer au Jourdain.<\/p>\n<p>Le R\u00e9seau de solidarit\u00e9 avec les prisonnier\u2022es palestinien\u2022nes Samidoun se joint au mouvement des prisonnier\u2022es palestinien\u2022nes, au mouvement de lib\u00e9ration national et aux voix qui luttent pour la justice dans le monde entier, en cette Journ\u00e9e des prisonnier\u2022es palestinien\u2022nes, et appelle, partout dans le monde, \u00e0 se mobiliser massivement contre le g\u00e9nocide en cours \u00e0 Gaza.<\/p>\n<p><!--more--><\/p>\n<div>\n<p><a href=\"https:\/\/i0.wp.com\/samidoun.net\/wp-content\/uploads\/2025\/04\/photo_2025-04-17_10-29-33.jpg?ssl=1\"><img decoding=\"async\" class=\"aligncenter size-full wp-image-62696 td-animation-stack-type0-2\" src=\"https:\/\/i0.wp.com\/samidoun.net\/wp-content\/uploads\/2025\/04\/photo_2025-04-17_10-29-33.jpg?resize=905%2C1280&amp;ssl=1\" sizes=\"(max-width: 905px) 100vw, 905px\" srcset=\"https:\/\/i0.wp.com\/samidoun.net\/wp-content\/uploads\/2025\/04\/photo_2025-04-17_10-29-33.jpg?w=905&amp;ssl=1 905w, https:\/\/i0.wp.com\/samidoun.net\/wp-content\/uploads\/2025\/04\/photo_2025-04-17_10-29-33.jpg?resize=212%2C300&amp;ssl=1 212w, https:\/\/i0.wp.com\/samidoun.net\/wp-content\/uploads\/2025\/04\/photo_2025-04-17_10-29-33.jpg?resize=724%2C1024&amp;ssl=1 724w, https:\/\/i0.wp.com\/samidoun.net\/wp-content\/uploads\/2025\/04\/photo_2025-04-17_10-29-33.jpg?resize=177%2C250&amp;ssl=1 177w, https:\/\/i0.wp.com\/samidoun.net\/wp-content\/uploads\/2025\/04\/photo_2025-04-17_10-29-33.jpg?resize=768%2C1086&amp;ssl=1 768w, https:\/\/i0.wp.com\/samidoun.net\/wp-content\/uploads\/2025\/04\/photo_2025-04-17_10-29-33.jpg?resize=150%2C212&amp;ssl=1 150w, https:\/\/i0.wp.com\/samidoun.net\/wp-content\/uploads\/2025\/04\/photo_2025-04-17_10-29-33.jpg?resize=300%2C424&amp;ssl=1 300w, https:\/\/i0.wp.com\/samidoun.net\/wp-content\/uploads\/2025\/04\/photo_2025-04-17_10-29-33.jpg?resize=696%2C984&amp;ssl=1 696w\" alt=\"\" width=\"905\" height=\"1280\" data-recalc-dims=\"1\" \/><\/a>Depuis 1948, au moins un million de Palestinien\u2022nes ont \u00e9t\u00e9 emprisonn\u00e9\u2022es par l\u2019occupation, issu\u2022es de tous les secteurs de la soci\u00e9t\u00e9, et en particulier des classes populaires des camps de r\u00e9fugi\u00e9\u2022es, des villages et des villes de Palestine. Presque aucune famille palestinienne n\u2019est \u00e9pargn\u00e9e par le syst\u00e8me d\u2019emprisonnement colonial sioniste. Les prisonnier\u2022es palestinien\u2022nes sont les p\u00e8res, les m\u00e8res, les fils, les fille, les oncles, les tantes, les cousin\u2022es, les ami\u2022es. L\u2019occupation cherche \u00e0 les isoler de leurs familles, de leurs communaut\u00e9s et de leur peuple, et du mouvement palestinien, arabe et international ,en les enfermant derri\u00e8re ses murs. Le d\u00e9fi pour nous est de tout mettre en \u0153uvre pour briser cet isolement, soutenir les prisonnier\u2022es et la r\u00e9sistance, et fortifier et soutenir la lutte pour la lib\u00e9ration de toute la Palestine face \u00e0 la r\u00e9pression, \u00e0 la criminalisation et aux agressions imp\u00e9rialistes.<\/p>\n<p>Les prisonni\u00e8res comme Haneen Jaber et Shatila Abu Ayyad, les \u00e9tudiant\u2022es comme Amr Kayed et Karmel Khawaja, les professionnels de sant\u00e9 comme le Dr Hussam Abu Safiya, les dirigeants du mouvement comme Ibrahim Hamed, Ahmad Sa\u2019adat, Mahmoud al-Ardah et Marwan Barghouti : chacune de leurs vies et de leur avenir est pr\u00e9cieux. La r\u00e9sistance et le peuple palestinien, en particulier \u00e0 Gaza, continuent, malgr\u00e9 un g\u00e9nocide en cours depuis plus de 17 mois, de lutter pour obtenir leur lib\u00e9ration \u2013 et celle de toute la Palestine de la domination coloniale sioniste et imp\u00e9rialiste. En cette Journ\u00e9e des prisonnier\u2022es palestinien\u2022nes, c\u2019est le moment pour notre mouvement mondial d\u2019intensifier la lutte, d\u2019abattre les murs des prisons, de soutenir la r\u00e9sistance qui d\u00e9fend la Palestine et l\u2019humanit\u00e9, et d\u2019agir pour mettre fin au r\u00e9gime sioniste, et au soutien des puissances imp\u00e9rialistes qui lui prodiguent un flux d\u2019armes lui permettant de continuer le g\u00e9nocide en cours. Nous exigeons la lib\u00e9ration de tous\u2022tes les prisonnier\u2022es palestinien\u2022nes et de la cause palestinienne, qu\u2019iels soient incarc\u00e9r\u00e9\u2022es dans les prisons sionistes, les prisons imp\u00e9rialistes, ou dans celles des r\u00e9gimes r\u00e9actionnaires arabes et de l\u2019Autorit\u00e9 palestinienne, qui continuent d\u2019assi\u00e9ger la r\u00e9sistance alors m\u00eame qu\u2019elle d\u00e9fend le peuple palestinien qui lutte pour sa survie.<\/p>\n<p><b>Situation actuelle des prisonnier\u2022es palestinien\u2022nes<\/b><\/p>\n<p>L\u2019emprisonnement a toujours \u00e9t\u00e9 une arme du colonialisme en Palestine. Des colons britanniques qui ont r\u00e9prim\u00e9 les r\u00e9voltes palestiniennes par l\u2019emprisonnement massif, les d\u00e9molitions de maisons et les ex\u00e9cutions \u2013 et qui ont \u00e9t\u00e9 les premiers \u00e0 imposer la d\u00e9tention administrative utilis\u00e9e aujourd\u2019hui massivement contre les Palestinien\u2022nes \u2013 aux colons sionistes qui, depuis 77 ans, imposent un syst\u00e8me d\u2019occupation, d\u2019apartheid, de criminalisation, de racisme et de d\u00e9possession au peuple palestinien : les colons ont, emprisonn\u00e9 de mani\u00e8re massive, des militant\u2022es, des dirigeant\u2022es, des combattant\u2022es, etc. L\u2019emprisonnement vise toutes les couches de la population palestinienne : travailleur\u2022ses, militant\u2022es, enseignant\u2022es, journalistes, m\u00e9decins et \u2022les de la sant\u00e9, agriculteur\u2022ices et p\u00eacheurs ; originaires de J\u00e9rusalem, de Cisjordanie, de la bande de Gaza, de la Palestine occup\u00e9e de 1948 ; r\u00e9fugi\u00e9\u2022es dans les camps en Palestine et dans le monde entier ; des millions de personnes se voient refuser leur droit au retour, tandis que ceux et celles qui s\u2019organisent et r\u00e9sistent peuvent \u00eatre poursuivi\u2022es et emprisonn\u00e9\u2022es dans les prisons r\u00e9actionnaires arabes et imp\u00e9rialistes.<\/p>\n<p>Environ 9 900 Palestinien\u2022nes sont actuellement emprisonn\u00e9\u2022es par le r\u00e9gime d\u2019occupation sioniste, dont pr\u00e8s de 3 500 en d\u00e9tention administrative, un emprisonnement sans inculpation ni proc\u00e8s, sur la base de dossiers gard\u00e9s secrets par les services de renseignements sionistes et renouvelable ind\u00e9finiment. Ces Palestinien\u2022nes sont r\u00e9guli\u00e8rement emprisonn\u00e9s pendant des ann\u00e9es, sous le coup de ces ordonnances arbitraires. Parmi eux et elles figurent \u00e9galement 400 enfants et adolescent\u2022es prisonnier\u2022es, 29 femmes d\u00e9tenues et au moins 200 Palestinien\u2022nes originaire des territoires palestiniens colonis\u00e9s en 1948. Ces chiffres ne r\u00e9v\u00e8lent toutefois pas l\u2019ampleur de la d\u00e9tention et de l\u2019incarc\u00e9ration massive, actuellement utilis\u00e9e contre les Palestinien\u2022nes enlev\u00e9\u2022es \u00e0 Gaza par les forces g\u00e9nocidaires sionistes. Alors que 1 000 Palestinien\u2022nes de Gaza ont \u00e9t\u00e9 lib\u00e9r\u00e9\u2022es par la R\u00e9sistance lors de l\u2019\u00e9change de prisonnier\u2022es de Toufan al-Ahrar, un nombre ind\u00e9termin\u00e9 demeure captif dans diverses prisons, ainsi que dans les tristement c\u00e9l\u00e8bres camps de torture comme Sde Teiman et Anatot, cr\u00e9\u00e9s pour emprisonner les Palestinien\u2022nes de Gaza dans des conditions inhumaines. Au moins 1 555 Palestinien\u2022nes de Gaza, identifi\u00e9\u2022es par les organisations de prisonnier\u2022es, sont toujours d\u00e9tenu\u2022es par le r\u00e9gime sioniste.<\/p>\n<p>Les prisonnier\u2022es palestinien\u2022nes subissent quotidiennement, la torture, les mauvais traitements, le refus de soins m\u00e9dicaux, la famine, les agressions sexuelles, physiques et psychologiques, ainsi que la privation et la violation de leurs droits les plus fondamentaux. En clair, tous les droits obtenus par les prisonnier\u2022es palestinien\u2022nes ne leur ont pas \u00e9t\u00e9 accord\u00e9s par le r\u00e9gime sioniste, mais obtenus gr\u00e2ce \u00e0 la lutte acharn\u00e9e et au leadership du mouvement des prisonnier\u2022es palestinien\u2022nes, \u00e0 travers des gr\u00e8ves de la faim et des actions organis\u00e9es. Depuis des ann\u00e9es, la confiscation de ces acquis est une priorit\u00e9 centrale du r\u00e9gime sioniste, notamment pour les \u00ab dirigeants \u00bb fascistes du projet sioniste, de Gilad Erdan \u00e0 Itamar Ben-Gvir.<\/p>\n<p><b>Les martyrs du mouvement des prisonnier\u2022es<\/b><\/p>\n<p>Parall\u00e8lement \u00e0 l\u2019escalade du g\u00e9nocide \u00e0 Gaza, aux nettoyage ethnique et aux vols de terres en Cisjordanie, ainsi qu\u2019\u00e0 l\u2019agression continue contre le peuple palestinien partout en Palestine occup\u00e9e, en exil et dans la diaspora, le r\u00e9gime sioniste m\u00e8ne une agression g\u00e9n\u00e9ralis\u00e9e contre les prisonnier\u2022es palestinien\u2022nes. Depuis le 7 octobre 2023, au moins 63 Palestiniens ont \u00e9t\u00e9 martyris\u00e9s dans les prisons de l\u2019occupation. Ce chiffre demeure indicatif et n\u2019est pas exact, car le r\u00e9gime d\u2019occupation refuse syst\u00e9matiquement de divulguer des informations sur le statut des Palestinien\u2022nes enlev\u00e9\u2022es \u00e0 Gaza.<\/p>\n<p>Parmi les martyrs du mouvement des prisonnier\u2022es palestinien\u2022nes au cours des 18 derniers mois figurent :<\/p>\n<p><strong>Omar Daraghmeh\u00a0<\/strong><\/p>\n<\/div>\n<div><strong>Arafat Hamdane<\/strong><\/div>\n<div><strong>Majed Ahmed Zaqoul<\/strong><\/div>\n<div><strong>Abdel-Rahman Al-Bahsh<\/strong><\/div>\n<div><strong>Atta Yousef Hasan Fayyad<\/strong><\/div>\n<div><strong>Zuhair Omar Sharif<\/strong><\/div>\n<div><strong>Raja Isma\u00efl Samour<\/strong><\/div>\n<div><strong>Walid Abdel-Hadi Hamid<\/strong><\/div>\n<div><strong>Abdel-Rahman Mar\u2019i\u00a0<\/strong><\/div>\n<div><strong>Dr Iyad Al Rantisi<\/strong><\/div>\n<div><strong>Thaer Samih Abu Assab<\/strong><\/div>\n<div><strong>Faraj Hussein Hasan Ali<\/strong><\/div>\n<div><strong>Hamdan Hassan Anaba<\/strong><\/div>\n<div><strong>Hussein Saber Abou Obeida<\/strong><\/div>\n<div><strong>Ali Abdallah Suleiman Al-Houli<\/strong><\/div>\n<div><strong>Arafat Al-Khawaja<\/strong><\/div>\n<div><strong>Mohammed Ahmed Al-Sabbar<\/strong><\/div>\n<div><strong>Mohammed Abou Sneineh<\/strong><\/div>\n<div><strong>Ahmed Rizq Qudaih<\/strong><\/div>\n<div><strong>Izz al-Din Ziad Al-Banna<\/strong><\/div>\n<div><strong>Asif Abdel-Mu\u2019ti Al-Rifai<\/strong><\/div>\n<div><strong>Khaled Moussa Jamal Al-Shawish<\/strong><\/div>\n<div><strong>Majed Hamdi Ibrahim Sawafiri<\/strong><\/div>\n<div><strong>Ahmed Abdel Marjan Al-Aqqad<\/strong><\/div>\n<div><strong>Joumaa Abou Ghanima<\/strong><\/div>\n<div><strong>Dr Ziad Mohammed Al-Dalou<\/strong><\/div>\n<div><strong>Wafa Amin Mohammed Abdelhadi<\/strong><\/div>\n<div><strong>Kamal Hussein Ahmad Radi<\/strong><\/div>\n<div><strong>Walid Nimr Daqqah<\/strong><\/div>\n<div><strong>Fathi Mohammed Mahmoud Jadallah<\/strong><\/div>\n<div><strong>Abdel-Rahim Abdel-Karim Amer<\/strong><\/div>\n<div><strong>Dr Adnan Al-Bursh<\/strong><\/div>\n<div><strong>Karim Abou Saleh<\/strong><\/div>\n<div><strong>Isma\u00efl Abdel-Bari Khader<\/strong><\/div>\n<div><strong>Mohammed Sharif Al-Assali<\/strong><\/div>\n<div><strong>Omar Abdelaziz Juna\u00efd<\/strong><\/div>\n<div><strong>Adnan Ashour<\/strong><\/div>\n<div><strong>Islam Al-Sarsawi<\/strong><\/div>\n<div><strong>Cheikh Mustafa Abou Ora<\/strong><\/div>\n<div><strong>Nasr el-Din Ziyara<\/strong><\/div>\n<div><strong>Kifah Dabaya<\/strong><\/div>\n<div><strong>Ayman Rajeh Issa Abed<\/strong><\/div>\n<div><strong>Zaher Tahsin Raddad<\/strong><\/div>\n<div><strong>Mohammed Munir Moussa<\/strong><\/div>\n<div><strong>Walid Ahmed Khalifa<\/strong><\/div>\n<div><strong>Samir Mahmoud Al-Kahlout<\/strong><\/div>\n<div><strong>Moath Khaled Rayyan<\/strong><\/div>\n<div><strong>Anwar Aslim<\/strong><\/div>\n<div><strong>Cheikh Samih Suleiman Muhammad Aliwi<\/strong><\/div>\n<div><strong>Munir Abdullah al-Faqawi<\/strong><\/div>\n<div><strong>Yassin Mounir al-Faqawi<\/strong><\/div>\n<div><strong>Mohammed Abdel-Rahman Idris<\/strong><\/div>\n<div><strong>Mohammed Anwar Labad<\/strong><\/div>\n<div><strong>Alaa Marwan Hamza al-Mahlawi<\/strong><\/div>\n<div><strong>Mohammed Walid Hussein Al-Aref<\/strong><\/div>\n<div><strong>Mohammed Rashid Sa\u00efd Al-Akka<\/strong><\/div>\n<div><strong>Ashraf Mohammed Abou Warda<\/strong><\/div>\n<div><strong>Motaz Mahmoud Abou Zneid<\/strong><\/div>\n<div><strong>Moussaab Hani Haniyeh<\/strong><\/div>\n<div><strong>Ali Ashour Ali Al Batsh<\/strong><\/div>\n<div><strong>Tayseer Sababa Abou Al Saeed<\/strong><\/div>\n<div><strong>Khalil Haniyeh<\/strong><\/div>\n<div><strong>Ayman Abdel-Hadi Qudaih<\/strong><\/div>\n<div><strong>Mohammed Yassine Jabr<\/strong><\/div>\n<div><strong>Raafat Adnan Abou Fannouneh<\/strong><\/div>\n<div><strong>Khaled Mahmoud Qassem Abdallah<\/strong><\/div>\n<div>\n<p><strong>Walid Khaled Ahmad<\/strong>En plus de ces prisonniers martyrs, au moins deux autres travailleurs de Gaza, assassin\u00e9s en prison par le r\u00e9gime sioniste, n\u2019ont pas \u00e9t\u00e9 identifi\u00e9s jusqu\u2019\u00e0 maintenant.<\/p>\n<p>Les prisonniers lib\u00e9r\u00e9s suivants sont tomb\u00e9s en martyr presque imm\u00e9diatement apr\u00e8s leur lib\u00e9ration, victimes de torture et du refus de soins m\u00e9dicaux, ou, dans le cas de Kazem Zawahreh, suite \u00e0 l\u2019\u00e9change de prisonnier\u2022es, apr\u00e8s lequel il a \u00e9t\u00e9 renvoy\u00e9 dans un h\u00f4pital palestinien dans le coma.<\/p>\n<p><strong>Rami Attiya Jumaa Abu Mustafa<\/strong><\/p>\n<\/div>\n<div><strong>Farouk Ahmed Issa Khatib<\/strong><\/div>\n<div>\n<p><strong>Kazem Issa Zawahreh<\/strong>Apr\u00e8s sa lib\u00e9ration, la prisonni\u00e8re\u00a0<strong>Wafaa Jarrar<\/strong>\u00a0a \u00e9galement succomb\u00e9 \u00e0 ses graves blessures, post\u00e9rieures \u00e0 son arrestation par le r\u00e9gime sioniste, qui lui a refus\u00e9 les soins m\u00e9dicaux dont elle avait besoin lors de son incarc\u00e9ration, causant son martyr.<\/p>\n<p>Cette longue liste, t\u00e9moigne des multiples formes de violences, abus et agressions commises par le r\u00e9gime sioniste, notamment le refus de soins m\u00e9dicaux, les tortures physiques, psychologiques et sexuelles, la famine et la malnutrition, ainsi que le refus de visites des familles et des avocats. L\u2019emprisonnement des Palestinien\u2022nes a toujours \u00e9t\u00e9 une forme de \u00ab mort lente \u00bb, compte tenu du recours syst\u00e9matique \u00e0 la n\u00e9gligence m\u00e9dicale par l\u2019occupation ; Cependant, elle s\u2019est clairement intensifi\u00e9e depuis le 7 octobre et s\u2019inscrit dans la continuit\u00e9 du g\u00e9nocide en cours, avec des exemples tels que Walid Daqqah, l\u2019\u00e9crivain palestinien, combattant de la libert\u00e9 et intellectuel r\u00e9volutionnaire, martyris\u00e9 le 7 avril 2024 apr\u00e8s le refus d\u00e9lib\u00e9r\u00e9 de soins m\u00e9dicaux appropri\u00e9s et de ses demandes de lib\u00e9ration successives ; et Mohammed Walid Hussein Ali al-Aref, originaire du camp de Nour Shams \u00e0 Tulkarem, martyris\u00e9 le 4 d\u00e9cembre 2024 apr\u00e8s avoir \u00e9t\u00e9 enlev\u00e9 \u00e0 son domicile et battu, dans le cadre du ciblage de la r\u00e9sistance \u00e0 Tulkarem, J\u00e9nine et Tubas. Si le r\u00e9gime sioniste les a laiss\u00e9 mourir, et qu\u2019il s\u2019est rendu pleinement responsables de leur martyr, c\u2019est qu\u2019il entendait les exclure de l\u2019environnement politique et social palestinien, et empecher leur participation future \u00e0 la lutte de lib\u00e9ration nationale.<\/p>\n<p>Plus r\u00e9cemment, l\u2019enfant prisonnier palestino-br\u00e9silien, Walid Khaled Ahmed, originaire de Silwad, \u00e2g\u00e9 de 17 ans (l\u2019un des \u00ab lionceaux \u00bb et des \u00ab fleurs \u00bb du mouvement des prisonnier\u2022es, ces gar\u00e7ons et filles, enfants et adolescent\u2022es emprisonn\u00e9\u2022es, enlev\u00e9\u2022es de chez eux\u2022elles lors de raids nocturnes violents, priv\u00e9\u2022es d\u2019\u00e9ducation et soumis\u2022es \u00e0 la torture), a \u00e9t\u00e9 martyris\u00e9 dans les prisons sionistes.<\/p>\n<\/div>\n<div>\n<p>Son corps pr\u00e9sentait des signes \u00e9vidents de famine, de malnutrition, de gale ainsi que d\u2019infections caus\u00e9es par les aliments insalubres ; en effet le r\u00e9gime d\u2019occupation refusait de r\u00e9frig\u00e9rer les aliments pendant la journ\u00e9e lors du mois sacr\u00e9 de Ramadan.La quasi-totalit\u00e9 des corps des prisonniers martyrs continuent d\u2019\u00eatre d\u00e9tenus par l\u2019occupation, parmi les centaines de corps de martyrs palestinien\u2022nes qui ont \u00e9t\u00e9 d\u00e9lib\u00e9r\u00e9ment retenus par l\u2019occupation pendant des d\u00e9cennies : de la combattante embl\u00e9matique Dalal al-Mughrabi jusqu\u2019au martyr Cheikh Khader Adnan en passant par l\u2019\u00e9crivain et r\u00e9volutionnaire Walid Daqqah. L\u2019emprisonnement des corps des martyrs vise \u00e0 imposer une punition collective aux familles et \u00e0 leur communaut\u00e9, qu\u2019ils aimaient plus que tout, \u00e0 qui le r\u00e9gime sioniste prive de leur dire adieu, et \u00e0 les garder en otage pour obtenir des concessions de la r\u00e9sistance palestinienne dans le cadre d\u2019un \u00e9change de prisonnier\u2022es.<\/p>\n<p><b>Prisonnier\u2022es palestinien\u2022nes et R\u00e9sistance<\/b><\/p>\n<p>Bien s\u00fbr, la Journ\u00e9e des prisonnier\u2022es palestinien\u2022nes ne comm\u00e9more pas seulement les terribles tortures et abus subis par les Palestinien\u2022nes emprisonn\u00e9\u2022es, mais c\u00e9l\u00e8bre \u00e9galement leur leadership et leur implication au sein de la r\u00e9sistance palestinienne. Le mouvement des prisonnier\u2022es palestinien\u2022nes remonte \u00e0 l\u2019\u00e9poque de la colonisation britannique de la Palestine, lorsque les prisonnier\u2022es de la r\u00e9sistance palestinienne, qui s\u2019opposaient au colonialisme britannique et sioniste, \u00e9taient emprisonn\u00e9s et ex\u00e9cut\u00e9s. Les prisonnier\u2022es ont fait naitre de la po\u00e9sie, de la musique, de l\u2019art et se sont organis\u00e9\u2022es politiquement, cr\u00e9ant une \u00e9cole de la r\u00e9sistance et de d\u00e9termination derri\u00e8re les barreaux, depuis les premiers camps de travaux forc\u00e9s sionistes pendant la Nakba jusqu\u2019aux institutions organis\u00e9es du mouvement des prisonnier\u2022es \u00e0 l\u2019\u00e8re moderne de la r\u00e9volution palestinienne.<\/p>\n<p>Dans les cellules et les tentes des prisons, les prisonniers palestiniens ont construit un mouvement qui a transform\u00e9 les cachots sionistes en \u00e9coles r\u00e9volutionnaires. Ce n\u2019est pas un hasard si des g\u00e9n\u00e9rations de dirigeant\u2022es de la r\u00e9sistance et de la r\u00e9volution palestinienne ont pass\u00e9 des ann\u00e9es incarc\u00e9r\u00e9\u2022es dans les prisons sionistes, parmi leurs camarades, et si l\u2019entit\u00e9 sioniste cherche constamment \u00e0 les maintenir \u00e0 l\u2019isolement, \u00e0 les s\u00e9parer de leur peuple, du mouvement de r\u00e9sistance mondial et de son berceau populaire international.<\/p>\n<p>Toutes les organisations politiques palestiniennes ont d\u00e9velopp\u00e9 des structures solides au sein des prisons, o\u00f9 les cadres \u00e9changent, d\u00e9veloppent leur r\u00e9flexion et leur capacit\u00e9 d\u2019action de mani\u00e8re strat\u00e9gique et organis\u00e9e. Les dirigeants de la r\u00e9volution et de la r\u00e9sistance palestiniennes derri\u00e8re les barreaux, parmi lesquels Ahmad Sa\u2019adat, Marwan Barghouti, Abdullah Barghouti, Ibrahim Hamed, Hassan Salameh, Bassem Khandakji et Abbas al-Sayyed, continuent non seulement d\u2019incarner un leadership issu de la lutte, de la pers\u00e9v\u00e9rance et de la r\u00e9sistance dans les circonstances les plus difficiles, mais ils constituent \u00e9galement de mani\u00e8re pratique, ce leadership de la cause palestinienne et de la r\u00e9sistance mondiale et globale. Le leader martyr Yahya Sinwar a d\u00e9crit ce ph\u00e9nom\u00e8ne dans son roman \u00ab L\u2019\u00c9pine et l\u2019\u0152illet \u00bb, \u00e9crit et publi\u00e9 alors qu\u2019il purgeait quatre peines de prison \u00e0 perp\u00e9tuit\u00e9 \u00e0 la prison de Bir al-Saba en 2003, d\u00e9crivant les \u00e9v\u00e9nements de la grande Intifada populaire :<\/p>\n<p><i>\u201cLa prison s\u2019est transform\u00e9e en une universit\u00e9, enseignant la culture et les arts de l\u2019Intifada. Sous une tente se tenait un cours sur l\u2019histoire de la cause palestinienne ; sous une autre, un cours sur la r\u00e9pression et les m\u00e9thodes d\u2019interrogatoire ; sous une troisi\u00e8me, une discussion sur la jurisprudence de la lutte et du martyre. Des cours d\u2019alphab\u00e9tisation, de calligraphie arabe, etc., \u00e9taient dispens\u00e9s. Les jeunes hommes entraient en prison analphab\u00e8tes et en sortaient au bout de six mois, sachant lire et \u00e9crire, dot\u00e9s des comp\u00e9tences n\u00e9cessaires \u00e0 leur cause.\u201d<\/i><\/p>\n<p>Des groupes d\u2019amis, dans diff\u00e9rents quartiers ou mosqu\u00e9es, planifiaient leurs activit\u00e9s pour leur lib\u00e9ration, jurant de poursuivre et de d\u00e9velopper l\u2019Intifada\u2026 La prison du N\u00e9guev, qui abritait des dizaines de milliers de d\u00e9tenus, s\u2019est transform\u00e9e en une v\u00e9ritable acad\u00e9mie. Des vagues de jeunes sont entr\u00e9s et ont obtenu leur dipl\u00f4me, \u00e9tudiant, acqu\u00e9rant de l\u2019exp\u00e9rience et \u00e9changeant leurs connaissances.<\/p>\n<p>Les prisonnier\u2022es palestinien\u2022nes demeurent la boussole de la lutte pour la lib\u00e9ration et le retour. Leur lib\u00e9ration est si urgente et essentielle pour le peuple palestinien qu\u2019elle demeure une priorit\u00e9 absolue de la r\u00e9sistance palestinienne, d\u00e9clenchant des op\u00e9rations visant \u00e0 obtenir un \u00e9change de prisonnier\u2022es. Il a \u00e9t\u00e9 d\u00e9montr\u00e9 \u00e0 maintes reprises que la seule fa\u00e7on pour les Palestinien\u2022nes d\u2019obtenir la lib\u00e9ration de leurs prisonnier\u2022es est de proc\u00e9der \u00e0 des \u00e9changes avec l\u2019occupation en capturant des soldats et des colons sionistes et en les d\u00e9tenant comme prisonnier\u2022es de guerre de la R\u00e9sistance.<\/p>\n<p>Plus r\u00e9cemment, 1 777 prisonnier\u2022es palestinien\u2022nes ont \u00e9t\u00e9 lib\u00e9r\u00e9\u2022es lors de l\u2019\u00e9change de Toufan al-Ahrar, dans le cadre de la premi\u00e8re \u00e9tape du cessez-le-feu \u00e0 Gaza, dont le r\u00e9gime sioniste a refus\u00e9 d\u2019appliquer les \u00e9tapes ult\u00e9rieures, arrach\u00e9 par la R\u00e9sistance palestinienne et la fi\u00e8re et in\u00e9branlable population de Gaza. Parmi eux\u2022elles, des centaines de prisonniers condamn\u00e9s \u00e0 perp\u00e9tuit\u00e9 ou \u00e0 de longues peines, ont exprim\u00e9 leur amour et leur admiration pour le peuple de Gaza et la R\u00e9sistance, pour les immenses sacrifices et la souffrance endur\u00e9e dans la lutte pour la lib\u00e9ration des prisonnier\u2022es et de toute la Palestine.<\/p>\n<p>\u00c0 l\u2019heure o\u00f9 le r\u00e9gime sioniste, les \u00c9tats-Unis et leurs homologues imp\u00e9rialistes britanniques, fran\u00e7ais, allemands et canadiens \u2013 sans parler des r\u00e9gimes r\u00e9actionnaires arabes qu\u2019ils soutiennent et avec lesquels ils s\u2019allient, comme l\u2019\u00c9gypte et les \u00c9mirats arabes unis \u2013 exigent le d\u00e9sarmement de la r\u00e9sistance, il est clair que seules les armes de la r\u00e9sistance ont lib\u00e9r\u00e9 les prisonnier\u2022es, les tortur\u00e9\u2022es et les opprim\u00e9\u2022es des cachots de l\u2019occupant.<\/p>\n<p>Toute attaque contre les armes de la r\u00e9sistance est une attaque contre les prisonnier\u2022es palestinien\u2022nes et contre le peuple palestinien dans son ensemble. Leurs armes sont l\u00e9gitimes et leur droit \u00e0 la lutte arm\u00e9e est garanti par le droit international et les principes fondamentaux de l\u2019humanit\u00e9. Cette attaque est vise \u00e0 permettre et ent\u00e9riner le projet de colonisation imp\u00e9rialiste et ill\u00e9gitime sur tout le territoire Palestinien et \u00e0 achever le g\u00e9nocide en cours. En r\u00e9alit\u00e9, c\u2019est cette entit\u00e9 ill\u00e9gitime qui devrait \u00eatre d\u00e9pouill\u00e9e de ses armes et de son mat\u00e9riel militaire \u2013 \u00a0 souvent obtenu aupr\u00e8s des \u00c9tats-Unis et de ses alli\u00e9s imp\u00e9rialistes \u2013 et ses responsables devraient \u00eatre tenus responsables de leurs nombreux crimes contre l\u2019humanit\u00e9. Seules les armes de la r\u00e9sistance, de la Palestine au Liban en passant par le Y\u00e9men, soutenues par les actions et mobilisations\u00a0du berceau populaire r\u00e9gional et international de la r\u00e9sistance, du boycott \u00e0 l\u2019action directe, peuvent assurer la fin de ce r\u00e9gime ill\u00e9gitime.<\/p>\n<p>Nous soulignons en outre l\u2019importance de lib\u00e9rer les prisonniers palestiniens emprisonn\u00e9s par l\u2019Autorit\u00e9 palestinienne \u00e0 Ramallah pour leur r\u00f4le dans la r\u00e9sistance \u00e0 l\u2019occupation. Alors que le r\u00e9gime sioniste assi\u00e8ge, expulse les r\u00e9fugi\u00e9\u2022es palestinien\u2022nes et d\u00e9truit des habitations \u00e0 J\u00e9nine, Tulkarem, Tubas, Naplouse et dans toute la Cisjordanie occup\u00e9e, des centaines de Palestinien\u2022es ont \u00e9t\u00e9 enlev\u00e9\u2022es, tortur\u00e9\u2022es et restent emprisonn\u00e9\u2022es par l\u2019AP, notamment des dirigeants \u00e9tudiants, des militants sociaux, des r\u00e9sistants \u2013 et m\u00eame des personnes ayant organis\u00e9 des manifestations en hommage au martyr Sayyed Hassan Nasrallah ou particip\u00e9 \u00e0 la gr\u00e8ve mondiale pour Gaza d\u00e9but avril. Cet emprisonnement des militant\u2022es et combattants palestinien\u2022nes s\u2019inscrit dans le cadre de la \u00ab coordination s\u00e9curitaire \u00bb avec le r\u00e9gime sioniste, qui est une collaboration directe avec l\u2019ennemi en pleine p\u00e9riode de g\u00e9nocide. Il s\u2019inscrit dans le cadre des efforts de l\u2019AP pour priver les familles des prisonnier\u2022es palestinien\u2022nes de leur soutien financier et de le remplacer par des \u0153uvres caritatives privatis\u00e9es.<\/p>\n<p><b>La lutte internationale pour la lib\u00e9ration des prisonnier\u2022es du sionisme et de l\u2019imp\u00e9rialisme<\/b><\/p>\n<p>\u00c0 l\u2019occasion de la Journ\u00e9e des prisonnier\u2022es palestinien\u2022nes, nous r\u00e9affirmons la d\u00e9claration de 2022 des prisonnier\u2022es palestinien\u2022nes incarc\u00e9r\u00e9\u2022es dans les prisons de l\u2019occupation, en solidarit\u00e9 avec tous les prisonnier\u2022es r\u00e9volutionnaires incarc\u00e9r\u00e9\u2022es dans les prisons imp\u00e9rialistes :<\/p>\n<p><em>\u00a0\u00ab Notre lutte de lib\u00e9ration a \u00e9t\u00e9 et demeure partie int\u00e9grante de la lutte internationale contre les forces colonialistes, imp\u00e9rialistes, sionistes et r\u00e9actionnaires. Par cons\u00e9quent, nous saluons tous\u2022tes les prisonnier\u2022es politiques dans le monde entier, la lutte du mouvement de lib\u00e9ration des Noir\u2022es en Am\u00e9rique, la lutte des peuples autochtones pour leur autod\u00e9termination et leur lib\u00e9ration, ainsi que toutes les forces de lib\u00e9ration dans le monde, et nous appelons au renforcement des liens entre ces mouvements et toutes les communaut\u00e9s palestiniennes en exil et en diaspora. \u00bb\u00a0<\/em><\/p>\n<p>Que la Journ\u00e9e des prisonnier\u2022es palestinien\u2022nes soit aussi l\u2019occasion d\u2019exiger la lib\u00e9ration de tous\u2022tes les prisonnier\u2022es de la cause palestinienne, de la lutte de lib\u00e9ration et de la r\u00e9sistance d\u00e9tenu\u2022es dans les prisons des \u00c9tats imp\u00e9rialistes et r\u00e9actionnaires : Georges Ibrahim Abdallah, le communiste arabe libanais, combattant de la r\u00e9sistance Palestinienne, emprisonn\u00e9 depuis 40 ans en France et attendant sa libert\u00e9 longtemps refus\u00e9e ; Anan Yaeesh, Ali Arar et Mansour Doghmosh, pers\u00e9cut\u00e9s en Italie dans une nouvelle attaque contre la r\u00e9sistance palestinienne ; les Filton 18 et tous\u2022tes \u00a0les prisonnier\u2022es de Palestine Action dans les prisons britanniques, emprisonn\u00e9s pour avoir agi de mani\u00e8re concr\u00e8te pour arr\u00eater la machine de guerre ; Ghassan Elashi et Shukri Abu Baker des Holy Land Five, purgeant des peines de 65 ans dans des prisons f\u00e9d\u00e9rales am\u00e9ricaines pour avoir apport\u00e9 un soutien caritatif \u00e0 la Palestine ; Mahmoud Khalil, Rumeysa Ozturk, Badar Khan Suri, Mohsen Mahdawi, Yunseo Chung, Leqaa Kordia et les quatre \u00e9tudiants internationaux emprisonn\u00e9s en Allemagne par les services d\u2019immigration imp\u00e9rialistes pour avoir d\u00e9fendu la Palestine, ainsi que tous\u2022tes celles et ceux emprisonn\u00e9\u2022es, r\u00e9prim\u00e9\u2022es et criminalis\u00e9\u2022es en raison de leur engagement en faveur de la lib\u00e9ration.<\/p>\n<p>\u00c0 cette occasion, nous r\u00e9it\u00e9rons notre demande de suppression des \u00ab listes d\u2019organisations terroristes \u00bb des puissances imp\u00e9rialistes, utilis\u00e9es presque exclusivement pour r\u00e9primer les mouvements de lib\u00e9ration mondiaux, s\u00e9parer les personnes en exil et en diaspora de leurs peuples en lutte, criminaliser la r\u00e9sistance arm\u00e9e l\u00e9gitime au regard du droit international et diaboliser la parole et l\u2019organisation en faveur de la lib\u00e9ration palestinienne et de la lutte anti-imp\u00e9rialiste. Il est plus que temps d\u2019exiger le retrait imm\u00e9diat du Hamas, du Jihad islamique palestinien, du Front populaire de Lib\u00e9ration de la Palestine, des Brigades des martyrs d\u2019Al-Aqsa, du Hezbollah et d\u2019AnsarAllah de ces \u00ab listes terroristes \u00bb. Ces organisations se consacrent \u00e0 l\u2019autod\u00e9fense et \u00e0 la lib\u00e9ration nationale et oeuvrent \u00e0 la d\u00e9fense de notre humanit\u00e9 commune, en luttant contre le g\u00e9nocide imp\u00e9rialiste-sioniste.<\/p>\n<p>Parall\u00e8lement, Samidoun a \u00e9t\u00e9 interdite, d\u00e9sign\u00e9e organisation terroriste et sanctionn\u00e9e par le r\u00e9gime sioniste, l\u2019Allemagne, le Canada et les \u00c9tats-Unis \u2013 avec des demandes d\u2019organisations fascistes et sionistes pour \u00e9tendre cette pratique en Belgique, aux Pays-Bas, en France et ailleurs \u2013 dans le but de saper le soutien populaire \u00e0 la R\u00e9sistance en Palestine et dans toute la r\u00e9gion, de semer la peur et la terreur et en essayant d\u2019invisibiliser le mouvement des prisonnier\u2022es \u2022nes et la R\u00e9sistance, et de saper le mouvement mondial croissant pour mettre fin au g\u00e9nocide et soutenir la lib\u00e9ration de la Palestine du fleuve \u00e0 la mer. Ces sanctions tentent de briser le berceau populaire de la r\u00e9sistance au niveau international par la criminalisation, la r\u00e9pression et l\u2019emprisonnement, et il est de notre responsabilit\u00e9 de nous efforcer d\u2019\u00eatre \u00e0 la hauteur de l\u2019exemple de pers\u00e9v\u00e9rance donn\u00e9 quotidiennement par le mouvement des prisonnier\u2022es palestinien\u2022nes dans les conditions les plus horribles.<\/p>\n<p>\u00c0 l\u2019occasion de la Journ\u00e9e des prisonnier\u2022es palestinien\u2022nes, nous appelons chacun\u2022e \u00e0 agir, \u00e0 se mobiliser et \u00e0 s\u2019organiser pour la lib\u00e9ration des prisonnier\u2022es palestinien\u2022nes et plus g\u00e9n\u00e9ralement de toute la Palestine ; \u00e0 d\u00e9fendre les armes de la r\u00e9sistance, ainsi que le droit l\u00e9gitime du peuple palestinien de r\u00e9sister ; \u00e0 rejeter la politique de terreur d\u2019\u00c9tat des puissances imp\u00e9rialistes en s\u2019opposant clairement aux appellations de \u00ab terrorisme \u00bb et en soutenant les forces de la r\u00e9sistance qui d\u00e9fendent notre humanit\u00e9 commune face au g\u00e9nocide en cours. La lib\u00e9ration des prisonnier\u2022es palestinien\u2022nes est une \u00e9tape n\u00e9cessaire de la lib\u00e9ration de la terre et du peuple palestiniens du colonialisme sioniste, et plus largement de la nation arabe et de la r\u00e9gion de l\u2019imp\u00e9rialisme. Chaque jour, les prisonnier\u2022es palestinien\u2022nes luttent derri\u00e8re les barreaux, tout comme le peuple palestinien fait face au g\u00e9nocide ; en ce jour, construisons le berceau populaire international de la r\u00e9sistance, jusqu\u2019\u00e0 ce que chaque prisonnier\u2022e soit lib\u00e9r\u00e9\u2022e et que la Palestine soit libre, du fleuve \u00e0 la mer.<\/p>\n<p><a href=\"https:\/\/samidoun.net\/fr\/2025\/04\/journee-des-prisonnieres-palestiniennes-2025-luttons-pour-la-liberation-et-contre-le-genocide-imperialiste-sioniste\/\">SOURCE<\/a><\/p>\n<\/div>\n","protected":false},"excerpt":{"rendered":"<p>Luttons pour la lib\u00e9ration et contre le g\u00e9nocide imp\u00e9rialiste \u2013 sioniste ! Le 17 avril est la Journ\u00e9e des prisonnier\u2022es palestinien\u2022es : journ\u00e9e internationale annuelle consacr\u00e9e \u00e0 la lutte et \u00e0 la lib\u00e9ration des Palestinien\u2022nes emprisonn\u00e9\u2022es. Cette ann\u00e9e, pour la deuxi\u00e8me ann\u00e9e cons\u00e9cutive, cette journ\u00e9e a lieu au plus fort de l\u2019escalade du g\u00e9nocide am\u00e9ricano-sioniste &#8230; <a title=\"Journ\u00e9e des prisonnier\u2022es palestinien\u2022nes 2025\" class=\"read-more\" href=\"https:\/\/bruxelles-pantheres.be\/?p=6299\" aria-label=\"En savoir plus sur Journ\u00e9e des prisonnier\u2022es palestinien\u2022nes 2025\">Lire la suite<\/a><\/p>\n","protected":false},"author":1,"featured_media":6025,"comment_status":"open","ping_status":"open","sticky":false,"template":"","format":"standard","meta":{"footnotes":""},"categories":[21,6,8,18],"tags":[566],"class_list":["post-6299","post","type-post","status-publish","format-standard","has-post-thumbnail","hentry","category-anti-imperialisme","category-palestine-moyen-orient","category-prisons","category-resistance-bruxelles","tag-samidoun"],"_links":{"self":[{"href":"https:\/\/bruxelles-pantheres.be\/index.php?rest_route=\/wp\/v2\/posts\/6299","targetHints":{"allow":["GET"]}}],"collection":[{"href":"https:\/\/bruxelles-pantheres.be\/index.php?rest_route=\/wp\/v2\/posts"}],"about":[{"href":"https:\/\/bruxelles-pantheres.be\/index.php?rest_route=\/wp\/v2\/types\/post"}],"author":[{"embeddable":true,"href":"https:\/\/bruxelles-pantheres.be\/index.php?rest_route=\/wp\/v2\/users\/1"}],"replies":[{"embeddable":true,"href":"https:\/\/bruxelles-pantheres.be\/index.php?rest_route=%2Fwp%2Fv2%2Fcomments&post=6299"}],"version-history":[{"count":2,"href":"https:\/\/bruxelles-pantheres.be\/index.php?rest_route=\/wp\/v2\/posts\/6299\/revisions"}],"predecessor-version":[{"id":6301,"href":"https:\/\/bruxelles-pantheres.be\/index.php?rest_route=\/wp\/v2\/posts\/6299\/revisions\/6301"}],"wp:featuredmedia":[{"embeddable":true,"href":"https:\/\/bruxelles-pantheres.be\/index.php?rest_route=\/wp\/v2\/media\/6025"}],"wp:attachment":[{"href":"https:\/\/bruxelles-pantheres.be\/index.php?rest_route=%2Fwp%2Fv2%2Fmedia&parent=6299"}],"wp:term":[{"taxonomy":"category","embeddable":true,"href":"https:\/\/bruxelles-pantheres.be\/index.php?rest_route=%2Fwp%2Fv2%2Fcategories&post=6299"},{"taxonomy":"post_tag","embeddable":true,"href":"https:\/\/bruxelles-pantheres.be\/index.php?rest_route=%2Fwp%2Fv2%2Ftags&post=6299"}],"curies":[{"name":"wp","href":"https:\/\/api.w.org\/{rel}","templated":true}]}}