{"id":6306,"date":"2025-05-15T09:11:56","date_gmt":"2025-05-15T08:11:56","guid":{"rendered":"https:\/\/bruxelles-pantheres.be\/?p=6306"},"modified":"2025-05-14T21:20:36","modified_gmt":"2025-05-14T20:20:36","slug":"declaration-sur-la-nakba-en-cours-1948-2025","status":"publish","type":"post","link":"https:\/\/bruxelles-pantheres.be\/?p=6306","title":{"rendered":"D\u00e9claration sur la Nakba en cours, 1948-2025"},"content":{"rendered":"<p><em>Le D\u00e9luge d\u2019Al-Aqsa a transpos\u00e9 le droit au retour et \u00e0 la lib\u00e9ration du domaine de l\u2019Histoire vers celui d\u2019une possibilit\u00e9 r\u00e9aliste<\/em><\/p>\n<p><em>L\u2019entit\u00e9 sioniste se l\u00e9zarde de l\u2019int\u00e9rieur et \u00ab\u00a0Isra\u00ebl\u00a0\u00bb n\u2019a de l\u00e9gitimit\u00e9 sur aucune partie de la Palestine<\/em><\/p>\n<p><em>Vers la mise en place d\u2019un front national unifi\u00e9 dirig\u00e9 par la r\u00e9sistance, le mouvement des prisonniers et les nouvelles g\u00e9n\u00e9rations r\u00e9volutionnaires<\/em><\/p>\n<p><!--more--><\/p>\n<p><a href=\"https:\/\/bruxelles-pantheres.be\/wp-content\/uploads\/2021\/05\/186466709_10157840953275741_8098084206311115557_n.jpg\"><img decoding=\"async\" class=\"aligncenter wp-image-4790 size-full\" src=\"https:\/\/bruxelles-pantheres.be\/wp-content\/uploads\/2021\/05\/186466709_10157840953275741_8098084206311115557_n.jpg\" alt=\"\" width=\"695\" height=\"788\" srcset=\"https:\/\/bruxelles-pantheres.be\/wp-content\/uploads\/2021\/05\/186466709_10157840953275741_8098084206311115557_n.jpg 695w, https:\/\/bruxelles-pantheres.be\/wp-content\/uploads\/2021\/05\/186466709_10157840953275741_8098084206311115557_n-265x300.jpg 265w\" sizes=\"(max-width: 695px) 100vw, 695px\" \/><\/a><\/p>\n<table role=\"presentation\" border=\"0\" width=\"100%\" cellspacing=\"0\" cellpadding=\"10\">\n<tbody>\n<tr>\n<td>\n<div>\n<p>Le Comit\u00e9 ex\u00e9cutif de Masar Badil, le Mouvement alternatif palestinien de la voie r\u00e9volutionnaire, affirme que le 77e anniversaire de la Nakba arabe en Palestine occup\u00e9e aura lieu cette ann\u00e9e alors que des transformations majeures affectent la cause palestinienne, la r\u00e9gion arabe et le monde, qu\u2019un g\u00e9nocide est en cours et que des massacres sont perp\u00e9tr\u00e9s chaque jour par les forces d\u2019occupation sionistes \u2013 avec le soutien de l\u2019imp\u00e9rialisme am\u00e9ricain et de ses alli\u00e9s \u2013 contre notre peuple in\u00e9branlable dans la bande de Gaza, en Cisjordanie, \u00e0 J\u00e9rusalem et dans la totalit\u00e9 de la Palestine occup\u00e9e.<\/p>\n<p>Les \u00e9v\u00e9nements qui ont eu lieu \u00e0 l\u2019aube du 7 octobre 2023, le D\u00e9luge d\u2019Al-Aqsa, ont eu l\u2019effet d\u2019un s\u00e9isme retentissant dans la structure du syst\u00e8me politique et militaire sioniste et ce, \u00e0 de multiples niveaux. Ils ont plong\u00e9 l\u2019ennemi, ses institutions et sa soci\u00e9t\u00e9 dans un tunnel obscur d\u2019o\u00f9 ils n\u2019\u00e9mergeront qu\u2019au travers d\u2019une d\u00e9faite strat\u00e9gique d\u00e9finitive, dont les signes, progressivement, deviennent de plus en plus manifestes. La v\u00e9ritable nature de l\u2019entit\u00e9 sioniste et de son projet colonial de peuplement a \u00e9t\u00e9 r\u00e9v\u00e9l\u00e9e au monde entier\u00a0; tous les masques sont tomb\u00e9s et son r\u00f4le fonctionnel a \u00e9t\u00e9 d\u00e9nonc\u00e9 en tant que base coloniale occidentale au c\u0153ur de notre patrie arabe, une base qui fait office de chien de gardes des int\u00e9r\u00eats am\u00e9ricains et europ\u00e9ens. Le sort de cette entit\u00e9 criminelle r\u00e9side in\u00e9vitablement dans la d\u00e9faite. Elle n\u2019a pas le droit d\u2019exister ni de revendiquer la moindre l\u00e9gitimit\u00e9 sur quelque partie que ce soit de la Palestine historique, du fleuve \u00e0 la mer.<\/p>\n<p>Nous adressons nos salutations militantes \u00e0 notre peuple palestinien en lutte aussi bien dans sa patrie qu\u2019en exil et dans la diaspora, et particuli\u00e8rement dans la bande de Gaza assi\u00e9g\u00e9e qui doit affronter quotidiennement les massacres sionistes soutenus par des armes de l\u2019Occident et le silence arabe officiel. Il r\u00e9siste avec sa chair nue aux mesures d\u2019affamement, \u00e0 la soif, au si\u00e8ge, aux massacres et aux assassinats. Le mouvement a affirm\u00e9 que ces crimes ne dissuaderaient pas notre peuple de poursuivre sa progression sur la voie de la r\u00e9sistance et de la lib\u00e9ration. Le jour viendra \u2013 in\u00e9vitablement \u2013 o\u00f9 les criminels de guerre sionistes et ceux qui les soutiennent seront jug\u00e9s devant les tribunaux r\u00e9volutionnaires palestiniens.<\/p>\n<p>Le mouvement a \u00e9galement salu\u00e9 les courageuses brigades et unit\u00e9s de la r\u00e9sistance palestinienne dans la bande de Gaza et en Cisjordanie occup\u00e9e, en faisant remarquer que la r\u00e9sistance arm\u00e9e palestinienne avait accumul\u00e9 une riche exp\u00e9rience de lutte, forg\u00e9e avec son sang et d\u2019immenses sacrifices, via l\u2019action strat\u00e9gique, l\u2019intelligence, le labeur et la volont\u00e9 dans les ar\u00e8nes de la confrontation, sur les champs de bataille et dans les tunnels de la r\u00e9volution. Cette exp\u00e9rience lui permet d\u2019ass\u00e9ner des coups plus forts \u00e0 cette entit\u00e9 raciste et l\u00e2che et \u00e0 ses hordes de colons. Notre peuple a mis sur pied une r\u00e9sistance pionni\u00e8re respect\u00e9e par les peuples du monde entier \u2013 une r\u00e9sistance nationale et courageuse, dirig\u00e9e par des combattants imbus des valeurs r\u00e9volutionnaires et de l\u2019\u00e9thique humaine, en train de devenir l\u2019avant-garde des nations arabes et islamiques et la ligne de front d\u2019un front mondial contre l\u2019imp\u00e9rialisme, le colonialisme, le sionisme et le fascisme. Elle est devenue une \u00e9p\u00e9e suspendue au-dessus des t\u00eates des normalisateurs, des collaborateurs et de tous ceux qui ont brad\u00e9 leurs consciences et leurs souvenirs.<\/p>\n<p>La glorieuse op\u00e9ration du \u00ab\u00a0D\u00e9luge d\u2019Al-Aqsa\u00a0\u00bb a transpos\u00e9 l\u2019objectif de la lib\u00e9ration et du retour du domaine de la th\u00e9orie et de l\u2019Histoire vers celui d\u2019une possibilit\u00e9 r\u00e9aliste, op\u00e9rant une unit\u00e9 massive derri\u00e8re la voie de la r\u00e9sistance et faisant s\u2019\u00e9crouler les illusions du peuplement, de la reddition et des concessions. Elle a compl\u00e8tement perturb\u00e9 les calculs des forces de la normalisation et de ceux qui ont abandonn\u00e9 la cause, tout en renfor\u00e7ant\u00a0 la position du camp de la r\u00e9sistance parmi les masses palestiniennes et arabes rassembl\u00e9es autour de la voie du changement r\u00e9volutionnaire et de la lib\u00e9ration nationale et sociale.<\/p>\n<p>Nous saluons la d\u00e9termination l\u00e9gendaire du mouvement des prisonniers palestiniens dans les ge\u00f4les de l\u2019occupation, o\u00f9 ils subissent la torture, la faim et toutes sortes de privations. Le mouvement a fait remarquer que, via la patience et la r\u00e9silience des prisonniers, ces cellules de prison et ces centres de d\u00e9tention s\u2019\u00e9taient mu\u00e9s en forteresses de la lutte et en plates-formes r\u00e9volutionnaires qui d\u00e9noncent la nature de l\u2019ennemi criminel sioniste. Aujourd\u2019hui, les prisonniers incarnent v\u00e9ritablement le mod\u00e8le r\u00e9volutionnaire et les valeurs de l\u2019unit\u00e9 et de la d\u00e9termination et ils sont anim\u00e9s d\u2019une volont\u00e9 de fer. Ils sont l\u2019avant-garde sur la ligne de front de la confrontation quotidienne et ils constituent un leadership l\u00e9gitime et fiable pour notre peuple en Palestine occup\u00e9e et dans la diaspora.<\/p>\n<p>Nous insistons sur la n\u00e9cessit\u00e9 d\u2019unifier le camp de la r\u00e9sistance en Palestine, au Liban, au Y\u00e9men, en Irak et dans toute la patrie arabe, et sur l\u2019importance de renforcer ses capacit\u00e9s politiques, militaires et m\u00e9diatiques. Il est temps qu\u2019apparaisse un cadre politique arabe r\u00e9volutionnaire et unifi\u00e9 s\u2019appuyant sur l\u2019unit\u00e9 des peuples et des forces combattantes afin d\u2019affronter l\u2019entit\u00e9 sioniste et les r\u00e9gimes de la soumission et de la normalisation, \u00e0 une \u00e9poque o\u00f9 la lutte pour revendiquer les droits \u00e0 l\u2019autod\u00e9termination et \u00e0 la souverainet\u00e9 populaire sur les ressources nationales est particuli\u00e8rement importante. La r\u00e9sistance ne se limite pas uniquement au travail des organisations arm\u00e9es d\u00e9di\u00e9es \u00e0 la bataille\u00a0; elle est aussi un projet complet de progr\u00e8s historique et civilisationnel, forg\u00e9 avec des outils en acier qui brisent la d\u00e9pendance et le sous-d\u00e9veloppement et posent les fondations de la renaissance arabe vers une ind\u00e9pendance totale et un futur lib\u00e9r\u00e9.<\/p>\n<p>Masar Badil, le Mouvement alternatif palestinien de la voie r\u00e9volutionnaire, r\u00e9it\u00e8re son affirmation du r\u00f4le central des mouvements des \u00e9tudiants, des jeunes, des femmes, du monde du travail et des universit\u00e9s en Palestine, en exil et dans la diaspora, particuli\u00e8rement dans les universit\u00e9s am\u00e9ricaines, canadiennes et europ\u00e9ennes. En ce moment, nous devons b\u00e2tir de larges alliances afin de soutenir la lutte de notre peuple, encourager les campagnes de boycott et affronter les attaques de l\u2019ennemi sur le plan universitaire, \u00e9conomique, culturel et \u00e0 tous les niveaux. Nous saluons le lancement du\u00a0\u00a0<a href=\"https:\/\/masarbadil.org\/?ns_url=2579&amp;mid=207574&amp;fch=0fce56c0\" target=\"_blank\" rel=\"noopener\" data-saferedirecturl=\"https:\/\/www.google.com\/url?q=https:\/\/masarbadil.org?ns_url%3D2579%26mid%3D207574%26fch%3D0fce56c0&amp;source=gmail&amp;ust=1747336716088000&amp;usg=AOvVaw27VBTohnwFJuB6m27r29DP\">Tariq el-Tahrir Student and Youth Network<\/a>\u00a0(R\u00e9seau Tariq el-Tahrir des \u00e9tudiants et des jeunes) au c\u0153ur m\u00eame du bastion imp\u00e9rialiste, lancement qui co\u00efncide avec le 77e anniversaire de la Nakba.<\/p>\n<p>\u00c0 cette occasion, nous adressons nos salutations r\u00e9volutionnaires particuli\u00e8res aux forces des mouvements mondiaux de solidarit\u00e9 et de lib\u00e9ration qui soutiennent notre peuple. La solidarit\u00e9 internationale r\u00e9volutionnaire est un pilier essentiel dans la mise sur pied d\u2019un mouvement mondial unifi\u00e9 contre le colonialisme, l\u2019imp\u00e9rialisme et le sionisme. Nous insistons en faveur de l\u2019intensification d\u2019un boycott total d\u2019\u00ab\u00a0Isra\u00ebl\u00a0\u00bb et de ses partisans, ciblant en particulier les usines d\u2019armement et les entreprises qui manufacturent la mort, la ruine et la destruction.<\/p>\n<p>La t\u00e2che premi\u00e8re aujourd\u2019hui, au niveau national palestinien, est de faire cesser l\u2019agression g\u00e9nocidaire sioniste-imp\u00e9rialiste contre notre peuple et de mettre sur pied un front national palestinien unifi\u00e9 qui dirigera le projet de la lib\u00e9ration et du retour et qui posera les fondements d\u2019une alternative r\u00e9volutionnaire totale \u00e0 l\u2019autorit\u00e9 \u00ab\u00a0servile\u00a0\u00bb de Ramallah. Le projet de \u00ab\u00a0coordination s\u00e9curitaire\u00a0\u00bb doit tomber aux mains de notre peuple via un si\u00e8ge populaire impos\u00e9 \u00e0 la classe compradore palestinienne qui collabore avec l\u2019occupation et ses projets de liquidation.<\/p>\n<p>Apr\u00e8s 77 ann\u00e9es de Nakba et 77 ann\u00e9es de r\u00e9sistance, notre appel reste immuable\u00a0: Du fleuve \u00e0 la mer, la Palestine sera libre\u00a0!<\/p>\n<\/div>\n<\/td>\n<\/tr>\n<\/tbody>\n<\/table>\n<table role=\"presentation\" border=\"0\" width=\"100%\" cellspacing=\"0\" cellpadding=\"10\">\n<tbody>\n<tr>\n<td>\n<div align=\"center\">\n<table role=\"presentation\" border=\"0\" width=\"75%\" cellspacing=\"0\" cellpadding=\"0\">\n<tbody>\n<tr>\n<td><a href=\"https:\/\/masarbadil.org\/fr\/2025\/05\/5764\/\">\u200aSource<\/a><\/td>\n<\/tr>\n<\/tbody>\n<\/table>\n<\/div>\n<\/td>\n<\/tr>\n<\/tbody>\n<\/table>\n<table class=\"m_-4336416791381327065image_block\" role=\"presentation\" border=\"0\" width=\"100%\" cellspacing=\"0\" cellpadding=\"0\">\n<tbody>\n<tr>\n<td>\n<div align=\"center\"><\/div>\n<\/td>\n<\/tr>\n<\/tbody>\n<\/table>\n","protected":false},"excerpt":{"rendered":"<p>Le D\u00e9luge d\u2019Al-Aqsa a transpos\u00e9 le droit au retour et \u00e0 la lib\u00e9ration du domaine de l\u2019Histoire vers celui d\u2019une possibilit\u00e9 r\u00e9aliste L\u2019entit\u00e9 sioniste se l\u00e9zarde de l\u2019int\u00e9rieur et \u00ab\u00a0Isra\u00ebl\u00a0\u00bb n\u2019a de l\u00e9gitimit\u00e9 sur aucune partie de la Palestine Vers la mise en place d\u2019un front national unifi\u00e9 dirig\u00e9 par la r\u00e9sistance, le mouvement des &#8230; <a title=\"D\u00e9claration sur la Nakba en cours, 1948-2025\" class=\"read-more\" href=\"https:\/\/bruxelles-pantheres.be\/?p=6306\" aria-label=\"En savoir plus sur D\u00e9claration sur la Nakba en cours, 1948-2025\">Lire la suite<\/a><\/p>\n","protected":false},"author":1,"featured_media":5809,"comment_status":"open","ping_status":"open","sticky":false,"template":"","format":"standard","meta":{"footnotes":""},"categories":[1,35,21,36,6,8,18,28,39,5],"tags":[544,344],"class_list":["post-6306","post","type-post","status-publish","format-standard","has-post-thumbnail","hentry","category-non-classe","category-amerique-du-sud","category-anti-imperialisme","category-europe","category-palestine-moyen-orient","category-prisons","category-resistance-bruxelles","category-racismes","category-sans-papier","category-violence-policiere","tag-masar-badil","tag-nakba"],"_links":{"self":[{"href":"https:\/\/bruxelles-pantheres.be\/index.php?rest_route=\/wp\/v2\/posts\/6306","targetHints":{"allow":["GET"]}}],"collection":[{"href":"https:\/\/bruxelles-pantheres.be\/index.php?rest_route=\/wp\/v2\/posts"}],"about":[{"href":"https:\/\/bruxelles-pantheres.be\/index.php?rest_route=\/wp\/v2\/types\/post"}],"author":[{"embeddable":true,"href":"https:\/\/bruxelles-pantheres.be\/index.php?rest_route=\/wp\/v2\/users\/1"}],"replies":[{"embeddable":true,"href":"https:\/\/bruxelles-pantheres.be\/index.php?rest_route=%2Fwp%2Fv2%2Fcomments&post=6306"}],"version-history":[{"count":1,"href":"https:\/\/bruxelles-pantheres.be\/index.php?rest_route=\/wp\/v2\/posts\/6306\/revisions"}],"predecessor-version":[{"id":6307,"href":"https:\/\/bruxelles-pantheres.be\/index.php?rest_route=\/wp\/v2\/posts\/6306\/revisions\/6307"}],"wp:featuredmedia":[{"embeddable":true,"href":"https:\/\/bruxelles-pantheres.be\/index.php?rest_route=\/wp\/v2\/media\/5809"}],"wp:attachment":[{"href":"https:\/\/bruxelles-pantheres.be\/index.php?rest_route=%2Fwp%2Fv2%2Fmedia&parent=6306"}],"wp:term":[{"taxonomy":"category","embeddable":true,"href":"https:\/\/bruxelles-pantheres.be\/index.php?rest_route=%2Fwp%2Fv2%2Fcategories&post=6306"},{"taxonomy":"post_tag","embeddable":true,"href":"https:\/\/bruxelles-pantheres.be\/index.php?rest_route=%2Fwp%2Fv2%2Ftags&post=6306"}],"curies":[{"name":"wp","href":"https:\/\/api.w.org\/{rel}","templated":true}]}}